{"id":20604,"date":"2024-03-21T07:07:00","date_gmt":"2024-03-21T06:07:00","guid":{"rendered":"https:\/\/gorzow.news\/?p=20604"},"modified":"2024-03-21T17:13:33","modified_gmt":"2024-03-21T16:13:33","slug":"w-sobote-wieczorem-przez-godzine-bedzie-ciemniej-zgaszone-zostana-iluminacje-roznych-budynkow-w-miescie","status":"publish","type":"post","link":"https:\/\/gorzow.news\/index.php\/2024\/03\/21\/w-sobote-wieczorem-przez-godzine-bedzie-ciemniej-zgaszone-zostana-iluminacje-roznych-budynkow-w-miescie\/","title":{"rendered":"W sobot\u0119 wieczorem przez godzin\u0119 b\u0119dzie ciemniej. Zgaszone zostan\u0105 iluminacje r\u00f3\u017cnych budynk\u00f3w w mie\u015bcie!"},"content":{"rendered":"\n<p><strong>W najbli\u017csz\u0105 sobot\u0119, 23 marca o godz. 20:30 na ca\u0142ym \u015bwiecie zgasn\u0105 \u015bwiat\u0142a podczas niezwyk\u0142ej akcji zainicjowanej przez organizacj\u0119 ekologiczn\u0105 WWF. Symboliczne zgaszenie \u015bwiat\u0142a na 60 minut b\u0119dzie okazj\u0105 do tego, aby wyrazi\u0107 trosk\u0119 o \u015brodowisko naturalne naszej planety. Po raz kolejny przy\u0142\u0105czy si\u0119 do niej nasze miasto.<\/strong><\/p>\n\n\n\n<p>Podobnie jak w latach poprzednich, 23 marca od godz. 20.30 do 21.30 zgasn\u0105 po raz dwunasty w Gorzowie iluminacje charakterystycznych budowli naszego miasta, jak ko\u015bci\u00f3\u0142 pw. Chrystusa Kr\u00f3la przy ul. Woskowej, Dominanta, Nova Park, Askana, czy Arena Gorz\u00f3w.<\/p>\n\n\n\n<p>Gaszenie \u015bwiate\u0142 podczas \u201eGodziny dla Ziemi WWF\u201d to globalna, najbardziej donios\u0142a i wyrazista akcja setek milion\u00f3w ludzi na ca\u0142ym \u015bwiecie. Przez ten symboliczny gest mo\u017cemy pokaza\u0107, \u017ce los naszej planety nie jest nam oboj\u0119tny. Akcja ta, to nie tylko gaszenie \u015bwiate\u0142 w domach i najwa\u017cniejszych budynkach. Od kilku lat \u201eGodzina dla Ziemi WWF\u201d anga\u017cuje ludzi w rozwi\u0105zywanie konkretnych problem\u00f3w ekologicznych.<\/p>\n\n\n\n<p>Tegoroczna edycja \u201eGodziny dla Ziemi WWF\u201d po\u015bwi\u0119cona jest rzekom. Rzeka to nie tylko woda p\u0142yn\u0105ca w korycie. To co\u015b znacznie cenniejszego. Rzeka to ca\u0142y ekosystem, kt\u00f3ry tej wodzie towarzyszy: ro\u015bliny i zwierz\u0119ta \u017cyj\u0105ce w nurcie rzeki i w jej dolinie oraz te, kt\u00f3re odwiedzaj\u0105 j\u0105 w czasie w\u0119dr\u00f3wek czy tar\u0142a. Rzeki to tak\u017ce dla wielu z nas miejsce do rekreacji. S\u0105 te\u017c naszym dziedzictwem, kt\u00f3re pilnie potrzebuje ochrony. Przez wieloletnie przekszta\u0142cenia, zabudow\u0119 hydrotechniczn\u0105 i antropogeniczne zanieczyszczenia (w tym s\u0142one wody pokopalniane) w dobrym stanie zosta\u0142o zaledwie 1,1% polskich rzek. Polskie rzeki umieraj\u0105 i potrzebuj\u0105 naszego, ludzkiego wsparcia.<\/p>\n","protected":false},"excerpt":{"rendered":"<p>W najbli\u017csz\u0105 sobot\u0119, 23 marca o godz. 20:30 na ca\u0142ym \u015bwiecie zgasn\u0105 \u015bwiat\u0142a podczas niezwyk\u0142ej akcji zainicjowanej przez organizacj\u0119 ekologiczn\u0105 WWF. Symboliczne zgaszenie \u015bwiat\u0142a na 60 minut b\u0119dzie okazj\u0105 do tego, aby wyrazi\u0107 trosk\u0119 o \u015brodowisko naturalne naszej planety. Po raz kolejny przy\u0142\u0105czy si\u0119 do niej nasze miasto. Podobnie jak w latach poprzednich, 23 marca [&hellip;]<\/p>\n","protected":false},"author":1,"featured_media":20605,"comment_status":"open","ping_status":"open","sticky":false,"template":"","format":"standard","meta":{"footnotes":"","_links_to":"","_links_to_target":""},"categories":[597,589],"tags":[1138,2799],"class_list":{"0":"post-20604","1":"post","2":"type-post","3":"status-publish","4":"format-standard","5":"has-post-thumbnail","7":"category-fakty-opinie","8":"category-wiadomosci","9":"tag-godzina-dla-ziemi","10":"tag-wwf"},"yoast_head":"<!-- This site is optimized with the Yoast SEO plugin v27.3 - https:\/\/yoast.com\/product\/yoast-seo-wordpress\/ -->\n<title>W sobot\u0119 wieczorem przez godzin\u0119 b\u0119dzie ciemniej. Zgaszone zostan\u0105 iluminacje r\u00f3\u017cnych budynk\u00f3w w mie\u015bcie! - Gorz\u00f3w News<\/title>\n<meta name=\"description\" content=\"W najbli\u017csz\u0105 sobot\u0119, 23 marca o godz. 20:30 na ca\u0142ym \u015bwiecie zgasn\u0105 \u015bwiat\u0142a podczas niezwyk\u0142ej akcji zainicjowanej przez organizacj\u0119 ekologi\" \/>\n<meta name=\"robots\" content=\"index, follow, max-snippet:-1, max-image-preview:large, max-video-preview:-1\" \/>\n<link rel=\"canonical\" href=\"https:\/\/gorzow.news\/index.php\/2024\/03\/21\/w-sobote-wieczorem-przez-godzine-bedzie-ciemniej-zgaszone-zostana-iluminacje-roznych-budynkow-w-miescie\/\" \/>\n<meta property=\"og:locale\" content=\"pl_PL\" \/>\n<meta property=\"og:type\" content=\"article\" \/>\n<meta property=\"og:title\" content=\"W sobot\u0119 wieczorem przez godzin\u0119 b\u0119dzie ciemniej. Zgaszone zostan\u0105 iluminacje r\u00f3\u017cnych budynk\u00f3w w mie\u015bcie! - Gorz\u00f3w News\" \/>\n<meta property=\"og:description\" content=\"W najbli\u017csz\u0105 sobot\u0119, 23 marca o godz. 20:30 na ca\u0142ym \u015bwiecie zgasn\u0105 \u015bwiat\u0142a podczas niezwyk\u0142ej akcji zainicjowanej przez organizacj\u0119 ekologi\" \/>\n<meta property=\"og:url\" content=\"https:\/\/gorzow.news\/index.php\/2024\/03\/21\/w-sobote-wieczorem-przez-godzine-bedzie-ciemniej-zgaszone-zostana-iluminacje-roznych-budynkow-w-miescie\/\" \/>\n<meta property=\"og:site_name\" content=\"Gorz\u00f3w News\" \/>\n<meta property=\"article:publisher\" content=\"https:\/\/www.facebook.com\/gorzowskinews\" \/>\n<meta property=\"article:published_time\" content=\"2024-03-21T06:07:00+00:00\" \/>\n<meta property=\"article:modified_time\" content=\"2024-03-21T16:13:33+00:00\" \/>\n<meta property=\"og:image\" content=\"https:\/\/gorzow.news\/wp-content\/uploads\/2024\/03\/cropped-akt-fotob-5631.jpg\" \/>\n\t<meta property=\"og:image:width\" content=\"1190\" \/>\n\t<meta property=\"og:image:height\" content=\"563\" \/>\n\t<meta property=\"og:image:type\" content=\"image\/jpeg\" \/>\n<meta name=\"author\" content=\"maciej\" \/>\n<meta name=\"twitter:card\" content=\"summary_large_image\" \/>\n<meta name=\"twitter:label1\" content=\"Napisane przez\" \/>\n\t<meta name=\"twitter:data1\" content=\"maciej\" \/>\n\t<meta name=\"twitter:label2\" content=\"Szacowany czas czytania\" \/>\n\t<meta name=\"twitter:data2\" content=\"2 minuty\" \/>\n<script type=\"application\/ld+json\" class=\"yoast-schema-graph\">{\"@context\":\"https:\\\/\\\/schema.org\",\"@graph\":[{\"@type\":\"Article\",\"@id\":\"https:\\\/\\\/gorzow.news\\\/index.php\\\/2024\\\/03\\\/21\\\/w-sobote-wieczorem-przez-godzine-bedzie-ciemniej-zgaszone-zostana-iluminacje-roznych-budynkow-w-miescie\\\/#article\",\"isPartOf\":{\"@id\":\"https:\\\/\\\/gorzow.news\\\/index.php\\\/2024\\\/03\\\/21\\\/w-sobote-wieczorem-przez-godzine-bedzie-ciemniej-zgaszone-zostana-iluminacje-roznych-budynkow-w-miescie\\\/\"},\"author\":{\"name\":\"maciej\",\"@id\":\"https:\\\/\\\/gorzow.news\\\/#\\\/schema\\\/person\\\/a1e5ab43166369f2ce236a1cd90995bb\"},\"headline\":\"W sobot\u0119 wieczorem przez godzin\u0119 b\u0119dzie ciemniej. Zgaszone zostan\u0105 iluminacje r\u00f3\u017cnych budynk\u00f3w w mie\u015bcie!\",\"datePublished\":\"2024-03-21T06:07:00+00:00\",\"dateModified\":\"2024-03-21T16:13:33+00:00\",\"mainEntityOfPage\":{\"@id\":\"https:\\\/\\\/gorzow.news\\\/index.php\\\/2024\\\/03\\\/21\\\/w-sobote-wieczorem-przez-godzine-bedzie-ciemniej-zgaszone-zostana-iluminacje-roznych-budynkow-w-miescie\\\/\"},\"wordCount\":291,\"commentCount\":0,\"image\":{\"@id\":\"https:\\\/\\\/gorzow.news\\\/index.php\\\/2024\\\/03\\\/21\\\/w-sobote-wieczorem-przez-godzine-bedzie-ciemniej-zgaszone-zostana-iluminacje-roznych-budynkow-w-miescie\\\/#primaryimage\"},\"thumbnailUrl\":\"https:\\\/\\\/gorzow.news\\\/wp-content\\\/uploads\\\/2024\\\/03\\\/cropped-akt-fotob-5631.jpg\",\"keywords\":[\"Godzina dla Ziemi\",\"WWF\"],\"articleSection\":[\"Fakty i opinie\",\"Wiadomo\u015bci\"],\"inLanguage\":\"pl-PL\",\"potentialAction\":[{\"@type\":\"CommentAction\",\"name\":\"Comment\",\"target\":[\"https:\\\/\\\/gorzow.news\\\/index.php\\\/2024\\\/03\\\/21\\\/w-sobote-wieczorem-przez-godzine-bedzie-ciemniej-zgaszone-zostana-iluminacje-roznych-budynkow-w-miescie\\\/#respond\"]}]},{\"@type\":\"WebPage\",\"@id\":\"https:\\\/\\\/gorzow.news\\\/index.php\\\/2024\\\/03\\\/21\\\/w-sobote-wieczorem-przez-godzine-bedzie-ciemniej-zgaszone-zostana-iluminacje-roznych-budynkow-w-miescie\\\/\",\"url\":\"https:\\\/\\\/gorzow.news\\\/index.php\\\/2024\\\/03\\\/21\\\/w-sobote-wieczorem-przez-godzine-bedzie-ciemniej-zgaszone-zostana-iluminacje-roznych-budynkow-w-miescie\\\/\",\"name\":\"W sobot\u0119 wieczorem przez godzin\u0119 b\u0119dzie ciemniej. Zgaszone zostan\u0105 iluminacje r\u00f3\u017cnych budynk\u00f3w w mie\u015bcie! - Gorz\u00f3w News\",\"isPartOf\":{\"@id\":\"https:\\\/\\\/gorzow.news\\\/#website\"},\"primaryImageOfPage\":{\"@id\":\"https:\\\/\\\/gorzow.news\\\/index.php\\\/2024\\\/03\\\/21\\\/w-sobote-wieczorem-przez-godzine-bedzie-ciemniej-zgaszone-zostana-iluminacje-roznych-budynkow-w-miescie\\\/#primaryimage\"},\"image\":{\"@id\":\"https:\\\/\\\/gorzow.news\\\/index.php\\\/2024\\\/03\\\/21\\\/w-sobote-wieczorem-przez-godzine-bedzie-ciemniej-zgaszone-zostana-iluminacje-roznych-budynkow-w-miescie\\\/#primaryimage\"},\"thumbnailUrl\":\"https:\\\/\\\/gorzow.news\\\/wp-content\\\/uploads\\\/2024\\\/03\\\/cropped-akt-fotob-5631.jpg\",\"datePublished\":\"2024-03-21T06:07:00+00:00\",\"dateModified\":\"2024-03-21T16:13:33+00:00\",\"author\":{\"@id\":\"https:\\\/\\\/gorzow.news\\\/#\\\/schema\\\/person\\\/a1e5ab43166369f2ce236a1cd90995bb\"},\"description\":\"W najbli\u017csz\u0105 sobot\u0119, 23 marca o godz. 20:30 na ca\u0142ym \u015bwiecie zgasn\u0105 \u015bwiat\u0142a podczas niezwyk\u0142ej akcji zainicjowanej przez organizacj\u0119 ekologiczn\u0105 WWF. Symboliczne zgaszenie \u015bwiat\u0142a na 60 minut b\u0119dzie okazj\u0105 do tego, aby wyrazi\u0107 trosk\u0119 o \u015brodowisko naturalne naszej planety. Po raz kolejny przy\u0142\u0105czy si\u0119 do niej nasze miasto.\",\"breadcrumb\":{\"@id\":\"https:\\\/\\\/gorzow.news\\\/index.php\\\/2024\\\/03\\\/21\\\/w-sobote-wieczorem-przez-godzine-bedzie-ciemniej-zgaszone-zostana-iluminacje-roznych-budynkow-w-miescie\\\/#breadcrumb\"},\"inLanguage\":\"pl-PL\",\"potentialAction\":[{\"@type\":\"ReadAction\",\"target\":[\"https:\\\/\\\/gorzow.news\\\/index.php\\\/2024\\\/03\\\/21\\\/w-sobote-wieczorem-przez-godzine-bedzie-ciemniej-zgaszone-zostana-iluminacje-roznych-budynkow-w-miescie\\\/\"]}]},{\"@type\":\"ImageObject\",\"inLanguage\":\"pl-PL\",\"@id\":\"https:\\\/\\\/gorzow.news\\\/index.php\\\/2024\\\/03\\\/21\\\/w-sobote-wieczorem-przez-godzine-bedzie-ciemniej-zgaszone-zostana-iluminacje-roznych-budynkow-w-miescie\\\/#primaryimage\",\"url\":\"https:\\\/\\\/gorzow.news\\\/wp-content\\\/uploads\\\/2024\\\/03\\\/cropped-akt-fotob-5631.jpg\",\"contentUrl\":\"https:\\\/\\\/gorzow.news\\\/wp-content\\\/uploads\\\/2024\\\/03\\\/cropped-akt-fotob-5631.jpg\",\"width\":1190,\"height\":563,\"caption\":\"Gorz\u00f3w kolejny raz we\u017amie udzia\u0142 w akcji \\\"Godzina dla Ziemi\\\". fot. Bart\u0142omiej Nowosielski\"},{\"@type\":\"BreadcrumbList\",\"@id\":\"https:\\\/\\\/gorzow.news\\\/index.php\\\/2024\\\/03\\\/21\\\/w-sobote-wieczorem-przez-godzine-bedzie-ciemniej-zgaszone-zostana-iluminacje-roznych-budynkow-w-miescie\\\/#breadcrumb\",\"itemListElement\":[{\"@type\":\"ListItem\",\"position\":1,\"name\":\"Home\",\"item\":\"https:\\\/\\\/gorzow.news\\\/\"},{\"@type\":\"ListItem\",\"position\":2,\"name\":\"W sobot\u0119 wieczorem przez godzin\u0119 b\u0119dzie ciemniej. Zgaszone zostan\u0105 iluminacje r\u00f3\u017cnych budynk\u00f3w w mie\u015bcie!\"}]},{\"@type\":\"WebSite\",\"@id\":\"https:\\\/\\\/gorzow.news\\\/#website\",\"url\":\"https:\\\/\\\/gorzow.news\\\/\",\"name\":\"Gorz\u00f3w News\",\"description\":\"Sp\u00f3jrz inaczej na miato i region...\",\"potentialAction\":[{\"@type\":\"SearchAction\",\"target\":{\"@type\":\"EntryPoint\",\"urlTemplate\":\"https:\\\/\\\/gorzow.news\\\/?s={search_term_string}\"},\"query-input\":{\"@type\":\"PropertyValueSpecification\",\"valueRequired\":true,\"valueName\":\"search_term_string\"}}],\"inLanguage\":\"pl-PL\"},{\"@type\":\"Person\",\"@id\":\"https:\\\/\\\/gorzow.news\\\/#\\\/schema\\\/person\\\/a1e5ab43166369f2ce236a1cd90995bb\",\"name\":\"maciej\",\"image\":{\"@type\":\"ImageObject\",\"inLanguage\":\"pl-PL\",\"@id\":\"https:\\\/\\\/secure.gravatar.com\\\/avatar\\\/530a674d56ba60cfa0ef21d74e8e8d123a51bb7aa6580465b5c2ab2c2e980a19?s=96&r=g&d=https:\\\/\\\/gorzow.news\\\/wp-content\\\/plugins\\\/userswp\\\/assets\\\/images\\\/no_profile.png\",\"url\":\"https:\\\/\\\/secure.gravatar.com\\\/avatar\\\/530a674d56ba60cfa0ef21d74e8e8d123a51bb7aa6580465b5c2ab2c2e980a19?s=96&r=g&d=https:\\\/\\\/gorzow.news\\\/wp-content\\\/plugins\\\/userswp\\\/assets\\\/images\\\/no_profile.png\",\"contentUrl\":\"https:\\\/\\\/secure.gravatar.com\\\/avatar\\\/530a674d56ba60cfa0ef21d74e8e8d123a51bb7aa6580465b5c2ab2c2e980a19?s=96&r=g&d=https:\\\/\\\/gorzow.news\\\/wp-content\\\/plugins\\\/userswp\\\/assets\\\/images\\\/no_profile.png\",\"caption\":\"maciej\"},\"url\":\"https:\\\/\\\/gorzow.news\\\/index.php\\\/profile\\\/maciej\\\/\"}]}<\/script>\n<!-- \/ Yoast SEO plugin. -->","yoast_head_json":{"title":"W sobot\u0119 wieczorem przez godzin\u0119 b\u0119dzie ciemniej. Zgaszone zostan\u0105 iluminacje r\u00f3\u017cnych budynk\u00f3w w mie\u015bcie! - Gorz\u00f3w News","description":"W najbli\u017csz\u0105 sobot\u0119, 23 marca o godz. 20:30 na ca\u0142ym \u015bwiecie zgasn\u0105 \u015bwiat\u0142a podczas niezwyk\u0142ej akcji zainicjowanej przez organizacj\u0119 ekologi","robots":{"index":"index","follow":"follow","max-snippet":"max-snippet:-1","max-image-preview":"max-image-preview:large","max-video-preview":"max-video-preview:-1"},"canonical":"https:\/\/gorzow.news\/index.php\/2024\/03\/21\/w-sobote-wieczorem-przez-godzine-bedzie-ciemniej-zgaszone-zostana-iluminacje-roznych-budynkow-w-miescie\/","og_locale":"pl_PL","og_type":"article","og_title":"W sobot\u0119 wieczorem przez godzin\u0119 b\u0119dzie ciemniej. Zgaszone zostan\u0105 iluminacje r\u00f3\u017cnych budynk\u00f3w w mie\u015bcie! - Gorz\u00f3w News","og_description":"W najbli\u017csz\u0105 sobot\u0119, 23 marca o godz. 20:30 na ca\u0142ym \u015bwiecie zgasn\u0105 \u015bwiat\u0142a podczas niezwyk\u0142ej akcji zainicjowanej przez organizacj\u0119 ekologi","og_url":"https:\/\/gorzow.news\/index.php\/2024\/03\/21\/w-sobote-wieczorem-przez-godzine-bedzie-ciemniej-zgaszone-zostana-iluminacje-roznych-budynkow-w-miescie\/","og_site_name":"Gorz\u00f3w News","article_publisher":"https:\/\/www.facebook.com\/gorzowskinews","article_published_time":"2024-03-21T06:07:00+00:00","article_modified_time":"2024-03-21T16:13:33+00:00","og_image":[{"width":1190,"height":563,"url":"https:\/\/gorzow.news\/wp-content\/uploads\/2024\/03\/cropped-akt-fotob-5631.jpg","type":"image\/jpeg"}],"author":"maciej","twitter_card":"summary_large_image","twitter_misc":{"Napisane przez":"maciej","Szacowany czas czytania":"2 minuty"},"schema":{"@context":"https:\/\/schema.org","@graph":[{"@type":"Article","@id":"https:\/\/gorzow.news\/index.php\/2024\/03\/21\/w-sobote-wieczorem-przez-godzine-bedzie-ciemniej-zgaszone-zostana-iluminacje-roznych-budynkow-w-miescie\/#article","isPartOf":{"@id":"https:\/\/gorzow.news\/index.php\/2024\/03\/21\/w-sobote-wieczorem-przez-godzine-bedzie-ciemniej-zgaszone-zostana-iluminacje-roznych-budynkow-w-miescie\/"},"author":{"name":"maciej","@id":"https:\/\/gorzow.news\/#\/schema\/person\/a1e5ab43166369f2ce236a1cd90995bb"},"headline":"W sobot\u0119 wieczorem przez godzin\u0119 b\u0119dzie ciemniej. Zgaszone zostan\u0105 iluminacje r\u00f3\u017cnych budynk\u00f3w w mie\u015bcie!","datePublished":"2024-03-21T06:07:00+00:00","dateModified":"2024-03-21T16:13:33+00:00","mainEntityOfPage":{"@id":"https:\/\/gorzow.news\/index.php\/2024\/03\/21\/w-sobote-wieczorem-przez-godzine-bedzie-ciemniej-zgaszone-zostana-iluminacje-roznych-budynkow-w-miescie\/"},"wordCount":291,"commentCount":0,"image":{"@id":"https:\/\/gorzow.news\/index.php\/2024\/03\/21\/w-sobote-wieczorem-przez-godzine-bedzie-ciemniej-zgaszone-zostana-iluminacje-roznych-budynkow-w-miescie\/#primaryimage"},"thumbnailUrl":"https:\/\/gorzow.news\/wp-content\/uploads\/2024\/03\/cropped-akt-fotob-5631.jpg","keywords":["Godzina dla Ziemi","WWF"],"articleSection":["Fakty i opinie","Wiadomo\u015bci"],"inLanguage":"pl-PL","potentialAction":[{"@type":"CommentAction","name":"Comment","target":["https:\/\/gorzow.news\/index.php\/2024\/03\/21\/w-sobote-wieczorem-przez-godzine-bedzie-ciemniej-zgaszone-zostana-iluminacje-roznych-budynkow-w-miescie\/#respond"]}]},{"@type":"WebPage","@id":"https:\/\/gorzow.news\/index.php\/2024\/03\/21\/w-sobote-wieczorem-przez-godzine-bedzie-ciemniej-zgaszone-zostana-iluminacje-roznych-budynkow-w-miescie\/","url":"https:\/\/gorzow.news\/index.php\/2024\/03\/21\/w-sobote-wieczorem-przez-godzine-bedzie-ciemniej-zgaszone-zostana-iluminacje-roznych-budynkow-w-miescie\/","name":"W sobot\u0119 wieczorem przez godzin\u0119 b\u0119dzie ciemniej. Zgaszone zostan\u0105 iluminacje r\u00f3\u017cnych budynk\u00f3w w mie\u015bcie! - Gorz\u00f3w News","isPartOf":{"@id":"https:\/\/gorzow.news\/#website"},"primaryImageOfPage":{"@id":"https:\/\/gorzow.news\/index.php\/2024\/03\/21\/w-sobote-wieczorem-przez-godzine-bedzie-ciemniej-zgaszone-zostana-iluminacje-roznych-budynkow-w-miescie\/#primaryimage"},"image":{"@id":"https:\/\/gorzow.news\/index.php\/2024\/03\/21\/w-sobote-wieczorem-przez-godzine-bedzie-ciemniej-zgaszone-zostana-iluminacje-roznych-budynkow-w-miescie\/#primaryimage"},"thumbnailUrl":"https:\/\/gorzow.news\/wp-content\/uploads\/2024\/03\/cropped-akt-fotob-5631.jpg","datePublished":"2024-03-21T06:07:00+00:00","dateModified":"2024-03-21T16:13:33+00:00","author":{"@id":"https:\/\/gorzow.news\/#\/schema\/person\/a1e5ab43166369f2ce236a1cd90995bb"},"description":"W najbli\u017csz\u0105 sobot\u0119, 23 marca o godz. 20:30 na ca\u0142ym \u015bwiecie zgasn\u0105 \u015bwiat\u0142a podczas niezwyk\u0142ej akcji zainicjowanej przez organizacj\u0119 ekologiczn\u0105 WWF. Symboliczne zgaszenie \u015bwiat\u0142a na 60 minut b\u0119dzie okazj\u0105 do tego, aby wyrazi\u0107 trosk\u0119 o \u015brodowisko naturalne naszej planety. Po raz kolejny przy\u0142\u0105czy si\u0119 do niej nasze miasto.","breadcrumb":{"@id":"https:\/\/gorzow.news\/index.php\/2024\/03\/21\/w-sobote-wieczorem-przez-godzine-bedzie-ciemniej-zgaszone-zostana-iluminacje-roznych-budynkow-w-miescie\/#breadcrumb"},"inLanguage":"pl-PL","potentialAction":[{"@type":"ReadAction","target":["https:\/\/gorzow.news\/index.php\/2024\/03\/21\/w-sobote-wieczorem-przez-godzine-bedzie-ciemniej-zgaszone-zostana-iluminacje-roznych-budynkow-w-miescie\/"]}]},{"@type":"ImageObject","inLanguage":"pl-PL","@id":"https:\/\/gorzow.news\/index.php\/2024\/03\/21\/w-sobote-wieczorem-przez-godzine-bedzie-ciemniej-zgaszone-zostana-iluminacje-roznych-budynkow-w-miescie\/#primaryimage","url":"https:\/\/gorzow.news\/wp-content\/uploads\/2024\/03\/cropped-akt-fotob-5631.jpg","contentUrl":"https:\/\/gorzow.news\/wp-content\/uploads\/2024\/03\/cropped-akt-fotob-5631.jpg","width":1190,"height":563,"caption":"Gorz\u00f3w kolejny raz we\u017amie udzia\u0142 w akcji \"Godzina dla Ziemi\". fot. Bart\u0142omiej Nowosielski"},{"@type":"BreadcrumbList","@id":"https:\/\/gorzow.news\/index.php\/2024\/03\/21\/w-sobote-wieczorem-przez-godzine-bedzie-ciemniej-zgaszone-zostana-iluminacje-roznych-budynkow-w-miescie\/#breadcrumb","itemListElement":[{"@type":"ListItem","position":1,"name":"Home","item":"https:\/\/gorzow.news\/"},{"@type":"ListItem","position":2,"name":"W sobot\u0119 wieczorem przez godzin\u0119 b\u0119dzie ciemniej. Zgaszone zostan\u0105 iluminacje r\u00f3\u017cnych budynk\u00f3w w mie\u015bcie!"}]},{"@type":"WebSite","@id":"https:\/\/gorzow.news\/#website","url":"https:\/\/gorzow.news\/","name":"Gorz\u00f3w News","description":"Sp\u00f3jrz inaczej na miato i region...","potentialAction":[{"@type":"SearchAction","target":{"@type":"EntryPoint","urlTemplate":"https:\/\/gorzow.news\/?s={search_term_string}"},"query-input":{"@type":"PropertyValueSpecification","valueRequired":true,"valueName":"search_term_string"}}],"inLanguage":"pl-PL"},{"@type":"Person","@id":"https:\/\/gorzow.news\/#\/schema\/person\/a1e5ab43166369f2ce236a1cd90995bb","name":"maciej","image":{"@type":"ImageObject","inLanguage":"pl-PL","@id":"https:\/\/secure.gravatar.com\/avatar\/530a674d56ba60cfa0ef21d74e8e8d123a51bb7aa6580465b5c2ab2c2e980a19?s=96&r=g&d=https:\/\/gorzow.news\/wp-content\/plugins\/userswp\/assets\/images\/no_profile.png","url":"https:\/\/secure.gravatar.com\/avatar\/530a674d56ba60cfa0ef21d74e8e8d123a51bb7aa6580465b5c2ab2c2e980a19?s=96&r=g&d=https:\/\/gorzow.news\/wp-content\/plugins\/userswp\/assets\/images\/no_profile.png","contentUrl":"https:\/\/secure.gravatar.com\/avatar\/530a674d56ba60cfa0ef21d74e8e8d123a51bb7aa6580465b5c2ab2c2e980a19?s=96&r=g&d=https:\/\/gorzow.news\/wp-content\/plugins\/userswp\/assets\/images\/no_profile.png","caption":"maciej"},"url":"https:\/\/gorzow.news\/index.php\/profile\/maciej\/"}]}},"_links":{"self":[{"href":"https:\/\/gorzow.news\/index.php\/wp-json\/wp\/v2\/posts\/20604","targetHints":{"allow":["GET"]}}],"collection":[{"href":"https:\/\/gorzow.news\/index.php\/wp-json\/wp\/v2\/posts"}],"about":[{"href":"https:\/\/gorzow.news\/index.php\/wp-json\/wp\/v2\/types\/post"}],"author":[{"embeddable":true,"href":"https:\/\/gorzow.news\/index.php\/wp-json\/wp\/v2\/users\/1"}],"replies":[{"embeddable":true,"href":"https:\/\/gorzow.news\/index.php\/wp-json\/wp\/v2\/comments?post=20604"}],"version-history":[{"count":1,"href":"https:\/\/gorzow.news\/index.php\/wp-json\/wp\/v2\/posts\/20604\/revisions"}],"predecessor-version":[{"id":20606,"href":"https:\/\/gorzow.news\/index.php\/wp-json\/wp\/v2\/posts\/20604\/revisions\/20606"}],"wp:featuredmedia":[{"embeddable":true,"href":"https:\/\/gorzow.news\/index.php\/wp-json\/wp\/v2\/media\/20605"}],"wp:attachment":[{"href":"https:\/\/gorzow.news\/index.php\/wp-json\/wp\/v2\/media?parent=20604"}],"wp:term":[{"taxonomy":"category","embeddable":true,"href":"https:\/\/gorzow.news\/index.php\/wp-json\/wp\/v2\/categories?post=20604"},{"taxonomy":"post_tag","embeddable":true,"href":"https:\/\/gorzow.news\/index.php\/wp-json\/wp\/v2\/tags?post=20604"}],"curies":[{"name":"wp","href":"https:\/\/api.w.org\/{rel}","templated":true}]}}