{"id":20549,"date":"2024-03-21T11:00:00","date_gmt":"2024-03-21T10:00:00","guid":{"rendered":"https:\/\/gorzow.news\/?p=20549"},"modified":"2024-03-21T16:12:00","modified_gmt":"2024-03-21T15:12:00","slug":"wyjatkowe-sniadanie-wielkanocne-z-kraina-serow","status":"publish","type":"post","link":"https:\/\/gorzow.news\/index.php\/2024\/03\/21\/wyjatkowe-sniadanie-wielkanocne-z-kraina-serow\/","title":{"rendered":"Wyj\u0105tkowe \u015bniadanie wielkanocne z Krain\u0105 Ser\u00f3w"},"content":{"rendered":"\n<p><strong>Kraina Ser\u00f3w to wyj\u0105tkowe miejsce dla mi\u0142o\u015bnik\u00f3w ser\u00f3w i win z ca\u0142ego \u015bwiata. Sklep mieszcz\u0105cy si\u0119 w Centrum Handlowym NoVa Park przy ul. Przemys\u0142owej przygotowa\u0142 specjaln\u0105 ofert\u0119 zwi\u0105zana ze zbli\u017caj\u0105cymi si\u0119 \u015awi\u0119tami Wielkanocnymi. Razem z Krain\u0105 Ser\u00f3w mo\u017cesz sprawi\u0107, \u017ce \u015bwi\u0105teczny czas b\u0119dzie mia\u0142 wyj\u0105tkowy smak i zapach.<\/strong><\/p>\n\n\n\n<p><strong>Oto propozycje win i ser\u00f3w na Wielkanoc przygotowane przez Krain\u0119 Ser\u00f3w<\/strong><\/p>\n\n\n\n<p><strong>Orze\u017awiaj\u0105ce, sch\u0142odzone bia\u0142e i r\u00f3\u017cowe wina<\/strong>, wpadaj\u0105ce w nuty owocowe. Idealnie wpasuj\u0105 si\u0119 smakiem do potraw jajecznych, \u015bwie\u017cych szynek oraz pieczonego chudego mi\u0119sa. Polecamy lokalne Polskie wina z winnicy Equus &#8211; delikatne, orze\u017awiaj\u0105ce, o pe\u0142nym bukiecie owocowych smak\u00f3w. Marieta &#8211; wino r\u00f3\u017cowe &#8211; przywodz\u0105ce na j\u0119zyk powiew wiosny &#8211; w smaku wyczuwalne truskawki, maliny, fio\u0142ki. Sery komponuj\u0105ce si\u0119 z powy\u017cszymi winami: delikatne sery ple\u015bniowe jak Brie, Morbier, Raclette, Comte i Appenzeller.<\/p>\n\n\n\n<figure class=\"wp-block-image size-large\"><img loading=\"lazy\" decoding=\"async\" width=\"1024\" height=\"823\" src=\"https:\/\/gorzow.news\/wp-content\/uploads\/2024\/03\/WhatsApp-Image-2024-03-06-at-13.50.11-1024x823.jpeg\" alt=\"\" class=\"wp-image-20550\" srcset=\"https:\/\/gorzow.news\/wp-content\/uploads\/2024\/03\/WhatsApp-Image-2024-03-06-at-13.50.11-1024x823.jpeg 1024w, https:\/\/gorzow.news\/wp-content\/uploads\/2024\/03\/WhatsApp-Image-2024-03-06-at-13.50.11-300x241.jpeg 300w, https:\/\/gorzow.news\/wp-content\/uploads\/2024\/03\/WhatsApp-Image-2024-03-06-at-13.50.11-768x617.jpeg 768w, https:\/\/gorzow.news\/wp-content\/uploads\/2024\/03\/WhatsApp-Image-2024-03-06-at-13.50.11-1536x1235.jpeg 1536w, https:\/\/gorzow.news\/wp-content\/uploads\/2024\/03\/WhatsApp-Image-2024-03-06-at-13.50.11-696x559.jpeg 696w, https:\/\/gorzow.news\/wp-content\/uploads\/2024\/03\/WhatsApp-Image-2024-03-06-at-13.50.11-1068x858.jpeg 1068w, https:\/\/gorzow.news\/wp-content\/uploads\/2024\/03\/WhatsApp-Image-2024-03-06-at-13.50.11.jpeg 1600w\" sizes=\"auto, (max-width: 1024px) 100vw, 1024px\" \/><\/figure>\n\n\n\n<p><strong>Wina musuj\u0105ce<\/strong> &#8211; idealne do przystawek oraz da\u0144 z jajkiem. Polecamy Chateau des Cosse &#8211; wytrawne wino musuj\u0105ce &#8211; eleganckie, finezyjne, urzekaj\u0105ce aromatami bia\u0142ych kwiat\u00f3w oraz brzoskwini. Feu! &#8211; r\u00f3\u017cowe, p\u00f3\u0142wytrawne, wype\u0142nione aromatami truskawek, poziomek oraz porzeczek. Sery komponuj\u0105ce si\u0119 z powy\u017cszymi winami: delikatne sery ple\u015bniowe jak Brie, Tomme Blanche, Old Amsterdam i m\u0142ode sery kozie.<\/p>\n\n\n\n<figure class=\"wp-block-image size-large\"><img loading=\"lazy\" decoding=\"async\" width=\"1024\" height=\"851\" src=\"https:\/\/gorzow.news\/wp-content\/uploads\/2024\/03\/WhatsApp-Image-2024-03-06-at-13.50.12-1024x851.jpeg\" alt=\"\" class=\"wp-image-20552\" srcset=\"https:\/\/gorzow.news\/wp-content\/uploads\/2024\/03\/WhatsApp-Image-2024-03-06-at-13.50.12-1024x851.jpeg 1024w, https:\/\/gorzow.news\/wp-content\/uploads\/2024\/03\/WhatsApp-Image-2024-03-06-at-13.50.12-300x249.jpeg 300w, https:\/\/gorzow.news\/wp-content\/uploads\/2024\/03\/WhatsApp-Image-2024-03-06-at-13.50.12-768x638.jpeg 768w, https:\/\/gorzow.news\/wp-content\/uploads\/2024\/03\/WhatsApp-Image-2024-03-06-at-13.50.12-1536x1276.jpeg 1536w, https:\/\/gorzow.news\/wp-content\/uploads\/2024\/03\/WhatsApp-Image-2024-03-06-at-13.50.12-696x578.jpeg 696w, https:\/\/gorzow.news\/wp-content\/uploads\/2024\/03\/WhatsApp-Image-2024-03-06-at-13.50.12-1068x887.jpeg 1068w, https:\/\/gorzow.news\/wp-content\/uploads\/2024\/03\/WhatsApp-Image-2024-03-06-at-13.50.12.jpeg 1600w\" sizes=\"auto, (max-width: 1024px) 100vw, 1024px\" \/><\/figure>\n\n\n\n<p><strong>Wina czerwone<\/strong>. Bia\u0142a kie\u0142basa najlepiej b\u0119dzie smakowa\u0107 w towarzystwie delikatnego czerwonego wina Pinot Noir Equus. Natomiast do pasztet\u00f3w, pieczonych mi\u0119s wieprzowych, czy do jagni\u0119ciny rekomendujemy wyraziste czerwone wina jak Abadia Retuerta oraz Sierra Cantabria. Sery komponuj\u0105ce si\u0119 z powy\u017cszymi winami: sery d\u0142ugodojrzewaj\u0105ce jak Rotterdam 100 tyg, Lutjewinkel 105 tyg, Pecorino Moliterno z czarn\u0105 w\u0142osk\u0105 trufl\u0105 i Stilton.<\/p>\n\n\n\n<figure class=\"wp-block-image size-large\"><img loading=\"lazy\" decoding=\"async\" width=\"1024\" height=\"767\" src=\"https:\/\/gorzow.news\/wp-content\/uploads\/2024\/03\/WhatsApp-Image-2024-03-06-at-13.50.12-1-1024x767.jpeg\" alt=\"\" class=\"wp-image-20551\" srcset=\"https:\/\/gorzow.news\/wp-content\/uploads\/2024\/03\/WhatsApp-Image-2024-03-06-at-13.50.12-1-1024x767.jpeg 1024w, https:\/\/gorzow.news\/wp-content\/uploads\/2024\/03\/WhatsApp-Image-2024-03-06-at-13.50.12-1-300x225.jpeg 300w, https:\/\/gorzow.news\/wp-content\/uploads\/2024\/03\/WhatsApp-Image-2024-03-06-at-13.50.12-1-768x576.jpeg 768w, https:\/\/gorzow.news\/wp-content\/uploads\/2024\/03\/WhatsApp-Image-2024-03-06-at-13.50.12-1-1536x1151.jpeg 1536w, https:\/\/gorzow.news\/wp-content\/uploads\/2024\/03\/WhatsApp-Image-2024-03-06-at-13.50.12-1-696x522.jpeg 696w, https:\/\/gorzow.news\/wp-content\/uploads\/2024\/03\/WhatsApp-Image-2024-03-06-at-13.50.12-1-1068x800.jpeg 1068w, https:\/\/gorzow.news\/wp-content\/uploads\/2024\/03\/WhatsApp-Image-2024-03-06-at-13.50.12-1.jpeg 1600w\" sizes=\"auto, (max-width: 1024px) 100vw, 1024px\" \/><\/figure>\n\n\n\n<p>Wszystkie podane wina i sery mo\u017cesz naby\u0107 w Krainie Ser\u00f3w w NoVa Park. Znajdziesz tutaj tak\u017ce ofert\u0119 rzemie\u015blniczych ser\u00f3w i szerok\u0105 ofert\u0119 dodatk\u00f3w.<\/p>\n","protected":false},"excerpt":{"rendered":"<p>Kraina Ser\u00f3w to wyj\u0105tkowe miejsce dla mi\u0142o\u015bnik\u00f3w ser\u00f3w i win z ca\u0142ego \u015bwiata. Sklep mieszcz\u0105cy si\u0119 w Centrum Handlowym NoVa Park przy ul. Przemys\u0142owej przygotowa\u0142 specjaln\u0105 ofert\u0119 zwi\u0105zana ze zbli\u017caj\u0105cymi si\u0119 \u015awi\u0119tami Wielkanocnymi. Razem z Krain\u0105 Ser\u00f3w mo\u017cesz sprawi\u0107, \u017ce \u015bwi\u0105teczny czas b\u0119dzie mia\u0142 wyj\u0105tkowy smak i zapach. Oto propozycje win i ser\u00f3w na Wielkanoc [&hellip;]<\/p>\n","protected":false},"author":1,"featured_media":20600,"comment_status":"open","ping_status":"open","sticky":false,"template":"","format":"standard","meta":{"footnotes":"","_links_to":"","_links_to_target":""},"categories":[74,589],"tags":[1644,97,2792,2793],"class_list":{"0":"post-20549","1":"post","2":"type-post","3":"status-publish","4":"format-standard","5":"has-post-thumbnail","7":"category-warto-wiedziec","9":"tag-kraina-serow","10":"tag-nova-park","11":"tag-sery","12":"tag-wina"},"yoast_head":"<!-- This site is optimized with the Yoast SEO plugin v27.3 - https:\/\/yoast.com\/product\/yoast-seo-wordpress\/ -->\n<title>Wyj\u0105tkowe \u015bniadanie wielkanocne z Krain\u0105 Ser\u00f3w - Gorz\u00f3w News<\/title>\n<meta name=\"description\" content=\"Kraina Ser\u00f3w to wyj\u0105tkowe miejsce dla mi\u0142o\u015bnik\u00f3w ser\u00f3w i win z ca\u0142ego \u015bwiata. Sklep mieszcz\u0105cy si\u0119 w Centrum Handlowym NoVa Park przy ul. Pr\" \/>\n<meta name=\"robots\" content=\"index, follow, max-snippet:-1, max-image-preview:large, max-video-preview:-1\" \/>\n<link rel=\"canonical\" href=\"https:\/\/gorzow.news\/index.php\/2024\/03\/21\/wyjatkowe-sniadanie-wielkanocne-z-kraina-serow\/\" \/>\n<meta property=\"og:locale\" content=\"pl_PL\" \/>\n<meta property=\"og:type\" content=\"article\" \/>\n<meta property=\"og:title\" content=\"Wyj\u0105tkowe \u015bniadanie wielkanocne z Krain\u0105 Ser\u00f3w - Gorz\u00f3w News\" \/>\n<meta property=\"og:description\" content=\"Kraina Ser\u00f3w to wyj\u0105tkowe miejsce dla mi\u0142o\u015bnik\u00f3w ser\u00f3w i win z ca\u0142ego \u015bwiata. Sklep mieszcz\u0105cy si\u0119 w Centrum Handlowym NoVa Park przy ul. Pr\" \/>\n<meta property=\"og:url\" content=\"https:\/\/gorzow.news\/index.php\/2024\/03\/21\/wyjatkowe-sniadanie-wielkanocne-z-kraina-serow\/\" \/>\n<meta property=\"og:site_name\" content=\"Gorz\u00f3w News\" \/>\n<meta property=\"article:publisher\" content=\"https:\/\/www.facebook.com\/gorzowskinews\" \/>\n<meta property=\"article:published_time\" content=\"2024-03-21T10:00:00+00:00\" \/>\n<meta property=\"article:modified_time\" content=\"2024-03-21T15:12:00+00:00\" \/>\n<meta property=\"og:image\" content=\"https:\/\/gorzow.news\/wp-content\/uploads\/2024\/03\/IMG_20240320_223231.jpg\" \/>\n\t<meta property=\"og:image:width\" content=\"1600\" \/>\n\t<meta property=\"og:image:height\" content=\"1198\" \/>\n\t<meta property=\"og:image:type\" content=\"image\/jpeg\" \/>\n<meta name=\"author\" content=\"maciej\" \/>\n<meta name=\"twitter:card\" content=\"summary_large_image\" \/>\n<meta name=\"twitter:label1\" content=\"Napisane przez\" \/>\n\t<meta name=\"twitter:data1\" content=\"maciej\" \/>\n\t<meta name=\"twitter:label2\" content=\"Szacowany czas czytania\" \/>\n\t<meta name=\"twitter:data2\" content=\"3 minuty\" \/>\n<script type=\"application\/ld+json\" class=\"yoast-schema-graph\">{\"@context\":\"https:\\\/\\\/schema.org\",\"@graph\":[{\"@type\":\"Article\",\"@id\":\"https:\\\/\\\/gorzow.news\\\/index.php\\\/2024\\\/03\\\/21\\\/wyjatkowe-sniadanie-wielkanocne-z-kraina-serow\\\/#article\",\"isPartOf\":{\"@id\":\"https:\\\/\\\/gorzow.news\\\/index.php\\\/2024\\\/03\\\/21\\\/wyjatkowe-sniadanie-wielkanocne-z-kraina-serow\\\/\"},\"author\":{\"name\":\"maciej\",\"@id\":\"https:\\\/\\\/gorzow.news\\\/#\\\/schema\\\/person\\\/a1e5ab43166369f2ce236a1cd90995bb\"},\"headline\":\"Wyj\u0105tkowe \u015bniadanie wielkanocne z Krain\u0105 Ser\u00f3w\",\"datePublished\":\"2024-03-21T10:00:00+00:00\",\"dateModified\":\"2024-03-21T15:12:00+00:00\",\"mainEntityOfPage\":{\"@id\":\"https:\\\/\\\/gorzow.news\\\/index.php\\\/2024\\\/03\\\/21\\\/wyjatkowe-sniadanie-wielkanocne-z-kraina-serow\\\/\"},\"wordCount\":340,\"commentCount\":0,\"image\":{\"@id\":\"https:\\\/\\\/gorzow.news\\\/index.php\\\/2024\\\/03\\\/21\\\/wyjatkowe-sniadanie-wielkanocne-z-kraina-serow\\\/#primaryimage\"},\"thumbnailUrl\":\"https:\\\/\\\/gorzow.news\\\/wp-content\\\/uploads\\\/2024\\\/03\\\/IMG_20240320_223231.jpg\",\"keywords\":[\"Kraina Ser\u00f3w\",\"Nova Park\",\"sery\",\"wina\"],\"articleSection\":[\"Warto wiedzie\u0107\",\"Wiadomo\u015bci\"],\"inLanguage\":\"pl-PL\",\"potentialAction\":[{\"@type\":\"CommentAction\",\"name\":\"Comment\",\"target\":[\"https:\\\/\\\/gorzow.news\\\/index.php\\\/2024\\\/03\\\/21\\\/wyjatkowe-sniadanie-wielkanocne-z-kraina-serow\\\/#respond\"]}]},{\"@type\":\"WebPage\",\"@id\":\"https:\\\/\\\/gorzow.news\\\/index.php\\\/2024\\\/03\\\/21\\\/wyjatkowe-sniadanie-wielkanocne-z-kraina-serow\\\/\",\"url\":\"https:\\\/\\\/gorzow.news\\\/index.php\\\/2024\\\/03\\\/21\\\/wyjatkowe-sniadanie-wielkanocne-z-kraina-serow\\\/\",\"name\":\"Wyj\u0105tkowe \u015bniadanie wielkanocne z Krain\u0105 Ser\u00f3w - Gorz\u00f3w News\",\"isPartOf\":{\"@id\":\"https:\\\/\\\/gorzow.news\\\/#website\"},\"primaryImageOfPage\":{\"@id\":\"https:\\\/\\\/gorzow.news\\\/index.php\\\/2024\\\/03\\\/21\\\/wyjatkowe-sniadanie-wielkanocne-z-kraina-serow\\\/#primaryimage\"},\"image\":{\"@id\":\"https:\\\/\\\/gorzow.news\\\/index.php\\\/2024\\\/03\\\/21\\\/wyjatkowe-sniadanie-wielkanocne-z-kraina-serow\\\/#primaryimage\"},\"thumbnailUrl\":\"https:\\\/\\\/gorzow.news\\\/wp-content\\\/uploads\\\/2024\\\/03\\\/IMG_20240320_223231.jpg\",\"datePublished\":\"2024-03-21T10:00:00+00:00\",\"dateModified\":\"2024-03-21T15:12:00+00:00\",\"author\":{\"@id\":\"https:\\\/\\\/gorzow.news\\\/#\\\/schema\\\/person\\\/a1e5ab43166369f2ce236a1cd90995bb\"},\"description\":\"Kraina Ser\u00f3w to wyj\u0105tkowe miejsce dla mi\u0142o\u015bnik\u00f3w ser\u00f3w i win z ca\u0142ego \u015bwiata. Sklep mieszcz\u0105cy si\u0119 w Centrum Handlowym NoVa Park przy ul. Przemys\u0142owej przygotowa\u0142 specjaln\u0105 ofert\u0119 zwi\u0105zana ze zbli\u017caj\u0105cymi si\u0119 \u015awi\u0119tami Wielkanocnymi. Razem z Krain\u0105 Ser\u00f3w mo\u017cesz sprawdzi\u0107, \u017ce \u015bwi\u0105teczny czas b\u0119dzie mia\u0142 wyj\u0105tkowy smak i zapach.\",\"breadcrumb\":{\"@id\":\"https:\\\/\\\/gorzow.news\\\/index.php\\\/2024\\\/03\\\/21\\\/wyjatkowe-sniadanie-wielkanocne-z-kraina-serow\\\/#breadcrumb\"},\"inLanguage\":\"pl-PL\",\"potentialAction\":[{\"@type\":\"ReadAction\",\"target\":[\"https:\\\/\\\/gorzow.news\\\/index.php\\\/2024\\\/03\\\/21\\\/wyjatkowe-sniadanie-wielkanocne-z-kraina-serow\\\/\"]}]},{\"@type\":\"ImageObject\",\"inLanguage\":\"pl-PL\",\"@id\":\"https:\\\/\\\/gorzow.news\\\/index.php\\\/2024\\\/03\\\/21\\\/wyjatkowe-sniadanie-wielkanocne-z-kraina-serow\\\/#primaryimage\",\"url\":\"https:\\\/\\\/gorzow.news\\\/wp-content\\\/uploads\\\/2024\\\/03\\\/IMG_20240320_223231.jpg\",\"contentUrl\":\"https:\\\/\\\/gorzow.news\\\/wp-content\\\/uploads\\\/2024\\\/03\\\/IMG_20240320_223231.jpg\",\"width\":1600,\"height\":1198,\"caption\":\"Kraina Ser\u00f3w w NoVa Park\"},{\"@type\":\"BreadcrumbList\",\"@id\":\"https:\\\/\\\/gorzow.news\\\/index.php\\\/2024\\\/03\\\/21\\\/wyjatkowe-sniadanie-wielkanocne-z-kraina-serow\\\/#breadcrumb\",\"itemListElement\":[{\"@type\":\"ListItem\",\"position\":1,\"name\":\"Home\",\"item\":\"https:\\\/\\\/gorzow.news\\\/\"},{\"@type\":\"ListItem\",\"position\":2,\"name\":\"Wyj\u0105tkowe \u015bniadanie wielkanocne z Krain\u0105 Ser\u00f3w\"}]},{\"@type\":\"WebSite\",\"@id\":\"https:\\\/\\\/gorzow.news\\\/#website\",\"url\":\"https:\\\/\\\/gorzow.news\\\/\",\"name\":\"Gorz\u00f3w News\",\"description\":\"Sp\u00f3jrz inaczej na miato i region...\",\"potentialAction\":[{\"@type\":\"SearchAction\",\"target\":{\"@type\":\"EntryPoint\",\"urlTemplate\":\"https:\\\/\\\/gorzow.news\\\/?s={search_term_string}\"},\"query-input\":{\"@type\":\"PropertyValueSpecification\",\"valueRequired\":true,\"valueName\":\"search_term_string\"}}],\"inLanguage\":\"pl-PL\"},{\"@type\":\"Person\",\"@id\":\"https:\\\/\\\/gorzow.news\\\/#\\\/schema\\\/person\\\/a1e5ab43166369f2ce236a1cd90995bb\",\"name\":\"maciej\",\"image\":{\"@type\":\"ImageObject\",\"inLanguage\":\"pl-PL\",\"@id\":\"https:\\\/\\\/secure.gravatar.com\\\/avatar\\\/530a674d56ba60cfa0ef21d74e8e8d123a51bb7aa6580465b5c2ab2c2e980a19?s=96&r=g&d=https:\\\/\\\/gorzow.news\\\/wp-content\\\/plugins\\\/userswp\\\/assets\\\/images\\\/no_profile.png\",\"url\":\"https:\\\/\\\/secure.gravatar.com\\\/avatar\\\/530a674d56ba60cfa0ef21d74e8e8d123a51bb7aa6580465b5c2ab2c2e980a19?s=96&r=g&d=https:\\\/\\\/gorzow.news\\\/wp-content\\\/plugins\\\/userswp\\\/assets\\\/images\\\/no_profile.png\",\"contentUrl\":\"https:\\\/\\\/secure.gravatar.com\\\/avatar\\\/530a674d56ba60cfa0ef21d74e8e8d123a51bb7aa6580465b5c2ab2c2e980a19?s=96&r=g&d=https:\\\/\\\/gorzow.news\\\/wp-content\\\/plugins\\\/userswp\\\/assets\\\/images\\\/no_profile.png\",\"caption\":\"maciej\"},\"url\":\"https:\\\/\\\/gorzow.news\\\/index.php\\\/profile\\\/maciej\\\/\"}]}<\/script>\n<!-- \/ Yoast SEO plugin. -->","yoast_head_json":{"title":"Wyj\u0105tkowe \u015bniadanie wielkanocne z Krain\u0105 Ser\u00f3w - Gorz\u00f3w News","description":"Kraina Ser\u00f3w to wyj\u0105tkowe miejsce dla mi\u0142o\u015bnik\u00f3w ser\u00f3w i win z ca\u0142ego \u015bwiata. Sklep mieszcz\u0105cy si\u0119 w Centrum Handlowym NoVa Park przy ul. Pr","robots":{"index":"index","follow":"follow","max-snippet":"max-snippet:-1","max-image-preview":"max-image-preview:large","max-video-preview":"max-video-preview:-1"},"canonical":"https:\/\/gorzow.news\/index.php\/2024\/03\/21\/wyjatkowe-sniadanie-wielkanocne-z-kraina-serow\/","og_locale":"pl_PL","og_type":"article","og_title":"Wyj\u0105tkowe \u015bniadanie wielkanocne z Krain\u0105 Ser\u00f3w - Gorz\u00f3w News","og_description":"Kraina Ser\u00f3w to wyj\u0105tkowe miejsce dla mi\u0142o\u015bnik\u00f3w ser\u00f3w i win z ca\u0142ego \u015bwiata. Sklep mieszcz\u0105cy si\u0119 w Centrum Handlowym NoVa Park przy ul. Pr","og_url":"https:\/\/gorzow.news\/index.php\/2024\/03\/21\/wyjatkowe-sniadanie-wielkanocne-z-kraina-serow\/","og_site_name":"Gorz\u00f3w News","article_publisher":"https:\/\/www.facebook.com\/gorzowskinews","article_published_time":"2024-03-21T10:00:00+00:00","article_modified_time":"2024-03-21T15:12:00+00:00","og_image":[{"width":1600,"height":1198,"url":"https:\/\/gorzow.news\/wp-content\/uploads\/2024\/03\/IMG_20240320_223231.jpg","type":"image\/jpeg"}],"author":"maciej","twitter_card":"summary_large_image","twitter_misc":{"Napisane przez":"maciej","Szacowany czas czytania":"3 minuty"},"schema":{"@context":"https:\/\/schema.org","@graph":[{"@type":"Article","@id":"https:\/\/gorzow.news\/index.php\/2024\/03\/21\/wyjatkowe-sniadanie-wielkanocne-z-kraina-serow\/#article","isPartOf":{"@id":"https:\/\/gorzow.news\/index.php\/2024\/03\/21\/wyjatkowe-sniadanie-wielkanocne-z-kraina-serow\/"},"author":{"name":"maciej","@id":"https:\/\/gorzow.news\/#\/schema\/person\/a1e5ab43166369f2ce236a1cd90995bb"},"headline":"Wyj\u0105tkowe \u015bniadanie wielkanocne z Krain\u0105 Ser\u00f3w","datePublished":"2024-03-21T10:00:00+00:00","dateModified":"2024-03-21T15:12:00+00:00","mainEntityOfPage":{"@id":"https:\/\/gorzow.news\/index.php\/2024\/03\/21\/wyjatkowe-sniadanie-wielkanocne-z-kraina-serow\/"},"wordCount":340,"commentCount":0,"image":{"@id":"https:\/\/gorzow.news\/index.php\/2024\/03\/21\/wyjatkowe-sniadanie-wielkanocne-z-kraina-serow\/#primaryimage"},"thumbnailUrl":"https:\/\/gorzow.news\/wp-content\/uploads\/2024\/03\/IMG_20240320_223231.jpg","keywords":["Kraina Ser\u00f3w","Nova Park","sery","wina"],"articleSection":["Warto wiedzie\u0107","Wiadomo\u015bci"],"inLanguage":"pl-PL","potentialAction":[{"@type":"CommentAction","name":"Comment","target":["https:\/\/gorzow.news\/index.php\/2024\/03\/21\/wyjatkowe-sniadanie-wielkanocne-z-kraina-serow\/#respond"]}]},{"@type":"WebPage","@id":"https:\/\/gorzow.news\/index.php\/2024\/03\/21\/wyjatkowe-sniadanie-wielkanocne-z-kraina-serow\/","url":"https:\/\/gorzow.news\/index.php\/2024\/03\/21\/wyjatkowe-sniadanie-wielkanocne-z-kraina-serow\/","name":"Wyj\u0105tkowe \u015bniadanie wielkanocne z Krain\u0105 Ser\u00f3w - Gorz\u00f3w News","isPartOf":{"@id":"https:\/\/gorzow.news\/#website"},"primaryImageOfPage":{"@id":"https:\/\/gorzow.news\/index.php\/2024\/03\/21\/wyjatkowe-sniadanie-wielkanocne-z-kraina-serow\/#primaryimage"},"image":{"@id":"https:\/\/gorzow.news\/index.php\/2024\/03\/21\/wyjatkowe-sniadanie-wielkanocne-z-kraina-serow\/#primaryimage"},"thumbnailUrl":"https:\/\/gorzow.news\/wp-content\/uploads\/2024\/03\/IMG_20240320_223231.jpg","datePublished":"2024-03-21T10:00:00+00:00","dateModified":"2024-03-21T15:12:00+00:00","author":{"@id":"https:\/\/gorzow.news\/#\/schema\/person\/a1e5ab43166369f2ce236a1cd90995bb"},"description":"Kraina Ser\u00f3w to wyj\u0105tkowe miejsce dla mi\u0142o\u015bnik\u00f3w ser\u00f3w i win z ca\u0142ego \u015bwiata. Sklep mieszcz\u0105cy si\u0119 w Centrum Handlowym NoVa Park przy ul. Przemys\u0142owej przygotowa\u0142 specjaln\u0105 ofert\u0119 zwi\u0105zana ze zbli\u017caj\u0105cymi si\u0119 \u015awi\u0119tami Wielkanocnymi. Razem z Krain\u0105 Ser\u00f3w mo\u017cesz sprawdzi\u0107, \u017ce \u015bwi\u0105teczny czas b\u0119dzie mia\u0142 wyj\u0105tkowy smak i zapach.","breadcrumb":{"@id":"https:\/\/gorzow.news\/index.php\/2024\/03\/21\/wyjatkowe-sniadanie-wielkanocne-z-kraina-serow\/#breadcrumb"},"inLanguage":"pl-PL","potentialAction":[{"@type":"ReadAction","target":["https:\/\/gorzow.news\/index.php\/2024\/03\/21\/wyjatkowe-sniadanie-wielkanocne-z-kraina-serow\/"]}]},{"@type":"ImageObject","inLanguage":"pl-PL","@id":"https:\/\/gorzow.news\/index.php\/2024\/03\/21\/wyjatkowe-sniadanie-wielkanocne-z-kraina-serow\/#primaryimage","url":"https:\/\/gorzow.news\/wp-content\/uploads\/2024\/03\/IMG_20240320_223231.jpg","contentUrl":"https:\/\/gorzow.news\/wp-content\/uploads\/2024\/03\/IMG_20240320_223231.jpg","width":1600,"height":1198,"caption":"Kraina Ser\u00f3w w NoVa Park"},{"@type":"BreadcrumbList","@id":"https:\/\/gorzow.news\/index.php\/2024\/03\/21\/wyjatkowe-sniadanie-wielkanocne-z-kraina-serow\/#breadcrumb","itemListElement":[{"@type":"ListItem","position":1,"name":"Home","item":"https:\/\/gorzow.news\/"},{"@type":"ListItem","position":2,"name":"Wyj\u0105tkowe \u015bniadanie wielkanocne z Krain\u0105 Ser\u00f3w"}]},{"@type":"WebSite","@id":"https:\/\/gorzow.news\/#website","url":"https:\/\/gorzow.news\/","name":"Gorz\u00f3w News","description":"Sp\u00f3jrz inaczej na miato i region...","potentialAction":[{"@type":"SearchAction","target":{"@type":"EntryPoint","urlTemplate":"https:\/\/gorzow.news\/?s={search_term_string}"},"query-input":{"@type":"PropertyValueSpecification","valueRequired":true,"valueName":"search_term_string"}}],"inLanguage":"pl-PL"},{"@type":"Person","@id":"https:\/\/gorzow.news\/#\/schema\/person\/a1e5ab43166369f2ce236a1cd90995bb","name":"maciej","image":{"@type":"ImageObject","inLanguage":"pl-PL","@id":"https:\/\/secure.gravatar.com\/avatar\/530a674d56ba60cfa0ef21d74e8e8d123a51bb7aa6580465b5c2ab2c2e980a19?s=96&r=g&d=https:\/\/gorzow.news\/wp-content\/plugins\/userswp\/assets\/images\/no_profile.png","url":"https:\/\/secure.gravatar.com\/avatar\/530a674d56ba60cfa0ef21d74e8e8d123a51bb7aa6580465b5c2ab2c2e980a19?s=96&r=g&d=https:\/\/gorzow.news\/wp-content\/plugins\/userswp\/assets\/images\/no_profile.png","contentUrl":"https:\/\/secure.gravatar.com\/avatar\/530a674d56ba60cfa0ef21d74e8e8d123a51bb7aa6580465b5c2ab2c2e980a19?s=96&r=g&d=https:\/\/gorzow.news\/wp-content\/plugins\/userswp\/assets\/images\/no_profile.png","caption":"maciej"},"url":"https:\/\/gorzow.news\/index.php\/profile\/maciej\/"}]}},"_links":{"self":[{"href":"https:\/\/gorzow.news\/index.php\/wp-json\/wp\/v2\/posts\/20549","targetHints":{"allow":["GET"]}}],"collection":[{"href":"https:\/\/gorzow.news\/index.php\/wp-json\/wp\/v2\/posts"}],"about":[{"href":"https:\/\/gorzow.news\/index.php\/wp-json\/wp\/v2\/types\/post"}],"author":[{"embeddable":true,"href":"https:\/\/gorzow.news\/index.php\/wp-json\/wp\/v2\/users\/1"}],"replies":[{"embeddable":true,"href":"https:\/\/gorzow.news\/index.php\/wp-json\/wp\/v2\/comments?post=20549"}],"version-history":[{"count":3,"href":"https:\/\/gorzow.news\/index.php\/wp-json\/wp\/v2\/posts\/20549\/revisions"}],"predecessor-version":[{"id":20599,"href":"https:\/\/gorzow.news\/index.php\/wp-json\/wp\/v2\/posts\/20549\/revisions\/20599"}],"wp:featuredmedia":[{"embeddable":true,"href":"https:\/\/gorzow.news\/index.php\/wp-json\/wp\/v2\/media\/20600"}],"wp:attachment":[{"href":"https:\/\/gorzow.news\/index.php\/wp-json\/wp\/v2\/media?parent=20549"}],"wp:term":[{"taxonomy":"category","embeddable":true,"href":"https:\/\/gorzow.news\/index.php\/wp-json\/wp\/v2\/categories?post=20549"},{"taxonomy":"post_tag","embeddable":true,"href":"https:\/\/gorzow.news\/index.php\/wp-json\/wp\/v2\/tags?post=20549"}],"curies":[{"name":"wp","href":"https:\/\/api.w.org\/{rel}","templated":true}]}}