{"id":20460,"date":"2024-03-19T14:18:03","date_gmt":"2024-03-19T13:18:03","guid":{"rendered":"https:\/\/gorzow.news\/?p=20460"},"modified":"2024-03-19T14:19:20","modified_gmt":"2024-03-19T13:19:20","slug":"miasto-walczy-z-wykluczeniem-komunikacyjnym-kolejne-spotkanie-tym-razem-w-ministerstwie-infrastruktury","status":"publish","type":"post","link":"https:\/\/gorzow.news\/index.php\/2024\/03\/19\/miasto-walczy-z-wykluczeniem-komunikacyjnym-kolejne-spotkanie-tym-razem-w-ministerstwie-infrastruktury\/","title":{"rendered":"Walka z wykluczeniem komunikacyjnym. Spotkanie w ministerstwie infrastruktury"},"content":{"rendered":"\n<p><strong>Wiceprezydent Iwona Olek spotka\u0142a si\u0119 w ubieg\u0142ym tygodniu w Warszawie z Piotrem Malepszakiem., podsekretarzem stanu w Ministerstwie Infrastruktury, odpowiedzialnym za transport kolejowy. W spotkaniu zdalnie uczestniczy\u0142 te\u017c prezydent Gorzowa Jacek W\u00f3jcicki. Tematem spotkania z wiceministrem by\u0142o om\u00f3wienie problem\u00f3w, jakie od d\u0142u\u017cszego czasu wyst\u0119puj\u0105 w komunikacji kolejowej Gorzowa i regionu oraz mo\u017cliwo\u015bci ich rozwi\u0105zania w najbli\u017cszym czasie. Te rozwi\u0105zania to nowe po\u0142\u0105czenia PKP IC, \u0142\u0105cznice w Kostrzynie nad Odr\u0105, Program Kolej Plus.<\/strong><\/p>\n\n\n\n<p>W\u0142adze Gorzowa przedstawi\u0142y starania samorz\u0105dowc\u00f3w z wojew\u00f3dztwa lubuskiego oraz wojewody i marsza\u0142ka, poczynione w ostatnich latach, a kt\u00f3rych celem jest rozw\u00f3j infrastruktury kolejowej i wyeliminowanie dzisiejszych problem\u00f3w komunikacyjnych. Te starania pozwol\u0105 te\u017c na integracj\u0119 wi\u0119kszo\u015bci miast regionu, umo\u017cliwi\u0105 trasowanie nowych po\u0142\u0105cze\u0144 kolejowych w ruchu aglomeracyjnym obu stolic wojew\u00f3dztwa, w ruchu regionalnym i ponadregionalnym. Tym samym lepiej skomunikuj\u0105 nasz region z reszt\u0105 kraju.<\/p>\n\n\n\n<p>Wiceprezydent Iwona Olek om\u00f3wi\u0142a ministrowi Piotrowi Malepszakowi inwestycje w zakresie rozwoju transportu publicznego, jakie zosta\u0142y wykonane w ostatnich latach na terenie miasta. M\u00f3wi\u0142a te\u017c o inwestycjach planowanych, jak rozbudowa sieci tramwajowej. Dzi\u0119ki pozyskanym \u015brodkom zewn\u0119trznym rozpocz\u0119to prace nad budow\u0105 w\u0119z\u0142a przesiadkowego przy dworcu PKP wraz z budow\u0105 nowego odcinka linii tramwajowej wzd\u0142u\u017c ul. Jancarza. Zadaniem tej inwestycji jest maksymalne zbli\u017cenie do siebie komunikacji miejskiej i kolejowej oraz tworzenie perspektyw do dalszej efektywnej rozbudowy sieci.<\/p>\n\n\n\n<p>Podczas spotkania wyra\u017cono nadziej\u0119, \u017ce te dzia\u0142ania b\u0119d\u0105 realizowane r\u00f3wnolegle z projektami kolejowymi, na kt\u00f3re licz\u0105 w\u0142adze miasta. Miasto wspiera projekty w zakresie rozwoju infrastruktury kolejowej tj. \u0142\u0105cznice w Kostrzynie nad Odr\u0105, linie objazdowe na czas modernizacji LK 203 tj. Gorz\u00f3w \u2013 Skwierzyna \u2013 Mi\u0119dzych\u00f3d &#8211; Pozna\u0144 w ramach Programu Kolej Plus czy te\u017c projekt pod nazw\u0105 Magistrala Zachodnia.<\/p>\n\n\n\n<p>Wiceminister Malepszak stwierdzi\u0142, \u017ce zna zar\u00f3wno problemy, z jakimi boryka si\u0119 Gorz\u00f3w i p\u00f3\u0142noc regionu, jak te\u017c potencja\u0142 przewozowy naszego obszaru. Zapewni\u0142, \u017ce podj\u0119te zostan\u0105 szybkie dzia\u0142ania, aby stworzy\u0107 powa\u017can\u0105 ofert\u0119 PKP InterCity dla Gorzowa Wlkp. Chodzi o mo\u017cliwo\u015b\u0107 utworzenia szybkich po\u0142\u0105cze\u0144 Pozna\u0144 \u2013 Gorz\u00f3w w atrakcyjnym rozk\u0142adzie (przez Krzy\u017c w pierwszym etapie), a po zako\u0144czeniu inwestycji Kolej Plus przez Skwierzyn\u0119 i Mi\u0119dzych\u00f3d z czasem przejazdu oko\u0142o 1 godzina 15-30 minut.<\/p>\n\n\n\n<p>Piotr Malepszak potwierdzi\u0142, \u017ce projekt budowy \u0142\u0105cznic w Kostrzynie nad Odr\u0105, to jest budowy tor\u00f3w \u0142\u0105cz\u0105cych g\u00f3rny i dolny poziom stacji Kostrzyn nad Odr\u0105, \u0142\u0105cz\u0105cych lini\u0119 nr 203 z 273, kt\u00f3re pozwol\u0105 mi\u0119dzy innymi uruchomi\u0107 bezpo\u015brednie po\u0142\u0105czenie pomi\u0119dzy Gorzowem i Szczecinem, zostanie wpisany do, przewidzianej na po\u0142ow\u0119 tego roku, nowelizacji Krajowego Programu Kolejowego do 2030 roku. To oznacza, \u017ce projekt b\u0119dzie mia\u0142 zapewnione finansowanie.<\/p>\n\n\n\n<p>Wiceminister wskaza\u0142, \u017ce dzi\u0119ki uzyskanym oszcz\u0119dno\u015bciom na poziomie 800 mln z\u0142, w ramach prowadzonych przez PKP PLK przetarg\u00f3w, mo\u017cliwe jest rozszerzenie projekt\u00f3w do realizacji o zadanie dotycz\u0105ce mi\u0119dzy innymi linii kolejowej 273 na odcinku Kostrzyn &#8211; Szczecin Podjuchy, w kt\u00f3rym w\u0142a\u015bnie dzi\u0119ki zaanga\u017cowaniu samorz\u0105d\u00f3w wpisane do realizacji zosta\u0142y \u0142\u0105cznice w Kostrzynie. Podkre\u015bli\u0142, \u017ce taka inwestycja, jak \u0142\u0105cznice w Kostrzynie nad Odr\u0105, cho\u0107 niewielka na tle innych wa\u017cnych inwestycji, wykonywanych obecnie przez PKP PLK, jest kluczowe dla rozwoju nowych po\u0142\u0105cze\u0144 w regionie. W jego ocenie \u0142\u0105cznice powinny zosta\u0107 oddane do ruchu za oko\u0142o 3 do 4 lata.<\/p>\n\n\n\n<p>Kolejnym tematem poruszonym przez prezydent\u00f3w Gorzowa, by\u0142 Pogram Kolej Plus, czyli projekty pod nazw\u0105 \u201eRemont linii nr 363 na odcinku Skwierzyna \u2013 Mi\u0119dzych\u00f3d\u201d oraz \u201eRewitalizacja linii kolejowej nr 368 Mi\u0119dzych\u00f3d \u2013 Szamotu\u0142y.\u201d Tu wiceminister wskaza\u0142, i\u017c najwa\u017cniejszym kryterium w tych projektach b\u0119dzie uzyskanie jak najwy\u017cszej efektywno\u015bci przewozowej linii, tak\u017ce poprzez uzyskanie najlepszych parametr\u00f3w. Kluczem do takiej decyzji jest analiza podatno\u015bci modernizacyjnej odcink\u00f3w linii kolejowych, tworz\u0105cych korytarz oraz perspektywa maksymalnego obci\u0105\u017cenia ruchem wszystkich kategorii poci\u0105g\u00f3w. W przypadku linii 367, 363 i 368 uzyskanie geometrii toru dla pr\u0119dko\u015bci 160 km\/h jest technicznie mo\u017cliwe oraz niezb\u0119dne, aby mo\u017cna by\u0142o maksymalnie skr\u00f3ci\u0107 czas przejazdu pomi\u0119dzy Gorzowem a Poznaniem. Docelowo, dzi\u0119ki \u0142\u0105cznicom w Kostrzynie nad Odr\u0105, mo\u017cna b\u0119dzie uruchomi\u0107 kolejny korytarz Szczecin \u2013 Gorz\u00f3w \u2013 Pozna\u0144 \u2013 kluczowy jest czas przejazdu wynikaj\u0105cy z parametr\u00f3w poszczeg\u00f3lnych odcink\u00f3w linii.<\/p>\n\n\n\n<p>Podczas spotkania poruszono r\u00f3wnie\u017c kwesti\u0119 potrzeby dalszych prac nad koncepcj\u0105 budowy tzw. Magistrali Zachodniej, o kt\u00f3r\u0105 od kilku zabiegaj\u0105 samorz\u0105dy przy du\u017cym wsparciu wojewody lubuskiego. Inwestycja ta jest szans\u0105 na niezb\u0119dne i oczekiwane przez mieszka\u0144c\u00f3w zintegrowanie komunikacyjne naszego wojew\u00f3dztwa.<\/p>\n\n\n<div class=\"wp-block-image\">\n<figure class=\"aligncenter size-large\"><img loading=\"lazy\" decoding=\"async\" width=\"818\" height=\"1024\" src=\"https:\/\/gorzow.news\/wp-content\/uploads\/2024\/03\/fotob-12847-818x1024.png\" alt=\"\" class=\"wp-image-20462\" srcset=\"https:\/\/gorzow.news\/wp-content\/uploads\/2024\/03\/fotob-12847-818x1024.png 818w, https:\/\/gorzow.news\/wp-content\/uploads\/2024\/03\/fotob-12847-240x300.png 240w, https:\/\/gorzow.news\/wp-content\/uploads\/2024\/03\/fotob-12847-768x961.png 768w, https:\/\/gorzow.news\/wp-content\/uploads\/2024\/03\/fotob-12847-696x871.png 696w, https:\/\/gorzow.news\/wp-content\/uploads\/2024\/03\/fotob-12847.png 863w\" sizes=\"auto, (max-width: 818px) 100vw, 818px\" \/><\/figure>\n<\/div>","protected":false},"excerpt":{"rendered":"<p>Wiceprezydent Iwona Olek spotka\u0142a si\u0119 w ubieg\u0142ym tygodniu w Warszawie z Piotrem Malepszakiem., podsekretarzem stanu w Ministerstwie Infrastruktury, odpowiedzialnym za transport kolejowy. W spotkaniu zdalnie uczestniczy\u0142 te\u017c prezydent Gorzowa Jacek W\u00f3jcicki. Tematem spotkania z wiceministrem by\u0142o om\u00f3wienie problem\u00f3w, jakie od d\u0142u\u017cszego czasu wyst\u0119puj\u0105 w komunikacji kolejowej Gorzowa i regionu oraz mo\u017cliwo\u015bci ich rozwi\u0105zania w najbli\u017cszym [&hellip;]<\/p>\n","protected":false},"author":1,"featured_media":20461,"comment_status":"open","ping_status":"open","sticky":false,"template":"","format":"standard","meta":{"footnotes":"","_links_to":"","_links_to_target":""},"categories":[597,589],"tags":[816,1427,2767,2786,2045,2784,615,2785],"class_list":{"0":"post-20460","1":"post","2":"type-post","3":"status-publish","4":"format-standard","5":"has-post-thumbnail","7":"category-fakty-opinie","8":"category-wiadomosci","9":"tag-iwona-olek","10":"tag-linia-203","11":"tag-linia-273","12":"tag-linia-368","13":"tag-ministerstwo-infrastruktury","14":"tag-piotr-malepszak","15":"tag-pkp","16":"tag-wykluczenie-komunikacyjne"},"yoast_head":"<!-- This site is optimized with the Yoast SEO plugin v27.3 - https:\/\/yoast.com\/product\/yoast-seo-wordpress\/ -->\n<title>Walka z wykluczeniem komunikacyjnym. Spotkanie w ministerstwie infrastruktury - Gorz\u00f3w News<\/title>\n<meta name=\"robots\" content=\"index, follow, max-snippet:-1, max-image-preview:large, max-video-preview:-1\" \/>\n<link rel=\"canonical\" href=\"https:\/\/gorzow.news\/index.php\/2024\/03\/19\/miasto-walczy-z-wykluczeniem-komunikacyjnym-kolejne-spotkanie-tym-razem-w-ministerstwie-infrastruktury\/\" \/>\n<meta property=\"og:locale\" content=\"pl_PL\" \/>\n<meta property=\"og:type\" content=\"article\" \/>\n<meta property=\"og:title\" content=\"Walka z wykluczeniem komunikacyjnym. Spotkanie w ministerstwie infrastruktury - Gorz\u00f3w News\" \/>\n<meta property=\"og:description\" content=\"Wiceprezydent Iwona Olek spotka\u0142a si\u0119 w ubieg\u0142ym tygodniu w Warszawie z Piotrem Malepszakiem., podsekretarzem stanu w Ministerstwie Infrastruktury,\" \/>\n<meta property=\"og:url\" content=\"https:\/\/gorzow.news\/index.php\/2024\/03\/19\/miasto-walczy-z-wykluczeniem-komunikacyjnym-kolejne-spotkanie-tym-razem-w-ministerstwie-infrastruktury\/\" \/>\n<meta property=\"og:site_name\" content=\"Gorz\u00f3w News\" \/>\n<meta property=\"article:publisher\" content=\"https:\/\/www.facebook.com\/gorzowskinews\" \/>\n<meta property=\"article:published_time\" content=\"2024-03-19T13:18:03+00:00\" \/>\n<meta property=\"article:modified_time\" content=\"2024-03-19T13:19:20+00:00\" \/>\n<meta property=\"og:image\" content=\"https:\/\/gorzow.news\/wp-content\/uploads\/2024\/03\/cropped-akt-fotob-5620-kopia.jpg\" \/>\n\t<meta property=\"og:image:width\" content=\"1192\" \/>\n\t<meta property=\"og:image:height\" content=\"563\" \/>\n\t<meta property=\"og:image:type\" content=\"image\/jpeg\" \/>\n<meta name=\"author\" content=\"maciej\" \/>\n<meta name=\"twitter:card\" content=\"summary_large_image\" \/>\n<meta name=\"twitter:label1\" content=\"Napisane przez\" \/>\n\t<meta name=\"twitter:data1\" content=\"maciej\" \/>\n\t<meta name=\"twitter:label2\" content=\"Szacowany czas czytania\" \/>\n\t<meta name=\"twitter:data2\" content=\"5 minut\" \/>\n<script type=\"application\/ld+json\" class=\"yoast-schema-graph\">{\"@context\":\"https:\\\/\\\/schema.org\",\"@graph\":[{\"@type\":\"Article\",\"@id\":\"https:\\\/\\\/gorzow.news\\\/index.php\\\/2024\\\/03\\\/19\\\/miasto-walczy-z-wykluczeniem-komunikacyjnym-kolejne-spotkanie-tym-razem-w-ministerstwie-infrastruktury\\\/#article\",\"isPartOf\":{\"@id\":\"https:\\\/\\\/gorzow.news\\\/index.php\\\/2024\\\/03\\\/19\\\/miasto-walczy-z-wykluczeniem-komunikacyjnym-kolejne-spotkanie-tym-razem-w-ministerstwie-infrastruktury\\\/\"},\"author\":{\"name\":\"maciej\",\"@id\":\"https:\\\/\\\/gorzow.news\\\/#\\\/schema\\\/person\\\/a1e5ab43166369f2ce236a1cd90995bb\"},\"headline\":\"Walka z wykluczeniem komunikacyjnym. Spotkanie w ministerstwie infrastruktury\",\"datePublished\":\"2024-03-19T13:18:03+00:00\",\"dateModified\":\"2024-03-19T13:19:20+00:00\",\"mainEntityOfPage\":{\"@id\":\"https:\\\/\\\/gorzow.news\\\/index.php\\\/2024\\\/03\\\/19\\\/miasto-walczy-z-wykluczeniem-komunikacyjnym-kolejne-spotkanie-tym-razem-w-ministerstwie-infrastruktury\\\/\"},\"wordCount\":791,\"commentCount\":0,\"image\":{\"@id\":\"https:\\\/\\\/gorzow.news\\\/index.php\\\/2024\\\/03\\\/19\\\/miasto-walczy-z-wykluczeniem-komunikacyjnym-kolejne-spotkanie-tym-razem-w-ministerstwie-infrastruktury\\\/#primaryimage\"},\"thumbnailUrl\":\"https:\\\/\\\/gorzow.news\\\/wp-content\\\/uploads\\\/2024\\\/03\\\/cropped-akt-fotob-5620-kopia.jpg\",\"keywords\":[\"Iwona Olek\",\"linia 203\",\"linia 273\",\"linia 368\",\"Ministerstwo Infrastruktury\",\"Piotr Malepszak\",\"PKP\",\"wykluczenie komunikacyjne\"],\"articleSection\":[\"Fakty i opinie\",\"Wiadomo\u015bci\"],\"inLanguage\":\"pl-PL\",\"potentialAction\":[{\"@type\":\"CommentAction\",\"name\":\"Comment\",\"target\":[\"https:\\\/\\\/gorzow.news\\\/index.php\\\/2024\\\/03\\\/19\\\/miasto-walczy-z-wykluczeniem-komunikacyjnym-kolejne-spotkanie-tym-razem-w-ministerstwie-infrastruktury\\\/#respond\"]}]},{\"@type\":\"WebPage\",\"@id\":\"https:\\\/\\\/gorzow.news\\\/index.php\\\/2024\\\/03\\\/19\\\/miasto-walczy-z-wykluczeniem-komunikacyjnym-kolejne-spotkanie-tym-razem-w-ministerstwie-infrastruktury\\\/\",\"url\":\"https:\\\/\\\/gorzow.news\\\/index.php\\\/2024\\\/03\\\/19\\\/miasto-walczy-z-wykluczeniem-komunikacyjnym-kolejne-spotkanie-tym-razem-w-ministerstwie-infrastruktury\\\/\",\"name\":\"Walka z wykluczeniem komunikacyjnym. Spotkanie w ministerstwie infrastruktury - Gorz\u00f3w News\",\"isPartOf\":{\"@id\":\"https:\\\/\\\/gorzow.news\\\/#website\"},\"primaryImageOfPage\":{\"@id\":\"https:\\\/\\\/gorzow.news\\\/index.php\\\/2024\\\/03\\\/19\\\/miasto-walczy-z-wykluczeniem-komunikacyjnym-kolejne-spotkanie-tym-razem-w-ministerstwie-infrastruktury\\\/#primaryimage\"},\"image\":{\"@id\":\"https:\\\/\\\/gorzow.news\\\/index.php\\\/2024\\\/03\\\/19\\\/miasto-walczy-z-wykluczeniem-komunikacyjnym-kolejne-spotkanie-tym-razem-w-ministerstwie-infrastruktury\\\/#primaryimage\"},\"thumbnailUrl\":\"https:\\\/\\\/gorzow.news\\\/wp-content\\\/uploads\\\/2024\\\/03\\\/cropped-akt-fotob-5620-kopia.jpg\",\"datePublished\":\"2024-03-19T13:18:03+00:00\",\"dateModified\":\"2024-03-19T13:19:20+00:00\",\"author\":{\"@id\":\"https:\\\/\\\/gorzow.news\\\/#\\\/schema\\\/person\\\/a1e5ab43166369f2ce236a1cd90995bb\"},\"breadcrumb\":{\"@id\":\"https:\\\/\\\/gorzow.news\\\/index.php\\\/2024\\\/03\\\/19\\\/miasto-walczy-z-wykluczeniem-komunikacyjnym-kolejne-spotkanie-tym-razem-w-ministerstwie-infrastruktury\\\/#breadcrumb\"},\"inLanguage\":\"pl-PL\",\"potentialAction\":[{\"@type\":\"ReadAction\",\"target\":[\"https:\\\/\\\/gorzow.news\\\/index.php\\\/2024\\\/03\\\/19\\\/miasto-walczy-z-wykluczeniem-komunikacyjnym-kolejne-spotkanie-tym-razem-w-ministerstwie-infrastruktury\\\/\"]}]},{\"@type\":\"ImageObject\",\"inLanguage\":\"pl-PL\",\"@id\":\"https:\\\/\\\/gorzow.news\\\/index.php\\\/2024\\\/03\\\/19\\\/miasto-walczy-z-wykluczeniem-komunikacyjnym-kolejne-spotkanie-tym-razem-w-ministerstwie-infrastruktury\\\/#primaryimage\",\"url\":\"https:\\\/\\\/gorzow.news\\\/wp-content\\\/uploads\\\/2024\\\/03\\\/cropped-akt-fotob-5620-kopia.jpg\",\"contentUrl\":\"https:\\\/\\\/gorzow.news\\\/wp-content\\\/uploads\\\/2024\\\/03\\\/cropped-akt-fotob-5620-kopia.jpg\",\"width\":1192,\"height\":563,\"caption\":\"Spotkanie wiceprezydent Gorzowa Iwony Olek z Piotrem Malepszakiem, podsekretarzem stanu w Ministerstwie Infrastruktury. fot. UM\"},{\"@type\":\"BreadcrumbList\",\"@id\":\"https:\\\/\\\/gorzow.news\\\/index.php\\\/2024\\\/03\\\/19\\\/miasto-walczy-z-wykluczeniem-komunikacyjnym-kolejne-spotkanie-tym-razem-w-ministerstwie-infrastruktury\\\/#breadcrumb\",\"itemListElement\":[{\"@type\":\"ListItem\",\"position\":1,\"name\":\"Home\",\"item\":\"https:\\\/\\\/gorzow.news\\\/\"},{\"@type\":\"ListItem\",\"position\":2,\"name\":\"Walka z wykluczeniem komunikacyjnym. Spotkanie w ministerstwie infrastruktury\"}]},{\"@type\":\"WebSite\",\"@id\":\"https:\\\/\\\/gorzow.news\\\/#website\",\"url\":\"https:\\\/\\\/gorzow.news\\\/\",\"name\":\"Gorz\u00f3w News\",\"description\":\"Sp\u00f3jrz inaczej na miato i region...\",\"potentialAction\":[{\"@type\":\"SearchAction\",\"target\":{\"@type\":\"EntryPoint\",\"urlTemplate\":\"https:\\\/\\\/gorzow.news\\\/?s={search_term_string}\"},\"query-input\":{\"@type\":\"PropertyValueSpecification\",\"valueRequired\":true,\"valueName\":\"search_term_string\"}}],\"inLanguage\":\"pl-PL\"},{\"@type\":\"Person\",\"@id\":\"https:\\\/\\\/gorzow.news\\\/#\\\/schema\\\/person\\\/a1e5ab43166369f2ce236a1cd90995bb\",\"name\":\"maciej\",\"image\":{\"@type\":\"ImageObject\",\"inLanguage\":\"pl-PL\",\"@id\":\"https:\\\/\\\/secure.gravatar.com\\\/avatar\\\/530a674d56ba60cfa0ef21d74e8e8d123a51bb7aa6580465b5c2ab2c2e980a19?s=96&r=g&d=https:\\\/\\\/gorzow.news\\\/wp-content\\\/plugins\\\/userswp\\\/assets\\\/images\\\/no_profile.png\",\"url\":\"https:\\\/\\\/secure.gravatar.com\\\/avatar\\\/530a674d56ba60cfa0ef21d74e8e8d123a51bb7aa6580465b5c2ab2c2e980a19?s=96&r=g&d=https:\\\/\\\/gorzow.news\\\/wp-content\\\/plugins\\\/userswp\\\/assets\\\/images\\\/no_profile.png\",\"contentUrl\":\"https:\\\/\\\/secure.gravatar.com\\\/avatar\\\/530a674d56ba60cfa0ef21d74e8e8d123a51bb7aa6580465b5c2ab2c2e980a19?s=96&r=g&d=https:\\\/\\\/gorzow.news\\\/wp-content\\\/plugins\\\/userswp\\\/assets\\\/images\\\/no_profile.png\",\"caption\":\"maciej\"},\"url\":\"https:\\\/\\\/gorzow.news\\\/index.php\\\/profile\\\/maciej\\\/\"}]}<\/script>\n<!-- \/ Yoast SEO plugin. -->","yoast_head_json":{"title":"Walka z wykluczeniem komunikacyjnym. Spotkanie w ministerstwie infrastruktury - Gorz\u00f3w News","robots":{"index":"index","follow":"follow","max-snippet":"max-snippet:-1","max-image-preview":"max-image-preview:large","max-video-preview":"max-video-preview:-1"},"canonical":"https:\/\/gorzow.news\/index.php\/2024\/03\/19\/miasto-walczy-z-wykluczeniem-komunikacyjnym-kolejne-spotkanie-tym-razem-w-ministerstwie-infrastruktury\/","og_locale":"pl_PL","og_type":"article","og_title":"Walka z wykluczeniem komunikacyjnym. Spotkanie w ministerstwie infrastruktury - Gorz\u00f3w News","og_description":"Wiceprezydent Iwona Olek spotka\u0142a si\u0119 w ubieg\u0142ym tygodniu w Warszawie z Piotrem Malepszakiem., podsekretarzem stanu w Ministerstwie Infrastruktury,","og_url":"https:\/\/gorzow.news\/index.php\/2024\/03\/19\/miasto-walczy-z-wykluczeniem-komunikacyjnym-kolejne-spotkanie-tym-razem-w-ministerstwie-infrastruktury\/","og_site_name":"Gorz\u00f3w News","article_publisher":"https:\/\/www.facebook.com\/gorzowskinews","article_published_time":"2024-03-19T13:18:03+00:00","article_modified_time":"2024-03-19T13:19:20+00:00","og_image":[{"width":1192,"height":563,"url":"https:\/\/gorzow.news\/wp-content\/uploads\/2024\/03\/cropped-akt-fotob-5620-kopia.jpg","type":"image\/jpeg"}],"author":"maciej","twitter_card":"summary_large_image","twitter_misc":{"Napisane przez":"maciej","Szacowany czas czytania":"5 minut"},"schema":{"@context":"https:\/\/schema.org","@graph":[{"@type":"Article","@id":"https:\/\/gorzow.news\/index.php\/2024\/03\/19\/miasto-walczy-z-wykluczeniem-komunikacyjnym-kolejne-spotkanie-tym-razem-w-ministerstwie-infrastruktury\/#article","isPartOf":{"@id":"https:\/\/gorzow.news\/index.php\/2024\/03\/19\/miasto-walczy-z-wykluczeniem-komunikacyjnym-kolejne-spotkanie-tym-razem-w-ministerstwie-infrastruktury\/"},"author":{"name":"maciej","@id":"https:\/\/gorzow.news\/#\/schema\/person\/a1e5ab43166369f2ce236a1cd90995bb"},"headline":"Walka z wykluczeniem komunikacyjnym. Spotkanie w ministerstwie infrastruktury","datePublished":"2024-03-19T13:18:03+00:00","dateModified":"2024-03-19T13:19:20+00:00","mainEntityOfPage":{"@id":"https:\/\/gorzow.news\/index.php\/2024\/03\/19\/miasto-walczy-z-wykluczeniem-komunikacyjnym-kolejne-spotkanie-tym-razem-w-ministerstwie-infrastruktury\/"},"wordCount":791,"commentCount":0,"image":{"@id":"https:\/\/gorzow.news\/index.php\/2024\/03\/19\/miasto-walczy-z-wykluczeniem-komunikacyjnym-kolejne-spotkanie-tym-razem-w-ministerstwie-infrastruktury\/#primaryimage"},"thumbnailUrl":"https:\/\/gorzow.news\/wp-content\/uploads\/2024\/03\/cropped-akt-fotob-5620-kopia.jpg","keywords":["Iwona Olek","linia 203","linia 273","linia 368","Ministerstwo Infrastruktury","Piotr Malepszak","PKP","wykluczenie komunikacyjne"],"articleSection":["Fakty i opinie","Wiadomo\u015bci"],"inLanguage":"pl-PL","potentialAction":[{"@type":"CommentAction","name":"Comment","target":["https:\/\/gorzow.news\/index.php\/2024\/03\/19\/miasto-walczy-z-wykluczeniem-komunikacyjnym-kolejne-spotkanie-tym-razem-w-ministerstwie-infrastruktury\/#respond"]}]},{"@type":"WebPage","@id":"https:\/\/gorzow.news\/index.php\/2024\/03\/19\/miasto-walczy-z-wykluczeniem-komunikacyjnym-kolejne-spotkanie-tym-razem-w-ministerstwie-infrastruktury\/","url":"https:\/\/gorzow.news\/index.php\/2024\/03\/19\/miasto-walczy-z-wykluczeniem-komunikacyjnym-kolejne-spotkanie-tym-razem-w-ministerstwie-infrastruktury\/","name":"Walka z wykluczeniem komunikacyjnym. Spotkanie w ministerstwie infrastruktury - Gorz\u00f3w News","isPartOf":{"@id":"https:\/\/gorzow.news\/#website"},"primaryImageOfPage":{"@id":"https:\/\/gorzow.news\/index.php\/2024\/03\/19\/miasto-walczy-z-wykluczeniem-komunikacyjnym-kolejne-spotkanie-tym-razem-w-ministerstwie-infrastruktury\/#primaryimage"},"image":{"@id":"https:\/\/gorzow.news\/index.php\/2024\/03\/19\/miasto-walczy-z-wykluczeniem-komunikacyjnym-kolejne-spotkanie-tym-razem-w-ministerstwie-infrastruktury\/#primaryimage"},"thumbnailUrl":"https:\/\/gorzow.news\/wp-content\/uploads\/2024\/03\/cropped-akt-fotob-5620-kopia.jpg","datePublished":"2024-03-19T13:18:03+00:00","dateModified":"2024-03-19T13:19:20+00:00","author":{"@id":"https:\/\/gorzow.news\/#\/schema\/person\/a1e5ab43166369f2ce236a1cd90995bb"},"breadcrumb":{"@id":"https:\/\/gorzow.news\/index.php\/2024\/03\/19\/miasto-walczy-z-wykluczeniem-komunikacyjnym-kolejne-spotkanie-tym-razem-w-ministerstwie-infrastruktury\/#breadcrumb"},"inLanguage":"pl-PL","potentialAction":[{"@type":"ReadAction","target":["https:\/\/gorzow.news\/index.php\/2024\/03\/19\/miasto-walczy-z-wykluczeniem-komunikacyjnym-kolejne-spotkanie-tym-razem-w-ministerstwie-infrastruktury\/"]}]},{"@type":"ImageObject","inLanguage":"pl-PL","@id":"https:\/\/gorzow.news\/index.php\/2024\/03\/19\/miasto-walczy-z-wykluczeniem-komunikacyjnym-kolejne-spotkanie-tym-razem-w-ministerstwie-infrastruktury\/#primaryimage","url":"https:\/\/gorzow.news\/wp-content\/uploads\/2024\/03\/cropped-akt-fotob-5620-kopia.jpg","contentUrl":"https:\/\/gorzow.news\/wp-content\/uploads\/2024\/03\/cropped-akt-fotob-5620-kopia.jpg","width":1192,"height":563,"caption":"Spotkanie wiceprezydent Gorzowa Iwony Olek z Piotrem Malepszakiem, podsekretarzem stanu w Ministerstwie Infrastruktury. fot. UM"},{"@type":"BreadcrumbList","@id":"https:\/\/gorzow.news\/index.php\/2024\/03\/19\/miasto-walczy-z-wykluczeniem-komunikacyjnym-kolejne-spotkanie-tym-razem-w-ministerstwie-infrastruktury\/#breadcrumb","itemListElement":[{"@type":"ListItem","position":1,"name":"Home","item":"https:\/\/gorzow.news\/"},{"@type":"ListItem","position":2,"name":"Walka z wykluczeniem komunikacyjnym. Spotkanie w ministerstwie infrastruktury"}]},{"@type":"WebSite","@id":"https:\/\/gorzow.news\/#website","url":"https:\/\/gorzow.news\/","name":"Gorz\u00f3w News","description":"Sp\u00f3jrz inaczej na miato i region...","potentialAction":[{"@type":"SearchAction","target":{"@type":"EntryPoint","urlTemplate":"https:\/\/gorzow.news\/?s={search_term_string}"},"query-input":{"@type":"PropertyValueSpecification","valueRequired":true,"valueName":"search_term_string"}}],"inLanguage":"pl-PL"},{"@type":"Person","@id":"https:\/\/gorzow.news\/#\/schema\/person\/a1e5ab43166369f2ce236a1cd90995bb","name":"maciej","image":{"@type":"ImageObject","inLanguage":"pl-PL","@id":"https:\/\/secure.gravatar.com\/avatar\/530a674d56ba60cfa0ef21d74e8e8d123a51bb7aa6580465b5c2ab2c2e980a19?s=96&r=g&d=https:\/\/gorzow.news\/wp-content\/plugins\/userswp\/assets\/images\/no_profile.png","url":"https:\/\/secure.gravatar.com\/avatar\/530a674d56ba60cfa0ef21d74e8e8d123a51bb7aa6580465b5c2ab2c2e980a19?s=96&r=g&d=https:\/\/gorzow.news\/wp-content\/plugins\/userswp\/assets\/images\/no_profile.png","contentUrl":"https:\/\/secure.gravatar.com\/avatar\/530a674d56ba60cfa0ef21d74e8e8d123a51bb7aa6580465b5c2ab2c2e980a19?s=96&r=g&d=https:\/\/gorzow.news\/wp-content\/plugins\/userswp\/assets\/images\/no_profile.png","caption":"maciej"},"url":"https:\/\/gorzow.news\/index.php\/profile\/maciej\/"}]}},"_links":{"self":[{"href":"https:\/\/gorzow.news\/index.php\/wp-json\/wp\/v2\/posts\/20460","targetHints":{"allow":["GET"]}}],"collection":[{"href":"https:\/\/gorzow.news\/index.php\/wp-json\/wp\/v2\/posts"}],"about":[{"href":"https:\/\/gorzow.news\/index.php\/wp-json\/wp\/v2\/types\/post"}],"author":[{"embeddable":true,"href":"https:\/\/gorzow.news\/index.php\/wp-json\/wp\/v2\/users\/1"}],"replies":[{"embeddable":true,"href":"https:\/\/gorzow.news\/index.php\/wp-json\/wp\/v2\/comments?post=20460"}],"version-history":[{"count":2,"href":"https:\/\/gorzow.news\/index.php\/wp-json\/wp\/v2\/posts\/20460\/revisions"}],"predecessor-version":[{"id":20464,"href":"https:\/\/gorzow.news\/index.php\/wp-json\/wp\/v2\/posts\/20460\/revisions\/20464"}],"wp:featuredmedia":[{"embeddable":true,"href":"https:\/\/gorzow.news\/index.php\/wp-json\/wp\/v2\/media\/20461"}],"wp:attachment":[{"href":"https:\/\/gorzow.news\/index.php\/wp-json\/wp\/v2\/media?parent=20460"}],"wp:term":[{"taxonomy":"category","embeddable":true,"href":"https:\/\/gorzow.news\/index.php\/wp-json\/wp\/v2\/categories?post=20460"},{"taxonomy":"post_tag","embeddable":true,"href":"https:\/\/gorzow.news\/index.php\/wp-json\/wp\/v2\/tags?post=20460"}],"curies":[{"name":"wp","href":"https:\/\/api.w.org\/{rel}","templated":true}]}}