{"id":20325,"date":"2024-03-15T13:00:00","date_gmt":"2024-03-15T12:00:00","guid":{"rendered":"https:\/\/gorzow.news\/?p=20325"},"modified":"2024-03-16T10:51:30","modified_gmt":"2024-03-16T09:51:30","slug":"przy-osadniczej-powstanie-centrum-opiekunczo-mieszkalne-ile-bedzie-kosztowal-i-jak-bedzie-wygladalo","status":"publish","type":"post","link":"https:\/\/gorzow.news\/index.php\/2024\/03\/15\/przy-osadniczej-powstanie-centrum-opiekunczo-mieszkalne-ile-bedzie-kosztowal-i-jak-bedzie-wygladalo\/","title":{"rendered":"Przy Osadniczej powstanie Centrum Opieku\u0144czo &#8211; Mieszkalne. Ile b\u0119dzie kosztowa\u0142o i jak b\u0119dzie wygl\u0105da\u0142o?"},"content":{"rendered":"\n<p><strong>Miasto zbuduje Centrum Opieku\u0144czo \u2013 Mieszkalne. Inwestycja b\u0119dzie kosztowa\u0142a ponad 6 mln z\u0142otych, ale na wniosek miasta ponad po\u0142ow\u0119 da na ten cel Ministerstwo Rodziny i Polityki Spo\u0142ecznej. W czwartek prezydent Jacek W\u00f3jcicki podpisa\u0142 w tej sprawie umow\u0119 z wojewod\u0105 lubuskim Markiem Cebul\u0105.<\/strong><\/p>\n\n\n\n<p>&#8211; Centrum ma powsta\u0107 na dzia\u0142ce przy ul. Osadniczej. Posiadamy ju\u017c gotow\u0105 dokumentacj\u0119 projektow\u0105 wraz z odpowiednimi zgodami oraz pozwoleniem na budow\u0119. Umowa z wojewod\u0105 lubuskim daje nam gwarancje realizacji tej inwestycji &#8211; powiedzia\u0142 prezydent Jacek W\u00f3jcicki.<\/p>\n\n\n\n<p>Ca\u0142kowita powierzchnia Centrum wyniesie 528,85 mkw. Na terenie dzia\u0142ki znajdzie si\u0119 nie tylko budynek, ale r\u00f3wnie\u017c parking, teren rekreacyjny oraz zadaszony taras.<\/p>\n\n\n\n<p>Budynek Centrum podzielony b\u0119dzie na trzy strefy &#8211; ca\u0142odobow\u0105 (z 4 jednoosobowymi pokojami z \u0142azienkami, pokojem do \u0107wicze\u0144, pomieszczeniami porz\u0105dkowymi); dzienn\u0105 (z miejscem do wypoczynku, wsp\u00f3lnego jedzenia i przygotowywania posi\u0142k\u00f3w czy aktywnego sp\u0119dzania czasu) oraz administracyjno-biurow\u0105 (z pokojem medycznym, pokojem fizjoterapeuty i psychologa).<\/p>\n\n\n\n<p>Koszt budowy Centrum jest szacowany na 6,3 mln z\u0142. \u015arodki z Ministerstwa wynios\u0105 blisko 3,5 mln z\u0142, wk\u0142ad miasta to 2,8 mln z\u0142otych.<\/p>\n\n\n\n<p>&#8211; Utworzenie Centrum Opieku\u0144czo-Mieszkalnego to element naszej spo\u0142ecznej strategii dla Gorzowa. Ma na celu popraw\u0119 jako\u015bci \u017cycia doros\u0142ym osobom z niepe\u0142nosprawno\u015bciami, z orzeczeniem o znacznym lub umiarkowanym stopniu, zapewnienie us\u0142ugi zamieszkiwania ca\u0142odobowego lub dziennego dla potrzebuj\u0105cych \u2013 m\u00f3wi\u0142 prezydent W\u00f3jcicki przed podpisaniem umowy.<\/p>\n\n\n\n<p>Zgodnie z zapisami programu Ministerstwa Rodziny i Polityki Spo\u0142ecznej, \u201eCentra opieku\u0144czo-mieszkalne\u201d, z us\u0142ug organizowanych w Centrum mog\u0105 skorzysta\u0107 wy\u0142\u0105cznie osoby doros\u0142e z orzeczeniem o znacznym lub umiarkowanym stopniu niepe\u0142nosprawno\u015bci lub orzeczeniem traktowanym na r\u00f3wni z orzeczeniem o znacznym lub umiarkowanym stopniu niepe\u0142nosprawno\u015bci, kt\u00f3re otrzymaj\u0105 decyzj\u0119 administracyjn\u0105 o przyznaniu us\u0142ugi pobytu w Centrum. Decyzja wydawana b\u0119dzie na podstawie ustawy z dnia 12 marca 2004 r. o pomocy spo\u0142ecznej, poprzedzona pisemnymi ustaleniami pomi\u0119dzy podmiotem prowadz\u0105cym Centrum a osob\u0105 ubiegaj\u0105ca si\u0119 o pobyt w Centrum lub jej przedstawicielem ustawowym (tzw. kontrakt mieszkaniowy).<\/p>\n\n\n\n<p>W Centrum powstanie 20 miejsc dla doros\u0142ych os\u00f3b z niepe\u0142nosprawno\u015bciami, w tym w ramach pobytu dziennego 16 miejsc, natomiast w ramach pobytu ca\u0142odobowego cztery miejsca.<\/p>\n\n\n\r\n                <style type=\"text\/css\">\r\n                    \r\n                    #tdi_1  .td-doubleSlider-2 .td-item1 {\r\n                        background: url(https:\/\/gorzow.news\/wp-content\/uploads\/2024\/03\/com2-1-gorzow.jpg) 0 0 no-repeat;\r\n                    }\r\n                    #tdi_1  .td-doubleSlider-2 .td-item2 {\r\n                        background: url(https:\/\/gorzow.news\/wp-content\/uploads\/2024\/03\/com1-gorzow.jpg) 0 0 no-repeat;\r\n                    }\r\n                    #tdi_1  .td-doubleSlider-2 .td-item3 {\r\n                        background: url(https:\/\/gorzow.news\/wp-content\/uploads\/2024\/03\/com3-gorzow.jpg) 0 0 no-repeat;\r\n                    }\r\n                    #tdi_1  .td-doubleSlider-2 .td-item4 {\r\n                        background: url(https:\/\/gorzow.news\/wp-content\/uploads\/2024\/03\/com4-gorzow.jpg) 0 0 no-repeat;\r\n                    }\r\n                <\/style>\r\n\r\n                <div id=\"tdi_1\" class=\"td-gallery td-slide-on-2-columns\">\r\n                    <div class=\"post_td_gallery\">\r\n                        <div class=\"td-gallery-slide-top\">\r\n                           <div class=\"td-gallery-title\">Projekt Centrum Opieku\u0144czo - Mieszkalnego. Autorska Pracownia Architektury Jakub Koralewski<\/div>\r\n\r\n                            <div class=\"td-gallery-controls-wrapper\">\r\n                                <div class=\"td-gallery-slide-count\"><span class=\"td-gallery-slide-item-focus\">1<\/span> z 4<\/div>\r\n                                <div class=\"td-gallery-slide-prev-next-but\">\r\n                                    <i class = \"td-icon-left doubleSliderPrevButton\"><\/i>\r\n                                    <i class = \"td-icon-right doubleSliderNextButton\"><\/i>\r\n                                <\/div>\r\n                            <\/div>\r\n                        <\/div>\r\n\r\n                        <div class = \"td-doubleSlider-1 \">\r\n                            <div class = \"td-slider\">\r\n                                \r\n                    <div class = \"td-slide-item td-item1\">\r\n                        <figure class=\"td-slide-galery-figure td-slide-popup-gallery\">\r\n                            <a class=\"slide-gallery-image-link\" href=\"https:\/\/gorzow.news\/wp-content\/uploads\/2024\/03\/com2-1-gorzow.jpg\" title=\"\"  data-caption=\"\"  data-description=\"\">\r\n                                <img decoding=\"async\" src=\"https:\/\/gorzow.news\/wp-content\/uploads\/2024\/03\/com2-1-gorzow.jpg\" srcset=\"https:\/\/gorzow.news\/wp-content\/uploads\/2024\/03\/com2-1-gorzow.jpg 1600w, https:\/\/gorzow.news\/wp-content\/uploads\/2024\/03\/com2-1-gorzow-300x188.jpg 300w, https:\/\/gorzow.news\/wp-content\/uploads\/2024\/03\/com2-1-gorzow-1024x640.jpg 1024w, https:\/\/gorzow.news\/wp-content\/uploads\/2024\/03\/com2-1-gorzow-768x480.jpg 768w, https:\/\/gorzow.news\/wp-content\/uploads\/2024\/03\/com2-1-gorzow-1536x960.jpg 1536w, https:\/\/gorzow.news\/wp-content\/uploads\/2024\/03\/com2-1-gorzow-696x435.jpg 696w, https:\/\/gorzow.news\/wp-content\/uploads\/2024\/03\/com2-1-gorzow-1068x668.jpg 1068w\" sizes=\"(max-width: 1600px) 100vw, 1600px\" alt=\"\">\r\n                            <\/a>\r\n                            \r\n                        <\/figure>\r\n                    <\/div>\r\n                    <div class = \"td-slide-item td-item2\">\r\n                        <figure class=\"td-slide-galery-figure td-slide-popup-gallery\">\r\n                            <a class=\"slide-gallery-image-link\" href=\"https:\/\/gorzow.news\/wp-content\/uploads\/2024\/03\/com1-gorzow.jpg\" title=\"\"  data-caption=\"\"  data-description=\"\">\r\n                                <img decoding=\"async\" src=\"https:\/\/gorzow.news\/wp-content\/uploads\/2024\/03\/com1-gorzow.jpg\" srcset=\"https:\/\/gorzow.news\/wp-content\/uploads\/2024\/03\/com1-gorzow.jpg 1600w, https:\/\/gorzow.news\/wp-content\/uploads\/2024\/03\/com1-gorzow-300x188.jpg 300w, https:\/\/gorzow.news\/wp-content\/uploads\/2024\/03\/com1-gorzow-1024x640.jpg 1024w, https:\/\/gorzow.news\/wp-content\/uploads\/2024\/03\/com1-gorzow-768x480.jpg 768w, https:\/\/gorzow.news\/wp-content\/uploads\/2024\/03\/com1-gorzow-1536x960.jpg 1536w, https:\/\/gorzow.news\/wp-content\/uploads\/2024\/03\/com1-gorzow-696x435.jpg 696w, https:\/\/gorzow.news\/wp-content\/uploads\/2024\/03\/com1-gorzow-1068x668.jpg 1068w\" sizes=\"(max-width: 1600px) 100vw, 1600px\" alt=\"\">\r\n                            <\/a>\r\n                            \r\n                        <\/figure>\r\n                    <\/div>\r\n                    <div class = \"td-slide-item td-item3\">\r\n                        <figure class=\"td-slide-galery-figure td-slide-popup-gallery\">\r\n                            <a class=\"slide-gallery-image-link\" href=\"https:\/\/gorzow.news\/wp-content\/uploads\/2024\/03\/com3-gorzow.jpg\" title=\"\"  data-caption=\"\"  data-description=\"\">\r\n                                <img decoding=\"async\" src=\"https:\/\/gorzow.news\/wp-content\/uploads\/2024\/03\/com3-gorzow.jpg\" srcset=\"https:\/\/gorzow.news\/wp-content\/uploads\/2024\/03\/com3-gorzow.jpg 1600w, https:\/\/gorzow.news\/wp-content\/uploads\/2024\/03\/com3-gorzow-300x188.jpg 300w, https:\/\/gorzow.news\/wp-content\/uploads\/2024\/03\/com3-gorzow-1024x640.jpg 1024w, https:\/\/gorzow.news\/wp-content\/uploads\/2024\/03\/com3-gorzow-768x480.jpg 768w, https:\/\/gorzow.news\/wp-content\/uploads\/2024\/03\/com3-gorzow-1536x960.jpg 1536w, https:\/\/gorzow.news\/wp-content\/uploads\/2024\/03\/com3-gorzow-696x435.jpg 696w, https:\/\/gorzow.news\/wp-content\/uploads\/2024\/03\/com3-gorzow-1068x668.jpg 1068w\" sizes=\"(max-width: 1600px) 100vw, 1600px\" alt=\"\">\r\n                            <\/a>\r\n                            \r\n                        <\/figure>\r\n                    <\/div>\r\n                    <div class = \"td-slide-item td-item4\">\r\n                        <figure class=\"td-slide-galery-figure td-slide-popup-gallery\">\r\n                            <a class=\"slide-gallery-image-link\" href=\"https:\/\/gorzow.news\/wp-content\/uploads\/2024\/03\/com4-gorzow.jpg\" title=\"\"  data-caption=\"\"  data-description=\"\">\r\n                                <img decoding=\"async\" src=\"https:\/\/gorzow.news\/wp-content\/uploads\/2024\/03\/com4-gorzow.jpg\" srcset=\"https:\/\/gorzow.news\/wp-content\/uploads\/2024\/03\/com4-gorzow.jpg 1600w, https:\/\/gorzow.news\/wp-content\/uploads\/2024\/03\/com4-gorzow-300x188.jpg 300w, https:\/\/gorzow.news\/wp-content\/uploads\/2024\/03\/com4-gorzow-1024x640.jpg 1024w, https:\/\/gorzow.news\/wp-content\/uploads\/2024\/03\/com4-gorzow-768x480.jpg 768w, https:\/\/gorzow.news\/wp-content\/uploads\/2024\/03\/com4-gorzow-1536x960.jpg 1536w, https:\/\/gorzow.news\/wp-content\/uploads\/2024\/03\/com4-gorzow-696x435.jpg 696w, https:\/\/gorzow.news\/wp-content\/uploads\/2024\/03\/com4-gorzow-1068x668.jpg 1068w\" sizes=\"(max-width: 1600px) 100vw, 1600px\" alt=\"\">\r\n                            <\/a>\r\n                            \r\n                        <\/figure>\r\n                    <\/div>\r\n                            <\/div>\r\n                        <\/div>\r\n\r\n                        <div class = \"td-doubleSlider-2\">\r\n                            <div class = \"td-slider\">\r\n                                \r\n                    <div class = \"td-button td-item1\">\r\n                        <div class = \"td-border\"><\/div>\r\n                    <\/div>\r\n                    <div class = \"td-button td-item2\">\r\n                        <div class = \"td-border\"><\/div>\r\n                    <\/div>\r\n                    <div class = \"td-button td-item3\">\r\n                        <div class = \"td-border\"><\/div>\r\n                    <\/div>\r\n                    <div class = \"td-button td-item4\">\r\n                        <div class = \"td-border\"><\/div>\r\n                    <\/div>\r\n                            <\/div>\r\n                        <\/div>\r\n\r\n                    <\/div>\r\n\r\n                <\/div>\r\n                ","protected":false},"excerpt":{"rendered":"<p>Miasto zbuduje Centrum Opieku\u0144czo \u2013 Mieszkalne. Inwestycja b\u0119dzie kosztowa\u0142a ponad 6 mln z\u0142otych, ale na wniosek miasta ponad po\u0142ow\u0119 da na ten cel Ministerstwo Rodziny i Polityki Spo\u0142ecznej. W czwartek prezydent Jacek W\u00f3jcicki podpisa\u0142 w tej sprawie umow\u0119 z wojewod\u0105 lubuskim Markiem Cebul\u0105. &#8211; Centrum ma powsta\u0107 na dzia\u0142ce przy ul. Osadniczej. Posiadamy ju\u017c gotow\u0105 [&hellip;]<\/p>\n","protected":false},"author":1,"featured_media":20328,"comment_status":"open","ping_status":"open","sticky":false,"template":"","format":"standard","meta":{"footnotes":"","_links_to":"","_links_to_target":""},"categories":[593,589,2008],"tags":[2771,606,2575,980],"class_list":{"0":"post-20325","1":"post","2":"type-post","3":"status-publish","4":"format-standard","5":"has-post-thumbnail","7":"category-inwestycje-miejskie","8":"category-wiadomosci","9":"category-zakanale","10":"tag-centrum-opiekunczo-mieszkalne","11":"tag-jacek-wojcicki","12":"tag-marek-cebula","13":"tag-osadnicza"},"yoast_head":"<!-- This site is optimized with the Yoast SEO plugin v27.3 - https:\/\/yoast.com\/product\/yoast-seo-wordpress\/ -->\n<title>Przy Osadniczej powstanie Centrum Opieku\u0144czo - Mieszkalne. Ile b\u0119dzie kosztowa\u0142o i jak b\u0119dzie wygl\u0105da\u0142o? - Gorz\u00f3w News<\/title>\n<meta name=\"description\" content=\"Miasto zbuduje Centrum Opieku\u0144czo \u2013 Mieszkalne. Inwestycja b\u0119dzie kosztowa\u0142a ponad 6 mln z\u0142otych, ale na wniosek miasta ponad po\u0142ow\u0119 da na ten\" \/>\n<meta name=\"robots\" content=\"index, follow, max-snippet:-1, max-image-preview:large, max-video-preview:-1\" \/>\n<link rel=\"canonical\" href=\"https:\/\/gorzow.news\/index.php\/2024\/03\/15\/przy-osadniczej-powstanie-centrum-opiekunczo-mieszkalne-ile-bedzie-kosztowal-i-jak-bedzie-wygladalo\/\" \/>\n<meta property=\"og:locale\" content=\"pl_PL\" \/>\n<meta property=\"og:type\" content=\"article\" \/>\n<meta property=\"og:title\" content=\"Przy Osadniczej powstanie Centrum Opieku\u0144czo - Mieszkalne. Ile b\u0119dzie kosztowa\u0142o i jak b\u0119dzie wygl\u0105da\u0142o? - Gorz\u00f3w News\" \/>\n<meta property=\"og:description\" content=\"Miasto zbuduje Centrum Opieku\u0144czo \u2013 Mieszkalne. Inwestycja b\u0119dzie kosztowa\u0142a ponad 6 mln z\u0142otych, ale na wniosek miasta ponad po\u0142ow\u0119 da na ten\" \/>\n<meta property=\"og:url\" content=\"https:\/\/gorzow.news\/index.php\/2024\/03\/15\/przy-osadniczej-powstanie-centrum-opiekunczo-mieszkalne-ile-bedzie-kosztowal-i-jak-bedzie-wygladalo\/\" \/>\n<meta property=\"og:site_name\" content=\"Gorz\u00f3w News\" \/>\n<meta property=\"article:publisher\" content=\"https:\/\/www.facebook.com\/gorzowskinews\" \/>\n<meta property=\"article:published_time\" content=\"2024-03-15T12:00:00+00:00\" \/>\n<meta property=\"article:modified_time\" content=\"2024-03-16T09:51:30+00:00\" \/>\n<meta property=\"og:image\" content=\"https:\/\/gorzow.news\/wp-content\/uploads\/2024\/03\/com3-gorzow-kopia.jpg\" \/>\n\t<meta property=\"og:image:width\" content=\"1600\" \/>\n\t<meta property=\"og:image:height\" content=\"757\" \/>\n\t<meta property=\"og:image:type\" content=\"image\/jpeg\" \/>\n<meta name=\"author\" content=\"maciej\" \/>\n<meta name=\"twitter:card\" content=\"summary_large_image\" \/>\n<meta name=\"twitter:label1\" content=\"Napisane przez\" \/>\n\t<meta name=\"twitter:data1\" content=\"maciej\" \/>\n\t<meta name=\"twitter:label2\" content=\"Szacowany czas czytania\" \/>\n\t<meta name=\"twitter:data2\" content=\"3 minuty\" \/>\n<script type=\"application\/ld+json\" class=\"yoast-schema-graph\">{\"@context\":\"https:\\\/\\\/schema.org\",\"@graph\":[{\"@type\":\"Article\",\"@id\":\"https:\\\/\\\/gorzow.news\\\/index.php\\\/2024\\\/03\\\/15\\\/przy-osadniczej-powstanie-centrum-opiekunczo-mieszkalne-ile-bedzie-kosztowal-i-jak-bedzie-wygladalo\\\/#article\",\"isPartOf\":{\"@id\":\"https:\\\/\\\/gorzow.news\\\/index.php\\\/2024\\\/03\\\/15\\\/przy-osadniczej-powstanie-centrum-opiekunczo-mieszkalne-ile-bedzie-kosztowal-i-jak-bedzie-wygladalo\\\/\"},\"author\":{\"name\":\"maciej\",\"@id\":\"https:\\\/\\\/gorzow.news\\\/#\\\/schema\\\/person\\\/a1e5ab43166369f2ce236a1cd90995bb\"},\"headline\":\"Przy Osadniczej powstanie Centrum Opieku\u0144czo &#8211; Mieszkalne. Ile b\u0119dzie kosztowa\u0142o i jak b\u0119dzie wygl\u0105da\u0142o?\",\"datePublished\":\"2024-03-15T12:00:00+00:00\",\"dateModified\":\"2024-03-16T09:51:30+00:00\",\"mainEntityOfPage\":{\"@id\":\"https:\\\/\\\/gorzow.news\\\/index.php\\\/2024\\\/03\\\/15\\\/przy-osadniczej-powstanie-centrum-opiekunczo-mieszkalne-ile-bedzie-kosztowal-i-jak-bedzie-wygladalo\\\/\"},\"wordCount\":409,\"commentCount\":0,\"image\":{\"@id\":\"https:\\\/\\\/gorzow.news\\\/index.php\\\/2024\\\/03\\\/15\\\/przy-osadniczej-powstanie-centrum-opiekunczo-mieszkalne-ile-bedzie-kosztowal-i-jak-bedzie-wygladalo\\\/#primaryimage\"},\"thumbnailUrl\":\"https:\\\/\\\/gorzow.news\\\/wp-content\\\/uploads\\\/2024\\\/03\\\/com3-gorzow-kopia.jpg\",\"keywords\":[\"Centrum Opieku\u0144czo - Mieszkalne\",\"Jacek W\u00f3jcicki\",\"Marek Cebula\",\"Osadnicza\"],\"articleSection\":[\"Inwestycje miejskie\",\"Wiadomo\u015bci\",\"Zakanale\"],\"inLanguage\":\"pl-PL\",\"potentialAction\":[{\"@type\":\"CommentAction\",\"name\":\"Comment\",\"target\":[\"https:\\\/\\\/gorzow.news\\\/index.php\\\/2024\\\/03\\\/15\\\/przy-osadniczej-powstanie-centrum-opiekunczo-mieszkalne-ile-bedzie-kosztowal-i-jak-bedzie-wygladalo\\\/#respond\"]}]},{\"@type\":\"WebPage\",\"@id\":\"https:\\\/\\\/gorzow.news\\\/index.php\\\/2024\\\/03\\\/15\\\/przy-osadniczej-powstanie-centrum-opiekunczo-mieszkalne-ile-bedzie-kosztowal-i-jak-bedzie-wygladalo\\\/\",\"url\":\"https:\\\/\\\/gorzow.news\\\/index.php\\\/2024\\\/03\\\/15\\\/przy-osadniczej-powstanie-centrum-opiekunczo-mieszkalne-ile-bedzie-kosztowal-i-jak-bedzie-wygladalo\\\/\",\"name\":\"Przy Osadniczej powstanie Centrum Opieku\u0144czo - Mieszkalne. Ile b\u0119dzie kosztowa\u0142o i jak b\u0119dzie wygl\u0105da\u0142o? - Gorz\u00f3w News\",\"isPartOf\":{\"@id\":\"https:\\\/\\\/gorzow.news\\\/#website\"},\"primaryImageOfPage\":{\"@id\":\"https:\\\/\\\/gorzow.news\\\/index.php\\\/2024\\\/03\\\/15\\\/przy-osadniczej-powstanie-centrum-opiekunczo-mieszkalne-ile-bedzie-kosztowal-i-jak-bedzie-wygladalo\\\/#primaryimage\"},\"image\":{\"@id\":\"https:\\\/\\\/gorzow.news\\\/index.php\\\/2024\\\/03\\\/15\\\/przy-osadniczej-powstanie-centrum-opiekunczo-mieszkalne-ile-bedzie-kosztowal-i-jak-bedzie-wygladalo\\\/#primaryimage\"},\"thumbnailUrl\":\"https:\\\/\\\/gorzow.news\\\/wp-content\\\/uploads\\\/2024\\\/03\\\/com3-gorzow-kopia.jpg\",\"datePublished\":\"2024-03-15T12:00:00+00:00\",\"dateModified\":\"2024-03-16T09:51:30+00:00\",\"author\":{\"@id\":\"https:\\\/\\\/gorzow.news\\\/#\\\/schema\\\/person\\\/a1e5ab43166369f2ce236a1cd90995bb\"},\"description\":\"Miasto zbuduje Centrum Opieku\u0144czo \u2013 Mieszkalne. Inwestycja b\u0119dzie kosztowa\u0142a ponad 6 mln z\u0142otych, ale na wniosek miasta ponad po\u0142ow\u0119 da na ten cel Ministerstwo Rodziny i Polityki Spo\u0142ecznej. W czwartek prezydent Jacek W\u00f3jcicki podpisa\u0142 w tej sprawie umow\u0119 z wojewod\u0105 lubuskim Markiem Cebul\u0105.\",\"breadcrumb\":{\"@id\":\"https:\\\/\\\/gorzow.news\\\/index.php\\\/2024\\\/03\\\/15\\\/przy-osadniczej-powstanie-centrum-opiekunczo-mieszkalne-ile-bedzie-kosztowal-i-jak-bedzie-wygladalo\\\/#breadcrumb\"},\"inLanguage\":\"pl-PL\",\"potentialAction\":[{\"@type\":\"ReadAction\",\"target\":[\"https:\\\/\\\/gorzow.news\\\/index.php\\\/2024\\\/03\\\/15\\\/przy-osadniczej-powstanie-centrum-opiekunczo-mieszkalne-ile-bedzie-kosztowal-i-jak-bedzie-wygladalo\\\/\"]}]},{\"@type\":\"ImageObject\",\"inLanguage\":\"pl-PL\",\"@id\":\"https:\\\/\\\/gorzow.news\\\/index.php\\\/2024\\\/03\\\/15\\\/przy-osadniczej-powstanie-centrum-opiekunczo-mieszkalne-ile-bedzie-kosztowal-i-jak-bedzie-wygladalo\\\/#primaryimage\",\"url\":\"https:\\\/\\\/gorzow.news\\\/wp-content\\\/uploads\\\/2024\\\/03\\\/com3-gorzow-kopia.jpg\",\"contentUrl\":\"https:\\\/\\\/gorzow.news\\\/wp-content\\\/uploads\\\/2024\\\/03\\\/com3-gorzow-kopia.jpg\",\"width\":1600,\"height\":757,\"caption\":\"Prezydent Gorzowa Jacek W\u00f3jcicki i wojewoda lubuski Marek Cebula podpisali umow\u0119 w sprawie cz\u0119\u015bciowego finansowania budowy Centrum Opieku\u0144czo - Mieszkalnego.\"},{\"@type\":\"BreadcrumbList\",\"@id\":\"https:\\\/\\\/gorzow.news\\\/index.php\\\/2024\\\/03\\\/15\\\/przy-osadniczej-powstanie-centrum-opiekunczo-mieszkalne-ile-bedzie-kosztowal-i-jak-bedzie-wygladalo\\\/#breadcrumb\",\"itemListElement\":[{\"@type\":\"ListItem\",\"position\":1,\"name\":\"Home\",\"item\":\"https:\\\/\\\/gorzow.news\\\/\"},{\"@type\":\"ListItem\",\"position\":2,\"name\":\"Przy Osadniczej powstanie Centrum Opieku\u0144czo &#8211; Mieszkalne. Ile b\u0119dzie kosztowa\u0142o i jak b\u0119dzie wygl\u0105da\u0142o?\"}]},{\"@type\":\"WebSite\",\"@id\":\"https:\\\/\\\/gorzow.news\\\/#website\",\"url\":\"https:\\\/\\\/gorzow.news\\\/\",\"name\":\"Gorz\u00f3w News\",\"description\":\"Sp\u00f3jrz inaczej na miato i region...\",\"potentialAction\":[{\"@type\":\"SearchAction\",\"target\":{\"@type\":\"EntryPoint\",\"urlTemplate\":\"https:\\\/\\\/gorzow.news\\\/?s={search_term_string}\"},\"query-input\":{\"@type\":\"PropertyValueSpecification\",\"valueRequired\":true,\"valueName\":\"search_term_string\"}}],\"inLanguage\":\"pl-PL\"},{\"@type\":\"Person\",\"@id\":\"https:\\\/\\\/gorzow.news\\\/#\\\/schema\\\/person\\\/a1e5ab43166369f2ce236a1cd90995bb\",\"name\":\"maciej\",\"image\":{\"@type\":\"ImageObject\",\"inLanguage\":\"pl-PL\",\"@id\":\"https:\\\/\\\/secure.gravatar.com\\\/avatar\\\/530a674d56ba60cfa0ef21d74e8e8d123a51bb7aa6580465b5c2ab2c2e980a19?s=96&r=g&d=https:\\\/\\\/gorzow.news\\\/wp-content\\\/plugins\\\/userswp\\\/assets\\\/images\\\/no_profile.png\",\"url\":\"https:\\\/\\\/secure.gravatar.com\\\/avatar\\\/530a674d56ba60cfa0ef21d74e8e8d123a51bb7aa6580465b5c2ab2c2e980a19?s=96&r=g&d=https:\\\/\\\/gorzow.news\\\/wp-content\\\/plugins\\\/userswp\\\/assets\\\/images\\\/no_profile.png\",\"contentUrl\":\"https:\\\/\\\/secure.gravatar.com\\\/avatar\\\/530a674d56ba60cfa0ef21d74e8e8d123a51bb7aa6580465b5c2ab2c2e980a19?s=96&r=g&d=https:\\\/\\\/gorzow.news\\\/wp-content\\\/plugins\\\/userswp\\\/assets\\\/images\\\/no_profile.png\",\"caption\":\"maciej\"},\"url\":\"https:\\\/\\\/gorzow.news\\\/index.php\\\/profile\\\/maciej\\\/\"}]}<\/script>\n<!-- \/ Yoast SEO plugin. -->","yoast_head_json":{"title":"Przy Osadniczej powstanie Centrum Opieku\u0144czo - Mieszkalne. Ile b\u0119dzie kosztowa\u0142o i jak b\u0119dzie wygl\u0105da\u0142o? - Gorz\u00f3w News","description":"Miasto zbuduje Centrum Opieku\u0144czo \u2013 Mieszkalne. Inwestycja b\u0119dzie kosztowa\u0142a ponad 6 mln z\u0142otych, ale na wniosek miasta ponad po\u0142ow\u0119 da na ten","robots":{"index":"index","follow":"follow","max-snippet":"max-snippet:-1","max-image-preview":"max-image-preview:large","max-video-preview":"max-video-preview:-1"},"canonical":"https:\/\/gorzow.news\/index.php\/2024\/03\/15\/przy-osadniczej-powstanie-centrum-opiekunczo-mieszkalne-ile-bedzie-kosztowal-i-jak-bedzie-wygladalo\/","og_locale":"pl_PL","og_type":"article","og_title":"Przy Osadniczej powstanie Centrum Opieku\u0144czo - Mieszkalne. Ile b\u0119dzie kosztowa\u0142o i jak b\u0119dzie wygl\u0105da\u0142o? - Gorz\u00f3w News","og_description":"Miasto zbuduje Centrum Opieku\u0144czo \u2013 Mieszkalne. Inwestycja b\u0119dzie kosztowa\u0142a ponad 6 mln z\u0142otych, ale na wniosek miasta ponad po\u0142ow\u0119 da na ten","og_url":"https:\/\/gorzow.news\/index.php\/2024\/03\/15\/przy-osadniczej-powstanie-centrum-opiekunczo-mieszkalne-ile-bedzie-kosztowal-i-jak-bedzie-wygladalo\/","og_site_name":"Gorz\u00f3w News","article_publisher":"https:\/\/www.facebook.com\/gorzowskinews","article_published_time":"2024-03-15T12:00:00+00:00","article_modified_time":"2024-03-16T09:51:30+00:00","og_image":[{"width":1600,"height":757,"url":"https:\/\/gorzow.news\/wp-content\/uploads\/2024\/03\/com3-gorzow-kopia.jpg","type":"image\/jpeg"}],"author":"maciej","twitter_card":"summary_large_image","twitter_misc":{"Napisane przez":"maciej","Szacowany czas czytania":"3 minuty"},"schema":{"@context":"https:\/\/schema.org","@graph":[{"@type":"Article","@id":"https:\/\/gorzow.news\/index.php\/2024\/03\/15\/przy-osadniczej-powstanie-centrum-opiekunczo-mieszkalne-ile-bedzie-kosztowal-i-jak-bedzie-wygladalo\/#article","isPartOf":{"@id":"https:\/\/gorzow.news\/index.php\/2024\/03\/15\/przy-osadniczej-powstanie-centrum-opiekunczo-mieszkalne-ile-bedzie-kosztowal-i-jak-bedzie-wygladalo\/"},"author":{"name":"maciej","@id":"https:\/\/gorzow.news\/#\/schema\/person\/a1e5ab43166369f2ce236a1cd90995bb"},"headline":"Przy Osadniczej powstanie Centrum Opieku\u0144czo &#8211; Mieszkalne. Ile b\u0119dzie kosztowa\u0142o i jak b\u0119dzie wygl\u0105da\u0142o?","datePublished":"2024-03-15T12:00:00+00:00","dateModified":"2024-03-16T09:51:30+00:00","mainEntityOfPage":{"@id":"https:\/\/gorzow.news\/index.php\/2024\/03\/15\/przy-osadniczej-powstanie-centrum-opiekunczo-mieszkalne-ile-bedzie-kosztowal-i-jak-bedzie-wygladalo\/"},"wordCount":409,"commentCount":0,"image":{"@id":"https:\/\/gorzow.news\/index.php\/2024\/03\/15\/przy-osadniczej-powstanie-centrum-opiekunczo-mieszkalne-ile-bedzie-kosztowal-i-jak-bedzie-wygladalo\/#primaryimage"},"thumbnailUrl":"https:\/\/gorzow.news\/wp-content\/uploads\/2024\/03\/com3-gorzow-kopia.jpg","keywords":["Centrum Opieku\u0144czo - Mieszkalne","Jacek W\u00f3jcicki","Marek Cebula","Osadnicza"],"articleSection":["Inwestycje miejskie","Wiadomo\u015bci","Zakanale"],"inLanguage":"pl-PL","potentialAction":[{"@type":"CommentAction","name":"Comment","target":["https:\/\/gorzow.news\/index.php\/2024\/03\/15\/przy-osadniczej-powstanie-centrum-opiekunczo-mieszkalne-ile-bedzie-kosztowal-i-jak-bedzie-wygladalo\/#respond"]}]},{"@type":"WebPage","@id":"https:\/\/gorzow.news\/index.php\/2024\/03\/15\/przy-osadniczej-powstanie-centrum-opiekunczo-mieszkalne-ile-bedzie-kosztowal-i-jak-bedzie-wygladalo\/","url":"https:\/\/gorzow.news\/index.php\/2024\/03\/15\/przy-osadniczej-powstanie-centrum-opiekunczo-mieszkalne-ile-bedzie-kosztowal-i-jak-bedzie-wygladalo\/","name":"Przy Osadniczej powstanie Centrum Opieku\u0144czo - Mieszkalne. Ile b\u0119dzie kosztowa\u0142o i jak b\u0119dzie wygl\u0105da\u0142o? - Gorz\u00f3w News","isPartOf":{"@id":"https:\/\/gorzow.news\/#website"},"primaryImageOfPage":{"@id":"https:\/\/gorzow.news\/index.php\/2024\/03\/15\/przy-osadniczej-powstanie-centrum-opiekunczo-mieszkalne-ile-bedzie-kosztowal-i-jak-bedzie-wygladalo\/#primaryimage"},"image":{"@id":"https:\/\/gorzow.news\/index.php\/2024\/03\/15\/przy-osadniczej-powstanie-centrum-opiekunczo-mieszkalne-ile-bedzie-kosztowal-i-jak-bedzie-wygladalo\/#primaryimage"},"thumbnailUrl":"https:\/\/gorzow.news\/wp-content\/uploads\/2024\/03\/com3-gorzow-kopia.jpg","datePublished":"2024-03-15T12:00:00+00:00","dateModified":"2024-03-16T09:51:30+00:00","author":{"@id":"https:\/\/gorzow.news\/#\/schema\/person\/a1e5ab43166369f2ce236a1cd90995bb"},"description":"Miasto zbuduje Centrum Opieku\u0144czo \u2013 Mieszkalne. Inwestycja b\u0119dzie kosztowa\u0142a ponad 6 mln z\u0142otych, ale na wniosek miasta ponad po\u0142ow\u0119 da na ten cel Ministerstwo Rodziny i Polityki Spo\u0142ecznej. W czwartek prezydent Jacek W\u00f3jcicki podpisa\u0142 w tej sprawie umow\u0119 z wojewod\u0105 lubuskim Markiem Cebul\u0105.","breadcrumb":{"@id":"https:\/\/gorzow.news\/index.php\/2024\/03\/15\/przy-osadniczej-powstanie-centrum-opiekunczo-mieszkalne-ile-bedzie-kosztowal-i-jak-bedzie-wygladalo\/#breadcrumb"},"inLanguage":"pl-PL","potentialAction":[{"@type":"ReadAction","target":["https:\/\/gorzow.news\/index.php\/2024\/03\/15\/przy-osadniczej-powstanie-centrum-opiekunczo-mieszkalne-ile-bedzie-kosztowal-i-jak-bedzie-wygladalo\/"]}]},{"@type":"ImageObject","inLanguage":"pl-PL","@id":"https:\/\/gorzow.news\/index.php\/2024\/03\/15\/przy-osadniczej-powstanie-centrum-opiekunczo-mieszkalne-ile-bedzie-kosztowal-i-jak-bedzie-wygladalo\/#primaryimage","url":"https:\/\/gorzow.news\/wp-content\/uploads\/2024\/03\/com3-gorzow-kopia.jpg","contentUrl":"https:\/\/gorzow.news\/wp-content\/uploads\/2024\/03\/com3-gorzow-kopia.jpg","width":1600,"height":757,"caption":"Prezydent Gorzowa Jacek W\u00f3jcicki i wojewoda lubuski Marek Cebula podpisali umow\u0119 w sprawie cz\u0119\u015bciowego finansowania budowy Centrum Opieku\u0144czo - Mieszkalnego."},{"@type":"BreadcrumbList","@id":"https:\/\/gorzow.news\/index.php\/2024\/03\/15\/przy-osadniczej-powstanie-centrum-opiekunczo-mieszkalne-ile-bedzie-kosztowal-i-jak-bedzie-wygladalo\/#breadcrumb","itemListElement":[{"@type":"ListItem","position":1,"name":"Home","item":"https:\/\/gorzow.news\/"},{"@type":"ListItem","position":2,"name":"Przy Osadniczej powstanie Centrum Opieku\u0144czo &#8211; Mieszkalne. Ile b\u0119dzie kosztowa\u0142o i jak b\u0119dzie wygl\u0105da\u0142o?"}]},{"@type":"WebSite","@id":"https:\/\/gorzow.news\/#website","url":"https:\/\/gorzow.news\/","name":"Gorz\u00f3w News","description":"Sp\u00f3jrz inaczej na miato i region...","potentialAction":[{"@type":"SearchAction","target":{"@type":"EntryPoint","urlTemplate":"https:\/\/gorzow.news\/?s={search_term_string}"},"query-input":{"@type":"PropertyValueSpecification","valueRequired":true,"valueName":"search_term_string"}}],"inLanguage":"pl-PL"},{"@type":"Person","@id":"https:\/\/gorzow.news\/#\/schema\/person\/a1e5ab43166369f2ce236a1cd90995bb","name":"maciej","image":{"@type":"ImageObject","inLanguage":"pl-PL","@id":"https:\/\/secure.gravatar.com\/avatar\/530a674d56ba60cfa0ef21d74e8e8d123a51bb7aa6580465b5c2ab2c2e980a19?s=96&r=g&d=https:\/\/gorzow.news\/wp-content\/plugins\/userswp\/assets\/images\/no_profile.png","url":"https:\/\/secure.gravatar.com\/avatar\/530a674d56ba60cfa0ef21d74e8e8d123a51bb7aa6580465b5c2ab2c2e980a19?s=96&r=g&d=https:\/\/gorzow.news\/wp-content\/plugins\/userswp\/assets\/images\/no_profile.png","contentUrl":"https:\/\/secure.gravatar.com\/avatar\/530a674d56ba60cfa0ef21d74e8e8d123a51bb7aa6580465b5c2ab2c2e980a19?s=96&r=g&d=https:\/\/gorzow.news\/wp-content\/plugins\/userswp\/assets\/images\/no_profile.png","caption":"maciej"},"url":"https:\/\/gorzow.news\/index.php\/profile\/maciej\/"}]}},"_links":{"self":[{"href":"https:\/\/gorzow.news\/index.php\/wp-json\/wp\/v2\/posts\/20325","targetHints":{"allow":["GET"]}}],"collection":[{"href":"https:\/\/gorzow.news\/index.php\/wp-json\/wp\/v2\/posts"}],"about":[{"href":"https:\/\/gorzow.news\/index.php\/wp-json\/wp\/v2\/types\/post"}],"author":[{"embeddable":true,"href":"https:\/\/gorzow.news\/index.php\/wp-json\/wp\/v2\/users\/1"}],"replies":[{"embeddable":true,"href":"https:\/\/gorzow.news\/index.php\/wp-json\/wp\/v2\/comments?post=20325"}],"version-history":[{"count":2,"href":"https:\/\/gorzow.news\/index.php\/wp-json\/wp\/v2\/posts\/20325\/revisions"}],"predecessor-version":[{"id":20332,"href":"https:\/\/gorzow.news\/index.php\/wp-json\/wp\/v2\/posts\/20325\/revisions\/20332"}],"wp:featuredmedia":[{"embeddable":true,"href":"https:\/\/gorzow.news\/index.php\/wp-json\/wp\/v2\/media\/20328"}],"wp:attachment":[{"href":"https:\/\/gorzow.news\/index.php\/wp-json\/wp\/v2\/media?parent=20325"}],"wp:term":[{"taxonomy":"category","embeddable":true,"href":"https:\/\/gorzow.news\/index.php\/wp-json\/wp\/v2\/categories?post=20325"},{"taxonomy":"post_tag","embeddable":true,"href":"https:\/\/gorzow.news\/index.php\/wp-json\/wp\/v2\/tags?post=20325"}],"curies":[{"name":"wp","href":"https:\/\/api.w.org\/{rel}","templated":true}]}}