{"id":19890,"date":"2024-03-01T09:45:00","date_gmt":"2024-03-01T08:45:00","guid":{"rendered":"https:\/\/gorzow.news\/?p=19890"},"modified":"2024-03-01T14:56:43","modified_gmt":"2024-03-01T13:56:43","slug":"gorzowskie-tramwaje-maja-juz-125-lat-bedzie-cykl-wydarzen-jubileuszowych-jaki-program","status":"publish","type":"post","link":"https:\/\/gorzow.news\/index.php\/2024\/03\/01\/gorzowskie-tramwaje-maja-juz-125-lat-bedzie-cykl-wydarzen-jubileuszowych-jaki-program\/","title":{"rendered":"Gorzowskie tramwaje maj\u0105 ju\u017c 125 lat! B\u0119dzie cykl wydarze\u0144 jubileuszowych! Jaki program?"},"content":{"rendered":"\n<p><strong>Z niewielkimi przerwanymi je\u017cd\u017c\u0105 po Gorzowie od 125 lat. Gorzowskie tramwaje w tym roku \u015bwi\u0119tuj\u0105 swoje urodziny. Z tej okazji Urz\u0105d Miasta wsp\u00f3lnie z Miejskim Zak\u0142adem Komunikacji przygotowa\u0142 cykl wydarze\u0144 jubileuszowych, dedykowanych mieszka\u0144com miasta.<\/strong><\/p>\n\n\n\n<p>Prezentacja programu jubileuszowego oraz om\u00f3wienie historii gorzowskich tramwaj\u00f3w odby\u0142o si\u0119 podczas prasowej inauguracji obchod\u00f3w 125-lecia w zajezdni tramwajowej na terenie MZK. Udzia\u0142 w spotkaniu wzi\u0119li wiceprezydent <strong>Iwona Olek<\/strong>, przewodnicz\u0105cy Rady Miasta Gorzowa <strong>Jan Kaczanowski<\/strong> i prezes MZK <strong>Roman Maksymiak<\/strong> wraz ze swoimi pracownikami oraz dziennikarze.<\/p>\n\n\n\n<p>Pierwszy tramwaj wyjecha\u0142 na gorzowskie (w\u00f3wczas w niemieckim Landsbergu) tory 29 lipca 1899 roku. Od tego czasu, tramwaje wo\u017c\u0105 pasa\u017cer\u00f3w po Gorzowie, niezmiennie z niewielkimi przerwami. Te wynikaj\u0105 ze skomplikowanej historii miasta oraz prowadzonych na jego terenie inwestycji. I to w\u0142a\u015bnie inwestycje w ostatnich latach s\u0105 kluczowe dla systemu komunikacji miejskiej w Gorzowie i tramwaj\u00f3w zw\u0142aszcza.<\/p>\n\n\n\n<p>&#8211; W ostatnich latach zainwestowali\u015bmy ponad 300 milion\u00f3w z\u0142otych w rozw\u00f3j systemu komunikacji publicznej w mie\u015bcie, z czego wi\u0119ksza cz\u0119\u015b\u0107 by\u0142a przeznaczona na modernizacj\u0119 tramwaj\u00f3w i linii tramwajowych &#8211; zaznaczy\u0142a wiceprezydent miasta Iwona Olek.<\/p>\n\n\n\n<p>&#8211; Przed nami kolejne du\u017ce inwestycje. Miasto planuje rozbudow\u0119 linii tramwajowej o nowy odcinek wzd\u0142u\u017c ulicy Jancarza i rozbudow\u0119 powstaj\u0105cego centrum przesiadkowego przy ulicy Dworcowej. W planach jest r\u00f3wnie\u017c modernizacja funkcjonuj\u0105cych torowisk oraz zakup nowych woz\u00f3w tramwajowych &#8211; podkre\u015bla wiceprezydent Olek.<\/p>\n\n\n\n<p>O znaczeniu tramwaj\u00f3w dla miasta m\u00f3wi\u0142 r\u00f3wnie\u017c przewodnicz\u0105cy Rady Miasta Gorzowa Jan Kaczanowski, kt\u00f3ry w imieniu radnych podzi\u0119kowa\u0142 wszystkim zaanga\u017cowanym w modernizacj\u0119 transportu tramwajowego w ostatnich latach, bo jak powiedzia\u0142, \u201eaktualnie opr\u00f3cz tego, \u017ce jeste\u015bmy dumnymi mieszka\u0144cami miasta, po kt\u00f3rym je\u017cd\u017c\u0105 tramwaje, mamy powody do dumy r\u00f3wnie\u017c z uwagi na jako\u015b\u0107 obs\u0142ugi pasa\u017cer\u00f3w\u201d.<\/p>\n\n\n\n<p>Po Gorzowie je\u017cd\u017c\u0105 obecnie 22 tramwaje, z czego 14 to nowoczesne \u201eTwisty\u201d. Obs\u0142uguj\u0105 4 linie tramwajowe, a w ci\u0105gu roku wykonuj\u0105 ok. 120 tysi\u0119cy kurs\u00f3w (w 2023 roku by\u0142o to 117 tys., a plan na 2024 rok to 130 tys.). W 2023 roku tramwajami przejecha\u0142o ok 3,8 mln pasa\u017cer\u00f3w, a w tym roku MZK planuje przewie\u017a\u0107 tramwajami ok. 3,9 miliona os\u00f3b.<\/p>\n\n\n\n<p>Rok 2024 jest rokiem jubileuszowym, dlatego MZK wsp\u00f3lnie z Miastem przygotowa\u0142 ciekawy program obchod\u00f3w. O szczeg\u00f3\u0142ach wydarze\u0144 opowiedzia\u0142 podczas konferencji prasowej prezes MZK Roman Maksymiak.<\/p>\n\n\n\n<p>&#8211; Zaplanowali\u015bmy dzia\u0142ania na pi\u0119\u0107 najbli\u017cszych miesi\u0119cy, zako\u0144czymy je rodzinnym piknikiem na terenie zajezdni, a w mi\u0119dzyczasie b\u0119dzie sporo niespodzianek, w tym tramwajowy korow\u00f3d, kt\u00f3ry odb\u0119dzie si\u0119 jeszcze w marcu &#8211; zaznaczy\u0142 prezes Maksymiak.<\/p>\n\n\n\n<p><strong>Program obchodu Jubileuszu:<\/strong><\/p>\n\n\n\n<p><strong>1 marca (pi\u0105tek)<\/strong> &#8211; Prezentacja harmonogramu obchod\u00f3w i jubileuszowego logo<br><strong>24 marca (niedziela)<\/strong> &#8211; Jubileuszowy Korow\u00f3d Tramwajowy<br><strong>Maj<\/strong> &#8211; Wystawa plenerowa o historii gorzowskich tramwaj\u00f3w<br><strong>14-15 czerwca<\/strong> &#8211; Bezp\u0142atny przejazd zabytkowym tramwajem dla uczestnik\u00f3w Nocnego Szlaku Kulturalnego<br><strong>28 lipca (niedziela)<\/strong> &#8211; Urodzinowy piknik na terenie zajezdni MZK<br><strong>29 lipca (poniedzia\u0142ek)<\/strong> &#8211; Tramwaje udekorowane flagami<\/p>\n\n\n\n<p>Pierwsze tramwaje na gorzowskie tory wyjecha\u0142y 29 lipca 1899 roku. Powsta\u0142y w\u00f3wczas trzy linie. W 1926 roku nast\u0105pi\u0142o uruchomienie czwartej linii tramwajowej na Zamo\u015bcie ze Starego Rynku. 30 stycznia 1945 roku na tory ostatni raz wyjecha\u0142y tramwaje przed ponad dwuletni\u0105 przerw\u0105.<\/p>\n\n\n\n<p>Po II wojnie \u015bwiatowej, w 1947 roku zosta\u0142a reaktywowana jedna linia tramwajowa. 30 wrze\u015bnia 2017 roku zawieszono kursowanie wszystkich tramwaj\u00f3w na prawie 3 lata z powodu zaplanowanej w ramach realizacji projektu \u201eSystem zr\u00f3wnowa\u017conego transportu miejskiego w Gorzowie\u201d inwestycji.<\/p>\n\n\n\n<p>W tym czasie zakupiono 14 nowoczesnych wagon\u00f3w z bydgoskiej PESY, zmodernizowano hale tramwajowe i stacje obs\u0142ugi, przebudowano i rozbudowano trasy tramwajowe (ul.Walczaka &#8211; przebudowa i rozbudowa torowiska do stacji \u201eFieldorfa-Nila\u201d, przebudowa torowiska wzd\u0142u\u017c ul. Chrobrego, przebudowa torowiska wzd\u0142u\u017c ul. Pomorskiej, przebudowa torowiska wzd\u0142u\u017c ul. Warszawskiej, przebudowa torowiska wzd\u0142u\u017c ul. Sikorskiego oraz przebudowa trasy tramwajowej wzd\u0142u\u017c ul. Kostrzy\u0144ska). Ponadto zakupiono i zdro\u017cono System Dynamicznej Informacji Pasa\u017cerskiej i Monitoringu, przebudowano ul. Dworcow\u0105 wraz z placem przed Dworcem PKP (w\u0119ze\u0142 przesiadkowy).<\/p>\n\n\n\n<p>Oczekiwanym efektem prowadzonych modernizacji i remont\u00f3w jest wzrost jako\u015bci obs\u0142ugi pasa\u017cer\u00f3w, poprawa ich bezpiecze\u0144stwa oraz zrost liczby pasa\u017cer\u00f3w, korzystaj\u0105cych z komunikacji tramwajowej.<\/p>\n\n\n\r\n                <style type=\"text\/css\">\r\n                    \r\n                    #tdi_1  .td-doubleSlider-2 .td-item1 {\r\n                        background: url(https:\/\/gorzow.news\/wp-content\/uploads\/2024\/03\/fotob-12605.jpg) 0 0 no-repeat;\r\n                    }\r\n                    #tdi_1  .td-doubleSlider-2 .td-item2 {\r\n                        background: url(https:\/\/gorzow.news\/wp-content\/uploads\/2024\/03\/fotob-12603.jpg) 0 0 no-repeat;\r\n                    }\r\n                    #tdi_1  .td-doubleSlider-2 .td-item3 {\r\n                        background: url(https:\/\/gorzow.news\/wp-content\/uploads\/2024\/03\/fotob-12593.jpg) 0 0 no-repeat;\r\n                    }\r\n                    #tdi_1  .td-doubleSlider-2 .td-item4 {\r\n                        background: url(https:\/\/gorzow.news\/wp-content\/uploads\/2024\/03\/fotob-12604.jpg) 0 0 no-repeat;\r\n                    }\r\n                    #tdi_1  .td-doubleSlider-2 .td-item5 {\r\n                        background: url(https:\/\/gorzow.news\/wp-content\/uploads\/2024\/03\/fotob-12594.jpg) 0 0 no-repeat;\r\n                    }\r\n                    #tdi_1  .td-doubleSlider-2 .td-item6 {\r\n                        background: url(https:\/\/gorzow.news\/wp-content\/uploads\/2024\/03\/fotob-12592.jpg) 0 0 no-repeat;\r\n                    }\r\n                    #tdi_1  .td-doubleSlider-2 .td-item7 {\r\n                        background: url(https:\/\/gorzow.news\/wp-content\/uploads\/2024\/03\/fotob-12591.jpg) 0 0 no-repeat;\r\n                    }\r\n                <\/style>\r\n\r\n                <div id=\"tdi_1\" class=\"td-gallery td-slide-on-2-columns\">\r\n                    <div class=\"post_td_gallery\">\r\n                        <div class=\"td-gallery-slide-top\">\r\n                           <div class=\"td-gallery-title\"><\/div>\r\n\r\n                            <div class=\"td-gallery-controls-wrapper\">\r\n                                <div class=\"td-gallery-slide-count\"><span class=\"td-gallery-slide-item-focus\">1<\/span> z 7<\/div>\r\n                                <div class=\"td-gallery-slide-prev-next-but\">\r\n                                    <i class = \"td-icon-left doubleSliderPrevButton\"><\/i>\r\n                                    <i class = \"td-icon-right doubleSliderNextButton\"><\/i>\r\n                                <\/div>\r\n                            <\/div>\r\n                        <\/div>\r\n\r\n                        <div class = \"td-doubleSlider-1 \">\r\n                            <div class = \"td-slider\">\r\n                                \r\n                    <div class = \"td-slide-item td-item1\">\r\n                        <figure class=\"td-slide-galery-figure td-slide-popup-gallery\">\r\n                            <a class=\"slide-gallery-image-link\" href=\"https:\/\/gorzow.news\/wp-content\/uploads\/2024\/03\/fotob-12605.jpg\" title=\"\"  data-caption=\"\"  data-description=\"\">\r\n                                <img decoding=\"async\" src=\"https:\/\/gorzow.news\/wp-content\/uploads\/2024\/03\/fotob-12605.jpg\" srcset=\"https:\/\/gorzow.news\/wp-content\/uploads\/2024\/03\/fotob-12605.jpg 1620w, https:\/\/gorzow.news\/wp-content\/uploads\/2024\/03\/fotob-12605-300x200.jpg 300w, https:\/\/gorzow.news\/wp-content\/uploads\/2024\/03\/fotob-12605-1024x683.jpg 1024w, https:\/\/gorzow.news\/wp-content\/uploads\/2024\/03\/fotob-12605-768x512.jpg 768w, https:\/\/gorzow.news\/wp-content\/uploads\/2024\/03\/fotob-12605-1536x1024.jpg 1536w, https:\/\/gorzow.news\/wp-content\/uploads\/2024\/03\/fotob-12605-696x464.jpg 696w, https:\/\/gorzow.news\/wp-content\/uploads\/2024\/03\/fotob-12605-1068x712.jpg 1068w\" sizes=\"(max-width: 1620px) 100vw, 1620px\" alt=\"\">\r\n                            <\/a>\r\n                            \r\n                        <\/figure>\r\n                    <\/div>\r\n                    <div class = \"td-slide-item td-item2\">\r\n                        <figure class=\"td-slide-galery-figure td-slide-popup-gallery\">\r\n                            <a class=\"slide-gallery-image-link\" href=\"https:\/\/gorzow.news\/wp-content\/uploads\/2024\/03\/fotob-12603.jpg\" title=\"\"  data-caption=\"\"  data-description=\"\">\r\n                                <img decoding=\"async\" src=\"https:\/\/gorzow.news\/wp-content\/uploads\/2024\/03\/fotob-12603.jpg\" srcset=\"https:\/\/gorzow.news\/wp-content\/uploads\/2024\/03\/fotob-12603.jpg 1620w, https:\/\/gorzow.news\/wp-content\/uploads\/2024\/03\/fotob-12603-300x200.jpg 300w, https:\/\/gorzow.news\/wp-content\/uploads\/2024\/03\/fotob-12603-1024x683.jpg 1024w, https:\/\/gorzow.news\/wp-content\/uploads\/2024\/03\/fotob-12603-768x512.jpg 768w, https:\/\/gorzow.news\/wp-content\/uploads\/2024\/03\/fotob-12603-1536x1024.jpg 1536w, https:\/\/gorzow.news\/wp-content\/uploads\/2024\/03\/fotob-12603-696x464.jpg 696w, https:\/\/gorzow.news\/wp-content\/uploads\/2024\/03\/fotob-12603-1068x712.jpg 1068w\" sizes=\"(max-width: 1620px) 100vw, 1620px\" alt=\"\">\r\n                            <\/a>\r\n                            \r\n                        <\/figure>\r\n                    <\/div>\r\n                    <div class = \"td-slide-item td-item3\">\r\n                        <figure class=\"td-slide-galery-figure td-slide-popup-gallery\">\r\n                            <a class=\"slide-gallery-image-link\" href=\"https:\/\/gorzow.news\/wp-content\/uploads\/2024\/03\/fotob-12593.jpg\" title=\"\"  data-caption=\"\"  data-description=\"\">\r\n                                <img decoding=\"async\" src=\"https:\/\/gorzow.news\/wp-content\/uploads\/2024\/03\/fotob-12593.jpg\" srcset=\"https:\/\/gorzow.news\/wp-content\/uploads\/2024\/03\/fotob-12593.jpg 1620w, https:\/\/gorzow.news\/wp-content\/uploads\/2024\/03\/fotob-12593-300x200.jpg 300w, https:\/\/gorzow.news\/wp-content\/uploads\/2024\/03\/fotob-12593-1024x683.jpg 1024w, https:\/\/gorzow.news\/wp-content\/uploads\/2024\/03\/fotob-12593-768x512.jpg 768w, https:\/\/gorzow.news\/wp-content\/uploads\/2024\/03\/fotob-12593-1536x1024.jpg 1536w, https:\/\/gorzow.news\/wp-content\/uploads\/2024\/03\/fotob-12593-696x464.jpg 696w, https:\/\/gorzow.news\/wp-content\/uploads\/2024\/03\/fotob-12593-1068x712.jpg 1068w\" sizes=\"(max-width: 1620px) 100vw, 1620px\" alt=\"\">\r\n                            <\/a>\r\n                            \r\n                        <\/figure>\r\n                    <\/div>\r\n                    <div class = \"td-slide-item td-item4\">\r\n                        <figure class=\"td-slide-galery-figure td-slide-popup-gallery\">\r\n                            <a class=\"slide-gallery-image-link\" href=\"https:\/\/gorzow.news\/wp-content\/uploads\/2024\/03\/fotob-12604.jpg\" title=\"\"  data-caption=\"\"  data-description=\"\">\r\n                                <img decoding=\"async\" src=\"https:\/\/gorzow.news\/wp-content\/uploads\/2024\/03\/fotob-12604.jpg\" srcset=\"https:\/\/gorzow.news\/wp-content\/uploads\/2024\/03\/fotob-12604.jpg 1620w, https:\/\/gorzow.news\/wp-content\/uploads\/2024\/03\/fotob-12604-300x200.jpg 300w, https:\/\/gorzow.news\/wp-content\/uploads\/2024\/03\/fotob-12604-1024x683.jpg 1024w, https:\/\/gorzow.news\/wp-content\/uploads\/2024\/03\/fotob-12604-768x512.jpg 768w, https:\/\/gorzow.news\/wp-content\/uploads\/2024\/03\/fotob-12604-1536x1024.jpg 1536w, https:\/\/gorzow.news\/wp-content\/uploads\/2024\/03\/fotob-12604-696x464.jpg 696w, https:\/\/gorzow.news\/wp-content\/uploads\/2024\/03\/fotob-12604-1068x712.jpg 1068w\" sizes=\"(max-width: 1620px) 100vw, 1620px\" alt=\"\">\r\n                            <\/a>\r\n                            \r\n                        <\/figure>\r\n                    <\/div>\r\n                    <div class = \"td-slide-item td-item5\">\r\n                        <figure class=\"td-slide-galery-figure td-slide-popup-gallery\">\r\n                            <a class=\"slide-gallery-image-link\" href=\"https:\/\/gorzow.news\/wp-content\/uploads\/2024\/03\/fotob-12594.jpg\" title=\"\"  data-caption=\"\"  data-description=\"\">\r\n                                <img decoding=\"async\" src=\"https:\/\/gorzow.news\/wp-content\/uploads\/2024\/03\/fotob-12594.jpg\" srcset=\"https:\/\/gorzow.news\/wp-content\/uploads\/2024\/03\/fotob-12594.jpg 1620w, https:\/\/gorzow.news\/wp-content\/uploads\/2024\/03\/fotob-12594-300x200.jpg 300w, https:\/\/gorzow.news\/wp-content\/uploads\/2024\/03\/fotob-12594-1024x683.jpg 1024w, https:\/\/gorzow.news\/wp-content\/uploads\/2024\/03\/fotob-12594-768x512.jpg 768w, https:\/\/gorzow.news\/wp-content\/uploads\/2024\/03\/fotob-12594-1536x1024.jpg 1536w, https:\/\/gorzow.news\/wp-content\/uploads\/2024\/03\/fotob-12594-696x464.jpg 696w, https:\/\/gorzow.news\/wp-content\/uploads\/2024\/03\/fotob-12594-1068x712.jpg 1068w\" sizes=\"(max-width: 1620px) 100vw, 1620px\" alt=\"\">\r\n                            <\/a>\r\n                            \r\n                        <\/figure>\r\n                    <\/div>\r\n                    <div class = \"td-slide-item td-item6\">\r\n                        <figure class=\"td-slide-galery-figure td-slide-popup-gallery\">\r\n                            <a class=\"slide-gallery-image-link\" href=\"https:\/\/gorzow.news\/wp-content\/uploads\/2024\/03\/fotob-12592.jpg\" title=\"\"  data-caption=\"\"  data-description=\"\">\r\n                                <img decoding=\"async\" src=\"https:\/\/gorzow.news\/wp-content\/uploads\/2024\/03\/fotob-12592.jpg\" srcset=\"https:\/\/gorzow.news\/wp-content\/uploads\/2024\/03\/fotob-12592.jpg 1620w, https:\/\/gorzow.news\/wp-content\/uploads\/2024\/03\/fotob-12592-300x200.jpg 300w, https:\/\/gorzow.news\/wp-content\/uploads\/2024\/03\/fotob-12592-1024x683.jpg 1024w, https:\/\/gorzow.news\/wp-content\/uploads\/2024\/03\/fotob-12592-768x512.jpg 768w, https:\/\/gorzow.news\/wp-content\/uploads\/2024\/03\/fotob-12592-1536x1024.jpg 1536w, https:\/\/gorzow.news\/wp-content\/uploads\/2024\/03\/fotob-12592-696x464.jpg 696w, https:\/\/gorzow.news\/wp-content\/uploads\/2024\/03\/fotob-12592-1068x712.jpg 1068w\" sizes=\"(max-width: 1620px) 100vw, 1620px\" alt=\"\">\r\n                            <\/a>\r\n                            \r\n                        <\/figure>\r\n                    <\/div>\r\n                    <div class = \"td-slide-item td-item7\">\r\n                        <figure class=\"td-slide-galery-figure td-slide-popup-gallery\">\r\n                            <a class=\"slide-gallery-image-link\" href=\"https:\/\/gorzow.news\/wp-content\/uploads\/2024\/03\/fotob-12591.jpg\" title=\"\"  data-caption=\"\"  data-description=\"\">\r\n                                <img decoding=\"async\" src=\"https:\/\/gorzow.news\/wp-content\/uploads\/2024\/03\/fotob-12591.jpg\" srcset=\"https:\/\/gorzow.news\/wp-content\/uploads\/2024\/03\/fotob-12591.jpg 1620w, https:\/\/gorzow.news\/wp-content\/uploads\/2024\/03\/fotob-12591-300x200.jpg 300w, https:\/\/gorzow.news\/wp-content\/uploads\/2024\/03\/fotob-12591-1024x683.jpg 1024w, https:\/\/gorzow.news\/wp-content\/uploads\/2024\/03\/fotob-12591-768x512.jpg 768w, https:\/\/gorzow.news\/wp-content\/uploads\/2024\/03\/fotob-12591-1536x1024.jpg 1536w, https:\/\/gorzow.news\/wp-content\/uploads\/2024\/03\/fotob-12591-696x464.jpg 696w, https:\/\/gorzow.news\/wp-content\/uploads\/2024\/03\/fotob-12591-1068x712.jpg 1068w\" sizes=\"(max-width: 1620px) 100vw, 1620px\" alt=\"\">\r\n                            <\/a>\r\n                            \r\n                        <\/figure>\r\n                    <\/div>\r\n                            <\/div>\r\n                        <\/div>\r\n\r\n                        <div class = \"td-doubleSlider-2\">\r\n                            <div class = \"td-slider\">\r\n                                \r\n                    <div class = \"td-button td-item1\">\r\n                        <div class = \"td-border\"><\/div>\r\n                    <\/div>\r\n                    <div class = \"td-button td-item2\">\r\n                        <div class = \"td-border\"><\/div>\r\n                    <\/div>\r\n                    <div class = \"td-button td-item3\">\r\n                        <div class = \"td-border\"><\/div>\r\n                    <\/div>\r\n                    <div class = \"td-button td-item4\">\r\n                        <div class = \"td-border\"><\/div>\r\n                    <\/div>\r\n                    <div class = \"td-button td-item5\">\r\n                        <div class = \"td-border\"><\/div>\r\n                    <\/div>\r\n                    <div class = \"td-button td-item6\">\r\n                        <div class = \"td-border\"><\/div>\r\n                    <\/div>\r\n                    <div class = \"td-button td-item7\">\r\n                        <div class = \"td-border\"><\/div>\r\n                    <\/div>\r\n                            <\/div>\r\n                        <\/div>\r\n\r\n                    <\/div>\r\n\r\n                <\/div>\r\n                ","protected":false},"excerpt":{"rendered":"<p>Z niewielkimi przerwanymi je\u017cd\u017c\u0105 po Gorzowie od 125 lat. Gorzowskie tramwaje w tym roku \u015bwi\u0119tuj\u0105 swoje urodziny. Z tej okazji Urz\u0105d Miasta wsp\u00f3lnie z Miejskim Zak\u0142adem Komunikacji przygotowa\u0142 cykl wydarze\u0144 jubileuszowych, dedykowanych mieszka\u0144com miasta. Prezentacja programu jubileuszowego oraz om\u00f3wienie historii gorzowskich tramwaj\u00f3w odby\u0142o si\u0119 podczas prasowej inauguracji obchod\u00f3w 125-lecia w zajezdni tramwajowej na terenie MZK. [&hellip;]<\/p>\n","protected":false},"author":1,"featured_media":19898,"comment_status":"open","ping_status":"open","sticky":false,"template":"","format":"standard","meta":{"footnotes":"","_links_to":"","_links_to_target":""},"categories":[597,589],"tags":[816,908,362,1784,699],"class_list":{"0":"post-19890","1":"post","2":"type-post","3":"status-publish","4":"format-standard","5":"has-post-thumbnail","7":"category-fakty-opinie","8":"category-wiadomosci","9":"tag-iwona-olek","10":"tag-jan-kaczanowski","11":"tag-mzk","12":"tag-roman-maksymiak","13":"tag-tramwaje"},"yoast_head":"<!-- This site is optimized with the Yoast SEO plugin v27.3 - https:\/\/yoast.com\/product\/yoast-seo-wordpress\/ -->\n<title>Gorzowskie tramwaje maj\u0105 ju\u017c 125 lat! B\u0119dzie cykl wydarze\u0144 jubileuszowych! Jaki program? - Gorz\u00f3w News<\/title>\n<meta name=\"robots\" content=\"index, follow, max-snippet:-1, max-image-preview:large, max-video-preview:-1\" \/>\n<link rel=\"canonical\" href=\"https:\/\/gorzow.news\/index.php\/2024\/03\/01\/gorzowskie-tramwaje-maja-juz-125-lat-bedzie-cykl-wydarzen-jubileuszowych-jaki-program\/\" \/>\n<meta property=\"og:locale\" content=\"pl_PL\" \/>\n<meta property=\"og:type\" content=\"article\" \/>\n<meta property=\"og:title\" content=\"Gorzowskie tramwaje maj\u0105 ju\u017c 125 lat! B\u0119dzie cykl wydarze\u0144 jubileuszowych! Jaki program? - Gorz\u00f3w News\" \/>\n<meta property=\"og:description\" content=\"\" \/>\n<meta property=\"og:url\" content=\"https:\/\/gorzow.news\/index.php\/2024\/03\/01\/gorzowskie-tramwaje-maja-juz-125-lat-bedzie-cykl-wydarzen-jubileuszowych-jaki-program\/\" \/>\n<meta property=\"og:site_name\" content=\"Gorz\u00f3w News\" \/>\n<meta property=\"article:publisher\" content=\"https:\/\/www.facebook.com\/gorzowskinews\" \/>\n<meta property=\"article:published_time\" content=\"2024-03-01T08:45:00+00:00\" \/>\n<meta property=\"article:modified_time\" content=\"2024-03-01T13:56:43+00:00\" \/>\n<meta property=\"og:image\" content=\"https:\/\/gorzow.news\/wp-content\/uploads\/2024\/03\/fotob-12591-kopia.jpg\" \/>\n\t<meta property=\"og:image:width\" content=\"1620\" \/>\n\t<meta property=\"og:image:height\" content=\"766\" \/>\n\t<meta property=\"og:image:type\" content=\"image\/jpeg\" \/>\n<meta name=\"author\" content=\"maciej\" \/>\n<meta name=\"twitter:card\" content=\"summary_large_image\" \/>\n<meta name=\"twitter:label1\" content=\"Napisane przez\" \/>\n\t<meta name=\"twitter:data1\" content=\"maciej\" \/>\n\t<meta name=\"twitter:label2\" content=\"Szacowany czas czytania\" \/>\n\t<meta name=\"twitter:data2\" content=\"4 minuty\" \/>\n<script type=\"application\/ld+json\" class=\"yoast-schema-graph\">{\"@context\":\"https:\\\/\\\/schema.org\",\"@graph\":[{\"@type\":\"Article\",\"@id\":\"https:\\\/\\\/gorzow.news\\\/index.php\\\/2024\\\/03\\\/01\\\/gorzowskie-tramwaje-maja-juz-125-lat-bedzie-cykl-wydarzen-jubileuszowych-jaki-program\\\/#article\",\"isPartOf\":{\"@id\":\"https:\\\/\\\/gorzow.news\\\/index.php\\\/2024\\\/03\\\/01\\\/gorzowskie-tramwaje-maja-juz-125-lat-bedzie-cykl-wydarzen-jubileuszowych-jaki-program\\\/\"},\"author\":{\"name\":\"maciej\",\"@id\":\"https:\\\/\\\/gorzow.news\\\/#\\\/schema\\\/person\\\/a1e5ab43166369f2ce236a1cd90995bb\"},\"headline\":\"Gorzowskie tramwaje maj\u0105 ju\u017c 125 lat! B\u0119dzie cykl wydarze\u0144 jubileuszowych! Jaki program?\",\"datePublished\":\"2024-03-01T08:45:00+00:00\",\"dateModified\":\"2024-03-01T13:56:43+00:00\",\"mainEntityOfPage\":{\"@id\":\"https:\\\/\\\/gorzow.news\\\/index.php\\\/2024\\\/03\\\/01\\\/gorzowskie-tramwaje-maja-juz-125-lat-bedzie-cykl-wydarzen-jubileuszowych-jaki-program\\\/\"},\"wordCount\":722,\"commentCount\":0,\"image\":{\"@id\":\"https:\\\/\\\/gorzow.news\\\/index.php\\\/2024\\\/03\\\/01\\\/gorzowskie-tramwaje-maja-juz-125-lat-bedzie-cykl-wydarzen-jubileuszowych-jaki-program\\\/#primaryimage\"},\"thumbnailUrl\":\"https:\\\/\\\/gorzow.news\\\/wp-content\\\/uploads\\\/2024\\\/03\\\/fotob-12591-kopia.jpg\",\"keywords\":[\"Iwona Olek\",\"Jan Kaczanowski\",\"MZK\",\"Roman Maksymiak\",\"tramwaje\"],\"articleSection\":[\"Fakty i opinie\",\"Wiadomo\u015bci\"],\"inLanguage\":\"pl-PL\",\"potentialAction\":[{\"@type\":\"CommentAction\",\"name\":\"Comment\",\"target\":[\"https:\\\/\\\/gorzow.news\\\/index.php\\\/2024\\\/03\\\/01\\\/gorzowskie-tramwaje-maja-juz-125-lat-bedzie-cykl-wydarzen-jubileuszowych-jaki-program\\\/#respond\"]}]},{\"@type\":\"WebPage\",\"@id\":\"https:\\\/\\\/gorzow.news\\\/index.php\\\/2024\\\/03\\\/01\\\/gorzowskie-tramwaje-maja-juz-125-lat-bedzie-cykl-wydarzen-jubileuszowych-jaki-program\\\/\",\"url\":\"https:\\\/\\\/gorzow.news\\\/index.php\\\/2024\\\/03\\\/01\\\/gorzowskie-tramwaje-maja-juz-125-lat-bedzie-cykl-wydarzen-jubileuszowych-jaki-program\\\/\",\"name\":\"Gorzowskie tramwaje maj\u0105 ju\u017c 125 lat! B\u0119dzie cykl wydarze\u0144 jubileuszowych! Jaki program? - Gorz\u00f3w News\",\"isPartOf\":{\"@id\":\"https:\\\/\\\/gorzow.news\\\/#website\"},\"primaryImageOfPage\":{\"@id\":\"https:\\\/\\\/gorzow.news\\\/index.php\\\/2024\\\/03\\\/01\\\/gorzowskie-tramwaje-maja-juz-125-lat-bedzie-cykl-wydarzen-jubileuszowych-jaki-program\\\/#primaryimage\"},\"image\":{\"@id\":\"https:\\\/\\\/gorzow.news\\\/index.php\\\/2024\\\/03\\\/01\\\/gorzowskie-tramwaje-maja-juz-125-lat-bedzie-cykl-wydarzen-jubileuszowych-jaki-program\\\/#primaryimage\"},\"thumbnailUrl\":\"https:\\\/\\\/gorzow.news\\\/wp-content\\\/uploads\\\/2024\\\/03\\\/fotob-12591-kopia.jpg\",\"datePublished\":\"2024-03-01T08:45:00+00:00\",\"dateModified\":\"2024-03-01T13:56:43+00:00\",\"author\":{\"@id\":\"https:\\\/\\\/gorzow.news\\\/#\\\/schema\\\/person\\\/a1e5ab43166369f2ce236a1cd90995bb\"},\"breadcrumb\":{\"@id\":\"https:\\\/\\\/gorzow.news\\\/index.php\\\/2024\\\/03\\\/01\\\/gorzowskie-tramwaje-maja-juz-125-lat-bedzie-cykl-wydarzen-jubileuszowych-jaki-program\\\/#breadcrumb\"},\"inLanguage\":\"pl-PL\",\"potentialAction\":[{\"@type\":\"ReadAction\",\"target\":[\"https:\\\/\\\/gorzow.news\\\/index.php\\\/2024\\\/03\\\/01\\\/gorzowskie-tramwaje-maja-juz-125-lat-bedzie-cykl-wydarzen-jubileuszowych-jaki-program\\\/\"]}]},{\"@type\":\"ImageObject\",\"inLanguage\":\"pl-PL\",\"@id\":\"https:\\\/\\\/gorzow.news\\\/index.php\\\/2024\\\/03\\\/01\\\/gorzowskie-tramwaje-maja-juz-125-lat-bedzie-cykl-wydarzen-jubileuszowych-jaki-program\\\/#primaryimage\",\"url\":\"https:\\\/\\\/gorzow.news\\\/wp-content\\\/uploads\\\/2024\\\/03\\\/fotob-12591-kopia.jpg\",\"contentUrl\":\"https:\\\/\\\/gorzow.news\\\/wp-content\\\/uploads\\\/2024\\\/03\\\/fotob-12591-kopia.jpg\",\"width\":1620,\"height\":766,\"caption\":\"Gorzowskie tramwaje obchodz\u0105 w tym roku swoje 125 urodziny! fot. Bart\u0142omiej Nowosielski\"},{\"@type\":\"BreadcrumbList\",\"@id\":\"https:\\\/\\\/gorzow.news\\\/index.php\\\/2024\\\/03\\\/01\\\/gorzowskie-tramwaje-maja-juz-125-lat-bedzie-cykl-wydarzen-jubileuszowych-jaki-program\\\/#breadcrumb\",\"itemListElement\":[{\"@type\":\"ListItem\",\"position\":1,\"name\":\"Home\",\"item\":\"https:\\\/\\\/gorzow.news\\\/\"},{\"@type\":\"ListItem\",\"position\":2,\"name\":\"Gorzowskie tramwaje maj\u0105 ju\u017c 125 lat! B\u0119dzie cykl wydarze\u0144 jubileuszowych! Jaki program?\"}]},{\"@type\":\"WebSite\",\"@id\":\"https:\\\/\\\/gorzow.news\\\/#website\",\"url\":\"https:\\\/\\\/gorzow.news\\\/\",\"name\":\"Gorz\u00f3w News\",\"description\":\"Sp\u00f3jrz inaczej na miato i region...\",\"potentialAction\":[{\"@type\":\"SearchAction\",\"target\":{\"@type\":\"EntryPoint\",\"urlTemplate\":\"https:\\\/\\\/gorzow.news\\\/?s={search_term_string}\"},\"query-input\":{\"@type\":\"PropertyValueSpecification\",\"valueRequired\":true,\"valueName\":\"search_term_string\"}}],\"inLanguage\":\"pl-PL\"},{\"@type\":\"Person\",\"@id\":\"https:\\\/\\\/gorzow.news\\\/#\\\/schema\\\/person\\\/a1e5ab43166369f2ce236a1cd90995bb\",\"name\":\"maciej\",\"image\":{\"@type\":\"ImageObject\",\"inLanguage\":\"pl-PL\",\"@id\":\"https:\\\/\\\/secure.gravatar.com\\\/avatar\\\/530a674d56ba60cfa0ef21d74e8e8d123a51bb7aa6580465b5c2ab2c2e980a19?s=96&r=g&d=https:\\\/\\\/gorzow.news\\\/wp-content\\\/plugins\\\/userswp\\\/assets\\\/images\\\/no_profile.png\",\"url\":\"https:\\\/\\\/secure.gravatar.com\\\/avatar\\\/530a674d56ba60cfa0ef21d74e8e8d123a51bb7aa6580465b5c2ab2c2e980a19?s=96&r=g&d=https:\\\/\\\/gorzow.news\\\/wp-content\\\/plugins\\\/userswp\\\/assets\\\/images\\\/no_profile.png\",\"contentUrl\":\"https:\\\/\\\/secure.gravatar.com\\\/avatar\\\/530a674d56ba60cfa0ef21d74e8e8d123a51bb7aa6580465b5c2ab2c2e980a19?s=96&r=g&d=https:\\\/\\\/gorzow.news\\\/wp-content\\\/plugins\\\/userswp\\\/assets\\\/images\\\/no_profile.png\",\"caption\":\"maciej\"},\"url\":\"https:\\\/\\\/gorzow.news\\\/index.php\\\/profile\\\/maciej\\\/\"}]}<\/script>\n<!-- \/ Yoast SEO plugin. -->","yoast_head_json":{"title":"Gorzowskie tramwaje maj\u0105 ju\u017c 125 lat! B\u0119dzie cykl wydarze\u0144 jubileuszowych! Jaki program? - Gorz\u00f3w News","robots":{"index":"index","follow":"follow","max-snippet":"max-snippet:-1","max-image-preview":"max-image-preview:large","max-video-preview":"max-video-preview:-1"},"canonical":"https:\/\/gorzow.news\/index.php\/2024\/03\/01\/gorzowskie-tramwaje-maja-juz-125-lat-bedzie-cykl-wydarzen-jubileuszowych-jaki-program\/","og_locale":"pl_PL","og_type":"article","og_title":"Gorzowskie tramwaje maj\u0105 ju\u017c 125 lat! B\u0119dzie cykl wydarze\u0144 jubileuszowych! Jaki program? - Gorz\u00f3w News","og_description":"Z niewielkimi przerwanymi je\u017cd\u017c\u0105 po Gorzowie od 125 lat. Gorzowskie tramwaje w tym roku \u015bwi\u0119tuj\u0105 swoje urodziny. Z tej okazji Urz\u0105d Miasta wsp?","og_url":"https:\/\/gorzow.news\/index.php\/2024\/03\/01\/gorzowskie-tramwaje-maja-juz-125-lat-bedzie-cykl-wydarzen-jubileuszowych-jaki-program\/","og_site_name":"Gorz\u00f3w News","article_publisher":"https:\/\/www.facebook.com\/gorzowskinews","article_published_time":"2024-03-01T08:45:00+00:00","article_modified_time":"2024-03-01T13:56:43+00:00","og_image":[{"width":1620,"height":766,"url":"https:\/\/gorzow.news\/wp-content\/uploads\/2024\/03\/fotob-12591-kopia.jpg","type":"image\/jpeg"}],"author":"maciej","twitter_card":"summary_large_image","twitter_misc":{"Napisane przez":"maciej","Szacowany czas czytania":"4 minuty"},"schema":{"@context":"https:\/\/schema.org","@graph":[{"@type":"Article","@id":"https:\/\/gorzow.news\/index.php\/2024\/03\/01\/gorzowskie-tramwaje-maja-juz-125-lat-bedzie-cykl-wydarzen-jubileuszowych-jaki-program\/#article","isPartOf":{"@id":"https:\/\/gorzow.news\/index.php\/2024\/03\/01\/gorzowskie-tramwaje-maja-juz-125-lat-bedzie-cykl-wydarzen-jubileuszowych-jaki-program\/"},"author":{"name":"maciej","@id":"https:\/\/gorzow.news\/#\/schema\/person\/a1e5ab43166369f2ce236a1cd90995bb"},"headline":"Gorzowskie tramwaje maj\u0105 ju\u017c 125 lat! B\u0119dzie cykl wydarze\u0144 jubileuszowych! Jaki program?","datePublished":"2024-03-01T08:45:00+00:00","dateModified":"2024-03-01T13:56:43+00:00","mainEntityOfPage":{"@id":"https:\/\/gorzow.news\/index.php\/2024\/03\/01\/gorzowskie-tramwaje-maja-juz-125-lat-bedzie-cykl-wydarzen-jubileuszowych-jaki-program\/"},"wordCount":722,"commentCount":0,"image":{"@id":"https:\/\/gorzow.news\/index.php\/2024\/03\/01\/gorzowskie-tramwaje-maja-juz-125-lat-bedzie-cykl-wydarzen-jubileuszowych-jaki-program\/#primaryimage"},"thumbnailUrl":"https:\/\/gorzow.news\/wp-content\/uploads\/2024\/03\/fotob-12591-kopia.jpg","keywords":["Iwona Olek","Jan Kaczanowski","MZK","Roman Maksymiak","tramwaje"],"articleSection":["Fakty i opinie","Wiadomo\u015bci"],"inLanguage":"pl-PL","potentialAction":[{"@type":"CommentAction","name":"Comment","target":["https:\/\/gorzow.news\/index.php\/2024\/03\/01\/gorzowskie-tramwaje-maja-juz-125-lat-bedzie-cykl-wydarzen-jubileuszowych-jaki-program\/#respond"]}]},{"@type":"WebPage","@id":"https:\/\/gorzow.news\/index.php\/2024\/03\/01\/gorzowskie-tramwaje-maja-juz-125-lat-bedzie-cykl-wydarzen-jubileuszowych-jaki-program\/","url":"https:\/\/gorzow.news\/index.php\/2024\/03\/01\/gorzowskie-tramwaje-maja-juz-125-lat-bedzie-cykl-wydarzen-jubileuszowych-jaki-program\/","name":"Gorzowskie tramwaje maj\u0105 ju\u017c 125 lat! B\u0119dzie cykl wydarze\u0144 jubileuszowych! Jaki program? - Gorz\u00f3w News","isPartOf":{"@id":"https:\/\/gorzow.news\/#website"},"primaryImageOfPage":{"@id":"https:\/\/gorzow.news\/index.php\/2024\/03\/01\/gorzowskie-tramwaje-maja-juz-125-lat-bedzie-cykl-wydarzen-jubileuszowych-jaki-program\/#primaryimage"},"image":{"@id":"https:\/\/gorzow.news\/index.php\/2024\/03\/01\/gorzowskie-tramwaje-maja-juz-125-lat-bedzie-cykl-wydarzen-jubileuszowych-jaki-program\/#primaryimage"},"thumbnailUrl":"https:\/\/gorzow.news\/wp-content\/uploads\/2024\/03\/fotob-12591-kopia.jpg","datePublished":"2024-03-01T08:45:00+00:00","dateModified":"2024-03-01T13:56:43+00:00","author":{"@id":"https:\/\/gorzow.news\/#\/schema\/person\/a1e5ab43166369f2ce236a1cd90995bb"},"breadcrumb":{"@id":"https:\/\/gorzow.news\/index.php\/2024\/03\/01\/gorzowskie-tramwaje-maja-juz-125-lat-bedzie-cykl-wydarzen-jubileuszowych-jaki-program\/#breadcrumb"},"inLanguage":"pl-PL","potentialAction":[{"@type":"ReadAction","target":["https:\/\/gorzow.news\/index.php\/2024\/03\/01\/gorzowskie-tramwaje-maja-juz-125-lat-bedzie-cykl-wydarzen-jubileuszowych-jaki-program\/"]}]},{"@type":"ImageObject","inLanguage":"pl-PL","@id":"https:\/\/gorzow.news\/index.php\/2024\/03\/01\/gorzowskie-tramwaje-maja-juz-125-lat-bedzie-cykl-wydarzen-jubileuszowych-jaki-program\/#primaryimage","url":"https:\/\/gorzow.news\/wp-content\/uploads\/2024\/03\/fotob-12591-kopia.jpg","contentUrl":"https:\/\/gorzow.news\/wp-content\/uploads\/2024\/03\/fotob-12591-kopia.jpg","width":1620,"height":766,"caption":"Gorzowskie tramwaje obchodz\u0105 w tym roku swoje 125 urodziny! fot. Bart\u0142omiej Nowosielski"},{"@type":"BreadcrumbList","@id":"https:\/\/gorzow.news\/index.php\/2024\/03\/01\/gorzowskie-tramwaje-maja-juz-125-lat-bedzie-cykl-wydarzen-jubileuszowych-jaki-program\/#breadcrumb","itemListElement":[{"@type":"ListItem","position":1,"name":"Home","item":"https:\/\/gorzow.news\/"},{"@type":"ListItem","position":2,"name":"Gorzowskie tramwaje maj\u0105 ju\u017c 125 lat! B\u0119dzie cykl wydarze\u0144 jubileuszowych! Jaki program?"}]},{"@type":"WebSite","@id":"https:\/\/gorzow.news\/#website","url":"https:\/\/gorzow.news\/","name":"Gorz\u00f3w News","description":"Sp\u00f3jrz inaczej na miato i region...","potentialAction":[{"@type":"SearchAction","target":{"@type":"EntryPoint","urlTemplate":"https:\/\/gorzow.news\/?s={search_term_string}"},"query-input":{"@type":"PropertyValueSpecification","valueRequired":true,"valueName":"search_term_string"}}],"inLanguage":"pl-PL"},{"@type":"Person","@id":"https:\/\/gorzow.news\/#\/schema\/person\/a1e5ab43166369f2ce236a1cd90995bb","name":"maciej","image":{"@type":"ImageObject","inLanguage":"pl-PL","@id":"https:\/\/secure.gravatar.com\/avatar\/530a674d56ba60cfa0ef21d74e8e8d123a51bb7aa6580465b5c2ab2c2e980a19?s=96&r=g&d=https:\/\/gorzow.news\/wp-content\/plugins\/userswp\/assets\/images\/no_profile.png","url":"https:\/\/secure.gravatar.com\/avatar\/530a674d56ba60cfa0ef21d74e8e8d123a51bb7aa6580465b5c2ab2c2e980a19?s=96&r=g&d=https:\/\/gorzow.news\/wp-content\/plugins\/userswp\/assets\/images\/no_profile.png","contentUrl":"https:\/\/secure.gravatar.com\/avatar\/530a674d56ba60cfa0ef21d74e8e8d123a51bb7aa6580465b5c2ab2c2e980a19?s=96&r=g&d=https:\/\/gorzow.news\/wp-content\/plugins\/userswp\/assets\/images\/no_profile.png","caption":"maciej"},"url":"https:\/\/gorzow.news\/index.php\/profile\/maciej\/"}]}},"_links":{"self":[{"href":"https:\/\/gorzow.news\/index.php\/wp-json\/wp\/v2\/posts\/19890","targetHints":{"allow":["GET"]}}],"collection":[{"href":"https:\/\/gorzow.news\/index.php\/wp-json\/wp\/v2\/posts"}],"about":[{"href":"https:\/\/gorzow.news\/index.php\/wp-json\/wp\/v2\/types\/post"}],"author":[{"embeddable":true,"href":"https:\/\/gorzow.news\/index.php\/wp-json\/wp\/v2\/users\/1"}],"replies":[{"embeddable":true,"href":"https:\/\/gorzow.news\/index.php\/wp-json\/wp\/v2\/comments?post=19890"}],"version-history":[{"count":1,"href":"https:\/\/gorzow.news\/index.php\/wp-json\/wp\/v2\/posts\/19890\/revisions"}],"predecessor-version":[{"id":19899,"href":"https:\/\/gorzow.news\/index.php\/wp-json\/wp\/v2\/posts\/19890\/revisions\/19899"}],"wp:featuredmedia":[{"embeddable":true,"href":"https:\/\/gorzow.news\/index.php\/wp-json\/wp\/v2\/media\/19898"}],"wp:attachment":[{"href":"https:\/\/gorzow.news\/index.php\/wp-json\/wp\/v2\/media?parent=19890"}],"wp:term":[{"taxonomy":"category","embeddable":true,"href":"https:\/\/gorzow.news\/index.php\/wp-json\/wp\/v2\/categories?post=19890"},{"taxonomy":"post_tag","embeddable":true,"href":"https:\/\/gorzow.news\/index.php\/wp-json\/wp\/v2\/tags?post=19890"}],"curies":[{"name":"wp","href":"https:\/\/api.w.org\/{rel}","templated":true}]}}