{"id":19860,"date":"2024-03-01T08:00:00","date_gmt":"2024-03-01T07:00:00","guid":{"rendered":"https:\/\/gorzow.news\/?p=19860"},"modified":"2024-03-01T11:03:29","modified_gmt":"2024-03-01T10:03:29","slug":"od-wtorku-na-kosynierow-gdynskich-pojedziemy-inaczej-jak-ida-prace-na-glownym-skrzyzowaniu","status":"publish","type":"post","link":"https:\/\/gorzow.news\/index.php\/2024\/03\/01\/od-wtorku-na-kosynierow-gdynskich-pojedziemy-inaczej-jak-ida-prace-na-glownym-skrzyzowaniu\/","title":{"rendered":"Od wtorku na Kosynier\u00f3w Gdy\u0144skich pojedziemy inaczej! Jak id\u0105 prace na g\u0142\u00f3wnym skrzy\u017cowaniu?"},"content":{"rendered":"\n<p><strong>Od wtorku (5 marca) do po\u0142owy czerwca b\u0119dzie obowi\u0105zywa\u0107 kolejny etap organizacji ruchu na ulicy Kosynier\u00f3w Gdy\u0144skich. Od budynku numer 50 do skrzy\u017cowania z ulicami \u017bwirow\u0105, S\u0142owia\u0144sk\u0105 i Roosevelta przejazd pojazd\u00f3w b\u0119dzie si\u0119 odbywa\u0142 drug\u0105, obecnie zamkni\u0119t\u0105 po\u0142ow\u0105 jezdni.<\/strong><\/p>\n\n\n\n<p>W po\u0142owie marca planowane jest zako\u0144czenie prac na pierwszej \u0107wiartce skrzy\u017cowania ulic: Kosynier\u00f3w Gdy\u0144skich, \u017bwirowej, S\u0142owia\u0144skiej oraz Roosevelta. W\u00f3wczas wprowadzona zostanie nowa organizacja ruchu, o czym b\u0119dziemy informowa\u0107 na \u0142amach GORZ\u00d3W.NEWS.<\/p>\n\n\n\n<p>W trakcie s\u0105 prace zwi\u0105zane z budow\u0105 nowej zatoki autobusowej w ul. \u017bwirowej. W zwi\u0105zku z tym, ze wzgl\u0119d\u00f3w bezpiecze\u0144stwa m.in. os\u00f3b, kt\u00f3re b\u0119d\u0105 korzysta\u0142y z przystanku MZK, zrealizowano prace polegaj\u0105ce na niwelacji terenu, w tym usuni\u0119ciu koliduj\u0105cego z inwestycj\u0105 drzewa.<\/p>\n\n\n\n<figure class=\"wp-block-image size-large\"><img loading=\"lazy\" decoding=\"async\" width=\"1024\" height=\"484\" src=\"https:\/\/gorzow.news\/wp-content\/uploads\/2024\/03\/IMG_3367-1536x1152-1-1024x484.jpg\" alt=\"\" class=\"wp-image-19861\" srcset=\"https:\/\/gorzow.news\/wp-content\/uploads\/2024\/03\/IMG_3367-1536x1152-1-1024x484.jpg 1024w, https:\/\/gorzow.news\/wp-content\/uploads\/2024\/03\/IMG_3367-1536x1152-1-300x142.jpg 300w, https:\/\/gorzow.news\/wp-content\/uploads\/2024\/03\/IMG_3367-1536x1152-1-768x363.jpg 768w, https:\/\/gorzow.news\/wp-content\/uploads\/2024\/03\/IMG_3367-1536x1152-1-696x329.jpg 696w, https:\/\/gorzow.news\/wp-content\/uploads\/2024\/03\/IMG_3367-1536x1152-1-1068x505.jpg 1068w, https:\/\/gorzow.news\/wp-content\/uploads\/2024\/03\/IMG_3367-1536x1152-1.jpg 1536w\" sizes=\"auto, (max-width: 1024px) 100vw, 1024px\" \/><\/figure>\n\n\n\n<p>Zako\u0144czenie wszystkich rob\u00f3t, w ramach zadania, planowane jest we wrze\u015bniu br., natomiast w okresie letnim u\u0142o\u017cenie na ca\u0142o\u015bci inwestycji ostatniej warstwy bitumicznej. Przejezdno\u015b\u0107 ulic b\u0119dzie zwi\u0119kszana sukcesywnie, zgodnie z post\u0119pem rob\u00f3t.<\/p>\n","protected":false},"excerpt":{"rendered":"<p>Od wtorku (5 marca) do po\u0142owy czerwca b\u0119dzie obowi\u0105zywa\u0107 kolejny etap organizacji ruchu na ulicy Kosynier\u00f3w Gdy\u0144skich. Od budynku numer 50 do skrzy\u017cowania z ulicami \u017bwirow\u0105, S\u0142owia\u0144sk\u0105 i Roosevelta przejazd pojazd\u00f3w b\u0119dzie si\u0119 odbywa\u0142 drug\u0105, obecnie zamkni\u0119t\u0105 po\u0142ow\u0105 jezdni. W po\u0142owie marca planowane jest zako\u0144czenie prac na pierwszej \u0107wiartce skrzy\u017cowania ulic: Kosynier\u00f3w Gdy\u0144skich, \u017bwirowej, S\u0142owia\u0144skiej [&hellip;]<\/p>\n","protected":false},"author":1,"featured_media":19862,"comment_status":"open","ping_status":"open","sticky":false,"template":"","format":"standard","meta":{"footnotes":"","_links_to":"","_links_to_target":""},"categories":[2009,594,589],"tags":[282,624,92,1000],"class_list":{"0":"post-19860","1":"post","2":"type-post","3":"status-publish","4":"format-standard","5":"has-post-thumbnail","7":"category-centrum-srodmiescie","8":"category-info-ulice","10":"tag-kosynierow-gdynskich","11":"tag-roosevelta","13":"tag-zwirowa"},"yoast_head":"<!-- This site is optimized with the Yoast SEO plugin v27.3 - https:\/\/yoast.com\/product\/yoast-seo-wordpress\/ -->\n<title>Od wtorku na Kosynier\u00f3w Gdy\u0144skich pojedziemy inaczej! Jak id\u0105 prace na g\u0142\u00f3wnym skrzy\u017cowaniu? - Gorz\u00f3w News<\/title>\n<meta name=\"description\" content=\"Od wtorku (5 marca) do po\u0142owy czerwca b\u0119dzie obowi\u0105zywa\u0107 kolejny etap organizacji ruchu na ulicy Kosynier\u00f3w Gdy\u0144skich. Od budynku numer 50 do sk\" \/>\n<meta name=\"robots\" content=\"index, follow, max-snippet:-1, max-image-preview:large, max-video-preview:-1\" \/>\n<link rel=\"canonical\" href=\"https:\/\/gorzow.news\/index.php\/2024\/03\/01\/od-wtorku-na-kosynierow-gdynskich-pojedziemy-inaczej-jak-ida-prace-na-glownym-skrzyzowaniu\/\" \/>\n<meta property=\"og:locale\" content=\"pl_PL\" \/>\n<meta property=\"og:type\" content=\"article\" \/>\n<meta property=\"og:title\" content=\"Od wtorku na Kosynier\u00f3w Gdy\u0144skich pojedziemy inaczej! Jak id\u0105 prace na g\u0142\u00f3wnym skrzy\u017cowaniu? - Gorz\u00f3w News\" \/>\n<meta property=\"og:description\" content=\"Od wtorku (5 marca) do po\u0142owy czerwca b\u0119dzie obowi\u0105zywa\u0107 kolejny etap organizacji ruchu na ulicy Kosynier\u00f3w Gdy\u0144skich. Od budynku numer 50 do sk\" \/>\n<meta property=\"og:url\" content=\"https:\/\/gorzow.news\/index.php\/2024\/03\/01\/od-wtorku-na-kosynierow-gdynskich-pojedziemy-inaczej-jak-ida-prace-na-glownym-skrzyzowaniu\/\" \/>\n<meta property=\"og:site_name\" content=\"Gorz\u00f3w News\" \/>\n<meta property=\"article:publisher\" content=\"https:\/\/www.facebook.com\/gorzowskinews\" \/>\n<meta property=\"article:published_time\" content=\"2024-03-01T07:00:00+00:00\" \/>\n<meta property=\"article:modified_time\" content=\"2024-03-01T10:03:29+00:00\" \/>\n<meta property=\"og:image\" content=\"https:\/\/gorzow.news\/wp-content\/uploads\/2024\/03\/IMG_3379-1536x1152-1.jpg\" \/>\n\t<meta property=\"og:image:width\" content=\"1534\" \/>\n\t<meta property=\"og:image:height\" content=\"726\" \/>\n\t<meta property=\"og:image:type\" content=\"image\/jpeg\" \/>\n<meta name=\"author\" content=\"maciej\" \/>\n<meta name=\"twitter:card\" content=\"summary_large_image\" \/>\n<meta name=\"twitter:label1\" content=\"Napisane przez\" \/>\n\t<meta name=\"twitter:data1\" content=\"maciej\" \/>\n\t<meta name=\"twitter:label2\" content=\"Szacowany czas czytania\" \/>\n\t<meta name=\"twitter:data2\" content=\"2 minuty\" \/>\n<script type=\"application\/ld+json\" class=\"yoast-schema-graph\">{\"@context\":\"https:\\\/\\\/schema.org\",\"@graph\":[{\"@type\":\"Article\",\"@id\":\"https:\\\/\\\/gorzow.news\\\/index.php\\\/2024\\\/03\\\/01\\\/od-wtorku-na-kosynierow-gdynskich-pojedziemy-inaczej-jak-ida-prace-na-glownym-skrzyzowaniu\\\/#article\",\"isPartOf\":{\"@id\":\"https:\\\/\\\/gorzow.news\\\/index.php\\\/2024\\\/03\\\/01\\\/od-wtorku-na-kosynierow-gdynskich-pojedziemy-inaczej-jak-ida-prace-na-glownym-skrzyzowaniu\\\/\"},\"author\":{\"name\":\"maciej\",\"@id\":\"https:\\\/\\\/gorzow.news\\\/#\\\/schema\\\/person\\\/a1e5ab43166369f2ce236a1cd90995bb\"},\"headline\":\"Od wtorku na Kosynier\u00f3w Gdy\u0144skich pojedziemy inaczej! Jak id\u0105 prace na g\u0142\u00f3wnym skrzy\u017cowaniu?\",\"datePublished\":\"2024-03-01T07:00:00+00:00\",\"dateModified\":\"2024-03-01T10:03:29+00:00\",\"mainEntityOfPage\":{\"@id\":\"https:\\\/\\\/gorzow.news\\\/index.php\\\/2024\\\/03\\\/01\\\/od-wtorku-na-kosynierow-gdynskich-pojedziemy-inaczej-jak-ida-prace-na-glownym-skrzyzowaniu\\\/\"},\"wordCount\":204,\"commentCount\":0,\"image\":{\"@id\":\"https:\\\/\\\/gorzow.news\\\/index.php\\\/2024\\\/03\\\/01\\\/od-wtorku-na-kosynierow-gdynskich-pojedziemy-inaczej-jak-ida-prace-na-glownym-skrzyzowaniu\\\/#primaryimage\"},\"thumbnailUrl\":\"https:\\\/\\\/gorzow.news\\\/wp-content\\\/uploads\\\/2024\\\/03\\\/IMG_3379-1536x1152-1.jpg\",\"keywords\":[\"Kosynier\u00f3w Gdy\u0144skich\",\"Roosevelta\",\"S\u0142owia\u0144ska\",\"\u017bwirowa\"],\"articleSection\":[\"Centrum \\\/ \u015ar\u00f3dmie\u015bcie\",\"INFOulice\",\"Wiadomo\u015bci\"],\"inLanguage\":\"pl-PL\",\"potentialAction\":[{\"@type\":\"CommentAction\",\"name\":\"Comment\",\"target\":[\"https:\\\/\\\/gorzow.news\\\/index.php\\\/2024\\\/03\\\/01\\\/od-wtorku-na-kosynierow-gdynskich-pojedziemy-inaczej-jak-ida-prace-na-glownym-skrzyzowaniu\\\/#respond\"]}]},{\"@type\":\"WebPage\",\"@id\":\"https:\\\/\\\/gorzow.news\\\/index.php\\\/2024\\\/03\\\/01\\\/od-wtorku-na-kosynierow-gdynskich-pojedziemy-inaczej-jak-ida-prace-na-glownym-skrzyzowaniu\\\/\",\"url\":\"https:\\\/\\\/gorzow.news\\\/index.php\\\/2024\\\/03\\\/01\\\/od-wtorku-na-kosynierow-gdynskich-pojedziemy-inaczej-jak-ida-prace-na-glownym-skrzyzowaniu\\\/\",\"name\":\"Od wtorku na Kosynier\u00f3w Gdy\u0144skich pojedziemy inaczej! Jak id\u0105 prace na g\u0142\u00f3wnym skrzy\u017cowaniu? - Gorz\u00f3w News\",\"isPartOf\":{\"@id\":\"https:\\\/\\\/gorzow.news\\\/#website\"},\"primaryImageOfPage\":{\"@id\":\"https:\\\/\\\/gorzow.news\\\/index.php\\\/2024\\\/03\\\/01\\\/od-wtorku-na-kosynierow-gdynskich-pojedziemy-inaczej-jak-ida-prace-na-glownym-skrzyzowaniu\\\/#primaryimage\"},\"image\":{\"@id\":\"https:\\\/\\\/gorzow.news\\\/index.php\\\/2024\\\/03\\\/01\\\/od-wtorku-na-kosynierow-gdynskich-pojedziemy-inaczej-jak-ida-prace-na-glownym-skrzyzowaniu\\\/#primaryimage\"},\"thumbnailUrl\":\"https:\\\/\\\/gorzow.news\\\/wp-content\\\/uploads\\\/2024\\\/03\\\/IMG_3379-1536x1152-1.jpg\",\"datePublished\":\"2024-03-01T07:00:00+00:00\",\"dateModified\":\"2024-03-01T10:03:29+00:00\",\"author\":{\"@id\":\"https:\\\/\\\/gorzow.news\\\/#\\\/schema\\\/person\\\/a1e5ab43166369f2ce236a1cd90995bb\"},\"description\":\"Od wtorku (5 marca) do po\u0142owy czerwca b\u0119dzie obowi\u0105zywa\u0107 kolejny etap organizacji ruchu na ulicy Kosynier\u00f3w Gdy\u0144skich. Od budynku numer 50 do skrzy\u017cowania z ulicami \u017bwirow\u0105, S\u0142owia\u0144sk\u0105 i Roosevelta przejazd pojazd\u00f3w b\u0119dzie si\u0119 odbywa\u0142 drug\u0105, obecnie zamkni\u0119t\u0105 po\u0142ow\u0105 jezdni.\",\"breadcrumb\":{\"@id\":\"https:\\\/\\\/gorzow.news\\\/index.php\\\/2024\\\/03\\\/01\\\/od-wtorku-na-kosynierow-gdynskich-pojedziemy-inaczej-jak-ida-prace-na-glownym-skrzyzowaniu\\\/#breadcrumb\"},\"inLanguage\":\"pl-PL\",\"potentialAction\":[{\"@type\":\"ReadAction\",\"target\":[\"https:\\\/\\\/gorzow.news\\\/index.php\\\/2024\\\/03\\\/01\\\/od-wtorku-na-kosynierow-gdynskich-pojedziemy-inaczej-jak-ida-prace-na-glownym-skrzyzowaniu\\\/\"]}]},{\"@type\":\"ImageObject\",\"inLanguage\":\"pl-PL\",\"@id\":\"https:\\\/\\\/gorzow.news\\\/index.php\\\/2024\\\/03\\\/01\\\/od-wtorku-na-kosynierow-gdynskich-pojedziemy-inaczej-jak-ida-prace-na-glownym-skrzyzowaniu\\\/#primaryimage\",\"url\":\"https:\\\/\\\/gorzow.news\\\/wp-content\\\/uploads\\\/2024\\\/03\\\/IMG_3379-1536x1152-1.jpg\",\"contentUrl\":\"https:\\\/\\\/gorzow.news\\\/wp-content\\\/uploads\\\/2024\\\/03\\\/IMG_3379-1536x1152-1.jpg\",\"width\":1534,\"height\":726,\"caption\":\"Kolejne zmiany organizacji ruchu na Kosynier\u00f3w Gdy\u0144skich czekaj\u0105 nas we wtorek, 5 marca. fot. GIM\"},{\"@type\":\"BreadcrumbList\",\"@id\":\"https:\\\/\\\/gorzow.news\\\/index.php\\\/2024\\\/03\\\/01\\\/od-wtorku-na-kosynierow-gdynskich-pojedziemy-inaczej-jak-ida-prace-na-glownym-skrzyzowaniu\\\/#breadcrumb\",\"itemListElement\":[{\"@type\":\"ListItem\",\"position\":1,\"name\":\"Home\",\"item\":\"https:\\\/\\\/gorzow.news\\\/\"},{\"@type\":\"ListItem\",\"position\":2,\"name\":\"Od wtorku na Kosynier\u00f3w Gdy\u0144skich pojedziemy inaczej! Jak id\u0105 prace na g\u0142\u00f3wnym skrzy\u017cowaniu?\"}]},{\"@type\":\"WebSite\",\"@id\":\"https:\\\/\\\/gorzow.news\\\/#website\",\"url\":\"https:\\\/\\\/gorzow.news\\\/\",\"name\":\"Gorz\u00f3w News\",\"description\":\"Sp\u00f3jrz inaczej na miato i region...\",\"potentialAction\":[{\"@type\":\"SearchAction\",\"target\":{\"@type\":\"EntryPoint\",\"urlTemplate\":\"https:\\\/\\\/gorzow.news\\\/?s={search_term_string}\"},\"query-input\":{\"@type\":\"PropertyValueSpecification\",\"valueRequired\":true,\"valueName\":\"search_term_string\"}}],\"inLanguage\":\"pl-PL\"},{\"@type\":\"Person\",\"@id\":\"https:\\\/\\\/gorzow.news\\\/#\\\/schema\\\/person\\\/a1e5ab43166369f2ce236a1cd90995bb\",\"name\":\"maciej\",\"image\":{\"@type\":\"ImageObject\",\"inLanguage\":\"pl-PL\",\"@id\":\"https:\\\/\\\/secure.gravatar.com\\\/avatar\\\/530a674d56ba60cfa0ef21d74e8e8d123a51bb7aa6580465b5c2ab2c2e980a19?s=96&r=g&d=https:\\\/\\\/gorzow.news\\\/wp-content\\\/plugins\\\/userswp\\\/assets\\\/images\\\/no_profile.png\",\"url\":\"https:\\\/\\\/secure.gravatar.com\\\/avatar\\\/530a674d56ba60cfa0ef21d74e8e8d123a51bb7aa6580465b5c2ab2c2e980a19?s=96&r=g&d=https:\\\/\\\/gorzow.news\\\/wp-content\\\/plugins\\\/userswp\\\/assets\\\/images\\\/no_profile.png\",\"contentUrl\":\"https:\\\/\\\/secure.gravatar.com\\\/avatar\\\/530a674d56ba60cfa0ef21d74e8e8d123a51bb7aa6580465b5c2ab2c2e980a19?s=96&r=g&d=https:\\\/\\\/gorzow.news\\\/wp-content\\\/plugins\\\/userswp\\\/assets\\\/images\\\/no_profile.png\",\"caption\":\"maciej\"},\"url\":\"https:\\\/\\\/gorzow.news\\\/index.php\\\/profile\\\/maciej\\\/\"}]}<\/script>\n<!-- \/ Yoast SEO plugin. -->","yoast_head_json":{"title":"Od wtorku na Kosynier\u00f3w Gdy\u0144skich pojedziemy inaczej! Jak id\u0105 prace na g\u0142\u00f3wnym skrzy\u017cowaniu? - Gorz\u00f3w News","description":"Od wtorku (5 marca) do po\u0142owy czerwca b\u0119dzie obowi\u0105zywa\u0107 kolejny etap organizacji ruchu na ulicy Kosynier\u00f3w Gdy\u0144skich. Od budynku numer 50 do sk","robots":{"index":"index","follow":"follow","max-snippet":"max-snippet:-1","max-image-preview":"max-image-preview:large","max-video-preview":"max-video-preview:-1"},"canonical":"https:\/\/gorzow.news\/index.php\/2024\/03\/01\/od-wtorku-na-kosynierow-gdynskich-pojedziemy-inaczej-jak-ida-prace-na-glownym-skrzyzowaniu\/","og_locale":"pl_PL","og_type":"article","og_title":"Od wtorku na Kosynier\u00f3w Gdy\u0144skich pojedziemy inaczej! Jak id\u0105 prace na g\u0142\u00f3wnym skrzy\u017cowaniu? - Gorz\u00f3w News","og_description":"Od wtorku (5 marca) do po\u0142owy czerwca b\u0119dzie obowi\u0105zywa\u0107 kolejny etap organizacji ruchu na ulicy Kosynier\u00f3w Gdy\u0144skich. Od budynku numer 50 do sk","og_url":"https:\/\/gorzow.news\/index.php\/2024\/03\/01\/od-wtorku-na-kosynierow-gdynskich-pojedziemy-inaczej-jak-ida-prace-na-glownym-skrzyzowaniu\/","og_site_name":"Gorz\u00f3w News","article_publisher":"https:\/\/www.facebook.com\/gorzowskinews","article_published_time":"2024-03-01T07:00:00+00:00","article_modified_time":"2024-03-01T10:03:29+00:00","og_image":[{"width":1534,"height":726,"url":"https:\/\/gorzow.news\/wp-content\/uploads\/2024\/03\/IMG_3379-1536x1152-1.jpg","type":"image\/jpeg"}],"author":"maciej","twitter_card":"summary_large_image","twitter_misc":{"Napisane przez":"maciej","Szacowany czas czytania":"2 minuty"},"schema":{"@context":"https:\/\/schema.org","@graph":[{"@type":"Article","@id":"https:\/\/gorzow.news\/index.php\/2024\/03\/01\/od-wtorku-na-kosynierow-gdynskich-pojedziemy-inaczej-jak-ida-prace-na-glownym-skrzyzowaniu\/#article","isPartOf":{"@id":"https:\/\/gorzow.news\/index.php\/2024\/03\/01\/od-wtorku-na-kosynierow-gdynskich-pojedziemy-inaczej-jak-ida-prace-na-glownym-skrzyzowaniu\/"},"author":{"name":"maciej","@id":"https:\/\/gorzow.news\/#\/schema\/person\/a1e5ab43166369f2ce236a1cd90995bb"},"headline":"Od wtorku na Kosynier\u00f3w Gdy\u0144skich pojedziemy inaczej! Jak id\u0105 prace na g\u0142\u00f3wnym skrzy\u017cowaniu?","datePublished":"2024-03-01T07:00:00+00:00","dateModified":"2024-03-01T10:03:29+00:00","mainEntityOfPage":{"@id":"https:\/\/gorzow.news\/index.php\/2024\/03\/01\/od-wtorku-na-kosynierow-gdynskich-pojedziemy-inaczej-jak-ida-prace-na-glownym-skrzyzowaniu\/"},"wordCount":204,"commentCount":0,"image":{"@id":"https:\/\/gorzow.news\/index.php\/2024\/03\/01\/od-wtorku-na-kosynierow-gdynskich-pojedziemy-inaczej-jak-ida-prace-na-glownym-skrzyzowaniu\/#primaryimage"},"thumbnailUrl":"https:\/\/gorzow.news\/wp-content\/uploads\/2024\/03\/IMG_3379-1536x1152-1.jpg","keywords":["Kosynier\u00f3w Gdy\u0144skich","Roosevelta","S\u0142owia\u0144ska","\u017bwirowa"],"articleSection":["Centrum \/ \u015ar\u00f3dmie\u015bcie","INFOulice","Wiadomo\u015bci"],"inLanguage":"pl-PL","potentialAction":[{"@type":"CommentAction","name":"Comment","target":["https:\/\/gorzow.news\/index.php\/2024\/03\/01\/od-wtorku-na-kosynierow-gdynskich-pojedziemy-inaczej-jak-ida-prace-na-glownym-skrzyzowaniu\/#respond"]}]},{"@type":"WebPage","@id":"https:\/\/gorzow.news\/index.php\/2024\/03\/01\/od-wtorku-na-kosynierow-gdynskich-pojedziemy-inaczej-jak-ida-prace-na-glownym-skrzyzowaniu\/","url":"https:\/\/gorzow.news\/index.php\/2024\/03\/01\/od-wtorku-na-kosynierow-gdynskich-pojedziemy-inaczej-jak-ida-prace-na-glownym-skrzyzowaniu\/","name":"Od wtorku na Kosynier\u00f3w Gdy\u0144skich pojedziemy inaczej! Jak id\u0105 prace na g\u0142\u00f3wnym skrzy\u017cowaniu? - Gorz\u00f3w News","isPartOf":{"@id":"https:\/\/gorzow.news\/#website"},"primaryImageOfPage":{"@id":"https:\/\/gorzow.news\/index.php\/2024\/03\/01\/od-wtorku-na-kosynierow-gdynskich-pojedziemy-inaczej-jak-ida-prace-na-glownym-skrzyzowaniu\/#primaryimage"},"image":{"@id":"https:\/\/gorzow.news\/index.php\/2024\/03\/01\/od-wtorku-na-kosynierow-gdynskich-pojedziemy-inaczej-jak-ida-prace-na-glownym-skrzyzowaniu\/#primaryimage"},"thumbnailUrl":"https:\/\/gorzow.news\/wp-content\/uploads\/2024\/03\/IMG_3379-1536x1152-1.jpg","datePublished":"2024-03-01T07:00:00+00:00","dateModified":"2024-03-01T10:03:29+00:00","author":{"@id":"https:\/\/gorzow.news\/#\/schema\/person\/a1e5ab43166369f2ce236a1cd90995bb"},"description":"Od wtorku (5 marca) do po\u0142owy czerwca b\u0119dzie obowi\u0105zywa\u0107 kolejny etap organizacji ruchu na ulicy Kosynier\u00f3w Gdy\u0144skich. Od budynku numer 50 do skrzy\u017cowania z ulicami \u017bwirow\u0105, S\u0142owia\u0144sk\u0105 i Roosevelta przejazd pojazd\u00f3w b\u0119dzie si\u0119 odbywa\u0142 drug\u0105, obecnie zamkni\u0119t\u0105 po\u0142ow\u0105 jezdni.","breadcrumb":{"@id":"https:\/\/gorzow.news\/index.php\/2024\/03\/01\/od-wtorku-na-kosynierow-gdynskich-pojedziemy-inaczej-jak-ida-prace-na-glownym-skrzyzowaniu\/#breadcrumb"},"inLanguage":"pl-PL","potentialAction":[{"@type":"ReadAction","target":["https:\/\/gorzow.news\/index.php\/2024\/03\/01\/od-wtorku-na-kosynierow-gdynskich-pojedziemy-inaczej-jak-ida-prace-na-glownym-skrzyzowaniu\/"]}]},{"@type":"ImageObject","inLanguage":"pl-PL","@id":"https:\/\/gorzow.news\/index.php\/2024\/03\/01\/od-wtorku-na-kosynierow-gdynskich-pojedziemy-inaczej-jak-ida-prace-na-glownym-skrzyzowaniu\/#primaryimage","url":"https:\/\/gorzow.news\/wp-content\/uploads\/2024\/03\/IMG_3379-1536x1152-1.jpg","contentUrl":"https:\/\/gorzow.news\/wp-content\/uploads\/2024\/03\/IMG_3379-1536x1152-1.jpg","width":1534,"height":726,"caption":"Kolejne zmiany organizacji ruchu na Kosynier\u00f3w Gdy\u0144skich czekaj\u0105 nas we wtorek, 5 marca. fot. GIM"},{"@type":"BreadcrumbList","@id":"https:\/\/gorzow.news\/index.php\/2024\/03\/01\/od-wtorku-na-kosynierow-gdynskich-pojedziemy-inaczej-jak-ida-prace-na-glownym-skrzyzowaniu\/#breadcrumb","itemListElement":[{"@type":"ListItem","position":1,"name":"Home","item":"https:\/\/gorzow.news\/"},{"@type":"ListItem","position":2,"name":"Od wtorku na Kosynier\u00f3w Gdy\u0144skich pojedziemy inaczej! Jak id\u0105 prace na g\u0142\u00f3wnym skrzy\u017cowaniu?"}]},{"@type":"WebSite","@id":"https:\/\/gorzow.news\/#website","url":"https:\/\/gorzow.news\/","name":"Gorz\u00f3w News","description":"Sp\u00f3jrz inaczej na miato i region...","potentialAction":[{"@type":"SearchAction","target":{"@type":"EntryPoint","urlTemplate":"https:\/\/gorzow.news\/?s={search_term_string}"},"query-input":{"@type":"PropertyValueSpecification","valueRequired":true,"valueName":"search_term_string"}}],"inLanguage":"pl-PL"},{"@type":"Person","@id":"https:\/\/gorzow.news\/#\/schema\/person\/a1e5ab43166369f2ce236a1cd90995bb","name":"maciej","image":{"@type":"ImageObject","inLanguage":"pl-PL","@id":"https:\/\/secure.gravatar.com\/avatar\/530a674d56ba60cfa0ef21d74e8e8d123a51bb7aa6580465b5c2ab2c2e980a19?s=96&r=g&d=https:\/\/gorzow.news\/wp-content\/plugins\/userswp\/assets\/images\/no_profile.png","url":"https:\/\/secure.gravatar.com\/avatar\/530a674d56ba60cfa0ef21d74e8e8d123a51bb7aa6580465b5c2ab2c2e980a19?s=96&r=g&d=https:\/\/gorzow.news\/wp-content\/plugins\/userswp\/assets\/images\/no_profile.png","contentUrl":"https:\/\/secure.gravatar.com\/avatar\/530a674d56ba60cfa0ef21d74e8e8d123a51bb7aa6580465b5c2ab2c2e980a19?s=96&r=g&d=https:\/\/gorzow.news\/wp-content\/plugins\/userswp\/assets\/images\/no_profile.png","caption":"maciej"},"url":"https:\/\/gorzow.news\/index.php\/profile\/maciej\/"}]}},"_links":{"self":[{"href":"https:\/\/gorzow.news\/index.php\/wp-json\/wp\/v2\/posts\/19860","targetHints":{"allow":["GET"]}}],"collection":[{"href":"https:\/\/gorzow.news\/index.php\/wp-json\/wp\/v2\/posts"}],"about":[{"href":"https:\/\/gorzow.news\/index.php\/wp-json\/wp\/v2\/types\/post"}],"author":[{"embeddable":true,"href":"https:\/\/gorzow.news\/index.php\/wp-json\/wp\/v2\/users\/1"}],"replies":[{"embeddable":true,"href":"https:\/\/gorzow.news\/index.php\/wp-json\/wp\/v2\/comments?post=19860"}],"version-history":[{"count":1,"href":"https:\/\/gorzow.news\/index.php\/wp-json\/wp\/v2\/posts\/19860\/revisions"}],"predecessor-version":[{"id":19863,"href":"https:\/\/gorzow.news\/index.php\/wp-json\/wp\/v2\/posts\/19860\/revisions\/19863"}],"wp:featuredmedia":[{"embeddable":true,"href":"https:\/\/gorzow.news\/index.php\/wp-json\/wp\/v2\/media\/19862"}],"wp:attachment":[{"href":"https:\/\/gorzow.news\/index.php\/wp-json\/wp\/v2\/media?parent=19860"}],"wp:term":[{"taxonomy":"category","embeddable":true,"href":"https:\/\/gorzow.news\/index.php\/wp-json\/wp\/v2\/categories?post=19860"},{"taxonomy":"post_tag","embeddable":true,"href":"https:\/\/gorzow.news\/index.php\/wp-json\/wp\/v2\/tags?post=19860"}],"curies":[{"name":"wp","href":"https:\/\/api.w.org\/{rel}","templated":true}]}}