{"id":19789,"date":"2024-02-28T12:00:00","date_gmt":"2024-02-28T11:00:00","guid":{"rendered":"https:\/\/gorzow.news\/?p=19789"},"modified":"2024-02-28T19:53:09","modified_gmt":"2024-02-28T18:53:09","slug":"samorzadowcy-dyskutowali-o-planach-budowy-magistrali-zachodniej-gorzow-zielona-gora","status":"publish","type":"post","link":"https:\/\/gorzow.news\/index.php\/2024\/02\/28\/samorzadowcy-dyskutowali-o-planach-budowy-magistrali-zachodniej-gorzow-zielona-gora\/","title":{"rendered":"Samorz\u0105dowcy dyskutowali o planach budowy Magistrali Zachodniej Gorz\u00f3w &#8211; Zielona G\u00f3ra"},"content":{"rendered":"\n<p><strong>We wtorek, 27 lutego, odby\u0142o si\u0119 kolejne spotkanie lubuskich samorz\u0105dowc\u00f3w oraz lubuskiego wojewody w sprawie plan\u00f3w budowy kolejowej Magistrali Zachodniej na odcinku Gorz\u00f3w Wlkp. &#8211; Skwierzyna &#8211; Mi\u0119dzyrzecz \u2013 \u015awiebodzin &#8211; Sulech\u00f3w &#8211; Zielona G\u00f3ra. Ci\u0119\u017car organizacyjny spotkania wzi\u0119li na siebie samorz\u0105dowcy ze \u015awiebodzina na czele z burmistrzem Tomaszem Sielickim.<\/strong><\/p>\n\n\n\n<p>Kolejowa Magistrala Zachodnia jest szczeg\u00f3lnie wa\u017cn\u0105, kolejow\u0105 inwestycj\u0105 infrastrukturaln\u0105, kt\u00f3ra ma stanowi\u0107 \u201ekr\u0119gos\u0142up\u201d komunikacyjny wojew\u00f3dztwa lubuskiego, w podobny spos\u00f3b jak to miejsce w przypadku drogi ekspresowej S3.<\/p>\n\n\n\n<p>W \u015awiebodzi\u0144skim Domu Kultury przedstawiono i om\u00f3wiono propozycj\u0119 przebiegu trasy oraz jej uk\u0142ad funkcjonalny, razem z parametrami technicznymi. Analiza obj\u0119\u0142a p\u00f3\u0142nocny odcinek przysz\u0142ej Magistrali, w kt\u00f3rego sk\u0142ad wchodz\u0105 istniej\u0105ce odcinki linii kolejowych (L203, L367, L375, L358, L003, L436, L273) oraz dwa nowe odcinki: Sulech\u00f3w \u2013 \u015awiebodzin o d\u0142ugo\u015bci ok. 17 km oraz \u015awiebodzin \u2013 Go\u015bcikowo o d\u0142ugo\u015bci ok. 14 km.<\/p>\n\n\n\n<p>&#8211; Rozmawiali\u015bmy z samorz\u0105dowcami i z wojewod\u0105, na temat po\u0142\u0105cze\u0144 tak zwanej magistrali zachodniej, czyli po\u0142\u0105czenia kolejowego z Gorzowa przez Mi\u0119dzyrzecz, \u015awiebodzin, Sulech\u00f3w do Zielonej G\u00f3ry. Po\u0142\u0105czenie, kt\u00f3re skomunikuje ponad 600 tys. mieszka\u0144c\u00f3w, pozwoli na poruszanie si\u0119 mi\u0119dzy stolicami wojew\u00f3dztwa w 70 minut. Reakcje na ten plan komunikacyjny, zar\u00f3wno ze strony samorz\u0105d\u00f3w, jak i wojewody s\u0105 bardzo pozytywne. Jestem przekonany, \u017ce w najbli\u017cszym czasie uruchomimy procedur\u0119, kt\u00f3ra potrwa kilka lat, ale pozwoli na powstanie szybkiego po\u0142\u0105czenia kolejowego dw\u00f3ch stolic wojew\u00f3dztwa oraz innych miejscowo\u015bci le\u017c\u0105cych na tej trasie \u2013 powiedzia\u0142 prezydent Gorzowa <strong>Jacek W\u00f3jcicki<\/strong>.<\/p>\n\n\n\n<p>Wojewoda lubuski <strong>Marek Cebula<\/strong> wskazywa\u0142 na znaczenie magistrali, zar\u00f3wno dla rozwoju gospodarczego, jak i powstrzymania niekorzystnych trend\u00f3w demograficznych.<\/p>\n\n\n\n<p>&#8211; Magistrala zachodnia, czyli po\u0142\u0105czenie naszych dw\u00f3ch stolic, to bardzo istotny element lepszej komunikacji. Ale nie mniej wa\u017cne jest po\u0142\u0105czenie kolejowe z zewn\u0119trznymi aglomeracjami, z Poznaniem, Wroc\u0142awiem, Szczecinem i Berlinem. Dzi\u0119ki temu b\u0119dziemy si\u0119 lepiej rozwija\u0107, ale te\u017c zatrzymywa\u0107 u nas m\u0142odych mieszka\u0144c\u00f3w wojew\u00f3dztwa lubuskiego. Dzi\u0119ki komunikacji b\u0119d\u0105 mogli podejmowa\u0107 prac\u0119 na zewn\u0105trz, ale b\u0119d\u0105 mogli szybko wr\u00f3ci\u0107 \u2013 m\u00f3wi\u0142 wojewoda.<\/p>\n\n\n\n<p>Czas spotkania wzi\u0105\u0142 si\u0119 z potrzeby skierowania do nowego ministra Infrastruktury i prezesa PKP PLK, wsp\u00f3lnego stanowiska samorz\u0105d\u00f3w dotycz\u0105cego budowy kolejowej Magistrali Zachodniej, oraz ze zmian organizacyjnych w instytucjach odpowiedzianych za rozw\u00f3j infrastruktury kolejowej w naszym kraju. Stanowisko samorz\u0105d\u00f3w w sprawie budowy kolejowej Magistral Zachodniej jest jednoznaczne i by\u0142o ono ju\u017c przekazywane do PKP PLK w latach 2021 i 2022, mi\u0119dzy innymi do dokumentu pn. &#8222;PKP Polskie Linie Kolejowe S.A. &#8211; zamierzenia inwestycyjne na lata 2021 -2030 z perspektyw\u0105 do 2040 roku.&#8221;<\/p>\n\n\n\n<p>&#8211; W zwi\u0105zku z ostatnimi doniesieniami, i\u017c Krajowy Program Odbudowy b\u0119dzie musia\u0142 by\u0107 zmieniony, a tym samym zmienione zostan\u0105 za\u0142o\u017cenia programu kolejowego, kt\u00f3ry tak\u017ce zostanie rozszerzony o nowe zadania, jest odpowiedni, aby samorz\u0105dy wsp\u00f3lnie pokaza\u0142y potrzeb\u0119 uruchomiania tak wa\u017cnego dla wojew\u00f3dztwa lubuskiego projektu kolejowego pod nazw\u0105 Kolejowa Magistrala Zachodnia \u2013 m\u00f3wi\u0142a <strong>Iwona Olek<\/strong>, wiceprezydent Gorzowa.<\/p>\n\n\n\n<p>Inwestycja znacznie skr\u00f3ci czas przejazdu pomi\u0119dzy obiema stolicami regionu, a poci\u0105gi PKP Intercity b\u0119d\u0105 mog\u0142y kursowa\u0107 przez Sulech\u00f3w, \u015awiebodzin i Mi\u0119dzyrzecz. To otwiera zupe\u0142nie nowe mo\u017cliwo\u015bci dla ka\u017cdego ze wspomnianych o\u015brodk\u00f3w. Magistrala Zachodnia to tak\u017ce \u0142atwiejszy i ca\u0142oroczny dojazd do \u0141agowa czy Mi\u0119dzyrzeckiego Rejonu Umocnionego, kt\u00f3re stan\u0105 si\u0119 dost\u0119pne w ruchu regionalnym.<\/p>\n\n\n\n<p>W spotkaniu w \u015awiebodzinie wzi\u0119li udzia\u0142 samorz\u0105dowcy i urz\u0119dnicy ze \u015awiebodzina, Skwierzyny, Mi\u0119dzyrzecza i powiatu mi\u0119dzyrzeckiego, Przytocznej, Deszczna, Bledzewa, \u0141agowa, Pszczewa, Sul\u0119cina, Lubrzy, Czerwie\u0144ska, Sulechowa, Zielonej G\u00f3ry, Gorzowa, powiatu gorzowskiego. Uczestniczyli w nim r\u00f3wnie\u017c przedstawiciele Lubuskiego Urz\u0119du Wojew\u00f3dzkiego, Urz\u0119du Marsza\u0142kowskiego oraz Szybkiej Kolei Aglomeracyjnej Lubuskiego Tr\u00f3jmiasta.<\/p>\n","protected":false},"excerpt":{"rendered":"<p>We wtorek, 27 lutego, odby\u0142o si\u0119 kolejne spotkanie lubuskich samorz\u0105dowc\u00f3w oraz lubuskiego wojewody w sprawie plan\u00f3w budowy kolejowej Magistrali Zachodniej na odcinku Gorz\u00f3w Wlkp. &#8211; Skwierzyna &#8211; Mi\u0119dzyrzecz \u2013 \u015awiebodzin &#8211; Sulech\u00f3w &#8211; Zielona G\u00f3ra. Ci\u0119\u017car organizacyjny spotkania wzi\u0119li na siebie samorz\u0105dowcy ze \u015awiebodzina na czele z burmistrzem Tomaszem Sielickim. Kolejowa Magistrala Zachodnia jest szczeg\u00f3lnie [&hellip;]<\/p>\n","protected":false},"author":1,"featured_media":19790,"comment_status":"open","ping_status":"open","sticky":false,"template":"","format":"standard","meta":{"footnotes":"","_links_to":"","_links_to_target":""},"categories":[597,589],"tags":[816,606,2575,2727],"class_list":{"0":"post-19789","1":"post","2":"type-post","3":"status-publish","4":"format-standard","5":"has-post-thumbnail","7":"category-fakty-opinie","8":"category-wiadomosci","9":"tag-iwona-olek","10":"tag-jacek-wojcicki","11":"tag-marek-cebula","12":"tag-zachodnia-magistrala"},"yoast_head":"<!-- This site is optimized with the Yoast SEO plugin v27.3 - https:\/\/yoast.com\/product\/yoast-seo-wordpress\/ -->\n<title>Samorz\u0105dowcy dyskutowali o planach budowy Magistrali Zachodniej Gorz\u00f3w - Zielona G\u00f3ra - Gorz\u00f3w News<\/title>\n<meta name=\"description\" content=\"We wtorek, 27 lutego, odby\u0142o si\u0119 kolejne spotkanie lubuskich samorz\u0105dowc\u00f3w oraz lubuskiego wojewody w sprawie plan\u00f3w budowy kolejowej Magistrali\" \/>\n<meta name=\"robots\" content=\"index, follow, max-snippet:-1, max-image-preview:large, max-video-preview:-1\" \/>\n<link rel=\"canonical\" href=\"https:\/\/gorzow.news\/index.php\/2024\/02\/28\/samorzadowcy-dyskutowali-o-planach-budowy-magistrali-zachodniej-gorzow-zielona-gora\/\" \/>\n<meta property=\"og:locale\" content=\"pl_PL\" \/>\n<meta property=\"og:type\" content=\"article\" \/>\n<meta property=\"og:title\" content=\"Samorz\u0105dowcy dyskutowali o planach budowy Magistrali Zachodniej Gorz\u00f3w - Zielona G\u00f3ra - Gorz\u00f3w News\" \/>\n<meta property=\"og:description\" content=\"We wtorek, 27 lutego, odby\u0142o si\u0119 kolejne spotkanie lubuskich samorz\u0105dowc\u00f3w oraz lubuskiego wojewody w sprawie plan\u00f3w budowy kolejowej Magistrali\" \/>\n<meta property=\"og:url\" content=\"https:\/\/gorzow.news\/index.php\/2024\/02\/28\/samorzadowcy-dyskutowali-o-planach-budowy-magistrali-zachodniej-gorzow-zielona-gora\/\" \/>\n<meta property=\"og:site_name\" content=\"Gorz\u00f3w News\" \/>\n<meta property=\"article:publisher\" content=\"https:\/\/www.facebook.com\/gorzowskinews\" \/>\n<meta property=\"article:published_time\" content=\"2024-02-28T11:00:00+00:00\" \/>\n<meta property=\"article:modified_time\" content=\"2024-02-28T18:53:09+00:00\" \/>\n<meta property=\"og:image\" content=\"https:\/\/gorzow.news\/wp-content\/uploads\/2024\/02\/fotob-12544.jpg\" \/>\n\t<meta property=\"og:image:width\" content=\"1620\" \/>\n\t<meta property=\"og:image:height\" content=\"766\" \/>\n\t<meta property=\"og:image:type\" content=\"image\/jpeg\" \/>\n<meta name=\"author\" content=\"maciej\" \/>\n<meta name=\"twitter:card\" content=\"summary_large_image\" \/>\n<meta name=\"twitter:label1\" content=\"Napisane przez\" \/>\n\t<meta name=\"twitter:data1\" content=\"maciej\" \/>\n\t<meta name=\"twitter:label2\" content=\"Szacowany czas czytania\" \/>\n\t<meta name=\"twitter:data2\" content=\"4 minuty\" \/>\n<script type=\"application\/ld+json\" class=\"yoast-schema-graph\">{\"@context\":\"https:\\\/\\\/schema.org\",\"@graph\":[{\"@type\":\"Article\",\"@id\":\"https:\\\/\\\/gorzow.news\\\/index.php\\\/2024\\\/02\\\/28\\\/samorzadowcy-dyskutowali-o-planach-budowy-magistrali-zachodniej-gorzow-zielona-gora\\\/#article\",\"isPartOf\":{\"@id\":\"https:\\\/\\\/gorzow.news\\\/index.php\\\/2024\\\/02\\\/28\\\/samorzadowcy-dyskutowali-o-planach-budowy-magistrali-zachodniej-gorzow-zielona-gora\\\/\"},\"author\":{\"name\":\"maciej\",\"@id\":\"https:\\\/\\\/gorzow.news\\\/#\\\/schema\\\/person\\\/a1e5ab43166369f2ce236a1cd90995bb\"},\"headline\":\"Samorz\u0105dowcy dyskutowali o planach budowy Magistrali Zachodniej Gorz\u00f3w &#8211; Zielona G\u00f3ra\",\"datePublished\":\"2024-02-28T11:00:00+00:00\",\"dateModified\":\"2024-02-28T18:53:09+00:00\",\"mainEntityOfPage\":{\"@id\":\"https:\\\/\\\/gorzow.news\\\/index.php\\\/2024\\\/02\\\/28\\\/samorzadowcy-dyskutowali-o-planach-budowy-magistrali-zachodniej-gorzow-zielona-gora\\\/\"},\"wordCount\":675,\"commentCount\":0,\"image\":{\"@id\":\"https:\\\/\\\/gorzow.news\\\/index.php\\\/2024\\\/02\\\/28\\\/samorzadowcy-dyskutowali-o-planach-budowy-magistrali-zachodniej-gorzow-zielona-gora\\\/#primaryimage\"},\"thumbnailUrl\":\"https:\\\/\\\/gorzow.news\\\/wp-content\\\/uploads\\\/2024\\\/02\\\/fotob-12544.jpg\",\"keywords\":[\"Iwona Olek\",\"Jacek W\u00f3jcicki\",\"Marek Cebula\",\"Zachodnia Magistrala\"],\"articleSection\":[\"Fakty i opinie\",\"Wiadomo\u015bci\"],\"inLanguage\":\"pl-PL\",\"potentialAction\":[{\"@type\":\"CommentAction\",\"name\":\"Comment\",\"target\":[\"https:\\\/\\\/gorzow.news\\\/index.php\\\/2024\\\/02\\\/28\\\/samorzadowcy-dyskutowali-o-planach-budowy-magistrali-zachodniej-gorzow-zielona-gora\\\/#respond\"]}]},{\"@type\":\"WebPage\",\"@id\":\"https:\\\/\\\/gorzow.news\\\/index.php\\\/2024\\\/02\\\/28\\\/samorzadowcy-dyskutowali-o-planach-budowy-magistrali-zachodniej-gorzow-zielona-gora\\\/\",\"url\":\"https:\\\/\\\/gorzow.news\\\/index.php\\\/2024\\\/02\\\/28\\\/samorzadowcy-dyskutowali-o-planach-budowy-magistrali-zachodniej-gorzow-zielona-gora\\\/\",\"name\":\"Samorz\u0105dowcy dyskutowali o planach budowy Magistrali Zachodniej Gorz\u00f3w - Zielona G\u00f3ra - Gorz\u00f3w News\",\"isPartOf\":{\"@id\":\"https:\\\/\\\/gorzow.news\\\/#website\"},\"primaryImageOfPage\":{\"@id\":\"https:\\\/\\\/gorzow.news\\\/index.php\\\/2024\\\/02\\\/28\\\/samorzadowcy-dyskutowali-o-planach-budowy-magistrali-zachodniej-gorzow-zielona-gora\\\/#primaryimage\"},\"image\":{\"@id\":\"https:\\\/\\\/gorzow.news\\\/index.php\\\/2024\\\/02\\\/28\\\/samorzadowcy-dyskutowali-o-planach-budowy-magistrali-zachodniej-gorzow-zielona-gora\\\/#primaryimage\"},\"thumbnailUrl\":\"https:\\\/\\\/gorzow.news\\\/wp-content\\\/uploads\\\/2024\\\/02\\\/fotob-12544.jpg\",\"datePublished\":\"2024-02-28T11:00:00+00:00\",\"dateModified\":\"2024-02-28T18:53:09+00:00\",\"author\":{\"@id\":\"https:\\\/\\\/gorzow.news\\\/#\\\/schema\\\/person\\\/a1e5ab43166369f2ce236a1cd90995bb\"},\"description\":\"We wtorek, 27 lutego, odby\u0142o si\u0119 kolejne spotkanie lubuskich samorz\u0105dowc\u00f3w oraz lubuskiego wojewody w sprawie plan\u00f3w budowy kolejowej Magistrali Zachodniej na odcinku Gorz\u00f3w Wlkp. - Skwierzyna - Mi\u0119dzyrzecz \u2013 \u015awiebodzin - Sulech\u00f3w - Zielona G\u00f3ra. Ci\u0119\u017car organizacyjny spotkania wzi\u0119li na siebie samorz\u0105dowcy ze \u015awiebodzina na czele z burmistrzem Tomaszem Sielickim.\",\"breadcrumb\":{\"@id\":\"https:\\\/\\\/gorzow.news\\\/index.php\\\/2024\\\/02\\\/28\\\/samorzadowcy-dyskutowali-o-planach-budowy-magistrali-zachodniej-gorzow-zielona-gora\\\/#breadcrumb\"},\"inLanguage\":\"pl-PL\",\"potentialAction\":[{\"@type\":\"ReadAction\",\"target\":[\"https:\\\/\\\/gorzow.news\\\/index.php\\\/2024\\\/02\\\/28\\\/samorzadowcy-dyskutowali-o-planach-budowy-magistrali-zachodniej-gorzow-zielona-gora\\\/\"]}]},{\"@type\":\"ImageObject\",\"inLanguage\":\"pl-PL\",\"@id\":\"https:\\\/\\\/gorzow.news\\\/index.php\\\/2024\\\/02\\\/28\\\/samorzadowcy-dyskutowali-o-planach-budowy-magistrali-zachodniej-gorzow-zielona-gora\\\/#primaryimage\",\"url\":\"https:\\\/\\\/gorzow.news\\\/wp-content\\\/uploads\\\/2024\\\/02\\\/fotob-12544.jpg\",\"contentUrl\":\"https:\\\/\\\/gorzow.news\\\/wp-content\\\/uploads\\\/2024\\\/02\\\/fotob-12544.jpg\",\"width\":1620,\"height\":766,\"caption\":\"Spotkanie samorz\u0105dowc\u00f3w w \u015awiebodzinie. fot. \u0141ukasz Kulczy\u0144ski\"},{\"@type\":\"BreadcrumbList\",\"@id\":\"https:\\\/\\\/gorzow.news\\\/index.php\\\/2024\\\/02\\\/28\\\/samorzadowcy-dyskutowali-o-planach-budowy-magistrali-zachodniej-gorzow-zielona-gora\\\/#breadcrumb\",\"itemListElement\":[{\"@type\":\"ListItem\",\"position\":1,\"name\":\"Home\",\"item\":\"https:\\\/\\\/gorzow.news\\\/\"},{\"@type\":\"ListItem\",\"position\":2,\"name\":\"Samorz\u0105dowcy dyskutowali o planach budowy Magistrali Zachodniej Gorz\u00f3w &#8211; Zielona G\u00f3ra\"}]},{\"@type\":\"WebSite\",\"@id\":\"https:\\\/\\\/gorzow.news\\\/#website\",\"url\":\"https:\\\/\\\/gorzow.news\\\/\",\"name\":\"Gorz\u00f3w News\",\"description\":\"Sp\u00f3jrz inaczej na miato i region...\",\"potentialAction\":[{\"@type\":\"SearchAction\",\"target\":{\"@type\":\"EntryPoint\",\"urlTemplate\":\"https:\\\/\\\/gorzow.news\\\/?s={search_term_string}\"},\"query-input\":{\"@type\":\"PropertyValueSpecification\",\"valueRequired\":true,\"valueName\":\"search_term_string\"}}],\"inLanguage\":\"pl-PL\"},{\"@type\":\"Person\",\"@id\":\"https:\\\/\\\/gorzow.news\\\/#\\\/schema\\\/person\\\/a1e5ab43166369f2ce236a1cd90995bb\",\"name\":\"maciej\",\"image\":{\"@type\":\"ImageObject\",\"inLanguage\":\"pl-PL\",\"@id\":\"https:\\\/\\\/secure.gravatar.com\\\/avatar\\\/530a674d56ba60cfa0ef21d74e8e8d123a51bb7aa6580465b5c2ab2c2e980a19?s=96&r=g&d=https:\\\/\\\/gorzow.news\\\/wp-content\\\/plugins\\\/userswp\\\/assets\\\/images\\\/no_profile.png\",\"url\":\"https:\\\/\\\/secure.gravatar.com\\\/avatar\\\/530a674d56ba60cfa0ef21d74e8e8d123a51bb7aa6580465b5c2ab2c2e980a19?s=96&r=g&d=https:\\\/\\\/gorzow.news\\\/wp-content\\\/plugins\\\/userswp\\\/assets\\\/images\\\/no_profile.png\",\"contentUrl\":\"https:\\\/\\\/secure.gravatar.com\\\/avatar\\\/530a674d56ba60cfa0ef21d74e8e8d123a51bb7aa6580465b5c2ab2c2e980a19?s=96&r=g&d=https:\\\/\\\/gorzow.news\\\/wp-content\\\/plugins\\\/userswp\\\/assets\\\/images\\\/no_profile.png\",\"caption\":\"maciej\"},\"url\":\"https:\\\/\\\/gorzow.news\\\/index.php\\\/profile\\\/maciej\\\/\"}]}<\/script>\n<!-- \/ Yoast SEO plugin. -->","yoast_head_json":{"title":"Samorz\u0105dowcy dyskutowali o planach budowy Magistrali Zachodniej Gorz\u00f3w - Zielona G\u00f3ra - Gorz\u00f3w News","description":"We wtorek, 27 lutego, odby\u0142o si\u0119 kolejne spotkanie lubuskich samorz\u0105dowc\u00f3w oraz lubuskiego wojewody w sprawie plan\u00f3w budowy kolejowej Magistrali","robots":{"index":"index","follow":"follow","max-snippet":"max-snippet:-1","max-image-preview":"max-image-preview:large","max-video-preview":"max-video-preview:-1"},"canonical":"https:\/\/gorzow.news\/index.php\/2024\/02\/28\/samorzadowcy-dyskutowali-o-planach-budowy-magistrali-zachodniej-gorzow-zielona-gora\/","og_locale":"pl_PL","og_type":"article","og_title":"Samorz\u0105dowcy dyskutowali o planach budowy Magistrali Zachodniej Gorz\u00f3w - Zielona G\u00f3ra - Gorz\u00f3w News","og_description":"We wtorek, 27 lutego, odby\u0142o si\u0119 kolejne spotkanie lubuskich samorz\u0105dowc\u00f3w oraz lubuskiego wojewody w sprawie plan\u00f3w budowy kolejowej Magistrali","og_url":"https:\/\/gorzow.news\/index.php\/2024\/02\/28\/samorzadowcy-dyskutowali-o-planach-budowy-magistrali-zachodniej-gorzow-zielona-gora\/","og_site_name":"Gorz\u00f3w News","article_publisher":"https:\/\/www.facebook.com\/gorzowskinews","article_published_time":"2024-02-28T11:00:00+00:00","article_modified_time":"2024-02-28T18:53:09+00:00","og_image":[{"width":1620,"height":766,"url":"https:\/\/gorzow.news\/wp-content\/uploads\/2024\/02\/fotob-12544.jpg","type":"image\/jpeg"}],"author":"maciej","twitter_card":"summary_large_image","twitter_misc":{"Napisane przez":"maciej","Szacowany czas czytania":"4 minuty"},"schema":{"@context":"https:\/\/schema.org","@graph":[{"@type":"Article","@id":"https:\/\/gorzow.news\/index.php\/2024\/02\/28\/samorzadowcy-dyskutowali-o-planach-budowy-magistrali-zachodniej-gorzow-zielona-gora\/#article","isPartOf":{"@id":"https:\/\/gorzow.news\/index.php\/2024\/02\/28\/samorzadowcy-dyskutowali-o-planach-budowy-magistrali-zachodniej-gorzow-zielona-gora\/"},"author":{"name":"maciej","@id":"https:\/\/gorzow.news\/#\/schema\/person\/a1e5ab43166369f2ce236a1cd90995bb"},"headline":"Samorz\u0105dowcy dyskutowali o planach budowy Magistrali Zachodniej Gorz\u00f3w &#8211; Zielona G\u00f3ra","datePublished":"2024-02-28T11:00:00+00:00","dateModified":"2024-02-28T18:53:09+00:00","mainEntityOfPage":{"@id":"https:\/\/gorzow.news\/index.php\/2024\/02\/28\/samorzadowcy-dyskutowali-o-planach-budowy-magistrali-zachodniej-gorzow-zielona-gora\/"},"wordCount":675,"commentCount":0,"image":{"@id":"https:\/\/gorzow.news\/index.php\/2024\/02\/28\/samorzadowcy-dyskutowali-o-planach-budowy-magistrali-zachodniej-gorzow-zielona-gora\/#primaryimage"},"thumbnailUrl":"https:\/\/gorzow.news\/wp-content\/uploads\/2024\/02\/fotob-12544.jpg","keywords":["Iwona Olek","Jacek W\u00f3jcicki","Marek Cebula","Zachodnia Magistrala"],"articleSection":["Fakty i opinie","Wiadomo\u015bci"],"inLanguage":"pl-PL","potentialAction":[{"@type":"CommentAction","name":"Comment","target":["https:\/\/gorzow.news\/index.php\/2024\/02\/28\/samorzadowcy-dyskutowali-o-planach-budowy-magistrali-zachodniej-gorzow-zielona-gora\/#respond"]}]},{"@type":"WebPage","@id":"https:\/\/gorzow.news\/index.php\/2024\/02\/28\/samorzadowcy-dyskutowali-o-planach-budowy-magistrali-zachodniej-gorzow-zielona-gora\/","url":"https:\/\/gorzow.news\/index.php\/2024\/02\/28\/samorzadowcy-dyskutowali-o-planach-budowy-magistrali-zachodniej-gorzow-zielona-gora\/","name":"Samorz\u0105dowcy dyskutowali o planach budowy Magistrali Zachodniej Gorz\u00f3w - Zielona G\u00f3ra - Gorz\u00f3w News","isPartOf":{"@id":"https:\/\/gorzow.news\/#website"},"primaryImageOfPage":{"@id":"https:\/\/gorzow.news\/index.php\/2024\/02\/28\/samorzadowcy-dyskutowali-o-planach-budowy-magistrali-zachodniej-gorzow-zielona-gora\/#primaryimage"},"image":{"@id":"https:\/\/gorzow.news\/index.php\/2024\/02\/28\/samorzadowcy-dyskutowali-o-planach-budowy-magistrali-zachodniej-gorzow-zielona-gora\/#primaryimage"},"thumbnailUrl":"https:\/\/gorzow.news\/wp-content\/uploads\/2024\/02\/fotob-12544.jpg","datePublished":"2024-02-28T11:00:00+00:00","dateModified":"2024-02-28T18:53:09+00:00","author":{"@id":"https:\/\/gorzow.news\/#\/schema\/person\/a1e5ab43166369f2ce236a1cd90995bb"},"description":"We wtorek, 27 lutego, odby\u0142o si\u0119 kolejne spotkanie lubuskich samorz\u0105dowc\u00f3w oraz lubuskiego wojewody w sprawie plan\u00f3w budowy kolejowej Magistrali Zachodniej na odcinku Gorz\u00f3w Wlkp. - Skwierzyna - Mi\u0119dzyrzecz \u2013 \u015awiebodzin - Sulech\u00f3w - Zielona G\u00f3ra. Ci\u0119\u017car organizacyjny spotkania wzi\u0119li na siebie samorz\u0105dowcy ze \u015awiebodzina na czele z burmistrzem Tomaszem Sielickim.","breadcrumb":{"@id":"https:\/\/gorzow.news\/index.php\/2024\/02\/28\/samorzadowcy-dyskutowali-o-planach-budowy-magistrali-zachodniej-gorzow-zielona-gora\/#breadcrumb"},"inLanguage":"pl-PL","potentialAction":[{"@type":"ReadAction","target":["https:\/\/gorzow.news\/index.php\/2024\/02\/28\/samorzadowcy-dyskutowali-o-planach-budowy-magistrali-zachodniej-gorzow-zielona-gora\/"]}]},{"@type":"ImageObject","inLanguage":"pl-PL","@id":"https:\/\/gorzow.news\/index.php\/2024\/02\/28\/samorzadowcy-dyskutowali-o-planach-budowy-magistrali-zachodniej-gorzow-zielona-gora\/#primaryimage","url":"https:\/\/gorzow.news\/wp-content\/uploads\/2024\/02\/fotob-12544.jpg","contentUrl":"https:\/\/gorzow.news\/wp-content\/uploads\/2024\/02\/fotob-12544.jpg","width":1620,"height":766,"caption":"Spotkanie samorz\u0105dowc\u00f3w w \u015awiebodzinie. fot. \u0141ukasz Kulczy\u0144ski"},{"@type":"BreadcrumbList","@id":"https:\/\/gorzow.news\/index.php\/2024\/02\/28\/samorzadowcy-dyskutowali-o-planach-budowy-magistrali-zachodniej-gorzow-zielona-gora\/#breadcrumb","itemListElement":[{"@type":"ListItem","position":1,"name":"Home","item":"https:\/\/gorzow.news\/"},{"@type":"ListItem","position":2,"name":"Samorz\u0105dowcy dyskutowali o planach budowy Magistrali Zachodniej Gorz\u00f3w &#8211; Zielona G\u00f3ra"}]},{"@type":"WebSite","@id":"https:\/\/gorzow.news\/#website","url":"https:\/\/gorzow.news\/","name":"Gorz\u00f3w News","description":"Sp\u00f3jrz inaczej na miato i region...","potentialAction":[{"@type":"SearchAction","target":{"@type":"EntryPoint","urlTemplate":"https:\/\/gorzow.news\/?s={search_term_string}"},"query-input":{"@type":"PropertyValueSpecification","valueRequired":true,"valueName":"search_term_string"}}],"inLanguage":"pl-PL"},{"@type":"Person","@id":"https:\/\/gorzow.news\/#\/schema\/person\/a1e5ab43166369f2ce236a1cd90995bb","name":"maciej","image":{"@type":"ImageObject","inLanguage":"pl-PL","@id":"https:\/\/secure.gravatar.com\/avatar\/530a674d56ba60cfa0ef21d74e8e8d123a51bb7aa6580465b5c2ab2c2e980a19?s=96&r=g&d=https:\/\/gorzow.news\/wp-content\/plugins\/userswp\/assets\/images\/no_profile.png","url":"https:\/\/secure.gravatar.com\/avatar\/530a674d56ba60cfa0ef21d74e8e8d123a51bb7aa6580465b5c2ab2c2e980a19?s=96&r=g&d=https:\/\/gorzow.news\/wp-content\/plugins\/userswp\/assets\/images\/no_profile.png","contentUrl":"https:\/\/secure.gravatar.com\/avatar\/530a674d56ba60cfa0ef21d74e8e8d123a51bb7aa6580465b5c2ab2c2e980a19?s=96&r=g&d=https:\/\/gorzow.news\/wp-content\/plugins\/userswp\/assets\/images\/no_profile.png","caption":"maciej"},"url":"https:\/\/gorzow.news\/index.php\/profile\/maciej\/"}]}},"_links":{"self":[{"href":"https:\/\/gorzow.news\/index.php\/wp-json\/wp\/v2\/posts\/19789","targetHints":{"allow":["GET"]}}],"collection":[{"href":"https:\/\/gorzow.news\/index.php\/wp-json\/wp\/v2\/posts"}],"about":[{"href":"https:\/\/gorzow.news\/index.php\/wp-json\/wp\/v2\/types\/post"}],"author":[{"embeddable":true,"href":"https:\/\/gorzow.news\/index.php\/wp-json\/wp\/v2\/users\/1"}],"replies":[{"embeddable":true,"href":"https:\/\/gorzow.news\/index.php\/wp-json\/wp\/v2\/comments?post=19789"}],"version-history":[{"count":1,"href":"https:\/\/gorzow.news\/index.php\/wp-json\/wp\/v2\/posts\/19789\/revisions"}],"predecessor-version":[{"id":19791,"href":"https:\/\/gorzow.news\/index.php\/wp-json\/wp\/v2\/posts\/19789\/revisions\/19791"}],"wp:featuredmedia":[{"embeddable":true,"href":"https:\/\/gorzow.news\/index.php\/wp-json\/wp\/v2\/media\/19790"}],"wp:attachment":[{"href":"https:\/\/gorzow.news\/index.php\/wp-json\/wp\/v2\/media?parent=19789"}],"wp:term":[{"taxonomy":"category","embeddable":true,"href":"https:\/\/gorzow.news\/index.php\/wp-json\/wp\/v2\/categories?post=19789"},{"taxonomy":"post_tag","embeddable":true,"href":"https:\/\/gorzow.news\/index.php\/wp-json\/wp\/v2\/tags?post=19789"}],"curies":[{"name":"wp","href":"https:\/\/api.w.org\/{rel}","templated":true}]}}