{"id":19786,"date":"2024-02-28T15:13:49","date_gmt":"2024-02-28T14:13:49","guid":{"rendered":"https:\/\/gorzow.news\/?p=19786"},"modified":"2024-02-28T15:13:50","modified_gmt":"2024-02-28T14:13:50","slug":"trzy-kolejne-marki-dolaczyly-do-budowanego-parku-handlowego-silwana-przy-walczaka-bedzie-tu-40-sklepow","status":"publish","type":"post","link":"https:\/\/gorzow.news\/index.php\/2024\/02\/28\/trzy-kolejne-marki-dolaczyly-do-budowanego-parku-handlowego-silwana-przy-walczaka-bedzie-tu-40-sklepow\/","title":{"rendered":"Trzy kolejne marki do\u0142\u0105czy\u0142y do budowanego parku handlowego Silwana przy Walczaka! B\u0119dzie tu 40. sklep\u00f3w!"},"content":{"rendered":"\n<p><strong>Rossmann, ITAKA i \u015awiat Pierog\u00f3w do\u0142\u0105czy\u0142y do grona marek, kt\u00f3re otworz\u0105 si\u0119 w Silwanie, nowym parku handlowym budowanym przy ul. Walczaka. To pierwsze umowy najmu, kt\u00f3re podpisano w 2024 roku. Silwana b\u0119dzie najwi\u0119kszym tego typu kompleksem handlowym w Gorzowie i okolicy \u2013 \u0142\u0105cznie ma liczy\u0107 25 tys. mkw. powierzchni handlowej i 40 sklep\u00f3w. Przewiduje si\u0119, \u017ce obs\u0142u\u017cy 160 tysi\u0119cy mieszka\u0144c\u00f3w.<\/strong><\/p>\n\n\n\n<p>Silwana zostanie otwarta w trzecim kwartale tego roku. Na placu budowy w okolicach ulic Walczaka \u2013 Silwanowskiej \u2013 Jedwabniczej nieprzerwanie trwaj\u0105 prace. 27 listopada ubr. wmurowano kamie\u0144 w\u0119gielny, a obecnie budowla\u0144cy ju\u017c zbli\u017caj\u0105 si\u0119 do monta\u017cu konstrukcji dachu, instaluj\u0105 infrastruktur\u0119 techniczn\u0105 i wytyczaj\u0105 wewn\u0119trzne drogi i parkingi. R\u00f3wnolegle trwa proces finalizowania rozm\u00f3w z poszczeg\u00f3lnymi najemcami. W nowym roku do licznego grona marek, kt\u00f3re ju\u017c zdecydowa\u0142y si\u0119 na uruchomienie sklep\u00f3w w Silwanie do\u0142\u0105czy\u0142y trzy kolejne.<\/p>\n\n\n\n<p>Rossmann to sie\u0107 drogerii licz\u0105ca ponad 4,5 tys. sklep\u00f3w w: Polsce, Niemczech, Czechach, Turcji, Albanii, Kosowie, Hiszpanii i na W\u0119grzech. W naszym kraju Rossmann prowadzi blisko 1.700 sklep\u00f3w, oferuj\u0105c 21 tysi\u0119cy produkt\u00f3w. Drogeria w Silwanie b\u0119dzie liczy\u0142a 550 mkw. Z kolei wypady na d\u0142ugie weekendy, zimowiska i wakacje w 2025 r. b\u0119dzie mo\u017cna zaplanowa\u0107 w punkcie Biura Podr\u00f3\u017cy ITAKA, kt\u00f3re otworzy si\u0119 w Silwanie. ITAKA to dzia\u0142aj\u0105ca od ponad 30 lat polska firma oferuj\u0105ca wypoczynek w ponad 1.000 zagranicznych destynacjach turystycznych, posiadaj\u0105ca najwi\u0119ksz\u0105 w Polsce sie\u0107 salon\u00f3w sprzeda\u017cy. \u015awiat Pierog\u00f3w to jedna z najwi\u0119kszych w Polsce sieci restauracyjnych specjalizuj\u0105cych si\u0119 w serwowaniu pierog\u00f3w. Paleta ich potraw jest bardzo szeroka: od typowych, polskich \u2013 takich, jakie robi\u0105 nasze babcie, poprzez wymy\u015blnie kolorowe, a\u017c po w\u0142oskie spinaci czy pierogi z krewetkami. Firma opiera swoje produkty na sk\u0142adnikach ekologicznych i stara si\u0119 dobiera\u0107 do wspo\u0142pracy lokalnych dostawc\u00f3w. W lokalu o powierchni 65 mkw. ka\u017cdy go\u015b\u0107 Silwany b\u0119dzie mia\u0142 mo\u017cliwo\u015b\u0107 spr\u00f3bowania ich na miejscu oraz zakupu na wynos.<\/p>\n\n\n\n<p>&#8211; Najemcy doceniaj\u0105 walory Silwany, ofert\u0119 kompaktowego, ale nietypowego, bo wi\u0119kszego parku handlowego. Chc\u0105 by\u0107 bli\u017cej klient\u00f3w, wychodzi\u0107 im naprzeciw. Z kolei nasz\u0105 ambicj\u0105 jest przedstawi\u0107 mieszka\u0144com tak szerok\u0105 ofert\u0119, aby spe\u0142ni\u0142a potrzeby i wymagania jak najwi\u0119kszej liczby os\u00f3b, zar\u00f3wno tych zorientowanych na mod\u0119, jak i tych poszukuj\u0105cych rozwi\u0105za\u0144 dla domu, czy ceni\u0105cych sobie sportowy tryb \u017cycia. Cieszymy si\u0119 r\u00f3wnie\u017c, \u017ce klienci Silwany b\u0119d\u0105 mogli tutaj zaplanowa\u0107 wypoczynek, to naprawd\u0119 wa\u017cne uzupe\u0142nienie jej oferty &#8211; m\u00f3wi <strong>Agnieszka Nowak<\/strong> z Equilis Poland.<\/p>\n\n\n\n<p>&#8211; Ro\u015bnie liczba marek, kt\u00f3re decyduj\u0105 si\u0119 na otworzenie swoich sklep\u00f3w w parkach handlowych. Marki zauwa\u017cy\u0142y, \u017ce po\u0142o\u017cenie obiekt\u00f3w w bezpo\u015brednim s\u0105siedztwie osiedli mieszkaniowych czy przy strategicznych ci\u0105gach komunikacyjnych, tak jak w przypadku Silwany, przek\u0142ada si\u0119 na ich popularno\u015b\u0107 w\u015br\u00f3d klient\u00f3w. Jest to niezwykle korzystne zjawisko dla obu stron, poniewa\u017c dzi\u0119ki temu dajemy klientom bogaty wyb\u00f3r oferowany przez znane marki &#8211; t\u0142umaczy <strong>Tomasz Jopkiewicz<\/strong>, Leasing Director w Acteeum Central Europe<\/p>\n\n\n\n<p><strong>Silwana w pigu\u0142ce<\/strong><\/p>\n\n\n\n<p>Silwana powstaje w p\u00f3\u0142nocno \u2013 wschodniej cz\u0119\u015bci miasta, na dzia\u0142ce o powierzchni 8 ha, przy jednej z g\u0142\u00f3wnych dr\u00f3g wjazdowych do centrum, co zapewni \u0142atwy dojazd zar\u00f3wno mieszka\u0144com Gorzowa, jak i okolicznych miast. Stoi obok teren\u00f3w dawnych, legendarnych Gorzowskich Zak\u0142ad\u00f3w Przemys\u0142u Jedwabniczego, z kt\u00f3rych czerpie nazw\u0119.<\/p>\n\n\n\n<p>Celem inwestor\u00f3w Silwany jest stworzenie dla mieszka\u0144c\u00f3w Gorzowa i okolic miejsca, kt\u00f3rego wyra\u017anie brakuje na handlowym planie miasta \u2013 du\u017cego parku handlowego z \u0142atwym dojazdem, z wystarczaj\u0105c\u0105 liczb\u0105 miejsc parkingowych i przekrojow\u0105 ofert\u0105 handlow\u0105 pozwalaj\u0105c\u0105 na kompleksowe i wygodne zakupy. W Silwanie b\u0119dzie ponad 800 miejsc parkingowych, a opr\u00f3cz wspomnianych marek swoje salony otworz\u0105 tu Sinsay, Cropp, House, Diverse, HalfPrice, New Yorker, CCC, Decathlon, Martes Sport, 4F, drogerie dm, Jysk, Smyk, Tedi, Maxi Zoo czy Jula, kt\u00f3ra uruchomi w Silwanie pierwszy i jedyny w mie\u015bcie i regionie market o pow. 2.300 mkw. Operatorem spo\u017cywczym b\u0119dzie Biedronka, kt\u00f3ra otworzy sklep o powierzchni 1.300 mkw.<\/p>\n\n\n\n<p><strong>W temacie:<\/strong><br>&#8211; <a href=\"https:\/\/gorzow.news\/index.php\/2023\/11\/27\/drugie-zycie-silwany-to-tu-zrobimy-zakupy-w-najwiekszym-parku-handlowym-w-lubuskiem\/\">Drugie \u017cycie Silwany. To tu zrobimy zakupy w najwi\u0119kszym parku handlowym w Lubuskiem<\/a><br>&#8211; <a href=\"https:\/\/gorzow.news\/index.php\/2023\/11\/15\/drogeria-dm-zadebiutuje-w-gorzowie\/\">Drogeria dm zadebiutuje w Gorzowie!<\/a><br>&#8211; <a href=\"https:\/\/gorzow.news\/index.php\/2023\/11\/06\/acteeum-i-equilis-potwierdza-informacje-gorzow-news-z-marca-jula-dolacza-do-power-center\/\">Acteeum i Equilis potwierdza informacje GORZ\u00d3W.NEWS z marca! Jula do\u0142\u0105cza do Power Center!<\/a><\/p>\n","protected":false},"excerpt":{"rendered":"<p>Rossmann, ITAKA i \u015awiat Pierog\u00f3w do\u0142\u0105czy\u0142y do grona marek, kt\u00f3re otworz\u0105 si\u0119 w Silwanie, nowym parku handlowym budowanym przy ul. Walczaka. To pierwsze umowy najmu, kt\u00f3re podpisano w 2024 roku. Silwana b\u0119dzie najwi\u0119kszym tego typu kompleksem handlowym w Gorzowie i okolicy \u2013 \u0142\u0105cznie ma liczy\u0107 25 tys. mkw. powierzchni handlowej i 40 sklep\u00f3w. Przewiduje si\u0119, [&hellip;]<\/p>\n","protected":false},"author":1,"featured_media":19787,"comment_status":"open","ping_status":"open","sticky":false,"template":"","format":"standard","meta":{"footnotes":"","_links_to":"","_links_to_target":""},"categories":[1624,2015,589],"tags":[1263,2726,2092,2725,451,110,128,1389,2133,705,1264,60],"class_list":{"0":"post-19786","1":"post","2":"type-post","3":"status-publish","4":"format-standard","5":"has-post-thumbnail","7":"category-inwestycje-handlowe","8":"category-manhattan","9":"category-wiadomosci","10":"tag-acteeum-group","11":"tag-agnieszka-nowak","12":"tag-equilis-europe","13":"tag-itaka","14":"tag-jedwabnicza-2","15":"tag-park-handlowy","16":"tag-rossmann","17":"tag-silwana","18":"tag-silwanowska","19":"tag-swiat-pierogow","20":"tag-tomasz-jopkiewicz","21":"tag-walczaka"},"yoast_head":"<!-- This site is optimized with the Yoast SEO plugin v27.3 - https:\/\/yoast.com\/product\/yoast-seo-wordpress\/ -->\n<title>Trzy kolejne marki do\u0142\u0105czy\u0142y do budowanego parku handlowego Silwana przy Walczaka! B\u0119dzie tu 40. sklep\u00f3w! - Gorz\u00f3w News<\/title>\n<meta name=\"description\" content=\"Rossmann, ITAKA i \u015awiat Pierog\u00f3w do\u0142\u0105czy\u0142y do grona marek, kt\u00f3re otworz\u0105 si\u0119 w Silwanie, nowym parku handlowym budowanym przy ul. Walczaka. To\" \/>\n<meta name=\"robots\" content=\"index, follow, max-snippet:-1, max-image-preview:large, max-video-preview:-1\" \/>\n<link rel=\"canonical\" href=\"https:\/\/gorzow.news\/index.php\/2024\/02\/28\/trzy-kolejne-marki-dolaczyly-do-budowanego-parku-handlowego-silwana-przy-walczaka-bedzie-tu-40-sklepow\/\" \/>\n<meta property=\"og:locale\" content=\"pl_PL\" \/>\n<meta property=\"og:type\" content=\"article\" \/>\n<meta property=\"og:title\" content=\"Trzy kolejne marki do\u0142\u0105czy\u0142y do budowanego parku handlowego Silwana przy Walczaka! B\u0119dzie tu 40. sklep\u00f3w! - Gorz\u00f3w News\" \/>\n<meta property=\"og:description\" content=\"Rossmann, ITAKA i \u015awiat Pierog\u00f3w do\u0142\u0105czy\u0142y do grona marek, kt\u00f3re otworz\u0105 si\u0119 w Silwanie, nowym parku handlowym budowanym przy ul. Walczaka. To\" \/>\n<meta property=\"og:url\" content=\"https:\/\/gorzow.news\/index.php\/2024\/02\/28\/trzy-kolejne-marki-dolaczyly-do-budowanego-parku-handlowego-silwana-przy-walczaka-bedzie-tu-40-sklepow\/\" \/>\n<meta property=\"og:site_name\" content=\"Gorz\u00f3w News\" \/>\n<meta property=\"article:publisher\" content=\"https:\/\/www.facebook.com\/gorzowskinews\" \/>\n<meta property=\"article:published_time\" content=\"2024-02-28T14:13:49+00:00\" \/>\n<meta property=\"article:modified_time\" content=\"2024-02-28T14:13:50+00:00\" \/>\n<meta property=\"og:image\" content=\"https:\/\/gorzow.news\/wp-content\/uploads\/2024\/02\/silwana-najemcy-24.jpg\" \/>\n\t<meta property=\"og:image:width\" content=\"1400\" \/>\n\t<meta property=\"og:image:height\" content=\"663\" \/>\n\t<meta property=\"og:image:type\" content=\"image\/jpeg\" \/>\n<meta name=\"author\" content=\"maciej\" \/>\n<meta name=\"twitter:card\" content=\"summary_large_image\" \/>\n<meta name=\"twitter:label1\" content=\"Napisane przez\" \/>\n\t<meta name=\"twitter:data1\" content=\"maciej\" \/>\n\t<meta name=\"twitter:label2\" content=\"Szacowany czas czytania\" \/>\n\t<meta name=\"twitter:data2\" content=\"4 minuty\" \/>\n<script type=\"application\/ld+json\" class=\"yoast-schema-graph\">{\"@context\":\"https:\\\/\\\/schema.org\",\"@graph\":[{\"@type\":\"Article\",\"@id\":\"https:\\\/\\\/gorzow.news\\\/index.php\\\/2024\\\/02\\\/28\\\/trzy-kolejne-marki-dolaczyly-do-budowanego-parku-handlowego-silwana-przy-walczaka-bedzie-tu-40-sklepow\\\/#article\",\"isPartOf\":{\"@id\":\"https:\\\/\\\/gorzow.news\\\/index.php\\\/2024\\\/02\\\/28\\\/trzy-kolejne-marki-dolaczyly-do-budowanego-parku-handlowego-silwana-przy-walczaka-bedzie-tu-40-sklepow\\\/\"},\"author\":{\"name\":\"maciej\",\"@id\":\"https:\\\/\\\/gorzow.news\\\/#\\\/schema\\\/person\\\/a1e5ab43166369f2ce236a1cd90995bb\"},\"headline\":\"Trzy kolejne marki do\u0142\u0105czy\u0142y do budowanego parku handlowego Silwana przy Walczaka! B\u0119dzie tu 40. sklep\u00f3w!\",\"datePublished\":\"2024-02-28T14:13:49+00:00\",\"dateModified\":\"2024-02-28T14:13:50+00:00\",\"mainEntityOfPage\":{\"@id\":\"https:\\\/\\\/gorzow.news\\\/index.php\\\/2024\\\/02\\\/28\\\/trzy-kolejne-marki-dolaczyly-do-budowanego-parku-handlowego-silwana-przy-walczaka-bedzie-tu-40-sklepow\\\/\"},\"wordCount\":759,\"commentCount\":0,\"image\":{\"@id\":\"https:\\\/\\\/gorzow.news\\\/index.php\\\/2024\\\/02\\\/28\\\/trzy-kolejne-marki-dolaczyly-do-budowanego-parku-handlowego-silwana-przy-walczaka-bedzie-tu-40-sklepow\\\/#primaryimage\"},\"thumbnailUrl\":\"https:\\\/\\\/gorzow.news\\\/wp-content\\\/uploads\\\/2024\\\/02\\\/silwana-najemcy-24.jpg\",\"keywords\":[\"Acteeum Group\",\"Agnieszka Nowak\",\"Equilis Europe\",\"ITAKA\",\"Jedwabnicza\",\"park handlowy\",\"Rossmann\",\"Silwana\",\"Silwanowska\",\"\u015awiat Pierog\u00f3w\",\"Tomasz Jopkiewicz\",\"Walczaka\"],\"articleSection\":[\"Inwestycje handlowe\",\"Manhattan\",\"Wiadomo\u015bci\"],\"inLanguage\":\"pl-PL\",\"potentialAction\":[{\"@type\":\"CommentAction\",\"name\":\"Comment\",\"target\":[\"https:\\\/\\\/gorzow.news\\\/index.php\\\/2024\\\/02\\\/28\\\/trzy-kolejne-marki-dolaczyly-do-budowanego-parku-handlowego-silwana-przy-walczaka-bedzie-tu-40-sklepow\\\/#respond\"]}]},{\"@type\":\"WebPage\",\"@id\":\"https:\\\/\\\/gorzow.news\\\/index.php\\\/2024\\\/02\\\/28\\\/trzy-kolejne-marki-dolaczyly-do-budowanego-parku-handlowego-silwana-przy-walczaka-bedzie-tu-40-sklepow\\\/\",\"url\":\"https:\\\/\\\/gorzow.news\\\/index.php\\\/2024\\\/02\\\/28\\\/trzy-kolejne-marki-dolaczyly-do-budowanego-parku-handlowego-silwana-przy-walczaka-bedzie-tu-40-sklepow\\\/\",\"name\":\"Trzy kolejne marki do\u0142\u0105czy\u0142y do budowanego parku handlowego Silwana przy Walczaka! B\u0119dzie tu 40. sklep\u00f3w! - Gorz\u00f3w News\",\"isPartOf\":{\"@id\":\"https:\\\/\\\/gorzow.news\\\/#website\"},\"primaryImageOfPage\":{\"@id\":\"https:\\\/\\\/gorzow.news\\\/index.php\\\/2024\\\/02\\\/28\\\/trzy-kolejne-marki-dolaczyly-do-budowanego-parku-handlowego-silwana-przy-walczaka-bedzie-tu-40-sklepow\\\/#primaryimage\"},\"image\":{\"@id\":\"https:\\\/\\\/gorzow.news\\\/index.php\\\/2024\\\/02\\\/28\\\/trzy-kolejne-marki-dolaczyly-do-budowanego-parku-handlowego-silwana-przy-walczaka-bedzie-tu-40-sklepow\\\/#primaryimage\"},\"thumbnailUrl\":\"https:\\\/\\\/gorzow.news\\\/wp-content\\\/uploads\\\/2024\\\/02\\\/silwana-najemcy-24.jpg\",\"datePublished\":\"2024-02-28T14:13:49+00:00\",\"dateModified\":\"2024-02-28T14:13:50+00:00\",\"author\":{\"@id\":\"https:\\\/\\\/gorzow.news\\\/#\\\/schema\\\/person\\\/a1e5ab43166369f2ce236a1cd90995bb\"},\"description\":\"Rossmann, ITAKA i \u015awiat Pierog\u00f3w do\u0142\u0105czy\u0142y do grona marek, kt\u00f3re otworz\u0105 si\u0119 w Silwanie, nowym parku handlowym budowanym przy ul. Walczaka. To pierwsze umowy najmu, kt\u00f3re podpisano w 2024 roku. Silwana b\u0119dzie najwi\u0119kszym tego typu kompleksem handlowym w Gorzowie i okolicy \u2013 \u0142\u0105cznie ma liczy\u0107 25 tys. mkw. powierzchni handlowej i 40 sklep\u00f3w. Przewiduje si\u0119, \u017ce obs\u0142u\u017cy 160 tysi\u0119cy mieszka\u0144c\u00f3w.\",\"breadcrumb\":{\"@id\":\"https:\\\/\\\/gorzow.news\\\/index.php\\\/2024\\\/02\\\/28\\\/trzy-kolejne-marki-dolaczyly-do-budowanego-parku-handlowego-silwana-przy-walczaka-bedzie-tu-40-sklepow\\\/#breadcrumb\"},\"inLanguage\":\"pl-PL\",\"potentialAction\":[{\"@type\":\"ReadAction\",\"target\":[\"https:\\\/\\\/gorzow.news\\\/index.php\\\/2024\\\/02\\\/28\\\/trzy-kolejne-marki-dolaczyly-do-budowanego-parku-handlowego-silwana-przy-walczaka-bedzie-tu-40-sklepow\\\/\"]}]},{\"@type\":\"ImageObject\",\"inLanguage\":\"pl-PL\",\"@id\":\"https:\\\/\\\/gorzow.news\\\/index.php\\\/2024\\\/02\\\/28\\\/trzy-kolejne-marki-dolaczyly-do-budowanego-parku-handlowego-silwana-przy-walczaka-bedzie-tu-40-sklepow\\\/#primaryimage\",\"url\":\"https:\\\/\\\/gorzow.news\\\/wp-content\\\/uploads\\\/2024\\\/02\\\/silwana-najemcy-24.jpg\",\"contentUrl\":\"https:\\\/\\\/gorzow.news\\\/wp-content\\\/uploads\\\/2024\\\/02\\\/silwana-najemcy-24.jpg\",\"width\":1400,\"height\":663,\"caption\":\"Najwi\u0119kszy w regionie park handlowy Silwana zostanie otwarty w jesieni\u0105 tego roku. Do grona najemc\u00f3w do\u0142\u0105czy\u0142y kolejne trzy marki.\"},{\"@type\":\"BreadcrumbList\",\"@id\":\"https:\\\/\\\/gorzow.news\\\/index.php\\\/2024\\\/02\\\/28\\\/trzy-kolejne-marki-dolaczyly-do-budowanego-parku-handlowego-silwana-przy-walczaka-bedzie-tu-40-sklepow\\\/#breadcrumb\",\"itemListElement\":[{\"@type\":\"ListItem\",\"position\":1,\"name\":\"Home\",\"item\":\"https:\\\/\\\/gorzow.news\\\/\"},{\"@type\":\"ListItem\",\"position\":2,\"name\":\"Trzy kolejne marki do\u0142\u0105czy\u0142y do budowanego parku handlowego Silwana przy Walczaka! B\u0119dzie tu 40. sklep\u00f3w!\"}]},{\"@type\":\"WebSite\",\"@id\":\"https:\\\/\\\/gorzow.news\\\/#website\",\"url\":\"https:\\\/\\\/gorzow.news\\\/\",\"name\":\"Gorz\u00f3w News\",\"description\":\"Sp\u00f3jrz inaczej na miato i region...\",\"potentialAction\":[{\"@type\":\"SearchAction\",\"target\":{\"@type\":\"EntryPoint\",\"urlTemplate\":\"https:\\\/\\\/gorzow.news\\\/?s={search_term_string}\"},\"query-input\":{\"@type\":\"PropertyValueSpecification\",\"valueRequired\":true,\"valueName\":\"search_term_string\"}}],\"inLanguage\":\"pl-PL\"},{\"@type\":\"Person\",\"@id\":\"https:\\\/\\\/gorzow.news\\\/#\\\/schema\\\/person\\\/a1e5ab43166369f2ce236a1cd90995bb\",\"name\":\"maciej\",\"image\":{\"@type\":\"ImageObject\",\"inLanguage\":\"pl-PL\",\"@id\":\"https:\\\/\\\/secure.gravatar.com\\\/avatar\\\/530a674d56ba60cfa0ef21d74e8e8d123a51bb7aa6580465b5c2ab2c2e980a19?s=96&r=g&d=https:\\\/\\\/gorzow.news\\\/wp-content\\\/plugins\\\/userswp\\\/assets\\\/images\\\/no_profile.png\",\"url\":\"https:\\\/\\\/secure.gravatar.com\\\/avatar\\\/530a674d56ba60cfa0ef21d74e8e8d123a51bb7aa6580465b5c2ab2c2e980a19?s=96&r=g&d=https:\\\/\\\/gorzow.news\\\/wp-content\\\/plugins\\\/userswp\\\/assets\\\/images\\\/no_profile.png\",\"contentUrl\":\"https:\\\/\\\/secure.gravatar.com\\\/avatar\\\/530a674d56ba60cfa0ef21d74e8e8d123a51bb7aa6580465b5c2ab2c2e980a19?s=96&r=g&d=https:\\\/\\\/gorzow.news\\\/wp-content\\\/plugins\\\/userswp\\\/assets\\\/images\\\/no_profile.png\",\"caption\":\"maciej\"},\"url\":\"https:\\\/\\\/gorzow.news\\\/index.php\\\/profile\\\/maciej\\\/\"}]}<\/script>\n<!-- \/ Yoast SEO plugin. -->","yoast_head_json":{"title":"Trzy kolejne marki do\u0142\u0105czy\u0142y do budowanego parku handlowego Silwana przy Walczaka! B\u0119dzie tu 40. sklep\u00f3w! - Gorz\u00f3w News","description":"Rossmann, ITAKA i \u015awiat Pierog\u00f3w do\u0142\u0105czy\u0142y do grona marek, kt\u00f3re otworz\u0105 si\u0119 w Silwanie, nowym parku handlowym budowanym przy ul. Walczaka. To","robots":{"index":"index","follow":"follow","max-snippet":"max-snippet:-1","max-image-preview":"max-image-preview:large","max-video-preview":"max-video-preview:-1"},"canonical":"https:\/\/gorzow.news\/index.php\/2024\/02\/28\/trzy-kolejne-marki-dolaczyly-do-budowanego-parku-handlowego-silwana-przy-walczaka-bedzie-tu-40-sklepow\/","og_locale":"pl_PL","og_type":"article","og_title":"Trzy kolejne marki do\u0142\u0105czy\u0142y do budowanego parku handlowego Silwana przy Walczaka! B\u0119dzie tu 40. sklep\u00f3w! - Gorz\u00f3w News","og_description":"Rossmann, ITAKA i \u015awiat Pierog\u00f3w do\u0142\u0105czy\u0142y do grona marek, kt\u00f3re otworz\u0105 si\u0119 w Silwanie, nowym parku handlowym budowanym przy ul. Walczaka. To","og_url":"https:\/\/gorzow.news\/index.php\/2024\/02\/28\/trzy-kolejne-marki-dolaczyly-do-budowanego-parku-handlowego-silwana-przy-walczaka-bedzie-tu-40-sklepow\/","og_site_name":"Gorz\u00f3w News","article_publisher":"https:\/\/www.facebook.com\/gorzowskinews","article_published_time":"2024-02-28T14:13:49+00:00","article_modified_time":"2024-02-28T14:13:50+00:00","og_image":[{"width":1400,"height":663,"url":"https:\/\/gorzow.news\/wp-content\/uploads\/2024\/02\/silwana-najemcy-24.jpg","type":"image\/jpeg"}],"author":"maciej","twitter_card":"summary_large_image","twitter_misc":{"Napisane przez":"maciej","Szacowany czas czytania":"4 minuty"},"schema":{"@context":"https:\/\/schema.org","@graph":[{"@type":"Article","@id":"https:\/\/gorzow.news\/index.php\/2024\/02\/28\/trzy-kolejne-marki-dolaczyly-do-budowanego-parku-handlowego-silwana-przy-walczaka-bedzie-tu-40-sklepow\/#article","isPartOf":{"@id":"https:\/\/gorzow.news\/index.php\/2024\/02\/28\/trzy-kolejne-marki-dolaczyly-do-budowanego-parku-handlowego-silwana-przy-walczaka-bedzie-tu-40-sklepow\/"},"author":{"name":"maciej","@id":"https:\/\/gorzow.news\/#\/schema\/person\/a1e5ab43166369f2ce236a1cd90995bb"},"headline":"Trzy kolejne marki do\u0142\u0105czy\u0142y do budowanego parku handlowego Silwana przy Walczaka! B\u0119dzie tu 40. sklep\u00f3w!","datePublished":"2024-02-28T14:13:49+00:00","dateModified":"2024-02-28T14:13:50+00:00","mainEntityOfPage":{"@id":"https:\/\/gorzow.news\/index.php\/2024\/02\/28\/trzy-kolejne-marki-dolaczyly-do-budowanego-parku-handlowego-silwana-przy-walczaka-bedzie-tu-40-sklepow\/"},"wordCount":759,"commentCount":0,"image":{"@id":"https:\/\/gorzow.news\/index.php\/2024\/02\/28\/trzy-kolejne-marki-dolaczyly-do-budowanego-parku-handlowego-silwana-przy-walczaka-bedzie-tu-40-sklepow\/#primaryimage"},"thumbnailUrl":"https:\/\/gorzow.news\/wp-content\/uploads\/2024\/02\/silwana-najemcy-24.jpg","keywords":["Acteeum Group","Agnieszka Nowak","Equilis Europe","ITAKA","Jedwabnicza","park handlowy","Rossmann","Silwana","Silwanowska","\u015awiat Pierog\u00f3w","Tomasz Jopkiewicz","Walczaka"],"articleSection":["Inwestycje handlowe","Manhattan","Wiadomo\u015bci"],"inLanguage":"pl-PL","potentialAction":[{"@type":"CommentAction","name":"Comment","target":["https:\/\/gorzow.news\/index.php\/2024\/02\/28\/trzy-kolejne-marki-dolaczyly-do-budowanego-parku-handlowego-silwana-przy-walczaka-bedzie-tu-40-sklepow\/#respond"]}]},{"@type":"WebPage","@id":"https:\/\/gorzow.news\/index.php\/2024\/02\/28\/trzy-kolejne-marki-dolaczyly-do-budowanego-parku-handlowego-silwana-przy-walczaka-bedzie-tu-40-sklepow\/","url":"https:\/\/gorzow.news\/index.php\/2024\/02\/28\/trzy-kolejne-marki-dolaczyly-do-budowanego-parku-handlowego-silwana-przy-walczaka-bedzie-tu-40-sklepow\/","name":"Trzy kolejne marki do\u0142\u0105czy\u0142y do budowanego parku handlowego Silwana przy Walczaka! B\u0119dzie tu 40. sklep\u00f3w! - Gorz\u00f3w News","isPartOf":{"@id":"https:\/\/gorzow.news\/#website"},"primaryImageOfPage":{"@id":"https:\/\/gorzow.news\/index.php\/2024\/02\/28\/trzy-kolejne-marki-dolaczyly-do-budowanego-parku-handlowego-silwana-przy-walczaka-bedzie-tu-40-sklepow\/#primaryimage"},"image":{"@id":"https:\/\/gorzow.news\/index.php\/2024\/02\/28\/trzy-kolejne-marki-dolaczyly-do-budowanego-parku-handlowego-silwana-przy-walczaka-bedzie-tu-40-sklepow\/#primaryimage"},"thumbnailUrl":"https:\/\/gorzow.news\/wp-content\/uploads\/2024\/02\/silwana-najemcy-24.jpg","datePublished":"2024-02-28T14:13:49+00:00","dateModified":"2024-02-28T14:13:50+00:00","author":{"@id":"https:\/\/gorzow.news\/#\/schema\/person\/a1e5ab43166369f2ce236a1cd90995bb"},"description":"Rossmann, ITAKA i \u015awiat Pierog\u00f3w do\u0142\u0105czy\u0142y do grona marek, kt\u00f3re otworz\u0105 si\u0119 w Silwanie, nowym parku handlowym budowanym przy ul. Walczaka. To pierwsze umowy najmu, kt\u00f3re podpisano w 2024 roku. Silwana b\u0119dzie najwi\u0119kszym tego typu kompleksem handlowym w Gorzowie i okolicy \u2013 \u0142\u0105cznie ma liczy\u0107 25 tys. mkw. powierzchni handlowej i 40 sklep\u00f3w. Przewiduje si\u0119, \u017ce obs\u0142u\u017cy 160 tysi\u0119cy mieszka\u0144c\u00f3w.","breadcrumb":{"@id":"https:\/\/gorzow.news\/index.php\/2024\/02\/28\/trzy-kolejne-marki-dolaczyly-do-budowanego-parku-handlowego-silwana-przy-walczaka-bedzie-tu-40-sklepow\/#breadcrumb"},"inLanguage":"pl-PL","potentialAction":[{"@type":"ReadAction","target":["https:\/\/gorzow.news\/index.php\/2024\/02\/28\/trzy-kolejne-marki-dolaczyly-do-budowanego-parku-handlowego-silwana-przy-walczaka-bedzie-tu-40-sklepow\/"]}]},{"@type":"ImageObject","inLanguage":"pl-PL","@id":"https:\/\/gorzow.news\/index.php\/2024\/02\/28\/trzy-kolejne-marki-dolaczyly-do-budowanego-parku-handlowego-silwana-przy-walczaka-bedzie-tu-40-sklepow\/#primaryimage","url":"https:\/\/gorzow.news\/wp-content\/uploads\/2024\/02\/silwana-najemcy-24.jpg","contentUrl":"https:\/\/gorzow.news\/wp-content\/uploads\/2024\/02\/silwana-najemcy-24.jpg","width":1400,"height":663,"caption":"Najwi\u0119kszy w regionie park handlowy Silwana zostanie otwarty w jesieni\u0105 tego roku. Do grona najemc\u00f3w do\u0142\u0105czy\u0142y kolejne trzy marki."},{"@type":"BreadcrumbList","@id":"https:\/\/gorzow.news\/index.php\/2024\/02\/28\/trzy-kolejne-marki-dolaczyly-do-budowanego-parku-handlowego-silwana-przy-walczaka-bedzie-tu-40-sklepow\/#breadcrumb","itemListElement":[{"@type":"ListItem","position":1,"name":"Home","item":"https:\/\/gorzow.news\/"},{"@type":"ListItem","position":2,"name":"Trzy kolejne marki do\u0142\u0105czy\u0142y do budowanego parku handlowego Silwana przy Walczaka! B\u0119dzie tu 40. sklep\u00f3w!"}]},{"@type":"WebSite","@id":"https:\/\/gorzow.news\/#website","url":"https:\/\/gorzow.news\/","name":"Gorz\u00f3w News","description":"Sp\u00f3jrz inaczej na miato i region...","potentialAction":[{"@type":"SearchAction","target":{"@type":"EntryPoint","urlTemplate":"https:\/\/gorzow.news\/?s={search_term_string}"},"query-input":{"@type":"PropertyValueSpecification","valueRequired":true,"valueName":"search_term_string"}}],"inLanguage":"pl-PL"},{"@type":"Person","@id":"https:\/\/gorzow.news\/#\/schema\/person\/a1e5ab43166369f2ce236a1cd90995bb","name":"maciej","image":{"@type":"ImageObject","inLanguage":"pl-PL","@id":"https:\/\/secure.gravatar.com\/avatar\/530a674d56ba60cfa0ef21d74e8e8d123a51bb7aa6580465b5c2ab2c2e980a19?s=96&r=g&d=https:\/\/gorzow.news\/wp-content\/plugins\/userswp\/assets\/images\/no_profile.png","url":"https:\/\/secure.gravatar.com\/avatar\/530a674d56ba60cfa0ef21d74e8e8d123a51bb7aa6580465b5c2ab2c2e980a19?s=96&r=g&d=https:\/\/gorzow.news\/wp-content\/plugins\/userswp\/assets\/images\/no_profile.png","contentUrl":"https:\/\/secure.gravatar.com\/avatar\/530a674d56ba60cfa0ef21d74e8e8d123a51bb7aa6580465b5c2ab2c2e980a19?s=96&r=g&d=https:\/\/gorzow.news\/wp-content\/plugins\/userswp\/assets\/images\/no_profile.png","caption":"maciej"},"url":"https:\/\/gorzow.news\/index.php\/profile\/maciej\/"}]}},"_links":{"self":[{"href":"https:\/\/gorzow.news\/index.php\/wp-json\/wp\/v2\/posts\/19786","targetHints":{"allow":["GET"]}}],"collection":[{"href":"https:\/\/gorzow.news\/index.php\/wp-json\/wp\/v2\/posts"}],"about":[{"href":"https:\/\/gorzow.news\/index.php\/wp-json\/wp\/v2\/types\/post"}],"author":[{"embeddable":true,"href":"https:\/\/gorzow.news\/index.php\/wp-json\/wp\/v2\/users\/1"}],"replies":[{"embeddable":true,"href":"https:\/\/gorzow.news\/index.php\/wp-json\/wp\/v2\/comments?post=19786"}],"version-history":[{"count":1,"href":"https:\/\/gorzow.news\/index.php\/wp-json\/wp\/v2\/posts\/19786\/revisions"}],"predecessor-version":[{"id":19788,"href":"https:\/\/gorzow.news\/index.php\/wp-json\/wp\/v2\/posts\/19786\/revisions\/19788"}],"wp:featuredmedia":[{"embeddable":true,"href":"https:\/\/gorzow.news\/index.php\/wp-json\/wp\/v2\/media\/19787"}],"wp:attachment":[{"href":"https:\/\/gorzow.news\/index.php\/wp-json\/wp\/v2\/media?parent=19786"}],"wp:term":[{"taxonomy":"category","embeddable":true,"href":"https:\/\/gorzow.news\/index.php\/wp-json\/wp\/v2\/categories?post=19786"},{"taxonomy":"post_tag","embeddable":true,"href":"https:\/\/gorzow.news\/index.php\/wp-json\/wp\/v2\/tags?post=19786"}],"curies":[{"name":"wp","href":"https:\/\/api.w.org\/{rel}","templated":true}]}}