{"id":19679,"date":"2024-02-23T13:29:39","date_gmt":"2024-02-23T12:29:39","guid":{"rendered":"https:\/\/gorzow.news\/?p=19679"},"modified":"2024-02-23T13:29:41","modified_gmt":"2024-02-23T12:29:41","slug":"inpost-wyprowadzil-sie-z-mazowieckiej-tyle-zamawiamy-paczek-ze-magazyn-w-po-dwoch-latach-stal-sie-zbyt-maly","status":"publish","type":"post","link":"https:\/\/gorzow.news\/index.php\/2024\/02\/23\/inpost-wyprowadzil-sie-z-mazowieckiej-tyle-zamawiamy-paczek-ze-magazyn-w-po-dwoch-latach-stal-sie-zbyt-maly\/","title":{"rendered":"InPost wyprowadzi\u0142 si\u0119 z Mazowieckiej. Tyle zamawiamy paczek, \u017ce magazyn w po dw\u00f3ch latach sta\u0142 si\u0119 zbyt ma\u0142y!"},"content":{"rendered":"\n<p><strong>Grupa InPost dostarczy\u0142a w 2023 roku w Polsce 589,5 mln przesy\u0142ek (+16 proc. rok do roku). Ilo\u015b\u0107 przesy\u0142ek ro\u015bnie w tak szybkim tempie, \u017ce potentat zaledwie po niespe\u0142na trzech latach od wybudowania swojej siedziby w Gorzowie przy ul. Mazowieckiej by\u0142 zmuszony j\u0105 opu\u015bci\u0107 i poszuka\u0107 wi\u0119kszej przestrzeni.<\/strong><\/p>\n\n\n\n<p>&#8211; Rok 2023 by\u0142 kolejnym bardzo dobrym rokiem dla Grupy InPost, w kt\u00f3rym zanotowali\u015bmy silny, ponad 20-procentowy wzrost obs\u0142u\u017conych wolumen\u00f3w. Jeste\u015bmy niekwestionowanym liderem w Polsce i nadal notujemy dynamik\u0119 wzrostu powy\u017cej rynku, a tym samym zwi\u0119kszamy w nim nasz udzia\u0142. Polska jest naszym benchmarkiem dla ekspansji na rynkach mi\u0119dzynarodowych. Z sukcesem przenosimy polskie rozwi\u0105zania na rynki zagraniczne, dzi\u0119ki czemu mi\u0119dzynarodowa cz\u0119\u015b\u0107 biznesu r\u00f3wnie\u017c rozwija si\u0119 zgodnie z za\u0142o\u017ceniami &#8211; komentuje za\u0142o\u017cyciel i prezes InPostu <strong>Rafa\u0142 Brzoska<\/strong>.<\/p>\n\n\n\n<p>W 2021 roku na dzia\u0142ce przy ul. Mazowieckiej InPost wybudowa\u0142 sortowni\u0119 paczek wraz z biurami. Gdy otwierano nowy odzia\u0142 w Gorzowie nie przysz\u0142o nikomu do g\u0142owy, \u017ce ju\u017c za dwa lata b\u0119dzie trzeba si\u0119 rozgl\u0105da\u0107 z now\u0105 powierzchni\u0105, bo zwyczajnie w wybudowanym obiekcie b\u0119dzie za ma\u0142o powierzchni dla segregowania przesy\u0142ek. &#8211; W Gorzowie, podobnie jak i w ca\u0142ym kraju bardzo szybko ro\u015bnie zapotrzebowanie na nowoczesne rozwi\u0105zania logistyczne. Nasz dotychczasowy magazyn przy ul. Mazowieckiej sta\u0142 si\u0119 dla nas zbyt ma\u0142y i byli\u015bmy zmuszeni przenie\u015b\u0107 si\u0119 w nowe miejsce. Hala przy ul. Przemys\u0142owej jest znacz\u0105co wi\u0119ksza i bardziej dostosowana do naszych potrzeb &#8211; m\u00f3wi nam <strong>Wojciech K\u0105dzio\u0142ka<\/strong>, rzecznik prasowy InPost.<\/p>\n\n\n\n<p>InPost przeni\u00f3s\u0142 si\u0119 wiec z hali przy ul. Mazowieckiej 1 (o powierzchni 2.700 mkw.) do by\u0142ego centrum logistycznego PPHU &#8222;Mars&#8221; przy ul. Przemys\u0142owej 53. Hala g\u0142\u00f3wna ma 8.000 mkw. i jest magazynem tzw. wysokiego sk\u0142adowania. S\u0105 tu te\u017c dwie hale mniejsze o \u0142\u0105cznej powierzchni 3.000 mkw.<\/p>\n\n\n\n<p><strong>Ile jest paczkomat\u00f3w w Gorzowie?<\/strong><\/p>\n\n\n\n<p>Co ciekawe, to w\u0142a\u015bnie Gorzowie powsta\u0142 pierwszy w Polsce urz\u0119dowy paczkomat, kt\u00f3ry jest prze\u0142omowym rozwi\u0105zaniem. Na potrzeby miasta firma InPost skonfigurowa\u0142a maszyny i przygotowa\u0142a us\u0142ug\u0119 InPost Urz\u0105d24, kt\u00f3ra u\u0142atwia obieg dokument\u00f3w mi\u0119dzy urz\u0119dem a mieszka\u0144cami. Ponadto w Gorzowie funkcjonuje 89 paczkomat\u00f3w oraz 9 PaczkoPunkt\u00f3w, kt\u00f3re umo\u017cliwiaj\u0105 \u0142atwe odbieranie i nadawanie paczek.<\/p>\n\n\n\n<p>InPost to platforma dostaw dla e-commerce. Za\u0142o\u017cony w 1999 roku przez Rafa\u0142a Brzosk\u0119 w Polsce, InPost posiada sie\u0107 Paczkomat\u00f3w w Polsce, Wielkiej Brytanii i W\u0142oszech, a tak\u017ce \u015bwiadczy us\u0142ugi kurierskie i fullfilment dla sprzedawc\u00f3w e-commerce w Polsce. W lipcu 2021 r. sfinalizowa\u0142 przej\u0119cie francuskiej sp\u00f3\u0142ki Mondial Relay. W styczniu 2021 r. InPost zadebiutowa\u0142 na gie\u0142dzie Euronext Amsterdam.<\/p>\n\n\n\n<figure class=\"wp-block-image size-large\"><img loading=\"lazy\" decoding=\"async\" width=\"1024\" height=\"576\" src=\"https:\/\/gorzow.news\/wp-content\/uploads\/2024\/02\/IMG_20240214_103358483_HDR-1024x576.jpg\" alt=\"\" class=\"wp-image-19681\" srcset=\"https:\/\/gorzow.news\/wp-content\/uploads\/2024\/02\/IMG_20240214_103358483_HDR-1024x576.jpg?v=1708691344 1024w, https:\/\/gorzow.news\/wp-content\/uploads\/2024\/02\/IMG_20240214_103358483_HDR-300x169.jpg?v=1708691344 300w, https:\/\/gorzow.news\/wp-content\/uploads\/2024\/02\/IMG_20240214_103358483_HDR-768x432.jpg?v=1708691344 768w, https:\/\/gorzow.news\/wp-content\/uploads\/2024\/02\/IMG_20240214_103358483_HDR-1536x864.jpg?v=1708691344 1536w, https:\/\/gorzow.news\/wp-content\/uploads\/2024\/02\/IMG_20240214_103358483_HDR-696x392.jpg?v=1708691344 696w, https:\/\/gorzow.news\/wp-content\/uploads\/2024\/02\/IMG_20240214_103358483_HDR-1068x601.jpg?v=1708691344 1068w, https:\/\/gorzow.news\/wp-content\/uploads\/2024\/02\/IMG_20240214_103358483_HDR.jpg?v=1708691344 1600w\" sizes=\"auto, (max-width: 1024px) 100vw, 1024px\" \/><figcaption class=\"wp-element-caption\">Oddzia\u0142 InPost w Gorzowie przy ul. Przemys\u0142owej 53.<\/figcaption><\/figure>\n","protected":false},"excerpt":{"rendered":"<p>Grupa InPost dostarczy\u0142a w 2023 roku w Polsce 589,5 mln przesy\u0142ek (+16 proc. rok do roku). Ilo\u015b\u0107 przesy\u0142ek ro\u015bnie w tak szybkim tempie, \u017ce potentat zaledwie po niespe\u0142na trzech latach od wybudowania swojej siedziby w Gorzowie przy ul. Mazowieckiej by\u0142 zmuszony j\u0105 opu\u015bci\u0107 i poszuka\u0107 wi\u0119kszej przestrzeni. &#8211; Rok 2023 by\u0142 kolejnym bardzo dobrym rokiem [&hellip;]<\/p>\n","protected":false},"author":1,"featured_media":19680,"comment_status":"open","ping_status":"open","sticky":false,"template":"","format":"standard","meta":{"footnotes":"","_links_to":"","_links_to_target":""},"categories":[1627,589,2007],"tags":[732,2709,753,2711,949,2708,2710],"class_list":{"0":"post-19679","1":"post","2":"type-post","3":"status-publish","4":"format-standard","5":"has-post-thumbnail","7":"category-magazyny","8":"category-wiadomosci","9":"category-zamoscie","10":"tag-inpost","11":"tag-mazowiecka","12":"tag-paczkomaty","13":"tag-pphu-mars","14":"tag-przemyslowa","15":"tag-rafal-brzoska","16":"tag-wojciech-kadziolka"},"yoast_head":"<!-- This site is optimized with the Yoast SEO plugin v27.3 - https:\/\/yoast.com\/product\/yoast-seo-wordpress\/ -->\n<title>InPost wyprowadzi\u0142 si\u0119 z Mazowieckiej. Tyle zamawiamy paczek, \u017ce magazyn w po dw\u00f3ch latach sta\u0142 si\u0119 zbyt ma\u0142y! - Gorz\u00f3w News<\/title>\n<meta name=\"description\" content=\"Grupa InPost dostarczy\u0142a w 2023 roku w Polsce 589,5 mln przesy\u0142ek (+16 proc. rok do roku). Ilo\u015b\u0107 przesy\u0142ek ro\u015bnie w tak szybkim tempie, \u017ce pote\" \/>\n<meta name=\"robots\" content=\"index, follow, max-snippet:-1, max-image-preview:large, max-video-preview:-1\" \/>\n<link rel=\"canonical\" href=\"https:\/\/gorzow.news\/index.php\/2024\/02\/23\/inpost-wyprowadzil-sie-z-mazowieckiej-tyle-zamawiamy-paczek-ze-magazyn-w-po-dwoch-latach-stal-sie-zbyt-maly\/\" \/>\n<meta property=\"og:locale\" content=\"pl_PL\" \/>\n<meta property=\"og:type\" content=\"article\" \/>\n<meta property=\"og:title\" content=\"InPost wyprowadzi\u0142 si\u0119 z Mazowieckiej. Tyle zamawiamy paczek, \u017ce magazyn w po dw\u00f3ch latach sta\u0142 si\u0119 zbyt ma\u0142y! - Gorz\u00f3w News\" \/>\n<meta property=\"og:description\" content=\"Grupa InPost dostarczy\u0142a w 2023 roku w Polsce 589,5 mln przesy\u0142ek (+16 proc. rok do roku). Ilo\u015b\u0107 przesy\u0142ek ro\u015bnie w tak szybkim tempie, \u017ce pote\" \/>\n<meta property=\"og:url\" content=\"https:\/\/gorzow.news\/index.php\/2024\/02\/23\/inpost-wyprowadzil-sie-z-mazowieckiej-tyle-zamawiamy-paczek-ze-magazyn-w-po-dwoch-latach-stal-sie-zbyt-maly\/\" \/>\n<meta property=\"og:site_name\" content=\"Gorz\u00f3w News\" \/>\n<meta property=\"article:publisher\" content=\"https:\/\/www.facebook.com\/gorzowskinews\" \/>\n<meta property=\"article:published_time\" content=\"2024-02-23T12:29:39+00:00\" \/>\n<meta property=\"article:modified_time\" content=\"2024-02-23T12:29:41+00:00\" \/>\n<meta property=\"og:image\" content=\"https:\/\/gorzow.news\/wp-content\/uploads\/2024\/02\/IMG_20240214_103413052-kopia.jpg\" \/>\n\t<meta property=\"og:image:width\" content=\"1600\" \/>\n\t<meta property=\"og:image:height\" content=\"757\" \/>\n\t<meta property=\"og:image:type\" content=\"image\/jpeg\" \/>\n<meta name=\"author\" content=\"maciej\" \/>\n<meta name=\"twitter:card\" content=\"summary_large_image\" \/>\n<meta name=\"twitter:label1\" content=\"Napisane przez\" \/>\n\t<meta name=\"twitter:data1\" content=\"maciej\" \/>\n\t<meta name=\"twitter:label2\" content=\"Szacowany czas czytania\" \/>\n\t<meta name=\"twitter:data2\" content=\"3 minuty\" \/>\n<script type=\"application\/ld+json\" class=\"yoast-schema-graph\">{\"@context\":\"https:\\\/\\\/schema.org\",\"@graph\":[{\"@type\":\"Article\",\"@id\":\"https:\\\/\\\/gorzow.news\\\/index.php\\\/2024\\\/02\\\/23\\\/inpost-wyprowadzil-sie-z-mazowieckiej-tyle-zamawiamy-paczek-ze-magazyn-w-po-dwoch-latach-stal-sie-zbyt-maly\\\/#article\",\"isPartOf\":{\"@id\":\"https:\\\/\\\/gorzow.news\\\/index.php\\\/2024\\\/02\\\/23\\\/inpost-wyprowadzil-sie-z-mazowieckiej-tyle-zamawiamy-paczek-ze-magazyn-w-po-dwoch-latach-stal-sie-zbyt-maly\\\/\"},\"author\":{\"name\":\"maciej\",\"@id\":\"https:\\\/\\\/gorzow.news\\\/#\\\/schema\\\/person\\\/a1e5ab43166369f2ce236a1cd90995bb\"},\"headline\":\"InPost wyprowadzi\u0142 si\u0119 z Mazowieckiej. Tyle zamawiamy paczek, \u017ce magazyn w po dw\u00f3ch latach sta\u0142 si\u0119 zbyt ma\u0142y!\",\"datePublished\":\"2024-02-23T12:29:39+00:00\",\"dateModified\":\"2024-02-23T12:29:41+00:00\",\"mainEntityOfPage\":{\"@id\":\"https:\\\/\\\/gorzow.news\\\/index.php\\\/2024\\\/02\\\/23\\\/inpost-wyprowadzil-sie-z-mazowieckiej-tyle-zamawiamy-paczek-ze-magazyn-w-po-dwoch-latach-stal-sie-zbyt-maly\\\/\"},\"wordCount\":483,\"commentCount\":2,\"image\":{\"@id\":\"https:\\\/\\\/gorzow.news\\\/index.php\\\/2024\\\/02\\\/23\\\/inpost-wyprowadzil-sie-z-mazowieckiej-tyle-zamawiamy-paczek-ze-magazyn-w-po-dwoch-latach-stal-sie-zbyt-maly\\\/#primaryimage\"},\"thumbnailUrl\":\"https:\\\/\\\/gorzow.news\\\/wp-content\\\/uploads\\\/2024\\\/02\\\/IMG_20240214_103413052-kopia.jpg\",\"keywords\":[\"InPost\",\"Mazowiecka\",\"paczkomaty\",\"PPHU Mars\",\"Przemys\u0142owa\",\"Rafa\u0142 Brzoska\",\"Wojciech K\u0105dzio\u0142ka\"],\"articleSection\":[\"Magazyny\",\"Wiadomo\u015bci\",\"Zamo\u015bcie\"],\"inLanguage\":\"pl-PL\",\"potentialAction\":[{\"@type\":\"CommentAction\",\"name\":\"Comment\",\"target\":[\"https:\\\/\\\/gorzow.news\\\/index.php\\\/2024\\\/02\\\/23\\\/inpost-wyprowadzil-sie-z-mazowieckiej-tyle-zamawiamy-paczek-ze-magazyn-w-po-dwoch-latach-stal-sie-zbyt-maly\\\/#respond\"]}]},{\"@type\":\"WebPage\",\"@id\":\"https:\\\/\\\/gorzow.news\\\/index.php\\\/2024\\\/02\\\/23\\\/inpost-wyprowadzil-sie-z-mazowieckiej-tyle-zamawiamy-paczek-ze-magazyn-w-po-dwoch-latach-stal-sie-zbyt-maly\\\/\",\"url\":\"https:\\\/\\\/gorzow.news\\\/index.php\\\/2024\\\/02\\\/23\\\/inpost-wyprowadzil-sie-z-mazowieckiej-tyle-zamawiamy-paczek-ze-magazyn-w-po-dwoch-latach-stal-sie-zbyt-maly\\\/\",\"name\":\"InPost wyprowadzi\u0142 si\u0119 z Mazowieckiej. Tyle zamawiamy paczek, \u017ce magazyn w po dw\u00f3ch latach sta\u0142 si\u0119 zbyt ma\u0142y! - Gorz\u00f3w News\",\"isPartOf\":{\"@id\":\"https:\\\/\\\/gorzow.news\\\/#website\"},\"primaryImageOfPage\":{\"@id\":\"https:\\\/\\\/gorzow.news\\\/index.php\\\/2024\\\/02\\\/23\\\/inpost-wyprowadzil-sie-z-mazowieckiej-tyle-zamawiamy-paczek-ze-magazyn-w-po-dwoch-latach-stal-sie-zbyt-maly\\\/#primaryimage\"},\"image\":{\"@id\":\"https:\\\/\\\/gorzow.news\\\/index.php\\\/2024\\\/02\\\/23\\\/inpost-wyprowadzil-sie-z-mazowieckiej-tyle-zamawiamy-paczek-ze-magazyn-w-po-dwoch-latach-stal-sie-zbyt-maly\\\/#primaryimage\"},\"thumbnailUrl\":\"https:\\\/\\\/gorzow.news\\\/wp-content\\\/uploads\\\/2024\\\/02\\\/IMG_20240214_103413052-kopia.jpg\",\"datePublished\":\"2024-02-23T12:29:39+00:00\",\"dateModified\":\"2024-02-23T12:29:41+00:00\",\"author\":{\"@id\":\"https:\\\/\\\/gorzow.news\\\/#\\\/schema\\\/person\\\/a1e5ab43166369f2ce236a1cd90995bb\"},\"description\":\"Grupa InPost dostarczy\u0142a w 2023 roku w Polsce 589,5 mln przesy\u0142ek (+16 proc. rok do roku). Ilo\u015b\u0107 przesy\u0142ek ro\u015bnie w tak szybkim tempie, \u017ce potentat zaledwie po niespe\u0142na trzech latach od wybudowania swojej siedziby w Gorzowie przy ul. Mazowieckiej by\u0142 zmuszony j\u0105 opu\u015bci\u0107 i poszuka\u0107 wi\u0119kszej przestrzeni.\",\"breadcrumb\":{\"@id\":\"https:\\\/\\\/gorzow.news\\\/index.php\\\/2024\\\/02\\\/23\\\/inpost-wyprowadzil-sie-z-mazowieckiej-tyle-zamawiamy-paczek-ze-magazyn-w-po-dwoch-latach-stal-sie-zbyt-maly\\\/#breadcrumb\"},\"inLanguage\":\"pl-PL\",\"potentialAction\":[{\"@type\":\"ReadAction\",\"target\":[\"https:\\\/\\\/gorzow.news\\\/index.php\\\/2024\\\/02\\\/23\\\/inpost-wyprowadzil-sie-z-mazowieckiej-tyle-zamawiamy-paczek-ze-magazyn-w-po-dwoch-latach-stal-sie-zbyt-maly\\\/\"]}]},{\"@type\":\"ImageObject\",\"inLanguage\":\"pl-PL\",\"@id\":\"https:\\\/\\\/gorzow.news\\\/index.php\\\/2024\\\/02\\\/23\\\/inpost-wyprowadzil-sie-z-mazowieckiej-tyle-zamawiamy-paczek-ze-magazyn-w-po-dwoch-latach-stal-sie-zbyt-maly\\\/#primaryimage\",\"url\":\"https:\\\/\\\/gorzow.news\\\/wp-content\\\/uploads\\\/2024\\\/02\\\/IMG_20240214_103413052-kopia.jpg\",\"contentUrl\":\"https:\\\/\\\/gorzow.news\\\/wp-content\\\/uploads\\\/2024\\\/02\\\/IMG_20240214_103413052-kopia.jpg\",\"width\":1600,\"height\":757,\"caption\":\"InPost przeni\u00f3s\u0142 si\u0119 do by\u0142ego centrum logistycznego Marsa.\"},{\"@type\":\"BreadcrumbList\",\"@id\":\"https:\\\/\\\/gorzow.news\\\/index.php\\\/2024\\\/02\\\/23\\\/inpost-wyprowadzil-sie-z-mazowieckiej-tyle-zamawiamy-paczek-ze-magazyn-w-po-dwoch-latach-stal-sie-zbyt-maly\\\/#breadcrumb\",\"itemListElement\":[{\"@type\":\"ListItem\",\"position\":1,\"name\":\"Home\",\"item\":\"https:\\\/\\\/gorzow.news\\\/\"},{\"@type\":\"ListItem\",\"position\":2,\"name\":\"InPost wyprowadzi\u0142 si\u0119 z Mazowieckiej. Tyle zamawiamy paczek, \u017ce magazyn w po dw\u00f3ch latach sta\u0142 si\u0119 zbyt ma\u0142y!\"}]},{\"@type\":\"WebSite\",\"@id\":\"https:\\\/\\\/gorzow.news\\\/#website\",\"url\":\"https:\\\/\\\/gorzow.news\\\/\",\"name\":\"Gorz\u00f3w News\",\"description\":\"Sp\u00f3jrz inaczej na miato i region...\",\"potentialAction\":[{\"@type\":\"SearchAction\",\"target\":{\"@type\":\"EntryPoint\",\"urlTemplate\":\"https:\\\/\\\/gorzow.news\\\/?s={search_term_string}\"},\"query-input\":{\"@type\":\"PropertyValueSpecification\",\"valueRequired\":true,\"valueName\":\"search_term_string\"}}],\"inLanguage\":\"pl-PL\"},{\"@type\":\"Person\",\"@id\":\"https:\\\/\\\/gorzow.news\\\/#\\\/schema\\\/person\\\/a1e5ab43166369f2ce236a1cd90995bb\",\"name\":\"maciej\",\"image\":{\"@type\":\"ImageObject\",\"inLanguage\":\"pl-PL\",\"@id\":\"https:\\\/\\\/secure.gravatar.com\\\/avatar\\\/530a674d56ba60cfa0ef21d74e8e8d123a51bb7aa6580465b5c2ab2c2e980a19?s=96&r=g&d=https:\\\/\\\/gorzow.news\\\/wp-content\\\/plugins\\\/userswp\\\/assets\\\/images\\\/no_profile.png\",\"url\":\"https:\\\/\\\/secure.gravatar.com\\\/avatar\\\/530a674d56ba60cfa0ef21d74e8e8d123a51bb7aa6580465b5c2ab2c2e980a19?s=96&r=g&d=https:\\\/\\\/gorzow.news\\\/wp-content\\\/plugins\\\/userswp\\\/assets\\\/images\\\/no_profile.png\",\"contentUrl\":\"https:\\\/\\\/secure.gravatar.com\\\/avatar\\\/530a674d56ba60cfa0ef21d74e8e8d123a51bb7aa6580465b5c2ab2c2e980a19?s=96&r=g&d=https:\\\/\\\/gorzow.news\\\/wp-content\\\/plugins\\\/userswp\\\/assets\\\/images\\\/no_profile.png\",\"caption\":\"maciej\"},\"url\":\"https:\\\/\\\/gorzow.news\\\/index.php\\\/profile\\\/maciej\\\/\"}]}<\/script>\n<!-- \/ Yoast SEO plugin. -->","yoast_head_json":{"title":"InPost wyprowadzi\u0142 si\u0119 z Mazowieckiej. Tyle zamawiamy paczek, \u017ce magazyn w po dw\u00f3ch latach sta\u0142 si\u0119 zbyt ma\u0142y! - Gorz\u00f3w News","description":"Grupa InPost dostarczy\u0142a w 2023 roku w Polsce 589,5 mln przesy\u0142ek (+16 proc. rok do roku). Ilo\u015b\u0107 przesy\u0142ek ro\u015bnie w tak szybkim tempie, \u017ce pote","robots":{"index":"index","follow":"follow","max-snippet":"max-snippet:-1","max-image-preview":"max-image-preview:large","max-video-preview":"max-video-preview:-1"},"canonical":"https:\/\/gorzow.news\/index.php\/2024\/02\/23\/inpost-wyprowadzil-sie-z-mazowieckiej-tyle-zamawiamy-paczek-ze-magazyn-w-po-dwoch-latach-stal-sie-zbyt-maly\/","og_locale":"pl_PL","og_type":"article","og_title":"InPost wyprowadzi\u0142 si\u0119 z Mazowieckiej. Tyle zamawiamy paczek, \u017ce magazyn w po dw\u00f3ch latach sta\u0142 si\u0119 zbyt ma\u0142y! - Gorz\u00f3w News","og_description":"Grupa InPost dostarczy\u0142a w 2023 roku w Polsce 589,5 mln przesy\u0142ek (+16 proc. rok do roku). Ilo\u015b\u0107 przesy\u0142ek ro\u015bnie w tak szybkim tempie, \u017ce pote","og_url":"https:\/\/gorzow.news\/index.php\/2024\/02\/23\/inpost-wyprowadzil-sie-z-mazowieckiej-tyle-zamawiamy-paczek-ze-magazyn-w-po-dwoch-latach-stal-sie-zbyt-maly\/","og_site_name":"Gorz\u00f3w News","article_publisher":"https:\/\/www.facebook.com\/gorzowskinews","article_published_time":"2024-02-23T12:29:39+00:00","article_modified_time":"2024-02-23T12:29:41+00:00","og_image":[{"width":1600,"height":757,"url":"https:\/\/gorzow.news\/wp-content\/uploads\/2024\/02\/IMG_20240214_103413052-kopia.jpg","type":"image\/jpeg"}],"author":"maciej","twitter_card":"summary_large_image","twitter_misc":{"Napisane przez":"maciej","Szacowany czas czytania":"3 minuty"},"schema":{"@context":"https:\/\/schema.org","@graph":[{"@type":"Article","@id":"https:\/\/gorzow.news\/index.php\/2024\/02\/23\/inpost-wyprowadzil-sie-z-mazowieckiej-tyle-zamawiamy-paczek-ze-magazyn-w-po-dwoch-latach-stal-sie-zbyt-maly\/#article","isPartOf":{"@id":"https:\/\/gorzow.news\/index.php\/2024\/02\/23\/inpost-wyprowadzil-sie-z-mazowieckiej-tyle-zamawiamy-paczek-ze-magazyn-w-po-dwoch-latach-stal-sie-zbyt-maly\/"},"author":{"name":"maciej","@id":"https:\/\/gorzow.news\/#\/schema\/person\/a1e5ab43166369f2ce236a1cd90995bb"},"headline":"InPost wyprowadzi\u0142 si\u0119 z Mazowieckiej. Tyle zamawiamy paczek, \u017ce magazyn w po dw\u00f3ch latach sta\u0142 si\u0119 zbyt ma\u0142y!","datePublished":"2024-02-23T12:29:39+00:00","dateModified":"2024-02-23T12:29:41+00:00","mainEntityOfPage":{"@id":"https:\/\/gorzow.news\/index.php\/2024\/02\/23\/inpost-wyprowadzil-sie-z-mazowieckiej-tyle-zamawiamy-paczek-ze-magazyn-w-po-dwoch-latach-stal-sie-zbyt-maly\/"},"wordCount":483,"commentCount":2,"image":{"@id":"https:\/\/gorzow.news\/index.php\/2024\/02\/23\/inpost-wyprowadzil-sie-z-mazowieckiej-tyle-zamawiamy-paczek-ze-magazyn-w-po-dwoch-latach-stal-sie-zbyt-maly\/#primaryimage"},"thumbnailUrl":"https:\/\/gorzow.news\/wp-content\/uploads\/2024\/02\/IMG_20240214_103413052-kopia.jpg","keywords":["InPost","Mazowiecka","paczkomaty","PPHU Mars","Przemys\u0142owa","Rafa\u0142 Brzoska","Wojciech K\u0105dzio\u0142ka"],"articleSection":["Magazyny","Wiadomo\u015bci","Zamo\u015bcie"],"inLanguage":"pl-PL","potentialAction":[{"@type":"CommentAction","name":"Comment","target":["https:\/\/gorzow.news\/index.php\/2024\/02\/23\/inpost-wyprowadzil-sie-z-mazowieckiej-tyle-zamawiamy-paczek-ze-magazyn-w-po-dwoch-latach-stal-sie-zbyt-maly\/#respond"]}]},{"@type":"WebPage","@id":"https:\/\/gorzow.news\/index.php\/2024\/02\/23\/inpost-wyprowadzil-sie-z-mazowieckiej-tyle-zamawiamy-paczek-ze-magazyn-w-po-dwoch-latach-stal-sie-zbyt-maly\/","url":"https:\/\/gorzow.news\/index.php\/2024\/02\/23\/inpost-wyprowadzil-sie-z-mazowieckiej-tyle-zamawiamy-paczek-ze-magazyn-w-po-dwoch-latach-stal-sie-zbyt-maly\/","name":"InPost wyprowadzi\u0142 si\u0119 z Mazowieckiej. Tyle zamawiamy paczek, \u017ce magazyn w po dw\u00f3ch latach sta\u0142 si\u0119 zbyt ma\u0142y! - Gorz\u00f3w News","isPartOf":{"@id":"https:\/\/gorzow.news\/#website"},"primaryImageOfPage":{"@id":"https:\/\/gorzow.news\/index.php\/2024\/02\/23\/inpost-wyprowadzil-sie-z-mazowieckiej-tyle-zamawiamy-paczek-ze-magazyn-w-po-dwoch-latach-stal-sie-zbyt-maly\/#primaryimage"},"image":{"@id":"https:\/\/gorzow.news\/index.php\/2024\/02\/23\/inpost-wyprowadzil-sie-z-mazowieckiej-tyle-zamawiamy-paczek-ze-magazyn-w-po-dwoch-latach-stal-sie-zbyt-maly\/#primaryimage"},"thumbnailUrl":"https:\/\/gorzow.news\/wp-content\/uploads\/2024\/02\/IMG_20240214_103413052-kopia.jpg","datePublished":"2024-02-23T12:29:39+00:00","dateModified":"2024-02-23T12:29:41+00:00","author":{"@id":"https:\/\/gorzow.news\/#\/schema\/person\/a1e5ab43166369f2ce236a1cd90995bb"},"description":"Grupa InPost dostarczy\u0142a w 2023 roku w Polsce 589,5 mln przesy\u0142ek (+16 proc. rok do roku). Ilo\u015b\u0107 przesy\u0142ek ro\u015bnie w tak szybkim tempie, \u017ce potentat zaledwie po niespe\u0142na trzech latach od wybudowania swojej siedziby w Gorzowie przy ul. Mazowieckiej by\u0142 zmuszony j\u0105 opu\u015bci\u0107 i poszuka\u0107 wi\u0119kszej przestrzeni.","breadcrumb":{"@id":"https:\/\/gorzow.news\/index.php\/2024\/02\/23\/inpost-wyprowadzil-sie-z-mazowieckiej-tyle-zamawiamy-paczek-ze-magazyn-w-po-dwoch-latach-stal-sie-zbyt-maly\/#breadcrumb"},"inLanguage":"pl-PL","potentialAction":[{"@type":"ReadAction","target":["https:\/\/gorzow.news\/index.php\/2024\/02\/23\/inpost-wyprowadzil-sie-z-mazowieckiej-tyle-zamawiamy-paczek-ze-magazyn-w-po-dwoch-latach-stal-sie-zbyt-maly\/"]}]},{"@type":"ImageObject","inLanguage":"pl-PL","@id":"https:\/\/gorzow.news\/index.php\/2024\/02\/23\/inpost-wyprowadzil-sie-z-mazowieckiej-tyle-zamawiamy-paczek-ze-magazyn-w-po-dwoch-latach-stal-sie-zbyt-maly\/#primaryimage","url":"https:\/\/gorzow.news\/wp-content\/uploads\/2024\/02\/IMG_20240214_103413052-kopia.jpg","contentUrl":"https:\/\/gorzow.news\/wp-content\/uploads\/2024\/02\/IMG_20240214_103413052-kopia.jpg","width":1600,"height":757,"caption":"InPost przeni\u00f3s\u0142 si\u0119 do by\u0142ego centrum logistycznego Marsa."},{"@type":"BreadcrumbList","@id":"https:\/\/gorzow.news\/index.php\/2024\/02\/23\/inpost-wyprowadzil-sie-z-mazowieckiej-tyle-zamawiamy-paczek-ze-magazyn-w-po-dwoch-latach-stal-sie-zbyt-maly\/#breadcrumb","itemListElement":[{"@type":"ListItem","position":1,"name":"Home","item":"https:\/\/gorzow.news\/"},{"@type":"ListItem","position":2,"name":"InPost wyprowadzi\u0142 si\u0119 z Mazowieckiej. Tyle zamawiamy paczek, \u017ce magazyn w po dw\u00f3ch latach sta\u0142 si\u0119 zbyt ma\u0142y!"}]},{"@type":"WebSite","@id":"https:\/\/gorzow.news\/#website","url":"https:\/\/gorzow.news\/","name":"Gorz\u00f3w News","description":"Sp\u00f3jrz inaczej na miato i region...","potentialAction":[{"@type":"SearchAction","target":{"@type":"EntryPoint","urlTemplate":"https:\/\/gorzow.news\/?s={search_term_string}"},"query-input":{"@type":"PropertyValueSpecification","valueRequired":true,"valueName":"search_term_string"}}],"inLanguage":"pl-PL"},{"@type":"Person","@id":"https:\/\/gorzow.news\/#\/schema\/person\/a1e5ab43166369f2ce236a1cd90995bb","name":"maciej","image":{"@type":"ImageObject","inLanguage":"pl-PL","@id":"https:\/\/secure.gravatar.com\/avatar\/530a674d56ba60cfa0ef21d74e8e8d123a51bb7aa6580465b5c2ab2c2e980a19?s=96&r=g&d=https:\/\/gorzow.news\/wp-content\/plugins\/userswp\/assets\/images\/no_profile.png","url":"https:\/\/secure.gravatar.com\/avatar\/530a674d56ba60cfa0ef21d74e8e8d123a51bb7aa6580465b5c2ab2c2e980a19?s=96&r=g&d=https:\/\/gorzow.news\/wp-content\/plugins\/userswp\/assets\/images\/no_profile.png","contentUrl":"https:\/\/secure.gravatar.com\/avatar\/530a674d56ba60cfa0ef21d74e8e8d123a51bb7aa6580465b5c2ab2c2e980a19?s=96&r=g&d=https:\/\/gorzow.news\/wp-content\/plugins\/userswp\/assets\/images\/no_profile.png","caption":"maciej"},"url":"https:\/\/gorzow.news\/index.php\/profile\/maciej\/"}]}},"_links":{"self":[{"href":"https:\/\/gorzow.news\/index.php\/wp-json\/wp\/v2\/posts\/19679","targetHints":{"allow":["GET"]}}],"collection":[{"href":"https:\/\/gorzow.news\/index.php\/wp-json\/wp\/v2\/posts"}],"about":[{"href":"https:\/\/gorzow.news\/index.php\/wp-json\/wp\/v2\/types\/post"}],"author":[{"embeddable":true,"href":"https:\/\/gorzow.news\/index.php\/wp-json\/wp\/v2\/users\/1"}],"replies":[{"embeddable":true,"href":"https:\/\/gorzow.news\/index.php\/wp-json\/wp\/v2\/comments?post=19679"}],"version-history":[{"count":1,"href":"https:\/\/gorzow.news\/index.php\/wp-json\/wp\/v2\/posts\/19679\/revisions"}],"predecessor-version":[{"id":19682,"href":"https:\/\/gorzow.news\/index.php\/wp-json\/wp\/v2\/posts\/19679\/revisions\/19682"}],"wp:featuredmedia":[{"embeddable":true,"href":"https:\/\/gorzow.news\/index.php\/wp-json\/wp\/v2\/media\/19680"}],"wp:attachment":[{"href":"https:\/\/gorzow.news\/index.php\/wp-json\/wp\/v2\/media?parent=19679"}],"wp:term":[{"taxonomy":"category","embeddable":true,"href":"https:\/\/gorzow.news\/index.php\/wp-json\/wp\/v2\/categories?post=19679"},{"taxonomy":"post_tag","embeddable":true,"href":"https:\/\/gorzow.news\/index.php\/wp-json\/wp\/v2\/tags?post=19679"}],"curies":[{"name":"wp","href":"https:\/\/api.w.org\/{rel}","templated":true}]}}