{"id":19460,"date":"2024-02-16T14:42:15","date_gmt":"2024-02-16T13:42:15","guid":{"rendered":"https:\/\/gorzow.news\/?p=19460"},"modified":"2024-02-16T14:43:12","modified_gmt":"2024-02-16T13:43:12","slug":"z-rocznym-opoznieniem-wybudowano-dodatkowe-miejsca-parkingowe-dla-klientow-pasazu-handlowego-i-targowiska-zdjecia","status":"publish","type":"post","link":"https:\/\/gorzow.news\/index.php\/2024\/02\/16\/z-rocznym-opoznieniem-wybudowano-dodatkowe-miejsca-parkingowe-dla-klientow-pasazu-handlowego-i-targowiska-zdjecia\/","title":{"rendered":"Wybudowano dodatkowe miejsca parkingowe dla klient\u00f3w pasa\u017cu handlowego i targowiska (zdj\u0119cia)"},"content":{"rendered":"\n<p><strong>Parking u zbiegu ul. Przemys\u0142owej i Targowej zosta\u0142 w ostatnim tygodniu wybudowany w miejscu po rozebranym budynku biurowym wraz z portierni\u0105. Dodatkowe miejsca parkingowe mia\u0142y by\u0107 gotowe ju\u017c w kwietniu ubieg\u0142ego roku. Inwestycja jednak dopiero w ostatnich dniach zosta\u0142a uko\u0144czona i ju\u017c niebawem z nowych miejsc parkingowych b\u0119d\u0105 mogli korzysta\u0107 klienci targowiska i pasa\u017cu Targowa7.<\/strong><\/p>\n\n\n\n<figure class=\"wp-block-image size-large\"><img loading=\"lazy\" decoding=\"async\" width=\"1024\" height=\"512\" src=\"https:\/\/gorzow.news\/wp-content\/uploads\/2024\/02\/przemyslowa-parking1-1024x512.jpg\" alt=\"\" class=\"wp-image-19461\" srcset=\"https:\/\/gorzow.news\/wp-content\/uploads\/2024\/02\/przemyslowa-parking1-1024x512.jpg 1024w, https:\/\/gorzow.news\/wp-content\/uploads\/2024\/02\/przemyslowa-parking1-300x150.jpg 300w, https:\/\/gorzow.news\/wp-content\/uploads\/2024\/02\/przemyslowa-parking1-768x384.jpg 768w, https:\/\/gorzow.news\/wp-content\/uploads\/2024\/02\/przemyslowa-parking1-696x348.jpg 696w, https:\/\/gorzow.news\/wp-content\/uploads\/2024\/02\/przemyslowa-parking1-1068x534.jpg 1068w, https:\/\/gorzow.news\/wp-content\/uploads\/2024\/02\/przemyslowa-parking1.jpg 1104w\" sizes=\"auto, (max-width: 1024px) 100vw, 1024px\" \/><figcaption class=\"wp-element-caption\">Dzia\u0142ka na kt\u00f3rej wybudowano nowe miejsca parkingowe.<\/figcaption><\/figure>\n\n\n\n<p>Na dzia\u0142ce o nr 1854 o powierzchni 909 mkw. na rogu ul. Przemys\u0142owej i Targowej jeszcze w 2022 roku sta\u0142 budynek biurowy z portierni\u0105. Od lat budynek by\u0142 pustostanem. W marcu 2022 roku teren zosta\u0142 ogrodzony i rozpocz\u0119\u0142o si\u0119 jego powolne rozbieranie, kt\u00f3re trwa\u0142o do lipca. Po zako\u0144czonych pracach wykonawca wywi\u00f3z\u0142 gruz i wst\u0119pnie wysprz\u0105ta\u0142 dzia\u0142k\u0119, kt\u00f3ra nale\u017cy do miasta. Nast\u0119pnie dzia\u0142k\u0119 ponownie ogrodzono.<\/p>\n\n\n\n<figure class=\"wp-block-image size-large\"><img loading=\"lazy\" decoding=\"async\" width=\"1024\" height=\"484\" src=\"https:\/\/gorzow.news\/wp-content\/uploads\/2022\/08\/IMG_20220427_171801_1-1024x484.jpg\" alt=\"\" class=\"wp-image-8847\" srcset=\"https:\/\/gorzow.news\/wp-content\/uploads\/2022\/08\/IMG_20220427_171801_1-1024x484.jpg?v=1659443390 1024w, https:\/\/gorzow.news\/wp-content\/uploads\/2022\/08\/IMG_20220427_171801_1-300x142.jpg?v=1659443390 300w, https:\/\/gorzow.news\/wp-content\/uploads\/2022\/08\/IMG_20220427_171801_1-768x363.jpg?v=1659443390 768w, https:\/\/gorzow.news\/wp-content\/uploads\/2022\/08\/IMG_20220427_171801_1-1536x727.jpg?v=1659443390 1536w, https:\/\/gorzow.news\/wp-content\/uploads\/2022\/08\/IMG_20220427_171801_1-696x329.jpg?v=1659443390 696w, https:\/\/gorzow.news\/wp-content\/uploads\/2022\/08\/IMG_20220427_171801_1-1068x505.jpg?v=1659443390 1068w, https:\/\/gorzow.news\/wp-content\/uploads\/2022\/08\/IMG_20220427_171801_1.jpg?v=1659443390 1600w\" sizes=\"auto, (max-width: 1024px) 100vw, 1024px\" \/><figcaption class=\"wp-element-caption\">Tak wygl\u0105da\u0142 budynek na dzia\u0142ce przy rogu ul. Przemys\u0142owej i Targowej w kwietniu 2022 roku.<\/figcaption><\/figure>\n\n\n\n<p>\u2013 Dzia\u0142ka gruntu o powierzchni 909 mkw. zosta\u0142a wydzier\u017cawiona sp\u00f3\u0142ce GOREM Property Sp. z o.o. z przeznaczeniem na roboty budowlane zwi\u0105zane z budow\u0105 parkingu. Zgodnie z zawart\u0105 umow\u0105 dzier\u017cawy \u2013 parking powinien zosta\u0107 wybudowany do 30 kwietnia 2023 roku \u2013 m\u00f3wi\u0142a nam w styczniu ubieg\u0142ego roku <strong>Stanis\u0142awa Sztuka<\/strong>, dyrektor Wydzia\u0142u Gospodarki Nieruchomo\u015bciami i Maj\u0105tku.<\/p>\n\n\n\n<p>Prace przy budowie parkingu ruszy\u0142y jednak dopiero w styczniu 2024 roku i w\u0142a\u015bnie zosta\u0142y uko\u0144czone. Nowe miejsca parkingowe maj\u0105 zosta\u0107 w najbli\u017cszym czasie udost\u0119pnione.<\/p>\n\n\n\r\n                <style type=\"text\/css\">\r\n                    \r\n                    #tdi_1  .td-doubleSlider-2 .td-item1 {\r\n                        background: url(https:\/\/gorzow.news\/wp-content\/uploads\/2024\/02\/IMG_20240214_103321078.jpg?v=1708090718) 0 0 no-repeat;\r\n                    }\r\n                    #tdi_1  .td-doubleSlider-2 .td-item2 {\r\n                        background: url(https:\/\/gorzow.news\/wp-content\/uploads\/2024\/02\/IMG_20240214_103314165_HDR.jpg?v=1708090715) 0 0 no-repeat;\r\n                    }\r\n                    #tdi_1  .td-doubleSlider-2 .td-item3 {\r\n                        background: url(https:\/\/gorzow.news\/wp-content\/uploads\/2024\/02\/IMG_20240214_103159291_HDR.jpg?v=1708090709) 0 0 no-repeat;\r\n                    }\r\n                    #tdi_1  .td-doubleSlider-2 .td-item4 {\r\n                        background: url(https:\/\/gorzow.news\/wp-content\/uploads\/2024\/02\/IMG_20240214_103129097.jpg?v=1708090702) 0 0 no-repeat;\r\n                    }\r\n                    #tdi_1  .td-doubleSlider-2 .td-item5 {\r\n                        background: url(https:\/\/gorzow.news\/wp-content\/uploads\/2024\/02\/IMG_20240214_103029328_HDR.jpg?v=1708090699) 0 0 no-repeat;\r\n                    }\r\n                <\/style>\r\n\r\n                <div id=\"tdi_1\" class=\"td-gallery td-slide-on-2-columns\">\r\n                    <div class=\"post_td_gallery\">\r\n                        <div class=\"td-gallery-slide-top\">\r\n                           <div class=\"td-gallery-title\"><\/div>\r\n\r\n                            <div class=\"td-gallery-controls-wrapper\">\r\n                                <div class=\"td-gallery-slide-count\"><span class=\"td-gallery-slide-item-focus\">1<\/span> z 5<\/div>\r\n                                <div class=\"td-gallery-slide-prev-next-but\">\r\n                                    <i class = \"td-icon-left doubleSliderPrevButton\"><\/i>\r\n                                    <i class = \"td-icon-right doubleSliderNextButton\"><\/i>\r\n                                <\/div>\r\n                            <\/div>\r\n                        <\/div>\r\n\r\n                        <div class = \"td-doubleSlider-1 \">\r\n                            <div class = \"td-slider\">\r\n                                \r\n                    <div class = \"td-slide-item td-item1\">\r\n                        <figure class=\"td-slide-galery-figure td-slide-popup-gallery\">\r\n                            <a class=\"slide-gallery-image-link\" href=\"https:\/\/gorzow.news\/wp-content\/uploads\/2024\/02\/IMG_20240214_103321078.jpg?v=1708090718\" title=\"\"  data-caption=\"\"  data-description=\"\">\r\n                                <img decoding=\"async\" src=\"https:\/\/gorzow.news\/wp-content\/uploads\/2024\/02\/IMG_20240214_103321078.jpg?v=1708090718\" srcset=\"https:\/\/gorzow.news\/wp-content\/uploads\/2024\/02\/IMG_20240214_103321078.jpg?v=1708090718 1600w, https:\/\/gorzow.news\/wp-content\/uploads\/2024\/02\/IMG_20240214_103321078-300x169.jpg?v=1708090718 300w, https:\/\/gorzow.news\/wp-content\/uploads\/2024\/02\/IMG_20240214_103321078-1024x576.jpg?v=1708090718 1024w, https:\/\/gorzow.news\/wp-content\/uploads\/2024\/02\/IMG_20240214_103321078-768x432.jpg?v=1708090718 768w, https:\/\/gorzow.news\/wp-content\/uploads\/2024\/02\/IMG_20240214_103321078-1536x864.jpg?v=1708090718 1536w, https:\/\/gorzow.news\/wp-content\/uploads\/2024\/02\/IMG_20240214_103321078-696x392.jpg?v=1708090718 696w, https:\/\/gorzow.news\/wp-content\/uploads\/2024\/02\/IMG_20240214_103321078-1068x601.jpg?v=1708090718 1068w\" sizes=\"(max-width: 1600px) 100vw, 1600px\" alt=\"\">\r\n                            <\/a>\r\n                            \r\n                        <\/figure>\r\n                    <\/div>\r\n                    <div class = \"td-slide-item td-item2\">\r\n                        <figure class=\"td-slide-galery-figure td-slide-popup-gallery\">\r\n                            <a class=\"slide-gallery-image-link\" href=\"https:\/\/gorzow.news\/wp-content\/uploads\/2024\/02\/IMG_20240214_103314165_HDR.jpg?v=1708090715\" title=\"\"  data-caption=\"\"  data-description=\"\">\r\n                                <img decoding=\"async\" src=\"https:\/\/gorzow.news\/wp-content\/uploads\/2024\/02\/IMG_20240214_103314165_HDR.jpg?v=1708090715\" srcset=\"https:\/\/gorzow.news\/wp-content\/uploads\/2024\/02\/IMG_20240214_103314165_HDR.jpg?v=1708090715 1600w, https:\/\/gorzow.news\/wp-content\/uploads\/2024\/02\/IMG_20240214_103314165_HDR-300x169.jpg?v=1708090715 300w, https:\/\/gorzow.news\/wp-content\/uploads\/2024\/02\/IMG_20240214_103314165_HDR-1024x576.jpg?v=1708090715 1024w, https:\/\/gorzow.news\/wp-content\/uploads\/2024\/02\/IMG_20240214_103314165_HDR-768x432.jpg?v=1708090715 768w, https:\/\/gorzow.news\/wp-content\/uploads\/2024\/02\/IMG_20240214_103314165_HDR-1536x864.jpg?v=1708090715 1536w, https:\/\/gorzow.news\/wp-content\/uploads\/2024\/02\/IMG_20240214_103314165_HDR-696x392.jpg?v=1708090715 696w, https:\/\/gorzow.news\/wp-content\/uploads\/2024\/02\/IMG_20240214_103314165_HDR-1068x601.jpg?v=1708090715 1068w\" sizes=\"(max-width: 1600px) 100vw, 1600px\" alt=\"\">\r\n                            <\/a>\r\n                            \r\n                        <\/figure>\r\n                    <\/div>\r\n                    <div class = \"td-slide-item td-item3\">\r\n                        <figure class=\"td-slide-galery-figure td-slide-popup-gallery\">\r\n                            <a class=\"slide-gallery-image-link\" href=\"https:\/\/gorzow.news\/wp-content\/uploads\/2024\/02\/IMG_20240214_103159291_HDR.jpg?v=1708090709\" title=\"\"  data-caption=\"\"  data-description=\"\">\r\n                                <img decoding=\"async\" src=\"https:\/\/gorzow.news\/wp-content\/uploads\/2024\/02\/IMG_20240214_103159291_HDR.jpg?v=1708090709\" srcset=\"https:\/\/gorzow.news\/wp-content\/uploads\/2024\/02\/IMG_20240214_103159291_HDR.jpg?v=1708090709 1600w, https:\/\/gorzow.news\/wp-content\/uploads\/2024\/02\/IMG_20240214_103159291_HDR-300x169.jpg?v=1708090709 300w, https:\/\/gorzow.news\/wp-content\/uploads\/2024\/02\/IMG_20240214_103159291_HDR-1024x576.jpg?v=1708090709 1024w, https:\/\/gorzow.news\/wp-content\/uploads\/2024\/02\/IMG_20240214_103159291_HDR-768x432.jpg?v=1708090709 768w, https:\/\/gorzow.news\/wp-content\/uploads\/2024\/02\/IMG_20240214_103159291_HDR-1536x864.jpg?v=1708090709 1536w, https:\/\/gorzow.news\/wp-content\/uploads\/2024\/02\/IMG_20240214_103159291_HDR-696x392.jpg?v=1708090709 696w, https:\/\/gorzow.news\/wp-content\/uploads\/2024\/02\/IMG_20240214_103159291_HDR-1068x601.jpg?v=1708090709 1068w\" sizes=\"(max-width: 1600px) 100vw, 1600px\" alt=\"\">\r\n                            <\/a>\r\n                            \r\n                        <\/figure>\r\n                    <\/div>\r\n                    <div class = \"td-slide-item td-item4\">\r\n                        <figure class=\"td-slide-galery-figure td-slide-popup-gallery\">\r\n                            <a class=\"slide-gallery-image-link\" href=\"https:\/\/gorzow.news\/wp-content\/uploads\/2024\/02\/IMG_20240214_103129097.jpg?v=1708090702\" title=\"\"  data-caption=\"\"  data-description=\"\">\r\n                                <img decoding=\"async\" src=\"https:\/\/gorzow.news\/wp-content\/uploads\/2024\/02\/IMG_20240214_103129097.jpg?v=1708090702\" srcset=\"https:\/\/gorzow.news\/wp-content\/uploads\/2024\/02\/IMG_20240214_103129097.jpg?v=1708090702 1600w, https:\/\/gorzow.news\/wp-content\/uploads\/2024\/02\/IMG_20240214_103129097-300x169.jpg?v=1708090702 300w, https:\/\/gorzow.news\/wp-content\/uploads\/2024\/02\/IMG_20240214_103129097-1024x576.jpg?v=1708090702 1024w, https:\/\/gorzow.news\/wp-content\/uploads\/2024\/02\/IMG_20240214_103129097-768x432.jpg?v=1708090702 768w, https:\/\/gorzow.news\/wp-content\/uploads\/2024\/02\/IMG_20240214_103129097-1536x864.jpg?v=1708090702 1536w, https:\/\/gorzow.news\/wp-content\/uploads\/2024\/02\/IMG_20240214_103129097-696x392.jpg?v=1708090702 696w, https:\/\/gorzow.news\/wp-content\/uploads\/2024\/02\/IMG_20240214_103129097-1068x601.jpg?v=1708090702 1068w\" sizes=\"(max-width: 1600px) 100vw, 1600px\" alt=\"\">\r\n                            <\/a>\r\n                            \r\n                        <\/figure>\r\n                    <\/div>\r\n                    <div class = \"td-slide-item td-item5\">\r\n                        <figure class=\"td-slide-galery-figure td-slide-popup-gallery\">\r\n                            <a class=\"slide-gallery-image-link\" href=\"https:\/\/gorzow.news\/wp-content\/uploads\/2024\/02\/IMG_20240214_103029328_HDR.jpg?v=1708090699\" title=\"\"  data-caption=\"\"  data-description=\"\">\r\n                                <img decoding=\"async\" src=\"https:\/\/gorzow.news\/wp-content\/uploads\/2024\/02\/IMG_20240214_103029328_HDR.jpg?v=1708090699\" srcset=\"https:\/\/gorzow.news\/wp-content\/uploads\/2024\/02\/IMG_20240214_103029328_HDR.jpg?v=1708090699 1600w, https:\/\/gorzow.news\/wp-content\/uploads\/2024\/02\/IMG_20240214_103029328_HDR-300x169.jpg?v=1708090699 300w, https:\/\/gorzow.news\/wp-content\/uploads\/2024\/02\/IMG_20240214_103029328_HDR-1024x576.jpg?v=1708090699 1024w, https:\/\/gorzow.news\/wp-content\/uploads\/2024\/02\/IMG_20240214_103029328_HDR-768x432.jpg?v=1708090699 768w, https:\/\/gorzow.news\/wp-content\/uploads\/2024\/02\/IMG_20240214_103029328_HDR-1536x864.jpg?v=1708090699 1536w, https:\/\/gorzow.news\/wp-content\/uploads\/2024\/02\/IMG_20240214_103029328_HDR-696x392.jpg?v=1708090699 696w, https:\/\/gorzow.news\/wp-content\/uploads\/2024\/02\/IMG_20240214_103029328_HDR-1068x601.jpg?v=1708090699 1068w\" sizes=\"(max-width: 1600px) 100vw, 1600px\" alt=\"\">\r\n                            <\/a>\r\n                            \r\n                        <\/figure>\r\n                    <\/div>\r\n                            <\/div>\r\n                        <\/div>\r\n\r\n                        <div class = \"td-doubleSlider-2\">\r\n                            <div class = \"td-slider\">\r\n                                \r\n                    <div class = \"td-button td-item1\">\r\n                        <div class = \"td-border\"><\/div>\r\n                    <\/div>\r\n                    <div class = \"td-button td-item2\">\r\n                        <div class = \"td-border\"><\/div>\r\n                    <\/div>\r\n                    <div class = \"td-button td-item3\">\r\n                        <div class = \"td-border\"><\/div>\r\n                    <\/div>\r\n                    <div class = \"td-button td-item4\">\r\n                        <div class = \"td-border\"><\/div>\r\n                    <\/div>\r\n                    <div class = \"td-button td-item5\">\r\n                        <div class = \"td-border\"><\/div>\r\n                    <\/div>\r\n                            <\/div>\r\n                        <\/div>\r\n\r\n                    <\/div>\r\n\r\n                <\/div>\r\n                ","protected":false},"excerpt":{"rendered":"<p>Parking u zbiegu ul. Przemys\u0142owej i Targowej zosta\u0142 w ostatnim tygodniu wybudowany w miejscu po rozebranym budynku biurowym wraz z portierni\u0105. Dodatkowe miejsca parkingowe mia\u0142y by\u0107 gotowe ju\u017c w kwietniu ubieg\u0142ego roku. Inwestycja jednak dopiero w ostatnich dniach zosta\u0142a uko\u0144czona i ju\u017c niebawem z nowych miejsc parkingowych b\u0119d\u0105 mogli korzysta\u0107 klienci targowiska i pasa\u017cu Targowa7. [&hellip;]<\/p>\n","protected":false},"author":1,"featured_media":19469,"comment_status":"open","ping_status":"open","sticky":false,"template":"","format":"standard","meta":{"footnotes":"","_links_to":"","_links_to_target":""},"categories":[594,589,2007],"tags":[823,682,949,223,203,887],"class_list":{"0":"post-19460","1":"post","2":"type-post","3":"status-publish","4":"format-standard","5":"has-post-thumbnail","7":"category-info-ulice","8":"category-wiadomosci","9":"category-zamoscie","10":"tag-gorem","11":"tag-miejsca-parkingowe","12":"tag-przemyslowa","13":"tag-stanislawa-sztuka","14":"tag-targowa","15":"tag-targowa-7"},"yoast_head":"<!-- This site is optimized with the Yoast SEO plugin v27.3 - https:\/\/yoast.com\/product\/yoast-seo-wordpress\/ -->\n<title>Wybudowano dodatkowe miejsca parkingowe dla klient\u00f3w pasa\u017cu handlowego i targowiska (zdj\u0119cia) - Gorz\u00f3w News<\/title>\n<meta name=\"robots\" content=\"index, follow, max-snippet:-1, max-image-preview:large, max-video-preview:-1\" \/>\n<link rel=\"canonical\" href=\"https:\/\/gorzow.news\/index.php\/2024\/02\/16\/z-rocznym-opoznieniem-wybudowano-dodatkowe-miejsca-parkingowe-dla-klientow-pasazu-handlowego-i-targowiska-zdjecia\/\" \/>\n<meta property=\"og:locale\" content=\"pl_PL\" \/>\n<meta property=\"og:type\" content=\"article\" \/>\n<meta property=\"og:title\" content=\"Wybudowano dodatkowe miejsca parkingowe dla klient\u00f3w pasa\u017cu handlowego i targowiska (zdj\u0119cia) - Gorz\u00f3w News\" \/>\n<meta property=\"og:description\" content=\"Parking u zbiegu ul. Przemys\u0142owej i Targowej zosta\u0142 w ostatnim tygodniu wybudowany w miejscu po rozebranym budynku biurowym wraz z portierni\u0105. Doda\" \/>\n<meta property=\"og:url\" content=\"https:\/\/gorzow.news\/index.php\/2024\/02\/16\/z-rocznym-opoznieniem-wybudowano-dodatkowe-miejsca-parkingowe-dla-klientow-pasazu-handlowego-i-targowiska-zdjecia\/\" \/>\n<meta property=\"og:site_name\" content=\"Gorz\u00f3w News\" \/>\n<meta property=\"article:publisher\" content=\"https:\/\/www.facebook.com\/gorzowskinews\" \/>\n<meta property=\"article:published_time\" content=\"2024-02-16T13:42:15+00:00\" \/>\n<meta property=\"article:modified_time\" content=\"2024-02-16T13:43:12+00:00\" \/>\n<meta property=\"og:image\" content=\"https:\/\/gorzow.news\/wp-content\/uploads\/2024\/02\/IMG_20240214_103219319-1.jpg\" \/>\n\t<meta property=\"og:image:width\" content=\"1600\" \/>\n\t<meta property=\"og:image:height\" content=\"720\" \/>\n\t<meta property=\"og:image:type\" content=\"image\/jpeg\" \/>\n<meta name=\"author\" content=\"maciej\" \/>\n<meta name=\"twitter:card\" content=\"summary_large_image\" \/>\n<meta name=\"twitter:label1\" content=\"Napisane przez\" \/>\n\t<meta name=\"twitter:data1\" content=\"maciej\" \/>\n\t<meta name=\"twitter:label2\" content=\"Szacowany czas czytania\" \/>\n\t<meta name=\"twitter:data2\" content=\"1 minuta\" \/>\n<script type=\"application\/ld+json\" class=\"yoast-schema-graph\">{\"@context\":\"https:\\\/\\\/schema.org\",\"@graph\":[{\"@type\":\"Article\",\"@id\":\"https:\\\/\\\/gorzow.news\\\/index.php\\\/2024\\\/02\\\/16\\\/z-rocznym-opoznieniem-wybudowano-dodatkowe-miejsca-parkingowe-dla-klientow-pasazu-handlowego-i-targowiska-zdjecia\\\/#article\",\"isPartOf\":{\"@id\":\"https:\\\/\\\/gorzow.news\\\/index.php\\\/2024\\\/02\\\/16\\\/z-rocznym-opoznieniem-wybudowano-dodatkowe-miejsca-parkingowe-dla-klientow-pasazu-handlowego-i-targowiska-zdjecia\\\/\"},\"author\":{\"name\":\"maciej\",\"@id\":\"https:\\\/\\\/gorzow.news\\\/#\\\/schema\\\/person\\\/a1e5ab43166369f2ce236a1cd90995bb\"},\"headline\":\"Wybudowano dodatkowe miejsca parkingowe dla klient\u00f3w pasa\u017cu handlowego i targowiska (zdj\u0119cia)\",\"datePublished\":\"2024-02-16T13:42:15+00:00\",\"dateModified\":\"2024-02-16T13:43:12+00:00\",\"mainEntityOfPage\":{\"@id\":\"https:\\\/\\\/gorzow.news\\\/index.php\\\/2024\\\/02\\\/16\\\/z-rocznym-opoznieniem-wybudowano-dodatkowe-miejsca-parkingowe-dla-klientow-pasazu-handlowego-i-targowiska-zdjecia\\\/\"},\"wordCount\":275,\"commentCount\":1,\"image\":{\"@id\":\"https:\\\/\\\/gorzow.news\\\/index.php\\\/2024\\\/02\\\/16\\\/z-rocznym-opoznieniem-wybudowano-dodatkowe-miejsca-parkingowe-dla-klientow-pasazu-handlowego-i-targowiska-zdjecia\\\/#primaryimage\"},\"thumbnailUrl\":\"https:\\\/\\\/gorzow.news\\\/wp-content\\\/uploads\\\/2024\\\/02\\\/IMG_20240214_103219319-1.jpg\",\"keywords\":[\"GOREM\",\"miejsca parkingowe\",\"Przemys\u0142owa\",\"Stanis\u0142awa Sztuka\",\"Targowa\",\"Targowa 7\"],\"articleSection\":[\"INFOulice\",\"Wiadomo\u015bci\",\"Zamo\u015bcie\"],\"inLanguage\":\"pl-PL\",\"potentialAction\":[{\"@type\":\"CommentAction\",\"name\":\"Comment\",\"target\":[\"https:\\\/\\\/gorzow.news\\\/index.php\\\/2024\\\/02\\\/16\\\/z-rocznym-opoznieniem-wybudowano-dodatkowe-miejsca-parkingowe-dla-klientow-pasazu-handlowego-i-targowiska-zdjecia\\\/#respond\"]}]},{\"@type\":\"WebPage\",\"@id\":\"https:\\\/\\\/gorzow.news\\\/index.php\\\/2024\\\/02\\\/16\\\/z-rocznym-opoznieniem-wybudowano-dodatkowe-miejsca-parkingowe-dla-klientow-pasazu-handlowego-i-targowiska-zdjecia\\\/\",\"url\":\"https:\\\/\\\/gorzow.news\\\/index.php\\\/2024\\\/02\\\/16\\\/z-rocznym-opoznieniem-wybudowano-dodatkowe-miejsca-parkingowe-dla-klientow-pasazu-handlowego-i-targowiska-zdjecia\\\/\",\"name\":\"Wybudowano dodatkowe miejsca parkingowe dla klient\u00f3w pasa\u017cu handlowego i targowiska (zdj\u0119cia) - Gorz\u00f3w News\",\"isPartOf\":{\"@id\":\"https:\\\/\\\/gorzow.news\\\/#website\"},\"primaryImageOfPage\":{\"@id\":\"https:\\\/\\\/gorzow.news\\\/index.php\\\/2024\\\/02\\\/16\\\/z-rocznym-opoznieniem-wybudowano-dodatkowe-miejsca-parkingowe-dla-klientow-pasazu-handlowego-i-targowiska-zdjecia\\\/#primaryimage\"},\"image\":{\"@id\":\"https:\\\/\\\/gorzow.news\\\/index.php\\\/2024\\\/02\\\/16\\\/z-rocznym-opoznieniem-wybudowano-dodatkowe-miejsca-parkingowe-dla-klientow-pasazu-handlowego-i-targowiska-zdjecia\\\/#primaryimage\"},\"thumbnailUrl\":\"https:\\\/\\\/gorzow.news\\\/wp-content\\\/uploads\\\/2024\\\/02\\\/IMG_20240214_103219319-1.jpg\",\"datePublished\":\"2024-02-16T13:42:15+00:00\",\"dateModified\":\"2024-02-16T13:43:12+00:00\",\"author\":{\"@id\":\"https:\\\/\\\/gorzow.news\\\/#\\\/schema\\\/person\\\/a1e5ab43166369f2ce236a1cd90995bb\"},\"breadcrumb\":{\"@id\":\"https:\\\/\\\/gorzow.news\\\/index.php\\\/2024\\\/02\\\/16\\\/z-rocznym-opoznieniem-wybudowano-dodatkowe-miejsca-parkingowe-dla-klientow-pasazu-handlowego-i-targowiska-zdjecia\\\/#breadcrumb\"},\"inLanguage\":\"pl-PL\",\"potentialAction\":[{\"@type\":\"ReadAction\",\"target\":[\"https:\\\/\\\/gorzow.news\\\/index.php\\\/2024\\\/02\\\/16\\\/z-rocznym-opoznieniem-wybudowano-dodatkowe-miejsca-parkingowe-dla-klientow-pasazu-handlowego-i-targowiska-zdjecia\\\/\"]}]},{\"@type\":\"ImageObject\",\"inLanguage\":\"pl-PL\",\"@id\":\"https:\\\/\\\/gorzow.news\\\/index.php\\\/2024\\\/02\\\/16\\\/z-rocznym-opoznieniem-wybudowano-dodatkowe-miejsca-parkingowe-dla-klientow-pasazu-handlowego-i-targowiska-zdjecia\\\/#primaryimage\",\"url\":\"https:\\\/\\\/gorzow.news\\\/wp-content\\\/uploads\\\/2024\\\/02\\\/IMG_20240214_103219319-1.jpg\",\"contentUrl\":\"https:\\\/\\\/gorzow.news\\\/wp-content\\\/uploads\\\/2024\\\/02\\\/IMG_20240214_103219319-1.jpg\",\"width\":1600,\"height\":720,\"caption\":\"Nowe miejsca postojowe na dzia\u0142ce u zbiegu ul. Przemys\u0142owej i Targowej.\"},{\"@type\":\"BreadcrumbList\",\"@id\":\"https:\\\/\\\/gorzow.news\\\/index.php\\\/2024\\\/02\\\/16\\\/z-rocznym-opoznieniem-wybudowano-dodatkowe-miejsca-parkingowe-dla-klientow-pasazu-handlowego-i-targowiska-zdjecia\\\/#breadcrumb\",\"itemListElement\":[{\"@type\":\"ListItem\",\"position\":1,\"name\":\"Home\",\"item\":\"https:\\\/\\\/gorzow.news\\\/\"},{\"@type\":\"ListItem\",\"position\":2,\"name\":\"Wybudowano dodatkowe miejsca parkingowe dla klient\u00f3w pasa\u017cu handlowego i targowiska (zdj\u0119cia)\"}]},{\"@type\":\"WebSite\",\"@id\":\"https:\\\/\\\/gorzow.news\\\/#website\",\"url\":\"https:\\\/\\\/gorzow.news\\\/\",\"name\":\"Gorz\u00f3w News\",\"description\":\"Sp\u00f3jrz inaczej na miato i region...\",\"potentialAction\":[{\"@type\":\"SearchAction\",\"target\":{\"@type\":\"EntryPoint\",\"urlTemplate\":\"https:\\\/\\\/gorzow.news\\\/?s={search_term_string}\"},\"query-input\":{\"@type\":\"PropertyValueSpecification\",\"valueRequired\":true,\"valueName\":\"search_term_string\"}}],\"inLanguage\":\"pl-PL\"},{\"@type\":\"Person\",\"@id\":\"https:\\\/\\\/gorzow.news\\\/#\\\/schema\\\/person\\\/a1e5ab43166369f2ce236a1cd90995bb\",\"name\":\"maciej\",\"image\":{\"@type\":\"ImageObject\",\"inLanguage\":\"pl-PL\",\"@id\":\"https:\\\/\\\/secure.gravatar.com\\\/avatar\\\/530a674d56ba60cfa0ef21d74e8e8d123a51bb7aa6580465b5c2ab2c2e980a19?s=96&r=g&d=https:\\\/\\\/gorzow.news\\\/wp-content\\\/plugins\\\/userswp\\\/assets\\\/images\\\/no_profile.png\",\"url\":\"https:\\\/\\\/secure.gravatar.com\\\/avatar\\\/530a674d56ba60cfa0ef21d74e8e8d123a51bb7aa6580465b5c2ab2c2e980a19?s=96&r=g&d=https:\\\/\\\/gorzow.news\\\/wp-content\\\/plugins\\\/userswp\\\/assets\\\/images\\\/no_profile.png\",\"contentUrl\":\"https:\\\/\\\/secure.gravatar.com\\\/avatar\\\/530a674d56ba60cfa0ef21d74e8e8d123a51bb7aa6580465b5c2ab2c2e980a19?s=96&r=g&d=https:\\\/\\\/gorzow.news\\\/wp-content\\\/plugins\\\/userswp\\\/assets\\\/images\\\/no_profile.png\",\"caption\":\"maciej\"},\"url\":\"https:\\\/\\\/gorzow.news\\\/index.php\\\/profile\\\/maciej\\\/\"}]}<\/script>\n<!-- \/ Yoast SEO plugin. -->","yoast_head_json":{"title":"Wybudowano dodatkowe miejsca parkingowe dla klient\u00f3w pasa\u017cu handlowego i targowiska (zdj\u0119cia) - Gorz\u00f3w News","robots":{"index":"index","follow":"follow","max-snippet":"max-snippet:-1","max-image-preview":"max-image-preview:large","max-video-preview":"max-video-preview:-1"},"canonical":"https:\/\/gorzow.news\/index.php\/2024\/02\/16\/z-rocznym-opoznieniem-wybudowano-dodatkowe-miejsca-parkingowe-dla-klientow-pasazu-handlowego-i-targowiska-zdjecia\/","og_locale":"pl_PL","og_type":"article","og_title":"Wybudowano dodatkowe miejsca parkingowe dla klient\u00f3w pasa\u017cu handlowego i targowiska (zdj\u0119cia) - Gorz\u00f3w News","og_description":"Parking u zbiegu ul. Przemys\u0142owej i Targowej zosta\u0142 w ostatnim tygodniu wybudowany w miejscu po rozebranym budynku biurowym wraz z portierni\u0105. Doda","og_url":"https:\/\/gorzow.news\/index.php\/2024\/02\/16\/z-rocznym-opoznieniem-wybudowano-dodatkowe-miejsca-parkingowe-dla-klientow-pasazu-handlowego-i-targowiska-zdjecia\/","og_site_name":"Gorz\u00f3w News","article_publisher":"https:\/\/www.facebook.com\/gorzowskinews","article_published_time":"2024-02-16T13:42:15+00:00","article_modified_time":"2024-02-16T13:43:12+00:00","og_image":[{"width":1600,"height":720,"url":"https:\/\/gorzow.news\/wp-content\/uploads\/2024\/02\/IMG_20240214_103219319-1.jpg","type":"image\/jpeg"}],"author":"maciej","twitter_card":"summary_large_image","twitter_misc":{"Napisane przez":"maciej","Szacowany czas czytania":"1 minuta"},"schema":{"@context":"https:\/\/schema.org","@graph":[{"@type":"Article","@id":"https:\/\/gorzow.news\/index.php\/2024\/02\/16\/z-rocznym-opoznieniem-wybudowano-dodatkowe-miejsca-parkingowe-dla-klientow-pasazu-handlowego-i-targowiska-zdjecia\/#article","isPartOf":{"@id":"https:\/\/gorzow.news\/index.php\/2024\/02\/16\/z-rocznym-opoznieniem-wybudowano-dodatkowe-miejsca-parkingowe-dla-klientow-pasazu-handlowego-i-targowiska-zdjecia\/"},"author":{"name":"maciej","@id":"https:\/\/gorzow.news\/#\/schema\/person\/a1e5ab43166369f2ce236a1cd90995bb"},"headline":"Wybudowano dodatkowe miejsca parkingowe dla klient\u00f3w pasa\u017cu handlowego i targowiska (zdj\u0119cia)","datePublished":"2024-02-16T13:42:15+00:00","dateModified":"2024-02-16T13:43:12+00:00","mainEntityOfPage":{"@id":"https:\/\/gorzow.news\/index.php\/2024\/02\/16\/z-rocznym-opoznieniem-wybudowano-dodatkowe-miejsca-parkingowe-dla-klientow-pasazu-handlowego-i-targowiska-zdjecia\/"},"wordCount":275,"commentCount":1,"image":{"@id":"https:\/\/gorzow.news\/index.php\/2024\/02\/16\/z-rocznym-opoznieniem-wybudowano-dodatkowe-miejsca-parkingowe-dla-klientow-pasazu-handlowego-i-targowiska-zdjecia\/#primaryimage"},"thumbnailUrl":"https:\/\/gorzow.news\/wp-content\/uploads\/2024\/02\/IMG_20240214_103219319-1.jpg","keywords":["GOREM","miejsca parkingowe","Przemys\u0142owa","Stanis\u0142awa Sztuka","Targowa","Targowa 7"],"articleSection":["INFOulice","Wiadomo\u015bci","Zamo\u015bcie"],"inLanguage":"pl-PL","potentialAction":[{"@type":"CommentAction","name":"Comment","target":["https:\/\/gorzow.news\/index.php\/2024\/02\/16\/z-rocznym-opoznieniem-wybudowano-dodatkowe-miejsca-parkingowe-dla-klientow-pasazu-handlowego-i-targowiska-zdjecia\/#respond"]}]},{"@type":"WebPage","@id":"https:\/\/gorzow.news\/index.php\/2024\/02\/16\/z-rocznym-opoznieniem-wybudowano-dodatkowe-miejsca-parkingowe-dla-klientow-pasazu-handlowego-i-targowiska-zdjecia\/","url":"https:\/\/gorzow.news\/index.php\/2024\/02\/16\/z-rocznym-opoznieniem-wybudowano-dodatkowe-miejsca-parkingowe-dla-klientow-pasazu-handlowego-i-targowiska-zdjecia\/","name":"Wybudowano dodatkowe miejsca parkingowe dla klient\u00f3w pasa\u017cu handlowego i targowiska (zdj\u0119cia) - Gorz\u00f3w News","isPartOf":{"@id":"https:\/\/gorzow.news\/#website"},"primaryImageOfPage":{"@id":"https:\/\/gorzow.news\/index.php\/2024\/02\/16\/z-rocznym-opoznieniem-wybudowano-dodatkowe-miejsca-parkingowe-dla-klientow-pasazu-handlowego-i-targowiska-zdjecia\/#primaryimage"},"image":{"@id":"https:\/\/gorzow.news\/index.php\/2024\/02\/16\/z-rocznym-opoznieniem-wybudowano-dodatkowe-miejsca-parkingowe-dla-klientow-pasazu-handlowego-i-targowiska-zdjecia\/#primaryimage"},"thumbnailUrl":"https:\/\/gorzow.news\/wp-content\/uploads\/2024\/02\/IMG_20240214_103219319-1.jpg","datePublished":"2024-02-16T13:42:15+00:00","dateModified":"2024-02-16T13:43:12+00:00","author":{"@id":"https:\/\/gorzow.news\/#\/schema\/person\/a1e5ab43166369f2ce236a1cd90995bb"},"breadcrumb":{"@id":"https:\/\/gorzow.news\/index.php\/2024\/02\/16\/z-rocznym-opoznieniem-wybudowano-dodatkowe-miejsca-parkingowe-dla-klientow-pasazu-handlowego-i-targowiska-zdjecia\/#breadcrumb"},"inLanguage":"pl-PL","potentialAction":[{"@type":"ReadAction","target":["https:\/\/gorzow.news\/index.php\/2024\/02\/16\/z-rocznym-opoznieniem-wybudowano-dodatkowe-miejsca-parkingowe-dla-klientow-pasazu-handlowego-i-targowiska-zdjecia\/"]}]},{"@type":"ImageObject","inLanguage":"pl-PL","@id":"https:\/\/gorzow.news\/index.php\/2024\/02\/16\/z-rocznym-opoznieniem-wybudowano-dodatkowe-miejsca-parkingowe-dla-klientow-pasazu-handlowego-i-targowiska-zdjecia\/#primaryimage","url":"https:\/\/gorzow.news\/wp-content\/uploads\/2024\/02\/IMG_20240214_103219319-1.jpg","contentUrl":"https:\/\/gorzow.news\/wp-content\/uploads\/2024\/02\/IMG_20240214_103219319-1.jpg","width":1600,"height":720,"caption":"Nowe miejsca postojowe na dzia\u0142ce u zbiegu ul. Przemys\u0142owej i Targowej."},{"@type":"BreadcrumbList","@id":"https:\/\/gorzow.news\/index.php\/2024\/02\/16\/z-rocznym-opoznieniem-wybudowano-dodatkowe-miejsca-parkingowe-dla-klientow-pasazu-handlowego-i-targowiska-zdjecia\/#breadcrumb","itemListElement":[{"@type":"ListItem","position":1,"name":"Home","item":"https:\/\/gorzow.news\/"},{"@type":"ListItem","position":2,"name":"Wybudowano dodatkowe miejsca parkingowe dla klient\u00f3w pasa\u017cu handlowego i targowiska (zdj\u0119cia)"}]},{"@type":"WebSite","@id":"https:\/\/gorzow.news\/#website","url":"https:\/\/gorzow.news\/","name":"Gorz\u00f3w News","description":"Sp\u00f3jrz inaczej na miato i region...","potentialAction":[{"@type":"SearchAction","target":{"@type":"EntryPoint","urlTemplate":"https:\/\/gorzow.news\/?s={search_term_string}"},"query-input":{"@type":"PropertyValueSpecification","valueRequired":true,"valueName":"search_term_string"}}],"inLanguage":"pl-PL"},{"@type":"Person","@id":"https:\/\/gorzow.news\/#\/schema\/person\/a1e5ab43166369f2ce236a1cd90995bb","name":"maciej","image":{"@type":"ImageObject","inLanguage":"pl-PL","@id":"https:\/\/secure.gravatar.com\/avatar\/530a674d56ba60cfa0ef21d74e8e8d123a51bb7aa6580465b5c2ab2c2e980a19?s=96&r=g&d=https:\/\/gorzow.news\/wp-content\/plugins\/userswp\/assets\/images\/no_profile.png","url":"https:\/\/secure.gravatar.com\/avatar\/530a674d56ba60cfa0ef21d74e8e8d123a51bb7aa6580465b5c2ab2c2e980a19?s=96&r=g&d=https:\/\/gorzow.news\/wp-content\/plugins\/userswp\/assets\/images\/no_profile.png","contentUrl":"https:\/\/secure.gravatar.com\/avatar\/530a674d56ba60cfa0ef21d74e8e8d123a51bb7aa6580465b5c2ab2c2e980a19?s=96&r=g&d=https:\/\/gorzow.news\/wp-content\/plugins\/userswp\/assets\/images\/no_profile.png","caption":"maciej"},"url":"https:\/\/gorzow.news\/index.php\/profile\/maciej\/"}]}},"_links":{"self":[{"href":"https:\/\/gorzow.news\/index.php\/wp-json\/wp\/v2\/posts\/19460","targetHints":{"allow":["GET"]}}],"collection":[{"href":"https:\/\/gorzow.news\/index.php\/wp-json\/wp\/v2\/posts"}],"about":[{"href":"https:\/\/gorzow.news\/index.php\/wp-json\/wp\/v2\/types\/post"}],"author":[{"embeddable":true,"href":"https:\/\/gorzow.news\/index.php\/wp-json\/wp\/v2\/users\/1"}],"replies":[{"embeddable":true,"href":"https:\/\/gorzow.news\/index.php\/wp-json\/wp\/v2\/comments?post=19460"}],"version-history":[{"count":2,"href":"https:\/\/gorzow.news\/index.php\/wp-json\/wp\/v2\/posts\/19460\/revisions"}],"predecessor-version":[{"id":19471,"href":"https:\/\/gorzow.news\/index.php\/wp-json\/wp\/v2\/posts\/19460\/revisions\/19471"}],"wp:featuredmedia":[{"embeddable":true,"href":"https:\/\/gorzow.news\/index.php\/wp-json\/wp\/v2\/media\/19469"}],"wp:attachment":[{"href":"https:\/\/gorzow.news\/index.php\/wp-json\/wp\/v2\/media?parent=19460"}],"wp:term":[{"taxonomy":"category","embeddable":true,"href":"https:\/\/gorzow.news\/index.php\/wp-json\/wp\/v2\/categories?post=19460"},{"taxonomy":"post_tag","embeddable":true,"href":"https:\/\/gorzow.news\/index.php\/wp-json\/wp\/v2\/tags?post=19460"}],"curies":[{"name":"wp","href":"https:\/\/api.w.org\/{rel}","templated":true}]}}