{"id":19360,"date":"2024-02-14T08:00:00","date_gmt":"2024-02-14T07:00:00","guid":{"rendered":"https:\/\/gorzow.news\/?p=19360"},"modified":"2024-02-14T09:57:47","modified_gmt":"2024-02-14T08:57:47","slug":"latwiej-dojedziemy-komunikacja-zbiorowa-w-calym-powiecie-jest-pomysl-i-pierwsze-rozmowy","status":"publish","type":"post","link":"https:\/\/gorzow.news\/index.php\/2024\/02\/14\/latwiej-dojedziemy-komunikacja-zbiorowa-w-calym-powiecie-jest-pomysl-i-pierwsze-rozmowy\/","title":{"rendered":"\u0141atwiej dojedziemy komunikacj\u0105 zbiorow\u0105 w ca\u0142ym powiecie? Jest pomys\u0142 i pierwsze rozmowy!"},"content":{"rendered":"\n<p><strong>Powstaje pomys\u0142 na now\u0105 organizacj\u0119 transportu dla Gorzowa i powiatu gorzowskiego. W tej sprawie spotka\u0142y si\u0119 w\u0142adze starostwa i miasta.<\/strong><\/p>\n\n\n\n<p>We wtorek (13 lutego) w Starostwie Powiatowym w Gorzowie starosta gorzowski <strong>Agnieszka Chudziak<\/strong> i wicestarosta <strong>Magdalena Nowak<\/strong> spotka\u0142y si\u0119 z <strong>Iwon\u0105 Olek<\/strong>, zast\u0119pc\u0105 prezydenta Gorzowa oraz <strong>Fabianem Rogal\u0105<\/strong>, zast\u0119pc\u0105 dyrektora wydzia\u0142u gospodarki komunalnej i transportu publicznego. Rozmawiano o inicjatywie utworzenia Zwi\u0105zku Powiatowo-Gminnego, kt\u00f3rego zadaniem by\u0142aby organizacja transportu publicznego na terenie powiatu gorzowskiego.<\/p>\n\n\n\n<p>Aktualnie samorz\u0105dy gminne z tzw. \u201eobwarzanka\u201d gorzowskiego organizuj\u0105 komunikacj\u0119 zbiorow\u0105 we w\u0142asnym zakresie, jedynie mieszka\u0144cy gminy Deszczno w pe\u0142nym zakresie korzystaj\u0105 z us\u0142ug \u015bwiadczonych przez gorzowski MZK. Przyczyn\u0105 jest, przede wszystkim to, \u017ce gminy korzystaj\u0105 z dotacji do przewoz\u00f3w autobusowych, z rz\u0105dowego Funduszu Rozwoju Przewoz\u00f3w Autobusowych. Te obowi\u0105zuj\u0105ce regulacje prawne uniemo\u017cliwiaj\u0105 pozyskanie dotacji do przewoz\u00f3w, je\u015bli organizowane s\u0105 w ramach komunikacji miejskiej.<\/p>\n\n\n\n<p>&#8211; Zwi\u0105zek Powiatowo-Gminny ma zdecydowanie wi\u0119ksze mo\u017cliwo\u015bci wp\u0142ywu na rozw\u00f3j komunikacji zbiorowej na terenie powiatu i mo\u017ce rozwi\u0105za\u0107 istniej\u0105ce ograniczenia. Poprawa oferty powinna te\u017c przyci\u0105gn\u0105\u0107 pasa\u017cer\u00f3w i zmieni\u0107 nawyki komunikacyjne mieszka\u0144c\u00f3w \u2013 powiedzia\u0142a starosta Chudziak.<\/p>\n\n\n\n<p>&#8211; Aby poprawi\u0107 ofert\u0119 dla mieszka\u0144c\u00f3w, opr\u00f3cz si\u0119gni\u0119cia po wspomnian\u0105 dotacj\u0119 z FRPA, potrzebne s\u0105 te\u017c inne przedsi\u0119wzi\u0119cia. Kluczowe zadania to wprowadzenie jednolitych i skoordynowanych rozk\u0142ad\u00f3w jazdy, jednolity system informacji pasa\u017cerskiej oraz finalnie integracja biletowa oraz uzgodnienie r\u00f3\u017cnych form zni\u017cek w celu promowania komunikacji zbiorowej &#8211; powiedzia\u0142a wiceprezydent Olek.<\/p>\n\n\n\n<p>&#8211; Zada\u0144 tych nie da si\u0119 zrealizowa\u0107 bez udzia\u0142u Gorzowa w strukturach Zwi\u0105zku, st\u0105d dzisiejsze spotkanie, kt\u00f3re przynios\u0142o deklaracje wsp\u00f3\u0142dzia\u0142ania we wspomnianym zakresie \u2013 stwierdzi\u0142 dyrektor Rogala.<\/p>\n","protected":false},"excerpt":{"rendered":"<p>Powstaje pomys\u0142 na now\u0105 organizacj\u0119 transportu dla Gorzowa i powiatu gorzowskiego. W tej sprawie spotka\u0142y si\u0119 w\u0142adze starostwa i miasta. We wtorek (13 lutego) w Starostwie Powiatowym w Gorzowie starosta gorzowski Agnieszka Chudziak i wicestarosta Magdalena Nowak spotka\u0142y si\u0119 z Iwon\u0105 Olek, zast\u0119pc\u0105 prezydenta Gorzowa oraz Fabianem Rogal\u0105, zast\u0119pc\u0105 dyrektora wydzia\u0142u gospodarki komunalnej i transportu [&hellip;]<\/p>\n","protected":false},"author":1,"featured_media":19361,"comment_status":"open","ping_status":"open","sticky":false,"template":"","format":"standard","meta":{"footnotes":"","_links_to":"","_links_to_target":""},"categories":[597,589],"tags":[2663,2664,816,2665,1176,1133],"class_list":{"0":"post-19360","1":"post","2":"type-post","3":"status-publish","4":"format-standard","5":"has-post-thumbnail","7":"category-fakty-opinie","8":"category-wiadomosci","9":"tag-agnieszka-chudziak","10":"tag-fabian-rogala","12":"tag-komunikacja-zbiorowa","13":"tag-magdalena-nowak","14":"tag-starostwo-powiatowe"},"yoast_head":"<!-- This site is optimized with the Yoast SEO plugin v27.3 - https:\/\/yoast.com\/product\/yoast-seo-wordpress\/ -->\n<title>\u0141atwiej dojedziemy komunikacj\u0105 zbiorow\u0105 w ca\u0142ym powiecie? Jest pomys\u0142 i pierwsze rozmowy! - Gorz\u00f3w News<\/title>\n<meta name=\"description\" content=\"Powstaje pomys\u0142 na now\u0105 organizacj\u0119 transportu dla Gorzowa i powiatu gorzowskiego. W tej sprawie spotka\u0142y si\u0119 w\u0142adze starostwa i miasta.\" \/>\n<meta name=\"robots\" content=\"index, follow, max-snippet:-1, max-image-preview:large, max-video-preview:-1\" \/>\n<link rel=\"canonical\" href=\"https:\/\/gorzow.news\/index.php\/2024\/02\/14\/latwiej-dojedziemy-komunikacja-zbiorowa-w-calym-powiecie-jest-pomysl-i-pierwsze-rozmowy\/\" \/>\n<meta property=\"og:locale\" content=\"pl_PL\" \/>\n<meta property=\"og:type\" content=\"article\" \/>\n<meta property=\"og:title\" content=\"\u0141atwiej dojedziemy komunikacj\u0105 zbiorow\u0105 w ca\u0142ym powiecie? Jest pomys\u0142 i pierwsze rozmowy! - Gorz\u00f3w News\" \/>\n<meta property=\"og:description\" content=\"Powstaje pomys\u0142 na now\u0105 organizacj\u0119 transportu dla Gorzowa i powiatu gorzowskiego. W tej sprawie spotka\u0142y si\u0119 w\u0142adze starostwa i miasta.\" \/>\n<meta property=\"og:url\" content=\"https:\/\/gorzow.news\/index.php\/2024\/02\/14\/latwiej-dojedziemy-komunikacja-zbiorowa-w-calym-powiecie-jest-pomysl-i-pierwsze-rozmowy\/\" \/>\n<meta property=\"og:site_name\" content=\"Gorz\u00f3w News\" \/>\n<meta property=\"article:publisher\" content=\"https:\/\/www.facebook.com\/gorzowskinews\" \/>\n<meta property=\"article:published_time\" content=\"2024-02-14T07:00:00+00:00\" \/>\n<meta property=\"article:modified_time\" content=\"2024-02-14T08:57:47+00:00\" \/>\n<meta property=\"og:image\" content=\"https:\/\/gorzow.news\/wp-content\/uploads\/2024\/02\/cropped-akt-fotob-5496.jpg\" \/>\n\t<meta property=\"og:image:width\" content=\"1192\" \/>\n\t<meta property=\"og:image:height\" content=\"563\" \/>\n\t<meta property=\"og:image:type\" content=\"image\/jpeg\" \/>\n<meta name=\"author\" content=\"maciej\" \/>\n<meta name=\"twitter:card\" content=\"summary_large_image\" \/>\n<meta name=\"twitter:label1\" content=\"Napisane przez\" \/>\n\t<meta name=\"twitter:data1\" content=\"maciej\" \/>\n\t<meta name=\"twitter:label2\" content=\"Szacowany czas czytania\" \/>\n\t<meta name=\"twitter:data2\" content=\"2 minuty\" \/>\n<script type=\"application\/ld+json\" class=\"yoast-schema-graph\">{\"@context\":\"https:\\\/\\\/schema.org\",\"@graph\":[{\"@type\":\"Article\",\"@id\":\"https:\\\/\\\/gorzow.news\\\/index.php\\\/2024\\\/02\\\/14\\\/latwiej-dojedziemy-komunikacja-zbiorowa-w-calym-powiecie-jest-pomysl-i-pierwsze-rozmowy\\\/#article\",\"isPartOf\":{\"@id\":\"https:\\\/\\\/gorzow.news\\\/index.php\\\/2024\\\/02\\\/14\\\/latwiej-dojedziemy-komunikacja-zbiorowa-w-calym-powiecie-jest-pomysl-i-pierwsze-rozmowy\\\/\"},\"author\":{\"name\":\"maciej\",\"@id\":\"https:\\\/\\\/gorzow.news\\\/#\\\/schema\\\/person\\\/a1e5ab43166369f2ce236a1cd90995bb\"},\"headline\":\"\u0141atwiej dojedziemy komunikacj\u0105 zbiorow\u0105 w ca\u0142ym powiecie? Jest pomys\u0142 i pierwsze rozmowy!\",\"datePublished\":\"2024-02-14T07:00:00+00:00\",\"dateModified\":\"2024-02-14T08:57:47+00:00\",\"mainEntityOfPage\":{\"@id\":\"https:\\\/\\\/gorzow.news\\\/index.php\\\/2024\\\/02\\\/14\\\/latwiej-dojedziemy-komunikacja-zbiorowa-w-calym-powiecie-jest-pomysl-i-pierwsze-rozmowy\\\/\"},\"wordCount\":312,\"commentCount\":0,\"image\":{\"@id\":\"https:\\\/\\\/gorzow.news\\\/index.php\\\/2024\\\/02\\\/14\\\/latwiej-dojedziemy-komunikacja-zbiorowa-w-calym-powiecie-jest-pomysl-i-pierwsze-rozmowy\\\/#primaryimage\"},\"thumbnailUrl\":\"https:\\\/\\\/gorzow.news\\\/wp-content\\\/uploads\\\/2024\\\/02\\\/cropped-akt-fotob-5496.jpg\",\"keywords\":[\"Agnieszka Chudziak\",\"Fabian Rogala\",\"Iwona Olek\",\"komunikacja zbiorowa\",\"Magdalena Nowak\",\"Starostwo Powiatowe\"],\"articleSection\":[\"Fakty i opinie\",\"Wiadomo\u015bci\"],\"inLanguage\":\"pl-PL\",\"potentialAction\":[{\"@type\":\"CommentAction\",\"name\":\"Comment\",\"target\":[\"https:\\\/\\\/gorzow.news\\\/index.php\\\/2024\\\/02\\\/14\\\/latwiej-dojedziemy-komunikacja-zbiorowa-w-calym-powiecie-jest-pomysl-i-pierwsze-rozmowy\\\/#respond\"]}]},{\"@type\":\"WebPage\",\"@id\":\"https:\\\/\\\/gorzow.news\\\/index.php\\\/2024\\\/02\\\/14\\\/latwiej-dojedziemy-komunikacja-zbiorowa-w-calym-powiecie-jest-pomysl-i-pierwsze-rozmowy\\\/\",\"url\":\"https:\\\/\\\/gorzow.news\\\/index.php\\\/2024\\\/02\\\/14\\\/latwiej-dojedziemy-komunikacja-zbiorowa-w-calym-powiecie-jest-pomysl-i-pierwsze-rozmowy\\\/\",\"name\":\"\u0141atwiej dojedziemy komunikacj\u0105 zbiorow\u0105 w ca\u0142ym powiecie? Jest pomys\u0142 i pierwsze rozmowy! - Gorz\u00f3w News\",\"isPartOf\":{\"@id\":\"https:\\\/\\\/gorzow.news\\\/#website\"},\"primaryImageOfPage\":{\"@id\":\"https:\\\/\\\/gorzow.news\\\/index.php\\\/2024\\\/02\\\/14\\\/latwiej-dojedziemy-komunikacja-zbiorowa-w-calym-powiecie-jest-pomysl-i-pierwsze-rozmowy\\\/#primaryimage\"},\"image\":{\"@id\":\"https:\\\/\\\/gorzow.news\\\/index.php\\\/2024\\\/02\\\/14\\\/latwiej-dojedziemy-komunikacja-zbiorowa-w-calym-powiecie-jest-pomysl-i-pierwsze-rozmowy\\\/#primaryimage\"},\"thumbnailUrl\":\"https:\\\/\\\/gorzow.news\\\/wp-content\\\/uploads\\\/2024\\\/02\\\/cropped-akt-fotob-5496.jpg\",\"datePublished\":\"2024-02-14T07:00:00+00:00\",\"dateModified\":\"2024-02-14T08:57:47+00:00\",\"author\":{\"@id\":\"https:\\\/\\\/gorzow.news\\\/#\\\/schema\\\/person\\\/a1e5ab43166369f2ce236a1cd90995bb\"},\"description\":\"Powstaje pomys\u0142 na now\u0105 organizacj\u0119 transportu dla Gorzowa i powiatu gorzowskiego. W tej sprawie spotka\u0142y si\u0119 w\u0142adze starostwa i miasta.\",\"breadcrumb\":{\"@id\":\"https:\\\/\\\/gorzow.news\\\/index.php\\\/2024\\\/02\\\/14\\\/latwiej-dojedziemy-komunikacja-zbiorowa-w-calym-powiecie-jest-pomysl-i-pierwsze-rozmowy\\\/#breadcrumb\"},\"inLanguage\":\"pl-PL\",\"potentialAction\":[{\"@type\":\"ReadAction\",\"target\":[\"https:\\\/\\\/gorzow.news\\\/index.php\\\/2024\\\/02\\\/14\\\/latwiej-dojedziemy-komunikacja-zbiorowa-w-calym-powiecie-jest-pomysl-i-pierwsze-rozmowy\\\/\"]}]},{\"@type\":\"ImageObject\",\"inLanguage\":\"pl-PL\",\"@id\":\"https:\\\/\\\/gorzow.news\\\/index.php\\\/2024\\\/02\\\/14\\\/latwiej-dojedziemy-komunikacja-zbiorowa-w-calym-powiecie-jest-pomysl-i-pierwsze-rozmowy\\\/#primaryimage\",\"url\":\"https:\\\/\\\/gorzow.news\\\/wp-content\\\/uploads\\\/2024\\\/02\\\/cropped-akt-fotob-5496.jpg\",\"contentUrl\":\"https:\\\/\\\/gorzow.news\\\/wp-content\\\/uploads\\\/2024\\\/02\\\/cropped-akt-fotob-5496.jpg\",\"width\":1192,\"height\":563,\"caption\":\"fot. Starostwo Powiatowe w Gorzowie\"},{\"@type\":\"BreadcrumbList\",\"@id\":\"https:\\\/\\\/gorzow.news\\\/index.php\\\/2024\\\/02\\\/14\\\/latwiej-dojedziemy-komunikacja-zbiorowa-w-calym-powiecie-jest-pomysl-i-pierwsze-rozmowy\\\/#breadcrumb\",\"itemListElement\":[{\"@type\":\"ListItem\",\"position\":1,\"name\":\"Home\",\"item\":\"https:\\\/\\\/gorzow.news\\\/\"},{\"@type\":\"ListItem\",\"position\":2,\"name\":\"\u0141atwiej dojedziemy komunikacj\u0105 zbiorow\u0105 w ca\u0142ym powiecie? Jest pomys\u0142 i pierwsze rozmowy!\"}]},{\"@type\":\"WebSite\",\"@id\":\"https:\\\/\\\/gorzow.news\\\/#website\",\"url\":\"https:\\\/\\\/gorzow.news\\\/\",\"name\":\"Gorz\u00f3w News\",\"description\":\"Sp\u00f3jrz inaczej na miato i region...\",\"potentialAction\":[{\"@type\":\"SearchAction\",\"target\":{\"@type\":\"EntryPoint\",\"urlTemplate\":\"https:\\\/\\\/gorzow.news\\\/?s={search_term_string}\"},\"query-input\":{\"@type\":\"PropertyValueSpecification\",\"valueRequired\":true,\"valueName\":\"search_term_string\"}}],\"inLanguage\":\"pl-PL\"},{\"@type\":\"Person\",\"@id\":\"https:\\\/\\\/gorzow.news\\\/#\\\/schema\\\/person\\\/a1e5ab43166369f2ce236a1cd90995bb\",\"name\":\"maciej\",\"image\":{\"@type\":\"ImageObject\",\"inLanguage\":\"pl-PL\",\"@id\":\"https:\\\/\\\/secure.gravatar.com\\\/avatar\\\/530a674d56ba60cfa0ef21d74e8e8d123a51bb7aa6580465b5c2ab2c2e980a19?s=96&r=g&d=https:\\\/\\\/gorzow.news\\\/wp-content\\\/plugins\\\/userswp\\\/assets\\\/images\\\/no_profile.png\",\"url\":\"https:\\\/\\\/secure.gravatar.com\\\/avatar\\\/530a674d56ba60cfa0ef21d74e8e8d123a51bb7aa6580465b5c2ab2c2e980a19?s=96&r=g&d=https:\\\/\\\/gorzow.news\\\/wp-content\\\/plugins\\\/userswp\\\/assets\\\/images\\\/no_profile.png\",\"contentUrl\":\"https:\\\/\\\/secure.gravatar.com\\\/avatar\\\/530a674d56ba60cfa0ef21d74e8e8d123a51bb7aa6580465b5c2ab2c2e980a19?s=96&r=g&d=https:\\\/\\\/gorzow.news\\\/wp-content\\\/plugins\\\/userswp\\\/assets\\\/images\\\/no_profile.png\",\"caption\":\"maciej\"},\"url\":\"https:\\\/\\\/gorzow.news\\\/index.php\\\/profile\\\/maciej\\\/\"}]}<\/script>\n<!-- \/ Yoast SEO plugin. -->","yoast_head_json":{"title":"\u0141atwiej dojedziemy komunikacj\u0105 zbiorow\u0105 w ca\u0142ym powiecie? Jest pomys\u0142 i pierwsze rozmowy! - Gorz\u00f3w News","description":"Powstaje pomys\u0142 na now\u0105 organizacj\u0119 transportu dla Gorzowa i powiatu gorzowskiego. W tej sprawie spotka\u0142y si\u0119 w\u0142adze starostwa i miasta.","robots":{"index":"index","follow":"follow","max-snippet":"max-snippet:-1","max-image-preview":"max-image-preview:large","max-video-preview":"max-video-preview:-1"},"canonical":"https:\/\/gorzow.news\/index.php\/2024\/02\/14\/latwiej-dojedziemy-komunikacja-zbiorowa-w-calym-powiecie-jest-pomysl-i-pierwsze-rozmowy\/","og_locale":"pl_PL","og_type":"article","og_title":"\u0141atwiej dojedziemy komunikacj\u0105 zbiorow\u0105 w ca\u0142ym powiecie? Jest pomys\u0142 i pierwsze rozmowy! - Gorz\u00f3w News","og_description":"Powstaje pomys\u0142 na now\u0105 organizacj\u0119 transportu dla Gorzowa i powiatu gorzowskiego. W tej sprawie spotka\u0142y si\u0119 w\u0142adze starostwa i miasta.","og_url":"https:\/\/gorzow.news\/index.php\/2024\/02\/14\/latwiej-dojedziemy-komunikacja-zbiorowa-w-calym-powiecie-jest-pomysl-i-pierwsze-rozmowy\/","og_site_name":"Gorz\u00f3w News","article_publisher":"https:\/\/www.facebook.com\/gorzowskinews","article_published_time":"2024-02-14T07:00:00+00:00","article_modified_time":"2024-02-14T08:57:47+00:00","og_image":[{"width":1192,"height":563,"url":"https:\/\/gorzow.news\/wp-content\/uploads\/2024\/02\/cropped-akt-fotob-5496.jpg","type":"image\/jpeg"}],"author":"maciej","twitter_card":"summary_large_image","twitter_misc":{"Napisane przez":"maciej","Szacowany czas czytania":"2 minuty"},"schema":{"@context":"https:\/\/schema.org","@graph":[{"@type":"Article","@id":"https:\/\/gorzow.news\/index.php\/2024\/02\/14\/latwiej-dojedziemy-komunikacja-zbiorowa-w-calym-powiecie-jest-pomysl-i-pierwsze-rozmowy\/#article","isPartOf":{"@id":"https:\/\/gorzow.news\/index.php\/2024\/02\/14\/latwiej-dojedziemy-komunikacja-zbiorowa-w-calym-powiecie-jest-pomysl-i-pierwsze-rozmowy\/"},"author":{"name":"maciej","@id":"https:\/\/gorzow.news\/#\/schema\/person\/a1e5ab43166369f2ce236a1cd90995bb"},"headline":"\u0141atwiej dojedziemy komunikacj\u0105 zbiorow\u0105 w ca\u0142ym powiecie? Jest pomys\u0142 i pierwsze rozmowy!","datePublished":"2024-02-14T07:00:00+00:00","dateModified":"2024-02-14T08:57:47+00:00","mainEntityOfPage":{"@id":"https:\/\/gorzow.news\/index.php\/2024\/02\/14\/latwiej-dojedziemy-komunikacja-zbiorowa-w-calym-powiecie-jest-pomysl-i-pierwsze-rozmowy\/"},"wordCount":312,"commentCount":0,"image":{"@id":"https:\/\/gorzow.news\/index.php\/2024\/02\/14\/latwiej-dojedziemy-komunikacja-zbiorowa-w-calym-powiecie-jest-pomysl-i-pierwsze-rozmowy\/#primaryimage"},"thumbnailUrl":"https:\/\/gorzow.news\/wp-content\/uploads\/2024\/02\/cropped-akt-fotob-5496.jpg","keywords":["Agnieszka Chudziak","Fabian Rogala","Iwona Olek","komunikacja zbiorowa","Magdalena Nowak","Starostwo Powiatowe"],"articleSection":["Fakty i opinie","Wiadomo\u015bci"],"inLanguage":"pl-PL","potentialAction":[{"@type":"CommentAction","name":"Comment","target":["https:\/\/gorzow.news\/index.php\/2024\/02\/14\/latwiej-dojedziemy-komunikacja-zbiorowa-w-calym-powiecie-jest-pomysl-i-pierwsze-rozmowy\/#respond"]}]},{"@type":"WebPage","@id":"https:\/\/gorzow.news\/index.php\/2024\/02\/14\/latwiej-dojedziemy-komunikacja-zbiorowa-w-calym-powiecie-jest-pomysl-i-pierwsze-rozmowy\/","url":"https:\/\/gorzow.news\/index.php\/2024\/02\/14\/latwiej-dojedziemy-komunikacja-zbiorowa-w-calym-powiecie-jest-pomysl-i-pierwsze-rozmowy\/","name":"\u0141atwiej dojedziemy komunikacj\u0105 zbiorow\u0105 w ca\u0142ym powiecie? Jest pomys\u0142 i pierwsze rozmowy! - Gorz\u00f3w News","isPartOf":{"@id":"https:\/\/gorzow.news\/#website"},"primaryImageOfPage":{"@id":"https:\/\/gorzow.news\/index.php\/2024\/02\/14\/latwiej-dojedziemy-komunikacja-zbiorowa-w-calym-powiecie-jest-pomysl-i-pierwsze-rozmowy\/#primaryimage"},"image":{"@id":"https:\/\/gorzow.news\/index.php\/2024\/02\/14\/latwiej-dojedziemy-komunikacja-zbiorowa-w-calym-powiecie-jest-pomysl-i-pierwsze-rozmowy\/#primaryimage"},"thumbnailUrl":"https:\/\/gorzow.news\/wp-content\/uploads\/2024\/02\/cropped-akt-fotob-5496.jpg","datePublished":"2024-02-14T07:00:00+00:00","dateModified":"2024-02-14T08:57:47+00:00","author":{"@id":"https:\/\/gorzow.news\/#\/schema\/person\/a1e5ab43166369f2ce236a1cd90995bb"},"description":"Powstaje pomys\u0142 na now\u0105 organizacj\u0119 transportu dla Gorzowa i powiatu gorzowskiego. W tej sprawie spotka\u0142y si\u0119 w\u0142adze starostwa i miasta.","breadcrumb":{"@id":"https:\/\/gorzow.news\/index.php\/2024\/02\/14\/latwiej-dojedziemy-komunikacja-zbiorowa-w-calym-powiecie-jest-pomysl-i-pierwsze-rozmowy\/#breadcrumb"},"inLanguage":"pl-PL","potentialAction":[{"@type":"ReadAction","target":["https:\/\/gorzow.news\/index.php\/2024\/02\/14\/latwiej-dojedziemy-komunikacja-zbiorowa-w-calym-powiecie-jest-pomysl-i-pierwsze-rozmowy\/"]}]},{"@type":"ImageObject","inLanguage":"pl-PL","@id":"https:\/\/gorzow.news\/index.php\/2024\/02\/14\/latwiej-dojedziemy-komunikacja-zbiorowa-w-calym-powiecie-jest-pomysl-i-pierwsze-rozmowy\/#primaryimage","url":"https:\/\/gorzow.news\/wp-content\/uploads\/2024\/02\/cropped-akt-fotob-5496.jpg","contentUrl":"https:\/\/gorzow.news\/wp-content\/uploads\/2024\/02\/cropped-akt-fotob-5496.jpg","width":1192,"height":563,"caption":"fot. Starostwo Powiatowe w Gorzowie"},{"@type":"BreadcrumbList","@id":"https:\/\/gorzow.news\/index.php\/2024\/02\/14\/latwiej-dojedziemy-komunikacja-zbiorowa-w-calym-powiecie-jest-pomysl-i-pierwsze-rozmowy\/#breadcrumb","itemListElement":[{"@type":"ListItem","position":1,"name":"Home","item":"https:\/\/gorzow.news\/"},{"@type":"ListItem","position":2,"name":"\u0141atwiej dojedziemy komunikacj\u0105 zbiorow\u0105 w ca\u0142ym powiecie? Jest pomys\u0142 i pierwsze rozmowy!"}]},{"@type":"WebSite","@id":"https:\/\/gorzow.news\/#website","url":"https:\/\/gorzow.news\/","name":"Gorz\u00f3w News","description":"Sp\u00f3jrz inaczej na miato i region...","potentialAction":[{"@type":"SearchAction","target":{"@type":"EntryPoint","urlTemplate":"https:\/\/gorzow.news\/?s={search_term_string}"},"query-input":{"@type":"PropertyValueSpecification","valueRequired":true,"valueName":"search_term_string"}}],"inLanguage":"pl-PL"},{"@type":"Person","@id":"https:\/\/gorzow.news\/#\/schema\/person\/a1e5ab43166369f2ce236a1cd90995bb","name":"maciej","image":{"@type":"ImageObject","inLanguage":"pl-PL","@id":"https:\/\/secure.gravatar.com\/avatar\/530a674d56ba60cfa0ef21d74e8e8d123a51bb7aa6580465b5c2ab2c2e980a19?s=96&r=g&d=https:\/\/gorzow.news\/wp-content\/plugins\/userswp\/assets\/images\/no_profile.png","url":"https:\/\/secure.gravatar.com\/avatar\/530a674d56ba60cfa0ef21d74e8e8d123a51bb7aa6580465b5c2ab2c2e980a19?s=96&r=g&d=https:\/\/gorzow.news\/wp-content\/plugins\/userswp\/assets\/images\/no_profile.png","contentUrl":"https:\/\/secure.gravatar.com\/avatar\/530a674d56ba60cfa0ef21d74e8e8d123a51bb7aa6580465b5c2ab2c2e980a19?s=96&r=g&d=https:\/\/gorzow.news\/wp-content\/plugins\/userswp\/assets\/images\/no_profile.png","caption":"maciej"},"url":"https:\/\/gorzow.news\/index.php\/profile\/maciej\/"}]}},"_links":{"self":[{"href":"https:\/\/gorzow.news\/index.php\/wp-json\/wp\/v2\/posts\/19360","targetHints":{"allow":["GET"]}}],"collection":[{"href":"https:\/\/gorzow.news\/index.php\/wp-json\/wp\/v2\/posts"}],"about":[{"href":"https:\/\/gorzow.news\/index.php\/wp-json\/wp\/v2\/types\/post"}],"author":[{"embeddable":true,"href":"https:\/\/gorzow.news\/index.php\/wp-json\/wp\/v2\/users\/1"}],"replies":[{"embeddable":true,"href":"https:\/\/gorzow.news\/index.php\/wp-json\/wp\/v2\/comments?post=19360"}],"version-history":[{"count":1,"href":"https:\/\/gorzow.news\/index.php\/wp-json\/wp\/v2\/posts\/19360\/revisions"}],"predecessor-version":[{"id":19362,"href":"https:\/\/gorzow.news\/index.php\/wp-json\/wp\/v2\/posts\/19360\/revisions\/19362"}],"wp:featuredmedia":[{"embeddable":true,"href":"https:\/\/gorzow.news\/index.php\/wp-json\/wp\/v2\/media\/19361"}],"wp:attachment":[{"href":"https:\/\/gorzow.news\/index.php\/wp-json\/wp\/v2\/media?parent=19360"}],"wp:term":[{"taxonomy":"category","embeddable":true,"href":"https:\/\/gorzow.news\/index.php\/wp-json\/wp\/v2\/categories?post=19360"},{"taxonomy":"post_tag","embeddable":true,"href":"https:\/\/gorzow.news\/index.php\/wp-json\/wp\/v2\/tags?post=19360"}],"curies":[{"name":"wp","href":"https:\/\/api.w.org\/{rel}","templated":true}]}}