{"id":19353,"date":"2024-02-14T09:39:47","date_gmt":"2024-02-14T08:39:47","guid":{"rendered":"https:\/\/gorzow.news\/?p=19353"},"modified":"2024-03-08T09:14:43","modified_gmt":"2024-03-08T08:14:43","slug":"pumptrack-bedzie-gotowy-w-wakacje-jest-przetarg-i-jest-na-to-szansa","status":"publish","type":"post","link":"https:\/\/gorzow.news\/index.php\/2024\/02\/14\/pumptrack-bedzie-gotowy-w-wakacje-jest-przetarg-i-jest-na-to-szansa\/","title":{"rendered":"Pumptrack w parku 750-lecia b\u0119dzie gotowy w wakacje? Jest przetarg i jest na to szansa!"},"content":{"rendered":"\n<p><strong>Miejscy urz\u0119dnicy og\u0142osili przetarg i szukaj\u0105 wykonawcy budowy pumptracka wraz z o\u015bwietleniem w parku 750-lecia. Firmy na zg\u0142aszanie ofert maj\u0105 czas do 26 lutego. Je\u015bli przetarg uda si\u0119 rozstrzygn\u0105\u0107 i podpisa\u0107 umow\u0119 z wykonawc\u0105 w marcu tego roku, to miejsce rozrywki dla mi\u0142o\u015bnik\u00f3w jazdy na rolkach, wrotkach i rowerze powinno by\u0107 gotowe w te wakacje.<\/strong><\/p>\n\n\n\n<p>Inwestycja polega na budowie toru pumptracka wraz z o\u015bwietleniem w parku 750-lecia. Zakres prac obejmuje mi\u0119dzy innymi niwelacj\u0119 terenu, wykonanie podbudowy, wykonanie nasyp\u00f3w, formowanie przeszk\u00f3d ziemnych toru, u\u0142o\u017cenie nawierzchni asfaltowej, przywr\u00f3cenie terenu s\u0105siaduj\u0105cego z inwestycj\u0105 (humusowanie i obsiew trawy), monta\u017c element\u00f3w ma\u0142ej architektury i monta\u017c s\u0142up\u00f3w o\u015bwietleniowych wraz z przy\u0142\u0105czami.<\/p>\n\n\n\n<p><strong>Co w ramach ma\u0142ej architektury?<\/strong><\/p>\n\n\n\n<p>W ramach zadania przewidziano monta\u017c czterech \u0142awek miejskich bez oparcia, trzech \u0142awo-sto\u0142\u00f3w z siedziskami, czterech koszy na odpady zmieszane i dw\u00f3ch stojak\u00f3w rowerowych w kszta\u0142cie litery U. Wykonawca b\u0119dzie musia\u0142 r\u00f3wnie\u017c ustawi\u0107 altan\u0119 parkow\u0105 o wymiarach 4&#215;3 m oraz o wysoko\u015bci ca\u0142kowitej 2,45 m.<\/p>\n\n\n\n<p>Budowa realizowana jest w ramach bud\u017cetu obywatelskiego na rok 2022. Koszt zadania oszacowano w\u00f3wczas na 469 tys. 700 z\u0142.<\/p>\n\n\n\n<p>Urz\u0119dnicy na zg\u0142oszenia firm czekaj\u0105 do 26 lutego. Wykonawca na realizacj\u0119 zadania b\u0119dzie mia\u0142 119 dni od momentu podpisania umowy.<\/p>\n\n\n\n<figure class=\"wp-block-image size-large\"><img loading=\"lazy\" decoding=\"async\" width=\"1024\" height=\"448\" src=\"https:\/\/gorzow.news\/wp-content\/uploads\/2024\/02\/projekt_pumptrack1a-1024x448.jpg\" alt=\"\" class=\"wp-image-19357\" srcset=\"https:\/\/gorzow.news\/wp-content\/uploads\/2024\/02\/projekt_pumptrack1a-1024x448.jpg?v=1707899684 1024w, https:\/\/gorzow.news\/wp-content\/uploads\/2024\/02\/projekt_pumptrack1a-300x131.jpg?v=1707899684 300w, https:\/\/gorzow.news\/wp-content\/uploads\/2024\/02\/projekt_pumptrack1a-768x336.jpg?v=1707899684 768w, https:\/\/gorzow.news\/wp-content\/uploads\/2024\/02\/projekt_pumptrack1a-1536x671.jpg?v=1707899684 1536w, https:\/\/gorzow.news\/wp-content\/uploads\/2024\/02\/projekt_pumptrack1a-696x304.jpg?v=1707899684 696w, https:\/\/gorzow.news\/wp-content\/uploads\/2024\/02\/projekt_pumptrack1a-1068x467.jpg?v=1707899684 1068w, https:\/\/gorzow.news\/wp-content\/uploads\/2024\/02\/projekt_pumptrack1a.jpg?v=1707899684 1540w\" sizes=\"auto, (max-width: 1024px) 100vw, 1024px\" \/><figcaption class=\"wp-element-caption\">Rzut toru pumptrack.<\/figcaption><\/figure>\n\n\n\n<p><strong>Przeczytaj te\u017c:<\/strong><br>&#8211; <a href=\"https:\/\/gorzow.news\/index.php\/2024\/02\/01\/plac-dla-motocyklistow-ma-byc-gotowy-w-czerwcu-umowa-podpisana\/\">Plac dla motocyklist\u00f3w ma by\u0107 gotowy w czerwcu! Umowa podpisana!<\/a><br>&#8211; <a href=\"https:\/\/gorzow.news\/index.php\/2024\/01\/16\/przetarg-na-rozbudowe-skateparku-cudu-nie-bylo-miasto-musi-wreszcie-znalezc-wieksze-finansowanie\/\">Przetarg na rozbudow\u0119 skateparku: Cudu nie by\u0142o! Miasto musi wreszcie znale\u017a\u0107 wi\u0119ksze finansowanie!<\/a><br>&#8211; <a href=\"https:\/\/gorzow.news\/index.php\/2023\/11\/06\/projekt-dirt-parku-w-parku-zacisze-jest-juz-gotowy-jak-wyglada-projekt\/\">Projekt dirt parku w parku Zacisze jest ju\u017c gotowy! Jak wygl\u0105da? (projekt)<\/a><\/p>\n","protected":false},"excerpt":{"rendered":"<p>Miejscy urz\u0119dnicy og\u0142osili przetarg i szukaj\u0105 wykonawcy budowy pumptracka wraz z o\u015bwietleniem w parku 750-lecia. Firmy na zg\u0142aszanie ofert maj\u0105 czas do 26 lutego. Je\u015bli przetarg uda si\u0119 rozstrzygn\u0105\u0107 i podpisa\u0107 umow\u0119 z wykonawc\u0105 w marcu tego roku, to miejsce rozrywki dla mi\u0142o\u015bnik\u00f3w jazdy na rolkach, wrotkach i rowerze powinno by\u0107 gotowe w te wakacje. [&hellip;]<\/p>\n","protected":false},"author":1,"featured_media":19354,"comment_status":"open","ping_status":"open","sticky":false,"template":"","format":"standard","meta":{"footnotes":"","_links_to":"","_links_to_target":""},"categories":[2016,593,589],"tags":[347,2151,959,2372],"class_list":{"0":"post-19353","1":"post","2":"type-post","3":"status-publish","4":"format-standard","5":"has-post-thumbnail","7":"category-gorczyn","8":"category-inwestycje-miejskie","9":"category-wiadomosci","10":"tag-budzet-obywatelski","11":"tag-park-750-lecia","12":"tag-przetarg","13":"tag-pumptrack"},"yoast_head":"<!-- This site is optimized with the Yoast SEO plugin v27.3 - https:\/\/yoast.com\/product\/yoast-seo-wordpress\/ -->\n<title>Pumptrack w parku 750-lecia b\u0119dzie gotowy w wakacje? Jest przetarg i jest na to szansa! - Gorz\u00f3w News<\/title>\n<meta name=\"description\" content=\"Miejscy urz\u0119dnicy og\u0142osili przetarg i szukaj\u0105 wykonawcy budowy pumptracka wraz z o\u015bwietleniem w parku 750-lecia. Firmy na zg\u0142aszanie ofert maj\u0105\" \/>\n<meta name=\"robots\" content=\"index, follow, max-snippet:-1, max-image-preview:large, max-video-preview:-1\" \/>\n<link rel=\"canonical\" href=\"https:\/\/gorzow.news\/index.php\/2024\/02\/14\/pumptrack-bedzie-gotowy-w-wakacje-jest-przetarg-i-jest-na-to-szansa\/\" \/>\n<meta property=\"og:locale\" content=\"pl_PL\" \/>\n<meta property=\"og:type\" content=\"article\" \/>\n<meta property=\"og:title\" content=\"Pumptrack w parku 750-lecia b\u0119dzie gotowy w wakacje? Jest przetarg i jest na to szansa! - Gorz\u00f3w News\" \/>\n<meta property=\"og:description\" content=\"Miejscy urz\u0119dnicy og\u0142osili przetarg i szukaj\u0105 wykonawcy budowy pumptracka wraz z o\u015bwietleniem w parku 750-lecia. Firmy na zg\u0142aszanie ofert maj\u0105\" \/>\n<meta property=\"og:url\" content=\"https:\/\/gorzow.news\/index.php\/2024\/02\/14\/pumptrack-bedzie-gotowy-w-wakacje-jest-przetarg-i-jest-na-to-szansa\/\" \/>\n<meta property=\"og:site_name\" content=\"Gorz\u00f3w News\" \/>\n<meta property=\"article:publisher\" content=\"https:\/\/www.facebook.com\/gorzowskinews\" \/>\n<meta property=\"article:published_time\" content=\"2024-02-14T08:39:47+00:00\" \/>\n<meta property=\"article:modified_time\" content=\"2024-03-08T08:14:43+00:00\" \/>\n<meta property=\"og:image\" content=\"https:\/\/gorzow.news\/wp-content\/uploads\/2024\/02\/pumptrack_gl.jpg\" \/>\n\t<meta property=\"og:image:width\" content=\"1718\" \/>\n\t<meta property=\"og:image:height\" content=\"812\" \/>\n\t<meta property=\"og:image:type\" content=\"image\/jpeg\" \/>\n<meta name=\"author\" content=\"maciej\" \/>\n<meta name=\"twitter:card\" content=\"summary_large_image\" \/>\n<meta name=\"twitter:label1\" content=\"Napisane przez\" \/>\n\t<meta name=\"twitter:data1\" content=\"maciej\" \/>\n\t<meta name=\"twitter:label2\" content=\"Szacowany czas czytania\" \/>\n\t<meta name=\"twitter:data2\" content=\"2 minuty\" \/>\n<script type=\"application\/ld+json\" class=\"yoast-schema-graph\">{\"@context\":\"https:\\\/\\\/schema.org\",\"@graph\":[{\"@type\":\"Article\",\"@id\":\"https:\\\/\\\/gorzow.news\\\/index.php\\\/2024\\\/02\\\/14\\\/pumptrack-bedzie-gotowy-w-wakacje-jest-przetarg-i-jest-na-to-szansa\\\/#article\",\"isPartOf\":{\"@id\":\"https:\\\/\\\/gorzow.news\\\/index.php\\\/2024\\\/02\\\/14\\\/pumptrack-bedzie-gotowy-w-wakacje-jest-przetarg-i-jest-na-to-szansa\\\/\"},\"author\":{\"name\":\"maciej\",\"@id\":\"https:\\\/\\\/gorzow.news\\\/#\\\/schema\\\/person\\\/a1e5ab43166369f2ce236a1cd90995bb\"},\"headline\":\"Pumptrack w parku 750-lecia b\u0119dzie gotowy w wakacje? Jest przetarg i jest na to szansa!\",\"datePublished\":\"2024-02-14T08:39:47+00:00\",\"dateModified\":\"2024-03-08T08:14:43+00:00\",\"mainEntityOfPage\":{\"@id\":\"https:\\\/\\\/gorzow.news\\\/index.php\\\/2024\\\/02\\\/14\\\/pumptrack-bedzie-gotowy-w-wakacje-jest-przetarg-i-jest-na-to-szansa\\\/\"},\"wordCount\":286,\"commentCount\":0,\"image\":{\"@id\":\"https:\\\/\\\/gorzow.news\\\/index.php\\\/2024\\\/02\\\/14\\\/pumptrack-bedzie-gotowy-w-wakacje-jest-przetarg-i-jest-na-to-szansa\\\/#primaryimage\"},\"thumbnailUrl\":\"https:\\\/\\\/gorzow.news\\\/wp-content\\\/uploads\\\/2024\\\/02\\\/pumptrack_gl.jpg\",\"keywords\":[\"Bud\u017cet Obywatelski\",\"Park 750-lecia\",\"przetarg\",\"pumptrack\"],\"articleSection\":[\"G\u00f3rczyn\",\"Inwestycje miejskie\",\"Wiadomo\u015bci\"],\"inLanguage\":\"pl-PL\",\"potentialAction\":[{\"@type\":\"CommentAction\",\"name\":\"Comment\",\"target\":[\"https:\\\/\\\/gorzow.news\\\/index.php\\\/2024\\\/02\\\/14\\\/pumptrack-bedzie-gotowy-w-wakacje-jest-przetarg-i-jest-na-to-szansa\\\/#respond\"]}]},{\"@type\":\"WebPage\",\"@id\":\"https:\\\/\\\/gorzow.news\\\/index.php\\\/2024\\\/02\\\/14\\\/pumptrack-bedzie-gotowy-w-wakacje-jest-przetarg-i-jest-na-to-szansa\\\/\",\"url\":\"https:\\\/\\\/gorzow.news\\\/index.php\\\/2024\\\/02\\\/14\\\/pumptrack-bedzie-gotowy-w-wakacje-jest-przetarg-i-jest-na-to-szansa\\\/\",\"name\":\"Pumptrack w parku 750-lecia b\u0119dzie gotowy w wakacje? Jest przetarg i jest na to szansa! - Gorz\u00f3w News\",\"isPartOf\":{\"@id\":\"https:\\\/\\\/gorzow.news\\\/#website\"},\"primaryImageOfPage\":{\"@id\":\"https:\\\/\\\/gorzow.news\\\/index.php\\\/2024\\\/02\\\/14\\\/pumptrack-bedzie-gotowy-w-wakacje-jest-przetarg-i-jest-na-to-szansa\\\/#primaryimage\"},\"image\":{\"@id\":\"https:\\\/\\\/gorzow.news\\\/index.php\\\/2024\\\/02\\\/14\\\/pumptrack-bedzie-gotowy-w-wakacje-jest-przetarg-i-jest-na-to-szansa\\\/#primaryimage\"},\"thumbnailUrl\":\"https:\\\/\\\/gorzow.news\\\/wp-content\\\/uploads\\\/2024\\\/02\\\/pumptrack_gl.jpg\",\"datePublished\":\"2024-02-14T08:39:47+00:00\",\"dateModified\":\"2024-03-08T08:14:43+00:00\",\"author\":{\"@id\":\"https:\\\/\\\/gorzow.news\\\/#\\\/schema\\\/person\\\/a1e5ab43166369f2ce236a1cd90995bb\"},\"description\":\"Miejscy urz\u0119dnicy og\u0142osili przetarg i szukaj\u0105 wykonawcy budowy pumptracka wraz z o\u015bwietleniem w parku 750-lecia. Firmy na zg\u0142aszanie ofert maj\u0105 czas do 26 lutego. Je\u015bli przetarg uda si\u0119 rozstrzygn\u0105\u0107 i podpisa\u0107 umow\u0119 z wykonawc\u0105 w marcu tego roku, to miejsce rozrywki dla mi\u0142o\u015bnik\u00f3w jazdy na rolkach, wrotkach i rowerze powinno by\u0107 gotowe w te wakacje.\",\"breadcrumb\":{\"@id\":\"https:\\\/\\\/gorzow.news\\\/index.php\\\/2024\\\/02\\\/14\\\/pumptrack-bedzie-gotowy-w-wakacje-jest-przetarg-i-jest-na-to-szansa\\\/#breadcrumb\"},\"inLanguage\":\"pl-PL\",\"potentialAction\":[{\"@type\":\"ReadAction\",\"target\":[\"https:\\\/\\\/gorzow.news\\\/index.php\\\/2024\\\/02\\\/14\\\/pumptrack-bedzie-gotowy-w-wakacje-jest-przetarg-i-jest-na-to-szansa\\\/\"]}]},{\"@type\":\"ImageObject\",\"inLanguage\":\"pl-PL\",\"@id\":\"https:\\\/\\\/gorzow.news\\\/index.php\\\/2024\\\/02\\\/14\\\/pumptrack-bedzie-gotowy-w-wakacje-jest-przetarg-i-jest-na-to-szansa\\\/#primaryimage\",\"url\":\"https:\\\/\\\/gorzow.news\\\/wp-content\\\/uploads\\\/2024\\\/02\\\/pumptrack_gl.jpg\",\"contentUrl\":\"https:\\\/\\\/gorzow.news\\\/wp-content\\\/uploads\\\/2024\\\/02\\\/pumptrack_gl.jpg\",\"width\":1718,\"height\":812,\"caption\":\"Pumptrack w parku 750-lecia mo\u017ce by\u0107 gotowy jeszcze w te wakacje.\"},{\"@type\":\"BreadcrumbList\",\"@id\":\"https:\\\/\\\/gorzow.news\\\/index.php\\\/2024\\\/02\\\/14\\\/pumptrack-bedzie-gotowy-w-wakacje-jest-przetarg-i-jest-na-to-szansa\\\/#breadcrumb\",\"itemListElement\":[{\"@type\":\"ListItem\",\"position\":1,\"name\":\"Home\",\"item\":\"https:\\\/\\\/gorzow.news\\\/\"},{\"@type\":\"ListItem\",\"position\":2,\"name\":\"Pumptrack w parku 750-lecia b\u0119dzie gotowy w wakacje? Jest przetarg i jest na to szansa!\"}]},{\"@type\":\"WebSite\",\"@id\":\"https:\\\/\\\/gorzow.news\\\/#website\",\"url\":\"https:\\\/\\\/gorzow.news\\\/\",\"name\":\"Gorz\u00f3w News\",\"description\":\"Sp\u00f3jrz inaczej na miato i region...\",\"potentialAction\":[{\"@type\":\"SearchAction\",\"target\":{\"@type\":\"EntryPoint\",\"urlTemplate\":\"https:\\\/\\\/gorzow.news\\\/?s={search_term_string}\"},\"query-input\":{\"@type\":\"PropertyValueSpecification\",\"valueRequired\":true,\"valueName\":\"search_term_string\"}}],\"inLanguage\":\"pl-PL\"},{\"@type\":\"Person\",\"@id\":\"https:\\\/\\\/gorzow.news\\\/#\\\/schema\\\/person\\\/a1e5ab43166369f2ce236a1cd90995bb\",\"name\":\"maciej\",\"image\":{\"@type\":\"ImageObject\",\"inLanguage\":\"pl-PL\",\"@id\":\"https:\\\/\\\/secure.gravatar.com\\\/avatar\\\/530a674d56ba60cfa0ef21d74e8e8d123a51bb7aa6580465b5c2ab2c2e980a19?s=96&r=g&d=https:\\\/\\\/gorzow.news\\\/wp-content\\\/plugins\\\/userswp\\\/assets\\\/images\\\/no_profile.png\",\"url\":\"https:\\\/\\\/secure.gravatar.com\\\/avatar\\\/530a674d56ba60cfa0ef21d74e8e8d123a51bb7aa6580465b5c2ab2c2e980a19?s=96&r=g&d=https:\\\/\\\/gorzow.news\\\/wp-content\\\/plugins\\\/userswp\\\/assets\\\/images\\\/no_profile.png\",\"contentUrl\":\"https:\\\/\\\/secure.gravatar.com\\\/avatar\\\/530a674d56ba60cfa0ef21d74e8e8d123a51bb7aa6580465b5c2ab2c2e980a19?s=96&r=g&d=https:\\\/\\\/gorzow.news\\\/wp-content\\\/plugins\\\/userswp\\\/assets\\\/images\\\/no_profile.png\",\"caption\":\"maciej\"},\"url\":\"https:\\\/\\\/gorzow.news\\\/index.php\\\/profile\\\/maciej\\\/\"}]}<\/script>\n<!-- \/ Yoast SEO plugin. -->","yoast_head_json":{"title":"Pumptrack w parku 750-lecia b\u0119dzie gotowy w wakacje? Jest przetarg i jest na to szansa! - Gorz\u00f3w News","description":"Miejscy urz\u0119dnicy og\u0142osili przetarg i szukaj\u0105 wykonawcy budowy pumptracka wraz z o\u015bwietleniem w parku 750-lecia. Firmy na zg\u0142aszanie ofert maj\u0105","robots":{"index":"index","follow":"follow","max-snippet":"max-snippet:-1","max-image-preview":"max-image-preview:large","max-video-preview":"max-video-preview:-1"},"canonical":"https:\/\/gorzow.news\/index.php\/2024\/02\/14\/pumptrack-bedzie-gotowy-w-wakacje-jest-przetarg-i-jest-na-to-szansa\/","og_locale":"pl_PL","og_type":"article","og_title":"Pumptrack w parku 750-lecia b\u0119dzie gotowy w wakacje? Jest przetarg i jest na to szansa! - Gorz\u00f3w News","og_description":"Miejscy urz\u0119dnicy og\u0142osili przetarg i szukaj\u0105 wykonawcy budowy pumptracka wraz z o\u015bwietleniem w parku 750-lecia. Firmy na zg\u0142aszanie ofert maj\u0105","og_url":"https:\/\/gorzow.news\/index.php\/2024\/02\/14\/pumptrack-bedzie-gotowy-w-wakacje-jest-przetarg-i-jest-na-to-szansa\/","og_site_name":"Gorz\u00f3w News","article_publisher":"https:\/\/www.facebook.com\/gorzowskinews","article_published_time":"2024-02-14T08:39:47+00:00","article_modified_time":"2024-03-08T08:14:43+00:00","og_image":[{"width":1718,"height":812,"url":"https:\/\/gorzow.news\/wp-content\/uploads\/2024\/02\/pumptrack_gl.jpg","type":"image\/jpeg"}],"author":"maciej","twitter_card":"summary_large_image","twitter_misc":{"Napisane przez":"maciej","Szacowany czas czytania":"2 minuty"},"schema":{"@context":"https:\/\/schema.org","@graph":[{"@type":"Article","@id":"https:\/\/gorzow.news\/index.php\/2024\/02\/14\/pumptrack-bedzie-gotowy-w-wakacje-jest-przetarg-i-jest-na-to-szansa\/#article","isPartOf":{"@id":"https:\/\/gorzow.news\/index.php\/2024\/02\/14\/pumptrack-bedzie-gotowy-w-wakacje-jest-przetarg-i-jest-na-to-szansa\/"},"author":{"name":"maciej","@id":"https:\/\/gorzow.news\/#\/schema\/person\/a1e5ab43166369f2ce236a1cd90995bb"},"headline":"Pumptrack w parku 750-lecia b\u0119dzie gotowy w wakacje? Jest przetarg i jest na to szansa!","datePublished":"2024-02-14T08:39:47+00:00","dateModified":"2024-03-08T08:14:43+00:00","mainEntityOfPage":{"@id":"https:\/\/gorzow.news\/index.php\/2024\/02\/14\/pumptrack-bedzie-gotowy-w-wakacje-jest-przetarg-i-jest-na-to-szansa\/"},"wordCount":286,"commentCount":0,"image":{"@id":"https:\/\/gorzow.news\/index.php\/2024\/02\/14\/pumptrack-bedzie-gotowy-w-wakacje-jest-przetarg-i-jest-na-to-szansa\/#primaryimage"},"thumbnailUrl":"https:\/\/gorzow.news\/wp-content\/uploads\/2024\/02\/pumptrack_gl.jpg","keywords":["Bud\u017cet Obywatelski","Park 750-lecia","przetarg","pumptrack"],"articleSection":["G\u00f3rczyn","Inwestycje miejskie","Wiadomo\u015bci"],"inLanguage":"pl-PL","potentialAction":[{"@type":"CommentAction","name":"Comment","target":["https:\/\/gorzow.news\/index.php\/2024\/02\/14\/pumptrack-bedzie-gotowy-w-wakacje-jest-przetarg-i-jest-na-to-szansa\/#respond"]}]},{"@type":"WebPage","@id":"https:\/\/gorzow.news\/index.php\/2024\/02\/14\/pumptrack-bedzie-gotowy-w-wakacje-jest-przetarg-i-jest-na-to-szansa\/","url":"https:\/\/gorzow.news\/index.php\/2024\/02\/14\/pumptrack-bedzie-gotowy-w-wakacje-jest-przetarg-i-jest-na-to-szansa\/","name":"Pumptrack w parku 750-lecia b\u0119dzie gotowy w wakacje? Jest przetarg i jest na to szansa! - Gorz\u00f3w News","isPartOf":{"@id":"https:\/\/gorzow.news\/#website"},"primaryImageOfPage":{"@id":"https:\/\/gorzow.news\/index.php\/2024\/02\/14\/pumptrack-bedzie-gotowy-w-wakacje-jest-przetarg-i-jest-na-to-szansa\/#primaryimage"},"image":{"@id":"https:\/\/gorzow.news\/index.php\/2024\/02\/14\/pumptrack-bedzie-gotowy-w-wakacje-jest-przetarg-i-jest-na-to-szansa\/#primaryimage"},"thumbnailUrl":"https:\/\/gorzow.news\/wp-content\/uploads\/2024\/02\/pumptrack_gl.jpg","datePublished":"2024-02-14T08:39:47+00:00","dateModified":"2024-03-08T08:14:43+00:00","author":{"@id":"https:\/\/gorzow.news\/#\/schema\/person\/a1e5ab43166369f2ce236a1cd90995bb"},"description":"Miejscy urz\u0119dnicy og\u0142osili przetarg i szukaj\u0105 wykonawcy budowy pumptracka wraz z o\u015bwietleniem w parku 750-lecia. Firmy na zg\u0142aszanie ofert maj\u0105 czas do 26 lutego. Je\u015bli przetarg uda si\u0119 rozstrzygn\u0105\u0107 i podpisa\u0107 umow\u0119 z wykonawc\u0105 w marcu tego roku, to miejsce rozrywki dla mi\u0142o\u015bnik\u00f3w jazdy na rolkach, wrotkach i rowerze powinno by\u0107 gotowe w te wakacje.","breadcrumb":{"@id":"https:\/\/gorzow.news\/index.php\/2024\/02\/14\/pumptrack-bedzie-gotowy-w-wakacje-jest-przetarg-i-jest-na-to-szansa\/#breadcrumb"},"inLanguage":"pl-PL","potentialAction":[{"@type":"ReadAction","target":["https:\/\/gorzow.news\/index.php\/2024\/02\/14\/pumptrack-bedzie-gotowy-w-wakacje-jest-przetarg-i-jest-na-to-szansa\/"]}]},{"@type":"ImageObject","inLanguage":"pl-PL","@id":"https:\/\/gorzow.news\/index.php\/2024\/02\/14\/pumptrack-bedzie-gotowy-w-wakacje-jest-przetarg-i-jest-na-to-szansa\/#primaryimage","url":"https:\/\/gorzow.news\/wp-content\/uploads\/2024\/02\/pumptrack_gl.jpg","contentUrl":"https:\/\/gorzow.news\/wp-content\/uploads\/2024\/02\/pumptrack_gl.jpg","width":1718,"height":812,"caption":"Pumptrack w parku 750-lecia mo\u017ce by\u0107 gotowy jeszcze w te wakacje."},{"@type":"BreadcrumbList","@id":"https:\/\/gorzow.news\/index.php\/2024\/02\/14\/pumptrack-bedzie-gotowy-w-wakacje-jest-przetarg-i-jest-na-to-szansa\/#breadcrumb","itemListElement":[{"@type":"ListItem","position":1,"name":"Home","item":"https:\/\/gorzow.news\/"},{"@type":"ListItem","position":2,"name":"Pumptrack w parku 750-lecia b\u0119dzie gotowy w wakacje? Jest przetarg i jest na to szansa!"}]},{"@type":"WebSite","@id":"https:\/\/gorzow.news\/#website","url":"https:\/\/gorzow.news\/","name":"Gorz\u00f3w News","description":"Sp\u00f3jrz inaczej na miato i region...","potentialAction":[{"@type":"SearchAction","target":{"@type":"EntryPoint","urlTemplate":"https:\/\/gorzow.news\/?s={search_term_string}"},"query-input":{"@type":"PropertyValueSpecification","valueRequired":true,"valueName":"search_term_string"}}],"inLanguage":"pl-PL"},{"@type":"Person","@id":"https:\/\/gorzow.news\/#\/schema\/person\/a1e5ab43166369f2ce236a1cd90995bb","name":"maciej","image":{"@type":"ImageObject","inLanguage":"pl-PL","@id":"https:\/\/secure.gravatar.com\/avatar\/530a674d56ba60cfa0ef21d74e8e8d123a51bb7aa6580465b5c2ab2c2e980a19?s=96&r=g&d=https:\/\/gorzow.news\/wp-content\/plugins\/userswp\/assets\/images\/no_profile.png","url":"https:\/\/secure.gravatar.com\/avatar\/530a674d56ba60cfa0ef21d74e8e8d123a51bb7aa6580465b5c2ab2c2e980a19?s=96&r=g&d=https:\/\/gorzow.news\/wp-content\/plugins\/userswp\/assets\/images\/no_profile.png","contentUrl":"https:\/\/secure.gravatar.com\/avatar\/530a674d56ba60cfa0ef21d74e8e8d123a51bb7aa6580465b5c2ab2c2e980a19?s=96&r=g&d=https:\/\/gorzow.news\/wp-content\/plugins\/userswp\/assets\/images\/no_profile.png","caption":"maciej"},"url":"https:\/\/gorzow.news\/index.php\/profile\/maciej\/"}]}},"_links":{"self":[{"href":"https:\/\/gorzow.news\/index.php\/wp-json\/wp\/v2\/posts\/19353","targetHints":{"allow":["GET"]}}],"collection":[{"href":"https:\/\/gorzow.news\/index.php\/wp-json\/wp\/v2\/posts"}],"about":[{"href":"https:\/\/gorzow.news\/index.php\/wp-json\/wp\/v2\/types\/post"}],"author":[{"embeddable":true,"href":"https:\/\/gorzow.news\/index.php\/wp-json\/wp\/v2\/users\/1"}],"replies":[{"embeddable":true,"href":"https:\/\/gorzow.news\/index.php\/wp-json\/wp\/v2\/comments?post=19353"}],"version-history":[{"count":2,"href":"https:\/\/gorzow.news\/index.php\/wp-json\/wp\/v2\/posts\/19353\/revisions"}],"predecessor-version":[{"id":19359,"href":"https:\/\/gorzow.news\/index.php\/wp-json\/wp\/v2\/posts\/19353\/revisions\/19359"}],"wp:featuredmedia":[{"embeddable":true,"href":"https:\/\/gorzow.news\/index.php\/wp-json\/wp\/v2\/media\/19354"}],"wp:attachment":[{"href":"https:\/\/gorzow.news\/index.php\/wp-json\/wp\/v2\/media?parent=19353"}],"wp:term":[{"taxonomy":"category","embeddable":true,"href":"https:\/\/gorzow.news\/index.php\/wp-json\/wp\/v2\/categories?post=19353"},{"taxonomy":"post_tag","embeddable":true,"href":"https:\/\/gorzow.news\/index.php\/wp-json\/wp\/v2\/tags?post=19353"}],"curies":[{"name":"wp","href":"https:\/\/api.w.org\/{rel}","templated":true}]}}