{"id":19338,"date":"2024-02-13T08:00:00","date_gmt":"2024-02-13T07:00:00","guid":{"rendered":"https:\/\/gorzow.news\/?p=19338"},"modified":"2024-02-13T11:03:26","modified_gmt":"2024-02-13T10:03:26","slug":"w-gorzowskim-osrodku-technologicznym-dyskusja-prezydenta-i-marszalka-o-milionach-euro","status":"publish","type":"post","link":"https:\/\/gorzow.news\/index.php\/2024\/02\/13\/w-gorzowskim-osrodku-technologicznym-dyskusja-prezydenta-i-marszalka-o-milionach-euro\/","title":{"rendered":"W Gorzowskim O\u015brodku Technologicznym dyskusja prezydenta i marsza\u0142ka o milionach euro"},"content":{"rendered":"\n<p><strong>Na zaproszenie prezydent\u00f3w Jacka W\u00f3jcickiego i Iwony Olek do Gorzowa przyjecha\u0142 w poniedzia\u0142ek (12 lutego) marsza\u0142ek wojew\u00f3dztwa lubuskiego Marcin Jab\u0142o\u0144ski, by wsp\u00f3lnie z samorz\u0105dowcami z gmin Miejskiego Obszaru Funkcjonalnego Gorzowa oraz dyrektorami departament\u00f3w Urz\u0119du Marsza\u0142kowskiego Wojew\u00f3dztwa Lubuskiego rozmawia\u0107 o Strategii Zintegrowanych Inwestycji Terytorialnych oraz o planach wydatkowania funduszy unijnych wymiaru terytorialnego.<\/strong><\/p>\n\n\n\n<p>W ramach tych funduszy gminy i Gorz\u00f3w maj\u0105 do dyspozycji blisko 40 mln euro.<\/p>\n\n\n\n<p>Gorzowski MOF pokonuje kolejne szczeble przygotowa\u0144 do wyp\u0142acenia tych finans\u00f3w. Obecnie jest na etapie opinii roboczej Strategii ZIT, a kolejna formalno\u015b\u0107 to opinia ustawowa.<\/p>\n\n\n\n<p>MOF Gorzowa jako pierwszy w wojew\u00f3dztwie, kt\u00f3ry z\u0142o\u017cy\u0142 Strategi\u0119 ZIT do opiniowania do Urz\u0119du Marsza\u0142kowskiego i Ministerstwa Funduszy i Polityki Regionalnej. Obecnie trwaj\u0105 prace nad szczeg\u00f3\u0142ami zapis\u00f3w dokumentu.<\/p>\n\n\n\n<p>Po stronie Urz\u0119du Marsza\u0142kowskiego trwaj\u0105 z kolei prace nad kryteriami wyboru projekt\u00f3w. ZIT Gorzowa b\u0119dzie gotowy do aplikowania o \u015brodki na pocz\u0105tku II kwarta\u0142u 2024 r. W ramach inwestycji terytorialnych zaplanowane s\u0105 m.in. projekty, dotycz\u0105ce szeroko rozumianej mobilno\u015bci, zapobiegania zmianom klimatu, ochrony bior\u00f3\u017cnorodno\u015bci, edukacji, w\u0142\u0105czenia spo\u0142ecznego czy cyfryzacji.<\/p>\n\n\n\n<p>Spotkanie nieprzypadkowo odby\u0142o si\u0119 w siedzibie Gorzowskiego O\u015brodka Technologicznego, bo instytucja ta, w nadchodz\u0105cej perspektywie unijnej r\u00f3wnie\u017c b\u0119dzie mia\u0142a mo\u017cliwo\u015b\u0107 pozyskiwania \u015brodk\u00f3w zewn\u0119trznych na rozszerzenie swojej dzia\u0142alno\u015bci.<\/p>\n\n\n\n<p>Spotkanie odby\u0142o si\u0119 w ramach cyklu spotka\u0144 roboczych Instytucji Zarz\u0105dzaj\u0105cej programem Fundusze Europejskie dla Lubuskiego 2021-2027 z ZIT i partnerstwami.<\/p>\n","protected":false},"excerpt":{"rendered":"<p>Na zaproszenie prezydent\u00f3w Jacka W\u00f3jcickiego i Iwony Olek do Gorzowa przyjecha\u0142 w poniedzia\u0142ek (12 lutego) marsza\u0142ek wojew\u00f3dztwa lubuskiego Marcin Jab\u0142o\u0144ski, by wsp\u00f3lnie z samorz\u0105dowcami z gmin Miejskiego Obszaru Funkcjonalnego Gorzowa oraz dyrektorami departament\u00f3w Urz\u0119du Marsza\u0142kowskiego Wojew\u00f3dztwa Lubuskiego rozmawia\u0107 o Strategii Zintegrowanych Inwestycji Terytorialnych oraz o planach wydatkowania funduszy unijnych wymiaru terytorialnego. W ramach tych funduszy [&hellip;]<\/p>\n","protected":false},"author":1,"featured_media":19339,"comment_status":"open","ping_status":"open","sticky":false,"template":"","format":"standard","meta":{"footnotes":"","_links_to":"","_links_to_target":""},"categories":[597,589],"tags":[191,816,606,2036,2613],"class_list":{"0":"post-19338","1":"post","2":"type-post","3":"status-publish","4":"format-standard","5":"has-post-thumbnail","7":"category-fakty-opinie","8":"category-wiadomosci","9":"tag-gorzowski-osrodek-technologiczny","10":"tag-iwona-olek","11":"tag-jacek-wojcicki","12":"tag-marcin-jablonski","13":"tag-zit-mof-gorzow"},"yoast_head":"<!-- This site is optimized with the Yoast SEO plugin v27.3 - https:\/\/yoast.com\/product\/yoast-seo-wordpress\/ -->\n<title>W Gorzowskim O\u015brodku Technologicznym dyskusja prezydenta i marsza\u0142ka o milionach euro - Gorz\u00f3w News<\/title>\n<meta name=\"description\" content=\"Na zaproszenie prezydent\u00f3w Jacka W\u00f3jcickiego i Iwony Olek do Gorzowa przyjecha\u0142 w poniedzia\u0142ek (12 lutego) marsza\u0142ek wojew\u00f3dztwa lubuskiego Marc\" \/>\n<meta name=\"robots\" content=\"index, follow, max-snippet:-1, max-image-preview:large, max-video-preview:-1\" \/>\n<link rel=\"canonical\" href=\"https:\/\/gorzow.news\/index.php\/2024\/02\/13\/w-gorzowskim-osrodku-technologicznym-dyskusja-prezydenta-i-marszalka-o-milionach-euro\/\" \/>\n<meta property=\"og:locale\" content=\"pl_PL\" \/>\n<meta property=\"og:type\" content=\"article\" \/>\n<meta property=\"og:title\" content=\"W Gorzowskim O\u015brodku Technologicznym dyskusja prezydenta i marsza\u0142ka o milionach euro - Gorz\u00f3w News\" \/>\n<meta property=\"og:description\" content=\"Na zaproszenie prezydent\u00f3w Jacka W\u00f3jcickiego i Iwony Olek do Gorzowa przyjecha\u0142 w poniedzia\u0142ek (12 lutego) marsza\u0142ek wojew\u00f3dztwa lubuskiego Marc\" \/>\n<meta property=\"og:url\" content=\"https:\/\/gorzow.news\/index.php\/2024\/02\/13\/w-gorzowskim-osrodku-technologicznym-dyskusja-prezydenta-i-marszalka-o-milionach-euro\/\" \/>\n<meta property=\"og:site_name\" content=\"Gorz\u00f3w News\" \/>\n<meta property=\"article:publisher\" content=\"https:\/\/www.facebook.com\/gorzowskinews\" \/>\n<meta property=\"article:published_time\" content=\"2024-02-13T07:00:00+00:00\" \/>\n<meta property=\"article:modified_time\" content=\"2024-02-13T10:03:26+00:00\" \/>\n<meta property=\"og:image\" content=\"https:\/\/gorzow.news\/wp-content\/uploads\/2024\/02\/fotob-12480.jpg\" \/>\n\t<meta property=\"og:image:width\" content=\"1241\" \/>\n\t<meta property=\"og:image:height\" content=\"587\" \/>\n\t<meta property=\"og:image:type\" content=\"image\/jpeg\" \/>\n<meta name=\"author\" content=\"maciej\" \/>\n<meta name=\"twitter:card\" content=\"summary_large_image\" \/>\n<meta name=\"twitter:label1\" content=\"Napisane przez\" \/>\n\t<meta name=\"twitter:data1\" content=\"maciej\" \/>\n\t<meta name=\"twitter:label2\" content=\"Szacowany czas czytania\" \/>\n\t<meta name=\"twitter:data2\" content=\"2 minuty\" \/>\n<script type=\"application\/ld+json\" class=\"yoast-schema-graph\">{\"@context\":\"https:\\\/\\\/schema.org\",\"@graph\":[{\"@type\":\"Article\",\"@id\":\"https:\\\/\\\/gorzow.news\\\/index.php\\\/2024\\\/02\\\/13\\\/w-gorzowskim-osrodku-technologicznym-dyskusja-prezydenta-i-marszalka-o-milionach-euro\\\/#article\",\"isPartOf\":{\"@id\":\"https:\\\/\\\/gorzow.news\\\/index.php\\\/2024\\\/02\\\/13\\\/w-gorzowskim-osrodku-technologicznym-dyskusja-prezydenta-i-marszalka-o-milionach-euro\\\/\"},\"author\":{\"name\":\"maciej\",\"@id\":\"https:\\\/\\\/gorzow.news\\\/#\\\/schema\\\/person\\\/a1e5ab43166369f2ce236a1cd90995bb\"},\"headline\":\"W Gorzowskim O\u015brodku Technologicznym dyskusja prezydenta i marsza\u0142ka o milionach euro\",\"datePublished\":\"2024-02-13T07:00:00+00:00\",\"dateModified\":\"2024-02-13T10:03:26+00:00\",\"mainEntityOfPage\":{\"@id\":\"https:\\\/\\\/gorzow.news\\\/index.php\\\/2024\\\/02\\\/13\\\/w-gorzowskim-osrodku-technologicznym-dyskusja-prezydenta-i-marszalka-o-milionach-euro\\\/\"},\"wordCount\":273,\"commentCount\":0,\"image\":{\"@id\":\"https:\\\/\\\/gorzow.news\\\/index.php\\\/2024\\\/02\\\/13\\\/w-gorzowskim-osrodku-technologicznym-dyskusja-prezydenta-i-marszalka-o-milionach-euro\\\/#primaryimage\"},\"thumbnailUrl\":\"https:\\\/\\\/gorzow.news\\\/wp-content\\\/uploads\\\/2024\\\/02\\\/fotob-12480.jpg\",\"keywords\":[\"Gorzowski O\u015brodek Technologiczny\",\"Iwona Olek\",\"Jacek W\u00f3jcicki\",\"Marcin Jab\u0142o\u0144ski\",\"ZIT MOF Gorz\u00f3w\"],\"articleSection\":[\"Fakty i opinie\",\"Wiadomo\u015bci\"],\"inLanguage\":\"pl-PL\",\"potentialAction\":[{\"@type\":\"CommentAction\",\"name\":\"Comment\",\"target\":[\"https:\\\/\\\/gorzow.news\\\/index.php\\\/2024\\\/02\\\/13\\\/w-gorzowskim-osrodku-technologicznym-dyskusja-prezydenta-i-marszalka-o-milionach-euro\\\/#respond\"]}]},{\"@type\":\"WebPage\",\"@id\":\"https:\\\/\\\/gorzow.news\\\/index.php\\\/2024\\\/02\\\/13\\\/w-gorzowskim-osrodku-technologicznym-dyskusja-prezydenta-i-marszalka-o-milionach-euro\\\/\",\"url\":\"https:\\\/\\\/gorzow.news\\\/index.php\\\/2024\\\/02\\\/13\\\/w-gorzowskim-osrodku-technologicznym-dyskusja-prezydenta-i-marszalka-o-milionach-euro\\\/\",\"name\":\"W Gorzowskim O\u015brodku Technologicznym dyskusja prezydenta i marsza\u0142ka o milionach euro - Gorz\u00f3w News\",\"isPartOf\":{\"@id\":\"https:\\\/\\\/gorzow.news\\\/#website\"},\"primaryImageOfPage\":{\"@id\":\"https:\\\/\\\/gorzow.news\\\/index.php\\\/2024\\\/02\\\/13\\\/w-gorzowskim-osrodku-technologicznym-dyskusja-prezydenta-i-marszalka-o-milionach-euro\\\/#primaryimage\"},\"image\":{\"@id\":\"https:\\\/\\\/gorzow.news\\\/index.php\\\/2024\\\/02\\\/13\\\/w-gorzowskim-osrodku-technologicznym-dyskusja-prezydenta-i-marszalka-o-milionach-euro\\\/#primaryimage\"},\"thumbnailUrl\":\"https:\\\/\\\/gorzow.news\\\/wp-content\\\/uploads\\\/2024\\\/02\\\/fotob-12480.jpg\",\"datePublished\":\"2024-02-13T07:00:00+00:00\",\"dateModified\":\"2024-02-13T10:03:26+00:00\",\"author\":{\"@id\":\"https:\\\/\\\/gorzow.news\\\/#\\\/schema\\\/person\\\/a1e5ab43166369f2ce236a1cd90995bb\"},\"description\":\"Na zaproszenie prezydent\u00f3w Jacka W\u00f3jcickiego i Iwony Olek do Gorzowa przyjecha\u0142 w poniedzia\u0142ek (12 lutego) marsza\u0142ek wojew\u00f3dztwa lubuskiego Marcin Jab\u0142o\u0144ski, by wsp\u00f3lnie z samorz\u0105dowcami z gmin Miejskiego Obszaru Funkcjonalnego Gorzowa oraz dyrektorami departament\u00f3w Urz\u0119du Marsza\u0142kowskiego Wojew\u00f3dztwa Lubuskiego rozmawia\u0107 o Strategii Zintegrowanych Inwestycji Terytorialnych oraz o planach wydatkowania funduszy unijnych wymiaru terytorialnego.\",\"breadcrumb\":{\"@id\":\"https:\\\/\\\/gorzow.news\\\/index.php\\\/2024\\\/02\\\/13\\\/w-gorzowskim-osrodku-technologicznym-dyskusja-prezydenta-i-marszalka-o-milionach-euro\\\/#breadcrumb\"},\"inLanguage\":\"pl-PL\",\"potentialAction\":[{\"@type\":\"ReadAction\",\"target\":[\"https:\\\/\\\/gorzow.news\\\/index.php\\\/2024\\\/02\\\/13\\\/w-gorzowskim-osrodku-technologicznym-dyskusja-prezydenta-i-marszalka-o-milionach-euro\\\/\"]}]},{\"@type\":\"ImageObject\",\"inLanguage\":\"pl-PL\",\"@id\":\"https:\\\/\\\/gorzow.news\\\/index.php\\\/2024\\\/02\\\/13\\\/w-gorzowskim-osrodku-technologicznym-dyskusja-prezydenta-i-marszalka-o-milionach-euro\\\/#primaryimage\",\"url\":\"https:\\\/\\\/gorzow.news\\\/wp-content\\\/uploads\\\/2024\\\/02\\\/fotob-12480.jpg\",\"contentUrl\":\"https:\\\/\\\/gorzow.news\\\/wp-content\\\/uploads\\\/2024\\\/02\\\/fotob-12480.jpg\",\"width\":1241,\"height\":587,\"caption\":\"Spotkanie w siedzibie Gorzowskiego O\u015brodka Technologicznego. fot. UM\"},{\"@type\":\"BreadcrumbList\",\"@id\":\"https:\\\/\\\/gorzow.news\\\/index.php\\\/2024\\\/02\\\/13\\\/w-gorzowskim-osrodku-technologicznym-dyskusja-prezydenta-i-marszalka-o-milionach-euro\\\/#breadcrumb\",\"itemListElement\":[{\"@type\":\"ListItem\",\"position\":1,\"name\":\"Home\",\"item\":\"https:\\\/\\\/gorzow.news\\\/\"},{\"@type\":\"ListItem\",\"position\":2,\"name\":\"W Gorzowskim O\u015brodku Technologicznym dyskusja prezydenta i marsza\u0142ka o milionach euro\"}]},{\"@type\":\"WebSite\",\"@id\":\"https:\\\/\\\/gorzow.news\\\/#website\",\"url\":\"https:\\\/\\\/gorzow.news\\\/\",\"name\":\"Gorz\u00f3w News\",\"description\":\"Sp\u00f3jrz inaczej na miato i region...\",\"potentialAction\":[{\"@type\":\"SearchAction\",\"target\":{\"@type\":\"EntryPoint\",\"urlTemplate\":\"https:\\\/\\\/gorzow.news\\\/?s={search_term_string}\"},\"query-input\":{\"@type\":\"PropertyValueSpecification\",\"valueRequired\":true,\"valueName\":\"search_term_string\"}}],\"inLanguage\":\"pl-PL\"},{\"@type\":\"Person\",\"@id\":\"https:\\\/\\\/gorzow.news\\\/#\\\/schema\\\/person\\\/a1e5ab43166369f2ce236a1cd90995bb\",\"name\":\"maciej\",\"image\":{\"@type\":\"ImageObject\",\"inLanguage\":\"pl-PL\",\"@id\":\"https:\\\/\\\/secure.gravatar.com\\\/avatar\\\/530a674d56ba60cfa0ef21d74e8e8d123a51bb7aa6580465b5c2ab2c2e980a19?s=96&r=g&d=https:\\\/\\\/gorzow.news\\\/wp-content\\\/plugins\\\/userswp\\\/assets\\\/images\\\/no_profile.png\",\"url\":\"https:\\\/\\\/secure.gravatar.com\\\/avatar\\\/530a674d56ba60cfa0ef21d74e8e8d123a51bb7aa6580465b5c2ab2c2e980a19?s=96&r=g&d=https:\\\/\\\/gorzow.news\\\/wp-content\\\/plugins\\\/userswp\\\/assets\\\/images\\\/no_profile.png\",\"contentUrl\":\"https:\\\/\\\/secure.gravatar.com\\\/avatar\\\/530a674d56ba60cfa0ef21d74e8e8d123a51bb7aa6580465b5c2ab2c2e980a19?s=96&r=g&d=https:\\\/\\\/gorzow.news\\\/wp-content\\\/plugins\\\/userswp\\\/assets\\\/images\\\/no_profile.png\",\"caption\":\"maciej\"},\"url\":\"https:\\\/\\\/gorzow.news\\\/index.php\\\/profile\\\/maciej\\\/\"}]}<\/script>\n<!-- \/ Yoast SEO plugin. -->","yoast_head_json":{"title":"W Gorzowskim O\u015brodku Technologicznym dyskusja prezydenta i marsza\u0142ka o milionach euro - Gorz\u00f3w News","description":"Na zaproszenie prezydent\u00f3w Jacka W\u00f3jcickiego i Iwony Olek do Gorzowa przyjecha\u0142 w poniedzia\u0142ek (12 lutego) marsza\u0142ek wojew\u00f3dztwa lubuskiego Marc","robots":{"index":"index","follow":"follow","max-snippet":"max-snippet:-1","max-image-preview":"max-image-preview:large","max-video-preview":"max-video-preview:-1"},"canonical":"https:\/\/gorzow.news\/index.php\/2024\/02\/13\/w-gorzowskim-osrodku-technologicznym-dyskusja-prezydenta-i-marszalka-o-milionach-euro\/","og_locale":"pl_PL","og_type":"article","og_title":"W Gorzowskim O\u015brodku Technologicznym dyskusja prezydenta i marsza\u0142ka o milionach euro - Gorz\u00f3w News","og_description":"Na zaproszenie prezydent\u00f3w Jacka W\u00f3jcickiego i Iwony Olek do Gorzowa przyjecha\u0142 w poniedzia\u0142ek (12 lutego) marsza\u0142ek wojew\u00f3dztwa lubuskiego Marc","og_url":"https:\/\/gorzow.news\/index.php\/2024\/02\/13\/w-gorzowskim-osrodku-technologicznym-dyskusja-prezydenta-i-marszalka-o-milionach-euro\/","og_site_name":"Gorz\u00f3w News","article_publisher":"https:\/\/www.facebook.com\/gorzowskinews","article_published_time":"2024-02-13T07:00:00+00:00","article_modified_time":"2024-02-13T10:03:26+00:00","og_image":[{"width":1241,"height":587,"url":"https:\/\/gorzow.news\/wp-content\/uploads\/2024\/02\/fotob-12480.jpg","type":"image\/jpeg"}],"author":"maciej","twitter_card":"summary_large_image","twitter_misc":{"Napisane przez":"maciej","Szacowany czas czytania":"2 minuty"},"schema":{"@context":"https:\/\/schema.org","@graph":[{"@type":"Article","@id":"https:\/\/gorzow.news\/index.php\/2024\/02\/13\/w-gorzowskim-osrodku-technologicznym-dyskusja-prezydenta-i-marszalka-o-milionach-euro\/#article","isPartOf":{"@id":"https:\/\/gorzow.news\/index.php\/2024\/02\/13\/w-gorzowskim-osrodku-technologicznym-dyskusja-prezydenta-i-marszalka-o-milionach-euro\/"},"author":{"name":"maciej","@id":"https:\/\/gorzow.news\/#\/schema\/person\/a1e5ab43166369f2ce236a1cd90995bb"},"headline":"W Gorzowskim O\u015brodku Technologicznym dyskusja prezydenta i marsza\u0142ka o milionach euro","datePublished":"2024-02-13T07:00:00+00:00","dateModified":"2024-02-13T10:03:26+00:00","mainEntityOfPage":{"@id":"https:\/\/gorzow.news\/index.php\/2024\/02\/13\/w-gorzowskim-osrodku-technologicznym-dyskusja-prezydenta-i-marszalka-o-milionach-euro\/"},"wordCount":273,"commentCount":0,"image":{"@id":"https:\/\/gorzow.news\/index.php\/2024\/02\/13\/w-gorzowskim-osrodku-technologicznym-dyskusja-prezydenta-i-marszalka-o-milionach-euro\/#primaryimage"},"thumbnailUrl":"https:\/\/gorzow.news\/wp-content\/uploads\/2024\/02\/fotob-12480.jpg","keywords":["Gorzowski O\u015brodek Technologiczny","Iwona Olek","Jacek W\u00f3jcicki","Marcin Jab\u0142o\u0144ski","ZIT MOF Gorz\u00f3w"],"articleSection":["Fakty i opinie","Wiadomo\u015bci"],"inLanguage":"pl-PL","potentialAction":[{"@type":"CommentAction","name":"Comment","target":["https:\/\/gorzow.news\/index.php\/2024\/02\/13\/w-gorzowskim-osrodku-technologicznym-dyskusja-prezydenta-i-marszalka-o-milionach-euro\/#respond"]}]},{"@type":"WebPage","@id":"https:\/\/gorzow.news\/index.php\/2024\/02\/13\/w-gorzowskim-osrodku-technologicznym-dyskusja-prezydenta-i-marszalka-o-milionach-euro\/","url":"https:\/\/gorzow.news\/index.php\/2024\/02\/13\/w-gorzowskim-osrodku-technologicznym-dyskusja-prezydenta-i-marszalka-o-milionach-euro\/","name":"W Gorzowskim O\u015brodku Technologicznym dyskusja prezydenta i marsza\u0142ka o milionach euro - Gorz\u00f3w News","isPartOf":{"@id":"https:\/\/gorzow.news\/#website"},"primaryImageOfPage":{"@id":"https:\/\/gorzow.news\/index.php\/2024\/02\/13\/w-gorzowskim-osrodku-technologicznym-dyskusja-prezydenta-i-marszalka-o-milionach-euro\/#primaryimage"},"image":{"@id":"https:\/\/gorzow.news\/index.php\/2024\/02\/13\/w-gorzowskim-osrodku-technologicznym-dyskusja-prezydenta-i-marszalka-o-milionach-euro\/#primaryimage"},"thumbnailUrl":"https:\/\/gorzow.news\/wp-content\/uploads\/2024\/02\/fotob-12480.jpg","datePublished":"2024-02-13T07:00:00+00:00","dateModified":"2024-02-13T10:03:26+00:00","author":{"@id":"https:\/\/gorzow.news\/#\/schema\/person\/a1e5ab43166369f2ce236a1cd90995bb"},"description":"Na zaproszenie prezydent\u00f3w Jacka W\u00f3jcickiego i Iwony Olek do Gorzowa przyjecha\u0142 w poniedzia\u0142ek (12 lutego) marsza\u0142ek wojew\u00f3dztwa lubuskiego Marcin Jab\u0142o\u0144ski, by wsp\u00f3lnie z samorz\u0105dowcami z gmin Miejskiego Obszaru Funkcjonalnego Gorzowa oraz dyrektorami departament\u00f3w Urz\u0119du Marsza\u0142kowskiego Wojew\u00f3dztwa Lubuskiego rozmawia\u0107 o Strategii Zintegrowanych Inwestycji Terytorialnych oraz o planach wydatkowania funduszy unijnych wymiaru terytorialnego.","breadcrumb":{"@id":"https:\/\/gorzow.news\/index.php\/2024\/02\/13\/w-gorzowskim-osrodku-technologicznym-dyskusja-prezydenta-i-marszalka-o-milionach-euro\/#breadcrumb"},"inLanguage":"pl-PL","potentialAction":[{"@type":"ReadAction","target":["https:\/\/gorzow.news\/index.php\/2024\/02\/13\/w-gorzowskim-osrodku-technologicznym-dyskusja-prezydenta-i-marszalka-o-milionach-euro\/"]}]},{"@type":"ImageObject","inLanguage":"pl-PL","@id":"https:\/\/gorzow.news\/index.php\/2024\/02\/13\/w-gorzowskim-osrodku-technologicznym-dyskusja-prezydenta-i-marszalka-o-milionach-euro\/#primaryimage","url":"https:\/\/gorzow.news\/wp-content\/uploads\/2024\/02\/fotob-12480.jpg","contentUrl":"https:\/\/gorzow.news\/wp-content\/uploads\/2024\/02\/fotob-12480.jpg","width":1241,"height":587,"caption":"Spotkanie w siedzibie Gorzowskiego O\u015brodka Technologicznego. fot. UM"},{"@type":"BreadcrumbList","@id":"https:\/\/gorzow.news\/index.php\/2024\/02\/13\/w-gorzowskim-osrodku-technologicznym-dyskusja-prezydenta-i-marszalka-o-milionach-euro\/#breadcrumb","itemListElement":[{"@type":"ListItem","position":1,"name":"Home","item":"https:\/\/gorzow.news\/"},{"@type":"ListItem","position":2,"name":"W Gorzowskim O\u015brodku Technologicznym dyskusja prezydenta i marsza\u0142ka o milionach euro"}]},{"@type":"WebSite","@id":"https:\/\/gorzow.news\/#website","url":"https:\/\/gorzow.news\/","name":"Gorz\u00f3w News","description":"Sp\u00f3jrz inaczej na miato i region...","potentialAction":[{"@type":"SearchAction","target":{"@type":"EntryPoint","urlTemplate":"https:\/\/gorzow.news\/?s={search_term_string}"},"query-input":{"@type":"PropertyValueSpecification","valueRequired":true,"valueName":"search_term_string"}}],"inLanguage":"pl-PL"},{"@type":"Person","@id":"https:\/\/gorzow.news\/#\/schema\/person\/a1e5ab43166369f2ce236a1cd90995bb","name":"maciej","image":{"@type":"ImageObject","inLanguage":"pl-PL","@id":"https:\/\/secure.gravatar.com\/avatar\/530a674d56ba60cfa0ef21d74e8e8d123a51bb7aa6580465b5c2ab2c2e980a19?s=96&r=g&d=https:\/\/gorzow.news\/wp-content\/plugins\/userswp\/assets\/images\/no_profile.png","url":"https:\/\/secure.gravatar.com\/avatar\/530a674d56ba60cfa0ef21d74e8e8d123a51bb7aa6580465b5c2ab2c2e980a19?s=96&r=g&d=https:\/\/gorzow.news\/wp-content\/plugins\/userswp\/assets\/images\/no_profile.png","contentUrl":"https:\/\/secure.gravatar.com\/avatar\/530a674d56ba60cfa0ef21d74e8e8d123a51bb7aa6580465b5c2ab2c2e980a19?s=96&r=g&d=https:\/\/gorzow.news\/wp-content\/plugins\/userswp\/assets\/images\/no_profile.png","caption":"maciej"},"url":"https:\/\/gorzow.news\/index.php\/profile\/maciej\/"}]}},"_links":{"self":[{"href":"https:\/\/gorzow.news\/index.php\/wp-json\/wp\/v2\/posts\/19338","targetHints":{"allow":["GET"]}}],"collection":[{"href":"https:\/\/gorzow.news\/index.php\/wp-json\/wp\/v2\/posts"}],"about":[{"href":"https:\/\/gorzow.news\/index.php\/wp-json\/wp\/v2\/types\/post"}],"author":[{"embeddable":true,"href":"https:\/\/gorzow.news\/index.php\/wp-json\/wp\/v2\/users\/1"}],"replies":[{"embeddable":true,"href":"https:\/\/gorzow.news\/index.php\/wp-json\/wp\/v2\/comments?post=19338"}],"version-history":[{"count":1,"href":"https:\/\/gorzow.news\/index.php\/wp-json\/wp\/v2\/posts\/19338\/revisions"}],"predecessor-version":[{"id":19340,"href":"https:\/\/gorzow.news\/index.php\/wp-json\/wp\/v2\/posts\/19338\/revisions\/19340"}],"wp:featuredmedia":[{"embeddable":true,"href":"https:\/\/gorzow.news\/index.php\/wp-json\/wp\/v2\/media\/19339"}],"wp:attachment":[{"href":"https:\/\/gorzow.news\/index.php\/wp-json\/wp\/v2\/media?parent=19338"}],"wp:term":[{"taxonomy":"category","embeddable":true,"href":"https:\/\/gorzow.news\/index.php\/wp-json\/wp\/v2\/categories?post=19338"},{"taxonomy":"post_tag","embeddable":true,"href":"https:\/\/gorzow.news\/index.php\/wp-json\/wp\/v2\/tags?post=19338"}],"curies":[{"name":"wp","href":"https:\/\/api.w.org\/{rel}","templated":true}]}}