{"id":18761,"date":"2024-01-26T14:04:42","date_gmt":"2024-01-26T13:04:42","guid":{"rendered":"https:\/\/gorzow.news\/?p=18761"},"modified":"2024-01-26T14:04:43","modified_gmt":"2024-01-26T13:04:43","slug":"urzednicy-i-mieszkancy-dyskutowali-o-sciezce-przy-klodawce-zdjecia","status":"publish","type":"post","link":"https:\/\/gorzow.news\/index.php\/2024\/01\/26\/urzednicy-i-mieszkancy-dyskutowali-o-sciezce-przy-klodawce-zdjecia\/","title":{"rendered":"Urz\u0119dnicy i mieszka\u0144cy dyskutowali o \u015bcie\u017cce przy K\u0142odawce (zdj\u0119cia)"},"content":{"rendered":"\n<p><strong>Wsp\u00f3lne okre\u015blenie potrzeb i oczekiwa\u0144, analiza za\u0142o\u017ce\u0144, ocena mo\u017cliwo\u015bci projektowych \u2013 to g\u0142\u00f3wne cele spotkania informacyjnego, kt\u00f3re odby\u0142o si\u0119 w sali sesyjnej Urz\u0119du Miasta Gorzowa i dotyczy\u0142o planowanej kontynuacji budowy \u015bcie\u017cki wzd\u0142u\u017c rzeki K\u0142odawki. Punktem wyj\u015bcia do dyskusji, by\u0142 opracowany przez sp\u00f3\u0142k\u0119 Gorzowskie Inwestycje Miejskie, program funkcjonalno-u\u017cytkowy dla tej inwestycji.<\/strong><\/p>\n\n\n\n<p>\u015acie\u017cka wzd\u0142u\u017c K\u0142odawki, to nie tylko trasa rowerowa, to tak\u017ce teren rekreacyjny o du\u017cych walorach \u015brodowiskowych, kt\u00f3ry w spos\u00f3b aktywny wp\u0142ynie na wiele aspekt\u00f3w codziennego \u017cycia mieszka\u0144c\u00f3w. Prze\u0142o\u017cy si\u0119 bezpo\u015brednio na dost\u0119p do teren\u00f3w atrakcyjnych przyrodniczo, zdrowie, kondycj\u0119, wypoczynkow\u0105 funkcj\u0119 czasu wolnego oraz skomunikowanie dr\u00f3g rowerowych dw\u00f3ch gospodarczych obszar\u00f3w, wsp\u00f3\u0142pracuj\u0105cych ze sob\u0105 gmin. Zgromadzenie mo\u017cliwie najwi\u0119cej opinii i rozwi\u0105za\u0144 jest bezwzgl\u0119dnie konieczne. Opracowany program funkcjonalno-u\u017cytkowy jest bowiem pierwszym krokiem przygotowuj\u0105cym do realizacji inwestycji. Kolejnym b\u0119dzie projekt techniczny, w kt\u00f3rym zawarte zostan\u0105 optymalne rozwi\u0105zania, odzwierciedlaj\u0105ce mo\u017cliwe do realizacji potrzeby i pomys\u0142y mieszka\u0144c\u00f3w z poszanowaniem natury.<\/p>\n\n\n\n<p><strong>Przeczytaj te\u017c:<\/strong><br><a href=\"https:\/\/gorzow.news\/index.php\/2023\/12\/27\/ponad-35-km-sciezki-nad-klodawka-gdzie-ma-przebiegac-zalozenia-plany-spotkanie\/\">Ponad 3,5 km nowej \u015bcie\u017cki nad K\u0142odawk\u0105! Gdzie ma przebiega\u0107? (za\u0142o\u017cenia, plany, spotkanie)<\/a><\/p>\n\n\n\n<p>Inwestycja zak\u0142ada dwa etapy rob\u00f3t budowlanych. Pierwszy, na odcinku od ronda Barlineckiego do granicy Gorzowa Wlkp. z K\u0142odaw\u0105 oraz drugi, kt\u00f3ry powiedzie od ul. Chodkiewicza do ronda Barlineckiego, uwzgl\u0119dniaj\u0105c plany dotycz\u0105ce jego przebudowy. W programie funkcjonalno-u\u017cytkowym, w ramach inwestycji, wskazano m.in.: budow\u0119 ci\u0105gu pieszo \u2013 rowerowego, zagospodarowanie terenu wzd\u0142u\u017c rzeki K\u0142odawki poprzez m.in. monta\u017c ma\u0142ej architektury (\u0142awki i kosze na odpady), budow\u0119 inteligentnego o\u015bwietlenia na trasie ci\u0105gu pieszo \u2013 rowerowego oraz infrastruktur\u0119 dla kajak\u00f3w.<\/p>\n\n\n\n<p>Okazj\u0105 do dyskusji o planach Miasta by\u0142o spotkanie informacyjne z mieszka\u0144cami &#8211; K\u0142odawka jest nasz\u0105 pere\u0142k\u0105, ju\u017c przed laty by\u0142a wykorzystywana przez mieszka\u0144c\u00f3w, kt\u00f3rzy korzystali z niej rekreacyjne. Dost\u0119pno\u015b\u0107 rzeki na przestrzeni lat by\u0142a r\u00f3\u017cna. Niekiedy by\u0142a to w\u0105ska \u015bcie\u017cka, jednak dost\u0119p do niej zawsze by\u0142 mo\u017cliwy. Pierwsza koncepcja przebiegu nowej \u015bcie\u017cki powsta\u0142a ju\u017c w 2015 roku. Wtedy zinwentaryzowano jej fragmenty, w tym m.in. zdegradowane tereny i dost\u0119pno\u015b\u0107. \u015acie\u017cka znalaz\u0142a si\u0119 w gminnym programie rewitalizacji, wskazuj\u0105c potrzeb\u0119 jej dost\u0119pno\u015bci dla gorzowian \u2013 m\u00f3wi\u0142 zast\u0119pca prezydenta ds. rozwoju <strong>Jacek Szymankiewicz<\/strong>.<\/p>\n\n\n\n<p>Jak wielokrotnie podkre\u015blano, kolejny etap budowy \u015bcie\u017cki wzd\u0142u\u017c K\u0142odawki, ma odda\u0107 jej naturalny charakter i walory \u2013 Zdecydowali\u015bmy si\u0119 na przygotowanie dodatkowego opracowania eksperckiego: inwentaryzacji dendrologicznej i operatu dendrologicznego. Priorytetem jest, aby planuj\u0105c kontynuacj\u0119 \u015bcie\u017cki, wdra\u017ca\u0107 standardy ochrony drzew tak, aby by\u0142y realizowane od pocz\u0105tku inwestycji \u2013 deklarowa\u0142a wiceprezydent ds. gospodarki <strong>Iwona Olek<\/strong>. Przedstawi\u0142a r\u00f3wnie\u017c kontekst strategiczny dla kontynuacji \u015bcie\u017cki oraz \u017ar\u00f3d\u0142a finansowania inwestycji. To w\u0142a\u015bnie \u015brodki zewn\u0119trzne pozwol\u0105 zrealizowa\u0107 to zadanie w Gorzowie z 85% dofinansowaniem oraz po\u0142\u0105czy\u0107 \u015bcie\u017ck\u0119 z infrastruktur\u0105 powstaj\u0105c\u0105 r\u00f3wnie\u017c w gminie K\u0142odawa.<\/p>\n\n\n\n<p>O przebiegu trasy i proponowanych rozwi\u0105zaniach opowiedzia\u0142 projektant i autor programu funkcjonalno-u\u017cytkowego <strong>Andrzej Cegielnik.<\/strong><\/p>\n\n\n\n<p>Program funkcjonalno-u\u017cytkowy s\u0142u\u017cy do przygotowania dokumentacji pod roboty. To co dzisiaj prezentujemy to za\u0142o\u017cenia, aby dalej mie\u0107 wizj\u0119, kt\u00f3ra zostanie uszczeg\u00f3\u0142owiona na kolejnym etapie projektowym. Priorytetem jest, aby \u015bcie\u017cka mo\u017cliwie najmniej oddzia\u0142ywa\u0142a na natur\u0119 i jej ekosystem \u2013 przekonywa\u0142.<\/p>\n\n\n\n<p>W spotkaniu aktywnie uczestniczy\u0142o niemal 100 mieszka\u0144c\u00f3w Gorzowa, kt\u00f3rzy podczas dyskusji zadawali pytania dotycz\u0105ce inwestycji, prezentowali swoje propozycje oraz przemy\u015blenia. Dotyczy\u0142y one m.in. przebiegu \u015bcie\u017cki, materia\u0142\u00f3w, kt\u00f3re zostan\u0105 u\u017cyte do jej wykonania, dost\u0119pno\u015bci, oddzia\u0142ywania na \u015brodowisko naturalne czy planowane miejsca rekreacji. Spotkanie pokaza\u0142o i odpowiedzia\u0142o na szereg wyzwa\u0144, przed kt\u00f3rymi w nied\u0142ugim czasie stanie zesp\u00f3\u0142 odpowiedzialny za projekt techniczny. Zadanie to jako inwestor zast\u0119pczy, zrealizuje sp\u00f3\u0142ka Gorzowskie Inwestycje Miejskie. Etap projektowy potrwa oko\u0142o 10 miesi\u0119cy. Zak\u0142adany okres realizacji prac budowlanych, to r\u00f3wnie\u017c oko\u0142o 10 miesi\u0119cy. (lata 2025 \u2013 2026).<\/p>\n\n\n\r\n                <style type=\"text\/css\">\r\n                    \r\n                    #tdi_1  .td-doubleSlider-2 .td-item1 {\r\n                        background: url(https:\/\/gorzow.news\/wp-content\/uploads\/2024\/01\/fotob-12240.jpg) 0 0 no-repeat;\r\n                    }\r\n                    #tdi_1  .td-doubleSlider-2 .td-item2 {\r\n                        background: url(https:\/\/gorzow.news\/wp-content\/uploads\/2024\/01\/fotob-12239.jpg) 0 0 no-repeat;\r\n                    }\r\n                    #tdi_1  .td-doubleSlider-2 .td-item3 {\r\n                        background: url(https:\/\/gorzow.news\/wp-content\/uploads\/2024\/01\/fotob-12238.jpg) 0 0 no-repeat;\r\n                    }\r\n                    #tdi_1  .td-doubleSlider-2 .td-item4 {\r\n                        background: url(https:\/\/gorzow.news\/wp-content\/uploads\/2024\/01\/fotob-12235.jpg) 0 0 no-repeat;\r\n                    }\r\n                    #tdi_1  .td-doubleSlider-2 .td-item5 {\r\n                        background: url(https:\/\/gorzow.news\/wp-content\/uploads\/2024\/01\/fotob-12233.jpg) 0 0 no-repeat;\r\n                    }\r\n                    #tdi_1  .td-doubleSlider-2 .td-item6 {\r\n                        background: url(https:\/\/gorzow.news\/wp-content\/uploads\/2024\/01\/fotob-12232.jpg) 0 0 no-repeat;\r\n                    }\r\n                    #tdi_1  .td-doubleSlider-2 .td-item7 {\r\n                        background: url(https:\/\/gorzow.news\/wp-content\/uploads\/2024\/01\/fotob-12231.jpg) 0 0 no-repeat;\r\n                    }\r\n                    #tdi_1  .td-doubleSlider-2 .td-item8 {\r\n                        background: url(https:\/\/gorzow.news\/wp-content\/uploads\/2024\/01\/fotob-12226.jpg) 0 0 no-repeat;\r\n                    }\r\n                    #tdi_1  .td-doubleSlider-2 .td-item9 {\r\n                        background: url(https:\/\/gorzow.news\/wp-content\/uploads\/2024\/01\/fotob-12217.jpg) 0 0 no-repeat;\r\n                    }\r\n                    #tdi_1  .td-doubleSlider-2 .td-item10 {\r\n                        background: url(https:\/\/gorzow.news\/wp-content\/uploads\/2024\/01\/fotob-12214.jpg) 0 0 no-repeat;\r\n                    }\r\n                <\/style>\r\n\r\n                <div id=\"tdi_1\" class=\"td-gallery td-slide-on-2-columns\">\r\n                    <div class=\"post_td_gallery\">\r\n                        <div class=\"td-gallery-slide-top\">\r\n                           <div class=\"td-gallery-title\"><\/div>\r\n\r\n                            <div class=\"td-gallery-controls-wrapper\">\r\n                                <div class=\"td-gallery-slide-count\"><span class=\"td-gallery-slide-item-focus\">1<\/span> z 10<\/div>\r\n                                <div class=\"td-gallery-slide-prev-next-but\">\r\n                                    <i class = \"td-icon-left doubleSliderPrevButton\"><\/i>\r\n                                    <i class = \"td-icon-right doubleSliderNextButton\"><\/i>\r\n                                <\/div>\r\n                            <\/div>\r\n                        <\/div>\r\n\r\n                        <div class = \"td-doubleSlider-1 \">\r\n                            <div class = \"td-slider\">\r\n                                \r\n                    <div class = \"td-slide-item td-item1\">\r\n                        <figure class=\"td-slide-galery-figure td-slide-popup-gallery\">\r\n                            <a class=\"slide-gallery-image-link\" href=\"https:\/\/gorzow.news\/wp-content\/uploads\/2024\/01\/fotob-12240.jpg\" title=\"\"  data-caption=\"\"  data-description=\"\">\r\n                                <img decoding=\"async\" src=\"https:\/\/gorzow.news\/wp-content\/uploads\/2024\/01\/fotob-12240.jpg\" srcset=\"https:\/\/gorzow.news\/wp-content\/uploads\/2024\/01\/fotob-12240.jpg 1620w, https:\/\/gorzow.news\/wp-content\/uploads\/2024\/01\/fotob-12240-300x200.jpg 300w, https:\/\/gorzow.news\/wp-content\/uploads\/2024\/01\/fotob-12240-1024x683.jpg 1024w, https:\/\/gorzow.news\/wp-content\/uploads\/2024\/01\/fotob-12240-768x512.jpg 768w, https:\/\/gorzow.news\/wp-content\/uploads\/2024\/01\/fotob-12240-1536x1024.jpg 1536w, https:\/\/gorzow.news\/wp-content\/uploads\/2024\/01\/fotob-12240-696x464.jpg 696w, https:\/\/gorzow.news\/wp-content\/uploads\/2024\/01\/fotob-12240-1068x712.jpg 1068w\" sizes=\"(max-width: 1620px) 100vw, 1620px\" alt=\"\">\r\n                            <\/a>\r\n                            \r\n                        <\/figure>\r\n                    <\/div>\r\n                    <div class = \"td-slide-item td-item2\">\r\n                        <figure class=\"td-slide-galery-figure td-slide-popup-gallery\">\r\n                            <a class=\"slide-gallery-image-link\" href=\"https:\/\/gorzow.news\/wp-content\/uploads\/2024\/01\/fotob-12239.jpg\" title=\"\"  data-caption=\"\"  data-description=\"\">\r\n                                <img decoding=\"async\" src=\"https:\/\/gorzow.news\/wp-content\/uploads\/2024\/01\/fotob-12239.jpg\" srcset=\"https:\/\/gorzow.news\/wp-content\/uploads\/2024\/01\/fotob-12239.jpg 1620w, https:\/\/gorzow.news\/wp-content\/uploads\/2024\/01\/fotob-12239-300x200.jpg 300w, https:\/\/gorzow.news\/wp-content\/uploads\/2024\/01\/fotob-12239-1024x683.jpg 1024w, https:\/\/gorzow.news\/wp-content\/uploads\/2024\/01\/fotob-12239-768x512.jpg 768w, https:\/\/gorzow.news\/wp-content\/uploads\/2024\/01\/fotob-12239-1536x1024.jpg 1536w, https:\/\/gorzow.news\/wp-content\/uploads\/2024\/01\/fotob-12239-696x464.jpg 696w, https:\/\/gorzow.news\/wp-content\/uploads\/2024\/01\/fotob-12239-1068x712.jpg 1068w\" sizes=\"(max-width: 1620px) 100vw, 1620px\" alt=\"\">\r\n                            <\/a>\r\n                            \r\n                        <\/figure>\r\n                    <\/div>\r\n                    <div class = \"td-slide-item td-item3\">\r\n                        <figure class=\"td-slide-galery-figure td-slide-popup-gallery\">\r\n                            <a class=\"slide-gallery-image-link\" href=\"https:\/\/gorzow.news\/wp-content\/uploads\/2024\/01\/fotob-12238.jpg\" title=\"\"  data-caption=\"\"  data-description=\"\">\r\n                                <img decoding=\"async\" src=\"https:\/\/gorzow.news\/wp-content\/uploads\/2024\/01\/fotob-12238.jpg\" srcset=\"https:\/\/gorzow.news\/wp-content\/uploads\/2024\/01\/fotob-12238.jpg 1620w, https:\/\/gorzow.news\/wp-content\/uploads\/2024\/01\/fotob-12238-300x200.jpg 300w, https:\/\/gorzow.news\/wp-content\/uploads\/2024\/01\/fotob-12238-1024x683.jpg 1024w, https:\/\/gorzow.news\/wp-content\/uploads\/2024\/01\/fotob-12238-768x512.jpg 768w, https:\/\/gorzow.news\/wp-content\/uploads\/2024\/01\/fotob-12238-1536x1024.jpg 1536w, https:\/\/gorzow.news\/wp-content\/uploads\/2024\/01\/fotob-12238-696x464.jpg 696w, https:\/\/gorzow.news\/wp-content\/uploads\/2024\/01\/fotob-12238-1068x712.jpg 1068w\" sizes=\"(max-width: 1620px) 100vw, 1620px\" alt=\"\">\r\n                            <\/a>\r\n                            \r\n                        <\/figure>\r\n                    <\/div>\r\n                    <div class = \"td-slide-item td-item4\">\r\n                        <figure class=\"td-slide-galery-figure td-slide-popup-gallery\">\r\n                            <a class=\"slide-gallery-image-link\" href=\"https:\/\/gorzow.news\/wp-content\/uploads\/2024\/01\/fotob-12235.jpg\" title=\"\"  data-caption=\"\"  data-description=\"\">\r\n                                <img decoding=\"async\" src=\"https:\/\/gorzow.news\/wp-content\/uploads\/2024\/01\/fotob-12235.jpg\" srcset=\"https:\/\/gorzow.news\/wp-content\/uploads\/2024\/01\/fotob-12235.jpg 1620w, https:\/\/gorzow.news\/wp-content\/uploads\/2024\/01\/fotob-12235-300x200.jpg 300w, https:\/\/gorzow.news\/wp-content\/uploads\/2024\/01\/fotob-12235-1024x683.jpg 1024w, https:\/\/gorzow.news\/wp-content\/uploads\/2024\/01\/fotob-12235-768x512.jpg 768w, https:\/\/gorzow.news\/wp-content\/uploads\/2024\/01\/fotob-12235-1536x1024.jpg 1536w, https:\/\/gorzow.news\/wp-content\/uploads\/2024\/01\/fotob-12235-696x464.jpg 696w, https:\/\/gorzow.news\/wp-content\/uploads\/2024\/01\/fotob-12235-1068x712.jpg 1068w\" sizes=\"(max-width: 1620px) 100vw, 1620px\" alt=\"\">\r\n                            <\/a>\r\n                            \r\n                        <\/figure>\r\n                    <\/div>\r\n                    <div class = \"td-slide-item td-item5\">\r\n                        <figure class=\"td-slide-galery-figure td-slide-popup-gallery\">\r\n                            <a class=\"slide-gallery-image-link\" href=\"https:\/\/gorzow.news\/wp-content\/uploads\/2024\/01\/fotob-12233.jpg\" title=\"\"  data-caption=\"\"  data-description=\"\">\r\n                                <img decoding=\"async\" src=\"https:\/\/gorzow.news\/wp-content\/uploads\/2024\/01\/fotob-12233.jpg\" srcset=\"https:\/\/gorzow.news\/wp-content\/uploads\/2024\/01\/fotob-12233.jpg 1620w, https:\/\/gorzow.news\/wp-content\/uploads\/2024\/01\/fotob-12233-300x200.jpg 300w, https:\/\/gorzow.news\/wp-content\/uploads\/2024\/01\/fotob-12233-1024x683.jpg 1024w, https:\/\/gorzow.news\/wp-content\/uploads\/2024\/01\/fotob-12233-768x512.jpg 768w, https:\/\/gorzow.news\/wp-content\/uploads\/2024\/01\/fotob-12233-1536x1024.jpg 1536w, https:\/\/gorzow.news\/wp-content\/uploads\/2024\/01\/fotob-12233-696x464.jpg 696w, https:\/\/gorzow.news\/wp-content\/uploads\/2024\/01\/fotob-12233-1068x712.jpg 1068w\" sizes=\"(max-width: 1620px) 100vw, 1620px\" alt=\"\">\r\n                            <\/a>\r\n                            \r\n                        <\/figure>\r\n                    <\/div>\r\n                    <div class = \"td-slide-item td-item6\">\r\n                        <figure class=\"td-slide-galery-figure td-slide-popup-gallery\">\r\n                            <a class=\"slide-gallery-image-link\" href=\"https:\/\/gorzow.news\/wp-content\/uploads\/2024\/01\/fotob-12232.jpg\" title=\"\"  data-caption=\"\"  data-description=\"\">\r\n                                <img decoding=\"async\" src=\"https:\/\/gorzow.news\/wp-content\/uploads\/2024\/01\/fotob-12232.jpg\" srcset=\"https:\/\/gorzow.news\/wp-content\/uploads\/2024\/01\/fotob-12232.jpg 1620w, https:\/\/gorzow.news\/wp-content\/uploads\/2024\/01\/fotob-12232-300x200.jpg 300w, https:\/\/gorzow.news\/wp-content\/uploads\/2024\/01\/fotob-12232-1024x683.jpg 1024w, https:\/\/gorzow.news\/wp-content\/uploads\/2024\/01\/fotob-12232-768x512.jpg 768w, https:\/\/gorzow.news\/wp-content\/uploads\/2024\/01\/fotob-12232-1536x1024.jpg 1536w, https:\/\/gorzow.news\/wp-content\/uploads\/2024\/01\/fotob-12232-696x464.jpg 696w, https:\/\/gorzow.news\/wp-content\/uploads\/2024\/01\/fotob-12232-1068x712.jpg 1068w\" sizes=\"(max-width: 1620px) 100vw, 1620px\" alt=\"\">\r\n                            <\/a>\r\n                            \r\n                        <\/figure>\r\n                    <\/div>\r\n                    <div class = \"td-slide-item td-item7\">\r\n                        <figure class=\"td-slide-galery-figure td-slide-popup-gallery\">\r\n                            <a class=\"slide-gallery-image-link\" href=\"https:\/\/gorzow.news\/wp-content\/uploads\/2024\/01\/fotob-12231.jpg\" title=\"\"  data-caption=\"\"  data-description=\"\">\r\n                                <img decoding=\"async\" src=\"https:\/\/gorzow.news\/wp-content\/uploads\/2024\/01\/fotob-12231.jpg\" srcset=\"https:\/\/gorzow.news\/wp-content\/uploads\/2024\/01\/fotob-12231.jpg 1620w, https:\/\/gorzow.news\/wp-content\/uploads\/2024\/01\/fotob-12231-300x200.jpg 300w, https:\/\/gorzow.news\/wp-content\/uploads\/2024\/01\/fotob-12231-1024x683.jpg 1024w, https:\/\/gorzow.news\/wp-content\/uploads\/2024\/01\/fotob-12231-768x512.jpg 768w, https:\/\/gorzow.news\/wp-content\/uploads\/2024\/01\/fotob-12231-1536x1024.jpg 1536w, https:\/\/gorzow.news\/wp-content\/uploads\/2024\/01\/fotob-12231-696x464.jpg 696w, https:\/\/gorzow.news\/wp-content\/uploads\/2024\/01\/fotob-12231-1068x712.jpg 1068w\" sizes=\"(max-width: 1620px) 100vw, 1620px\" alt=\"\">\r\n                            <\/a>\r\n                            \r\n                        <\/figure>\r\n                    <\/div>\r\n                    <div class = \"td-slide-item td-item8\">\r\n                        <figure class=\"td-slide-galery-figure td-slide-popup-gallery\">\r\n                            <a class=\"slide-gallery-image-link\" href=\"https:\/\/gorzow.news\/wp-content\/uploads\/2024\/01\/fotob-12226.jpg\" title=\"\"  data-caption=\"\"  data-description=\"\">\r\n                                <img decoding=\"async\" src=\"https:\/\/gorzow.news\/wp-content\/uploads\/2024\/01\/fotob-12226.jpg\" srcset=\"https:\/\/gorzow.news\/wp-content\/uploads\/2024\/01\/fotob-12226.jpg 1620w, https:\/\/gorzow.news\/wp-content\/uploads\/2024\/01\/fotob-12226-300x200.jpg 300w, https:\/\/gorzow.news\/wp-content\/uploads\/2024\/01\/fotob-12226-1024x683.jpg 1024w, https:\/\/gorzow.news\/wp-content\/uploads\/2024\/01\/fotob-12226-768x512.jpg 768w, https:\/\/gorzow.news\/wp-content\/uploads\/2024\/01\/fotob-12226-1536x1024.jpg 1536w, https:\/\/gorzow.news\/wp-content\/uploads\/2024\/01\/fotob-12226-696x464.jpg 696w, https:\/\/gorzow.news\/wp-content\/uploads\/2024\/01\/fotob-12226-1068x712.jpg 1068w\" sizes=\"(max-width: 1620px) 100vw, 1620px\" alt=\"\">\r\n                            <\/a>\r\n                            \r\n                        <\/figure>\r\n                    <\/div>\r\n                    <div class = \"td-slide-item td-item9\">\r\n                        <figure class=\"td-slide-galery-figure td-slide-popup-gallery\">\r\n                            <a class=\"slide-gallery-image-link\" href=\"https:\/\/gorzow.news\/wp-content\/uploads\/2024\/01\/fotob-12217.jpg\" title=\"\"  data-caption=\"\"  data-description=\"\">\r\n                                <img decoding=\"async\" src=\"https:\/\/gorzow.news\/wp-content\/uploads\/2024\/01\/fotob-12217.jpg\" srcset=\"https:\/\/gorzow.news\/wp-content\/uploads\/2024\/01\/fotob-12217.jpg 1620w, https:\/\/gorzow.news\/wp-content\/uploads\/2024\/01\/fotob-12217-300x200.jpg 300w, https:\/\/gorzow.news\/wp-content\/uploads\/2024\/01\/fotob-12217-1024x683.jpg 1024w, https:\/\/gorzow.news\/wp-content\/uploads\/2024\/01\/fotob-12217-768x512.jpg 768w, https:\/\/gorzow.news\/wp-content\/uploads\/2024\/01\/fotob-12217-1536x1024.jpg 1536w, https:\/\/gorzow.news\/wp-content\/uploads\/2024\/01\/fotob-12217-696x464.jpg 696w, https:\/\/gorzow.news\/wp-content\/uploads\/2024\/01\/fotob-12217-1068x712.jpg 1068w\" sizes=\"(max-width: 1620px) 100vw, 1620px\" alt=\"\">\r\n                            <\/a>\r\n                            \r\n                        <\/figure>\r\n                    <\/div>\r\n                    <div class = \"td-slide-item td-item10\">\r\n                        <figure class=\"td-slide-galery-figure td-slide-popup-gallery\">\r\n                            <a class=\"slide-gallery-image-link\" href=\"https:\/\/gorzow.news\/wp-content\/uploads\/2024\/01\/fotob-12214.jpg\" title=\"\"  data-caption=\"\"  data-description=\"\">\r\n                                <img decoding=\"async\" src=\"https:\/\/gorzow.news\/wp-content\/uploads\/2024\/01\/fotob-12214.jpg\" srcset=\"https:\/\/gorzow.news\/wp-content\/uploads\/2024\/01\/fotob-12214.jpg 1620w, https:\/\/gorzow.news\/wp-content\/uploads\/2024\/01\/fotob-12214-300x200.jpg 300w, https:\/\/gorzow.news\/wp-content\/uploads\/2024\/01\/fotob-12214-1024x683.jpg 1024w, https:\/\/gorzow.news\/wp-content\/uploads\/2024\/01\/fotob-12214-768x512.jpg 768w, https:\/\/gorzow.news\/wp-content\/uploads\/2024\/01\/fotob-12214-1536x1024.jpg 1536w, https:\/\/gorzow.news\/wp-content\/uploads\/2024\/01\/fotob-12214-696x464.jpg 696w, https:\/\/gorzow.news\/wp-content\/uploads\/2024\/01\/fotob-12214-1068x712.jpg 1068w\" sizes=\"(max-width: 1620px) 100vw, 1620px\" alt=\"\">\r\n                            <\/a>\r\n                            \r\n                        <\/figure>\r\n                    <\/div>\r\n                            <\/div>\r\n                        <\/div>\r\n\r\n                        <div class = \"td-doubleSlider-2\">\r\n                            <div class = \"td-slider\">\r\n                                \r\n                    <div class = \"td-button td-item1\">\r\n                        <div class = \"td-border\"><\/div>\r\n                    <\/div>\r\n                    <div class = \"td-button td-item2\">\r\n                        <div class = \"td-border\"><\/div>\r\n                    <\/div>\r\n                    <div class = \"td-button td-item3\">\r\n                        <div class = \"td-border\"><\/div>\r\n                    <\/div>\r\n                    <div class = \"td-button td-item4\">\r\n                        <div class = \"td-border\"><\/div>\r\n                    <\/div>\r\n                    <div class = \"td-button td-item5\">\r\n                        <div class = \"td-border\"><\/div>\r\n                    <\/div>\r\n                    <div class = \"td-button td-item6\">\r\n                        <div class = \"td-border\"><\/div>\r\n                    <\/div>\r\n                    <div class = \"td-button td-item7\">\r\n                        <div class = \"td-border\"><\/div>\r\n                    <\/div>\r\n                    <div class = \"td-button td-item8\">\r\n                        <div class = \"td-border\"><\/div>\r\n                    <\/div>\r\n                    <div class = \"td-button td-item9\">\r\n                        <div class = \"td-border\"><\/div>\r\n                    <\/div>\r\n                    <div class = \"td-button td-item10\">\r\n                        <div class = \"td-border\"><\/div>\r\n                    <\/div>\r\n                            <\/div>\r\n                        <\/div>\r\n\r\n                    <\/div>\r\n\r\n                <\/div>\r\n                ","protected":false},"excerpt":{"rendered":"<p>Wsp\u00f3lne okre\u015blenie potrzeb i oczekiwa\u0144, analiza za\u0142o\u017ce\u0144, ocena mo\u017cliwo\u015bci projektowych \u2013 to g\u0142\u00f3wne cele spotkania informacyjnego, kt\u00f3re odby\u0142o si\u0119 w sali sesyjnej Urz\u0119du Miasta Gorzowa i dotyczy\u0142o planowanej kontynuacji budowy \u015bcie\u017cki wzd\u0142u\u017c rzeki K\u0142odawki. Punktem wyj\u015bcia do dyskusji, by\u0142 opracowany przez sp\u00f3\u0142k\u0119 Gorzowskie Inwestycje Miejskie, program funkcjonalno-u\u017cytkowy dla tej inwestycji. \u015acie\u017cka wzd\u0142u\u017c K\u0142odawki, to nie [&hellip;]<\/p>\n","protected":false},"author":1,"featured_media":18772,"comment_status":"open","ping_status":"open","sticky":false,"template":"","format":"standard","meta":{"footnotes":"","_links_to":"","_links_to_target":""},"categories":[597,594,589],"tags":[2636,816,172,1376,1302,1303],"class_list":{"0":"post-18761","1":"post","2":"type-post","3":"status-publish","4":"format-standard","5":"has-post-thumbnail","7":"category-fakty-opinie","8":"category-info-ulice","9":"category-wiadomosci","10":"tag-andrzej-cegielnik","11":"tag-iwona-olek","12":"tag-jacek-szymankiewicz","15":"tag-sciezka-spacerowa"},"yoast_head":"<!-- This site is optimized with the Yoast SEO plugin v27.3 - https:\/\/yoast.com\/product\/yoast-seo-wordpress\/ -->\n<title>Urz\u0119dnicy i mieszka\u0144cy dyskutowali o \u015bcie\u017cce przy K\u0142odawce (zdj\u0119cia) - Gorz\u00f3w News<\/title>\n<meta name=\"description\" content=\"Wsp\u00f3lne okre\u015blenie potrzeb i oczekiwa\u0144, analiza za\u0142o\u017ce\u0144, ocena mo\u017cliwo\u015bci projektowych \u2013 to g\u0142\u00f3wne cele spotkania informacyjnego, kt\u00f3re o\" \/>\n<meta name=\"robots\" content=\"index, follow, max-snippet:-1, max-image-preview:large, max-video-preview:-1\" \/>\n<link rel=\"canonical\" href=\"https:\/\/gorzow.news\/index.php\/2024\/01\/26\/urzednicy-i-mieszkancy-dyskutowali-o-sciezce-przy-klodawce-zdjecia\/\" \/>\n<meta property=\"og:locale\" content=\"pl_PL\" \/>\n<meta property=\"og:type\" content=\"article\" \/>\n<meta property=\"og:title\" content=\"Urz\u0119dnicy i mieszka\u0144cy dyskutowali o \u015bcie\u017cce przy K\u0142odawce (zdj\u0119cia) - Gorz\u00f3w News\" \/>\n<meta property=\"og:description\" content=\"Wsp\u00f3lne okre\u015blenie potrzeb i oczekiwa\u0144, analiza za\u0142o\u017ce\u0144, ocena mo\u017cliwo\u015bci projektowych \u2013 to g\u0142\u00f3wne cele spotkania informacyjnego, kt\u00f3re o\" \/>\n<meta property=\"og:url\" content=\"https:\/\/gorzow.news\/index.php\/2024\/01\/26\/urzednicy-i-mieszkancy-dyskutowali-o-sciezce-przy-klodawce-zdjecia\/\" \/>\n<meta property=\"og:site_name\" content=\"Gorz\u00f3w News\" \/>\n<meta property=\"article:publisher\" content=\"https:\/\/www.facebook.com\/gorzowskinews\" \/>\n<meta property=\"article:published_time\" content=\"2024-01-26T13:04:42+00:00\" \/>\n<meta property=\"article:modified_time\" content=\"2024-01-26T13:04:43+00:00\" \/>\n<meta property=\"og:image\" content=\"https:\/\/gorzow.news\/wp-content\/uploads\/2024\/01\/fotob-12233-1.jpg\" \/>\n\t<meta property=\"og:image:width\" content=\"1620\" \/>\n\t<meta property=\"og:image:height\" content=\"766\" \/>\n\t<meta property=\"og:image:type\" content=\"image\/jpeg\" \/>\n<meta name=\"author\" content=\"maciej\" \/>\n<meta name=\"twitter:card\" content=\"summary_large_image\" \/>\n<meta name=\"twitter:label1\" content=\"Napisane przez\" \/>\n\t<meta name=\"twitter:data1\" content=\"maciej\" \/>\n\t<meta name=\"twitter:label2\" content=\"Szacowany czas czytania\" \/>\n\t<meta name=\"twitter:data2\" content=\"4 minuty\" \/>\n<script type=\"application\/ld+json\" class=\"yoast-schema-graph\">{\"@context\":\"https:\\\/\\\/schema.org\",\"@graph\":[{\"@type\":\"Article\",\"@id\":\"https:\\\/\\\/gorzow.news\\\/index.php\\\/2024\\\/01\\\/26\\\/urzednicy-i-mieszkancy-dyskutowali-o-sciezce-przy-klodawce-zdjecia\\\/#article\",\"isPartOf\":{\"@id\":\"https:\\\/\\\/gorzow.news\\\/index.php\\\/2024\\\/01\\\/26\\\/urzednicy-i-mieszkancy-dyskutowali-o-sciezce-przy-klodawce-zdjecia\\\/\"},\"author\":{\"name\":\"maciej\",\"@id\":\"https:\\\/\\\/gorzow.news\\\/#\\\/schema\\\/person\\\/a1e5ab43166369f2ce236a1cd90995bb\"},\"headline\":\"Urz\u0119dnicy i mieszka\u0144cy dyskutowali o \u015bcie\u017cce przy K\u0142odawce (zdj\u0119cia)\",\"datePublished\":\"2024-01-26T13:04:42+00:00\",\"dateModified\":\"2024-01-26T13:04:43+00:00\",\"mainEntityOfPage\":{\"@id\":\"https:\\\/\\\/gorzow.news\\\/index.php\\\/2024\\\/01\\\/26\\\/urzednicy-i-mieszkancy-dyskutowali-o-sciezce-przy-klodawce-zdjecia\\\/\"},\"wordCount\":720,\"commentCount\":0,\"image\":{\"@id\":\"https:\\\/\\\/gorzow.news\\\/index.php\\\/2024\\\/01\\\/26\\\/urzednicy-i-mieszkancy-dyskutowali-o-sciezce-przy-klodawce-zdjecia\\\/#primaryimage\"},\"thumbnailUrl\":\"https:\\\/\\\/gorzow.news\\\/wp-content\\\/uploads\\\/2024\\\/01\\\/fotob-12233-1.jpg\",\"keywords\":[\"Andrzej Cegielnik.\",\"Iwona Olek\",\"Jacek Szymankiewicz\",\"K\u0142odawka\",\"\u015bcie\u017cka rowerowa\",\"\u015bcie\u017cka spacerowa\"],\"articleSection\":[\"Fakty i opinie\",\"INFOulice\",\"Wiadomo\u015bci\"],\"inLanguage\":\"pl-PL\",\"potentialAction\":[{\"@type\":\"CommentAction\",\"name\":\"Comment\",\"target\":[\"https:\\\/\\\/gorzow.news\\\/index.php\\\/2024\\\/01\\\/26\\\/urzednicy-i-mieszkancy-dyskutowali-o-sciezce-przy-klodawce-zdjecia\\\/#respond\"]}]},{\"@type\":\"WebPage\",\"@id\":\"https:\\\/\\\/gorzow.news\\\/index.php\\\/2024\\\/01\\\/26\\\/urzednicy-i-mieszkancy-dyskutowali-o-sciezce-przy-klodawce-zdjecia\\\/\",\"url\":\"https:\\\/\\\/gorzow.news\\\/index.php\\\/2024\\\/01\\\/26\\\/urzednicy-i-mieszkancy-dyskutowali-o-sciezce-przy-klodawce-zdjecia\\\/\",\"name\":\"Urz\u0119dnicy i mieszka\u0144cy dyskutowali o \u015bcie\u017cce przy K\u0142odawce (zdj\u0119cia) - Gorz\u00f3w News\",\"isPartOf\":{\"@id\":\"https:\\\/\\\/gorzow.news\\\/#website\"},\"primaryImageOfPage\":{\"@id\":\"https:\\\/\\\/gorzow.news\\\/index.php\\\/2024\\\/01\\\/26\\\/urzednicy-i-mieszkancy-dyskutowali-o-sciezce-przy-klodawce-zdjecia\\\/#primaryimage\"},\"image\":{\"@id\":\"https:\\\/\\\/gorzow.news\\\/index.php\\\/2024\\\/01\\\/26\\\/urzednicy-i-mieszkancy-dyskutowali-o-sciezce-przy-klodawce-zdjecia\\\/#primaryimage\"},\"thumbnailUrl\":\"https:\\\/\\\/gorzow.news\\\/wp-content\\\/uploads\\\/2024\\\/01\\\/fotob-12233-1.jpg\",\"datePublished\":\"2024-01-26T13:04:42+00:00\",\"dateModified\":\"2024-01-26T13:04:43+00:00\",\"author\":{\"@id\":\"https:\\\/\\\/gorzow.news\\\/#\\\/schema\\\/person\\\/a1e5ab43166369f2ce236a1cd90995bb\"},\"description\":\"Wsp\u00f3lne okre\u015blenie potrzeb i oczekiwa\u0144, analiza za\u0142o\u017ce\u0144, ocena mo\u017cliwo\u015bci projektowych \u2013 to g\u0142\u00f3wne cele spotkania informacyjnego, kt\u00f3re odby\u0142o si\u0119 w sali sesyjnej Urz\u0119du Miasta Gorzowa i dotyczy\u0142o planowanej kontynuacji budowy \u015bcie\u017cki wzd\u0142u\u017c rzeki K\u0142odawki. Punktem wyj\u015bcia do dyskusji, by\u0142 opracowany przez sp\u00f3\u0142k\u0119 Gorzowskie Inwestycje Miejskie, program funkcjonalno-u\u017cytkowy dla tej inwestycji.\",\"breadcrumb\":{\"@id\":\"https:\\\/\\\/gorzow.news\\\/index.php\\\/2024\\\/01\\\/26\\\/urzednicy-i-mieszkancy-dyskutowali-o-sciezce-przy-klodawce-zdjecia\\\/#breadcrumb\"},\"inLanguage\":\"pl-PL\",\"potentialAction\":[{\"@type\":\"ReadAction\",\"target\":[\"https:\\\/\\\/gorzow.news\\\/index.php\\\/2024\\\/01\\\/26\\\/urzednicy-i-mieszkancy-dyskutowali-o-sciezce-przy-klodawce-zdjecia\\\/\"]}]},{\"@type\":\"ImageObject\",\"inLanguage\":\"pl-PL\",\"@id\":\"https:\\\/\\\/gorzow.news\\\/index.php\\\/2024\\\/01\\\/26\\\/urzednicy-i-mieszkancy-dyskutowali-o-sciezce-przy-klodawce-zdjecia\\\/#primaryimage\",\"url\":\"https:\\\/\\\/gorzow.news\\\/wp-content\\\/uploads\\\/2024\\\/01\\\/fotob-12233-1.jpg\",\"contentUrl\":\"https:\\\/\\\/gorzow.news\\\/wp-content\\\/uploads\\\/2024\\\/01\\\/fotob-12233-1.jpg\",\"width\":1620,\"height\":766,\"caption\":\"Gorzowianie aktywnie wzi\u0119li udzia\u0142 w zorganizowanym w Urz\u0119dzie Miasta spotkaniu. fot. \u0141ukasz Kulczy\u0144ski\"},{\"@type\":\"BreadcrumbList\",\"@id\":\"https:\\\/\\\/gorzow.news\\\/index.php\\\/2024\\\/01\\\/26\\\/urzednicy-i-mieszkancy-dyskutowali-o-sciezce-przy-klodawce-zdjecia\\\/#breadcrumb\",\"itemListElement\":[{\"@type\":\"ListItem\",\"position\":1,\"name\":\"Home\",\"item\":\"https:\\\/\\\/gorzow.news\\\/\"},{\"@type\":\"ListItem\",\"position\":2,\"name\":\"Urz\u0119dnicy i mieszka\u0144cy dyskutowali o \u015bcie\u017cce przy K\u0142odawce (zdj\u0119cia)\"}]},{\"@type\":\"WebSite\",\"@id\":\"https:\\\/\\\/gorzow.news\\\/#website\",\"url\":\"https:\\\/\\\/gorzow.news\\\/\",\"name\":\"Gorz\u00f3w News\",\"description\":\"Sp\u00f3jrz inaczej na miato i region...\",\"potentialAction\":[{\"@type\":\"SearchAction\",\"target\":{\"@type\":\"EntryPoint\",\"urlTemplate\":\"https:\\\/\\\/gorzow.news\\\/?s={search_term_string}\"},\"query-input\":{\"@type\":\"PropertyValueSpecification\",\"valueRequired\":true,\"valueName\":\"search_term_string\"}}],\"inLanguage\":\"pl-PL\"},{\"@type\":\"Person\",\"@id\":\"https:\\\/\\\/gorzow.news\\\/#\\\/schema\\\/person\\\/a1e5ab43166369f2ce236a1cd90995bb\",\"name\":\"maciej\",\"image\":{\"@type\":\"ImageObject\",\"inLanguage\":\"pl-PL\",\"@id\":\"https:\\\/\\\/secure.gravatar.com\\\/avatar\\\/530a674d56ba60cfa0ef21d74e8e8d123a51bb7aa6580465b5c2ab2c2e980a19?s=96&r=g&d=https:\\\/\\\/gorzow.news\\\/wp-content\\\/plugins\\\/userswp\\\/assets\\\/images\\\/no_profile.png\",\"url\":\"https:\\\/\\\/secure.gravatar.com\\\/avatar\\\/530a674d56ba60cfa0ef21d74e8e8d123a51bb7aa6580465b5c2ab2c2e980a19?s=96&r=g&d=https:\\\/\\\/gorzow.news\\\/wp-content\\\/plugins\\\/userswp\\\/assets\\\/images\\\/no_profile.png\",\"contentUrl\":\"https:\\\/\\\/secure.gravatar.com\\\/avatar\\\/530a674d56ba60cfa0ef21d74e8e8d123a51bb7aa6580465b5c2ab2c2e980a19?s=96&r=g&d=https:\\\/\\\/gorzow.news\\\/wp-content\\\/plugins\\\/userswp\\\/assets\\\/images\\\/no_profile.png\",\"caption\":\"maciej\"},\"url\":\"https:\\\/\\\/gorzow.news\\\/index.php\\\/profile\\\/maciej\\\/\"}]}<\/script>\n<!-- \/ Yoast SEO plugin. -->","yoast_head_json":{"title":"Urz\u0119dnicy i mieszka\u0144cy dyskutowali o \u015bcie\u017cce przy K\u0142odawce (zdj\u0119cia) - Gorz\u00f3w News","description":"Wsp\u00f3lne okre\u015blenie potrzeb i oczekiwa\u0144, analiza za\u0142o\u017ce\u0144, ocena mo\u017cliwo\u015bci projektowych \u2013 to g\u0142\u00f3wne cele spotkania informacyjnego, kt\u00f3re o","robots":{"index":"index","follow":"follow","max-snippet":"max-snippet:-1","max-image-preview":"max-image-preview:large","max-video-preview":"max-video-preview:-1"},"canonical":"https:\/\/gorzow.news\/index.php\/2024\/01\/26\/urzednicy-i-mieszkancy-dyskutowali-o-sciezce-przy-klodawce-zdjecia\/","og_locale":"pl_PL","og_type":"article","og_title":"Urz\u0119dnicy i mieszka\u0144cy dyskutowali o \u015bcie\u017cce przy K\u0142odawce (zdj\u0119cia) - Gorz\u00f3w News","og_description":"Wsp\u00f3lne okre\u015blenie potrzeb i oczekiwa\u0144, analiza za\u0142o\u017ce\u0144, ocena mo\u017cliwo\u015bci projektowych \u2013 to g\u0142\u00f3wne cele spotkania informacyjnego, kt\u00f3re o","og_url":"https:\/\/gorzow.news\/index.php\/2024\/01\/26\/urzednicy-i-mieszkancy-dyskutowali-o-sciezce-przy-klodawce-zdjecia\/","og_site_name":"Gorz\u00f3w News","article_publisher":"https:\/\/www.facebook.com\/gorzowskinews","article_published_time":"2024-01-26T13:04:42+00:00","article_modified_time":"2024-01-26T13:04:43+00:00","og_image":[{"width":1620,"height":766,"url":"https:\/\/gorzow.news\/wp-content\/uploads\/2024\/01\/fotob-12233-1.jpg","type":"image\/jpeg"}],"author":"maciej","twitter_card":"summary_large_image","twitter_misc":{"Napisane przez":"maciej","Szacowany czas czytania":"4 minuty"},"schema":{"@context":"https:\/\/schema.org","@graph":[{"@type":"Article","@id":"https:\/\/gorzow.news\/index.php\/2024\/01\/26\/urzednicy-i-mieszkancy-dyskutowali-o-sciezce-przy-klodawce-zdjecia\/#article","isPartOf":{"@id":"https:\/\/gorzow.news\/index.php\/2024\/01\/26\/urzednicy-i-mieszkancy-dyskutowali-o-sciezce-przy-klodawce-zdjecia\/"},"author":{"name":"maciej","@id":"https:\/\/gorzow.news\/#\/schema\/person\/a1e5ab43166369f2ce236a1cd90995bb"},"headline":"Urz\u0119dnicy i mieszka\u0144cy dyskutowali o \u015bcie\u017cce przy K\u0142odawce (zdj\u0119cia)","datePublished":"2024-01-26T13:04:42+00:00","dateModified":"2024-01-26T13:04:43+00:00","mainEntityOfPage":{"@id":"https:\/\/gorzow.news\/index.php\/2024\/01\/26\/urzednicy-i-mieszkancy-dyskutowali-o-sciezce-przy-klodawce-zdjecia\/"},"wordCount":720,"commentCount":0,"image":{"@id":"https:\/\/gorzow.news\/index.php\/2024\/01\/26\/urzednicy-i-mieszkancy-dyskutowali-o-sciezce-przy-klodawce-zdjecia\/#primaryimage"},"thumbnailUrl":"https:\/\/gorzow.news\/wp-content\/uploads\/2024\/01\/fotob-12233-1.jpg","keywords":["Andrzej Cegielnik.","Iwona Olek","Jacek Szymankiewicz","K\u0142odawka","\u015bcie\u017cka rowerowa","\u015bcie\u017cka spacerowa"],"articleSection":["Fakty i opinie","INFOulice","Wiadomo\u015bci"],"inLanguage":"pl-PL","potentialAction":[{"@type":"CommentAction","name":"Comment","target":["https:\/\/gorzow.news\/index.php\/2024\/01\/26\/urzednicy-i-mieszkancy-dyskutowali-o-sciezce-przy-klodawce-zdjecia\/#respond"]}]},{"@type":"WebPage","@id":"https:\/\/gorzow.news\/index.php\/2024\/01\/26\/urzednicy-i-mieszkancy-dyskutowali-o-sciezce-przy-klodawce-zdjecia\/","url":"https:\/\/gorzow.news\/index.php\/2024\/01\/26\/urzednicy-i-mieszkancy-dyskutowali-o-sciezce-przy-klodawce-zdjecia\/","name":"Urz\u0119dnicy i mieszka\u0144cy dyskutowali o \u015bcie\u017cce przy K\u0142odawce (zdj\u0119cia) - Gorz\u00f3w News","isPartOf":{"@id":"https:\/\/gorzow.news\/#website"},"primaryImageOfPage":{"@id":"https:\/\/gorzow.news\/index.php\/2024\/01\/26\/urzednicy-i-mieszkancy-dyskutowali-o-sciezce-przy-klodawce-zdjecia\/#primaryimage"},"image":{"@id":"https:\/\/gorzow.news\/index.php\/2024\/01\/26\/urzednicy-i-mieszkancy-dyskutowali-o-sciezce-przy-klodawce-zdjecia\/#primaryimage"},"thumbnailUrl":"https:\/\/gorzow.news\/wp-content\/uploads\/2024\/01\/fotob-12233-1.jpg","datePublished":"2024-01-26T13:04:42+00:00","dateModified":"2024-01-26T13:04:43+00:00","author":{"@id":"https:\/\/gorzow.news\/#\/schema\/person\/a1e5ab43166369f2ce236a1cd90995bb"},"description":"Wsp\u00f3lne okre\u015blenie potrzeb i oczekiwa\u0144, analiza za\u0142o\u017ce\u0144, ocena mo\u017cliwo\u015bci projektowych \u2013 to g\u0142\u00f3wne cele spotkania informacyjnego, kt\u00f3re odby\u0142o si\u0119 w sali sesyjnej Urz\u0119du Miasta Gorzowa i dotyczy\u0142o planowanej kontynuacji budowy \u015bcie\u017cki wzd\u0142u\u017c rzeki K\u0142odawki. Punktem wyj\u015bcia do dyskusji, by\u0142 opracowany przez sp\u00f3\u0142k\u0119 Gorzowskie Inwestycje Miejskie, program funkcjonalno-u\u017cytkowy dla tej inwestycji.","breadcrumb":{"@id":"https:\/\/gorzow.news\/index.php\/2024\/01\/26\/urzednicy-i-mieszkancy-dyskutowali-o-sciezce-przy-klodawce-zdjecia\/#breadcrumb"},"inLanguage":"pl-PL","potentialAction":[{"@type":"ReadAction","target":["https:\/\/gorzow.news\/index.php\/2024\/01\/26\/urzednicy-i-mieszkancy-dyskutowali-o-sciezce-przy-klodawce-zdjecia\/"]}]},{"@type":"ImageObject","inLanguage":"pl-PL","@id":"https:\/\/gorzow.news\/index.php\/2024\/01\/26\/urzednicy-i-mieszkancy-dyskutowali-o-sciezce-przy-klodawce-zdjecia\/#primaryimage","url":"https:\/\/gorzow.news\/wp-content\/uploads\/2024\/01\/fotob-12233-1.jpg","contentUrl":"https:\/\/gorzow.news\/wp-content\/uploads\/2024\/01\/fotob-12233-1.jpg","width":1620,"height":766,"caption":"Gorzowianie aktywnie wzi\u0119li udzia\u0142 w zorganizowanym w Urz\u0119dzie Miasta spotkaniu. fot. \u0141ukasz Kulczy\u0144ski"},{"@type":"BreadcrumbList","@id":"https:\/\/gorzow.news\/index.php\/2024\/01\/26\/urzednicy-i-mieszkancy-dyskutowali-o-sciezce-przy-klodawce-zdjecia\/#breadcrumb","itemListElement":[{"@type":"ListItem","position":1,"name":"Home","item":"https:\/\/gorzow.news\/"},{"@type":"ListItem","position":2,"name":"Urz\u0119dnicy i mieszka\u0144cy dyskutowali o \u015bcie\u017cce przy K\u0142odawce (zdj\u0119cia)"}]},{"@type":"WebSite","@id":"https:\/\/gorzow.news\/#website","url":"https:\/\/gorzow.news\/","name":"Gorz\u00f3w News","description":"Sp\u00f3jrz inaczej na miato i region...","potentialAction":[{"@type":"SearchAction","target":{"@type":"EntryPoint","urlTemplate":"https:\/\/gorzow.news\/?s={search_term_string}"},"query-input":{"@type":"PropertyValueSpecification","valueRequired":true,"valueName":"search_term_string"}}],"inLanguage":"pl-PL"},{"@type":"Person","@id":"https:\/\/gorzow.news\/#\/schema\/person\/a1e5ab43166369f2ce236a1cd90995bb","name":"maciej","image":{"@type":"ImageObject","inLanguage":"pl-PL","@id":"https:\/\/secure.gravatar.com\/avatar\/530a674d56ba60cfa0ef21d74e8e8d123a51bb7aa6580465b5c2ab2c2e980a19?s=96&r=g&d=https:\/\/gorzow.news\/wp-content\/plugins\/userswp\/assets\/images\/no_profile.png","url":"https:\/\/secure.gravatar.com\/avatar\/530a674d56ba60cfa0ef21d74e8e8d123a51bb7aa6580465b5c2ab2c2e980a19?s=96&r=g&d=https:\/\/gorzow.news\/wp-content\/plugins\/userswp\/assets\/images\/no_profile.png","contentUrl":"https:\/\/secure.gravatar.com\/avatar\/530a674d56ba60cfa0ef21d74e8e8d123a51bb7aa6580465b5c2ab2c2e980a19?s=96&r=g&d=https:\/\/gorzow.news\/wp-content\/plugins\/userswp\/assets\/images\/no_profile.png","caption":"maciej"},"url":"https:\/\/gorzow.news\/index.php\/profile\/maciej\/"}]}},"_links":{"self":[{"href":"https:\/\/gorzow.news\/index.php\/wp-json\/wp\/v2\/posts\/18761","targetHints":{"allow":["GET"]}}],"collection":[{"href":"https:\/\/gorzow.news\/index.php\/wp-json\/wp\/v2\/posts"}],"about":[{"href":"https:\/\/gorzow.news\/index.php\/wp-json\/wp\/v2\/types\/post"}],"author":[{"embeddable":true,"href":"https:\/\/gorzow.news\/index.php\/wp-json\/wp\/v2\/users\/1"}],"replies":[{"embeddable":true,"href":"https:\/\/gorzow.news\/index.php\/wp-json\/wp\/v2\/comments?post=18761"}],"version-history":[{"count":1,"href":"https:\/\/gorzow.news\/index.php\/wp-json\/wp\/v2\/posts\/18761\/revisions"}],"predecessor-version":[{"id":18773,"href":"https:\/\/gorzow.news\/index.php\/wp-json\/wp\/v2\/posts\/18761\/revisions\/18773"}],"wp:featuredmedia":[{"embeddable":true,"href":"https:\/\/gorzow.news\/index.php\/wp-json\/wp\/v2\/media\/18772"}],"wp:attachment":[{"href":"https:\/\/gorzow.news\/index.php\/wp-json\/wp\/v2\/media?parent=18761"}],"wp:term":[{"taxonomy":"category","embeddable":true,"href":"https:\/\/gorzow.news\/index.php\/wp-json\/wp\/v2\/categories?post=18761"},{"taxonomy":"post_tag","embeddable":true,"href":"https:\/\/gorzow.news\/index.php\/wp-json\/wp\/v2\/tags?post=18761"}],"curies":[{"name":"wp","href":"https:\/\/api.w.org\/{rel}","templated":true}]}}