{"id":1733,"date":"2021-07-07T01:16:37","date_gmt":"2021-07-06T23:16:37","guid":{"rendered":"https:\/\/gorzow.news\/?p=1733"},"modified":"2021-11-13T14:44:44","modified_gmt":"2021-11-13T13:44:44","slug":"buk-z-ronda-ofiar-katynia-idealnym-przykladem-sytuacji-zieleni-w-miescie","status":"publish","type":"post","link":"https:\/\/gorzow.news\/index.php\/2021\/07\/07\/buk-z-ronda-ofiar-katynia-idealnym-przykladem-sytuacji-zieleni-w-miescie\/","title":{"rendered":"Buk z ronda Ofiar Katynia idealnym przyk\u0142adem sytuacji zieleni w mie\u015bcie!"},"content":{"rendered":"\n<p><strong>Jeszcze w 2005 roku, tu\u017c przed budow\u0105 przecinaj\u0105cej Park Kopernika aleji Ruchu M\u0142odzie\u017cy Niezale\u017cnej ogromny pl\u0105cz\u0105cy buk otwiera\u0142 dla wielu gorzowian wej\u015bcie do parku. W najbli\u017cszym czasie nie b\u0119dzie ju\u017c po nim \u015bladu\u2026<\/strong><\/p>\n\n\n\n<p>Szcz\u0119\u015bcie, jak si\u0119 wtedy wydawa\u0142o polega\u0142o na tym, \u017ce to du\u017ce drzewo znalaz\u0142o si\u0119 w miejscu budowanego ronda. Postanowiono je zostawi\u0107. Jego szcz\u0119\u015bcie nie trwa\u0142 jednak d\u0142ugo. Z roku na rok by\u0142o wida\u0107, \u017ce marnieje. Jeszcze kilka lat temu wieszano na nim \u015bwi\u0105teczne \u015bwiate\u0142ka.<\/p>\n\n\n\n<p>Teraz postawiono na nim definitywny krzy\u017cyk\u2026 Czeka na ostateczn\u0105 wycink\u0119.<\/p>\n\n\n\n<p>I \u017ceby nie by\u0142o, nie winimy o to obecnych w\u0142adz miasta. Ukazujemy jednak, \u017ce to jak\u017ce pi\u0119kne jeszcze kilkana\u015bcie lat temu drzewo za chwil\u0119 na zawsze zniknie. Przy wielu inwestycjach miasto podchodzi do wycinki drzew zbyt frywolnie. Drzewa rosn\u0105 dziesi\u0105tki, jak nie setki lat\u2026 Nie jeste\u015bmy przeciwnikami inwestycji. Wr\u0119cz przeciwnie, to one nap\u0119dzaj\u0105 rozw\u00f3j miasta. Dzia\u0142ajmy jednak z g\u0142ow\u0105!<\/p>\n\n\n\n<p><strong>Aktualne zdj\u0119cia:<\/strong><\/p>\n\n\n\n<figure class=\"wp-block-image size-large\"><img loading=\"lazy\" decoding=\"async\" width=\"1024\" height=\"576\" src=\"https:\/\/gorzow.news\/wp-content\/uploads\/2021\/07\/IMG_20210701_174944_1-1024x576.jpg\" alt=\"\" class=\"wp-image-1738\" srcset=\"https:\/\/gorzow.news\/wp-content\/uploads\/2021\/07\/IMG_20210701_174944_1-1024x576.jpg 1024w, https:\/\/gorzow.news\/wp-content\/uploads\/2021\/07\/IMG_20210701_174944_1-300x169.jpg 300w, https:\/\/gorzow.news\/wp-content\/uploads\/2021\/07\/IMG_20210701_174944_1-768x432.jpg 768w, https:\/\/gorzow.news\/wp-content\/uploads\/2021\/07\/IMG_20210701_174944_1-1536x864.jpg 1536w, https:\/\/gorzow.news\/wp-content\/uploads\/2021\/07\/IMG_20210701_174944_1-2048x1152.jpg 2048w, https:\/\/gorzow.news\/wp-content\/uploads\/2021\/07\/IMG_20210701_174944_1-696x392.jpg 696w, https:\/\/gorzow.news\/wp-content\/uploads\/2021\/07\/IMG_20210701_174944_1-1068x601.jpg 1068w, https:\/\/gorzow.news\/wp-content\/uploads\/2021\/07\/IMG_20210701_174944_1-1920x1080.jpg 1920w\" sizes=\"auto, (max-width: 1024px) 100vw, 1024px\" \/><\/figure>\n\n\n\n<figure class=\"wp-block-image size-large\"><img loading=\"lazy\" decoding=\"async\" width=\"1024\" height=\"576\" src=\"https:\/\/gorzow.news\/wp-content\/uploads\/2021\/07\/IMG_20210701_174848-1024x576.jpg\" alt=\"\" class=\"wp-image-1737\" srcset=\"https:\/\/gorzow.news\/wp-content\/uploads\/2021\/07\/IMG_20210701_174848-1024x576.jpg 1024w, https:\/\/gorzow.news\/wp-content\/uploads\/2021\/07\/IMG_20210701_174848-300x169.jpg 300w, https:\/\/gorzow.news\/wp-content\/uploads\/2021\/07\/IMG_20210701_174848-768x432.jpg 768w, https:\/\/gorzow.news\/wp-content\/uploads\/2021\/07\/IMG_20210701_174848-1536x864.jpg 1536w, https:\/\/gorzow.news\/wp-content\/uploads\/2021\/07\/IMG_20210701_174848-2048x1152.jpg 2048w, https:\/\/gorzow.news\/wp-content\/uploads\/2021\/07\/IMG_20210701_174848-696x392.jpg 696w, https:\/\/gorzow.news\/wp-content\/uploads\/2021\/07\/IMG_20210701_174848-1068x601.jpg 1068w, https:\/\/gorzow.news\/wp-content\/uploads\/2021\/07\/IMG_20210701_174848-1920x1080.jpg 1920w\" sizes=\"auto, (max-width: 1024px) 100vw, 1024px\" \/><\/figure>\n\n\n\n<figure class=\"wp-block-image size-large\"><img loading=\"lazy\" decoding=\"async\" width=\"1024\" height=\"576\" src=\"https:\/\/gorzow.news\/wp-content\/uploads\/2021\/07\/IMG_20210701_175055-1024x576.jpg\" alt=\"\" class=\"wp-image-1739\" srcset=\"https:\/\/gorzow.news\/wp-content\/uploads\/2021\/07\/IMG_20210701_175055-1024x576.jpg 1024w, https:\/\/gorzow.news\/wp-content\/uploads\/2021\/07\/IMG_20210701_175055-300x169.jpg 300w, https:\/\/gorzow.news\/wp-content\/uploads\/2021\/07\/IMG_20210701_175055-768x432.jpg 768w, https:\/\/gorzow.news\/wp-content\/uploads\/2021\/07\/IMG_20210701_175055-1536x864.jpg 1536w, https:\/\/gorzow.news\/wp-content\/uploads\/2021\/07\/IMG_20210701_175055-2048x1152.jpg 2048w, https:\/\/gorzow.news\/wp-content\/uploads\/2021\/07\/IMG_20210701_175055-696x392.jpg 696w, https:\/\/gorzow.news\/wp-content\/uploads\/2021\/07\/IMG_20210701_175055-1068x601.jpg 1068w, https:\/\/gorzow.news\/wp-content\/uploads\/2021\/07\/IMG_20210701_175055-1920x1080.jpg 1920w\" sizes=\"auto, (max-width: 1024px) 100vw, 1024px\" \/><\/figure>\n\n\n\n<p><strong>Zdj\u0119cia wcze\u015bniejsze:<\/strong><\/p>\n\n\n\n<div class=\"wp-block-image\"><figure class=\"aligncenter size-large\"><img loading=\"lazy\" decoding=\"async\" width=\"800\" height=\"534\" src=\"https:\/\/gorzow.news\/wp-content\/uploads\/2021\/07\/image009.jpg\" alt=\"\" class=\"wp-image-1736\" srcset=\"https:\/\/gorzow.news\/wp-content\/uploads\/2021\/07\/image009.jpg 800w, https:\/\/gorzow.news\/wp-content\/uploads\/2021\/07\/image009-300x200.jpg 300w, https:\/\/gorzow.news\/wp-content\/uploads\/2021\/07\/image009-768x513.jpg 768w, https:\/\/gorzow.news\/wp-content\/uploads\/2021\/07\/image009-696x465.jpg 696w\" sizes=\"auto, (max-width: 800px) 100vw, 800px\" \/><figcaption>fot. geodeta.gorzow.pl<\/figcaption><\/figure><\/div>\n\n\n\n<div class=\"wp-block-image\"><figure class=\"aligncenter size-large\"><img loading=\"lazy\" decoding=\"async\" width=\"768\" height=\"1024\" src=\"https:\/\/gorzow.news\/wp-content\/uploads\/2021\/07\/20526700.jpg\" alt=\"\" class=\"wp-image-1734\" srcset=\"https:\/\/gorzow.news\/wp-content\/uploads\/2021\/07\/20526700.jpg 768w, https:\/\/gorzow.news\/wp-content\/uploads\/2021\/07\/20526700-225x300.jpg 225w, https:\/\/gorzow.news\/wp-content\/uploads\/2021\/07\/20526700-696x928.jpg 696w\" sizes=\"auto, (max-width: 768px) 100vw, 768px\" \/><\/figure><\/div>\n\n\n\n<div class=\"wp-block-image\"><figure class=\"aligncenter size-large\"><img loading=\"lazy\" decoding=\"async\" width=\"709\" height=\"531\" src=\"https:\/\/gorzow.news\/wp-content\/uploads\/2021\/07\/DSC00671.jpg\" alt=\"\" class=\"wp-image-1735\" srcset=\"https:\/\/gorzow.news\/wp-content\/uploads\/2021\/07\/DSC00671.jpg 709w, https:\/\/gorzow.news\/wp-content\/uploads\/2021\/07\/DSC00671-300x225.jpg 300w, https:\/\/gorzow.news\/wp-content\/uploads\/2021\/07\/DSC00671-696x521.jpg 696w\" sizes=\"auto, (max-width: 709px) 100vw, 709px\" \/><figcaption>gorzowlkp.blogspot.com<\/figcaption><\/figure><\/div>\n\n\n\n<p><\/p>\n","protected":false},"excerpt":{"rendered":"<p>Jeszcze w 2005 roku, tu\u017c przed budow\u0105 przecinaj\u0105c\u0105 Park Kopernika alej\u0119 Ruchu M\u0142odzie\u017cy Niezale\u017cnej ogromny pl\u0105cz\u0105cy buk otwiera\u0142 dla wielu gorzowian wej\u015bcie do parku. W najbli\u017cszym czasie nie b\u0119dzie ju\u017c po nim \u015bladu\u2026<\/p>\n","protected":false},"author":1,"featured_media":1737,"comment_status":"open","ping_status":"open","sticky":false,"template":"","format":"standard","meta":{"footnotes":"","_links_to":"","_links_to_target":""},"categories":[74,589],"tags":[391,389,118,390],"class_list":{"0":"post-1733","1":"post","2":"type-post","3":"status-publish","4":"format-standard","5":"has-post-thumbnail","7":"category-warto-wiedziec","8":"category-wiadomosci","9":"tag-aleja-ruchu-mlodziezy-niezaleznej","10":"tag-buk-placzacy","11":"tag-park-kopernika","12":"tag-rondo-ofiar-katynia"},"yoast_head":"<!-- This site is optimized with the Yoast SEO plugin v27.3 - https:\/\/yoast.com\/product\/yoast-seo-wordpress\/ -->\n<title>Buk z ronda Ofiar Katynia idealnym przyk\u0142adem sytuacji zieleni w mie\u015bcie! - Gorz\u00f3w News<\/title>\n<meta name=\"robots\" content=\"index, follow, max-snippet:-1, max-image-preview:large, max-video-preview:-1\" \/>\n<link rel=\"canonical\" href=\"https:\/\/gorzow.news\/index.php\/2021\/07\/07\/buk-z-ronda-ofiar-katynia-idealnym-przykladem-sytuacji-zieleni-w-miescie\/\" \/>\n<meta property=\"og:locale\" content=\"pl_PL\" \/>\n<meta property=\"og:type\" content=\"article\" \/>\n<meta property=\"og:title\" content=\"Buk z ronda Ofiar Katynia idealnym przyk\u0142adem sytuacji zieleni w mie\u015bcie! - Gorz\u00f3w News\" \/>\n<meta property=\"og:description\" content=\"Jeszcze w 2005 roku, tu\u017c przed budow\u0105 przecinaj\u0105c\u0105 Park Kopernika alej\u0119 Ruchu M\u0142odzie\u017cy Niezale\u017cnej ogromny pl\u0105cz\u0105cy buk otwiera\u0142 dla wielu\" \/>\n<meta property=\"og:url\" content=\"https:\/\/gorzow.news\/index.php\/2021\/07\/07\/buk-z-ronda-ofiar-katynia-idealnym-przykladem-sytuacji-zieleni-w-miescie\/\" \/>\n<meta property=\"og:site_name\" content=\"Gorz\u00f3w News\" \/>\n<meta property=\"article:publisher\" content=\"https:\/\/www.facebook.com\/gorzowskinews\" \/>\n<meta property=\"article:published_time\" content=\"2021-07-06T23:16:37+00:00\" \/>\n<meta property=\"article:modified_time\" content=\"2021-11-13T13:44:44+00:00\" \/>\n<meta property=\"og:image\" content=\"https:\/\/gorzow.news\/wp-content\/uploads\/2021\/07\/IMG_20210701_174848-scaled.jpg\" \/>\n\t<meta property=\"og:image:width\" content=\"2560\" \/>\n\t<meta property=\"og:image:height\" content=\"1440\" \/>\n\t<meta property=\"og:image:type\" content=\"image\/jpeg\" \/>\n<meta name=\"author\" content=\"maciej\" \/>\n<meta name=\"twitter:card\" content=\"summary_large_image\" \/>\n<meta name=\"twitter:label1\" content=\"Napisane przez\" \/>\n\t<meta name=\"twitter:data1\" content=\"maciej\" \/>\n\t<meta name=\"twitter:label2\" content=\"Szacowany czas czytania\" \/>\n\t<meta name=\"twitter:data2\" content=\"2 minuty\" \/>\n<script type=\"application\/ld+json\" class=\"yoast-schema-graph\">{\"@context\":\"https:\\\/\\\/schema.org\",\"@graph\":[{\"@type\":\"Article\",\"@id\":\"https:\\\/\\\/gorzow.news\\\/index.php\\\/2021\\\/07\\\/07\\\/buk-z-ronda-ofiar-katynia-idealnym-przykladem-sytuacji-zieleni-w-miescie\\\/#article\",\"isPartOf\":{\"@id\":\"https:\\\/\\\/gorzow.news\\\/index.php\\\/2021\\\/07\\\/07\\\/buk-z-ronda-ofiar-katynia-idealnym-przykladem-sytuacji-zieleni-w-miescie\\\/\"},\"author\":{\"name\":\"maciej\",\"@id\":\"https:\\\/\\\/gorzow.news\\\/#\\\/schema\\\/person\\\/a1e5ab43166369f2ce236a1cd90995bb\"},\"headline\":\"Buk z ronda Ofiar Katynia idealnym przyk\u0142adem sytuacji zieleni w mie\u015bcie!\",\"datePublished\":\"2021-07-06T23:16:37+00:00\",\"dateModified\":\"2021-11-13T13:44:44+00:00\",\"mainEntityOfPage\":{\"@id\":\"https:\\\/\\\/gorzow.news\\\/index.php\\\/2021\\\/07\\\/07\\\/buk-z-ronda-ofiar-katynia-idealnym-przykladem-sytuacji-zieleni-w-miescie\\\/\"},\"wordCount\":204,\"commentCount\":0,\"image\":{\"@id\":\"https:\\\/\\\/gorzow.news\\\/index.php\\\/2021\\\/07\\\/07\\\/buk-z-ronda-ofiar-katynia-idealnym-przykladem-sytuacji-zieleni-w-miescie\\\/#primaryimage\"},\"thumbnailUrl\":\"https:\\\/\\\/gorzow.news\\\/wp-content\\\/uploads\\\/2021\\\/07\\\/IMG_20210701_174848-scaled.jpg\",\"keywords\":[\"aleja Ruchu M\u0142odzie\u017cy Niezale\u017cnej\",\"buk p\u0142acz\u0105cy\",\"Park Kopernika\",\"rondo Ofiar Katynia\"],\"articleSection\":[\"Warto wiedzie\u0107\",\"Wiadomo\u015bci\"],\"inLanguage\":\"pl-PL\",\"potentialAction\":[{\"@type\":\"CommentAction\",\"name\":\"Comment\",\"target\":[\"https:\\\/\\\/gorzow.news\\\/index.php\\\/2021\\\/07\\\/07\\\/buk-z-ronda-ofiar-katynia-idealnym-przykladem-sytuacji-zieleni-w-miescie\\\/#respond\"]}]},{\"@type\":\"WebPage\",\"@id\":\"https:\\\/\\\/gorzow.news\\\/index.php\\\/2021\\\/07\\\/07\\\/buk-z-ronda-ofiar-katynia-idealnym-przykladem-sytuacji-zieleni-w-miescie\\\/\",\"url\":\"https:\\\/\\\/gorzow.news\\\/index.php\\\/2021\\\/07\\\/07\\\/buk-z-ronda-ofiar-katynia-idealnym-przykladem-sytuacji-zieleni-w-miescie\\\/\",\"name\":\"Buk z ronda Ofiar Katynia idealnym przyk\u0142adem sytuacji zieleni w mie\u015bcie! - Gorz\u00f3w News\",\"isPartOf\":{\"@id\":\"https:\\\/\\\/gorzow.news\\\/#website\"},\"primaryImageOfPage\":{\"@id\":\"https:\\\/\\\/gorzow.news\\\/index.php\\\/2021\\\/07\\\/07\\\/buk-z-ronda-ofiar-katynia-idealnym-przykladem-sytuacji-zieleni-w-miescie\\\/#primaryimage\"},\"image\":{\"@id\":\"https:\\\/\\\/gorzow.news\\\/index.php\\\/2021\\\/07\\\/07\\\/buk-z-ronda-ofiar-katynia-idealnym-przykladem-sytuacji-zieleni-w-miescie\\\/#primaryimage\"},\"thumbnailUrl\":\"https:\\\/\\\/gorzow.news\\\/wp-content\\\/uploads\\\/2021\\\/07\\\/IMG_20210701_174848-scaled.jpg\",\"datePublished\":\"2021-07-06T23:16:37+00:00\",\"dateModified\":\"2021-11-13T13:44:44+00:00\",\"author\":{\"@id\":\"https:\\\/\\\/gorzow.news\\\/#\\\/schema\\\/person\\\/a1e5ab43166369f2ce236a1cd90995bb\"},\"breadcrumb\":{\"@id\":\"https:\\\/\\\/gorzow.news\\\/index.php\\\/2021\\\/07\\\/07\\\/buk-z-ronda-ofiar-katynia-idealnym-przykladem-sytuacji-zieleni-w-miescie\\\/#breadcrumb\"},\"inLanguage\":\"pl-PL\",\"potentialAction\":[{\"@type\":\"ReadAction\",\"target\":[\"https:\\\/\\\/gorzow.news\\\/index.php\\\/2021\\\/07\\\/07\\\/buk-z-ronda-ofiar-katynia-idealnym-przykladem-sytuacji-zieleni-w-miescie\\\/\"]}]},{\"@type\":\"ImageObject\",\"inLanguage\":\"pl-PL\",\"@id\":\"https:\\\/\\\/gorzow.news\\\/index.php\\\/2021\\\/07\\\/07\\\/buk-z-ronda-ofiar-katynia-idealnym-przykladem-sytuacji-zieleni-w-miescie\\\/#primaryimage\",\"url\":\"https:\\\/\\\/gorzow.news\\\/wp-content\\\/uploads\\\/2021\\\/07\\\/IMG_20210701_174848-scaled.jpg\",\"contentUrl\":\"https:\\\/\\\/gorzow.news\\\/wp-content\\\/uploads\\\/2021\\\/07\\\/IMG_20210701_174848-scaled.jpg\",\"width\":2560,\"height\":1440},{\"@type\":\"BreadcrumbList\",\"@id\":\"https:\\\/\\\/gorzow.news\\\/index.php\\\/2021\\\/07\\\/07\\\/buk-z-ronda-ofiar-katynia-idealnym-przykladem-sytuacji-zieleni-w-miescie\\\/#breadcrumb\",\"itemListElement\":[{\"@type\":\"ListItem\",\"position\":1,\"name\":\"Home\",\"item\":\"https:\\\/\\\/gorzow.news\\\/\"},{\"@type\":\"ListItem\",\"position\":2,\"name\":\"Buk z ronda Ofiar Katynia idealnym przyk\u0142adem sytuacji zieleni w mie\u015bcie!\"}]},{\"@type\":\"WebSite\",\"@id\":\"https:\\\/\\\/gorzow.news\\\/#website\",\"url\":\"https:\\\/\\\/gorzow.news\\\/\",\"name\":\"Gorz\u00f3w News\",\"description\":\"Sp\u00f3jrz inaczej na miato i region...\",\"potentialAction\":[{\"@type\":\"SearchAction\",\"target\":{\"@type\":\"EntryPoint\",\"urlTemplate\":\"https:\\\/\\\/gorzow.news\\\/?s={search_term_string}\"},\"query-input\":{\"@type\":\"PropertyValueSpecification\",\"valueRequired\":true,\"valueName\":\"search_term_string\"}}],\"inLanguage\":\"pl-PL\"},{\"@type\":\"Person\",\"@id\":\"https:\\\/\\\/gorzow.news\\\/#\\\/schema\\\/person\\\/a1e5ab43166369f2ce236a1cd90995bb\",\"name\":\"maciej\",\"image\":{\"@type\":\"ImageObject\",\"inLanguage\":\"pl-PL\",\"@id\":\"https:\\\/\\\/secure.gravatar.com\\\/avatar\\\/530a674d56ba60cfa0ef21d74e8e8d123a51bb7aa6580465b5c2ab2c2e980a19?s=96&r=g&d=https:\\\/\\\/gorzow.news\\\/wp-content\\\/plugins\\\/userswp\\\/assets\\\/images\\\/no_profile.png\",\"url\":\"https:\\\/\\\/secure.gravatar.com\\\/avatar\\\/530a674d56ba60cfa0ef21d74e8e8d123a51bb7aa6580465b5c2ab2c2e980a19?s=96&r=g&d=https:\\\/\\\/gorzow.news\\\/wp-content\\\/plugins\\\/userswp\\\/assets\\\/images\\\/no_profile.png\",\"contentUrl\":\"https:\\\/\\\/secure.gravatar.com\\\/avatar\\\/530a674d56ba60cfa0ef21d74e8e8d123a51bb7aa6580465b5c2ab2c2e980a19?s=96&r=g&d=https:\\\/\\\/gorzow.news\\\/wp-content\\\/plugins\\\/userswp\\\/assets\\\/images\\\/no_profile.png\",\"caption\":\"maciej\"},\"url\":\"https:\\\/\\\/gorzow.news\\\/index.php\\\/profile\\\/maciej\\\/\"}]}<\/script>\n<!-- \/ Yoast SEO plugin. -->","yoast_head_json":{"title":"Buk z ronda Ofiar Katynia idealnym przyk\u0142adem sytuacji zieleni w mie\u015bcie! - Gorz\u00f3w News","robots":{"index":"index","follow":"follow","max-snippet":"max-snippet:-1","max-image-preview":"max-image-preview:large","max-video-preview":"max-video-preview:-1"},"canonical":"https:\/\/gorzow.news\/index.php\/2021\/07\/07\/buk-z-ronda-ofiar-katynia-idealnym-przykladem-sytuacji-zieleni-w-miescie\/","og_locale":"pl_PL","og_type":"article","og_title":"Buk z ronda Ofiar Katynia idealnym przyk\u0142adem sytuacji zieleni w mie\u015bcie! - Gorz\u00f3w News","og_description":"Jeszcze w 2005 roku, tu\u017c przed budow\u0105 przecinaj\u0105c\u0105 Park Kopernika alej\u0119 Ruchu M\u0142odzie\u017cy Niezale\u017cnej ogromny pl\u0105cz\u0105cy buk otwiera\u0142 dla wielu","og_url":"https:\/\/gorzow.news\/index.php\/2021\/07\/07\/buk-z-ronda-ofiar-katynia-idealnym-przykladem-sytuacji-zieleni-w-miescie\/","og_site_name":"Gorz\u00f3w News","article_publisher":"https:\/\/www.facebook.com\/gorzowskinews","article_published_time":"2021-07-06T23:16:37+00:00","article_modified_time":"2021-11-13T13:44:44+00:00","og_image":[{"width":2560,"height":1440,"url":"https:\/\/gorzow.news\/wp-content\/uploads\/2021\/07\/IMG_20210701_174848-scaled.jpg","type":"image\/jpeg"}],"author":"maciej","twitter_card":"summary_large_image","twitter_misc":{"Napisane przez":"maciej","Szacowany czas czytania":"2 minuty"},"schema":{"@context":"https:\/\/schema.org","@graph":[{"@type":"Article","@id":"https:\/\/gorzow.news\/index.php\/2021\/07\/07\/buk-z-ronda-ofiar-katynia-idealnym-przykladem-sytuacji-zieleni-w-miescie\/#article","isPartOf":{"@id":"https:\/\/gorzow.news\/index.php\/2021\/07\/07\/buk-z-ronda-ofiar-katynia-idealnym-przykladem-sytuacji-zieleni-w-miescie\/"},"author":{"name":"maciej","@id":"https:\/\/gorzow.news\/#\/schema\/person\/a1e5ab43166369f2ce236a1cd90995bb"},"headline":"Buk z ronda Ofiar Katynia idealnym przyk\u0142adem sytuacji zieleni w mie\u015bcie!","datePublished":"2021-07-06T23:16:37+00:00","dateModified":"2021-11-13T13:44:44+00:00","mainEntityOfPage":{"@id":"https:\/\/gorzow.news\/index.php\/2021\/07\/07\/buk-z-ronda-ofiar-katynia-idealnym-przykladem-sytuacji-zieleni-w-miescie\/"},"wordCount":204,"commentCount":0,"image":{"@id":"https:\/\/gorzow.news\/index.php\/2021\/07\/07\/buk-z-ronda-ofiar-katynia-idealnym-przykladem-sytuacji-zieleni-w-miescie\/#primaryimage"},"thumbnailUrl":"https:\/\/gorzow.news\/wp-content\/uploads\/2021\/07\/IMG_20210701_174848-scaled.jpg","keywords":["aleja Ruchu M\u0142odzie\u017cy Niezale\u017cnej","buk p\u0142acz\u0105cy","Park Kopernika","rondo Ofiar Katynia"],"articleSection":["Warto wiedzie\u0107","Wiadomo\u015bci"],"inLanguage":"pl-PL","potentialAction":[{"@type":"CommentAction","name":"Comment","target":["https:\/\/gorzow.news\/index.php\/2021\/07\/07\/buk-z-ronda-ofiar-katynia-idealnym-przykladem-sytuacji-zieleni-w-miescie\/#respond"]}]},{"@type":"WebPage","@id":"https:\/\/gorzow.news\/index.php\/2021\/07\/07\/buk-z-ronda-ofiar-katynia-idealnym-przykladem-sytuacji-zieleni-w-miescie\/","url":"https:\/\/gorzow.news\/index.php\/2021\/07\/07\/buk-z-ronda-ofiar-katynia-idealnym-przykladem-sytuacji-zieleni-w-miescie\/","name":"Buk z ronda Ofiar Katynia idealnym przyk\u0142adem sytuacji zieleni w mie\u015bcie! - Gorz\u00f3w News","isPartOf":{"@id":"https:\/\/gorzow.news\/#website"},"primaryImageOfPage":{"@id":"https:\/\/gorzow.news\/index.php\/2021\/07\/07\/buk-z-ronda-ofiar-katynia-idealnym-przykladem-sytuacji-zieleni-w-miescie\/#primaryimage"},"image":{"@id":"https:\/\/gorzow.news\/index.php\/2021\/07\/07\/buk-z-ronda-ofiar-katynia-idealnym-przykladem-sytuacji-zieleni-w-miescie\/#primaryimage"},"thumbnailUrl":"https:\/\/gorzow.news\/wp-content\/uploads\/2021\/07\/IMG_20210701_174848-scaled.jpg","datePublished":"2021-07-06T23:16:37+00:00","dateModified":"2021-11-13T13:44:44+00:00","author":{"@id":"https:\/\/gorzow.news\/#\/schema\/person\/a1e5ab43166369f2ce236a1cd90995bb"},"breadcrumb":{"@id":"https:\/\/gorzow.news\/index.php\/2021\/07\/07\/buk-z-ronda-ofiar-katynia-idealnym-przykladem-sytuacji-zieleni-w-miescie\/#breadcrumb"},"inLanguage":"pl-PL","potentialAction":[{"@type":"ReadAction","target":["https:\/\/gorzow.news\/index.php\/2021\/07\/07\/buk-z-ronda-ofiar-katynia-idealnym-przykladem-sytuacji-zieleni-w-miescie\/"]}]},{"@type":"ImageObject","inLanguage":"pl-PL","@id":"https:\/\/gorzow.news\/index.php\/2021\/07\/07\/buk-z-ronda-ofiar-katynia-idealnym-przykladem-sytuacji-zieleni-w-miescie\/#primaryimage","url":"https:\/\/gorzow.news\/wp-content\/uploads\/2021\/07\/IMG_20210701_174848-scaled.jpg","contentUrl":"https:\/\/gorzow.news\/wp-content\/uploads\/2021\/07\/IMG_20210701_174848-scaled.jpg","width":2560,"height":1440},{"@type":"BreadcrumbList","@id":"https:\/\/gorzow.news\/index.php\/2021\/07\/07\/buk-z-ronda-ofiar-katynia-idealnym-przykladem-sytuacji-zieleni-w-miescie\/#breadcrumb","itemListElement":[{"@type":"ListItem","position":1,"name":"Home","item":"https:\/\/gorzow.news\/"},{"@type":"ListItem","position":2,"name":"Buk z ronda Ofiar Katynia idealnym przyk\u0142adem sytuacji zieleni w mie\u015bcie!"}]},{"@type":"WebSite","@id":"https:\/\/gorzow.news\/#website","url":"https:\/\/gorzow.news\/","name":"Gorz\u00f3w News","description":"Sp\u00f3jrz inaczej na miato i region...","potentialAction":[{"@type":"SearchAction","target":{"@type":"EntryPoint","urlTemplate":"https:\/\/gorzow.news\/?s={search_term_string}"},"query-input":{"@type":"PropertyValueSpecification","valueRequired":true,"valueName":"search_term_string"}}],"inLanguage":"pl-PL"},{"@type":"Person","@id":"https:\/\/gorzow.news\/#\/schema\/person\/a1e5ab43166369f2ce236a1cd90995bb","name":"maciej","image":{"@type":"ImageObject","inLanguage":"pl-PL","@id":"https:\/\/secure.gravatar.com\/avatar\/530a674d56ba60cfa0ef21d74e8e8d123a51bb7aa6580465b5c2ab2c2e980a19?s=96&r=g&d=https:\/\/gorzow.news\/wp-content\/plugins\/userswp\/assets\/images\/no_profile.png","url":"https:\/\/secure.gravatar.com\/avatar\/530a674d56ba60cfa0ef21d74e8e8d123a51bb7aa6580465b5c2ab2c2e980a19?s=96&r=g&d=https:\/\/gorzow.news\/wp-content\/plugins\/userswp\/assets\/images\/no_profile.png","contentUrl":"https:\/\/secure.gravatar.com\/avatar\/530a674d56ba60cfa0ef21d74e8e8d123a51bb7aa6580465b5c2ab2c2e980a19?s=96&r=g&d=https:\/\/gorzow.news\/wp-content\/plugins\/userswp\/assets\/images\/no_profile.png","caption":"maciej"},"url":"https:\/\/gorzow.news\/index.php\/profile\/maciej\/"}]}},"_links":{"self":[{"href":"https:\/\/gorzow.news\/index.php\/wp-json\/wp\/v2\/posts\/1733","targetHints":{"allow":["GET"]}}],"collection":[{"href":"https:\/\/gorzow.news\/index.php\/wp-json\/wp\/v2\/posts"}],"about":[{"href":"https:\/\/gorzow.news\/index.php\/wp-json\/wp\/v2\/types\/post"}],"author":[{"embeddable":true,"href":"https:\/\/gorzow.news\/index.php\/wp-json\/wp\/v2\/users\/1"}],"replies":[{"embeddable":true,"href":"https:\/\/gorzow.news\/index.php\/wp-json\/wp\/v2\/comments?post=1733"}],"version-history":[{"count":0,"href":"https:\/\/gorzow.news\/index.php\/wp-json\/wp\/v2\/posts\/1733\/revisions"}],"wp:featuredmedia":[{"embeddable":true,"href":"https:\/\/gorzow.news\/index.php\/wp-json\/wp\/v2\/media\/1737"}],"wp:attachment":[{"href":"https:\/\/gorzow.news\/index.php\/wp-json\/wp\/v2\/media?parent=1733"}],"wp:term":[{"taxonomy":"category","embeddable":true,"href":"https:\/\/gorzow.news\/index.php\/wp-json\/wp\/v2\/categories?post=1733"},{"taxonomy":"post_tag","embeddable":true,"href":"https:\/\/gorzow.news\/index.php\/wp-json\/wp\/v2\/tags?post=1733"}],"curies":[{"name":"wp","href":"https:\/\/api.w.org\/{rel}","templated":true}]}}