{"id":1715,"date":"2021-07-06T17:32:08","date_gmt":"2021-07-06T15:32:08","guid":{"rendered":"https:\/\/gorzow.news\/?p=1715"},"modified":"2021-09-09T12:11:38","modified_gmt":"2021-09-09T10:11:38","slug":"kolejny-tydzien-opoznienia-na-mysliborskiej","status":"publish","type":"post","link":"https:\/\/gorzow.news\/index.php\/2021\/07\/06\/kolejny-tydzien-opoznienia-na-mysliborskiej\/","title":{"rendered":"Kolejny tydzie\u0144 op\u00f3\u017anienia na My\u015bliborskiej&#8230;"},"content":{"rendered":"\n<p><strong>Wykonawca czteropasmowej ulicy My\u015bliborskiej, firm Budomex S.A. zapowiada\u0142a, \u017ce po siedmiu miesi\u0105cach op\u00f3\u017anienia prace drogowe zako\u0144czy 30 czerwca, a samochody pojad\u0105 wszystkimi pasmami dzie\u0144 lub dwa dni p\u00f3\u017aniej. Tak si\u0119 jednak nie sta\u0142o.<\/strong><\/p>\n\n\n\n<p>Budowla\u0144cy kolejny raz nie wyrobili si\u0119 we wskazanym terminie. Tym razem nie uko\u0144czono na czas poszerzenia do dw\u00f3ch pas\u00f3w ponad 100 metrowego odcinka ulicy, kt\u00f3ry biegnie od skrzy\u017cowania z drog\u0105 S3 i specjalnie by\u0142 wcze\u015bniej zw\u0119\u017cony, bo w tym miejscu ko\u0144czy\u0142a si\u0119 \u00f3wczesna droga z dwoma pasami w obie strony. Do 2 lipca firmie Budomex S.A. uda\u0142o si\u0119 po\u0142o\u017cy\u0107 kraw\u0119\u017cniki w nowym miejscu. We weekend na budowie prace nie by\u0142y jednak prowadzone\u2026<\/p>\n\n\n\n<p>Dzi\u015b wylewano pierwsze warstwy asfaltu na poszerzonym odcinku drogi. Wszystko wskazuje na to, \u017ce prace lada dzie\u0144 powinny by\u0107 wreszcie zako\u0144czone! Czy przed tym weekendem pojedziemy wszystkimi passami nowej ul. My\u015bliborskiej? Oby tak si\u0119 sta\u0142o!<\/p>\n\n\n\n<p><strong>O rozbudowie ulicy My\u015bliborskiej pisali\u015bmy tutaj:<\/strong><br><a href=\"https:\/\/gorzow.news\/index.php\/2021\/07\/01\/przed-weekendem-pojedziemy-dwujezdniowa-mysliborska-zdjecia\/\">Przed weekendem pojedziemy dwujezdniow\u0105 My\u015bliborsk\u0105! (zdj\u0119cia)<\/a><br><a href=\"https:\/\/gorzow.news\/index.php\/2021\/06\/11\/mysliborska-z-kolejnym-opoznieniem-na-wylotowce-na-gdansk-tez-beda-spore-poslizgi-zdjecia\/\">My\u015bliborska z kolejnym op\u00f3\u017anieniem. Na wylot\u00f3wce na Gda\u0144sk te\u017c b\u0119d\u0105 spore po\u015blizgi! (zdj\u0119cia)<\/a><\/p>\n\n\n\n<p>Firma Budomex buduje r\u00f3wnie\u017c ulic\u0119 Walczaka, gdzie ju\u017c dzi\u015b zapowiada sze\u015b\u0107 miesi\u0119cy op\u00f3\u017anienia! <strong>Tutaj nasze wizyty na Walczaka:<\/strong><br><a href=\"https:\/\/gorzow.news\/index.php\/2021\/06\/29\/po-szesciu-tygodniach-znow-jestesmy-na-walczaka-duzo-zdjec\/\">Po sze\u015bciu tygodniach zn\u00f3w jeste\u015bmy na Walczaka (du\u017co zdj\u0119\u0107)<\/a><br><a href=\"https:\/\/gorzow.news\/index.php\/2021\/05\/14\/przebudowa-ulicy-walczaka\/\">Przebudowa ulicy Walczaka<\/a><\/p>\n\n\n\n<figure class=\"wp-block-image size-large\"><img loading=\"lazy\" decoding=\"async\" width=\"1024\" height=\"472\" src=\"https:\/\/gorzow.news\/wp-content\/uploads\/2021\/07\/20210706_140322-1024x472.jpg\" alt=\"\" class=\"wp-image-1716\" srcset=\"https:\/\/gorzow.news\/wp-content\/uploads\/2021\/07\/20210706_140322-1024x472.jpg 1024w, https:\/\/gorzow.news\/wp-content\/uploads\/2021\/07\/20210706_140322-300x138.jpg 300w, https:\/\/gorzow.news\/wp-content\/uploads\/2021\/07\/20210706_140322-768x354.jpg 768w, https:\/\/gorzow.news\/wp-content\/uploads\/2021\/07\/20210706_140322-1536x709.jpg 1536w, https:\/\/gorzow.news\/wp-content\/uploads\/2021\/07\/20210706_140322-2048x945.jpg 2048w, https:\/\/gorzow.news\/wp-content\/uploads\/2021\/07\/20210706_140322-696x321.jpg 696w, https:\/\/gorzow.news\/wp-content\/uploads\/2021\/07\/20210706_140322-1068x493.jpg 1068w, https:\/\/gorzow.news\/wp-content\/uploads\/2021\/07\/20210706_140322-1920x886.jpg 1920w\" sizes=\"auto, (max-width: 1024px) 100vw, 1024px\" \/><\/figure>\n\n\n\n<figure class=\"wp-block-image size-large\"><img loading=\"lazy\" decoding=\"async\" width=\"1024\" height=\"472\" src=\"https:\/\/gorzow.news\/wp-content\/uploads\/2021\/07\/20210706_140333-1024x472.jpg\" alt=\"\" class=\"wp-image-1717\" srcset=\"https:\/\/gorzow.news\/wp-content\/uploads\/2021\/07\/20210706_140333-1024x472.jpg 1024w, https:\/\/gorzow.news\/wp-content\/uploads\/2021\/07\/20210706_140333-300x138.jpg 300w, https:\/\/gorzow.news\/wp-content\/uploads\/2021\/07\/20210706_140333-768x354.jpg 768w, https:\/\/gorzow.news\/wp-content\/uploads\/2021\/07\/20210706_140333-1536x709.jpg 1536w, https:\/\/gorzow.news\/wp-content\/uploads\/2021\/07\/20210706_140333-2048x945.jpg 2048w, https:\/\/gorzow.news\/wp-content\/uploads\/2021\/07\/20210706_140333-696x321.jpg 696w, https:\/\/gorzow.news\/wp-content\/uploads\/2021\/07\/20210706_140333-1068x493.jpg 1068w, https:\/\/gorzow.news\/wp-content\/uploads\/2021\/07\/20210706_140333-1920x886.jpg 1920w\" sizes=\"auto, (max-width: 1024px) 100vw, 1024px\" \/><\/figure>\n\n\n\n<figure class=\"wp-block-image size-large\"><img loading=\"lazy\" decoding=\"async\" width=\"1024\" height=\"472\" src=\"https:\/\/gorzow.news\/wp-content\/uploads\/2021\/07\/20210706_1403400-1024x472.jpg\" alt=\"\" class=\"wp-image-1718\" srcset=\"https:\/\/gorzow.news\/wp-content\/uploads\/2021\/07\/20210706_1403400-1024x472.jpg 1024w, https:\/\/gorzow.news\/wp-content\/uploads\/2021\/07\/20210706_1403400-300x138.jpg 300w, https:\/\/gorzow.news\/wp-content\/uploads\/2021\/07\/20210706_1403400-768x354.jpg 768w, https:\/\/gorzow.news\/wp-content\/uploads\/2021\/07\/20210706_1403400-1536x709.jpg 1536w, https:\/\/gorzow.news\/wp-content\/uploads\/2021\/07\/20210706_1403400-2048x945.jpg 2048w, https:\/\/gorzow.news\/wp-content\/uploads\/2021\/07\/20210706_1403400-696x321.jpg 696w, https:\/\/gorzow.news\/wp-content\/uploads\/2021\/07\/20210706_1403400-1068x493.jpg 1068w, https:\/\/gorzow.news\/wp-content\/uploads\/2021\/07\/20210706_1403400-1920x886.jpg 1920w\" sizes=\"auto, (max-width: 1024px) 100vw, 1024px\" \/><\/figure>\n\n\n\n<figure class=\"wp-block-image size-large\"><img loading=\"lazy\" decoding=\"async\" width=\"1024\" height=\"515\" src=\"https:\/\/gorzow.news\/wp-content\/uploads\/2021\/07\/20210706_1403553-1024x515.jpg\" alt=\"\" class=\"wp-image-1719\" srcset=\"https:\/\/gorzow.news\/wp-content\/uploads\/2021\/07\/20210706_1403553-1024x515.jpg 1024w, https:\/\/gorzow.news\/wp-content\/uploads\/2021\/07\/20210706_1403553-300x151.jpg 300w, https:\/\/gorzow.news\/wp-content\/uploads\/2021\/07\/20210706_1403553-768x386.jpg 768w, https:\/\/gorzow.news\/wp-content\/uploads\/2021\/07\/20210706_1403553-1536x772.jpg 1536w, https:\/\/gorzow.news\/wp-content\/uploads\/2021\/07\/20210706_1403553-2048x1030.jpg 2048w, https:\/\/gorzow.news\/wp-content\/uploads\/2021\/07\/20210706_1403553-696x350.jpg 696w, https:\/\/gorzow.news\/wp-content\/uploads\/2021\/07\/20210706_1403553-1068x537.jpg 1068w, https:\/\/gorzow.news\/wp-content\/uploads\/2021\/07\/20210706_1403553-1920x965.jpg 1920w\" sizes=\"auto, (max-width: 1024px) 100vw, 1024px\" \/><\/figure>\n","protected":false},"excerpt":{"rendered":"<p>Wykonawca czteropasmowej ulicy My\u015bliborskiej, firm Budomex S.A. zapowiada\u0142a, \u017ce po siedmiu miesi\u0105cach op\u00f3\u017anienia prace drogowe zako\u0144czy 30 czerwca, a samochody pojad\u0105 wszystkimi pasmami dzie\u0144 lub dwa dni p\u00f3\u017aniej. Tak si\u0119 jednak nie sta\u0142o.<\/p>\n","protected":false},"author":1,"featured_media":1718,"comment_status":"open","ping_status":"open","sticky":false,"template":"","format":"standard","meta":{"footnotes":"","_links_to":"","_links_to_target":""},"categories":[594,589],"tags":[246,383,247,369],"class_list":{"0":"post-1715","1":"post","2":"type-post","3":"status-publish","4":"format-standard","5":"has-post-thumbnail","7":"category-info-ulice","8":"category-wiadomosci","9":"tag-budomex","10":"tag-cztery-pasy","11":"tag-mysliborska","12":"tag-s3"},"yoast_head":"<!-- This site is optimized with the Yoast SEO plugin v27.3 - https:\/\/yoast.com\/product\/yoast-seo-wordpress\/ -->\n<title>Kolejny tydzie\u0144 op\u00f3\u017anienia na My\u015bliborskiej... - Gorz\u00f3w News<\/title>\n<meta name=\"robots\" content=\"index, follow, max-snippet:-1, max-image-preview:large, max-video-preview:-1\" \/>\n<link rel=\"canonical\" href=\"https:\/\/gorzow.news\/index.php\/2021\/07\/06\/kolejny-tydzien-opoznienia-na-mysliborskiej\/\" \/>\n<meta property=\"og:locale\" content=\"pl_PL\" \/>\n<meta property=\"og:type\" content=\"article\" \/>\n<meta property=\"og:title\" content=\"Kolejny tydzie\u0144 op\u00f3\u017anienia na My\u015bliborskiej... - Gorz\u00f3w News\" \/>\n<meta property=\"og:description\" content=\"Wykonawca czteropasmowej ulicy My\u015bliborskiej, firm Budomex S.A. zapowiada\u0142a, \u017ce po siedmiu miesi\u0105cach op\u00f3\u017anienia prace drogowe zako\u0144czy 30 czer\" \/>\n<meta property=\"og:url\" content=\"https:\/\/gorzow.news\/index.php\/2021\/07\/06\/kolejny-tydzien-opoznienia-na-mysliborskiej\/\" \/>\n<meta property=\"og:site_name\" content=\"Gorz\u00f3w News\" \/>\n<meta property=\"article:publisher\" content=\"https:\/\/www.facebook.com\/gorzowskinews\" \/>\n<meta property=\"article:published_time\" content=\"2021-07-06T15:32:08+00:00\" \/>\n<meta property=\"article:modified_time\" content=\"2021-09-09T10:11:38+00:00\" \/>\n<meta property=\"og:image\" content=\"https:\/\/gorzow.news\/wp-content\/uploads\/2021\/07\/20210706_1403400-scaled.jpg\" \/>\n\t<meta property=\"og:image:width\" content=\"2560\" \/>\n\t<meta property=\"og:image:height\" content=\"1181\" \/>\n\t<meta property=\"og:image:type\" content=\"image\/jpeg\" \/>\n<meta name=\"author\" content=\"maciej\" \/>\n<meta name=\"twitter:card\" content=\"summary_large_image\" \/>\n<meta name=\"twitter:label1\" content=\"Napisane przez\" \/>\n\t<meta name=\"twitter:data1\" content=\"maciej\" \/>\n\t<meta name=\"twitter:label2\" content=\"Szacowany czas czytania\" \/>\n\t<meta name=\"twitter:data2\" content=\"2 minuty\" \/>\n<script type=\"application\/ld+json\" class=\"yoast-schema-graph\">{\"@context\":\"https:\\\/\\\/schema.org\",\"@graph\":[{\"@type\":\"Article\",\"@id\":\"https:\\\/\\\/gorzow.news\\\/index.php\\\/2021\\\/07\\\/06\\\/kolejny-tydzien-opoznienia-na-mysliborskiej\\\/#article\",\"isPartOf\":{\"@id\":\"https:\\\/\\\/gorzow.news\\\/index.php\\\/2021\\\/07\\\/06\\\/kolejny-tydzien-opoznienia-na-mysliborskiej\\\/\"},\"author\":{\"name\":\"maciej\",\"@id\":\"https:\\\/\\\/gorzow.news\\\/#\\\/schema\\\/person\\\/a1e5ab43166369f2ce236a1cd90995bb\"},\"headline\":\"Kolejny tydzie\u0144 op\u00f3\u017anienia na My\u015bliborskiej&#8230;\",\"datePublished\":\"2021-07-06T15:32:08+00:00\",\"dateModified\":\"2021-09-09T10:11:38+00:00\",\"mainEntityOfPage\":{\"@id\":\"https:\\\/\\\/gorzow.news\\\/index.php\\\/2021\\\/07\\\/06\\\/kolejny-tydzien-opoznienia-na-mysliborskiej\\\/\"},\"wordCount\":244,\"commentCount\":0,\"image\":{\"@id\":\"https:\\\/\\\/gorzow.news\\\/index.php\\\/2021\\\/07\\\/06\\\/kolejny-tydzien-opoznienia-na-mysliborskiej\\\/#primaryimage\"},\"thumbnailUrl\":\"https:\\\/\\\/gorzow.news\\\/wp-content\\\/uploads\\\/2021\\\/07\\\/20210706_1403400-scaled.jpg\",\"keywords\":[\"Budomex\",\"cztery pasy\",\"My\u015bliborska\",\"S3\"],\"articleSection\":[\"INFOulice\",\"Wiadomo\u015bci\"],\"inLanguage\":\"pl-PL\",\"potentialAction\":[{\"@type\":\"CommentAction\",\"name\":\"Comment\",\"target\":[\"https:\\\/\\\/gorzow.news\\\/index.php\\\/2021\\\/07\\\/06\\\/kolejny-tydzien-opoznienia-na-mysliborskiej\\\/#respond\"]}]},{\"@type\":\"WebPage\",\"@id\":\"https:\\\/\\\/gorzow.news\\\/index.php\\\/2021\\\/07\\\/06\\\/kolejny-tydzien-opoznienia-na-mysliborskiej\\\/\",\"url\":\"https:\\\/\\\/gorzow.news\\\/index.php\\\/2021\\\/07\\\/06\\\/kolejny-tydzien-opoznienia-na-mysliborskiej\\\/\",\"name\":\"Kolejny tydzie\u0144 op\u00f3\u017anienia na My\u015bliborskiej... - Gorz\u00f3w News\",\"isPartOf\":{\"@id\":\"https:\\\/\\\/gorzow.news\\\/#website\"},\"primaryImageOfPage\":{\"@id\":\"https:\\\/\\\/gorzow.news\\\/index.php\\\/2021\\\/07\\\/06\\\/kolejny-tydzien-opoznienia-na-mysliborskiej\\\/#primaryimage\"},\"image\":{\"@id\":\"https:\\\/\\\/gorzow.news\\\/index.php\\\/2021\\\/07\\\/06\\\/kolejny-tydzien-opoznienia-na-mysliborskiej\\\/#primaryimage\"},\"thumbnailUrl\":\"https:\\\/\\\/gorzow.news\\\/wp-content\\\/uploads\\\/2021\\\/07\\\/20210706_1403400-scaled.jpg\",\"datePublished\":\"2021-07-06T15:32:08+00:00\",\"dateModified\":\"2021-09-09T10:11:38+00:00\",\"author\":{\"@id\":\"https:\\\/\\\/gorzow.news\\\/#\\\/schema\\\/person\\\/a1e5ab43166369f2ce236a1cd90995bb\"},\"breadcrumb\":{\"@id\":\"https:\\\/\\\/gorzow.news\\\/index.php\\\/2021\\\/07\\\/06\\\/kolejny-tydzien-opoznienia-na-mysliborskiej\\\/#breadcrumb\"},\"inLanguage\":\"pl-PL\",\"potentialAction\":[{\"@type\":\"ReadAction\",\"target\":[\"https:\\\/\\\/gorzow.news\\\/index.php\\\/2021\\\/07\\\/06\\\/kolejny-tydzien-opoznienia-na-mysliborskiej\\\/\"]}]},{\"@type\":\"ImageObject\",\"inLanguage\":\"pl-PL\",\"@id\":\"https:\\\/\\\/gorzow.news\\\/index.php\\\/2021\\\/07\\\/06\\\/kolejny-tydzien-opoznienia-na-mysliborskiej\\\/#primaryimage\",\"url\":\"https:\\\/\\\/gorzow.news\\\/wp-content\\\/uploads\\\/2021\\\/07\\\/20210706_1403400-scaled.jpg\",\"contentUrl\":\"https:\\\/\\\/gorzow.news\\\/wp-content\\\/uploads\\\/2021\\\/07\\\/20210706_1403400-scaled.jpg\",\"width\":2560,\"height\":1181},{\"@type\":\"BreadcrumbList\",\"@id\":\"https:\\\/\\\/gorzow.news\\\/index.php\\\/2021\\\/07\\\/06\\\/kolejny-tydzien-opoznienia-na-mysliborskiej\\\/#breadcrumb\",\"itemListElement\":[{\"@type\":\"ListItem\",\"position\":1,\"name\":\"Home\",\"item\":\"https:\\\/\\\/gorzow.news\\\/\"},{\"@type\":\"ListItem\",\"position\":2,\"name\":\"Kolejny tydzie\u0144 op\u00f3\u017anienia na My\u015bliborskiej&#8230;\"}]},{\"@type\":\"WebSite\",\"@id\":\"https:\\\/\\\/gorzow.news\\\/#website\",\"url\":\"https:\\\/\\\/gorzow.news\\\/\",\"name\":\"Gorz\u00f3w News\",\"description\":\"Sp\u00f3jrz inaczej na miato i region...\",\"potentialAction\":[{\"@type\":\"SearchAction\",\"target\":{\"@type\":\"EntryPoint\",\"urlTemplate\":\"https:\\\/\\\/gorzow.news\\\/?s={search_term_string}\"},\"query-input\":{\"@type\":\"PropertyValueSpecification\",\"valueRequired\":true,\"valueName\":\"search_term_string\"}}],\"inLanguage\":\"pl-PL\"},{\"@type\":\"Person\",\"@id\":\"https:\\\/\\\/gorzow.news\\\/#\\\/schema\\\/person\\\/a1e5ab43166369f2ce236a1cd90995bb\",\"name\":\"maciej\",\"image\":{\"@type\":\"ImageObject\",\"inLanguage\":\"pl-PL\",\"@id\":\"https:\\\/\\\/secure.gravatar.com\\\/avatar\\\/530a674d56ba60cfa0ef21d74e8e8d123a51bb7aa6580465b5c2ab2c2e980a19?s=96&r=g&d=https:\\\/\\\/gorzow.news\\\/wp-content\\\/plugins\\\/userswp\\\/assets\\\/images\\\/no_profile.png\",\"url\":\"https:\\\/\\\/secure.gravatar.com\\\/avatar\\\/530a674d56ba60cfa0ef21d74e8e8d123a51bb7aa6580465b5c2ab2c2e980a19?s=96&r=g&d=https:\\\/\\\/gorzow.news\\\/wp-content\\\/plugins\\\/userswp\\\/assets\\\/images\\\/no_profile.png\",\"contentUrl\":\"https:\\\/\\\/secure.gravatar.com\\\/avatar\\\/530a674d56ba60cfa0ef21d74e8e8d123a51bb7aa6580465b5c2ab2c2e980a19?s=96&r=g&d=https:\\\/\\\/gorzow.news\\\/wp-content\\\/plugins\\\/userswp\\\/assets\\\/images\\\/no_profile.png\",\"caption\":\"maciej\"},\"url\":\"https:\\\/\\\/gorzow.news\\\/index.php\\\/profile\\\/maciej\\\/\"}]}<\/script>\n<!-- \/ Yoast SEO plugin. -->","yoast_head_json":{"title":"Kolejny tydzie\u0144 op\u00f3\u017anienia na My\u015bliborskiej... - Gorz\u00f3w News","robots":{"index":"index","follow":"follow","max-snippet":"max-snippet:-1","max-image-preview":"max-image-preview:large","max-video-preview":"max-video-preview:-1"},"canonical":"https:\/\/gorzow.news\/index.php\/2021\/07\/06\/kolejny-tydzien-opoznienia-na-mysliborskiej\/","og_locale":"pl_PL","og_type":"article","og_title":"Kolejny tydzie\u0144 op\u00f3\u017anienia na My\u015bliborskiej... - Gorz\u00f3w News","og_description":"Wykonawca czteropasmowej ulicy My\u015bliborskiej, firm Budomex S.A. zapowiada\u0142a, \u017ce po siedmiu miesi\u0105cach op\u00f3\u017anienia prace drogowe zako\u0144czy 30 czer","og_url":"https:\/\/gorzow.news\/index.php\/2021\/07\/06\/kolejny-tydzien-opoznienia-na-mysliborskiej\/","og_site_name":"Gorz\u00f3w News","article_publisher":"https:\/\/www.facebook.com\/gorzowskinews","article_published_time":"2021-07-06T15:32:08+00:00","article_modified_time":"2021-09-09T10:11:38+00:00","og_image":[{"width":2560,"height":1181,"url":"https:\/\/gorzow.news\/wp-content\/uploads\/2021\/07\/20210706_1403400-scaled.jpg","type":"image\/jpeg"}],"author":"maciej","twitter_card":"summary_large_image","twitter_misc":{"Napisane przez":"maciej","Szacowany czas czytania":"2 minuty"},"schema":{"@context":"https:\/\/schema.org","@graph":[{"@type":"Article","@id":"https:\/\/gorzow.news\/index.php\/2021\/07\/06\/kolejny-tydzien-opoznienia-na-mysliborskiej\/#article","isPartOf":{"@id":"https:\/\/gorzow.news\/index.php\/2021\/07\/06\/kolejny-tydzien-opoznienia-na-mysliborskiej\/"},"author":{"name":"maciej","@id":"https:\/\/gorzow.news\/#\/schema\/person\/a1e5ab43166369f2ce236a1cd90995bb"},"headline":"Kolejny tydzie\u0144 op\u00f3\u017anienia na My\u015bliborskiej&#8230;","datePublished":"2021-07-06T15:32:08+00:00","dateModified":"2021-09-09T10:11:38+00:00","mainEntityOfPage":{"@id":"https:\/\/gorzow.news\/index.php\/2021\/07\/06\/kolejny-tydzien-opoznienia-na-mysliborskiej\/"},"wordCount":244,"commentCount":0,"image":{"@id":"https:\/\/gorzow.news\/index.php\/2021\/07\/06\/kolejny-tydzien-opoznienia-na-mysliborskiej\/#primaryimage"},"thumbnailUrl":"https:\/\/gorzow.news\/wp-content\/uploads\/2021\/07\/20210706_1403400-scaled.jpg","keywords":["Budomex","cztery pasy","My\u015bliborska","S3"],"articleSection":["INFOulice","Wiadomo\u015bci"],"inLanguage":"pl-PL","potentialAction":[{"@type":"CommentAction","name":"Comment","target":["https:\/\/gorzow.news\/index.php\/2021\/07\/06\/kolejny-tydzien-opoznienia-na-mysliborskiej\/#respond"]}]},{"@type":"WebPage","@id":"https:\/\/gorzow.news\/index.php\/2021\/07\/06\/kolejny-tydzien-opoznienia-na-mysliborskiej\/","url":"https:\/\/gorzow.news\/index.php\/2021\/07\/06\/kolejny-tydzien-opoznienia-na-mysliborskiej\/","name":"Kolejny tydzie\u0144 op\u00f3\u017anienia na My\u015bliborskiej... - Gorz\u00f3w News","isPartOf":{"@id":"https:\/\/gorzow.news\/#website"},"primaryImageOfPage":{"@id":"https:\/\/gorzow.news\/index.php\/2021\/07\/06\/kolejny-tydzien-opoznienia-na-mysliborskiej\/#primaryimage"},"image":{"@id":"https:\/\/gorzow.news\/index.php\/2021\/07\/06\/kolejny-tydzien-opoznienia-na-mysliborskiej\/#primaryimage"},"thumbnailUrl":"https:\/\/gorzow.news\/wp-content\/uploads\/2021\/07\/20210706_1403400-scaled.jpg","datePublished":"2021-07-06T15:32:08+00:00","dateModified":"2021-09-09T10:11:38+00:00","author":{"@id":"https:\/\/gorzow.news\/#\/schema\/person\/a1e5ab43166369f2ce236a1cd90995bb"},"breadcrumb":{"@id":"https:\/\/gorzow.news\/index.php\/2021\/07\/06\/kolejny-tydzien-opoznienia-na-mysliborskiej\/#breadcrumb"},"inLanguage":"pl-PL","potentialAction":[{"@type":"ReadAction","target":["https:\/\/gorzow.news\/index.php\/2021\/07\/06\/kolejny-tydzien-opoznienia-na-mysliborskiej\/"]}]},{"@type":"ImageObject","inLanguage":"pl-PL","@id":"https:\/\/gorzow.news\/index.php\/2021\/07\/06\/kolejny-tydzien-opoznienia-na-mysliborskiej\/#primaryimage","url":"https:\/\/gorzow.news\/wp-content\/uploads\/2021\/07\/20210706_1403400-scaled.jpg","contentUrl":"https:\/\/gorzow.news\/wp-content\/uploads\/2021\/07\/20210706_1403400-scaled.jpg","width":2560,"height":1181},{"@type":"BreadcrumbList","@id":"https:\/\/gorzow.news\/index.php\/2021\/07\/06\/kolejny-tydzien-opoznienia-na-mysliborskiej\/#breadcrumb","itemListElement":[{"@type":"ListItem","position":1,"name":"Home","item":"https:\/\/gorzow.news\/"},{"@type":"ListItem","position":2,"name":"Kolejny tydzie\u0144 op\u00f3\u017anienia na My\u015bliborskiej&#8230;"}]},{"@type":"WebSite","@id":"https:\/\/gorzow.news\/#website","url":"https:\/\/gorzow.news\/","name":"Gorz\u00f3w News","description":"Sp\u00f3jrz inaczej na miato i region...","potentialAction":[{"@type":"SearchAction","target":{"@type":"EntryPoint","urlTemplate":"https:\/\/gorzow.news\/?s={search_term_string}"},"query-input":{"@type":"PropertyValueSpecification","valueRequired":true,"valueName":"search_term_string"}}],"inLanguage":"pl-PL"},{"@type":"Person","@id":"https:\/\/gorzow.news\/#\/schema\/person\/a1e5ab43166369f2ce236a1cd90995bb","name":"maciej","image":{"@type":"ImageObject","inLanguage":"pl-PL","@id":"https:\/\/secure.gravatar.com\/avatar\/530a674d56ba60cfa0ef21d74e8e8d123a51bb7aa6580465b5c2ab2c2e980a19?s=96&r=g&d=https:\/\/gorzow.news\/wp-content\/plugins\/userswp\/assets\/images\/no_profile.png","url":"https:\/\/secure.gravatar.com\/avatar\/530a674d56ba60cfa0ef21d74e8e8d123a51bb7aa6580465b5c2ab2c2e980a19?s=96&r=g&d=https:\/\/gorzow.news\/wp-content\/plugins\/userswp\/assets\/images\/no_profile.png","contentUrl":"https:\/\/secure.gravatar.com\/avatar\/530a674d56ba60cfa0ef21d74e8e8d123a51bb7aa6580465b5c2ab2c2e980a19?s=96&r=g&d=https:\/\/gorzow.news\/wp-content\/plugins\/userswp\/assets\/images\/no_profile.png","caption":"maciej"},"url":"https:\/\/gorzow.news\/index.php\/profile\/maciej\/"}]}},"_links":{"self":[{"href":"https:\/\/gorzow.news\/index.php\/wp-json\/wp\/v2\/posts\/1715","targetHints":{"allow":["GET"]}}],"collection":[{"href":"https:\/\/gorzow.news\/index.php\/wp-json\/wp\/v2\/posts"}],"about":[{"href":"https:\/\/gorzow.news\/index.php\/wp-json\/wp\/v2\/types\/post"}],"author":[{"embeddable":true,"href":"https:\/\/gorzow.news\/index.php\/wp-json\/wp\/v2\/users\/1"}],"replies":[{"embeddable":true,"href":"https:\/\/gorzow.news\/index.php\/wp-json\/wp\/v2\/comments?post=1715"}],"version-history":[{"count":0,"href":"https:\/\/gorzow.news\/index.php\/wp-json\/wp\/v2\/posts\/1715\/revisions"}],"wp:featuredmedia":[{"embeddable":true,"href":"https:\/\/gorzow.news\/index.php\/wp-json\/wp\/v2\/media\/1718"}],"wp:attachment":[{"href":"https:\/\/gorzow.news\/index.php\/wp-json\/wp\/v2\/media?parent=1715"}],"wp:term":[{"taxonomy":"category","embeddable":true,"href":"https:\/\/gorzow.news\/index.php\/wp-json\/wp\/v2\/categories?post=1715"},{"taxonomy":"post_tag","embeddable":true,"href":"https:\/\/gorzow.news\/index.php\/wp-json\/wp\/v2\/tags?post=1715"}],"curies":[{"name":"wp","href":"https:\/\/api.w.org\/{rel}","templated":true}]}}