{"id":17088,"date":"2023-11-20T15:51:05","date_gmt":"2023-11-20T14:51:05","guid":{"rendered":"https:\/\/gorzow.news\/?p=17088"},"modified":"2023-11-20T15:51:06","modified_gmt":"2023-11-20T14:51:06","slug":"hipermarket-carrefour-otwiera-sie-w-srode","status":"publish","type":"post","link":"https:\/\/gorzow.news\/index.php\/2023\/11\/20\/hipermarket-carrefour-otwiera-sie-w-srode\/","title":{"rendered":"Hipermarket Carrefour otwiera si\u0119 w \u015brod\u0119!"},"content":{"rendered":"\n<p><strong>Ju\u017c w t\u0105 \u015brod\u0119, tj. 22 listopada, o godz. 12.00 zostanie otwarty pierwszy hipermarket sieci Carrefour w Gorzowie. Sklep zlokalizowany jest przy ul. G\u00f3rczy\u0144skiej 19 w parku handlowym S1. Hipermarket zaoferuje mieszka\u0144com miasta siedem razy wi\u0119cej produkt\u00f3w od klasycznego dyskontu oraz szereg unikalnych w skali kraju koncept\u00f3w handlowych i nowoczesnych rozwi\u0105za\u0144 u\u0142atwiaj\u0105cych zakupy. Z okazji otwarcia na odwiedzaj\u0105cych ma czeka\u0107 b\u0119dzie wiele promocji i atrakcji, w tym wizyta Kerfusia \u2013 mobilnego robota, kt\u00f3ry sta\u0142 si\u0119 gwiazd\u0105 polskiego internetu.<\/strong><\/p>\n\n\n\n<p>W kolejnych tygodniach po otwarciu hipermarketu, Carrefour uruchomi te\u017c dla mieszka\u0144c\u00f3w Gorzowa i okolic mo\u017cliwo\u015b\u0107 zrobienia zakup\u00f3w spo\u017cywczych przez internet w systemie click&amp;collect.<\/p>\n\n\n\n<p>Nowy hipermarket Carrefour w Gorzowie powsta\u0142 w miejscu by\u0142ego sklepu Tesco przy ul. G\u00f3rczy\u0144skiej 19. Klienci przez ca\u0142y rok skorzystaj\u0105 w nim z szerokiego asortymentu spo\u017cywczego i przemys\u0142owego, w tym dost\u0119pnego na sta\u0142e wyboru tekstyli\u00f3w, artyku\u0142\u00f3w wyposa\u017cenia domu czy atrakcyjnej oferty produkt\u00f3w sezonowych &#8211; ju\u017c od dnia otwarcia b\u0119dzie to m.in. najszerszy na polskim rynku stacjonarny wyb\u00f3r zabawek na Miko\u0142ajki i Bo\u017ce Narodzenie. Szeroka gama produkt\u00f3w z r\u00f3\u017cnych kategorii zapewni mieszka\u0144com miasta i okolicznych miejscowo\u015bci wi\u0119ksz\u0105 oszcz\u0119dno\u015b\u0107 czasu i pieni\u0119dzy, poniewa\u017c nie b\u0119d\u0105 musieli kompletowa\u0107 swoich zakup\u00f3w w kilku punktach na mapie Gorzowa. Klienci sklepu zyskaj\u0105 r\u00f3wnie\u017c dost\u0119p do wygodnych, nowoczesnych rozwi\u0105za\u0144, takich jak kasy samoobs\u0142ugowe czy aplikacja mobilna z us\u0142ug\u0105 Scan&amp;Go umo\u017cliwiaj\u0105ca wprowadzanie zakup\u00f3w do koszyka i op\u0142acanie ich bez konieczno\u015bci wyjmowania produkt\u00f3w przy kasie. Do kas tradycyjnych b\u0119dzie obowi\u0105zywa\u0142a jedna kolejka, co usprawni finalizacj\u0119 du\u017cych zakup\u00f3w.<\/p>\n\n\n\n<p>&#8211; Ofert\u0119 nowego hipermarketu Carrefour przygotowali\u015bmy z my\u015bl\u0105 o r\u00f3\u017cnorodnych potrzebach mieszka\u0144c\u00f3w Gorzowa. Ju\u017c od pierwszych dni na odwiedzaj\u0105cych nasz sklep b\u0119dzie czeka\u0107 ponad 20 tysi\u0119cy r\u00f3\u017cnych produkt\u00f3w spo\u017cywczych i przemys\u0142owych, w tym szeroka oferta sezonowa i outletowa. Zale\u017cy nam, aby stworzy\u0107 dla klient\u00f3w komfortowe warunki do robienia zakup\u00f3w na ka\u017cd\u0105 okazj\u0119, zar\u00f3wno tych du\u017cych kompleksowych, jak i tych mniejszych codziennych. Dzi\u0119ki stale rozwijanej ofercie marki w\u0142asnej oraz licznym programom i akcjom promocyjnym mieszka\u0144cy naszego miasta i okolic b\u0119d\u0105 mogli zakupi\u0107 wszystkie najpotrzebniejsze produkty w przyst\u0119pnych cenach. Nasz sklep wyr\u00f3\u017cnia\u0142 si\u0119 b\u0119dzie r\u00f3wnie\u017c najszerszym w Gorzowie wyborem zdrowych produkt\u00f3w oraz tych pochodz\u0105cych od lokalnego rolnika i przetw\u00f3rc\u00f3w. Serdecznie zapraszamy na zakupy ju\u017c od najbli\u017cszej \u015brody, 22 listopada \u2013 m\u00f3wi <strong>Arkadiusz Wilkaniec<\/strong>, dyrektor nowego hipermarketu w Gorzowie.<\/p>\n\n\n\n<p><strong>Specjalne strefy zakupowe<\/strong><\/p>\n\n\n\n<p>Hipermarket przy ul. G\u00f3rczy\u0144skiej 19 w Gorzowie to unikalny format, bazuj\u0105cy na najlepszych do\u015bwiadczeniach z 26 lat dzia\u0142alno\u015bci Carrefour na polskim rynku. Szeroka i r\u00f3\u017cnorodna oferta dost\u0119pna w jednym miejscu: w\u0142asna w\u0119dzarnia, rozbudowana oferta produkt\u00f3w \u015bwie\u017cych, czyli dostarczanych codziennie owoc\u00f3w, warzyw, pieczywa, w\u0119dlin czy ryb, a tak\u017ce autorskie strefy tematyczne, to jedne z udogodnie\u0144 przygotowanych w nowym sklepie dla klient\u00f3w. Osoby poszukuj\u0105ce wysokiej jako\u015bci produkt\u00f3w spo\u017cywczych doceni\u0105 stref\u0119 Targu \u015awie\u017co\u015bci oraz stref\u0119 Zdrowia z ofert\u0105 produkt\u00f3w bio, vege, bezglutenowych, bez cukru czy bez laktozy. Ponadto w asortymencie sklepu znajdzie si\u0119 ponad 3.500 produkt\u00f3w marki w\u0142asnej Carrefour w najwa\u017cniejszych kategoriach spo\u017cywczych i przemys\u0142owych wyr\u00f3\u017cniaj\u0105cych si\u0119 wysok\u0105 jako\u015bci\u0105 i nisk\u0105 cen\u0105. Produkty z logo Carrefour s\u0105 ta\u0144sze od swoich markowych odpowiednik\u00f3w \u015brednio o 30 proc., przy jednoczesnym zachowaniu jako\u015bci co najmniej takiej samej, jak por\u00f3wnywalne produkty markowe.<\/p>\n\n\n\n<p>W nowym hipermarkecie zaprojektowane zosta\u0142y specjalne strefy tematyczne, kt\u00f3re u\u0142atwi\u0105 logistyk\u0119 oraz podnios\u0105 komfort zakup\u00f3w. Klienci znajd\u0105 w sklepie mi\u0119dzy innymi stref\u0119 sezonow\u0105, z asortymentem dopasowanym do aktualnego okresu w roku, gdzie obecnie mo\u017cna znale\u017a\u0107 szeroki wyb\u00f3r zabawek i prezent\u00f3w na Bo\u017ce Narodzenie. Specjalna strefa Outlet zapewni z kolei dost\u0119p do wyj\u0105tkowych okazji zakupowych nawet o 70 proc. ta\u0144szych ni\u017c na rynku. Carrefour przygotowa\u0142 w niej szerok\u0105 ofert\u0119 kilkuset produkt\u00f3w niespo\u017cywczych, kt\u00f3re klienci mog\u0105 naby\u0107 w wyj\u0105tkowo atrakcyjnych cenach i z korzystnymi rabatami. Produkty w strefie Outlet grupowane s\u0105 wed\u0142ug cen, kt\u00f3re rozpoczynaj\u0105 si\u0119 ju\u017c od 1 z\u0142, a nowe okazje zakupowe b\u0119d\u0105 pojawia\u0107 si\u0119 co dwa<br>tygodnie.<\/p>\n\n\n\n<p>Sklep oferuje szerok\u0105 gam\u0119 produkt\u00f3w przemys\u0142owych w wielu kategoriach, w tym m.in. artyku\u0142y wyposa\u017cenia wn\u0119trz, dekoracyjne, sportowe, dla domu, zabawki, czy sprz\u0119t RTV\/AGD. W ofercie nowego Carrefoura klienci znajd\u0105 te\u017c szeroki wyb\u00f3r win, a tak\u017ce bibliotek\u0119 alkoholi mocnych oraz piwa rzemie\u015blnicze. Nie zapomniano r\u00f3wnie\u017c o mi\u0142o\u015bnikach zwierz\u0105t, kt\u00f3rzy b\u0119d\u0105 mogli skorzysta\u0107 ze specjalnej cz\u0119\u015bci sklepu z produktami dla pupila.<\/p>\n\n\n\n<p><strong>Bardziej zr\u00f3wnowa\u017cone zakupy w Carrefour<\/strong><\/p>\n\n\n\n<p>W trosce o \u015brodowisko w gorzowskim hipermarkecie przewidziano szereg rozwi\u0105za\u0144, dzi\u0119ki kt\u00f3rym sklep b\u0119dzie bardziej zr\u00f3wnowa\u017conym miejscem do zakup\u00f3w. W budynku wykorzystano energooszcz\u0119dne o\u015bwietlenie, a w lod\u00f3wkach i zamra\u017carkach zamontowano szyby wp\u0142ywaj\u0105ce na ograniczenie emisji CO2. Co wi\u0119cej, Carrefour systematycznie ogranicza mas\u0119 opakowa\u0144 produkt\u00f3w w\u0142asnych oraz rozbudowuje asortyment sprzedawany w opakowaniach wielorazowych. Zgodnie z zamys\u0142em zero waste produkty z kr\u00f3tkim terminem wa\u017cno\u015bci b\u0119d\u0105 przeceniane nawet o 90 proc. Podobnie jak w pozosta\u0142ych hiper- i supermarketach Carrefour, klienci nowego obiektu w Gorzowie b\u0119d\u0105 mogli oddawa\u0107 butelki zwrotne bez konieczno\u015bci przedstawienia paragonu. Sie\u0107 b\u0119dzie zach\u0119ca\u0107 r\u00f3wnie\u017c do zabierania ze sob\u0105 na zakupy pude\u0142ek wielorazowych, do kt\u00f3rych obs\u0142uga mo\u017ce zapakowa\u0107 w\u0119dliny i sery na wag\u0119, ograniczaj\u0105c tym samym zu\u017cycie dodatkowych opakowa\u0144. Sklep b\u0119dzie tak\u017ce udost\u0119pnia\u0107 ch\u0119tnym kartony do pakowania zakup\u00f3w.<\/p>\n\n\n\n<p><strong>Zakupy online<\/strong><\/p>\n\n\n\n<p>Ju\u017c wkr\u00f3tce mieszka\u0144cy Gorzowa b\u0119d\u0105 mieli tak\u017ce mo\u017cliwo\u015b\u0107 zrobienia zakup\u00f3w online na stronie www.carrefour.pl z mo\u017cliwo\u015bci\u0105 skorzystania z opcji Click&amp;Collect, czyli zam\u00f3wienia online z odbiorem w sklepie. Us\u0142uga zostanie uruchomiona w ci\u0105gu najbli\u017cszych tygodni.<\/p>\n\n\n\n<p><strong>Atrakcje od pierwszego dnia<\/strong><\/p>\n\n\n\n<p>W dniu uroczystego otwarcia hipermarketu Carrefour 22 listopada o godz. 12.00 na odwiedzaj\u0105cych czeka\u0107 b\u0119d\u0105 liczne powitalne atrakcje i promocje, a tak\u017ce Kerfu\u015b \u2013 samojezdny e-robot, kt\u00f3ry sta\u0142 si\u0119 gwiazd\u0105 polskiego internetu. Wsz\u0119dzie gdzie si\u0119 pojawi budzi ogromne zainteresowanie, szczeg\u00f3lnie w\u015br\u00f3d przedstawicieli m\u0142odego pokolenia, kt\u00f3re t\u0142umnie odwiedza sklepy Carrefour, aby zrobi\u0107 sobie z nim zdj\u0119cia i zamie\u015bci\u0107 je w swoich mediach spo\u0142eczno\u015bciowych. Od pierwszego dnia dzia\u0142alno\u015bci hipermarketu klienci mog\u0105 skorzysta\u0107 r\u00f3wnie\u017c z program\u00f3w sieci, kt\u00f3re pozwalaj\u0105 na jeszcze ta\u0144sze zakupy. Rodziny posiadaj\u0105ce Kart\u0119 Du\u017cej Rodziny s\u0105 obj\u0119te sta\u0142ym rabatem -10 proc. na zakupy, za\u015b w ka\u017cdy wtorek ze zni\u017cki -10 proc. mog\u0105 skorzysta\u0107 seniorzy. Z kolei u\u017cytkownicy aplikacji M\u00f3j Carrefour dostan\u0105 dost\u0119p do codziennych zni\u017cek na wybrane artyku\u0142y do -50 proc., za\u015b w weekend zap\u0142ac\u0105 10 proc. mniej za ca\u0142e zakupy.<\/p>\n","protected":false},"excerpt":{"rendered":"<p>Ju\u017c w t\u0105 \u015brod\u0119, tj. 22 listopada, o godz. 12.00 zostanie otwarty pierwszy hipermarket sieci Carrefour w Gorzowie. Sklep zlokalizowany jest przy ul. G\u00f3rczy\u0144skiej 19 w parku handlowym S1. Hipermarket zaoferuje mieszka\u0144com miasta siedem razy wi\u0119cej produkt\u00f3w od klasycznego dyskontu oraz szereg unikalnych w skali kraju koncept\u00f3w handlowych i nowoczesnych rozwi\u0105za\u0144 u\u0142atwiaj\u0105cych zakupy. Z okazji [&hellip;]<\/p>\n","protected":false},"author":1,"featured_media":17089,"comment_status":"open","ping_status":"open","sticky":false,"template":"","format":"standard","meta":{"footnotes":"","_links_to":"","_links_to_target":""},"categories":[2016,1624,589],"tags":[2516,1808,112,1524],"class_list":{"0":"post-17088","1":"post","2":"type-post","3":"status-publish","4":"format-standard","5":"has-post-thumbnail","7":"category-gorczyn","8":"category-inwestycje-handlowe","9":"category-wiadomosci","10":"tag-arkadiusz-wilkaniec","11":"tag-carrefour","12":"tag-gorczynska","13":"tag-s1-gorzow"},"yoast_head":"<!-- This site is optimized with the Yoast SEO plugin v27.3 - https:\/\/yoast.com\/product\/yoast-seo-wordpress\/ -->\n<title>Hipermarket Carrefour otwiera si\u0119 w \u015brod\u0119! - Gorz\u00f3w News<\/title>\n<meta name=\"description\" content=\"Ju\u017c w t\u0105 \u015brod\u0119, tj. 22 listopada, o godz. 12.00 zostanie otwarty pierwszy hipermarket sieci Carrefour w Gorzowie. Sklep zlokalizowany jest przy ul\" \/>\n<meta name=\"robots\" content=\"index, follow, max-snippet:-1, max-image-preview:large, max-video-preview:-1\" \/>\n<link rel=\"canonical\" href=\"https:\/\/gorzow.news\/index.php\/2023\/11\/20\/hipermarket-carrefour-otwiera-sie-w-srode\/\" \/>\n<meta property=\"og:locale\" content=\"pl_PL\" \/>\n<meta property=\"og:type\" content=\"article\" \/>\n<meta property=\"og:title\" content=\"Hipermarket Carrefour otwiera si\u0119 w \u015brod\u0119! - Gorz\u00f3w News\" \/>\n<meta property=\"og:description\" content=\"Ju\u017c w t\u0105 \u015brod\u0119, tj. 22 listopada, o godz. 12.00 zostanie otwarty pierwszy hipermarket sieci Carrefour w Gorzowie. Sklep zlokalizowany jest przy ul\" \/>\n<meta property=\"og:url\" content=\"https:\/\/gorzow.news\/index.php\/2023\/11\/20\/hipermarket-carrefour-otwiera-sie-w-srode\/\" \/>\n<meta property=\"og:site_name\" content=\"Gorz\u00f3w News\" \/>\n<meta property=\"article:publisher\" content=\"https:\/\/www.facebook.com\/gorzowskinews\" \/>\n<meta property=\"article:published_time\" content=\"2023-11-20T14:51:05+00:00\" \/>\n<meta property=\"article:modified_time\" content=\"2023-11-20T14:51:06+00:00\" \/>\n<meta property=\"og:image\" content=\"https:\/\/gorzow.news\/wp-content\/uploads\/2023\/11\/115541_r0_1140.jpg\" \/>\n\t<meta property=\"og:image:width\" content=\"1140\" \/>\n\t<meta property=\"og:image:height\" content=\"540\" \/>\n\t<meta property=\"og:image:type\" content=\"image\/jpeg\" \/>\n<meta name=\"author\" content=\"maciej\" \/>\n<meta name=\"twitter:card\" content=\"summary_large_image\" \/>\n<meta name=\"twitter:label1\" content=\"Napisane przez\" \/>\n\t<meta name=\"twitter:data1\" content=\"maciej\" \/>\n\t<meta name=\"twitter:label2\" content=\"Szacowany czas czytania\" \/>\n\t<meta name=\"twitter:data2\" content=\"6 minut\" \/>\n<script type=\"application\/ld+json\" class=\"yoast-schema-graph\">{\"@context\":\"https:\\\/\\\/schema.org\",\"@graph\":[{\"@type\":\"Article\",\"@id\":\"https:\\\/\\\/gorzow.news\\\/index.php\\\/2023\\\/11\\\/20\\\/hipermarket-carrefour-otwiera-sie-w-srode\\\/#article\",\"isPartOf\":{\"@id\":\"https:\\\/\\\/gorzow.news\\\/index.php\\\/2023\\\/11\\\/20\\\/hipermarket-carrefour-otwiera-sie-w-srode\\\/\"},\"author\":{\"name\":\"maciej\",\"@id\":\"https:\\\/\\\/gorzow.news\\\/#\\\/schema\\\/person\\\/a1e5ab43166369f2ce236a1cd90995bb\"},\"headline\":\"Hipermarket Carrefour otwiera si\u0119 w \u015brod\u0119!\",\"datePublished\":\"2023-11-20T14:51:05+00:00\",\"dateModified\":\"2023-11-20T14:51:06+00:00\",\"mainEntityOfPage\":{\"@id\":\"https:\\\/\\\/gorzow.news\\\/index.php\\\/2023\\\/11\\\/20\\\/hipermarket-carrefour-otwiera-sie-w-srode\\\/\"},\"wordCount\":1217,\"commentCount\":0,\"image\":{\"@id\":\"https:\\\/\\\/gorzow.news\\\/index.php\\\/2023\\\/11\\\/20\\\/hipermarket-carrefour-otwiera-sie-w-srode\\\/#primaryimage\"},\"thumbnailUrl\":\"https:\\\/\\\/gorzow.news\\\/wp-content\\\/uploads\\\/2023\\\/11\\\/115541_r0_1140.jpg\",\"keywords\":[\"Arkadiusz Wilkaniec\",\"Carrefour\",\"G\u00f3rczy\u0144ska\",\"S1 Gorz\u00f3w\"],\"articleSection\":[\"G\u00f3rczyn\",\"Inwestycje handlowe\",\"Wiadomo\u015bci\"],\"inLanguage\":\"pl-PL\",\"potentialAction\":[{\"@type\":\"CommentAction\",\"name\":\"Comment\",\"target\":[\"https:\\\/\\\/gorzow.news\\\/index.php\\\/2023\\\/11\\\/20\\\/hipermarket-carrefour-otwiera-sie-w-srode\\\/#respond\"]}]},{\"@type\":\"WebPage\",\"@id\":\"https:\\\/\\\/gorzow.news\\\/index.php\\\/2023\\\/11\\\/20\\\/hipermarket-carrefour-otwiera-sie-w-srode\\\/\",\"url\":\"https:\\\/\\\/gorzow.news\\\/index.php\\\/2023\\\/11\\\/20\\\/hipermarket-carrefour-otwiera-sie-w-srode\\\/\",\"name\":\"Hipermarket Carrefour otwiera si\u0119 w \u015brod\u0119! - Gorz\u00f3w News\",\"isPartOf\":{\"@id\":\"https:\\\/\\\/gorzow.news\\\/#website\"},\"primaryImageOfPage\":{\"@id\":\"https:\\\/\\\/gorzow.news\\\/index.php\\\/2023\\\/11\\\/20\\\/hipermarket-carrefour-otwiera-sie-w-srode\\\/#primaryimage\"},\"image\":{\"@id\":\"https:\\\/\\\/gorzow.news\\\/index.php\\\/2023\\\/11\\\/20\\\/hipermarket-carrefour-otwiera-sie-w-srode\\\/#primaryimage\"},\"thumbnailUrl\":\"https:\\\/\\\/gorzow.news\\\/wp-content\\\/uploads\\\/2023\\\/11\\\/115541_r0_1140.jpg\",\"datePublished\":\"2023-11-20T14:51:05+00:00\",\"dateModified\":\"2023-11-20T14:51:06+00:00\",\"author\":{\"@id\":\"https:\\\/\\\/gorzow.news\\\/#\\\/schema\\\/person\\\/a1e5ab43166369f2ce236a1cd90995bb\"},\"description\":\"Ju\u017c w t\u0105 \u015brod\u0119, tj. 22 listopada, o godz. 12.00 zostanie otwarty pierwszy hipermarket sieci Carrefour w Gorzowie. Sklep zlokalizowany jest przy ul. G\u00f3rczy\u0144skiej 19 w parku handlowym S1. Hipermarket zaoferuje mieszka\u0144com miasta siedem razy wi\u0119cej produkt\u00f3w od klasycznego dyskontu oraz szereg unikalnych w skali kraju koncept\u00f3w handlowych i nowoczesnych rozwi\u0105za\u0144 u\u0142atwiaj\u0105cych zakupy. Z okazji otwarcia na odwiedzaj\u0105cych ma czeka\u0107 b\u0119dzie wiele promocji i atrakcji, w tym wizyta Kerfusia \u2013 mobilnego robota, kt\u00f3ry sta\u0142 si\u0119 gwiazd\u0105 polskiego internetu.\",\"breadcrumb\":{\"@id\":\"https:\\\/\\\/gorzow.news\\\/index.php\\\/2023\\\/11\\\/20\\\/hipermarket-carrefour-otwiera-sie-w-srode\\\/#breadcrumb\"},\"inLanguage\":\"pl-PL\",\"potentialAction\":[{\"@type\":\"ReadAction\",\"target\":[\"https:\\\/\\\/gorzow.news\\\/index.php\\\/2023\\\/11\\\/20\\\/hipermarket-carrefour-otwiera-sie-w-srode\\\/\"]}]},{\"@type\":\"ImageObject\",\"inLanguage\":\"pl-PL\",\"@id\":\"https:\\\/\\\/gorzow.news\\\/index.php\\\/2023\\\/11\\\/20\\\/hipermarket-carrefour-otwiera-sie-w-srode\\\/#primaryimage\",\"url\":\"https:\\\/\\\/gorzow.news\\\/wp-content\\\/uploads\\\/2023\\\/11\\\/115541_r0_1140.jpg\",\"contentUrl\":\"https:\\\/\\\/gorzow.news\\\/wp-content\\\/uploads\\\/2023\\\/11\\\/115541_r0_1140.jpg\",\"width\":1140,\"height\":540,\"caption\":\"Ju\u017c w \u015brod\u0119 22 listopada b\u0119dzie mo\u017cna zrobi\u0107 zakupy w hipermarkecie Carrefour przy ul. G\u00f3rczy\u0144skiej.\"},{\"@type\":\"BreadcrumbList\",\"@id\":\"https:\\\/\\\/gorzow.news\\\/index.php\\\/2023\\\/11\\\/20\\\/hipermarket-carrefour-otwiera-sie-w-srode\\\/#breadcrumb\",\"itemListElement\":[{\"@type\":\"ListItem\",\"position\":1,\"name\":\"Home\",\"item\":\"https:\\\/\\\/gorzow.news\\\/\"},{\"@type\":\"ListItem\",\"position\":2,\"name\":\"Hipermarket Carrefour otwiera si\u0119 w \u015brod\u0119!\"}]},{\"@type\":\"WebSite\",\"@id\":\"https:\\\/\\\/gorzow.news\\\/#website\",\"url\":\"https:\\\/\\\/gorzow.news\\\/\",\"name\":\"Gorz\u00f3w News\",\"description\":\"Sp\u00f3jrz inaczej na miato i region...\",\"potentialAction\":[{\"@type\":\"SearchAction\",\"target\":{\"@type\":\"EntryPoint\",\"urlTemplate\":\"https:\\\/\\\/gorzow.news\\\/?s={search_term_string}\"},\"query-input\":{\"@type\":\"PropertyValueSpecification\",\"valueRequired\":true,\"valueName\":\"search_term_string\"}}],\"inLanguage\":\"pl-PL\"},{\"@type\":\"Person\",\"@id\":\"https:\\\/\\\/gorzow.news\\\/#\\\/schema\\\/person\\\/a1e5ab43166369f2ce236a1cd90995bb\",\"name\":\"maciej\",\"image\":{\"@type\":\"ImageObject\",\"inLanguage\":\"pl-PL\",\"@id\":\"https:\\\/\\\/secure.gravatar.com\\\/avatar\\\/530a674d56ba60cfa0ef21d74e8e8d123a51bb7aa6580465b5c2ab2c2e980a19?s=96&r=g&d=https:\\\/\\\/gorzow.news\\\/wp-content\\\/plugins\\\/userswp\\\/assets\\\/images\\\/no_profile.png\",\"url\":\"https:\\\/\\\/secure.gravatar.com\\\/avatar\\\/530a674d56ba60cfa0ef21d74e8e8d123a51bb7aa6580465b5c2ab2c2e980a19?s=96&r=g&d=https:\\\/\\\/gorzow.news\\\/wp-content\\\/plugins\\\/userswp\\\/assets\\\/images\\\/no_profile.png\",\"contentUrl\":\"https:\\\/\\\/secure.gravatar.com\\\/avatar\\\/530a674d56ba60cfa0ef21d74e8e8d123a51bb7aa6580465b5c2ab2c2e980a19?s=96&r=g&d=https:\\\/\\\/gorzow.news\\\/wp-content\\\/plugins\\\/userswp\\\/assets\\\/images\\\/no_profile.png\",\"caption\":\"maciej\"},\"url\":\"https:\\\/\\\/gorzow.news\\\/index.php\\\/profile\\\/maciej\\\/\"}]}<\/script>\n<!-- \/ Yoast SEO plugin. -->","yoast_head_json":{"title":"Hipermarket Carrefour otwiera si\u0119 w \u015brod\u0119! - Gorz\u00f3w News","description":"Ju\u017c w t\u0105 \u015brod\u0119, tj. 22 listopada, o godz. 12.00 zostanie otwarty pierwszy hipermarket sieci Carrefour w Gorzowie. Sklep zlokalizowany jest przy ul","robots":{"index":"index","follow":"follow","max-snippet":"max-snippet:-1","max-image-preview":"max-image-preview:large","max-video-preview":"max-video-preview:-1"},"canonical":"https:\/\/gorzow.news\/index.php\/2023\/11\/20\/hipermarket-carrefour-otwiera-sie-w-srode\/","og_locale":"pl_PL","og_type":"article","og_title":"Hipermarket Carrefour otwiera si\u0119 w \u015brod\u0119! - Gorz\u00f3w News","og_description":"Ju\u017c w t\u0105 \u015brod\u0119, tj. 22 listopada, o godz. 12.00 zostanie otwarty pierwszy hipermarket sieci Carrefour w Gorzowie. Sklep zlokalizowany jest przy ul","og_url":"https:\/\/gorzow.news\/index.php\/2023\/11\/20\/hipermarket-carrefour-otwiera-sie-w-srode\/","og_site_name":"Gorz\u00f3w News","article_publisher":"https:\/\/www.facebook.com\/gorzowskinews","article_published_time":"2023-11-20T14:51:05+00:00","article_modified_time":"2023-11-20T14:51:06+00:00","og_image":[{"width":1140,"height":540,"url":"https:\/\/gorzow.news\/wp-content\/uploads\/2023\/11\/115541_r0_1140.jpg","type":"image\/jpeg"}],"author":"maciej","twitter_card":"summary_large_image","twitter_misc":{"Napisane przez":"maciej","Szacowany czas czytania":"6 minut"},"schema":{"@context":"https:\/\/schema.org","@graph":[{"@type":"Article","@id":"https:\/\/gorzow.news\/index.php\/2023\/11\/20\/hipermarket-carrefour-otwiera-sie-w-srode\/#article","isPartOf":{"@id":"https:\/\/gorzow.news\/index.php\/2023\/11\/20\/hipermarket-carrefour-otwiera-sie-w-srode\/"},"author":{"name":"maciej","@id":"https:\/\/gorzow.news\/#\/schema\/person\/a1e5ab43166369f2ce236a1cd90995bb"},"headline":"Hipermarket Carrefour otwiera si\u0119 w \u015brod\u0119!","datePublished":"2023-11-20T14:51:05+00:00","dateModified":"2023-11-20T14:51:06+00:00","mainEntityOfPage":{"@id":"https:\/\/gorzow.news\/index.php\/2023\/11\/20\/hipermarket-carrefour-otwiera-sie-w-srode\/"},"wordCount":1217,"commentCount":0,"image":{"@id":"https:\/\/gorzow.news\/index.php\/2023\/11\/20\/hipermarket-carrefour-otwiera-sie-w-srode\/#primaryimage"},"thumbnailUrl":"https:\/\/gorzow.news\/wp-content\/uploads\/2023\/11\/115541_r0_1140.jpg","keywords":["Arkadiusz Wilkaniec","Carrefour","G\u00f3rczy\u0144ska","S1 Gorz\u00f3w"],"articleSection":["G\u00f3rczyn","Inwestycje handlowe","Wiadomo\u015bci"],"inLanguage":"pl-PL","potentialAction":[{"@type":"CommentAction","name":"Comment","target":["https:\/\/gorzow.news\/index.php\/2023\/11\/20\/hipermarket-carrefour-otwiera-sie-w-srode\/#respond"]}]},{"@type":"WebPage","@id":"https:\/\/gorzow.news\/index.php\/2023\/11\/20\/hipermarket-carrefour-otwiera-sie-w-srode\/","url":"https:\/\/gorzow.news\/index.php\/2023\/11\/20\/hipermarket-carrefour-otwiera-sie-w-srode\/","name":"Hipermarket Carrefour otwiera si\u0119 w \u015brod\u0119! - Gorz\u00f3w News","isPartOf":{"@id":"https:\/\/gorzow.news\/#website"},"primaryImageOfPage":{"@id":"https:\/\/gorzow.news\/index.php\/2023\/11\/20\/hipermarket-carrefour-otwiera-sie-w-srode\/#primaryimage"},"image":{"@id":"https:\/\/gorzow.news\/index.php\/2023\/11\/20\/hipermarket-carrefour-otwiera-sie-w-srode\/#primaryimage"},"thumbnailUrl":"https:\/\/gorzow.news\/wp-content\/uploads\/2023\/11\/115541_r0_1140.jpg","datePublished":"2023-11-20T14:51:05+00:00","dateModified":"2023-11-20T14:51:06+00:00","author":{"@id":"https:\/\/gorzow.news\/#\/schema\/person\/a1e5ab43166369f2ce236a1cd90995bb"},"description":"Ju\u017c w t\u0105 \u015brod\u0119, tj. 22 listopada, o godz. 12.00 zostanie otwarty pierwszy hipermarket sieci Carrefour w Gorzowie. Sklep zlokalizowany jest przy ul. G\u00f3rczy\u0144skiej 19 w parku handlowym S1. Hipermarket zaoferuje mieszka\u0144com miasta siedem razy wi\u0119cej produkt\u00f3w od klasycznego dyskontu oraz szereg unikalnych w skali kraju koncept\u00f3w handlowych i nowoczesnych rozwi\u0105za\u0144 u\u0142atwiaj\u0105cych zakupy. Z okazji otwarcia na odwiedzaj\u0105cych ma czeka\u0107 b\u0119dzie wiele promocji i atrakcji, w tym wizyta Kerfusia \u2013 mobilnego robota, kt\u00f3ry sta\u0142 si\u0119 gwiazd\u0105 polskiego internetu.","breadcrumb":{"@id":"https:\/\/gorzow.news\/index.php\/2023\/11\/20\/hipermarket-carrefour-otwiera-sie-w-srode\/#breadcrumb"},"inLanguage":"pl-PL","potentialAction":[{"@type":"ReadAction","target":["https:\/\/gorzow.news\/index.php\/2023\/11\/20\/hipermarket-carrefour-otwiera-sie-w-srode\/"]}]},{"@type":"ImageObject","inLanguage":"pl-PL","@id":"https:\/\/gorzow.news\/index.php\/2023\/11\/20\/hipermarket-carrefour-otwiera-sie-w-srode\/#primaryimage","url":"https:\/\/gorzow.news\/wp-content\/uploads\/2023\/11\/115541_r0_1140.jpg","contentUrl":"https:\/\/gorzow.news\/wp-content\/uploads\/2023\/11\/115541_r0_1140.jpg","width":1140,"height":540,"caption":"Ju\u017c w \u015brod\u0119 22 listopada b\u0119dzie mo\u017cna zrobi\u0107 zakupy w hipermarkecie Carrefour przy ul. G\u00f3rczy\u0144skiej."},{"@type":"BreadcrumbList","@id":"https:\/\/gorzow.news\/index.php\/2023\/11\/20\/hipermarket-carrefour-otwiera-sie-w-srode\/#breadcrumb","itemListElement":[{"@type":"ListItem","position":1,"name":"Home","item":"https:\/\/gorzow.news\/"},{"@type":"ListItem","position":2,"name":"Hipermarket Carrefour otwiera si\u0119 w \u015brod\u0119!"}]},{"@type":"WebSite","@id":"https:\/\/gorzow.news\/#website","url":"https:\/\/gorzow.news\/","name":"Gorz\u00f3w News","description":"Sp\u00f3jrz inaczej na miato i region...","potentialAction":[{"@type":"SearchAction","target":{"@type":"EntryPoint","urlTemplate":"https:\/\/gorzow.news\/?s={search_term_string}"},"query-input":{"@type":"PropertyValueSpecification","valueRequired":true,"valueName":"search_term_string"}}],"inLanguage":"pl-PL"},{"@type":"Person","@id":"https:\/\/gorzow.news\/#\/schema\/person\/a1e5ab43166369f2ce236a1cd90995bb","name":"maciej","image":{"@type":"ImageObject","inLanguage":"pl-PL","@id":"https:\/\/secure.gravatar.com\/avatar\/530a674d56ba60cfa0ef21d74e8e8d123a51bb7aa6580465b5c2ab2c2e980a19?s=96&r=g&d=https:\/\/gorzow.news\/wp-content\/plugins\/userswp\/assets\/images\/no_profile.png","url":"https:\/\/secure.gravatar.com\/avatar\/530a674d56ba60cfa0ef21d74e8e8d123a51bb7aa6580465b5c2ab2c2e980a19?s=96&r=g&d=https:\/\/gorzow.news\/wp-content\/plugins\/userswp\/assets\/images\/no_profile.png","contentUrl":"https:\/\/secure.gravatar.com\/avatar\/530a674d56ba60cfa0ef21d74e8e8d123a51bb7aa6580465b5c2ab2c2e980a19?s=96&r=g&d=https:\/\/gorzow.news\/wp-content\/plugins\/userswp\/assets\/images\/no_profile.png","caption":"maciej"},"url":"https:\/\/gorzow.news\/index.php\/profile\/maciej\/"}]}},"_links":{"self":[{"href":"https:\/\/gorzow.news\/index.php\/wp-json\/wp\/v2\/posts\/17088","targetHints":{"allow":["GET"]}}],"collection":[{"href":"https:\/\/gorzow.news\/index.php\/wp-json\/wp\/v2\/posts"}],"about":[{"href":"https:\/\/gorzow.news\/index.php\/wp-json\/wp\/v2\/types\/post"}],"author":[{"embeddable":true,"href":"https:\/\/gorzow.news\/index.php\/wp-json\/wp\/v2\/users\/1"}],"replies":[{"embeddable":true,"href":"https:\/\/gorzow.news\/index.php\/wp-json\/wp\/v2\/comments?post=17088"}],"version-history":[{"count":1,"href":"https:\/\/gorzow.news\/index.php\/wp-json\/wp\/v2\/posts\/17088\/revisions"}],"predecessor-version":[{"id":17090,"href":"https:\/\/gorzow.news\/index.php\/wp-json\/wp\/v2\/posts\/17088\/revisions\/17090"}],"wp:featuredmedia":[{"embeddable":true,"href":"https:\/\/gorzow.news\/index.php\/wp-json\/wp\/v2\/media\/17089"}],"wp:attachment":[{"href":"https:\/\/gorzow.news\/index.php\/wp-json\/wp\/v2\/media?parent=17088"}],"wp:term":[{"taxonomy":"category","embeddable":true,"href":"https:\/\/gorzow.news\/index.php\/wp-json\/wp\/v2\/categories?post=17088"},{"taxonomy":"post_tag","embeddable":true,"href":"https:\/\/gorzow.news\/index.php\/wp-json\/wp\/v2\/tags?post=17088"}],"curies":[{"name":"wp","href":"https:\/\/api.w.org\/{rel}","templated":true}]}}