{"id":1642,"date":"2021-07-01T00:14:25","date_gmt":"2021-06-30T22:14:25","guid":{"rendered":"https:\/\/gorzow.news\/?p=1642"},"modified":"2021-09-09T12:13:08","modified_gmt":"2021-09-09T10:13:08","slug":"przed-weekendem-pojedziemy-dwujezdniowa-mysliborska-zdjecia","status":"publish","type":"post","link":"https:\/\/gorzow.news\/index.php\/2021\/07\/01\/przed-weekendem-pojedziemy-dwujezdniowa-mysliborska-zdjecia\/","title":{"rendered":"Przed weekendem pojedziemy dwujezdniow\u0105 My\u015bliborsk\u0105! (zdj\u0119cia)"},"content":{"rendered":"\n<p><strong>Po siedmiu miesi\u0105cach op\u00f3\u017anienia wreszcie pojedziemy wszystkimi czterema pasami ulicy My\u015bliborskiej. Firma Budomex S.A. za prawie 18 mln z\u0142 rozbudowa\u0142a drog\u0119 od ronda Europejskiego do zjazdu i wjazdu z drog\u0105 S3.<\/strong><\/p>\n\n\n\n<p>Jechali\u015bmy wczoraj ca\u0142\u0105 budowan\u0105 ulic\u0105 My\u015bliborsk\u0105 i wida\u0107, \u017ce prace s\u0105 ju\u017c na uko\u0144czeniu i wszystko jest ju\u017c szykowane do otwarcia drogi.<\/p>\n\n\n\n<p>Ca\u0142a wylot\u00f3wka z Gorzowa w kierunku na Szczecin b\u0119dzie wi\u0119c mia\u0142a po dwa pasy jezdni. Powinno, to znacznie wp\u0142yn\u0105\u0107 na p\u0142ynno\u015b\u0107 jazdy w godzinach szczytu, gdy gorzowianie doje\u017cd\u017caj\u0105 do zak\u0142ad\u00f3w pracy w strefie ekonomicznej.<\/p>\n\n\n\n<p>Firma Budomex wedle pierwszych za\u0142o\u017ce\u0144 mia\u0142a odda\u0107 uko\u0144czon\u0105 inwestycj\u0119 w listopadzie 2020 roku. W pierwszym etapie prac wykonawca informowa\u0142 nawet, \u017ce prace zako\u0144czy szybciej. Tym termin zbli\u017ca\u0142 si\u0119 do ko\u0144ca, tym cz\u0119\u015bciej firma t\u0142umaczy\u0142a si\u0119 r\u00f3\u017cnymi zewn\u0119trznymi problemami i przesuwa\u0142a termin oddania drogi o kolejne miesi\u0105ce. Nazbiera\u0142o si\u0119 ich a\u017c siedem. Miasto najprawdopodobniej nie b\u0119dzie nak\u0142ada\u0107 na wykonawc\u0119 \u017cadnych kar za op\u00f3\u017anienia. W\u0142a\u015bnie z racji t\u0142umacze\u0144 firmy Budomex, \u017ce op\u00f3\u017anienia nie wynika\u0142y z jego winy.<\/p>\n\n\n\n<p><strong>O rozbudowie ulicy My\u015bliborskiej pisali\u015bmy tutaj:<\/strong><br><a href=\"https:\/\/gorzow.news\/index.php\/2021\/06\/11\/mysliborska-z-kolejnym-opoznieniem-na-wylotowce-na-gdansk-tez-beda-spore-poslizgi-zdjecia\/\">My\u015bliborska z kolejnym op\u00f3\u017anieniem. Na wylot\u00f3wce na Gda\u0144sk te\u017c b\u0119d\u0105 spore po\u015blizgi! (zdj\u0119cia)<\/a><\/p>\n\n\n\n<p>Firma Budomex buduje r\u00f3wnie\u017c ulic\u0119 Walczaka, gdzie ju\u017c dzi\u015b zapowiada sze\u015b\u0107 miesi\u0119cy op\u00f3\u017anienia! <strong>Tutaj nasze wizyty na Walczaka:<\/strong><br><a href=\"https:\/\/gorzow.news\/index.php\/2021\/06\/29\/po-szesciu-tygodniach-znow-jestesmy-na-walczaka-duzo-zdjec\/\">Po sze\u015bciu tygodniach zn\u00f3w jeste\u015bmy na Walczaka (du\u017co zdj\u0119\u0107)<\/a><br><a href=\"https:\/\/gorzow.news\/index.php\/2021\/05\/14\/przebudowa-ulicy-walczaka\/\">Przebudowa ulicy Walczaka<\/a><\/p>\n\n\n\n<figure class=\"wp-block-image size-large\"><img loading=\"lazy\" decoding=\"async\" width=\"1024\" height=\"472\" src=\"https:\/\/gorzow.news\/wp-content\/uploads\/2021\/06\/20210630_113757-1024x472.jpg\" alt=\"\" class=\"wp-image-1636\" srcset=\"https:\/\/gorzow.news\/wp-content\/uploads\/2021\/06\/20210630_113757-1024x472.jpg 1024w, https:\/\/gorzow.news\/wp-content\/uploads\/2021\/06\/20210630_113757-300x138.jpg 300w, https:\/\/gorzow.news\/wp-content\/uploads\/2021\/06\/20210630_113757-768x354.jpg 768w, https:\/\/gorzow.news\/wp-content\/uploads\/2021\/06\/20210630_113757-1536x709.jpg 1536w, https:\/\/gorzow.news\/wp-content\/uploads\/2021\/06\/20210630_113757-2048x945.jpg 2048w, https:\/\/gorzow.news\/wp-content\/uploads\/2021\/06\/20210630_113757-696x321.jpg 696w, https:\/\/gorzow.news\/wp-content\/uploads\/2021\/06\/20210630_113757-1068x493.jpg 1068w, https:\/\/gorzow.news\/wp-content\/uploads\/2021\/06\/20210630_113757-1920x886.jpg 1920w\" sizes=\"auto, (max-width: 1024px) 100vw, 1024px\" \/><\/figure>\n\n\n\n<figure class=\"wp-block-image size-large\"><img loading=\"lazy\" decoding=\"async\" width=\"1024\" height=\"472\" src=\"https:\/\/gorzow.news\/wp-content\/uploads\/2021\/06\/20210630_113846-1024x472.jpg\" alt=\"\" class=\"wp-image-1637\" srcset=\"https:\/\/gorzow.news\/wp-content\/uploads\/2021\/06\/20210630_113846-1024x472.jpg 1024w, https:\/\/gorzow.news\/wp-content\/uploads\/2021\/06\/20210630_113846-300x138.jpg 300w, https:\/\/gorzow.news\/wp-content\/uploads\/2021\/06\/20210630_113846-768x354.jpg 768w, https:\/\/gorzow.news\/wp-content\/uploads\/2021\/06\/20210630_113846-1536x708.jpg 1536w, https:\/\/gorzow.news\/wp-content\/uploads\/2021\/06\/20210630_113846-2048x944.jpg 2048w, https:\/\/gorzow.news\/wp-content\/uploads\/2021\/06\/20210630_113846-696x321.jpg 696w, https:\/\/gorzow.news\/wp-content\/uploads\/2021\/06\/20210630_113846-1068x492.jpg 1068w, https:\/\/gorzow.news\/wp-content\/uploads\/2021\/06\/20210630_113846-1920x885.jpg 1920w\" sizes=\"auto, (max-width: 1024px) 100vw, 1024px\" \/><\/figure>\n\n\n\n<figure class=\"wp-block-image size-large\"><img loading=\"lazy\" decoding=\"async\" width=\"1024\" height=\"472\" src=\"https:\/\/gorzow.news\/wp-content\/uploads\/2021\/06\/20210630_113850-1024x472.jpg\" alt=\"\" class=\"wp-image-1638\" srcset=\"https:\/\/gorzow.news\/wp-content\/uploads\/2021\/06\/20210630_113850-1024x472.jpg 1024w, https:\/\/gorzow.news\/wp-content\/uploads\/2021\/06\/20210630_113850-300x138.jpg 300w, https:\/\/gorzow.news\/wp-content\/uploads\/2021\/06\/20210630_113850-768x354.jpg 768w, https:\/\/gorzow.news\/wp-content\/uploads\/2021\/06\/20210630_113850-1536x709.jpg 1536w, https:\/\/gorzow.news\/wp-content\/uploads\/2021\/06\/20210630_113850-2048x945.jpg 2048w, https:\/\/gorzow.news\/wp-content\/uploads\/2021\/06\/20210630_113850-696x321.jpg 696w, https:\/\/gorzow.news\/wp-content\/uploads\/2021\/06\/20210630_113850-1068x493.jpg 1068w, https:\/\/gorzow.news\/wp-content\/uploads\/2021\/06\/20210630_113850-1920x886.jpg 1920w\" sizes=\"auto, (max-width: 1024px) 100vw, 1024px\" \/><\/figure>\n\n\n\n<figure class=\"wp-block-image size-large\"><img loading=\"lazy\" decoding=\"async\" width=\"1024\" height=\"472\" src=\"https:\/\/gorzow.news\/wp-content\/uploads\/2021\/06\/20210630_114030-1024x472.jpg\" alt=\"\" class=\"wp-image-1639\" srcset=\"https:\/\/gorzow.news\/wp-content\/uploads\/2021\/06\/20210630_114030-1024x472.jpg 1024w, https:\/\/gorzow.news\/wp-content\/uploads\/2021\/06\/20210630_114030-300x138.jpg 300w, https:\/\/gorzow.news\/wp-content\/uploads\/2021\/06\/20210630_114030-768x354.jpg 768w, https:\/\/gorzow.news\/wp-content\/uploads\/2021\/06\/20210630_114030-1536x709.jpg 1536w, https:\/\/gorzow.news\/wp-content\/uploads\/2021\/06\/20210630_114030-2048x945.jpg 2048w, https:\/\/gorzow.news\/wp-content\/uploads\/2021\/06\/20210630_114030-696x321.jpg 696w, https:\/\/gorzow.news\/wp-content\/uploads\/2021\/06\/20210630_114030-1068x493.jpg 1068w, https:\/\/gorzow.news\/wp-content\/uploads\/2021\/06\/20210630_114030-1920x886.jpg 1920w\" sizes=\"auto, (max-width: 1024px) 100vw, 1024px\" \/><\/figure>\n\n\n\n<figure class=\"wp-block-image size-large\"><img loading=\"lazy\" decoding=\"async\" width=\"1024\" height=\"472\" src=\"https:\/\/gorzow.news\/wp-content\/uploads\/2021\/06\/20210630_195324-1024x472.jpg\" alt=\"\" class=\"wp-image-1640\" srcset=\"https:\/\/gorzow.news\/wp-content\/uploads\/2021\/06\/20210630_195324-1024x472.jpg 1024w, https:\/\/gorzow.news\/wp-content\/uploads\/2021\/06\/20210630_195324-300x138.jpg 300w, https:\/\/gorzow.news\/wp-content\/uploads\/2021\/06\/20210630_195324-768x354.jpg 768w, https:\/\/gorzow.news\/wp-content\/uploads\/2021\/06\/20210630_195324-1536x709.jpg 1536w, https:\/\/gorzow.news\/wp-content\/uploads\/2021\/06\/20210630_195324-2048x945.jpg 2048w, https:\/\/gorzow.news\/wp-content\/uploads\/2021\/06\/20210630_195324-696x321.jpg 696w, https:\/\/gorzow.news\/wp-content\/uploads\/2021\/06\/20210630_195324-1068x493.jpg 1068w, https:\/\/gorzow.news\/wp-content\/uploads\/2021\/06\/20210630_195324-1920x886.jpg 1920w\" sizes=\"auto, (max-width: 1024px) 100vw, 1024px\" \/><\/figure>\n\n\n\n<figure class=\"wp-block-image size-large\"><img loading=\"lazy\" decoding=\"async\" width=\"1024\" height=\"472\" src=\"https:\/\/gorzow.news\/wp-content\/uploads\/2021\/06\/20210630_195334-1024x472.jpg\" alt=\"\" class=\"wp-image-1641\" srcset=\"https:\/\/gorzow.news\/wp-content\/uploads\/2021\/06\/20210630_195334-1024x472.jpg 1024w, https:\/\/gorzow.news\/wp-content\/uploads\/2021\/06\/20210630_195334-300x138.jpg 300w, https:\/\/gorzow.news\/wp-content\/uploads\/2021\/06\/20210630_195334-768x354.jpg 768w, https:\/\/gorzow.news\/wp-content\/uploads\/2021\/06\/20210630_195334-1536x708.jpg 1536w, https:\/\/gorzow.news\/wp-content\/uploads\/2021\/06\/20210630_195334-2048x944.jpg 2048w, https:\/\/gorzow.news\/wp-content\/uploads\/2021\/06\/20210630_195334-696x321.jpg 696w, https:\/\/gorzow.news\/wp-content\/uploads\/2021\/06\/20210630_195334-1068x492.jpg 1068w, https:\/\/gorzow.news\/wp-content\/uploads\/2021\/06\/20210630_195334-1920x885.jpg 1920w\" sizes=\"auto, (max-width: 1024px) 100vw, 1024px\" \/><\/figure>\n\n\n\n<p><\/p>\n","protected":false},"excerpt":{"rendered":"<p>Po siedmiu miesi\u0105cach op\u00f3\u017anienia wreszcie pojedziemy wszystkimi czterema pasami ulicy My\u015bliborskiej. Firma Budomex S.A. za prawie 18 mln z\u0142 rozbudowa\u0142a drog\u0119 od ronda Europejskiego do zjazdu i wjazdu z drog\u0105 S3.<\/p>\n","protected":false},"author":1,"featured_media":1638,"comment_status":"open","ping_status":"open","sticky":false,"template":"","format":"standard","meta":{"footnotes":"","_links_to":"","_links_to_target":""},"categories":[594,589],"tags":[246,247,369,60],"class_list":{"0":"post-1642","1":"post","2":"type-post","3":"status-publish","4":"format-standard","5":"has-post-thumbnail","7":"category-info-ulice","8":"category-wiadomosci","9":"tag-budomex","10":"tag-mysliborska","11":"tag-s3","12":"tag-walczaka"},"yoast_head":"<!-- This site is optimized with the Yoast SEO plugin v27.3 - https:\/\/yoast.com\/product\/yoast-seo-wordpress\/ -->\n<title>Przed weekendem pojedziemy dwujezdniow\u0105 My\u015bliborsk\u0105! (zdj\u0119cia) - Gorz\u00f3w News<\/title>\n<meta name=\"robots\" content=\"index, follow, max-snippet:-1, max-image-preview:large, max-video-preview:-1\" \/>\n<link rel=\"canonical\" href=\"https:\/\/gorzow.news\/index.php\/2021\/07\/01\/przed-weekendem-pojedziemy-dwujezdniowa-mysliborska-zdjecia\/\" \/>\n<meta property=\"og:locale\" content=\"pl_PL\" \/>\n<meta property=\"og:type\" content=\"article\" \/>\n<meta property=\"og:title\" content=\"Przed weekendem pojedziemy dwujezdniow\u0105 My\u015bliborsk\u0105! (zdj\u0119cia) - Gorz\u00f3w News\" \/>\n<meta property=\"og:description\" content=\"Po siedmiu miesi\u0105cach op\u00f3\u017anienia wreszcie pojedziemy wszystkimi czterema pasami ulicy My\u015bliborskiej. Firma Budomex S.A. za prawie 18 mln z\u0142 rozbu\" \/>\n<meta property=\"og:url\" content=\"https:\/\/gorzow.news\/index.php\/2021\/07\/01\/przed-weekendem-pojedziemy-dwujezdniowa-mysliborska-zdjecia\/\" \/>\n<meta property=\"og:site_name\" content=\"Gorz\u00f3w News\" \/>\n<meta property=\"article:publisher\" content=\"https:\/\/www.facebook.com\/gorzowskinews\" \/>\n<meta property=\"article:published_time\" content=\"2021-06-30T22:14:25+00:00\" \/>\n<meta property=\"article:modified_time\" content=\"2021-09-09T10:13:08+00:00\" \/>\n<meta property=\"og:image\" content=\"https:\/\/gorzow.news\/wp-content\/uploads\/2021\/06\/20210630_113850-scaled.jpg\" \/>\n\t<meta property=\"og:image:width\" content=\"2560\" \/>\n\t<meta property=\"og:image:height\" content=\"1181\" \/>\n\t<meta property=\"og:image:type\" content=\"image\/jpeg\" \/>\n<meta name=\"author\" content=\"maciej\" \/>\n<meta name=\"twitter:card\" content=\"summary_large_image\" \/>\n<meta name=\"twitter:label1\" content=\"Napisane przez\" \/>\n\t<meta name=\"twitter:data1\" content=\"maciej\" \/>\n\t<meta name=\"twitter:label2\" content=\"Szacowany czas czytania\" \/>\n\t<meta name=\"twitter:data2\" content=\"3 minuty\" \/>\n<script type=\"application\/ld+json\" class=\"yoast-schema-graph\">{\"@context\":\"https:\\\/\\\/schema.org\",\"@graph\":[{\"@type\":\"Article\",\"@id\":\"https:\\\/\\\/gorzow.news\\\/index.php\\\/2021\\\/07\\\/01\\\/przed-weekendem-pojedziemy-dwujezdniowa-mysliborska-zdjecia\\\/#article\",\"isPartOf\":{\"@id\":\"https:\\\/\\\/gorzow.news\\\/index.php\\\/2021\\\/07\\\/01\\\/przed-weekendem-pojedziemy-dwujezdniowa-mysliborska-zdjecia\\\/\"},\"author\":{\"name\":\"maciej\",\"@id\":\"https:\\\/\\\/gorzow.news\\\/#\\\/schema\\\/person\\\/a1e5ab43166369f2ce236a1cd90995bb\"},\"headline\":\"Przed weekendem pojedziemy dwujezdniow\u0105 My\u015bliborsk\u0105! (zdj\u0119cia)\",\"datePublished\":\"2021-06-30T22:14:25+00:00\",\"dateModified\":\"2021-09-09T10:13:08+00:00\",\"mainEntityOfPage\":{\"@id\":\"https:\\\/\\\/gorzow.news\\\/index.php\\\/2021\\\/07\\\/01\\\/przed-weekendem-pojedziemy-dwujezdniowa-mysliborska-zdjecia\\\/\"},\"wordCount\":275,\"commentCount\":0,\"image\":{\"@id\":\"https:\\\/\\\/gorzow.news\\\/index.php\\\/2021\\\/07\\\/01\\\/przed-weekendem-pojedziemy-dwujezdniowa-mysliborska-zdjecia\\\/#primaryimage\"},\"thumbnailUrl\":\"https:\\\/\\\/gorzow.news\\\/wp-content\\\/uploads\\\/2021\\\/06\\\/20210630_113850-scaled.jpg\",\"keywords\":[\"Budomex\",\"My\u015bliborska\",\"S3\",\"Walczaka\"],\"articleSection\":[\"INFOulice\",\"Wiadomo\u015bci\"],\"inLanguage\":\"pl-PL\",\"potentialAction\":[{\"@type\":\"CommentAction\",\"name\":\"Comment\",\"target\":[\"https:\\\/\\\/gorzow.news\\\/index.php\\\/2021\\\/07\\\/01\\\/przed-weekendem-pojedziemy-dwujezdniowa-mysliborska-zdjecia\\\/#respond\"]}]},{\"@type\":\"WebPage\",\"@id\":\"https:\\\/\\\/gorzow.news\\\/index.php\\\/2021\\\/07\\\/01\\\/przed-weekendem-pojedziemy-dwujezdniowa-mysliborska-zdjecia\\\/\",\"url\":\"https:\\\/\\\/gorzow.news\\\/index.php\\\/2021\\\/07\\\/01\\\/przed-weekendem-pojedziemy-dwujezdniowa-mysliborska-zdjecia\\\/\",\"name\":\"Przed weekendem pojedziemy dwujezdniow\u0105 My\u015bliborsk\u0105! (zdj\u0119cia) - Gorz\u00f3w News\",\"isPartOf\":{\"@id\":\"https:\\\/\\\/gorzow.news\\\/#website\"},\"primaryImageOfPage\":{\"@id\":\"https:\\\/\\\/gorzow.news\\\/index.php\\\/2021\\\/07\\\/01\\\/przed-weekendem-pojedziemy-dwujezdniowa-mysliborska-zdjecia\\\/#primaryimage\"},\"image\":{\"@id\":\"https:\\\/\\\/gorzow.news\\\/index.php\\\/2021\\\/07\\\/01\\\/przed-weekendem-pojedziemy-dwujezdniowa-mysliborska-zdjecia\\\/#primaryimage\"},\"thumbnailUrl\":\"https:\\\/\\\/gorzow.news\\\/wp-content\\\/uploads\\\/2021\\\/06\\\/20210630_113850-scaled.jpg\",\"datePublished\":\"2021-06-30T22:14:25+00:00\",\"dateModified\":\"2021-09-09T10:13:08+00:00\",\"author\":{\"@id\":\"https:\\\/\\\/gorzow.news\\\/#\\\/schema\\\/person\\\/a1e5ab43166369f2ce236a1cd90995bb\"},\"breadcrumb\":{\"@id\":\"https:\\\/\\\/gorzow.news\\\/index.php\\\/2021\\\/07\\\/01\\\/przed-weekendem-pojedziemy-dwujezdniowa-mysliborska-zdjecia\\\/#breadcrumb\"},\"inLanguage\":\"pl-PL\",\"potentialAction\":[{\"@type\":\"ReadAction\",\"target\":[\"https:\\\/\\\/gorzow.news\\\/index.php\\\/2021\\\/07\\\/01\\\/przed-weekendem-pojedziemy-dwujezdniowa-mysliborska-zdjecia\\\/\"]}]},{\"@type\":\"ImageObject\",\"inLanguage\":\"pl-PL\",\"@id\":\"https:\\\/\\\/gorzow.news\\\/index.php\\\/2021\\\/07\\\/01\\\/przed-weekendem-pojedziemy-dwujezdniowa-mysliborska-zdjecia\\\/#primaryimage\",\"url\":\"https:\\\/\\\/gorzow.news\\\/wp-content\\\/uploads\\\/2021\\\/06\\\/20210630_113850-scaled.jpg\",\"contentUrl\":\"https:\\\/\\\/gorzow.news\\\/wp-content\\\/uploads\\\/2021\\\/06\\\/20210630_113850-scaled.jpg\",\"width\":2560,\"height\":1181},{\"@type\":\"BreadcrumbList\",\"@id\":\"https:\\\/\\\/gorzow.news\\\/index.php\\\/2021\\\/07\\\/01\\\/przed-weekendem-pojedziemy-dwujezdniowa-mysliborska-zdjecia\\\/#breadcrumb\",\"itemListElement\":[{\"@type\":\"ListItem\",\"position\":1,\"name\":\"Home\",\"item\":\"https:\\\/\\\/gorzow.news\\\/\"},{\"@type\":\"ListItem\",\"position\":2,\"name\":\"Przed weekendem pojedziemy dwujezdniow\u0105 My\u015bliborsk\u0105! (zdj\u0119cia)\"}]},{\"@type\":\"WebSite\",\"@id\":\"https:\\\/\\\/gorzow.news\\\/#website\",\"url\":\"https:\\\/\\\/gorzow.news\\\/\",\"name\":\"Gorz\u00f3w News\",\"description\":\"Sp\u00f3jrz inaczej na miato i region...\",\"potentialAction\":[{\"@type\":\"SearchAction\",\"target\":{\"@type\":\"EntryPoint\",\"urlTemplate\":\"https:\\\/\\\/gorzow.news\\\/?s={search_term_string}\"},\"query-input\":{\"@type\":\"PropertyValueSpecification\",\"valueRequired\":true,\"valueName\":\"search_term_string\"}}],\"inLanguage\":\"pl-PL\"},{\"@type\":\"Person\",\"@id\":\"https:\\\/\\\/gorzow.news\\\/#\\\/schema\\\/person\\\/a1e5ab43166369f2ce236a1cd90995bb\",\"name\":\"maciej\",\"image\":{\"@type\":\"ImageObject\",\"inLanguage\":\"pl-PL\",\"@id\":\"https:\\\/\\\/secure.gravatar.com\\\/avatar\\\/530a674d56ba60cfa0ef21d74e8e8d123a51bb7aa6580465b5c2ab2c2e980a19?s=96&r=g&d=https:\\\/\\\/gorzow.news\\\/wp-content\\\/plugins\\\/userswp\\\/assets\\\/images\\\/no_profile.png\",\"url\":\"https:\\\/\\\/secure.gravatar.com\\\/avatar\\\/530a674d56ba60cfa0ef21d74e8e8d123a51bb7aa6580465b5c2ab2c2e980a19?s=96&r=g&d=https:\\\/\\\/gorzow.news\\\/wp-content\\\/plugins\\\/userswp\\\/assets\\\/images\\\/no_profile.png\",\"contentUrl\":\"https:\\\/\\\/secure.gravatar.com\\\/avatar\\\/530a674d56ba60cfa0ef21d74e8e8d123a51bb7aa6580465b5c2ab2c2e980a19?s=96&r=g&d=https:\\\/\\\/gorzow.news\\\/wp-content\\\/plugins\\\/userswp\\\/assets\\\/images\\\/no_profile.png\",\"caption\":\"maciej\"},\"url\":\"https:\\\/\\\/gorzow.news\\\/index.php\\\/profile\\\/maciej\\\/\"}]}<\/script>\n<!-- \/ Yoast SEO plugin. -->","yoast_head_json":{"title":"Przed weekendem pojedziemy dwujezdniow\u0105 My\u015bliborsk\u0105! (zdj\u0119cia) - Gorz\u00f3w News","robots":{"index":"index","follow":"follow","max-snippet":"max-snippet:-1","max-image-preview":"max-image-preview:large","max-video-preview":"max-video-preview:-1"},"canonical":"https:\/\/gorzow.news\/index.php\/2021\/07\/01\/przed-weekendem-pojedziemy-dwujezdniowa-mysliborska-zdjecia\/","og_locale":"pl_PL","og_type":"article","og_title":"Przed weekendem pojedziemy dwujezdniow\u0105 My\u015bliborsk\u0105! (zdj\u0119cia) - Gorz\u00f3w News","og_description":"Po siedmiu miesi\u0105cach op\u00f3\u017anienia wreszcie pojedziemy wszystkimi czterema pasami ulicy My\u015bliborskiej. Firma Budomex S.A. za prawie 18 mln z\u0142 rozbu","og_url":"https:\/\/gorzow.news\/index.php\/2021\/07\/01\/przed-weekendem-pojedziemy-dwujezdniowa-mysliborska-zdjecia\/","og_site_name":"Gorz\u00f3w News","article_publisher":"https:\/\/www.facebook.com\/gorzowskinews","article_published_time":"2021-06-30T22:14:25+00:00","article_modified_time":"2021-09-09T10:13:08+00:00","og_image":[{"width":2560,"height":1181,"url":"https:\/\/gorzow.news\/wp-content\/uploads\/2021\/06\/20210630_113850-scaled.jpg","type":"image\/jpeg"}],"author":"maciej","twitter_card":"summary_large_image","twitter_misc":{"Napisane przez":"maciej","Szacowany czas czytania":"3 minuty"},"schema":{"@context":"https:\/\/schema.org","@graph":[{"@type":"Article","@id":"https:\/\/gorzow.news\/index.php\/2021\/07\/01\/przed-weekendem-pojedziemy-dwujezdniowa-mysliborska-zdjecia\/#article","isPartOf":{"@id":"https:\/\/gorzow.news\/index.php\/2021\/07\/01\/przed-weekendem-pojedziemy-dwujezdniowa-mysliborska-zdjecia\/"},"author":{"name":"maciej","@id":"https:\/\/gorzow.news\/#\/schema\/person\/a1e5ab43166369f2ce236a1cd90995bb"},"headline":"Przed weekendem pojedziemy dwujezdniow\u0105 My\u015bliborsk\u0105! (zdj\u0119cia)","datePublished":"2021-06-30T22:14:25+00:00","dateModified":"2021-09-09T10:13:08+00:00","mainEntityOfPage":{"@id":"https:\/\/gorzow.news\/index.php\/2021\/07\/01\/przed-weekendem-pojedziemy-dwujezdniowa-mysliborska-zdjecia\/"},"wordCount":275,"commentCount":0,"image":{"@id":"https:\/\/gorzow.news\/index.php\/2021\/07\/01\/przed-weekendem-pojedziemy-dwujezdniowa-mysliborska-zdjecia\/#primaryimage"},"thumbnailUrl":"https:\/\/gorzow.news\/wp-content\/uploads\/2021\/06\/20210630_113850-scaled.jpg","keywords":["Budomex","My\u015bliborska","S3","Walczaka"],"articleSection":["INFOulice","Wiadomo\u015bci"],"inLanguage":"pl-PL","potentialAction":[{"@type":"CommentAction","name":"Comment","target":["https:\/\/gorzow.news\/index.php\/2021\/07\/01\/przed-weekendem-pojedziemy-dwujezdniowa-mysliborska-zdjecia\/#respond"]}]},{"@type":"WebPage","@id":"https:\/\/gorzow.news\/index.php\/2021\/07\/01\/przed-weekendem-pojedziemy-dwujezdniowa-mysliborska-zdjecia\/","url":"https:\/\/gorzow.news\/index.php\/2021\/07\/01\/przed-weekendem-pojedziemy-dwujezdniowa-mysliborska-zdjecia\/","name":"Przed weekendem pojedziemy dwujezdniow\u0105 My\u015bliborsk\u0105! (zdj\u0119cia) - Gorz\u00f3w News","isPartOf":{"@id":"https:\/\/gorzow.news\/#website"},"primaryImageOfPage":{"@id":"https:\/\/gorzow.news\/index.php\/2021\/07\/01\/przed-weekendem-pojedziemy-dwujezdniowa-mysliborska-zdjecia\/#primaryimage"},"image":{"@id":"https:\/\/gorzow.news\/index.php\/2021\/07\/01\/przed-weekendem-pojedziemy-dwujezdniowa-mysliborska-zdjecia\/#primaryimage"},"thumbnailUrl":"https:\/\/gorzow.news\/wp-content\/uploads\/2021\/06\/20210630_113850-scaled.jpg","datePublished":"2021-06-30T22:14:25+00:00","dateModified":"2021-09-09T10:13:08+00:00","author":{"@id":"https:\/\/gorzow.news\/#\/schema\/person\/a1e5ab43166369f2ce236a1cd90995bb"},"breadcrumb":{"@id":"https:\/\/gorzow.news\/index.php\/2021\/07\/01\/przed-weekendem-pojedziemy-dwujezdniowa-mysliborska-zdjecia\/#breadcrumb"},"inLanguage":"pl-PL","potentialAction":[{"@type":"ReadAction","target":["https:\/\/gorzow.news\/index.php\/2021\/07\/01\/przed-weekendem-pojedziemy-dwujezdniowa-mysliborska-zdjecia\/"]}]},{"@type":"ImageObject","inLanguage":"pl-PL","@id":"https:\/\/gorzow.news\/index.php\/2021\/07\/01\/przed-weekendem-pojedziemy-dwujezdniowa-mysliborska-zdjecia\/#primaryimage","url":"https:\/\/gorzow.news\/wp-content\/uploads\/2021\/06\/20210630_113850-scaled.jpg","contentUrl":"https:\/\/gorzow.news\/wp-content\/uploads\/2021\/06\/20210630_113850-scaled.jpg","width":2560,"height":1181},{"@type":"BreadcrumbList","@id":"https:\/\/gorzow.news\/index.php\/2021\/07\/01\/przed-weekendem-pojedziemy-dwujezdniowa-mysliborska-zdjecia\/#breadcrumb","itemListElement":[{"@type":"ListItem","position":1,"name":"Home","item":"https:\/\/gorzow.news\/"},{"@type":"ListItem","position":2,"name":"Przed weekendem pojedziemy dwujezdniow\u0105 My\u015bliborsk\u0105! (zdj\u0119cia)"}]},{"@type":"WebSite","@id":"https:\/\/gorzow.news\/#website","url":"https:\/\/gorzow.news\/","name":"Gorz\u00f3w News","description":"Sp\u00f3jrz inaczej na miato i region...","potentialAction":[{"@type":"SearchAction","target":{"@type":"EntryPoint","urlTemplate":"https:\/\/gorzow.news\/?s={search_term_string}"},"query-input":{"@type":"PropertyValueSpecification","valueRequired":true,"valueName":"search_term_string"}}],"inLanguage":"pl-PL"},{"@type":"Person","@id":"https:\/\/gorzow.news\/#\/schema\/person\/a1e5ab43166369f2ce236a1cd90995bb","name":"maciej","image":{"@type":"ImageObject","inLanguage":"pl-PL","@id":"https:\/\/secure.gravatar.com\/avatar\/530a674d56ba60cfa0ef21d74e8e8d123a51bb7aa6580465b5c2ab2c2e980a19?s=96&r=g&d=https:\/\/gorzow.news\/wp-content\/plugins\/userswp\/assets\/images\/no_profile.png","url":"https:\/\/secure.gravatar.com\/avatar\/530a674d56ba60cfa0ef21d74e8e8d123a51bb7aa6580465b5c2ab2c2e980a19?s=96&r=g&d=https:\/\/gorzow.news\/wp-content\/plugins\/userswp\/assets\/images\/no_profile.png","contentUrl":"https:\/\/secure.gravatar.com\/avatar\/530a674d56ba60cfa0ef21d74e8e8d123a51bb7aa6580465b5c2ab2c2e980a19?s=96&r=g&d=https:\/\/gorzow.news\/wp-content\/plugins\/userswp\/assets\/images\/no_profile.png","caption":"maciej"},"url":"https:\/\/gorzow.news\/index.php\/profile\/maciej\/"}]}},"_links":{"self":[{"href":"https:\/\/gorzow.news\/index.php\/wp-json\/wp\/v2\/posts\/1642","targetHints":{"allow":["GET"]}}],"collection":[{"href":"https:\/\/gorzow.news\/index.php\/wp-json\/wp\/v2\/posts"}],"about":[{"href":"https:\/\/gorzow.news\/index.php\/wp-json\/wp\/v2\/types\/post"}],"author":[{"embeddable":true,"href":"https:\/\/gorzow.news\/index.php\/wp-json\/wp\/v2\/users\/1"}],"replies":[{"embeddable":true,"href":"https:\/\/gorzow.news\/index.php\/wp-json\/wp\/v2\/comments?post=1642"}],"version-history":[{"count":0,"href":"https:\/\/gorzow.news\/index.php\/wp-json\/wp\/v2\/posts\/1642\/revisions"}],"wp:featuredmedia":[{"embeddable":true,"href":"https:\/\/gorzow.news\/index.php\/wp-json\/wp\/v2\/media\/1638"}],"wp:attachment":[{"href":"https:\/\/gorzow.news\/index.php\/wp-json\/wp\/v2\/media?parent=1642"}],"wp:term":[{"taxonomy":"category","embeddable":true,"href":"https:\/\/gorzow.news\/index.php\/wp-json\/wp\/v2\/categories?post=1642"},{"taxonomy":"post_tag","embeddable":true,"href":"https:\/\/gorzow.news\/index.php\/wp-json\/wp\/v2\/tags?post=1642"}],"curies":[{"name":"wp","href":"https:\/\/api.w.org\/{rel}","templated":true}]}}