{"id":15746,"date":"2023-10-12T16:06:29","date_gmt":"2023-10-12T14:06:29","guid":{"rendered":"https:\/\/gorzow.news\/?p=15746"},"modified":"2023-10-12T16:06:31","modified_gmt":"2023-10-12T14:06:31","slug":"lidl-przy-matejki-postawil-darmowa-stacje-ladowania-samochodow-elektrycznych","status":"publish","type":"post","link":"https:\/\/gorzow.news\/index.php\/2023\/10\/12\/lidl-przy-matejki-postawil-darmowa-stacje-ladowania-samochodow-elektrycznych\/","title":{"rendered":"Lidl przy Matejki postawi\u0142 darmow\u0105 stacj\u0119 \u0142adowania samochod\u00f3w elektrycznych"},"content":{"rendered":"\n<p><strong>Klienci dyskontu Lidl przy ul. Matejki na osiedlu Staszica podczas zakup\u00f3w b\u0119d\u0105 mogli za darmo \u0142adowa\u0107 samoch\u00f3d elektryczne. Na parkingu zosta\u0142a ju\u017c zamontowana \u0142adowarka. Zostanie ona uruchomiona, jak tylko zostan\u0105 wydane wszystkie zezwolenia. Z czasem podobne \u0142adowarki maj\u0105 stan\u0105\u0107 przy innych sklepach sieci\u00f3wki.<\/strong><\/p>\n\n\n\n<p>Lidl, a tak\u017ce Biedronka, w\u0142\u0105czy\u0142 si\u0119 w projekt, kt\u00f3ry zak\u0142ada umieszczanie stacji \u0142adowania dla pojazd\u00f3w elektrycznych przy sklepach. Bior\u0105c pod uwag\u0119 to, \u017ce samochody elektryczne coraz cz\u0119\u015bciej widzimy na naszych ulicach, rozwi\u0105zanie mo\u017ce by\u0107 ca\u0142kiem przydatne. Oczywi\u015bcie pod warunkiem, \u017ce takich stacji b\u0119dzie odpowiednio du\u017co i b\u0119d\u0105 dzia\u0142a\u0142y tak, jak powinny. Biedronka razem z firm\u0105 PowerDot chce uruchomi\u0107 takich stacji a\u017c 600 w ca\u0142ej Polsce, a pierwsza dzia\u0142a ju\u017c od jakiego\u015b czasu w Warszawie. Lidl na tym polu wyprzedza konkurencj\u0119, cho\u0107 z czasem mo\u017ce si\u0119 to jeszcze zmieni\u0107.<\/p>\n\n\n\n<p>Jak mo\u017cna si\u0119 domy\u015bli\u0107 dzia\u0142anie to, nie jest wy\u0142\u0105cznie dobr\u0105 wol\u0105 przedsi\u0119biorstwa, a odpowiedzi\u0105 na nowe przepisy, kt\u00f3re b\u0119d\u0105 obowi\u0105zywa\u0107 od 1 stycznia 2025 roku. Wed\u0142ug nich, punkty \u0142adowania aut elektrycznych b\u0119d\u0105 musia\u0142y stan\u0105\u0107 przy istniej\u0105cych budynkach niemieszkalnych, kt\u00f3re oferuj\u0105 parkingi na wi\u0119cej ni\u017c 20 miejsc. Dotyczy to m.in. sklep\u00f3w i dyskont\u00f3w.<\/p>\n\n\n\n<p><strong>Jak b\u0119dzie mo\u017cna korzysta\u0107 ze stacji \u0142adowania elektryk\u00f3w przy Lidlu?<\/strong><\/p>\n\n\n\n<p>Na swojej stronie Lidl podaje, jak korzysta\u0107 ze stacji \u0142adowania. Oto najwa\u017cniejsze informacje:<br>&#8211; \u0142adowanie jest bezp\u0142atne i nie wymaga autoryzacji,<br>&#8211; stacje s\u0105 czynne w godzinach otwarcia sklep\u00f3w, aby umo\u017cliwi\u0107 klientom \u0142adowanie podczas robienia zakup\u00f3w,<br>&#8211; stacje wyposa\u017cone w 3 z\u0142\u0105cza (AC: Typ2, DC: CCS, DC: CHAdeMO) umo\u017cliwiaj\u0105 \u0142adowanie dw\u00f3ch samochod\u00f3w w tym samym czasie (jednego na z\u0142\u0105czu AC i jednego na z\u0142\u0105czu DC),<br>&#8211; stacje wyposa\u017cone w 2 z\u0142\u0105cza (DC: CCS, DC: CHAdeMO) lub 1 z\u0142\u0105cze (AC: Typ2) umo\u017cliwiaj\u0105 \u0142adowanie jednego samochodu w tym samym czasie,<br>&#8211; czas \u0142adowania jest ograniczony do 1h,<br>&#8211; aby skorzysta\u0107 ze z\u0142\u0105cza AC konieczny jest w\u0142asny przew\u00f3d \u0142adowania.<\/p>\n\n\n\n<p><strong>Przeczytaj te\u017c:<\/strong><br>&#8211; <a href=\"https:\/\/gorzow.news\/index.php\/2023\/10\/09\/kolejne-stacje-ladowania-aut-elektrycznych-juz-dzialaja\/\">Kolejne stacje \u0142adowania aut elektrycznych ju\u017c dzia\u0142aj\u0105<\/a><br>&#8211; <a href=\"https:\/\/gorzow.news\/index.php\/2023\/08\/03\/w-miescie-przybywa-stacji-ladowania-samochodow-elektrycznych\/\">W mie\u015bcie przybywa stacji \u0142adowania samochod\u00f3w elektrycznych<\/a><\/p>\n","protected":false},"excerpt":{"rendered":"<p>Klienci dyskontu Lidl przy ul. Matejki na osiedlu Staszica podczas zakup\u00f3w b\u0119d\u0105 mogli za darmo \u0142adowa\u0107 samoch\u00f3d elektryczne. Na parkingu zosta\u0142a ju\u017c zamontowana \u0142adowarka. Zostanie ona uruchomiona, jak tylko zostan\u0105 wydane wszystkie zezwolenia. Z czasem podobne \u0142adowarki maj\u0105 stan\u0105\u0107 przy innych sklepach sieci\u00f3wki. Lidl, a tak\u017ce Biedronka, w\u0142\u0105czy\u0142 si\u0119 w projekt, kt\u00f3ry zak\u0142ada umieszczanie stacji [&hellip;]<\/p>\n","protected":false},"author":1,"featured_media":15747,"comment_status":"open","ping_status":"open","sticky":false,"template":"","format":"standard","meta":{"footnotes":"","_links_to":"","_links_to_target":""},"categories":[2012,74,589],"tags":[83,1199,571],"class_list":{"0":"post-15746","1":"post","2":"type-post","3":"status-publish","4":"format-standard","5":"has-post-thumbnail","7":"category-staszica","8":"category-warto-wiedziec","9":"category-wiadomosci","10":"tag-lidl","11":"tag-matejki","12":"tag-stacja-paliw-alternatywnych"},"yoast_head":"<!-- This site is optimized with the Yoast SEO plugin v27.3 - https:\/\/yoast.com\/product\/yoast-seo-wordpress\/ -->\n<title>Lidl przy Matejki postawi\u0142 darmow\u0105 stacj\u0119 \u0142adowania samochod\u00f3w elektrycznych - Gorz\u00f3w News<\/title>\n<meta name=\"description\" content=\"Klienci dyskontu Lidl przy ul. Matejki na osiedlu Staszica podczas zakup\u00f3w b\u0119d\u0105 mogli za darmo \u0142adowa\u0107 samoch\u00f3d elektryczne. Na parkingu zosta\u0142\" \/>\n<meta name=\"robots\" content=\"index, follow, max-snippet:-1, max-image-preview:large, max-video-preview:-1\" \/>\n<link rel=\"canonical\" href=\"https:\/\/gorzow.news\/index.php\/2023\/10\/12\/lidl-przy-matejki-postawil-darmowa-stacje-ladowania-samochodow-elektrycznych\/\" \/>\n<meta property=\"og:locale\" content=\"pl_PL\" \/>\n<meta property=\"og:type\" content=\"article\" \/>\n<meta property=\"og:title\" content=\"Lidl przy Matejki postawi\u0142 darmow\u0105 stacj\u0119 \u0142adowania samochod\u00f3w elektrycznych - Gorz\u00f3w News\" \/>\n<meta property=\"og:description\" content=\"Klienci dyskontu Lidl przy ul. Matejki na osiedlu Staszica podczas zakup\u00f3w b\u0119d\u0105 mogli za darmo \u0142adowa\u0107 samoch\u00f3d elektryczne. Na parkingu zosta\u0142\" \/>\n<meta property=\"og:url\" content=\"https:\/\/gorzow.news\/index.php\/2023\/10\/12\/lidl-przy-matejki-postawil-darmowa-stacje-ladowania-samochodow-elektrycznych\/\" \/>\n<meta property=\"og:site_name\" content=\"Gorz\u00f3w News\" \/>\n<meta property=\"article:publisher\" content=\"https:\/\/www.facebook.com\/gorzowskinews\" \/>\n<meta property=\"article:published_time\" content=\"2023-10-12T14:06:29+00:00\" \/>\n<meta property=\"article:modified_time\" content=\"2023-10-12T14:06:31+00:00\" \/>\n<meta property=\"og:image\" content=\"https:\/\/gorzow.news\/wp-content\/uploads\/2023\/10\/IMG_20231010_192807.jpg\" \/>\n\t<meta property=\"og:image:width\" content=\"1600\" \/>\n\t<meta property=\"og:image:height\" content=\"757\" \/>\n\t<meta property=\"og:image:type\" content=\"image\/jpeg\" \/>\n<meta name=\"author\" content=\"maciej\" \/>\n<meta name=\"twitter:card\" content=\"summary_large_image\" \/>\n<meta name=\"twitter:label1\" content=\"Napisane przez\" \/>\n\t<meta name=\"twitter:data1\" content=\"maciej\" \/>\n\t<meta name=\"twitter:label2\" content=\"Szacowany czas czytania\" \/>\n\t<meta name=\"twitter:data2\" content=\"2 minuty\" \/>\n<script type=\"application\/ld+json\" class=\"yoast-schema-graph\">{\"@context\":\"https:\\\/\\\/schema.org\",\"@graph\":[{\"@type\":\"Article\",\"@id\":\"https:\\\/\\\/gorzow.news\\\/index.php\\\/2023\\\/10\\\/12\\\/lidl-przy-matejki-postawil-darmowa-stacje-ladowania-samochodow-elektrycznych\\\/#article\",\"isPartOf\":{\"@id\":\"https:\\\/\\\/gorzow.news\\\/index.php\\\/2023\\\/10\\\/12\\\/lidl-przy-matejki-postawil-darmowa-stacje-ladowania-samochodow-elektrycznych\\\/\"},\"author\":{\"name\":\"maciej\",\"@id\":\"https:\\\/\\\/gorzow.news\\\/#\\\/schema\\\/person\\\/a1e5ab43166369f2ce236a1cd90995bb\"},\"headline\":\"Lidl przy Matejki postawi\u0142 darmow\u0105 stacj\u0119 \u0142adowania samochod\u00f3w elektrycznych\",\"datePublished\":\"2023-10-12T14:06:29+00:00\",\"dateModified\":\"2023-10-12T14:06:31+00:00\",\"mainEntityOfPage\":{\"@id\":\"https:\\\/\\\/gorzow.news\\\/index.php\\\/2023\\\/10\\\/12\\\/lidl-przy-matejki-postawil-darmowa-stacje-ladowania-samochodow-elektrycznych\\\/\"},\"wordCount\":386,\"commentCount\":0,\"image\":{\"@id\":\"https:\\\/\\\/gorzow.news\\\/index.php\\\/2023\\\/10\\\/12\\\/lidl-przy-matejki-postawil-darmowa-stacje-ladowania-samochodow-elektrycznych\\\/#primaryimage\"},\"thumbnailUrl\":\"https:\\\/\\\/gorzow.news\\\/wp-content\\\/uploads\\\/2023\\\/10\\\/IMG_20231010_192807.jpg\",\"keywords\":[\"Lidl\",\"Matejki\",\"stacja paliw alternatywnych\"],\"articleSection\":[\"Staszica\",\"Warto wiedzie\u0107\",\"Wiadomo\u015bci\"],\"inLanguage\":\"pl-PL\",\"potentialAction\":[{\"@type\":\"CommentAction\",\"name\":\"Comment\",\"target\":[\"https:\\\/\\\/gorzow.news\\\/index.php\\\/2023\\\/10\\\/12\\\/lidl-przy-matejki-postawil-darmowa-stacje-ladowania-samochodow-elektrycznych\\\/#respond\"]}]},{\"@type\":\"WebPage\",\"@id\":\"https:\\\/\\\/gorzow.news\\\/index.php\\\/2023\\\/10\\\/12\\\/lidl-przy-matejki-postawil-darmowa-stacje-ladowania-samochodow-elektrycznych\\\/\",\"url\":\"https:\\\/\\\/gorzow.news\\\/index.php\\\/2023\\\/10\\\/12\\\/lidl-przy-matejki-postawil-darmowa-stacje-ladowania-samochodow-elektrycznych\\\/\",\"name\":\"Lidl przy Matejki postawi\u0142 darmow\u0105 stacj\u0119 \u0142adowania samochod\u00f3w elektrycznych - Gorz\u00f3w News\",\"isPartOf\":{\"@id\":\"https:\\\/\\\/gorzow.news\\\/#website\"},\"primaryImageOfPage\":{\"@id\":\"https:\\\/\\\/gorzow.news\\\/index.php\\\/2023\\\/10\\\/12\\\/lidl-przy-matejki-postawil-darmowa-stacje-ladowania-samochodow-elektrycznych\\\/#primaryimage\"},\"image\":{\"@id\":\"https:\\\/\\\/gorzow.news\\\/index.php\\\/2023\\\/10\\\/12\\\/lidl-przy-matejki-postawil-darmowa-stacje-ladowania-samochodow-elektrycznych\\\/#primaryimage\"},\"thumbnailUrl\":\"https:\\\/\\\/gorzow.news\\\/wp-content\\\/uploads\\\/2023\\\/10\\\/IMG_20231010_192807.jpg\",\"datePublished\":\"2023-10-12T14:06:29+00:00\",\"dateModified\":\"2023-10-12T14:06:31+00:00\",\"author\":{\"@id\":\"https:\\\/\\\/gorzow.news\\\/#\\\/schema\\\/person\\\/a1e5ab43166369f2ce236a1cd90995bb\"},\"description\":\"Klienci dyskontu Lidl przy ul. Matejki na osiedlu Staszica podczas zakup\u00f3w b\u0119d\u0105 mogli za darmo \u0142adowa\u0107 samoch\u00f3d elektryczne. Na parkingu zosta\u0142a ju\u017c zamontowana \u0142adowarka. Zostanie ona uruchomiona, jak tylko zostan\u0105 wydane wszystkie zezwolenia. Z czasem podobne \u0142adowarki maj\u0105 stan\u0105\u0107 przy innych sklepach sieci\u00f3wki.\",\"breadcrumb\":{\"@id\":\"https:\\\/\\\/gorzow.news\\\/index.php\\\/2023\\\/10\\\/12\\\/lidl-przy-matejki-postawil-darmowa-stacje-ladowania-samochodow-elektrycznych\\\/#breadcrumb\"},\"inLanguage\":\"pl-PL\",\"potentialAction\":[{\"@type\":\"ReadAction\",\"target\":[\"https:\\\/\\\/gorzow.news\\\/index.php\\\/2023\\\/10\\\/12\\\/lidl-przy-matejki-postawil-darmowa-stacje-ladowania-samochodow-elektrycznych\\\/\"]}]},{\"@type\":\"ImageObject\",\"inLanguage\":\"pl-PL\",\"@id\":\"https:\\\/\\\/gorzow.news\\\/index.php\\\/2023\\\/10\\\/12\\\/lidl-przy-matejki-postawil-darmowa-stacje-ladowania-samochodow-elektrycznych\\\/#primaryimage\",\"url\":\"https:\\\/\\\/gorzow.news\\\/wp-content\\\/uploads\\\/2023\\\/10\\\/IMG_20231010_192807.jpg\",\"contentUrl\":\"https:\\\/\\\/gorzow.news\\\/wp-content\\\/uploads\\\/2023\\\/10\\\/IMG_20231010_192807.jpg\",\"width\":1600,\"height\":757,\"caption\":\"Nowa stacja \u0142adowania samochod\u00f3w elektrycznych na parkingu dyskontu Lidl przy ul. Matejki.\"},{\"@type\":\"BreadcrumbList\",\"@id\":\"https:\\\/\\\/gorzow.news\\\/index.php\\\/2023\\\/10\\\/12\\\/lidl-przy-matejki-postawil-darmowa-stacje-ladowania-samochodow-elektrycznych\\\/#breadcrumb\",\"itemListElement\":[{\"@type\":\"ListItem\",\"position\":1,\"name\":\"Home\",\"item\":\"https:\\\/\\\/gorzow.news\\\/\"},{\"@type\":\"ListItem\",\"position\":2,\"name\":\"Lidl przy Matejki postawi\u0142 darmow\u0105 stacj\u0119 \u0142adowania samochod\u00f3w elektrycznych\"}]},{\"@type\":\"WebSite\",\"@id\":\"https:\\\/\\\/gorzow.news\\\/#website\",\"url\":\"https:\\\/\\\/gorzow.news\\\/\",\"name\":\"Gorz\u00f3w News\",\"description\":\"Sp\u00f3jrz inaczej na miato i region...\",\"potentialAction\":[{\"@type\":\"SearchAction\",\"target\":{\"@type\":\"EntryPoint\",\"urlTemplate\":\"https:\\\/\\\/gorzow.news\\\/?s={search_term_string}\"},\"query-input\":{\"@type\":\"PropertyValueSpecification\",\"valueRequired\":true,\"valueName\":\"search_term_string\"}}],\"inLanguage\":\"pl-PL\"},{\"@type\":\"Person\",\"@id\":\"https:\\\/\\\/gorzow.news\\\/#\\\/schema\\\/person\\\/a1e5ab43166369f2ce236a1cd90995bb\",\"name\":\"maciej\",\"image\":{\"@type\":\"ImageObject\",\"inLanguage\":\"pl-PL\",\"@id\":\"https:\\\/\\\/secure.gravatar.com\\\/avatar\\\/530a674d56ba60cfa0ef21d74e8e8d123a51bb7aa6580465b5c2ab2c2e980a19?s=96&r=g&d=https:\\\/\\\/gorzow.news\\\/wp-content\\\/plugins\\\/userswp\\\/assets\\\/images\\\/no_profile.png\",\"url\":\"https:\\\/\\\/secure.gravatar.com\\\/avatar\\\/530a674d56ba60cfa0ef21d74e8e8d123a51bb7aa6580465b5c2ab2c2e980a19?s=96&r=g&d=https:\\\/\\\/gorzow.news\\\/wp-content\\\/plugins\\\/userswp\\\/assets\\\/images\\\/no_profile.png\",\"contentUrl\":\"https:\\\/\\\/secure.gravatar.com\\\/avatar\\\/530a674d56ba60cfa0ef21d74e8e8d123a51bb7aa6580465b5c2ab2c2e980a19?s=96&r=g&d=https:\\\/\\\/gorzow.news\\\/wp-content\\\/plugins\\\/userswp\\\/assets\\\/images\\\/no_profile.png\",\"caption\":\"maciej\"},\"url\":\"https:\\\/\\\/gorzow.news\\\/index.php\\\/profile\\\/maciej\\\/\"}]}<\/script>\n<!-- \/ Yoast SEO plugin. -->","yoast_head_json":{"title":"Lidl przy Matejki postawi\u0142 darmow\u0105 stacj\u0119 \u0142adowania samochod\u00f3w elektrycznych - Gorz\u00f3w News","description":"Klienci dyskontu Lidl przy ul. Matejki na osiedlu Staszica podczas zakup\u00f3w b\u0119d\u0105 mogli za darmo \u0142adowa\u0107 samoch\u00f3d elektryczne. Na parkingu zosta\u0142","robots":{"index":"index","follow":"follow","max-snippet":"max-snippet:-1","max-image-preview":"max-image-preview:large","max-video-preview":"max-video-preview:-1"},"canonical":"https:\/\/gorzow.news\/index.php\/2023\/10\/12\/lidl-przy-matejki-postawil-darmowa-stacje-ladowania-samochodow-elektrycznych\/","og_locale":"pl_PL","og_type":"article","og_title":"Lidl przy Matejki postawi\u0142 darmow\u0105 stacj\u0119 \u0142adowania samochod\u00f3w elektrycznych - Gorz\u00f3w News","og_description":"Klienci dyskontu Lidl przy ul. Matejki na osiedlu Staszica podczas zakup\u00f3w b\u0119d\u0105 mogli za darmo \u0142adowa\u0107 samoch\u00f3d elektryczne. Na parkingu zosta\u0142","og_url":"https:\/\/gorzow.news\/index.php\/2023\/10\/12\/lidl-przy-matejki-postawil-darmowa-stacje-ladowania-samochodow-elektrycznych\/","og_site_name":"Gorz\u00f3w News","article_publisher":"https:\/\/www.facebook.com\/gorzowskinews","article_published_time":"2023-10-12T14:06:29+00:00","article_modified_time":"2023-10-12T14:06:31+00:00","og_image":[{"width":1600,"height":757,"url":"https:\/\/gorzow.news\/wp-content\/uploads\/2023\/10\/IMG_20231010_192807.jpg","type":"image\/jpeg"}],"author":"maciej","twitter_card":"summary_large_image","twitter_misc":{"Napisane przez":"maciej","Szacowany czas czytania":"2 minuty"},"schema":{"@context":"https:\/\/schema.org","@graph":[{"@type":"Article","@id":"https:\/\/gorzow.news\/index.php\/2023\/10\/12\/lidl-przy-matejki-postawil-darmowa-stacje-ladowania-samochodow-elektrycznych\/#article","isPartOf":{"@id":"https:\/\/gorzow.news\/index.php\/2023\/10\/12\/lidl-przy-matejki-postawil-darmowa-stacje-ladowania-samochodow-elektrycznych\/"},"author":{"name":"maciej","@id":"https:\/\/gorzow.news\/#\/schema\/person\/a1e5ab43166369f2ce236a1cd90995bb"},"headline":"Lidl przy Matejki postawi\u0142 darmow\u0105 stacj\u0119 \u0142adowania samochod\u00f3w elektrycznych","datePublished":"2023-10-12T14:06:29+00:00","dateModified":"2023-10-12T14:06:31+00:00","mainEntityOfPage":{"@id":"https:\/\/gorzow.news\/index.php\/2023\/10\/12\/lidl-przy-matejki-postawil-darmowa-stacje-ladowania-samochodow-elektrycznych\/"},"wordCount":386,"commentCount":0,"image":{"@id":"https:\/\/gorzow.news\/index.php\/2023\/10\/12\/lidl-przy-matejki-postawil-darmowa-stacje-ladowania-samochodow-elektrycznych\/#primaryimage"},"thumbnailUrl":"https:\/\/gorzow.news\/wp-content\/uploads\/2023\/10\/IMG_20231010_192807.jpg","keywords":["Lidl","Matejki","stacja paliw alternatywnych"],"articleSection":["Staszica","Warto wiedzie\u0107","Wiadomo\u015bci"],"inLanguage":"pl-PL","potentialAction":[{"@type":"CommentAction","name":"Comment","target":["https:\/\/gorzow.news\/index.php\/2023\/10\/12\/lidl-przy-matejki-postawil-darmowa-stacje-ladowania-samochodow-elektrycznych\/#respond"]}]},{"@type":"WebPage","@id":"https:\/\/gorzow.news\/index.php\/2023\/10\/12\/lidl-przy-matejki-postawil-darmowa-stacje-ladowania-samochodow-elektrycznych\/","url":"https:\/\/gorzow.news\/index.php\/2023\/10\/12\/lidl-przy-matejki-postawil-darmowa-stacje-ladowania-samochodow-elektrycznych\/","name":"Lidl przy Matejki postawi\u0142 darmow\u0105 stacj\u0119 \u0142adowania samochod\u00f3w elektrycznych - Gorz\u00f3w News","isPartOf":{"@id":"https:\/\/gorzow.news\/#website"},"primaryImageOfPage":{"@id":"https:\/\/gorzow.news\/index.php\/2023\/10\/12\/lidl-przy-matejki-postawil-darmowa-stacje-ladowania-samochodow-elektrycznych\/#primaryimage"},"image":{"@id":"https:\/\/gorzow.news\/index.php\/2023\/10\/12\/lidl-przy-matejki-postawil-darmowa-stacje-ladowania-samochodow-elektrycznych\/#primaryimage"},"thumbnailUrl":"https:\/\/gorzow.news\/wp-content\/uploads\/2023\/10\/IMG_20231010_192807.jpg","datePublished":"2023-10-12T14:06:29+00:00","dateModified":"2023-10-12T14:06:31+00:00","author":{"@id":"https:\/\/gorzow.news\/#\/schema\/person\/a1e5ab43166369f2ce236a1cd90995bb"},"description":"Klienci dyskontu Lidl przy ul. Matejki na osiedlu Staszica podczas zakup\u00f3w b\u0119d\u0105 mogli za darmo \u0142adowa\u0107 samoch\u00f3d elektryczne. Na parkingu zosta\u0142a ju\u017c zamontowana \u0142adowarka. Zostanie ona uruchomiona, jak tylko zostan\u0105 wydane wszystkie zezwolenia. Z czasem podobne \u0142adowarki maj\u0105 stan\u0105\u0107 przy innych sklepach sieci\u00f3wki.","breadcrumb":{"@id":"https:\/\/gorzow.news\/index.php\/2023\/10\/12\/lidl-przy-matejki-postawil-darmowa-stacje-ladowania-samochodow-elektrycznych\/#breadcrumb"},"inLanguage":"pl-PL","potentialAction":[{"@type":"ReadAction","target":["https:\/\/gorzow.news\/index.php\/2023\/10\/12\/lidl-przy-matejki-postawil-darmowa-stacje-ladowania-samochodow-elektrycznych\/"]}]},{"@type":"ImageObject","inLanguage":"pl-PL","@id":"https:\/\/gorzow.news\/index.php\/2023\/10\/12\/lidl-przy-matejki-postawil-darmowa-stacje-ladowania-samochodow-elektrycznych\/#primaryimage","url":"https:\/\/gorzow.news\/wp-content\/uploads\/2023\/10\/IMG_20231010_192807.jpg","contentUrl":"https:\/\/gorzow.news\/wp-content\/uploads\/2023\/10\/IMG_20231010_192807.jpg","width":1600,"height":757,"caption":"Nowa stacja \u0142adowania samochod\u00f3w elektrycznych na parkingu dyskontu Lidl przy ul. Matejki."},{"@type":"BreadcrumbList","@id":"https:\/\/gorzow.news\/index.php\/2023\/10\/12\/lidl-przy-matejki-postawil-darmowa-stacje-ladowania-samochodow-elektrycznych\/#breadcrumb","itemListElement":[{"@type":"ListItem","position":1,"name":"Home","item":"https:\/\/gorzow.news\/"},{"@type":"ListItem","position":2,"name":"Lidl przy Matejki postawi\u0142 darmow\u0105 stacj\u0119 \u0142adowania samochod\u00f3w elektrycznych"}]},{"@type":"WebSite","@id":"https:\/\/gorzow.news\/#website","url":"https:\/\/gorzow.news\/","name":"Gorz\u00f3w News","description":"Sp\u00f3jrz inaczej na miato i region...","potentialAction":[{"@type":"SearchAction","target":{"@type":"EntryPoint","urlTemplate":"https:\/\/gorzow.news\/?s={search_term_string}"},"query-input":{"@type":"PropertyValueSpecification","valueRequired":true,"valueName":"search_term_string"}}],"inLanguage":"pl-PL"},{"@type":"Person","@id":"https:\/\/gorzow.news\/#\/schema\/person\/a1e5ab43166369f2ce236a1cd90995bb","name":"maciej","image":{"@type":"ImageObject","inLanguage":"pl-PL","@id":"https:\/\/secure.gravatar.com\/avatar\/530a674d56ba60cfa0ef21d74e8e8d123a51bb7aa6580465b5c2ab2c2e980a19?s=96&r=g&d=https:\/\/gorzow.news\/wp-content\/plugins\/userswp\/assets\/images\/no_profile.png","url":"https:\/\/secure.gravatar.com\/avatar\/530a674d56ba60cfa0ef21d74e8e8d123a51bb7aa6580465b5c2ab2c2e980a19?s=96&r=g&d=https:\/\/gorzow.news\/wp-content\/plugins\/userswp\/assets\/images\/no_profile.png","contentUrl":"https:\/\/secure.gravatar.com\/avatar\/530a674d56ba60cfa0ef21d74e8e8d123a51bb7aa6580465b5c2ab2c2e980a19?s=96&r=g&d=https:\/\/gorzow.news\/wp-content\/plugins\/userswp\/assets\/images\/no_profile.png","caption":"maciej"},"url":"https:\/\/gorzow.news\/index.php\/profile\/maciej\/"}]}},"_links":{"self":[{"href":"https:\/\/gorzow.news\/index.php\/wp-json\/wp\/v2\/posts\/15746","targetHints":{"allow":["GET"]}}],"collection":[{"href":"https:\/\/gorzow.news\/index.php\/wp-json\/wp\/v2\/posts"}],"about":[{"href":"https:\/\/gorzow.news\/index.php\/wp-json\/wp\/v2\/types\/post"}],"author":[{"embeddable":true,"href":"https:\/\/gorzow.news\/index.php\/wp-json\/wp\/v2\/users\/1"}],"replies":[{"embeddable":true,"href":"https:\/\/gorzow.news\/index.php\/wp-json\/wp\/v2\/comments?post=15746"}],"version-history":[{"count":1,"href":"https:\/\/gorzow.news\/index.php\/wp-json\/wp\/v2\/posts\/15746\/revisions"}],"predecessor-version":[{"id":15748,"href":"https:\/\/gorzow.news\/index.php\/wp-json\/wp\/v2\/posts\/15746\/revisions\/15748"}],"wp:featuredmedia":[{"embeddable":true,"href":"https:\/\/gorzow.news\/index.php\/wp-json\/wp\/v2\/media\/15747"}],"wp:attachment":[{"href":"https:\/\/gorzow.news\/index.php\/wp-json\/wp\/v2\/media?parent=15746"}],"wp:term":[{"taxonomy":"category","embeddable":true,"href":"https:\/\/gorzow.news\/index.php\/wp-json\/wp\/v2\/categories?post=15746"},{"taxonomy":"post_tag","embeddable":true,"href":"https:\/\/gorzow.news\/index.php\/wp-json\/wp\/v2\/tags?post=15746"}],"curies":[{"name":"wp","href":"https:\/\/api.w.org\/{rel}","templated":true}]}}