{"id":15582,"date":"2023-10-09T10:47:01","date_gmt":"2023-10-09T08:47:01","guid":{"rendered":"https:\/\/gorzow.news\/?p=15582"},"modified":"2023-10-09T10:47:03","modified_gmt":"2023-10-09T08:47:03","slug":"kolejne-stacje-ladowania-aut-elektrycznych-juz-dzialaja","status":"publish","type":"post","link":"https:\/\/gorzow.news\/index.php\/2023\/10\/09\/kolejne-stacje-ladowania-aut-elektrycznych-juz-dzialaja\/","title":{"rendered":"Kolejne stacje \u0142adowania aut elektrycznych ju\u017c dzia\u0142aj\u0105"},"content":{"rendered":"\n<p><strong>W ostatnich dniach uruchomione zosta\u0142y cztery miejskie stacje \u0142adowania aut elektrycznych oraz hybrydowych, a na finiszu s\u0105 prace nad budow\u0105 kolejnych o\u015bmiu. W sumie udost\u0119pnione b\u0119d\u0105 32 miejskie punkty \u0142adowania. Urz\u0105dzenia zosta\u0142y usytuowane tam, gdzie mieszka\u0144cy sp\u0119dzaj\u0105 czas. Za budow\u0119 i obs\u0142ug\u0119 stacji odpowiada firma Powerdot, kt\u00f3ra pokrywa wszelkie koszty tej inwestycji. Dzi\u0119ki r\u00f3\u017cnym projektom realizowanym na terenie Gorzowa, do dyspozycji mieszka\u0144c\u00f3w jest ju\u017c 69 og\u00f3lnodost\u0119pnych punkt\u00f3w \u0142adowania i liczba ta ca\u0142y czas ro\u015bnie. Gorz\u00f3w jest jednym z najbardziej rozwini\u0119tych polskich miast pod wzgl\u0119dem infrastruktury dla aut elektrycznych.<\/strong><\/p>\n\n\n\n<p>Stacje \u0142adowania aut elektrycznych, wykonane w \u017c\u00f3\u0142to-szarej kolorystyce charakterystycznej dla miejskiej komunikacji publicznej, to nowo\u015b\u0107 na mapie Gorzowa. Cztery z nich zosta\u0142y w\u0142a\u015bnie udost\u0119pnione mieszka\u0144com b\u0119d\u0105cym u\u017cytkownikami pojazd\u00f3w elektrycznych i hybryd plug-in. Nowo otwarte stacje znajduj\u0105 si\u0119 przy ul. Sk\u0142adowej, Witosa, Paderewskiego i Herberta. Miejskich stacji stworzonych w ramach tego projektu b\u0119dzie w sumie 12. S\u0105 usytuowane przy ul. Hejmanowskiej, Chopina, Strzeleckiej, Targowej, Obro\u0144c\u00f3w Pokoju, Mo\u015bcickiego, \u0141okietka i Kosynier\u00f3w Gdy\u0144skich. Uruchomienie sze\u015bciu kolejnych jest planowane na pa\u017adziernik i listopad, a dw\u00f3ch ostatnich na pocz\u0105tek przysz\u0142ego roku. W sumie, w ramach tej inwestycji, do u\u017cytku mieszka\u0144c\u00f3w udost\u0119pnione zostan\u0105 32 punkty \u0142adowania \u201eelektryk\u00f3w\u201d.<\/p>\n\n\n\n<p><strong>Inwestor pokrywa wszelkie koszty<\/strong><\/p>\n\n\n\n<p>Za budow\u0119 i obs\u0142ug\u0119 stacji odpowiada firma Powerdot, kt\u00f3ra ponosi wszelkie koszty tej inwestycji, a ponadto zasila miejski bud\u017cet op\u0142atami z tytu\u0142u dzier\u017cawy parking\u00f3w lub zaj\u0119\u0107 pas\u00f3w drogowych, na kt\u00f3rych usytuowano urz\u0105dzenia.<\/p>\n\n\n\n<p><strong>Gorz\u00f3w na elitarnej li\u015bcie miast<\/strong><\/p>\n\n\n\n<p>W Ewidencji Infrastruktury Paliw Alternatywnych (EIPA), czyli publicznym rejestrze wybudowanych stacji \u0142adowania aut elektrycznych, widniej\u0105 obecnie 32 urz\u0105dzenia zlokalizowane na terenie Gorzowa, kt\u00f3re wed\u0142ug szacunk\u00f3w Powerdot, wyposa\u017cone s\u0105 w sumie w 69 og\u00f3lnie dost\u0119pnych punkt\u00f3w \u0142adowania. Dzi\u0119ki takiej liczbie Gorz\u00f3w staje si\u0119 jednym z lider\u00f3w rozwoju tego typu infrastruktury w\u015br\u00f3d polskich miast.<\/p>\n\n\n\n<p>&#8211; Cieszymy si\u0119 z tego rozwoju, bo wpisuje si\u0119 on w dwie nasze strategie &#8211; Rozwoju Miasta Gorzowa i Rozwoju Elektromobilno\u015bci. Znaczny wzrost, w ostatnim czasie, liczby pojazd\u00f3w korzystaj\u0105cych z energii elektrycznej pokazuje, \u017ce takie inwestycje maj\u0105 dobr\u0105 przysz\u0142o\u015b\u0107. Zale\u017cy nam, by Gorz\u00f3w by\u0142 miastem proekologicznym, przyjaznym dla innowacji, dost\u0119pnym dla mieszka\u0144c\u00f3w, a inwestycja Powerdot przybli\u017ca nas do tego celu \u2013 m\u00f3wi <strong>Iwona Olek<\/strong>, zast\u0119pca prezydenta Gorzowa, nadzoruj\u0105ca zagadnienia elektromobilno\u015bci.<\/p>\n\n\n\n<p><strong>Lokalizacja \u0142adowarek zgodna z wol\u0105 mieszka\u0144c\u00f3w<\/strong><\/p>\n\n\n\n<p>Stacje stworzone przez Powerdot usytuowano w miejscach, w kt\u00f3rych mieszka\u0144cy sp\u0119dzaj\u0105 czas, tj. w pobli\u017cu urz\u0119d\u00f3w, biur, centr\u00f3w us\u0142ugowo-handlowych, a tak\u017ce osiedli mieszkaniowych, co jest sp\u00f3jne z wol\u0105 mieszka\u0144c\u00f3w wyra\u017con\u0105 w badaniu ankietowanym przeprowadzonym na zlecenie gorzowskiego ratusza.<\/p>\n\n\n\n<p>&#8211; \u0141adowanie samochodu jest czynno\u015bci\u0105, kt\u00f3ra powinna odbywa\u0107 si\u0119 przy okazji za\u0142atwiania codziennych spraw, takich, jak zakupy, wizyta w urz\u0119dzie, spotkanie biznesowe. Dzi\u0119ki temu u\u017cytkownik auta elektrycznego nie traci swojego cennego czasu. W przypadku inwestycji gorzowskiej warta podkre\u015blenia jest te\u017c lokalizacja cz\u0119\u015bci \u0142adowarek w pobli\u017cu osiedli mieszkaniowych, co jest odpowiedzi\u0105 na potrzeby zg\u0142aszane przez mieszka\u0144c\u00f3w miasta \u2013 m\u00f3wi <strong>Grigoriy Grigoriev<\/strong>, dyrektor Generalny Powerdot w Polsce.<\/p>\n\n\n\n<p><strong>Moc dostosowana do potrzeb<\/strong><\/p>\n\n\n\n<p>Osiem z 12 stacji miejskich to urz\u0105dzenia typu DC, pozwalaj\u0105ce \u0142adowa\u0107 auto pr\u0105dem sta\u0142ym o du\u017cej mocy, wynosz\u0105cej w zale\u017cno\u015bci od lokalizacji: 50kW (Sk\u0142adowa, Witosa), 60 kW (Kosynier\u00f3w, Strzelecka, Mo\u015bcickiego), 100 kW (Obro\u0144c\u00f3w Pokoju) oraz 120 kW (Targowa, \u0141okietka). Pozosta\u0142e maj\u0105 moc 22 kW (typ stacji AC).<\/p>\n\n\n\n<p>&#8211; Moc poszczeg\u00f3lnych stacji dostosowano do czasu sp\u0119dzanego przez mieszka\u0144c\u00f3w w danej okolicy, aby korzystanie z urz\u0105dze\u0144 by\u0142o efektywne i wygodne. Stacje s\u0105 widoczne i \u0142atwo dost\u0119pne, znajduj\u0105 si\u0119 one w pasie drogowym lub na parkingach miejskich \u2013 informuje <strong>Karol \u017bebrowski<\/strong>, dyrektor operacyjny Powerdot, odpowiedzialny za wsp\u00f3\u0142prac\u0119 z Gorzowem.<\/p>\n\n\n\n<p>Opr\u00f3cz inwestycji realizowanej we wsp\u00f3\u0142pracy z miastem, Powerdot wzbogaca gorzowsk\u0105 sie\u0107 stacji \u0142adowania tak\u017ce o inne urz\u0105dzenia, zlokalizowane m.in. przy supermarketach (6 kolejnych stacji).<\/p>\n\n\n\n<p><strong>Infrastruktura dla elektryk\u00f3w oraz hybryd<\/strong><\/p>\n\n\n\n<p>Urz\u0105dzenia typu DC dysponuj\u0105 trzema z\u0142\u0105czami (CCS, Type2, CHAdeMO), co oznacza, \u017ce jednocze\u015bnie mog\u0105 si\u0119 na nich \u0142adowa\u0107 trzy pojazdy. Stacje typu AC dysponuj\u0105 natomiast dwoma z\u0142\u0105czami umo\u017cliwiaj\u0105cymi jednoczesne \u0142adowanie dw\u00f3ch aut. Przyk\u0142adowo, \u0142adowanie \u201edo pe\u0142na\u201d przeci\u0119tnego samochodu elektrycznego na stacji o mocy 60kW zajmuje ok. 60 minut, a na stacji o mocy 120 kW \u2013 ok. 30 minut. Ze stacji mog\u0105 korzysta\u0107 zar\u00f3wno posiadacze aut elektrycznych, jak i hybryd plug-in.<\/p>\n\n\n\n<p><strong>Us\u0142uga dla ka\u017cdego<\/strong><\/p>\n\n\n\n<p>Stacje miejskie dost\u0119pne s\u0105 24h, 7 dni w tygodniu. Mo\u017ce z nich skorzysta\u0107 ka\u017cdy bez wyj\u0105tku. Nie ma potrzeby posiadania \u017cadnej aplikacji, wystarczy zeskanowa\u0107 kod QR, aby dokona\u0107 p\u0142atno\u015bci kart\u0105. Honorowane s\u0105 te\u017c karty RFiD innych dostawc\u00f3w us\u0142ugi \u0142adowania. Stacje s\u0105 bezobs\u0142ugowe, a w razie potrzeby ich u\u017cytkownicy mog\u0105 skorzysta\u0107 ze wsparcia technicznego dost\u0119pnego 24h.<\/p>\n\n\n\n<p>Wed\u0142ug danych z wrze\u015bnia br. w Gorzowie zarejestrowane s\u0105 192 pojazdy elektryczne, w tym 116 osobowych. Ich liczba powi\u0119ksza si\u0119 w du\u017cym tempie, bo w ci\u0105gu ostatnich 8 miesi\u0119cy wzros\u0142a o 1\/3.<\/p>\n\n\n\n<p>Powerdot jest firm\u0105 o korzeniach portugalskich, dzia\u0142aj\u0105c\u0105 w r\u00f3\u017cnych krajach Europy. W sumie ma ju\u017c ponad 3000 punkt\u00f3w \u0142adowania i ponad 8000 kolejnych w trakcie budowy. Polska jest dla Powerdot strategicznym rynkiem.<\/p>\n\n\n\n<p><strong>Przeczytaj te\u017c:<\/strong><br><a href=\"https:\/\/gorzow.news\/index.php\/2023\/08\/03\/w-miescie-przybywa-stacji-ladowania-samochodow-elektrycznych\/\">W mie\u015bcie przybywa stacji \u0142adowania samochod\u00f3w elektrycznych<\/a><\/p>\n","protected":false},"excerpt":{"rendered":"<p>W ostatnich dniach uruchomione zosta\u0142y cztery miejskie stacje \u0142adowania aut elektrycznych oraz hybrydowych, a na finiszu s\u0105 prace nad budow\u0105 kolejnych o\u015bmiu. W sumie udost\u0119pnione b\u0119d\u0105 32 miejskie punkty \u0142adowania. Urz\u0105dzenia zosta\u0142y usytuowane tam, gdzie mieszka\u0144cy sp\u0119dzaj\u0105 czas. Za budow\u0119 i obs\u0142ug\u0119 stacji odpowiada firma Powerdot, kt\u00f3ra pokrywa wszelkie koszty tej inwestycji. Dzi\u0119ki r\u00f3\u017cnym projektom [&hellip;]<\/p>\n","protected":false},"author":1,"featured_media":15583,"comment_status":"open","ping_status":"open","sticky":false,"template":"","format":"standard","meta":{"footnotes":"","_links_to":"","_links_to_target":""},"categories":[74,589],"tags":[2446,816,1220,1218],"class_list":{"0":"post-15582","1":"post","2":"type-post","3":"status-publish","4":"format-standard","5":"has-post-thumbnail","7":"category-warto-wiedziec","8":"category-wiadomosci","9":"tag-grigoriy-grigoriev","10":"tag-iwona-olek","11":"tag-power-dot","12":"tag-stacje-ladowania-aut-elektrycznych"},"yoast_head":"<!-- This site is optimized with the Yoast SEO plugin v27.3 - https:\/\/yoast.com\/product\/yoast-seo-wordpress\/ -->\n<title>Kolejne stacje \u0142adowania aut elektrycznych ju\u017c dzia\u0142aj\u0105 - Gorz\u00f3w News<\/title>\n<meta name=\"description\" content=\"W ostatnich dniach uruchomione zosta\u0142y cztery miejskie stacje \u0142adowania aut elektrycznych oraz hybrydowych, a na finiszu s\u0105 prace nad budow\u0105 kolej\" \/>\n<meta name=\"robots\" content=\"index, follow, max-snippet:-1, max-image-preview:large, max-video-preview:-1\" \/>\n<link rel=\"canonical\" href=\"https:\/\/gorzow.news\/index.php\/2023\/10\/09\/kolejne-stacje-ladowania-aut-elektrycznych-juz-dzialaja\/\" \/>\n<meta property=\"og:locale\" content=\"pl_PL\" \/>\n<meta property=\"og:type\" content=\"article\" \/>\n<meta property=\"og:title\" content=\"Kolejne stacje \u0142adowania aut elektrycznych ju\u017c dzia\u0142aj\u0105 - Gorz\u00f3w News\" \/>\n<meta property=\"og:description\" content=\"W ostatnich dniach uruchomione zosta\u0142y cztery miejskie stacje \u0142adowania aut elektrycznych oraz hybrydowych, a na finiszu s\u0105 prace nad budow\u0105 kolej\" \/>\n<meta property=\"og:url\" content=\"https:\/\/gorzow.news\/index.php\/2023\/10\/09\/kolejne-stacje-ladowania-aut-elektrycznych-juz-dzialaja\/\" \/>\n<meta property=\"og:site_name\" content=\"Gorz\u00f3w News\" \/>\n<meta property=\"article:publisher\" content=\"https:\/\/www.facebook.com\/gorzowskinews\" \/>\n<meta property=\"article:published_time\" content=\"2023-10-09T08:47:01+00:00\" \/>\n<meta property=\"article:modified_time\" content=\"2023-10-09T08:47:03+00:00\" \/>\n<meta property=\"og:image\" content=\"https:\/\/gorzow.news\/wp-content\/uploads\/2023\/10\/Sl2.jpg\" \/>\n\t<meta property=\"og:image:width\" content=\"1600\" \/>\n\t<meta property=\"og:image:height\" content=\"757\" \/>\n\t<meta property=\"og:image:type\" content=\"image\/jpeg\" \/>\n<meta name=\"author\" content=\"maciej\" \/>\n<meta name=\"twitter:card\" content=\"summary_large_image\" \/>\n<meta name=\"twitter:label1\" content=\"Napisane przez\" \/>\n\t<meta name=\"twitter:data1\" content=\"maciej\" \/>\n\t<meta name=\"twitter:label2\" content=\"Szacowany czas czytania\" \/>\n\t<meta name=\"twitter:data2\" content=\"5 minut\" \/>\n<script type=\"application\/ld+json\" class=\"yoast-schema-graph\">{\"@context\":\"https:\\\/\\\/schema.org\",\"@graph\":[{\"@type\":\"Article\",\"@id\":\"https:\\\/\\\/gorzow.news\\\/index.php\\\/2023\\\/10\\\/09\\\/kolejne-stacje-ladowania-aut-elektrycznych-juz-dzialaja\\\/#article\",\"isPartOf\":{\"@id\":\"https:\\\/\\\/gorzow.news\\\/index.php\\\/2023\\\/10\\\/09\\\/kolejne-stacje-ladowania-aut-elektrycznych-juz-dzialaja\\\/\"},\"author\":{\"name\":\"maciej\",\"@id\":\"https:\\\/\\\/gorzow.news\\\/#\\\/schema\\\/person\\\/a1e5ab43166369f2ce236a1cd90995bb\"},\"headline\":\"Kolejne stacje \u0142adowania aut elektrycznych ju\u017c dzia\u0142aj\u0105\",\"datePublished\":\"2023-10-09T08:47:01+00:00\",\"dateModified\":\"2023-10-09T08:47:03+00:00\",\"mainEntityOfPage\":{\"@id\":\"https:\\\/\\\/gorzow.news\\\/index.php\\\/2023\\\/10\\\/09\\\/kolejne-stacje-ladowania-aut-elektrycznych-juz-dzialaja\\\/\"},\"wordCount\":954,\"commentCount\":0,\"image\":{\"@id\":\"https:\\\/\\\/gorzow.news\\\/index.php\\\/2023\\\/10\\\/09\\\/kolejne-stacje-ladowania-aut-elektrycznych-juz-dzialaja\\\/#primaryimage\"},\"thumbnailUrl\":\"https:\\\/\\\/gorzow.news\\\/wp-content\\\/uploads\\\/2023\\\/10\\\/Sl2.jpg\",\"keywords\":[\"Grigoriy Grigoriev\",\"Iwona Olek\",\"Power Dot\",\"stacje \u0142adowania aut elektrycznych\"],\"articleSection\":[\"Warto wiedzie\u0107\",\"Wiadomo\u015bci\"],\"inLanguage\":\"pl-PL\",\"potentialAction\":[{\"@type\":\"CommentAction\",\"name\":\"Comment\",\"target\":[\"https:\\\/\\\/gorzow.news\\\/index.php\\\/2023\\\/10\\\/09\\\/kolejne-stacje-ladowania-aut-elektrycznych-juz-dzialaja\\\/#respond\"]}]},{\"@type\":\"WebPage\",\"@id\":\"https:\\\/\\\/gorzow.news\\\/index.php\\\/2023\\\/10\\\/09\\\/kolejne-stacje-ladowania-aut-elektrycznych-juz-dzialaja\\\/\",\"url\":\"https:\\\/\\\/gorzow.news\\\/index.php\\\/2023\\\/10\\\/09\\\/kolejne-stacje-ladowania-aut-elektrycznych-juz-dzialaja\\\/\",\"name\":\"Kolejne stacje \u0142adowania aut elektrycznych ju\u017c dzia\u0142aj\u0105 - Gorz\u00f3w News\",\"isPartOf\":{\"@id\":\"https:\\\/\\\/gorzow.news\\\/#website\"},\"primaryImageOfPage\":{\"@id\":\"https:\\\/\\\/gorzow.news\\\/index.php\\\/2023\\\/10\\\/09\\\/kolejne-stacje-ladowania-aut-elektrycznych-juz-dzialaja\\\/#primaryimage\"},\"image\":{\"@id\":\"https:\\\/\\\/gorzow.news\\\/index.php\\\/2023\\\/10\\\/09\\\/kolejne-stacje-ladowania-aut-elektrycznych-juz-dzialaja\\\/#primaryimage\"},\"thumbnailUrl\":\"https:\\\/\\\/gorzow.news\\\/wp-content\\\/uploads\\\/2023\\\/10\\\/Sl2.jpg\",\"datePublished\":\"2023-10-09T08:47:01+00:00\",\"dateModified\":\"2023-10-09T08:47:03+00:00\",\"author\":{\"@id\":\"https:\\\/\\\/gorzow.news\\\/#\\\/schema\\\/person\\\/a1e5ab43166369f2ce236a1cd90995bb\"},\"description\":\"W ostatnich dniach uruchomione zosta\u0142y cztery miejskie stacje \u0142adowania aut elektrycznych oraz hybrydowych, a na finiszu s\u0105 prace nad budow\u0105 kolejnych o\u015bmiu. W sumie udost\u0119pnione b\u0119d\u0105 32 miejskie punkty \u0142adowania. Urz\u0105dzenia zosta\u0142y usytuowane tam, gdzie mieszka\u0144cy sp\u0119dzaj\u0105 czas. Za budow\u0119 i obs\u0142ug\u0119 stacji odpowiada firma Powerdot, kt\u00f3ra pokrywa wszelkie koszty tej inwestycji. Dzi\u0119ki r\u00f3\u017cnym projektom realizowanym na terenie Gorzowa, do dyspozycji mieszka\u0144c\u00f3w jest ju\u017c 69 og\u00f3lnodost\u0119pnych punkt\u00f3w \u0142adowania i liczba ta ca\u0142y czas ro\u015bnie. Gorz\u00f3w jest jednym z najbardziej rozwini\u0119tych polskich miast pod wzgl\u0119dem infrastruktury dla aut elektrycznych.\",\"breadcrumb\":{\"@id\":\"https:\\\/\\\/gorzow.news\\\/index.php\\\/2023\\\/10\\\/09\\\/kolejne-stacje-ladowania-aut-elektrycznych-juz-dzialaja\\\/#breadcrumb\"},\"inLanguage\":\"pl-PL\",\"potentialAction\":[{\"@type\":\"ReadAction\",\"target\":[\"https:\\\/\\\/gorzow.news\\\/index.php\\\/2023\\\/10\\\/09\\\/kolejne-stacje-ladowania-aut-elektrycznych-juz-dzialaja\\\/\"]}]},{\"@type\":\"ImageObject\",\"inLanguage\":\"pl-PL\",\"@id\":\"https:\\\/\\\/gorzow.news\\\/index.php\\\/2023\\\/10\\\/09\\\/kolejne-stacje-ladowania-aut-elektrycznych-juz-dzialaja\\\/#primaryimage\",\"url\":\"https:\\\/\\\/gorzow.news\\\/wp-content\\\/uploads\\\/2023\\\/10\\\/Sl2.jpg\",\"contentUrl\":\"https:\\\/\\\/gorzow.news\\\/wp-content\\\/uploads\\\/2023\\\/10\\\/Sl2.jpg\",\"width\":1600,\"height\":757,\"caption\":\"Stacja \u0142adowania samochod\u00f3w elektrycznych przy ul. Witosa. fot. UM\"},{\"@type\":\"BreadcrumbList\",\"@id\":\"https:\\\/\\\/gorzow.news\\\/index.php\\\/2023\\\/10\\\/09\\\/kolejne-stacje-ladowania-aut-elektrycznych-juz-dzialaja\\\/#breadcrumb\",\"itemListElement\":[{\"@type\":\"ListItem\",\"position\":1,\"name\":\"Home\",\"item\":\"https:\\\/\\\/gorzow.news\\\/\"},{\"@type\":\"ListItem\",\"position\":2,\"name\":\"Kolejne stacje \u0142adowania aut elektrycznych ju\u017c dzia\u0142aj\u0105\"}]},{\"@type\":\"WebSite\",\"@id\":\"https:\\\/\\\/gorzow.news\\\/#website\",\"url\":\"https:\\\/\\\/gorzow.news\\\/\",\"name\":\"Gorz\u00f3w News\",\"description\":\"Sp\u00f3jrz inaczej na miato i region...\",\"potentialAction\":[{\"@type\":\"SearchAction\",\"target\":{\"@type\":\"EntryPoint\",\"urlTemplate\":\"https:\\\/\\\/gorzow.news\\\/?s={search_term_string}\"},\"query-input\":{\"@type\":\"PropertyValueSpecification\",\"valueRequired\":true,\"valueName\":\"search_term_string\"}}],\"inLanguage\":\"pl-PL\"},{\"@type\":\"Person\",\"@id\":\"https:\\\/\\\/gorzow.news\\\/#\\\/schema\\\/person\\\/a1e5ab43166369f2ce236a1cd90995bb\",\"name\":\"maciej\",\"image\":{\"@type\":\"ImageObject\",\"inLanguage\":\"pl-PL\",\"@id\":\"https:\\\/\\\/secure.gravatar.com\\\/avatar\\\/530a674d56ba60cfa0ef21d74e8e8d123a51bb7aa6580465b5c2ab2c2e980a19?s=96&r=g&d=https:\\\/\\\/gorzow.news\\\/wp-content\\\/plugins\\\/userswp\\\/assets\\\/images\\\/no_profile.png\",\"url\":\"https:\\\/\\\/secure.gravatar.com\\\/avatar\\\/530a674d56ba60cfa0ef21d74e8e8d123a51bb7aa6580465b5c2ab2c2e980a19?s=96&r=g&d=https:\\\/\\\/gorzow.news\\\/wp-content\\\/plugins\\\/userswp\\\/assets\\\/images\\\/no_profile.png\",\"contentUrl\":\"https:\\\/\\\/secure.gravatar.com\\\/avatar\\\/530a674d56ba60cfa0ef21d74e8e8d123a51bb7aa6580465b5c2ab2c2e980a19?s=96&r=g&d=https:\\\/\\\/gorzow.news\\\/wp-content\\\/plugins\\\/userswp\\\/assets\\\/images\\\/no_profile.png\",\"caption\":\"maciej\"},\"url\":\"https:\\\/\\\/gorzow.news\\\/index.php\\\/profile\\\/maciej\\\/\"}]}<\/script>\n<!-- \/ Yoast SEO plugin. -->","yoast_head_json":{"title":"Kolejne stacje \u0142adowania aut elektrycznych ju\u017c dzia\u0142aj\u0105 - Gorz\u00f3w News","description":"W ostatnich dniach uruchomione zosta\u0142y cztery miejskie stacje \u0142adowania aut elektrycznych oraz hybrydowych, a na finiszu s\u0105 prace nad budow\u0105 kolej","robots":{"index":"index","follow":"follow","max-snippet":"max-snippet:-1","max-image-preview":"max-image-preview:large","max-video-preview":"max-video-preview:-1"},"canonical":"https:\/\/gorzow.news\/index.php\/2023\/10\/09\/kolejne-stacje-ladowania-aut-elektrycznych-juz-dzialaja\/","og_locale":"pl_PL","og_type":"article","og_title":"Kolejne stacje \u0142adowania aut elektrycznych ju\u017c dzia\u0142aj\u0105 - Gorz\u00f3w News","og_description":"W ostatnich dniach uruchomione zosta\u0142y cztery miejskie stacje \u0142adowania aut elektrycznych oraz hybrydowych, a na finiszu s\u0105 prace nad budow\u0105 kolej","og_url":"https:\/\/gorzow.news\/index.php\/2023\/10\/09\/kolejne-stacje-ladowania-aut-elektrycznych-juz-dzialaja\/","og_site_name":"Gorz\u00f3w News","article_publisher":"https:\/\/www.facebook.com\/gorzowskinews","article_published_time":"2023-10-09T08:47:01+00:00","article_modified_time":"2023-10-09T08:47:03+00:00","og_image":[{"width":1600,"height":757,"url":"https:\/\/gorzow.news\/wp-content\/uploads\/2023\/10\/Sl2.jpg","type":"image\/jpeg"}],"author":"maciej","twitter_card":"summary_large_image","twitter_misc":{"Napisane przez":"maciej","Szacowany czas czytania":"5 minut"},"schema":{"@context":"https:\/\/schema.org","@graph":[{"@type":"Article","@id":"https:\/\/gorzow.news\/index.php\/2023\/10\/09\/kolejne-stacje-ladowania-aut-elektrycznych-juz-dzialaja\/#article","isPartOf":{"@id":"https:\/\/gorzow.news\/index.php\/2023\/10\/09\/kolejne-stacje-ladowania-aut-elektrycznych-juz-dzialaja\/"},"author":{"name":"maciej","@id":"https:\/\/gorzow.news\/#\/schema\/person\/a1e5ab43166369f2ce236a1cd90995bb"},"headline":"Kolejne stacje \u0142adowania aut elektrycznych ju\u017c dzia\u0142aj\u0105","datePublished":"2023-10-09T08:47:01+00:00","dateModified":"2023-10-09T08:47:03+00:00","mainEntityOfPage":{"@id":"https:\/\/gorzow.news\/index.php\/2023\/10\/09\/kolejne-stacje-ladowania-aut-elektrycznych-juz-dzialaja\/"},"wordCount":954,"commentCount":0,"image":{"@id":"https:\/\/gorzow.news\/index.php\/2023\/10\/09\/kolejne-stacje-ladowania-aut-elektrycznych-juz-dzialaja\/#primaryimage"},"thumbnailUrl":"https:\/\/gorzow.news\/wp-content\/uploads\/2023\/10\/Sl2.jpg","keywords":["Grigoriy Grigoriev","Iwona Olek","Power Dot","stacje \u0142adowania aut elektrycznych"],"articleSection":["Warto wiedzie\u0107","Wiadomo\u015bci"],"inLanguage":"pl-PL","potentialAction":[{"@type":"CommentAction","name":"Comment","target":["https:\/\/gorzow.news\/index.php\/2023\/10\/09\/kolejne-stacje-ladowania-aut-elektrycznych-juz-dzialaja\/#respond"]}]},{"@type":"WebPage","@id":"https:\/\/gorzow.news\/index.php\/2023\/10\/09\/kolejne-stacje-ladowania-aut-elektrycznych-juz-dzialaja\/","url":"https:\/\/gorzow.news\/index.php\/2023\/10\/09\/kolejne-stacje-ladowania-aut-elektrycznych-juz-dzialaja\/","name":"Kolejne stacje \u0142adowania aut elektrycznych ju\u017c dzia\u0142aj\u0105 - Gorz\u00f3w News","isPartOf":{"@id":"https:\/\/gorzow.news\/#website"},"primaryImageOfPage":{"@id":"https:\/\/gorzow.news\/index.php\/2023\/10\/09\/kolejne-stacje-ladowania-aut-elektrycznych-juz-dzialaja\/#primaryimage"},"image":{"@id":"https:\/\/gorzow.news\/index.php\/2023\/10\/09\/kolejne-stacje-ladowania-aut-elektrycznych-juz-dzialaja\/#primaryimage"},"thumbnailUrl":"https:\/\/gorzow.news\/wp-content\/uploads\/2023\/10\/Sl2.jpg","datePublished":"2023-10-09T08:47:01+00:00","dateModified":"2023-10-09T08:47:03+00:00","author":{"@id":"https:\/\/gorzow.news\/#\/schema\/person\/a1e5ab43166369f2ce236a1cd90995bb"},"description":"W ostatnich dniach uruchomione zosta\u0142y cztery miejskie stacje \u0142adowania aut elektrycznych oraz hybrydowych, a na finiszu s\u0105 prace nad budow\u0105 kolejnych o\u015bmiu. W sumie udost\u0119pnione b\u0119d\u0105 32 miejskie punkty \u0142adowania. Urz\u0105dzenia zosta\u0142y usytuowane tam, gdzie mieszka\u0144cy sp\u0119dzaj\u0105 czas. Za budow\u0119 i obs\u0142ug\u0119 stacji odpowiada firma Powerdot, kt\u00f3ra pokrywa wszelkie koszty tej inwestycji. Dzi\u0119ki r\u00f3\u017cnym projektom realizowanym na terenie Gorzowa, do dyspozycji mieszka\u0144c\u00f3w jest ju\u017c 69 og\u00f3lnodost\u0119pnych punkt\u00f3w \u0142adowania i liczba ta ca\u0142y czas ro\u015bnie. Gorz\u00f3w jest jednym z najbardziej rozwini\u0119tych polskich miast pod wzgl\u0119dem infrastruktury dla aut elektrycznych.","breadcrumb":{"@id":"https:\/\/gorzow.news\/index.php\/2023\/10\/09\/kolejne-stacje-ladowania-aut-elektrycznych-juz-dzialaja\/#breadcrumb"},"inLanguage":"pl-PL","potentialAction":[{"@type":"ReadAction","target":["https:\/\/gorzow.news\/index.php\/2023\/10\/09\/kolejne-stacje-ladowania-aut-elektrycznych-juz-dzialaja\/"]}]},{"@type":"ImageObject","inLanguage":"pl-PL","@id":"https:\/\/gorzow.news\/index.php\/2023\/10\/09\/kolejne-stacje-ladowania-aut-elektrycznych-juz-dzialaja\/#primaryimage","url":"https:\/\/gorzow.news\/wp-content\/uploads\/2023\/10\/Sl2.jpg","contentUrl":"https:\/\/gorzow.news\/wp-content\/uploads\/2023\/10\/Sl2.jpg","width":1600,"height":757,"caption":"Stacja \u0142adowania samochod\u00f3w elektrycznych przy ul. Witosa. fot. UM"},{"@type":"BreadcrumbList","@id":"https:\/\/gorzow.news\/index.php\/2023\/10\/09\/kolejne-stacje-ladowania-aut-elektrycznych-juz-dzialaja\/#breadcrumb","itemListElement":[{"@type":"ListItem","position":1,"name":"Home","item":"https:\/\/gorzow.news\/"},{"@type":"ListItem","position":2,"name":"Kolejne stacje \u0142adowania aut elektrycznych ju\u017c dzia\u0142aj\u0105"}]},{"@type":"WebSite","@id":"https:\/\/gorzow.news\/#website","url":"https:\/\/gorzow.news\/","name":"Gorz\u00f3w News","description":"Sp\u00f3jrz inaczej na miato i region...","potentialAction":[{"@type":"SearchAction","target":{"@type":"EntryPoint","urlTemplate":"https:\/\/gorzow.news\/?s={search_term_string}"},"query-input":{"@type":"PropertyValueSpecification","valueRequired":true,"valueName":"search_term_string"}}],"inLanguage":"pl-PL"},{"@type":"Person","@id":"https:\/\/gorzow.news\/#\/schema\/person\/a1e5ab43166369f2ce236a1cd90995bb","name":"maciej","image":{"@type":"ImageObject","inLanguage":"pl-PL","@id":"https:\/\/secure.gravatar.com\/avatar\/530a674d56ba60cfa0ef21d74e8e8d123a51bb7aa6580465b5c2ab2c2e980a19?s=96&r=g&d=https:\/\/gorzow.news\/wp-content\/plugins\/userswp\/assets\/images\/no_profile.png","url":"https:\/\/secure.gravatar.com\/avatar\/530a674d56ba60cfa0ef21d74e8e8d123a51bb7aa6580465b5c2ab2c2e980a19?s=96&r=g&d=https:\/\/gorzow.news\/wp-content\/plugins\/userswp\/assets\/images\/no_profile.png","contentUrl":"https:\/\/secure.gravatar.com\/avatar\/530a674d56ba60cfa0ef21d74e8e8d123a51bb7aa6580465b5c2ab2c2e980a19?s=96&r=g&d=https:\/\/gorzow.news\/wp-content\/plugins\/userswp\/assets\/images\/no_profile.png","caption":"maciej"},"url":"https:\/\/gorzow.news\/index.php\/profile\/maciej\/"}]}},"_links":{"self":[{"href":"https:\/\/gorzow.news\/index.php\/wp-json\/wp\/v2\/posts\/15582","targetHints":{"allow":["GET"]}}],"collection":[{"href":"https:\/\/gorzow.news\/index.php\/wp-json\/wp\/v2\/posts"}],"about":[{"href":"https:\/\/gorzow.news\/index.php\/wp-json\/wp\/v2\/types\/post"}],"author":[{"embeddable":true,"href":"https:\/\/gorzow.news\/index.php\/wp-json\/wp\/v2\/users\/1"}],"replies":[{"embeddable":true,"href":"https:\/\/gorzow.news\/index.php\/wp-json\/wp\/v2\/comments?post=15582"}],"version-history":[{"count":1,"href":"https:\/\/gorzow.news\/index.php\/wp-json\/wp\/v2\/posts\/15582\/revisions"}],"predecessor-version":[{"id":15584,"href":"https:\/\/gorzow.news\/index.php\/wp-json\/wp\/v2\/posts\/15582\/revisions\/15584"}],"wp:featuredmedia":[{"embeddable":true,"href":"https:\/\/gorzow.news\/index.php\/wp-json\/wp\/v2\/media\/15583"}],"wp:attachment":[{"href":"https:\/\/gorzow.news\/index.php\/wp-json\/wp\/v2\/media?parent=15582"}],"wp:term":[{"taxonomy":"category","embeddable":true,"href":"https:\/\/gorzow.news\/index.php\/wp-json\/wp\/v2\/categories?post=15582"},{"taxonomy":"post_tag","embeddable":true,"href":"https:\/\/gorzow.news\/index.php\/wp-json\/wp\/v2\/tags?post=15582"}],"curies":[{"name":"wp","href":"https:\/\/api.w.org\/{rel}","templated":true}]}}