{"id":1542,"date":"2021-06-28T09:18:08","date_gmt":"2021-06-28T07:18:08","guid":{"rendered":"https:\/\/gorzow.news\/?p=1542"},"modified":"2021-08-23T22:03:55","modified_gmt":"2021-08-23T20:03:55","slug":"eurotechnika-realizuje-dwie-ciekawe-inwestycje-mieszkaniowe","status":"publish","type":"post","link":"https:\/\/gorzow.news\/index.php\/2021\/06\/28\/eurotechnika-realizuje-dwie-ciekawe-inwestycje-mieszkaniowe\/","title":{"rendered":"Eurotechnika realizuje dwie ciekawe inwestycje mieszkaniowe"},"content":{"rendered":"\n<p><strong>W centrum miasta ju\u017c w lipcu zostanie wznowiona budowa budynku mieszkalnego, nazwanego Park Wyszy\u0144skiego. Ca\u0142y czas trwa te\u017c budowa osiedla S\u0142owia\u0144skiego. Do inwestycji do\u0142\u0105czy\u0142a w tym roku firma Eurotechnika.<\/strong><\/p>\n\n\n\n<p>Park Wyszy\u0144skiego zlokalizowany b\u0119dzie na dzia\u0142ce u zbiegu ulic Wyszy\u0144skiego i Mickiewicza. U brzegu rzeki K\u0142odawki powstanie budynek w kszta\u0142cie litery L. Budynek b\u0119dzie mia\u0142 sze\u015bc kondygnacji naziemnych plus poddasze. Wszystkie mieszkania na ostatnim &#8211; pi\u0105tym pietrze b\u0119d\u0105 dwupoziomowe. Pod ca\u0142ym budynkiem znajdzie si\u0119 parking.<\/p>\n\n\n\n<p>Ca\u0142a inwestycja zosta\u0142a zabarwiona nut\u0105 industrializmu. W ofercie mieszkania, apartamenty, lofty, a co ciekawe tak\u017ce domy w bloku z wbudowanym gara\u017cem i ogr\u00f3dkiem.<\/p>\n\n\n\n<p>W sprzeda\u017cy zosta\u0142o jeszcze kilkana\u015bcie mieszka\u0144. Cena za metr kwadratowy wynosi od 5.950 z\u0142 do 6.200 z\u0142 brutto.<\/p>\n\n\n\n<p>Budowa rozpocz\u0119\u0142a si\u0119 na pocz\u0105tku roku. Dzi\u015b na dzia\u0142ce zbyt wiele si\u0119 jednak nie dzieje.<\/p>\n\n\n\n<p>&#8211; Prace zosta\u0142y wstrzymane w zwi\u0105zku z zawirowaniami na rynku stali. Podwy\u017cki by\u0142y gigantyczne. Towaru brakowa\u0142o. Kilku naszych dostawc\u00f3w mia\u0142o spore problemy. Po\u017car p\u00f3ki co zosta\u0142 opanowany i w lipcu zamierzamy ruszy\u0107 ostro z pracami. Planowany termin zako\u0144czenia inwestycji to prze\u0142om sierpnia i wrze\u015bnia 2023 roku &#8211; t\u0142umaczy <strong>Mariusz Wojtasik<\/strong>, prezes firmy Eurotechnika.<\/p>\n\n\n\n<p>O wznowieniu prac przy budowie osiedla S\u0142owia\u0144skiego pisali\u015bmy w tek\u015bcie: <a href=\"https:\/\/gorzow.news\/index.php\/2021\/05\/15\/my-home-wznawia-budowe-na-bylych-poligonach-zdjecia\/\">My Home wznawia budow\u0119 na by\u0142ych poligonach (zdj\u0119cia)<\/a>.<\/p>\n\n\n\n<p>Dzi\u015b wiadomo, \u017ce do projektu do\u0142\u0105czy\u0142a firma Eurotechnika. Osiedle S\u0142owia\u0144skie powstaje pomi\u0119dzy ulicami S\u0142owia\u0144sk\u0105 i Chorwack\u0105 na terenach po by\u0142ych poligonach wojskowych. Ju\u017c po nowych wizualizacjach wida\u0107 zmiany w koncepcji powstaj\u0105cych budynk\u00f3w. Jest to du\u017co bardziej nowocze\u015bniejsza i estetyczna architektura. Najmniejsze mieszkania w tej lokalizacji b\u0119d\u0105 mia\u0142y 37 mkw. Oficjalna sprzeda\u017c dopiero si\u0119 rozpocznie.<\/p>\n\n\n\n<p>&#8211; Pierwszy budynek zostanie oddany w kwietniu 2023 roku. B\u0119dzie to osiedle w pe\u0142ni zamkni\u0119te i monitorowane z bezkolizyjnym dojazdem do obiektu przez karetki i inne s\u0142u\u017cby ratownictwa &#8211; dodaje Wojtasik.<\/p>\n\n\n\n<p><strong>Plac budowy &#8211; Park Wyszy\u0144skiego:<\/strong><\/p>\n\n\n\n<figure class=\"wp-block-image size-large\"><img loading=\"lazy\" decoding=\"async\" width=\"1024\" height=\"576\" src=\"https:\/\/gorzow.news\/wp-content\/uploads\/2021\/06\/IMG_20210612_180153-1024x576.jpg\" alt=\"\" class=\"wp-image-1545\" srcset=\"https:\/\/gorzow.news\/wp-content\/uploads\/2021\/06\/IMG_20210612_180153-1024x576.jpg 1024w, https:\/\/gorzow.news\/wp-content\/uploads\/2021\/06\/IMG_20210612_180153-300x169.jpg 300w, https:\/\/gorzow.news\/wp-content\/uploads\/2021\/06\/IMG_20210612_180153-768x432.jpg 768w, https:\/\/gorzow.news\/wp-content\/uploads\/2021\/06\/IMG_20210612_180153-1536x864.jpg 1536w, https:\/\/gorzow.news\/wp-content\/uploads\/2021\/06\/IMG_20210612_180153-2048x1152.jpg 2048w, https:\/\/gorzow.news\/wp-content\/uploads\/2021\/06\/IMG_20210612_180153-696x391.jpg 696w, https:\/\/gorzow.news\/wp-content\/uploads\/2021\/06\/IMG_20210612_180153-1068x601.jpg 1068w, https:\/\/gorzow.news\/wp-content\/uploads\/2021\/06\/IMG_20210612_180153-1920x1080.jpg 1920w\" sizes=\"auto, (max-width: 1024px) 100vw, 1024px\" \/><\/figure>\n\n\n\n<figure class=\"wp-block-image size-large\"><img loading=\"lazy\" decoding=\"async\" width=\"1024\" height=\"576\" src=\"https:\/\/gorzow.news\/wp-content\/uploads\/2021\/06\/IMG_20210612_180725-1024x576.jpg\" alt=\"\" class=\"wp-image-1546\" srcset=\"https:\/\/gorzow.news\/wp-content\/uploads\/2021\/06\/IMG_20210612_180725-1024x576.jpg 1024w, https:\/\/gorzow.news\/wp-content\/uploads\/2021\/06\/IMG_20210612_180725-300x169.jpg 300w, https:\/\/gorzow.news\/wp-content\/uploads\/2021\/06\/IMG_20210612_180725-768x432.jpg 768w, https:\/\/gorzow.news\/wp-content\/uploads\/2021\/06\/IMG_20210612_180725-1536x864.jpg 1536w, https:\/\/gorzow.news\/wp-content\/uploads\/2021\/06\/IMG_20210612_180725-2048x1152.jpg 2048w, https:\/\/gorzow.news\/wp-content\/uploads\/2021\/06\/IMG_20210612_180725-696x392.jpg 696w, https:\/\/gorzow.news\/wp-content\/uploads\/2021\/06\/IMG_20210612_180725-1068x601.jpg 1068w, https:\/\/gorzow.news\/wp-content\/uploads\/2021\/06\/IMG_20210612_180725-1920x1080.jpg 1920w\" sizes=\"auto, (max-width: 1024px) 100vw, 1024px\" \/><\/figure>\n\n\n\n<figure class=\"wp-block-image size-large\"><img loading=\"lazy\" decoding=\"async\" width=\"1024\" height=\"576\" src=\"https:\/\/gorzow.news\/wp-content\/uploads\/2021\/06\/IMG_20210612_180729_1-1024x576.jpg\" alt=\"\" class=\"wp-image-1547\" srcset=\"https:\/\/gorzow.news\/wp-content\/uploads\/2021\/06\/IMG_20210612_180729_1-1024x576.jpg 1024w, https:\/\/gorzow.news\/wp-content\/uploads\/2021\/06\/IMG_20210612_180729_1-300x169.jpg 300w, https:\/\/gorzow.news\/wp-content\/uploads\/2021\/06\/IMG_20210612_180729_1-768x432.jpg 768w, https:\/\/gorzow.news\/wp-content\/uploads\/2021\/06\/IMG_20210612_180729_1-1536x864.jpg 1536w, https:\/\/gorzow.news\/wp-content\/uploads\/2021\/06\/IMG_20210612_180729_1-2048x1152.jpg 2048w, https:\/\/gorzow.news\/wp-content\/uploads\/2021\/06\/IMG_20210612_180729_1-696x392.jpg 696w, https:\/\/gorzow.news\/wp-content\/uploads\/2021\/06\/IMG_20210612_180729_1-1068x601.jpg 1068w, https:\/\/gorzow.news\/wp-content\/uploads\/2021\/06\/IMG_20210612_180729_1-1920x1080.jpg 1920w\" sizes=\"auto, (max-width: 1024px) 100vw, 1024px\" \/><\/figure>\n\n\n\n<figure class=\"wp-block-image size-large\"><img loading=\"lazy\" decoding=\"async\" width=\"1024\" height=\"576\" src=\"https:\/\/gorzow.news\/wp-content\/uploads\/2021\/06\/IMG_20210612_180816-1024x576.jpg\" alt=\"\" class=\"wp-image-1549\" srcset=\"https:\/\/gorzow.news\/wp-content\/uploads\/2021\/06\/IMG_20210612_180816-1024x576.jpg 1024w, https:\/\/gorzow.news\/wp-content\/uploads\/2021\/06\/IMG_20210612_180816-300x169.jpg 300w, https:\/\/gorzow.news\/wp-content\/uploads\/2021\/06\/IMG_20210612_180816-768x432.jpg 768w, https:\/\/gorzow.news\/wp-content\/uploads\/2021\/06\/IMG_20210612_180816-1536x864.jpg 1536w, https:\/\/gorzow.news\/wp-content\/uploads\/2021\/06\/IMG_20210612_180816-2048x1152.jpg 2048w, https:\/\/gorzow.news\/wp-content\/uploads\/2021\/06\/IMG_20210612_180816-696x392.jpg 696w, https:\/\/gorzow.news\/wp-content\/uploads\/2021\/06\/IMG_20210612_180816-1068x601.jpg 1068w, https:\/\/gorzow.news\/wp-content\/uploads\/2021\/06\/IMG_20210612_180816-1920x1080.jpg 1920w\" sizes=\"auto, (max-width: 1024px) 100vw, 1024px\" \/><\/figure>\n\n\n\n<p><strong>Wizualizacja &#8211; Park Wyszy\u0144skiego:<\/strong><\/p>\n\n\n\n<figure class=\"wp-block-image size-large\"><img loading=\"lazy\" decoding=\"async\" width=\"1024\" height=\"819\" src=\"https:\/\/gorzow.news\/wp-content\/uploads\/2021\/06\/Widok-na-budynek-z-gory-1024x819.jpg\" alt=\"\" class=\"wp-image-1552\" srcset=\"https:\/\/gorzow.news\/wp-content\/uploads\/2021\/06\/Widok-na-budynek-z-gory-1024x819.jpg 1024w, https:\/\/gorzow.news\/wp-content\/uploads\/2021\/06\/Widok-na-budynek-z-gory-300x240.jpg 300w, https:\/\/gorzow.news\/wp-content\/uploads\/2021\/06\/Widok-na-budynek-z-gory-768x614.jpg 768w, https:\/\/gorzow.news\/wp-content\/uploads\/2021\/06\/Widok-na-budynek-z-gory-1536x1229.jpg 1536w, https:\/\/gorzow.news\/wp-content\/uploads\/2021\/06\/Widok-na-budynek-z-gory-2048x1638.jpg 2048w, https:\/\/gorzow.news\/wp-content\/uploads\/2021\/06\/Widok-na-budynek-z-gory-696x557.jpg 696w, https:\/\/gorzow.news\/wp-content\/uploads\/2021\/06\/Widok-na-budynek-z-gory-1068x854.jpg 1068w, https:\/\/gorzow.news\/wp-content\/uploads\/2021\/06\/Widok-na-budynek-z-gory-1920x1536.jpg 1920w\" sizes=\"auto, (max-width: 1024px) 100vw, 1024px\" \/><\/figure>\n\n\n\n<figure class=\"wp-block-image size-large\"><img loading=\"lazy\" decoding=\"async\" width=\"1024\" height=\"662\" src=\"https:\/\/gorzow.news\/wp-content\/uploads\/2021\/06\/Elewacja-od-Mickiewicza-z-ogrodami-zimowymi-1024x662.jpg\" alt=\"\" class=\"wp-image-1543\" srcset=\"https:\/\/gorzow.news\/wp-content\/uploads\/2021\/06\/Elewacja-od-Mickiewicza-z-ogrodami-zimowymi-1024x662.jpg 1024w, https:\/\/gorzow.news\/wp-content\/uploads\/2021\/06\/Elewacja-od-Mickiewicza-z-ogrodami-zimowymi-300x194.jpg 300w, https:\/\/gorzow.news\/wp-content\/uploads\/2021\/06\/Elewacja-od-Mickiewicza-z-ogrodami-zimowymi-768x496.jpg 768w, https:\/\/gorzow.news\/wp-content\/uploads\/2021\/06\/Elewacja-od-Mickiewicza-z-ogrodami-zimowymi-1536x992.jpg 1536w, https:\/\/gorzow.news\/wp-content\/uploads\/2021\/06\/Elewacja-od-Mickiewicza-z-ogrodami-zimowymi-2048x1323.jpg 2048w, https:\/\/gorzow.news\/wp-content\/uploads\/2021\/06\/Elewacja-od-Mickiewicza-z-ogrodami-zimowymi-696x450.jpg 696w, https:\/\/gorzow.news\/wp-content\/uploads\/2021\/06\/Elewacja-od-Mickiewicza-z-ogrodami-zimowymi-1068x690.jpg 1068w, https:\/\/gorzow.news\/wp-content\/uploads\/2021\/06\/Elewacja-od-Mickiewicza-z-ogrodami-zimowymi-1920x1240.jpg 1920w\" sizes=\"auto, (max-width: 1024px) 100vw, 1024px\" \/><figcaption>Widok od ulicy Mickiewicza<\/figcaption><\/figure>\n\n\n\n<figure class=\"wp-block-image size-large\"><img loading=\"lazy\" decoding=\"async\" width=\"1024\" height=\"662\" src=\"https:\/\/gorzow.news\/wp-content\/uploads\/2021\/06\/Elewacja-od-Wyszynskiego-z-ogrodami-zimowymi.-1024x662.jpg\" alt=\"\" class=\"wp-image-1544\" srcset=\"https:\/\/gorzow.news\/wp-content\/uploads\/2021\/06\/Elewacja-od-Wyszynskiego-z-ogrodami-zimowymi.-1024x662.jpg 1024w, https:\/\/gorzow.news\/wp-content\/uploads\/2021\/06\/Elewacja-od-Wyszynskiego-z-ogrodami-zimowymi.-300x194.jpg 300w, https:\/\/gorzow.news\/wp-content\/uploads\/2021\/06\/Elewacja-od-Wyszynskiego-z-ogrodami-zimowymi.-768x496.jpg 768w, https:\/\/gorzow.news\/wp-content\/uploads\/2021\/06\/Elewacja-od-Wyszynskiego-z-ogrodami-zimowymi.-1536x992.jpg 1536w, https:\/\/gorzow.news\/wp-content\/uploads\/2021\/06\/Elewacja-od-Wyszynskiego-z-ogrodami-zimowymi.-2048x1323.jpg 2048w, https:\/\/gorzow.news\/wp-content\/uploads\/2021\/06\/Elewacja-od-Wyszynskiego-z-ogrodami-zimowymi.-696x450.jpg 696w, https:\/\/gorzow.news\/wp-content\/uploads\/2021\/06\/Elewacja-od-Wyszynskiego-z-ogrodami-zimowymi.-1068x690.jpg 1068w, https:\/\/gorzow.news\/wp-content\/uploads\/2021\/06\/Elewacja-od-Wyszynskiego-z-ogrodami-zimowymi.-1920x1240.jpg 1920w\" sizes=\"auto, (max-width: 1024px) 100vw, 1024px\" \/><figcaption>Widok od ulicy Wyszy\u0144skiego<\/figcaption><\/figure>\n\n\n\n<p><strong>Wizualizacje &#8211; Osiedle S\u0142owia\u0144skie:<\/strong><\/p>\n\n\n\n<figure class=\"wp-block-image size-large\"><img loading=\"lazy\" decoding=\"async\" width=\"1024\" height=\"662\" src=\"https:\/\/gorzow.news\/wp-content\/uploads\/2021\/06\/Wegierska-Wizualizacja-1-budynek-B1-1024x662.jpg\" alt=\"\" class=\"wp-image-1551\" srcset=\"https:\/\/gorzow.news\/wp-content\/uploads\/2021\/06\/Wegierska-Wizualizacja-1-budynek-B1-1024x662.jpg 1024w, https:\/\/gorzow.news\/wp-content\/uploads\/2021\/06\/Wegierska-Wizualizacja-1-budynek-B1-300x194.jpg 300w, https:\/\/gorzow.news\/wp-content\/uploads\/2021\/06\/Wegierska-Wizualizacja-1-budynek-B1-768x496.jpg 768w, https:\/\/gorzow.news\/wp-content\/uploads\/2021\/06\/Wegierska-Wizualizacja-1-budynek-B1-1536x992.jpg 1536w, https:\/\/gorzow.news\/wp-content\/uploads\/2021\/06\/Wegierska-Wizualizacja-1-budynek-B1-2048x1323.jpg 2048w, https:\/\/gorzow.news\/wp-content\/uploads\/2021\/06\/Wegierska-Wizualizacja-1-budynek-B1-696x450.jpg 696w, https:\/\/gorzow.news\/wp-content\/uploads\/2021\/06\/Wegierska-Wizualizacja-1-budynek-B1-1068x690.jpg 1068w, https:\/\/gorzow.news\/wp-content\/uploads\/2021\/06\/Wegierska-Wizualizacja-1-budynek-B1-1920x1240.jpg 1920w\" sizes=\"auto, (max-width: 1024px) 100vw, 1024px\" \/><\/figure>\n\n\n\n<figure class=\"wp-block-image size-large\"><img loading=\"lazy\" decoding=\"async\" width=\"1024\" height=\"616\" src=\"https:\/\/gorzow.news\/wp-content\/uploads\/2021\/06\/Wegierska-wizualizacja-Widok-z-lotu-ptaka-1024x616.png\" alt=\"\" class=\"wp-image-1550\" srcset=\"https:\/\/gorzow.news\/wp-content\/uploads\/2021\/06\/Wegierska-wizualizacja-Widok-z-lotu-ptaka-1024x616.png 1024w, https:\/\/gorzow.news\/wp-content\/uploads\/2021\/06\/Wegierska-wizualizacja-Widok-z-lotu-ptaka-300x181.png 300w, https:\/\/gorzow.news\/wp-content\/uploads\/2021\/06\/Wegierska-wizualizacja-Widok-z-lotu-ptaka-768x462.png 768w, https:\/\/gorzow.news\/wp-content\/uploads\/2021\/06\/Wegierska-wizualizacja-Widok-z-lotu-ptaka-1536x924.png 1536w, https:\/\/gorzow.news\/wp-content\/uploads\/2021\/06\/Wegierska-wizualizacja-Widok-z-lotu-ptaka-2048x1232.png 2048w, https:\/\/gorzow.news\/wp-content\/uploads\/2021\/06\/Wegierska-wizualizacja-Widok-z-lotu-ptaka-696x419.png 696w, https:\/\/gorzow.news\/wp-content\/uploads\/2021\/06\/Wegierska-wizualizacja-Widok-z-lotu-ptaka-1068x643.png 1068w, https:\/\/gorzow.news\/wp-content\/uploads\/2021\/06\/Wegierska-wizualizacja-Widok-z-lotu-ptaka-1920x1155.png 1920w\" sizes=\"auto, (max-width: 1024px) 100vw, 1024px\" \/><\/figure>\n\n\n\n<p><\/p>\n","protected":false},"excerpt":{"rendered":"<p>W centrum miasta ju\u017c w lipcu zostanie wznowiona budowa budynku mieszkalnego, nazwanego Park Wyszy\u0144skiego. Ca\u0142y czas trwa te\u017c budowa osiedla S\u0142owia\u0144skiego. Do inwestycji do\u0142\u0105czy\u0142a w tym roku firma Eurotechnika.<\/p>\n","protected":false},"author":1,"featured_media":1550,"comment_status":"open","ping_status":"open","sticky":false,"template":"","format":"standard","meta":{"footnotes":"","_links_to":"","_links_to_target":""},"categories":[592,589],"tags":[331,334,332,333,92,219],"class_list":{"0":"post-1542","1":"post","2":"type-post","3":"status-publish","4":"format-standard","5":"has-post-thumbnail","7":"category-inwestycje-mieszkaniowe","8":"category-wiadomosci","9":"tag-eurotechnika","10":"tag-mickiewicza","11":"tag-my-home","12":"tag-park-wyszynskiego","13":"tag-slowianska","14":"tag-wyszynskiego"},"yoast_head":"<!-- This site is optimized with the Yoast SEO plugin v27.3 - https:\/\/yoast.com\/product\/yoast-seo-wordpress\/ -->\n<title>Eurotechnika realizuje dwie ciekawe inwestycje mieszkaniowe - Gorz\u00f3w News<\/title>\n<meta name=\"robots\" content=\"index, follow, max-snippet:-1, max-image-preview:large, max-video-preview:-1\" \/>\n<link rel=\"canonical\" href=\"https:\/\/gorzow.news\/index.php\/2021\/06\/28\/eurotechnika-realizuje-dwie-ciekawe-inwestycje-mieszkaniowe\/\" \/>\n<meta property=\"og:locale\" content=\"pl_PL\" \/>\n<meta property=\"og:type\" content=\"article\" \/>\n<meta property=\"og:title\" content=\"Eurotechnika realizuje dwie ciekawe inwestycje mieszkaniowe - Gorz\u00f3w News\" \/>\n<meta property=\"og:description\" content=\"W centrum miasta ju\u017c w lipcu zostanie wznowiona budowa budynku mieszkalnego, nazwanego Park Wyszy\u0144skiego. Ca\u0142y czas trwa te\u017c budowa osiedla S\u0142owi\" \/>\n<meta property=\"og:url\" content=\"https:\/\/gorzow.news\/index.php\/2021\/06\/28\/eurotechnika-realizuje-dwie-ciekawe-inwestycje-mieszkaniowe\/\" \/>\n<meta property=\"og:site_name\" content=\"Gorz\u00f3w News\" \/>\n<meta property=\"article:publisher\" content=\"https:\/\/www.facebook.com\/gorzowskinews\" \/>\n<meta property=\"article:published_time\" content=\"2021-06-28T07:18:08+00:00\" \/>\n<meta property=\"article:modified_time\" content=\"2021-08-23T20:03:55+00:00\" \/>\n<meta property=\"og:image\" content=\"https:\/\/gorzow.news\/wp-content\/uploads\/2021\/06\/Wegierska-wizualizacja-Widok-z-lotu-ptaka-1024x616.png\" \/>\n\t<meta property=\"og:image:width\" content=\"1024\" \/>\n\t<meta property=\"og:image:height\" content=\"616\" \/>\n\t<meta property=\"og:image:type\" content=\"image\/png\" \/>\n<meta name=\"author\" content=\"maciej\" \/>\n<meta name=\"twitter:card\" content=\"summary_large_image\" \/>\n<meta name=\"twitter:label1\" content=\"Napisane przez\" \/>\n\t<meta name=\"twitter:data1\" content=\"maciej\" \/>\n\t<meta name=\"twitter:label2\" content=\"Szacowany czas czytania\" \/>\n\t<meta name=\"twitter:data2\" content=\"4 minuty\" \/>\n<script type=\"application\/ld+json\" class=\"yoast-schema-graph\">{\"@context\":\"https:\\\/\\\/schema.org\",\"@graph\":[{\"@type\":\"Article\",\"@id\":\"https:\\\/\\\/gorzow.news\\\/index.php\\\/2021\\\/06\\\/28\\\/eurotechnika-realizuje-dwie-ciekawe-inwestycje-mieszkaniowe\\\/#article\",\"isPartOf\":{\"@id\":\"https:\\\/\\\/gorzow.news\\\/index.php\\\/2021\\\/06\\\/28\\\/eurotechnika-realizuje-dwie-ciekawe-inwestycje-mieszkaniowe\\\/\"},\"author\":{\"name\":\"maciej\",\"@id\":\"https:\\\/\\\/gorzow.news\\\/#\\\/schema\\\/person\\\/a1e5ab43166369f2ce236a1cd90995bb\"},\"headline\":\"Eurotechnika realizuje dwie ciekawe inwestycje mieszkaniowe\",\"datePublished\":\"2021-06-28T07:18:08+00:00\",\"dateModified\":\"2021-08-23T20:03:55+00:00\",\"mainEntityOfPage\":{\"@id\":\"https:\\\/\\\/gorzow.news\\\/index.php\\\/2021\\\/06\\\/28\\\/eurotechnika-realizuje-dwie-ciekawe-inwestycje-mieszkaniowe\\\/\"},\"wordCount\":379,\"commentCount\":0,\"image\":{\"@id\":\"https:\\\/\\\/gorzow.news\\\/index.php\\\/2021\\\/06\\\/28\\\/eurotechnika-realizuje-dwie-ciekawe-inwestycje-mieszkaniowe\\\/#primaryimage\"},\"thumbnailUrl\":\"https:\\\/\\\/gorzow.news\\\/wp-content\\\/uploads\\\/2021\\\/06\\\/Wegierska-wizualizacja-Widok-z-lotu-ptaka.png\",\"keywords\":[\"Eurotechnika\",\"Mickiewicza\",\"My Home\",\"Park Wyszy\u0144skiego\",\"S\u0142owia\u0144ska\",\"Wyszy\u0144skiego\"],\"articleSection\":[\"Inwestycje mieszkaniowe\",\"Wiadomo\u015bci\"],\"inLanguage\":\"pl-PL\",\"potentialAction\":[{\"@type\":\"CommentAction\",\"name\":\"Comment\",\"target\":[\"https:\\\/\\\/gorzow.news\\\/index.php\\\/2021\\\/06\\\/28\\\/eurotechnika-realizuje-dwie-ciekawe-inwestycje-mieszkaniowe\\\/#respond\"]}]},{\"@type\":\"WebPage\",\"@id\":\"https:\\\/\\\/gorzow.news\\\/index.php\\\/2021\\\/06\\\/28\\\/eurotechnika-realizuje-dwie-ciekawe-inwestycje-mieszkaniowe\\\/\",\"url\":\"https:\\\/\\\/gorzow.news\\\/index.php\\\/2021\\\/06\\\/28\\\/eurotechnika-realizuje-dwie-ciekawe-inwestycje-mieszkaniowe\\\/\",\"name\":\"Eurotechnika realizuje dwie ciekawe inwestycje mieszkaniowe - Gorz\u00f3w News\",\"isPartOf\":{\"@id\":\"https:\\\/\\\/gorzow.news\\\/#website\"},\"primaryImageOfPage\":{\"@id\":\"https:\\\/\\\/gorzow.news\\\/index.php\\\/2021\\\/06\\\/28\\\/eurotechnika-realizuje-dwie-ciekawe-inwestycje-mieszkaniowe\\\/#primaryimage\"},\"image\":{\"@id\":\"https:\\\/\\\/gorzow.news\\\/index.php\\\/2021\\\/06\\\/28\\\/eurotechnika-realizuje-dwie-ciekawe-inwestycje-mieszkaniowe\\\/#primaryimage\"},\"thumbnailUrl\":\"https:\\\/\\\/gorzow.news\\\/wp-content\\\/uploads\\\/2021\\\/06\\\/Wegierska-wizualizacja-Widok-z-lotu-ptaka.png\",\"datePublished\":\"2021-06-28T07:18:08+00:00\",\"dateModified\":\"2021-08-23T20:03:55+00:00\",\"author\":{\"@id\":\"https:\\\/\\\/gorzow.news\\\/#\\\/schema\\\/person\\\/a1e5ab43166369f2ce236a1cd90995bb\"},\"breadcrumb\":{\"@id\":\"https:\\\/\\\/gorzow.news\\\/index.php\\\/2021\\\/06\\\/28\\\/eurotechnika-realizuje-dwie-ciekawe-inwestycje-mieszkaniowe\\\/#breadcrumb\"},\"inLanguage\":\"pl-PL\",\"potentialAction\":[{\"@type\":\"ReadAction\",\"target\":[\"https:\\\/\\\/gorzow.news\\\/index.php\\\/2021\\\/06\\\/28\\\/eurotechnika-realizuje-dwie-ciekawe-inwestycje-mieszkaniowe\\\/\"]}]},{\"@type\":\"ImageObject\",\"inLanguage\":\"pl-PL\",\"@id\":\"https:\\\/\\\/gorzow.news\\\/index.php\\\/2021\\\/06\\\/28\\\/eurotechnika-realizuje-dwie-ciekawe-inwestycje-mieszkaniowe\\\/#primaryimage\",\"url\":\"https:\\\/\\\/gorzow.news\\\/wp-content\\\/uploads\\\/2021\\\/06\\\/Wegierska-wizualizacja-Widok-z-lotu-ptaka.png\",\"contentUrl\":\"https:\\\/\\\/gorzow.news\\\/wp-content\\\/uploads\\\/2021\\\/06\\\/Wegierska-wizualizacja-Widok-z-lotu-ptaka.png\",\"width\":2144,\"height\":1290},{\"@type\":\"BreadcrumbList\",\"@id\":\"https:\\\/\\\/gorzow.news\\\/index.php\\\/2021\\\/06\\\/28\\\/eurotechnika-realizuje-dwie-ciekawe-inwestycje-mieszkaniowe\\\/#breadcrumb\",\"itemListElement\":[{\"@type\":\"ListItem\",\"position\":1,\"name\":\"Home\",\"item\":\"https:\\\/\\\/gorzow.news\\\/\"},{\"@type\":\"ListItem\",\"position\":2,\"name\":\"Eurotechnika realizuje dwie ciekawe inwestycje mieszkaniowe\"}]},{\"@type\":\"WebSite\",\"@id\":\"https:\\\/\\\/gorzow.news\\\/#website\",\"url\":\"https:\\\/\\\/gorzow.news\\\/\",\"name\":\"Gorz\u00f3w News\",\"description\":\"Sp\u00f3jrz inaczej na miato i region...\",\"potentialAction\":[{\"@type\":\"SearchAction\",\"target\":{\"@type\":\"EntryPoint\",\"urlTemplate\":\"https:\\\/\\\/gorzow.news\\\/?s={search_term_string}\"},\"query-input\":{\"@type\":\"PropertyValueSpecification\",\"valueRequired\":true,\"valueName\":\"search_term_string\"}}],\"inLanguage\":\"pl-PL\"},{\"@type\":\"Person\",\"@id\":\"https:\\\/\\\/gorzow.news\\\/#\\\/schema\\\/person\\\/a1e5ab43166369f2ce236a1cd90995bb\",\"name\":\"maciej\",\"image\":{\"@type\":\"ImageObject\",\"inLanguage\":\"pl-PL\",\"@id\":\"https:\\\/\\\/secure.gravatar.com\\\/avatar\\\/530a674d56ba60cfa0ef21d74e8e8d123a51bb7aa6580465b5c2ab2c2e980a19?s=96&r=g&d=https:\\\/\\\/gorzow.news\\\/wp-content\\\/plugins\\\/userswp\\\/assets\\\/images\\\/no_profile.png\",\"url\":\"https:\\\/\\\/secure.gravatar.com\\\/avatar\\\/530a674d56ba60cfa0ef21d74e8e8d123a51bb7aa6580465b5c2ab2c2e980a19?s=96&r=g&d=https:\\\/\\\/gorzow.news\\\/wp-content\\\/plugins\\\/userswp\\\/assets\\\/images\\\/no_profile.png\",\"contentUrl\":\"https:\\\/\\\/secure.gravatar.com\\\/avatar\\\/530a674d56ba60cfa0ef21d74e8e8d123a51bb7aa6580465b5c2ab2c2e980a19?s=96&r=g&d=https:\\\/\\\/gorzow.news\\\/wp-content\\\/plugins\\\/userswp\\\/assets\\\/images\\\/no_profile.png\",\"caption\":\"maciej\"},\"url\":\"https:\\\/\\\/gorzow.news\\\/index.php\\\/profile\\\/maciej\\\/\"}]}<\/script>\n<!-- \/ Yoast SEO plugin. -->","yoast_head_json":{"title":"Eurotechnika realizuje dwie ciekawe inwestycje mieszkaniowe - Gorz\u00f3w News","robots":{"index":"index","follow":"follow","max-snippet":"max-snippet:-1","max-image-preview":"max-image-preview:large","max-video-preview":"max-video-preview:-1"},"canonical":"https:\/\/gorzow.news\/index.php\/2021\/06\/28\/eurotechnika-realizuje-dwie-ciekawe-inwestycje-mieszkaniowe\/","og_locale":"pl_PL","og_type":"article","og_title":"Eurotechnika realizuje dwie ciekawe inwestycje mieszkaniowe - Gorz\u00f3w News","og_description":"W centrum miasta ju\u017c w lipcu zostanie wznowiona budowa budynku mieszkalnego, nazwanego Park Wyszy\u0144skiego. Ca\u0142y czas trwa te\u017c budowa osiedla S\u0142owi","og_url":"https:\/\/gorzow.news\/index.php\/2021\/06\/28\/eurotechnika-realizuje-dwie-ciekawe-inwestycje-mieszkaniowe\/","og_site_name":"Gorz\u00f3w News","article_publisher":"https:\/\/www.facebook.com\/gorzowskinews","article_published_time":"2021-06-28T07:18:08+00:00","article_modified_time":"2021-08-23T20:03:55+00:00","og_image":[{"width":1024,"height":616,"url":"https:\/\/gorzow.news\/wp-content\/uploads\/2021\/06\/Wegierska-wizualizacja-Widok-z-lotu-ptaka-1024x616.png","type":"image\/png"}],"author":"maciej","twitter_card":"summary_large_image","twitter_misc":{"Napisane przez":"maciej","Szacowany czas czytania":"4 minuty"},"schema":{"@context":"https:\/\/schema.org","@graph":[{"@type":"Article","@id":"https:\/\/gorzow.news\/index.php\/2021\/06\/28\/eurotechnika-realizuje-dwie-ciekawe-inwestycje-mieszkaniowe\/#article","isPartOf":{"@id":"https:\/\/gorzow.news\/index.php\/2021\/06\/28\/eurotechnika-realizuje-dwie-ciekawe-inwestycje-mieszkaniowe\/"},"author":{"name":"maciej","@id":"https:\/\/gorzow.news\/#\/schema\/person\/a1e5ab43166369f2ce236a1cd90995bb"},"headline":"Eurotechnika realizuje dwie ciekawe inwestycje mieszkaniowe","datePublished":"2021-06-28T07:18:08+00:00","dateModified":"2021-08-23T20:03:55+00:00","mainEntityOfPage":{"@id":"https:\/\/gorzow.news\/index.php\/2021\/06\/28\/eurotechnika-realizuje-dwie-ciekawe-inwestycje-mieszkaniowe\/"},"wordCount":379,"commentCount":0,"image":{"@id":"https:\/\/gorzow.news\/index.php\/2021\/06\/28\/eurotechnika-realizuje-dwie-ciekawe-inwestycje-mieszkaniowe\/#primaryimage"},"thumbnailUrl":"https:\/\/gorzow.news\/wp-content\/uploads\/2021\/06\/Wegierska-wizualizacja-Widok-z-lotu-ptaka.png","keywords":["Eurotechnika","Mickiewicza","My Home","Park Wyszy\u0144skiego","S\u0142owia\u0144ska","Wyszy\u0144skiego"],"articleSection":["Inwestycje mieszkaniowe","Wiadomo\u015bci"],"inLanguage":"pl-PL","potentialAction":[{"@type":"CommentAction","name":"Comment","target":["https:\/\/gorzow.news\/index.php\/2021\/06\/28\/eurotechnika-realizuje-dwie-ciekawe-inwestycje-mieszkaniowe\/#respond"]}]},{"@type":"WebPage","@id":"https:\/\/gorzow.news\/index.php\/2021\/06\/28\/eurotechnika-realizuje-dwie-ciekawe-inwestycje-mieszkaniowe\/","url":"https:\/\/gorzow.news\/index.php\/2021\/06\/28\/eurotechnika-realizuje-dwie-ciekawe-inwestycje-mieszkaniowe\/","name":"Eurotechnika realizuje dwie ciekawe inwestycje mieszkaniowe - Gorz\u00f3w News","isPartOf":{"@id":"https:\/\/gorzow.news\/#website"},"primaryImageOfPage":{"@id":"https:\/\/gorzow.news\/index.php\/2021\/06\/28\/eurotechnika-realizuje-dwie-ciekawe-inwestycje-mieszkaniowe\/#primaryimage"},"image":{"@id":"https:\/\/gorzow.news\/index.php\/2021\/06\/28\/eurotechnika-realizuje-dwie-ciekawe-inwestycje-mieszkaniowe\/#primaryimage"},"thumbnailUrl":"https:\/\/gorzow.news\/wp-content\/uploads\/2021\/06\/Wegierska-wizualizacja-Widok-z-lotu-ptaka.png","datePublished":"2021-06-28T07:18:08+00:00","dateModified":"2021-08-23T20:03:55+00:00","author":{"@id":"https:\/\/gorzow.news\/#\/schema\/person\/a1e5ab43166369f2ce236a1cd90995bb"},"breadcrumb":{"@id":"https:\/\/gorzow.news\/index.php\/2021\/06\/28\/eurotechnika-realizuje-dwie-ciekawe-inwestycje-mieszkaniowe\/#breadcrumb"},"inLanguage":"pl-PL","potentialAction":[{"@type":"ReadAction","target":["https:\/\/gorzow.news\/index.php\/2021\/06\/28\/eurotechnika-realizuje-dwie-ciekawe-inwestycje-mieszkaniowe\/"]}]},{"@type":"ImageObject","inLanguage":"pl-PL","@id":"https:\/\/gorzow.news\/index.php\/2021\/06\/28\/eurotechnika-realizuje-dwie-ciekawe-inwestycje-mieszkaniowe\/#primaryimage","url":"https:\/\/gorzow.news\/wp-content\/uploads\/2021\/06\/Wegierska-wizualizacja-Widok-z-lotu-ptaka.png","contentUrl":"https:\/\/gorzow.news\/wp-content\/uploads\/2021\/06\/Wegierska-wizualizacja-Widok-z-lotu-ptaka.png","width":2144,"height":1290},{"@type":"BreadcrumbList","@id":"https:\/\/gorzow.news\/index.php\/2021\/06\/28\/eurotechnika-realizuje-dwie-ciekawe-inwestycje-mieszkaniowe\/#breadcrumb","itemListElement":[{"@type":"ListItem","position":1,"name":"Home","item":"https:\/\/gorzow.news\/"},{"@type":"ListItem","position":2,"name":"Eurotechnika realizuje dwie ciekawe inwestycje mieszkaniowe"}]},{"@type":"WebSite","@id":"https:\/\/gorzow.news\/#website","url":"https:\/\/gorzow.news\/","name":"Gorz\u00f3w News","description":"Sp\u00f3jrz inaczej na miato i region...","potentialAction":[{"@type":"SearchAction","target":{"@type":"EntryPoint","urlTemplate":"https:\/\/gorzow.news\/?s={search_term_string}"},"query-input":{"@type":"PropertyValueSpecification","valueRequired":true,"valueName":"search_term_string"}}],"inLanguage":"pl-PL"},{"@type":"Person","@id":"https:\/\/gorzow.news\/#\/schema\/person\/a1e5ab43166369f2ce236a1cd90995bb","name":"maciej","image":{"@type":"ImageObject","inLanguage":"pl-PL","@id":"https:\/\/secure.gravatar.com\/avatar\/530a674d56ba60cfa0ef21d74e8e8d123a51bb7aa6580465b5c2ab2c2e980a19?s=96&r=g&d=https:\/\/gorzow.news\/wp-content\/plugins\/userswp\/assets\/images\/no_profile.png","url":"https:\/\/secure.gravatar.com\/avatar\/530a674d56ba60cfa0ef21d74e8e8d123a51bb7aa6580465b5c2ab2c2e980a19?s=96&r=g&d=https:\/\/gorzow.news\/wp-content\/plugins\/userswp\/assets\/images\/no_profile.png","contentUrl":"https:\/\/secure.gravatar.com\/avatar\/530a674d56ba60cfa0ef21d74e8e8d123a51bb7aa6580465b5c2ab2c2e980a19?s=96&r=g&d=https:\/\/gorzow.news\/wp-content\/plugins\/userswp\/assets\/images\/no_profile.png","caption":"maciej"},"url":"https:\/\/gorzow.news\/index.php\/profile\/maciej\/"}]}},"_links":{"self":[{"href":"https:\/\/gorzow.news\/index.php\/wp-json\/wp\/v2\/posts\/1542","targetHints":{"allow":["GET"]}}],"collection":[{"href":"https:\/\/gorzow.news\/index.php\/wp-json\/wp\/v2\/posts"}],"about":[{"href":"https:\/\/gorzow.news\/index.php\/wp-json\/wp\/v2\/types\/post"}],"author":[{"embeddable":true,"href":"https:\/\/gorzow.news\/index.php\/wp-json\/wp\/v2\/users\/1"}],"replies":[{"embeddable":true,"href":"https:\/\/gorzow.news\/index.php\/wp-json\/wp\/v2\/comments?post=1542"}],"version-history":[{"count":0,"href":"https:\/\/gorzow.news\/index.php\/wp-json\/wp\/v2\/posts\/1542\/revisions"}],"wp:featuredmedia":[{"embeddable":true,"href":"https:\/\/gorzow.news\/index.php\/wp-json\/wp\/v2\/media\/1550"}],"wp:attachment":[{"href":"https:\/\/gorzow.news\/index.php\/wp-json\/wp\/v2\/media?parent=1542"}],"wp:term":[{"taxonomy":"category","embeddable":true,"href":"https:\/\/gorzow.news\/index.php\/wp-json\/wp\/v2\/categories?post=1542"},{"taxonomy":"post_tag","embeddable":true,"href":"https:\/\/gorzow.news\/index.php\/wp-json\/wp\/v2\/tags?post=1542"}],"curies":[{"name":"wp","href":"https:\/\/api.w.org\/{rel}","templated":true}]}}