{"id":15256,"date":"2023-09-28T12:19:19","date_gmt":"2023-09-28T10:19:19","guid":{"rendered":"https:\/\/gorzow.news\/?p=15256"},"modified":"2023-09-28T12:19:20","modified_gmt":"2023-09-28T10:19:20","slug":"accolade-z-pozwoleniem-na-budowe-kolejnej-hali-przy-szczecinskiej","status":"publish","type":"post","link":"https:\/\/gorzow.news\/index.php\/2023\/09\/28\/accolade-z-pozwoleniem-na-budowe-kolejnej-hali-przy-szczecinskiej\/","title":{"rendered":"Accolade z pozwoleniem na budow\u0119 kolejnej hali przy Szczeci\u0144skiej"},"content":{"rendered":"\n<p><strong>Urz\u0105d Miasta 15 wrze\u015bnia zatwierdzi\u0142 projekt zagospodarowania terenu oraz projekt architektoniczno-budowlany i udzieli\u0142 pozwolenie na budow\u0119 zespo\u0142u obiekt\u00f3w hali przemys\u0142owo-magazynowo-us\u0142ugowej, wartowni, stacji \u0142adowania samochod\u00f3w elektrycznych wraz z infrastruktur\u0105 techniczn\u0105 i zagospodarowaniem terenu przy ul. Szczeci\u0144skiej na terenie dw\u00f3ch dzia\u0142ek o nr 237\/18 i 237\/23 o \u0142\u0105cznej powierzchni 56.315 mkw.<\/strong><\/p>\n\n\n\n<p>Ju\u017c w sierpniu 2021 roku na \u0142amach GORZ\u00d3W.NEWS informowali\u015bmy, \u017ce inwestor &#8211; Accolade naby\u0142 obie dzia\u0142ki w przetargu organizowanym przez Kostrzy\u0144sko-S\u0142ubick\u0105 Specjaln\u0105 Stref\u0119 Ekonomiczn\u0105 z przeznaczeniem pod budow\u0119 kolejnej hali dla Panattoni w ramach Paku Gorz\u00f3w I. Cena wywo\u0142awcza nieruchomo\u015bci wynosi\u0142a w\u00f3wczas brutto 5.679.930,90 z\u0142.<\/p>\n\n\n\n<figure class=\"wp-block-image size-large\"><img loading=\"lazy\" decoding=\"async\" width=\"1024\" height=\"572\" src=\"https:\/\/gorzow.news\/wp-content\/uploads\/2023\/07\/mapa-dzialka-p3-1024x572.jpg\" alt=\"\" class=\"wp-image-13508\" srcset=\"https:\/\/gorzow.news\/wp-content\/uploads\/2023\/07\/mapa-dzialka-p3-1024x572.jpg?v=1689764018 1024w, https:\/\/gorzow.news\/wp-content\/uploads\/2023\/07\/mapa-dzialka-p3-300x168.jpg?v=1689764018 300w, https:\/\/gorzow.news\/wp-content\/uploads\/2023\/07\/mapa-dzialka-p3-768x429.jpg?v=1689764018 768w, https:\/\/gorzow.news\/wp-content\/uploads\/2023\/07\/mapa-dzialka-p3-1536x858.jpg?v=1689764018 1536w, https:\/\/gorzow.news\/wp-content\/uploads\/2023\/07\/mapa-dzialka-p3-696x389.jpg?v=1689764018 696w, https:\/\/gorzow.news\/wp-content\/uploads\/2023\/07\/mapa-dzialka-p3-1068x596.jpg?v=1689764018 1068w, https:\/\/gorzow.news\/wp-content\/uploads\/2023\/07\/mapa-dzialka-p3.jpg?v=1689764018 1667w\" sizes=\"auto, (max-width: 1024px) 100vw, 1024px\" \/><figcaption class=\"wp-element-caption\">Dzia\u0142ki na kt\u00f3rych powsta\u0107 ma kolejna hala.<\/figcaption><\/figure>\n\n\n\n<p>Panattoni w 2021 roku pozyska\u0142o nowego najemc\u0119 \u2013 operatora logistycznego Fiege, kt\u00f3ry wynaj\u0105\u0142 w gorzowskim parku 11 tys. mkw. powierzchni co pozwoli\u0142o na wybudowanie drugiej hali (o powierzchni blisko 38 tys. mkw.) w ramach Parku Gorz\u00f3w I przy ul. Szczeci\u0144skiej. Nast\u0119pnie w kwietniu 2022 roku Panattoni og\u0142osi\u0142o, \u017ce przy ul. Odlewnik\u00f3w wybuduje drugi park w Gorzowie z trzema halami o docelowej powierzchni 67 tys. mkw. Inwestycja ruszy\u0142a ju\u017c kilka dni p\u00f3\u017aniej. Jeszcze w 2022 roku wybudowana zosta\u0142a najwi\u0119ksza z trzech hal o powierzchni 36 tys. mkw. (najemcy to: Yoshi, Deles i Shipman). Nast\u0119pnie ruszy\u0142a budowa dw\u00f3ch mniejszych o powierzchniach blisko 20 tys. mkw. i ponad 12 tys. mkw. Budowa jednak zosta\u0142a wstrzymana zim\u0105 tego roku i do dzi\u015b na placu nic si\u0119 nie dzieje. Najprawdopodobniej inwestorowi nie uda\u0142o si\u0119 do tej porty pozyska\u0107 kluczowych najemc\u00f3w powierzchni w tych halach.<\/p>\n\n\n\n<figure class=\"wp-block-image size-large\"><img loading=\"lazy\" decoding=\"async\" width=\"1024\" height=\"484\" src=\"https:\/\/gorzow.news\/wp-content\/uploads\/2023\/07\/panattoni-szczcinska3-1024x484.jpg\" alt=\"\" class=\"wp-image-13507\" srcset=\"https:\/\/gorzow.news\/wp-content\/uploads\/2023\/07\/panattoni-szczcinska3-1024x484.jpg 1024w, https:\/\/gorzow.news\/wp-content\/uploads\/2023\/07\/panattoni-szczcinska3-300x142.jpg 300w, https:\/\/gorzow.news\/wp-content\/uploads\/2023\/07\/panattoni-szczcinska3-768x363.jpg 768w, https:\/\/gorzow.news\/wp-content\/uploads\/2023\/07\/panattoni-szczcinska3-696x329.jpg 696w, https:\/\/gorzow.news\/wp-content\/uploads\/2023\/07\/panattoni-szczcinska3-1068x505.jpg 1068w, https:\/\/gorzow.news\/wp-content\/uploads\/2023\/07\/panattoni-szczcinska3.jpg 1414w\" sizes=\"auto, (max-width: 1024px) 100vw, 1024px\" \/><figcaption class=\"wp-element-caption\">Przy ul. Szczeci\u0144skiej powstanie trzecia hala w ramach Parku Panattoni Gorz\u00f3w I.<\/figcaption><\/figure>\n\n\n\n<p>Sk\u0105d wi\u0119c pomys\u0142 rozpocz\u0119cia budowy kolejnej hali przy ul. Szczeci\u0144skiej? Odpowied\u017a na to pytanie dopiero poznamy. Jednak mo\u017cna \u015bmia\u0142o zak\u0142ada\u0107, \u017ce hala na kt\u00f3r\u0105 Accolade otrzyma\u0142 pozwolenie na budow\u0119 b\u0119dzie wi\u0119ksza od pozosta\u0142ych dw\u00f3ch budowanych w ramach Parku Gorz\u00f3w II i by\u0107 mo\u017ce na t\u0105 wi\u0119ksz\u0105 powierzchnie jest ju\u017c podpisana umowa najmu.<\/p>\n","protected":false},"excerpt":{"rendered":"<p>Urz\u0105d Miasta 15 wrze\u015bnia zatwierdzi\u0142 projekt zagospodarowania terenu oraz projekt architektoniczno-budowlany i udzieli\u0142 pozwolenie na budow\u0119 zespo\u0142u obiekt\u00f3w hali przemys\u0142owo-magazynowo-us\u0142ugowej, wartowni, stacji \u0142adowania samochod\u00f3w elektrycznych wraz z infrastruktur\u0105 techniczn\u0105 i zagospodarowaniem terenu przy ul. Szczeci\u0144skiej na terenie dw\u00f3ch dzia\u0142ek o nr 237\/18 i 237\/23 o \u0142\u0105cznej powierzchni 56.315 mkw. Ju\u017c w sierpniu 2021 roku na [&hellip;]<\/p>\n","protected":false},"author":1,"featured_media":15257,"comment_status":"open","ping_status":"open","sticky":false,"template":"","format":"standard","meta":{"footnotes":"","_links_to":"","_links_to_target":""},"categories":[1627,589,2014],"tags":[576,122,124],"class_list":{"0":"post-15256","1":"post","2":"type-post","3":"status-publish","4":"format-standard","5":"has-post-thumbnail","7":"category-magazyny","8":"category-wiadomosci","9":"category-wieprzyce","10":"tag-accolade","11":"tag-panattoni","12":"tag-szczecinska"},"yoast_head":"<!-- This site is optimized with the Yoast SEO plugin v27.3 - https:\/\/yoast.com\/product\/yoast-seo-wordpress\/ -->\n<title>Accolade z pozwoleniem na budow\u0119 kolejnej hali przy Szczeci\u0144skiej - Gorz\u00f3w News<\/title>\n<meta name=\"description\" content=\"Urz\u0105d Miasta 15 wrze\u015bnia zatwierdzi\u0142 projekt zagospodarowania terenu oraz projekt architektoniczno-budowlany i udzieli\u0142 pozwolenie na budow\u0119 zesp\" \/>\n<meta name=\"robots\" content=\"index, follow, max-snippet:-1, max-image-preview:large, max-video-preview:-1\" \/>\n<link rel=\"canonical\" href=\"https:\/\/gorzow.news\/index.php\/2023\/09\/28\/accolade-z-pozwoleniem-na-budowe-kolejnej-hali-przy-szczecinskiej\/\" \/>\n<meta property=\"og:locale\" content=\"pl_PL\" \/>\n<meta property=\"og:type\" content=\"article\" \/>\n<meta property=\"og:title\" content=\"Accolade z pozwoleniem na budow\u0119 kolejnej hali przy Szczeci\u0144skiej - Gorz\u00f3w News\" \/>\n<meta property=\"og:description\" content=\"Urz\u0105d Miasta 15 wrze\u015bnia zatwierdzi\u0142 projekt zagospodarowania terenu oraz projekt architektoniczno-budowlany i udzieli\u0142 pozwolenie na budow\u0119 zesp\" \/>\n<meta property=\"og:url\" content=\"https:\/\/gorzow.news\/index.php\/2023\/09\/28\/accolade-z-pozwoleniem-na-budowe-kolejnej-hali-przy-szczecinskiej\/\" \/>\n<meta property=\"og:site_name\" content=\"Gorz\u00f3w News\" \/>\n<meta property=\"article:publisher\" content=\"https:\/\/www.facebook.com\/gorzowskinews\" \/>\n<meta property=\"article:published_time\" content=\"2023-09-28T10:19:19+00:00\" \/>\n<meta property=\"article:modified_time\" content=\"2023-09-28T10:19:20+00:00\" \/>\n<meta property=\"og:image\" content=\"https:\/\/gorzow.news\/wp-content\/uploads\/2023\/09\/10.06.23-Gorzow-I-Birds-Eye-02.jpeg\" \/>\n\t<meta property=\"og:image:width\" content=\"1622\" \/>\n\t<meta property=\"og:image:height\" content=\"768\" \/>\n\t<meta property=\"og:image:type\" content=\"image\/jpeg\" \/>\n<meta name=\"author\" content=\"maciej\" \/>\n<meta name=\"twitter:card\" content=\"summary_large_image\" \/>\n<meta name=\"twitter:label1\" content=\"Napisane przez\" \/>\n\t<meta name=\"twitter:data1\" content=\"maciej\" \/>\n\t<meta name=\"twitter:label2\" content=\"Szacowany czas czytania\" \/>\n\t<meta name=\"twitter:data2\" content=\"3 minuty\" \/>\n<script type=\"application\/ld+json\" class=\"yoast-schema-graph\">{\"@context\":\"https:\\\/\\\/schema.org\",\"@graph\":[{\"@type\":\"Article\",\"@id\":\"https:\\\/\\\/gorzow.news\\\/index.php\\\/2023\\\/09\\\/28\\\/accolade-z-pozwoleniem-na-budowe-kolejnej-hali-przy-szczecinskiej\\\/#article\",\"isPartOf\":{\"@id\":\"https:\\\/\\\/gorzow.news\\\/index.php\\\/2023\\\/09\\\/28\\\/accolade-z-pozwoleniem-na-budowe-kolejnej-hali-przy-szczecinskiej\\\/\"},\"author\":{\"name\":\"maciej\",\"@id\":\"https:\\\/\\\/gorzow.news\\\/#\\\/schema\\\/person\\\/a1e5ab43166369f2ce236a1cd90995bb\"},\"headline\":\"Accolade z pozwoleniem na budow\u0119 kolejnej hali przy Szczeci\u0144skiej\",\"datePublished\":\"2023-09-28T10:19:19+00:00\",\"dateModified\":\"2023-09-28T10:19:20+00:00\",\"mainEntityOfPage\":{\"@id\":\"https:\\\/\\\/gorzow.news\\\/index.php\\\/2023\\\/09\\\/28\\\/accolade-z-pozwoleniem-na-budowe-kolejnej-hali-przy-szczecinskiej\\\/\"},\"wordCount\":357,\"commentCount\":1,\"image\":{\"@id\":\"https:\\\/\\\/gorzow.news\\\/index.php\\\/2023\\\/09\\\/28\\\/accolade-z-pozwoleniem-na-budowe-kolejnej-hali-przy-szczecinskiej\\\/#primaryimage\"},\"thumbnailUrl\":\"https:\\\/\\\/gorzow.news\\\/wp-content\\\/uploads\\\/2023\\\/09\\\/10.06.23-Gorzow-I-Birds-Eye-02.jpeg\",\"keywords\":[\"Accolade\",\"Panattoni\",\"Szczeci\u0144ska\"],\"articleSection\":[\"Magazyny\",\"Wiadomo\u015bci\",\"Wieprzyce\"],\"inLanguage\":\"pl-PL\",\"potentialAction\":[{\"@type\":\"CommentAction\",\"name\":\"Comment\",\"target\":[\"https:\\\/\\\/gorzow.news\\\/index.php\\\/2023\\\/09\\\/28\\\/accolade-z-pozwoleniem-na-budowe-kolejnej-hali-przy-szczecinskiej\\\/#respond\"]}]},{\"@type\":\"WebPage\",\"@id\":\"https:\\\/\\\/gorzow.news\\\/index.php\\\/2023\\\/09\\\/28\\\/accolade-z-pozwoleniem-na-budowe-kolejnej-hali-przy-szczecinskiej\\\/\",\"url\":\"https:\\\/\\\/gorzow.news\\\/index.php\\\/2023\\\/09\\\/28\\\/accolade-z-pozwoleniem-na-budowe-kolejnej-hali-przy-szczecinskiej\\\/\",\"name\":\"Accolade z pozwoleniem na budow\u0119 kolejnej hali przy Szczeci\u0144skiej - Gorz\u00f3w News\",\"isPartOf\":{\"@id\":\"https:\\\/\\\/gorzow.news\\\/#website\"},\"primaryImageOfPage\":{\"@id\":\"https:\\\/\\\/gorzow.news\\\/index.php\\\/2023\\\/09\\\/28\\\/accolade-z-pozwoleniem-na-budowe-kolejnej-hali-przy-szczecinskiej\\\/#primaryimage\"},\"image\":{\"@id\":\"https:\\\/\\\/gorzow.news\\\/index.php\\\/2023\\\/09\\\/28\\\/accolade-z-pozwoleniem-na-budowe-kolejnej-hali-przy-szczecinskiej\\\/#primaryimage\"},\"thumbnailUrl\":\"https:\\\/\\\/gorzow.news\\\/wp-content\\\/uploads\\\/2023\\\/09\\\/10.06.23-Gorzow-I-Birds-Eye-02.jpeg\",\"datePublished\":\"2023-09-28T10:19:19+00:00\",\"dateModified\":\"2023-09-28T10:19:20+00:00\",\"author\":{\"@id\":\"https:\\\/\\\/gorzow.news\\\/#\\\/schema\\\/person\\\/a1e5ab43166369f2ce236a1cd90995bb\"},\"description\":\"Urz\u0105d Miasta 15 wrze\u015bnia zatwierdzi\u0142 projekt zagospodarowania terenu oraz projekt architektoniczno-budowlany i udzieli\u0142 pozwolenie na budow\u0119 zespo\u0142u obiekt\u00f3w hali przemys\u0142owo-magazynowo-us\u0142ugowej, wartowni, stacji \u0142adowania samochod\u00f3w elektrycznych wraz z infrastruktur\u0105 techniczn\u0105 i zagospodarowaniem terenu przy ul. Szczeci\u0144skiej na terenie dw\u00f3ch dzia\u0142ek o nr 237\\\/18 i 237\\\/23 o \u0142\u0105cznej powierzchni 56.315 mkw.\",\"breadcrumb\":{\"@id\":\"https:\\\/\\\/gorzow.news\\\/index.php\\\/2023\\\/09\\\/28\\\/accolade-z-pozwoleniem-na-budowe-kolejnej-hali-przy-szczecinskiej\\\/#breadcrumb\"},\"inLanguage\":\"pl-PL\",\"potentialAction\":[{\"@type\":\"ReadAction\",\"target\":[\"https:\\\/\\\/gorzow.news\\\/index.php\\\/2023\\\/09\\\/28\\\/accolade-z-pozwoleniem-na-budowe-kolejnej-hali-przy-szczecinskiej\\\/\"]}]},{\"@type\":\"ImageObject\",\"inLanguage\":\"pl-PL\",\"@id\":\"https:\\\/\\\/gorzow.news\\\/index.php\\\/2023\\\/09\\\/28\\\/accolade-z-pozwoleniem-na-budowe-kolejnej-hali-przy-szczecinskiej\\\/#primaryimage\",\"url\":\"https:\\\/\\\/gorzow.news\\\/wp-content\\\/uploads\\\/2023\\\/09\\\/10.06.23-Gorzow-I-Birds-Eye-02.jpeg\",\"contentUrl\":\"https:\\\/\\\/gorzow.news\\\/wp-content\\\/uploads\\\/2023\\\/09\\\/10.06.23-Gorzow-I-Birds-Eye-02.jpeg\",\"width\":1622,\"height\":768,\"caption\":\"Istniej\u0105ce dwie hale magazynowe w ramach Panattoni Park Gorz\u00f3w I przy ul. Szczeci\u0144skiej.\"},{\"@type\":\"BreadcrumbList\",\"@id\":\"https:\\\/\\\/gorzow.news\\\/index.php\\\/2023\\\/09\\\/28\\\/accolade-z-pozwoleniem-na-budowe-kolejnej-hali-przy-szczecinskiej\\\/#breadcrumb\",\"itemListElement\":[{\"@type\":\"ListItem\",\"position\":1,\"name\":\"Home\",\"item\":\"https:\\\/\\\/gorzow.news\\\/\"},{\"@type\":\"ListItem\",\"position\":2,\"name\":\"Accolade z pozwoleniem na budow\u0119 kolejnej hali przy Szczeci\u0144skiej\"}]},{\"@type\":\"WebSite\",\"@id\":\"https:\\\/\\\/gorzow.news\\\/#website\",\"url\":\"https:\\\/\\\/gorzow.news\\\/\",\"name\":\"Gorz\u00f3w News\",\"description\":\"Sp\u00f3jrz inaczej na miato i region...\",\"potentialAction\":[{\"@type\":\"SearchAction\",\"target\":{\"@type\":\"EntryPoint\",\"urlTemplate\":\"https:\\\/\\\/gorzow.news\\\/?s={search_term_string}\"},\"query-input\":{\"@type\":\"PropertyValueSpecification\",\"valueRequired\":true,\"valueName\":\"search_term_string\"}}],\"inLanguage\":\"pl-PL\"},{\"@type\":\"Person\",\"@id\":\"https:\\\/\\\/gorzow.news\\\/#\\\/schema\\\/person\\\/a1e5ab43166369f2ce236a1cd90995bb\",\"name\":\"maciej\",\"image\":{\"@type\":\"ImageObject\",\"inLanguage\":\"pl-PL\",\"@id\":\"https:\\\/\\\/secure.gravatar.com\\\/avatar\\\/530a674d56ba60cfa0ef21d74e8e8d123a51bb7aa6580465b5c2ab2c2e980a19?s=96&r=g&d=https:\\\/\\\/gorzow.news\\\/wp-content\\\/plugins\\\/userswp\\\/assets\\\/images\\\/no_profile.png\",\"url\":\"https:\\\/\\\/secure.gravatar.com\\\/avatar\\\/530a674d56ba60cfa0ef21d74e8e8d123a51bb7aa6580465b5c2ab2c2e980a19?s=96&r=g&d=https:\\\/\\\/gorzow.news\\\/wp-content\\\/plugins\\\/userswp\\\/assets\\\/images\\\/no_profile.png\",\"contentUrl\":\"https:\\\/\\\/secure.gravatar.com\\\/avatar\\\/530a674d56ba60cfa0ef21d74e8e8d123a51bb7aa6580465b5c2ab2c2e980a19?s=96&r=g&d=https:\\\/\\\/gorzow.news\\\/wp-content\\\/plugins\\\/userswp\\\/assets\\\/images\\\/no_profile.png\",\"caption\":\"maciej\"},\"url\":\"https:\\\/\\\/gorzow.news\\\/index.php\\\/profile\\\/maciej\\\/\"}]}<\/script>\n<!-- \/ Yoast SEO plugin. -->","yoast_head_json":{"title":"Accolade z pozwoleniem na budow\u0119 kolejnej hali przy Szczeci\u0144skiej - Gorz\u00f3w News","description":"Urz\u0105d Miasta 15 wrze\u015bnia zatwierdzi\u0142 projekt zagospodarowania terenu oraz projekt architektoniczno-budowlany i udzieli\u0142 pozwolenie na budow\u0119 zesp","robots":{"index":"index","follow":"follow","max-snippet":"max-snippet:-1","max-image-preview":"max-image-preview:large","max-video-preview":"max-video-preview:-1"},"canonical":"https:\/\/gorzow.news\/index.php\/2023\/09\/28\/accolade-z-pozwoleniem-na-budowe-kolejnej-hali-przy-szczecinskiej\/","og_locale":"pl_PL","og_type":"article","og_title":"Accolade z pozwoleniem na budow\u0119 kolejnej hali przy Szczeci\u0144skiej - Gorz\u00f3w News","og_description":"Urz\u0105d Miasta 15 wrze\u015bnia zatwierdzi\u0142 projekt zagospodarowania terenu oraz projekt architektoniczno-budowlany i udzieli\u0142 pozwolenie na budow\u0119 zesp","og_url":"https:\/\/gorzow.news\/index.php\/2023\/09\/28\/accolade-z-pozwoleniem-na-budowe-kolejnej-hali-przy-szczecinskiej\/","og_site_name":"Gorz\u00f3w News","article_publisher":"https:\/\/www.facebook.com\/gorzowskinews","article_published_time":"2023-09-28T10:19:19+00:00","article_modified_time":"2023-09-28T10:19:20+00:00","og_image":[{"width":1622,"height":768,"url":"https:\/\/gorzow.news\/wp-content\/uploads\/2023\/09\/10.06.23-Gorzow-I-Birds-Eye-02.jpeg","type":"image\/jpeg"}],"author":"maciej","twitter_card":"summary_large_image","twitter_misc":{"Napisane przez":"maciej","Szacowany czas czytania":"3 minuty"},"schema":{"@context":"https:\/\/schema.org","@graph":[{"@type":"Article","@id":"https:\/\/gorzow.news\/index.php\/2023\/09\/28\/accolade-z-pozwoleniem-na-budowe-kolejnej-hali-przy-szczecinskiej\/#article","isPartOf":{"@id":"https:\/\/gorzow.news\/index.php\/2023\/09\/28\/accolade-z-pozwoleniem-na-budowe-kolejnej-hali-przy-szczecinskiej\/"},"author":{"name":"maciej","@id":"https:\/\/gorzow.news\/#\/schema\/person\/a1e5ab43166369f2ce236a1cd90995bb"},"headline":"Accolade z pozwoleniem na budow\u0119 kolejnej hali przy Szczeci\u0144skiej","datePublished":"2023-09-28T10:19:19+00:00","dateModified":"2023-09-28T10:19:20+00:00","mainEntityOfPage":{"@id":"https:\/\/gorzow.news\/index.php\/2023\/09\/28\/accolade-z-pozwoleniem-na-budowe-kolejnej-hali-przy-szczecinskiej\/"},"wordCount":357,"commentCount":1,"image":{"@id":"https:\/\/gorzow.news\/index.php\/2023\/09\/28\/accolade-z-pozwoleniem-na-budowe-kolejnej-hali-przy-szczecinskiej\/#primaryimage"},"thumbnailUrl":"https:\/\/gorzow.news\/wp-content\/uploads\/2023\/09\/10.06.23-Gorzow-I-Birds-Eye-02.jpeg","keywords":["Accolade","Panattoni","Szczeci\u0144ska"],"articleSection":["Magazyny","Wiadomo\u015bci","Wieprzyce"],"inLanguage":"pl-PL","potentialAction":[{"@type":"CommentAction","name":"Comment","target":["https:\/\/gorzow.news\/index.php\/2023\/09\/28\/accolade-z-pozwoleniem-na-budowe-kolejnej-hali-przy-szczecinskiej\/#respond"]}]},{"@type":"WebPage","@id":"https:\/\/gorzow.news\/index.php\/2023\/09\/28\/accolade-z-pozwoleniem-na-budowe-kolejnej-hali-przy-szczecinskiej\/","url":"https:\/\/gorzow.news\/index.php\/2023\/09\/28\/accolade-z-pozwoleniem-na-budowe-kolejnej-hali-przy-szczecinskiej\/","name":"Accolade z pozwoleniem na budow\u0119 kolejnej hali przy Szczeci\u0144skiej - Gorz\u00f3w News","isPartOf":{"@id":"https:\/\/gorzow.news\/#website"},"primaryImageOfPage":{"@id":"https:\/\/gorzow.news\/index.php\/2023\/09\/28\/accolade-z-pozwoleniem-na-budowe-kolejnej-hali-przy-szczecinskiej\/#primaryimage"},"image":{"@id":"https:\/\/gorzow.news\/index.php\/2023\/09\/28\/accolade-z-pozwoleniem-na-budowe-kolejnej-hali-przy-szczecinskiej\/#primaryimage"},"thumbnailUrl":"https:\/\/gorzow.news\/wp-content\/uploads\/2023\/09\/10.06.23-Gorzow-I-Birds-Eye-02.jpeg","datePublished":"2023-09-28T10:19:19+00:00","dateModified":"2023-09-28T10:19:20+00:00","author":{"@id":"https:\/\/gorzow.news\/#\/schema\/person\/a1e5ab43166369f2ce236a1cd90995bb"},"description":"Urz\u0105d Miasta 15 wrze\u015bnia zatwierdzi\u0142 projekt zagospodarowania terenu oraz projekt architektoniczno-budowlany i udzieli\u0142 pozwolenie na budow\u0119 zespo\u0142u obiekt\u00f3w hali przemys\u0142owo-magazynowo-us\u0142ugowej, wartowni, stacji \u0142adowania samochod\u00f3w elektrycznych wraz z infrastruktur\u0105 techniczn\u0105 i zagospodarowaniem terenu przy ul. Szczeci\u0144skiej na terenie dw\u00f3ch dzia\u0142ek o nr 237\/18 i 237\/23 o \u0142\u0105cznej powierzchni 56.315 mkw.","breadcrumb":{"@id":"https:\/\/gorzow.news\/index.php\/2023\/09\/28\/accolade-z-pozwoleniem-na-budowe-kolejnej-hali-przy-szczecinskiej\/#breadcrumb"},"inLanguage":"pl-PL","potentialAction":[{"@type":"ReadAction","target":["https:\/\/gorzow.news\/index.php\/2023\/09\/28\/accolade-z-pozwoleniem-na-budowe-kolejnej-hali-przy-szczecinskiej\/"]}]},{"@type":"ImageObject","inLanguage":"pl-PL","@id":"https:\/\/gorzow.news\/index.php\/2023\/09\/28\/accolade-z-pozwoleniem-na-budowe-kolejnej-hali-przy-szczecinskiej\/#primaryimage","url":"https:\/\/gorzow.news\/wp-content\/uploads\/2023\/09\/10.06.23-Gorzow-I-Birds-Eye-02.jpeg","contentUrl":"https:\/\/gorzow.news\/wp-content\/uploads\/2023\/09\/10.06.23-Gorzow-I-Birds-Eye-02.jpeg","width":1622,"height":768,"caption":"Istniej\u0105ce dwie hale magazynowe w ramach Panattoni Park Gorz\u00f3w I przy ul. Szczeci\u0144skiej."},{"@type":"BreadcrumbList","@id":"https:\/\/gorzow.news\/index.php\/2023\/09\/28\/accolade-z-pozwoleniem-na-budowe-kolejnej-hali-przy-szczecinskiej\/#breadcrumb","itemListElement":[{"@type":"ListItem","position":1,"name":"Home","item":"https:\/\/gorzow.news\/"},{"@type":"ListItem","position":2,"name":"Accolade z pozwoleniem na budow\u0119 kolejnej hali przy Szczeci\u0144skiej"}]},{"@type":"WebSite","@id":"https:\/\/gorzow.news\/#website","url":"https:\/\/gorzow.news\/","name":"Gorz\u00f3w News","description":"Sp\u00f3jrz inaczej na miato i region...","potentialAction":[{"@type":"SearchAction","target":{"@type":"EntryPoint","urlTemplate":"https:\/\/gorzow.news\/?s={search_term_string}"},"query-input":{"@type":"PropertyValueSpecification","valueRequired":true,"valueName":"search_term_string"}}],"inLanguage":"pl-PL"},{"@type":"Person","@id":"https:\/\/gorzow.news\/#\/schema\/person\/a1e5ab43166369f2ce236a1cd90995bb","name":"maciej","image":{"@type":"ImageObject","inLanguage":"pl-PL","@id":"https:\/\/secure.gravatar.com\/avatar\/530a674d56ba60cfa0ef21d74e8e8d123a51bb7aa6580465b5c2ab2c2e980a19?s=96&r=g&d=https:\/\/gorzow.news\/wp-content\/plugins\/userswp\/assets\/images\/no_profile.png","url":"https:\/\/secure.gravatar.com\/avatar\/530a674d56ba60cfa0ef21d74e8e8d123a51bb7aa6580465b5c2ab2c2e980a19?s=96&r=g&d=https:\/\/gorzow.news\/wp-content\/plugins\/userswp\/assets\/images\/no_profile.png","contentUrl":"https:\/\/secure.gravatar.com\/avatar\/530a674d56ba60cfa0ef21d74e8e8d123a51bb7aa6580465b5c2ab2c2e980a19?s=96&r=g&d=https:\/\/gorzow.news\/wp-content\/plugins\/userswp\/assets\/images\/no_profile.png","caption":"maciej"},"url":"https:\/\/gorzow.news\/index.php\/profile\/maciej\/"}]}},"_links":{"self":[{"href":"https:\/\/gorzow.news\/index.php\/wp-json\/wp\/v2\/posts\/15256","targetHints":{"allow":["GET"]}}],"collection":[{"href":"https:\/\/gorzow.news\/index.php\/wp-json\/wp\/v2\/posts"}],"about":[{"href":"https:\/\/gorzow.news\/index.php\/wp-json\/wp\/v2\/types\/post"}],"author":[{"embeddable":true,"href":"https:\/\/gorzow.news\/index.php\/wp-json\/wp\/v2\/users\/1"}],"replies":[{"embeddable":true,"href":"https:\/\/gorzow.news\/index.php\/wp-json\/wp\/v2\/comments?post=15256"}],"version-history":[{"count":1,"href":"https:\/\/gorzow.news\/index.php\/wp-json\/wp\/v2\/posts\/15256\/revisions"}],"predecessor-version":[{"id":15258,"href":"https:\/\/gorzow.news\/index.php\/wp-json\/wp\/v2\/posts\/15256\/revisions\/15258"}],"wp:featuredmedia":[{"embeddable":true,"href":"https:\/\/gorzow.news\/index.php\/wp-json\/wp\/v2\/media\/15257"}],"wp:attachment":[{"href":"https:\/\/gorzow.news\/index.php\/wp-json\/wp\/v2\/media?parent=15256"}],"wp:term":[{"taxonomy":"category","embeddable":true,"href":"https:\/\/gorzow.news\/index.php\/wp-json\/wp\/v2\/categories?post=15256"},{"taxonomy":"post_tag","embeddable":true,"href":"https:\/\/gorzow.news\/index.php\/wp-json\/wp\/v2\/tags?post=15256"}],"curies":[{"name":"wp","href":"https:\/\/api.w.org\/{rel}","templated":true}]}}