{"id":15232,"date":"2023-09-27T14:19:47","date_gmt":"2023-09-27T12:19:47","guid":{"rendered":"https:\/\/gorzow.news\/?p=15232"},"modified":"2023-09-27T14:19:53","modified_gmt":"2023-09-27T12:19:53","slug":"s1-center-najemcy-wprowadzaja-sie-do-swoich-lokali-zdjecia","status":"publish","type":"post","link":"https:\/\/gorzow.news\/index.php\/2023\/09\/27\/s1-center-najemcy-wprowadzaja-sie-do-swoich-lokali-zdjecia\/","title":{"rendered":"S1 Center: Najemcy wprowadzaj\u0105 si\u0119 do swoich lokali (zdj\u0119cia)"},"content":{"rendered":"\n<p><strong>Budowa parku handlowego w pawilonie po Tesco przy ul. G\u00f3rczy\u0144skiej dobiega ko\u0144ca. W ostatnich dniach lokale w obiekcie przej\u0119\u0142a ju\u017c cz\u0119\u015b\u0107 najemc\u00f3w, kt\u00f3ra rozpocz\u0119\u0142a ich wyka\u0144czanie na w\u0142asne potrzeby. Pojawi\u0142y si\u0119 te\u017c ju\u017c pierwsze logo sklep\u00f3w. Otwarcie S1 Center Gorz\u00f3w zaplanowane jest na 15 listopada.<\/strong><\/p>\n\n\n\n<p>Pawilon po Tesco o powierzchni ponad 10.000 mkw. w trakcie przebudowy zosta\u0142 podzielony na 12 lokali. Najwi\u0119kszy, bo o powierzchni blisko 4.000 mkw. zajmie Carrefour, kt\u00f3ry otworzy w mie\u015bcie sw\u00f3j pierwszy hipermarket. Z pozosta\u0142ych 11 lokali, 9 znalaz\u0142o ju\u017c swoich najemc\u00f3w. Zakupy zrobimy tutaj w sklepie odzie\u017cowym Sinsay, drogerii Rossmann, supermarkecie ze sprz\u0119tem RTV i AGD Media Expert, aptece Dr.Max (by\u0142a w pasa\u017cu Tesco), sklepie zoologicznym Animals Store, sklepie z produktami nom-food Woolworth i sklepie z r\u00f3\u017cnymi produktami z Chin iBloom Home. Po\u0142\u00f3\u017cenie cz\u0119\u015bci sklep\u00f3w w nowym parku handlowym mo\u017cemy zobaczy\u0107 na naszych zdj\u0119ciach, bo pojawi\u0142y si\u0119 ju\u017c ich loga przy wej\u015bciach.<\/p>\n\n\n\n<p>\u2013 Ca\u0142y czas rozmawiamy z potencjalnymi najemcami. Wolne zosta\u0142y dwa lokale o powierzchni 250 mkw. i 1.000 mkw. W przypadku, tego drugiego rozmawiamy z firm\u0105, kt\u00f3ra chce wej\u015b\u0107 na Polski rynek i je\u015bli uda nam si\u0119 porozumie\u0107, to jej debiut mo\u017ce mie\u0107 miejsce w\u0142a\u015bnie w Gorzowie. Jednak nic wi\u0119cej nie mog\u0119 ju\u017c powiedzie\u0107 \u2013 m\u00f3wi\u0142 nam w sierpniu <strong>Jacek Zagrabski<\/strong>, pe\u0142nomocnik zarz\u0105du Saller Group.<\/p>\n\n\n\n<p>Otwarcie parku handlowego S1 Center Gorz\u00f3w zaplanowano na 15 listopada tego roku.<\/p>\n\n\n\r\n                <style type=\"text\/css\">\r\n                    \r\n                    #tdi_1  .td-doubleSlider-2 .td-item1 {\r\n                        background: url(https:\/\/gorzow.news\/wp-content\/uploads\/2023\/09\/IMG_20230925_181314.jpg) 0 0 no-repeat;\r\n                    }\r\n                    #tdi_1  .td-doubleSlider-2 .td-item2 {\r\n                        background: url(https:\/\/gorzow.news\/wp-content\/uploads\/2023\/09\/IMG_20230925_181218_2.jpg) 0 0 no-repeat;\r\n                    }\r\n                    #tdi_1  .td-doubleSlider-2 .td-item3 {\r\n                        background: url(https:\/\/gorzow.news\/wp-content\/uploads\/2023\/09\/IMG_20230925_181438_1.jpg) 0 0 no-repeat;\r\n                    }\r\n                    #tdi_1  .td-doubleSlider-2 .td-item4 {\r\n                        background: url(https:\/\/gorzow.news\/wp-content\/uploads\/2023\/09\/IMG_20230925_181505.jpg) 0 0 no-repeat;\r\n                    }\r\n                    #tdi_1  .td-doubleSlider-2 .td-item5 {\r\n                        background: url(https:\/\/gorzow.news\/wp-content\/uploads\/2023\/09\/IMG_20230925_181519_1.jpg) 0 0 no-repeat;\r\n                    }\r\n                    #tdi_1  .td-doubleSlider-2 .td-item6 {\r\n                        background: url(https:\/\/gorzow.news\/wp-content\/uploads\/2023\/09\/IMG_20230925_181701.jpg) 0 0 no-repeat;\r\n                    }\r\n                    #tdi_1  .td-doubleSlider-2 .td-item7 {\r\n                        background: url(https:\/\/gorzow.news\/wp-content\/uploads\/2023\/09\/IMG_20230925_181800.jpg) 0 0 no-repeat;\r\n                    }\r\n                    #tdi_1  .td-doubleSlider-2 .td-item8 {\r\n                        background: url(https:\/\/gorzow.news\/wp-content\/uploads\/2023\/09\/IMG_20230925_182436.jpg) 0 0 no-repeat;\r\n                    }\r\n                <\/style>\r\n\r\n                <div id=\"tdi_1\" class=\"td-gallery td-slide-on-2-columns\">\r\n                    <div class=\"post_td_gallery\">\r\n                        <div class=\"td-gallery-slide-top\">\r\n                           <div class=\"td-gallery-title\">S1 Center Gorz\u00f3w - koniec wrze\u015bnia 2023 r.<\/div>\r\n\r\n                            <div class=\"td-gallery-controls-wrapper\">\r\n                                <div class=\"td-gallery-slide-count\"><span class=\"td-gallery-slide-item-focus\">1<\/span> z 8<\/div>\r\n                                <div class=\"td-gallery-slide-prev-next-but\">\r\n                                    <i class = \"td-icon-left doubleSliderPrevButton\"><\/i>\r\n                                    <i class = \"td-icon-right doubleSliderNextButton\"><\/i>\r\n                                <\/div>\r\n                            <\/div>\r\n                        <\/div>\r\n\r\n                        <div class = \"td-doubleSlider-1 \">\r\n                            <div class = \"td-slider\">\r\n                                \r\n                    <div class = \"td-slide-item td-item1\">\r\n                        <figure class=\"td-slide-galery-figure td-slide-popup-gallery\">\r\n                            <a class=\"slide-gallery-image-link\" href=\"https:\/\/gorzow.news\/wp-content\/uploads\/2023\/09\/IMG_20230925_181314.jpg\" title=\"\"  data-caption=\"\"  data-description=\"\">\r\n                                <img decoding=\"async\" src=\"https:\/\/gorzow.news\/wp-content\/uploads\/2023\/09\/IMG_20230925_181314.jpg\" srcset=\"https:\/\/gorzow.news\/wp-content\/uploads\/2023\/09\/IMG_20230925_181314.jpg 1600w, https:\/\/gorzow.news\/wp-content\/uploads\/2023\/09\/IMG_20230925_181314-300x142.jpg 300w, https:\/\/gorzow.news\/wp-content\/uploads\/2023\/09\/IMG_20230925_181314-1024x484.jpg 1024w, https:\/\/gorzow.news\/wp-content\/uploads\/2023\/09\/IMG_20230925_181314-768x363.jpg 768w, https:\/\/gorzow.news\/wp-content\/uploads\/2023\/09\/IMG_20230925_181314-1536x727.jpg 1536w, https:\/\/gorzow.news\/wp-content\/uploads\/2023\/09\/IMG_20230925_181314-696x329.jpg 696w, https:\/\/gorzow.news\/wp-content\/uploads\/2023\/09\/IMG_20230925_181314-1068x505.jpg 1068w\" sizes=\"(max-width: 1600px) 100vw, 1600px\" alt=\"\">\r\n                            <\/a>\r\n                            \r\n                        <\/figure>\r\n                    <\/div>\r\n                    <div class = \"td-slide-item td-item2\">\r\n                        <figure class=\"td-slide-galery-figure td-slide-popup-gallery\">\r\n                            <a class=\"slide-gallery-image-link\" href=\"https:\/\/gorzow.news\/wp-content\/uploads\/2023\/09\/IMG_20230925_181218_2.jpg\" title=\"\"  data-caption=\"\"  data-description=\"\">\r\n                                <img decoding=\"async\" src=\"https:\/\/gorzow.news\/wp-content\/uploads\/2023\/09\/IMG_20230925_181218_2.jpg\" srcset=\"https:\/\/gorzow.news\/wp-content\/uploads\/2023\/09\/IMG_20230925_181218_2.jpg 1600w, https:\/\/gorzow.news\/wp-content\/uploads\/2023\/09\/IMG_20230925_181218_2-300x142.jpg 300w, https:\/\/gorzow.news\/wp-content\/uploads\/2023\/09\/IMG_20230925_181218_2-1024x484.jpg 1024w, https:\/\/gorzow.news\/wp-content\/uploads\/2023\/09\/IMG_20230925_181218_2-768x363.jpg 768w, https:\/\/gorzow.news\/wp-content\/uploads\/2023\/09\/IMG_20230925_181218_2-1536x727.jpg 1536w, https:\/\/gorzow.news\/wp-content\/uploads\/2023\/09\/IMG_20230925_181218_2-696x329.jpg 696w, https:\/\/gorzow.news\/wp-content\/uploads\/2023\/09\/IMG_20230925_181218_2-1068x505.jpg 1068w\" sizes=\"(max-width: 1600px) 100vw, 1600px\" alt=\"\">\r\n                            <\/a>\r\n                            \r\n                        <\/figure>\r\n                    <\/div>\r\n                    <div class = \"td-slide-item td-item3\">\r\n                        <figure class=\"td-slide-galery-figure td-slide-popup-gallery\">\r\n                            <a class=\"slide-gallery-image-link\" href=\"https:\/\/gorzow.news\/wp-content\/uploads\/2023\/09\/IMG_20230925_181438_1.jpg\" title=\"\"  data-caption=\"\"  data-description=\"\">\r\n                                <img decoding=\"async\" src=\"https:\/\/gorzow.news\/wp-content\/uploads\/2023\/09\/IMG_20230925_181438_1.jpg\" srcset=\"https:\/\/gorzow.news\/wp-content\/uploads\/2023\/09\/IMG_20230925_181438_1.jpg 1600w, https:\/\/gorzow.news\/wp-content\/uploads\/2023\/09\/IMG_20230925_181438_1-300x142.jpg 300w, https:\/\/gorzow.news\/wp-content\/uploads\/2023\/09\/IMG_20230925_181438_1-1024x484.jpg 1024w, https:\/\/gorzow.news\/wp-content\/uploads\/2023\/09\/IMG_20230925_181438_1-768x363.jpg 768w, https:\/\/gorzow.news\/wp-content\/uploads\/2023\/09\/IMG_20230925_181438_1-1536x727.jpg 1536w, https:\/\/gorzow.news\/wp-content\/uploads\/2023\/09\/IMG_20230925_181438_1-696x329.jpg 696w, https:\/\/gorzow.news\/wp-content\/uploads\/2023\/09\/IMG_20230925_181438_1-1068x505.jpg 1068w\" sizes=\"(max-width: 1600px) 100vw, 1600px\" alt=\"\">\r\n                            <\/a>\r\n                            \r\n                        <\/figure>\r\n                    <\/div>\r\n                    <div class = \"td-slide-item td-item4\">\r\n                        <figure class=\"td-slide-galery-figure td-slide-popup-gallery\">\r\n                            <a class=\"slide-gallery-image-link\" href=\"https:\/\/gorzow.news\/wp-content\/uploads\/2023\/09\/IMG_20230925_181505.jpg\" title=\"\"  data-caption=\"\"  data-description=\"\">\r\n                                <img decoding=\"async\" src=\"https:\/\/gorzow.news\/wp-content\/uploads\/2023\/09\/IMG_20230925_181505.jpg\" srcset=\"https:\/\/gorzow.news\/wp-content\/uploads\/2023\/09\/IMG_20230925_181505.jpg 1600w, https:\/\/gorzow.news\/wp-content\/uploads\/2023\/09\/IMG_20230925_181505-300x142.jpg 300w, https:\/\/gorzow.news\/wp-content\/uploads\/2023\/09\/IMG_20230925_181505-1024x484.jpg 1024w, https:\/\/gorzow.news\/wp-content\/uploads\/2023\/09\/IMG_20230925_181505-768x363.jpg 768w, https:\/\/gorzow.news\/wp-content\/uploads\/2023\/09\/IMG_20230925_181505-1536x727.jpg 1536w, https:\/\/gorzow.news\/wp-content\/uploads\/2023\/09\/IMG_20230925_181505-696x329.jpg 696w, https:\/\/gorzow.news\/wp-content\/uploads\/2023\/09\/IMG_20230925_181505-1068x505.jpg 1068w\" sizes=\"(max-width: 1600px) 100vw, 1600px\" alt=\"\">\r\n                            <\/a>\r\n                            \r\n                        <\/figure>\r\n                    <\/div>\r\n                    <div class = \"td-slide-item td-item5\">\r\n                        <figure class=\"td-slide-galery-figure td-slide-popup-gallery\">\r\n                            <a class=\"slide-gallery-image-link\" href=\"https:\/\/gorzow.news\/wp-content\/uploads\/2023\/09\/IMG_20230925_181519_1.jpg\" title=\"\"  data-caption=\"\"  data-description=\"\">\r\n                                <img decoding=\"async\" src=\"https:\/\/gorzow.news\/wp-content\/uploads\/2023\/09\/IMG_20230925_181519_1.jpg\" srcset=\"https:\/\/gorzow.news\/wp-content\/uploads\/2023\/09\/IMG_20230925_181519_1.jpg 1600w, https:\/\/gorzow.news\/wp-content\/uploads\/2023\/09\/IMG_20230925_181519_1-300x142.jpg 300w, https:\/\/gorzow.news\/wp-content\/uploads\/2023\/09\/IMG_20230925_181519_1-1024x484.jpg 1024w, https:\/\/gorzow.news\/wp-content\/uploads\/2023\/09\/IMG_20230925_181519_1-768x363.jpg 768w, https:\/\/gorzow.news\/wp-content\/uploads\/2023\/09\/IMG_20230925_181519_1-1536x727.jpg 1536w, https:\/\/gorzow.news\/wp-content\/uploads\/2023\/09\/IMG_20230925_181519_1-696x329.jpg 696w, https:\/\/gorzow.news\/wp-content\/uploads\/2023\/09\/IMG_20230925_181519_1-1068x505.jpg 1068w\" sizes=\"(max-width: 1600px) 100vw, 1600px\" alt=\"\">\r\n                            <\/a>\r\n                            \r\n                        <\/figure>\r\n                    <\/div>\r\n                    <div class = \"td-slide-item td-item6\">\r\n                        <figure class=\"td-slide-galery-figure td-slide-popup-gallery\">\r\n                            <a class=\"slide-gallery-image-link\" href=\"https:\/\/gorzow.news\/wp-content\/uploads\/2023\/09\/IMG_20230925_181701.jpg\" title=\"\"  data-caption=\"\"  data-description=\"\">\r\n                                <img decoding=\"async\" src=\"https:\/\/gorzow.news\/wp-content\/uploads\/2023\/09\/IMG_20230925_181701.jpg\" srcset=\"https:\/\/gorzow.news\/wp-content\/uploads\/2023\/09\/IMG_20230925_181701.jpg 1600w, https:\/\/gorzow.news\/wp-content\/uploads\/2023\/09\/IMG_20230925_181701-300x142.jpg 300w, https:\/\/gorzow.news\/wp-content\/uploads\/2023\/09\/IMG_20230925_181701-1024x484.jpg 1024w, https:\/\/gorzow.news\/wp-content\/uploads\/2023\/09\/IMG_20230925_181701-768x363.jpg 768w, https:\/\/gorzow.news\/wp-content\/uploads\/2023\/09\/IMG_20230925_181701-1536x727.jpg 1536w, https:\/\/gorzow.news\/wp-content\/uploads\/2023\/09\/IMG_20230925_181701-696x329.jpg 696w, https:\/\/gorzow.news\/wp-content\/uploads\/2023\/09\/IMG_20230925_181701-1068x505.jpg 1068w\" sizes=\"(max-width: 1600px) 100vw, 1600px\" alt=\"\">\r\n                            <\/a>\r\n                            \r\n                        <\/figure>\r\n                    <\/div>\r\n                    <div class = \"td-slide-item td-item7\">\r\n                        <figure class=\"td-slide-galery-figure td-slide-popup-gallery\">\r\n                            <a class=\"slide-gallery-image-link\" href=\"https:\/\/gorzow.news\/wp-content\/uploads\/2023\/09\/IMG_20230925_181800.jpg\" title=\"\"  data-caption=\"\"  data-description=\"\">\r\n                                <img decoding=\"async\" src=\"https:\/\/gorzow.news\/wp-content\/uploads\/2023\/09\/IMG_20230925_181800.jpg\" srcset=\"https:\/\/gorzow.news\/wp-content\/uploads\/2023\/09\/IMG_20230925_181800.jpg 1600w, https:\/\/gorzow.news\/wp-content\/uploads\/2023\/09\/IMG_20230925_181800-300x142.jpg 300w, https:\/\/gorzow.news\/wp-content\/uploads\/2023\/09\/IMG_20230925_181800-1024x484.jpg 1024w, https:\/\/gorzow.news\/wp-content\/uploads\/2023\/09\/IMG_20230925_181800-768x363.jpg 768w, https:\/\/gorzow.news\/wp-content\/uploads\/2023\/09\/IMG_20230925_181800-1536x727.jpg 1536w, https:\/\/gorzow.news\/wp-content\/uploads\/2023\/09\/IMG_20230925_181800-696x329.jpg 696w, https:\/\/gorzow.news\/wp-content\/uploads\/2023\/09\/IMG_20230925_181800-1068x505.jpg 1068w\" sizes=\"(max-width: 1600px) 100vw, 1600px\" alt=\"\">\r\n                            <\/a>\r\n                            \r\n                        <\/figure>\r\n                    <\/div>\r\n                    <div class = \"td-slide-item td-item8\">\r\n                        <figure class=\"td-slide-galery-figure td-slide-popup-gallery\">\r\n                            <a class=\"slide-gallery-image-link\" href=\"https:\/\/gorzow.news\/wp-content\/uploads\/2023\/09\/IMG_20230925_182436.jpg\" title=\"\"  data-caption=\"\"  data-description=\"\">\r\n                                <img decoding=\"async\" src=\"https:\/\/gorzow.news\/wp-content\/uploads\/2023\/09\/IMG_20230925_182436.jpg\" srcset=\"https:\/\/gorzow.news\/wp-content\/uploads\/2023\/09\/IMG_20230925_182436.jpg 1600w, https:\/\/gorzow.news\/wp-content\/uploads\/2023\/09\/IMG_20230925_182436-300x142.jpg 300w, https:\/\/gorzow.news\/wp-content\/uploads\/2023\/09\/IMG_20230925_182436-1024x484.jpg 1024w, https:\/\/gorzow.news\/wp-content\/uploads\/2023\/09\/IMG_20230925_182436-768x363.jpg 768w, https:\/\/gorzow.news\/wp-content\/uploads\/2023\/09\/IMG_20230925_182436-1536x727.jpg 1536w, https:\/\/gorzow.news\/wp-content\/uploads\/2023\/09\/IMG_20230925_182436-696x329.jpg 696w, https:\/\/gorzow.news\/wp-content\/uploads\/2023\/09\/IMG_20230925_182436-1068x505.jpg 1068w\" sizes=\"(max-width: 1600px) 100vw, 1600px\" alt=\"\">\r\n                            <\/a>\r\n                            \r\n                        <\/figure>\r\n                    <\/div>\r\n                            <\/div>\r\n                        <\/div>\r\n\r\n                        <div class = \"td-doubleSlider-2\">\r\n                            <div class = \"td-slider\">\r\n                                \r\n                    <div class = \"td-button td-item1\">\r\n                        <div class = \"td-border\"><\/div>\r\n                    <\/div>\r\n                    <div class = \"td-button td-item2\">\r\n                        <div class = \"td-border\"><\/div>\r\n                    <\/div>\r\n                    <div class = \"td-button td-item3\">\r\n                        <div class = \"td-border\"><\/div>\r\n                    <\/div>\r\n                    <div class = \"td-button td-item4\">\r\n                        <div class = \"td-border\"><\/div>\r\n                    <\/div>\r\n                    <div class = \"td-button td-item5\">\r\n                        <div class = \"td-border\"><\/div>\r\n                    <\/div>\r\n                    <div class = \"td-button td-item6\">\r\n                        <div class = \"td-border\"><\/div>\r\n                    <\/div>\r\n                    <div class = \"td-button td-item7\">\r\n                        <div class = \"td-border\"><\/div>\r\n                    <\/div>\r\n                    <div class = \"td-button td-item8\">\r\n                        <div class = \"td-border\"><\/div>\r\n                    <\/div>\r\n                            <\/div>\r\n                        <\/div>\r\n\r\n                    <\/div>\r\n\r\n                <\/div>\r\n                \n\n\n<p><strong>O inwestycji pisali\u015bmy wielokrotnie:<\/strong><br>&#8211; <a href=\"https:\/\/gorzow.news\/index.php\/2023\/08\/23\/s1-gorzow-na-niespelna-trzy-miesiace-przed-otwarciem-jest-kolejny-najemca-zdjecia\/\">S1 Gorz\u00f3w na niespe\u0142na trzy miesi\u0105ce przed otwarciem. Jest kolejny najemca! (zdj\u0119cia)<\/a><br>&#8211; <a href=\"https:\/\/gorzow.news\/index.php\/2023\/07\/04\/s1-przy-gorczynskiej-juz-wyglada-lepiej-niz-na-wizualizacjach-sami-zobaczcie-zdjecia\/\">S1 przy G\u00f3rczy\u0144skiej ju\u017c wygl\u0105da lepiej ni\u017c na wizualizacjach! Sami zobaczcie! (zdj\u0119cia)<\/a><br>&#8211; <a href=\"https:\/\/gorzow.news\/index.php\/2023\/06\/27\/niemiecki-gigant-otworzy-swoj-sklep-w-gorzowie-zdjecia\/\">Niemiecki gigant otworzy sw\u00f3j sklep w Gorzowie! (zdj\u0119cia)<\/a><br>&#8211; <a href=\"https:\/\/gorzow.news\/index.php\/2023\/05\/15\/wiemy-jakie-sklepy-beda-w-parku-handlowym-po-tesco-na-gorczynie-znamy-termin-otwarcia-s1-gorzow-zdjecia\/\">Wiemy jakie sklepy b\u0119d\u0105 w parku handlowym po Tesco na G\u00f3rczynie! Znamy termin otwarcia S1 Gorz\u00f3w! (zdj\u0119cia)<\/a><br>&#8211; <a href=\"https:\/\/gorzow.news\/index.php\/2023\/03\/27\/s1-gorzow-tak-zmienia-sie-pawilon-po-tesco-na-gorczynie-zdjecia\/\">S1 Gorz\u00f3w: Tak zmienia si\u0119 pawilon po Tesco na G\u00f3rczynie (zdj\u0119cia)<\/a><br>&#8211; <a href=\"https:\/\/gorzow.news\/index.php\/2023\/01\/19\/demolka-przy-gorczynskiej-z-pawilonu-po-tesco-zostala-juz-tylko-konstrukcja-mamy-mnostwo-zdjec\/\">Demolka przy G\u00f3rczy\u0144skiej! Z pawilonu po Tesco zosta\u0142a ju\u017c tylko konstrukcja! Mamy mn\u00f3stwo zdj\u0119\u0107!<\/a><br>&#8211; <a href=\"https:\/\/gorzow.news\/index.php\/2022\/11\/15\/budowa-parku-handlowego-s1-gorzow-ruszyla-na-dobre-kiedy-otwarcie-ile-sklepow-zdjecia\/\">Budowa parku handlowego S1 Gorz\u00f3w ruszy\u0142a na dobre! Kiedy otwarcie? Ile sklep\u00f3w? (zdj\u0119cia)<\/a><br>&#8211; <a href=\"https:\/\/gorzow.news\/index.php\/2023\/01\/11\/wiemy-jak-ma-wygladac-park-handlowy-s1-gorzow-w-pawilonie-po-tesco-sprawdzilismy-tez-jak-duzy-bedzie-tu-carrefour-wizualizacje\/\">Wiemy jak ma wygl\u0105da\u0107 park handlowy S1 Gorz\u00f3w w pawilonie po Tesco! Sprawdzili\u015bmy te\u017c, jak du\u017cy b\u0119dzie tu Carrefour! (wizualizacje)<\/a><br>&#8211; <a href=\"https:\/\/gorzow.news\/index.php\/2022\/10\/05\/przebudowa-i-otwarcie-parku-handlowego-w-pawilonie-po-tesco-opozni-sie\/\">Przebudowa i otwarcie parku handlowego w pawilonie po Tesco op\u00f3\u017ani si\u0119!<\/a><br>&#8211; <a href=\"https:\/\/gorzow.news\/index.php\/2022\/07\/11\/rusza-kolejny-etap-przebudowy-pawilonu-po-tesco-bedzie-tu-park-handlowy-s1-ile-sklepow-zdjecia\/\">Rusza kolejny etap przebudowy pawilonu po Tesco. B\u0119dzie tu park handlowy S1! Ile sklep\u00f3w? (zdj\u0119cia)<\/a><br>&#8211; <a href=\"https:\/\/gorzow.news\/index.php\/2022\/03\/22\/w-budynku-po-tesco-przy-gorczynskiej-rozpoczela-sie-przebudowa-bedzie-tu-park-handlowy-kiedy-otwarcie\/\">W budynku po Tesco przy G\u00f3rczy\u0144skiej rozpocz\u0119\u0142a si\u0119 przebudowa! B\u0119dzie tu park handlowy! Kiedy otwarcie?<\/a><\/p>\n","protected":false},"excerpt":{"rendered":"<p>Budowa parku handlowego w pawilonie po Tesco przy ul. G\u00f3rczy\u0144skiej dobiega ko\u0144ca. W ostatnich dniach lokale w obiekcie przej\u0119\u0142a ju\u017c cz\u0119\u015b\u0107 najemc\u00f3w, kt\u00f3ra rozpocz\u0119\u0142a ich wyka\u0144czanie na w\u0142asne potrzeby. Pojawi\u0142y si\u0119 te\u017c ju\u017c pierwsze logo sklep\u00f3w. Otwarcie S1 Center Gorz\u00f3w zaplanowane jest na 15 listopada. Pawilon po Tesco o powierzchni ponad 10.000 mkw. w trakcie [&hellip;]<\/p>\n","protected":false},"author":1,"featured_media":15241,"comment_status":"open","ping_status":"open","sticky":false,"template":"","format":"standard","meta":{"footnotes":"","_links_to":"","_links_to_target":""},"categories":[2016,1624,589],"tags":[112,1118,1524,1119,111],"class_list":{"0":"post-15232","1":"post","2":"type-post","3":"status-publish","4":"format-standard","5":"has-post-thumbnail","7":"category-gorczyn","8":"category-inwestycje-handlowe","9":"category-wiadomosci","10":"tag-gorczynska","11":"tag-jacek-zagrabski","12":"tag-s1-gorzow","13":"tag-saller-group","14":"tag-tesco"},"yoast_head":"<!-- This site is optimized with the Yoast SEO plugin v27.3 - https:\/\/yoast.com\/product\/yoast-seo-wordpress\/ -->\n<title>S1 Center: Najemcy wprowadzaj\u0105 si\u0119 do swoich lokali (zdj\u0119cia) - Gorz\u00f3w News<\/title>\n<meta name=\"description\" content=\"Budowa parku handlowego w pawilonie po Tesco przy ul. G\u00f3rczy\u0144skiej dobiega ko\u0144ca. W ostatnich dniach lokale w obiekcie przej\u0119\u0142a ju\u017c cz\u0119\u015b\u0107 naj\" \/>\n<meta name=\"robots\" content=\"index, follow, max-snippet:-1, max-image-preview:large, max-video-preview:-1\" \/>\n<link rel=\"canonical\" href=\"https:\/\/gorzow.news\/index.php\/2023\/09\/27\/s1-center-najemcy-wprowadzaja-sie-do-swoich-lokali-zdjecia\/\" \/>\n<meta property=\"og:locale\" content=\"pl_PL\" \/>\n<meta property=\"og:type\" content=\"article\" \/>\n<meta property=\"og:title\" content=\"S1 Center: Najemcy wprowadzaj\u0105 si\u0119 do swoich lokali (zdj\u0119cia) - Gorz\u00f3w News\" \/>\n<meta property=\"og:description\" content=\"Budowa parku handlowego w pawilonie po Tesco przy ul. G\u00f3rczy\u0144skiej dobiega ko\u0144ca. W ostatnich dniach lokale w obiekcie przej\u0119\u0142a ju\u017c cz\u0119\u015b\u0107 naj\" \/>\n<meta property=\"og:url\" content=\"https:\/\/gorzow.news\/index.php\/2023\/09\/27\/s1-center-najemcy-wprowadzaja-sie-do-swoich-lokali-zdjecia\/\" \/>\n<meta property=\"og:site_name\" content=\"Gorz\u00f3w News\" \/>\n<meta property=\"article:publisher\" content=\"https:\/\/www.facebook.com\/gorzowskinews\" \/>\n<meta property=\"article:published_time\" content=\"2023-09-27T12:19:47+00:00\" \/>\n<meta property=\"article:modified_time\" content=\"2023-09-27T12:19:53+00:00\" \/>\n<meta property=\"og:image\" content=\"https:\/\/gorzow.news\/wp-content\/uploads\/2023\/09\/IMG_20230925_181218_2-1.jpg\" \/>\n\t<meta property=\"og:image:width\" content=\"1600\" \/>\n\t<meta property=\"og:image:height\" content=\"757\" \/>\n\t<meta property=\"og:image:type\" content=\"image\/jpeg\" \/>\n<meta name=\"author\" content=\"maciej\" \/>\n<meta name=\"twitter:card\" content=\"summary_large_image\" \/>\n<meta name=\"twitter:label1\" content=\"Napisane przez\" \/>\n\t<meta name=\"twitter:data1\" content=\"maciej\" \/>\n\t<meta name=\"twitter:label2\" content=\"Szacowany czas czytania\" \/>\n\t<meta name=\"twitter:data2\" content=\"3 minuty\" \/>\n<script type=\"application\/ld+json\" class=\"yoast-schema-graph\">{\"@context\":\"https:\\\/\\\/schema.org\",\"@graph\":[{\"@type\":\"Article\",\"@id\":\"https:\\\/\\\/gorzow.news\\\/index.php\\\/2023\\\/09\\\/27\\\/s1-center-najemcy-wprowadzaja-sie-do-swoich-lokali-zdjecia\\\/#article\",\"isPartOf\":{\"@id\":\"https:\\\/\\\/gorzow.news\\\/index.php\\\/2023\\\/09\\\/27\\\/s1-center-najemcy-wprowadzaja-sie-do-swoich-lokali-zdjecia\\\/\"},\"author\":{\"name\":\"maciej\",\"@id\":\"https:\\\/\\\/gorzow.news\\\/#\\\/schema\\\/person\\\/a1e5ab43166369f2ce236a1cd90995bb\"},\"headline\":\"S1 Center: Najemcy wprowadzaj\u0105 si\u0119 do swoich lokali (zdj\u0119cia)\",\"datePublished\":\"2023-09-27T12:19:47+00:00\",\"dateModified\":\"2023-09-27T12:19:53+00:00\",\"mainEntityOfPage\":{\"@id\":\"https:\\\/\\\/gorzow.news\\\/index.php\\\/2023\\\/09\\\/27\\\/s1-center-najemcy-wprowadzaja-sie-do-swoich-lokali-zdjecia\\\/\"},\"wordCount\":488,\"commentCount\":0,\"image\":{\"@id\":\"https:\\\/\\\/gorzow.news\\\/index.php\\\/2023\\\/09\\\/27\\\/s1-center-najemcy-wprowadzaja-sie-do-swoich-lokali-zdjecia\\\/#primaryimage\"},\"thumbnailUrl\":\"https:\\\/\\\/gorzow.news\\\/wp-content\\\/uploads\\\/2023\\\/09\\\/IMG_20230925_181218_2-1.jpg\",\"keywords\":[\"G\u00f3rczy\u0144ska\",\"Jacek Zagrabski\",\"S1 Gorz\u00f3w\",\"Saller Group\",\"Tesco\"],\"articleSection\":[\"G\u00f3rczyn\",\"Inwestycje handlowe\",\"Wiadomo\u015bci\"],\"inLanguage\":\"pl-PL\",\"potentialAction\":[{\"@type\":\"CommentAction\",\"name\":\"Comment\",\"target\":[\"https:\\\/\\\/gorzow.news\\\/index.php\\\/2023\\\/09\\\/27\\\/s1-center-najemcy-wprowadzaja-sie-do-swoich-lokali-zdjecia\\\/#respond\"]}]},{\"@type\":\"WebPage\",\"@id\":\"https:\\\/\\\/gorzow.news\\\/index.php\\\/2023\\\/09\\\/27\\\/s1-center-najemcy-wprowadzaja-sie-do-swoich-lokali-zdjecia\\\/\",\"url\":\"https:\\\/\\\/gorzow.news\\\/index.php\\\/2023\\\/09\\\/27\\\/s1-center-najemcy-wprowadzaja-sie-do-swoich-lokali-zdjecia\\\/\",\"name\":\"S1 Center: Najemcy wprowadzaj\u0105 si\u0119 do swoich lokali (zdj\u0119cia) - Gorz\u00f3w News\",\"isPartOf\":{\"@id\":\"https:\\\/\\\/gorzow.news\\\/#website\"},\"primaryImageOfPage\":{\"@id\":\"https:\\\/\\\/gorzow.news\\\/index.php\\\/2023\\\/09\\\/27\\\/s1-center-najemcy-wprowadzaja-sie-do-swoich-lokali-zdjecia\\\/#primaryimage\"},\"image\":{\"@id\":\"https:\\\/\\\/gorzow.news\\\/index.php\\\/2023\\\/09\\\/27\\\/s1-center-najemcy-wprowadzaja-sie-do-swoich-lokali-zdjecia\\\/#primaryimage\"},\"thumbnailUrl\":\"https:\\\/\\\/gorzow.news\\\/wp-content\\\/uploads\\\/2023\\\/09\\\/IMG_20230925_181218_2-1.jpg\",\"datePublished\":\"2023-09-27T12:19:47+00:00\",\"dateModified\":\"2023-09-27T12:19:53+00:00\",\"author\":{\"@id\":\"https:\\\/\\\/gorzow.news\\\/#\\\/schema\\\/person\\\/a1e5ab43166369f2ce236a1cd90995bb\"},\"description\":\"Budowa parku handlowego w pawilonie po Tesco przy ul. G\u00f3rczy\u0144skiej dobiega ko\u0144ca. W ostatnich dniach lokale w obiekcie przej\u0119\u0142a ju\u017c cz\u0119\u015b\u0107 najemc\u00f3w, kt\u00f3ra rozpocz\u0119\u0142a ich wyka\u0144czanie na w\u0142asne potrzeby. Pojawi\u0142y si\u0119 te\u017c ju\u017c pierwsze logo sklep\u00f3w. Otwarcie S1 Center Gorz\u00f3w zaplanowane jest na 15 listopada.\",\"breadcrumb\":{\"@id\":\"https:\\\/\\\/gorzow.news\\\/index.php\\\/2023\\\/09\\\/27\\\/s1-center-najemcy-wprowadzaja-sie-do-swoich-lokali-zdjecia\\\/#breadcrumb\"},\"inLanguage\":\"pl-PL\",\"potentialAction\":[{\"@type\":\"ReadAction\",\"target\":[\"https:\\\/\\\/gorzow.news\\\/index.php\\\/2023\\\/09\\\/27\\\/s1-center-najemcy-wprowadzaja-sie-do-swoich-lokali-zdjecia\\\/\"]}]},{\"@type\":\"ImageObject\",\"inLanguage\":\"pl-PL\",\"@id\":\"https:\\\/\\\/gorzow.news\\\/index.php\\\/2023\\\/09\\\/27\\\/s1-center-najemcy-wprowadzaja-sie-do-swoich-lokali-zdjecia\\\/#primaryimage\",\"url\":\"https:\\\/\\\/gorzow.news\\\/wp-content\\\/uploads\\\/2023\\\/09\\\/IMG_20230925_181218_2-1.jpg\",\"contentUrl\":\"https:\\\/\\\/gorzow.news\\\/wp-content\\\/uploads\\\/2023\\\/09\\\/IMG_20230925_181218_2-1.jpg\",\"width\":1600,\"height\":757,\"caption\":\"Trwa wyka\u0144czanie lokali przez najemc\u00f3w w parku handlowym S1 Center Gorz\u00f3w przy ul. G\u00f3rczy\u0144skiej.\"},{\"@type\":\"BreadcrumbList\",\"@id\":\"https:\\\/\\\/gorzow.news\\\/index.php\\\/2023\\\/09\\\/27\\\/s1-center-najemcy-wprowadzaja-sie-do-swoich-lokali-zdjecia\\\/#breadcrumb\",\"itemListElement\":[{\"@type\":\"ListItem\",\"position\":1,\"name\":\"Home\",\"item\":\"https:\\\/\\\/gorzow.news\\\/\"},{\"@type\":\"ListItem\",\"position\":2,\"name\":\"S1 Center: Najemcy wprowadzaj\u0105 si\u0119 do swoich lokali (zdj\u0119cia)\"}]},{\"@type\":\"WebSite\",\"@id\":\"https:\\\/\\\/gorzow.news\\\/#website\",\"url\":\"https:\\\/\\\/gorzow.news\\\/\",\"name\":\"Gorz\u00f3w News\",\"description\":\"Sp\u00f3jrz inaczej na miato i region...\",\"potentialAction\":[{\"@type\":\"SearchAction\",\"target\":{\"@type\":\"EntryPoint\",\"urlTemplate\":\"https:\\\/\\\/gorzow.news\\\/?s={search_term_string}\"},\"query-input\":{\"@type\":\"PropertyValueSpecification\",\"valueRequired\":true,\"valueName\":\"search_term_string\"}}],\"inLanguage\":\"pl-PL\"},{\"@type\":\"Person\",\"@id\":\"https:\\\/\\\/gorzow.news\\\/#\\\/schema\\\/person\\\/a1e5ab43166369f2ce236a1cd90995bb\",\"name\":\"maciej\",\"image\":{\"@type\":\"ImageObject\",\"inLanguage\":\"pl-PL\",\"@id\":\"https:\\\/\\\/secure.gravatar.com\\\/avatar\\\/530a674d56ba60cfa0ef21d74e8e8d123a51bb7aa6580465b5c2ab2c2e980a19?s=96&r=g&d=https:\\\/\\\/gorzow.news\\\/wp-content\\\/plugins\\\/userswp\\\/assets\\\/images\\\/no_profile.png\",\"url\":\"https:\\\/\\\/secure.gravatar.com\\\/avatar\\\/530a674d56ba60cfa0ef21d74e8e8d123a51bb7aa6580465b5c2ab2c2e980a19?s=96&r=g&d=https:\\\/\\\/gorzow.news\\\/wp-content\\\/plugins\\\/userswp\\\/assets\\\/images\\\/no_profile.png\",\"contentUrl\":\"https:\\\/\\\/secure.gravatar.com\\\/avatar\\\/530a674d56ba60cfa0ef21d74e8e8d123a51bb7aa6580465b5c2ab2c2e980a19?s=96&r=g&d=https:\\\/\\\/gorzow.news\\\/wp-content\\\/plugins\\\/userswp\\\/assets\\\/images\\\/no_profile.png\",\"caption\":\"maciej\"},\"url\":\"https:\\\/\\\/gorzow.news\\\/index.php\\\/profile\\\/maciej\\\/\"}]}<\/script>\n<!-- \/ Yoast SEO plugin. -->","yoast_head_json":{"title":"S1 Center: Najemcy wprowadzaj\u0105 si\u0119 do swoich lokali (zdj\u0119cia) - Gorz\u00f3w News","description":"Budowa parku handlowego w pawilonie po Tesco przy ul. G\u00f3rczy\u0144skiej dobiega ko\u0144ca. W ostatnich dniach lokale w obiekcie przej\u0119\u0142a ju\u017c cz\u0119\u015b\u0107 naj","robots":{"index":"index","follow":"follow","max-snippet":"max-snippet:-1","max-image-preview":"max-image-preview:large","max-video-preview":"max-video-preview:-1"},"canonical":"https:\/\/gorzow.news\/index.php\/2023\/09\/27\/s1-center-najemcy-wprowadzaja-sie-do-swoich-lokali-zdjecia\/","og_locale":"pl_PL","og_type":"article","og_title":"S1 Center: Najemcy wprowadzaj\u0105 si\u0119 do swoich lokali (zdj\u0119cia) - Gorz\u00f3w News","og_description":"Budowa parku handlowego w pawilonie po Tesco przy ul. G\u00f3rczy\u0144skiej dobiega ko\u0144ca. W ostatnich dniach lokale w obiekcie przej\u0119\u0142a ju\u017c cz\u0119\u015b\u0107 naj","og_url":"https:\/\/gorzow.news\/index.php\/2023\/09\/27\/s1-center-najemcy-wprowadzaja-sie-do-swoich-lokali-zdjecia\/","og_site_name":"Gorz\u00f3w News","article_publisher":"https:\/\/www.facebook.com\/gorzowskinews","article_published_time":"2023-09-27T12:19:47+00:00","article_modified_time":"2023-09-27T12:19:53+00:00","og_image":[{"width":1600,"height":757,"url":"https:\/\/gorzow.news\/wp-content\/uploads\/2023\/09\/IMG_20230925_181218_2-1.jpg","type":"image\/jpeg"}],"author":"maciej","twitter_card":"summary_large_image","twitter_misc":{"Napisane przez":"maciej","Szacowany czas czytania":"3 minuty"},"schema":{"@context":"https:\/\/schema.org","@graph":[{"@type":"Article","@id":"https:\/\/gorzow.news\/index.php\/2023\/09\/27\/s1-center-najemcy-wprowadzaja-sie-do-swoich-lokali-zdjecia\/#article","isPartOf":{"@id":"https:\/\/gorzow.news\/index.php\/2023\/09\/27\/s1-center-najemcy-wprowadzaja-sie-do-swoich-lokali-zdjecia\/"},"author":{"name":"maciej","@id":"https:\/\/gorzow.news\/#\/schema\/person\/a1e5ab43166369f2ce236a1cd90995bb"},"headline":"S1 Center: Najemcy wprowadzaj\u0105 si\u0119 do swoich lokali (zdj\u0119cia)","datePublished":"2023-09-27T12:19:47+00:00","dateModified":"2023-09-27T12:19:53+00:00","mainEntityOfPage":{"@id":"https:\/\/gorzow.news\/index.php\/2023\/09\/27\/s1-center-najemcy-wprowadzaja-sie-do-swoich-lokali-zdjecia\/"},"wordCount":488,"commentCount":0,"image":{"@id":"https:\/\/gorzow.news\/index.php\/2023\/09\/27\/s1-center-najemcy-wprowadzaja-sie-do-swoich-lokali-zdjecia\/#primaryimage"},"thumbnailUrl":"https:\/\/gorzow.news\/wp-content\/uploads\/2023\/09\/IMG_20230925_181218_2-1.jpg","keywords":["G\u00f3rczy\u0144ska","Jacek Zagrabski","S1 Gorz\u00f3w","Saller Group","Tesco"],"articleSection":["G\u00f3rczyn","Inwestycje handlowe","Wiadomo\u015bci"],"inLanguage":"pl-PL","potentialAction":[{"@type":"CommentAction","name":"Comment","target":["https:\/\/gorzow.news\/index.php\/2023\/09\/27\/s1-center-najemcy-wprowadzaja-sie-do-swoich-lokali-zdjecia\/#respond"]}]},{"@type":"WebPage","@id":"https:\/\/gorzow.news\/index.php\/2023\/09\/27\/s1-center-najemcy-wprowadzaja-sie-do-swoich-lokali-zdjecia\/","url":"https:\/\/gorzow.news\/index.php\/2023\/09\/27\/s1-center-najemcy-wprowadzaja-sie-do-swoich-lokali-zdjecia\/","name":"S1 Center: Najemcy wprowadzaj\u0105 si\u0119 do swoich lokali (zdj\u0119cia) - Gorz\u00f3w News","isPartOf":{"@id":"https:\/\/gorzow.news\/#website"},"primaryImageOfPage":{"@id":"https:\/\/gorzow.news\/index.php\/2023\/09\/27\/s1-center-najemcy-wprowadzaja-sie-do-swoich-lokali-zdjecia\/#primaryimage"},"image":{"@id":"https:\/\/gorzow.news\/index.php\/2023\/09\/27\/s1-center-najemcy-wprowadzaja-sie-do-swoich-lokali-zdjecia\/#primaryimage"},"thumbnailUrl":"https:\/\/gorzow.news\/wp-content\/uploads\/2023\/09\/IMG_20230925_181218_2-1.jpg","datePublished":"2023-09-27T12:19:47+00:00","dateModified":"2023-09-27T12:19:53+00:00","author":{"@id":"https:\/\/gorzow.news\/#\/schema\/person\/a1e5ab43166369f2ce236a1cd90995bb"},"description":"Budowa parku handlowego w pawilonie po Tesco przy ul. G\u00f3rczy\u0144skiej dobiega ko\u0144ca. W ostatnich dniach lokale w obiekcie przej\u0119\u0142a ju\u017c cz\u0119\u015b\u0107 najemc\u00f3w, kt\u00f3ra rozpocz\u0119\u0142a ich wyka\u0144czanie na w\u0142asne potrzeby. Pojawi\u0142y si\u0119 te\u017c ju\u017c pierwsze logo sklep\u00f3w. Otwarcie S1 Center Gorz\u00f3w zaplanowane jest na 15 listopada.","breadcrumb":{"@id":"https:\/\/gorzow.news\/index.php\/2023\/09\/27\/s1-center-najemcy-wprowadzaja-sie-do-swoich-lokali-zdjecia\/#breadcrumb"},"inLanguage":"pl-PL","potentialAction":[{"@type":"ReadAction","target":["https:\/\/gorzow.news\/index.php\/2023\/09\/27\/s1-center-najemcy-wprowadzaja-sie-do-swoich-lokali-zdjecia\/"]}]},{"@type":"ImageObject","inLanguage":"pl-PL","@id":"https:\/\/gorzow.news\/index.php\/2023\/09\/27\/s1-center-najemcy-wprowadzaja-sie-do-swoich-lokali-zdjecia\/#primaryimage","url":"https:\/\/gorzow.news\/wp-content\/uploads\/2023\/09\/IMG_20230925_181218_2-1.jpg","contentUrl":"https:\/\/gorzow.news\/wp-content\/uploads\/2023\/09\/IMG_20230925_181218_2-1.jpg","width":1600,"height":757,"caption":"Trwa wyka\u0144czanie lokali przez najemc\u00f3w w parku handlowym S1 Center Gorz\u00f3w przy ul. G\u00f3rczy\u0144skiej."},{"@type":"BreadcrumbList","@id":"https:\/\/gorzow.news\/index.php\/2023\/09\/27\/s1-center-najemcy-wprowadzaja-sie-do-swoich-lokali-zdjecia\/#breadcrumb","itemListElement":[{"@type":"ListItem","position":1,"name":"Home","item":"https:\/\/gorzow.news\/"},{"@type":"ListItem","position":2,"name":"S1 Center: Najemcy wprowadzaj\u0105 si\u0119 do swoich lokali (zdj\u0119cia)"}]},{"@type":"WebSite","@id":"https:\/\/gorzow.news\/#website","url":"https:\/\/gorzow.news\/","name":"Gorz\u00f3w News","description":"Sp\u00f3jrz inaczej na miato i region...","potentialAction":[{"@type":"SearchAction","target":{"@type":"EntryPoint","urlTemplate":"https:\/\/gorzow.news\/?s={search_term_string}"},"query-input":{"@type":"PropertyValueSpecification","valueRequired":true,"valueName":"search_term_string"}}],"inLanguage":"pl-PL"},{"@type":"Person","@id":"https:\/\/gorzow.news\/#\/schema\/person\/a1e5ab43166369f2ce236a1cd90995bb","name":"maciej","image":{"@type":"ImageObject","inLanguage":"pl-PL","@id":"https:\/\/secure.gravatar.com\/avatar\/530a674d56ba60cfa0ef21d74e8e8d123a51bb7aa6580465b5c2ab2c2e980a19?s=96&r=g&d=https:\/\/gorzow.news\/wp-content\/plugins\/userswp\/assets\/images\/no_profile.png","url":"https:\/\/secure.gravatar.com\/avatar\/530a674d56ba60cfa0ef21d74e8e8d123a51bb7aa6580465b5c2ab2c2e980a19?s=96&r=g&d=https:\/\/gorzow.news\/wp-content\/plugins\/userswp\/assets\/images\/no_profile.png","contentUrl":"https:\/\/secure.gravatar.com\/avatar\/530a674d56ba60cfa0ef21d74e8e8d123a51bb7aa6580465b5c2ab2c2e980a19?s=96&r=g&d=https:\/\/gorzow.news\/wp-content\/plugins\/userswp\/assets\/images\/no_profile.png","caption":"maciej"},"url":"https:\/\/gorzow.news\/index.php\/profile\/maciej\/"}]}},"_links":{"self":[{"href":"https:\/\/gorzow.news\/index.php\/wp-json\/wp\/v2\/posts\/15232","targetHints":{"allow":["GET"]}}],"collection":[{"href":"https:\/\/gorzow.news\/index.php\/wp-json\/wp\/v2\/posts"}],"about":[{"href":"https:\/\/gorzow.news\/index.php\/wp-json\/wp\/v2\/types\/post"}],"author":[{"embeddable":true,"href":"https:\/\/gorzow.news\/index.php\/wp-json\/wp\/v2\/users\/1"}],"replies":[{"embeddable":true,"href":"https:\/\/gorzow.news\/index.php\/wp-json\/wp\/v2\/comments?post=15232"}],"version-history":[{"count":1,"href":"https:\/\/gorzow.news\/index.php\/wp-json\/wp\/v2\/posts\/15232\/revisions"}],"predecessor-version":[{"id":15242,"href":"https:\/\/gorzow.news\/index.php\/wp-json\/wp\/v2\/posts\/15232\/revisions\/15242"}],"wp:featuredmedia":[{"embeddable":true,"href":"https:\/\/gorzow.news\/index.php\/wp-json\/wp\/v2\/media\/15241"}],"wp:attachment":[{"href":"https:\/\/gorzow.news\/index.php\/wp-json\/wp\/v2\/media?parent=15232"}],"wp:term":[{"taxonomy":"category","embeddable":true,"href":"https:\/\/gorzow.news\/index.php\/wp-json\/wp\/v2\/categories?post=15232"},{"taxonomy":"post_tag","embeddable":true,"href":"https:\/\/gorzow.news\/index.php\/wp-json\/wp\/v2\/tags?post=15232"}],"curies":[{"name":"wp","href":"https:\/\/api.w.org\/{rel}","templated":true}]}}