{"id":15224,"date":"2023-09-26T19:05:59","date_gmt":"2023-09-26T17:05:59","guid":{"rendered":"https:\/\/gorzow.news\/?p=15224"},"modified":"2023-09-26T19:06:00","modified_gmt":"2023-09-26T17:06:00","slug":"od-listopada-za-smieci-zaplacimy-wiecej-ile","status":"publish","type":"post","link":"https:\/\/gorzow.news\/index.php\/2023\/09\/26\/od-listopada-za-smieci-zaplacimy-wiecej-ile\/","title":{"rendered":"Od listopada za \u015bmieci zap\u0142acimy wi\u0119cej! Ile?"},"content":{"rendered":"\n<p><strong>Obecnie za \u015bmieci p\u0142acimy 32 z\u0142 za ka\u017cd\u0105 osob\u0119. Od listopada tego roku kwota ta b\u0119dzie wy\u017csza o 6 z\u0142 i wyniesie 38 z\u0142. O podniesieniu cen zdecydowa\u0142 zarz\u0105d Zwi\u0105zku Celowego Gmin MG-6. Jak uzasadniono podwy\u017cki?<\/strong><\/p>\n\n\n\n<p>&#8211; Od przysz\u0142ego roku w g\u00f3r\u0119 id\u0105 koszty wynagrodzenia pracownik\u00f3w. Na koszty przedsi\u0119biorc\u00f3w obs\u0142uguj\u0105cych wyw\u00f3z \u015bmieci wp\u0142ywaj\u0105 te\u017c inflacja, wysokie stopy bankowe, koszty energii elektrycznej i op\u0142aty \u015brodowiskowe. Musieli\u015bmy w cz\u0119\u015bci uzna\u0107 roszczenia operator\u00f3w i nie maj\u0105c wyj\u015bcia podnie\u015b\u0107 wysoko\u015b\u0107 op\u0142at &#8211; m\u00f3wi dla Radia Gorz\u00f3w <strong>Katarzyna Szczepa\u0144ska<\/strong> przewodnicz\u0105c\u0105 zarz\u0105du Zwi\u0105zku Celowego Gmin MG-6.<\/p>\n\n\n\n<p>Zwi\u0119ksz\u0105 si\u0119 te\u017c op\u0142aty za odbi\u00f3r odpad\u00f3w dla w\u0142a\u015bcicieli nieruchomo\u015bci niezamieszka\u0142ych. Za jednokrotny odbi\u00f3r \u015bmieci z pojemnika zap\u0142aci\u0107 b\u0119dzie trzeba od listopada:<br>pojemnik o pojemno\u015bci 60 litr\u00f3w \u2013 13 z\u0142<br>pojemnik o pojemno\u015bci 80 litr\u00f3w \u2013 16 z\u0142<br>pojemnik o pojemno\u015bci 120 litr\u00f3w \u2013 25 z\u0142<br>pojemnik o pojemno\u015bci 240 litr\u00f3w \u2013 50 z\u0142<br>pojemnik o pojemno\u015bci 660 litr\u00f3w \u2013 138 z\u0142<br>pojemnik o pojemno\u015bci 1100 litr\u00f3w \u2013 229 z\u0142<br>pojemnik o pojemno\u015bci 2200 litr\u00f3w &#8211; 458 z\u0142<br>pojemnik o pojemno\u015bci 2,5 m3 \u2013 521 z\u0142<br>ka\u017cde 100 litr\u00f3w pojemno\u015bci kontenera przekraczaj\u0105cego 2,5 m3 &#8211; 21 z\u0142<\/p>\n\n\n\n<p>Na terenie Gorzowa, Lubiszyna, K\u0142odawy, Deszczna, Bogda\u0144ca i Santoka \u015bmieci odbieraj\u0105 firmy: Inneko, Eko-My\u015bl i Trans-Kom. Umowa z firmami obowi\u0105zuje od 1 wrze\u015bnia 2022 przez trzy lata.<\/p>\n","protected":false},"excerpt":{"rendered":"<p>Obecnie za \u015bmieci p\u0142acimy 32 z\u0142 za ka\u017cd\u0105 osob\u0119. Od listopada tego roku kwota ta b\u0119dzie wy\u017csza o 6 z\u0142 i wyniesie 38 z\u0142. O podniesieniu cen zdecydowa\u0142 zarz\u0105d Zwi\u0105zku Celowego Gmin MG-6. Jak uzasadniono podwy\u017cki? &#8211; Od przysz\u0142ego roku w g\u00f3r\u0119 id\u0105 koszty wynagrodzenia pracownik\u00f3w. Na koszty przedsi\u0119biorc\u00f3w obs\u0142uguj\u0105cych wyw\u00f3z \u015bmieci wp\u0142ywaj\u0105 te\u017c inflacja, [&hellip;]<\/p>\n","protected":false},"author":1,"featured_media":15225,"comment_status":"open","ping_status":"open","sticky":false,"template":"","format":"standard","meta":{"footnotes":"","_links_to":"","_links_to_target":""},"categories":[597,589],"tags":[970,192,2402,1178,2403,253],"class_list":{"0":"post-15224","1":"post","2":"type-post","3":"status-publish","4":"format-standard","5":"has-post-thumbnail","7":"category-fakty-opinie","8":"category-wiadomosci","9":"tag-eko-mysl","10":"tag-inneko","11":"tag-katarzyna-szczepanska","12":"tag-smieci","13":"tag-trans-kom","14":"tag-zwiazek-celowy-gmin-mg-6"},"yoast_head":"<!-- This site is optimized with the Yoast SEO plugin v27.3 - https:\/\/yoast.com\/product\/yoast-seo-wordpress\/ -->\n<title>Od listopada za \u015bmieci zap\u0142acimy wi\u0119cej! Ile? - Gorz\u00f3w News<\/title>\n<meta name=\"description\" content=\"Obecnie za \u015bmieci p\u0142acimy 32 z\u0142 za ka\u017cd\u0105 osob\u0119. Od listopada tego roku kwota ta b\u0119dzie wy\u017csza o 6 z\u0142 i wyniesie 38 z\u0142. O podniesieniu cen zd\" \/>\n<meta name=\"robots\" content=\"index, follow, max-snippet:-1, max-image-preview:large, max-video-preview:-1\" \/>\n<link rel=\"canonical\" href=\"https:\/\/gorzow.news\/index.php\/2023\/09\/26\/od-listopada-za-smieci-zaplacimy-wiecej-ile\/\" \/>\n<meta property=\"og:locale\" content=\"pl_PL\" \/>\n<meta property=\"og:type\" content=\"article\" \/>\n<meta property=\"og:title\" content=\"Od listopada za \u015bmieci zap\u0142acimy wi\u0119cej! Ile? - Gorz\u00f3w News\" \/>\n<meta property=\"og:description\" content=\"Obecnie za \u015bmieci p\u0142acimy 32 z\u0142 za ka\u017cd\u0105 osob\u0119. Od listopada tego roku kwota ta b\u0119dzie wy\u017csza o 6 z\u0142 i wyniesie 38 z\u0142. O podniesieniu cen zd\" \/>\n<meta property=\"og:url\" content=\"https:\/\/gorzow.news\/index.php\/2023\/09\/26\/od-listopada-za-smieci-zaplacimy-wiecej-ile\/\" \/>\n<meta property=\"og:site_name\" content=\"Gorz\u00f3w News\" \/>\n<meta property=\"article:publisher\" content=\"https:\/\/www.facebook.com\/gorzowskinews\" \/>\n<meta property=\"article:published_time\" content=\"2023-09-26T17:05:59+00:00\" \/>\n<meta property=\"article:modified_time\" content=\"2023-09-26T17:06:00+00:00\" \/>\n<meta property=\"og:image\" content=\"https:\/\/gorzow.news\/wp-content\/uploads\/2023\/09\/smieci.jpg\" \/>\n\t<meta property=\"og:image:width\" content=\"1600\" \/>\n\t<meta property=\"og:image:height\" content=\"757\" \/>\n\t<meta property=\"og:image:type\" content=\"image\/jpeg\" \/>\n<meta name=\"author\" content=\"maciej\" \/>\n<meta name=\"twitter:card\" content=\"summary_large_image\" \/>\n<meta name=\"twitter:label1\" content=\"Napisane przez\" \/>\n\t<meta name=\"twitter:data1\" content=\"maciej\" \/>\n\t<meta name=\"twitter:label2\" content=\"Szacowany czas czytania\" \/>\n\t<meta name=\"twitter:data2\" content=\"2 minuty\" \/>\n<script type=\"application\/ld+json\" class=\"yoast-schema-graph\">{\"@context\":\"https:\\\/\\\/schema.org\",\"@graph\":[{\"@type\":\"Article\",\"@id\":\"https:\\\/\\\/gorzow.news\\\/index.php\\\/2023\\\/09\\\/26\\\/od-listopada-za-smieci-zaplacimy-wiecej-ile\\\/#article\",\"isPartOf\":{\"@id\":\"https:\\\/\\\/gorzow.news\\\/index.php\\\/2023\\\/09\\\/26\\\/od-listopada-za-smieci-zaplacimy-wiecej-ile\\\/\"},\"author\":{\"name\":\"maciej\",\"@id\":\"https:\\\/\\\/gorzow.news\\\/#\\\/schema\\\/person\\\/a1e5ab43166369f2ce236a1cd90995bb\"},\"headline\":\"Od listopada za \u015bmieci zap\u0142acimy wi\u0119cej! Ile?\",\"datePublished\":\"2023-09-26T17:05:59+00:00\",\"dateModified\":\"2023-09-26T17:06:00+00:00\",\"mainEntityOfPage\":{\"@id\":\"https:\\\/\\\/gorzow.news\\\/index.php\\\/2023\\\/09\\\/26\\\/od-listopada-za-smieci-zaplacimy-wiecej-ile\\\/\"},\"wordCount\":256,\"commentCount\":0,\"image\":{\"@id\":\"https:\\\/\\\/gorzow.news\\\/index.php\\\/2023\\\/09\\\/26\\\/od-listopada-za-smieci-zaplacimy-wiecej-ile\\\/#primaryimage\"},\"thumbnailUrl\":\"https:\\\/\\\/gorzow.news\\\/wp-content\\\/uploads\\\/2023\\\/09\\\/smieci.jpg\",\"keywords\":[\"Eko-My\u015bl\",\"Inneko\",\"Katarzyna Szczepa\u0144ska\",\"\u015bmieci\",\"Trans-Kom\",\"Zwi\u0105zek Celowy Gmin MG-6\"],\"articleSection\":[\"Fakty i opinie\",\"Wiadomo\u015bci\"],\"inLanguage\":\"pl-PL\",\"potentialAction\":[{\"@type\":\"CommentAction\",\"name\":\"Comment\",\"target\":[\"https:\\\/\\\/gorzow.news\\\/index.php\\\/2023\\\/09\\\/26\\\/od-listopada-za-smieci-zaplacimy-wiecej-ile\\\/#respond\"]}]},{\"@type\":\"WebPage\",\"@id\":\"https:\\\/\\\/gorzow.news\\\/index.php\\\/2023\\\/09\\\/26\\\/od-listopada-za-smieci-zaplacimy-wiecej-ile\\\/\",\"url\":\"https:\\\/\\\/gorzow.news\\\/index.php\\\/2023\\\/09\\\/26\\\/od-listopada-za-smieci-zaplacimy-wiecej-ile\\\/\",\"name\":\"Od listopada za \u015bmieci zap\u0142acimy wi\u0119cej! Ile? - Gorz\u00f3w News\",\"isPartOf\":{\"@id\":\"https:\\\/\\\/gorzow.news\\\/#website\"},\"primaryImageOfPage\":{\"@id\":\"https:\\\/\\\/gorzow.news\\\/index.php\\\/2023\\\/09\\\/26\\\/od-listopada-za-smieci-zaplacimy-wiecej-ile\\\/#primaryimage\"},\"image\":{\"@id\":\"https:\\\/\\\/gorzow.news\\\/index.php\\\/2023\\\/09\\\/26\\\/od-listopada-za-smieci-zaplacimy-wiecej-ile\\\/#primaryimage\"},\"thumbnailUrl\":\"https:\\\/\\\/gorzow.news\\\/wp-content\\\/uploads\\\/2023\\\/09\\\/smieci.jpg\",\"datePublished\":\"2023-09-26T17:05:59+00:00\",\"dateModified\":\"2023-09-26T17:06:00+00:00\",\"author\":{\"@id\":\"https:\\\/\\\/gorzow.news\\\/#\\\/schema\\\/person\\\/a1e5ab43166369f2ce236a1cd90995bb\"},\"description\":\"Obecnie za \u015bmieci p\u0142acimy 32 z\u0142 za ka\u017cd\u0105 osob\u0119. Od listopada tego roku kwota ta b\u0119dzie wy\u017csza o 6 z\u0142 i wyniesie 38 z\u0142. O podniesieniu cen zdecydowa\u0142 zarz\u0105d Zwi\u0105zku Celowego Gmin MG-6. Jak uzasadniono podwy\u017cki?\",\"breadcrumb\":{\"@id\":\"https:\\\/\\\/gorzow.news\\\/index.php\\\/2023\\\/09\\\/26\\\/od-listopada-za-smieci-zaplacimy-wiecej-ile\\\/#breadcrumb\"},\"inLanguage\":\"pl-PL\",\"potentialAction\":[{\"@type\":\"ReadAction\",\"target\":[\"https:\\\/\\\/gorzow.news\\\/index.php\\\/2023\\\/09\\\/26\\\/od-listopada-za-smieci-zaplacimy-wiecej-ile\\\/\"]}]},{\"@type\":\"ImageObject\",\"inLanguage\":\"pl-PL\",\"@id\":\"https:\\\/\\\/gorzow.news\\\/index.php\\\/2023\\\/09\\\/26\\\/od-listopada-za-smieci-zaplacimy-wiecej-ile\\\/#primaryimage\",\"url\":\"https:\\\/\\\/gorzow.news\\\/wp-content\\\/uploads\\\/2023\\\/09\\\/smieci.jpg\",\"contentUrl\":\"https:\\\/\\\/gorzow.news\\\/wp-content\\\/uploads\\\/2023\\\/09\\\/smieci.jpg\",\"width\":1600,\"height\":757,\"caption\":\"Za \u015bmieci ju\u017c od listopada zap\u0142acimy wi\u0119cej!\"},{\"@type\":\"BreadcrumbList\",\"@id\":\"https:\\\/\\\/gorzow.news\\\/index.php\\\/2023\\\/09\\\/26\\\/od-listopada-za-smieci-zaplacimy-wiecej-ile\\\/#breadcrumb\",\"itemListElement\":[{\"@type\":\"ListItem\",\"position\":1,\"name\":\"Home\",\"item\":\"https:\\\/\\\/gorzow.news\\\/\"},{\"@type\":\"ListItem\",\"position\":2,\"name\":\"Od listopada za \u015bmieci zap\u0142acimy wi\u0119cej! Ile?\"}]},{\"@type\":\"WebSite\",\"@id\":\"https:\\\/\\\/gorzow.news\\\/#website\",\"url\":\"https:\\\/\\\/gorzow.news\\\/\",\"name\":\"Gorz\u00f3w News\",\"description\":\"Sp\u00f3jrz inaczej na miato i region...\",\"potentialAction\":[{\"@type\":\"SearchAction\",\"target\":{\"@type\":\"EntryPoint\",\"urlTemplate\":\"https:\\\/\\\/gorzow.news\\\/?s={search_term_string}\"},\"query-input\":{\"@type\":\"PropertyValueSpecification\",\"valueRequired\":true,\"valueName\":\"search_term_string\"}}],\"inLanguage\":\"pl-PL\"},{\"@type\":\"Person\",\"@id\":\"https:\\\/\\\/gorzow.news\\\/#\\\/schema\\\/person\\\/a1e5ab43166369f2ce236a1cd90995bb\",\"name\":\"maciej\",\"image\":{\"@type\":\"ImageObject\",\"inLanguage\":\"pl-PL\",\"@id\":\"https:\\\/\\\/secure.gravatar.com\\\/avatar\\\/530a674d56ba60cfa0ef21d74e8e8d123a51bb7aa6580465b5c2ab2c2e980a19?s=96&r=g&d=https:\\\/\\\/gorzow.news\\\/wp-content\\\/plugins\\\/userswp\\\/assets\\\/images\\\/no_profile.png\",\"url\":\"https:\\\/\\\/secure.gravatar.com\\\/avatar\\\/530a674d56ba60cfa0ef21d74e8e8d123a51bb7aa6580465b5c2ab2c2e980a19?s=96&r=g&d=https:\\\/\\\/gorzow.news\\\/wp-content\\\/plugins\\\/userswp\\\/assets\\\/images\\\/no_profile.png\",\"contentUrl\":\"https:\\\/\\\/secure.gravatar.com\\\/avatar\\\/530a674d56ba60cfa0ef21d74e8e8d123a51bb7aa6580465b5c2ab2c2e980a19?s=96&r=g&d=https:\\\/\\\/gorzow.news\\\/wp-content\\\/plugins\\\/userswp\\\/assets\\\/images\\\/no_profile.png\",\"caption\":\"maciej\"},\"url\":\"https:\\\/\\\/gorzow.news\\\/index.php\\\/profile\\\/maciej\\\/\"}]}<\/script>\n<!-- \/ Yoast SEO plugin. -->","yoast_head_json":{"title":"Od listopada za \u015bmieci zap\u0142acimy wi\u0119cej! Ile? - Gorz\u00f3w News","description":"Obecnie za \u015bmieci p\u0142acimy 32 z\u0142 za ka\u017cd\u0105 osob\u0119. Od listopada tego roku kwota ta b\u0119dzie wy\u017csza o 6 z\u0142 i wyniesie 38 z\u0142. O podniesieniu cen zd","robots":{"index":"index","follow":"follow","max-snippet":"max-snippet:-1","max-image-preview":"max-image-preview:large","max-video-preview":"max-video-preview:-1"},"canonical":"https:\/\/gorzow.news\/index.php\/2023\/09\/26\/od-listopada-za-smieci-zaplacimy-wiecej-ile\/","og_locale":"pl_PL","og_type":"article","og_title":"Od listopada za \u015bmieci zap\u0142acimy wi\u0119cej! Ile? - Gorz\u00f3w News","og_description":"Obecnie za \u015bmieci p\u0142acimy 32 z\u0142 za ka\u017cd\u0105 osob\u0119. Od listopada tego roku kwota ta b\u0119dzie wy\u017csza o 6 z\u0142 i wyniesie 38 z\u0142. O podniesieniu cen zd","og_url":"https:\/\/gorzow.news\/index.php\/2023\/09\/26\/od-listopada-za-smieci-zaplacimy-wiecej-ile\/","og_site_name":"Gorz\u00f3w News","article_publisher":"https:\/\/www.facebook.com\/gorzowskinews","article_published_time":"2023-09-26T17:05:59+00:00","article_modified_time":"2023-09-26T17:06:00+00:00","og_image":[{"width":1600,"height":757,"url":"https:\/\/gorzow.news\/wp-content\/uploads\/2023\/09\/smieci.jpg","type":"image\/jpeg"}],"author":"maciej","twitter_card":"summary_large_image","twitter_misc":{"Napisane przez":"maciej","Szacowany czas czytania":"2 minuty"},"schema":{"@context":"https:\/\/schema.org","@graph":[{"@type":"Article","@id":"https:\/\/gorzow.news\/index.php\/2023\/09\/26\/od-listopada-za-smieci-zaplacimy-wiecej-ile\/#article","isPartOf":{"@id":"https:\/\/gorzow.news\/index.php\/2023\/09\/26\/od-listopada-za-smieci-zaplacimy-wiecej-ile\/"},"author":{"name":"maciej","@id":"https:\/\/gorzow.news\/#\/schema\/person\/a1e5ab43166369f2ce236a1cd90995bb"},"headline":"Od listopada za \u015bmieci zap\u0142acimy wi\u0119cej! Ile?","datePublished":"2023-09-26T17:05:59+00:00","dateModified":"2023-09-26T17:06:00+00:00","mainEntityOfPage":{"@id":"https:\/\/gorzow.news\/index.php\/2023\/09\/26\/od-listopada-za-smieci-zaplacimy-wiecej-ile\/"},"wordCount":256,"commentCount":0,"image":{"@id":"https:\/\/gorzow.news\/index.php\/2023\/09\/26\/od-listopada-za-smieci-zaplacimy-wiecej-ile\/#primaryimage"},"thumbnailUrl":"https:\/\/gorzow.news\/wp-content\/uploads\/2023\/09\/smieci.jpg","keywords":["Eko-My\u015bl","Inneko","Katarzyna Szczepa\u0144ska","\u015bmieci","Trans-Kom","Zwi\u0105zek Celowy Gmin MG-6"],"articleSection":["Fakty i opinie","Wiadomo\u015bci"],"inLanguage":"pl-PL","potentialAction":[{"@type":"CommentAction","name":"Comment","target":["https:\/\/gorzow.news\/index.php\/2023\/09\/26\/od-listopada-za-smieci-zaplacimy-wiecej-ile\/#respond"]}]},{"@type":"WebPage","@id":"https:\/\/gorzow.news\/index.php\/2023\/09\/26\/od-listopada-za-smieci-zaplacimy-wiecej-ile\/","url":"https:\/\/gorzow.news\/index.php\/2023\/09\/26\/od-listopada-za-smieci-zaplacimy-wiecej-ile\/","name":"Od listopada za \u015bmieci zap\u0142acimy wi\u0119cej! Ile? - Gorz\u00f3w News","isPartOf":{"@id":"https:\/\/gorzow.news\/#website"},"primaryImageOfPage":{"@id":"https:\/\/gorzow.news\/index.php\/2023\/09\/26\/od-listopada-za-smieci-zaplacimy-wiecej-ile\/#primaryimage"},"image":{"@id":"https:\/\/gorzow.news\/index.php\/2023\/09\/26\/od-listopada-za-smieci-zaplacimy-wiecej-ile\/#primaryimage"},"thumbnailUrl":"https:\/\/gorzow.news\/wp-content\/uploads\/2023\/09\/smieci.jpg","datePublished":"2023-09-26T17:05:59+00:00","dateModified":"2023-09-26T17:06:00+00:00","author":{"@id":"https:\/\/gorzow.news\/#\/schema\/person\/a1e5ab43166369f2ce236a1cd90995bb"},"description":"Obecnie za \u015bmieci p\u0142acimy 32 z\u0142 za ka\u017cd\u0105 osob\u0119. Od listopada tego roku kwota ta b\u0119dzie wy\u017csza o 6 z\u0142 i wyniesie 38 z\u0142. O podniesieniu cen zdecydowa\u0142 zarz\u0105d Zwi\u0105zku Celowego Gmin MG-6. Jak uzasadniono podwy\u017cki?","breadcrumb":{"@id":"https:\/\/gorzow.news\/index.php\/2023\/09\/26\/od-listopada-za-smieci-zaplacimy-wiecej-ile\/#breadcrumb"},"inLanguage":"pl-PL","potentialAction":[{"@type":"ReadAction","target":["https:\/\/gorzow.news\/index.php\/2023\/09\/26\/od-listopada-za-smieci-zaplacimy-wiecej-ile\/"]}]},{"@type":"ImageObject","inLanguage":"pl-PL","@id":"https:\/\/gorzow.news\/index.php\/2023\/09\/26\/od-listopada-za-smieci-zaplacimy-wiecej-ile\/#primaryimage","url":"https:\/\/gorzow.news\/wp-content\/uploads\/2023\/09\/smieci.jpg","contentUrl":"https:\/\/gorzow.news\/wp-content\/uploads\/2023\/09\/smieci.jpg","width":1600,"height":757,"caption":"Za \u015bmieci ju\u017c od listopada zap\u0142acimy wi\u0119cej!"},{"@type":"BreadcrumbList","@id":"https:\/\/gorzow.news\/index.php\/2023\/09\/26\/od-listopada-za-smieci-zaplacimy-wiecej-ile\/#breadcrumb","itemListElement":[{"@type":"ListItem","position":1,"name":"Home","item":"https:\/\/gorzow.news\/"},{"@type":"ListItem","position":2,"name":"Od listopada za \u015bmieci zap\u0142acimy wi\u0119cej! Ile?"}]},{"@type":"WebSite","@id":"https:\/\/gorzow.news\/#website","url":"https:\/\/gorzow.news\/","name":"Gorz\u00f3w News","description":"Sp\u00f3jrz inaczej na miato i region...","potentialAction":[{"@type":"SearchAction","target":{"@type":"EntryPoint","urlTemplate":"https:\/\/gorzow.news\/?s={search_term_string}"},"query-input":{"@type":"PropertyValueSpecification","valueRequired":true,"valueName":"search_term_string"}}],"inLanguage":"pl-PL"},{"@type":"Person","@id":"https:\/\/gorzow.news\/#\/schema\/person\/a1e5ab43166369f2ce236a1cd90995bb","name":"maciej","image":{"@type":"ImageObject","inLanguage":"pl-PL","@id":"https:\/\/secure.gravatar.com\/avatar\/530a674d56ba60cfa0ef21d74e8e8d123a51bb7aa6580465b5c2ab2c2e980a19?s=96&r=g&d=https:\/\/gorzow.news\/wp-content\/plugins\/userswp\/assets\/images\/no_profile.png","url":"https:\/\/secure.gravatar.com\/avatar\/530a674d56ba60cfa0ef21d74e8e8d123a51bb7aa6580465b5c2ab2c2e980a19?s=96&r=g&d=https:\/\/gorzow.news\/wp-content\/plugins\/userswp\/assets\/images\/no_profile.png","contentUrl":"https:\/\/secure.gravatar.com\/avatar\/530a674d56ba60cfa0ef21d74e8e8d123a51bb7aa6580465b5c2ab2c2e980a19?s=96&r=g&d=https:\/\/gorzow.news\/wp-content\/plugins\/userswp\/assets\/images\/no_profile.png","caption":"maciej"},"url":"https:\/\/gorzow.news\/index.php\/profile\/maciej\/"}]}},"_links":{"self":[{"href":"https:\/\/gorzow.news\/index.php\/wp-json\/wp\/v2\/posts\/15224","targetHints":{"allow":["GET"]}}],"collection":[{"href":"https:\/\/gorzow.news\/index.php\/wp-json\/wp\/v2\/posts"}],"about":[{"href":"https:\/\/gorzow.news\/index.php\/wp-json\/wp\/v2\/types\/post"}],"author":[{"embeddable":true,"href":"https:\/\/gorzow.news\/index.php\/wp-json\/wp\/v2\/users\/1"}],"replies":[{"embeddable":true,"href":"https:\/\/gorzow.news\/index.php\/wp-json\/wp\/v2\/comments?post=15224"}],"version-history":[{"count":1,"href":"https:\/\/gorzow.news\/index.php\/wp-json\/wp\/v2\/posts\/15224\/revisions"}],"predecessor-version":[{"id":15226,"href":"https:\/\/gorzow.news\/index.php\/wp-json\/wp\/v2\/posts\/15224\/revisions\/15226"}],"wp:featuredmedia":[{"embeddable":true,"href":"https:\/\/gorzow.news\/index.php\/wp-json\/wp\/v2\/media\/15225"}],"wp:attachment":[{"href":"https:\/\/gorzow.news\/index.php\/wp-json\/wp\/v2\/media?parent=15224"}],"wp:term":[{"taxonomy":"category","embeddable":true,"href":"https:\/\/gorzow.news\/index.php\/wp-json\/wp\/v2\/categories?post=15224"},{"taxonomy":"post_tag","embeddable":true,"href":"https:\/\/gorzow.news\/index.php\/wp-json\/wp\/v2\/tags?post=15224"}],"curies":[{"name":"wp","href":"https:\/\/api.w.org\/{rel}","templated":true}]}}