{"id":1511,"date":"2021-06-24T13:18:23","date_gmt":"2021-06-24T11:18:23","guid":{"rendered":"https:\/\/gorzow.news\/?p=1511"},"modified":"2022-01-13T14:02:56","modified_gmt":"2022-01-13T13:02:56","slug":"fontanna-w-holu-pod-dominanta-nie-zostanie-uruchomiona-w-najblizszym-czasie","status":"publish","type":"post","link":"https:\/\/gorzow.news\/index.php\/2021\/06\/24\/fontanna-w-holu-pod-dominanta-nie-zostanie-uruchomiona-w-najblizszym-czasie\/","title":{"rendered":"Fontanna w holu pod Dominant\u0105 nie zostanie uruchomiona w najbli\u017cszym czasie!"},"content":{"rendered":"\n<p><strong>Kilka dni temu dostali\u015bmy informacje od czytelnika, \u017ce fontanna w Dominancie zosta\u0142a zdewastowana i nie dzia\u0142a. Dzi\u015b ju\u017c wiemy, \u017ce koszt naprawy fontanny jest na tyle du\u017cy, \u017ce nie mo\u017cna okre\u015bli\u0107 terminu jej naprawy.<\/strong><\/p>\n\n\n\n<p>&#8211; Przechodz\u0119 pod Dominant\u0105 codziennie i razi mnie widok niedzia\u0142aj\u0105cej fontanny. Jaki\u015b czas temu zosta\u0142a dodatkowo popisana. Wygl\u0105da to strasznie &#8211; napisa\u0142 na nasz\u0105 skrzynk\u0119 redakcyjn\u0105 pan <strong>Tomasz<\/strong>.<\/p>\n\n\n\n<p>O niedzia\u0142aj\u0105c\u0105 fontann\u0119 w kszta\u0142cie kuli ze sp\u0142ywaj\u0105c\u0105 wcze\u015bniej po niej wod\u0105 zapytali\u015bmy w O\u015brodku Sportu i Rekreacji, kt\u00f3ry zarz\u0105dza obiektem zwanym tak\u017ce Info Glob.<\/p>\n\n\n\n<p>&#8211; Rzeczywi\u015bcie fontanna nie dzia\u0142a w spos\u00f3b prawid\u0142owy. Spowodowane jest to prawdopodobnie rozszczelnieniem instalacji doprowadzaj\u0105cej wod\u0119 do fontanny, co powoduje znaczny wyciek wody poza fontann\u0119. Zakres prac niezb\u0119dnych do osuni\u0119cia awarii jest jednak na tyle du\u017cy, \u017ce OSiR nie posiada w tej chwili \u015brodk\u00f3w na jej napraw\u0119, tym samym nie jest mo\u017cliwe wskazanie realnego terminu jej naprawy &#8211; m\u00f3wi nam <strong>W\u0142odzimierz R\u00f3j<\/strong>, dyrektor O\u015brodka Sportu i Rekreacji.<\/p>\n\n\n\n<p>&#8211; Fontanna zosta\u0142a r\u00f3wnie\u017c oszpecona r\u00f3\u017cnymi napisami i rysunkami. Z tym problemem spotykamy si\u0119 w ca\u0142ej Polsce. Niemniej jednak fontanna zosta\u0142a ponownie odmalowana &#8211; dodaje R\u00f3j.<\/p>\n\n\n\n<figure class=\"wp-block-image size-large\"><img loading=\"lazy\" decoding=\"async\" width=\"1024\" height=\"576\" src=\"https:\/\/gorzow.news\/wp-content\/uploads\/2021\/06\/IMG_20210618_124011-1024x576.jpg\" alt=\"\" class=\"wp-image-1513\" srcset=\"https:\/\/gorzow.news\/wp-content\/uploads\/2021\/06\/IMG_20210618_124011-1024x576.jpg 1024w, https:\/\/gorzow.news\/wp-content\/uploads\/2021\/06\/IMG_20210618_124011-300x169.jpg 300w, https:\/\/gorzow.news\/wp-content\/uploads\/2021\/06\/IMG_20210618_124011-768x432.jpg 768w, https:\/\/gorzow.news\/wp-content\/uploads\/2021\/06\/IMG_20210618_124011-1536x864.jpg 1536w, https:\/\/gorzow.news\/wp-content\/uploads\/2021\/06\/IMG_20210618_124011-696x391.jpg 696w, https:\/\/gorzow.news\/wp-content\/uploads\/2021\/06\/IMG_20210618_124011-1068x601.jpg 1068w, https:\/\/gorzow.news\/wp-content\/uploads\/2021\/06\/IMG_20210618_124011.jpg 1698w\" sizes=\"auto, (max-width: 1024px) 100vw, 1024px\" \/><\/figure>\n\n\n\n<p><\/p>\n","protected":false},"excerpt":{"rendered":"<p>Kilka dni temu dostali\u015bmy informacje od czytelnika, \u017ce fontanna w Dominancie zosta\u0142a zdewastowana i nie dzia\u0142a. Dzi\u015b ju\u017c wiemy, \u017ce koszt naprawy fontanny jest na tyle du\u017cy, \u017ce nie mo\u017cna okre\u015bli\u0107 terminu jej naprawy.<\/p>\n","protected":false},"author":1,"featured_media":1512,"comment_status":"open","ping_status":"open","sticky":false,"template":"","format":"standard","meta":{"footnotes":"","_links_to":"","_links_to_target":""},"categories":[597,589],"tags":[319,121,320,102,321],"class_list":{"0":"post-1511","1":"post","2":"type-post","3":"status-publish","4":"format-standard","5":"has-post-thumbnail","7":"category-fakty-opinie","8":"category-wiadomosci","9":"tag-dominanta","10":"tag-fontanna","11":"tag-info-glob","12":"tag-osir","13":"tag-wlodzimierz-roj"},"yoast_head":"<!-- This site is optimized with the Yoast SEO plugin v27.3 - https:\/\/yoast.com\/product\/yoast-seo-wordpress\/ -->\n<title>Fontanna w holu pod Dominant\u0105 nie zostanie uruchomiona w najbli\u017cszym czasie! - Gorz\u00f3w News<\/title>\n<meta name=\"robots\" content=\"index, follow, max-snippet:-1, max-image-preview:large, max-video-preview:-1\" \/>\n<link rel=\"canonical\" href=\"https:\/\/gorzow.news\/index.php\/2021\/06\/24\/fontanna-w-holu-pod-dominanta-nie-zostanie-uruchomiona-w-najblizszym-czasie\/\" \/>\n<meta property=\"og:locale\" content=\"pl_PL\" \/>\n<meta property=\"og:type\" content=\"article\" \/>\n<meta property=\"og:title\" content=\"Fontanna w holu pod Dominant\u0105 nie zostanie uruchomiona w najbli\u017cszym czasie! - Gorz\u00f3w News\" \/>\n<meta property=\"og:description\" content=\"Kilka dni temu dostali\u015bmy informacje od czytelnika, \u017ce fontanna w Dominancie zosta\u0142a zdewastowana i nie dzia\u0142a. Dzi\u015b ju\u017c wiemy, \u017ce koszt napraw\" \/>\n<meta property=\"og:url\" content=\"https:\/\/gorzow.news\/index.php\/2021\/06\/24\/fontanna-w-holu-pod-dominanta-nie-zostanie-uruchomiona-w-najblizszym-czasie\/\" \/>\n<meta property=\"og:site_name\" content=\"Gorz\u00f3w News\" \/>\n<meta property=\"article:publisher\" content=\"https:\/\/www.facebook.com\/gorzowskinews\" \/>\n<meta property=\"article:published_time\" content=\"2021-06-24T11:18:23+00:00\" \/>\n<meta property=\"article:modified_time\" content=\"2022-01-13T13:02:56+00:00\" \/>\n<meta property=\"og:image\" content=\"https:\/\/gorzow.news\/wp-content\/uploads\/2021\/06\/IMG_20210618_123959-scaled.jpg?v=1624533329\" \/>\n\t<meta property=\"og:image:width\" content=\"2560\" \/>\n\t<meta property=\"og:image:height\" content=\"1280\" \/>\n\t<meta property=\"og:image:type\" content=\"image\/jpeg\" \/>\n<meta name=\"author\" content=\"maciej\" \/>\n<meta name=\"twitter:card\" content=\"summary_large_image\" \/>\n<meta name=\"twitter:label1\" content=\"Napisane przez\" \/>\n\t<meta name=\"twitter:data1\" content=\"maciej\" \/>\n\t<meta name=\"twitter:label2\" content=\"Szacowany czas czytania\" \/>\n\t<meta name=\"twitter:data2\" content=\"2 minuty\" \/>\n<script type=\"application\/ld+json\" class=\"yoast-schema-graph\">{\"@context\":\"https:\\\/\\\/schema.org\",\"@graph\":[{\"@type\":\"Article\",\"@id\":\"https:\\\/\\\/gorzow.news\\\/index.php\\\/2021\\\/06\\\/24\\\/fontanna-w-holu-pod-dominanta-nie-zostanie-uruchomiona-w-najblizszym-czasie\\\/#article\",\"isPartOf\":{\"@id\":\"https:\\\/\\\/gorzow.news\\\/index.php\\\/2021\\\/06\\\/24\\\/fontanna-w-holu-pod-dominanta-nie-zostanie-uruchomiona-w-najblizszym-czasie\\\/\"},\"author\":{\"name\":\"maciej\",\"@id\":\"https:\\\/\\\/gorzow.news\\\/#\\\/schema\\\/person\\\/a1e5ab43166369f2ce236a1cd90995bb\"},\"headline\":\"Fontanna w holu pod Dominant\u0105 nie zostanie uruchomiona w najbli\u017cszym czasie!\",\"datePublished\":\"2021-06-24T11:18:23+00:00\",\"dateModified\":\"2022-01-13T13:02:56+00:00\",\"mainEntityOfPage\":{\"@id\":\"https:\\\/\\\/gorzow.news\\\/index.php\\\/2021\\\/06\\\/24\\\/fontanna-w-holu-pod-dominanta-nie-zostanie-uruchomiona-w-najblizszym-czasie\\\/\"},\"wordCount\":233,\"commentCount\":0,\"image\":{\"@id\":\"https:\\\/\\\/gorzow.news\\\/index.php\\\/2021\\\/06\\\/24\\\/fontanna-w-holu-pod-dominanta-nie-zostanie-uruchomiona-w-najblizszym-czasie\\\/#primaryimage\"},\"thumbnailUrl\":\"https:\\\/\\\/gorzow.news\\\/wp-content\\\/uploads\\\/2021\\\/06\\\/IMG_20210618_123959-scaled.jpg\",\"keywords\":[\"Dominanta\",\"fontanna\",\"Info Glob\",\"OSiR\",\"W\u0142odzimierz R\u00f3j\"],\"articleSection\":[\"Fakty i opinie\",\"Wiadomo\u015bci\"],\"inLanguage\":\"pl-PL\",\"potentialAction\":[{\"@type\":\"CommentAction\",\"name\":\"Comment\",\"target\":[\"https:\\\/\\\/gorzow.news\\\/index.php\\\/2021\\\/06\\\/24\\\/fontanna-w-holu-pod-dominanta-nie-zostanie-uruchomiona-w-najblizszym-czasie\\\/#respond\"]}]},{\"@type\":\"WebPage\",\"@id\":\"https:\\\/\\\/gorzow.news\\\/index.php\\\/2021\\\/06\\\/24\\\/fontanna-w-holu-pod-dominanta-nie-zostanie-uruchomiona-w-najblizszym-czasie\\\/\",\"url\":\"https:\\\/\\\/gorzow.news\\\/index.php\\\/2021\\\/06\\\/24\\\/fontanna-w-holu-pod-dominanta-nie-zostanie-uruchomiona-w-najblizszym-czasie\\\/\",\"name\":\"Fontanna w holu pod Dominant\u0105 nie zostanie uruchomiona w najbli\u017cszym czasie! - Gorz\u00f3w News\",\"isPartOf\":{\"@id\":\"https:\\\/\\\/gorzow.news\\\/#website\"},\"primaryImageOfPage\":{\"@id\":\"https:\\\/\\\/gorzow.news\\\/index.php\\\/2021\\\/06\\\/24\\\/fontanna-w-holu-pod-dominanta-nie-zostanie-uruchomiona-w-najblizszym-czasie\\\/#primaryimage\"},\"image\":{\"@id\":\"https:\\\/\\\/gorzow.news\\\/index.php\\\/2021\\\/06\\\/24\\\/fontanna-w-holu-pod-dominanta-nie-zostanie-uruchomiona-w-najblizszym-czasie\\\/#primaryimage\"},\"thumbnailUrl\":\"https:\\\/\\\/gorzow.news\\\/wp-content\\\/uploads\\\/2021\\\/06\\\/IMG_20210618_123959-scaled.jpg\",\"datePublished\":\"2021-06-24T11:18:23+00:00\",\"dateModified\":\"2022-01-13T13:02:56+00:00\",\"author\":{\"@id\":\"https:\\\/\\\/gorzow.news\\\/#\\\/schema\\\/person\\\/a1e5ab43166369f2ce236a1cd90995bb\"},\"breadcrumb\":{\"@id\":\"https:\\\/\\\/gorzow.news\\\/index.php\\\/2021\\\/06\\\/24\\\/fontanna-w-holu-pod-dominanta-nie-zostanie-uruchomiona-w-najblizszym-czasie\\\/#breadcrumb\"},\"inLanguage\":\"pl-PL\",\"potentialAction\":[{\"@type\":\"ReadAction\",\"target\":[\"https:\\\/\\\/gorzow.news\\\/index.php\\\/2021\\\/06\\\/24\\\/fontanna-w-holu-pod-dominanta-nie-zostanie-uruchomiona-w-najblizszym-czasie\\\/\"]}]},{\"@type\":\"ImageObject\",\"inLanguage\":\"pl-PL\",\"@id\":\"https:\\\/\\\/gorzow.news\\\/index.php\\\/2021\\\/06\\\/24\\\/fontanna-w-holu-pod-dominanta-nie-zostanie-uruchomiona-w-najblizszym-czasie\\\/#primaryimage\",\"url\":\"https:\\\/\\\/gorzow.news\\\/wp-content\\\/uploads\\\/2021\\\/06\\\/IMG_20210618_123959-scaled.jpg\",\"contentUrl\":\"https:\\\/\\\/gorzow.news\\\/wp-content\\\/uploads\\\/2021\\\/06\\\/IMG_20210618_123959-scaled.jpg\",\"width\":2560,\"height\":1280},{\"@type\":\"BreadcrumbList\",\"@id\":\"https:\\\/\\\/gorzow.news\\\/index.php\\\/2021\\\/06\\\/24\\\/fontanna-w-holu-pod-dominanta-nie-zostanie-uruchomiona-w-najblizszym-czasie\\\/#breadcrumb\",\"itemListElement\":[{\"@type\":\"ListItem\",\"position\":1,\"name\":\"Home\",\"item\":\"https:\\\/\\\/gorzow.news\\\/\"},{\"@type\":\"ListItem\",\"position\":2,\"name\":\"Fontanna w holu pod Dominant\u0105 nie zostanie uruchomiona w najbli\u017cszym czasie!\"}]},{\"@type\":\"WebSite\",\"@id\":\"https:\\\/\\\/gorzow.news\\\/#website\",\"url\":\"https:\\\/\\\/gorzow.news\\\/\",\"name\":\"Gorz\u00f3w News\",\"description\":\"Sp\u00f3jrz inaczej na miato i region...\",\"potentialAction\":[{\"@type\":\"SearchAction\",\"target\":{\"@type\":\"EntryPoint\",\"urlTemplate\":\"https:\\\/\\\/gorzow.news\\\/?s={search_term_string}\"},\"query-input\":{\"@type\":\"PropertyValueSpecification\",\"valueRequired\":true,\"valueName\":\"search_term_string\"}}],\"inLanguage\":\"pl-PL\"},{\"@type\":\"Person\",\"@id\":\"https:\\\/\\\/gorzow.news\\\/#\\\/schema\\\/person\\\/a1e5ab43166369f2ce236a1cd90995bb\",\"name\":\"maciej\",\"image\":{\"@type\":\"ImageObject\",\"inLanguage\":\"pl-PL\",\"@id\":\"https:\\\/\\\/secure.gravatar.com\\\/avatar\\\/530a674d56ba60cfa0ef21d74e8e8d123a51bb7aa6580465b5c2ab2c2e980a19?s=96&r=g&d=https:\\\/\\\/gorzow.news\\\/wp-content\\\/plugins\\\/userswp\\\/assets\\\/images\\\/no_profile.png\",\"url\":\"https:\\\/\\\/secure.gravatar.com\\\/avatar\\\/530a674d56ba60cfa0ef21d74e8e8d123a51bb7aa6580465b5c2ab2c2e980a19?s=96&r=g&d=https:\\\/\\\/gorzow.news\\\/wp-content\\\/plugins\\\/userswp\\\/assets\\\/images\\\/no_profile.png\",\"contentUrl\":\"https:\\\/\\\/secure.gravatar.com\\\/avatar\\\/530a674d56ba60cfa0ef21d74e8e8d123a51bb7aa6580465b5c2ab2c2e980a19?s=96&r=g&d=https:\\\/\\\/gorzow.news\\\/wp-content\\\/plugins\\\/userswp\\\/assets\\\/images\\\/no_profile.png\",\"caption\":\"maciej\"},\"url\":\"https:\\\/\\\/gorzow.news\\\/index.php\\\/profile\\\/maciej\\\/\"}]}<\/script>\n<!-- \/ Yoast SEO plugin. -->","yoast_head_json":{"title":"Fontanna w holu pod Dominant\u0105 nie zostanie uruchomiona w najbli\u017cszym czasie! - Gorz\u00f3w News","robots":{"index":"index","follow":"follow","max-snippet":"max-snippet:-1","max-image-preview":"max-image-preview:large","max-video-preview":"max-video-preview:-1"},"canonical":"https:\/\/gorzow.news\/index.php\/2021\/06\/24\/fontanna-w-holu-pod-dominanta-nie-zostanie-uruchomiona-w-najblizszym-czasie\/","og_locale":"pl_PL","og_type":"article","og_title":"Fontanna w holu pod Dominant\u0105 nie zostanie uruchomiona w najbli\u017cszym czasie! - Gorz\u00f3w News","og_description":"Kilka dni temu dostali\u015bmy informacje od czytelnika, \u017ce fontanna w Dominancie zosta\u0142a zdewastowana i nie dzia\u0142a. Dzi\u015b ju\u017c wiemy, \u017ce koszt napraw","og_url":"https:\/\/gorzow.news\/index.php\/2021\/06\/24\/fontanna-w-holu-pod-dominanta-nie-zostanie-uruchomiona-w-najblizszym-czasie\/","og_site_name":"Gorz\u00f3w News","article_publisher":"https:\/\/www.facebook.com\/gorzowskinews","article_published_time":"2021-06-24T11:18:23+00:00","article_modified_time":"2022-01-13T13:02:56+00:00","og_image":[{"width":2560,"height":1280,"url":"https:\/\/gorzow.news\/wp-content\/uploads\/2021\/06\/IMG_20210618_123959-scaled.jpg?v=1624533329","type":"image\/jpeg"}],"author":"maciej","twitter_card":"summary_large_image","twitter_misc":{"Napisane przez":"maciej","Szacowany czas czytania":"2 minuty"},"schema":{"@context":"https:\/\/schema.org","@graph":[{"@type":"Article","@id":"https:\/\/gorzow.news\/index.php\/2021\/06\/24\/fontanna-w-holu-pod-dominanta-nie-zostanie-uruchomiona-w-najblizszym-czasie\/#article","isPartOf":{"@id":"https:\/\/gorzow.news\/index.php\/2021\/06\/24\/fontanna-w-holu-pod-dominanta-nie-zostanie-uruchomiona-w-najblizszym-czasie\/"},"author":{"name":"maciej","@id":"https:\/\/gorzow.news\/#\/schema\/person\/a1e5ab43166369f2ce236a1cd90995bb"},"headline":"Fontanna w holu pod Dominant\u0105 nie zostanie uruchomiona w najbli\u017cszym czasie!","datePublished":"2021-06-24T11:18:23+00:00","dateModified":"2022-01-13T13:02:56+00:00","mainEntityOfPage":{"@id":"https:\/\/gorzow.news\/index.php\/2021\/06\/24\/fontanna-w-holu-pod-dominanta-nie-zostanie-uruchomiona-w-najblizszym-czasie\/"},"wordCount":233,"commentCount":0,"image":{"@id":"https:\/\/gorzow.news\/index.php\/2021\/06\/24\/fontanna-w-holu-pod-dominanta-nie-zostanie-uruchomiona-w-najblizszym-czasie\/#primaryimage"},"thumbnailUrl":"https:\/\/gorzow.news\/wp-content\/uploads\/2021\/06\/IMG_20210618_123959-scaled.jpg","keywords":["Dominanta","fontanna","Info Glob","OSiR","W\u0142odzimierz R\u00f3j"],"articleSection":["Fakty i opinie","Wiadomo\u015bci"],"inLanguage":"pl-PL","potentialAction":[{"@type":"CommentAction","name":"Comment","target":["https:\/\/gorzow.news\/index.php\/2021\/06\/24\/fontanna-w-holu-pod-dominanta-nie-zostanie-uruchomiona-w-najblizszym-czasie\/#respond"]}]},{"@type":"WebPage","@id":"https:\/\/gorzow.news\/index.php\/2021\/06\/24\/fontanna-w-holu-pod-dominanta-nie-zostanie-uruchomiona-w-najblizszym-czasie\/","url":"https:\/\/gorzow.news\/index.php\/2021\/06\/24\/fontanna-w-holu-pod-dominanta-nie-zostanie-uruchomiona-w-najblizszym-czasie\/","name":"Fontanna w holu pod Dominant\u0105 nie zostanie uruchomiona w najbli\u017cszym czasie! - Gorz\u00f3w News","isPartOf":{"@id":"https:\/\/gorzow.news\/#website"},"primaryImageOfPage":{"@id":"https:\/\/gorzow.news\/index.php\/2021\/06\/24\/fontanna-w-holu-pod-dominanta-nie-zostanie-uruchomiona-w-najblizszym-czasie\/#primaryimage"},"image":{"@id":"https:\/\/gorzow.news\/index.php\/2021\/06\/24\/fontanna-w-holu-pod-dominanta-nie-zostanie-uruchomiona-w-najblizszym-czasie\/#primaryimage"},"thumbnailUrl":"https:\/\/gorzow.news\/wp-content\/uploads\/2021\/06\/IMG_20210618_123959-scaled.jpg","datePublished":"2021-06-24T11:18:23+00:00","dateModified":"2022-01-13T13:02:56+00:00","author":{"@id":"https:\/\/gorzow.news\/#\/schema\/person\/a1e5ab43166369f2ce236a1cd90995bb"},"breadcrumb":{"@id":"https:\/\/gorzow.news\/index.php\/2021\/06\/24\/fontanna-w-holu-pod-dominanta-nie-zostanie-uruchomiona-w-najblizszym-czasie\/#breadcrumb"},"inLanguage":"pl-PL","potentialAction":[{"@type":"ReadAction","target":["https:\/\/gorzow.news\/index.php\/2021\/06\/24\/fontanna-w-holu-pod-dominanta-nie-zostanie-uruchomiona-w-najblizszym-czasie\/"]}]},{"@type":"ImageObject","inLanguage":"pl-PL","@id":"https:\/\/gorzow.news\/index.php\/2021\/06\/24\/fontanna-w-holu-pod-dominanta-nie-zostanie-uruchomiona-w-najblizszym-czasie\/#primaryimage","url":"https:\/\/gorzow.news\/wp-content\/uploads\/2021\/06\/IMG_20210618_123959-scaled.jpg","contentUrl":"https:\/\/gorzow.news\/wp-content\/uploads\/2021\/06\/IMG_20210618_123959-scaled.jpg","width":2560,"height":1280},{"@type":"BreadcrumbList","@id":"https:\/\/gorzow.news\/index.php\/2021\/06\/24\/fontanna-w-holu-pod-dominanta-nie-zostanie-uruchomiona-w-najblizszym-czasie\/#breadcrumb","itemListElement":[{"@type":"ListItem","position":1,"name":"Home","item":"https:\/\/gorzow.news\/"},{"@type":"ListItem","position":2,"name":"Fontanna w holu pod Dominant\u0105 nie zostanie uruchomiona w najbli\u017cszym czasie!"}]},{"@type":"WebSite","@id":"https:\/\/gorzow.news\/#website","url":"https:\/\/gorzow.news\/","name":"Gorz\u00f3w News","description":"Sp\u00f3jrz inaczej na miato i region...","potentialAction":[{"@type":"SearchAction","target":{"@type":"EntryPoint","urlTemplate":"https:\/\/gorzow.news\/?s={search_term_string}"},"query-input":{"@type":"PropertyValueSpecification","valueRequired":true,"valueName":"search_term_string"}}],"inLanguage":"pl-PL"},{"@type":"Person","@id":"https:\/\/gorzow.news\/#\/schema\/person\/a1e5ab43166369f2ce236a1cd90995bb","name":"maciej","image":{"@type":"ImageObject","inLanguage":"pl-PL","@id":"https:\/\/secure.gravatar.com\/avatar\/530a674d56ba60cfa0ef21d74e8e8d123a51bb7aa6580465b5c2ab2c2e980a19?s=96&r=g&d=https:\/\/gorzow.news\/wp-content\/plugins\/userswp\/assets\/images\/no_profile.png","url":"https:\/\/secure.gravatar.com\/avatar\/530a674d56ba60cfa0ef21d74e8e8d123a51bb7aa6580465b5c2ab2c2e980a19?s=96&r=g&d=https:\/\/gorzow.news\/wp-content\/plugins\/userswp\/assets\/images\/no_profile.png","contentUrl":"https:\/\/secure.gravatar.com\/avatar\/530a674d56ba60cfa0ef21d74e8e8d123a51bb7aa6580465b5c2ab2c2e980a19?s=96&r=g&d=https:\/\/gorzow.news\/wp-content\/plugins\/userswp\/assets\/images\/no_profile.png","caption":"maciej"},"url":"https:\/\/gorzow.news\/index.php\/profile\/maciej\/"}]}},"_links":{"self":[{"href":"https:\/\/gorzow.news\/index.php\/wp-json\/wp\/v2\/posts\/1511","targetHints":{"allow":["GET"]}}],"collection":[{"href":"https:\/\/gorzow.news\/index.php\/wp-json\/wp\/v2\/posts"}],"about":[{"href":"https:\/\/gorzow.news\/index.php\/wp-json\/wp\/v2\/types\/post"}],"author":[{"embeddable":true,"href":"https:\/\/gorzow.news\/index.php\/wp-json\/wp\/v2\/users\/1"}],"replies":[{"embeddable":true,"href":"https:\/\/gorzow.news\/index.php\/wp-json\/wp\/v2\/comments?post=1511"}],"version-history":[{"count":0,"href":"https:\/\/gorzow.news\/index.php\/wp-json\/wp\/v2\/posts\/1511\/revisions"}],"wp:featuredmedia":[{"embeddable":true,"href":"https:\/\/gorzow.news\/index.php\/wp-json\/wp\/v2\/media\/1512"}],"wp:attachment":[{"href":"https:\/\/gorzow.news\/index.php\/wp-json\/wp\/v2\/media?parent=1511"}],"wp:term":[{"taxonomy":"category","embeddable":true,"href":"https:\/\/gorzow.news\/index.php\/wp-json\/wp\/v2\/categories?post=1511"},{"taxonomy":"post_tag","embeddable":true,"href":"https:\/\/gorzow.news\/index.php\/wp-json\/wp\/v2\/tags?post=1511"}],"curies":[{"name":"wp","href":"https:\/\/api.w.org\/{rel}","templated":true}]}}