{"id":15007,"date":"2023-09-22T14:39:48","date_gmt":"2023-09-22T12:39:48","guid":{"rendered":"https:\/\/gorzow.news\/?p=15007"},"modified":"2023-09-26T14:56:48","modified_gmt":"2023-09-26T12:56:48","slug":"mlp-gorzow-pierwsza-hala-rosnie-w-oczach-zobaczcie-zdjecia","status":"publish","type":"post","link":"https:\/\/gorzow.news\/index.php\/2023\/09\/22\/mlp-gorzow-pierwsza-hala-rosnie-w-oczach-zobaczcie-zdjecia\/","title":{"rendered":"MLP Gorz\u00f3w: Pierwsza hala ro\u015bnie w oczach! Zobaczcie zdj\u0119cia!"},"content":{"rendered":"\n<p><strong>W czerwcu ruszy\u0142a budowa parku logistycznego MLP Gorz\u00f3w na dzia\u0142kach o \u0142\u0105cznej powierzchni 110.700 mkw. przy ul. Mosi\u0119\u017cnej i Spi\u017cowej. W ramach inwestycji powstan\u0105 dwie hale o \u0142\u0105cznej powierzchni magazynowej si\u0119gaj\u0105cej 56.700 mkw. Budowa pierwszej hali oznaczonej w projekcie liter\u0105 B jest ju\u017c mocno zaawansowana &#8211; wida\u0107 to na naszych zdj\u0119ciach. Park logistyczny ma by\u0107 gotowy wiosn\u0105 2024 roku.<\/strong><\/p>\n\n\n\n<p>Inwestor &#8211; MLP Group zawar\u0142 ju\u017c pierwsz\u0105 umow\u0119 najmu w ramach budowanego od podstaw centrum logistycznego MLP Gorz\u00f3w. Firma Sunrise Medical zam\u00f3wi\u0142a \u0142\u0105cznie 9,2 tys. mkw. nowoczesnej powierzchni. Z tego pomieszczenia produkcyjne i magazynowe zajm\u0105 8,1 tys. mkw. Najemca b\u0119dzie korzysta\u0142 r\u00f3wnie\u017c z nowoczesnego 3-kondygnacyjnego biura wyposa\u017conego w wind\u0119 oraz inne udogodnienia dla os\u00f3b z niepe\u0142nosprawno\u015bci\u0105, o \u0142\u0105cznej powierzchni 1,1 tys. mkw. Przekazanie zakontraktowanej powierzchni planowane jest w pierwszym kwartale 2024 r.<\/p>\n\n\n\n<p>Generalnym wykonawc\u0105 inwestycji jest firma W.P.I.P. z Jasina pod Swarz\u0119dzem, kt\u00f3ra na prze\u0142omie 2021 i 2022 roku odpowiedzialna by\u0142a tak\u017ce za budow\u0119 blisko 12 tys. mkw. powierzchni magazynowej dla DTLS S.A. przy ul. Z\u0142otego Smoka. Po uko\u0144czeniu budowy gorzowski park logistyczny MLP b\u0119dzie oferowa\u0142 \u0142\u0105cznie 56,7 tys. mkw. powierzchni magazynowej oraz przeznaczonej pod lekk\u0105 produkcj\u0119 i logistyk\u0119 Big Box.<\/p>\n\n\n\r\n                <style type=\"text\/css\">\r\n                    \r\n                    #tdi_1  .td-doubleSlider-2 .td-item1 {\r\n                        background: url(https:\/\/gorzow.news\/wp-content\/uploads\/2023\/09\/IMG_20230921_182705.jpg) 0 0 no-repeat;\r\n                    }\r\n                    #tdi_1  .td-doubleSlider-2 .td-item2 {\r\n                        background: url(https:\/\/gorzow.news\/wp-content\/uploads\/2023\/09\/IMG_20230921_182741.jpg) 0 0 no-repeat;\r\n                    }\r\n                    #tdi_1  .td-doubleSlider-2 .td-item3 {\r\n                        background: url(https:\/\/gorzow.news\/wp-content\/uploads\/2023\/09\/IMG_20230921_182821.jpg) 0 0 no-repeat;\r\n                    }\r\n                    #tdi_1  .td-doubleSlider-2 .td-item4 {\r\n                        background: url(https:\/\/gorzow.news\/wp-content\/uploads\/2023\/09\/IMG_20230921_183054.jpg) 0 0 no-repeat;\r\n                    }\r\n                    #tdi_1  .td-doubleSlider-2 .td-item5 {\r\n                        background: url(https:\/\/gorzow.news\/wp-content\/uploads\/2023\/09\/IMG_20230921_183100_1.jpg) 0 0 no-repeat;\r\n                    }\r\n                    #tdi_1  .td-doubleSlider-2 .td-item6 {\r\n                        background: url(https:\/\/gorzow.news\/wp-content\/uploads\/2023\/09\/IMG_20230921_183219_2.jpg) 0 0 no-repeat;\r\n                    }\r\n                    #tdi_1  .td-doubleSlider-2 .td-item7 {\r\n                        background: url(https:\/\/gorzow.news\/wp-content\/uploads\/2023\/09\/IMG_20230921_183332_3.jpg) 0 0 no-repeat;\r\n                    }\r\n                    #tdi_1  .td-doubleSlider-2 .td-item8 {\r\n                        background: url(https:\/\/gorzow.news\/wp-content\/uploads\/2023\/09\/IMG_20230921_183339.jpg) 0 0 no-repeat;\r\n                    }\r\n                    #tdi_1  .td-doubleSlider-2 .td-item9 {\r\n                        background: url(https:\/\/gorzow.news\/wp-content\/uploads\/2023\/09\/IMG_20230921_183718_1.jpg) 0 0 no-repeat;\r\n                    }\r\n                    #tdi_1  .td-doubleSlider-2 .td-item10 {\r\n                        background: url(https:\/\/gorzow.news\/wp-content\/uploads\/2023\/09\/IMG_20230921_183722_1-1.jpg) 0 0 no-repeat;\r\n                    }\r\n                    #tdi_1  .td-doubleSlider-2 .td-item11 {\r\n                        background: url(https:\/\/gorzow.news\/wp-content\/uploads\/2023\/09\/IMG_20230921_183728.jpg) 0 0 no-repeat;\r\n                    }\r\n                    #tdi_1  .td-doubleSlider-2 .td-item12 {\r\n                        background: url(https:\/\/gorzow.news\/wp-content\/uploads\/2023\/09\/IMG_20230921_183733.jpg) 0 0 no-repeat;\r\n                    }\r\n                    #tdi_1  .td-doubleSlider-2 .td-item13 {\r\n                        background: url(https:\/\/gorzow.news\/wp-content\/uploads\/2023\/09\/IMG_20230921_183743.jpg) 0 0 no-repeat;\r\n                    }\r\n                    #tdi_1  .td-doubleSlider-2 .td-item14 {\r\n                        background: url(https:\/\/gorzow.news\/wp-content\/uploads\/2023\/09\/IMG_20230921_183750_2.jpg) 0 0 no-repeat;\r\n                    }\r\n                <\/style>\r\n\r\n                <div id=\"tdi_1\" class=\"td-gallery td-slide-on-2-columns\">\r\n                    <div class=\"post_td_gallery\">\r\n                        <div class=\"td-gallery-slide-top\">\r\n                           <div class=\"td-gallery-title\">Budowa parku logistycznego MLP Gorz\u00f3w - wrzesie\u0144 2023 r.<\/div>\r\n\r\n                            <div class=\"td-gallery-controls-wrapper\">\r\n                                <div class=\"td-gallery-slide-count\"><span class=\"td-gallery-slide-item-focus\">1<\/span> z 14<\/div>\r\n                                <div class=\"td-gallery-slide-prev-next-but\">\r\n                                    <i class = \"td-icon-left doubleSliderPrevButton\"><\/i>\r\n                                    <i class = \"td-icon-right doubleSliderNextButton\"><\/i>\r\n                                <\/div>\r\n                            <\/div>\r\n                        <\/div>\r\n\r\n                        <div class = \"td-doubleSlider-1 \">\r\n                            <div class = \"td-slider\">\r\n                                \r\n                    <div class = \"td-slide-item td-item1\">\r\n                        <figure class=\"td-slide-galery-figure td-slide-popup-gallery\">\r\n                            <a class=\"slide-gallery-image-link\" href=\"https:\/\/gorzow.news\/wp-content\/uploads\/2023\/09\/IMG_20230921_182705.jpg\" title=\"\"  data-caption=\"\"  data-description=\"\">\r\n                                <img decoding=\"async\" src=\"https:\/\/gorzow.news\/wp-content\/uploads\/2023\/09\/IMG_20230921_182705.jpg\" srcset=\"https:\/\/gorzow.news\/wp-content\/uploads\/2023\/09\/IMG_20230921_182705.jpg 1600w, https:\/\/gorzow.news\/wp-content\/uploads\/2023\/09\/IMG_20230921_182705-300x142.jpg 300w, https:\/\/gorzow.news\/wp-content\/uploads\/2023\/09\/IMG_20230921_182705-1024x484.jpg 1024w, https:\/\/gorzow.news\/wp-content\/uploads\/2023\/09\/IMG_20230921_182705-768x363.jpg 768w, https:\/\/gorzow.news\/wp-content\/uploads\/2023\/09\/IMG_20230921_182705-1536x727.jpg 1536w, https:\/\/gorzow.news\/wp-content\/uploads\/2023\/09\/IMG_20230921_182705-696x329.jpg 696w, https:\/\/gorzow.news\/wp-content\/uploads\/2023\/09\/IMG_20230921_182705-1068x505.jpg 1068w\" sizes=\"(max-width: 1600px) 100vw, 1600px\" alt=\"\">\r\n                            <\/a>\r\n                            \r\n                        <\/figure>\r\n                    <\/div>\r\n                    <div class = \"td-slide-item td-item2\">\r\n                        <figure class=\"td-slide-galery-figure td-slide-popup-gallery\">\r\n                            <a class=\"slide-gallery-image-link\" href=\"https:\/\/gorzow.news\/wp-content\/uploads\/2023\/09\/IMG_20230921_182741.jpg\" title=\"\"  data-caption=\"\"  data-description=\"\">\r\n                                <img decoding=\"async\" src=\"https:\/\/gorzow.news\/wp-content\/uploads\/2023\/09\/IMG_20230921_182741.jpg\" srcset=\"https:\/\/gorzow.news\/wp-content\/uploads\/2023\/09\/IMG_20230921_182741.jpg 1600w, https:\/\/gorzow.news\/wp-content\/uploads\/2023\/09\/IMG_20230921_182741-300x142.jpg 300w, https:\/\/gorzow.news\/wp-content\/uploads\/2023\/09\/IMG_20230921_182741-1024x484.jpg 1024w, https:\/\/gorzow.news\/wp-content\/uploads\/2023\/09\/IMG_20230921_182741-768x363.jpg 768w, https:\/\/gorzow.news\/wp-content\/uploads\/2023\/09\/IMG_20230921_182741-1536x727.jpg 1536w, https:\/\/gorzow.news\/wp-content\/uploads\/2023\/09\/IMG_20230921_182741-696x329.jpg 696w, https:\/\/gorzow.news\/wp-content\/uploads\/2023\/09\/IMG_20230921_182741-1068x505.jpg 1068w\" sizes=\"(max-width: 1600px) 100vw, 1600px\" alt=\"\">\r\n                            <\/a>\r\n                            \r\n                        <\/figure>\r\n                    <\/div>\r\n                    <div class = \"td-slide-item td-item3\">\r\n                        <figure class=\"td-slide-galery-figure td-slide-popup-gallery\">\r\n                            <a class=\"slide-gallery-image-link\" href=\"https:\/\/gorzow.news\/wp-content\/uploads\/2023\/09\/IMG_20230921_182821.jpg\" title=\"\"  data-caption=\"\"  data-description=\"\">\r\n                                <img decoding=\"async\" src=\"https:\/\/gorzow.news\/wp-content\/uploads\/2023\/09\/IMG_20230921_182821.jpg\" srcset=\"https:\/\/gorzow.news\/wp-content\/uploads\/2023\/09\/IMG_20230921_182821.jpg 1600w, https:\/\/gorzow.news\/wp-content\/uploads\/2023\/09\/IMG_20230921_182821-300x142.jpg 300w, https:\/\/gorzow.news\/wp-content\/uploads\/2023\/09\/IMG_20230921_182821-1024x484.jpg 1024w, https:\/\/gorzow.news\/wp-content\/uploads\/2023\/09\/IMG_20230921_182821-768x363.jpg 768w, https:\/\/gorzow.news\/wp-content\/uploads\/2023\/09\/IMG_20230921_182821-1536x727.jpg 1536w, https:\/\/gorzow.news\/wp-content\/uploads\/2023\/09\/IMG_20230921_182821-696x329.jpg 696w, https:\/\/gorzow.news\/wp-content\/uploads\/2023\/09\/IMG_20230921_182821-1068x505.jpg 1068w\" sizes=\"(max-width: 1600px) 100vw, 1600px\" alt=\"\">\r\n                            <\/a>\r\n                            \r\n                        <\/figure>\r\n                    <\/div>\r\n                    <div class = \"td-slide-item td-item4\">\r\n                        <figure class=\"td-slide-galery-figure td-slide-popup-gallery\">\r\n                            <a class=\"slide-gallery-image-link\" href=\"https:\/\/gorzow.news\/wp-content\/uploads\/2023\/09\/IMG_20230921_183054.jpg\" title=\"\"  data-caption=\"\"  data-description=\"\">\r\n                                <img decoding=\"async\" src=\"https:\/\/gorzow.news\/wp-content\/uploads\/2023\/09\/IMG_20230921_183054.jpg\" srcset=\"https:\/\/gorzow.news\/wp-content\/uploads\/2023\/09\/IMG_20230921_183054.jpg 1600w, https:\/\/gorzow.news\/wp-content\/uploads\/2023\/09\/IMG_20230921_183054-300x142.jpg 300w, https:\/\/gorzow.news\/wp-content\/uploads\/2023\/09\/IMG_20230921_183054-1024x484.jpg 1024w, https:\/\/gorzow.news\/wp-content\/uploads\/2023\/09\/IMG_20230921_183054-768x363.jpg 768w, https:\/\/gorzow.news\/wp-content\/uploads\/2023\/09\/IMG_20230921_183054-1536x727.jpg 1536w, https:\/\/gorzow.news\/wp-content\/uploads\/2023\/09\/IMG_20230921_183054-696x329.jpg 696w, https:\/\/gorzow.news\/wp-content\/uploads\/2023\/09\/IMG_20230921_183054-1068x505.jpg 1068w\" sizes=\"(max-width: 1600px) 100vw, 1600px\" alt=\"\">\r\n                            <\/a>\r\n                            \r\n                        <\/figure>\r\n                    <\/div>\r\n                    <div class = \"td-slide-item td-item5\">\r\n                        <figure class=\"td-slide-galery-figure td-slide-popup-gallery\">\r\n                            <a class=\"slide-gallery-image-link\" href=\"https:\/\/gorzow.news\/wp-content\/uploads\/2023\/09\/IMG_20230921_183100_1.jpg\" title=\"\"  data-caption=\"\"  data-description=\"\">\r\n                                <img decoding=\"async\" src=\"https:\/\/gorzow.news\/wp-content\/uploads\/2023\/09\/IMG_20230921_183100_1.jpg\" srcset=\"https:\/\/gorzow.news\/wp-content\/uploads\/2023\/09\/IMG_20230921_183100_1.jpg 1600w, https:\/\/gorzow.news\/wp-content\/uploads\/2023\/09\/IMG_20230921_183100_1-300x142.jpg 300w, https:\/\/gorzow.news\/wp-content\/uploads\/2023\/09\/IMG_20230921_183100_1-1024x484.jpg 1024w, https:\/\/gorzow.news\/wp-content\/uploads\/2023\/09\/IMG_20230921_183100_1-768x363.jpg 768w, https:\/\/gorzow.news\/wp-content\/uploads\/2023\/09\/IMG_20230921_183100_1-1536x727.jpg 1536w, https:\/\/gorzow.news\/wp-content\/uploads\/2023\/09\/IMG_20230921_183100_1-696x329.jpg 696w, https:\/\/gorzow.news\/wp-content\/uploads\/2023\/09\/IMG_20230921_183100_1-1068x505.jpg 1068w\" sizes=\"(max-width: 1600px) 100vw, 1600px\" alt=\"\">\r\n                            <\/a>\r\n                            \r\n                        <\/figure>\r\n                    <\/div>\r\n                    <div class = \"td-slide-item td-item6\">\r\n                        <figure class=\"td-slide-galery-figure td-slide-popup-gallery\">\r\n                            <a class=\"slide-gallery-image-link\" href=\"https:\/\/gorzow.news\/wp-content\/uploads\/2023\/09\/IMG_20230921_183219_2.jpg\" title=\"\"  data-caption=\"\"  data-description=\"\">\r\n                                <img decoding=\"async\" src=\"https:\/\/gorzow.news\/wp-content\/uploads\/2023\/09\/IMG_20230921_183219_2.jpg\" srcset=\"https:\/\/gorzow.news\/wp-content\/uploads\/2023\/09\/IMG_20230921_183219_2.jpg 1600w, https:\/\/gorzow.news\/wp-content\/uploads\/2023\/09\/IMG_20230921_183219_2-300x142.jpg 300w, https:\/\/gorzow.news\/wp-content\/uploads\/2023\/09\/IMG_20230921_183219_2-1024x484.jpg 1024w, https:\/\/gorzow.news\/wp-content\/uploads\/2023\/09\/IMG_20230921_183219_2-768x363.jpg 768w, https:\/\/gorzow.news\/wp-content\/uploads\/2023\/09\/IMG_20230921_183219_2-1536x727.jpg 1536w, https:\/\/gorzow.news\/wp-content\/uploads\/2023\/09\/IMG_20230921_183219_2-696x329.jpg 696w, https:\/\/gorzow.news\/wp-content\/uploads\/2023\/09\/IMG_20230921_183219_2-1068x505.jpg 1068w\" sizes=\"(max-width: 1600px) 100vw, 1600px\" alt=\"\">\r\n                            <\/a>\r\n                            \r\n                        <\/figure>\r\n                    <\/div>\r\n                    <div class = \"td-slide-item td-item7\">\r\n                        <figure class=\"td-slide-galery-figure td-slide-popup-gallery\">\r\n                            <a class=\"slide-gallery-image-link\" href=\"https:\/\/gorzow.news\/wp-content\/uploads\/2023\/09\/IMG_20230921_183332_3.jpg\" title=\"\"  data-caption=\"\"  data-description=\"\">\r\n                                <img decoding=\"async\" src=\"https:\/\/gorzow.news\/wp-content\/uploads\/2023\/09\/IMG_20230921_183332_3.jpg\" srcset=\"https:\/\/gorzow.news\/wp-content\/uploads\/2023\/09\/IMG_20230921_183332_3.jpg 1600w, https:\/\/gorzow.news\/wp-content\/uploads\/2023\/09\/IMG_20230921_183332_3-300x142.jpg 300w, https:\/\/gorzow.news\/wp-content\/uploads\/2023\/09\/IMG_20230921_183332_3-1024x484.jpg 1024w, https:\/\/gorzow.news\/wp-content\/uploads\/2023\/09\/IMG_20230921_183332_3-768x363.jpg 768w, https:\/\/gorzow.news\/wp-content\/uploads\/2023\/09\/IMG_20230921_183332_3-1536x727.jpg 1536w, https:\/\/gorzow.news\/wp-content\/uploads\/2023\/09\/IMG_20230921_183332_3-696x329.jpg 696w, https:\/\/gorzow.news\/wp-content\/uploads\/2023\/09\/IMG_20230921_183332_3-1068x505.jpg 1068w\" sizes=\"(max-width: 1600px) 100vw, 1600px\" alt=\"\">\r\n                            <\/a>\r\n                            \r\n                        <\/figure>\r\n                    <\/div>\r\n                    <div class = \"td-slide-item td-item8\">\r\n                        <figure class=\"td-slide-galery-figure td-slide-popup-gallery\">\r\n                            <a class=\"slide-gallery-image-link\" href=\"https:\/\/gorzow.news\/wp-content\/uploads\/2023\/09\/IMG_20230921_183339.jpg\" title=\"\"  data-caption=\"\"  data-description=\"\">\r\n                                <img decoding=\"async\" src=\"https:\/\/gorzow.news\/wp-content\/uploads\/2023\/09\/IMG_20230921_183339.jpg\" srcset=\"https:\/\/gorzow.news\/wp-content\/uploads\/2023\/09\/IMG_20230921_183339.jpg 1600w, https:\/\/gorzow.news\/wp-content\/uploads\/2023\/09\/IMG_20230921_183339-300x142.jpg 300w, https:\/\/gorzow.news\/wp-content\/uploads\/2023\/09\/IMG_20230921_183339-1024x484.jpg 1024w, https:\/\/gorzow.news\/wp-content\/uploads\/2023\/09\/IMG_20230921_183339-768x363.jpg 768w, https:\/\/gorzow.news\/wp-content\/uploads\/2023\/09\/IMG_20230921_183339-1536x727.jpg 1536w, https:\/\/gorzow.news\/wp-content\/uploads\/2023\/09\/IMG_20230921_183339-696x329.jpg 696w, https:\/\/gorzow.news\/wp-content\/uploads\/2023\/09\/IMG_20230921_183339-1068x505.jpg 1068w\" sizes=\"(max-width: 1600px) 100vw, 1600px\" alt=\"\">\r\n                            <\/a>\r\n                            \r\n                        <\/figure>\r\n                    <\/div>\r\n                    <div class = \"td-slide-item td-item9\">\r\n                        <figure class=\"td-slide-galery-figure td-slide-popup-gallery\">\r\n                            <a class=\"slide-gallery-image-link\" href=\"https:\/\/gorzow.news\/wp-content\/uploads\/2023\/09\/IMG_20230921_183718_1.jpg\" title=\"\"  data-caption=\"\"  data-description=\"\">\r\n                                <img decoding=\"async\" src=\"https:\/\/gorzow.news\/wp-content\/uploads\/2023\/09\/IMG_20230921_183718_1.jpg\" srcset=\"https:\/\/gorzow.news\/wp-content\/uploads\/2023\/09\/IMG_20230921_183718_1.jpg 1600w, https:\/\/gorzow.news\/wp-content\/uploads\/2023\/09\/IMG_20230921_183718_1-300x142.jpg 300w, https:\/\/gorzow.news\/wp-content\/uploads\/2023\/09\/IMG_20230921_183718_1-1024x484.jpg 1024w, https:\/\/gorzow.news\/wp-content\/uploads\/2023\/09\/IMG_20230921_183718_1-768x363.jpg 768w, https:\/\/gorzow.news\/wp-content\/uploads\/2023\/09\/IMG_20230921_183718_1-1536x727.jpg 1536w, https:\/\/gorzow.news\/wp-content\/uploads\/2023\/09\/IMG_20230921_183718_1-696x329.jpg 696w, https:\/\/gorzow.news\/wp-content\/uploads\/2023\/09\/IMG_20230921_183718_1-1068x505.jpg 1068w\" sizes=\"(max-width: 1600px) 100vw, 1600px\" alt=\"\">\r\n                            <\/a>\r\n                            \r\n                        <\/figure>\r\n                    <\/div>\r\n                    <div class = \"td-slide-item td-item10\">\r\n                        <figure class=\"td-slide-galery-figure td-slide-popup-gallery\">\r\n                            <a class=\"slide-gallery-image-link\" href=\"https:\/\/gorzow.news\/wp-content\/uploads\/2023\/09\/IMG_20230921_183722_1-1.jpg\" title=\"\"  data-caption=\"\"  data-description=\"\">\r\n                                <img decoding=\"async\" src=\"https:\/\/gorzow.news\/wp-content\/uploads\/2023\/09\/IMG_20230921_183722_1-1.jpg\" srcset=\"https:\/\/gorzow.news\/wp-content\/uploads\/2023\/09\/IMG_20230921_183722_1-1.jpg 1600w, https:\/\/gorzow.news\/wp-content\/uploads\/2023\/09\/IMG_20230921_183722_1-1-300x142.jpg 300w, https:\/\/gorzow.news\/wp-content\/uploads\/2023\/09\/IMG_20230921_183722_1-1-1024x484.jpg 1024w, https:\/\/gorzow.news\/wp-content\/uploads\/2023\/09\/IMG_20230921_183722_1-1-768x363.jpg 768w, https:\/\/gorzow.news\/wp-content\/uploads\/2023\/09\/IMG_20230921_183722_1-1-1536x727.jpg 1536w, https:\/\/gorzow.news\/wp-content\/uploads\/2023\/09\/IMG_20230921_183722_1-1-696x329.jpg 696w, https:\/\/gorzow.news\/wp-content\/uploads\/2023\/09\/IMG_20230921_183722_1-1-1068x505.jpg 1068w\" sizes=\"(max-width: 1600px) 100vw, 1600px\" alt=\"\">\r\n                            <\/a>\r\n                            \r\n                        <\/figure>\r\n                    <\/div>\r\n                    <div class = \"td-slide-item td-item11\">\r\n                        <figure class=\"td-slide-galery-figure td-slide-popup-gallery\">\r\n                            <a class=\"slide-gallery-image-link\" href=\"https:\/\/gorzow.news\/wp-content\/uploads\/2023\/09\/IMG_20230921_183728.jpg\" title=\"\"  data-caption=\"\"  data-description=\"\">\r\n                                <img decoding=\"async\" src=\"https:\/\/gorzow.news\/wp-content\/uploads\/2023\/09\/IMG_20230921_183728.jpg\" srcset=\"https:\/\/gorzow.news\/wp-content\/uploads\/2023\/09\/IMG_20230921_183728.jpg 1600w, https:\/\/gorzow.news\/wp-content\/uploads\/2023\/09\/IMG_20230921_183728-300x142.jpg 300w, https:\/\/gorzow.news\/wp-content\/uploads\/2023\/09\/IMG_20230921_183728-1024x484.jpg 1024w, https:\/\/gorzow.news\/wp-content\/uploads\/2023\/09\/IMG_20230921_183728-768x363.jpg 768w, https:\/\/gorzow.news\/wp-content\/uploads\/2023\/09\/IMG_20230921_183728-1536x727.jpg 1536w, https:\/\/gorzow.news\/wp-content\/uploads\/2023\/09\/IMG_20230921_183728-696x329.jpg 696w, https:\/\/gorzow.news\/wp-content\/uploads\/2023\/09\/IMG_20230921_183728-1068x505.jpg 1068w\" sizes=\"(max-width: 1600px) 100vw, 1600px\" alt=\"\">\r\n                            <\/a>\r\n                            \r\n                        <\/figure>\r\n                    <\/div>\r\n                    <div class = \"td-slide-item td-item12\">\r\n                        <figure class=\"td-slide-galery-figure td-slide-popup-gallery\">\r\n                            <a class=\"slide-gallery-image-link\" href=\"https:\/\/gorzow.news\/wp-content\/uploads\/2023\/09\/IMG_20230921_183733.jpg\" title=\"\"  data-caption=\"\"  data-description=\"\">\r\n                                <img decoding=\"async\" src=\"https:\/\/gorzow.news\/wp-content\/uploads\/2023\/09\/IMG_20230921_183733.jpg\" srcset=\"https:\/\/gorzow.news\/wp-content\/uploads\/2023\/09\/IMG_20230921_183733.jpg 1600w, https:\/\/gorzow.news\/wp-content\/uploads\/2023\/09\/IMG_20230921_183733-300x142.jpg 300w, https:\/\/gorzow.news\/wp-content\/uploads\/2023\/09\/IMG_20230921_183733-1024x484.jpg 1024w, https:\/\/gorzow.news\/wp-content\/uploads\/2023\/09\/IMG_20230921_183733-768x363.jpg 768w, https:\/\/gorzow.news\/wp-content\/uploads\/2023\/09\/IMG_20230921_183733-1536x727.jpg 1536w, https:\/\/gorzow.news\/wp-content\/uploads\/2023\/09\/IMG_20230921_183733-696x329.jpg 696w, https:\/\/gorzow.news\/wp-content\/uploads\/2023\/09\/IMG_20230921_183733-1068x505.jpg 1068w\" sizes=\"(max-width: 1600px) 100vw, 1600px\" alt=\"\">\r\n                            <\/a>\r\n                            \r\n                        <\/figure>\r\n                    <\/div>\r\n                    <div class = \"td-slide-item td-item13\">\r\n                        <figure class=\"td-slide-galery-figure td-slide-popup-gallery\">\r\n                            <a class=\"slide-gallery-image-link\" href=\"https:\/\/gorzow.news\/wp-content\/uploads\/2023\/09\/IMG_20230921_183743.jpg\" title=\"\"  data-caption=\"\"  data-description=\"\">\r\n                                <img decoding=\"async\" src=\"https:\/\/gorzow.news\/wp-content\/uploads\/2023\/09\/IMG_20230921_183743.jpg\" srcset=\"https:\/\/gorzow.news\/wp-content\/uploads\/2023\/09\/IMG_20230921_183743.jpg 1600w, https:\/\/gorzow.news\/wp-content\/uploads\/2023\/09\/IMG_20230921_183743-300x142.jpg 300w, https:\/\/gorzow.news\/wp-content\/uploads\/2023\/09\/IMG_20230921_183743-1024x484.jpg 1024w, https:\/\/gorzow.news\/wp-content\/uploads\/2023\/09\/IMG_20230921_183743-768x363.jpg 768w, https:\/\/gorzow.news\/wp-content\/uploads\/2023\/09\/IMG_20230921_183743-1536x727.jpg 1536w, https:\/\/gorzow.news\/wp-content\/uploads\/2023\/09\/IMG_20230921_183743-696x329.jpg 696w, https:\/\/gorzow.news\/wp-content\/uploads\/2023\/09\/IMG_20230921_183743-1068x505.jpg 1068w\" sizes=\"(max-width: 1600px) 100vw, 1600px\" alt=\"\">\r\n                            <\/a>\r\n                            \r\n                        <\/figure>\r\n                    <\/div>\r\n                    <div class = \"td-slide-item td-item14\">\r\n                        <figure class=\"td-slide-galery-figure td-slide-popup-gallery\">\r\n                            <a class=\"slide-gallery-image-link\" href=\"https:\/\/gorzow.news\/wp-content\/uploads\/2023\/09\/IMG_20230921_183750_2.jpg\" title=\"\"  data-caption=\"\"  data-description=\"\">\r\n                                <img decoding=\"async\" src=\"https:\/\/gorzow.news\/wp-content\/uploads\/2023\/09\/IMG_20230921_183750_2.jpg\" srcset=\"https:\/\/gorzow.news\/wp-content\/uploads\/2023\/09\/IMG_20230921_183750_2.jpg 1600w, https:\/\/gorzow.news\/wp-content\/uploads\/2023\/09\/IMG_20230921_183750_2-300x142.jpg 300w, https:\/\/gorzow.news\/wp-content\/uploads\/2023\/09\/IMG_20230921_183750_2-1024x484.jpg 1024w, https:\/\/gorzow.news\/wp-content\/uploads\/2023\/09\/IMG_20230921_183750_2-768x363.jpg 768w, https:\/\/gorzow.news\/wp-content\/uploads\/2023\/09\/IMG_20230921_183750_2-1536x727.jpg 1536w, https:\/\/gorzow.news\/wp-content\/uploads\/2023\/09\/IMG_20230921_183750_2-696x329.jpg 696w, https:\/\/gorzow.news\/wp-content\/uploads\/2023\/09\/IMG_20230921_183750_2-1068x505.jpg 1068w\" sizes=\"(max-width: 1600px) 100vw, 1600px\" alt=\"\">\r\n                            <\/a>\r\n                            \r\n                        <\/figure>\r\n                    <\/div>\r\n                            <\/div>\r\n                        <\/div>\r\n\r\n                        <div class = \"td-doubleSlider-2\">\r\n                            <div class = \"td-slider\">\r\n                                \r\n                    <div class = \"td-button td-item1\">\r\n                        <div class = \"td-border\"><\/div>\r\n                    <\/div>\r\n                    <div class = \"td-button td-item2\">\r\n                        <div class = \"td-border\"><\/div>\r\n                    <\/div>\r\n                    <div class = \"td-button td-item3\">\r\n                        <div class = \"td-border\"><\/div>\r\n                    <\/div>\r\n                    <div class = \"td-button td-item4\">\r\n                        <div class = \"td-border\"><\/div>\r\n                    <\/div>\r\n                    <div class = \"td-button td-item5\">\r\n                        <div class = \"td-border\"><\/div>\r\n                    <\/div>\r\n                    <div class = \"td-button td-item6\">\r\n                        <div class = \"td-border\"><\/div>\r\n                    <\/div>\r\n                    <div class = \"td-button td-item7\">\r\n                        <div class = \"td-border\"><\/div>\r\n                    <\/div>\r\n                    <div class = \"td-button td-item8\">\r\n                        <div class = \"td-border\"><\/div>\r\n                    <\/div>\r\n                    <div class = \"td-button td-item9\">\r\n                        <div class = \"td-border\"><\/div>\r\n                    <\/div>\r\n                    <div class = \"td-button td-item10\">\r\n                        <div class = \"td-border\"><\/div>\r\n                    <\/div>\r\n                    <div class = \"td-button td-item11\">\r\n                        <div class = \"td-border\"><\/div>\r\n                    <\/div>\r\n                    <div class = \"td-button td-item12\">\r\n                        <div class = \"td-border\"><\/div>\r\n                    <\/div>\r\n                    <div class = \"td-button td-item13\">\r\n                        <div class = \"td-border\"><\/div>\r\n                    <\/div>\r\n                    <div class = \"td-button td-item14\">\r\n                        <div class = \"td-border\"><\/div>\r\n                    <\/div>\r\n                            <\/div>\r\n                        <\/div>\r\n\r\n                    <\/div>\r\n\r\n                <\/div>\r\n                ","protected":false},"excerpt":{"rendered":"<p>W czerwcu ruszy\u0142a budowa parku logistycznego MLP Gorz\u00f3w na dzia\u0142kach o \u0142\u0105cznej powierzchni 110.700 mkw. przy ul. Mosi\u0119\u017cnej i Spi\u017cowej. W ramach inwestycji powstan\u0105 dwie hale o \u0142\u0105cznej powierzchni magazynowej si\u0119gaj\u0105cej 56.700 mkw. Budowa pierwszej hali oznaczonej w projekcie liter\u0105 B jest ju\u017c mocno zaawansowana &#8211; wida\u0107 to na naszych zdj\u0119ciach. Park logistyczny ma by\u0107 [&hellip;]<\/p>\n","protected":false},"author":1,"featured_media":15008,"comment_status":"open","ping_status":"open","sticky":false,"template":"","format":"standard","meta":{"footnotes":"","_links_to":"","_links_to_target":""},"categories":[1627,589,2014],"tags":[2341,1436,123,393],"class_list":{"0":"post-15007","1":"post","2":"type-post","3":"status-publish","4":"format-standard","5":"has-post-thumbnail","7":"category-magazyny","8":"category-wiadomosci","9":"category-wieprzyce","10":"tag-mlp-gorzow","11":"tag-mosiezna","12":"tag-park-logistyczny","13":"tag-spizowa"},"yoast_head":"<!-- This site is optimized with the Yoast SEO plugin v27.3 - https:\/\/yoast.com\/product\/yoast-seo-wordpress\/ -->\n<title>MLP Gorz\u00f3w: Pierwsza hala ro\u015bnie w oczach! Zobaczcie zdj\u0119cia! - Gorz\u00f3w News<\/title>\n<meta name=\"description\" content=\"W czerwcu ruszy\u0142a budowa parku logistycznego MLP Gorz\u00f3w na dzia\u0142kach o \u0142\u0105cznej powierzchni 110.700 mkw. przy ul. Mosi\u0119\u017cnej i Spi\u017cowej. W ramac\" \/>\n<meta name=\"robots\" content=\"index, follow, max-snippet:-1, max-image-preview:large, max-video-preview:-1\" \/>\n<link rel=\"canonical\" href=\"https:\/\/gorzow.news\/index.php\/2023\/09\/22\/mlp-gorzow-pierwsza-hala-rosnie-w-oczach-zobaczcie-zdjecia\/\" \/>\n<meta property=\"og:locale\" content=\"pl_PL\" \/>\n<meta property=\"og:type\" content=\"article\" \/>\n<meta property=\"og:title\" content=\"MLP Gorz\u00f3w: Pierwsza hala ro\u015bnie w oczach! Zobaczcie zdj\u0119cia! - Gorz\u00f3w News\" \/>\n<meta property=\"og:description\" content=\"W czerwcu ruszy\u0142a budowa parku logistycznego MLP Gorz\u00f3w na dzia\u0142kach o \u0142\u0105cznej powierzchni 110.700 mkw. przy ul. Mosi\u0119\u017cnej i Spi\u017cowej. W ramac\" \/>\n<meta property=\"og:url\" content=\"https:\/\/gorzow.news\/index.php\/2023\/09\/22\/mlp-gorzow-pierwsza-hala-rosnie-w-oczach-zobaczcie-zdjecia\/\" \/>\n<meta property=\"og:site_name\" content=\"Gorz\u00f3w News\" \/>\n<meta property=\"article:publisher\" content=\"https:\/\/www.facebook.com\/gorzowskinews\" \/>\n<meta property=\"article:published_time\" content=\"2023-09-22T12:39:48+00:00\" \/>\n<meta property=\"article:modified_time\" content=\"2023-09-26T12:56:48+00:00\" \/>\n<meta property=\"og:image\" content=\"https:\/\/gorzow.news\/wp-content\/uploads\/2023\/09\/IMG_20230921_183722_1.jpg\" \/>\n\t<meta property=\"og:image:width\" content=\"1600\" \/>\n\t<meta property=\"og:image:height\" content=\"757\" \/>\n\t<meta property=\"og:image:type\" content=\"image\/jpeg\" \/>\n<meta name=\"author\" content=\"maciej\" \/>\n<meta name=\"twitter:card\" content=\"summary_large_image\" \/>\n<meta name=\"twitter:label1\" content=\"Napisane przez\" \/>\n\t<meta name=\"twitter:data1\" content=\"maciej\" \/>\n\t<meta name=\"twitter:label2\" content=\"Szacowany czas czytania\" \/>\n\t<meta name=\"twitter:data2\" content=\"2 minuty\" \/>\n<script type=\"application\/ld+json\" class=\"yoast-schema-graph\">{\"@context\":\"https:\\\/\\\/schema.org\",\"@graph\":[{\"@type\":\"Article\",\"@id\":\"https:\\\/\\\/gorzow.news\\\/index.php\\\/2023\\\/09\\\/22\\\/mlp-gorzow-pierwsza-hala-rosnie-w-oczach-zobaczcie-zdjecia\\\/#article\",\"isPartOf\":{\"@id\":\"https:\\\/\\\/gorzow.news\\\/index.php\\\/2023\\\/09\\\/22\\\/mlp-gorzow-pierwsza-hala-rosnie-w-oczach-zobaczcie-zdjecia\\\/\"},\"author\":{\"name\":\"maciej\",\"@id\":\"https:\\\/\\\/gorzow.news\\\/#\\\/schema\\\/person\\\/a1e5ab43166369f2ce236a1cd90995bb\"},\"headline\":\"MLP Gorz\u00f3w: Pierwsza hala ro\u015bnie w oczach! Zobaczcie zdj\u0119cia!\",\"datePublished\":\"2023-09-22T12:39:48+00:00\",\"dateModified\":\"2023-09-26T12:56:48+00:00\",\"mainEntityOfPage\":{\"@id\":\"https:\\\/\\\/gorzow.news\\\/index.php\\\/2023\\\/09\\\/22\\\/mlp-gorzow-pierwsza-hala-rosnie-w-oczach-zobaczcie-zdjecia\\\/\"},\"wordCount\":240,\"commentCount\":0,\"image\":{\"@id\":\"https:\\\/\\\/gorzow.news\\\/index.php\\\/2023\\\/09\\\/22\\\/mlp-gorzow-pierwsza-hala-rosnie-w-oczach-zobaczcie-zdjecia\\\/#primaryimage\"},\"thumbnailUrl\":\"https:\\\/\\\/gorzow.news\\\/wp-content\\\/uploads\\\/2023\\\/09\\\/IMG_20230921_183722_1.jpg\",\"keywords\":[\"MLP Gorz\u00f3w\",\"Mosi\u0119\u017cna\",\"park logistyczny\",\"Spi\u017cowa\"],\"articleSection\":[\"Magazyny\",\"Wiadomo\u015bci\",\"Wieprzyce\"],\"inLanguage\":\"pl-PL\",\"potentialAction\":[{\"@type\":\"CommentAction\",\"name\":\"Comment\",\"target\":[\"https:\\\/\\\/gorzow.news\\\/index.php\\\/2023\\\/09\\\/22\\\/mlp-gorzow-pierwsza-hala-rosnie-w-oczach-zobaczcie-zdjecia\\\/#respond\"]}]},{\"@type\":\"WebPage\",\"@id\":\"https:\\\/\\\/gorzow.news\\\/index.php\\\/2023\\\/09\\\/22\\\/mlp-gorzow-pierwsza-hala-rosnie-w-oczach-zobaczcie-zdjecia\\\/\",\"url\":\"https:\\\/\\\/gorzow.news\\\/index.php\\\/2023\\\/09\\\/22\\\/mlp-gorzow-pierwsza-hala-rosnie-w-oczach-zobaczcie-zdjecia\\\/\",\"name\":\"MLP Gorz\u00f3w: Pierwsza hala ro\u015bnie w oczach! Zobaczcie zdj\u0119cia! - Gorz\u00f3w News\",\"isPartOf\":{\"@id\":\"https:\\\/\\\/gorzow.news\\\/#website\"},\"primaryImageOfPage\":{\"@id\":\"https:\\\/\\\/gorzow.news\\\/index.php\\\/2023\\\/09\\\/22\\\/mlp-gorzow-pierwsza-hala-rosnie-w-oczach-zobaczcie-zdjecia\\\/#primaryimage\"},\"image\":{\"@id\":\"https:\\\/\\\/gorzow.news\\\/index.php\\\/2023\\\/09\\\/22\\\/mlp-gorzow-pierwsza-hala-rosnie-w-oczach-zobaczcie-zdjecia\\\/#primaryimage\"},\"thumbnailUrl\":\"https:\\\/\\\/gorzow.news\\\/wp-content\\\/uploads\\\/2023\\\/09\\\/IMG_20230921_183722_1.jpg\",\"datePublished\":\"2023-09-22T12:39:48+00:00\",\"dateModified\":\"2023-09-26T12:56:48+00:00\",\"author\":{\"@id\":\"https:\\\/\\\/gorzow.news\\\/#\\\/schema\\\/person\\\/a1e5ab43166369f2ce236a1cd90995bb\"},\"description\":\"W czerwcu ruszy\u0142a budowa parku logistycznego MLP Gorz\u00f3w na dzia\u0142kach o \u0142\u0105cznej powierzchni 110.700 mkw. przy ul. Mosi\u0119\u017cnej i Spi\u017cowej. W ramach inwestycji powstan\u0105 dwie hale o \u0142\u0105cznej powierzchni magazynowej si\u0119gaj\u0105cej 56.700 mkw. Budowa pierwszej hali oznaczonej w projekcie liter\u0105 B jest ju\u017c mocno zaawansowana - wida\u0107 to na naszych zdj\u0119ciach. Park logistyczny ma by\u0107 gotowy wiosn\u0105 2024 roku.\",\"breadcrumb\":{\"@id\":\"https:\\\/\\\/gorzow.news\\\/index.php\\\/2023\\\/09\\\/22\\\/mlp-gorzow-pierwsza-hala-rosnie-w-oczach-zobaczcie-zdjecia\\\/#breadcrumb\"},\"inLanguage\":\"pl-PL\",\"potentialAction\":[{\"@type\":\"ReadAction\",\"target\":[\"https:\\\/\\\/gorzow.news\\\/index.php\\\/2023\\\/09\\\/22\\\/mlp-gorzow-pierwsza-hala-rosnie-w-oczach-zobaczcie-zdjecia\\\/\"]}]},{\"@type\":\"ImageObject\",\"inLanguage\":\"pl-PL\",\"@id\":\"https:\\\/\\\/gorzow.news\\\/index.php\\\/2023\\\/09\\\/22\\\/mlp-gorzow-pierwsza-hala-rosnie-w-oczach-zobaczcie-zdjecia\\\/#primaryimage\",\"url\":\"https:\\\/\\\/gorzow.news\\\/wp-content\\\/uploads\\\/2023\\\/09\\\/IMG_20230921_183722_1.jpg\",\"contentUrl\":\"https:\\\/\\\/gorzow.news\\\/wp-content\\\/uploads\\\/2023\\\/09\\\/IMG_20230921_183722_1.jpg\",\"width\":1600,\"height\":757,\"caption\":\"Trwa budowa pierwszej hali magazynowej w ramach MLP Gorz\u00f3w.\"},{\"@type\":\"BreadcrumbList\",\"@id\":\"https:\\\/\\\/gorzow.news\\\/index.php\\\/2023\\\/09\\\/22\\\/mlp-gorzow-pierwsza-hala-rosnie-w-oczach-zobaczcie-zdjecia\\\/#breadcrumb\",\"itemListElement\":[{\"@type\":\"ListItem\",\"position\":1,\"name\":\"Home\",\"item\":\"https:\\\/\\\/gorzow.news\\\/\"},{\"@type\":\"ListItem\",\"position\":2,\"name\":\"MLP Gorz\u00f3w: Pierwsza hala ro\u015bnie w oczach! Zobaczcie zdj\u0119cia!\"}]},{\"@type\":\"WebSite\",\"@id\":\"https:\\\/\\\/gorzow.news\\\/#website\",\"url\":\"https:\\\/\\\/gorzow.news\\\/\",\"name\":\"Gorz\u00f3w News\",\"description\":\"Sp\u00f3jrz inaczej na miato i region...\",\"potentialAction\":[{\"@type\":\"SearchAction\",\"target\":{\"@type\":\"EntryPoint\",\"urlTemplate\":\"https:\\\/\\\/gorzow.news\\\/?s={search_term_string}\"},\"query-input\":{\"@type\":\"PropertyValueSpecification\",\"valueRequired\":true,\"valueName\":\"search_term_string\"}}],\"inLanguage\":\"pl-PL\"},{\"@type\":\"Person\",\"@id\":\"https:\\\/\\\/gorzow.news\\\/#\\\/schema\\\/person\\\/a1e5ab43166369f2ce236a1cd90995bb\",\"name\":\"maciej\",\"image\":{\"@type\":\"ImageObject\",\"inLanguage\":\"pl-PL\",\"@id\":\"https:\\\/\\\/secure.gravatar.com\\\/avatar\\\/530a674d56ba60cfa0ef21d74e8e8d123a51bb7aa6580465b5c2ab2c2e980a19?s=96&r=g&d=https:\\\/\\\/gorzow.news\\\/wp-content\\\/plugins\\\/userswp\\\/assets\\\/images\\\/no_profile.png\",\"url\":\"https:\\\/\\\/secure.gravatar.com\\\/avatar\\\/530a674d56ba60cfa0ef21d74e8e8d123a51bb7aa6580465b5c2ab2c2e980a19?s=96&r=g&d=https:\\\/\\\/gorzow.news\\\/wp-content\\\/plugins\\\/userswp\\\/assets\\\/images\\\/no_profile.png\",\"contentUrl\":\"https:\\\/\\\/secure.gravatar.com\\\/avatar\\\/530a674d56ba60cfa0ef21d74e8e8d123a51bb7aa6580465b5c2ab2c2e980a19?s=96&r=g&d=https:\\\/\\\/gorzow.news\\\/wp-content\\\/plugins\\\/userswp\\\/assets\\\/images\\\/no_profile.png\",\"caption\":\"maciej\"},\"url\":\"https:\\\/\\\/gorzow.news\\\/index.php\\\/profile\\\/maciej\\\/\"}]}<\/script>\n<!-- \/ Yoast SEO plugin. -->","yoast_head_json":{"title":"MLP Gorz\u00f3w: Pierwsza hala ro\u015bnie w oczach! Zobaczcie zdj\u0119cia! - Gorz\u00f3w News","description":"W czerwcu ruszy\u0142a budowa parku logistycznego MLP Gorz\u00f3w na dzia\u0142kach o \u0142\u0105cznej powierzchni 110.700 mkw. przy ul. Mosi\u0119\u017cnej i Spi\u017cowej. W ramac","robots":{"index":"index","follow":"follow","max-snippet":"max-snippet:-1","max-image-preview":"max-image-preview:large","max-video-preview":"max-video-preview:-1"},"canonical":"https:\/\/gorzow.news\/index.php\/2023\/09\/22\/mlp-gorzow-pierwsza-hala-rosnie-w-oczach-zobaczcie-zdjecia\/","og_locale":"pl_PL","og_type":"article","og_title":"MLP Gorz\u00f3w: Pierwsza hala ro\u015bnie w oczach! Zobaczcie zdj\u0119cia! - Gorz\u00f3w News","og_description":"W czerwcu ruszy\u0142a budowa parku logistycznego MLP Gorz\u00f3w na dzia\u0142kach o \u0142\u0105cznej powierzchni 110.700 mkw. przy ul. Mosi\u0119\u017cnej i Spi\u017cowej. W ramac","og_url":"https:\/\/gorzow.news\/index.php\/2023\/09\/22\/mlp-gorzow-pierwsza-hala-rosnie-w-oczach-zobaczcie-zdjecia\/","og_site_name":"Gorz\u00f3w News","article_publisher":"https:\/\/www.facebook.com\/gorzowskinews","article_published_time":"2023-09-22T12:39:48+00:00","article_modified_time":"2023-09-26T12:56:48+00:00","og_image":[{"width":1600,"height":757,"url":"https:\/\/gorzow.news\/wp-content\/uploads\/2023\/09\/IMG_20230921_183722_1.jpg","type":"image\/jpeg"}],"author":"maciej","twitter_card":"summary_large_image","twitter_misc":{"Napisane przez":"maciej","Szacowany czas czytania":"2 minuty"},"schema":{"@context":"https:\/\/schema.org","@graph":[{"@type":"Article","@id":"https:\/\/gorzow.news\/index.php\/2023\/09\/22\/mlp-gorzow-pierwsza-hala-rosnie-w-oczach-zobaczcie-zdjecia\/#article","isPartOf":{"@id":"https:\/\/gorzow.news\/index.php\/2023\/09\/22\/mlp-gorzow-pierwsza-hala-rosnie-w-oczach-zobaczcie-zdjecia\/"},"author":{"name":"maciej","@id":"https:\/\/gorzow.news\/#\/schema\/person\/a1e5ab43166369f2ce236a1cd90995bb"},"headline":"MLP Gorz\u00f3w: Pierwsza hala ro\u015bnie w oczach! Zobaczcie zdj\u0119cia!","datePublished":"2023-09-22T12:39:48+00:00","dateModified":"2023-09-26T12:56:48+00:00","mainEntityOfPage":{"@id":"https:\/\/gorzow.news\/index.php\/2023\/09\/22\/mlp-gorzow-pierwsza-hala-rosnie-w-oczach-zobaczcie-zdjecia\/"},"wordCount":240,"commentCount":0,"image":{"@id":"https:\/\/gorzow.news\/index.php\/2023\/09\/22\/mlp-gorzow-pierwsza-hala-rosnie-w-oczach-zobaczcie-zdjecia\/#primaryimage"},"thumbnailUrl":"https:\/\/gorzow.news\/wp-content\/uploads\/2023\/09\/IMG_20230921_183722_1.jpg","keywords":["MLP Gorz\u00f3w","Mosi\u0119\u017cna","park logistyczny","Spi\u017cowa"],"articleSection":["Magazyny","Wiadomo\u015bci","Wieprzyce"],"inLanguage":"pl-PL","potentialAction":[{"@type":"CommentAction","name":"Comment","target":["https:\/\/gorzow.news\/index.php\/2023\/09\/22\/mlp-gorzow-pierwsza-hala-rosnie-w-oczach-zobaczcie-zdjecia\/#respond"]}]},{"@type":"WebPage","@id":"https:\/\/gorzow.news\/index.php\/2023\/09\/22\/mlp-gorzow-pierwsza-hala-rosnie-w-oczach-zobaczcie-zdjecia\/","url":"https:\/\/gorzow.news\/index.php\/2023\/09\/22\/mlp-gorzow-pierwsza-hala-rosnie-w-oczach-zobaczcie-zdjecia\/","name":"MLP Gorz\u00f3w: Pierwsza hala ro\u015bnie w oczach! Zobaczcie zdj\u0119cia! - Gorz\u00f3w News","isPartOf":{"@id":"https:\/\/gorzow.news\/#website"},"primaryImageOfPage":{"@id":"https:\/\/gorzow.news\/index.php\/2023\/09\/22\/mlp-gorzow-pierwsza-hala-rosnie-w-oczach-zobaczcie-zdjecia\/#primaryimage"},"image":{"@id":"https:\/\/gorzow.news\/index.php\/2023\/09\/22\/mlp-gorzow-pierwsza-hala-rosnie-w-oczach-zobaczcie-zdjecia\/#primaryimage"},"thumbnailUrl":"https:\/\/gorzow.news\/wp-content\/uploads\/2023\/09\/IMG_20230921_183722_1.jpg","datePublished":"2023-09-22T12:39:48+00:00","dateModified":"2023-09-26T12:56:48+00:00","author":{"@id":"https:\/\/gorzow.news\/#\/schema\/person\/a1e5ab43166369f2ce236a1cd90995bb"},"description":"W czerwcu ruszy\u0142a budowa parku logistycznego MLP Gorz\u00f3w na dzia\u0142kach o \u0142\u0105cznej powierzchni 110.700 mkw. przy ul. Mosi\u0119\u017cnej i Spi\u017cowej. W ramach inwestycji powstan\u0105 dwie hale o \u0142\u0105cznej powierzchni magazynowej si\u0119gaj\u0105cej 56.700 mkw. Budowa pierwszej hali oznaczonej w projekcie liter\u0105 B jest ju\u017c mocno zaawansowana - wida\u0107 to na naszych zdj\u0119ciach. Park logistyczny ma by\u0107 gotowy wiosn\u0105 2024 roku.","breadcrumb":{"@id":"https:\/\/gorzow.news\/index.php\/2023\/09\/22\/mlp-gorzow-pierwsza-hala-rosnie-w-oczach-zobaczcie-zdjecia\/#breadcrumb"},"inLanguage":"pl-PL","potentialAction":[{"@type":"ReadAction","target":["https:\/\/gorzow.news\/index.php\/2023\/09\/22\/mlp-gorzow-pierwsza-hala-rosnie-w-oczach-zobaczcie-zdjecia\/"]}]},{"@type":"ImageObject","inLanguage":"pl-PL","@id":"https:\/\/gorzow.news\/index.php\/2023\/09\/22\/mlp-gorzow-pierwsza-hala-rosnie-w-oczach-zobaczcie-zdjecia\/#primaryimage","url":"https:\/\/gorzow.news\/wp-content\/uploads\/2023\/09\/IMG_20230921_183722_1.jpg","contentUrl":"https:\/\/gorzow.news\/wp-content\/uploads\/2023\/09\/IMG_20230921_183722_1.jpg","width":1600,"height":757,"caption":"Trwa budowa pierwszej hali magazynowej w ramach MLP Gorz\u00f3w."},{"@type":"BreadcrumbList","@id":"https:\/\/gorzow.news\/index.php\/2023\/09\/22\/mlp-gorzow-pierwsza-hala-rosnie-w-oczach-zobaczcie-zdjecia\/#breadcrumb","itemListElement":[{"@type":"ListItem","position":1,"name":"Home","item":"https:\/\/gorzow.news\/"},{"@type":"ListItem","position":2,"name":"MLP Gorz\u00f3w: Pierwsza hala ro\u015bnie w oczach! Zobaczcie zdj\u0119cia!"}]},{"@type":"WebSite","@id":"https:\/\/gorzow.news\/#website","url":"https:\/\/gorzow.news\/","name":"Gorz\u00f3w News","description":"Sp\u00f3jrz inaczej na miato i region...","potentialAction":[{"@type":"SearchAction","target":{"@type":"EntryPoint","urlTemplate":"https:\/\/gorzow.news\/?s={search_term_string}"},"query-input":{"@type":"PropertyValueSpecification","valueRequired":true,"valueName":"search_term_string"}}],"inLanguage":"pl-PL"},{"@type":"Person","@id":"https:\/\/gorzow.news\/#\/schema\/person\/a1e5ab43166369f2ce236a1cd90995bb","name":"maciej","image":{"@type":"ImageObject","inLanguage":"pl-PL","@id":"https:\/\/secure.gravatar.com\/avatar\/530a674d56ba60cfa0ef21d74e8e8d123a51bb7aa6580465b5c2ab2c2e980a19?s=96&r=g&d=https:\/\/gorzow.news\/wp-content\/plugins\/userswp\/assets\/images\/no_profile.png","url":"https:\/\/secure.gravatar.com\/avatar\/530a674d56ba60cfa0ef21d74e8e8d123a51bb7aa6580465b5c2ab2c2e980a19?s=96&r=g&d=https:\/\/gorzow.news\/wp-content\/plugins\/userswp\/assets\/images\/no_profile.png","contentUrl":"https:\/\/secure.gravatar.com\/avatar\/530a674d56ba60cfa0ef21d74e8e8d123a51bb7aa6580465b5c2ab2c2e980a19?s=96&r=g&d=https:\/\/gorzow.news\/wp-content\/plugins\/userswp\/assets\/images\/no_profile.png","caption":"maciej"},"url":"https:\/\/gorzow.news\/index.php\/profile\/maciej\/"}]}},"_links":{"self":[{"href":"https:\/\/gorzow.news\/index.php\/wp-json\/wp\/v2\/posts\/15007","targetHints":{"allow":["GET"]}}],"collection":[{"href":"https:\/\/gorzow.news\/index.php\/wp-json\/wp\/v2\/posts"}],"about":[{"href":"https:\/\/gorzow.news\/index.php\/wp-json\/wp\/v2\/types\/post"}],"author":[{"embeddable":true,"href":"https:\/\/gorzow.news\/index.php\/wp-json\/wp\/v2\/users\/1"}],"replies":[{"embeddable":true,"href":"https:\/\/gorzow.news\/index.php\/wp-json\/wp\/v2\/comments?post=15007"}],"version-history":[{"count":2,"href":"https:\/\/gorzow.news\/index.php\/wp-json\/wp\/v2\/posts\/15007\/revisions"}],"predecessor-version":[{"id":15223,"href":"https:\/\/gorzow.news\/index.php\/wp-json\/wp\/v2\/posts\/15007\/revisions\/15223"}],"wp:featuredmedia":[{"embeddable":true,"href":"https:\/\/gorzow.news\/index.php\/wp-json\/wp\/v2\/media\/15008"}],"wp:attachment":[{"href":"https:\/\/gorzow.news\/index.php\/wp-json\/wp\/v2\/media?parent=15007"}],"wp:term":[{"taxonomy":"category","embeddable":true,"href":"https:\/\/gorzow.news\/index.php\/wp-json\/wp\/v2\/categories?post=15007"},{"taxonomy":"post_tag","embeddable":true,"href":"https:\/\/gorzow.news\/index.php\/wp-json\/wp\/v2\/tags?post=15007"}],"curies":[{"name":"wp","href":"https:\/\/api.w.org\/{rel}","templated":true}]}}