{"id":14529,"date":"2023-09-05T11:39:51","date_gmt":"2023-09-05T09:39:51","guid":{"rendered":"https:\/\/gorzow.news\/?p=14529"},"modified":"2023-09-05T11:39:52","modified_gmt":"2023-09-05T09:39:52","slug":"jak-zmieni-sie-askana-po-sprzedazy-sprawdzamy-zdjecia","status":"publish","type":"post","link":"https:\/\/gorzow.news\/index.php\/2023\/09\/05\/jak-zmieni-sie-askana-po-sprzedazy-sprawdzamy-zdjecia\/","title":{"rendered":"Jak zmieni si\u0119 Askana po sprzeda\u017cy? Sprawdzamy! (zdj\u0119cia)"},"content":{"rendered":"\n<p><strong>W ubieg\u0142ym tygodniu informowali\u015bmy na \u0142amach GORZ\u00d3W.NEWS, \u017ce Galeria Askana zosta\u0142a sprzedana. Nowym w\u0142a\u015bcicielem Askany zosta\u0142 POLPROP 4 Sp. z o.o., na czele kt\u00f3rej stoi irlandzki inwestor John Patchell. Transakcja oznacza nowe spojrzenie na 16-to letni projekt. Jakie zmiany zajd\u0105 w najbli\u017cszym czasie w Galerii Askana? Sprawdzamy!<\/strong><\/p>\n\n\n\n<p>Nowy inwestor planuje szereg zmian zwi\u0105zanych z modernizacj\u0105 i od\u015bwie\u017ceniem wn\u0119trz Galerii Askana, nie trac\u0105c przy tym jej wyj\u0105tkowego charakteru i klimatu. Wszystko, by pod\u0105\u017ca\u0107 z nurtem czasu i dostosowa\u0107 si\u0119 do zmieniaj\u0105cych si\u0119 potrzeb odwiedzaj\u0105cych. Rozpocz\u0119to ju\u017c cz\u0119\u015b\u0107 prac zwi\u0105zanych z renowacj\u0105 istniej\u0105cych powierzchni tzw. face-lifting.<\/p>\n\n\n\n<figure class=\"wp-block-image size-large\"><img loading=\"lazy\" decoding=\"async\" width=\"1024\" height=\"484\" src=\"https:\/\/gorzow.news\/wp-content\/uploads\/2023\/09\/John-Patchell-Wlasciciel-Galerii-Askana_4-1024x484.jpg\" alt=\"\" class=\"wp-image-14534\" srcset=\"https:\/\/gorzow.news\/wp-content\/uploads\/2023\/09\/John-Patchell-Wlasciciel-Galerii-Askana_4-1024x484.jpg 1024w, https:\/\/gorzow.news\/wp-content\/uploads\/2023\/09\/John-Patchell-Wlasciciel-Galerii-Askana_4-300x142.jpg 300w, https:\/\/gorzow.news\/wp-content\/uploads\/2023\/09\/John-Patchell-Wlasciciel-Galerii-Askana_4-768x363.jpg 768w, https:\/\/gorzow.news\/wp-content\/uploads\/2023\/09\/John-Patchell-Wlasciciel-Galerii-Askana_4-1536x727.jpg 1536w, https:\/\/gorzow.news\/wp-content\/uploads\/2023\/09\/John-Patchell-Wlasciciel-Galerii-Askana_4-696x329.jpg 696w, https:\/\/gorzow.news\/wp-content\/uploads\/2023\/09\/John-Patchell-Wlasciciel-Galerii-Askana_4-1068x505.jpg 1068w, https:\/\/gorzow.news\/wp-content\/uploads\/2023\/09\/John-Patchell-Wlasciciel-Galerii-Askana_4.jpg 1600w\" sizes=\"auto, (max-width: 1024px) 100vw, 1024px\" \/><figcaption class=\"wp-element-caption\">John Patchell, nowy w\u0142a\u015bciciel Galerii Askana.<\/figcaption><\/figure>\n\n\n\n<p>&#8211; Zale\u017cy nam na komforcie naszych klient\u00f3w. Ws\u0142uchujemy si\u0119 w ich potrzeby. Ch\u0119tnie rozmawiamy o tym, co wed\u0142ug nich powinno si\u0119 zmieni\u0107, czego im brakuje, a tak\u017ce za co od lat kochaj\u0105 Askan\u0119. Wszystko po to, by wyj\u015b\u0107 im naprzeciw. Dostrzegam ogromny potencja\u0142 Askany i Gorzowa. Ka\u017cda wizyta sprawia, \u017ce odkrywam co\u015b na nowo. B\u0119d\u0105c w Askanie ch\u0119tnie rozmawiam z klientami, kt\u00f3rzy podkre\u015blaj\u0105 jak ceni\u0105 sobie klimat tego miejsca. Nowe inwestycje sprawi\u0105, \u017ce to miejsce o\u017cyje i po latach \u015bwietno\u015bci b\u0119dzie mia\u0142o swoje nowe otwarcie &#8211; m\u00f3wi nam <strong>John Patchell<\/strong>.<\/p>\n\n\n\n<p><strong>Parking<\/strong><\/p>\n\n\n\n<p>&#8211; Renowacji uleg\u0142y ju\u017c pierwsze poziomy parkingu \u2013 D i E. Oczywi\u015bcie w \u015blad za tym od\u015bwie\u017cone zostan\u0105 r\u00f3wnie\u017c pozosta\u0142e trzy poziomy. W zwi\u0105zku z pracami modernizacyjnymi, zar\u00f3wno od strony wizualnej, jak i technicznej parking we wrze\u015bniu i pa\u017adzierniku b\u0119dzie bezp\u0142atny &#8211; m\u00f3wi nam <strong>Anna Sip<\/strong>, dyrektor marketingu Galerii Askana.<\/p>\n\n\n\n<figure class=\"wp-block-image size-large\"><img loading=\"lazy\" decoding=\"async\" width=\"1024\" height=\"484\" src=\"https:\/\/gorzow.news\/wp-content\/uploads\/2023\/09\/IMG_20230827_170048-kopia-1024x484.jpg\" alt=\"\" class=\"wp-image-14533\" srcset=\"https:\/\/gorzow.news\/wp-content\/uploads\/2023\/09\/IMG_20230827_170048-kopia-1024x484.jpg 1024w, https:\/\/gorzow.news\/wp-content\/uploads\/2023\/09\/IMG_20230827_170048-kopia-300x142.jpg 300w, https:\/\/gorzow.news\/wp-content\/uploads\/2023\/09\/IMG_20230827_170048-kopia-768x363.jpg 768w, https:\/\/gorzow.news\/wp-content\/uploads\/2023\/09\/IMG_20230827_170048-kopia-1536x727.jpg 1536w, https:\/\/gorzow.news\/wp-content\/uploads\/2023\/09\/IMG_20230827_170048-kopia-696x329.jpg 696w, https:\/\/gorzow.news\/wp-content\/uploads\/2023\/09\/IMG_20230827_170048-kopia-1068x505.jpg 1068w, https:\/\/gorzow.news\/wp-content\/uploads\/2023\/09\/IMG_20230827_170048-kopia.jpg 1600w\" sizes=\"auto, (max-width: 1024px) 100vw, 1024px\" \/><figcaption class=\"wp-element-caption\">We wrze\u015bniu i w pa\u017adzierniku parking nadal b\u0119dzie bezp\u0142atny w zwi\u0105zku z pracami remontowymi.<\/figcaption><\/figure>\n\n\n\n<p><strong>Design galerii<\/strong><\/p>\n\n\n\n<p>Trwaj\u0105 prace architektoniczne zwi\u0105zane z remodelingiem istniej\u0105cego wystroju galerii. &#8211; Pierwszy etap obejmie poziom ulicy \u201estreet level\u201d (g\u0142\u00f3wne wej\u015bcie do Galerii Askana od strony Hotelu Qubus). Maj\u0105 one na celu podkre\u015blenie dotychczasowych, niezaprzeczalnych atut\u00f3w galerii i nadanie jej nowoczesnego, ale przytulnego charakteru. Jeste\u015bmy centrum miasta, a zmiany kt\u00f3re planujemy maj\u0105 sprawi\u0107, \u017ce mieszka\u0144cy b\u0119d\u0105 si\u0119 czuli u nas jeszcze bardziej komfortowo. Wkr\u00f3tce b\u0119dziemy mogli podzieli\u0107 si\u0119 z mieszka\u0144cami pierwszymi renderami przygotowanymi przez architekt\u00f3w. Zmieni si\u0119 strona wizualna galerii, od wystroju po system oznakowania. Miejsce nabierze od\u015bwie\u017conego charakteru. Uspokajamy \u2013 charakterystyczna kostka bezsprzecznie pozostaje z nami &#8211; m\u00f3wi Sip.<\/p>\n\n\n\n<figure class=\"wp-block-image size-large\"><img loading=\"lazy\" decoding=\"async\" width=\"1024\" height=\"484\" src=\"https:\/\/gorzow.news\/wp-content\/uploads\/2023\/09\/Galeria-Askana-w-Gorzowie-Wielkopolskim_4-1024x484.jpg\" alt=\"\" class=\"wp-image-14530\" srcset=\"https:\/\/gorzow.news\/wp-content\/uploads\/2023\/09\/Galeria-Askana-w-Gorzowie-Wielkopolskim_4-1024x484.jpg 1024w, https:\/\/gorzow.news\/wp-content\/uploads\/2023\/09\/Galeria-Askana-w-Gorzowie-Wielkopolskim_4-300x142.jpg 300w, https:\/\/gorzow.news\/wp-content\/uploads\/2023\/09\/Galeria-Askana-w-Gorzowie-Wielkopolskim_4-768x363.jpg 768w, https:\/\/gorzow.news\/wp-content\/uploads\/2023\/09\/Galeria-Askana-w-Gorzowie-Wielkopolskim_4-1536x727.jpg 1536w, https:\/\/gorzow.news\/wp-content\/uploads\/2023\/09\/Galeria-Askana-w-Gorzowie-Wielkopolskim_4-696x329.jpg 696w, https:\/\/gorzow.news\/wp-content\/uploads\/2023\/09\/Galeria-Askana-w-Gorzowie-Wielkopolskim_4-1068x505.jpg 1068w, https:\/\/gorzow.news\/wp-content\/uploads\/2023\/09\/Galeria-Askana-w-Gorzowie-Wielkopolskim_4.jpg 1600w\" sizes=\"auto, (max-width: 1024px) 100vw, 1024px\" \/><figcaption class=\"wp-element-caption\">G\u0142\u00f3wne wej\u015bcie do Galerii Askana od strony Hotelu Qubus.<\/figcaption><\/figure>\n\n\n\n<p><strong>Poziom komercjalizacji<\/strong><\/p>\n\n\n\n<p>Poziom komercjalizacji obiektu kszta\u0142tuje si\u0119 na poziomie 89 proc. &#8211; W ostatnim miesi\u0105cu na przed\u0142u\u017cenie um\u00f3w zdecydowa\u0142y si\u0119 du\u017ce i silne brandy, w tym m.in. Empik, CCC, New Yorker, co potwierdza potencja\u0142 projektu i atrakcyjno\u015b\u0107 jego lokalizacji. Jak wi\u0119kszo\u015b\u0107 obiekt\u00f3w handlowych mierzymy si\u0119 z trudno\u015bciami, ale widzimy pozytywny trend wzrostowy, je\u015bli chodzi o obroty i zainteresowanie potencjalnych najemc\u00f3w. Nasze nowe aran\u017cacje lokali do wynaj\u0119cia zach\u0119caj\u0105 i udowadniaj\u0105, \u017ce pomys\u0142 ma znaczenie. Prowadzimy kilka bardzo zaawansowanych rozm\u00f3w z nowymi markami i jednocze\u015bnie zapraszamy na spotkania lokalnych przedsi\u0119biorc\u00f3w, kt\u00f3rzy marz\u0105 o w\u0142asnym biznesie w galerii handlowej. Galeria Askana jest cz\u0119\u015bci\u0105 miasta, nie tylko z nazwy. Nowy Inwestor, to nowe mo\u017cliwo\u015bci i zamierzamy to udowodni\u0107. Trwaj\u0105 bardzo zaawansowane rozmowy r\u00f3wnie\u017c na temat poszerzenia oferty gastronomicznej galerii. Konkretne informacje przeka\u017cemy tu\u017c po podpisaniu um\u00f3w najmu &#8211; t\u0142umaczy Sip.<\/p>\n\n\n\n<p><strong>Fontanna<\/strong><\/p>\n\n\n\n<p>&#8211; Zdecydowali\u015bmy si\u0119 na wyburzenie niedzia\u0142aj\u0105cej fontanny a w jej miejscu powstanie du\u017ca strefa kawiarniana z wygodnymi fotelami. Przytulne miejsce spotka\u0144 w gronie przyjaci\u00f3\u0142 i rodziny. Taka zmiana, to odpowied\u017a na potrzeby naszych klient\u00f3w, kt\u00f3rzy poza zakupami w Askanie, lubi\u0105 tu po prostu sp\u0119dza\u0107 czas i takiego miejsca im brakowa\u0142o. Przytulny charakter, wygodne fotele, cyklicznie muzyka na \u017cywo. Doskona\u0142e miejsce, by m\u00f3c sp\u0119dzi\u0107 relaksuj\u0105ce chwile poza domem &#8211; zapowiada Sip.<\/p>\n\n\n\n<figure class=\"wp-block-image size-large\"><img loading=\"lazy\" decoding=\"async\" width=\"1024\" height=\"484\" src=\"https:\/\/gorzow.news\/wp-content\/uploads\/2023\/09\/IMG_20230827_162926-kopia-1024x484.jpg\" alt=\"\" class=\"wp-image-14532\" srcset=\"https:\/\/gorzow.news\/wp-content\/uploads\/2023\/09\/IMG_20230827_162926-kopia-1024x484.jpg 1024w, https:\/\/gorzow.news\/wp-content\/uploads\/2023\/09\/IMG_20230827_162926-kopia-300x142.jpg 300w, https:\/\/gorzow.news\/wp-content\/uploads\/2023\/09\/IMG_20230827_162926-kopia-768x363.jpg 768w, https:\/\/gorzow.news\/wp-content\/uploads\/2023\/09\/IMG_20230827_162926-kopia-1536x727.jpg 1536w, https:\/\/gorzow.news\/wp-content\/uploads\/2023\/09\/IMG_20230827_162926-kopia-696x329.jpg 696w, https:\/\/gorzow.news\/wp-content\/uploads\/2023\/09\/IMG_20230827_162926-kopia-1068x505.jpg 1068w, https:\/\/gorzow.news\/wp-content\/uploads\/2023\/09\/IMG_20230827_162926-kopia.jpg 1600w\" sizes=\"auto, (max-width: 1024px) 100vw, 1024px\" \/><figcaption class=\"wp-element-caption\">W miejscu wyburzonej fontanny powstanie du\u017ca strefa kawiarniana z wygodnymi fotelami.<\/figcaption><\/figure>\n\n\n\n<p><strong>Wie\u017ca widokowa<\/strong><\/p>\n\n\n\n<p>Wej\u015bcie na wie\u017c\u0119 widokow\u0105 jest tymczasowo zamkni\u0119te ze wzgl\u0119du na akty wandalizmu, kt\u00f3re mia\u0142y miejsce. &#8211; Po zamontowaniu odpowiednich zabezpiecze\u0144 i odnowieniu niekt\u00f3rych element\u00f3w, b\u0119dzie ponownie wie\u017c\u0105 widokow\u0105 jak za dawnych lat. Schody prowadz\u0105ce do punktu widokowego r\u00f3wnie\u017c zyskaj\u0105 ciekaw\u0105 aran\u017cacj\u0119 nawi\u0105zuj\u0105c\u0105 do Gorzowa z dawnych lat &#8211; ko\u0144czy Sip.<\/p>\n\n\n\n<p><strong>O Galerii Askana pisali\u015bmy tak\u017ce tutaj:<\/strong><br>&#8211; <a href=\"https:\/\/gorzow.news\/index.php\/2023\/08\/28\/galeria-askana-ma-nowego-wlasciciela\/\">Galeria Askana ma nowego w\u0142a\u015bciciela!<\/a><br>&#8211; <a href=\"https:\/\/gorzow.news\/index.php\/2023\/03\/07\/centra-i-parki-handlowe-jakie-sklepy-zostana-otwarte-w-gorzowie\/\">Centra i parki handlowe: Jakie sklepy zostan\u0105 otwarte w Gorzowie?<\/a><br>&#8211; <a href=\"https:\/\/gorzow.news\/index.php\/2023\/01\/30\/premium-multibrand-store-otwarty-w-galerii-askana-zdjecia\/\">Premium Multibrand Store otwarty w Galerii Askana (zdj\u0119cia)<\/a><br>&#8211; <a href=\"https:\/\/gorzow.news\/index.php\/2022\/12\/15\/polubiliscie-dealz-bedzie-drugi-sklep-tej-sieciowki-gdzie-i-kiedy\/\">Polubili\u015bcie Dealz? B\u0119dzie drugi sklep tej sieci\u00f3wki! Gdzie i kiedy?<\/a><\/p>\n","protected":false},"excerpt":{"rendered":"<p>W ubieg\u0142ym tygodniu informowali\u015bmy na \u0142amach GORZ\u00d3W.NEWS, \u017ce Galeria Askana zosta\u0142a sprzedana. Nowym w\u0142a\u015bcicielem Askany zosta\u0142 POLPROP 4 Sp. z o.o, na czele kt\u00f3rej stoi irlandzki inwestor John Patchell. Transakcja oznacza nowe spojrzenie na 16-to letni projekt. Jakie zmiany zajd\u0105 w najbli\u017cszym czasie w Galerii Askana? Sprawdzamy!<\/p>\n","protected":false},"author":1,"featured_media":14531,"comment_status":"open","ping_status":"open","sticky":false,"template":"","format":"standard","meta":{"footnotes":"","_links_to":"","_links_to_target":""},"categories":[2009,1624,589],"tags":[2111,121,96,2352,186,2369,947],"class_list":{"0":"post-14529","1":"post","2":"type-post","3":"status-publish","4":"format-standard","5":"has-post-thumbnail","7":"category-centrum-srodmiescie","8":"category-inwestycje-handlowe","9":"category-wiadomosci","10":"tag-anna-sip","11":"tag-fontanna","12":"tag-galeria-askana","13":"tag-john-patchell","14":"tag-parking","15":"tag-ppolprop-4-sp-z-o-o","16":"tag-wieza-widokowa"},"yoast_head":"<!-- This site is optimized with the Yoast SEO plugin v27.3 - https:\/\/yoast.com\/product\/yoast-seo-wordpress\/ -->\n<title>Jak zmieni si\u0119 Askana po sprzeda\u017cy? Sprawdzamy! (zdj\u0119cia) - Gorz\u00f3w News<\/title>\n<meta name=\"description\" content=\"W ubieg\u0142ym tygodniu informowali\u015bmy na \u0142amach GORZ\u00d3W.NEWS, \u017ce Galeria Askana zosta\u0142a sprzedana. Nowym w\u0142a\u015bcicielem Askany zosta\u0142 POLPROP 4 Sp.\" \/>\n<meta name=\"robots\" content=\"index, follow, max-snippet:-1, max-image-preview:large, max-video-preview:-1\" \/>\n<link rel=\"canonical\" href=\"https:\/\/gorzow.news\/index.php\/2023\/09\/05\/jak-zmieni-sie-askana-po-sprzedazy-sprawdzamy-zdjecia\/\" \/>\n<meta property=\"og:locale\" content=\"pl_PL\" \/>\n<meta property=\"og:type\" content=\"article\" \/>\n<meta property=\"og:title\" content=\"Jak zmieni si\u0119 Askana po sprzeda\u017cy? Sprawdzamy! (zdj\u0119cia) - Gorz\u00f3w News\" \/>\n<meta property=\"og:description\" content=\"W ubieg\u0142ym tygodniu informowali\u015bmy na \u0142amach GORZ\u00d3W.NEWS, \u017ce Galeria Askana zosta\u0142a sprzedana. Nowym w\u0142a\u015bcicielem Askany zosta\u0142 POLPROP 4 Sp.\" \/>\n<meta property=\"og:url\" content=\"https:\/\/gorzow.news\/index.php\/2023\/09\/05\/jak-zmieni-sie-askana-po-sprzedazy-sprawdzamy-zdjecia\/\" \/>\n<meta property=\"og:site_name\" content=\"Gorz\u00f3w News\" \/>\n<meta property=\"article:publisher\" content=\"https:\/\/www.facebook.com\/gorzowskinews\" \/>\n<meta property=\"article:published_time\" content=\"2023-09-05T09:39:51+00:00\" \/>\n<meta property=\"article:modified_time\" content=\"2023-09-05T09:39:52+00:00\" \/>\n<meta property=\"og:image\" content=\"https:\/\/gorzow.news\/wp-content\/uploads\/2023\/09\/Galeria-Askana-w-Gorzowie-Wielkopolskim_8.jpg\" \/>\n\t<meta property=\"og:image:width\" content=\"1280\" \/>\n\t<meta property=\"og:image:height\" content=\"605\" \/>\n\t<meta property=\"og:image:type\" content=\"image\/jpeg\" \/>\n<meta name=\"author\" content=\"maciej\" \/>\n<meta name=\"twitter:card\" content=\"summary_large_image\" \/>\n<meta name=\"twitter:label1\" content=\"Napisane przez\" \/>\n\t<meta name=\"twitter:data1\" content=\"maciej\" \/>\n\t<meta name=\"twitter:label2\" content=\"Szacowany czas czytania\" \/>\n\t<meta name=\"twitter:data2\" content=\"5 minut\" \/>\n<script type=\"application\/ld+json\" class=\"yoast-schema-graph\">{\"@context\":\"https:\\\/\\\/schema.org\",\"@graph\":[{\"@type\":\"Article\",\"@id\":\"https:\\\/\\\/gorzow.news\\\/index.php\\\/2023\\\/09\\\/05\\\/jak-zmieni-sie-askana-po-sprzedazy-sprawdzamy-zdjecia\\\/#article\",\"isPartOf\":{\"@id\":\"https:\\\/\\\/gorzow.news\\\/index.php\\\/2023\\\/09\\\/05\\\/jak-zmieni-sie-askana-po-sprzedazy-sprawdzamy-zdjecia\\\/\"},\"author\":{\"name\":\"maciej\",\"@id\":\"https:\\\/\\\/gorzow.news\\\/#\\\/schema\\\/person\\\/a1e5ab43166369f2ce236a1cd90995bb\"},\"headline\":\"Jak zmieni si\u0119 Askana po sprzeda\u017cy? Sprawdzamy! (zdj\u0119cia)\",\"datePublished\":\"2023-09-05T09:39:51+00:00\",\"dateModified\":\"2023-09-05T09:39:52+00:00\",\"mainEntityOfPage\":{\"@id\":\"https:\\\/\\\/gorzow.news\\\/index.php\\\/2023\\\/09\\\/05\\\/jak-zmieni-sie-askana-po-sprzedazy-sprawdzamy-zdjecia\\\/\"},\"wordCount\":826,\"commentCount\":2,\"image\":{\"@id\":\"https:\\\/\\\/gorzow.news\\\/index.php\\\/2023\\\/09\\\/05\\\/jak-zmieni-sie-askana-po-sprzedazy-sprawdzamy-zdjecia\\\/#primaryimage\"},\"thumbnailUrl\":\"https:\\\/\\\/gorzow.news\\\/wp-content\\\/uploads\\\/2023\\\/09\\\/Galeria-Askana-w-Gorzowie-Wielkopolskim_8.jpg\",\"keywords\":[\"Anna Sip\",\"fontanna\",\"Galeria Askana\",\"John Patchell\",\"parking\",\"PPOLPROP 4 Sp. z o.o.\",\"wie\u017ca widokowa\"],\"articleSection\":[\"Centrum \\\/ \u015ar\u00f3dmie\u015bcie\",\"Inwestycje handlowe\",\"Wiadomo\u015bci\"],\"inLanguage\":\"pl-PL\",\"potentialAction\":[{\"@type\":\"CommentAction\",\"name\":\"Comment\",\"target\":[\"https:\\\/\\\/gorzow.news\\\/index.php\\\/2023\\\/09\\\/05\\\/jak-zmieni-sie-askana-po-sprzedazy-sprawdzamy-zdjecia\\\/#respond\"]}]},{\"@type\":\"WebPage\",\"@id\":\"https:\\\/\\\/gorzow.news\\\/index.php\\\/2023\\\/09\\\/05\\\/jak-zmieni-sie-askana-po-sprzedazy-sprawdzamy-zdjecia\\\/\",\"url\":\"https:\\\/\\\/gorzow.news\\\/index.php\\\/2023\\\/09\\\/05\\\/jak-zmieni-sie-askana-po-sprzedazy-sprawdzamy-zdjecia\\\/\",\"name\":\"Jak zmieni si\u0119 Askana po sprzeda\u017cy? Sprawdzamy! (zdj\u0119cia) - Gorz\u00f3w News\",\"isPartOf\":{\"@id\":\"https:\\\/\\\/gorzow.news\\\/#website\"},\"primaryImageOfPage\":{\"@id\":\"https:\\\/\\\/gorzow.news\\\/index.php\\\/2023\\\/09\\\/05\\\/jak-zmieni-sie-askana-po-sprzedazy-sprawdzamy-zdjecia\\\/#primaryimage\"},\"image\":{\"@id\":\"https:\\\/\\\/gorzow.news\\\/index.php\\\/2023\\\/09\\\/05\\\/jak-zmieni-sie-askana-po-sprzedazy-sprawdzamy-zdjecia\\\/#primaryimage\"},\"thumbnailUrl\":\"https:\\\/\\\/gorzow.news\\\/wp-content\\\/uploads\\\/2023\\\/09\\\/Galeria-Askana-w-Gorzowie-Wielkopolskim_8.jpg\",\"datePublished\":\"2023-09-05T09:39:51+00:00\",\"dateModified\":\"2023-09-05T09:39:52+00:00\",\"author\":{\"@id\":\"https:\\\/\\\/gorzow.news\\\/#\\\/schema\\\/person\\\/a1e5ab43166369f2ce236a1cd90995bb\"},\"description\":\"W ubieg\u0142ym tygodniu informowali\u015bmy na \u0142amach GORZ\u00d3W.NEWS, \u017ce Galeria Askana zosta\u0142a sprzedana. Nowym w\u0142a\u015bcicielem Askany zosta\u0142 POLPROP 4 Sp. z o.o, na czele kt\u00f3rej stoi irlandzki inwestor John Patchell. Transakcja oznacza nowe spojrzenie na 16-to letni projekt. Jakie zmiany zajd\u0105 w najbli\u017cszym czasie w Galerii Askana? Sprawdzamy!\",\"breadcrumb\":{\"@id\":\"https:\\\/\\\/gorzow.news\\\/index.php\\\/2023\\\/09\\\/05\\\/jak-zmieni-sie-askana-po-sprzedazy-sprawdzamy-zdjecia\\\/#breadcrumb\"},\"inLanguage\":\"pl-PL\",\"potentialAction\":[{\"@type\":\"ReadAction\",\"target\":[\"https:\\\/\\\/gorzow.news\\\/index.php\\\/2023\\\/09\\\/05\\\/jak-zmieni-sie-askana-po-sprzedazy-sprawdzamy-zdjecia\\\/\"]}]},{\"@type\":\"ImageObject\",\"inLanguage\":\"pl-PL\",\"@id\":\"https:\\\/\\\/gorzow.news\\\/index.php\\\/2023\\\/09\\\/05\\\/jak-zmieni-sie-askana-po-sprzedazy-sprawdzamy-zdjecia\\\/#primaryimage\",\"url\":\"https:\\\/\\\/gorzow.news\\\/wp-content\\\/uploads\\\/2023\\\/09\\\/Galeria-Askana-w-Gorzowie-Wielkopolskim_8.jpg\",\"contentUrl\":\"https:\\\/\\\/gorzow.news\\\/wp-content\\\/uploads\\\/2023\\\/09\\\/Galeria-Askana-w-Gorzowie-Wielkopolskim_8.jpg\",\"width\":1280,\"height\":605,\"caption\":\"Galeria Askana\"},{\"@type\":\"BreadcrumbList\",\"@id\":\"https:\\\/\\\/gorzow.news\\\/index.php\\\/2023\\\/09\\\/05\\\/jak-zmieni-sie-askana-po-sprzedazy-sprawdzamy-zdjecia\\\/#breadcrumb\",\"itemListElement\":[{\"@type\":\"ListItem\",\"position\":1,\"name\":\"Home\",\"item\":\"https:\\\/\\\/gorzow.news\\\/\"},{\"@type\":\"ListItem\",\"position\":2,\"name\":\"Jak zmieni si\u0119 Askana po sprzeda\u017cy? Sprawdzamy! (zdj\u0119cia)\"}]},{\"@type\":\"WebSite\",\"@id\":\"https:\\\/\\\/gorzow.news\\\/#website\",\"url\":\"https:\\\/\\\/gorzow.news\\\/\",\"name\":\"Gorz\u00f3w News\",\"description\":\"Sp\u00f3jrz inaczej na miato i region...\",\"potentialAction\":[{\"@type\":\"SearchAction\",\"target\":{\"@type\":\"EntryPoint\",\"urlTemplate\":\"https:\\\/\\\/gorzow.news\\\/?s={search_term_string}\"},\"query-input\":{\"@type\":\"PropertyValueSpecification\",\"valueRequired\":true,\"valueName\":\"search_term_string\"}}],\"inLanguage\":\"pl-PL\"},{\"@type\":\"Person\",\"@id\":\"https:\\\/\\\/gorzow.news\\\/#\\\/schema\\\/person\\\/a1e5ab43166369f2ce236a1cd90995bb\",\"name\":\"maciej\",\"image\":{\"@type\":\"ImageObject\",\"inLanguage\":\"pl-PL\",\"@id\":\"https:\\\/\\\/secure.gravatar.com\\\/avatar\\\/530a674d56ba60cfa0ef21d74e8e8d123a51bb7aa6580465b5c2ab2c2e980a19?s=96&r=g&d=https:\\\/\\\/gorzow.news\\\/wp-content\\\/plugins\\\/userswp\\\/assets\\\/images\\\/no_profile.png\",\"url\":\"https:\\\/\\\/secure.gravatar.com\\\/avatar\\\/530a674d56ba60cfa0ef21d74e8e8d123a51bb7aa6580465b5c2ab2c2e980a19?s=96&r=g&d=https:\\\/\\\/gorzow.news\\\/wp-content\\\/plugins\\\/userswp\\\/assets\\\/images\\\/no_profile.png\",\"contentUrl\":\"https:\\\/\\\/secure.gravatar.com\\\/avatar\\\/530a674d56ba60cfa0ef21d74e8e8d123a51bb7aa6580465b5c2ab2c2e980a19?s=96&r=g&d=https:\\\/\\\/gorzow.news\\\/wp-content\\\/plugins\\\/userswp\\\/assets\\\/images\\\/no_profile.png\",\"caption\":\"maciej\"},\"url\":\"https:\\\/\\\/gorzow.news\\\/index.php\\\/profile\\\/maciej\\\/\"}]}<\/script>\n<!-- \/ Yoast SEO plugin. -->","yoast_head_json":{"title":"Jak zmieni si\u0119 Askana po sprzeda\u017cy? Sprawdzamy! (zdj\u0119cia) - Gorz\u00f3w News","description":"W ubieg\u0142ym tygodniu informowali\u015bmy na \u0142amach GORZ\u00d3W.NEWS, \u017ce Galeria Askana zosta\u0142a sprzedana. Nowym w\u0142a\u015bcicielem Askany zosta\u0142 POLPROP 4 Sp.","robots":{"index":"index","follow":"follow","max-snippet":"max-snippet:-1","max-image-preview":"max-image-preview:large","max-video-preview":"max-video-preview:-1"},"canonical":"https:\/\/gorzow.news\/index.php\/2023\/09\/05\/jak-zmieni-sie-askana-po-sprzedazy-sprawdzamy-zdjecia\/","og_locale":"pl_PL","og_type":"article","og_title":"Jak zmieni si\u0119 Askana po sprzeda\u017cy? Sprawdzamy! (zdj\u0119cia) - Gorz\u00f3w News","og_description":"W ubieg\u0142ym tygodniu informowali\u015bmy na \u0142amach GORZ\u00d3W.NEWS, \u017ce Galeria Askana zosta\u0142a sprzedana. Nowym w\u0142a\u015bcicielem Askany zosta\u0142 POLPROP 4 Sp.","og_url":"https:\/\/gorzow.news\/index.php\/2023\/09\/05\/jak-zmieni-sie-askana-po-sprzedazy-sprawdzamy-zdjecia\/","og_site_name":"Gorz\u00f3w News","article_publisher":"https:\/\/www.facebook.com\/gorzowskinews","article_published_time":"2023-09-05T09:39:51+00:00","article_modified_time":"2023-09-05T09:39:52+00:00","og_image":[{"width":1280,"height":605,"url":"https:\/\/gorzow.news\/wp-content\/uploads\/2023\/09\/Galeria-Askana-w-Gorzowie-Wielkopolskim_8.jpg","type":"image\/jpeg"}],"author":"maciej","twitter_card":"summary_large_image","twitter_misc":{"Napisane przez":"maciej","Szacowany czas czytania":"5 minut"},"schema":{"@context":"https:\/\/schema.org","@graph":[{"@type":"Article","@id":"https:\/\/gorzow.news\/index.php\/2023\/09\/05\/jak-zmieni-sie-askana-po-sprzedazy-sprawdzamy-zdjecia\/#article","isPartOf":{"@id":"https:\/\/gorzow.news\/index.php\/2023\/09\/05\/jak-zmieni-sie-askana-po-sprzedazy-sprawdzamy-zdjecia\/"},"author":{"name":"maciej","@id":"https:\/\/gorzow.news\/#\/schema\/person\/a1e5ab43166369f2ce236a1cd90995bb"},"headline":"Jak zmieni si\u0119 Askana po sprzeda\u017cy? Sprawdzamy! (zdj\u0119cia)","datePublished":"2023-09-05T09:39:51+00:00","dateModified":"2023-09-05T09:39:52+00:00","mainEntityOfPage":{"@id":"https:\/\/gorzow.news\/index.php\/2023\/09\/05\/jak-zmieni-sie-askana-po-sprzedazy-sprawdzamy-zdjecia\/"},"wordCount":826,"commentCount":2,"image":{"@id":"https:\/\/gorzow.news\/index.php\/2023\/09\/05\/jak-zmieni-sie-askana-po-sprzedazy-sprawdzamy-zdjecia\/#primaryimage"},"thumbnailUrl":"https:\/\/gorzow.news\/wp-content\/uploads\/2023\/09\/Galeria-Askana-w-Gorzowie-Wielkopolskim_8.jpg","keywords":["Anna Sip","fontanna","Galeria Askana","John Patchell","parking","PPOLPROP 4 Sp. z o.o.","wie\u017ca widokowa"],"articleSection":["Centrum \/ \u015ar\u00f3dmie\u015bcie","Inwestycje handlowe","Wiadomo\u015bci"],"inLanguage":"pl-PL","potentialAction":[{"@type":"CommentAction","name":"Comment","target":["https:\/\/gorzow.news\/index.php\/2023\/09\/05\/jak-zmieni-sie-askana-po-sprzedazy-sprawdzamy-zdjecia\/#respond"]}]},{"@type":"WebPage","@id":"https:\/\/gorzow.news\/index.php\/2023\/09\/05\/jak-zmieni-sie-askana-po-sprzedazy-sprawdzamy-zdjecia\/","url":"https:\/\/gorzow.news\/index.php\/2023\/09\/05\/jak-zmieni-sie-askana-po-sprzedazy-sprawdzamy-zdjecia\/","name":"Jak zmieni si\u0119 Askana po sprzeda\u017cy? Sprawdzamy! (zdj\u0119cia) - Gorz\u00f3w News","isPartOf":{"@id":"https:\/\/gorzow.news\/#website"},"primaryImageOfPage":{"@id":"https:\/\/gorzow.news\/index.php\/2023\/09\/05\/jak-zmieni-sie-askana-po-sprzedazy-sprawdzamy-zdjecia\/#primaryimage"},"image":{"@id":"https:\/\/gorzow.news\/index.php\/2023\/09\/05\/jak-zmieni-sie-askana-po-sprzedazy-sprawdzamy-zdjecia\/#primaryimage"},"thumbnailUrl":"https:\/\/gorzow.news\/wp-content\/uploads\/2023\/09\/Galeria-Askana-w-Gorzowie-Wielkopolskim_8.jpg","datePublished":"2023-09-05T09:39:51+00:00","dateModified":"2023-09-05T09:39:52+00:00","author":{"@id":"https:\/\/gorzow.news\/#\/schema\/person\/a1e5ab43166369f2ce236a1cd90995bb"},"description":"W ubieg\u0142ym tygodniu informowali\u015bmy na \u0142amach GORZ\u00d3W.NEWS, \u017ce Galeria Askana zosta\u0142a sprzedana. Nowym w\u0142a\u015bcicielem Askany zosta\u0142 POLPROP 4 Sp. z o.o, na czele kt\u00f3rej stoi irlandzki inwestor John Patchell. Transakcja oznacza nowe spojrzenie na 16-to letni projekt. Jakie zmiany zajd\u0105 w najbli\u017cszym czasie w Galerii Askana? Sprawdzamy!","breadcrumb":{"@id":"https:\/\/gorzow.news\/index.php\/2023\/09\/05\/jak-zmieni-sie-askana-po-sprzedazy-sprawdzamy-zdjecia\/#breadcrumb"},"inLanguage":"pl-PL","potentialAction":[{"@type":"ReadAction","target":["https:\/\/gorzow.news\/index.php\/2023\/09\/05\/jak-zmieni-sie-askana-po-sprzedazy-sprawdzamy-zdjecia\/"]}]},{"@type":"ImageObject","inLanguage":"pl-PL","@id":"https:\/\/gorzow.news\/index.php\/2023\/09\/05\/jak-zmieni-sie-askana-po-sprzedazy-sprawdzamy-zdjecia\/#primaryimage","url":"https:\/\/gorzow.news\/wp-content\/uploads\/2023\/09\/Galeria-Askana-w-Gorzowie-Wielkopolskim_8.jpg","contentUrl":"https:\/\/gorzow.news\/wp-content\/uploads\/2023\/09\/Galeria-Askana-w-Gorzowie-Wielkopolskim_8.jpg","width":1280,"height":605,"caption":"Galeria Askana"},{"@type":"BreadcrumbList","@id":"https:\/\/gorzow.news\/index.php\/2023\/09\/05\/jak-zmieni-sie-askana-po-sprzedazy-sprawdzamy-zdjecia\/#breadcrumb","itemListElement":[{"@type":"ListItem","position":1,"name":"Home","item":"https:\/\/gorzow.news\/"},{"@type":"ListItem","position":2,"name":"Jak zmieni si\u0119 Askana po sprzeda\u017cy? Sprawdzamy! (zdj\u0119cia)"}]},{"@type":"WebSite","@id":"https:\/\/gorzow.news\/#website","url":"https:\/\/gorzow.news\/","name":"Gorz\u00f3w News","description":"Sp\u00f3jrz inaczej na miato i region...","potentialAction":[{"@type":"SearchAction","target":{"@type":"EntryPoint","urlTemplate":"https:\/\/gorzow.news\/?s={search_term_string}"},"query-input":{"@type":"PropertyValueSpecification","valueRequired":true,"valueName":"search_term_string"}}],"inLanguage":"pl-PL"},{"@type":"Person","@id":"https:\/\/gorzow.news\/#\/schema\/person\/a1e5ab43166369f2ce236a1cd90995bb","name":"maciej","image":{"@type":"ImageObject","inLanguage":"pl-PL","@id":"https:\/\/secure.gravatar.com\/avatar\/530a674d56ba60cfa0ef21d74e8e8d123a51bb7aa6580465b5c2ab2c2e980a19?s=96&r=g&d=https:\/\/gorzow.news\/wp-content\/plugins\/userswp\/assets\/images\/no_profile.png","url":"https:\/\/secure.gravatar.com\/avatar\/530a674d56ba60cfa0ef21d74e8e8d123a51bb7aa6580465b5c2ab2c2e980a19?s=96&r=g&d=https:\/\/gorzow.news\/wp-content\/plugins\/userswp\/assets\/images\/no_profile.png","contentUrl":"https:\/\/secure.gravatar.com\/avatar\/530a674d56ba60cfa0ef21d74e8e8d123a51bb7aa6580465b5c2ab2c2e980a19?s=96&r=g&d=https:\/\/gorzow.news\/wp-content\/plugins\/userswp\/assets\/images\/no_profile.png","caption":"maciej"},"url":"https:\/\/gorzow.news\/index.php\/profile\/maciej\/"}]}},"_links":{"self":[{"href":"https:\/\/gorzow.news\/index.php\/wp-json\/wp\/v2\/posts\/14529","targetHints":{"allow":["GET"]}}],"collection":[{"href":"https:\/\/gorzow.news\/index.php\/wp-json\/wp\/v2\/posts"}],"about":[{"href":"https:\/\/gorzow.news\/index.php\/wp-json\/wp\/v2\/types\/post"}],"author":[{"embeddable":true,"href":"https:\/\/gorzow.news\/index.php\/wp-json\/wp\/v2\/users\/1"}],"replies":[{"embeddable":true,"href":"https:\/\/gorzow.news\/index.php\/wp-json\/wp\/v2\/comments?post=14529"}],"version-history":[{"count":1,"href":"https:\/\/gorzow.news\/index.php\/wp-json\/wp\/v2\/posts\/14529\/revisions"}],"predecessor-version":[{"id":14535,"href":"https:\/\/gorzow.news\/index.php\/wp-json\/wp\/v2\/posts\/14529\/revisions\/14535"}],"wp:featuredmedia":[{"embeddable":true,"href":"https:\/\/gorzow.news\/index.php\/wp-json\/wp\/v2\/media\/14531"}],"wp:attachment":[{"href":"https:\/\/gorzow.news\/index.php\/wp-json\/wp\/v2\/media?parent=14529"}],"wp:term":[{"taxonomy":"category","embeddable":true,"href":"https:\/\/gorzow.news\/index.php\/wp-json\/wp\/v2\/categories?post=14529"},{"taxonomy":"post_tag","embeddable":true,"href":"https:\/\/gorzow.news\/index.php\/wp-json\/wp\/v2\/tags?post=14529"}],"curies":[{"name":"wp","href":"https:\/\/api.w.org\/{rel}","templated":true}]}}