{"id":14317,"date":"2023-08-28T14:14:53","date_gmt":"2023-08-28T12:14:53","guid":{"rendered":"https:\/\/gorzow.news\/?p=14317"},"modified":"2023-08-28T14:26:26","modified_gmt":"2023-08-28T12:26:26","slug":"galeria-askana-ma-nowego-wlasciciela","status":"publish","type":"post","link":"https:\/\/gorzow.news\/index.php\/2023\/08\/28\/galeria-askana-ma-nowego-wlasciciela\/","title":{"rendered":"Galeria Askana ma nowego w\u0142a\u015bciciela!"},"content":{"rendered":"\n<p><strong>CREAM Property Advisors, do\u015bwiadczony i wieloletni Asset Manager zadba\u0142 o pozyskanie nowego inwestora dla niemal 16-to letniego projektu. To znacz\u0105ca transakcja na rynku centr\u00f3w handlowych i gorzowskim rynku nieruchomo\u015bci. Nowym inwestorem Galerii Askana jest POLPROP 4 Sp. z o.o, na czele kt\u00f3rej stoi irlandzki inwestor John Patchell. To wsp\u00f3lnie z nim, CREAM Property Advisors jako Asset Manager, realizuje opracowan\u0105 strategi\u0119 z pe\u0142nym zakresem us\u0142ug takich jak: komercjalizacja, zarz\u0105dzanie nieruchomo\u015bci\u0105, ksi\u0119gowo\u015b\u0107, a tak\u017ce marketing.<\/strong><\/p>\n\n\n\n<p>Inwestycja to wa\u017cny krok w rozwoju Galerii Askana, kt\u00f3ry pozwoli na zwi\u0119kszenie i wykorzystanie potencja\u0142u tego klimatycznego i oryginalnego projektu. John Patchell od 2004 roku jest inwestorem nieruchomo\u015bci komercyjnych i mieszkaniowych w Polsce i w innych krajach. By\u0142 r\u00f3wnie\u017c w\u0142a\u015bcicielem \u201cThe OldStorehouse Bar &amp; Restaurant\u201d w Dublinie.<\/p>\n\n\n\n<p>&#8211; W Galerii Askana zauroczy\u0142a mnie doskona\u0142a lokalizacja, wyj\u0105tkowy design i jej ponadczasowo\u015b\u0107. To miejsce stworzone z my\u015bl\u0105 o mieszka\u0144cach Gorzowa, dlatego jestem otwarty na wsp\u00f3\u0142prac\u0119 z lokalnymi przedsi\u0119biorcami, aby mogli oni realizowa\u0107 z nami swoje marzenia. Nie mog\u0119 doczeka\u0107 si\u0119 wsp\u00f3\u0142pracy z najemcami i naszych wsp\u00f3lnych dzia\u0142a\u0144. Askana to miejsce b\u0119d\u0105ce integraln\u0105 cz\u0119\u015bci\u0105 spo\u0142eczno\u015bci miasta. Chc\u0119, aby ka\u017cdy mieszkaniec Gorzowa i okolic czu\u0142 si\u0119 w Askanie, jak u siebie. Ciesz\u0119 si\u0119, \u017ce strategi\u0119 rozwoju centrum b\u0119d\u0119 realizowa\u0142 z tak do\u015bwiadczonym Asset Managerem jakim jest CREAM Property Advisors &#8211; m\u00f3wi sam w\u0142a\u015bciciel <strong>John Patchell<\/strong>.<\/p>\n\n\n\n<p>&#8211; Bardzo nas cieszy perspektywa zmian pod okiem nowego Inwestora, kt\u00f3ry planuje szereg prac zwi\u0105zanych z modernizacj\u0105 i od\u015bwie\u017ceniem wn\u0119trz Galerii Askana, nie trac\u0105c przy tym jej wyj\u0105tkowego charakteru i klimatu. Wszystko, by pod\u0105\u017ca\u0107 z nurtem czasu i dostosowa\u0107 si\u0119 do zmieniaj\u0105cych si\u0119 potrzeb odwiedzaj\u0105cych. Rozpocz\u0119to ju\u017c cz\u0119\u015b\u0107 prac zwi\u0105zanych z renowacj\u0105 istniej\u0105cych powierzchni. Architekci pracuj\u0105 r\u00f3wnie\u017c nad kompleksowym remodelingiem istniej\u0105cego wystroju galerii. Jestem przekonany, \u017ce mieszka\u0144cy Gorzowa i okolic, dla kt\u00f3rych Askana jest centrum miasta i miejscem zakup\u00f3w i spotka\u0144, b\u0119d\u0105 z niecierpliwo\u015bci\u0105 wyczekiwa\u0107 zmian w centrum. Od lat dzia\u0142amy blisko lokalnej spo\u0142eczno\u015bci i nadal b\u0119dziemy prowadzi\u0107 wiele dzia\u0142a\u0144 skierowanych w\u0142a\u015bnie do niej. W trakcie niemal 16-tu lat istnienia, Askana sta\u0142a si\u0119 silnym punktem na mapie miasta. My\u015blisz Gorz\u00f3w \u2013 my\u015blisz Askana &#8211; m\u00f3wi natomiast <strong>Bartosz Augusiak<\/strong>, dyrektor Galerii Askana.<\/p>\n\n\n\n<p>Galeria Askana to projekt ciesz\u0105cy si\u0119 zaufaniem zar\u00f3wno w\u015br\u00f3d klient\u00f3w, jak i najemc\u00f3w. W obiekcie obecne s\u0105 najlepsze polskie oraz mi\u0119dzynarodowe marki takie jak m.in.: Biedronka, Media Expert, H&amp;M, Ochnik, Vistula, Bytom, Kazar, Apart, Vision Express, Douglas, Solar i wiele innych oraz 5 salowe Kino Helios. Tylko w ostatnim miesi\u0105cu na przed\u0142u\u017cenie um\u00f3w zdecydowali si\u0119: Empik, CCC, New Yorker. Trwaj\u0105 r\u00f3wnie\u017c zaawansowane rozmowy na temat poszerzenia oferty gastronomicznej galerii.<\/p>\n","protected":false},"excerpt":{"rendered":"<p>CREAM Property Advisors, do\u015bwiadczony i wieloletni Asset Manager zadba\u0142 o pozyskanie nowego inwestora dla niemal 17-to letniego projektu. To znacz\u0105ca transakcja na rynku centr\u00f3w handlowych i gorzowskim rynku nieruchomo\u015bci. Nowym inwestorem Galerii Askana jest POLPROP 4 Sp. z o.o, na czele kt\u00f3rej stoi irlandzki inwestor John Patchell. To wsp\u00f3lnie z nim, CREAM Property Advisors jako Asset Manager, realizuje opracowan\u0105 strategi\u0119 z pe\u0142nym zakresem us\u0142ug takich jak: komercjalizacja, zarz\u0105dzanie nieruchomo\u015bci\u0105, ksi\u0119gowo\u015b\u0107, a tak\u017ce marketing.<\/p>\n","protected":false},"author":1,"featured_media":14318,"comment_status":"open","ping_status":"open","sticky":false,"template":"","format":"standard","meta":{"footnotes":"","_links_to":"","_links_to_target":""},"categories":[2009,1624,589],"tags":[2353,1928,96,2352,2351],"class_list":{"0":"post-14317","1":"post","2":"type-post","3":"status-publish","4":"format-standard","5":"has-post-thumbnail","7":"category-centrum-srodmiescie","8":"category-inwestycje-handlowe","9":"category-wiadomosci","10":"tag-bartosz-augusiak","11":"tag-cream-property-advisors","12":"tag-galeria-askana","13":"tag-john-patchell","14":"tag-polprop-4-sp-z-o-o"},"yoast_head":"<!-- This site is optimized with the Yoast SEO plugin v27.3 - https:\/\/yoast.com\/product\/yoast-seo-wordpress\/ -->\n<title>Galeria Askana ma nowego w\u0142a\u015bciciela! - Gorz\u00f3w News<\/title>\n<meta name=\"description\" content=\"CREAM Property Advisors, do\u015bwiadczony i wieloletni Asset Manager zadba\u0142 o pozyskanie nowego inwestora dla niemal 17-to letniego projektu. To znacz\u0105\" \/>\n<meta name=\"robots\" content=\"index, follow, max-snippet:-1, max-image-preview:large, max-video-preview:-1\" \/>\n<link rel=\"canonical\" href=\"https:\/\/gorzow.news\/index.php\/2023\/08\/28\/galeria-askana-ma-nowego-wlasciciela\/\" \/>\n<meta property=\"og:locale\" content=\"pl_PL\" \/>\n<meta property=\"og:type\" content=\"article\" \/>\n<meta property=\"og:title\" content=\"Galeria Askana ma nowego w\u0142a\u015bciciela! - Gorz\u00f3w News\" \/>\n<meta property=\"og:description\" content=\"CREAM Property Advisors, do\u015bwiadczony i wieloletni Asset Manager zadba\u0142 o pozyskanie nowego inwestora dla niemal 17-to letniego projektu. To znacz\u0105\" \/>\n<meta property=\"og:url\" content=\"https:\/\/gorzow.news\/index.php\/2023\/08\/28\/galeria-askana-ma-nowego-wlasciciela\/\" \/>\n<meta property=\"og:site_name\" content=\"Gorz\u00f3w News\" \/>\n<meta property=\"article:publisher\" content=\"https:\/\/www.facebook.com\/gorzowskinews\" \/>\n<meta property=\"article:published_time\" content=\"2023-08-28T12:14:53+00:00\" \/>\n<meta property=\"article:modified_time\" content=\"2023-08-28T12:26:26+00:00\" \/>\n<meta property=\"og:image\" content=\"https:\/\/gorzow.news\/wp-content\/uploads\/2023\/08\/IMG_20230827_162902.jpg\" \/>\n\t<meta property=\"og:image:width\" content=\"1600\" \/>\n\t<meta property=\"og:image:height\" content=\"757\" \/>\n\t<meta property=\"og:image:type\" content=\"image\/jpeg\" \/>\n<meta name=\"author\" content=\"maciej\" \/>\n<meta name=\"twitter:card\" content=\"summary_large_image\" \/>\n<meta name=\"twitter:label1\" content=\"Napisane przez\" \/>\n\t<meta name=\"twitter:data1\" content=\"maciej\" \/>\n\t<meta name=\"twitter:label2\" content=\"Szacowany czas czytania\" \/>\n\t<meta name=\"twitter:data2\" content=\"3 minuty\" \/>\n<script type=\"application\/ld+json\" class=\"yoast-schema-graph\">{\"@context\":\"https:\\\/\\\/schema.org\",\"@graph\":[{\"@type\":\"Article\",\"@id\":\"https:\\\/\\\/gorzow.news\\\/index.php\\\/2023\\\/08\\\/28\\\/galeria-askana-ma-nowego-wlasciciela\\\/#article\",\"isPartOf\":{\"@id\":\"https:\\\/\\\/gorzow.news\\\/index.php\\\/2023\\\/08\\\/28\\\/galeria-askana-ma-nowego-wlasciciela\\\/\"},\"author\":{\"name\":\"maciej\",\"@id\":\"https:\\\/\\\/gorzow.news\\\/#\\\/schema\\\/person\\\/a1e5ab43166369f2ce236a1cd90995bb\"},\"headline\":\"Galeria Askana ma nowego w\u0142a\u015bciciela!\",\"datePublished\":\"2023-08-28T12:14:53+00:00\",\"dateModified\":\"2023-08-28T12:26:26+00:00\",\"mainEntityOfPage\":{\"@id\":\"https:\\\/\\\/gorzow.news\\\/index.php\\\/2023\\\/08\\\/28\\\/galeria-askana-ma-nowego-wlasciciela\\\/\"},\"wordCount\":506,\"commentCount\":0,\"image\":{\"@id\":\"https:\\\/\\\/gorzow.news\\\/index.php\\\/2023\\\/08\\\/28\\\/galeria-askana-ma-nowego-wlasciciela\\\/#primaryimage\"},\"thumbnailUrl\":\"https:\\\/\\\/gorzow.news\\\/wp-content\\\/uploads\\\/2023\\\/08\\\/IMG_20230827_162902.jpg\",\"keywords\":[\"Bartosz Augusiak\",\"CREAM Property Advisors\",\"Galeria Askana\",\"John Patchell\",\"POLPROP 4 Sp. z o.o\"],\"articleSection\":[\"Centrum \\\/ \u015ar\u00f3dmie\u015bcie\",\"Inwestycje handlowe\",\"Wiadomo\u015bci\"],\"inLanguage\":\"pl-PL\",\"potentialAction\":[{\"@type\":\"CommentAction\",\"name\":\"Comment\",\"target\":[\"https:\\\/\\\/gorzow.news\\\/index.php\\\/2023\\\/08\\\/28\\\/galeria-askana-ma-nowego-wlasciciela\\\/#respond\"]}]},{\"@type\":\"WebPage\",\"@id\":\"https:\\\/\\\/gorzow.news\\\/index.php\\\/2023\\\/08\\\/28\\\/galeria-askana-ma-nowego-wlasciciela\\\/\",\"url\":\"https:\\\/\\\/gorzow.news\\\/index.php\\\/2023\\\/08\\\/28\\\/galeria-askana-ma-nowego-wlasciciela\\\/\",\"name\":\"Galeria Askana ma nowego w\u0142a\u015bciciela! - Gorz\u00f3w News\",\"isPartOf\":{\"@id\":\"https:\\\/\\\/gorzow.news\\\/#website\"},\"primaryImageOfPage\":{\"@id\":\"https:\\\/\\\/gorzow.news\\\/index.php\\\/2023\\\/08\\\/28\\\/galeria-askana-ma-nowego-wlasciciela\\\/#primaryimage\"},\"image\":{\"@id\":\"https:\\\/\\\/gorzow.news\\\/index.php\\\/2023\\\/08\\\/28\\\/galeria-askana-ma-nowego-wlasciciela\\\/#primaryimage\"},\"thumbnailUrl\":\"https:\\\/\\\/gorzow.news\\\/wp-content\\\/uploads\\\/2023\\\/08\\\/IMG_20230827_162902.jpg\",\"datePublished\":\"2023-08-28T12:14:53+00:00\",\"dateModified\":\"2023-08-28T12:26:26+00:00\",\"author\":{\"@id\":\"https:\\\/\\\/gorzow.news\\\/#\\\/schema\\\/person\\\/a1e5ab43166369f2ce236a1cd90995bb\"},\"description\":\"CREAM Property Advisors, do\u015bwiadczony i wieloletni Asset Manager zadba\u0142 o pozyskanie nowego inwestora dla niemal 17-to letniego projektu. To znacz\u0105ca transakcja na rynku centr\u00f3w handlowych i gorzowskim rynku nieruchomo\u015bci. Nowym inwestorem Galerii Askana jest POLPROP 4 Sp. z o.o, na czele kt\u00f3rej stoi irlandzki inwestor John Patchell. To wsp\u00f3lnie z nim, CREAM Property Advisors jako Asset Manager, realizuje opracowan\u0105 strategi\u0119 z pe\u0142nym zakresem us\u0142ug takich jak: komercjalizacja, zarz\u0105dzanie nieruchomo\u015bci\u0105, ksi\u0119gowo\u015b\u0107, a tak\u017ce marketing.\",\"breadcrumb\":{\"@id\":\"https:\\\/\\\/gorzow.news\\\/index.php\\\/2023\\\/08\\\/28\\\/galeria-askana-ma-nowego-wlasciciela\\\/#breadcrumb\"},\"inLanguage\":\"pl-PL\",\"potentialAction\":[{\"@type\":\"ReadAction\",\"target\":[\"https:\\\/\\\/gorzow.news\\\/index.php\\\/2023\\\/08\\\/28\\\/galeria-askana-ma-nowego-wlasciciela\\\/\"]}]},{\"@type\":\"ImageObject\",\"inLanguage\":\"pl-PL\",\"@id\":\"https:\\\/\\\/gorzow.news\\\/index.php\\\/2023\\\/08\\\/28\\\/galeria-askana-ma-nowego-wlasciciela\\\/#primaryimage\",\"url\":\"https:\\\/\\\/gorzow.news\\\/wp-content\\\/uploads\\\/2023\\\/08\\\/IMG_20230827_162902.jpg\",\"contentUrl\":\"https:\\\/\\\/gorzow.news\\\/wp-content\\\/uploads\\\/2023\\\/08\\\/IMG_20230827_162902.jpg\",\"width\":1600,\"height\":757,\"caption\":\"Galeria Askana ma nowego w\u0142a\u015bciciela. Pierwsze zakupy mo\u017cna by\u0142o tu zrobi\u0107 29 wrze\u015bnia 2007 roku.\"},{\"@type\":\"BreadcrumbList\",\"@id\":\"https:\\\/\\\/gorzow.news\\\/index.php\\\/2023\\\/08\\\/28\\\/galeria-askana-ma-nowego-wlasciciela\\\/#breadcrumb\",\"itemListElement\":[{\"@type\":\"ListItem\",\"position\":1,\"name\":\"Home\",\"item\":\"https:\\\/\\\/gorzow.news\\\/\"},{\"@type\":\"ListItem\",\"position\":2,\"name\":\"Galeria Askana ma nowego w\u0142a\u015bciciela!\"}]},{\"@type\":\"WebSite\",\"@id\":\"https:\\\/\\\/gorzow.news\\\/#website\",\"url\":\"https:\\\/\\\/gorzow.news\\\/\",\"name\":\"Gorz\u00f3w News\",\"description\":\"Sp\u00f3jrz inaczej na miato i region...\",\"potentialAction\":[{\"@type\":\"SearchAction\",\"target\":{\"@type\":\"EntryPoint\",\"urlTemplate\":\"https:\\\/\\\/gorzow.news\\\/?s={search_term_string}\"},\"query-input\":{\"@type\":\"PropertyValueSpecification\",\"valueRequired\":true,\"valueName\":\"search_term_string\"}}],\"inLanguage\":\"pl-PL\"},{\"@type\":\"Person\",\"@id\":\"https:\\\/\\\/gorzow.news\\\/#\\\/schema\\\/person\\\/a1e5ab43166369f2ce236a1cd90995bb\",\"name\":\"maciej\",\"image\":{\"@type\":\"ImageObject\",\"inLanguage\":\"pl-PL\",\"@id\":\"https:\\\/\\\/secure.gravatar.com\\\/avatar\\\/530a674d56ba60cfa0ef21d74e8e8d123a51bb7aa6580465b5c2ab2c2e980a19?s=96&r=g&d=https:\\\/\\\/gorzow.news\\\/wp-content\\\/plugins\\\/userswp\\\/assets\\\/images\\\/no_profile.png\",\"url\":\"https:\\\/\\\/secure.gravatar.com\\\/avatar\\\/530a674d56ba60cfa0ef21d74e8e8d123a51bb7aa6580465b5c2ab2c2e980a19?s=96&r=g&d=https:\\\/\\\/gorzow.news\\\/wp-content\\\/plugins\\\/userswp\\\/assets\\\/images\\\/no_profile.png\",\"contentUrl\":\"https:\\\/\\\/secure.gravatar.com\\\/avatar\\\/530a674d56ba60cfa0ef21d74e8e8d123a51bb7aa6580465b5c2ab2c2e980a19?s=96&r=g&d=https:\\\/\\\/gorzow.news\\\/wp-content\\\/plugins\\\/userswp\\\/assets\\\/images\\\/no_profile.png\",\"caption\":\"maciej\"},\"url\":\"https:\\\/\\\/gorzow.news\\\/index.php\\\/profile\\\/maciej\\\/\"}]}<\/script>\n<!-- \/ Yoast SEO plugin. -->","yoast_head_json":{"title":"Galeria Askana ma nowego w\u0142a\u015bciciela! - Gorz\u00f3w News","description":"CREAM Property Advisors, do\u015bwiadczony i wieloletni Asset Manager zadba\u0142 o pozyskanie nowego inwestora dla niemal 17-to letniego projektu. To znacz\u0105","robots":{"index":"index","follow":"follow","max-snippet":"max-snippet:-1","max-image-preview":"max-image-preview:large","max-video-preview":"max-video-preview:-1"},"canonical":"https:\/\/gorzow.news\/index.php\/2023\/08\/28\/galeria-askana-ma-nowego-wlasciciela\/","og_locale":"pl_PL","og_type":"article","og_title":"Galeria Askana ma nowego w\u0142a\u015bciciela! - Gorz\u00f3w News","og_description":"CREAM Property Advisors, do\u015bwiadczony i wieloletni Asset Manager zadba\u0142 o pozyskanie nowego inwestora dla niemal 17-to letniego projektu. To znacz\u0105","og_url":"https:\/\/gorzow.news\/index.php\/2023\/08\/28\/galeria-askana-ma-nowego-wlasciciela\/","og_site_name":"Gorz\u00f3w News","article_publisher":"https:\/\/www.facebook.com\/gorzowskinews","article_published_time":"2023-08-28T12:14:53+00:00","article_modified_time":"2023-08-28T12:26:26+00:00","og_image":[{"width":1600,"height":757,"url":"https:\/\/gorzow.news\/wp-content\/uploads\/2023\/08\/IMG_20230827_162902.jpg","type":"image\/jpeg"}],"author":"maciej","twitter_card":"summary_large_image","twitter_misc":{"Napisane przez":"maciej","Szacowany czas czytania":"3 minuty"},"schema":{"@context":"https:\/\/schema.org","@graph":[{"@type":"Article","@id":"https:\/\/gorzow.news\/index.php\/2023\/08\/28\/galeria-askana-ma-nowego-wlasciciela\/#article","isPartOf":{"@id":"https:\/\/gorzow.news\/index.php\/2023\/08\/28\/galeria-askana-ma-nowego-wlasciciela\/"},"author":{"name":"maciej","@id":"https:\/\/gorzow.news\/#\/schema\/person\/a1e5ab43166369f2ce236a1cd90995bb"},"headline":"Galeria Askana ma nowego w\u0142a\u015bciciela!","datePublished":"2023-08-28T12:14:53+00:00","dateModified":"2023-08-28T12:26:26+00:00","mainEntityOfPage":{"@id":"https:\/\/gorzow.news\/index.php\/2023\/08\/28\/galeria-askana-ma-nowego-wlasciciela\/"},"wordCount":506,"commentCount":0,"image":{"@id":"https:\/\/gorzow.news\/index.php\/2023\/08\/28\/galeria-askana-ma-nowego-wlasciciela\/#primaryimage"},"thumbnailUrl":"https:\/\/gorzow.news\/wp-content\/uploads\/2023\/08\/IMG_20230827_162902.jpg","keywords":["Bartosz Augusiak","CREAM Property Advisors","Galeria Askana","John Patchell","POLPROP 4 Sp. z o.o"],"articleSection":["Centrum \/ \u015ar\u00f3dmie\u015bcie","Inwestycje handlowe","Wiadomo\u015bci"],"inLanguage":"pl-PL","potentialAction":[{"@type":"CommentAction","name":"Comment","target":["https:\/\/gorzow.news\/index.php\/2023\/08\/28\/galeria-askana-ma-nowego-wlasciciela\/#respond"]}]},{"@type":"WebPage","@id":"https:\/\/gorzow.news\/index.php\/2023\/08\/28\/galeria-askana-ma-nowego-wlasciciela\/","url":"https:\/\/gorzow.news\/index.php\/2023\/08\/28\/galeria-askana-ma-nowego-wlasciciela\/","name":"Galeria Askana ma nowego w\u0142a\u015bciciela! - Gorz\u00f3w News","isPartOf":{"@id":"https:\/\/gorzow.news\/#website"},"primaryImageOfPage":{"@id":"https:\/\/gorzow.news\/index.php\/2023\/08\/28\/galeria-askana-ma-nowego-wlasciciela\/#primaryimage"},"image":{"@id":"https:\/\/gorzow.news\/index.php\/2023\/08\/28\/galeria-askana-ma-nowego-wlasciciela\/#primaryimage"},"thumbnailUrl":"https:\/\/gorzow.news\/wp-content\/uploads\/2023\/08\/IMG_20230827_162902.jpg","datePublished":"2023-08-28T12:14:53+00:00","dateModified":"2023-08-28T12:26:26+00:00","author":{"@id":"https:\/\/gorzow.news\/#\/schema\/person\/a1e5ab43166369f2ce236a1cd90995bb"},"description":"CREAM Property Advisors, do\u015bwiadczony i wieloletni Asset Manager zadba\u0142 o pozyskanie nowego inwestora dla niemal 17-to letniego projektu. To znacz\u0105ca transakcja na rynku centr\u00f3w handlowych i gorzowskim rynku nieruchomo\u015bci. Nowym inwestorem Galerii Askana jest POLPROP 4 Sp. z o.o, na czele kt\u00f3rej stoi irlandzki inwestor John Patchell. To wsp\u00f3lnie z nim, CREAM Property Advisors jako Asset Manager, realizuje opracowan\u0105 strategi\u0119 z pe\u0142nym zakresem us\u0142ug takich jak: komercjalizacja, zarz\u0105dzanie nieruchomo\u015bci\u0105, ksi\u0119gowo\u015b\u0107, a tak\u017ce marketing.","breadcrumb":{"@id":"https:\/\/gorzow.news\/index.php\/2023\/08\/28\/galeria-askana-ma-nowego-wlasciciela\/#breadcrumb"},"inLanguage":"pl-PL","potentialAction":[{"@type":"ReadAction","target":["https:\/\/gorzow.news\/index.php\/2023\/08\/28\/galeria-askana-ma-nowego-wlasciciela\/"]}]},{"@type":"ImageObject","inLanguage":"pl-PL","@id":"https:\/\/gorzow.news\/index.php\/2023\/08\/28\/galeria-askana-ma-nowego-wlasciciela\/#primaryimage","url":"https:\/\/gorzow.news\/wp-content\/uploads\/2023\/08\/IMG_20230827_162902.jpg","contentUrl":"https:\/\/gorzow.news\/wp-content\/uploads\/2023\/08\/IMG_20230827_162902.jpg","width":1600,"height":757,"caption":"Galeria Askana ma nowego w\u0142a\u015bciciela. Pierwsze zakupy mo\u017cna by\u0142o tu zrobi\u0107 29 wrze\u015bnia 2007 roku."},{"@type":"BreadcrumbList","@id":"https:\/\/gorzow.news\/index.php\/2023\/08\/28\/galeria-askana-ma-nowego-wlasciciela\/#breadcrumb","itemListElement":[{"@type":"ListItem","position":1,"name":"Home","item":"https:\/\/gorzow.news\/"},{"@type":"ListItem","position":2,"name":"Galeria Askana ma nowego w\u0142a\u015bciciela!"}]},{"@type":"WebSite","@id":"https:\/\/gorzow.news\/#website","url":"https:\/\/gorzow.news\/","name":"Gorz\u00f3w News","description":"Sp\u00f3jrz inaczej na miato i region...","potentialAction":[{"@type":"SearchAction","target":{"@type":"EntryPoint","urlTemplate":"https:\/\/gorzow.news\/?s={search_term_string}"},"query-input":{"@type":"PropertyValueSpecification","valueRequired":true,"valueName":"search_term_string"}}],"inLanguage":"pl-PL"},{"@type":"Person","@id":"https:\/\/gorzow.news\/#\/schema\/person\/a1e5ab43166369f2ce236a1cd90995bb","name":"maciej","image":{"@type":"ImageObject","inLanguage":"pl-PL","@id":"https:\/\/secure.gravatar.com\/avatar\/530a674d56ba60cfa0ef21d74e8e8d123a51bb7aa6580465b5c2ab2c2e980a19?s=96&r=g&d=https:\/\/gorzow.news\/wp-content\/plugins\/userswp\/assets\/images\/no_profile.png","url":"https:\/\/secure.gravatar.com\/avatar\/530a674d56ba60cfa0ef21d74e8e8d123a51bb7aa6580465b5c2ab2c2e980a19?s=96&r=g&d=https:\/\/gorzow.news\/wp-content\/plugins\/userswp\/assets\/images\/no_profile.png","contentUrl":"https:\/\/secure.gravatar.com\/avatar\/530a674d56ba60cfa0ef21d74e8e8d123a51bb7aa6580465b5c2ab2c2e980a19?s=96&r=g&d=https:\/\/gorzow.news\/wp-content\/plugins\/userswp\/assets\/images\/no_profile.png","caption":"maciej"},"url":"https:\/\/gorzow.news\/index.php\/profile\/maciej\/"}]}},"_links":{"self":[{"href":"https:\/\/gorzow.news\/index.php\/wp-json\/wp\/v2\/posts\/14317","targetHints":{"allow":["GET"]}}],"collection":[{"href":"https:\/\/gorzow.news\/index.php\/wp-json\/wp\/v2\/posts"}],"about":[{"href":"https:\/\/gorzow.news\/index.php\/wp-json\/wp\/v2\/types\/post"}],"author":[{"embeddable":true,"href":"https:\/\/gorzow.news\/index.php\/wp-json\/wp\/v2\/users\/1"}],"replies":[{"embeddable":true,"href":"https:\/\/gorzow.news\/index.php\/wp-json\/wp\/v2\/comments?post=14317"}],"version-history":[{"count":2,"href":"https:\/\/gorzow.news\/index.php\/wp-json\/wp\/v2\/posts\/14317\/revisions"}],"predecessor-version":[{"id":14320,"href":"https:\/\/gorzow.news\/index.php\/wp-json\/wp\/v2\/posts\/14317\/revisions\/14320"}],"wp:featuredmedia":[{"embeddable":true,"href":"https:\/\/gorzow.news\/index.php\/wp-json\/wp\/v2\/media\/14318"}],"wp:attachment":[{"href":"https:\/\/gorzow.news\/index.php\/wp-json\/wp\/v2\/media?parent=14317"}],"wp:term":[{"taxonomy":"category","embeddable":true,"href":"https:\/\/gorzow.news\/index.php\/wp-json\/wp\/v2\/categories?post=14317"},{"taxonomy":"post_tag","embeddable":true,"href":"https:\/\/gorzow.news\/index.php\/wp-json\/wp\/v2\/tags?post=14317"}],"curies":[{"name":"wp","href":"https:\/\/api.w.org\/{rel}","templated":true}]}}