{"id":14234,"date":"2023-08-23T12:57:29","date_gmt":"2023-08-23T10:57:29","guid":{"rendered":"https:\/\/gorzow.news\/?p=14234"},"modified":"2023-12-02T19:00:34","modified_gmt":"2023-12-02T18:00:34","slug":"budowany-park-logistyczny-mlp-gorzow-ma-pierwszego-najemce","status":"publish","type":"post","link":"https:\/\/gorzow.news\/index.php\/2023\/08\/23\/budowany-park-logistyczny-mlp-gorzow-ma-pierwszego-najemce\/","title":{"rendered":"Budowany park logistyczny MLP Gorz\u00f3w ma pierwszego najemc\u0119"},"content":{"rendered":"\n<p><strong>Sunrise Medical, \u015bwiatowy lider w rozwoju, wzornictwie, produkcji i dystrybucji w\u00f3zk\u00f3w manualnych, elektrycznych, skuter\u00f3w i zar\u00f3wno standardowych, jak i niestandardowych siedzisk i system\u00f3w pozycjonowania wynaj\u0105\u0142 9,2 tys. mkw. nowoczesnej powierzchni w MLP Gorz\u00f3w. Firma Sunrise Medical zosta\u0142a tym samym pierwszym najemc\u0105 nowego centrum logistycznego. Nowy obiekt b\u0119dzie gotowy do u\u017cytkowania ju\u017c w lutym 2024 r. Zgodnie z planem inwestycja zostanie poddana certyfikacji ekologicznej BREEAM New Construction, na poziomie Excellent.<\/strong><\/p>\n\n\n\n<p>MLP Group zawar\u0142o pierwsz\u0105 umow\u0119 najmu w ramach budowanego od podstaw centrum logistycznego MLP Gorz\u00f3w. Firma Sunrise Medical zam\u00f3wi\u0142a \u0142\u0105cznie 9,2 tys. mkw. nowoczesnej powierzchni. Z tego pomieszczenia produkcyjne i magazynowe zajm\u0105 8,1 tys. mkw. Najemca b\u0119dzie korzysta\u0142 r\u00f3wnie\u017c z nowoczesnego 3-kondygnacyjnego biura wyposa\u017conego w wind\u0119 oraz inne udogodnienia dla os\u00f3b z niepe\u0142nosprawno\u015bci\u0105, o \u0142\u0105cznej powierzchni 1,1 tys. mkw. Przekazanie zakontraktowanej powierzchni planowane jest w pierwszym kwartale 2024 r.<\/p>\n\n\n\n<p>Sunrise Medical jest \u015bwiatowym liderem w rozwoju, wzornictwie, produkcji i dystrybucji w\u00f3zk\u00f3w manualnych, elektrycznych, skuter\u00f3w i zar\u00f3wno standardowych, jak i niestandardowych siedzisk i system\u00f3w pozycjonowania.<\/p>\n\n\n\n<p>Najemc\u0119 przy poszukiwaniu odpowiedniej lokalizacji oraz w procesie negocjacji wspiera\u0142a firma doradcza Knight Frank.<\/p>\n\n\n\n<p>&#8211; Doradzaj\u0105c naszemu klientowi mieli\u015bmy \u015bwiadomo\u015b\u0107, \u017ce kluczowa dla Sunrise Medical jest jako\u015b\u0107. Od samego pocz\u0105tku rozm\u00f3w z potencjalnymi deweloperami przy\u015bwieca\u0142a nam idea magazynu \u2013 wizyt\u00f3wki. Szczeg\u00f3ln\u0105 uwag\u0119 Sunrise Medical przyk\u0142ada\u0142 do wdro\u017conych w obiektach nowoczesnych technologii oraz zielonych rozwi\u0105zaniach. Profesjonalne podej\u015bcie ze strony MLP w trakcie ca\u0142ego procesu oraz gwarancja wysokiej jako\u015bci produktu potwierdzi\u0142y wst\u0119pne zainteresowanie obiektem MLP Gorz\u00f3w, na kt\u00f3ry finalnie zdecydowa\u0142 si\u0119 nasz klient. Cieszymy si\u0119 z faktu, \u017ce uda\u0142o si\u0119 nam zako\u0144czy\u0107 transakcj\u0119 sukcesem i wierzymy, \u017ce przyniesie ona wiele korzy\u015bci obu stronom \u2013 m\u00f3wi <strong>Przemys\u0142aw Jankowski<\/strong>, senior leasing manager w Knight Frank, kt\u00f3ry reprezentowa\u0142 najemc\u0119.<\/p>\n\n\n\n<p>Wynaj\u0119ta firmie Sunrise Medical powierzchnia znajduje si\u0119 w hali, kt\u00f3rej realizacja rozpocz\u0119\u0142a si\u0119 w maju br. na zasadach spekulacyjnych, czyli bez wcze\u015bniej zawartych um\u00f3w najmu. W ramach tej fazy projektu powstanie obiekt oferuj\u0105cy docelowo 20 tys. mkw. nowoczesnej powierzchni magazynowej .<\/p>\n\n\n\n<p>&#8211; Bardzo cieszymy si\u0119 z zawarcia pierwszej umowy najmu w nowym centrum logistycznym w Gorzowie Wielkopolskim. Zawarcie transakcji w pocz\u0105tkowej fazie realizacji tej inwestycji potwierdza du\u017ce zainteresowanie inwestor\u00f3w nasz\u0105 now\u0105 ofert\u0105 zlokalizowan\u0105 blisko zachodniej granicy Polski. Jeste\u015bmy przekonani, \u017ce pozosta\u0142\u0105 powierzchni\u0119 budowan\u0105 na zasadach spekulacyjnych, skomercjalizujemy jeszcze przed oddaniem jej do u\u017cytkowania, co jest planowane na pierwszy kwarta\u0142 przysz\u0142ego roku \u2013 podkre\u015bla <strong>Agnieszka G\u00f3\u017ad\u017a<\/strong>, cz\u0142onek zarz\u0105du, chief development officer, MLP Group S.A.<\/p>\n\n\n\n<p>MLP Group w ramach rozbudowy portfela magazynowego mocno stawia na zr\u00f3wnowa\u017cony rozw\u00f3j. Tak b\u0119dzie r\u00f3wnie\u017c w przypadku budowy obiekt\u00f3w w MLP Gorz\u00f3w Wielkopolski. W przypadku pierwszej powstaj\u0105cej hali celem jest uzyskanie certyfikatu ekologicznego BREEAM New Construction na poziomie Excellent. Obiekt b\u0119dzie przystosowany do wykorzystywania zielonej energii. W ramach projektu zainstalowane zostan\u0105 tak\u017ce m.in. pompy ciep\u0142a, \u0142adowarki do samochod\u00f3w elektrycznych oraz stojaki na rowery.<\/p>\n\n\n\n<p>MLP Gorz\u00f3w powstaje na dzia\u0142ce o powierzchni 11,7 hektara. Docelowo b\u0119dzie oferowa\u0142 \u0142\u0105cznie 53,3 tys. mkw. powierzchni magazynowej oraz przeznaczonej pod lekk\u0105 produkcj\u0119. Kompleks logistyczny skierowany b\u0119dzie przede wszystkim do najemc\u00f3w z sektora e-commerce, logistyki, dystrybucji oraz lekkiej produkcji.<\/p>\n","protected":false},"excerpt":{"rendered":"<p>Sunrise Medical, \u015bwiatowy lider w rozwoju, wzornictwie, produkcji i dystrybucji w\u00f3zk\u00f3w manualnych, elektrycznych, skuter\u00f3w i zar\u00f3wno standardowych, jak i niestandardowych siedzisk i system\u00f3w pozycjonowania wynaj\u0105\u0142 9,2 tys. mkw. nowoczesnej powierzchni w MLP Gorz\u00f3w. Firma Sunrise Medical zosta\u0142a tym samym pierwszym najemc\u0105 nowego centrum logistycznego. Nowy obiekt b\u0119dzie gotowy do u\u017cytkowania ju\u017c w lutym 2024 r. [&hellip;]<\/p>\n","protected":false},"author":1,"featured_media":11820,"comment_status":"open","ping_status":"open","sticky":false,"template":"","format":"standard","meta":{"footnotes":"","_links_to":"","_links_to_target":""},"categories":[1627,2014],"tags":[2343,2341,392,1436,2340,2342],"class_list":{"0":"post-14234","1":"post","2":"type-post","3":"status-publish","4":"format-standard","5":"has-post-thumbnail","7":"category-magazyny","8":"category-wieprzyce","9":"tag-agnieszka-gozdz","10":"tag-mlp-gorzow","11":"tag-mlp-group","12":"tag-mosiezna","13":"tag-przemyslaw-jankowski","14":"tag-sunrise-medical"},"yoast_head":"<!-- This site is optimized with the Yoast SEO plugin v27.3 - https:\/\/yoast.com\/product\/yoast-seo-wordpress\/ -->\n<title>Budowany park logistyczny MLP Gorz\u00f3w ma pierwszego najemc\u0119 - Gorz\u00f3w News<\/title>\n<meta name=\"description\" content=\"Sunrise Medical, \u015bwiatowy lider w rozwoju, wzornictwie, produkcji i dystrybucji w\u00f3zk\u00f3w manualnych, elektrycznych, skuter\u00f3w i zar\u00f3wno standardowyc\" \/>\n<meta name=\"robots\" content=\"index, follow, max-snippet:-1, max-image-preview:large, max-video-preview:-1\" \/>\n<link rel=\"canonical\" href=\"https:\/\/gorzow.news\/index.php\/2023\/08\/23\/budowany-park-logistyczny-mlp-gorzow-ma-pierwszego-najemce\/\" \/>\n<meta property=\"og:locale\" content=\"pl_PL\" \/>\n<meta property=\"og:type\" content=\"article\" \/>\n<meta property=\"og:title\" content=\"Budowany park logistyczny MLP Gorz\u00f3w ma pierwszego najemc\u0119 - Gorz\u00f3w News\" \/>\n<meta property=\"og:description\" content=\"Sunrise Medical, \u015bwiatowy lider w rozwoju, wzornictwie, produkcji i dystrybucji w\u00f3zk\u00f3w manualnych, elektrycznych, skuter\u00f3w i zar\u00f3wno standardowyc\" \/>\n<meta property=\"og:url\" content=\"https:\/\/gorzow.news\/index.php\/2023\/08\/23\/budowany-park-logistyczny-mlp-gorzow-ma-pierwszego-najemce\/\" \/>\n<meta property=\"og:site_name\" content=\"Gorz\u00f3w News\" \/>\n<meta property=\"article:publisher\" content=\"https:\/\/www.facebook.com\/gorzowskinews\" \/>\n<meta property=\"article:published_time\" content=\"2023-08-23T10:57:29+00:00\" \/>\n<meta property=\"article:modified_time\" content=\"2023-12-02T18:00:34+00:00\" \/>\n<meta property=\"og:image\" content=\"https:\/\/gorzow.news\/wp-content\/uploads\/2023\/02\/MLP_Gorzow_uj01-3-scaled-1.jpg\" \/>\n\t<meta property=\"og:image:width\" content=\"2560\" \/>\n\t<meta property=\"og:image:height\" content=\"1314\" \/>\n\t<meta property=\"og:image:type\" content=\"image\/jpeg\" \/>\n<meta name=\"author\" content=\"maciej\" \/>\n<meta name=\"twitter:card\" content=\"summary_large_image\" \/>\n<meta name=\"twitter:label1\" content=\"Napisane przez\" \/>\n\t<meta name=\"twitter:data1\" content=\"maciej\" \/>\n\t<meta name=\"twitter:label2\" content=\"Szacowany czas czytania\" \/>\n\t<meta name=\"twitter:data2\" content=\"3 minuty\" \/>\n<script type=\"application\/ld+json\" class=\"yoast-schema-graph\">{\"@context\":\"https:\\\/\\\/schema.org\",\"@graph\":[{\"@type\":\"Article\",\"@id\":\"https:\\\/\\\/gorzow.news\\\/index.php\\\/2023\\\/08\\\/23\\\/budowany-park-logistyczny-mlp-gorzow-ma-pierwszego-najemce\\\/#article\",\"isPartOf\":{\"@id\":\"https:\\\/\\\/gorzow.news\\\/index.php\\\/2023\\\/08\\\/23\\\/budowany-park-logistyczny-mlp-gorzow-ma-pierwszego-najemce\\\/\"},\"author\":{\"name\":\"maciej\",\"@id\":\"https:\\\/\\\/gorzow.news\\\/#\\\/schema\\\/person\\\/a1e5ab43166369f2ce236a1cd90995bb\"},\"headline\":\"Budowany park logistyczny MLP Gorz\u00f3w ma pierwszego najemc\u0119\",\"datePublished\":\"2023-08-23T10:57:29+00:00\",\"dateModified\":\"2023-12-02T18:00:34+00:00\",\"mainEntityOfPage\":{\"@id\":\"https:\\\/\\\/gorzow.news\\\/index.php\\\/2023\\\/08\\\/23\\\/budowany-park-logistyczny-mlp-gorzow-ma-pierwszego-najemce\\\/\"},\"wordCount\":572,\"commentCount\":1,\"image\":{\"@id\":\"https:\\\/\\\/gorzow.news\\\/index.php\\\/2023\\\/08\\\/23\\\/budowany-park-logistyczny-mlp-gorzow-ma-pierwszego-najemce\\\/#primaryimage\"},\"thumbnailUrl\":\"https:\\\/\\\/gorzow.news\\\/wp-content\\\/uploads\\\/2023\\\/02\\\/MLP_Gorzow_uj01-3-scaled-1.jpg\",\"keywords\":[\"Agnieszka G\u00f3\u017ad\u017a\",\"MLP Gorz\u00f3w\",\"MLP Group\",\"Mosi\u0119\u017cna\",\"Przemys\u0142aw Jankowski\",\"Sunrise Medical\"],\"articleSection\":[\"Magazyny\",\"Wieprzyce\"],\"inLanguage\":\"pl-PL\",\"potentialAction\":[{\"@type\":\"CommentAction\",\"name\":\"Comment\",\"target\":[\"https:\\\/\\\/gorzow.news\\\/index.php\\\/2023\\\/08\\\/23\\\/budowany-park-logistyczny-mlp-gorzow-ma-pierwszego-najemce\\\/#respond\"]}]},{\"@type\":\"WebPage\",\"@id\":\"https:\\\/\\\/gorzow.news\\\/index.php\\\/2023\\\/08\\\/23\\\/budowany-park-logistyczny-mlp-gorzow-ma-pierwszego-najemce\\\/\",\"url\":\"https:\\\/\\\/gorzow.news\\\/index.php\\\/2023\\\/08\\\/23\\\/budowany-park-logistyczny-mlp-gorzow-ma-pierwszego-najemce\\\/\",\"name\":\"Budowany park logistyczny MLP Gorz\u00f3w ma pierwszego najemc\u0119 - Gorz\u00f3w News\",\"isPartOf\":{\"@id\":\"https:\\\/\\\/gorzow.news\\\/#website\"},\"primaryImageOfPage\":{\"@id\":\"https:\\\/\\\/gorzow.news\\\/index.php\\\/2023\\\/08\\\/23\\\/budowany-park-logistyczny-mlp-gorzow-ma-pierwszego-najemce\\\/#primaryimage\"},\"image\":{\"@id\":\"https:\\\/\\\/gorzow.news\\\/index.php\\\/2023\\\/08\\\/23\\\/budowany-park-logistyczny-mlp-gorzow-ma-pierwszego-najemce\\\/#primaryimage\"},\"thumbnailUrl\":\"https:\\\/\\\/gorzow.news\\\/wp-content\\\/uploads\\\/2023\\\/02\\\/MLP_Gorzow_uj01-3-scaled-1.jpg\",\"datePublished\":\"2023-08-23T10:57:29+00:00\",\"dateModified\":\"2023-12-02T18:00:34+00:00\",\"author\":{\"@id\":\"https:\\\/\\\/gorzow.news\\\/#\\\/schema\\\/person\\\/a1e5ab43166369f2ce236a1cd90995bb\"},\"description\":\"Sunrise Medical, \u015bwiatowy lider w rozwoju, wzornictwie, produkcji i dystrybucji w\u00f3zk\u00f3w manualnych, elektrycznych, skuter\u00f3w i zar\u00f3wno standardowych, jak i niestandardowych siedzisk i system\u00f3w pozycjonowania wynaj\u0105\u0142 9,2 tys. mkw. nowoczesnej powierzchni w MLP Gorz\u00f3w. Firma Sunrise Medical zosta\u0142a tym samym pierwszym najemc\u0105 nowego centrum logistycznego. Nowy obiekt b\u0119dzie gotowy do u\u017cytkowania ju\u017c w lutym 2024 r. Zgodnie z planem inwestycja zostanie poddana certyfikacji ekologicznej BREEAM New Construction, na poziomie Excellent.\",\"breadcrumb\":{\"@id\":\"https:\\\/\\\/gorzow.news\\\/index.php\\\/2023\\\/08\\\/23\\\/budowany-park-logistyczny-mlp-gorzow-ma-pierwszego-najemce\\\/#breadcrumb\"},\"inLanguage\":\"pl-PL\",\"potentialAction\":[{\"@type\":\"ReadAction\",\"target\":[\"https:\\\/\\\/gorzow.news\\\/index.php\\\/2023\\\/08\\\/23\\\/budowany-park-logistyczny-mlp-gorzow-ma-pierwszego-najemce\\\/\"]}]},{\"@type\":\"ImageObject\",\"inLanguage\":\"pl-PL\",\"@id\":\"https:\\\/\\\/gorzow.news\\\/index.php\\\/2023\\\/08\\\/23\\\/budowany-park-logistyczny-mlp-gorzow-ma-pierwszego-najemce\\\/#primaryimage\",\"url\":\"https:\\\/\\\/gorzow.news\\\/wp-content\\\/uploads\\\/2023\\\/02\\\/MLP_Gorzow_uj01-3-scaled-1.jpg\",\"contentUrl\":\"https:\\\/\\\/gorzow.news\\\/wp-content\\\/uploads\\\/2023\\\/02\\\/MLP_Gorzow_uj01-3-scaled-1.jpg\",\"width\":2560,\"height\":1314,\"caption\":\"Tak ostatecznie wygl\u0105da\u0107 ma park magazynowy MLP w Gorzowie przy ul. Mosi\u0119\u017cnej.\"},{\"@type\":\"BreadcrumbList\",\"@id\":\"https:\\\/\\\/gorzow.news\\\/index.php\\\/2023\\\/08\\\/23\\\/budowany-park-logistyczny-mlp-gorzow-ma-pierwszego-najemce\\\/#breadcrumb\",\"itemListElement\":[{\"@type\":\"ListItem\",\"position\":1,\"name\":\"Home\",\"item\":\"https:\\\/\\\/gorzow.news\\\/\"},{\"@type\":\"ListItem\",\"position\":2,\"name\":\"Budowany park logistyczny MLP Gorz\u00f3w ma pierwszego najemc\u0119\"}]},{\"@type\":\"WebSite\",\"@id\":\"https:\\\/\\\/gorzow.news\\\/#website\",\"url\":\"https:\\\/\\\/gorzow.news\\\/\",\"name\":\"Gorz\u00f3w News\",\"description\":\"Sp\u00f3jrz inaczej na miato i region...\",\"potentialAction\":[{\"@type\":\"SearchAction\",\"target\":{\"@type\":\"EntryPoint\",\"urlTemplate\":\"https:\\\/\\\/gorzow.news\\\/?s={search_term_string}\"},\"query-input\":{\"@type\":\"PropertyValueSpecification\",\"valueRequired\":true,\"valueName\":\"search_term_string\"}}],\"inLanguage\":\"pl-PL\"},{\"@type\":\"Person\",\"@id\":\"https:\\\/\\\/gorzow.news\\\/#\\\/schema\\\/person\\\/a1e5ab43166369f2ce236a1cd90995bb\",\"name\":\"maciej\",\"image\":{\"@type\":\"ImageObject\",\"inLanguage\":\"pl-PL\",\"@id\":\"https:\\\/\\\/secure.gravatar.com\\\/avatar\\\/530a674d56ba60cfa0ef21d74e8e8d123a51bb7aa6580465b5c2ab2c2e980a19?s=96&r=g&d=https:\\\/\\\/gorzow.news\\\/wp-content\\\/plugins\\\/userswp\\\/assets\\\/images\\\/no_profile.png\",\"url\":\"https:\\\/\\\/secure.gravatar.com\\\/avatar\\\/530a674d56ba60cfa0ef21d74e8e8d123a51bb7aa6580465b5c2ab2c2e980a19?s=96&r=g&d=https:\\\/\\\/gorzow.news\\\/wp-content\\\/plugins\\\/userswp\\\/assets\\\/images\\\/no_profile.png\",\"contentUrl\":\"https:\\\/\\\/secure.gravatar.com\\\/avatar\\\/530a674d56ba60cfa0ef21d74e8e8d123a51bb7aa6580465b5c2ab2c2e980a19?s=96&r=g&d=https:\\\/\\\/gorzow.news\\\/wp-content\\\/plugins\\\/userswp\\\/assets\\\/images\\\/no_profile.png\",\"caption\":\"maciej\"},\"url\":\"https:\\\/\\\/gorzow.news\\\/index.php\\\/profile\\\/maciej\\\/\"}]}<\/script>\n<!-- \/ Yoast SEO plugin. -->","yoast_head_json":{"title":"Budowany park logistyczny MLP Gorz\u00f3w ma pierwszego najemc\u0119 - Gorz\u00f3w News","description":"Sunrise Medical, \u015bwiatowy lider w rozwoju, wzornictwie, produkcji i dystrybucji w\u00f3zk\u00f3w manualnych, elektrycznych, skuter\u00f3w i zar\u00f3wno standardowyc","robots":{"index":"index","follow":"follow","max-snippet":"max-snippet:-1","max-image-preview":"max-image-preview:large","max-video-preview":"max-video-preview:-1"},"canonical":"https:\/\/gorzow.news\/index.php\/2023\/08\/23\/budowany-park-logistyczny-mlp-gorzow-ma-pierwszego-najemce\/","og_locale":"pl_PL","og_type":"article","og_title":"Budowany park logistyczny MLP Gorz\u00f3w ma pierwszego najemc\u0119 - Gorz\u00f3w News","og_description":"Sunrise Medical, \u015bwiatowy lider w rozwoju, wzornictwie, produkcji i dystrybucji w\u00f3zk\u00f3w manualnych, elektrycznych, skuter\u00f3w i zar\u00f3wno standardowyc","og_url":"https:\/\/gorzow.news\/index.php\/2023\/08\/23\/budowany-park-logistyczny-mlp-gorzow-ma-pierwszego-najemce\/","og_site_name":"Gorz\u00f3w News","article_publisher":"https:\/\/www.facebook.com\/gorzowskinews","article_published_time":"2023-08-23T10:57:29+00:00","article_modified_time":"2023-12-02T18:00:34+00:00","og_image":[{"width":2560,"height":1314,"url":"https:\/\/gorzow.news\/wp-content\/uploads\/2023\/02\/MLP_Gorzow_uj01-3-scaled-1.jpg","type":"image\/jpeg"}],"author":"maciej","twitter_card":"summary_large_image","twitter_misc":{"Napisane przez":"maciej","Szacowany czas czytania":"3 minuty"},"schema":{"@context":"https:\/\/schema.org","@graph":[{"@type":"Article","@id":"https:\/\/gorzow.news\/index.php\/2023\/08\/23\/budowany-park-logistyczny-mlp-gorzow-ma-pierwszego-najemce\/#article","isPartOf":{"@id":"https:\/\/gorzow.news\/index.php\/2023\/08\/23\/budowany-park-logistyczny-mlp-gorzow-ma-pierwszego-najemce\/"},"author":{"name":"maciej","@id":"https:\/\/gorzow.news\/#\/schema\/person\/a1e5ab43166369f2ce236a1cd90995bb"},"headline":"Budowany park logistyczny MLP Gorz\u00f3w ma pierwszego najemc\u0119","datePublished":"2023-08-23T10:57:29+00:00","dateModified":"2023-12-02T18:00:34+00:00","mainEntityOfPage":{"@id":"https:\/\/gorzow.news\/index.php\/2023\/08\/23\/budowany-park-logistyczny-mlp-gorzow-ma-pierwszego-najemce\/"},"wordCount":572,"commentCount":1,"image":{"@id":"https:\/\/gorzow.news\/index.php\/2023\/08\/23\/budowany-park-logistyczny-mlp-gorzow-ma-pierwszego-najemce\/#primaryimage"},"thumbnailUrl":"https:\/\/gorzow.news\/wp-content\/uploads\/2023\/02\/MLP_Gorzow_uj01-3-scaled-1.jpg","keywords":["Agnieszka G\u00f3\u017ad\u017a","MLP Gorz\u00f3w","MLP Group","Mosi\u0119\u017cna","Przemys\u0142aw Jankowski","Sunrise Medical"],"articleSection":["Magazyny","Wieprzyce"],"inLanguage":"pl-PL","potentialAction":[{"@type":"CommentAction","name":"Comment","target":["https:\/\/gorzow.news\/index.php\/2023\/08\/23\/budowany-park-logistyczny-mlp-gorzow-ma-pierwszego-najemce\/#respond"]}]},{"@type":"WebPage","@id":"https:\/\/gorzow.news\/index.php\/2023\/08\/23\/budowany-park-logistyczny-mlp-gorzow-ma-pierwszego-najemce\/","url":"https:\/\/gorzow.news\/index.php\/2023\/08\/23\/budowany-park-logistyczny-mlp-gorzow-ma-pierwszego-najemce\/","name":"Budowany park logistyczny MLP Gorz\u00f3w ma pierwszego najemc\u0119 - Gorz\u00f3w News","isPartOf":{"@id":"https:\/\/gorzow.news\/#website"},"primaryImageOfPage":{"@id":"https:\/\/gorzow.news\/index.php\/2023\/08\/23\/budowany-park-logistyczny-mlp-gorzow-ma-pierwszego-najemce\/#primaryimage"},"image":{"@id":"https:\/\/gorzow.news\/index.php\/2023\/08\/23\/budowany-park-logistyczny-mlp-gorzow-ma-pierwszego-najemce\/#primaryimage"},"thumbnailUrl":"https:\/\/gorzow.news\/wp-content\/uploads\/2023\/02\/MLP_Gorzow_uj01-3-scaled-1.jpg","datePublished":"2023-08-23T10:57:29+00:00","dateModified":"2023-12-02T18:00:34+00:00","author":{"@id":"https:\/\/gorzow.news\/#\/schema\/person\/a1e5ab43166369f2ce236a1cd90995bb"},"description":"Sunrise Medical, \u015bwiatowy lider w rozwoju, wzornictwie, produkcji i dystrybucji w\u00f3zk\u00f3w manualnych, elektrycznych, skuter\u00f3w i zar\u00f3wno standardowych, jak i niestandardowych siedzisk i system\u00f3w pozycjonowania wynaj\u0105\u0142 9,2 tys. mkw. nowoczesnej powierzchni w MLP Gorz\u00f3w. Firma Sunrise Medical zosta\u0142a tym samym pierwszym najemc\u0105 nowego centrum logistycznego. Nowy obiekt b\u0119dzie gotowy do u\u017cytkowania ju\u017c w lutym 2024 r. Zgodnie z planem inwestycja zostanie poddana certyfikacji ekologicznej BREEAM New Construction, na poziomie Excellent.","breadcrumb":{"@id":"https:\/\/gorzow.news\/index.php\/2023\/08\/23\/budowany-park-logistyczny-mlp-gorzow-ma-pierwszego-najemce\/#breadcrumb"},"inLanguage":"pl-PL","potentialAction":[{"@type":"ReadAction","target":["https:\/\/gorzow.news\/index.php\/2023\/08\/23\/budowany-park-logistyczny-mlp-gorzow-ma-pierwszego-najemce\/"]}]},{"@type":"ImageObject","inLanguage":"pl-PL","@id":"https:\/\/gorzow.news\/index.php\/2023\/08\/23\/budowany-park-logistyczny-mlp-gorzow-ma-pierwszego-najemce\/#primaryimage","url":"https:\/\/gorzow.news\/wp-content\/uploads\/2023\/02\/MLP_Gorzow_uj01-3-scaled-1.jpg","contentUrl":"https:\/\/gorzow.news\/wp-content\/uploads\/2023\/02\/MLP_Gorzow_uj01-3-scaled-1.jpg","width":2560,"height":1314,"caption":"Tak ostatecznie wygl\u0105da\u0107 ma park magazynowy MLP w Gorzowie przy ul. Mosi\u0119\u017cnej."},{"@type":"BreadcrumbList","@id":"https:\/\/gorzow.news\/index.php\/2023\/08\/23\/budowany-park-logistyczny-mlp-gorzow-ma-pierwszego-najemce\/#breadcrumb","itemListElement":[{"@type":"ListItem","position":1,"name":"Home","item":"https:\/\/gorzow.news\/"},{"@type":"ListItem","position":2,"name":"Budowany park logistyczny MLP Gorz\u00f3w ma pierwszego najemc\u0119"}]},{"@type":"WebSite","@id":"https:\/\/gorzow.news\/#website","url":"https:\/\/gorzow.news\/","name":"Gorz\u00f3w News","description":"Sp\u00f3jrz inaczej na miato i region...","potentialAction":[{"@type":"SearchAction","target":{"@type":"EntryPoint","urlTemplate":"https:\/\/gorzow.news\/?s={search_term_string}"},"query-input":{"@type":"PropertyValueSpecification","valueRequired":true,"valueName":"search_term_string"}}],"inLanguage":"pl-PL"},{"@type":"Person","@id":"https:\/\/gorzow.news\/#\/schema\/person\/a1e5ab43166369f2ce236a1cd90995bb","name":"maciej","image":{"@type":"ImageObject","inLanguage":"pl-PL","@id":"https:\/\/secure.gravatar.com\/avatar\/530a674d56ba60cfa0ef21d74e8e8d123a51bb7aa6580465b5c2ab2c2e980a19?s=96&r=g&d=https:\/\/gorzow.news\/wp-content\/plugins\/userswp\/assets\/images\/no_profile.png","url":"https:\/\/secure.gravatar.com\/avatar\/530a674d56ba60cfa0ef21d74e8e8d123a51bb7aa6580465b5c2ab2c2e980a19?s=96&r=g&d=https:\/\/gorzow.news\/wp-content\/plugins\/userswp\/assets\/images\/no_profile.png","contentUrl":"https:\/\/secure.gravatar.com\/avatar\/530a674d56ba60cfa0ef21d74e8e8d123a51bb7aa6580465b5c2ab2c2e980a19?s=96&r=g&d=https:\/\/gorzow.news\/wp-content\/plugins\/userswp\/assets\/images\/no_profile.png","caption":"maciej"},"url":"https:\/\/gorzow.news\/index.php\/profile\/maciej\/"}]}},"_links":{"self":[{"href":"https:\/\/gorzow.news\/index.php\/wp-json\/wp\/v2\/posts\/14234","targetHints":{"allow":["GET"]}}],"collection":[{"href":"https:\/\/gorzow.news\/index.php\/wp-json\/wp\/v2\/posts"}],"about":[{"href":"https:\/\/gorzow.news\/index.php\/wp-json\/wp\/v2\/types\/post"}],"author":[{"embeddable":true,"href":"https:\/\/gorzow.news\/index.php\/wp-json\/wp\/v2\/users\/1"}],"replies":[{"embeddable":true,"href":"https:\/\/gorzow.news\/index.php\/wp-json\/wp\/v2\/comments?post=14234"}],"version-history":[{"count":2,"href":"https:\/\/gorzow.news\/index.php\/wp-json\/wp\/v2\/posts\/14234\/revisions"}],"predecessor-version":[{"id":17413,"href":"https:\/\/gorzow.news\/index.php\/wp-json\/wp\/v2\/posts\/14234\/revisions\/17413"}],"wp:featuredmedia":[{"embeddable":true,"href":"https:\/\/gorzow.news\/index.php\/wp-json\/wp\/v2\/media\/11820"}],"wp:attachment":[{"href":"https:\/\/gorzow.news\/index.php\/wp-json\/wp\/v2\/media?parent=14234"}],"wp:term":[{"taxonomy":"category","embeddable":true,"href":"https:\/\/gorzow.news\/index.php\/wp-json\/wp\/v2\/categories?post=14234"},{"taxonomy":"post_tag","embeddable":true,"href":"https:\/\/gorzow.news\/index.php\/wp-json\/wp\/v2\/tags?post=14234"}],"curies":[{"name":"wp","href":"https:\/\/api.w.org\/{rel}","templated":true}]}}