{"id":13901,"date":"2023-08-03T16:10:11","date_gmt":"2023-08-03T14:10:11","guid":{"rendered":"https:\/\/gorzow.news\/?p=13901"},"modified":"2023-08-03T16:10:13","modified_gmt":"2023-08-03T14:10:13","slug":"w-miescie-przybywa-stacji-ladowania-samochodow-elektrycznych","status":"publish","type":"post","link":"https:\/\/gorzow.news\/index.php\/2023\/08\/03\/w-miescie-przybywa-stacji-ladowania-samochodow-elektrycznych\/","title":{"rendered":"W mie\u015bcie przybywa stacji \u0142adowania samochod\u00f3w elektrycznych"},"content":{"rendered":"\n<p><strong>Poruszaj\u0105c si\u0119 po mie\u015bcie mo\u017cemy zaobserwowa\u0107, \u017ce w ostatnim czasie przybywa nowych stacji \u0142adowania samochod\u00f3w elektrycznych. Z wielu z nich jeszcze nie mo\u017cna korzysta\u0107. Jednak powinny zosta\u0107 uruchomione w najbli\u017cszych miesi\u0105cach. Podobnie wygl\u0105da sytuacja z czternastoma stacjami, kt\u00f3re dwa lata temu postawi\u0142a Enea Operator, a kt\u00f3re zim\u0105 odkupi\u0142a firma Budimex Mobility.<\/strong><\/p>\n\n\n\n<p>W grudniu 2021 r. miasto podpisa\u0142o z firm\u0105 Power Dot list intencyjny, a w kwietniu nast\u0119pnego roku uzyska\u0142o odpowiednie decyzje, kt\u00f3re pozwoli\u0142y na rozpocz\u0119cie prac zwi\u0105zanych z budow\u0105 stacji. W Gorzowie zbudowanych zostanie ich trzyna\u015bcie, zar\u00f3wno szybkiego \u0142adowania o mocy 60 kW, jak i p\u00f3\u0142szybkiego o mocy 22 kW. Stacje stan\u0105 w kluczowych pod wzgl\u0119dem komunikacyjnym cz\u0119\u015bciach miasta \u2013 w \u015br\u00f3dmie\u015bciu, na osiedlach: G\u00f3rczyn, Staszica, Europejskim i na Zamo\u015bciu. Pierwsze z nich zosta\u0142y w ostatnich dniach zamontowane.<\/p>\n\n\n\n<p>&#8211; Obecnie w Gorzowie dzia\u0142aj\u0105 trzy nasze stacje przy sklepach Intermarche, zlokalizowanych przy ul. Fredry 10, Dowbora-Mu\u015bnickiego 7 oraz Pomorskiej 71, ka\u017cda o mocy 120 kW. W najbli\u017cszych tygodniach planujemy uruchomi\u0107 jeszcze dodatkow\u0105 stacj\u0119 o mocy 60 kW przy sklepie po\u0142o\u017conym przy ul. Pomorskiej. Jednocze\u015bnie jeste\u015bmy w trakcie prac zwi\u0105zanych z budow\u0105 kilkunastu kolejnych stacji, usytuowanych w r\u00f3\u017cnych cz\u0119\u015bciach miasta, b\u0119d\u0105cych na r\u00f3\u017cnych etapach realizacji. Tworzymy je we wsp\u00f3\u0142pracy z r\u00f3\u017cnymi partnerami. Pierwsze z nich powinny by\u0107 uruchomione w najbli\u017cszych kilku tygodniach, a kolejne \u2013 w ci\u0105gu kilku miesi\u0119cy &#8211; t\u0142umaczy nam <strong>Katarzyna Siwek<\/strong> z firmy Power Dot.<\/p>\n\n\n\n<p><strong>Co ze stacjami stawianymi w 2021 roku?<\/strong><\/p>\n\n\n\n<p>Enea Operator postawi\u0142 w 2021 roku czterna\u015bcie stacji \u0142adowania samochod\u00f3w elektrycznych (wszystkie wyposa\u017cone w dwa gniazda &#8211; z\u0142\u0105cze Type 2, ka\u017cde o mocy 22 kW.). Znajduj\u0105 si\u0119 on miedzy innymi przy placu Jana Paw\u0142a i ulicach: Woskowej, Szarych Szereg\u00f3w, Dowbora-Mu\u015bnickiego, Kazimierza Wielkiego, Zamenhofa, Sybirak\u00f3w i Niemcewicza. Jeszcze w tym samym roku rz\u0105d PiS wprowadzi\u0142 nowelizacj\u0119 ustawy o elektromobilno\u015bci i paliwach alternatywnych. Na mocy wprowadzonych zmian operatorzy system\u00f3w dystrybucyjnych po wybudowaniu stacji zostali zmuszeni do ich sprzeda\u017cy. Zakazano bowiem im pe\u0142nienia funkcji operatora, w\u0142a\u015bciciela stacji i dostawcy us\u0142ug \u0142adowania. Tym samym Enea Operator nie m\u00f3g\u0142 postawionych stacji uruchomi\u0107\u2026 Musia\u0142 og\u0142osi\u0107 przetarg i znale\u017a\u0107 ch\u0119tnego na ich odkupienie. Co sprawi\u0142o, \u017ce od ponad dw\u00f3ch lat ze stacji \u0142adowania nie mo\u017cna korzysta\u0107\u2026<\/p>\n\n\n\n<p>W lutym tego roku firma Budimex Mobility poinformowa\u0142a, \u017ce odkupi\u0142a od Enea Operator 109 stacji \u0142adowania zlokalizowanych w Szczecinie, Bydgoszczy, Poznaniu i w\u0142a\u015bnie w Gorzowie. &#8211; W kwietniu zako\u0144czyli\u015bmy oklejanie now\u0105 szat\u0105 graficzn\u0105 wszystkich stacji. R\u00f3wnolegle prowadzone by\u0142y przez dostawc\u00f3w urz\u0105dze\u0144 oraz naszego partnera i dostawcy oprogramowania, Elocity dzia\u0142ania konfigurowania oprogramowania stacji. Stacje w Bydgoszczy i Szczecinie przesz\u0142y ju\u017c odbiory techniczne prowadzone przez Urz\u0105d Dozoru Technicznego i zosta\u0142y uruchomione. Stacje \u0142adowania w Poznaniu i Gorzowie powinny zosta\u0107 uruchomione w najbli\u017cszym czasie &#8211; informuje Budimex Mobility.<\/p>\n\n\n\n<p><strong>Przeczytaj te\u017c:<\/strong><br>&#8211; <a href=\"https:\/\/gorzow.news\/index.php\/2023\/02\/21\/stacje-ladowania-pojazdow-elektrycznych-wreszcie-zaczna-dzialac-jest-nowy-wlasciciel\/\">Stacje \u0142adowania pojazd\u00f3w elektrycznych wreszcie zaczn\u0105 dzia\u0142a\u0107! Jest nowy w\u0142a\u015bciciel!<\/a><br>&#8211; <a href=\"https:\/\/gorzow.news\/index.php\/2022\/12\/13\/autobusy-elektryczne-juz-na-gorzowskich-ulicach\/\">Autobusy elektryczne ju\u017c na gorzowskich ulicach!<\/a><br>&#8211; <a href=\"https:\/\/gorzow.news\/index.php\/2022\/12\/19\/punkty-ladowania-stoja-od-poltora-roku-kiedy-zostana-uruchomione\/\">Punkty \u0142adowania stoj\u0105 od p\u00f3\u0142tora roku\u2026 Kiedy zostan\u0105 uruchomione?<\/a><br>&#8211; <a href=\"https:\/\/gorzow.news\/index.php\/2022\/04\/15\/kolejne-podejscie-do-budowy-stacji-ladowania-aut-elektrycznych\/\">Kolejne podej\u015bcie do budowy stacji \u0142adowania aut elektrycznych<\/a><br>&#8211; <a href=\"https:\/\/gorzow.news\/index.php\/2021\/06\/11\/trwa-montaz-ogolnodostepnych-punktow-ladowania-samochodow\/\">Trwa monta\u017c og\u00f3lnodost\u0119pnych punkt\u00f3w \u0142adowania samochod\u00f3w<\/a><\/p>\n\n\n\r\n                <style type=\"text\/css\">\r\n                    \r\n                    #tdi_1  .td-doubleSlider-2 .td-item1 {\r\n                        background: url(https:\/\/gorzow.news\/wp-content\/uploads\/2023\/08\/IMG_20230727_183618.jpg) 0 0 no-repeat;\r\n                    }\r\n                    #tdi_1  .td-doubleSlider-2 .td-item2 {\r\n                        background: url(https:\/\/gorzow.news\/wp-content\/uploads\/2023\/08\/IMG_20230727_183604_1.jpg) 0 0 no-repeat;\r\n                    }\r\n                    #tdi_1  .td-doubleSlider-2 .td-item3 {\r\n                        background: url(https:\/\/gorzow.news\/wp-content\/uploads\/2023\/08\/IMG_20230727_183635_1.jpg) 0 0 no-repeat;\r\n                    }\r\n                    #tdi_1  .td-doubleSlider-2 .td-item4 {\r\n                        background: url(https:\/\/gorzow.news\/wp-content\/uploads\/2023\/08\/IMG_20230619_183714_1.jpg) 0 0 no-repeat;\r\n                    }\r\n                    #tdi_1  .td-doubleSlider-2 .td-item5 {\r\n                        background: url(https:\/\/gorzow.news\/wp-content\/uploads\/2023\/08\/IMG_20230619_183659_1.jpg) 0 0 no-repeat;\r\n                    }\r\n                <\/style>\r\n\r\n                <div id=\"tdi_1\" class=\"td-gallery td-slide-on-2-columns\">\r\n                    <div class=\"post_td_gallery\">\r\n                        <div class=\"td-gallery-slide-top\">\r\n                           <div class=\"td-gallery-title\">Nowe stacje \u0142adowania samochod\u00f3w elektrycznych<\/div>\r\n\r\n                            <div class=\"td-gallery-controls-wrapper\">\r\n                                <div class=\"td-gallery-slide-count\"><span class=\"td-gallery-slide-item-focus\">1<\/span> z 5<\/div>\r\n                                <div class=\"td-gallery-slide-prev-next-but\">\r\n                                    <i class = \"td-icon-left doubleSliderPrevButton\"><\/i>\r\n                                    <i class = \"td-icon-right doubleSliderNextButton\"><\/i>\r\n                                <\/div>\r\n                            <\/div>\r\n                        <\/div>\r\n\r\n                        <div class = \"td-doubleSlider-1 \">\r\n                            <div class = \"td-slider\">\r\n                                \r\n                    <div class = \"td-slide-item td-item1\">\r\n                        <figure class=\"td-slide-galery-figure td-slide-popup-gallery\">\r\n                            <a class=\"slide-gallery-image-link\" href=\"https:\/\/gorzow.news\/wp-content\/uploads\/2023\/08\/IMG_20230727_183618.jpg\" title=\"\"  data-caption=\"\"  data-description=\"\">\r\n                                <img decoding=\"async\" src=\"https:\/\/gorzow.news\/wp-content\/uploads\/2023\/08\/IMG_20230727_183618.jpg\" srcset=\"https:\/\/gorzow.news\/wp-content\/uploads\/2023\/08\/IMG_20230727_183618.jpg 1600w, https:\/\/gorzow.news\/wp-content\/uploads\/2023\/08\/IMG_20230727_183618-300x142.jpg 300w, https:\/\/gorzow.news\/wp-content\/uploads\/2023\/08\/IMG_20230727_183618-1024x484.jpg 1024w, https:\/\/gorzow.news\/wp-content\/uploads\/2023\/08\/IMG_20230727_183618-768x363.jpg 768w, https:\/\/gorzow.news\/wp-content\/uploads\/2023\/08\/IMG_20230727_183618-1536x727.jpg 1536w, https:\/\/gorzow.news\/wp-content\/uploads\/2023\/08\/IMG_20230727_183618-696x329.jpg 696w, https:\/\/gorzow.news\/wp-content\/uploads\/2023\/08\/IMG_20230727_183618-1068x505.jpg 1068w\" sizes=\"(max-width: 1600px) 100vw, 1600px\" alt=\"\">\r\n                            <\/a>\r\n                            \r\n                        <\/figure>\r\n                    <\/div>\r\n                    <div class = \"td-slide-item td-item2\">\r\n                        <figure class=\"td-slide-galery-figure td-slide-popup-gallery\">\r\n                            <a class=\"slide-gallery-image-link\" href=\"https:\/\/gorzow.news\/wp-content\/uploads\/2023\/08\/IMG_20230727_183604_1.jpg\" title=\"\"  data-caption=\"\"  data-description=\"\">\r\n                                <img decoding=\"async\" src=\"https:\/\/gorzow.news\/wp-content\/uploads\/2023\/08\/IMG_20230727_183604_1.jpg\" srcset=\"https:\/\/gorzow.news\/wp-content\/uploads\/2023\/08\/IMG_20230727_183604_1.jpg 1600w, https:\/\/gorzow.news\/wp-content\/uploads\/2023\/08\/IMG_20230727_183604_1-300x142.jpg 300w, https:\/\/gorzow.news\/wp-content\/uploads\/2023\/08\/IMG_20230727_183604_1-1024x484.jpg 1024w, https:\/\/gorzow.news\/wp-content\/uploads\/2023\/08\/IMG_20230727_183604_1-768x363.jpg 768w, https:\/\/gorzow.news\/wp-content\/uploads\/2023\/08\/IMG_20230727_183604_1-1536x727.jpg 1536w, https:\/\/gorzow.news\/wp-content\/uploads\/2023\/08\/IMG_20230727_183604_1-696x329.jpg 696w, https:\/\/gorzow.news\/wp-content\/uploads\/2023\/08\/IMG_20230727_183604_1-1068x505.jpg 1068w\" sizes=\"(max-width: 1600px) 100vw, 1600px\" alt=\"\">\r\n                            <\/a>\r\n                            \r\n                        <\/figure>\r\n                    <\/div>\r\n                    <div class = \"td-slide-item td-item3\">\r\n                        <figure class=\"td-slide-galery-figure td-slide-popup-gallery\">\r\n                            <a class=\"slide-gallery-image-link\" href=\"https:\/\/gorzow.news\/wp-content\/uploads\/2023\/08\/IMG_20230727_183635_1.jpg\" title=\"\"  data-caption=\"\"  data-description=\"\">\r\n                                <img decoding=\"async\" src=\"https:\/\/gorzow.news\/wp-content\/uploads\/2023\/08\/IMG_20230727_183635_1.jpg\" srcset=\"https:\/\/gorzow.news\/wp-content\/uploads\/2023\/08\/IMG_20230727_183635_1.jpg 1600w, https:\/\/gorzow.news\/wp-content\/uploads\/2023\/08\/IMG_20230727_183635_1-300x142.jpg 300w, https:\/\/gorzow.news\/wp-content\/uploads\/2023\/08\/IMG_20230727_183635_1-1024x484.jpg 1024w, https:\/\/gorzow.news\/wp-content\/uploads\/2023\/08\/IMG_20230727_183635_1-768x363.jpg 768w, https:\/\/gorzow.news\/wp-content\/uploads\/2023\/08\/IMG_20230727_183635_1-1536x727.jpg 1536w, https:\/\/gorzow.news\/wp-content\/uploads\/2023\/08\/IMG_20230727_183635_1-696x329.jpg 696w, https:\/\/gorzow.news\/wp-content\/uploads\/2023\/08\/IMG_20230727_183635_1-1068x505.jpg 1068w\" sizes=\"(max-width: 1600px) 100vw, 1600px\" alt=\"\">\r\n                            <\/a>\r\n                            \r\n                        <\/figure>\r\n                    <\/div>\r\n                    <div class = \"td-slide-item td-item4\">\r\n                        <figure class=\"td-slide-galery-figure td-slide-popup-gallery\">\r\n                            <a class=\"slide-gallery-image-link\" href=\"https:\/\/gorzow.news\/wp-content\/uploads\/2023\/08\/IMG_20230619_183714_1.jpg\" title=\"\"  data-caption=\"\"  data-description=\"\">\r\n                                <img decoding=\"async\" src=\"https:\/\/gorzow.news\/wp-content\/uploads\/2023\/08\/IMG_20230619_183714_1.jpg\" srcset=\"https:\/\/gorzow.news\/wp-content\/uploads\/2023\/08\/IMG_20230619_183714_1.jpg 1600w, https:\/\/gorzow.news\/wp-content\/uploads\/2023\/08\/IMG_20230619_183714_1-300x142.jpg 300w, https:\/\/gorzow.news\/wp-content\/uploads\/2023\/08\/IMG_20230619_183714_1-1024x484.jpg 1024w, https:\/\/gorzow.news\/wp-content\/uploads\/2023\/08\/IMG_20230619_183714_1-768x363.jpg 768w, https:\/\/gorzow.news\/wp-content\/uploads\/2023\/08\/IMG_20230619_183714_1-1536x727.jpg 1536w, https:\/\/gorzow.news\/wp-content\/uploads\/2023\/08\/IMG_20230619_183714_1-696x329.jpg 696w, https:\/\/gorzow.news\/wp-content\/uploads\/2023\/08\/IMG_20230619_183714_1-1068x505.jpg 1068w\" sizes=\"(max-width: 1600px) 100vw, 1600px\" alt=\"\">\r\n                            <\/a>\r\n                            \r\n                        <\/figure>\r\n                    <\/div>\r\n                    <div class = \"td-slide-item td-item5\">\r\n                        <figure class=\"td-slide-galery-figure td-slide-popup-gallery\">\r\n                            <a class=\"slide-gallery-image-link\" href=\"https:\/\/gorzow.news\/wp-content\/uploads\/2023\/08\/IMG_20230619_183659_1.jpg\" title=\"\"  data-caption=\"\"  data-description=\"\">\r\n                                <img decoding=\"async\" src=\"https:\/\/gorzow.news\/wp-content\/uploads\/2023\/08\/IMG_20230619_183659_1.jpg\" srcset=\"https:\/\/gorzow.news\/wp-content\/uploads\/2023\/08\/IMG_20230619_183659_1.jpg 1600w, https:\/\/gorzow.news\/wp-content\/uploads\/2023\/08\/IMG_20230619_183659_1-300x142.jpg 300w, https:\/\/gorzow.news\/wp-content\/uploads\/2023\/08\/IMG_20230619_183659_1-1024x484.jpg 1024w, https:\/\/gorzow.news\/wp-content\/uploads\/2023\/08\/IMG_20230619_183659_1-768x363.jpg 768w, https:\/\/gorzow.news\/wp-content\/uploads\/2023\/08\/IMG_20230619_183659_1-1536x727.jpg 1536w, https:\/\/gorzow.news\/wp-content\/uploads\/2023\/08\/IMG_20230619_183659_1-696x329.jpg 696w, https:\/\/gorzow.news\/wp-content\/uploads\/2023\/08\/IMG_20230619_183659_1-1068x505.jpg 1068w\" sizes=\"(max-width: 1600px) 100vw, 1600px\" alt=\"\">\r\n                            <\/a>\r\n                            \r\n                        <\/figure>\r\n                    <\/div>\r\n                            <\/div>\r\n                        <\/div>\r\n\r\n                        <div class = \"td-doubleSlider-2\">\r\n                            <div class = \"td-slider\">\r\n                                \r\n                    <div class = \"td-button td-item1\">\r\n                        <div class = \"td-border\"><\/div>\r\n                    <\/div>\r\n                    <div class = \"td-button td-item2\">\r\n                        <div class = \"td-border\"><\/div>\r\n                    <\/div>\r\n                    <div class = \"td-button td-item3\">\r\n                        <div class = \"td-border\"><\/div>\r\n                    <\/div>\r\n                    <div class = \"td-button td-item4\">\r\n                        <div class = \"td-border\"><\/div>\r\n                    <\/div>\r\n                    <div class = \"td-button td-item5\">\r\n                        <div class = \"td-border\"><\/div>\r\n                    <\/div>\r\n                            <\/div>\r\n                        <\/div>\r\n\r\n                    <\/div>\r\n\r\n                <\/div>\r\n                ","protected":false},"excerpt":{"rendered":"<p>Poruszaj\u0105c si\u0119 po mie\u015bcie mo\u017cemy zaobserwowa\u0107, \u017ce w ostatnim czasie przybywa nowych stacji \u0142adowania samochod\u00f3w elektrycznych. Z wielu z nich jeszcze nie mo\u017cna korzysta\u0107. Jednak powinny zosta\u0107 uruchomione w najbli\u017cszych miesi\u0105cach. Podobnie wygl\u0105da sytuacja z czternastoma stacjami, kt\u00f3re dwa lata temu postawi\u0142a Enea Operator, a kt\u00f3re zim\u0105 odkupi\u0142a firma Budimex Mobility.<\/p>\n","protected":false},"author":1,"featured_media":13907,"comment_status":"open","ping_status":"open","sticky":false,"template":"","format":"standard","meta":{"footnotes":"","_links_to":"","_links_to_target":""},"categories":[2009,2011,2018,2013,2016,2015,2010,2017,2012,74,589,2014,2008,2007],"tags":[2065,248,341,2292,1220,1218],"class_list":{"0":"post-13901","1":"post","2":"type-post","3":"status-publish","4":"format-standard","5":"has-post-thumbnail","7":"category-centrum-srodmiescie","8":"category-chwalecice","9":"category-dolinki","10":"category-europejskie","11":"category-gorczyn","12":"category-manhattan","13":"category-piaski","14":"category-sloneczne","15":"category-staszica","16":"category-warto-wiedziec","17":"category-wiadomosci","18":"category-wieprzyce","19":"category-zakanale","20":"category-zamoscie","21":"tag-budimex-mobility","22":"tag-enea-operator","23":"tag-intermarche","24":"tag-katarzyna-siwek","25":"tag-power-dot","26":"tag-stacje-ladowania-aut-elektrycznych"},"yoast_head":"<!-- This site is optimized with the Yoast SEO plugin v27.3 - https:\/\/yoast.com\/product\/yoast-seo-wordpress\/ -->\n<title>W mie\u015bcie przybywa stacji \u0142adowania samochod\u00f3w elektrycznych - Gorz\u00f3w News<\/title>\n<meta name=\"description\" content=\"Poruszaj\u0105c si\u0119 po mie\u015bcie mo\u017cemy zaobserwowa\u0107, \u017ce w ostatnim czasie przybywa nowych stacji \u0142adowania samochod\u00f3w elektrycznych. Z wielu z nich\" \/>\n<meta name=\"robots\" content=\"index, follow, max-snippet:-1, max-image-preview:large, max-video-preview:-1\" \/>\n<link rel=\"canonical\" href=\"https:\/\/gorzow.news\/index.php\/2023\/08\/03\/w-miescie-przybywa-stacji-ladowania-samochodow-elektrycznych\/\" \/>\n<meta property=\"og:locale\" content=\"pl_PL\" \/>\n<meta property=\"og:type\" content=\"article\" \/>\n<meta property=\"og:title\" content=\"W mie\u015bcie przybywa stacji \u0142adowania samochod\u00f3w elektrycznych - Gorz\u00f3w News\" \/>\n<meta property=\"og:description\" content=\"Poruszaj\u0105c si\u0119 po mie\u015bcie mo\u017cemy zaobserwowa\u0107, \u017ce w ostatnim czasie przybywa nowych stacji \u0142adowania samochod\u00f3w elektrycznych. Z wielu z nich\" \/>\n<meta property=\"og:url\" content=\"https:\/\/gorzow.news\/index.php\/2023\/08\/03\/w-miescie-przybywa-stacji-ladowania-samochodow-elektrycznych\/\" \/>\n<meta property=\"og:site_name\" content=\"Gorz\u00f3w News\" \/>\n<meta property=\"article:publisher\" content=\"https:\/\/www.facebook.com\/gorzowskinews\" \/>\n<meta property=\"article:published_time\" content=\"2023-08-03T14:10:11+00:00\" \/>\n<meta property=\"article:modified_time\" content=\"2023-08-03T14:10:13+00:00\" \/>\n<meta property=\"og:image\" content=\"https:\/\/gorzow.news\/wp-content\/uploads\/2023\/08\/IMG_20230619_183659_1-1.jpg\" \/>\n\t<meta property=\"og:image:width\" content=\"1600\" \/>\n\t<meta property=\"og:image:height\" content=\"757\" \/>\n\t<meta property=\"og:image:type\" content=\"image\/jpeg\" \/>\n<meta name=\"author\" content=\"maciej\" \/>\n<meta name=\"twitter:card\" content=\"summary_large_image\" \/>\n<meta name=\"twitter:label1\" content=\"Napisane przez\" \/>\n\t<meta name=\"twitter:data1\" content=\"maciej\" \/>\n\t<meta name=\"twitter:label2\" content=\"Szacowany czas czytania\" \/>\n\t<meta name=\"twitter:data2\" content=\"3 minuty\" \/>\n<script type=\"application\/ld+json\" class=\"yoast-schema-graph\">{\"@context\":\"https:\\\/\\\/schema.org\",\"@graph\":[{\"@type\":\"Article\",\"@id\":\"https:\\\/\\\/gorzow.news\\\/index.php\\\/2023\\\/08\\\/03\\\/w-miescie-przybywa-stacji-ladowania-samochodow-elektrycznych\\\/#article\",\"isPartOf\":{\"@id\":\"https:\\\/\\\/gorzow.news\\\/index.php\\\/2023\\\/08\\\/03\\\/w-miescie-przybywa-stacji-ladowania-samochodow-elektrycznych\\\/\"},\"author\":{\"name\":\"maciej\",\"@id\":\"https:\\\/\\\/gorzow.news\\\/#\\\/schema\\\/person\\\/a1e5ab43166369f2ce236a1cd90995bb\"},\"headline\":\"W mie\u015bcie przybywa stacji \u0142adowania samochod\u00f3w elektrycznych\",\"datePublished\":\"2023-08-03T14:10:11+00:00\",\"dateModified\":\"2023-08-03T14:10:13+00:00\",\"mainEntityOfPage\":{\"@id\":\"https:\\\/\\\/gorzow.news\\\/index.php\\\/2023\\\/08\\\/03\\\/w-miescie-przybywa-stacji-ladowania-samochodow-elektrycznych\\\/\"},\"wordCount\":591,\"commentCount\":0,\"image\":{\"@id\":\"https:\\\/\\\/gorzow.news\\\/index.php\\\/2023\\\/08\\\/03\\\/w-miescie-przybywa-stacji-ladowania-samochodow-elektrycznych\\\/#primaryimage\"},\"thumbnailUrl\":\"https:\\\/\\\/gorzow.news\\\/wp-content\\\/uploads\\\/2023\\\/08\\\/IMG_20230619_183659_1-1.jpg\",\"keywords\":[\"Budimex Mobility\",\"Enea Operator\",\"Intermarche\",\"Katarzyna Siwek\",\"Power Dot\",\"stacje \u0142adowania aut elektrycznych\"],\"articleSection\":[\"Centrum \\\/ \u015ar\u00f3dmie\u015bcie\",\"Chwal\u0119cice\",\"Dolinki\",\"Europejskie\",\"G\u00f3rczyn\",\"Manhattan\",\"Piaski\",\"S\u0142oneczne\",\"Staszica\",\"Warto wiedzie\u0107\",\"Wiadomo\u015bci\",\"Wieprzyce\",\"Zakanale\",\"Zamo\u015bcie\"],\"inLanguage\":\"pl-PL\",\"potentialAction\":[{\"@type\":\"CommentAction\",\"name\":\"Comment\",\"target\":[\"https:\\\/\\\/gorzow.news\\\/index.php\\\/2023\\\/08\\\/03\\\/w-miescie-przybywa-stacji-ladowania-samochodow-elektrycznych\\\/#respond\"]}]},{\"@type\":\"WebPage\",\"@id\":\"https:\\\/\\\/gorzow.news\\\/index.php\\\/2023\\\/08\\\/03\\\/w-miescie-przybywa-stacji-ladowania-samochodow-elektrycznych\\\/\",\"url\":\"https:\\\/\\\/gorzow.news\\\/index.php\\\/2023\\\/08\\\/03\\\/w-miescie-przybywa-stacji-ladowania-samochodow-elektrycznych\\\/\",\"name\":\"W mie\u015bcie przybywa stacji \u0142adowania samochod\u00f3w elektrycznych - Gorz\u00f3w News\",\"isPartOf\":{\"@id\":\"https:\\\/\\\/gorzow.news\\\/#website\"},\"primaryImageOfPage\":{\"@id\":\"https:\\\/\\\/gorzow.news\\\/index.php\\\/2023\\\/08\\\/03\\\/w-miescie-przybywa-stacji-ladowania-samochodow-elektrycznych\\\/#primaryimage\"},\"image\":{\"@id\":\"https:\\\/\\\/gorzow.news\\\/index.php\\\/2023\\\/08\\\/03\\\/w-miescie-przybywa-stacji-ladowania-samochodow-elektrycznych\\\/#primaryimage\"},\"thumbnailUrl\":\"https:\\\/\\\/gorzow.news\\\/wp-content\\\/uploads\\\/2023\\\/08\\\/IMG_20230619_183659_1-1.jpg\",\"datePublished\":\"2023-08-03T14:10:11+00:00\",\"dateModified\":\"2023-08-03T14:10:13+00:00\",\"author\":{\"@id\":\"https:\\\/\\\/gorzow.news\\\/#\\\/schema\\\/person\\\/a1e5ab43166369f2ce236a1cd90995bb\"},\"description\":\"Poruszaj\u0105c si\u0119 po mie\u015bcie mo\u017cemy zaobserwowa\u0107, \u017ce w ostatnim czasie przybywa nowych stacji \u0142adowania samochod\u00f3w elektrycznych. Z wielu z nich jeszcze nie mo\u017cna korzysta\u0107. Jednak powinny zosta\u0107 uruchomione w najbli\u017cszych miesi\u0105cach. Podobnie wygl\u0105da sytuacja z czternastoma stacjami, kt\u00f3re dwa lata temu postawi\u0142a Enea Operator, a kt\u00f3re zim\u0105 odkupi\u0142a firma Budimex Mobility.\",\"breadcrumb\":{\"@id\":\"https:\\\/\\\/gorzow.news\\\/index.php\\\/2023\\\/08\\\/03\\\/w-miescie-przybywa-stacji-ladowania-samochodow-elektrycznych\\\/#breadcrumb\"},\"inLanguage\":\"pl-PL\",\"potentialAction\":[{\"@type\":\"ReadAction\",\"target\":[\"https:\\\/\\\/gorzow.news\\\/index.php\\\/2023\\\/08\\\/03\\\/w-miescie-przybywa-stacji-ladowania-samochodow-elektrycznych\\\/\"]}]},{\"@type\":\"ImageObject\",\"inLanguage\":\"pl-PL\",\"@id\":\"https:\\\/\\\/gorzow.news\\\/index.php\\\/2023\\\/08\\\/03\\\/w-miescie-przybywa-stacji-ladowania-samochodow-elektrycznych\\\/#primaryimage\",\"url\":\"https:\\\/\\\/gorzow.news\\\/wp-content\\\/uploads\\\/2023\\\/08\\\/IMG_20230619_183659_1-1.jpg\",\"contentUrl\":\"https:\\\/\\\/gorzow.news\\\/wp-content\\\/uploads\\\/2023\\\/08\\\/IMG_20230619_183659_1-1.jpg\",\"width\":1600,\"height\":757,\"caption\":\"Nowa stacja \u0142adowania samochod\u00f3w elektrycznych przy ul. Witosa.\"},{\"@type\":\"BreadcrumbList\",\"@id\":\"https:\\\/\\\/gorzow.news\\\/index.php\\\/2023\\\/08\\\/03\\\/w-miescie-przybywa-stacji-ladowania-samochodow-elektrycznych\\\/#breadcrumb\",\"itemListElement\":[{\"@type\":\"ListItem\",\"position\":1,\"name\":\"Home\",\"item\":\"https:\\\/\\\/gorzow.news\\\/\"},{\"@type\":\"ListItem\",\"position\":2,\"name\":\"W mie\u015bcie przybywa stacji \u0142adowania samochod\u00f3w elektrycznych\"}]},{\"@type\":\"WebSite\",\"@id\":\"https:\\\/\\\/gorzow.news\\\/#website\",\"url\":\"https:\\\/\\\/gorzow.news\\\/\",\"name\":\"Gorz\u00f3w News\",\"description\":\"Sp\u00f3jrz inaczej na miato i region...\",\"potentialAction\":[{\"@type\":\"SearchAction\",\"target\":{\"@type\":\"EntryPoint\",\"urlTemplate\":\"https:\\\/\\\/gorzow.news\\\/?s={search_term_string}\"},\"query-input\":{\"@type\":\"PropertyValueSpecification\",\"valueRequired\":true,\"valueName\":\"search_term_string\"}}],\"inLanguage\":\"pl-PL\"},{\"@type\":\"Person\",\"@id\":\"https:\\\/\\\/gorzow.news\\\/#\\\/schema\\\/person\\\/a1e5ab43166369f2ce236a1cd90995bb\",\"name\":\"maciej\",\"image\":{\"@type\":\"ImageObject\",\"inLanguage\":\"pl-PL\",\"@id\":\"https:\\\/\\\/secure.gravatar.com\\\/avatar\\\/530a674d56ba60cfa0ef21d74e8e8d123a51bb7aa6580465b5c2ab2c2e980a19?s=96&r=g&d=https:\\\/\\\/gorzow.news\\\/wp-content\\\/plugins\\\/userswp\\\/assets\\\/images\\\/no_profile.png\",\"url\":\"https:\\\/\\\/secure.gravatar.com\\\/avatar\\\/530a674d56ba60cfa0ef21d74e8e8d123a51bb7aa6580465b5c2ab2c2e980a19?s=96&r=g&d=https:\\\/\\\/gorzow.news\\\/wp-content\\\/plugins\\\/userswp\\\/assets\\\/images\\\/no_profile.png\",\"contentUrl\":\"https:\\\/\\\/secure.gravatar.com\\\/avatar\\\/530a674d56ba60cfa0ef21d74e8e8d123a51bb7aa6580465b5c2ab2c2e980a19?s=96&r=g&d=https:\\\/\\\/gorzow.news\\\/wp-content\\\/plugins\\\/userswp\\\/assets\\\/images\\\/no_profile.png\",\"caption\":\"maciej\"},\"url\":\"https:\\\/\\\/gorzow.news\\\/index.php\\\/profile\\\/maciej\\\/\"}]}<\/script>\n<!-- \/ Yoast SEO plugin. -->","yoast_head_json":{"title":"W mie\u015bcie przybywa stacji \u0142adowania samochod\u00f3w elektrycznych - Gorz\u00f3w News","description":"Poruszaj\u0105c si\u0119 po mie\u015bcie mo\u017cemy zaobserwowa\u0107, \u017ce w ostatnim czasie przybywa nowych stacji \u0142adowania samochod\u00f3w elektrycznych. Z wielu z nich","robots":{"index":"index","follow":"follow","max-snippet":"max-snippet:-1","max-image-preview":"max-image-preview:large","max-video-preview":"max-video-preview:-1"},"canonical":"https:\/\/gorzow.news\/index.php\/2023\/08\/03\/w-miescie-przybywa-stacji-ladowania-samochodow-elektrycznych\/","og_locale":"pl_PL","og_type":"article","og_title":"W mie\u015bcie przybywa stacji \u0142adowania samochod\u00f3w elektrycznych - Gorz\u00f3w News","og_description":"Poruszaj\u0105c si\u0119 po mie\u015bcie mo\u017cemy zaobserwowa\u0107, \u017ce w ostatnim czasie przybywa nowych stacji \u0142adowania samochod\u00f3w elektrycznych. Z wielu z nich","og_url":"https:\/\/gorzow.news\/index.php\/2023\/08\/03\/w-miescie-przybywa-stacji-ladowania-samochodow-elektrycznych\/","og_site_name":"Gorz\u00f3w News","article_publisher":"https:\/\/www.facebook.com\/gorzowskinews","article_published_time":"2023-08-03T14:10:11+00:00","article_modified_time":"2023-08-03T14:10:13+00:00","og_image":[{"width":1600,"height":757,"url":"https:\/\/gorzow.news\/wp-content\/uploads\/2023\/08\/IMG_20230619_183659_1-1.jpg","type":"image\/jpeg"}],"author":"maciej","twitter_card":"summary_large_image","twitter_misc":{"Napisane przez":"maciej","Szacowany czas czytania":"3 minuty"},"schema":{"@context":"https:\/\/schema.org","@graph":[{"@type":"Article","@id":"https:\/\/gorzow.news\/index.php\/2023\/08\/03\/w-miescie-przybywa-stacji-ladowania-samochodow-elektrycznych\/#article","isPartOf":{"@id":"https:\/\/gorzow.news\/index.php\/2023\/08\/03\/w-miescie-przybywa-stacji-ladowania-samochodow-elektrycznych\/"},"author":{"name":"maciej","@id":"https:\/\/gorzow.news\/#\/schema\/person\/a1e5ab43166369f2ce236a1cd90995bb"},"headline":"W mie\u015bcie przybywa stacji \u0142adowania samochod\u00f3w elektrycznych","datePublished":"2023-08-03T14:10:11+00:00","dateModified":"2023-08-03T14:10:13+00:00","mainEntityOfPage":{"@id":"https:\/\/gorzow.news\/index.php\/2023\/08\/03\/w-miescie-przybywa-stacji-ladowania-samochodow-elektrycznych\/"},"wordCount":591,"commentCount":0,"image":{"@id":"https:\/\/gorzow.news\/index.php\/2023\/08\/03\/w-miescie-przybywa-stacji-ladowania-samochodow-elektrycznych\/#primaryimage"},"thumbnailUrl":"https:\/\/gorzow.news\/wp-content\/uploads\/2023\/08\/IMG_20230619_183659_1-1.jpg","keywords":["Budimex Mobility","Enea Operator","Intermarche","Katarzyna Siwek","Power Dot","stacje \u0142adowania aut elektrycznych"],"articleSection":["Centrum \/ \u015ar\u00f3dmie\u015bcie","Chwal\u0119cice","Dolinki","Europejskie","G\u00f3rczyn","Manhattan","Piaski","S\u0142oneczne","Staszica","Warto wiedzie\u0107","Wiadomo\u015bci","Wieprzyce","Zakanale","Zamo\u015bcie"],"inLanguage":"pl-PL","potentialAction":[{"@type":"CommentAction","name":"Comment","target":["https:\/\/gorzow.news\/index.php\/2023\/08\/03\/w-miescie-przybywa-stacji-ladowania-samochodow-elektrycznych\/#respond"]}]},{"@type":"WebPage","@id":"https:\/\/gorzow.news\/index.php\/2023\/08\/03\/w-miescie-przybywa-stacji-ladowania-samochodow-elektrycznych\/","url":"https:\/\/gorzow.news\/index.php\/2023\/08\/03\/w-miescie-przybywa-stacji-ladowania-samochodow-elektrycznych\/","name":"W mie\u015bcie przybywa stacji \u0142adowania samochod\u00f3w elektrycznych - Gorz\u00f3w News","isPartOf":{"@id":"https:\/\/gorzow.news\/#website"},"primaryImageOfPage":{"@id":"https:\/\/gorzow.news\/index.php\/2023\/08\/03\/w-miescie-przybywa-stacji-ladowania-samochodow-elektrycznych\/#primaryimage"},"image":{"@id":"https:\/\/gorzow.news\/index.php\/2023\/08\/03\/w-miescie-przybywa-stacji-ladowania-samochodow-elektrycznych\/#primaryimage"},"thumbnailUrl":"https:\/\/gorzow.news\/wp-content\/uploads\/2023\/08\/IMG_20230619_183659_1-1.jpg","datePublished":"2023-08-03T14:10:11+00:00","dateModified":"2023-08-03T14:10:13+00:00","author":{"@id":"https:\/\/gorzow.news\/#\/schema\/person\/a1e5ab43166369f2ce236a1cd90995bb"},"description":"Poruszaj\u0105c si\u0119 po mie\u015bcie mo\u017cemy zaobserwowa\u0107, \u017ce w ostatnim czasie przybywa nowych stacji \u0142adowania samochod\u00f3w elektrycznych. Z wielu z nich jeszcze nie mo\u017cna korzysta\u0107. Jednak powinny zosta\u0107 uruchomione w najbli\u017cszych miesi\u0105cach. Podobnie wygl\u0105da sytuacja z czternastoma stacjami, kt\u00f3re dwa lata temu postawi\u0142a Enea Operator, a kt\u00f3re zim\u0105 odkupi\u0142a firma Budimex Mobility.","breadcrumb":{"@id":"https:\/\/gorzow.news\/index.php\/2023\/08\/03\/w-miescie-przybywa-stacji-ladowania-samochodow-elektrycznych\/#breadcrumb"},"inLanguage":"pl-PL","potentialAction":[{"@type":"ReadAction","target":["https:\/\/gorzow.news\/index.php\/2023\/08\/03\/w-miescie-przybywa-stacji-ladowania-samochodow-elektrycznych\/"]}]},{"@type":"ImageObject","inLanguage":"pl-PL","@id":"https:\/\/gorzow.news\/index.php\/2023\/08\/03\/w-miescie-przybywa-stacji-ladowania-samochodow-elektrycznych\/#primaryimage","url":"https:\/\/gorzow.news\/wp-content\/uploads\/2023\/08\/IMG_20230619_183659_1-1.jpg","contentUrl":"https:\/\/gorzow.news\/wp-content\/uploads\/2023\/08\/IMG_20230619_183659_1-1.jpg","width":1600,"height":757,"caption":"Nowa stacja \u0142adowania samochod\u00f3w elektrycznych przy ul. Witosa."},{"@type":"BreadcrumbList","@id":"https:\/\/gorzow.news\/index.php\/2023\/08\/03\/w-miescie-przybywa-stacji-ladowania-samochodow-elektrycznych\/#breadcrumb","itemListElement":[{"@type":"ListItem","position":1,"name":"Home","item":"https:\/\/gorzow.news\/"},{"@type":"ListItem","position":2,"name":"W mie\u015bcie przybywa stacji \u0142adowania samochod\u00f3w elektrycznych"}]},{"@type":"WebSite","@id":"https:\/\/gorzow.news\/#website","url":"https:\/\/gorzow.news\/","name":"Gorz\u00f3w News","description":"Sp\u00f3jrz inaczej na miato i region...","potentialAction":[{"@type":"SearchAction","target":{"@type":"EntryPoint","urlTemplate":"https:\/\/gorzow.news\/?s={search_term_string}"},"query-input":{"@type":"PropertyValueSpecification","valueRequired":true,"valueName":"search_term_string"}}],"inLanguage":"pl-PL"},{"@type":"Person","@id":"https:\/\/gorzow.news\/#\/schema\/person\/a1e5ab43166369f2ce236a1cd90995bb","name":"maciej","image":{"@type":"ImageObject","inLanguage":"pl-PL","@id":"https:\/\/secure.gravatar.com\/avatar\/530a674d56ba60cfa0ef21d74e8e8d123a51bb7aa6580465b5c2ab2c2e980a19?s=96&r=g&d=https:\/\/gorzow.news\/wp-content\/plugins\/userswp\/assets\/images\/no_profile.png","url":"https:\/\/secure.gravatar.com\/avatar\/530a674d56ba60cfa0ef21d74e8e8d123a51bb7aa6580465b5c2ab2c2e980a19?s=96&r=g&d=https:\/\/gorzow.news\/wp-content\/plugins\/userswp\/assets\/images\/no_profile.png","contentUrl":"https:\/\/secure.gravatar.com\/avatar\/530a674d56ba60cfa0ef21d74e8e8d123a51bb7aa6580465b5c2ab2c2e980a19?s=96&r=g&d=https:\/\/gorzow.news\/wp-content\/plugins\/userswp\/assets\/images\/no_profile.png","caption":"maciej"},"url":"https:\/\/gorzow.news\/index.php\/profile\/maciej\/"}]}},"_links":{"self":[{"href":"https:\/\/gorzow.news\/index.php\/wp-json\/wp\/v2\/posts\/13901","targetHints":{"allow":["GET"]}}],"collection":[{"href":"https:\/\/gorzow.news\/index.php\/wp-json\/wp\/v2\/posts"}],"about":[{"href":"https:\/\/gorzow.news\/index.php\/wp-json\/wp\/v2\/types\/post"}],"author":[{"embeddable":true,"href":"https:\/\/gorzow.news\/index.php\/wp-json\/wp\/v2\/users\/1"}],"replies":[{"embeddable":true,"href":"https:\/\/gorzow.news\/index.php\/wp-json\/wp\/v2\/comments?post=13901"}],"version-history":[{"count":1,"href":"https:\/\/gorzow.news\/index.php\/wp-json\/wp\/v2\/posts\/13901\/revisions"}],"predecessor-version":[{"id":13908,"href":"https:\/\/gorzow.news\/index.php\/wp-json\/wp\/v2\/posts\/13901\/revisions\/13908"}],"wp:featuredmedia":[{"embeddable":true,"href":"https:\/\/gorzow.news\/index.php\/wp-json\/wp\/v2\/media\/13907"}],"wp:attachment":[{"href":"https:\/\/gorzow.news\/index.php\/wp-json\/wp\/v2\/media?parent=13901"}],"wp:term":[{"taxonomy":"category","embeddable":true,"href":"https:\/\/gorzow.news\/index.php\/wp-json\/wp\/v2\/categories?post=13901"},{"taxonomy":"post_tag","embeddable":true,"href":"https:\/\/gorzow.news\/index.php\/wp-json\/wp\/v2\/tags?post=13901"}],"curies":[{"name":"wp","href":"https:\/\/api.w.org\/{rel}","templated":true}]}}