{"id":13798,"date":"2023-07-31T14:40:04","date_gmt":"2023-07-31T12:40:04","guid":{"rendered":"https:\/\/gorzow.news\/?p=13798"},"modified":"2023-11-16T20:18:38","modified_gmt":"2023-11-16T19:18:38","slug":"przy-mosieznej-sporo-sie-dzieje-do-wiosny-przyszlego-roku-stanie-tu-park-logistyczny-zdjecia","status":"publish","type":"post","link":"https:\/\/gorzow.news\/index.php\/2023\/07\/31\/przy-mosieznej-sporo-sie-dzieje-do-wiosny-przyszlego-roku-stanie-tu-park-logistyczny-zdjecia\/","title":{"rendered":"Przy Mosi\u0119\u017cnej sporo si\u0119 dzieje. Do wiosny przysz\u0142ego roku stanie tu park logistyczny! (zdj\u0119cia)"},"content":{"rendered":"\n<p><strong>W po\u0142owie lipca informowali\u015bmy, \u017ce z rocznym op\u00f3\u017anieniem rozpocz\u0119\u0142a si\u0119 budowa parku logistycznego MLP Gorz\u00f3w. Inwestycja powstaje na o\u015bmiu dzia\u0142kach o \u0142\u0105cznej powierzchni blisko 12 hektar\u00f3w przy ul. Mosi\u0119\u017cnej i Spi\u017cowej. Prace prowadzone s\u0105 tu w szybkim tempie. Co wida\u0107 na naszych zdj\u0119ciach. Jednocze\u015bnie budowane s\u0105 dwie hale i ca\u0142a pozosta\u0142a infrastruktura.<\/strong><\/p>\n\n\n\n<p>&#8211; Budow\u0119 rozpocz\u0119li\u015bmy w czerwcu, a zako\u0144czenie planujemy na pierwszy kwarta\u0142 2024 roku &#8211; m\u00f3wi nam <strong>Karolina Malewska<\/strong>, pr manager w MLP Group.<\/p>\n\n\n\r\n                <style type=\"text\/css\">\r\n                    \r\n                    #tdi_1  .td-doubleSlider-2 .td-item1 {\r\n                        background: url(https:\/\/gorzow.news\/wp-content\/uploads\/2023\/07\/IMG_20230730_174432_2.jpg) 0 0 no-repeat;\r\n                    }\r\n                    #tdi_1  .td-doubleSlider-2 .td-item2 {\r\n                        background: url(https:\/\/gorzow.news\/wp-content\/uploads\/2023\/07\/IMG_20230730_174843_2.jpg) 0 0 no-repeat;\r\n                    }\r\n                    #tdi_1  .td-doubleSlider-2 .td-item3 {\r\n                        background: url(https:\/\/gorzow.news\/wp-content\/uploads\/2023\/07\/IMG_20230730_175013_1.jpg) 0 0 no-repeat;\r\n                    }\r\n                    #tdi_1  .td-doubleSlider-2 .td-item4 {\r\n                        background: url(https:\/\/gorzow.news\/wp-content\/uploads\/2023\/07\/IMG_20230730_175214_2.jpg) 0 0 no-repeat;\r\n                    }\r\n                    #tdi_1  .td-doubleSlider-2 .td-item5 {\r\n                        background: url(https:\/\/gorzow.news\/wp-content\/uploads\/2023\/07\/IMG_20230730_175524_1.jpg) 0 0 no-repeat;\r\n                    }\r\n                    #tdi_1  .td-doubleSlider-2 .td-item6 {\r\n                        background: url(https:\/\/gorzow.news\/wp-content\/uploads\/2023\/07\/IMG_20230730_175537_1.jpg) 0 0 no-repeat;\r\n                    }\r\n                    #tdi_1  .td-doubleSlider-2 .td-item7 {\r\n                        background: url(https:\/\/gorzow.news\/wp-content\/uploads\/2023\/07\/IMG_20230730_175655.jpg) 0 0 no-repeat;\r\n                    }\r\n                    #tdi_1  .td-doubleSlider-2 .td-item8 {\r\n                        background: url(https:\/\/gorzow.news\/wp-content\/uploads\/2023\/07\/IMG_20230730_175706.jpg) 0 0 no-repeat;\r\n                    }\r\n                    #tdi_1  .td-doubleSlider-2 .td-item9 {\r\n                        background: url(https:\/\/gorzow.news\/wp-content\/uploads\/2023\/07\/IMG_20230730_180011_2.jpg) 0 0 no-repeat;\r\n                    }\r\n                    #tdi_1  .td-doubleSlider-2 .td-item10 {\r\n                        background: url(https:\/\/gorzow.news\/wp-content\/uploads\/2023\/07\/IMG_20230730_180508.jpg) 0 0 no-repeat;\r\n                    }\r\n                    #tdi_1  .td-doubleSlider-2 .td-item11 {\r\n                        background: url(https:\/\/gorzow.news\/wp-content\/uploads\/2023\/07\/IMG_20230730_180512_1.jpg) 0 0 no-repeat;\r\n                    }\r\n                    #tdi_1  .td-doubleSlider-2 .td-item12 {\r\n                        background: url(https:\/\/gorzow.news\/wp-content\/uploads\/2023\/07\/IMG_20230730_180519_1.jpg) 0 0 no-repeat;\r\n                    }\r\n                    #tdi_1  .td-doubleSlider-2 .td-item13 {\r\n                        background: url(https:\/\/gorzow.news\/wp-content\/uploads\/2023\/07\/IMG_20230730_180525_1.jpg) 0 0 no-repeat;\r\n                    }\r\n                    #tdi_1  .td-doubleSlider-2 .td-item14 {\r\n                        background: url(https:\/\/gorzow.news\/wp-content\/uploads\/2023\/07\/IMG_20230730_180535.jpg) 0 0 no-repeat;\r\n                    }\r\n                    #tdi_1  .td-doubleSlider-2 .td-item15 {\r\n                        background: url(https:\/\/gorzow.news\/wp-content\/uploads\/2023\/07\/IMG_20230730_180619.jpg) 0 0 no-repeat;\r\n                    }\r\n                <\/style>\r\n\r\n                <div id=\"tdi_1\" class=\"td-gallery td-slide-on-2-columns\">\r\n                    <div class=\"post_td_gallery\">\r\n                        <div class=\"td-gallery-slide-top\">\r\n                           <div class=\"td-gallery-title\">Budowa parku logistycznego MLP Gorz\u00f3w - 30 lipca 2023 r.<\/div>\r\n\r\n                            <div class=\"td-gallery-controls-wrapper\">\r\n                                <div class=\"td-gallery-slide-count\"><span class=\"td-gallery-slide-item-focus\">1<\/span> z 15<\/div>\r\n                                <div class=\"td-gallery-slide-prev-next-but\">\r\n                                    <i class = \"td-icon-left doubleSliderPrevButton\"><\/i>\r\n                                    <i class = \"td-icon-right doubleSliderNextButton\"><\/i>\r\n                                <\/div>\r\n                            <\/div>\r\n                        <\/div>\r\n\r\n                        <div class = \"td-doubleSlider-1 \">\r\n                            <div class = \"td-slider\">\r\n                                \r\n                    <div class = \"td-slide-item td-item1\">\r\n                        <figure class=\"td-slide-galery-figure td-slide-popup-gallery\">\r\n                            <a class=\"slide-gallery-image-link\" href=\"https:\/\/gorzow.news\/wp-content\/uploads\/2023\/07\/IMG_20230730_174432_2.jpg\" title=\"\"  data-caption=\"\"  data-description=\"\">\r\n                                <img decoding=\"async\" src=\"https:\/\/gorzow.news\/wp-content\/uploads\/2023\/07\/IMG_20230730_174432_2.jpg\" srcset=\"https:\/\/gorzow.news\/wp-content\/uploads\/2023\/07\/IMG_20230730_174432_2.jpg 1600w, https:\/\/gorzow.news\/wp-content\/uploads\/2023\/07\/IMG_20230730_174432_2-300x142.jpg 300w, https:\/\/gorzow.news\/wp-content\/uploads\/2023\/07\/IMG_20230730_174432_2-1024x484.jpg 1024w, https:\/\/gorzow.news\/wp-content\/uploads\/2023\/07\/IMG_20230730_174432_2-768x363.jpg 768w, https:\/\/gorzow.news\/wp-content\/uploads\/2023\/07\/IMG_20230730_174432_2-1536x727.jpg 1536w, https:\/\/gorzow.news\/wp-content\/uploads\/2023\/07\/IMG_20230730_174432_2-696x329.jpg 696w, https:\/\/gorzow.news\/wp-content\/uploads\/2023\/07\/IMG_20230730_174432_2-1068x505.jpg 1068w\" sizes=\"(max-width: 1600px) 100vw, 1600px\" alt=\"\">\r\n                            <\/a>\r\n                            \r\n                        <\/figure>\r\n                    <\/div>\r\n                    <div class = \"td-slide-item td-item2\">\r\n                        <figure class=\"td-slide-galery-figure td-slide-popup-gallery\">\r\n                            <a class=\"slide-gallery-image-link\" href=\"https:\/\/gorzow.news\/wp-content\/uploads\/2023\/07\/IMG_20230730_174843_2.jpg\" title=\"\"  data-caption=\"\"  data-description=\"\">\r\n                                <img decoding=\"async\" src=\"https:\/\/gorzow.news\/wp-content\/uploads\/2023\/07\/IMG_20230730_174843_2.jpg\" srcset=\"https:\/\/gorzow.news\/wp-content\/uploads\/2023\/07\/IMG_20230730_174843_2.jpg 1600w, https:\/\/gorzow.news\/wp-content\/uploads\/2023\/07\/IMG_20230730_174843_2-300x142.jpg 300w, https:\/\/gorzow.news\/wp-content\/uploads\/2023\/07\/IMG_20230730_174843_2-1024x484.jpg 1024w, https:\/\/gorzow.news\/wp-content\/uploads\/2023\/07\/IMG_20230730_174843_2-768x363.jpg 768w, https:\/\/gorzow.news\/wp-content\/uploads\/2023\/07\/IMG_20230730_174843_2-1536x727.jpg 1536w, https:\/\/gorzow.news\/wp-content\/uploads\/2023\/07\/IMG_20230730_174843_2-696x329.jpg 696w, https:\/\/gorzow.news\/wp-content\/uploads\/2023\/07\/IMG_20230730_174843_2-1068x505.jpg 1068w\" sizes=\"(max-width: 1600px) 100vw, 1600px\" alt=\"\">\r\n                            <\/a>\r\n                            \r\n                        <\/figure>\r\n                    <\/div>\r\n                    <div class = \"td-slide-item td-item3\">\r\n                        <figure class=\"td-slide-galery-figure td-slide-popup-gallery\">\r\n                            <a class=\"slide-gallery-image-link\" href=\"https:\/\/gorzow.news\/wp-content\/uploads\/2023\/07\/IMG_20230730_175013_1.jpg\" title=\"\"  data-caption=\"\"  data-description=\"\">\r\n                                <img decoding=\"async\" src=\"https:\/\/gorzow.news\/wp-content\/uploads\/2023\/07\/IMG_20230730_175013_1.jpg\" srcset=\"https:\/\/gorzow.news\/wp-content\/uploads\/2023\/07\/IMG_20230730_175013_1.jpg 1600w, https:\/\/gorzow.news\/wp-content\/uploads\/2023\/07\/IMG_20230730_175013_1-300x142.jpg 300w, https:\/\/gorzow.news\/wp-content\/uploads\/2023\/07\/IMG_20230730_175013_1-1024x484.jpg 1024w, https:\/\/gorzow.news\/wp-content\/uploads\/2023\/07\/IMG_20230730_175013_1-768x363.jpg 768w, https:\/\/gorzow.news\/wp-content\/uploads\/2023\/07\/IMG_20230730_175013_1-1536x727.jpg 1536w, https:\/\/gorzow.news\/wp-content\/uploads\/2023\/07\/IMG_20230730_175013_1-696x329.jpg 696w, https:\/\/gorzow.news\/wp-content\/uploads\/2023\/07\/IMG_20230730_175013_1-1068x505.jpg 1068w\" sizes=\"(max-width: 1600px) 100vw, 1600px\" alt=\"\">\r\n                            <\/a>\r\n                            \r\n                        <\/figure>\r\n                    <\/div>\r\n                    <div class = \"td-slide-item td-item4\">\r\n                        <figure class=\"td-slide-galery-figure td-slide-popup-gallery\">\r\n                            <a class=\"slide-gallery-image-link\" href=\"https:\/\/gorzow.news\/wp-content\/uploads\/2023\/07\/IMG_20230730_175214_2.jpg\" title=\"\"  data-caption=\"\"  data-description=\"\">\r\n                                <img decoding=\"async\" src=\"https:\/\/gorzow.news\/wp-content\/uploads\/2023\/07\/IMG_20230730_175214_2.jpg\" srcset=\"https:\/\/gorzow.news\/wp-content\/uploads\/2023\/07\/IMG_20230730_175214_2.jpg 1600w, https:\/\/gorzow.news\/wp-content\/uploads\/2023\/07\/IMG_20230730_175214_2-300x142.jpg 300w, https:\/\/gorzow.news\/wp-content\/uploads\/2023\/07\/IMG_20230730_175214_2-1024x484.jpg 1024w, https:\/\/gorzow.news\/wp-content\/uploads\/2023\/07\/IMG_20230730_175214_2-768x363.jpg 768w, https:\/\/gorzow.news\/wp-content\/uploads\/2023\/07\/IMG_20230730_175214_2-1536x727.jpg 1536w, https:\/\/gorzow.news\/wp-content\/uploads\/2023\/07\/IMG_20230730_175214_2-696x329.jpg 696w, https:\/\/gorzow.news\/wp-content\/uploads\/2023\/07\/IMG_20230730_175214_2-1068x505.jpg 1068w\" sizes=\"(max-width: 1600px) 100vw, 1600px\" alt=\"\">\r\n                            <\/a>\r\n                            \r\n                        <\/figure>\r\n                    <\/div>\r\n                    <div class = \"td-slide-item td-item5\">\r\n                        <figure class=\"td-slide-galery-figure td-slide-popup-gallery\">\r\n                            <a class=\"slide-gallery-image-link\" href=\"https:\/\/gorzow.news\/wp-content\/uploads\/2023\/07\/IMG_20230730_175524_1.jpg\" title=\"\"  data-caption=\"\"  data-description=\"\">\r\n                                <img decoding=\"async\" src=\"https:\/\/gorzow.news\/wp-content\/uploads\/2023\/07\/IMG_20230730_175524_1.jpg\" srcset=\"https:\/\/gorzow.news\/wp-content\/uploads\/2023\/07\/IMG_20230730_175524_1.jpg 1600w, https:\/\/gorzow.news\/wp-content\/uploads\/2023\/07\/IMG_20230730_175524_1-300x142.jpg 300w, https:\/\/gorzow.news\/wp-content\/uploads\/2023\/07\/IMG_20230730_175524_1-1024x484.jpg 1024w, https:\/\/gorzow.news\/wp-content\/uploads\/2023\/07\/IMG_20230730_175524_1-768x363.jpg 768w, https:\/\/gorzow.news\/wp-content\/uploads\/2023\/07\/IMG_20230730_175524_1-1536x727.jpg 1536w, https:\/\/gorzow.news\/wp-content\/uploads\/2023\/07\/IMG_20230730_175524_1-696x329.jpg 696w, https:\/\/gorzow.news\/wp-content\/uploads\/2023\/07\/IMG_20230730_175524_1-1068x505.jpg 1068w\" sizes=\"(max-width: 1600px) 100vw, 1600px\" alt=\"\">\r\n                            <\/a>\r\n                            \r\n                        <\/figure>\r\n                    <\/div>\r\n                    <div class = \"td-slide-item td-item6\">\r\n                        <figure class=\"td-slide-galery-figure td-slide-popup-gallery\">\r\n                            <a class=\"slide-gallery-image-link\" href=\"https:\/\/gorzow.news\/wp-content\/uploads\/2023\/07\/IMG_20230730_175537_1.jpg\" title=\"\"  data-caption=\"\"  data-description=\"\">\r\n                                <img decoding=\"async\" src=\"https:\/\/gorzow.news\/wp-content\/uploads\/2023\/07\/IMG_20230730_175537_1.jpg\" srcset=\"https:\/\/gorzow.news\/wp-content\/uploads\/2023\/07\/IMG_20230730_175537_1.jpg 1600w, https:\/\/gorzow.news\/wp-content\/uploads\/2023\/07\/IMG_20230730_175537_1-300x142.jpg 300w, https:\/\/gorzow.news\/wp-content\/uploads\/2023\/07\/IMG_20230730_175537_1-1024x484.jpg 1024w, https:\/\/gorzow.news\/wp-content\/uploads\/2023\/07\/IMG_20230730_175537_1-768x363.jpg 768w, https:\/\/gorzow.news\/wp-content\/uploads\/2023\/07\/IMG_20230730_175537_1-1536x727.jpg 1536w, https:\/\/gorzow.news\/wp-content\/uploads\/2023\/07\/IMG_20230730_175537_1-696x329.jpg 696w, https:\/\/gorzow.news\/wp-content\/uploads\/2023\/07\/IMG_20230730_175537_1-1068x505.jpg 1068w\" sizes=\"(max-width: 1600px) 100vw, 1600px\" alt=\"\">\r\n                            <\/a>\r\n                            \r\n                        <\/figure>\r\n                    <\/div>\r\n                    <div class = \"td-slide-item td-item7\">\r\n                        <figure class=\"td-slide-galery-figure td-slide-popup-gallery\">\r\n                            <a class=\"slide-gallery-image-link\" href=\"https:\/\/gorzow.news\/wp-content\/uploads\/2023\/07\/IMG_20230730_175655.jpg\" title=\"\"  data-caption=\"\"  data-description=\"\">\r\n                                <img decoding=\"async\" src=\"https:\/\/gorzow.news\/wp-content\/uploads\/2023\/07\/IMG_20230730_175655.jpg\" srcset=\"https:\/\/gorzow.news\/wp-content\/uploads\/2023\/07\/IMG_20230730_175655.jpg 1600w, https:\/\/gorzow.news\/wp-content\/uploads\/2023\/07\/IMG_20230730_175655-300x142.jpg 300w, https:\/\/gorzow.news\/wp-content\/uploads\/2023\/07\/IMG_20230730_175655-1024x484.jpg 1024w, https:\/\/gorzow.news\/wp-content\/uploads\/2023\/07\/IMG_20230730_175655-768x363.jpg 768w, https:\/\/gorzow.news\/wp-content\/uploads\/2023\/07\/IMG_20230730_175655-1536x727.jpg 1536w, https:\/\/gorzow.news\/wp-content\/uploads\/2023\/07\/IMG_20230730_175655-696x329.jpg 696w, https:\/\/gorzow.news\/wp-content\/uploads\/2023\/07\/IMG_20230730_175655-1068x505.jpg 1068w\" sizes=\"(max-width: 1600px) 100vw, 1600px\" alt=\"\">\r\n                            <\/a>\r\n                            \r\n                        <\/figure>\r\n                    <\/div>\r\n                    <div class = \"td-slide-item td-item8\">\r\n                        <figure class=\"td-slide-galery-figure td-slide-popup-gallery\">\r\n                            <a class=\"slide-gallery-image-link\" href=\"https:\/\/gorzow.news\/wp-content\/uploads\/2023\/07\/IMG_20230730_175706.jpg\" title=\"\"  data-caption=\"\"  data-description=\"\">\r\n                                <img decoding=\"async\" src=\"https:\/\/gorzow.news\/wp-content\/uploads\/2023\/07\/IMG_20230730_175706.jpg\" srcset=\"https:\/\/gorzow.news\/wp-content\/uploads\/2023\/07\/IMG_20230730_175706.jpg 1600w, https:\/\/gorzow.news\/wp-content\/uploads\/2023\/07\/IMG_20230730_175706-300x142.jpg 300w, https:\/\/gorzow.news\/wp-content\/uploads\/2023\/07\/IMG_20230730_175706-1024x484.jpg 1024w, https:\/\/gorzow.news\/wp-content\/uploads\/2023\/07\/IMG_20230730_175706-768x363.jpg 768w, https:\/\/gorzow.news\/wp-content\/uploads\/2023\/07\/IMG_20230730_175706-1536x727.jpg 1536w, https:\/\/gorzow.news\/wp-content\/uploads\/2023\/07\/IMG_20230730_175706-696x329.jpg 696w, https:\/\/gorzow.news\/wp-content\/uploads\/2023\/07\/IMG_20230730_175706-1068x505.jpg 1068w\" sizes=\"(max-width: 1600px) 100vw, 1600px\" alt=\"\">\r\n                            <\/a>\r\n                            \r\n                        <\/figure>\r\n                    <\/div>\r\n                    <div class = \"td-slide-item td-item9\">\r\n                        <figure class=\"td-slide-galery-figure td-slide-popup-gallery\">\r\n                            <a class=\"slide-gallery-image-link\" href=\"https:\/\/gorzow.news\/wp-content\/uploads\/2023\/07\/IMG_20230730_180011_2.jpg\" title=\"\"  data-caption=\"\"  data-description=\"\">\r\n                                <img decoding=\"async\" src=\"https:\/\/gorzow.news\/wp-content\/uploads\/2023\/07\/IMG_20230730_180011_2.jpg\" srcset=\"https:\/\/gorzow.news\/wp-content\/uploads\/2023\/07\/IMG_20230730_180011_2.jpg 1600w, https:\/\/gorzow.news\/wp-content\/uploads\/2023\/07\/IMG_20230730_180011_2-300x142.jpg 300w, https:\/\/gorzow.news\/wp-content\/uploads\/2023\/07\/IMG_20230730_180011_2-1024x484.jpg 1024w, https:\/\/gorzow.news\/wp-content\/uploads\/2023\/07\/IMG_20230730_180011_2-768x363.jpg 768w, https:\/\/gorzow.news\/wp-content\/uploads\/2023\/07\/IMG_20230730_180011_2-1536x727.jpg 1536w, https:\/\/gorzow.news\/wp-content\/uploads\/2023\/07\/IMG_20230730_180011_2-696x329.jpg 696w, https:\/\/gorzow.news\/wp-content\/uploads\/2023\/07\/IMG_20230730_180011_2-1068x505.jpg 1068w\" sizes=\"(max-width: 1600px) 100vw, 1600px\" alt=\"\">\r\n                            <\/a>\r\n                            \r\n                        <\/figure>\r\n                    <\/div>\r\n                    <div class = \"td-slide-item td-item10\">\r\n                        <figure class=\"td-slide-galery-figure td-slide-popup-gallery\">\r\n                            <a class=\"slide-gallery-image-link\" href=\"https:\/\/gorzow.news\/wp-content\/uploads\/2023\/07\/IMG_20230730_180508.jpg\" title=\"\"  data-caption=\"\"  data-description=\"\">\r\n                                <img decoding=\"async\" src=\"https:\/\/gorzow.news\/wp-content\/uploads\/2023\/07\/IMG_20230730_180508.jpg\" srcset=\"https:\/\/gorzow.news\/wp-content\/uploads\/2023\/07\/IMG_20230730_180508.jpg 1600w, https:\/\/gorzow.news\/wp-content\/uploads\/2023\/07\/IMG_20230730_180508-300x142.jpg 300w, https:\/\/gorzow.news\/wp-content\/uploads\/2023\/07\/IMG_20230730_180508-1024x484.jpg 1024w, https:\/\/gorzow.news\/wp-content\/uploads\/2023\/07\/IMG_20230730_180508-768x363.jpg 768w, https:\/\/gorzow.news\/wp-content\/uploads\/2023\/07\/IMG_20230730_180508-1536x727.jpg 1536w, https:\/\/gorzow.news\/wp-content\/uploads\/2023\/07\/IMG_20230730_180508-696x329.jpg 696w, https:\/\/gorzow.news\/wp-content\/uploads\/2023\/07\/IMG_20230730_180508-1068x505.jpg 1068w\" sizes=\"(max-width: 1600px) 100vw, 1600px\" alt=\"\">\r\n                            <\/a>\r\n                            \r\n                        <\/figure>\r\n                    <\/div>\r\n                    <div class = \"td-slide-item td-item11\">\r\n                        <figure class=\"td-slide-galery-figure td-slide-popup-gallery\">\r\n                            <a class=\"slide-gallery-image-link\" href=\"https:\/\/gorzow.news\/wp-content\/uploads\/2023\/07\/IMG_20230730_180512_1.jpg\" title=\"\"  data-caption=\"\"  data-description=\"\">\r\n                                <img decoding=\"async\" src=\"https:\/\/gorzow.news\/wp-content\/uploads\/2023\/07\/IMG_20230730_180512_1.jpg\" srcset=\"https:\/\/gorzow.news\/wp-content\/uploads\/2023\/07\/IMG_20230730_180512_1.jpg 1600w, https:\/\/gorzow.news\/wp-content\/uploads\/2023\/07\/IMG_20230730_180512_1-300x142.jpg 300w, https:\/\/gorzow.news\/wp-content\/uploads\/2023\/07\/IMG_20230730_180512_1-1024x484.jpg 1024w, https:\/\/gorzow.news\/wp-content\/uploads\/2023\/07\/IMG_20230730_180512_1-768x363.jpg 768w, https:\/\/gorzow.news\/wp-content\/uploads\/2023\/07\/IMG_20230730_180512_1-1536x727.jpg 1536w, https:\/\/gorzow.news\/wp-content\/uploads\/2023\/07\/IMG_20230730_180512_1-696x329.jpg 696w, https:\/\/gorzow.news\/wp-content\/uploads\/2023\/07\/IMG_20230730_180512_1-1068x505.jpg 1068w\" sizes=\"(max-width: 1600px) 100vw, 1600px\" alt=\"\">\r\n                            <\/a>\r\n                            \r\n                        <\/figure>\r\n                    <\/div>\r\n                    <div class = \"td-slide-item td-item12\">\r\n                        <figure class=\"td-slide-galery-figure td-slide-popup-gallery\">\r\n                            <a class=\"slide-gallery-image-link\" href=\"https:\/\/gorzow.news\/wp-content\/uploads\/2023\/07\/IMG_20230730_180519_1.jpg\" title=\"\"  data-caption=\"\"  data-description=\"\">\r\n                                <img decoding=\"async\" src=\"https:\/\/gorzow.news\/wp-content\/uploads\/2023\/07\/IMG_20230730_180519_1.jpg\" srcset=\"https:\/\/gorzow.news\/wp-content\/uploads\/2023\/07\/IMG_20230730_180519_1.jpg 1600w, https:\/\/gorzow.news\/wp-content\/uploads\/2023\/07\/IMG_20230730_180519_1-300x142.jpg 300w, https:\/\/gorzow.news\/wp-content\/uploads\/2023\/07\/IMG_20230730_180519_1-1024x484.jpg 1024w, https:\/\/gorzow.news\/wp-content\/uploads\/2023\/07\/IMG_20230730_180519_1-768x363.jpg 768w, https:\/\/gorzow.news\/wp-content\/uploads\/2023\/07\/IMG_20230730_180519_1-1536x727.jpg 1536w, https:\/\/gorzow.news\/wp-content\/uploads\/2023\/07\/IMG_20230730_180519_1-696x329.jpg 696w, https:\/\/gorzow.news\/wp-content\/uploads\/2023\/07\/IMG_20230730_180519_1-1068x505.jpg 1068w\" sizes=\"(max-width: 1600px) 100vw, 1600px\" alt=\"\">\r\n                            <\/a>\r\n                            \r\n                        <\/figure>\r\n                    <\/div>\r\n                    <div class = \"td-slide-item td-item13\">\r\n                        <figure class=\"td-slide-galery-figure td-slide-popup-gallery\">\r\n                            <a class=\"slide-gallery-image-link\" href=\"https:\/\/gorzow.news\/wp-content\/uploads\/2023\/07\/IMG_20230730_180525_1.jpg\" title=\"\"  data-caption=\"\"  data-description=\"\">\r\n                                <img decoding=\"async\" src=\"https:\/\/gorzow.news\/wp-content\/uploads\/2023\/07\/IMG_20230730_180525_1.jpg\" srcset=\"https:\/\/gorzow.news\/wp-content\/uploads\/2023\/07\/IMG_20230730_180525_1.jpg 1600w, https:\/\/gorzow.news\/wp-content\/uploads\/2023\/07\/IMG_20230730_180525_1-300x142.jpg 300w, https:\/\/gorzow.news\/wp-content\/uploads\/2023\/07\/IMG_20230730_180525_1-1024x484.jpg 1024w, https:\/\/gorzow.news\/wp-content\/uploads\/2023\/07\/IMG_20230730_180525_1-768x363.jpg 768w, https:\/\/gorzow.news\/wp-content\/uploads\/2023\/07\/IMG_20230730_180525_1-1536x727.jpg 1536w, https:\/\/gorzow.news\/wp-content\/uploads\/2023\/07\/IMG_20230730_180525_1-696x329.jpg 696w, https:\/\/gorzow.news\/wp-content\/uploads\/2023\/07\/IMG_20230730_180525_1-1068x505.jpg 1068w\" sizes=\"(max-width: 1600px) 100vw, 1600px\" alt=\"\">\r\n                            <\/a>\r\n                            \r\n                        <\/figure>\r\n                    <\/div>\r\n                    <div class = \"td-slide-item td-item14\">\r\n                        <figure class=\"td-slide-galery-figure td-slide-popup-gallery\">\r\n                            <a class=\"slide-gallery-image-link\" href=\"https:\/\/gorzow.news\/wp-content\/uploads\/2023\/07\/IMG_20230730_180535.jpg\" title=\"\"  data-caption=\"\"  data-description=\"\">\r\n                                <img decoding=\"async\" src=\"https:\/\/gorzow.news\/wp-content\/uploads\/2023\/07\/IMG_20230730_180535.jpg\" srcset=\"https:\/\/gorzow.news\/wp-content\/uploads\/2023\/07\/IMG_20230730_180535.jpg 1600w, https:\/\/gorzow.news\/wp-content\/uploads\/2023\/07\/IMG_20230730_180535-300x142.jpg 300w, https:\/\/gorzow.news\/wp-content\/uploads\/2023\/07\/IMG_20230730_180535-1024x484.jpg 1024w, https:\/\/gorzow.news\/wp-content\/uploads\/2023\/07\/IMG_20230730_180535-768x363.jpg 768w, https:\/\/gorzow.news\/wp-content\/uploads\/2023\/07\/IMG_20230730_180535-1536x727.jpg 1536w, https:\/\/gorzow.news\/wp-content\/uploads\/2023\/07\/IMG_20230730_180535-696x329.jpg 696w, https:\/\/gorzow.news\/wp-content\/uploads\/2023\/07\/IMG_20230730_180535-1068x505.jpg 1068w\" sizes=\"(max-width: 1600px) 100vw, 1600px\" alt=\"\">\r\n                            <\/a>\r\n                            \r\n                        <\/figure>\r\n                    <\/div>\r\n                    <div class = \"td-slide-item td-item15\">\r\n                        <figure class=\"td-slide-galery-figure td-slide-popup-gallery\">\r\n                            <a class=\"slide-gallery-image-link\" href=\"https:\/\/gorzow.news\/wp-content\/uploads\/2023\/07\/IMG_20230730_180619.jpg\" title=\"\"  data-caption=\"\"  data-description=\"\">\r\n                                <img decoding=\"async\" src=\"https:\/\/gorzow.news\/wp-content\/uploads\/2023\/07\/IMG_20230730_180619.jpg\" srcset=\"https:\/\/gorzow.news\/wp-content\/uploads\/2023\/07\/IMG_20230730_180619.jpg 1600w, https:\/\/gorzow.news\/wp-content\/uploads\/2023\/07\/IMG_20230730_180619-300x142.jpg 300w, https:\/\/gorzow.news\/wp-content\/uploads\/2023\/07\/IMG_20230730_180619-1024x484.jpg 1024w, https:\/\/gorzow.news\/wp-content\/uploads\/2023\/07\/IMG_20230730_180619-768x363.jpg 768w, https:\/\/gorzow.news\/wp-content\/uploads\/2023\/07\/IMG_20230730_180619-1536x727.jpg 1536w, https:\/\/gorzow.news\/wp-content\/uploads\/2023\/07\/IMG_20230730_180619-696x329.jpg 696w, https:\/\/gorzow.news\/wp-content\/uploads\/2023\/07\/IMG_20230730_180619-1068x505.jpg 1068w\" sizes=\"(max-width: 1600px) 100vw, 1600px\" alt=\"\">\r\n                            <\/a>\r\n                            \r\n                        <\/figure>\r\n                    <\/div>\r\n                            <\/div>\r\n                        <\/div>\r\n\r\n                        <div class = \"td-doubleSlider-2\">\r\n                            <div class = \"td-slider\">\r\n                                \r\n                    <div class = \"td-button td-item1\">\r\n                        <div class = \"td-border\"><\/div>\r\n                    <\/div>\r\n                    <div class = \"td-button td-item2\">\r\n                        <div class = \"td-border\"><\/div>\r\n                    <\/div>\r\n                    <div class = \"td-button td-item3\">\r\n                        <div class = \"td-border\"><\/div>\r\n                    <\/div>\r\n                    <div class = \"td-button td-item4\">\r\n                        <div class = \"td-border\"><\/div>\r\n                    <\/div>\r\n                    <div class = \"td-button td-item5\">\r\n                        <div class = \"td-border\"><\/div>\r\n                    <\/div>\r\n                    <div class = \"td-button td-item6\">\r\n                        <div class = \"td-border\"><\/div>\r\n                    <\/div>\r\n                    <div class = \"td-button td-item7\">\r\n                        <div class = \"td-border\"><\/div>\r\n                    <\/div>\r\n                    <div class = \"td-button td-item8\">\r\n                        <div class = \"td-border\"><\/div>\r\n                    <\/div>\r\n                    <div class = \"td-button td-item9\">\r\n                        <div class = \"td-border\"><\/div>\r\n                    <\/div>\r\n                    <div class = \"td-button td-item10\">\r\n                        <div class = \"td-border\"><\/div>\r\n                    <\/div>\r\n                    <div class = \"td-button td-item11\">\r\n                        <div class = \"td-border\"><\/div>\r\n                    <\/div>\r\n                    <div class = \"td-button td-item12\">\r\n                        <div class = \"td-border\"><\/div>\r\n                    <\/div>\r\n                    <div class = \"td-button td-item13\">\r\n                        <div class = \"td-border\"><\/div>\r\n                    <\/div>\r\n                    <div class = \"td-button td-item14\">\r\n                        <div class = \"td-border\"><\/div>\r\n                    <\/div>\r\n                    <div class = \"td-button td-item15\">\r\n                        <div class = \"td-border\"><\/div>\r\n                    <\/div>\r\n                            <\/div>\r\n                        <\/div>\r\n\r\n                    <\/div>\r\n\r\n                <\/div>\r\n                \n\n\n<p>Deweloper magazynowy MLP Group centrum logistyczno-dystrybucyjne buduje na dzia\u0142kach nr 14\/2, 283\/5, 15\/4, 15\/6, 15\/7, 16\/3, 16\/2, 16\/1 o \u0142\u0105cznej powierzchni 11,7 hektara po\u0142o\u017conych przy ul. Mosi\u0119\u017cnej i Spi\u017cowej w strefie ekonomicznej. Po uko\u0144czeniu budowy gorzowski park logistyczny MLP b\u0119dzie oferowa\u0142 \u0142\u0105cznie 56,7 tys. mkw. powierzchni magazynowej oraz przeznaczonej pod lekk\u0105 produkcj\u0119 i logistyk\u0119 Big Box.<\/p>\n\n\n\n<figure class=\"wp-block-image size-large\"><img loading=\"lazy\" decoding=\"async\" width=\"1024\" height=\"526\" src=\"https:\/\/gorzow.news\/wp-content\/uploads\/2023\/02\/MLP_Gorzow_uj01-3-scaled-1-1024x526.jpg\" alt=\"\" class=\"wp-image-11820\" srcset=\"https:\/\/gorzow.news\/wp-content\/uploads\/2023\/02\/MLP_Gorzow_uj01-3-scaled-1-1024x526.jpg 1024w, https:\/\/gorzow.news\/wp-content\/uploads\/2023\/02\/MLP_Gorzow_uj01-3-scaled-1-300x154.jpg 300w, https:\/\/gorzow.news\/wp-content\/uploads\/2023\/02\/MLP_Gorzow_uj01-3-scaled-1-768x394.jpg 768w, https:\/\/gorzow.news\/wp-content\/uploads\/2023\/02\/MLP_Gorzow_uj01-3-scaled-1-1536x788.jpg 1536w, https:\/\/gorzow.news\/wp-content\/uploads\/2023\/02\/MLP_Gorzow_uj01-3-scaled-1-2048x1051.jpg 2048w, https:\/\/gorzow.news\/wp-content\/uploads\/2023\/02\/MLP_Gorzow_uj01-3-scaled-1-696x357.jpg 696w, https:\/\/gorzow.news\/wp-content\/uploads\/2023\/02\/MLP_Gorzow_uj01-3-scaled-1-1068x548.jpg 1068w, https:\/\/gorzow.news\/wp-content\/uploads\/2023\/02\/MLP_Gorzow_uj01-3-scaled-1-1920x986.jpg 1920w\" sizes=\"auto, (max-width: 1024px) 100vw, 1024px\" \/><figcaption class=\"wp-element-caption\">Tak ostatecznie wygl\u0105da\u0107 ma park magazynowy MLP w Gorzowie przy ul. Mosi\u0119\u017cnej.<\/figcaption><\/figure>\n\n\n\n<p>Generalnym wykonawc\u0105 inwestycji jest firma W.P.I.P. z Jasina pod Swarz\u0119dzem, kt\u00f3ra na prze\u0142omie 2021 i 2022 roku odpowiedzialna by\u0142a tak\u017ce za budow\u0119 blisko 12 tys. mkw. powierzchni magazynowej dla DTLS S.A. przy ul. Z\u0142otego Smoka. Magazyny maj\u0105 by\u0107 gotowe w I kwartale 2024 roku.<\/p>\n\n\n\n<p><strong>O inwestycji MLP Group pisali\u015bmy tak\u017ce tutaj:<\/strong><br>&#8211; <a href=\"https:\/\/gorzow.news\/index.php\/2023\/07\/13\/z-rocznym-poslizgiem-rozpoczela-sie-budowa-parku-logistycznego-mlp-przy-mosieznej-zdjecia-wizualizacje\/\">Z rocznym po\u015blizgiem rozpocz\u0119\u0142a si\u0119 budowa parku logistycznego MLP przy Mosi\u0119\u017cnej (zdj\u0119cia, wizualizacje)<\/a><br>&#8211; <a href=\"https:\/\/gorzow.news\/index.php\/2023\/03\/01\/budowa-parku-logistycznego-mlp-przy-mosieznej-mocno-sie-opoznia-wiadomo-jak-ostatecznie-bedzie-wygladal-wizualizacje-i-zdjecia\/\">Budowa parku logistycznego MLP przy Mosi\u0119\u017cnej mocno si\u0119 op\u00f3\u017ania. Wiadomo, jak ostatecznie b\u0119dzie wygl\u0105da\u0142! (wizualizacje i zdj\u0119cia)<\/a><br>&#8211; <a href=\"https:\/\/gorzow.news\/index.php\/2022\/06\/20\/w-wakacje-ruszy-budowa-duzego-parku-logistycznego-mlp-przy-mosieznej\/\">W wakacje ruszy budowa du\u017cego parku logistycznego MLP przy Mosi\u0119\u017cnej!<\/a><br>&#8211; <a href=\"https:\/\/gorzow.news\/index.php\/2021\/07\/07\/kolejne-54-tys-mkw-powierzchni-magazynowej-juz-w-2022-roku\/\">Kolejne 54 tys. mkw. powierzchni magazynowej ju\u017c w 2022 roku!<\/a><\/p>\n\n\n\n<p><strong>Przeczytaj te\u017c:<\/strong><br>&#8211; <a href=\"https:\/\/gorzow.news\/index.php\/2023\/07\/19\/przy-szczecinskiej-powstanie-kolejny-magazyn-wizualizacje-zdjecia\/\">Przy Szczeci\u0144skiej powstanie kolejny magazyn! (wizualizacje, zdj\u0119cia)<\/a><br>&#8211; <a href=\"https:\/\/gorzow.news\/index.php\/2023\/06\/02\/zagladamy-na-plac-budowy-drugiej-hali-koniawska-park-zdjecia\/\">Zagl\u0105damy na plac budowy drugiej hali Koniawska Park (zdj\u0119cia)<\/a><br>&#8211; <a href=\"https:\/\/gorzow.news\/index.php\/2023\/04\/20\/dhl-supply-chain-otworzyl-zielony-park-logistyczny-dla-e-commerce-zdjecia\/\">DHL Supply Chain otworzy\u0142 zielony park logistyczny dla e-commerce (zdj\u0119cia)<\/a><br>&#8211; <a href=\"https:\/\/gorzow.news\/index.php\/2023\/03\/31\/kolejne-tysiace-metrow-powierzchni-magazynowej-gotowe-przy-zlotego-smoka-zdjecia\/\">Kolejne tysi\u0105ce metr\u00f3w powierzchni magazynowej gotowe przy Z\u0142otego Smoka! (zdj\u0119cia)<\/a><br>&#8211; <a href=\"https:\/\/gorzow.news\/index.php\/2023\/03\/03\/panattoni-park-gorzow-ii-pierwsza-hala-gotowa-trwa-budowa-kolejnych-dwoch-zdjecia\/\">Panattoni Park Gorz\u00f3w II: Pierwsza hala gotowa! Trwa budowa kolejnych dw\u00f3ch! (zdj\u0119cia)<\/a><\/p>\n\n\n\r\n                <style type=\"text\/css\">\r\n                    \r\n                    #tdi_2  .td-doubleSlider-2 .td-item1 {\r\n                        background: url(https:\/\/gorzow.news\/wp-content\/uploads\/2023\/02\/MLP_Gorzow_uj06-scaled-1.jpg) 0 0 no-repeat;\r\n                    }\r\n                    #tdi_2  .td-doubleSlider-2 .td-item2 {\r\n                        background: url(https:\/\/gorzow.news\/wp-content\/uploads\/2023\/02\/MLP_Gorzow_uj04-scaled-1.jpg) 0 0 no-repeat;\r\n                    }\r\n                    #tdi_2  .td-doubleSlider-2 .td-item3 {\r\n                        background: url(https:\/\/gorzow.news\/wp-content\/uploads\/2023\/02\/MLP_Gorzow_uj03-scaled-1.jpg) 0 0 no-repeat;\r\n                    }\r\n                    #tdi_2  .td-doubleSlider-2 .td-item4 {\r\n                        background: url(https:\/\/gorzow.news\/wp-content\/uploads\/2023\/02\/MLP_Gorzow_uj01-3-scaled-1.jpg) 0 0 no-repeat;\r\n                    }\r\n                <\/style>\r\n\r\n                <div id=\"tdi_2\" class=\"td-gallery td-slide-on-2-columns\">\r\n                    <div class=\"post_td_gallery\">\r\n                        <div class=\"td-gallery-slide-top\">\r\n                           <div class=\"td-gallery-title\">Wizualizacje parku magazynowego MLP przy ul. Mosi\u0119\u017cnej <\/div>\r\n\r\n                            <div class=\"td-gallery-controls-wrapper\">\r\n                                <div class=\"td-gallery-slide-count\"><span class=\"td-gallery-slide-item-focus\">1<\/span> z 4<\/div>\r\n                                <div class=\"td-gallery-slide-prev-next-but\">\r\n                                    <i class = \"td-icon-left doubleSliderPrevButton\"><\/i>\r\n                                    <i class = \"td-icon-right doubleSliderNextButton\"><\/i>\r\n                                <\/div>\r\n                            <\/div>\r\n                        <\/div>\r\n\r\n                        <div class = \"td-doubleSlider-1 \">\r\n                            <div class = \"td-slider\">\r\n                                \r\n                    <div class = \"td-slide-item td-item1\">\r\n                        <figure class=\"td-slide-galery-figure td-slide-popup-gallery\">\r\n                            <a class=\"slide-gallery-image-link\" href=\"https:\/\/gorzow.news\/wp-content\/uploads\/2023\/02\/MLP_Gorzow_uj06-scaled-1.jpg\" title=\"\"  data-caption=\"\"  data-description=\"\">\r\n                                <img decoding=\"async\" src=\"https:\/\/gorzow.news\/wp-content\/uploads\/2023\/02\/MLP_Gorzow_uj06-scaled-1.jpg\" srcset=\"https:\/\/gorzow.news\/wp-content\/uploads\/2023\/02\/MLP_Gorzow_uj06-scaled-1.jpg 2560w, https:\/\/gorzow.news\/wp-content\/uploads\/2023\/02\/MLP_Gorzow_uj06-scaled-1-300x150.jpg 300w, https:\/\/gorzow.news\/wp-content\/uploads\/2023\/02\/MLP_Gorzow_uj06-scaled-1-1024x512.jpg 1024w, https:\/\/gorzow.news\/wp-content\/uploads\/2023\/02\/MLP_Gorzow_uj06-scaled-1-768x384.jpg 768w, https:\/\/gorzow.news\/wp-content\/uploads\/2023\/02\/MLP_Gorzow_uj06-scaled-1-1536x768.jpg 1536w, https:\/\/gorzow.news\/wp-content\/uploads\/2023\/02\/MLP_Gorzow_uj06-scaled-1-2048x1024.jpg 2048w, https:\/\/gorzow.news\/wp-content\/uploads\/2023\/02\/MLP_Gorzow_uj06-scaled-1-696x348.jpg 696w, https:\/\/gorzow.news\/wp-content\/uploads\/2023\/02\/MLP_Gorzow_uj06-scaled-1-1068x534.jpg 1068w, https:\/\/gorzow.news\/wp-content\/uploads\/2023\/02\/MLP_Gorzow_uj06-scaled-1-1920x960.jpg 1920w\" sizes=\"(max-width: 2560px) 100vw, 2560px\" alt=\"\">\r\n                            <\/a>\r\n                            \r\n                        <\/figure>\r\n                    <\/div>\r\n                    <div class = \"td-slide-item td-item2\">\r\n                        <figure class=\"td-slide-galery-figure td-slide-popup-gallery\">\r\n                            <a class=\"slide-gallery-image-link\" href=\"https:\/\/gorzow.news\/wp-content\/uploads\/2023\/02\/MLP_Gorzow_uj04-scaled-1.jpg\" title=\"\"  data-caption=\"\"  data-description=\"\">\r\n                                <img decoding=\"async\" src=\"https:\/\/gorzow.news\/wp-content\/uploads\/2023\/02\/MLP_Gorzow_uj04-scaled-1.jpg\" srcset=\"https:\/\/gorzow.news\/wp-content\/uploads\/2023\/02\/MLP_Gorzow_uj04-scaled-1.jpg 2560w, https:\/\/gorzow.news\/wp-content\/uploads\/2023\/02\/MLP_Gorzow_uj04-scaled-1-300x150.jpg 300w, https:\/\/gorzow.news\/wp-content\/uploads\/2023\/02\/MLP_Gorzow_uj04-scaled-1-1024x512.jpg 1024w, https:\/\/gorzow.news\/wp-content\/uploads\/2023\/02\/MLP_Gorzow_uj04-scaled-1-768x384.jpg 768w, https:\/\/gorzow.news\/wp-content\/uploads\/2023\/02\/MLP_Gorzow_uj04-scaled-1-1536x768.jpg 1536w, https:\/\/gorzow.news\/wp-content\/uploads\/2023\/02\/MLP_Gorzow_uj04-scaled-1-2048x1024.jpg 2048w, https:\/\/gorzow.news\/wp-content\/uploads\/2023\/02\/MLP_Gorzow_uj04-scaled-1-696x348.jpg 696w, https:\/\/gorzow.news\/wp-content\/uploads\/2023\/02\/MLP_Gorzow_uj04-scaled-1-1068x534.jpg 1068w, https:\/\/gorzow.news\/wp-content\/uploads\/2023\/02\/MLP_Gorzow_uj04-scaled-1-1920x960.jpg 1920w\" sizes=\"(max-width: 2560px) 100vw, 2560px\" alt=\"\">\r\n                            <\/a>\r\n                            \r\n                        <\/figure>\r\n                    <\/div>\r\n                    <div class = \"td-slide-item td-item3\">\r\n                        <figure class=\"td-slide-galery-figure td-slide-popup-gallery\">\r\n                            <a class=\"slide-gallery-image-link\" href=\"https:\/\/gorzow.news\/wp-content\/uploads\/2023\/02\/MLP_Gorzow_uj03-scaled-1.jpg\" title=\"\"  data-caption=\"\"  data-description=\"\">\r\n                                <img decoding=\"async\" src=\"https:\/\/gorzow.news\/wp-content\/uploads\/2023\/02\/MLP_Gorzow_uj03-scaled-1.jpg\" srcset=\"https:\/\/gorzow.news\/wp-content\/uploads\/2023\/02\/MLP_Gorzow_uj03-scaled-1.jpg 2560w, https:\/\/gorzow.news\/wp-content\/uploads\/2023\/02\/MLP_Gorzow_uj03-scaled-1-300x150.jpg 300w, https:\/\/gorzow.news\/wp-content\/uploads\/2023\/02\/MLP_Gorzow_uj03-scaled-1-1024x512.jpg 1024w, https:\/\/gorzow.news\/wp-content\/uploads\/2023\/02\/MLP_Gorzow_uj03-scaled-1-768x384.jpg 768w, https:\/\/gorzow.news\/wp-content\/uploads\/2023\/02\/MLP_Gorzow_uj03-scaled-1-1536x768.jpg 1536w, https:\/\/gorzow.news\/wp-content\/uploads\/2023\/02\/MLP_Gorzow_uj03-scaled-1-2048x1024.jpg 2048w, https:\/\/gorzow.news\/wp-content\/uploads\/2023\/02\/MLP_Gorzow_uj03-scaled-1-696x348.jpg 696w, https:\/\/gorzow.news\/wp-content\/uploads\/2023\/02\/MLP_Gorzow_uj03-scaled-1-1068x534.jpg 1068w, https:\/\/gorzow.news\/wp-content\/uploads\/2023\/02\/MLP_Gorzow_uj03-scaled-1-1920x960.jpg 1920w\" sizes=\"(max-width: 2560px) 100vw, 2560px\" alt=\"\">\r\n                            <\/a>\r\n                            \r\n                        <\/figure>\r\n                    <\/div>\r\n                    <div class = \"td-slide-item td-item4\">\r\n                        <figure class=\"td-slide-galery-figure td-slide-popup-gallery\">\r\n                            <a class=\"slide-gallery-image-link\" href=\"https:\/\/gorzow.news\/wp-content\/uploads\/2023\/02\/MLP_Gorzow_uj01-3-scaled-1.jpg\" title=\"\"  data-caption=\"Tak ostatecznie wygl\u0105da\u0107 ma park magazynowy MLP w Gorzowie przy ul. Mosi\u0119\u017cnej.\"  data-description=\"\">\r\n                                <img decoding=\"async\" src=\"https:\/\/gorzow.news\/wp-content\/uploads\/2023\/02\/MLP_Gorzow_uj01-3-scaled-1.jpg\" srcset=\"https:\/\/gorzow.news\/wp-content\/uploads\/2023\/02\/MLP_Gorzow_uj01-3-scaled-1.jpg 2560w, https:\/\/gorzow.news\/wp-content\/uploads\/2023\/02\/MLP_Gorzow_uj01-3-scaled-1-300x154.jpg 300w, https:\/\/gorzow.news\/wp-content\/uploads\/2023\/02\/MLP_Gorzow_uj01-3-scaled-1-1024x526.jpg 1024w, https:\/\/gorzow.news\/wp-content\/uploads\/2023\/02\/MLP_Gorzow_uj01-3-scaled-1-768x394.jpg 768w, https:\/\/gorzow.news\/wp-content\/uploads\/2023\/02\/MLP_Gorzow_uj01-3-scaled-1-1536x788.jpg 1536w, https:\/\/gorzow.news\/wp-content\/uploads\/2023\/02\/MLP_Gorzow_uj01-3-scaled-1-2048x1051.jpg 2048w, https:\/\/gorzow.news\/wp-content\/uploads\/2023\/02\/MLP_Gorzow_uj01-3-scaled-1-696x357.jpg 696w, https:\/\/gorzow.news\/wp-content\/uploads\/2023\/02\/MLP_Gorzow_uj01-3-scaled-1-1068x548.jpg 1068w, https:\/\/gorzow.news\/wp-content\/uploads\/2023\/02\/MLP_Gorzow_uj01-3-scaled-1-1920x986.jpg 1920w\" sizes=\"(max-width: 2560px) 100vw, 2560px\" alt=\"\">\r\n                            <\/a>\r\n                            <figcaption class = \"td-slide-caption td-gallery-slide-content\"><div class = \"td-gallery-slide-copywrite\">Tak ostatecznie wygl\u0105da\u0107 ma park magazynowy MLP w Gorzowie przy ul. Mosi\u0119\u017cnej.<\/div><\/figcaption>\r\n                        <\/figure>\r\n                    <\/div>\r\n                            <\/div>\r\n                        <\/div>\r\n\r\n                        <div class = \"td-doubleSlider-2\">\r\n                            <div class = \"td-slider\">\r\n                                \r\n                    <div class = \"td-button td-item1\">\r\n                        <div class = \"td-border\"><\/div>\r\n                    <\/div>\r\n                    <div class = \"td-button td-item2\">\r\n                        <div class = \"td-border\"><\/div>\r\n                    <\/div>\r\n                    <div class = \"td-button td-item3\">\r\n                        <div class = \"td-border\"><\/div>\r\n                    <\/div>\r\n                    <div class = \"td-button td-item4\">\r\n                        <div class = \"td-border\"><\/div>\r\n                    <\/div>\r\n                            <\/div>\r\n                        <\/div>\r\n\r\n                    <\/div>\r\n\r\n                <\/div>\r\n                ","protected":false},"excerpt":{"rendered":"<p>W po\u0142owie lipca informowali\u015bmy, \u017ce z rocznym op\u00f3\u017anieniem rozpocz\u0119\u0142a si\u0119 budowa parku logistycznego MLP Gorz\u00f3w. Inwestycja powstaje na o\u015bmiu dzia\u0142kach o \u0142\u0105cznej powierzchni blisko 12 hektar\u00f3w przy ul. Mosi\u0119\u017cnej i Spi\u017cowej. Prace prowadzone s\u0105 tu w szybkim tempie. Co wida\u0107 na naszych zdj\u0119ciach. Jednocze\u015bnie budowane s\u0105 dwie hale i ca\u0142a pozosta\u0142a infrastruktura. &#8211; Budow\u0119 rozpocz\u0119li\u015bmy [&hellip;]<\/p>\n","protected":false},"author":1,"featured_media":13814,"comment_status":"open","ping_status":"open","sticky":false,"template":"","format":"standard","meta":{"footnotes":"","_links_to":"","_links_to_target":""},"categories":[1627,589,2014],"tags":[2283,392,1436,123,393,2265],"class_list":{"0":"post-13798","1":"post","2":"type-post","3":"status-publish","4":"format-standard","5":"has-post-thumbnail","7":"category-magazyny","8":"category-wiadomosci","9":"category-wieprzyce","10":"tag-karolina-malewska","11":"tag-mlp-group","12":"tag-mosiezna","13":"tag-park-logistyczny","14":"tag-spizowa","15":"tag-w-p-i-p"},"yoast_head":"<!-- This site is optimized with the Yoast SEO plugin v27.3 - https:\/\/yoast.com\/product\/yoast-seo-wordpress\/ -->\n<title>Przy Mosi\u0119\u017cnej sporo si\u0119 dzieje. Do wiosny przysz\u0142ego roku stanie tu park logistyczny! (zdj\u0119cia) - Gorz\u00f3w News<\/title>\n<meta name=\"description\" content=\"W po\u0142owie lipca informowali\u015bmy, \u017ce z rocznym op\u00f3\u017anieniem rozpocz\u0119\u0142a si\u0119 budowa parku logistycznego MLP Gorz\u00f3w. Inwestycja powstaje na o\u015bmiu\" \/>\n<meta name=\"robots\" content=\"index, follow, max-snippet:-1, max-image-preview:large, max-video-preview:-1\" \/>\n<link rel=\"canonical\" href=\"https:\/\/gorzow.news\/index.php\/2023\/07\/31\/przy-mosieznej-sporo-sie-dzieje-do-wiosny-przyszlego-roku-stanie-tu-park-logistyczny-zdjecia\/\" \/>\n<meta property=\"og:locale\" content=\"pl_PL\" \/>\n<meta property=\"og:type\" content=\"article\" \/>\n<meta property=\"og:title\" content=\"Przy Mosi\u0119\u017cnej sporo si\u0119 dzieje. Do wiosny przysz\u0142ego roku stanie tu park logistyczny! (zdj\u0119cia) - Gorz\u00f3w News\" \/>\n<meta property=\"og:description\" content=\"W po\u0142owie lipca informowali\u015bmy, \u017ce z rocznym op\u00f3\u017anieniem rozpocz\u0119\u0142a si\u0119 budowa parku logistycznego MLP Gorz\u00f3w. Inwestycja powstaje na o\u015bmiu\" \/>\n<meta property=\"og:url\" content=\"https:\/\/gorzow.news\/index.php\/2023\/07\/31\/przy-mosieznej-sporo-sie-dzieje-do-wiosny-przyszlego-roku-stanie-tu-park-logistyczny-zdjecia\/\" \/>\n<meta property=\"og:site_name\" content=\"Gorz\u00f3w News\" \/>\n<meta property=\"article:publisher\" content=\"https:\/\/www.facebook.com\/gorzowskinews\" \/>\n<meta property=\"article:published_time\" content=\"2023-07-31T12:40:04+00:00\" \/>\n<meta property=\"article:modified_time\" content=\"2023-11-16T19:18:38+00:00\" \/>\n<meta property=\"og:image\" content=\"https:\/\/gorzow.news\/wp-content\/uploads\/2023\/07\/IMG_20230730_180525_1-1.jpg\" \/>\n\t<meta property=\"og:image:width\" content=\"1600\" \/>\n\t<meta property=\"og:image:height\" content=\"757\" \/>\n\t<meta property=\"og:image:type\" content=\"image\/jpeg\" \/>\n<meta name=\"author\" content=\"maciej\" \/>\n<meta name=\"twitter:card\" content=\"summary_large_image\" \/>\n<meta name=\"twitter:label1\" content=\"Napisane przez\" \/>\n\t<meta name=\"twitter:data1\" content=\"maciej\" \/>\n\t<meta name=\"twitter:label2\" content=\"Szacowany czas czytania\" \/>\n\t<meta name=\"twitter:data2\" content=\"3 minuty\" \/>\n<script type=\"application\/ld+json\" class=\"yoast-schema-graph\">{\"@context\":\"https:\\\/\\\/schema.org\",\"@graph\":[{\"@type\":\"Article\",\"@id\":\"https:\\\/\\\/gorzow.news\\\/index.php\\\/2023\\\/07\\\/31\\\/przy-mosieznej-sporo-sie-dzieje-do-wiosny-przyszlego-roku-stanie-tu-park-logistyczny-zdjecia\\\/#article\",\"isPartOf\":{\"@id\":\"https:\\\/\\\/gorzow.news\\\/index.php\\\/2023\\\/07\\\/31\\\/przy-mosieznej-sporo-sie-dzieje-do-wiosny-przyszlego-roku-stanie-tu-park-logistyczny-zdjecia\\\/\"},\"author\":{\"name\":\"maciej\",\"@id\":\"https:\\\/\\\/gorzow.news\\\/#\\\/schema\\\/person\\\/a1e5ab43166369f2ce236a1cd90995bb\"},\"headline\":\"Przy Mosi\u0119\u017cnej sporo si\u0119 dzieje. Do wiosny przysz\u0142ego roku stanie tu park logistyczny! (zdj\u0119cia)\",\"datePublished\":\"2023-07-31T12:40:04+00:00\",\"dateModified\":\"2023-11-16T19:18:38+00:00\",\"mainEntityOfPage\":{\"@id\":\"https:\\\/\\\/gorzow.news\\\/index.php\\\/2023\\\/07\\\/31\\\/przy-mosieznej-sporo-sie-dzieje-do-wiosny-przyszlego-roku-stanie-tu-park-logistyczny-zdjecia\\\/\"},\"wordCount\":403,\"commentCount\":0,\"image\":{\"@id\":\"https:\\\/\\\/gorzow.news\\\/index.php\\\/2023\\\/07\\\/31\\\/przy-mosieznej-sporo-sie-dzieje-do-wiosny-przyszlego-roku-stanie-tu-park-logistyczny-zdjecia\\\/#primaryimage\"},\"thumbnailUrl\":\"https:\\\/\\\/gorzow.news\\\/wp-content\\\/uploads\\\/2023\\\/07\\\/IMG_20230730_180525_1-1.jpg\",\"keywords\":[\"Karolina Malewska\",\"MLP Group\",\"Mosi\u0119\u017cna\",\"park logistyczny\",\"Spi\u017cowa\",\"W.P.I.P.\"],\"articleSection\":[\"Magazyny\",\"Wiadomo\u015bci\",\"Wieprzyce\"],\"inLanguage\":\"pl-PL\",\"potentialAction\":[{\"@type\":\"CommentAction\",\"name\":\"Comment\",\"target\":[\"https:\\\/\\\/gorzow.news\\\/index.php\\\/2023\\\/07\\\/31\\\/przy-mosieznej-sporo-sie-dzieje-do-wiosny-przyszlego-roku-stanie-tu-park-logistyczny-zdjecia\\\/#respond\"]}]},{\"@type\":\"WebPage\",\"@id\":\"https:\\\/\\\/gorzow.news\\\/index.php\\\/2023\\\/07\\\/31\\\/przy-mosieznej-sporo-sie-dzieje-do-wiosny-przyszlego-roku-stanie-tu-park-logistyczny-zdjecia\\\/\",\"url\":\"https:\\\/\\\/gorzow.news\\\/index.php\\\/2023\\\/07\\\/31\\\/przy-mosieznej-sporo-sie-dzieje-do-wiosny-przyszlego-roku-stanie-tu-park-logistyczny-zdjecia\\\/\",\"name\":\"Przy Mosi\u0119\u017cnej sporo si\u0119 dzieje. Do wiosny przysz\u0142ego roku stanie tu park logistyczny! (zdj\u0119cia) - Gorz\u00f3w News\",\"isPartOf\":{\"@id\":\"https:\\\/\\\/gorzow.news\\\/#website\"},\"primaryImageOfPage\":{\"@id\":\"https:\\\/\\\/gorzow.news\\\/index.php\\\/2023\\\/07\\\/31\\\/przy-mosieznej-sporo-sie-dzieje-do-wiosny-przyszlego-roku-stanie-tu-park-logistyczny-zdjecia\\\/#primaryimage\"},\"image\":{\"@id\":\"https:\\\/\\\/gorzow.news\\\/index.php\\\/2023\\\/07\\\/31\\\/przy-mosieznej-sporo-sie-dzieje-do-wiosny-przyszlego-roku-stanie-tu-park-logistyczny-zdjecia\\\/#primaryimage\"},\"thumbnailUrl\":\"https:\\\/\\\/gorzow.news\\\/wp-content\\\/uploads\\\/2023\\\/07\\\/IMG_20230730_180525_1-1.jpg\",\"datePublished\":\"2023-07-31T12:40:04+00:00\",\"dateModified\":\"2023-11-16T19:18:38+00:00\",\"author\":{\"@id\":\"https:\\\/\\\/gorzow.news\\\/#\\\/schema\\\/person\\\/a1e5ab43166369f2ce236a1cd90995bb\"},\"description\":\"W po\u0142owie lipca informowali\u015bmy, \u017ce z rocznym op\u00f3\u017anieniem rozpocz\u0119\u0142a si\u0119 budowa parku logistycznego MLP Gorz\u00f3w. Inwestycja powstaje na o\u015bmiu dzia\u0142kach o \u0142\u0105cznej powierzchni blisko 12 hektar\u00f3w przy ul. Mosi\u0119\u017cnej i Spi\u017cowej. Prace prowadzone s\u0105 tu w szybkim tempie. Co wida\u0107 na naszych zdj\u0119ciach. Jednocze\u015bnie budowane s\u0105 dwie hale i ca\u0142a pozosta\u0142a infrastruktura.\",\"breadcrumb\":{\"@id\":\"https:\\\/\\\/gorzow.news\\\/index.php\\\/2023\\\/07\\\/31\\\/przy-mosieznej-sporo-sie-dzieje-do-wiosny-przyszlego-roku-stanie-tu-park-logistyczny-zdjecia\\\/#breadcrumb\"},\"inLanguage\":\"pl-PL\",\"potentialAction\":[{\"@type\":\"ReadAction\",\"target\":[\"https:\\\/\\\/gorzow.news\\\/index.php\\\/2023\\\/07\\\/31\\\/przy-mosieznej-sporo-sie-dzieje-do-wiosny-przyszlego-roku-stanie-tu-park-logistyczny-zdjecia\\\/\"]}]},{\"@type\":\"ImageObject\",\"inLanguage\":\"pl-PL\",\"@id\":\"https:\\\/\\\/gorzow.news\\\/index.php\\\/2023\\\/07\\\/31\\\/przy-mosieznej-sporo-sie-dzieje-do-wiosny-przyszlego-roku-stanie-tu-park-logistyczny-zdjecia\\\/#primaryimage\",\"url\":\"https:\\\/\\\/gorzow.news\\\/wp-content\\\/uploads\\\/2023\\\/07\\\/IMG_20230730_180525_1-1.jpg\",\"contentUrl\":\"https:\\\/\\\/gorzow.news\\\/wp-content\\\/uploads\\\/2023\\\/07\\\/IMG_20230730_180525_1-1.jpg\",\"width\":1600,\"height\":757,\"caption\":\"Budowa dw\u00f3ch hal w ramach parku logistycznego MLP Gorz\u00f3w.\"},{\"@type\":\"BreadcrumbList\",\"@id\":\"https:\\\/\\\/gorzow.news\\\/index.php\\\/2023\\\/07\\\/31\\\/przy-mosieznej-sporo-sie-dzieje-do-wiosny-przyszlego-roku-stanie-tu-park-logistyczny-zdjecia\\\/#breadcrumb\",\"itemListElement\":[{\"@type\":\"ListItem\",\"position\":1,\"name\":\"Home\",\"item\":\"https:\\\/\\\/gorzow.news\\\/\"},{\"@type\":\"ListItem\",\"position\":2,\"name\":\"Przy Mosi\u0119\u017cnej sporo si\u0119 dzieje. Do wiosny przysz\u0142ego roku stanie tu park logistyczny! (zdj\u0119cia)\"}]},{\"@type\":\"WebSite\",\"@id\":\"https:\\\/\\\/gorzow.news\\\/#website\",\"url\":\"https:\\\/\\\/gorzow.news\\\/\",\"name\":\"Gorz\u00f3w News\",\"description\":\"Sp\u00f3jrz inaczej na miato i region...\",\"potentialAction\":[{\"@type\":\"SearchAction\",\"target\":{\"@type\":\"EntryPoint\",\"urlTemplate\":\"https:\\\/\\\/gorzow.news\\\/?s={search_term_string}\"},\"query-input\":{\"@type\":\"PropertyValueSpecification\",\"valueRequired\":true,\"valueName\":\"search_term_string\"}}],\"inLanguage\":\"pl-PL\"},{\"@type\":\"Person\",\"@id\":\"https:\\\/\\\/gorzow.news\\\/#\\\/schema\\\/person\\\/a1e5ab43166369f2ce236a1cd90995bb\",\"name\":\"maciej\",\"image\":{\"@type\":\"ImageObject\",\"inLanguage\":\"pl-PL\",\"@id\":\"https:\\\/\\\/secure.gravatar.com\\\/avatar\\\/530a674d56ba60cfa0ef21d74e8e8d123a51bb7aa6580465b5c2ab2c2e980a19?s=96&r=g&d=https:\\\/\\\/gorzow.news\\\/wp-content\\\/plugins\\\/userswp\\\/assets\\\/images\\\/no_profile.png\",\"url\":\"https:\\\/\\\/secure.gravatar.com\\\/avatar\\\/530a674d56ba60cfa0ef21d74e8e8d123a51bb7aa6580465b5c2ab2c2e980a19?s=96&r=g&d=https:\\\/\\\/gorzow.news\\\/wp-content\\\/plugins\\\/userswp\\\/assets\\\/images\\\/no_profile.png\",\"contentUrl\":\"https:\\\/\\\/secure.gravatar.com\\\/avatar\\\/530a674d56ba60cfa0ef21d74e8e8d123a51bb7aa6580465b5c2ab2c2e980a19?s=96&r=g&d=https:\\\/\\\/gorzow.news\\\/wp-content\\\/plugins\\\/userswp\\\/assets\\\/images\\\/no_profile.png\",\"caption\":\"maciej\"},\"url\":\"https:\\\/\\\/gorzow.news\\\/index.php\\\/profile\\\/maciej\\\/\"}]}<\/script>\n<!-- \/ Yoast SEO plugin. -->","yoast_head_json":{"title":"Przy Mosi\u0119\u017cnej sporo si\u0119 dzieje. Do wiosny przysz\u0142ego roku stanie tu park logistyczny! (zdj\u0119cia) - Gorz\u00f3w News","description":"W po\u0142owie lipca informowali\u015bmy, \u017ce z rocznym op\u00f3\u017anieniem rozpocz\u0119\u0142a si\u0119 budowa parku logistycznego MLP Gorz\u00f3w. Inwestycja powstaje na o\u015bmiu","robots":{"index":"index","follow":"follow","max-snippet":"max-snippet:-1","max-image-preview":"max-image-preview:large","max-video-preview":"max-video-preview:-1"},"canonical":"https:\/\/gorzow.news\/index.php\/2023\/07\/31\/przy-mosieznej-sporo-sie-dzieje-do-wiosny-przyszlego-roku-stanie-tu-park-logistyczny-zdjecia\/","og_locale":"pl_PL","og_type":"article","og_title":"Przy Mosi\u0119\u017cnej sporo si\u0119 dzieje. Do wiosny przysz\u0142ego roku stanie tu park logistyczny! (zdj\u0119cia) - Gorz\u00f3w News","og_description":"W po\u0142owie lipca informowali\u015bmy, \u017ce z rocznym op\u00f3\u017anieniem rozpocz\u0119\u0142a si\u0119 budowa parku logistycznego MLP Gorz\u00f3w. Inwestycja powstaje na o\u015bmiu","og_url":"https:\/\/gorzow.news\/index.php\/2023\/07\/31\/przy-mosieznej-sporo-sie-dzieje-do-wiosny-przyszlego-roku-stanie-tu-park-logistyczny-zdjecia\/","og_site_name":"Gorz\u00f3w News","article_publisher":"https:\/\/www.facebook.com\/gorzowskinews","article_published_time":"2023-07-31T12:40:04+00:00","article_modified_time":"2023-11-16T19:18:38+00:00","og_image":[{"width":1600,"height":757,"url":"https:\/\/gorzow.news\/wp-content\/uploads\/2023\/07\/IMG_20230730_180525_1-1.jpg","type":"image\/jpeg"}],"author":"maciej","twitter_card":"summary_large_image","twitter_misc":{"Napisane przez":"maciej","Szacowany czas czytania":"3 minuty"},"schema":{"@context":"https:\/\/schema.org","@graph":[{"@type":"Article","@id":"https:\/\/gorzow.news\/index.php\/2023\/07\/31\/przy-mosieznej-sporo-sie-dzieje-do-wiosny-przyszlego-roku-stanie-tu-park-logistyczny-zdjecia\/#article","isPartOf":{"@id":"https:\/\/gorzow.news\/index.php\/2023\/07\/31\/przy-mosieznej-sporo-sie-dzieje-do-wiosny-przyszlego-roku-stanie-tu-park-logistyczny-zdjecia\/"},"author":{"name":"maciej","@id":"https:\/\/gorzow.news\/#\/schema\/person\/a1e5ab43166369f2ce236a1cd90995bb"},"headline":"Przy Mosi\u0119\u017cnej sporo si\u0119 dzieje. Do wiosny przysz\u0142ego roku stanie tu park logistyczny! (zdj\u0119cia)","datePublished":"2023-07-31T12:40:04+00:00","dateModified":"2023-11-16T19:18:38+00:00","mainEntityOfPage":{"@id":"https:\/\/gorzow.news\/index.php\/2023\/07\/31\/przy-mosieznej-sporo-sie-dzieje-do-wiosny-przyszlego-roku-stanie-tu-park-logistyczny-zdjecia\/"},"wordCount":403,"commentCount":0,"image":{"@id":"https:\/\/gorzow.news\/index.php\/2023\/07\/31\/przy-mosieznej-sporo-sie-dzieje-do-wiosny-przyszlego-roku-stanie-tu-park-logistyczny-zdjecia\/#primaryimage"},"thumbnailUrl":"https:\/\/gorzow.news\/wp-content\/uploads\/2023\/07\/IMG_20230730_180525_1-1.jpg","keywords":["Karolina Malewska","MLP Group","Mosi\u0119\u017cna","park logistyczny","Spi\u017cowa","W.P.I.P."],"articleSection":["Magazyny","Wiadomo\u015bci","Wieprzyce"],"inLanguage":"pl-PL","potentialAction":[{"@type":"CommentAction","name":"Comment","target":["https:\/\/gorzow.news\/index.php\/2023\/07\/31\/przy-mosieznej-sporo-sie-dzieje-do-wiosny-przyszlego-roku-stanie-tu-park-logistyczny-zdjecia\/#respond"]}]},{"@type":"WebPage","@id":"https:\/\/gorzow.news\/index.php\/2023\/07\/31\/przy-mosieznej-sporo-sie-dzieje-do-wiosny-przyszlego-roku-stanie-tu-park-logistyczny-zdjecia\/","url":"https:\/\/gorzow.news\/index.php\/2023\/07\/31\/przy-mosieznej-sporo-sie-dzieje-do-wiosny-przyszlego-roku-stanie-tu-park-logistyczny-zdjecia\/","name":"Przy Mosi\u0119\u017cnej sporo si\u0119 dzieje. Do wiosny przysz\u0142ego roku stanie tu park logistyczny! (zdj\u0119cia) - Gorz\u00f3w News","isPartOf":{"@id":"https:\/\/gorzow.news\/#website"},"primaryImageOfPage":{"@id":"https:\/\/gorzow.news\/index.php\/2023\/07\/31\/przy-mosieznej-sporo-sie-dzieje-do-wiosny-przyszlego-roku-stanie-tu-park-logistyczny-zdjecia\/#primaryimage"},"image":{"@id":"https:\/\/gorzow.news\/index.php\/2023\/07\/31\/przy-mosieznej-sporo-sie-dzieje-do-wiosny-przyszlego-roku-stanie-tu-park-logistyczny-zdjecia\/#primaryimage"},"thumbnailUrl":"https:\/\/gorzow.news\/wp-content\/uploads\/2023\/07\/IMG_20230730_180525_1-1.jpg","datePublished":"2023-07-31T12:40:04+00:00","dateModified":"2023-11-16T19:18:38+00:00","author":{"@id":"https:\/\/gorzow.news\/#\/schema\/person\/a1e5ab43166369f2ce236a1cd90995bb"},"description":"W po\u0142owie lipca informowali\u015bmy, \u017ce z rocznym op\u00f3\u017anieniem rozpocz\u0119\u0142a si\u0119 budowa parku logistycznego MLP Gorz\u00f3w. Inwestycja powstaje na o\u015bmiu dzia\u0142kach o \u0142\u0105cznej powierzchni blisko 12 hektar\u00f3w przy ul. Mosi\u0119\u017cnej i Spi\u017cowej. Prace prowadzone s\u0105 tu w szybkim tempie. Co wida\u0107 na naszych zdj\u0119ciach. Jednocze\u015bnie budowane s\u0105 dwie hale i ca\u0142a pozosta\u0142a infrastruktura.","breadcrumb":{"@id":"https:\/\/gorzow.news\/index.php\/2023\/07\/31\/przy-mosieznej-sporo-sie-dzieje-do-wiosny-przyszlego-roku-stanie-tu-park-logistyczny-zdjecia\/#breadcrumb"},"inLanguage":"pl-PL","potentialAction":[{"@type":"ReadAction","target":["https:\/\/gorzow.news\/index.php\/2023\/07\/31\/przy-mosieznej-sporo-sie-dzieje-do-wiosny-przyszlego-roku-stanie-tu-park-logistyczny-zdjecia\/"]}]},{"@type":"ImageObject","inLanguage":"pl-PL","@id":"https:\/\/gorzow.news\/index.php\/2023\/07\/31\/przy-mosieznej-sporo-sie-dzieje-do-wiosny-przyszlego-roku-stanie-tu-park-logistyczny-zdjecia\/#primaryimage","url":"https:\/\/gorzow.news\/wp-content\/uploads\/2023\/07\/IMG_20230730_180525_1-1.jpg","contentUrl":"https:\/\/gorzow.news\/wp-content\/uploads\/2023\/07\/IMG_20230730_180525_1-1.jpg","width":1600,"height":757,"caption":"Budowa dw\u00f3ch hal w ramach parku logistycznego MLP Gorz\u00f3w."},{"@type":"BreadcrumbList","@id":"https:\/\/gorzow.news\/index.php\/2023\/07\/31\/przy-mosieznej-sporo-sie-dzieje-do-wiosny-przyszlego-roku-stanie-tu-park-logistyczny-zdjecia\/#breadcrumb","itemListElement":[{"@type":"ListItem","position":1,"name":"Home","item":"https:\/\/gorzow.news\/"},{"@type":"ListItem","position":2,"name":"Przy Mosi\u0119\u017cnej sporo si\u0119 dzieje. Do wiosny przysz\u0142ego roku stanie tu park logistyczny! (zdj\u0119cia)"}]},{"@type":"WebSite","@id":"https:\/\/gorzow.news\/#website","url":"https:\/\/gorzow.news\/","name":"Gorz\u00f3w News","description":"Sp\u00f3jrz inaczej na miato i region...","potentialAction":[{"@type":"SearchAction","target":{"@type":"EntryPoint","urlTemplate":"https:\/\/gorzow.news\/?s={search_term_string}"},"query-input":{"@type":"PropertyValueSpecification","valueRequired":true,"valueName":"search_term_string"}}],"inLanguage":"pl-PL"},{"@type":"Person","@id":"https:\/\/gorzow.news\/#\/schema\/person\/a1e5ab43166369f2ce236a1cd90995bb","name":"maciej","image":{"@type":"ImageObject","inLanguage":"pl-PL","@id":"https:\/\/secure.gravatar.com\/avatar\/530a674d56ba60cfa0ef21d74e8e8d123a51bb7aa6580465b5c2ab2c2e980a19?s=96&r=g&d=https:\/\/gorzow.news\/wp-content\/plugins\/userswp\/assets\/images\/no_profile.png","url":"https:\/\/secure.gravatar.com\/avatar\/530a674d56ba60cfa0ef21d74e8e8d123a51bb7aa6580465b5c2ab2c2e980a19?s=96&r=g&d=https:\/\/gorzow.news\/wp-content\/plugins\/userswp\/assets\/images\/no_profile.png","contentUrl":"https:\/\/secure.gravatar.com\/avatar\/530a674d56ba60cfa0ef21d74e8e8d123a51bb7aa6580465b5c2ab2c2e980a19?s=96&r=g&d=https:\/\/gorzow.news\/wp-content\/plugins\/userswp\/assets\/images\/no_profile.png","caption":"maciej"},"url":"https:\/\/gorzow.news\/index.php\/profile\/maciej\/"}]}},"_links":{"self":[{"href":"https:\/\/gorzow.news\/index.php\/wp-json\/wp\/v2\/posts\/13798","targetHints":{"allow":["GET"]}}],"collection":[{"href":"https:\/\/gorzow.news\/index.php\/wp-json\/wp\/v2\/posts"}],"about":[{"href":"https:\/\/gorzow.news\/index.php\/wp-json\/wp\/v2\/types\/post"}],"author":[{"embeddable":true,"href":"https:\/\/gorzow.news\/index.php\/wp-json\/wp\/v2\/users\/1"}],"replies":[{"embeddable":true,"href":"https:\/\/gorzow.news\/index.php\/wp-json\/wp\/v2\/comments?post=13798"}],"version-history":[{"count":2,"href":"https:\/\/gorzow.news\/index.php\/wp-json\/wp\/v2\/posts\/13798\/revisions"}],"predecessor-version":[{"id":16982,"href":"https:\/\/gorzow.news\/index.php\/wp-json\/wp\/v2\/posts\/13798\/revisions\/16982"}],"wp:featuredmedia":[{"embeddable":true,"href":"https:\/\/gorzow.news\/index.php\/wp-json\/wp\/v2\/media\/13814"}],"wp:attachment":[{"href":"https:\/\/gorzow.news\/index.php\/wp-json\/wp\/v2\/media?parent=13798"}],"wp:term":[{"taxonomy":"category","embeddable":true,"href":"https:\/\/gorzow.news\/index.php\/wp-json\/wp\/v2\/categories?post=13798"},{"taxonomy":"post_tag","embeddable":true,"href":"https:\/\/gorzow.news\/index.php\/wp-json\/wp\/v2\/tags?post=13798"}],"curies":[{"name":"wp","href":"https:\/\/api.w.org\/{rel}","templated":true}]}}