{"id":13667,"date":"2023-07-27T12:29:29","date_gmt":"2023-07-27T10:29:29","guid":{"rendered":"https:\/\/gorzow.news\/?p=13667"},"modified":"2023-07-27T12:29:31","modified_gmt":"2023-07-27T10:29:31","slug":"landsberska-kostka-znika-z-welnianego-rynku-czy-wroci-zdjecia","status":"publish","type":"post","link":"https:\/\/gorzow.news\/index.php\/2023\/07\/27\/landsberska-kostka-znika-z-welnianego-rynku-czy-wroci-zdjecia\/","title":{"rendered":"Landsberska kostka znika z We\u0142nianego Rynku! Czy wr\u00f3ci? (zdj\u0119cia)"},"content":{"rendered":"\n<p><strong>We wtorek na \u0142amach GORZ\u00d3W.NEWS informowali\u015bmy, \u017ce zerwany asfalt z ul. We\u0142niany Rynek odkry\u0142 dobrze zachowan\u0105 poniemieck\u0105 kostk\u0119. Na naszym profilu na Facebooku zapytali\u015bmy czytelnik\u00f3w, czy chcieliby, aby kostka tutaj zosta\u0142a. Nie spodziewali\u015bmy si\u0119 tak jednoznacznej odpowiedzi. Zdecydowana wi\u0119kszo\u015b\u0107 opowiedzia\u0142a si\u0119 za kostk\u0105. Ju\u017c wczoraj wykonawca przyst\u0105pi\u0142 jednak do usuwania kostki. Dzi\u015b od rana prace s\u0105 kontynuowane. Czy jest szansa, aby landsberska kostka tu wr\u00f3ci\u0142a?<\/strong><\/p>\n\n\n\n<p>Nasz wtorkowy tekst &#8211; <a href=\"https:\/\/gorzow.news\/index.php\/2023\/07\/25\/welniany-rynek-zdarty-asfalt-odkryl-poniemiecka-kostke-a-gdyby-tak-ulozyc-ja-na-nowo-choc-w-czesci-zdjecia\/\"><strong>We\u0142niany Rynek: Zdarty asfalt odkry\u0142 poniemieck\u0105 kostk\u0119. A gdyby tak u\u0142o\u017cy\u0107 j\u0105 na nowo? Cho\u0107 w cz\u0119\u015bci? (zdj\u0119cia)<\/strong><\/a><\/p>\n\n\n\n<p>Jeste\u015bmy na etapie inwestycji, kt\u00f3r\u0105 realizuje wykonawca i to jak \u0142atwo si\u0119 domy\u015bli\u0107 nie jest najlepszy moment na wprowadzenie zmian w projektach. Jednak jak pokazuj\u0105 przyk\u0142ady innych realizowanych inwestycji w mie\u015bcie gdy trzeba, to jednak mo\u017cna\u2026<\/p>\n\n\n\n<p>Od razu trzeba te\u017c jasno zaznaczy\u0107, \u017ce na pozostawienie kostki w takim stanie jakim u\u0142o\u017cona jest od dziesi\u0119cioleci nie by\u0142o od pocz\u0105tku szans, bo trzeba tu przeprowadzi\u0107 modernizacj\u0119 kanalizacji.<\/p>\n\n\n\n<p>To na czym nam i jak si\u0119 okazuje wi\u0119kszo\u015bci naszych czytelnik\u00f3w zale\u017cy, to aby ta ulica ponownie zosta\u0142a wy\u0142o\u017cona t\u0105 sam\u0105 kostk\u0105, kt\u00f3ra uk\u0142adana by\u0142a tu jeszcze w Landsbergu. Uwa\u017camy, \u017ce jest na to szansa. Jednak inwestor &#8211; czyli Miasto musia\u0142oby mie\u0107 cho\u0107 troch\u0119 dobrej woli i przyzna\u0107, \u017ce mo\u017ce warto pos\u0142ucha\u0107 mieszka\u0144c\u00f3w, by\u0107 mo\u017ce warto wzi\u0105\u0107 przyk\u0142ad z innych miast i zrobi\u0107 cho\u0107 ma\u0142y uk\u0142on w stron\u0119 historii miasta. Zdajemy sobie spraw\u0119, \u017ce mo\u017ce si\u0119 to wi\u0105za\u0107 z dodatkowymi kosztami. Jednak co chwil\u0119 s\u0142yszymy ile to trzeba do\u0142o\u017cy\u0107 do jednej czy do drugiej inwestycji. Warto pami\u0119ta\u0107 jak \u0142atwo momentami przychodzi w\u0142adzy wydawanie pieni\u0119dzy na zakup cho\u0107by budynk\u00f3w po Przemys\u0142\u00f3wce, kt\u00f3re ju\u017c dawno mia\u0142y by\u0107 oddane do u\u017cytku. Na t\u0105 inwestycj\u0119 wydali\u015bmy ju\u017c dziesi\u0105tki milion\u00f3w z\u0142oty\u2026 A dat\u0119 zako\u0144czenia z pa\u017adziernika 2022 roku przeniesiono\u2026 na grudzie\u0144 2024 roku.<\/p>\n\n\n\n<p>W \u015brod\u0119 przes\u0142ali\u015bmy zapytanie do rzecznika Urz\u0119du Miasta, a tak\u017ce do sp\u00f3\u0142ki Gorzowskie Inwestycje Miejskie. Pytamy w nim, czy na etapie planowania inwestycji urz\u0119dnicy brali pod uwag\u0119 mo\u017cliwo\u015b\u0107 zachowania poniemieckiej kostki w tym miejscu. Pytamy te\u017c o mo\u017cliwo\u015bci wprowadzenia zmian w projekcie tak, aby mo\u017cliwe by\u0142o ponowne u\u0142o\u017cenie kostki na We\u0142nianym Rynku w ca\u0142o\u015bci lub cho\u0107 cz\u0119\u015bciowo. Do momentu publikacji tego tekstu nie otrzymali\u015bmy jeszcze odpowiedzi.<\/p>\n\n\n\n<p><strong>Czym maj\u0105 zosta\u0107 wy\u0142o\u017cone ul. Hawela\u0144ska i We\u0142niany Rynek w obecnym projekcie?<\/strong><\/p>\n\n\n\n<p>Obie ulice po remoncie stan\u0105 si\u0119 deptakami z dopuszczonym ruchem samochod\u00f3w. Jednak to pieszy b\u0119dzie wa\u017cniejszy od auta. Na obu ulicach u\u0142o\u017cone zostanie ponad 3 tys. mkw. kostki. B\u0119dzie to kostka ci\u0119to-\u0142upana, w kolorze szarym i ciemnym o dw\u00f3ch wymiarach. Du\u017ca o wymiarze 15\u00d718 cm, mniejsza b\u0119dzie mie\u0107 8\u00d78 cm. Wygl\u0105dem b\u0119dzie nawi\u0105zywa\u0107 do kostki, kt\u00f3ra jest u\u0142o\u017cona na deptaku w ul. Sikorskiego.<\/p>\n\n\n\n<p>W odr\u00f3\u017cnieniu od p\u0142yt chodnikowych u\u0142o\u017conych na Sikorskiego kostka, kt\u00f3ra b\u0119dzie uk\u0142adana w ul. Hawela\u0144skiej i We\u0142nianym Rynku ma by\u0107 samoczyszcz\u0105c\u0105 si\u0119. Pod wp\u0142ywem s\u0142o\u0144ca i deszczu nawet olejowe zabrudzenia maj\u0105 znika\u0107.<\/p>\n\n\n\r\n                <style type=\"text\/css\">\r\n                    \r\n                    #tdi_1  .td-doubleSlider-2 .td-item1 {\r\n                        background: url(https:\/\/gorzow.news\/wp-content\/uploads\/2023\/07\/IMG_20230727_074018.jpg) 0 0 no-repeat;\r\n                    }\r\n                    #tdi_1  .td-doubleSlider-2 .td-item2 {\r\n                        background: url(https:\/\/gorzow.news\/wp-content\/uploads\/2023\/07\/IMG_20230727_074020_1.jpg) 0 0 no-repeat;\r\n                    }\r\n                    #tdi_1  .td-doubleSlider-2 .td-item3 {\r\n                        background: url(https:\/\/gorzow.news\/wp-content\/uploads\/2023\/07\/IMG_20230727_074046.jpg) 0 0 no-repeat;\r\n                    }\r\n                    #tdi_1  .td-doubleSlider-2 .td-item4 {\r\n                        background: url(https:\/\/gorzow.news\/wp-content\/uploads\/2023\/07\/IMG_20230727_074055.jpg) 0 0 no-repeat;\r\n                    }\r\n                    #tdi_1  .td-doubleSlider-2 .td-item5 {\r\n                        background: url(https:\/\/gorzow.news\/wp-content\/uploads\/2023\/07\/IMG_20230727_074114_1.jpg) 0 0 no-repeat;\r\n                    }\r\n                    #tdi_1  .td-doubleSlider-2 .td-item6 {\r\n                        background: url(https:\/\/gorzow.news\/wp-content\/uploads\/2023\/07\/IMG_20230727_074209.jpg) 0 0 no-repeat;\r\n                    }\r\n                    #tdi_1  .td-doubleSlider-2 .td-item7 {\r\n                        background: url(https:\/\/gorzow.news\/wp-content\/uploads\/2023\/07\/IMG_20230727_074211_1.jpg) 0 0 no-repeat;\r\n                    }\r\n                    #tdi_1  .td-doubleSlider-2 .td-item8 {\r\n                        background: url(https:\/\/gorzow.news\/wp-content\/uploads\/2023\/07\/IMG_20230727_074222.jpg) 0 0 no-repeat;\r\n                    }\r\n                <\/style>\r\n\r\n                <div id=\"tdi_1\" class=\"td-gallery td-slide-on-2-columns\">\r\n                    <div class=\"post_td_gallery\">\r\n                        <div class=\"td-gallery-slide-top\">\r\n                           <div class=\"td-gallery-title\">Poniemiecka kostka znika z We\u0142nianego Rynku - 27 lipca 2023 r.<\/div>\r\n\r\n                            <div class=\"td-gallery-controls-wrapper\">\r\n                                <div class=\"td-gallery-slide-count\"><span class=\"td-gallery-slide-item-focus\">1<\/span> z 8<\/div>\r\n                                <div class=\"td-gallery-slide-prev-next-but\">\r\n                                    <i class = \"td-icon-left doubleSliderPrevButton\"><\/i>\r\n                                    <i class = \"td-icon-right doubleSliderNextButton\"><\/i>\r\n                                <\/div>\r\n                            <\/div>\r\n                        <\/div>\r\n\r\n                        <div class = \"td-doubleSlider-1 \">\r\n                            <div class = \"td-slider\">\r\n                                \r\n                    <div class = \"td-slide-item td-item1\">\r\n                        <figure class=\"td-slide-galery-figure td-slide-popup-gallery\">\r\n                            <a class=\"slide-gallery-image-link\" href=\"https:\/\/gorzow.news\/wp-content\/uploads\/2023\/07\/IMG_20230727_074018.jpg\" title=\"\"  data-caption=\"\"  data-description=\"\">\r\n                                <img decoding=\"async\" src=\"https:\/\/gorzow.news\/wp-content\/uploads\/2023\/07\/IMG_20230727_074018.jpg\" srcset=\"https:\/\/gorzow.news\/wp-content\/uploads\/2023\/07\/IMG_20230727_074018.jpg 1600w, https:\/\/gorzow.news\/wp-content\/uploads\/2023\/07\/IMG_20230727_074018-300x142.jpg 300w, https:\/\/gorzow.news\/wp-content\/uploads\/2023\/07\/IMG_20230727_074018-1024x484.jpg 1024w, https:\/\/gorzow.news\/wp-content\/uploads\/2023\/07\/IMG_20230727_074018-768x363.jpg 768w, https:\/\/gorzow.news\/wp-content\/uploads\/2023\/07\/IMG_20230727_074018-1536x727.jpg 1536w, https:\/\/gorzow.news\/wp-content\/uploads\/2023\/07\/IMG_20230727_074018-696x329.jpg 696w, https:\/\/gorzow.news\/wp-content\/uploads\/2023\/07\/IMG_20230727_074018-1068x505.jpg 1068w\" sizes=\"(max-width: 1600px) 100vw, 1600px\" alt=\"\">\r\n                            <\/a>\r\n                            \r\n                        <\/figure>\r\n                    <\/div>\r\n                    <div class = \"td-slide-item td-item2\">\r\n                        <figure class=\"td-slide-galery-figure td-slide-popup-gallery\">\r\n                            <a class=\"slide-gallery-image-link\" href=\"https:\/\/gorzow.news\/wp-content\/uploads\/2023\/07\/IMG_20230727_074020_1.jpg\" title=\"\"  data-caption=\"\"  data-description=\"\">\r\n                                <img decoding=\"async\" src=\"https:\/\/gorzow.news\/wp-content\/uploads\/2023\/07\/IMG_20230727_074020_1.jpg\" srcset=\"https:\/\/gorzow.news\/wp-content\/uploads\/2023\/07\/IMG_20230727_074020_1.jpg 1600w, https:\/\/gorzow.news\/wp-content\/uploads\/2023\/07\/IMG_20230727_074020_1-300x142.jpg 300w, https:\/\/gorzow.news\/wp-content\/uploads\/2023\/07\/IMG_20230727_074020_1-1024x484.jpg 1024w, https:\/\/gorzow.news\/wp-content\/uploads\/2023\/07\/IMG_20230727_074020_1-768x363.jpg 768w, https:\/\/gorzow.news\/wp-content\/uploads\/2023\/07\/IMG_20230727_074020_1-1536x727.jpg 1536w, https:\/\/gorzow.news\/wp-content\/uploads\/2023\/07\/IMG_20230727_074020_1-696x329.jpg 696w, https:\/\/gorzow.news\/wp-content\/uploads\/2023\/07\/IMG_20230727_074020_1-1068x505.jpg 1068w\" sizes=\"(max-width: 1600px) 100vw, 1600px\" alt=\"\">\r\n                            <\/a>\r\n                            \r\n                        <\/figure>\r\n                    <\/div>\r\n                    <div class = \"td-slide-item td-item3\">\r\n                        <figure class=\"td-slide-galery-figure td-slide-popup-gallery\">\r\n                            <a class=\"slide-gallery-image-link\" href=\"https:\/\/gorzow.news\/wp-content\/uploads\/2023\/07\/IMG_20230727_074046.jpg\" title=\"\"  data-caption=\"\"  data-description=\"\">\r\n                                <img decoding=\"async\" src=\"https:\/\/gorzow.news\/wp-content\/uploads\/2023\/07\/IMG_20230727_074046.jpg\" srcset=\"https:\/\/gorzow.news\/wp-content\/uploads\/2023\/07\/IMG_20230727_074046.jpg 1600w, https:\/\/gorzow.news\/wp-content\/uploads\/2023\/07\/IMG_20230727_074046-300x142.jpg 300w, https:\/\/gorzow.news\/wp-content\/uploads\/2023\/07\/IMG_20230727_074046-1024x484.jpg 1024w, https:\/\/gorzow.news\/wp-content\/uploads\/2023\/07\/IMG_20230727_074046-768x363.jpg 768w, https:\/\/gorzow.news\/wp-content\/uploads\/2023\/07\/IMG_20230727_074046-1536x727.jpg 1536w, https:\/\/gorzow.news\/wp-content\/uploads\/2023\/07\/IMG_20230727_074046-696x329.jpg 696w, https:\/\/gorzow.news\/wp-content\/uploads\/2023\/07\/IMG_20230727_074046-1068x505.jpg 1068w\" sizes=\"(max-width: 1600px) 100vw, 1600px\" alt=\"\">\r\n                            <\/a>\r\n                            \r\n                        <\/figure>\r\n                    <\/div>\r\n                    <div class = \"td-slide-item td-item4\">\r\n                        <figure class=\"td-slide-galery-figure td-slide-popup-gallery\">\r\n                            <a class=\"slide-gallery-image-link\" href=\"https:\/\/gorzow.news\/wp-content\/uploads\/2023\/07\/IMG_20230727_074055.jpg\" title=\"\"  data-caption=\"\"  data-description=\"\">\r\n                                <img decoding=\"async\" src=\"https:\/\/gorzow.news\/wp-content\/uploads\/2023\/07\/IMG_20230727_074055.jpg\" srcset=\"https:\/\/gorzow.news\/wp-content\/uploads\/2023\/07\/IMG_20230727_074055.jpg 1600w, https:\/\/gorzow.news\/wp-content\/uploads\/2023\/07\/IMG_20230727_074055-300x142.jpg 300w, https:\/\/gorzow.news\/wp-content\/uploads\/2023\/07\/IMG_20230727_074055-1024x484.jpg 1024w, https:\/\/gorzow.news\/wp-content\/uploads\/2023\/07\/IMG_20230727_074055-768x363.jpg 768w, https:\/\/gorzow.news\/wp-content\/uploads\/2023\/07\/IMG_20230727_074055-1536x727.jpg 1536w, https:\/\/gorzow.news\/wp-content\/uploads\/2023\/07\/IMG_20230727_074055-696x329.jpg 696w, https:\/\/gorzow.news\/wp-content\/uploads\/2023\/07\/IMG_20230727_074055-1068x505.jpg 1068w\" sizes=\"(max-width: 1600px) 100vw, 1600px\" alt=\"\">\r\n                            <\/a>\r\n                            \r\n                        <\/figure>\r\n                    <\/div>\r\n                    <div class = \"td-slide-item td-item5\">\r\n                        <figure class=\"td-slide-galery-figure td-slide-popup-gallery\">\r\n                            <a class=\"slide-gallery-image-link\" href=\"https:\/\/gorzow.news\/wp-content\/uploads\/2023\/07\/IMG_20230727_074114_1.jpg\" title=\"\"  data-caption=\"\"  data-description=\"\">\r\n                                <img decoding=\"async\" src=\"https:\/\/gorzow.news\/wp-content\/uploads\/2023\/07\/IMG_20230727_074114_1.jpg\" srcset=\"https:\/\/gorzow.news\/wp-content\/uploads\/2023\/07\/IMG_20230727_074114_1.jpg 1600w, https:\/\/gorzow.news\/wp-content\/uploads\/2023\/07\/IMG_20230727_074114_1-300x142.jpg 300w, https:\/\/gorzow.news\/wp-content\/uploads\/2023\/07\/IMG_20230727_074114_1-1024x484.jpg 1024w, https:\/\/gorzow.news\/wp-content\/uploads\/2023\/07\/IMG_20230727_074114_1-768x363.jpg 768w, https:\/\/gorzow.news\/wp-content\/uploads\/2023\/07\/IMG_20230727_074114_1-1536x727.jpg 1536w, https:\/\/gorzow.news\/wp-content\/uploads\/2023\/07\/IMG_20230727_074114_1-696x329.jpg 696w, https:\/\/gorzow.news\/wp-content\/uploads\/2023\/07\/IMG_20230727_074114_1-1068x505.jpg 1068w\" sizes=\"(max-width: 1600px) 100vw, 1600px\" alt=\"\">\r\n                            <\/a>\r\n                            \r\n                        <\/figure>\r\n                    <\/div>\r\n                    <div class = \"td-slide-item td-item6\">\r\n                        <figure class=\"td-slide-galery-figure td-slide-popup-gallery\">\r\n                            <a class=\"slide-gallery-image-link\" href=\"https:\/\/gorzow.news\/wp-content\/uploads\/2023\/07\/IMG_20230727_074209.jpg\" title=\"\"  data-caption=\"\"  data-description=\"\">\r\n                                <img decoding=\"async\" src=\"https:\/\/gorzow.news\/wp-content\/uploads\/2023\/07\/IMG_20230727_074209.jpg\" srcset=\"https:\/\/gorzow.news\/wp-content\/uploads\/2023\/07\/IMG_20230727_074209.jpg 1600w, https:\/\/gorzow.news\/wp-content\/uploads\/2023\/07\/IMG_20230727_074209-300x142.jpg 300w, https:\/\/gorzow.news\/wp-content\/uploads\/2023\/07\/IMG_20230727_074209-1024x484.jpg 1024w, https:\/\/gorzow.news\/wp-content\/uploads\/2023\/07\/IMG_20230727_074209-768x363.jpg 768w, https:\/\/gorzow.news\/wp-content\/uploads\/2023\/07\/IMG_20230727_074209-1536x727.jpg 1536w, https:\/\/gorzow.news\/wp-content\/uploads\/2023\/07\/IMG_20230727_074209-696x329.jpg 696w, https:\/\/gorzow.news\/wp-content\/uploads\/2023\/07\/IMG_20230727_074209-1068x505.jpg 1068w\" sizes=\"(max-width: 1600px) 100vw, 1600px\" alt=\"\">\r\n                            <\/a>\r\n                            \r\n                        <\/figure>\r\n                    <\/div>\r\n                    <div class = \"td-slide-item td-item7\">\r\n                        <figure class=\"td-slide-galery-figure td-slide-popup-gallery\">\r\n                            <a class=\"slide-gallery-image-link\" href=\"https:\/\/gorzow.news\/wp-content\/uploads\/2023\/07\/IMG_20230727_074211_1.jpg\" title=\"\"  data-caption=\"\"  data-description=\"\">\r\n                                <img decoding=\"async\" src=\"https:\/\/gorzow.news\/wp-content\/uploads\/2023\/07\/IMG_20230727_074211_1.jpg\" srcset=\"https:\/\/gorzow.news\/wp-content\/uploads\/2023\/07\/IMG_20230727_074211_1.jpg 1600w, https:\/\/gorzow.news\/wp-content\/uploads\/2023\/07\/IMG_20230727_074211_1-300x142.jpg 300w, https:\/\/gorzow.news\/wp-content\/uploads\/2023\/07\/IMG_20230727_074211_1-1024x484.jpg 1024w, https:\/\/gorzow.news\/wp-content\/uploads\/2023\/07\/IMG_20230727_074211_1-768x363.jpg 768w, https:\/\/gorzow.news\/wp-content\/uploads\/2023\/07\/IMG_20230727_074211_1-1536x727.jpg 1536w, https:\/\/gorzow.news\/wp-content\/uploads\/2023\/07\/IMG_20230727_074211_1-696x329.jpg 696w, https:\/\/gorzow.news\/wp-content\/uploads\/2023\/07\/IMG_20230727_074211_1-1068x505.jpg 1068w\" sizes=\"(max-width: 1600px) 100vw, 1600px\" alt=\"\">\r\n                            <\/a>\r\n                            \r\n                        <\/figure>\r\n                    <\/div>\r\n                    <div class = \"td-slide-item td-item8\">\r\n                        <figure class=\"td-slide-galery-figure td-slide-popup-gallery\">\r\n                            <a class=\"slide-gallery-image-link\" href=\"https:\/\/gorzow.news\/wp-content\/uploads\/2023\/07\/IMG_20230727_074222.jpg\" title=\"\"  data-caption=\"\"  data-description=\"\">\r\n                                <img decoding=\"async\" src=\"https:\/\/gorzow.news\/wp-content\/uploads\/2023\/07\/IMG_20230727_074222.jpg\" srcset=\"https:\/\/gorzow.news\/wp-content\/uploads\/2023\/07\/IMG_20230727_074222.jpg 1600w, https:\/\/gorzow.news\/wp-content\/uploads\/2023\/07\/IMG_20230727_074222-300x142.jpg 300w, https:\/\/gorzow.news\/wp-content\/uploads\/2023\/07\/IMG_20230727_074222-1024x484.jpg 1024w, https:\/\/gorzow.news\/wp-content\/uploads\/2023\/07\/IMG_20230727_074222-768x363.jpg 768w, https:\/\/gorzow.news\/wp-content\/uploads\/2023\/07\/IMG_20230727_074222-1536x727.jpg 1536w, https:\/\/gorzow.news\/wp-content\/uploads\/2023\/07\/IMG_20230727_074222-696x329.jpg 696w, https:\/\/gorzow.news\/wp-content\/uploads\/2023\/07\/IMG_20230727_074222-1068x505.jpg 1068w\" sizes=\"(max-width: 1600px) 100vw, 1600px\" alt=\"\">\r\n                            <\/a>\r\n                            \r\n                        <\/figure>\r\n                    <\/div>\r\n                            <\/div>\r\n                        <\/div>\r\n\r\n                        <div class = \"td-doubleSlider-2\">\r\n                            <div class = \"td-slider\">\r\n                                \r\n                    <div class = \"td-button td-item1\">\r\n                        <div class = \"td-border\"><\/div>\r\n                    <\/div>\r\n                    <div class = \"td-button td-item2\">\r\n                        <div class = \"td-border\"><\/div>\r\n                    <\/div>\r\n                    <div class = \"td-button td-item3\">\r\n                        <div class = \"td-border\"><\/div>\r\n                    <\/div>\r\n                    <div class = \"td-button td-item4\">\r\n                        <div class = \"td-border\"><\/div>\r\n                    <\/div>\r\n                    <div class = \"td-button td-item5\">\r\n                        <div class = \"td-border\"><\/div>\r\n                    <\/div>\r\n                    <div class = \"td-button td-item6\">\r\n                        <div class = \"td-border\"><\/div>\r\n                    <\/div>\r\n                    <div class = \"td-button td-item7\">\r\n                        <div class = \"td-border\"><\/div>\r\n                    <\/div>\r\n                    <div class = \"td-button td-item8\">\r\n                        <div class = \"td-border\"><\/div>\r\n                    <\/div>\r\n                            <\/div>\r\n                        <\/div>\r\n\r\n                    <\/div>\r\n\r\n                <\/div>\r\n                \n\n\n<p><strong>O zakresie inwestycji i zmianach w tej cz\u0119\u015bci miasta przeczytasz tak\u017ce w tekstach:<\/strong><br>\u2013 <a href=\"https:\/\/gorzow.news\/index.php\/2023\/07\/25\/welniany-rynek-zdarty-asfalt-odkryl-poniemiecka-kostke-a-gdyby-tak-ulozyc-ja-na-nowo-choc-w-czesci-zdjecia\/\">We\u0142niany Rynek: Zdarty asfalt odkry\u0142 poniemieck\u0105 kostk\u0119. A gdyby tak u\u0142o\u017cy\u0107 j\u0105 na nowo? Cho\u0107 w cz\u0119\u015bci? (zdj\u0119cia)<\/a><br>\u2013 <a href=\"https:\/\/gorzow.news\/index.php\/2023\/07\/17\/na-hawelanskiej-czas-na-ukladanie-deptaku-od-czwartku-zamkniety-welniany-rynek-zdjecia-objazdy\/\">Na Hawela\u0144skiej czas na uk\u0142adanie deptaku! Od czwartku zamkni\u0119ty We\u0142niany Rynek! (zdj\u0119cia, objazdy)<\/a><br>\u2013 <a href=\"https:\/\/gorzow.news\/index.php\/2023\/06\/14\/prace-juz-na-calym-deptaku-w-ulicy-hawelanskiej-zdjecia\/\">Prace ju\u017c na ca\u0142ym deptaku w ulicy Hawela\u0144skiej (zdj\u0119cia)<\/a><br>\u2013 <a href=\"https:\/\/gorzow.news\/index.php\/2023\/05\/31\/pierwsze-prace-na-hawelanskiej-zdjecia\/\">Pierwsze prace na Hawela\u0144skiej (zdj\u0119cia)<\/a><br>\u2013 <a href=\"https:\/\/gorzow.news\/index.php\/2023\/05\/23\/na-skrzyzowaniu-jest-juz-nowa-organizacja-ruchu-ruszyly-tez-prace-na-hawelanskiej-zdjecia\/\">Na skrzy\u017cowaniu jest ju\u017c nowa organizacja ruchu. Ruszy\u0142y te\u017c prace na Hawela\u0144skiej! (zdj\u0119cia)<\/a><br>\u2013 <a href=\"https:\/\/gorzow.news\/index.php\/2023\/05\/23\/dzis-ruszaja-prace-na-hawelanskiej\/\">Dzi\u015b ruszaj\u0105 prace na Hawela\u0144skiej!<\/a><br>\u2013 <a href=\"https:\/\/gorzow.news\/index.php\/2023\/05\/17\/czas-na-rozpoczecie-przebudowy-hawelanskiej-jakie-ograniczenia\/\">Czas na rozpocz\u0119cie przebudowy Hawela\u0144skiej! Jakie ograniczenia?<\/a><br>\u2013 <a href=\"https:\/\/gorzow.news\/index.php\/2023\/04\/19\/hawelanska-i-welniany-rynek-umowa-z-wykonawca-podpisana-13-miesiecy-na-wszystkie-prace\/\">Hawela\u0144ska i We\u0142niany Rynek: Umowa z wykonawc\u0105 podpisana! 13 miesi\u0119cy na wszystkie prace!<\/a><br>\u2013 <a href=\"https:\/\/gorzow.news\/index.php\/2023\/03\/17\/przetarg-na-deptak-rozstrzygniety-tym-razem-inwestycja-ruszy\/\">Przetarg na deptak rozstrzygni\u0119ty. Tym razem inwestycja ruszy?<\/a><br>\u2013 <a href=\"https:\/\/gorzow.news\/index.php\/2023\/03\/10\/hawelanska-i-welniany-rynek-czwarte-podejscie-i-trzy-firmy-zlozyly-oferty-czy-tym-razem-sie-uda\/\">Hawela\u0144ska i We\u0142niany Rynek: Czwarte podej\u015bcie i trzy firmy z\u0142o\u017cy\u0142y oferty. Czy tym razem si\u0119 uda?<\/a><br>\u2013 <a href=\"https:\/\/gorzow.news\/index.php\/2023\/01\/24\/remont-hawelanskiej-i-welnianego-rynku-kolejny-raz-sie-oddala\/\">Remont Hawela\u0144skiej i We\u0142nianego Rynku kolejny raz si\u0119 oddala!<\/a><br>\u2013 <a href=\"https:\/\/gorzow.news\/index.php\/2023\/01\/16\/jest-wykonawca-welnianego-rynku-i-hawelanskiej-zaplacimy-wiecej-oby-sie-oplacilo\/\">Jest wykonawca We\u0142nianego Rynku i Hawela\u0144skiej! Zap\u0142acimy wi\u0119cej. Oby si\u0119 op\u0142aci\u0142o!<\/a><br>\u2013 <a href=\"https:\/\/gorzow.news\/index.php\/2022\/12\/19\/modernizacja-hawelanskiej-i-welnianego-rynku-trzy-firmy-zglosily-sie-w-przetargu\/\">Modernizacja Hawela\u0144skiej i We\u0142nianego Rynku: Trzy firmy zg\u0142osi\u0142y si\u0119 w przetargu!<\/a><br>\u2013 <a href=\"https:\/\/gorzow.news\/index.php\/2022\/12\/13\/za-tydzien-poznamy-wykonawce-modernizacji-hawelanskiej-i-welnianego-rynku\/\">Za tydzie\u0144 poznamy wykonawc\u0119 modernizacji Hawela\u0144skiej i We\u0142nianego Rynku?<\/a><br>\u2013 <a href=\"https:\/\/gorzow.news\/index.php\/2022\/09\/01\/na-hawelanskiej-i-welnianym-rynku-maja-zostac-posadzone-nowe-drzewa-plan-nasadzen\/\">Na Hawela\u0144skiej i We\u0142nianym Rynku maj\u0105 zosta\u0107 posadzone nowe drzewa (plan nasadze\u0144)<\/a><br>\u2013 <a href=\"https:\/\/gorzow.news\/index.php\/2022\/08\/23\/miasto-zrobi-trzecie-podejscie-do-modernizacji-deptaka-przy-hawelanskiej\/\">Miasto zrobi trzecie podej\u015bcie do modernizacji deptaka przy Hawela\u0144skiej<\/a><\/p>\n","protected":false},"excerpt":{"rendered":"<p>We wtorek na \u0142amach GORZ\u00d3W.NEWS informowali\u015bmy, \u017ce zerwany asfalt z ul. We\u0142niany Rynek odkry\u0142 dobrze zachowan\u0105 poniemieck\u0105 kostk\u0119. Na naszym profilu na Facebooku zapytali\u015bmy czytelnik\u00f3w, czy chcieliby, aby kostka tutaj zosta\u0142a. Nie spodziewali\u015bmy si\u0119 tak jednoznacznej odpowiedzi. Zdecydowana wi\u0119kszo\u015b\u0107 opowiedzia\u0142a si\u0119 za kostk\u0105. Ju\u017c wczoraj wykonawca przyst\u0105pi\u0142 jednak do usuwania kostki. Dzi\u015b od rana prace s\u0105 kontynuowane. Czy jest szansa, aby landsberska kostka tu wr\u00f3ci\u0142a?<\/p>\n","protected":false},"author":1,"featured_media":13676,"comment_status":"open","ping_status":"open","sticky":false,"template":"","format":"standard","meta":{"footnotes":"","_links_to":"","_links_to_target":""},"categories":[2009,594,589],"tags":[469,2280,56,181],"class_list":{"0":"post-13667","1":"post","2":"type-post","3":"status-publish","4":"format-standard","5":"has-post-thumbnail","7":"category-centrum-srodmiescie","8":"category-info-ulice","9":"category-wiadomosci","10":"tag-hawelanska","11":"tag-kostka","12":"tag-landsberg","13":"tag-welniany-rynek"},"yoast_head":"<!-- This site is optimized with the Yoast SEO plugin v27.3 - https:\/\/yoast.com\/product\/yoast-seo-wordpress\/ -->\n<title>Landsberska kostka znika z We\u0142nianego Rynku! Czy wr\u00f3ci? (zdj\u0119cia) - Gorz\u00f3w News<\/title>\n<meta name=\"description\" content=\"We wtorek na \u0142amach GORZ\u00d3W.NEWS informowali\u015bmy, \u017ce zerwany asfalt z ul. We\u0142niany Rynek odkry\u0142 dobrze zachowan\u0105 poniemieck\u0105 kostk\u0119. Na naszym\" \/>\n<meta name=\"robots\" content=\"index, follow, max-snippet:-1, max-image-preview:large, max-video-preview:-1\" \/>\n<link rel=\"canonical\" href=\"https:\/\/gorzow.news\/index.php\/2023\/07\/27\/landsberska-kostka-znika-z-welnianego-rynku-czy-wroci-zdjecia\/\" \/>\n<meta property=\"og:locale\" content=\"pl_PL\" \/>\n<meta property=\"og:type\" content=\"article\" \/>\n<meta property=\"og:title\" content=\"Landsberska kostka znika z We\u0142nianego Rynku! Czy wr\u00f3ci? (zdj\u0119cia) - Gorz\u00f3w News\" \/>\n<meta property=\"og:description\" content=\"We wtorek na \u0142amach GORZ\u00d3W.NEWS informowali\u015bmy, \u017ce zerwany asfalt z ul. We\u0142niany Rynek odkry\u0142 dobrze zachowan\u0105 poniemieck\u0105 kostk\u0119. Na naszym\" \/>\n<meta property=\"og:url\" content=\"https:\/\/gorzow.news\/index.php\/2023\/07\/27\/landsberska-kostka-znika-z-welnianego-rynku-czy-wroci-zdjecia\/\" \/>\n<meta property=\"og:site_name\" content=\"Gorz\u00f3w News\" \/>\n<meta property=\"article:publisher\" content=\"https:\/\/www.facebook.com\/gorzowskinews\" \/>\n<meta property=\"article:published_time\" content=\"2023-07-27T10:29:29+00:00\" \/>\n<meta property=\"article:modified_time\" content=\"2023-07-27T10:29:31+00:00\" \/>\n<meta property=\"og:image\" content=\"https:\/\/gorzow.news\/wp-content\/uploads\/2023\/07\/IMG_20230727_074209-1.jpg\" \/>\n\t<meta property=\"og:image:width\" content=\"1600\" \/>\n\t<meta property=\"og:image:height\" content=\"757\" \/>\n\t<meta property=\"og:image:type\" content=\"image\/jpeg\" \/>\n<meta name=\"author\" content=\"maciej\" \/>\n<meta name=\"twitter:card\" content=\"summary_large_image\" \/>\n<meta name=\"twitter:label1\" content=\"Napisane przez\" \/>\n\t<meta name=\"twitter:data1\" content=\"maciej\" \/>\n\t<meta name=\"twitter:label2\" content=\"Szacowany czas czytania\" \/>\n\t<meta name=\"twitter:data2\" content=\"4 minuty\" \/>\n<script type=\"application\/ld+json\" class=\"yoast-schema-graph\">{\"@context\":\"https:\\\/\\\/schema.org\",\"@graph\":[{\"@type\":\"Article\",\"@id\":\"https:\\\/\\\/gorzow.news\\\/index.php\\\/2023\\\/07\\\/27\\\/landsberska-kostka-znika-z-welnianego-rynku-czy-wroci-zdjecia\\\/#article\",\"isPartOf\":{\"@id\":\"https:\\\/\\\/gorzow.news\\\/index.php\\\/2023\\\/07\\\/27\\\/landsberska-kostka-znika-z-welnianego-rynku-czy-wroci-zdjecia\\\/\"},\"author\":{\"name\":\"maciej\",\"@id\":\"https:\\\/\\\/gorzow.news\\\/#\\\/schema\\\/person\\\/a1e5ab43166369f2ce236a1cd90995bb\"},\"headline\":\"Landsberska kostka znika z We\u0142nianego Rynku! Czy wr\u00f3ci? (zdj\u0119cia)\",\"datePublished\":\"2023-07-27T10:29:29+00:00\",\"dateModified\":\"2023-07-27T10:29:31+00:00\",\"mainEntityOfPage\":{\"@id\":\"https:\\\/\\\/gorzow.news\\\/index.php\\\/2023\\\/07\\\/27\\\/landsberska-kostka-znika-z-welnianego-rynku-czy-wroci-zdjecia\\\/\"},\"wordCount\":844,\"commentCount\":0,\"image\":{\"@id\":\"https:\\\/\\\/gorzow.news\\\/index.php\\\/2023\\\/07\\\/27\\\/landsberska-kostka-znika-z-welnianego-rynku-czy-wroci-zdjecia\\\/#primaryimage\"},\"thumbnailUrl\":\"https:\\\/\\\/gorzow.news\\\/wp-content\\\/uploads\\\/2023\\\/07\\\/IMG_20230727_074209-1.jpg\",\"keywords\":[\"Hawela\u0144ska\",\"kostka\",\"Landsberg\",\"We\u0142niany Rynek\"],\"articleSection\":[\"Centrum \\\/ \u015ar\u00f3dmie\u015bcie\",\"INFOulice\",\"Wiadomo\u015bci\"],\"inLanguage\":\"pl-PL\",\"potentialAction\":[{\"@type\":\"CommentAction\",\"name\":\"Comment\",\"target\":[\"https:\\\/\\\/gorzow.news\\\/index.php\\\/2023\\\/07\\\/27\\\/landsberska-kostka-znika-z-welnianego-rynku-czy-wroci-zdjecia\\\/#respond\"]}]},{\"@type\":\"WebPage\",\"@id\":\"https:\\\/\\\/gorzow.news\\\/index.php\\\/2023\\\/07\\\/27\\\/landsberska-kostka-znika-z-welnianego-rynku-czy-wroci-zdjecia\\\/\",\"url\":\"https:\\\/\\\/gorzow.news\\\/index.php\\\/2023\\\/07\\\/27\\\/landsberska-kostka-znika-z-welnianego-rynku-czy-wroci-zdjecia\\\/\",\"name\":\"Landsberska kostka znika z We\u0142nianego Rynku! Czy wr\u00f3ci? (zdj\u0119cia) - Gorz\u00f3w News\",\"isPartOf\":{\"@id\":\"https:\\\/\\\/gorzow.news\\\/#website\"},\"primaryImageOfPage\":{\"@id\":\"https:\\\/\\\/gorzow.news\\\/index.php\\\/2023\\\/07\\\/27\\\/landsberska-kostka-znika-z-welnianego-rynku-czy-wroci-zdjecia\\\/#primaryimage\"},\"image\":{\"@id\":\"https:\\\/\\\/gorzow.news\\\/index.php\\\/2023\\\/07\\\/27\\\/landsberska-kostka-znika-z-welnianego-rynku-czy-wroci-zdjecia\\\/#primaryimage\"},\"thumbnailUrl\":\"https:\\\/\\\/gorzow.news\\\/wp-content\\\/uploads\\\/2023\\\/07\\\/IMG_20230727_074209-1.jpg\",\"datePublished\":\"2023-07-27T10:29:29+00:00\",\"dateModified\":\"2023-07-27T10:29:31+00:00\",\"author\":{\"@id\":\"https:\\\/\\\/gorzow.news\\\/#\\\/schema\\\/person\\\/a1e5ab43166369f2ce236a1cd90995bb\"},\"description\":\"We wtorek na \u0142amach GORZ\u00d3W.NEWS informowali\u015bmy, \u017ce zerwany asfalt z ul. We\u0142niany Rynek odkry\u0142 dobrze zachowan\u0105 poniemieck\u0105 kostk\u0119. Na naszym profilu na Facebooku zapytali\u015bmy czytelnik\u00f3w, czy chcieliby, aby kostka tutaj zosta\u0142a. Nie spodziewali\u015bmy si\u0119 tak jednoznacznej odpowiedzi. Zdecydowana wi\u0119kszo\u015b\u0107 opowiedzia\u0142a si\u0119 za kostk\u0105. Ju\u017c wczoraj wykonawca przyst\u0105pi\u0142 jednak do usuwania kostki. Dzi\u015b od rana prace s\u0105 kontynuowane. Czy jest szansa, aby landsberska kostka tu wr\u00f3ci\u0142a?\",\"breadcrumb\":{\"@id\":\"https:\\\/\\\/gorzow.news\\\/index.php\\\/2023\\\/07\\\/27\\\/landsberska-kostka-znika-z-welnianego-rynku-czy-wroci-zdjecia\\\/#breadcrumb\"},\"inLanguage\":\"pl-PL\",\"potentialAction\":[{\"@type\":\"ReadAction\",\"target\":[\"https:\\\/\\\/gorzow.news\\\/index.php\\\/2023\\\/07\\\/27\\\/landsberska-kostka-znika-z-welnianego-rynku-czy-wroci-zdjecia\\\/\"]}]},{\"@type\":\"ImageObject\",\"inLanguage\":\"pl-PL\",\"@id\":\"https:\\\/\\\/gorzow.news\\\/index.php\\\/2023\\\/07\\\/27\\\/landsberska-kostka-znika-z-welnianego-rynku-czy-wroci-zdjecia\\\/#primaryimage\",\"url\":\"https:\\\/\\\/gorzow.news\\\/wp-content\\\/uploads\\\/2023\\\/07\\\/IMG_20230727_074209-1.jpg\",\"contentUrl\":\"https:\\\/\\\/gorzow.news\\\/wp-content\\\/uploads\\\/2023\\\/07\\\/IMG_20230727_074209-1.jpg\",\"width\":1600,\"height\":757,\"caption\":\"Uk\u0142adana w Landsbergu kostka w ul. We\u0142niany Rynek w\u0142a\u015bnie jest zerwana. Czy urz\u0119dnicy zmieni\u0105 plany i u\u0142o\u017c\u0105 kostk\u0119 na nowo?\"},{\"@type\":\"BreadcrumbList\",\"@id\":\"https:\\\/\\\/gorzow.news\\\/index.php\\\/2023\\\/07\\\/27\\\/landsberska-kostka-znika-z-welnianego-rynku-czy-wroci-zdjecia\\\/#breadcrumb\",\"itemListElement\":[{\"@type\":\"ListItem\",\"position\":1,\"name\":\"Home\",\"item\":\"https:\\\/\\\/gorzow.news\\\/\"},{\"@type\":\"ListItem\",\"position\":2,\"name\":\"Landsberska kostka znika z We\u0142nianego Rynku! Czy wr\u00f3ci? (zdj\u0119cia)\"}]},{\"@type\":\"WebSite\",\"@id\":\"https:\\\/\\\/gorzow.news\\\/#website\",\"url\":\"https:\\\/\\\/gorzow.news\\\/\",\"name\":\"Gorz\u00f3w News\",\"description\":\"Sp\u00f3jrz inaczej na miato i region...\",\"potentialAction\":[{\"@type\":\"SearchAction\",\"target\":{\"@type\":\"EntryPoint\",\"urlTemplate\":\"https:\\\/\\\/gorzow.news\\\/?s={search_term_string}\"},\"query-input\":{\"@type\":\"PropertyValueSpecification\",\"valueRequired\":true,\"valueName\":\"search_term_string\"}}],\"inLanguage\":\"pl-PL\"},{\"@type\":\"Person\",\"@id\":\"https:\\\/\\\/gorzow.news\\\/#\\\/schema\\\/person\\\/a1e5ab43166369f2ce236a1cd90995bb\",\"name\":\"maciej\",\"image\":{\"@type\":\"ImageObject\",\"inLanguage\":\"pl-PL\",\"@id\":\"https:\\\/\\\/secure.gravatar.com\\\/avatar\\\/530a674d56ba60cfa0ef21d74e8e8d123a51bb7aa6580465b5c2ab2c2e980a19?s=96&r=g&d=https:\\\/\\\/gorzow.news\\\/wp-content\\\/plugins\\\/userswp\\\/assets\\\/images\\\/no_profile.png\",\"url\":\"https:\\\/\\\/secure.gravatar.com\\\/avatar\\\/530a674d56ba60cfa0ef21d74e8e8d123a51bb7aa6580465b5c2ab2c2e980a19?s=96&r=g&d=https:\\\/\\\/gorzow.news\\\/wp-content\\\/plugins\\\/userswp\\\/assets\\\/images\\\/no_profile.png\",\"contentUrl\":\"https:\\\/\\\/secure.gravatar.com\\\/avatar\\\/530a674d56ba60cfa0ef21d74e8e8d123a51bb7aa6580465b5c2ab2c2e980a19?s=96&r=g&d=https:\\\/\\\/gorzow.news\\\/wp-content\\\/plugins\\\/userswp\\\/assets\\\/images\\\/no_profile.png\",\"caption\":\"maciej\"},\"url\":\"https:\\\/\\\/gorzow.news\\\/index.php\\\/profile\\\/maciej\\\/\"}]}<\/script>\n<!-- \/ Yoast SEO plugin. -->","yoast_head_json":{"title":"Landsberska kostka znika z We\u0142nianego Rynku! Czy wr\u00f3ci? (zdj\u0119cia) - Gorz\u00f3w News","description":"We wtorek na \u0142amach GORZ\u00d3W.NEWS informowali\u015bmy, \u017ce zerwany asfalt z ul. We\u0142niany Rynek odkry\u0142 dobrze zachowan\u0105 poniemieck\u0105 kostk\u0119. Na naszym","robots":{"index":"index","follow":"follow","max-snippet":"max-snippet:-1","max-image-preview":"max-image-preview:large","max-video-preview":"max-video-preview:-1"},"canonical":"https:\/\/gorzow.news\/index.php\/2023\/07\/27\/landsberska-kostka-znika-z-welnianego-rynku-czy-wroci-zdjecia\/","og_locale":"pl_PL","og_type":"article","og_title":"Landsberska kostka znika z We\u0142nianego Rynku! Czy wr\u00f3ci? (zdj\u0119cia) - Gorz\u00f3w News","og_description":"We wtorek na \u0142amach GORZ\u00d3W.NEWS informowali\u015bmy, \u017ce zerwany asfalt z ul. We\u0142niany Rynek odkry\u0142 dobrze zachowan\u0105 poniemieck\u0105 kostk\u0119. Na naszym","og_url":"https:\/\/gorzow.news\/index.php\/2023\/07\/27\/landsberska-kostka-znika-z-welnianego-rynku-czy-wroci-zdjecia\/","og_site_name":"Gorz\u00f3w News","article_publisher":"https:\/\/www.facebook.com\/gorzowskinews","article_published_time":"2023-07-27T10:29:29+00:00","article_modified_time":"2023-07-27T10:29:31+00:00","og_image":[{"width":1600,"height":757,"url":"https:\/\/gorzow.news\/wp-content\/uploads\/2023\/07\/IMG_20230727_074209-1.jpg","type":"image\/jpeg"}],"author":"maciej","twitter_card":"summary_large_image","twitter_misc":{"Napisane przez":"maciej","Szacowany czas czytania":"4 minuty"},"schema":{"@context":"https:\/\/schema.org","@graph":[{"@type":"Article","@id":"https:\/\/gorzow.news\/index.php\/2023\/07\/27\/landsberska-kostka-znika-z-welnianego-rynku-czy-wroci-zdjecia\/#article","isPartOf":{"@id":"https:\/\/gorzow.news\/index.php\/2023\/07\/27\/landsberska-kostka-znika-z-welnianego-rynku-czy-wroci-zdjecia\/"},"author":{"name":"maciej","@id":"https:\/\/gorzow.news\/#\/schema\/person\/a1e5ab43166369f2ce236a1cd90995bb"},"headline":"Landsberska kostka znika z We\u0142nianego Rynku! Czy wr\u00f3ci? (zdj\u0119cia)","datePublished":"2023-07-27T10:29:29+00:00","dateModified":"2023-07-27T10:29:31+00:00","mainEntityOfPage":{"@id":"https:\/\/gorzow.news\/index.php\/2023\/07\/27\/landsberska-kostka-znika-z-welnianego-rynku-czy-wroci-zdjecia\/"},"wordCount":844,"commentCount":0,"image":{"@id":"https:\/\/gorzow.news\/index.php\/2023\/07\/27\/landsberska-kostka-znika-z-welnianego-rynku-czy-wroci-zdjecia\/#primaryimage"},"thumbnailUrl":"https:\/\/gorzow.news\/wp-content\/uploads\/2023\/07\/IMG_20230727_074209-1.jpg","keywords":["Hawela\u0144ska","kostka","Landsberg","We\u0142niany Rynek"],"articleSection":["Centrum \/ \u015ar\u00f3dmie\u015bcie","INFOulice","Wiadomo\u015bci"],"inLanguage":"pl-PL","potentialAction":[{"@type":"CommentAction","name":"Comment","target":["https:\/\/gorzow.news\/index.php\/2023\/07\/27\/landsberska-kostka-znika-z-welnianego-rynku-czy-wroci-zdjecia\/#respond"]}]},{"@type":"WebPage","@id":"https:\/\/gorzow.news\/index.php\/2023\/07\/27\/landsberska-kostka-znika-z-welnianego-rynku-czy-wroci-zdjecia\/","url":"https:\/\/gorzow.news\/index.php\/2023\/07\/27\/landsberska-kostka-znika-z-welnianego-rynku-czy-wroci-zdjecia\/","name":"Landsberska kostka znika z We\u0142nianego Rynku! Czy wr\u00f3ci? (zdj\u0119cia) - Gorz\u00f3w News","isPartOf":{"@id":"https:\/\/gorzow.news\/#website"},"primaryImageOfPage":{"@id":"https:\/\/gorzow.news\/index.php\/2023\/07\/27\/landsberska-kostka-znika-z-welnianego-rynku-czy-wroci-zdjecia\/#primaryimage"},"image":{"@id":"https:\/\/gorzow.news\/index.php\/2023\/07\/27\/landsberska-kostka-znika-z-welnianego-rynku-czy-wroci-zdjecia\/#primaryimage"},"thumbnailUrl":"https:\/\/gorzow.news\/wp-content\/uploads\/2023\/07\/IMG_20230727_074209-1.jpg","datePublished":"2023-07-27T10:29:29+00:00","dateModified":"2023-07-27T10:29:31+00:00","author":{"@id":"https:\/\/gorzow.news\/#\/schema\/person\/a1e5ab43166369f2ce236a1cd90995bb"},"description":"We wtorek na \u0142amach GORZ\u00d3W.NEWS informowali\u015bmy, \u017ce zerwany asfalt z ul. We\u0142niany Rynek odkry\u0142 dobrze zachowan\u0105 poniemieck\u0105 kostk\u0119. Na naszym profilu na Facebooku zapytali\u015bmy czytelnik\u00f3w, czy chcieliby, aby kostka tutaj zosta\u0142a. Nie spodziewali\u015bmy si\u0119 tak jednoznacznej odpowiedzi. Zdecydowana wi\u0119kszo\u015b\u0107 opowiedzia\u0142a si\u0119 za kostk\u0105. Ju\u017c wczoraj wykonawca przyst\u0105pi\u0142 jednak do usuwania kostki. Dzi\u015b od rana prace s\u0105 kontynuowane. Czy jest szansa, aby landsberska kostka tu wr\u00f3ci\u0142a?","breadcrumb":{"@id":"https:\/\/gorzow.news\/index.php\/2023\/07\/27\/landsberska-kostka-znika-z-welnianego-rynku-czy-wroci-zdjecia\/#breadcrumb"},"inLanguage":"pl-PL","potentialAction":[{"@type":"ReadAction","target":["https:\/\/gorzow.news\/index.php\/2023\/07\/27\/landsberska-kostka-znika-z-welnianego-rynku-czy-wroci-zdjecia\/"]}]},{"@type":"ImageObject","inLanguage":"pl-PL","@id":"https:\/\/gorzow.news\/index.php\/2023\/07\/27\/landsberska-kostka-znika-z-welnianego-rynku-czy-wroci-zdjecia\/#primaryimage","url":"https:\/\/gorzow.news\/wp-content\/uploads\/2023\/07\/IMG_20230727_074209-1.jpg","contentUrl":"https:\/\/gorzow.news\/wp-content\/uploads\/2023\/07\/IMG_20230727_074209-1.jpg","width":1600,"height":757,"caption":"Uk\u0142adana w Landsbergu kostka w ul. We\u0142niany Rynek w\u0142a\u015bnie jest zerwana. Czy urz\u0119dnicy zmieni\u0105 plany i u\u0142o\u017c\u0105 kostk\u0119 na nowo?"},{"@type":"BreadcrumbList","@id":"https:\/\/gorzow.news\/index.php\/2023\/07\/27\/landsberska-kostka-znika-z-welnianego-rynku-czy-wroci-zdjecia\/#breadcrumb","itemListElement":[{"@type":"ListItem","position":1,"name":"Home","item":"https:\/\/gorzow.news\/"},{"@type":"ListItem","position":2,"name":"Landsberska kostka znika z We\u0142nianego Rynku! Czy wr\u00f3ci? (zdj\u0119cia)"}]},{"@type":"WebSite","@id":"https:\/\/gorzow.news\/#website","url":"https:\/\/gorzow.news\/","name":"Gorz\u00f3w News","description":"Sp\u00f3jrz inaczej na miato i region...","potentialAction":[{"@type":"SearchAction","target":{"@type":"EntryPoint","urlTemplate":"https:\/\/gorzow.news\/?s={search_term_string}"},"query-input":{"@type":"PropertyValueSpecification","valueRequired":true,"valueName":"search_term_string"}}],"inLanguage":"pl-PL"},{"@type":"Person","@id":"https:\/\/gorzow.news\/#\/schema\/person\/a1e5ab43166369f2ce236a1cd90995bb","name":"maciej","image":{"@type":"ImageObject","inLanguage":"pl-PL","@id":"https:\/\/secure.gravatar.com\/avatar\/530a674d56ba60cfa0ef21d74e8e8d123a51bb7aa6580465b5c2ab2c2e980a19?s=96&r=g&d=https:\/\/gorzow.news\/wp-content\/plugins\/userswp\/assets\/images\/no_profile.png","url":"https:\/\/secure.gravatar.com\/avatar\/530a674d56ba60cfa0ef21d74e8e8d123a51bb7aa6580465b5c2ab2c2e980a19?s=96&r=g&d=https:\/\/gorzow.news\/wp-content\/plugins\/userswp\/assets\/images\/no_profile.png","contentUrl":"https:\/\/secure.gravatar.com\/avatar\/530a674d56ba60cfa0ef21d74e8e8d123a51bb7aa6580465b5c2ab2c2e980a19?s=96&r=g&d=https:\/\/gorzow.news\/wp-content\/plugins\/userswp\/assets\/images\/no_profile.png","caption":"maciej"},"url":"https:\/\/gorzow.news\/index.php\/profile\/maciej\/"}]}},"_links":{"self":[{"href":"https:\/\/gorzow.news\/index.php\/wp-json\/wp\/v2\/posts\/13667","targetHints":{"allow":["GET"]}}],"collection":[{"href":"https:\/\/gorzow.news\/index.php\/wp-json\/wp\/v2\/posts"}],"about":[{"href":"https:\/\/gorzow.news\/index.php\/wp-json\/wp\/v2\/types\/post"}],"author":[{"embeddable":true,"href":"https:\/\/gorzow.news\/index.php\/wp-json\/wp\/v2\/users\/1"}],"replies":[{"embeddable":true,"href":"https:\/\/gorzow.news\/index.php\/wp-json\/wp\/v2\/comments?post=13667"}],"version-history":[{"count":1,"href":"https:\/\/gorzow.news\/index.php\/wp-json\/wp\/v2\/posts\/13667\/revisions"}],"predecessor-version":[{"id":13677,"href":"https:\/\/gorzow.news\/index.php\/wp-json\/wp\/v2\/posts\/13667\/revisions\/13677"}],"wp:featuredmedia":[{"embeddable":true,"href":"https:\/\/gorzow.news\/index.php\/wp-json\/wp\/v2\/media\/13676"}],"wp:attachment":[{"href":"https:\/\/gorzow.news\/index.php\/wp-json\/wp\/v2\/media?parent=13667"}],"wp:term":[{"taxonomy":"category","embeddable":true,"href":"https:\/\/gorzow.news\/index.php\/wp-json\/wp\/v2\/categories?post=13667"},{"taxonomy":"post_tag","embeddable":true,"href":"https:\/\/gorzow.news\/index.php\/wp-json\/wp\/v2\/tags?post=13667"}],"curies":[{"name":"wp","href":"https:\/\/api.w.org\/{rel}","templated":true}]}}