{"id":13466,"date":"2023-07-18T10:25:35","date_gmt":"2023-07-18T08:25:35","guid":{"rendered":"https:\/\/gorzow.news\/?p=13466"},"modified":"2023-07-18T17:56:23","modified_gmt":"2023-07-18T15:56:23","slug":"park-handlowy-niepodleglosci-ukonczony-jest-data-otwarcia-dealz-jest-tez-ostatni-najemca-zdjecia","status":"publish","type":"post","link":"https:\/\/gorzow.news\/index.php\/2023\/07\/18\/park-handlowy-niepodleglosci-ukonczony-jest-data-otwarcia-dealz-jest-tez-ostatni-najemca-zdjecia\/","title":{"rendered":"Park Handlowy Niepodleg\u0142o\u015bci uko\u0144czony! Jest data otwarcia Dealz. Jest te\u017c ostatni najemca! (zdj\u0119cia)"},"content":{"rendered":"\n<p><strong>Po roku od momentu rozpocz\u0119cia pierwszych prac przy budowie parku handlowego przy ul. Niepodleg\u0142o\u015bci wraz z dyskontem Biedronka inwestycja dobieg\u0142a ko\u0144ca. Ca\u0142\u0105 powierzchni\u0119 handlow\u0105 uda\u0142o si\u0119 ju\u017c w\u0142a\u015bcicielom wynaj\u0105\u0107. Jeszcze w tym tygodniu czwarty sklep w mie\u015bcie otworzy tutaj Dealz.<\/strong><\/p>\n\n\n\n<p>Inwestycja ruszy\u0142a w czerwcu ubieg\u0142ego roku i prowadzona by\u0142a w miejscu by\u0142ych ogr\u00f3dk\u00f3w dzia\u0142kowych, tu\u017c obok sklepu meblowego Bodzio na dw\u00f3ch dzia\u0142kach o numerach 806\/3 i 2274\/2 i \u0142\u0105cznej powierzchni 9.800 mkw. Obiekt sk\u0142ada si\u0119 z dw\u00f3ch pawilon\u00f3w usytuowanych w kszta\u0142cie litery L. W pierwszym skierowanym wej\u015bciem do ul. Niepodleg\u0142o\u015bci 31 grudnia ubieg\u0142ego roku zosta\u0142a otwarta Biedronka. Przez kolejne miesi\u0105ce trwa\u0142y prace wyko\u0144czeniowe w drugim obiekcie, kt\u00f3ry zosta\u0142 podzielony na cztery sklepy. Ju\u017c blisko miesi\u0105c temu sw\u00f3j punkt otworzy\u0142 tutaj Totalizator Sportowy. Kolejne otwarcie zaplanowane jest na 20 lipca, tj. w ten czwartek o godz. 9:00. Wtedy pierwsze zakupy b\u0119dzie mo\u017cna zrobi\u0107 w Dealz (b\u0119dzie to czwarty sklep tej sieci w mie\u015bcie, pozosta\u0142e zlokalizowane s\u0105 w N-Parku, Galerii Askana i Vendo Parku). Op\u00f3\u017ania si\u0119 otwarcie salonu KiK, ten mia\u0142 zaprosi\u0107 klient\u00f3w jeszcze wiosn\u0105. Wiadomo ju\u017c te\u017c, \u017ce ostatnim najemc\u0105 b\u0119dzie Pepco. Lokal na potrzeby tego najemcy zosta\u0142 uko\u0144czony w ostatnich dniach.<\/p>\n\n\n\n<p><strong>Park Handlowy Niepodleg\u0142o\u015bci ostateczna lista najemc\u00f3w:<\/strong><br>Biedronka, KiK, Totalizator Sportowy, Dealz i Pepco<\/p>\n\n\n\r\n                <style type=\"text\/css\">\r\n                    \r\n                    #tdi_1  .td-doubleSlider-2 .td-item1 {\r\n                        background: url(https:\/\/gorzow.news\/wp-content\/uploads\/2023\/07\/IMG_20230717_191528.jpg) 0 0 no-repeat;\r\n                    }\r\n                    #tdi_1  .td-doubleSlider-2 .td-item2 {\r\n                        background: url(https:\/\/gorzow.news\/wp-content\/uploads\/2023\/07\/IMG_20230717_191441.jpg) 0 0 no-repeat;\r\n                    }\r\n                    #tdi_1  .td-doubleSlider-2 .td-item3 {\r\n                        background: url(https:\/\/gorzow.news\/wp-content\/uploads\/2023\/07\/IMG_20230717_191433.jpg) 0 0 no-repeat;\r\n                    }\r\n                    #tdi_1  .td-doubleSlider-2 .td-item4 {\r\n                        background: url(https:\/\/gorzow.news\/wp-content\/uploads\/2023\/07\/IMG_20230717_191246.jpg) 0 0 no-repeat;\r\n                    }\r\n                    #tdi_1  .td-doubleSlider-2 .td-item5 {\r\n                        background: url(https:\/\/gorzow.news\/wp-content\/uploads\/2023\/07\/IMG_20230717_191235.jpg) 0 0 no-repeat;\r\n                    }\r\n                    #tdi_1  .td-doubleSlider-2 .td-item6 {\r\n                        background: url(https:\/\/gorzow.news\/wp-content\/uploads\/2023\/07\/IMG_20230717_191145.jpg) 0 0 no-repeat;\r\n                    }\r\n                <\/style>\r\n\r\n                <div id=\"tdi_1\" class=\"td-gallery td-slide-on-2-columns\">\r\n                    <div class=\"post_td_gallery\">\r\n                        <div class=\"td-gallery-slide-top\">\r\n                           <div class=\"td-gallery-title\">Parh Handlowy Niepodleg\u0142o\u015bci - lipiec 2023 r.<\/div>\r\n\r\n                            <div class=\"td-gallery-controls-wrapper\">\r\n                                <div class=\"td-gallery-slide-count\"><span class=\"td-gallery-slide-item-focus\">1<\/span> z 6<\/div>\r\n                                <div class=\"td-gallery-slide-prev-next-but\">\r\n                                    <i class = \"td-icon-left doubleSliderPrevButton\"><\/i>\r\n                                    <i class = \"td-icon-right doubleSliderNextButton\"><\/i>\r\n                                <\/div>\r\n                            <\/div>\r\n                        <\/div>\r\n\r\n                        <div class = \"td-doubleSlider-1 \">\r\n                            <div class = \"td-slider\">\r\n                                \r\n                    <div class = \"td-slide-item td-item1\">\r\n                        <figure class=\"td-slide-galery-figure td-slide-popup-gallery\">\r\n                            <a class=\"slide-gallery-image-link\" href=\"https:\/\/gorzow.news\/wp-content\/uploads\/2023\/07\/IMG_20230717_191528.jpg\" title=\"\"  data-caption=\"\"  data-description=\"\">\r\n                                <img decoding=\"async\" src=\"https:\/\/gorzow.news\/wp-content\/uploads\/2023\/07\/IMG_20230717_191528.jpg\" srcset=\"https:\/\/gorzow.news\/wp-content\/uploads\/2023\/07\/IMG_20230717_191528.jpg 1600w, https:\/\/gorzow.news\/wp-content\/uploads\/2023\/07\/IMG_20230717_191528-300x142.jpg 300w, https:\/\/gorzow.news\/wp-content\/uploads\/2023\/07\/IMG_20230717_191528-1024x484.jpg 1024w, https:\/\/gorzow.news\/wp-content\/uploads\/2023\/07\/IMG_20230717_191528-768x363.jpg 768w, https:\/\/gorzow.news\/wp-content\/uploads\/2023\/07\/IMG_20230717_191528-1536x727.jpg 1536w, https:\/\/gorzow.news\/wp-content\/uploads\/2023\/07\/IMG_20230717_191528-696x329.jpg 696w, https:\/\/gorzow.news\/wp-content\/uploads\/2023\/07\/IMG_20230717_191528-1068x505.jpg 1068w\" sizes=\"(max-width: 1600px) 100vw, 1600px\" alt=\"\">\r\n                            <\/a>\r\n                            \r\n                        <\/figure>\r\n                    <\/div>\r\n                    <div class = \"td-slide-item td-item2\">\r\n                        <figure class=\"td-slide-galery-figure td-slide-popup-gallery\">\r\n                            <a class=\"slide-gallery-image-link\" href=\"https:\/\/gorzow.news\/wp-content\/uploads\/2023\/07\/IMG_20230717_191441.jpg\" title=\"\"  data-caption=\"\"  data-description=\"\">\r\n                                <img decoding=\"async\" src=\"https:\/\/gorzow.news\/wp-content\/uploads\/2023\/07\/IMG_20230717_191441.jpg\" srcset=\"https:\/\/gorzow.news\/wp-content\/uploads\/2023\/07\/IMG_20230717_191441.jpg 1600w, https:\/\/gorzow.news\/wp-content\/uploads\/2023\/07\/IMG_20230717_191441-300x142.jpg 300w, https:\/\/gorzow.news\/wp-content\/uploads\/2023\/07\/IMG_20230717_191441-1024x484.jpg 1024w, https:\/\/gorzow.news\/wp-content\/uploads\/2023\/07\/IMG_20230717_191441-768x363.jpg 768w, https:\/\/gorzow.news\/wp-content\/uploads\/2023\/07\/IMG_20230717_191441-1536x727.jpg 1536w, https:\/\/gorzow.news\/wp-content\/uploads\/2023\/07\/IMG_20230717_191441-696x329.jpg 696w, https:\/\/gorzow.news\/wp-content\/uploads\/2023\/07\/IMG_20230717_191441-1068x505.jpg 1068w\" sizes=\"(max-width: 1600px) 100vw, 1600px\" alt=\"\">\r\n                            <\/a>\r\n                            \r\n                        <\/figure>\r\n                    <\/div>\r\n                    <div class = \"td-slide-item td-item3\">\r\n                        <figure class=\"td-slide-galery-figure td-slide-popup-gallery\">\r\n                            <a class=\"slide-gallery-image-link\" href=\"https:\/\/gorzow.news\/wp-content\/uploads\/2023\/07\/IMG_20230717_191433.jpg\" title=\"\"  data-caption=\"\"  data-description=\"\">\r\n                                <img decoding=\"async\" src=\"https:\/\/gorzow.news\/wp-content\/uploads\/2023\/07\/IMG_20230717_191433.jpg\" srcset=\"https:\/\/gorzow.news\/wp-content\/uploads\/2023\/07\/IMG_20230717_191433.jpg 1600w, https:\/\/gorzow.news\/wp-content\/uploads\/2023\/07\/IMG_20230717_191433-300x142.jpg 300w, https:\/\/gorzow.news\/wp-content\/uploads\/2023\/07\/IMG_20230717_191433-1024x484.jpg 1024w, https:\/\/gorzow.news\/wp-content\/uploads\/2023\/07\/IMG_20230717_191433-768x363.jpg 768w, https:\/\/gorzow.news\/wp-content\/uploads\/2023\/07\/IMG_20230717_191433-1536x727.jpg 1536w, https:\/\/gorzow.news\/wp-content\/uploads\/2023\/07\/IMG_20230717_191433-696x329.jpg 696w, https:\/\/gorzow.news\/wp-content\/uploads\/2023\/07\/IMG_20230717_191433-1068x505.jpg 1068w\" sizes=\"(max-width: 1600px) 100vw, 1600px\" alt=\"\">\r\n                            <\/a>\r\n                            \r\n                        <\/figure>\r\n                    <\/div>\r\n                    <div class = \"td-slide-item td-item4\">\r\n                        <figure class=\"td-slide-galery-figure td-slide-popup-gallery\">\r\n                            <a class=\"slide-gallery-image-link\" href=\"https:\/\/gorzow.news\/wp-content\/uploads\/2023\/07\/IMG_20230717_191246.jpg\" title=\"\"  data-caption=\"\"  data-description=\"\">\r\n                                <img decoding=\"async\" src=\"https:\/\/gorzow.news\/wp-content\/uploads\/2023\/07\/IMG_20230717_191246.jpg\" srcset=\"https:\/\/gorzow.news\/wp-content\/uploads\/2023\/07\/IMG_20230717_191246.jpg 1600w, https:\/\/gorzow.news\/wp-content\/uploads\/2023\/07\/IMG_20230717_191246-300x142.jpg 300w, https:\/\/gorzow.news\/wp-content\/uploads\/2023\/07\/IMG_20230717_191246-1024x484.jpg 1024w, https:\/\/gorzow.news\/wp-content\/uploads\/2023\/07\/IMG_20230717_191246-768x363.jpg 768w, https:\/\/gorzow.news\/wp-content\/uploads\/2023\/07\/IMG_20230717_191246-1536x727.jpg 1536w, https:\/\/gorzow.news\/wp-content\/uploads\/2023\/07\/IMG_20230717_191246-696x329.jpg 696w, https:\/\/gorzow.news\/wp-content\/uploads\/2023\/07\/IMG_20230717_191246-1068x505.jpg 1068w\" sizes=\"(max-width: 1600px) 100vw, 1600px\" alt=\"\">\r\n                            <\/a>\r\n                            \r\n                        <\/figure>\r\n                    <\/div>\r\n                    <div class = \"td-slide-item td-item5\">\r\n                        <figure class=\"td-slide-galery-figure td-slide-popup-gallery\">\r\n                            <a class=\"slide-gallery-image-link\" href=\"https:\/\/gorzow.news\/wp-content\/uploads\/2023\/07\/IMG_20230717_191235.jpg\" title=\"\"  data-caption=\"\"  data-description=\"\">\r\n                                <img decoding=\"async\" src=\"https:\/\/gorzow.news\/wp-content\/uploads\/2023\/07\/IMG_20230717_191235.jpg\" srcset=\"https:\/\/gorzow.news\/wp-content\/uploads\/2023\/07\/IMG_20230717_191235.jpg 1600w, https:\/\/gorzow.news\/wp-content\/uploads\/2023\/07\/IMG_20230717_191235-300x142.jpg 300w, https:\/\/gorzow.news\/wp-content\/uploads\/2023\/07\/IMG_20230717_191235-1024x484.jpg 1024w, https:\/\/gorzow.news\/wp-content\/uploads\/2023\/07\/IMG_20230717_191235-768x363.jpg 768w, https:\/\/gorzow.news\/wp-content\/uploads\/2023\/07\/IMG_20230717_191235-1536x727.jpg 1536w, https:\/\/gorzow.news\/wp-content\/uploads\/2023\/07\/IMG_20230717_191235-696x329.jpg 696w, https:\/\/gorzow.news\/wp-content\/uploads\/2023\/07\/IMG_20230717_191235-1068x505.jpg 1068w\" sizes=\"(max-width: 1600px) 100vw, 1600px\" alt=\"\">\r\n                            <\/a>\r\n                            \r\n                        <\/figure>\r\n                    <\/div>\r\n                    <div class = \"td-slide-item td-item6\">\r\n                        <figure class=\"td-slide-galery-figure td-slide-popup-gallery\">\r\n                            <a class=\"slide-gallery-image-link\" href=\"https:\/\/gorzow.news\/wp-content\/uploads\/2023\/07\/IMG_20230717_191145.jpg\" title=\"\"  data-caption=\"\"  data-description=\"\">\r\n                                <img decoding=\"async\" src=\"https:\/\/gorzow.news\/wp-content\/uploads\/2023\/07\/IMG_20230717_191145.jpg\" srcset=\"https:\/\/gorzow.news\/wp-content\/uploads\/2023\/07\/IMG_20230717_191145.jpg 1600w, https:\/\/gorzow.news\/wp-content\/uploads\/2023\/07\/IMG_20230717_191145-300x142.jpg 300w, https:\/\/gorzow.news\/wp-content\/uploads\/2023\/07\/IMG_20230717_191145-1024x484.jpg 1024w, https:\/\/gorzow.news\/wp-content\/uploads\/2023\/07\/IMG_20230717_191145-768x363.jpg 768w, https:\/\/gorzow.news\/wp-content\/uploads\/2023\/07\/IMG_20230717_191145-1536x727.jpg 1536w, https:\/\/gorzow.news\/wp-content\/uploads\/2023\/07\/IMG_20230717_191145-696x329.jpg 696w, https:\/\/gorzow.news\/wp-content\/uploads\/2023\/07\/IMG_20230717_191145-1068x505.jpg 1068w\" sizes=\"(max-width: 1600px) 100vw, 1600px\" alt=\"\">\r\n                            <\/a>\r\n                            \r\n                        <\/figure>\r\n                    <\/div>\r\n                            <\/div>\r\n                        <\/div>\r\n\r\n                        <div class = \"td-doubleSlider-2\">\r\n                            <div class = \"td-slider\">\r\n                                \r\n                    <div class = \"td-button td-item1\">\r\n                        <div class = \"td-border\"><\/div>\r\n                    <\/div>\r\n                    <div class = \"td-button td-item2\">\r\n                        <div class = \"td-border\"><\/div>\r\n                    <\/div>\r\n                    <div class = \"td-button td-item3\">\r\n                        <div class = \"td-border\"><\/div>\r\n                    <\/div>\r\n                    <div class = \"td-button td-item4\">\r\n                        <div class = \"td-border\"><\/div>\r\n                    <\/div>\r\n                    <div class = \"td-button td-item5\">\r\n                        <div class = \"td-border\"><\/div>\r\n                    <\/div>\r\n                    <div class = \"td-button td-item6\">\r\n                        <div class = \"td-border\"><\/div>\r\n                    <\/div>\r\n                            <\/div>\r\n                        <\/div>\r\n\r\n                    <\/div>\r\n\r\n                <\/div>\r\n                \n\n\n<p><strong>O inwestycji pisali\u015bmy od momentu wbicia pierwszej \u0142opaty:<\/strong><br>&#8211; <a href=\"https:\/\/gorzow.news\/index.php\/2023\/02\/09\/jest-kolejny-najemca-w-ph-niepodleglosci-to-brytyjska-sieciowka-zdjecia\/\">Jest kolejny najemca w PH Niepodleg\u0142o\u015bci! To brytyjska sieci\u00f3wka! (zdj\u0119cia)<\/a><br>&#8211; <a href=\"https:\/\/gorzow.news\/index.php\/2022\/12\/31\/biedronka-przy-niepodleglosci-juz-otwarta-budowa-parku-handlowego-trwa-zdjecia\/\">Biedronka przy Niepodleg\u0142o\u015bci ju\u017c otwarta! Budowa parku handlowego trwa! (zdj\u0119cia)<\/a><br>&#8211; <a href=\"https:\/\/gorzow.news\/index.php\/2022\/12\/20\/kiedy-otwarcie-parku-handlowego-niepodleglosci-zdjecia\/\">Kiedy otwarcie parku handlowego Niepodleg\u0142o\u015bci? (zdj\u0119cia)<\/a><br>&#8211; <a href=\"https:\/\/gorzow.news\/index.php\/2022\/10\/03\/park-handlowy-niepodleglosci-sa-pierwsi-najemcy\/\">Park handlowy Niepodleg\u0142o\u015bci: S\u0105 pierwsi najemcy!<\/a><br>&#8211; <a href=\"https:\/\/gorzow.news\/index.php\/2022\/09\/12\/park-handlowy-przy-niepodleglosci-pnie-sie-do-gory-zdjecia\/\">Park handlowy przy Niepodleg\u0142o\u015bci pnie si\u0119 do g\u00f3ry (zdj\u0119cia)<\/a><br>&#8211; <a href=\"https:\/\/gorzow.news\/index.php\/2022\/07\/20\/wiemy-jak-bedzie-wygladal-park-handlowy-z-biedronka-przy-niepodleglosci-wizualizacje-zdjecia\/\">Wiemy, jak b\u0119dzie wygl\u0105da\u0142 park handlowy z Biedronk\u0105 przy Niepodleg\u0142o\u015bci! (wizualizacje, zdj\u0119cia)<\/a><br>&#8211; <a href=\"https:\/\/gorzow.news\/index.php\/2022\/06\/30\/przy-niepodleglosci-ruszyla-budowa-biedronki-wraz-z-pasazem-handlowym-zdjecia\/\">Przy Niepodleg\u0142o\u015bci ruszy\u0142a budowa Biedronki wraz z pasa\u017cem handlowym! (zdj\u0119cia)<\/a><\/p>\n","protected":false},"excerpt":{"rendered":"<p>Po roku od momentu rozpocz\u0119cia pierwszych prac przy budowie parku handlowego przy ul. Niepodleg\u0142o\u015bci wraz z dyskontem Biedronka inwestycja dobieg\u0142a ko\u0144ca. Ca\u0142\u0105 powierzchni\u0119 handlow\u0105 uda\u0142o si\u0119 ju\u017c w\u0142a\u015bcicielom wynaj\u0105\u0107. Jeszcze w tym tygodniu czwarty sklep w mie\u015bcie otworzy tutaj Dealz.<\/p>\n","protected":false},"author":1,"featured_media":13473,"comment_status":"open","ping_status":"open","sticky":false,"template":"","format":"standard","meta":{"footnotes":"","_links_to":"","_links_to_target":""},"categories":[2016,1624,589,2020],"tags":[127,646,130,857,110,129,1730],"class_list":{"0":"post-13466","1":"post","2":"type-post","3":"status-publish","4":"format-standard","5":"has-post-thumbnail","7":"category-gorczyn","8":"category-inwestycje-handlowe","9":"category-wiadomosci","10":"category-zakupy","11":"tag-biedronka","12":"tag-dealz","13":"tag-kik","14":"tag-niepodleglosci","15":"tag-park-handlowy","16":"tag-pepco","17":"tag-totalizator-sportowy"},"yoast_head":"<!-- This site is optimized with the Yoast SEO plugin v27.3 - https:\/\/yoast.com\/product\/yoast-seo-wordpress\/ -->\n<title>Park Handlowy Niepodleg\u0142o\u015bci uko\u0144czony! Jest data otwarcia Dealz. Jest te\u017c ostatni najemca! (zdj\u0119cia) - Gorz\u00f3w News<\/title>\n<meta name=\"description\" content=\"Po roku od momentu rozpocz\u0119cia pierwszych prac przy budowie parku handlowego przy ul. Niepodleg\u0142o\u015bci wraz z dyskontem Biedronka inwestycja dobieg\u0142\" \/>\n<meta name=\"robots\" content=\"index, follow, max-snippet:-1, max-image-preview:large, max-video-preview:-1\" \/>\n<link rel=\"canonical\" href=\"https:\/\/gorzow.news\/index.php\/2023\/07\/18\/park-handlowy-niepodleglosci-ukonczony-jest-data-otwarcia-dealz-jest-tez-ostatni-najemca-zdjecia\/\" \/>\n<meta property=\"og:locale\" content=\"pl_PL\" \/>\n<meta property=\"og:type\" content=\"article\" \/>\n<meta property=\"og:title\" content=\"Park Handlowy Niepodleg\u0142o\u015bci uko\u0144czony! Jest data otwarcia Dealz. Jest te\u017c ostatni najemca! (zdj\u0119cia) - Gorz\u00f3w News\" \/>\n<meta property=\"og:description\" content=\"Po roku od momentu rozpocz\u0119cia pierwszych prac przy budowie parku handlowego przy ul. Niepodleg\u0142o\u015bci wraz z dyskontem Biedronka inwestycja dobieg\u0142\" \/>\n<meta property=\"og:url\" content=\"https:\/\/gorzow.news\/index.php\/2023\/07\/18\/park-handlowy-niepodleglosci-ukonczony-jest-data-otwarcia-dealz-jest-tez-ostatni-najemca-zdjecia\/\" \/>\n<meta property=\"og:site_name\" content=\"Gorz\u00f3w News\" \/>\n<meta property=\"article:publisher\" content=\"https:\/\/www.facebook.com\/gorzowskinews\" \/>\n<meta property=\"article:published_time\" content=\"2023-07-18T08:25:35+00:00\" \/>\n<meta property=\"article:modified_time\" content=\"2023-07-18T15:56:23+00:00\" \/>\n<meta property=\"og:image\" content=\"https:\/\/gorzow.news\/wp-content\/uploads\/2023\/07\/IMG_20230717_191235-1.jpg\" \/>\n\t<meta property=\"og:image:width\" content=\"1600\" \/>\n\t<meta property=\"og:image:height\" content=\"757\" \/>\n\t<meta property=\"og:image:type\" content=\"image\/jpeg\" \/>\n<meta name=\"author\" content=\"maciej\" \/>\n<meta name=\"twitter:card\" content=\"summary_large_image\" \/>\n<meta name=\"twitter:label1\" content=\"Napisane przez\" \/>\n\t<meta name=\"twitter:data1\" content=\"maciej\" \/>\n\t<meta name=\"twitter:label2\" content=\"Szacowany czas czytania\" \/>\n\t<meta name=\"twitter:data2\" content=\"2 minuty\" \/>\n<script type=\"application\/ld+json\" class=\"yoast-schema-graph\">{\"@context\":\"https:\\\/\\\/schema.org\",\"@graph\":[{\"@type\":\"Article\",\"@id\":\"https:\\\/\\\/gorzow.news\\\/index.php\\\/2023\\\/07\\\/18\\\/park-handlowy-niepodleglosci-ukonczony-jest-data-otwarcia-dealz-jest-tez-ostatni-najemca-zdjecia\\\/#article\",\"isPartOf\":{\"@id\":\"https:\\\/\\\/gorzow.news\\\/index.php\\\/2023\\\/07\\\/18\\\/park-handlowy-niepodleglosci-ukonczony-jest-data-otwarcia-dealz-jest-tez-ostatni-najemca-zdjecia\\\/\"},\"author\":{\"name\":\"maciej\",\"@id\":\"https:\\\/\\\/gorzow.news\\\/#\\\/schema\\\/person\\\/a1e5ab43166369f2ce236a1cd90995bb\"},\"headline\":\"Park Handlowy Niepodleg\u0142o\u015bci uko\u0144czony! Jest data otwarcia Dealz. Jest te\u017c ostatni najemca! (zdj\u0119cia)\",\"datePublished\":\"2023-07-18T08:25:35+00:00\",\"dateModified\":\"2023-07-18T15:56:23+00:00\",\"mainEntityOfPage\":{\"@id\":\"https:\\\/\\\/gorzow.news\\\/index.php\\\/2023\\\/07\\\/18\\\/park-handlowy-niepodleglosci-ukonczony-jest-data-otwarcia-dealz-jest-tez-ostatni-najemca-zdjecia\\\/\"},\"wordCount\":384,\"commentCount\":1,\"image\":{\"@id\":\"https:\\\/\\\/gorzow.news\\\/index.php\\\/2023\\\/07\\\/18\\\/park-handlowy-niepodleglosci-ukonczony-jest-data-otwarcia-dealz-jest-tez-ostatni-najemca-zdjecia\\\/#primaryimage\"},\"thumbnailUrl\":\"https:\\\/\\\/gorzow.news\\\/wp-content\\\/uploads\\\/2023\\\/07\\\/IMG_20230717_191235-1.jpg\",\"keywords\":[\"Biedronka\",\"Dealz\",\"KiK\",\"Niepodleg\u0142o\u015bci\",\"park handlowy\",\"Pepco\",\"Totalizator Sportowy\"],\"articleSection\":[\"G\u00f3rczyn\",\"Inwestycje handlowe\",\"Wiadomo\u015bci\",\"Zakupy\"],\"inLanguage\":\"pl-PL\",\"potentialAction\":[{\"@type\":\"CommentAction\",\"name\":\"Comment\",\"target\":[\"https:\\\/\\\/gorzow.news\\\/index.php\\\/2023\\\/07\\\/18\\\/park-handlowy-niepodleglosci-ukonczony-jest-data-otwarcia-dealz-jest-tez-ostatni-najemca-zdjecia\\\/#respond\"]}]},{\"@type\":\"WebPage\",\"@id\":\"https:\\\/\\\/gorzow.news\\\/index.php\\\/2023\\\/07\\\/18\\\/park-handlowy-niepodleglosci-ukonczony-jest-data-otwarcia-dealz-jest-tez-ostatni-najemca-zdjecia\\\/\",\"url\":\"https:\\\/\\\/gorzow.news\\\/index.php\\\/2023\\\/07\\\/18\\\/park-handlowy-niepodleglosci-ukonczony-jest-data-otwarcia-dealz-jest-tez-ostatni-najemca-zdjecia\\\/\",\"name\":\"Park Handlowy Niepodleg\u0142o\u015bci uko\u0144czony! Jest data otwarcia Dealz. Jest te\u017c ostatni najemca! (zdj\u0119cia) - Gorz\u00f3w News\",\"isPartOf\":{\"@id\":\"https:\\\/\\\/gorzow.news\\\/#website\"},\"primaryImageOfPage\":{\"@id\":\"https:\\\/\\\/gorzow.news\\\/index.php\\\/2023\\\/07\\\/18\\\/park-handlowy-niepodleglosci-ukonczony-jest-data-otwarcia-dealz-jest-tez-ostatni-najemca-zdjecia\\\/#primaryimage\"},\"image\":{\"@id\":\"https:\\\/\\\/gorzow.news\\\/index.php\\\/2023\\\/07\\\/18\\\/park-handlowy-niepodleglosci-ukonczony-jest-data-otwarcia-dealz-jest-tez-ostatni-najemca-zdjecia\\\/#primaryimage\"},\"thumbnailUrl\":\"https:\\\/\\\/gorzow.news\\\/wp-content\\\/uploads\\\/2023\\\/07\\\/IMG_20230717_191235-1.jpg\",\"datePublished\":\"2023-07-18T08:25:35+00:00\",\"dateModified\":\"2023-07-18T15:56:23+00:00\",\"author\":{\"@id\":\"https:\\\/\\\/gorzow.news\\\/#\\\/schema\\\/person\\\/a1e5ab43166369f2ce236a1cd90995bb\"},\"description\":\"Po roku od momentu rozpocz\u0119cia pierwszych prac przy budowie parku handlowego przy ul. Niepodleg\u0142o\u015bci wraz z dyskontem Biedronka inwestycja dobieg\u0142a ko\u0144ca. Ca\u0142\u0105 powierzchni\u0119 handlow\u0105 uda\u0142o si\u0119 ju\u017c w\u0142a\u015bcicielom wynaj\u0105\u0107. Jeszcze w tym tygodniu czwarty sklep w mie\u015bcie otworzy tutaj Dealz.\",\"breadcrumb\":{\"@id\":\"https:\\\/\\\/gorzow.news\\\/index.php\\\/2023\\\/07\\\/18\\\/park-handlowy-niepodleglosci-ukonczony-jest-data-otwarcia-dealz-jest-tez-ostatni-najemca-zdjecia\\\/#breadcrumb\"},\"inLanguage\":\"pl-PL\",\"potentialAction\":[{\"@type\":\"ReadAction\",\"target\":[\"https:\\\/\\\/gorzow.news\\\/index.php\\\/2023\\\/07\\\/18\\\/park-handlowy-niepodleglosci-ukonczony-jest-data-otwarcia-dealz-jest-tez-ostatni-najemca-zdjecia\\\/\"]}]},{\"@type\":\"ImageObject\",\"inLanguage\":\"pl-PL\",\"@id\":\"https:\\\/\\\/gorzow.news\\\/index.php\\\/2023\\\/07\\\/18\\\/park-handlowy-niepodleglosci-ukonczony-jest-data-otwarcia-dealz-jest-tez-ostatni-najemca-zdjecia\\\/#primaryimage\",\"url\":\"https:\\\/\\\/gorzow.news\\\/wp-content\\\/uploads\\\/2023\\\/07\\\/IMG_20230717_191235-1.jpg\",\"contentUrl\":\"https:\\\/\\\/gorzow.news\\\/wp-content\\\/uploads\\\/2023\\\/07\\\/IMG_20230717_191235-1.jpg\",\"width\":1600,\"height\":757,\"caption\":\"Dealz w parku handlowym przy ul. Niepodleg\u0142o\u015bci, to ju\u017c czwarty sklep tej sieci w mie\u015bcie.\"},{\"@type\":\"BreadcrumbList\",\"@id\":\"https:\\\/\\\/gorzow.news\\\/index.php\\\/2023\\\/07\\\/18\\\/park-handlowy-niepodleglosci-ukonczony-jest-data-otwarcia-dealz-jest-tez-ostatni-najemca-zdjecia\\\/#breadcrumb\",\"itemListElement\":[{\"@type\":\"ListItem\",\"position\":1,\"name\":\"Home\",\"item\":\"https:\\\/\\\/gorzow.news\\\/\"},{\"@type\":\"ListItem\",\"position\":2,\"name\":\"Park Handlowy Niepodleg\u0142o\u015bci uko\u0144czony! Jest data otwarcia Dealz. Jest te\u017c ostatni najemca! (zdj\u0119cia)\"}]},{\"@type\":\"WebSite\",\"@id\":\"https:\\\/\\\/gorzow.news\\\/#website\",\"url\":\"https:\\\/\\\/gorzow.news\\\/\",\"name\":\"Gorz\u00f3w News\",\"description\":\"Sp\u00f3jrz inaczej na miato i region...\",\"potentialAction\":[{\"@type\":\"SearchAction\",\"target\":{\"@type\":\"EntryPoint\",\"urlTemplate\":\"https:\\\/\\\/gorzow.news\\\/?s={search_term_string}\"},\"query-input\":{\"@type\":\"PropertyValueSpecification\",\"valueRequired\":true,\"valueName\":\"search_term_string\"}}],\"inLanguage\":\"pl-PL\"},{\"@type\":\"Person\",\"@id\":\"https:\\\/\\\/gorzow.news\\\/#\\\/schema\\\/person\\\/a1e5ab43166369f2ce236a1cd90995bb\",\"name\":\"maciej\",\"image\":{\"@type\":\"ImageObject\",\"inLanguage\":\"pl-PL\",\"@id\":\"https:\\\/\\\/secure.gravatar.com\\\/avatar\\\/530a674d56ba60cfa0ef21d74e8e8d123a51bb7aa6580465b5c2ab2c2e980a19?s=96&r=g&d=https:\\\/\\\/gorzow.news\\\/wp-content\\\/plugins\\\/userswp\\\/assets\\\/images\\\/no_profile.png\",\"url\":\"https:\\\/\\\/secure.gravatar.com\\\/avatar\\\/530a674d56ba60cfa0ef21d74e8e8d123a51bb7aa6580465b5c2ab2c2e980a19?s=96&r=g&d=https:\\\/\\\/gorzow.news\\\/wp-content\\\/plugins\\\/userswp\\\/assets\\\/images\\\/no_profile.png\",\"contentUrl\":\"https:\\\/\\\/secure.gravatar.com\\\/avatar\\\/530a674d56ba60cfa0ef21d74e8e8d123a51bb7aa6580465b5c2ab2c2e980a19?s=96&r=g&d=https:\\\/\\\/gorzow.news\\\/wp-content\\\/plugins\\\/userswp\\\/assets\\\/images\\\/no_profile.png\",\"caption\":\"maciej\"},\"url\":\"https:\\\/\\\/gorzow.news\\\/index.php\\\/profile\\\/maciej\\\/\"}]}<\/script>\n<!-- \/ Yoast SEO plugin. -->","yoast_head_json":{"title":"Park Handlowy Niepodleg\u0142o\u015bci uko\u0144czony! Jest data otwarcia Dealz. Jest te\u017c ostatni najemca! (zdj\u0119cia) - Gorz\u00f3w News","description":"Po roku od momentu rozpocz\u0119cia pierwszych prac przy budowie parku handlowego przy ul. Niepodleg\u0142o\u015bci wraz z dyskontem Biedronka inwestycja dobieg\u0142","robots":{"index":"index","follow":"follow","max-snippet":"max-snippet:-1","max-image-preview":"max-image-preview:large","max-video-preview":"max-video-preview:-1"},"canonical":"https:\/\/gorzow.news\/index.php\/2023\/07\/18\/park-handlowy-niepodleglosci-ukonczony-jest-data-otwarcia-dealz-jest-tez-ostatni-najemca-zdjecia\/","og_locale":"pl_PL","og_type":"article","og_title":"Park Handlowy Niepodleg\u0142o\u015bci uko\u0144czony! Jest data otwarcia Dealz. Jest te\u017c ostatni najemca! (zdj\u0119cia) - Gorz\u00f3w News","og_description":"Po roku od momentu rozpocz\u0119cia pierwszych prac przy budowie parku handlowego przy ul. Niepodleg\u0142o\u015bci wraz z dyskontem Biedronka inwestycja dobieg\u0142","og_url":"https:\/\/gorzow.news\/index.php\/2023\/07\/18\/park-handlowy-niepodleglosci-ukonczony-jest-data-otwarcia-dealz-jest-tez-ostatni-najemca-zdjecia\/","og_site_name":"Gorz\u00f3w News","article_publisher":"https:\/\/www.facebook.com\/gorzowskinews","article_published_time":"2023-07-18T08:25:35+00:00","article_modified_time":"2023-07-18T15:56:23+00:00","og_image":[{"width":1600,"height":757,"url":"https:\/\/gorzow.news\/wp-content\/uploads\/2023\/07\/IMG_20230717_191235-1.jpg","type":"image\/jpeg"}],"author":"maciej","twitter_card":"summary_large_image","twitter_misc":{"Napisane przez":"maciej","Szacowany czas czytania":"2 minuty"},"schema":{"@context":"https:\/\/schema.org","@graph":[{"@type":"Article","@id":"https:\/\/gorzow.news\/index.php\/2023\/07\/18\/park-handlowy-niepodleglosci-ukonczony-jest-data-otwarcia-dealz-jest-tez-ostatni-najemca-zdjecia\/#article","isPartOf":{"@id":"https:\/\/gorzow.news\/index.php\/2023\/07\/18\/park-handlowy-niepodleglosci-ukonczony-jest-data-otwarcia-dealz-jest-tez-ostatni-najemca-zdjecia\/"},"author":{"name":"maciej","@id":"https:\/\/gorzow.news\/#\/schema\/person\/a1e5ab43166369f2ce236a1cd90995bb"},"headline":"Park Handlowy Niepodleg\u0142o\u015bci uko\u0144czony! Jest data otwarcia Dealz. Jest te\u017c ostatni najemca! (zdj\u0119cia)","datePublished":"2023-07-18T08:25:35+00:00","dateModified":"2023-07-18T15:56:23+00:00","mainEntityOfPage":{"@id":"https:\/\/gorzow.news\/index.php\/2023\/07\/18\/park-handlowy-niepodleglosci-ukonczony-jest-data-otwarcia-dealz-jest-tez-ostatni-najemca-zdjecia\/"},"wordCount":384,"commentCount":1,"image":{"@id":"https:\/\/gorzow.news\/index.php\/2023\/07\/18\/park-handlowy-niepodleglosci-ukonczony-jest-data-otwarcia-dealz-jest-tez-ostatni-najemca-zdjecia\/#primaryimage"},"thumbnailUrl":"https:\/\/gorzow.news\/wp-content\/uploads\/2023\/07\/IMG_20230717_191235-1.jpg","keywords":["Biedronka","Dealz","KiK","Niepodleg\u0142o\u015bci","park handlowy","Pepco","Totalizator Sportowy"],"articleSection":["G\u00f3rczyn","Inwestycje handlowe","Wiadomo\u015bci","Zakupy"],"inLanguage":"pl-PL","potentialAction":[{"@type":"CommentAction","name":"Comment","target":["https:\/\/gorzow.news\/index.php\/2023\/07\/18\/park-handlowy-niepodleglosci-ukonczony-jest-data-otwarcia-dealz-jest-tez-ostatni-najemca-zdjecia\/#respond"]}]},{"@type":"WebPage","@id":"https:\/\/gorzow.news\/index.php\/2023\/07\/18\/park-handlowy-niepodleglosci-ukonczony-jest-data-otwarcia-dealz-jest-tez-ostatni-najemca-zdjecia\/","url":"https:\/\/gorzow.news\/index.php\/2023\/07\/18\/park-handlowy-niepodleglosci-ukonczony-jest-data-otwarcia-dealz-jest-tez-ostatni-najemca-zdjecia\/","name":"Park Handlowy Niepodleg\u0142o\u015bci uko\u0144czony! Jest data otwarcia Dealz. Jest te\u017c ostatni najemca! (zdj\u0119cia) - Gorz\u00f3w News","isPartOf":{"@id":"https:\/\/gorzow.news\/#website"},"primaryImageOfPage":{"@id":"https:\/\/gorzow.news\/index.php\/2023\/07\/18\/park-handlowy-niepodleglosci-ukonczony-jest-data-otwarcia-dealz-jest-tez-ostatni-najemca-zdjecia\/#primaryimage"},"image":{"@id":"https:\/\/gorzow.news\/index.php\/2023\/07\/18\/park-handlowy-niepodleglosci-ukonczony-jest-data-otwarcia-dealz-jest-tez-ostatni-najemca-zdjecia\/#primaryimage"},"thumbnailUrl":"https:\/\/gorzow.news\/wp-content\/uploads\/2023\/07\/IMG_20230717_191235-1.jpg","datePublished":"2023-07-18T08:25:35+00:00","dateModified":"2023-07-18T15:56:23+00:00","author":{"@id":"https:\/\/gorzow.news\/#\/schema\/person\/a1e5ab43166369f2ce236a1cd90995bb"},"description":"Po roku od momentu rozpocz\u0119cia pierwszych prac przy budowie parku handlowego przy ul. Niepodleg\u0142o\u015bci wraz z dyskontem Biedronka inwestycja dobieg\u0142a ko\u0144ca. Ca\u0142\u0105 powierzchni\u0119 handlow\u0105 uda\u0142o si\u0119 ju\u017c w\u0142a\u015bcicielom wynaj\u0105\u0107. Jeszcze w tym tygodniu czwarty sklep w mie\u015bcie otworzy tutaj Dealz.","breadcrumb":{"@id":"https:\/\/gorzow.news\/index.php\/2023\/07\/18\/park-handlowy-niepodleglosci-ukonczony-jest-data-otwarcia-dealz-jest-tez-ostatni-najemca-zdjecia\/#breadcrumb"},"inLanguage":"pl-PL","potentialAction":[{"@type":"ReadAction","target":["https:\/\/gorzow.news\/index.php\/2023\/07\/18\/park-handlowy-niepodleglosci-ukonczony-jest-data-otwarcia-dealz-jest-tez-ostatni-najemca-zdjecia\/"]}]},{"@type":"ImageObject","inLanguage":"pl-PL","@id":"https:\/\/gorzow.news\/index.php\/2023\/07\/18\/park-handlowy-niepodleglosci-ukonczony-jest-data-otwarcia-dealz-jest-tez-ostatni-najemca-zdjecia\/#primaryimage","url":"https:\/\/gorzow.news\/wp-content\/uploads\/2023\/07\/IMG_20230717_191235-1.jpg","contentUrl":"https:\/\/gorzow.news\/wp-content\/uploads\/2023\/07\/IMG_20230717_191235-1.jpg","width":1600,"height":757,"caption":"Dealz w parku handlowym przy ul. Niepodleg\u0142o\u015bci, to ju\u017c czwarty sklep tej sieci w mie\u015bcie."},{"@type":"BreadcrumbList","@id":"https:\/\/gorzow.news\/index.php\/2023\/07\/18\/park-handlowy-niepodleglosci-ukonczony-jest-data-otwarcia-dealz-jest-tez-ostatni-najemca-zdjecia\/#breadcrumb","itemListElement":[{"@type":"ListItem","position":1,"name":"Home","item":"https:\/\/gorzow.news\/"},{"@type":"ListItem","position":2,"name":"Park Handlowy Niepodleg\u0142o\u015bci uko\u0144czony! Jest data otwarcia Dealz. Jest te\u017c ostatni najemca! (zdj\u0119cia)"}]},{"@type":"WebSite","@id":"https:\/\/gorzow.news\/#website","url":"https:\/\/gorzow.news\/","name":"Gorz\u00f3w News","description":"Sp\u00f3jrz inaczej na miato i region...","potentialAction":[{"@type":"SearchAction","target":{"@type":"EntryPoint","urlTemplate":"https:\/\/gorzow.news\/?s={search_term_string}"},"query-input":{"@type":"PropertyValueSpecification","valueRequired":true,"valueName":"search_term_string"}}],"inLanguage":"pl-PL"},{"@type":"Person","@id":"https:\/\/gorzow.news\/#\/schema\/person\/a1e5ab43166369f2ce236a1cd90995bb","name":"maciej","image":{"@type":"ImageObject","inLanguage":"pl-PL","@id":"https:\/\/secure.gravatar.com\/avatar\/530a674d56ba60cfa0ef21d74e8e8d123a51bb7aa6580465b5c2ab2c2e980a19?s=96&r=g&d=https:\/\/gorzow.news\/wp-content\/plugins\/userswp\/assets\/images\/no_profile.png","url":"https:\/\/secure.gravatar.com\/avatar\/530a674d56ba60cfa0ef21d74e8e8d123a51bb7aa6580465b5c2ab2c2e980a19?s=96&r=g&d=https:\/\/gorzow.news\/wp-content\/plugins\/userswp\/assets\/images\/no_profile.png","contentUrl":"https:\/\/secure.gravatar.com\/avatar\/530a674d56ba60cfa0ef21d74e8e8d123a51bb7aa6580465b5c2ab2c2e980a19?s=96&r=g&d=https:\/\/gorzow.news\/wp-content\/plugins\/userswp\/assets\/images\/no_profile.png","caption":"maciej"},"url":"https:\/\/gorzow.news\/index.php\/profile\/maciej\/"}]}},"_links":{"self":[{"href":"https:\/\/gorzow.news\/index.php\/wp-json\/wp\/v2\/posts\/13466","targetHints":{"allow":["GET"]}}],"collection":[{"href":"https:\/\/gorzow.news\/index.php\/wp-json\/wp\/v2\/posts"}],"about":[{"href":"https:\/\/gorzow.news\/index.php\/wp-json\/wp\/v2\/types\/post"}],"author":[{"embeddable":true,"href":"https:\/\/gorzow.news\/index.php\/wp-json\/wp\/v2\/users\/1"}],"replies":[{"embeddable":true,"href":"https:\/\/gorzow.news\/index.php\/wp-json\/wp\/v2\/comments?post=13466"}],"version-history":[{"count":1,"href":"https:\/\/gorzow.news\/index.php\/wp-json\/wp\/v2\/posts\/13466\/revisions"}],"predecessor-version":[{"id":13474,"href":"https:\/\/gorzow.news\/index.php\/wp-json\/wp\/v2\/posts\/13466\/revisions\/13474"}],"wp:featuredmedia":[{"embeddable":true,"href":"https:\/\/gorzow.news\/index.php\/wp-json\/wp\/v2\/media\/13473"}],"wp:attachment":[{"href":"https:\/\/gorzow.news\/index.php\/wp-json\/wp\/v2\/media?parent=13466"}],"wp:term":[{"taxonomy":"category","embeddable":true,"href":"https:\/\/gorzow.news\/index.php\/wp-json\/wp\/v2\/categories?post=13466"},{"taxonomy":"post_tag","embeddable":true,"href":"https:\/\/gorzow.news\/index.php\/wp-json\/wp\/v2\/tags?post=13466"}],"curies":[{"name":"wp","href":"https:\/\/api.w.org\/{rel}","templated":true}]}}