{"id":13462,"date":"2023-07-17T21:44:29","date_gmt":"2023-07-17T19:44:29","guid":{"rendered":"https:\/\/gorzow.news\/?p=13462"},"modified":"2023-07-17T21:44:30","modified_gmt":"2023-07-17T19:44:30","slug":"jest-wykonawca-napisu-i-love-gorzow","status":"publish","type":"post","link":"https:\/\/gorzow.news\/index.php\/2023\/07\/17\/jest-wykonawca-napisu-i-love-gorzow\/","title":{"rendered":"Jest wykonawca napisu &#8222;I love Gorz\u00f3w&#8221;"},"content":{"rendered":"\n<p><strong>Na nadwarcia\u0144skich b\u0142oniach przy ulicy Fabrycznej zostanie postawiony pod\u015bwietlany napis \u201eI love Gorz\u00f3w\u201d. To realizacja inwestycji wybranej przez gorzowian podczas g\u0142osowania nad podzia\u0142em \u015brodk\u00f3w z Bud\u017cetu Obywatelskiego.<\/strong><\/p>\n\n\n\n<p>Napis &#8222;I love Gorz\u00f3w&#8221; ma sk\u0142ada\u0107 si\u0119 z bia\u0142ych liter o wysoko\u015bci 2 metr\u00f3w i b\u0119dzie d\u0142ugi na 18,5 metra. Litery zostan\u0105 wykonane ze stali i pomalowane na kolor bia\u0142y.<\/p>\n\n\n\n<p>Najwi\u0119cej b\u0119dzie kosztowa\u0107 instalacja solarna w kszta\u0142cie drzewa, kt\u00f3ra b\u0119dzie w kilku kolorach o\u015bwietla\u0107 napis i najbli\u017csze otoczenie. Energia do o\u015bwietlenia b\u0119dzie pochodzi\u0107 z zainstalowanych w li\u015bciach paneli fotowoltaicznych i magazynowana w akumulatorach zlokalizowanych w bazie drzewa.<\/p>\n\n\n\n<p>Pr\u0105d z paneli b\u0119dzie mo\u017cna tak\u017ce wykorzysta\u0107 do bezp\u0142atnego \u0142adowania telefon\u00f3w.<\/p>\n\n\n\n<p>Przetarg na instalacj\u0119 napisu z jego o\u015bwietleniem wygra\u0142a firma Uniguard Security System z Trzebini, kt\u00f3ra zaoferowa\u0142a ich wykonanie za 418 tysi\u0119cy 320 z\u0142, mniej o 1 564 z\u0142ote od przewidzianych na ten cel \u015brodk\u00f3w z Bud\u017cetu Obywatelskiego.<\/p>\n","protected":false},"excerpt":{"rendered":"<p>Na nadwarcia\u0144skich b\u0142oniach przy ulicy Fabrycznej zostanie postawiony pod\u015bwietlany napis \u201eI love Gorz\u00f3w\u201d. To realizacja inwestycji wybranej przez gorzowian podczas g\u0142osowania nad podzia\u0142em \u015brodk\u00f3w z Bud\u017cetu Obywatelskiego.<\/p>\n","protected":false},"author":1,"featured_media":13463,"comment_status":"open","ping_status":"open","sticky":false,"template":"","format":"standard","meta":{"footnotes":"","_links_to":"","_links_to_target":""},"categories":[904,589],"tags":[347,419,2269,2270],"class_list":{"0":"post-13462","1":"post","2":"type-post","3":"status-publish","4":"format-standard","5":"has-post-thumbnail","7":"category-w-skrocie","8":"category-wiadomosci","9":"tag-budzet-obywatelski","10":"tag-fabryczna","11":"tag-i-love-gorzow","12":"tag-nadwarcianskie-blonia"},"yoast_head":"<!-- This site is optimized with the Yoast SEO plugin v27.3 - https:\/\/yoast.com\/product\/yoast-seo-wordpress\/ -->\n<title>Jest wykonawca napisu &quot;I love Gorz\u00f3w&quot; - Gorz\u00f3w News<\/title>\n<meta name=\"description\" content=\"Na nadwarcia\u0144skich b\u0142oniach przy ulicy Fabrycznej zostanie postawiony pod\u015bwietlany napis \u201eI love Gorz\u00f3w\u201d. To realizacja inwestycji wybranej pr\" \/>\n<meta name=\"robots\" content=\"index, follow, max-snippet:-1, max-image-preview:large, max-video-preview:-1\" \/>\n<link rel=\"canonical\" href=\"https:\/\/gorzow.news\/index.php\/2023\/07\/17\/jest-wykonawca-napisu-i-love-gorzow\/\" \/>\n<meta property=\"og:locale\" content=\"pl_PL\" \/>\n<meta property=\"og:type\" content=\"article\" \/>\n<meta property=\"og:title\" content=\"Jest wykonawca napisu &quot;I love Gorz\u00f3w&quot; - Gorz\u00f3w News\" \/>\n<meta property=\"og:description\" content=\"Na nadwarcia\u0144skich b\u0142oniach przy ulicy Fabrycznej zostanie postawiony pod\u015bwietlany napis \u201eI love Gorz\u00f3w\u201d. To realizacja inwestycji wybranej pr\" \/>\n<meta property=\"og:url\" content=\"https:\/\/gorzow.news\/index.php\/2023\/07\/17\/jest-wykonawca-napisu-i-love-gorzow\/\" \/>\n<meta property=\"og:site_name\" content=\"Gorz\u00f3w News\" \/>\n<meta property=\"article:publisher\" content=\"https:\/\/www.facebook.com\/gorzowskinews\" \/>\n<meta property=\"article:published_time\" content=\"2023-07-17T19:44:29+00:00\" \/>\n<meta property=\"article:modified_time\" content=\"2023-07-17T19:44:30+00:00\" \/>\n<meta property=\"og:image\" content=\"https:\/\/gorzow.news\/wp-content\/uploads\/2023\/07\/cropped-akt-fotob-4639.png\" \/>\n\t<meta property=\"og:image:width\" content=\"1192\" \/>\n\t<meta property=\"og:image:height\" content=\"751\" \/>\n\t<meta property=\"og:image:type\" content=\"image\/png\" \/>\n<meta name=\"author\" content=\"maciej\" \/>\n<meta name=\"twitter:card\" content=\"summary_large_image\" \/>\n<meta name=\"twitter:label1\" content=\"Napisane przez\" \/>\n\t<meta name=\"twitter:data1\" content=\"maciej\" \/>\n\t<meta name=\"twitter:label2\" content=\"Szacowany czas czytania\" \/>\n\t<meta name=\"twitter:data2\" content=\"1 minuta\" \/>\n<script type=\"application\/ld+json\" class=\"yoast-schema-graph\">{\"@context\":\"https:\\\/\\\/schema.org\",\"@graph\":[{\"@type\":\"Article\",\"@id\":\"https:\\\/\\\/gorzow.news\\\/index.php\\\/2023\\\/07\\\/17\\\/jest-wykonawca-napisu-i-love-gorzow\\\/#article\",\"isPartOf\":{\"@id\":\"https:\\\/\\\/gorzow.news\\\/index.php\\\/2023\\\/07\\\/17\\\/jest-wykonawca-napisu-i-love-gorzow\\\/\"},\"author\":{\"name\":\"maciej\",\"@id\":\"https:\\\/\\\/gorzow.news\\\/#\\\/schema\\\/person\\\/a1e5ab43166369f2ce236a1cd90995bb\"},\"headline\":\"Jest wykonawca napisu &#8222;I love Gorz\u00f3w&#8221;\",\"datePublished\":\"2023-07-17T19:44:29+00:00\",\"dateModified\":\"2023-07-17T19:44:30+00:00\",\"mainEntityOfPage\":{\"@id\":\"https:\\\/\\\/gorzow.news\\\/index.php\\\/2023\\\/07\\\/17\\\/jest-wykonawca-napisu-i-love-gorzow\\\/\"},\"wordCount\":183,\"commentCount\":0,\"image\":{\"@id\":\"https:\\\/\\\/gorzow.news\\\/index.php\\\/2023\\\/07\\\/17\\\/jest-wykonawca-napisu-i-love-gorzow\\\/#primaryimage\"},\"thumbnailUrl\":\"https:\\\/\\\/gorzow.news\\\/wp-content\\\/uploads\\\/2023\\\/07\\\/cropped-akt-fotob-4639.png\",\"keywords\":[\"Bud\u017cet Obywatelski\",\"Fabryczna\",\"I love Gorz\u00f3w\",\"nadwarcia\u0144skie b\u0142onia\"],\"articleSection\":[\"W skr\u00f3cie\",\"Wiadomo\u015bci\"],\"inLanguage\":\"pl-PL\",\"potentialAction\":[{\"@type\":\"CommentAction\",\"name\":\"Comment\",\"target\":[\"https:\\\/\\\/gorzow.news\\\/index.php\\\/2023\\\/07\\\/17\\\/jest-wykonawca-napisu-i-love-gorzow\\\/#respond\"]}]},{\"@type\":\"WebPage\",\"@id\":\"https:\\\/\\\/gorzow.news\\\/index.php\\\/2023\\\/07\\\/17\\\/jest-wykonawca-napisu-i-love-gorzow\\\/\",\"url\":\"https:\\\/\\\/gorzow.news\\\/index.php\\\/2023\\\/07\\\/17\\\/jest-wykonawca-napisu-i-love-gorzow\\\/\",\"name\":\"Jest wykonawca napisu \\\"I love Gorz\u00f3w\\\" - Gorz\u00f3w News\",\"isPartOf\":{\"@id\":\"https:\\\/\\\/gorzow.news\\\/#website\"},\"primaryImageOfPage\":{\"@id\":\"https:\\\/\\\/gorzow.news\\\/index.php\\\/2023\\\/07\\\/17\\\/jest-wykonawca-napisu-i-love-gorzow\\\/#primaryimage\"},\"image\":{\"@id\":\"https:\\\/\\\/gorzow.news\\\/index.php\\\/2023\\\/07\\\/17\\\/jest-wykonawca-napisu-i-love-gorzow\\\/#primaryimage\"},\"thumbnailUrl\":\"https:\\\/\\\/gorzow.news\\\/wp-content\\\/uploads\\\/2023\\\/07\\\/cropped-akt-fotob-4639.png\",\"datePublished\":\"2023-07-17T19:44:29+00:00\",\"dateModified\":\"2023-07-17T19:44:30+00:00\",\"author\":{\"@id\":\"https:\\\/\\\/gorzow.news\\\/#\\\/schema\\\/person\\\/a1e5ab43166369f2ce236a1cd90995bb\"},\"description\":\"Na nadwarcia\u0144skich b\u0142oniach przy ulicy Fabrycznej zostanie postawiony pod\u015bwietlany napis \u201eI love Gorz\u00f3w\u201d. To realizacja inwestycji wybranej przez gorzowian podczas g\u0142osowania nad podzia\u0142em \u015brodk\u00f3w z Bud\u017cetu Obywatelskiego.\",\"breadcrumb\":{\"@id\":\"https:\\\/\\\/gorzow.news\\\/index.php\\\/2023\\\/07\\\/17\\\/jest-wykonawca-napisu-i-love-gorzow\\\/#breadcrumb\"},\"inLanguage\":\"pl-PL\",\"potentialAction\":[{\"@type\":\"ReadAction\",\"target\":[\"https:\\\/\\\/gorzow.news\\\/index.php\\\/2023\\\/07\\\/17\\\/jest-wykonawca-napisu-i-love-gorzow\\\/\"]}]},{\"@type\":\"ImageObject\",\"inLanguage\":\"pl-PL\",\"@id\":\"https:\\\/\\\/gorzow.news\\\/index.php\\\/2023\\\/07\\\/17\\\/jest-wykonawca-napisu-i-love-gorzow\\\/#primaryimage\",\"url\":\"https:\\\/\\\/gorzow.news\\\/wp-content\\\/uploads\\\/2023\\\/07\\\/cropped-akt-fotob-4639.png\",\"contentUrl\":\"https:\\\/\\\/gorzow.news\\\/wp-content\\\/uploads\\\/2023\\\/07\\\/cropped-akt-fotob-4639.png\",\"width\":1192,\"height\":751,\"caption\":\"wizualizacja UM\"},{\"@type\":\"BreadcrumbList\",\"@id\":\"https:\\\/\\\/gorzow.news\\\/index.php\\\/2023\\\/07\\\/17\\\/jest-wykonawca-napisu-i-love-gorzow\\\/#breadcrumb\",\"itemListElement\":[{\"@type\":\"ListItem\",\"position\":1,\"name\":\"Home\",\"item\":\"https:\\\/\\\/gorzow.news\\\/\"},{\"@type\":\"ListItem\",\"position\":2,\"name\":\"Jest wykonawca napisu &#8222;I love Gorz\u00f3w&#8221;\"}]},{\"@type\":\"WebSite\",\"@id\":\"https:\\\/\\\/gorzow.news\\\/#website\",\"url\":\"https:\\\/\\\/gorzow.news\\\/\",\"name\":\"Gorz\u00f3w News\",\"description\":\"Sp\u00f3jrz inaczej na miato i region...\",\"potentialAction\":[{\"@type\":\"SearchAction\",\"target\":{\"@type\":\"EntryPoint\",\"urlTemplate\":\"https:\\\/\\\/gorzow.news\\\/?s={search_term_string}\"},\"query-input\":{\"@type\":\"PropertyValueSpecification\",\"valueRequired\":true,\"valueName\":\"search_term_string\"}}],\"inLanguage\":\"pl-PL\"},{\"@type\":\"Person\",\"@id\":\"https:\\\/\\\/gorzow.news\\\/#\\\/schema\\\/person\\\/a1e5ab43166369f2ce236a1cd90995bb\",\"name\":\"maciej\",\"image\":{\"@type\":\"ImageObject\",\"inLanguage\":\"pl-PL\",\"@id\":\"https:\\\/\\\/secure.gravatar.com\\\/avatar\\\/530a674d56ba60cfa0ef21d74e8e8d123a51bb7aa6580465b5c2ab2c2e980a19?s=96&r=g&d=https:\\\/\\\/gorzow.news\\\/wp-content\\\/plugins\\\/userswp\\\/assets\\\/images\\\/no_profile.png\",\"url\":\"https:\\\/\\\/secure.gravatar.com\\\/avatar\\\/530a674d56ba60cfa0ef21d74e8e8d123a51bb7aa6580465b5c2ab2c2e980a19?s=96&r=g&d=https:\\\/\\\/gorzow.news\\\/wp-content\\\/plugins\\\/userswp\\\/assets\\\/images\\\/no_profile.png\",\"contentUrl\":\"https:\\\/\\\/secure.gravatar.com\\\/avatar\\\/530a674d56ba60cfa0ef21d74e8e8d123a51bb7aa6580465b5c2ab2c2e980a19?s=96&r=g&d=https:\\\/\\\/gorzow.news\\\/wp-content\\\/plugins\\\/userswp\\\/assets\\\/images\\\/no_profile.png\",\"caption\":\"maciej\"},\"url\":\"https:\\\/\\\/gorzow.news\\\/index.php\\\/profile\\\/maciej\\\/\"}]}<\/script>\n<!-- \/ Yoast SEO plugin. -->","yoast_head_json":{"title":"Jest wykonawca napisu \"I love Gorz\u00f3w\" - Gorz\u00f3w News","description":"Na nadwarcia\u0144skich b\u0142oniach przy ulicy Fabrycznej zostanie postawiony pod\u015bwietlany napis \u201eI love Gorz\u00f3w\u201d. To realizacja inwestycji wybranej pr","robots":{"index":"index","follow":"follow","max-snippet":"max-snippet:-1","max-image-preview":"max-image-preview:large","max-video-preview":"max-video-preview:-1"},"canonical":"https:\/\/gorzow.news\/index.php\/2023\/07\/17\/jest-wykonawca-napisu-i-love-gorzow\/","og_locale":"pl_PL","og_type":"article","og_title":"Jest wykonawca napisu \"I love Gorz\u00f3w\" - Gorz\u00f3w News","og_description":"Na nadwarcia\u0144skich b\u0142oniach przy ulicy Fabrycznej zostanie postawiony pod\u015bwietlany napis \u201eI love Gorz\u00f3w\u201d. To realizacja inwestycji wybranej pr","og_url":"https:\/\/gorzow.news\/index.php\/2023\/07\/17\/jest-wykonawca-napisu-i-love-gorzow\/","og_site_name":"Gorz\u00f3w News","article_publisher":"https:\/\/www.facebook.com\/gorzowskinews","article_published_time":"2023-07-17T19:44:29+00:00","article_modified_time":"2023-07-17T19:44:30+00:00","og_image":[{"width":1192,"height":751,"url":"https:\/\/gorzow.news\/wp-content\/uploads\/2023\/07\/cropped-akt-fotob-4639.png","type":"image\/png"}],"author":"maciej","twitter_card":"summary_large_image","twitter_misc":{"Napisane przez":"maciej","Szacowany czas czytania":"1 minuta"},"schema":{"@context":"https:\/\/schema.org","@graph":[{"@type":"Article","@id":"https:\/\/gorzow.news\/index.php\/2023\/07\/17\/jest-wykonawca-napisu-i-love-gorzow\/#article","isPartOf":{"@id":"https:\/\/gorzow.news\/index.php\/2023\/07\/17\/jest-wykonawca-napisu-i-love-gorzow\/"},"author":{"name":"maciej","@id":"https:\/\/gorzow.news\/#\/schema\/person\/a1e5ab43166369f2ce236a1cd90995bb"},"headline":"Jest wykonawca napisu &#8222;I love Gorz\u00f3w&#8221;","datePublished":"2023-07-17T19:44:29+00:00","dateModified":"2023-07-17T19:44:30+00:00","mainEntityOfPage":{"@id":"https:\/\/gorzow.news\/index.php\/2023\/07\/17\/jest-wykonawca-napisu-i-love-gorzow\/"},"wordCount":183,"commentCount":0,"image":{"@id":"https:\/\/gorzow.news\/index.php\/2023\/07\/17\/jest-wykonawca-napisu-i-love-gorzow\/#primaryimage"},"thumbnailUrl":"https:\/\/gorzow.news\/wp-content\/uploads\/2023\/07\/cropped-akt-fotob-4639.png","keywords":["Bud\u017cet Obywatelski","Fabryczna","I love Gorz\u00f3w","nadwarcia\u0144skie b\u0142onia"],"articleSection":["W skr\u00f3cie","Wiadomo\u015bci"],"inLanguage":"pl-PL","potentialAction":[{"@type":"CommentAction","name":"Comment","target":["https:\/\/gorzow.news\/index.php\/2023\/07\/17\/jest-wykonawca-napisu-i-love-gorzow\/#respond"]}]},{"@type":"WebPage","@id":"https:\/\/gorzow.news\/index.php\/2023\/07\/17\/jest-wykonawca-napisu-i-love-gorzow\/","url":"https:\/\/gorzow.news\/index.php\/2023\/07\/17\/jest-wykonawca-napisu-i-love-gorzow\/","name":"Jest wykonawca napisu \"I love Gorz\u00f3w\" - Gorz\u00f3w News","isPartOf":{"@id":"https:\/\/gorzow.news\/#website"},"primaryImageOfPage":{"@id":"https:\/\/gorzow.news\/index.php\/2023\/07\/17\/jest-wykonawca-napisu-i-love-gorzow\/#primaryimage"},"image":{"@id":"https:\/\/gorzow.news\/index.php\/2023\/07\/17\/jest-wykonawca-napisu-i-love-gorzow\/#primaryimage"},"thumbnailUrl":"https:\/\/gorzow.news\/wp-content\/uploads\/2023\/07\/cropped-akt-fotob-4639.png","datePublished":"2023-07-17T19:44:29+00:00","dateModified":"2023-07-17T19:44:30+00:00","author":{"@id":"https:\/\/gorzow.news\/#\/schema\/person\/a1e5ab43166369f2ce236a1cd90995bb"},"description":"Na nadwarcia\u0144skich b\u0142oniach przy ulicy Fabrycznej zostanie postawiony pod\u015bwietlany napis \u201eI love Gorz\u00f3w\u201d. To realizacja inwestycji wybranej przez gorzowian podczas g\u0142osowania nad podzia\u0142em \u015brodk\u00f3w z Bud\u017cetu Obywatelskiego.","breadcrumb":{"@id":"https:\/\/gorzow.news\/index.php\/2023\/07\/17\/jest-wykonawca-napisu-i-love-gorzow\/#breadcrumb"},"inLanguage":"pl-PL","potentialAction":[{"@type":"ReadAction","target":["https:\/\/gorzow.news\/index.php\/2023\/07\/17\/jest-wykonawca-napisu-i-love-gorzow\/"]}]},{"@type":"ImageObject","inLanguage":"pl-PL","@id":"https:\/\/gorzow.news\/index.php\/2023\/07\/17\/jest-wykonawca-napisu-i-love-gorzow\/#primaryimage","url":"https:\/\/gorzow.news\/wp-content\/uploads\/2023\/07\/cropped-akt-fotob-4639.png","contentUrl":"https:\/\/gorzow.news\/wp-content\/uploads\/2023\/07\/cropped-akt-fotob-4639.png","width":1192,"height":751,"caption":"wizualizacja UM"},{"@type":"BreadcrumbList","@id":"https:\/\/gorzow.news\/index.php\/2023\/07\/17\/jest-wykonawca-napisu-i-love-gorzow\/#breadcrumb","itemListElement":[{"@type":"ListItem","position":1,"name":"Home","item":"https:\/\/gorzow.news\/"},{"@type":"ListItem","position":2,"name":"Jest wykonawca napisu &#8222;I love Gorz\u00f3w&#8221;"}]},{"@type":"WebSite","@id":"https:\/\/gorzow.news\/#website","url":"https:\/\/gorzow.news\/","name":"Gorz\u00f3w News","description":"Sp\u00f3jrz inaczej na miato i region...","potentialAction":[{"@type":"SearchAction","target":{"@type":"EntryPoint","urlTemplate":"https:\/\/gorzow.news\/?s={search_term_string}"},"query-input":{"@type":"PropertyValueSpecification","valueRequired":true,"valueName":"search_term_string"}}],"inLanguage":"pl-PL"},{"@type":"Person","@id":"https:\/\/gorzow.news\/#\/schema\/person\/a1e5ab43166369f2ce236a1cd90995bb","name":"maciej","image":{"@type":"ImageObject","inLanguage":"pl-PL","@id":"https:\/\/secure.gravatar.com\/avatar\/530a674d56ba60cfa0ef21d74e8e8d123a51bb7aa6580465b5c2ab2c2e980a19?s=96&r=g&d=https:\/\/gorzow.news\/wp-content\/plugins\/userswp\/assets\/images\/no_profile.png","url":"https:\/\/secure.gravatar.com\/avatar\/530a674d56ba60cfa0ef21d74e8e8d123a51bb7aa6580465b5c2ab2c2e980a19?s=96&r=g&d=https:\/\/gorzow.news\/wp-content\/plugins\/userswp\/assets\/images\/no_profile.png","contentUrl":"https:\/\/secure.gravatar.com\/avatar\/530a674d56ba60cfa0ef21d74e8e8d123a51bb7aa6580465b5c2ab2c2e980a19?s=96&r=g&d=https:\/\/gorzow.news\/wp-content\/plugins\/userswp\/assets\/images\/no_profile.png","caption":"maciej"},"url":"https:\/\/gorzow.news\/index.php\/profile\/maciej\/"}]}},"_links":{"self":[{"href":"https:\/\/gorzow.news\/index.php\/wp-json\/wp\/v2\/posts\/13462","targetHints":{"allow":["GET"]}}],"collection":[{"href":"https:\/\/gorzow.news\/index.php\/wp-json\/wp\/v2\/posts"}],"about":[{"href":"https:\/\/gorzow.news\/index.php\/wp-json\/wp\/v2\/types\/post"}],"author":[{"embeddable":true,"href":"https:\/\/gorzow.news\/index.php\/wp-json\/wp\/v2\/users\/1"}],"replies":[{"embeddable":true,"href":"https:\/\/gorzow.news\/index.php\/wp-json\/wp\/v2\/comments?post=13462"}],"version-history":[{"count":1,"href":"https:\/\/gorzow.news\/index.php\/wp-json\/wp\/v2\/posts\/13462\/revisions"}],"predecessor-version":[{"id":13465,"href":"https:\/\/gorzow.news\/index.php\/wp-json\/wp\/v2\/posts\/13462\/revisions\/13465"}],"wp:featuredmedia":[{"embeddable":true,"href":"https:\/\/gorzow.news\/index.php\/wp-json\/wp\/v2\/media\/13463"}],"wp:attachment":[{"href":"https:\/\/gorzow.news\/index.php\/wp-json\/wp\/v2\/media?parent=13462"}],"wp:term":[{"taxonomy":"category","embeddable":true,"href":"https:\/\/gorzow.news\/index.php\/wp-json\/wp\/v2\/categories?post=13462"},{"taxonomy":"post_tag","embeddable":true,"href":"https:\/\/gorzow.news\/index.php\/wp-json\/wp\/v2\/tags?post=13462"}],"curies":[{"name":"wp","href":"https:\/\/api.w.org\/{rel}","templated":true}]}}