{"id":1319,"date":"2021-06-16T10:32:46","date_gmt":"2021-06-16T08:32:46","guid":{"rendered":"https:\/\/gorzow.news\/?p=1319"},"modified":"2021-08-23T22:17:07","modified_gmt":"2021-08-23T20:17:07","slug":"w-nocy-w-wielu-mieszkaniach-nie-bedzie-wody","status":"publish","type":"post","link":"https:\/\/gorzow.news\/index.php\/2021\/06\/16\/w-nocy-w-wielu-mieszkaniach-nie-bedzie-wody\/","title":{"rendered":"W nocy w wielu mieszkaniach nie b\u0119dzie wody"},"content":{"rendered":"\n<p><strong>Przedsi\u0119biorstwo Wodoci\u0105g\u00f3w i Kanalizacji w Gorzowie poinformowa\u0142o, \u017ce w \u015brod\u0119 16 czerwca od godziny 23:00 do godziny 7:00 w czwartek nast\u0105pi przerwa w dostawie wody na du\u017cych gorzowskich osiedlach.<\/strong><\/p>\n\n\n\n<center><script async=\"\" src=\"https:\/\/pagead2.googlesyndication.com\/pagead\/js\/adsbygoogle.js\"><\/script>\n<!-- Poziom tekst -->\n<ins class=\"adsbygoogle\" style=\"display:block\" data-ad-client=\"ca-pub-7212888352136558\" data-ad-slot=\"2857909428\" data-ad-format=\"auto\" data-full-width-responsive=\"true\"><\/ins>\n<script>\n     (adsbygoogle = window.adsbygoogle || []).push({});\n<\/script><\/center><br>\n\n\n\n<p>W zwi\u0105zku z pracami modernizacyjnymi na sieci wodoci\u0105gowej woda nie b\u0119dzie dostarczana do budynk\u00f3w w Gorzowie na osiedlach: G\u00f3rczyn, Dolinki i Janice. Wody zabraknie tak\u017ce w miejscowo\u015bciach: R\u00f3\u017canki, R\u00f3\u017canki Szklarnia, Wojcieszyce, Wawr\u00f3w, Janczewo, Gralewo, G\u00f3rki i Santok (p\u00f3\u0142nocno-wschodnia cz\u0119\u015b\u0107).<\/p>\n","protected":false},"excerpt":{"rendered":"<p>Przedsi\u0119biorstwo Wodoci\u0105g\u00f3w i Kanalizacji w Gorzowie poinformowa\u0142o, \u017ce w \u015brod\u0119 16 czerwca od godziny 23:00 do godziny 7:00 w czwartek nast\u0105pi przerwa w dostawie wody na du\u017cych gorzowskich osiedlach.<\/p>\n","protected":false},"author":1,"featured_media":1320,"comment_status":"open","ping_status":"open","sticky":false,"template":"","format":"standard","meta":{"footnotes":"","_links_to":"","_links_to_target":""},"categories":[74,589],"tags":[266,273,272,271,267,268,274,71,270,265,269],"class_list":{"0":"post-1319","1":"post","2":"type-post","3":"status-publish","4":"format-standard","5":"has-post-thumbnail","7":"category-warto-wiedziec","8":"category-wiadomosci","9":"tag-dolinki","10":"tag-gorki","11":"tag-gralewo","12":"tag-janczewo","13":"tag-janice","14":"tag-rozanki","15":"tag-santok","17":"tag-wawrow","18":"tag-wodociagi","19":"tag-wojcieszyce"},"yoast_head":"<!-- This site is optimized with the Yoast SEO plugin v27.3 - https:\/\/yoast.com\/product\/yoast-seo-wordpress\/ -->\n<title>W nocy w wielu mieszkaniach nie b\u0119dzie wody - Gorz\u00f3w News<\/title>\n<meta name=\"robots\" content=\"index, follow, max-snippet:-1, max-image-preview:large, max-video-preview:-1\" \/>\n<link rel=\"canonical\" href=\"https:\/\/gorzow.news\/index.php\/2021\/06\/16\/w-nocy-w-wielu-mieszkaniach-nie-bedzie-wody\/\" \/>\n<meta property=\"og:locale\" content=\"pl_PL\" \/>\n<meta property=\"og:type\" content=\"article\" \/>\n<meta property=\"og:title\" content=\"W nocy w wielu mieszkaniach nie b\u0119dzie wody - Gorz\u00f3w News\" \/>\n<meta property=\"og:description\" content=\"Przedsi\u0119biorstwo Wodoci\u0105g\u00f3w i Kanalizacji w Gorzowie poinformowa\u0142o, \u017ce w \u015brod\u0119 16 czerwca od godziny 23:00 do godziny 7:00 w czwartek nast\u0105pi\" \/>\n<meta property=\"og:url\" content=\"https:\/\/gorzow.news\/index.php\/2021\/06\/16\/w-nocy-w-wielu-mieszkaniach-nie-bedzie-wody\/\" \/>\n<meta property=\"og:site_name\" content=\"Gorz\u00f3w News\" \/>\n<meta property=\"article:publisher\" content=\"https:\/\/www.facebook.com\/gorzowskinews\" \/>\n<meta property=\"article:published_time\" content=\"2021-06-16T08:32:46+00:00\" \/>\n<meta property=\"article:modified_time\" content=\"2021-08-23T20:17:07+00:00\" \/>\n<meta property=\"og:image\" content=\"https:\/\/gorzow.news\/wp-content\/uploads\/2021\/06\/bath-2192_1920.jpg?v=1623832348\" \/>\n\t<meta property=\"og:image:width\" content=\"1920\" \/>\n\t<meta property=\"og:image:height\" content=\"1280\" \/>\n\t<meta property=\"og:image:type\" content=\"image\/jpeg\" \/>\n<meta name=\"author\" content=\"maciej\" \/>\n<meta name=\"twitter:card\" content=\"summary_large_image\" \/>\n<meta name=\"twitter:label1\" content=\"Napisane przez\" \/>\n\t<meta name=\"twitter:data1\" content=\"maciej\" \/>\n<script type=\"application\/ld+json\" class=\"yoast-schema-graph\">{\"@context\":\"https:\\\/\\\/schema.org\",\"@graph\":[{\"@type\":\"Article\",\"@id\":\"https:\\\/\\\/gorzow.news\\\/index.php\\\/2021\\\/06\\\/16\\\/w-nocy-w-wielu-mieszkaniach-nie-bedzie-wody\\\/#article\",\"isPartOf\":{\"@id\":\"https:\\\/\\\/gorzow.news\\\/index.php\\\/2021\\\/06\\\/16\\\/w-nocy-w-wielu-mieszkaniach-nie-bedzie-wody\\\/\"},\"author\":{\"name\":\"maciej\",\"@id\":\"https:\\\/\\\/gorzow.news\\\/#\\\/schema\\\/person\\\/a1e5ab43166369f2ce236a1cd90995bb\"},\"headline\":\"W nocy w wielu mieszkaniach nie b\u0119dzie wody\",\"datePublished\":\"2021-06-16T08:32:46+00:00\",\"dateModified\":\"2021-08-23T20:17:07+00:00\",\"mainEntityOfPage\":{\"@id\":\"https:\\\/\\\/gorzow.news\\\/index.php\\\/2021\\\/06\\\/16\\\/w-nocy-w-wielu-mieszkaniach-nie-bedzie-wody\\\/\"},\"wordCount\":92,\"commentCount\":0,\"image\":{\"@id\":\"https:\\\/\\\/gorzow.news\\\/index.php\\\/2021\\\/06\\\/16\\\/w-nocy-w-wielu-mieszkaniach-nie-bedzie-wody\\\/#primaryimage\"},\"thumbnailUrl\":\"https:\\\/\\\/gorzow.news\\\/wp-content\\\/uploads\\\/2021\\\/06\\\/bath-2192_1920.jpg\",\"keywords\":[\"Dolinki\",\"G\u00f3rki\",\"Gralewo\",\"Janczewo\",\"Janice\",\"R\u00f3\u017canki\",\"Santok\",\"SM G\u00f3rczyn\",\"Wawr\u00f3w\",\"Wodoci\u0105gi\",\"Wojcieszyce\"],\"articleSection\":[\"Warto wiedzie\u0107\",\"Wiadomo\u015bci\"],\"inLanguage\":\"pl-PL\",\"potentialAction\":[{\"@type\":\"CommentAction\",\"name\":\"Comment\",\"target\":[\"https:\\\/\\\/gorzow.news\\\/index.php\\\/2021\\\/06\\\/16\\\/w-nocy-w-wielu-mieszkaniach-nie-bedzie-wody\\\/#respond\"]}]},{\"@type\":\"WebPage\",\"@id\":\"https:\\\/\\\/gorzow.news\\\/index.php\\\/2021\\\/06\\\/16\\\/w-nocy-w-wielu-mieszkaniach-nie-bedzie-wody\\\/\",\"url\":\"https:\\\/\\\/gorzow.news\\\/index.php\\\/2021\\\/06\\\/16\\\/w-nocy-w-wielu-mieszkaniach-nie-bedzie-wody\\\/\",\"name\":\"W nocy w wielu mieszkaniach nie b\u0119dzie wody - Gorz\u00f3w News\",\"isPartOf\":{\"@id\":\"https:\\\/\\\/gorzow.news\\\/#website\"},\"primaryImageOfPage\":{\"@id\":\"https:\\\/\\\/gorzow.news\\\/index.php\\\/2021\\\/06\\\/16\\\/w-nocy-w-wielu-mieszkaniach-nie-bedzie-wody\\\/#primaryimage\"},\"image\":{\"@id\":\"https:\\\/\\\/gorzow.news\\\/index.php\\\/2021\\\/06\\\/16\\\/w-nocy-w-wielu-mieszkaniach-nie-bedzie-wody\\\/#primaryimage\"},\"thumbnailUrl\":\"https:\\\/\\\/gorzow.news\\\/wp-content\\\/uploads\\\/2021\\\/06\\\/bath-2192_1920.jpg\",\"datePublished\":\"2021-06-16T08:32:46+00:00\",\"dateModified\":\"2021-08-23T20:17:07+00:00\",\"author\":{\"@id\":\"https:\\\/\\\/gorzow.news\\\/#\\\/schema\\\/person\\\/a1e5ab43166369f2ce236a1cd90995bb\"},\"breadcrumb\":{\"@id\":\"https:\\\/\\\/gorzow.news\\\/index.php\\\/2021\\\/06\\\/16\\\/w-nocy-w-wielu-mieszkaniach-nie-bedzie-wody\\\/#breadcrumb\"},\"inLanguage\":\"pl-PL\",\"potentialAction\":[{\"@type\":\"ReadAction\",\"target\":[\"https:\\\/\\\/gorzow.news\\\/index.php\\\/2021\\\/06\\\/16\\\/w-nocy-w-wielu-mieszkaniach-nie-bedzie-wody\\\/\"]}]},{\"@type\":\"ImageObject\",\"inLanguage\":\"pl-PL\",\"@id\":\"https:\\\/\\\/gorzow.news\\\/index.php\\\/2021\\\/06\\\/16\\\/w-nocy-w-wielu-mieszkaniach-nie-bedzie-wody\\\/#primaryimage\",\"url\":\"https:\\\/\\\/gorzow.news\\\/wp-content\\\/uploads\\\/2021\\\/06\\\/bath-2192_1920.jpg\",\"contentUrl\":\"https:\\\/\\\/gorzow.news\\\/wp-content\\\/uploads\\\/2021\\\/06\\\/bath-2192_1920.jpg\",\"width\":1920,\"height\":1280},{\"@type\":\"BreadcrumbList\",\"@id\":\"https:\\\/\\\/gorzow.news\\\/index.php\\\/2021\\\/06\\\/16\\\/w-nocy-w-wielu-mieszkaniach-nie-bedzie-wody\\\/#breadcrumb\",\"itemListElement\":[{\"@type\":\"ListItem\",\"position\":1,\"name\":\"Home\",\"item\":\"https:\\\/\\\/gorzow.news\\\/\"},{\"@type\":\"ListItem\",\"position\":2,\"name\":\"W nocy w wielu mieszkaniach nie b\u0119dzie wody\"}]},{\"@type\":\"WebSite\",\"@id\":\"https:\\\/\\\/gorzow.news\\\/#website\",\"url\":\"https:\\\/\\\/gorzow.news\\\/\",\"name\":\"Gorz\u00f3w News\",\"description\":\"Sp\u00f3jrz inaczej na miato i region...\",\"potentialAction\":[{\"@type\":\"SearchAction\",\"target\":{\"@type\":\"EntryPoint\",\"urlTemplate\":\"https:\\\/\\\/gorzow.news\\\/?s={search_term_string}\"},\"query-input\":{\"@type\":\"PropertyValueSpecification\",\"valueRequired\":true,\"valueName\":\"search_term_string\"}}],\"inLanguage\":\"pl-PL\"},{\"@type\":\"Person\",\"@id\":\"https:\\\/\\\/gorzow.news\\\/#\\\/schema\\\/person\\\/a1e5ab43166369f2ce236a1cd90995bb\",\"name\":\"maciej\",\"image\":{\"@type\":\"ImageObject\",\"inLanguage\":\"pl-PL\",\"@id\":\"https:\\\/\\\/secure.gravatar.com\\\/avatar\\\/530a674d56ba60cfa0ef21d74e8e8d123a51bb7aa6580465b5c2ab2c2e980a19?s=96&r=g&d=https:\\\/\\\/gorzow.news\\\/wp-content\\\/plugins\\\/userswp\\\/assets\\\/images\\\/no_profile.png\",\"url\":\"https:\\\/\\\/secure.gravatar.com\\\/avatar\\\/530a674d56ba60cfa0ef21d74e8e8d123a51bb7aa6580465b5c2ab2c2e980a19?s=96&r=g&d=https:\\\/\\\/gorzow.news\\\/wp-content\\\/plugins\\\/userswp\\\/assets\\\/images\\\/no_profile.png\",\"contentUrl\":\"https:\\\/\\\/secure.gravatar.com\\\/avatar\\\/530a674d56ba60cfa0ef21d74e8e8d123a51bb7aa6580465b5c2ab2c2e980a19?s=96&r=g&d=https:\\\/\\\/gorzow.news\\\/wp-content\\\/plugins\\\/userswp\\\/assets\\\/images\\\/no_profile.png\",\"caption\":\"maciej\"},\"url\":\"https:\\\/\\\/gorzow.news\\\/index.php\\\/profile\\\/maciej\\\/\"}]}<\/script>\n<!-- \/ Yoast SEO plugin. -->","yoast_head_json":{"title":"W nocy w wielu mieszkaniach nie b\u0119dzie wody - Gorz\u00f3w News","robots":{"index":"index","follow":"follow","max-snippet":"max-snippet:-1","max-image-preview":"max-image-preview:large","max-video-preview":"max-video-preview:-1"},"canonical":"https:\/\/gorzow.news\/index.php\/2021\/06\/16\/w-nocy-w-wielu-mieszkaniach-nie-bedzie-wody\/","og_locale":"pl_PL","og_type":"article","og_title":"W nocy w wielu mieszkaniach nie b\u0119dzie wody - Gorz\u00f3w News","og_description":"Przedsi\u0119biorstwo Wodoci\u0105g\u00f3w i Kanalizacji w Gorzowie poinformowa\u0142o, \u017ce w \u015brod\u0119 16 czerwca od godziny 23:00 do godziny 7:00 w czwartek nast\u0105pi","og_url":"https:\/\/gorzow.news\/index.php\/2021\/06\/16\/w-nocy-w-wielu-mieszkaniach-nie-bedzie-wody\/","og_site_name":"Gorz\u00f3w News","article_publisher":"https:\/\/www.facebook.com\/gorzowskinews","article_published_time":"2021-06-16T08:32:46+00:00","article_modified_time":"2021-08-23T20:17:07+00:00","og_image":[{"width":1920,"height":1280,"url":"https:\/\/gorzow.news\/wp-content\/uploads\/2021\/06\/bath-2192_1920.jpg?v=1623832348","type":"image\/jpeg"}],"author":"maciej","twitter_card":"summary_large_image","twitter_misc":{"Napisane przez":"maciej"},"schema":{"@context":"https:\/\/schema.org","@graph":[{"@type":"Article","@id":"https:\/\/gorzow.news\/index.php\/2021\/06\/16\/w-nocy-w-wielu-mieszkaniach-nie-bedzie-wody\/#article","isPartOf":{"@id":"https:\/\/gorzow.news\/index.php\/2021\/06\/16\/w-nocy-w-wielu-mieszkaniach-nie-bedzie-wody\/"},"author":{"name":"maciej","@id":"https:\/\/gorzow.news\/#\/schema\/person\/a1e5ab43166369f2ce236a1cd90995bb"},"headline":"W nocy w wielu mieszkaniach nie b\u0119dzie wody","datePublished":"2021-06-16T08:32:46+00:00","dateModified":"2021-08-23T20:17:07+00:00","mainEntityOfPage":{"@id":"https:\/\/gorzow.news\/index.php\/2021\/06\/16\/w-nocy-w-wielu-mieszkaniach-nie-bedzie-wody\/"},"wordCount":92,"commentCount":0,"image":{"@id":"https:\/\/gorzow.news\/index.php\/2021\/06\/16\/w-nocy-w-wielu-mieszkaniach-nie-bedzie-wody\/#primaryimage"},"thumbnailUrl":"https:\/\/gorzow.news\/wp-content\/uploads\/2021\/06\/bath-2192_1920.jpg","keywords":["Dolinki","G\u00f3rki","Gralewo","Janczewo","Janice","R\u00f3\u017canki","Santok","SM G\u00f3rczyn","Wawr\u00f3w","Wodoci\u0105gi","Wojcieszyce"],"articleSection":["Warto wiedzie\u0107","Wiadomo\u015bci"],"inLanguage":"pl-PL","potentialAction":[{"@type":"CommentAction","name":"Comment","target":["https:\/\/gorzow.news\/index.php\/2021\/06\/16\/w-nocy-w-wielu-mieszkaniach-nie-bedzie-wody\/#respond"]}]},{"@type":"WebPage","@id":"https:\/\/gorzow.news\/index.php\/2021\/06\/16\/w-nocy-w-wielu-mieszkaniach-nie-bedzie-wody\/","url":"https:\/\/gorzow.news\/index.php\/2021\/06\/16\/w-nocy-w-wielu-mieszkaniach-nie-bedzie-wody\/","name":"W nocy w wielu mieszkaniach nie b\u0119dzie wody - Gorz\u00f3w News","isPartOf":{"@id":"https:\/\/gorzow.news\/#website"},"primaryImageOfPage":{"@id":"https:\/\/gorzow.news\/index.php\/2021\/06\/16\/w-nocy-w-wielu-mieszkaniach-nie-bedzie-wody\/#primaryimage"},"image":{"@id":"https:\/\/gorzow.news\/index.php\/2021\/06\/16\/w-nocy-w-wielu-mieszkaniach-nie-bedzie-wody\/#primaryimage"},"thumbnailUrl":"https:\/\/gorzow.news\/wp-content\/uploads\/2021\/06\/bath-2192_1920.jpg","datePublished":"2021-06-16T08:32:46+00:00","dateModified":"2021-08-23T20:17:07+00:00","author":{"@id":"https:\/\/gorzow.news\/#\/schema\/person\/a1e5ab43166369f2ce236a1cd90995bb"},"breadcrumb":{"@id":"https:\/\/gorzow.news\/index.php\/2021\/06\/16\/w-nocy-w-wielu-mieszkaniach-nie-bedzie-wody\/#breadcrumb"},"inLanguage":"pl-PL","potentialAction":[{"@type":"ReadAction","target":["https:\/\/gorzow.news\/index.php\/2021\/06\/16\/w-nocy-w-wielu-mieszkaniach-nie-bedzie-wody\/"]}]},{"@type":"ImageObject","inLanguage":"pl-PL","@id":"https:\/\/gorzow.news\/index.php\/2021\/06\/16\/w-nocy-w-wielu-mieszkaniach-nie-bedzie-wody\/#primaryimage","url":"https:\/\/gorzow.news\/wp-content\/uploads\/2021\/06\/bath-2192_1920.jpg","contentUrl":"https:\/\/gorzow.news\/wp-content\/uploads\/2021\/06\/bath-2192_1920.jpg","width":1920,"height":1280},{"@type":"BreadcrumbList","@id":"https:\/\/gorzow.news\/index.php\/2021\/06\/16\/w-nocy-w-wielu-mieszkaniach-nie-bedzie-wody\/#breadcrumb","itemListElement":[{"@type":"ListItem","position":1,"name":"Home","item":"https:\/\/gorzow.news\/"},{"@type":"ListItem","position":2,"name":"W nocy w wielu mieszkaniach nie b\u0119dzie wody"}]},{"@type":"WebSite","@id":"https:\/\/gorzow.news\/#website","url":"https:\/\/gorzow.news\/","name":"Gorz\u00f3w News","description":"Sp\u00f3jrz inaczej na miato i region...","potentialAction":[{"@type":"SearchAction","target":{"@type":"EntryPoint","urlTemplate":"https:\/\/gorzow.news\/?s={search_term_string}"},"query-input":{"@type":"PropertyValueSpecification","valueRequired":true,"valueName":"search_term_string"}}],"inLanguage":"pl-PL"},{"@type":"Person","@id":"https:\/\/gorzow.news\/#\/schema\/person\/a1e5ab43166369f2ce236a1cd90995bb","name":"maciej","image":{"@type":"ImageObject","inLanguage":"pl-PL","@id":"https:\/\/secure.gravatar.com\/avatar\/530a674d56ba60cfa0ef21d74e8e8d123a51bb7aa6580465b5c2ab2c2e980a19?s=96&r=g&d=https:\/\/gorzow.news\/wp-content\/plugins\/userswp\/assets\/images\/no_profile.png","url":"https:\/\/secure.gravatar.com\/avatar\/530a674d56ba60cfa0ef21d74e8e8d123a51bb7aa6580465b5c2ab2c2e980a19?s=96&r=g&d=https:\/\/gorzow.news\/wp-content\/plugins\/userswp\/assets\/images\/no_profile.png","contentUrl":"https:\/\/secure.gravatar.com\/avatar\/530a674d56ba60cfa0ef21d74e8e8d123a51bb7aa6580465b5c2ab2c2e980a19?s=96&r=g&d=https:\/\/gorzow.news\/wp-content\/plugins\/userswp\/assets\/images\/no_profile.png","caption":"maciej"},"url":"https:\/\/gorzow.news\/index.php\/profile\/maciej\/"}]}},"_links":{"self":[{"href":"https:\/\/gorzow.news\/index.php\/wp-json\/wp\/v2\/posts\/1319","targetHints":{"allow":["GET"]}}],"collection":[{"href":"https:\/\/gorzow.news\/index.php\/wp-json\/wp\/v2\/posts"}],"about":[{"href":"https:\/\/gorzow.news\/index.php\/wp-json\/wp\/v2\/types\/post"}],"author":[{"embeddable":true,"href":"https:\/\/gorzow.news\/index.php\/wp-json\/wp\/v2\/users\/1"}],"replies":[{"embeddable":true,"href":"https:\/\/gorzow.news\/index.php\/wp-json\/wp\/v2\/comments?post=1319"}],"version-history":[{"count":0,"href":"https:\/\/gorzow.news\/index.php\/wp-json\/wp\/v2\/posts\/1319\/revisions"}],"wp:featuredmedia":[{"embeddable":true,"href":"https:\/\/gorzow.news\/index.php\/wp-json\/wp\/v2\/media\/1320"}],"wp:attachment":[{"href":"https:\/\/gorzow.news\/index.php\/wp-json\/wp\/v2\/media?parent=1319"}],"wp:term":[{"taxonomy":"category","embeddable":true,"href":"https:\/\/gorzow.news\/index.php\/wp-json\/wp\/v2\/categories?post=1319"},{"taxonomy":"post_tag","embeddable":true,"href":"https:\/\/gorzow.news\/index.php\/wp-json\/wp\/v2\/tags?post=1319"}],"curies":[{"name":"wp","href":"https:\/\/api.w.org\/{rel}","templated":true}]}}