{"id":12835,"date":"2023-06-02T13:56:00","date_gmt":"2023-06-02T11:56:00","guid":{"rendered":"https:\/\/gorzow.news\/?p=12835"},"modified":"2023-06-04T13:56:43","modified_gmt":"2023-06-04T11:56:43","slug":"autobusem-w-sloneczne-dni-do-nierzymia","status":"publish","type":"post","link":"https:\/\/gorzow.news\/index.php\/2023\/06\/02\/autobusem-w-sloneczne-dni-do-nierzymia\/","title":{"rendered":"Autobusem w s\u0142oneczne dni do Nierzymia"},"content":{"rendered":"\n<p><strong>Miejski Zak\u0142ad Komunikacji informuje, \u017ce od soboty, 3 czerwca zostanie uruchomiona sezonowa linia autobusowa nr 201, kt\u00f3ra umo\u017cliwi dojazd mieszka\u0144com Gorzowa do O\u015brodka Przywodnego nad jeziorem Nierzym.<\/strong><\/p>\n\n\n\n<p>W tym roku linia b\u0119dzie kursowa\u0107 nast\u0119puj\u0105cymi ulicami:<\/p>\n\n\n\n<p>Londy\u0144ska \u2013 Brukselska (powr\u00f3t: Helsi\u0144ska) &#8211; My\u015bliborska \u2013 Al. Konstytucji 3 Maja \u2013 Ewarysta Estkowskiego &#8211; Kosynier\u00f3w Gdy\u0144skich &#8211; W\u0142adys\u0142awa \u0141okietka \u2013 J\u00f3zefa Wybickiego \u2013 W\u0142adys\u0142awa Jagie\u0142\u0142y \u2013 Franciszka Walczaka \u2013 Czere\u015bniowa \u2013 marsz. J\u00f3zefa Pi\u0142sudskiego \u2013 G\u00f3rczy\u0144ska \u2013 gen. Leopolda Okulickiego \u2013 pl. Jana Paw\u0142a II \u2013 Komisji Edukacji Narodowej \u2013 Szarych Szereg\u00f3w \u2013 Franciszka Walczaka \u2013 Gorzowska (R\u00f3\u017canki) \u2013 Strzelecka (R\u00f3\u017canki) \u2013 Jezioro Nierzym (powr\u00f3t t\u0105 sam\u0105 tras\u0105).<\/p>\n\n\n\n<p>Linia 201 b\u0119dzie obs\u0142ugiwa\u0142a wszystkie przystanki zlokalizowane na powy\u017cszej trasie. Rozk\u0142ady jazdy linii 201 znajduj\u0105 si\u0119 na przystankach i na <strong><a href=\"https:\/\/pliki-mzkgorzow.2clickfiles.pl\/rozklady-jazdy\/201_03.06.23\/PRZY_201.html\" target=\"_blank\" rel=\"noreferrer noopener\">stronie internetowej MZK<\/a><\/strong>.<\/p>\n\n\n\n<p>Do 23 czerwca br. (koniec roku szkolnego) linia nr 201 b\u0119dzie kursowa\u0107 w pogodne soboty, niedziele i \u015bwi\u0119ta, a od 24 czerwca br. we wszystkie pogodne dni tygodnia. Cena biletu normalnego do i od przystank\u00f3w Szklarnia, R\u00f3\u017canki, Jezioro Nierzym wynosi 6,00 z\u0142 (ulgowy 3,00 z\u0142) a strefie miejskiej (do i od przystanku Prefadom) zgodnie z taryf\u0105 op\u0142at obowi\u0105zuj\u0105c\u0105 na liniach miejskich. Informacje o uruchamianiu linii ze wzgl\u0119du na pogod\u0119 b\u0119d\u0105 publikowane na stronie internetowej MZK oraz na fanpage\u2019u MZK na Facebooku.<\/p>\n","protected":false},"excerpt":{"rendered":"<p>Miejski Zak\u0142ad Komunikacji informuje, \u017ce od soboty, 3 czerwca zostanie uruchomiona sezonowa linia autobusowa nr 201, kt\u00f3ra umo\u017cliwi dojazd mieszka\u0144com Gorzowa do O\u015brodka Przywodnego nad jeziorem Nierzym.<\/p>\n","protected":false},"author":1,"featured_media":12836,"comment_status":"open","ping_status":"open","sticky":false,"template":"","format":"standard","meta":{"footnotes":"","_links_to":"","_links_to_target":""},"categories":[904,589],"tags":[362,2220],"class_list":{"0":"post-12835","1":"post","2":"type-post","3":"status-publish","4":"format-standard","5":"has-post-thumbnail","7":"category-w-skrocie","8":"category-wiadomosci","9":"tag-mzk","10":"tag-nierzym"},"yoast_head":"<!-- This site is optimized with the Yoast SEO plugin v27.3 - https:\/\/yoast.com\/product\/yoast-seo-wordpress\/ -->\n<title>Autobusem w s\u0142oneczne dni do Nierzymia - Gorz\u00f3w News<\/title>\n<meta name=\"description\" content=\"Miejski Zak\u0142ad Komunikacji informuje, \u017ce od soboty, 3 czerwca zostanie uruchomiona sezonowa linia autobusowa nr 201, kt\u00f3ra umo\u017cliwi dojazd mieszka\" \/>\n<meta name=\"robots\" content=\"index, follow, max-snippet:-1, max-image-preview:large, max-video-preview:-1\" \/>\n<link rel=\"canonical\" href=\"https:\/\/gorzow.news\/index.php\/2023\/06\/02\/autobusem-w-sloneczne-dni-do-nierzymia\/\" \/>\n<meta property=\"og:locale\" content=\"pl_PL\" \/>\n<meta property=\"og:type\" content=\"article\" \/>\n<meta property=\"og:title\" content=\"Autobusem w s\u0142oneczne dni do Nierzymia - Gorz\u00f3w News\" \/>\n<meta property=\"og:description\" content=\"Miejski Zak\u0142ad Komunikacji informuje, \u017ce od soboty, 3 czerwca zostanie uruchomiona sezonowa linia autobusowa nr 201, kt\u00f3ra umo\u017cliwi dojazd mieszka\" \/>\n<meta property=\"og:url\" content=\"https:\/\/gorzow.news\/index.php\/2023\/06\/02\/autobusem-w-sloneczne-dni-do-nierzymia\/\" \/>\n<meta property=\"og:site_name\" content=\"Gorz\u00f3w News\" \/>\n<meta property=\"article:publisher\" content=\"https:\/\/www.facebook.com\/gorzowskinews\" \/>\n<meta property=\"article:published_time\" content=\"2023-06-02T11:56:00+00:00\" \/>\n<meta property=\"article:modified_time\" content=\"2023-06-04T11:56:43+00:00\" \/>\n<meta property=\"og:image\" content=\"https:\/\/gorzow.news\/wp-content\/uploads\/2023\/06\/cropped-akt-fotob-4375.jpg\" \/>\n\t<meta property=\"og:image:width\" content=\"1192\" \/>\n\t<meta property=\"og:image:height\" content=\"751\" \/>\n\t<meta property=\"og:image:type\" content=\"image\/jpeg\" \/>\n<meta name=\"author\" content=\"maciej\" \/>\n<meta name=\"twitter:card\" content=\"summary_large_image\" \/>\n<meta name=\"twitter:label1\" content=\"Napisane przez\" \/>\n\t<meta name=\"twitter:data1\" content=\"maciej\" \/>\n\t<meta name=\"twitter:label2\" content=\"Szacowany czas czytania\" \/>\n\t<meta name=\"twitter:data2\" content=\"2 minuty\" \/>\n<script type=\"application\/ld+json\" class=\"yoast-schema-graph\">{\"@context\":\"https:\\\/\\\/schema.org\",\"@graph\":[{\"@type\":\"Article\",\"@id\":\"https:\\\/\\\/gorzow.news\\\/index.php\\\/2023\\\/06\\\/02\\\/autobusem-w-sloneczne-dni-do-nierzymia\\\/#article\",\"isPartOf\":{\"@id\":\"https:\\\/\\\/gorzow.news\\\/index.php\\\/2023\\\/06\\\/02\\\/autobusem-w-sloneczne-dni-do-nierzymia\\\/\"},\"author\":{\"name\":\"maciej\",\"@id\":\"https:\\\/\\\/gorzow.news\\\/#\\\/schema\\\/person\\\/a1e5ab43166369f2ce236a1cd90995bb\"},\"headline\":\"Autobusem w s\u0142oneczne dni do Nierzymia\",\"datePublished\":\"2023-06-02T11:56:00+00:00\",\"dateModified\":\"2023-06-04T11:56:43+00:00\",\"mainEntityOfPage\":{\"@id\":\"https:\\\/\\\/gorzow.news\\\/index.php\\\/2023\\\/06\\\/02\\\/autobusem-w-sloneczne-dni-do-nierzymia\\\/\"},\"wordCount\":234,\"commentCount\":0,\"image\":{\"@id\":\"https:\\\/\\\/gorzow.news\\\/index.php\\\/2023\\\/06\\\/02\\\/autobusem-w-sloneczne-dni-do-nierzymia\\\/#primaryimage\"},\"thumbnailUrl\":\"https:\\\/\\\/gorzow.news\\\/wp-content\\\/uploads\\\/2023\\\/06\\\/cropped-akt-fotob-4375.jpg\",\"keywords\":[\"MZK\",\"Nierzym\"],\"articleSection\":[\"W skr\u00f3cie\",\"Wiadomo\u015bci\"],\"inLanguage\":\"pl-PL\",\"potentialAction\":[{\"@type\":\"CommentAction\",\"name\":\"Comment\",\"target\":[\"https:\\\/\\\/gorzow.news\\\/index.php\\\/2023\\\/06\\\/02\\\/autobusem-w-sloneczne-dni-do-nierzymia\\\/#respond\"]}]},{\"@type\":\"WebPage\",\"@id\":\"https:\\\/\\\/gorzow.news\\\/index.php\\\/2023\\\/06\\\/02\\\/autobusem-w-sloneczne-dni-do-nierzymia\\\/\",\"url\":\"https:\\\/\\\/gorzow.news\\\/index.php\\\/2023\\\/06\\\/02\\\/autobusem-w-sloneczne-dni-do-nierzymia\\\/\",\"name\":\"Autobusem w s\u0142oneczne dni do Nierzymia - Gorz\u00f3w News\",\"isPartOf\":{\"@id\":\"https:\\\/\\\/gorzow.news\\\/#website\"},\"primaryImageOfPage\":{\"@id\":\"https:\\\/\\\/gorzow.news\\\/index.php\\\/2023\\\/06\\\/02\\\/autobusem-w-sloneczne-dni-do-nierzymia\\\/#primaryimage\"},\"image\":{\"@id\":\"https:\\\/\\\/gorzow.news\\\/index.php\\\/2023\\\/06\\\/02\\\/autobusem-w-sloneczne-dni-do-nierzymia\\\/#primaryimage\"},\"thumbnailUrl\":\"https:\\\/\\\/gorzow.news\\\/wp-content\\\/uploads\\\/2023\\\/06\\\/cropped-akt-fotob-4375.jpg\",\"datePublished\":\"2023-06-02T11:56:00+00:00\",\"dateModified\":\"2023-06-04T11:56:43+00:00\",\"author\":{\"@id\":\"https:\\\/\\\/gorzow.news\\\/#\\\/schema\\\/person\\\/a1e5ab43166369f2ce236a1cd90995bb\"},\"description\":\"Miejski Zak\u0142ad Komunikacji informuje, \u017ce od soboty, 3 czerwca zostanie uruchomiona sezonowa linia autobusowa nr 201, kt\u00f3ra umo\u017cliwi dojazd mieszka\u0144com Gorzowa do O\u015brodka Przywodnego nad jeziorem Nierzym.\",\"breadcrumb\":{\"@id\":\"https:\\\/\\\/gorzow.news\\\/index.php\\\/2023\\\/06\\\/02\\\/autobusem-w-sloneczne-dni-do-nierzymia\\\/#breadcrumb\"},\"inLanguage\":\"pl-PL\",\"potentialAction\":[{\"@type\":\"ReadAction\",\"target\":[\"https:\\\/\\\/gorzow.news\\\/index.php\\\/2023\\\/06\\\/02\\\/autobusem-w-sloneczne-dni-do-nierzymia\\\/\"]}]},{\"@type\":\"ImageObject\",\"inLanguage\":\"pl-PL\",\"@id\":\"https:\\\/\\\/gorzow.news\\\/index.php\\\/2023\\\/06\\\/02\\\/autobusem-w-sloneczne-dni-do-nierzymia\\\/#primaryimage\",\"url\":\"https:\\\/\\\/gorzow.news\\\/wp-content\\\/uploads\\\/2023\\\/06\\\/cropped-akt-fotob-4375.jpg\",\"contentUrl\":\"https:\\\/\\\/gorzow.news\\\/wp-content\\\/uploads\\\/2023\\\/06\\\/cropped-akt-fotob-4375.jpg\",\"width\":1192,\"height\":751,\"caption\":\"fot. MZK\"},{\"@type\":\"BreadcrumbList\",\"@id\":\"https:\\\/\\\/gorzow.news\\\/index.php\\\/2023\\\/06\\\/02\\\/autobusem-w-sloneczne-dni-do-nierzymia\\\/#breadcrumb\",\"itemListElement\":[{\"@type\":\"ListItem\",\"position\":1,\"name\":\"Home\",\"item\":\"https:\\\/\\\/gorzow.news\\\/\"},{\"@type\":\"ListItem\",\"position\":2,\"name\":\"Autobusem w s\u0142oneczne dni do Nierzymia\"}]},{\"@type\":\"WebSite\",\"@id\":\"https:\\\/\\\/gorzow.news\\\/#website\",\"url\":\"https:\\\/\\\/gorzow.news\\\/\",\"name\":\"Gorz\u00f3w News\",\"description\":\"Sp\u00f3jrz inaczej na miato i region...\",\"potentialAction\":[{\"@type\":\"SearchAction\",\"target\":{\"@type\":\"EntryPoint\",\"urlTemplate\":\"https:\\\/\\\/gorzow.news\\\/?s={search_term_string}\"},\"query-input\":{\"@type\":\"PropertyValueSpecification\",\"valueRequired\":true,\"valueName\":\"search_term_string\"}}],\"inLanguage\":\"pl-PL\"},{\"@type\":\"Person\",\"@id\":\"https:\\\/\\\/gorzow.news\\\/#\\\/schema\\\/person\\\/a1e5ab43166369f2ce236a1cd90995bb\",\"name\":\"maciej\",\"image\":{\"@type\":\"ImageObject\",\"inLanguage\":\"pl-PL\",\"@id\":\"https:\\\/\\\/secure.gravatar.com\\\/avatar\\\/530a674d56ba60cfa0ef21d74e8e8d123a51bb7aa6580465b5c2ab2c2e980a19?s=96&r=g&d=https:\\\/\\\/gorzow.news\\\/wp-content\\\/plugins\\\/userswp\\\/assets\\\/images\\\/no_profile.png\",\"url\":\"https:\\\/\\\/secure.gravatar.com\\\/avatar\\\/530a674d56ba60cfa0ef21d74e8e8d123a51bb7aa6580465b5c2ab2c2e980a19?s=96&r=g&d=https:\\\/\\\/gorzow.news\\\/wp-content\\\/plugins\\\/userswp\\\/assets\\\/images\\\/no_profile.png\",\"contentUrl\":\"https:\\\/\\\/secure.gravatar.com\\\/avatar\\\/530a674d56ba60cfa0ef21d74e8e8d123a51bb7aa6580465b5c2ab2c2e980a19?s=96&r=g&d=https:\\\/\\\/gorzow.news\\\/wp-content\\\/plugins\\\/userswp\\\/assets\\\/images\\\/no_profile.png\",\"caption\":\"maciej\"},\"url\":\"https:\\\/\\\/gorzow.news\\\/index.php\\\/profile\\\/maciej\\\/\"}]}<\/script>\n<!-- \/ Yoast SEO plugin. -->","yoast_head_json":{"title":"Autobusem w s\u0142oneczne dni do Nierzymia - Gorz\u00f3w News","description":"Miejski Zak\u0142ad Komunikacji informuje, \u017ce od soboty, 3 czerwca zostanie uruchomiona sezonowa linia autobusowa nr 201, kt\u00f3ra umo\u017cliwi dojazd mieszka","robots":{"index":"index","follow":"follow","max-snippet":"max-snippet:-1","max-image-preview":"max-image-preview:large","max-video-preview":"max-video-preview:-1"},"canonical":"https:\/\/gorzow.news\/index.php\/2023\/06\/02\/autobusem-w-sloneczne-dni-do-nierzymia\/","og_locale":"pl_PL","og_type":"article","og_title":"Autobusem w s\u0142oneczne dni do Nierzymia - Gorz\u00f3w News","og_description":"Miejski Zak\u0142ad Komunikacji informuje, \u017ce od soboty, 3 czerwca zostanie uruchomiona sezonowa linia autobusowa nr 201, kt\u00f3ra umo\u017cliwi dojazd mieszka","og_url":"https:\/\/gorzow.news\/index.php\/2023\/06\/02\/autobusem-w-sloneczne-dni-do-nierzymia\/","og_site_name":"Gorz\u00f3w News","article_publisher":"https:\/\/www.facebook.com\/gorzowskinews","article_published_time":"2023-06-02T11:56:00+00:00","article_modified_time":"2023-06-04T11:56:43+00:00","og_image":[{"width":1192,"height":751,"url":"https:\/\/gorzow.news\/wp-content\/uploads\/2023\/06\/cropped-akt-fotob-4375.jpg","type":"image\/jpeg"}],"author":"maciej","twitter_card":"summary_large_image","twitter_misc":{"Napisane przez":"maciej","Szacowany czas czytania":"2 minuty"},"schema":{"@context":"https:\/\/schema.org","@graph":[{"@type":"Article","@id":"https:\/\/gorzow.news\/index.php\/2023\/06\/02\/autobusem-w-sloneczne-dni-do-nierzymia\/#article","isPartOf":{"@id":"https:\/\/gorzow.news\/index.php\/2023\/06\/02\/autobusem-w-sloneczne-dni-do-nierzymia\/"},"author":{"name":"maciej","@id":"https:\/\/gorzow.news\/#\/schema\/person\/a1e5ab43166369f2ce236a1cd90995bb"},"headline":"Autobusem w s\u0142oneczne dni do Nierzymia","datePublished":"2023-06-02T11:56:00+00:00","dateModified":"2023-06-04T11:56:43+00:00","mainEntityOfPage":{"@id":"https:\/\/gorzow.news\/index.php\/2023\/06\/02\/autobusem-w-sloneczne-dni-do-nierzymia\/"},"wordCount":234,"commentCount":0,"image":{"@id":"https:\/\/gorzow.news\/index.php\/2023\/06\/02\/autobusem-w-sloneczne-dni-do-nierzymia\/#primaryimage"},"thumbnailUrl":"https:\/\/gorzow.news\/wp-content\/uploads\/2023\/06\/cropped-akt-fotob-4375.jpg","keywords":["MZK","Nierzym"],"articleSection":["W skr\u00f3cie","Wiadomo\u015bci"],"inLanguage":"pl-PL","potentialAction":[{"@type":"CommentAction","name":"Comment","target":["https:\/\/gorzow.news\/index.php\/2023\/06\/02\/autobusem-w-sloneczne-dni-do-nierzymia\/#respond"]}]},{"@type":"WebPage","@id":"https:\/\/gorzow.news\/index.php\/2023\/06\/02\/autobusem-w-sloneczne-dni-do-nierzymia\/","url":"https:\/\/gorzow.news\/index.php\/2023\/06\/02\/autobusem-w-sloneczne-dni-do-nierzymia\/","name":"Autobusem w s\u0142oneczne dni do Nierzymia - Gorz\u00f3w News","isPartOf":{"@id":"https:\/\/gorzow.news\/#website"},"primaryImageOfPage":{"@id":"https:\/\/gorzow.news\/index.php\/2023\/06\/02\/autobusem-w-sloneczne-dni-do-nierzymia\/#primaryimage"},"image":{"@id":"https:\/\/gorzow.news\/index.php\/2023\/06\/02\/autobusem-w-sloneczne-dni-do-nierzymia\/#primaryimage"},"thumbnailUrl":"https:\/\/gorzow.news\/wp-content\/uploads\/2023\/06\/cropped-akt-fotob-4375.jpg","datePublished":"2023-06-02T11:56:00+00:00","dateModified":"2023-06-04T11:56:43+00:00","author":{"@id":"https:\/\/gorzow.news\/#\/schema\/person\/a1e5ab43166369f2ce236a1cd90995bb"},"description":"Miejski Zak\u0142ad Komunikacji informuje, \u017ce od soboty, 3 czerwca zostanie uruchomiona sezonowa linia autobusowa nr 201, kt\u00f3ra umo\u017cliwi dojazd mieszka\u0144com Gorzowa do O\u015brodka Przywodnego nad jeziorem Nierzym.","breadcrumb":{"@id":"https:\/\/gorzow.news\/index.php\/2023\/06\/02\/autobusem-w-sloneczne-dni-do-nierzymia\/#breadcrumb"},"inLanguage":"pl-PL","potentialAction":[{"@type":"ReadAction","target":["https:\/\/gorzow.news\/index.php\/2023\/06\/02\/autobusem-w-sloneczne-dni-do-nierzymia\/"]}]},{"@type":"ImageObject","inLanguage":"pl-PL","@id":"https:\/\/gorzow.news\/index.php\/2023\/06\/02\/autobusem-w-sloneczne-dni-do-nierzymia\/#primaryimage","url":"https:\/\/gorzow.news\/wp-content\/uploads\/2023\/06\/cropped-akt-fotob-4375.jpg","contentUrl":"https:\/\/gorzow.news\/wp-content\/uploads\/2023\/06\/cropped-akt-fotob-4375.jpg","width":1192,"height":751,"caption":"fot. MZK"},{"@type":"BreadcrumbList","@id":"https:\/\/gorzow.news\/index.php\/2023\/06\/02\/autobusem-w-sloneczne-dni-do-nierzymia\/#breadcrumb","itemListElement":[{"@type":"ListItem","position":1,"name":"Home","item":"https:\/\/gorzow.news\/"},{"@type":"ListItem","position":2,"name":"Autobusem w s\u0142oneczne dni do Nierzymia"}]},{"@type":"WebSite","@id":"https:\/\/gorzow.news\/#website","url":"https:\/\/gorzow.news\/","name":"Gorz\u00f3w News","description":"Sp\u00f3jrz inaczej na miato i region...","potentialAction":[{"@type":"SearchAction","target":{"@type":"EntryPoint","urlTemplate":"https:\/\/gorzow.news\/?s={search_term_string}"},"query-input":{"@type":"PropertyValueSpecification","valueRequired":true,"valueName":"search_term_string"}}],"inLanguage":"pl-PL"},{"@type":"Person","@id":"https:\/\/gorzow.news\/#\/schema\/person\/a1e5ab43166369f2ce236a1cd90995bb","name":"maciej","image":{"@type":"ImageObject","inLanguage":"pl-PL","@id":"https:\/\/secure.gravatar.com\/avatar\/530a674d56ba60cfa0ef21d74e8e8d123a51bb7aa6580465b5c2ab2c2e980a19?s=96&r=g&d=https:\/\/gorzow.news\/wp-content\/plugins\/userswp\/assets\/images\/no_profile.png","url":"https:\/\/secure.gravatar.com\/avatar\/530a674d56ba60cfa0ef21d74e8e8d123a51bb7aa6580465b5c2ab2c2e980a19?s=96&r=g&d=https:\/\/gorzow.news\/wp-content\/plugins\/userswp\/assets\/images\/no_profile.png","contentUrl":"https:\/\/secure.gravatar.com\/avatar\/530a674d56ba60cfa0ef21d74e8e8d123a51bb7aa6580465b5c2ab2c2e980a19?s=96&r=g&d=https:\/\/gorzow.news\/wp-content\/plugins\/userswp\/assets\/images\/no_profile.png","caption":"maciej"},"url":"https:\/\/gorzow.news\/index.php\/profile\/maciej\/"}]}},"_links":{"self":[{"href":"https:\/\/gorzow.news\/index.php\/wp-json\/wp\/v2\/posts\/12835","targetHints":{"allow":["GET"]}}],"collection":[{"href":"https:\/\/gorzow.news\/index.php\/wp-json\/wp\/v2\/posts"}],"about":[{"href":"https:\/\/gorzow.news\/index.php\/wp-json\/wp\/v2\/types\/post"}],"author":[{"embeddable":true,"href":"https:\/\/gorzow.news\/index.php\/wp-json\/wp\/v2\/users\/1"}],"replies":[{"embeddable":true,"href":"https:\/\/gorzow.news\/index.php\/wp-json\/wp\/v2\/comments?post=12835"}],"version-history":[{"count":0,"href":"https:\/\/gorzow.news\/index.php\/wp-json\/wp\/v2\/posts\/12835\/revisions"}],"wp:featuredmedia":[{"embeddable":true,"href":"https:\/\/gorzow.news\/index.php\/wp-json\/wp\/v2\/media\/12836"}],"wp:attachment":[{"href":"https:\/\/gorzow.news\/index.php\/wp-json\/wp\/v2\/media?parent=12835"}],"wp:term":[{"taxonomy":"category","embeddable":true,"href":"https:\/\/gorzow.news\/index.php\/wp-json\/wp\/v2\/categories?post=12835"},{"taxonomy":"post_tag","embeddable":true,"href":"https:\/\/gorzow.news\/index.php\/wp-json\/wp\/v2\/tags?post=12835"}],"curies":[{"name":"wp","href":"https:\/\/api.w.org\/{rel}","templated":true}]}}