{"id":12789,"date":"2023-05-31T12:25:13","date_gmt":"2023-05-31T10:25:13","guid":{"rendered":"https:\/\/gorzow.news\/?p=12789"},"modified":"2023-05-31T12:25:15","modified_gmt":"2023-05-31T10:25:15","slug":"przejscie-w-budynku-przy-starym-rynku-zostanie-wreszcie-uporzadkowane","status":"publish","type":"post","link":"https:\/\/gorzow.news\/index.php\/2023\/05\/31\/przejscie-w-budynku-przy-starym-rynku-zostanie-wreszcie-uporzadkowane\/","title":{"rendered":"Przej\u015bcie w budynku przy Starym Rynku zostanie wreszcie uporz\u0105dkowane?"},"content":{"rendered":"\n<p><strong>Zdewastowanym przej\u015bciem w budynku przy ul. Sikorskiego zajmowali\u015bmy si\u0119 ju\u017c dwukrotnie. Najpierw w marcu ubieg\u0142ego roku opublikowali\u015bmy zdj\u0119cia przes\u0142ane przez naszego czytelnika, kt\u00f3ry zastanawia\u0142 si\u0119 kiedy wreszcie to miejsce zostanie uporz\u0105dkowane. Trzy miesi\u0105ce p\u00f3\u017aniej ukaza\u0142o si\u0119 og\u0142oszenie o mo\u017cliwo\u015bci wynajmu opuszczonych od lat lokali w przej\u015bciu. Jak mo\u017cna by\u0142o si\u0119 spodziewa\u0107 nie znalaz\u0142 si\u0119 najemca. Do dzi\u015b przej\u015bcie nie zosta\u0142o r\u00f3wnie\u017c uporz\u0105dkowane. \u015amia\u0142o mo\u017cna stwierdzi\u0107, \u017ce jego stan z miesi\u0105ca na miesi\u0105c si\u0119 pogarsza. A przej\u015bcie sta\u0142o si\u0119 miejscem weekendowych libacji\u2026<\/strong><\/p>\n\n\n\n<p>Tydzie\u0144 temu ruszy\u0142a przebudowa deptaku w ul. Hawela\u0144skiej. Kilka lat temu zako\u0144czy\u0142a si\u0119 przebudowa deptaku w ul. Sikorskiego. Ta cz\u0119\u015b\u0107 centrum mocno si\u0119 zmienia. Obok powstaj\u0105 wreszcie nowe lokale gastronomiczne. Chcieliby\u015bmy, aby i przej\u015bcie w budynku przy ul. Sikorskiego mi\u0119dzy klatkami schodowymi nr 135 i 136, tak\u017ce wreszcie zosta\u0142o uporz\u0105dkowane.<\/p>\n\n\n\n<p>Powierzchnia przej\u015bcia pod budynkiem kilkana\u015bcie lat temu zosta\u0142a w du\u017cej cz\u0119\u015bci zabudowana pod dwa ma\u0142e przeszklone pomieszczenia us\u0142ugowe. Mie\u015bci\u0142y si\u0119 tutaj r\u00f3\u017cne us\u0142ugi \u2013 lombard, agencja reklamowa i biuro nieruchomo\u015bci. To w\u0142a\u015bnie logo biura nieruchomo\u015bci wisi do dzi\u015b nad przej\u015bciem, cho\u0107 firma nie istnieje od listopada 2015 roku!<\/p>\n\n\n\n<p>Lokale w przej\u015bciu r\u00f3wnie\u017c od lat stoj\u0105 puste. Z roku na rok s\u0105 dewastowane. Ju\u017c w lipcu 2021 roku wys\u0142ali\u015bmy do Administracji Dom\u00f3w Mieszkalnych nr 4 w Gorzowie zapytanie o przej\u015bcie w budynku. Pytali\u015bmy, czy przeszklonych lokali nie mo\u017cna rozebra\u0107 i uporz\u0105dkowa\u0107 przej\u015bcia. Do dzi\u015b jednak nie otrzymali\u015bmy \u017cadnej odpowiedzi.<\/p>\n\n\n\n<p>Tym razem pytania skierowali\u015bmy do Urz\u0119du Miasta. &#8211; Witryna w przej\u015bciu przy ul. Sikorskiego 135-136 jest w dyspozycji wsp\u00f3lnoty mieszkaniowej, a zarz\u0105dc\u0105 nieruchomo\u015bci jest ADM nr 4. Uszkodzone miejsce zosta\u0142o zabezpieczone przez zarz\u0105dc\u0119. S\u0142u\u017cby miasta zwr\u00f3ci\u0142y si\u0119 do Powiatowego Inspektora Nadzoru Budowlanego z wnioskiem o na\u0142o\u017cenie na w\u0142a\u015bciciela obowi\u0105zku pilnego zabezpieczenia i uporz\u0105dkowanie obiektu, poniewa\u017c aktualny stan stwarza zagro\u017cenie dla \u017cycia i zdrowia mieszka\u0144c\u00f3w oraz obni\u017ca estetyk\u0119 tego miejsca. Wyegzekwowaniem tego zabezpieczenia zajmie si\u0119 stra\u017c miejska. Niewykonanie tego obowi\u0105zku jest wykroczeniem &#8211; m\u00f3wi nam <strong>Wies\u0142aw Ciepiela<\/strong>, rzecznik prasowy Urz\u0119du Miasta.<\/p>\n\n\n\r\n                <style type=\"text\/css\">\r\n                    \r\n                    #tdi_1  .td-doubleSlider-2 .td-item1 {\r\n                        background: url(https:\/\/gorzow.news\/wp-content\/uploads\/2023\/05\/IMG_20230513_094906.jpg?v=1685528654) 0 0 no-repeat;\r\n                    }\r\n                    #tdi_1  .td-doubleSlider-2 .td-item2 {\r\n                        background: url(https:\/\/gorzow.news\/wp-content\/uploads\/2023\/05\/IMG_20230513_094912_2.jpg?v=1685528657) 0 0 no-repeat;\r\n                    }\r\n                    #tdi_1  .td-doubleSlider-2 .td-item3 {\r\n                        background: url(https:\/\/gorzow.news\/wp-content\/uploads\/2023\/05\/IMG_20230513_094916_1.jpg?v=1685528660) 0 0 no-repeat;\r\n                    }\r\n                    #tdi_1  .td-doubleSlider-2 .td-item4 {\r\n                        background: url(https:\/\/gorzow.news\/wp-content\/uploads\/2023\/05\/IMG_20230513_094852-1.jpg?v=1685528651) 0 0 no-repeat;\r\n                    }\r\n                <\/style>\r\n\r\n                <div id=\"tdi_1\" class=\"td-gallery td-slide-on-2-columns\">\r\n                    <div class=\"post_td_gallery\">\r\n                        <div class=\"td-gallery-slide-top\">\r\n                           <div class=\"td-gallery-title\">Zdewastowane przej\u015bcie w budynku przy ul. Sikorskiego - maj 2023 r.<\/div>\r\n\r\n                            <div class=\"td-gallery-controls-wrapper\">\r\n                                <div class=\"td-gallery-slide-count\"><span class=\"td-gallery-slide-item-focus\">1<\/span> z 4<\/div>\r\n                                <div class=\"td-gallery-slide-prev-next-but\">\r\n                                    <i class = \"td-icon-left doubleSliderPrevButton\"><\/i>\r\n                                    <i class = \"td-icon-right doubleSliderNextButton\"><\/i>\r\n                                <\/div>\r\n                            <\/div>\r\n                        <\/div>\r\n\r\n                        <div class = \"td-doubleSlider-1 \">\r\n                            <div class = \"td-slider\">\r\n                                \r\n                    <div class = \"td-slide-item td-item1\">\r\n                        <figure class=\"td-slide-galery-figure td-slide-popup-gallery\">\r\n                            <a class=\"slide-gallery-image-link\" href=\"https:\/\/gorzow.news\/wp-content\/uploads\/2023\/05\/IMG_20230513_094906.jpg?v=1685528654\" title=\"\"  data-caption=\"\"  data-description=\"\">\r\n                                <img decoding=\"async\" src=\"https:\/\/gorzow.news\/wp-content\/uploads\/2023\/05\/IMG_20230513_094906.jpg?v=1685528654\" srcset=\"https:\/\/gorzow.news\/wp-content\/uploads\/2023\/05\/IMG_20230513_094906.jpg?v=1685528654 1600w, https:\/\/gorzow.news\/wp-content\/uploads\/2023\/05\/IMG_20230513_094906-300x142.jpg?v=1685528654 300w, https:\/\/gorzow.news\/wp-content\/uploads\/2023\/05\/IMG_20230513_094906-1024x484.jpg?v=1685528654 1024w, https:\/\/gorzow.news\/wp-content\/uploads\/2023\/05\/IMG_20230513_094906-768x363.jpg?v=1685528654 768w, https:\/\/gorzow.news\/wp-content\/uploads\/2023\/05\/IMG_20230513_094906-1536x727.jpg?v=1685528654 1536w, https:\/\/gorzow.news\/wp-content\/uploads\/2023\/05\/IMG_20230513_094906-696x329.jpg?v=1685528654 696w, https:\/\/gorzow.news\/wp-content\/uploads\/2023\/05\/IMG_20230513_094906-1068x505.jpg?v=1685528654 1068w\" sizes=\"(max-width: 1600px) 100vw, 1600px\" alt=\"\">\r\n                            <\/a>\r\n                            \r\n                        <\/figure>\r\n                    <\/div>\r\n                    <div class = \"td-slide-item td-item2\">\r\n                        <figure class=\"td-slide-galery-figure td-slide-popup-gallery\">\r\n                            <a class=\"slide-gallery-image-link\" href=\"https:\/\/gorzow.news\/wp-content\/uploads\/2023\/05\/IMG_20230513_094912_2.jpg?v=1685528657\" title=\"\"  data-caption=\"\"  data-description=\"\">\r\n                                <img decoding=\"async\" src=\"https:\/\/gorzow.news\/wp-content\/uploads\/2023\/05\/IMG_20230513_094912_2.jpg?v=1685528657\" srcset=\"https:\/\/gorzow.news\/wp-content\/uploads\/2023\/05\/IMG_20230513_094912_2.jpg?v=1685528657 1600w, https:\/\/gorzow.news\/wp-content\/uploads\/2023\/05\/IMG_20230513_094912_2-300x142.jpg?v=1685528657 300w, https:\/\/gorzow.news\/wp-content\/uploads\/2023\/05\/IMG_20230513_094912_2-1024x484.jpg?v=1685528657 1024w, https:\/\/gorzow.news\/wp-content\/uploads\/2023\/05\/IMG_20230513_094912_2-768x363.jpg?v=1685528657 768w, https:\/\/gorzow.news\/wp-content\/uploads\/2023\/05\/IMG_20230513_094912_2-1536x727.jpg?v=1685528657 1536w, https:\/\/gorzow.news\/wp-content\/uploads\/2023\/05\/IMG_20230513_094912_2-696x329.jpg?v=1685528657 696w, https:\/\/gorzow.news\/wp-content\/uploads\/2023\/05\/IMG_20230513_094912_2-1068x505.jpg?v=1685528657 1068w\" sizes=\"(max-width: 1600px) 100vw, 1600px\" alt=\"\">\r\n                            <\/a>\r\n                            \r\n                        <\/figure>\r\n                    <\/div>\r\n                    <div class = \"td-slide-item td-item3\">\r\n                        <figure class=\"td-slide-galery-figure td-slide-popup-gallery\">\r\n                            <a class=\"slide-gallery-image-link\" href=\"https:\/\/gorzow.news\/wp-content\/uploads\/2023\/05\/IMG_20230513_094916_1.jpg?v=1685528660\" title=\"\"  data-caption=\"\"  data-description=\"\">\r\n                                <img decoding=\"async\" src=\"https:\/\/gorzow.news\/wp-content\/uploads\/2023\/05\/IMG_20230513_094916_1.jpg?v=1685528660\" srcset=\"https:\/\/gorzow.news\/wp-content\/uploads\/2023\/05\/IMG_20230513_094916_1.jpg?v=1685528660 1600w, https:\/\/gorzow.news\/wp-content\/uploads\/2023\/05\/IMG_20230513_094916_1-300x142.jpg?v=1685528660 300w, https:\/\/gorzow.news\/wp-content\/uploads\/2023\/05\/IMG_20230513_094916_1-1024x484.jpg?v=1685528660 1024w, https:\/\/gorzow.news\/wp-content\/uploads\/2023\/05\/IMG_20230513_094916_1-768x363.jpg?v=1685528660 768w, https:\/\/gorzow.news\/wp-content\/uploads\/2023\/05\/IMG_20230513_094916_1-1536x727.jpg?v=1685528660 1536w, https:\/\/gorzow.news\/wp-content\/uploads\/2023\/05\/IMG_20230513_094916_1-696x329.jpg?v=1685528660 696w, https:\/\/gorzow.news\/wp-content\/uploads\/2023\/05\/IMG_20230513_094916_1-1068x505.jpg?v=1685528660 1068w\" sizes=\"(max-width: 1600px) 100vw, 1600px\" alt=\"\">\r\n                            <\/a>\r\n                            \r\n                        <\/figure>\r\n                    <\/div>\r\n                    <div class = \"td-slide-item td-item4\">\r\n                        <figure class=\"td-slide-galery-figure td-slide-popup-gallery\">\r\n                            <a class=\"slide-gallery-image-link\" href=\"https:\/\/gorzow.news\/wp-content\/uploads\/2023\/05\/IMG_20230513_094852-1.jpg?v=1685528651\" title=\"\"  data-caption=\"\"  data-description=\"\">\r\n                                <img decoding=\"async\" src=\"https:\/\/gorzow.news\/wp-content\/uploads\/2023\/05\/IMG_20230513_094852-1.jpg?v=1685528651\" srcset=\"https:\/\/gorzow.news\/wp-content\/uploads\/2023\/05\/IMG_20230513_094852-1.jpg?v=1685528651 1600w, https:\/\/gorzow.news\/wp-content\/uploads\/2023\/05\/IMG_20230513_094852-1-300x142.jpg?v=1685528651 300w, https:\/\/gorzow.news\/wp-content\/uploads\/2023\/05\/IMG_20230513_094852-1-1024x484.jpg?v=1685528651 1024w, https:\/\/gorzow.news\/wp-content\/uploads\/2023\/05\/IMG_20230513_094852-1-768x363.jpg?v=1685528651 768w, https:\/\/gorzow.news\/wp-content\/uploads\/2023\/05\/IMG_20230513_094852-1-1536x727.jpg?v=1685528651 1536w, https:\/\/gorzow.news\/wp-content\/uploads\/2023\/05\/IMG_20230513_094852-1-696x329.jpg?v=1685528651 696w, https:\/\/gorzow.news\/wp-content\/uploads\/2023\/05\/IMG_20230513_094852-1-1068x505.jpg?v=1685528651 1068w\" sizes=\"(max-width: 1600px) 100vw, 1600px\" alt=\"\">\r\n                            <\/a>\r\n                            \r\n                        <\/figure>\r\n                    <\/div>\r\n                            <\/div>\r\n                        <\/div>\r\n\r\n                        <div class = \"td-doubleSlider-2\">\r\n                            <div class = \"td-slider\">\r\n                                \r\n                    <div class = \"td-button td-item1\">\r\n                        <div class = \"td-border\"><\/div>\r\n                    <\/div>\r\n                    <div class = \"td-button td-item2\">\r\n                        <div class = \"td-border\"><\/div>\r\n                    <\/div>\r\n                    <div class = \"td-button td-item3\">\r\n                        <div class = \"td-border\"><\/div>\r\n                    <\/div>\r\n                    <div class = \"td-button td-item4\">\r\n                        <div class = \"td-border\"><\/div>\r\n                    <\/div>\r\n                            <\/div>\r\n                        <\/div>\r\n\r\n                    <\/div>\r\n\r\n                <\/div>\r\n                \n\n\n<p><strong>O zdewastowanym przej\u015bciu pisali\u015bmy tak\u017ce tutaj:<\/strong><br>&#8211; <a href=\"https:\/\/gorzow.news\/index.php\/2022\/03\/29\/czytelnik-przejscie-w-budynku-przy-starym-rynku-od-lat-straszy\/\">Czytelnik: Przej\u015bcie w budynku przy Starym Rynku od lat straszy!<\/a><br>&#8211; <a href=\"https:\/\/gorzow.news\/index.php\/2022\/06\/06\/lokal-w-zdewastowanym-przejsciu-pod-budynkiem-na-sikorskiego-do-wynajecia-znajdzie-sie-desperat\/\">Lokal w zdewastowanym przej\u015bciu pod budynkiem na Sikorskiego do wynaj\u0119cia\u2026 Znajdzie si\u0119 desperat?<\/a><\/p>\n\n\n\n<p><strong>Przeczytaj te\u017c:<\/strong><br>&#8211; <a href=\"https:\/\/gorzow.news\/index.php\/2023\/04\/20\/przy-targowej-otwiera-sie-artisan-kiedy-drugie-bistro-tej-sieci-powstanie-w-samym-centrum\/\">Przy Targowej otwiera si\u0119 Artisan! Kiedy? Drugie bistro tej sieci powstanie w samym centrum!<\/a><br>&#8211; <a href=\"https:\/\/gorzow.news\/index.php\/2023\/04\/18\/miasto-nie-ma-problemu-z-miejskimi-lokalami-wynajeto-kolejny-w-centrum-po-drogerii\/\">Miasto: Nie ma problemu z miejskimi lokalami. Wynaj\u0119to kolejny w centrum po drogerii<\/a><br>&#8211; <a href=\"https:\/\/gorzow.news\/index.php\/2021\/10\/22\/pijalni-wodki-i-piwa-na-sikorskiego-juz-nie-ma-musiala-upasc\/\">Pijalni W\u00f3dki i Piwa na Sikorskiego ju\u017c nie ma! Musia\u0142a upa\u015b\u0107!<\/a><\/p>\n","protected":false},"excerpt":{"rendered":"<p>Zdewastowanym przej\u015bciem w budynku przy ul. Sikorskiego zajmowali\u015bmy si\u0119 ju\u017c dwukrotnie. Najpierw w marcu ubieg\u0142ego roku opublikowali\u015bmy zdj\u0119cia przes\u0142ane przez naszego czytelnika, kt\u00f3ry zastanawia\u0142 si\u0119 kiedy wreszcie to miejsce zostanie uporz\u0105dkowane. Trzy miesi\u0105ce p\u00f3\u017aniej ukaza\u0142o si\u0119 og\u0142oszenie o mo\u017cliwo\u015bci wynajmu opuszczonych od lat lokali w przej\u015bciu. Jak mo\u017cna by\u0142o si\u0119 spodziewa\u0107 nie znalaz\u0142 si\u0119 najemca. Do dzi\u015b przej\u015bcie nie zosta\u0142o r\u00f3wnie\u017c uporz\u0105dkowane. \u015amia\u0142o mo\u017cna stwierdzi\u0107, \u017ce jego stan z miesi\u0105ca na miesi\u0105c si\u0119 pogarsza. A przej\u015bcie sta\u0142o si\u0119 miejscem weekendowych libacji\u2026<\/p>\n","protected":false},"author":1,"featured_media":12790,"comment_status":"open","ping_status":"open","sticky":false,"template":"","format":"standard","meta":{"footnotes":"","_links_to":"","_links_to_target":""},"categories":[2009,597,589],"tags":[469,1159,180,285,718],"class_list":{"0":"post-12789","1":"post","2":"type-post","3":"status-publish","4":"format-standard","5":"has-post-thumbnail","7":"category-centrum-srodmiescie","8":"category-fakty-opinie","9":"category-wiadomosci","10":"tag-hawelanska","11":"tag-marex","12":"tag-sikorskiego","13":"tag-stary-rynek","14":"tag-wieslaw-ciepiela"},"yoast_head":"<!-- This site is optimized with the Yoast SEO plugin v27.3 - https:\/\/yoast.com\/product\/yoast-seo-wordpress\/ -->\n<title>Przej\u015bcie w budynku przy Starym Rynku zostanie wreszcie uporz\u0105dkowane? - Gorz\u00f3w News<\/title>\n<meta name=\"description\" content=\"Zdewastowanym przej\u015bciem w budynku przy ul. Sikorskiego zajmowali\u015bmy si\u0119 ju\u017c dwukrotnie. Najpierw w marcu ubieg\u0142ego roku opublikowali\u015bmy zdj\u0119ci\" \/>\n<meta name=\"robots\" content=\"index, follow, max-snippet:-1, max-image-preview:large, max-video-preview:-1\" \/>\n<link rel=\"canonical\" href=\"https:\/\/gorzow.news\/index.php\/2023\/05\/31\/przejscie-w-budynku-przy-starym-rynku-zostanie-wreszcie-uporzadkowane\/\" \/>\n<meta property=\"og:locale\" content=\"pl_PL\" \/>\n<meta property=\"og:type\" content=\"article\" \/>\n<meta property=\"og:title\" content=\"Przej\u015bcie w budynku przy Starym Rynku zostanie wreszcie uporz\u0105dkowane? - Gorz\u00f3w News\" \/>\n<meta property=\"og:description\" content=\"Zdewastowanym przej\u015bciem w budynku przy ul. Sikorskiego zajmowali\u015bmy si\u0119 ju\u017c dwukrotnie. Najpierw w marcu ubieg\u0142ego roku opublikowali\u015bmy zdj\u0119ci\" \/>\n<meta property=\"og:url\" content=\"https:\/\/gorzow.news\/index.php\/2023\/05\/31\/przejscie-w-budynku-przy-starym-rynku-zostanie-wreszcie-uporzadkowane\/\" \/>\n<meta property=\"og:site_name\" content=\"Gorz\u00f3w News\" \/>\n<meta property=\"article:publisher\" content=\"https:\/\/www.facebook.com\/gorzowskinews\" \/>\n<meta property=\"article:published_time\" content=\"2023-05-31T10:25:13+00:00\" \/>\n<meta property=\"article:modified_time\" content=\"2023-05-31T10:25:15+00:00\" \/>\n<meta property=\"og:image\" content=\"https:\/\/gorzow.news\/wp-content\/uploads\/2023\/05\/IMG_20230513_094852.jpg\" \/>\n\t<meta property=\"og:image:width\" content=\"1600\" \/>\n\t<meta property=\"og:image:height\" content=\"757\" \/>\n\t<meta property=\"og:image:type\" content=\"image\/jpeg\" \/>\n<meta name=\"author\" content=\"maciej\" \/>\n<meta name=\"twitter:card\" content=\"summary_large_image\" \/>\n<meta name=\"twitter:label1\" content=\"Napisane przez\" \/>\n\t<meta name=\"twitter:data1\" content=\"maciej\" \/>\n\t<meta name=\"twitter:label2\" content=\"Szacowany czas czytania\" \/>\n\t<meta name=\"twitter:data2\" content=\"3 minuty\" \/>\n<script type=\"application\/ld+json\" class=\"yoast-schema-graph\">{\"@context\":\"https:\\\/\\\/schema.org\",\"@graph\":[{\"@type\":\"Article\",\"@id\":\"https:\\\/\\\/gorzow.news\\\/index.php\\\/2023\\\/05\\\/31\\\/przejscie-w-budynku-przy-starym-rynku-zostanie-wreszcie-uporzadkowane\\\/#article\",\"isPartOf\":{\"@id\":\"https:\\\/\\\/gorzow.news\\\/index.php\\\/2023\\\/05\\\/31\\\/przejscie-w-budynku-przy-starym-rynku-zostanie-wreszcie-uporzadkowane\\\/\"},\"author\":{\"name\":\"maciej\",\"@id\":\"https:\\\/\\\/gorzow.news\\\/#\\\/schema\\\/person\\\/a1e5ab43166369f2ce236a1cd90995bb\"},\"headline\":\"Przej\u015bcie w budynku przy Starym Rynku zostanie wreszcie uporz\u0105dkowane?\",\"datePublished\":\"2023-05-31T10:25:13+00:00\",\"dateModified\":\"2023-05-31T10:25:15+00:00\",\"mainEntityOfPage\":{\"@id\":\"https:\\\/\\\/gorzow.news\\\/index.php\\\/2023\\\/05\\\/31\\\/przejscie-w-budynku-przy-starym-rynku-zostanie-wreszcie-uporzadkowane\\\/\"},\"wordCount\":518,\"commentCount\":0,\"image\":{\"@id\":\"https:\\\/\\\/gorzow.news\\\/index.php\\\/2023\\\/05\\\/31\\\/przejscie-w-budynku-przy-starym-rynku-zostanie-wreszcie-uporzadkowane\\\/#primaryimage\"},\"thumbnailUrl\":\"https:\\\/\\\/gorzow.news\\\/wp-content\\\/uploads\\\/2023\\\/05\\\/IMG_20230513_094852.jpg\",\"keywords\":[\"Hawela\u0144ska\",\"Marex\",\"Sikorskiego\",\"Stary Rynek\",\"Wies\u0142aw Ciepiela\"],\"articleSection\":[\"Centrum \\\/ \u015ar\u00f3dmie\u015bcie\",\"Fakty i opinie\",\"Wiadomo\u015bci\"],\"inLanguage\":\"pl-PL\",\"potentialAction\":[{\"@type\":\"CommentAction\",\"name\":\"Comment\",\"target\":[\"https:\\\/\\\/gorzow.news\\\/index.php\\\/2023\\\/05\\\/31\\\/przejscie-w-budynku-przy-starym-rynku-zostanie-wreszcie-uporzadkowane\\\/#respond\"]}]},{\"@type\":\"WebPage\",\"@id\":\"https:\\\/\\\/gorzow.news\\\/index.php\\\/2023\\\/05\\\/31\\\/przejscie-w-budynku-przy-starym-rynku-zostanie-wreszcie-uporzadkowane\\\/\",\"url\":\"https:\\\/\\\/gorzow.news\\\/index.php\\\/2023\\\/05\\\/31\\\/przejscie-w-budynku-przy-starym-rynku-zostanie-wreszcie-uporzadkowane\\\/\",\"name\":\"Przej\u015bcie w budynku przy Starym Rynku zostanie wreszcie uporz\u0105dkowane? - Gorz\u00f3w News\",\"isPartOf\":{\"@id\":\"https:\\\/\\\/gorzow.news\\\/#website\"},\"primaryImageOfPage\":{\"@id\":\"https:\\\/\\\/gorzow.news\\\/index.php\\\/2023\\\/05\\\/31\\\/przejscie-w-budynku-przy-starym-rynku-zostanie-wreszcie-uporzadkowane\\\/#primaryimage\"},\"image\":{\"@id\":\"https:\\\/\\\/gorzow.news\\\/index.php\\\/2023\\\/05\\\/31\\\/przejscie-w-budynku-przy-starym-rynku-zostanie-wreszcie-uporzadkowane\\\/#primaryimage\"},\"thumbnailUrl\":\"https:\\\/\\\/gorzow.news\\\/wp-content\\\/uploads\\\/2023\\\/05\\\/IMG_20230513_094852.jpg\",\"datePublished\":\"2023-05-31T10:25:13+00:00\",\"dateModified\":\"2023-05-31T10:25:15+00:00\",\"author\":{\"@id\":\"https:\\\/\\\/gorzow.news\\\/#\\\/schema\\\/person\\\/a1e5ab43166369f2ce236a1cd90995bb\"},\"description\":\"Zdewastowanym przej\u015bciem w budynku przy ul. Sikorskiego zajmowali\u015bmy si\u0119 ju\u017c dwukrotnie. Najpierw w marcu ubieg\u0142ego roku opublikowali\u015bmy zdj\u0119cia przes\u0142ane przez naszego czytelnika, kt\u00f3ry zastanawia\u0142 si\u0119 kiedy wreszcie to miejsce zostanie uporz\u0105dkowane. Trzy miesi\u0105ce p\u00f3\u017aniej ukaza\u0142o si\u0119 og\u0142oszenie o mo\u017cliwo\u015bci wynajmu opuszczonych od lat lokali w przej\u015bciu. Jak mo\u017cna by\u0142o si\u0119 spodziewa\u0107 nie znalaz\u0142 si\u0119 najemca. Do dzi\u015b przej\u015bcie nie zosta\u0142o r\u00f3wnie\u017c uporz\u0105dkowane. \u015amia\u0142o mo\u017cna stwierdzi\u0107, \u017ce jego stan z miesi\u0105ca na miesi\u0105c si\u0119 pogarsza. A przej\u015bcie sta\u0142o si\u0119 miejscem weekendowych libacji\u2026\",\"breadcrumb\":{\"@id\":\"https:\\\/\\\/gorzow.news\\\/index.php\\\/2023\\\/05\\\/31\\\/przejscie-w-budynku-przy-starym-rynku-zostanie-wreszcie-uporzadkowane\\\/#breadcrumb\"},\"inLanguage\":\"pl-PL\",\"potentialAction\":[{\"@type\":\"ReadAction\",\"target\":[\"https:\\\/\\\/gorzow.news\\\/index.php\\\/2023\\\/05\\\/31\\\/przejscie-w-budynku-przy-starym-rynku-zostanie-wreszcie-uporzadkowane\\\/\"]}]},{\"@type\":\"ImageObject\",\"inLanguage\":\"pl-PL\",\"@id\":\"https:\\\/\\\/gorzow.news\\\/index.php\\\/2023\\\/05\\\/31\\\/przejscie-w-budynku-przy-starym-rynku-zostanie-wreszcie-uporzadkowane\\\/#primaryimage\",\"url\":\"https:\\\/\\\/gorzow.news\\\/wp-content\\\/uploads\\\/2023\\\/05\\\/IMG_20230513_094852.jpg\",\"contentUrl\":\"https:\\\/\\\/gorzow.news\\\/wp-content\\\/uploads\\\/2023\\\/05\\\/IMG_20230513_094852.jpg\",\"width\":1600,\"height\":757,\"caption\":\"Zdewastowane przej\u015bcie w budynku przy ul. Sikorskiego. Tu\u017c przy Starym Rynku. Czy to miejsce zostanie wreszcie uporz\u0105dkowane?\"},{\"@type\":\"BreadcrumbList\",\"@id\":\"https:\\\/\\\/gorzow.news\\\/index.php\\\/2023\\\/05\\\/31\\\/przejscie-w-budynku-przy-starym-rynku-zostanie-wreszcie-uporzadkowane\\\/#breadcrumb\",\"itemListElement\":[{\"@type\":\"ListItem\",\"position\":1,\"name\":\"Home\",\"item\":\"https:\\\/\\\/gorzow.news\\\/\"},{\"@type\":\"ListItem\",\"position\":2,\"name\":\"Przej\u015bcie w budynku przy Starym Rynku zostanie wreszcie uporz\u0105dkowane?\"}]},{\"@type\":\"WebSite\",\"@id\":\"https:\\\/\\\/gorzow.news\\\/#website\",\"url\":\"https:\\\/\\\/gorzow.news\\\/\",\"name\":\"Gorz\u00f3w News\",\"description\":\"Sp\u00f3jrz inaczej na miato i region...\",\"potentialAction\":[{\"@type\":\"SearchAction\",\"target\":{\"@type\":\"EntryPoint\",\"urlTemplate\":\"https:\\\/\\\/gorzow.news\\\/?s={search_term_string}\"},\"query-input\":{\"@type\":\"PropertyValueSpecification\",\"valueRequired\":true,\"valueName\":\"search_term_string\"}}],\"inLanguage\":\"pl-PL\"},{\"@type\":\"Person\",\"@id\":\"https:\\\/\\\/gorzow.news\\\/#\\\/schema\\\/person\\\/a1e5ab43166369f2ce236a1cd90995bb\",\"name\":\"maciej\",\"image\":{\"@type\":\"ImageObject\",\"inLanguage\":\"pl-PL\",\"@id\":\"https:\\\/\\\/secure.gravatar.com\\\/avatar\\\/530a674d56ba60cfa0ef21d74e8e8d123a51bb7aa6580465b5c2ab2c2e980a19?s=96&r=g&d=https:\\\/\\\/gorzow.news\\\/wp-content\\\/plugins\\\/userswp\\\/assets\\\/images\\\/no_profile.png\",\"url\":\"https:\\\/\\\/secure.gravatar.com\\\/avatar\\\/530a674d56ba60cfa0ef21d74e8e8d123a51bb7aa6580465b5c2ab2c2e980a19?s=96&r=g&d=https:\\\/\\\/gorzow.news\\\/wp-content\\\/plugins\\\/userswp\\\/assets\\\/images\\\/no_profile.png\",\"contentUrl\":\"https:\\\/\\\/secure.gravatar.com\\\/avatar\\\/530a674d56ba60cfa0ef21d74e8e8d123a51bb7aa6580465b5c2ab2c2e980a19?s=96&r=g&d=https:\\\/\\\/gorzow.news\\\/wp-content\\\/plugins\\\/userswp\\\/assets\\\/images\\\/no_profile.png\",\"caption\":\"maciej\"},\"url\":\"https:\\\/\\\/gorzow.news\\\/index.php\\\/profile\\\/maciej\\\/\"}]}<\/script>\n<!-- \/ Yoast SEO plugin. -->","yoast_head_json":{"title":"Przej\u015bcie w budynku przy Starym Rynku zostanie wreszcie uporz\u0105dkowane? - Gorz\u00f3w News","description":"Zdewastowanym przej\u015bciem w budynku przy ul. Sikorskiego zajmowali\u015bmy si\u0119 ju\u017c dwukrotnie. Najpierw w marcu ubieg\u0142ego roku opublikowali\u015bmy zdj\u0119ci","robots":{"index":"index","follow":"follow","max-snippet":"max-snippet:-1","max-image-preview":"max-image-preview:large","max-video-preview":"max-video-preview:-1"},"canonical":"https:\/\/gorzow.news\/index.php\/2023\/05\/31\/przejscie-w-budynku-przy-starym-rynku-zostanie-wreszcie-uporzadkowane\/","og_locale":"pl_PL","og_type":"article","og_title":"Przej\u015bcie w budynku przy Starym Rynku zostanie wreszcie uporz\u0105dkowane? - Gorz\u00f3w News","og_description":"Zdewastowanym przej\u015bciem w budynku przy ul. Sikorskiego zajmowali\u015bmy si\u0119 ju\u017c dwukrotnie. Najpierw w marcu ubieg\u0142ego roku opublikowali\u015bmy zdj\u0119ci","og_url":"https:\/\/gorzow.news\/index.php\/2023\/05\/31\/przejscie-w-budynku-przy-starym-rynku-zostanie-wreszcie-uporzadkowane\/","og_site_name":"Gorz\u00f3w News","article_publisher":"https:\/\/www.facebook.com\/gorzowskinews","article_published_time":"2023-05-31T10:25:13+00:00","article_modified_time":"2023-05-31T10:25:15+00:00","og_image":[{"width":1600,"height":757,"url":"https:\/\/gorzow.news\/wp-content\/uploads\/2023\/05\/IMG_20230513_094852.jpg","type":"image\/jpeg"}],"author":"maciej","twitter_card":"summary_large_image","twitter_misc":{"Napisane przez":"maciej","Szacowany czas czytania":"3 minuty"},"schema":{"@context":"https:\/\/schema.org","@graph":[{"@type":"Article","@id":"https:\/\/gorzow.news\/index.php\/2023\/05\/31\/przejscie-w-budynku-przy-starym-rynku-zostanie-wreszcie-uporzadkowane\/#article","isPartOf":{"@id":"https:\/\/gorzow.news\/index.php\/2023\/05\/31\/przejscie-w-budynku-przy-starym-rynku-zostanie-wreszcie-uporzadkowane\/"},"author":{"name":"maciej","@id":"https:\/\/gorzow.news\/#\/schema\/person\/a1e5ab43166369f2ce236a1cd90995bb"},"headline":"Przej\u015bcie w budynku przy Starym Rynku zostanie wreszcie uporz\u0105dkowane?","datePublished":"2023-05-31T10:25:13+00:00","dateModified":"2023-05-31T10:25:15+00:00","mainEntityOfPage":{"@id":"https:\/\/gorzow.news\/index.php\/2023\/05\/31\/przejscie-w-budynku-przy-starym-rynku-zostanie-wreszcie-uporzadkowane\/"},"wordCount":518,"commentCount":0,"image":{"@id":"https:\/\/gorzow.news\/index.php\/2023\/05\/31\/przejscie-w-budynku-przy-starym-rynku-zostanie-wreszcie-uporzadkowane\/#primaryimage"},"thumbnailUrl":"https:\/\/gorzow.news\/wp-content\/uploads\/2023\/05\/IMG_20230513_094852.jpg","keywords":["Hawela\u0144ska","Marex","Sikorskiego","Stary Rynek","Wies\u0142aw Ciepiela"],"articleSection":["Centrum \/ \u015ar\u00f3dmie\u015bcie","Fakty i opinie","Wiadomo\u015bci"],"inLanguage":"pl-PL","potentialAction":[{"@type":"CommentAction","name":"Comment","target":["https:\/\/gorzow.news\/index.php\/2023\/05\/31\/przejscie-w-budynku-przy-starym-rynku-zostanie-wreszcie-uporzadkowane\/#respond"]}]},{"@type":"WebPage","@id":"https:\/\/gorzow.news\/index.php\/2023\/05\/31\/przejscie-w-budynku-przy-starym-rynku-zostanie-wreszcie-uporzadkowane\/","url":"https:\/\/gorzow.news\/index.php\/2023\/05\/31\/przejscie-w-budynku-przy-starym-rynku-zostanie-wreszcie-uporzadkowane\/","name":"Przej\u015bcie w budynku przy Starym Rynku zostanie wreszcie uporz\u0105dkowane? - Gorz\u00f3w News","isPartOf":{"@id":"https:\/\/gorzow.news\/#website"},"primaryImageOfPage":{"@id":"https:\/\/gorzow.news\/index.php\/2023\/05\/31\/przejscie-w-budynku-przy-starym-rynku-zostanie-wreszcie-uporzadkowane\/#primaryimage"},"image":{"@id":"https:\/\/gorzow.news\/index.php\/2023\/05\/31\/przejscie-w-budynku-przy-starym-rynku-zostanie-wreszcie-uporzadkowane\/#primaryimage"},"thumbnailUrl":"https:\/\/gorzow.news\/wp-content\/uploads\/2023\/05\/IMG_20230513_094852.jpg","datePublished":"2023-05-31T10:25:13+00:00","dateModified":"2023-05-31T10:25:15+00:00","author":{"@id":"https:\/\/gorzow.news\/#\/schema\/person\/a1e5ab43166369f2ce236a1cd90995bb"},"description":"Zdewastowanym przej\u015bciem w budynku przy ul. Sikorskiego zajmowali\u015bmy si\u0119 ju\u017c dwukrotnie. Najpierw w marcu ubieg\u0142ego roku opublikowali\u015bmy zdj\u0119cia przes\u0142ane przez naszego czytelnika, kt\u00f3ry zastanawia\u0142 si\u0119 kiedy wreszcie to miejsce zostanie uporz\u0105dkowane. Trzy miesi\u0105ce p\u00f3\u017aniej ukaza\u0142o si\u0119 og\u0142oszenie o mo\u017cliwo\u015bci wynajmu opuszczonych od lat lokali w przej\u015bciu. Jak mo\u017cna by\u0142o si\u0119 spodziewa\u0107 nie znalaz\u0142 si\u0119 najemca. Do dzi\u015b przej\u015bcie nie zosta\u0142o r\u00f3wnie\u017c uporz\u0105dkowane. \u015amia\u0142o mo\u017cna stwierdzi\u0107, \u017ce jego stan z miesi\u0105ca na miesi\u0105c si\u0119 pogarsza. A przej\u015bcie sta\u0142o si\u0119 miejscem weekendowych libacji\u2026","breadcrumb":{"@id":"https:\/\/gorzow.news\/index.php\/2023\/05\/31\/przejscie-w-budynku-przy-starym-rynku-zostanie-wreszcie-uporzadkowane\/#breadcrumb"},"inLanguage":"pl-PL","potentialAction":[{"@type":"ReadAction","target":["https:\/\/gorzow.news\/index.php\/2023\/05\/31\/przejscie-w-budynku-przy-starym-rynku-zostanie-wreszcie-uporzadkowane\/"]}]},{"@type":"ImageObject","inLanguage":"pl-PL","@id":"https:\/\/gorzow.news\/index.php\/2023\/05\/31\/przejscie-w-budynku-przy-starym-rynku-zostanie-wreszcie-uporzadkowane\/#primaryimage","url":"https:\/\/gorzow.news\/wp-content\/uploads\/2023\/05\/IMG_20230513_094852.jpg","contentUrl":"https:\/\/gorzow.news\/wp-content\/uploads\/2023\/05\/IMG_20230513_094852.jpg","width":1600,"height":757,"caption":"Zdewastowane przej\u015bcie w budynku przy ul. Sikorskiego. Tu\u017c przy Starym Rynku. Czy to miejsce zostanie wreszcie uporz\u0105dkowane?"},{"@type":"BreadcrumbList","@id":"https:\/\/gorzow.news\/index.php\/2023\/05\/31\/przejscie-w-budynku-przy-starym-rynku-zostanie-wreszcie-uporzadkowane\/#breadcrumb","itemListElement":[{"@type":"ListItem","position":1,"name":"Home","item":"https:\/\/gorzow.news\/"},{"@type":"ListItem","position":2,"name":"Przej\u015bcie w budynku przy Starym Rynku zostanie wreszcie uporz\u0105dkowane?"}]},{"@type":"WebSite","@id":"https:\/\/gorzow.news\/#website","url":"https:\/\/gorzow.news\/","name":"Gorz\u00f3w News","description":"Sp\u00f3jrz inaczej na miato i region...","potentialAction":[{"@type":"SearchAction","target":{"@type":"EntryPoint","urlTemplate":"https:\/\/gorzow.news\/?s={search_term_string}"},"query-input":{"@type":"PropertyValueSpecification","valueRequired":true,"valueName":"search_term_string"}}],"inLanguage":"pl-PL"},{"@type":"Person","@id":"https:\/\/gorzow.news\/#\/schema\/person\/a1e5ab43166369f2ce236a1cd90995bb","name":"maciej","image":{"@type":"ImageObject","inLanguage":"pl-PL","@id":"https:\/\/secure.gravatar.com\/avatar\/530a674d56ba60cfa0ef21d74e8e8d123a51bb7aa6580465b5c2ab2c2e980a19?s=96&r=g&d=https:\/\/gorzow.news\/wp-content\/plugins\/userswp\/assets\/images\/no_profile.png","url":"https:\/\/secure.gravatar.com\/avatar\/530a674d56ba60cfa0ef21d74e8e8d123a51bb7aa6580465b5c2ab2c2e980a19?s=96&r=g&d=https:\/\/gorzow.news\/wp-content\/plugins\/userswp\/assets\/images\/no_profile.png","contentUrl":"https:\/\/secure.gravatar.com\/avatar\/530a674d56ba60cfa0ef21d74e8e8d123a51bb7aa6580465b5c2ab2c2e980a19?s=96&r=g&d=https:\/\/gorzow.news\/wp-content\/plugins\/userswp\/assets\/images\/no_profile.png","caption":"maciej"},"url":"https:\/\/gorzow.news\/index.php\/profile\/maciej\/"}]}},"_links":{"self":[{"href":"https:\/\/gorzow.news\/index.php\/wp-json\/wp\/v2\/posts\/12789","targetHints":{"allow":["GET"]}}],"collection":[{"href":"https:\/\/gorzow.news\/index.php\/wp-json\/wp\/v2\/posts"}],"about":[{"href":"https:\/\/gorzow.news\/index.php\/wp-json\/wp\/v2\/types\/post"}],"author":[{"embeddable":true,"href":"https:\/\/gorzow.news\/index.php\/wp-json\/wp\/v2\/users\/1"}],"replies":[{"embeddable":true,"href":"https:\/\/gorzow.news\/index.php\/wp-json\/wp\/v2\/comments?post=12789"}],"version-history":[{"count":0,"href":"https:\/\/gorzow.news\/index.php\/wp-json\/wp\/v2\/posts\/12789\/revisions"}],"wp:featuredmedia":[{"embeddable":true,"href":"https:\/\/gorzow.news\/index.php\/wp-json\/wp\/v2\/media\/12790"}],"wp:attachment":[{"href":"https:\/\/gorzow.news\/index.php\/wp-json\/wp\/v2\/media?parent=12789"}],"wp:term":[{"taxonomy":"category","embeddable":true,"href":"https:\/\/gorzow.news\/index.php\/wp-json\/wp\/v2\/categories?post=12789"},{"taxonomy":"post_tag","embeddable":true,"href":"https:\/\/gorzow.news\/index.php\/wp-json\/wp\/v2\/tags?post=12789"}],"curies":[{"name":"wp","href":"https:\/\/api.w.org\/{rel}","templated":true}]}}