{"id":12358,"date":"2023-04-24T00:02:18","date_gmt":"2023-04-23T22:02:18","guid":{"rendered":"https:\/\/gorzow.news\/?p=12358"},"modified":"2023-04-24T00:02:19","modified_gmt":"2023-04-23T22:02:19","slug":"kosynierow-gdynskich-rusza-przebudowa-wodociagu-zmiany-w-organizacji-ruchu-co-z-autobusami","status":"publish","type":"post","link":"https:\/\/gorzow.news\/index.php\/2023\/04\/24\/kosynierow-gdynskich-rusza-przebudowa-wodociagu-zmiany-w-organizacji-ruchu-co-z-autobusami\/","title":{"rendered":"Kosynier\u00f3w Gdy\u0144skich: Rusza przebudowa wodoci\u0105gu. Zmiany w organizacji ruchu! Co z autobusami?"},"content":{"rendered":"\n<p><strong>Dzi\u015b, tj. 24 kwietnia br. Przedsi\u0119biorstwo Wodoci\u0105g\u00f3w i Kanalizacji rozpocz\u0119cie pierwszy etap prac przy ul. Kos. Gdy\u0144skich, zwi\u0105zanych z wymian\u0105 sieci wodoci\u0105gowych wraz z przy\u0142\u0105czami oraz przebudow\u0105 studni kanalizacji sanitarnej. Wymiany doczeka si\u0119 r\u00f3wnie\u017c jedna z g\u0142\u00f3wnych sieci wodoci\u0105gowych. Dzi\u0119ki temu poprawi si\u0119 funkcjonowanie przesy\u0142u wody w du\u017cej cz\u0119\u015bci miasta. Modernizacja sieci zlokalizowana zostanie w jednej po\u0142owie pasa drogowego. Prace, zgodnie z czasow\u0105 organizacj\u0105 ruchu, podzielono na sze\u015b\u0107 etap\u00f3w. Inwestycja obejmie przebudow\u0119 wodoci\u0105gu na odcinku od IV LO do ul. Mo\u015bcickiego.<\/strong><\/p>\n\n\n\n<p>Zakres I etapu prac \u2013 wykonanie sieci wodoci\u0105gowej na odcinku od w\u0142\u0105czenia w ul. Kosynier\u00f3w Gdy\u0144skich (na wysoko\u015bci budynku nr 100) do w\u0142\u0105czenia w ul. W\u0142adys\u0142awa \u0141okietka (na wysoko\u015bci budynku nr 2) oraz odcinek od wysoko\u015bci IV LO (ul. Kosynier\u00f3w Gdy\u0144skich 8) do wysoko\u015bci ul. 30-go Stycznia. Modernizacja sieci zlokalizowana zostanie w jednej po\u0142owie pasa drogowego.<\/p>\n\n\n\n<p><strong>Utrudnienia dla kierowc\u00f3w<\/strong><\/p>\n\n\n\n<p>Od dzi\u015b wprowadzone zostan\u0105 zmiany w organizacji ruchu obejmuj\u0105ce odcinek drogi od Ronda Kosynier\u00f3w Gdy\u0144skich do ul. 30-Stycznia oraz rondo Kosynier\u00f3w Gdy\u0144skich. Wprowadzony zostanie tu jeden kierunek ruchu w kierunku p\u00f3\u0142nocnym.<\/p>\n\n\n\n<p>Planowane jest zamkni\u0119cie wyjazdu z ul. Bohater\u00f3w Warszawy (ulica ta od ul. Moniuszki do ul. Kosynier\u00f3w Gdy\u0144skich b\u0119dzie drog\u0105 dwukierunkow\u0105 bez przejazdu z ograniczonym parkowaniem), a przystanek autobusowy przy liceum zostanie przeniesiony na ul. Armii polskiej (okolice budynku nr 15).<\/p>\n\n\n\n<p>Rondo przy IV LO pozostanie przejezdne. Nast\u0105pi tam jedynie zaw\u0119\u017cenie jezdni na wlotach oraz samym skrzy\u017cowaniu. Dodatkowo zostanie wyznaczony objazd z ulicy Kosynier\u00f3w Gdy\u0144skich do ulicy Estkowskiego, przez ulice: 30 Stycznia, \u0141okietka i Rondo Kosynier\u00f3w Gdy\u0144skich.<\/p>\n\n\n\n<p><strong>Zmiany w komunikacji miejskiej<\/strong><\/p>\n\n\n\n<p>od godziny 4:45 do odwo\u0142ania, z powodu zamkni\u0119cia dla ruchu ulicy Kosynier\u00f3w Gdy\u0144skich, na odcinku od ul. 30 Stycznia do ronda Kosynier\u00f3w Gdy\u0144skich, zostan\u0105 zmienione trasy linii autobusowych nr 100, 101, 104, 111, 124, 134, 136 i 511 w kierunku \u015br\u00f3dmie\u015bcia, kt\u00f3re od skrzy\u017cowania ulic Kosynier\u00f3w Gdy\u0144skich i E. Borowskiego pojad\u0105 ulicami: E. Borowskiego, Armii Polskiej, W\u0142. \u0141okietka i od ronda Kosynier\u00f3w Gdy\u0144skich powr\u00f3c\u0105 na sta\u0142e trasy. Nocna linia autobusowa nr 510 od skrzy\u017cowania ulic E. Borowskiego i Armii Polskiej pojedzie ulicami: Armii Polskiej, W\u0142. \u0141okietka i od ronda Kosynier\u00f3w Gdy\u0144skich powr\u00f3ci na sta\u0142\u0105 tras\u0119.<\/p>\n\n\n\n<p>W czasie funkcjonowania objazdu zawieszony zostanie przystanek Rondo Kosynier\u00f3w Gdy\u0144skich oraz zostanie uruchomiony przystanek tymczasowy przy ul. Armii Polskiej na odcinku pomi\u0119dzy ulicami 30 Stycznia i W\u0142. \u0141okietka w rejonie posesji nr 14 i 15.(Trasa objazdu na planie w za\u0142\u0105czeniu). Trasy jazdy w kierunkach powrotnych pozostaj\u0105 bez zmian.<\/p>\n\n\n\n<p><strong>O najwi\u0119kszej inwestycji drogowej w mie\u015bcie w tym roku przeczytasz r\u00f3wnie\u017c w innych naszych tekstach:<\/strong><br>&#8211; <a href=\"https:\/\/gorzow.news\/index.php\/2023\/04\/10\/przebudowa-slowianskiej-z-fredry-ruszaja-prace-zamkniecie-ulicy-jakie-objazdy-jakie-prace\/\">Przebudowa S\u0142owia\u0144skiej z Fredry: Ruszaj\u0105 prace! Zamkni\u0119cie ulicy. Jakie objazdy? Jakie prace?<\/a><br>&#8211; <a href=\"https:\/\/gorzow.news\/index.php\/2023\/04\/03\/pierwsze-prace-przy-budowie-ronda-przy-slowiance-trwa-wymiana-nawierzchni-starej-slowianskiej-zdjecia\/\">Pierwsze prace przy budowie ronda przy S\u0142owiance! Trwa wymiana nawierzchni starej S\u0142owia\u0144skiej (zdj\u0119cia)<\/a><br>&#8211; <a href=\"https:\/\/gorzow.news\/index.php\/2023\/03\/29\/ruszaja-prace-na-slowianskiej-od-dzis-zamkniety-stary-odcinek-drogi\/\">Ruszaj\u0105 prace na S\u0142owia\u0144skiej. Od dzi\u015b zamkni\u0119ty stary odcinek drogi!<\/a><br>&#8211; <a href=\"https:\/\/gorzow.news\/index.php\/2023\/03\/23\/kosynierow-gdynskich-i-slowianska-eurovia-podpisala-umowe-czas-na-pierwsze-prace-objazdy-mzk\/\">Kosynier\u00f3w Gdy\u0144skich i S\u0142owia\u0144ska: Eurovia podpisa\u0142a umow\u0119. Czas na pierwsze prace! Objazdy MZK!<\/a><br>&#8211; <a href=\"https:\/\/gorzow.news\/index.php\/2023\/02\/21\/trwaja-przygotowania-do-budowy-ronda-na-wysokosci-skrzyzowania-slowianskiej-z-fredry-zdjecia\/\">Trwaj\u0105 przygotowania do budowy ronda na wysoko\u015bci skrzy\u017cowania S\u0142owia\u0144skiej z Fredry (zdj\u0119cia)<\/a><br>&#8211; <a href=\"https:\/\/gorzow.news\/index.php\/2023\/02\/10\/przetarg-na-kosynierow-gdynskich-rozstrzygniety\/\">Przetarg na Kosynier\u00f3w Gdy\u0144skich rozstrzygni\u0119ty<\/a><br>&#8211; <a href=\"https:\/\/gorzow.news\/index.php\/2023\/01\/30\/kosynierow-gdynskich-i-slowianska-dwie-firmy-zglosily-sie-w-przetargu\/\">Kosynier\u00f3w Gdy\u0144skich i S\u0142owia\u0144ska: Dwie firmy zg\u0142osi\u0142y si\u0119 w przetargu<\/a><br>&#8211; <a href=\"https:\/\/gorzow.news\/index.php\/2023\/01\/02\/przetarg-na-remont-kosynierow-gdynskich-i-rondo-kolo-slowianki-ogloszony-jak-beda-wygladaly-skrzyzowania-projekty\/\">Przetarg na remont Kosynier\u00f3w Gdy\u0144skich i rondo ko\u0142o S\u0142owianki og\u0142oszony. Jak b\u0119d\u0105 wygl\u0105da\u0142y skrzy\u017cowania? (projekty)<\/a><\/p>\n\n\n\n<figure class=\"wp-block-image size-full\"><img loading=\"lazy\" decoding=\"async\" width=\"992\" height=\"625\" src=\"https:\/\/gorzow.news\/wp-content\/uploads\/2023\/04\/cropped-akt-fotob-4222.png\" alt=\"\" class=\"wp-image-12359\" srcset=\"https:\/\/gorzow.news\/wp-content\/uploads\/2023\/04\/cropped-akt-fotob-4222.png 992w, https:\/\/gorzow.news\/wp-content\/uploads\/2023\/04\/cropped-akt-fotob-4222-300x189.png 300w, https:\/\/gorzow.news\/wp-content\/uploads\/2023\/04\/cropped-akt-fotob-4222-768x484.png 768w, https:\/\/gorzow.news\/wp-content\/uploads\/2023\/04\/cropped-akt-fotob-4222-696x439.png 696w\" sizes=\"auto, (max-width: 992px) 100vw, 992px\" \/><\/figure>\n","protected":false},"excerpt":{"rendered":"<p>Dzi\u015b, tj. 24 kwietnia br. Przedsi\u0119biorstwo Wodoci\u0105g\u00f3w i Kanalizacji rozpocz\u0119cie pierwszy etap prac przy ul. Kos. Gdy\u0144skich, zwi\u0105zanych z wymian\u0105 sieci wodoci\u0105gowych wraz z przy\u0142\u0105czami oraz przebudow\u0105 studni kanalizacji sanitarnej. Wymiany doczeka si\u0119 r\u00f3wnie\u017c jedna z g\u0142\u00f3wnych sieci wodoci\u0105gowych. Dzi\u0119ki temu poprawi si\u0119 funkcjonowanie przesy\u0142u wody w du\u017cej cz\u0119\u015bci miasta. Modernizacja sieci zlokalizowana zostanie w jednej po\u0142owie pasa drogowego. Prace, zgodnie z czasow\u0105 organizacj\u0105 ruchu, podzielono na sze\u015b\u0107 etap\u00f3w. Inwestycja obejmie przebudow\u0119 wodoci\u0105gu na odcinku od IV LO do ul. Mo\u015bcickiego.<\/p>\n","protected":false},"author":1,"featured_media":12360,"comment_status":"open","ping_status":"open","sticky":false,"template":"","format":"standard","meta":{"footnotes":"","_links_to":"","_links_to_target":""},"categories":[2009,594,589],"tags":[375,282,376,362,2129],"class_list":{"0":"post-12358","1":"post","2":"type-post","3":"status-publish","4":"format-standard","5":"has-post-thumbnail","7":"category-centrum-srodmiescie","8":"category-info-ulice","9":"category-wiadomosci","11":"tag-kosynierow-gdynskich","12":"tag-lokietka","13":"tag-mzk","14":"tag-przedsiebiorstwo-wodociagow-i-kanalizacji"},"yoast_head":"<!-- This site is optimized with the Yoast SEO plugin v27.3 - https:\/\/yoast.com\/product\/yoast-seo-wordpress\/ -->\n<title>Kosynier\u00f3w Gdy\u0144skich: Rusza przebudowa wodoci\u0105gu. Zmiany w organizacji ruchu! Co z autobusami? - Gorz\u00f3w News<\/title>\n<meta name=\"description\" content=\"Dzi\u015b, tj. 24 kwietnia br. Przedsi\u0119biorstwo Wodoci\u0105g\u00f3w i Kanalizacji rozpocz\u0119cie pierwszy etap prac przy ul. Kos. Gdy\u0144skich, zwi\u0105zanych z wymian\" \/>\n<meta name=\"robots\" content=\"index, follow, max-snippet:-1, max-image-preview:large, max-video-preview:-1\" \/>\n<link rel=\"canonical\" href=\"https:\/\/gorzow.news\/index.php\/2023\/04\/24\/kosynierow-gdynskich-rusza-przebudowa-wodociagu-zmiany-w-organizacji-ruchu-co-z-autobusami\/\" \/>\n<meta property=\"og:locale\" content=\"pl_PL\" \/>\n<meta property=\"og:type\" content=\"article\" \/>\n<meta property=\"og:title\" content=\"Kosynier\u00f3w Gdy\u0144skich: Rusza przebudowa wodoci\u0105gu. Zmiany w organizacji ruchu! Co z autobusami? - Gorz\u00f3w News\" \/>\n<meta property=\"og:description\" content=\"Dzi\u015b, tj. 24 kwietnia br. Przedsi\u0119biorstwo Wodoci\u0105g\u00f3w i Kanalizacji rozpocz\u0119cie pierwszy etap prac przy ul. Kos. Gdy\u0144skich, zwi\u0105zanych z wymian\" \/>\n<meta property=\"og:url\" content=\"https:\/\/gorzow.news\/index.php\/2023\/04\/24\/kosynierow-gdynskich-rusza-przebudowa-wodociagu-zmiany-w-organizacji-ruchu-co-z-autobusami\/\" \/>\n<meta property=\"og:site_name\" content=\"Gorz\u00f3w News\" \/>\n<meta property=\"article:publisher\" content=\"https:\/\/www.facebook.com\/gorzowskinews\" \/>\n<meta property=\"article:published_time\" content=\"2023-04-23T22:02:18+00:00\" \/>\n<meta property=\"article:modified_time\" content=\"2023-04-23T22:02:19+00:00\" \/>\n<meta property=\"og:image\" content=\"https:\/\/gorzow.news\/wp-content\/uploads\/2023\/04\/kosy.jpg\" \/>\n\t<meta property=\"og:image:width\" content=\"1730\" \/>\n\t<meta property=\"og:image:height\" content=\"818\" \/>\n\t<meta property=\"og:image:type\" content=\"image\/jpeg\" \/>\n<meta name=\"author\" content=\"maciej\" \/>\n<meta name=\"twitter:card\" content=\"summary_large_image\" \/>\n<meta name=\"twitter:label1\" content=\"Napisane przez\" \/>\n\t<meta name=\"twitter:data1\" content=\"maciej\" \/>\n<script type=\"application\/ld+json\" class=\"yoast-schema-graph\">{\"@context\":\"https:\\\/\\\/schema.org\",\"@graph\":[{\"@type\":\"Article\",\"@id\":\"https:\\\/\\\/gorzow.news\\\/index.php\\\/2023\\\/04\\\/24\\\/kosynierow-gdynskich-rusza-przebudowa-wodociagu-zmiany-w-organizacji-ruchu-co-z-autobusami\\\/#article\",\"isPartOf\":{\"@id\":\"https:\\\/\\\/gorzow.news\\\/index.php\\\/2023\\\/04\\\/24\\\/kosynierow-gdynskich-rusza-przebudowa-wodociagu-zmiany-w-organizacji-ruchu-co-z-autobusami\\\/\"},\"author\":{\"name\":\"maciej\",\"@id\":\"https:\\\/\\\/gorzow.news\\\/#\\\/schema\\\/person\\\/a1e5ab43166369f2ce236a1cd90995bb\"},\"headline\":\"Kosynier\u00f3w Gdy\u0144skich: Rusza przebudowa wodoci\u0105gu. Zmiany w organizacji ruchu! Co z autobusami?\",\"datePublished\":\"2023-04-23T22:02:18+00:00\",\"dateModified\":\"2023-04-23T22:02:19+00:00\",\"mainEntityOfPage\":{\"@id\":\"https:\\\/\\\/gorzow.news\\\/index.php\\\/2023\\\/04\\\/24\\\/kosynierow-gdynskich-rusza-przebudowa-wodociagu-zmiany-w-organizacji-ruchu-co-z-autobusami\\\/\"},\"wordCount\":619,\"commentCount\":0,\"image\":{\"@id\":\"https:\\\/\\\/gorzow.news\\\/index.php\\\/2023\\\/04\\\/24\\\/kosynierow-gdynskich-rusza-przebudowa-wodociagu-zmiany-w-organizacji-ruchu-co-z-autobusami\\\/#primaryimage\"},\"thumbnailUrl\":\"https:\\\/\\\/gorzow.news\\\/wp-content\\\/uploads\\\/2023\\\/04\\\/kosy.jpg\",\"keywords\":[\"30 Stycznia\",\"Kosynier\u00f3w Gdy\u0144skich\",\"\u0141okietka\",\"MZK\",\"Przedsi\u0119biorstwo Wodoci\u0105g\u00f3w i Kanalizacji\"],\"articleSection\":[\"Centrum \\\/ \u015ar\u00f3dmie\u015bcie\",\"INFOulice\",\"Wiadomo\u015bci\"],\"inLanguage\":\"pl-PL\",\"potentialAction\":[{\"@type\":\"CommentAction\",\"name\":\"Comment\",\"target\":[\"https:\\\/\\\/gorzow.news\\\/index.php\\\/2023\\\/04\\\/24\\\/kosynierow-gdynskich-rusza-przebudowa-wodociagu-zmiany-w-organizacji-ruchu-co-z-autobusami\\\/#respond\"]}]},{\"@type\":\"WebPage\",\"@id\":\"https:\\\/\\\/gorzow.news\\\/index.php\\\/2023\\\/04\\\/24\\\/kosynierow-gdynskich-rusza-przebudowa-wodociagu-zmiany-w-organizacji-ruchu-co-z-autobusami\\\/\",\"url\":\"https:\\\/\\\/gorzow.news\\\/index.php\\\/2023\\\/04\\\/24\\\/kosynierow-gdynskich-rusza-przebudowa-wodociagu-zmiany-w-organizacji-ruchu-co-z-autobusami\\\/\",\"name\":\"Kosynier\u00f3w Gdy\u0144skich: Rusza przebudowa wodoci\u0105gu. Zmiany w organizacji ruchu! Co z autobusami? - Gorz\u00f3w News\",\"isPartOf\":{\"@id\":\"https:\\\/\\\/gorzow.news\\\/#website\"},\"primaryImageOfPage\":{\"@id\":\"https:\\\/\\\/gorzow.news\\\/index.php\\\/2023\\\/04\\\/24\\\/kosynierow-gdynskich-rusza-przebudowa-wodociagu-zmiany-w-organizacji-ruchu-co-z-autobusami\\\/#primaryimage\"},\"image\":{\"@id\":\"https:\\\/\\\/gorzow.news\\\/index.php\\\/2023\\\/04\\\/24\\\/kosynierow-gdynskich-rusza-przebudowa-wodociagu-zmiany-w-organizacji-ruchu-co-z-autobusami\\\/#primaryimage\"},\"thumbnailUrl\":\"https:\\\/\\\/gorzow.news\\\/wp-content\\\/uploads\\\/2023\\\/04\\\/kosy.jpg\",\"datePublished\":\"2023-04-23T22:02:18+00:00\",\"dateModified\":\"2023-04-23T22:02:19+00:00\",\"author\":{\"@id\":\"https:\\\/\\\/gorzow.news\\\/#\\\/schema\\\/person\\\/a1e5ab43166369f2ce236a1cd90995bb\"},\"description\":\"Dzi\u015b, tj. 24 kwietnia br. Przedsi\u0119biorstwo Wodoci\u0105g\u00f3w i Kanalizacji rozpocz\u0119cie pierwszy etap prac przy ul. Kos. Gdy\u0144skich, zwi\u0105zanych z wymian\u0105 sieci wodoci\u0105gowych wraz z przy\u0142\u0105czami oraz przebudow\u0105 studni kanalizacji sanitarnej. Wymiany doczeka si\u0119 r\u00f3wnie\u017c jedna z g\u0142\u00f3wnych sieci wodoci\u0105gowych. Dzi\u0119ki temu poprawi si\u0119 funkcjonowanie przesy\u0142u wody w du\u017cej cz\u0119\u015bci miasta. Modernizacja sieci zlokalizowana zostanie w jednej po\u0142owie pasa drogowego. Prace, zgodnie z czasow\u0105 organizacj\u0105 ruchu, podzielono na sze\u015b\u0107 etap\u00f3w. Inwestycja obejmie przebudow\u0119 wodoci\u0105gu na odcinku od IV LO do ul. Mo\u015bcickiego.\",\"breadcrumb\":{\"@id\":\"https:\\\/\\\/gorzow.news\\\/index.php\\\/2023\\\/04\\\/24\\\/kosynierow-gdynskich-rusza-przebudowa-wodociagu-zmiany-w-organizacji-ruchu-co-z-autobusami\\\/#breadcrumb\"},\"inLanguage\":\"pl-PL\",\"potentialAction\":[{\"@type\":\"ReadAction\",\"target\":[\"https:\\\/\\\/gorzow.news\\\/index.php\\\/2023\\\/04\\\/24\\\/kosynierow-gdynskich-rusza-przebudowa-wodociagu-zmiany-w-organizacji-ruchu-co-z-autobusami\\\/\"]}]},{\"@type\":\"ImageObject\",\"inLanguage\":\"pl-PL\",\"@id\":\"https:\\\/\\\/gorzow.news\\\/index.php\\\/2023\\\/04\\\/24\\\/kosynierow-gdynskich-rusza-przebudowa-wodociagu-zmiany-w-organizacji-ruchu-co-z-autobusami\\\/#primaryimage\",\"url\":\"https:\\\/\\\/gorzow.news\\\/wp-content\\\/uploads\\\/2023\\\/04\\\/kosy.jpg\",\"contentUrl\":\"https:\\\/\\\/gorzow.news\\\/wp-content\\\/uploads\\\/2023\\\/04\\\/kosy.jpg\",\"width\":1730,\"height\":818,\"caption\":\"Rozpoczyna si\u0119 I etap prac przy ul. Kos. Gdy\u0144skich, zwi\u0105zany z wymian\u0105 sieci wodoci\u0105gowych wraz z przy\u0142\u0105czami oraz przebudow\u0105 studni kanalizacji sanitarnej.\"},{\"@type\":\"BreadcrumbList\",\"@id\":\"https:\\\/\\\/gorzow.news\\\/index.php\\\/2023\\\/04\\\/24\\\/kosynierow-gdynskich-rusza-przebudowa-wodociagu-zmiany-w-organizacji-ruchu-co-z-autobusami\\\/#breadcrumb\",\"itemListElement\":[{\"@type\":\"ListItem\",\"position\":1,\"name\":\"Home\",\"item\":\"https:\\\/\\\/gorzow.news\\\/\"},{\"@type\":\"ListItem\",\"position\":2,\"name\":\"Kosynier\u00f3w Gdy\u0144skich: Rusza przebudowa wodoci\u0105gu. Zmiany w organizacji ruchu! Co z autobusami?\"}]},{\"@type\":\"WebSite\",\"@id\":\"https:\\\/\\\/gorzow.news\\\/#website\",\"url\":\"https:\\\/\\\/gorzow.news\\\/\",\"name\":\"Gorz\u00f3w News\",\"description\":\"Sp\u00f3jrz inaczej na miato i region...\",\"potentialAction\":[{\"@type\":\"SearchAction\",\"target\":{\"@type\":\"EntryPoint\",\"urlTemplate\":\"https:\\\/\\\/gorzow.news\\\/?s={search_term_string}\"},\"query-input\":{\"@type\":\"PropertyValueSpecification\",\"valueRequired\":true,\"valueName\":\"search_term_string\"}}],\"inLanguage\":\"pl-PL\"},{\"@type\":\"Person\",\"@id\":\"https:\\\/\\\/gorzow.news\\\/#\\\/schema\\\/person\\\/a1e5ab43166369f2ce236a1cd90995bb\",\"name\":\"maciej\",\"image\":{\"@type\":\"ImageObject\",\"inLanguage\":\"pl-PL\",\"@id\":\"https:\\\/\\\/secure.gravatar.com\\\/avatar\\\/530a674d56ba60cfa0ef21d74e8e8d123a51bb7aa6580465b5c2ab2c2e980a19?s=96&r=g&d=https:\\\/\\\/gorzow.news\\\/wp-content\\\/plugins\\\/userswp\\\/assets\\\/images\\\/no_profile.png\",\"url\":\"https:\\\/\\\/secure.gravatar.com\\\/avatar\\\/530a674d56ba60cfa0ef21d74e8e8d123a51bb7aa6580465b5c2ab2c2e980a19?s=96&r=g&d=https:\\\/\\\/gorzow.news\\\/wp-content\\\/plugins\\\/userswp\\\/assets\\\/images\\\/no_profile.png\",\"contentUrl\":\"https:\\\/\\\/secure.gravatar.com\\\/avatar\\\/530a674d56ba60cfa0ef21d74e8e8d123a51bb7aa6580465b5c2ab2c2e980a19?s=96&r=g&d=https:\\\/\\\/gorzow.news\\\/wp-content\\\/plugins\\\/userswp\\\/assets\\\/images\\\/no_profile.png\",\"caption\":\"maciej\"},\"url\":\"https:\\\/\\\/gorzow.news\\\/index.php\\\/profile\\\/maciej\\\/\"}]}<\/script>\n<!-- \/ Yoast SEO plugin. -->","yoast_head_json":{"title":"Kosynier\u00f3w Gdy\u0144skich: Rusza przebudowa wodoci\u0105gu. Zmiany w organizacji ruchu! Co z autobusami? - Gorz\u00f3w News","description":"Dzi\u015b, tj. 24 kwietnia br. Przedsi\u0119biorstwo Wodoci\u0105g\u00f3w i Kanalizacji rozpocz\u0119cie pierwszy etap prac przy ul. Kos. Gdy\u0144skich, zwi\u0105zanych z wymian","robots":{"index":"index","follow":"follow","max-snippet":"max-snippet:-1","max-image-preview":"max-image-preview:large","max-video-preview":"max-video-preview:-1"},"canonical":"https:\/\/gorzow.news\/index.php\/2023\/04\/24\/kosynierow-gdynskich-rusza-przebudowa-wodociagu-zmiany-w-organizacji-ruchu-co-z-autobusami\/","og_locale":"pl_PL","og_type":"article","og_title":"Kosynier\u00f3w Gdy\u0144skich: Rusza przebudowa wodoci\u0105gu. Zmiany w organizacji ruchu! Co z autobusami? - Gorz\u00f3w News","og_description":"Dzi\u015b, tj. 24 kwietnia br. Przedsi\u0119biorstwo Wodoci\u0105g\u00f3w i Kanalizacji rozpocz\u0119cie pierwszy etap prac przy ul. Kos. Gdy\u0144skich, zwi\u0105zanych z wymian","og_url":"https:\/\/gorzow.news\/index.php\/2023\/04\/24\/kosynierow-gdynskich-rusza-przebudowa-wodociagu-zmiany-w-organizacji-ruchu-co-z-autobusami\/","og_site_name":"Gorz\u00f3w News","article_publisher":"https:\/\/www.facebook.com\/gorzowskinews","article_published_time":"2023-04-23T22:02:18+00:00","article_modified_time":"2023-04-23T22:02:19+00:00","og_image":[{"width":1730,"height":818,"url":"https:\/\/gorzow.news\/wp-content\/uploads\/2023\/04\/kosy.jpg","type":"image\/jpeg"}],"author":"maciej","twitter_card":"summary_large_image","twitter_misc":{"Napisane przez":"maciej"},"schema":{"@context":"https:\/\/schema.org","@graph":[{"@type":"Article","@id":"https:\/\/gorzow.news\/index.php\/2023\/04\/24\/kosynierow-gdynskich-rusza-przebudowa-wodociagu-zmiany-w-organizacji-ruchu-co-z-autobusami\/#article","isPartOf":{"@id":"https:\/\/gorzow.news\/index.php\/2023\/04\/24\/kosynierow-gdynskich-rusza-przebudowa-wodociagu-zmiany-w-organizacji-ruchu-co-z-autobusami\/"},"author":{"name":"maciej","@id":"https:\/\/gorzow.news\/#\/schema\/person\/a1e5ab43166369f2ce236a1cd90995bb"},"headline":"Kosynier\u00f3w Gdy\u0144skich: Rusza przebudowa wodoci\u0105gu. Zmiany w organizacji ruchu! Co z autobusami?","datePublished":"2023-04-23T22:02:18+00:00","dateModified":"2023-04-23T22:02:19+00:00","mainEntityOfPage":{"@id":"https:\/\/gorzow.news\/index.php\/2023\/04\/24\/kosynierow-gdynskich-rusza-przebudowa-wodociagu-zmiany-w-organizacji-ruchu-co-z-autobusami\/"},"wordCount":619,"commentCount":0,"image":{"@id":"https:\/\/gorzow.news\/index.php\/2023\/04\/24\/kosynierow-gdynskich-rusza-przebudowa-wodociagu-zmiany-w-organizacji-ruchu-co-z-autobusami\/#primaryimage"},"thumbnailUrl":"https:\/\/gorzow.news\/wp-content\/uploads\/2023\/04\/kosy.jpg","keywords":["30 Stycznia","Kosynier\u00f3w Gdy\u0144skich","\u0141okietka","MZK","Przedsi\u0119biorstwo Wodoci\u0105g\u00f3w i Kanalizacji"],"articleSection":["Centrum \/ \u015ar\u00f3dmie\u015bcie","INFOulice","Wiadomo\u015bci"],"inLanguage":"pl-PL","potentialAction":[{"@type":"CommentAction","name":"Comment","target":["https:\/\/gorzow.news\/index.php\/2023\/04\/24\/kosynierow-gdynskich-rusza-przebudowa-wodociagu-zmiany-w-organizacji-ruchu-co-z-autobusami\/#respond"]}]},{"@type":"WebPage","@id":"https:\/\/gorzow.news\/index.php\/2023\/04\/24\/kosynierow-gdynskich-rusza-przebudowa-wodociagu-zmiany-w-organizacji-ruchu-co-z-autobusami\/","url":"https:\/\/gorzow.news\/index.php\/2023\/04\/24\/kosynierow-gdynskich-rusza-przebudowa-wodociagu-zmiany-w-organizacji-ruchu-co-z-autobusami\/","name":"Kosynier\u00f3w Gdy\u0144skich: Rusza przebudowa wodoci\u0105gu. Zmiany w organizacji ruchu! Co z autobusami? - Gorz\u00f3w News","isPartOf":{"@id":"https:\/\/gorzow.news\/#website"},"primaryImageOfPage":{"@id":"https:\/\/gorzow.news\/index.php\/2023\/04\/24\/kosynierow-gdynskich-rusza-przebudowa-wodociagu-zmiany-w-organizacji-ruchu-co-z-autobusami\/#primaryimage"},"image":{"@id":"https:\/\/gorzow.news\/index.php\/2023\/04\/24\/kosynierow-gdynskich-rusza-przebudowa-wodociagu-zmiany-w-organizacji-ruchu-co-z-autobusami\/#primaryimage"},"thumbnailUrl":"https:\/\/gorzow.news\/wp-content\/uploads\/2023\/04\/kosy.jpg","datePublished":"2023-04-23T22:02:18+00:00","dateModified":"2023-04-23T22:02:19+00:00","author":{"@id":"https:\/\/gorzow.news\/#\/schema\/person\/a1e5ab43166369f2ce236a1cd90995bb"},"description":"Dzi\u015b, tj. 24 kwietnia br. Przedsi\u0119biorstwo Wodoci\u0105g\u00f3w i Kanalizacji rozpocz\u0119cie pierwszy etap prac przy ul. Kos. Gdy\u0144skich, zwi\u0105zanych z wymian\u0105 sieci wodoci\u0105gowych wraz z przy\u0142\u0105czami oraz przebudow\u0105 studni kanalizacji sanitarnej. Wymiany doczeka si\u0119 r\u00f3wnie\u017c jedna z g\u0142\u00f3wnych sieci wodoci\u0105gowych. Dzi\u0119ki temu poprawi si\u0119 funkcjonowanie przesy\u0142u wody w du\u017cej cz\u0119\u015bci miasta. Modernizacja sieci zlokalizowana zostanie w jednej po\u0142owie pasa drogowego. Prace, zgodnie z czasow\u0105 organizacj\u0105 ruchu, podzielono na sze\u015b\u0107 etap\u00f3w. Inwestycja obejmie przebudow\u0119 wodoci\u0105gu na odcinku od IV LO do ul. Mo\u015bcickiego.","breadcrumb":{"@id":"https:\/\/gorzow.news\/index.php\/2023\/04\/24\/kosynierow-gdynskich-rusza-przebudowa-wodociagu-zmiany-w-organizacji-ruchu-co-z-autobusami\/#breadcrumb"},"inLanguage":"pl-PL","potentialAction":[{"@type":"ReadAction","target":["https:\/\/gorzow.news\/index.php\/2023\/04\/24\/kosynierow-gdynskich-rusza-przebudowa-wodociagu-zmiany-w-organizacji-ruchu-co-z-autobusami\/"]}]},{"@type":"ImageObject","inLanguage":"pl-PL","@id":"https:\/\/gorzow.news\/index.php\/2023\/04\/24\/kosynierow-gdynskich-rusza-przebudowa-wodociagu-zmiany-w-organizacji-ruchu-co-z-autobusami\/#primaryimage","url":"https:\/\/gorzow.news\/wp-content\/uploads\/2023\/04\/kosy.jpg","contentUrl":"https:\/\/gorzow.news\/wp-content\/uploads\/2023\/04\/kosy.jpg","width":1730,"height":818,"caption":"Rozpoczyna si\u0119 I etap prac przy ul. Kos. Gdy\u0144skich, zwi\u0105zany z wymian\u0105 sieci wodoci\u0105gowych wraz z przy\u0142\u0105czami oraz przebudow\u0105 studni kanalizacji sanitarnej."},{"@type":"BreadcrumbList","@id":"https:\/\/gorzow.news\/index.php\/2023\/04\/24\/kosynierow-gdynskich-rusza-przebudowa-wodociagu-zmiany-w-organizacji-ruchu-co-z-autobusami\/#breadcrumb","itemListElement":[{"@type":"ListItem","position":1,"name":"Home","item":"https:\/\/gorzow.news\/"},{"@type":"ListItem","position":2,"name":"Kosynier\u00f3w Gdy\u0144skich: Rusza przebudowa wodoci\u0105gu. Zmiany w organizacji ruchu! Co z autobusami?"}]},{"@type":"WebSite","@id":"https:\/\/gorzow.news\/#website","url":"https:\/\/gorzow.news\/","name":"Gorz\u00f3w News","description":"Sp\u00f3jrz inaczej na miato i region...","potentialAction":[{"@type":"SearchAction","target":{"@type":"EntryPoint","urlTemplate":"https:\/\/gorzow.news\/?s={search_term_string}"},"query-input":{"@type":"PropertyValueSpecification","valueRequired":true,"valueName":"search_term_string"}}],"inLanguage":"pl-PL"},{"@type":"Person","@id":"https:\/\/gorzow.news\/#\/schema\/person\/a1e5ab43166369f2ce236a1cd90995bb","name":"maciej","image":{"@type":"ImageObject","inLanguage":"pl-PL","@id":"https:\/\/secure.gravatar.com\/avatar\/530a674d56ba60cfa0ef21d74e8e8d123a51bb7aa6580465b5c2ab2c2e980a19?s=96&r=g&d=https:\/\/gorzow.news\/wp-content\/plugins\/userswp\/assets\/images\/no_profile.png","url":"https:\/\/secure.gravatar.com\/avatar\/530a674d56ba60cfa0ef21d74e8e8d123a51bb7aa6580465b5c2ab2c2e980a19?s=96&r=g&d=https:\/\/gorzow.news\/wp-content\/plugins\/userswp\/assets\/images\/no_profile.png","contentUrl":"https:\/\/secure.gravatar.com\/avatar\/530a674d56ba60cfa0ef21d74e8e8d123a51bb7aa6580465b5c2ab2c2e980a19?s=96&r=g&d=https:\/\/gorzow.news\/wp-content\/plugins\/userswp\/assets\/images\/no_profile.png","caption":"maciej"},"url":"https:\/\/gorzow.news\/index.php\/profile\/maciej\/"}]}},"_links":{"self":[{"href":"https:\/\/gorzow.news\/index.php\/wp-json\/wp\/v2\/posts\/12358","targetHints":{"allow":["GET"]}}],"collection":[{"href":"https:\/\/gorzow.news\/index.php\/wp-json\/wp\/v2\/posts"}],"about":[{"href":"https:\/\/gorzow.news\/index.php\/wp-json\/wp\/v2\/types\/post"}],"author":[{"embeddable":true,"href":"https:\/\/gorzow.news\/index.php\/wp-json\/wp\/v2\/users\/1"}],"replies":[{"embeddable":true,"href":"https:\/\/gorzow.news\/index.php\/wp-json\/wp\/v2\/comments?post=12358"}],"version-history":[{"count":0,"href":"https:\/\/gorzow.news\/index.php\/wp-json\/wp\/v2\/posts\/12358\/revisions"}],"wp:featuredmedia":[{"embeddable":true,"href":"https:\/\/gorzow.news\/index.php\/wp-json\/wp\/v2\/media\/12360"}],"wp:attachment":[{"href":"https:\/\/gorzow.news\/index.php\/wp-json\/wp\/v2\/media?parent=12358"}],"wp:term":[{"taxonomy":"category","embeddable":true,"href":"https:\/\/gorzow.news\/index.php\/wp-json\/wp\/v2\/categories?post=12358"},{"taxonomy":"post_tag","embeddable":true,"href":"https:\/\/gorzow.news\/index.php\/wp-json\/wp\/v2\/tags?post=12358"}],"curies":[{"name":"wp","href":"https:\/\/api.w.org\/{rel}","templated":true}]}}