{"id":12317,"date":"2023-04-17T09:50:48","date_gmt":"2023-04-17T07:50:48","guid":{"rendered":"https:\/\/gorzow.news\/?p=12317"},"modified":"2023-04-17T09:50:49","modified_gmt":"2023-04-17T07:50:49","slug":"pierwsze-koszenie-traw-przed-majowka","status":"publish","type":"post","link":"https:\/\/gorzow.news\/index.php\/2023\/04\/17\/pierwsze-koszenie-traw-przed-majowka\/","title":{"rendered":"Pierwsze koszenie traw przed maj\u00f3wk\u0105"},"content":{"rendered":"\n<p><strong>W Gorzowie rozpocz\u0119\u0142y si\u0119 pierwsze koszenia traw. Na pocz\u0105tek odbywaj\u0105 si\u0119 one na pojedynczych, wytypowanych lokalizacjach.<\/strong><\/p>\n\n\n\n<p>Koszenia na wybranych terenach prowadzone s\u0105 po to, by w rozpoczynaj\u0105cym obecnie sezonie wegetacyjnym wzrost traw by\u0142 r\u00f3wny, co poprawi walory estetyczne tych miejsc. Te tereny to m.in. skwer przy \u0141a\u017ani, skwer przy Szkole Podstawowej nr 17, czy skwer Wydarze\u0144 Gorzowskich 31 Sierpnia 1982 roku.<\/p>\n\n\n\n<p><strong>Wies\u0142aw Ciepiela<\/strong>, rzecznik prasowy Urz\u0119du Miasta:<\/p>\n\n\n\n<figure class=\"wp-block-audio\"><audio controls src=\"https:\/\/gorzow.news\/pliki\/pierwsze-koszenie-traw-23.m4a\"><\/audio><\/figure>\n\n\n\n<p>Od 17 kwietnia ruszaj\u0105 koszenia zwi\u0105zane z przygotowaniami do weekendu majowego.<\/p>\n\n\n\n<p>Prace b\u0119d\u0105 prowadzone, w szczeg\u00f3lno\u015bci wzd\u0142u\u017c g\u0142\u00f3wnych ci\u0105g\u00f3w komunikacyjnych oraz w s\u0105siedztwie ulic. Przygotowane do weekendu majowego zostan\u0105 skwery, otoczenie ci\u0105g\u00f3w pieszo &#8211; rowerowych oraz plac\u00f3w zabaw.<\/p>\n","protected":false},"excerpt":{"rendered":"<p>W Gorzowie rozpocz\u0119\u0142y si\u0119 pierwsze koszenia traw. Na pocz\u0105tek odbywaj\u0105 si\u0119 one na pojedynczych, wytypowanych lokalizacjach.<\/p>\n","protected":false},"author":1,"featured_media":12318,"comment_status":"open","ping_status":"open","sticky":false,"template":"","format":"standard","meta":{"footnotes":"","_links_to":"","_links_to_target":""},"categories":[904,589],"tags":[1335],"class_list":{"0":"post-12317","1":"post","2":"type-post","3":"status-publish","4":"format-standard","5":"has-post-thumbnail","7":"category-w-skrocie","8":"category-wiadomosci","9":"tag-koszenie-traw"},"yoast_head":"<!-- This site is optimized with the Yoast SEO plugin v27.3 - https:\/\/yoast.com\/product\/yoast-seo-wordpress\/ -->\n<title>Pierwsze koszenie traw przed maj\u00f3wk\u0105 - Gorz\u00f3w News<\/title>\n<meta name=\"description\" content=\"W Gorzowie rozpocz\u0119\u0142y si\u0119 pierwsze koszenia traw. Na pocz\u0105tek odbywaj\u0105 si\u0119 one na pojedynczych, wytypowanych lokalizacjach.\" \/>\n<meta name=\"robots\" content=\"index, follow, max-snippet:-1, max-image-preview:large, max-video-preview:-1\" \/>\n<link rel=\"canonical\" href=\"https:\/\/gorzow.news\/index.php\/2023\/04\/17\/pierwsze-koszenie-traw-przed-majowka\/\" \/>\n<meta property=\"og:locale\" content=\"pl_PL\" \/>\n<meta property=\"og:type\" content=\"article\" \/>\n<meta property=\"og:title\" content=\"Pierwsze koszenie traw przed maj\u00f3wk\u0105 - Gorz\u00f3w News\" \/>\n<meta property=\"og:description\" content=\"W Gorzowie rozpocz\u0119\u0142y si\u0119 pierwsze koszenia traw. Na pocz\u0105tek odbywaj\u0105 si\u0119 one na pojedynczych, wytypowanych lokalizacjach.\" \/>\n<meta property=\"og:url\" content=\"https:\/\/gorzow.news\/index.php\/2023\/04\/17\/pierwsze-koszenie-traw-przed-majowka\/\" \/>\n<meta property=\"og:site_name\" content=\"Gorz\u00f3w News\" \/>\n<meta property=\"article:publisher\" content=\"https:\/\/www.facebook.com\/gorzowskinews\" \/>\n<meta property=\"article:published_time\" content=\"2023-04-17T07:50:48+00:00\" \/>\n<meta property=\"article:modified_time\" content=\"2023-04-17T07:50:49+00:00\" \/>\n<meta property=\"og:image\" content=\"https:\/\/gorzow.news\/wp-content\/uploads\/2023\/04\/cropped-akt-fotob-4179.jpg\" \/>\n\t<meta property=\"og:image:width\" content=\"1192\" \/>\n\t<meta property=\"og:image:height\" content=\"751\" \/>\n\t<meta property=\"og:image:type\" content=\"image\/jpeg\" \/>\n<meta name=\"author\" content=\"maciej\" \/>\n<meta name=\"twitter:card\" content=\"summary_large_image\" \/>\n<meta name=\"twitter:label1\" content=\"Napisane przez\" \/>\n\t<meta name=\"twitter:data1\" content=\"maciej\" \/>\n\t<meta name=\"twitter:label2\" content=\"Szacowany czas czytania\" \/>\n\t<meta name=\"twitter:data2\" content=\"1 minuta\" \/>\n<script type=\"application\/ld+json\" class=\"yoast-schema-graph\">{\"@context\":\"https:\\\/\\\/schema.org\",\"@graph\":[{\"@type\":\"Article\",\"@id\":\"https:\\\/\\\/gorzow.news\\\/index.php\\\/2023\\\/04\\\/17\\\/pierwsze-koszenie-traw-przed-majowka\\\/#article\",\"isPartOf\":{\"@id\":\"https:\\\/\\\/gorzow.news\\\/index.php\\\/2023\\\/04\\\/17\\\/pierwsze-koszenie-traw-przed-majowka\\\/\"},\"author\":{\"name\":\"maciej\",\"@id\":\"https:\\\/\\\/gorzow.news\\\/#\\\/schema\\\/person\\\/a1e5ab43166369f2ce236a1cd90995bb\"},\"headline\":\"Pierwsze koszenie traw przed maj\u00f3wk\u0105\",\"datePublished\":\"2023-04-17T07:50:48+00:00\",\"dateModified\":\"2023-04-17T07:50:49+00:00\",\"mainEntityOfPage\":{\"@id\":\"https:\\\/\\\/gorzow.news\\\/index.php\\\/2023\\\/04\\\/17\\\/pierwsze-koszenie-traw-przed-majowka\\\/\"},\"wordCount\":127,\"commentCount\":0,\"image\":{\"@id\":\"https:\\\/\\\/gorzow.news\\\/index.php\\\/2023\\\/04\\\/17\\\/pierwsze-koszenie-traw-przed-majowka\\\/#primaryimage\"},\"thumbnailUrl\":\"https:\\\/\\\/gorzow.news\\\/wp-content\\\/uploads\\\/2023\\\/04\\\/cropped-akt-fotob-4179.jpg\",\"keywords\":[\"koszenie traw\"],\"articleSection\":[\"W skr\u00f3cie\",\"Wiadomo\u015bci\"],\"inLanguage\":\"pl-PL\",\"potentialAction\":[{\"@type\":\"CommentAction\",\"name\":\"Comment\",\"target\":[\"https:\\\/\\\/gorzow.news\\\/index.php\\\/2023\\\/04\\\/17\\\/pierwsze-koszenie-traw-przed-majowka\\\/#respond\"]}]},{\"@type\":\"WebPage\",\"@id\":\"https:\\\/\\\/gorzow.news\\\/index.php\\\/2023\\\/04\\\/17\\\/pierwsze-koszenie-traw-przed-majowka\\\/\",\"url\":\"https:\\\/\\\/gorzow.news\\\/index.php\\\/2023\\\/04\\\/17\\\/pierwsze-koszenie-traw-przed-majowka\\\/\",\"name\":\"Pierwsze koszenie traw przed maj\u00f3wk\u0105 - Gorz\u00f3w News\",\"isPartOf\":{\"@id\":\"https:\\\/\\\/gorzow.news\\\/#website\"},\"primaryImageOfPage\":{\"@id\":\"https:\\\/\\\/gorzow.news\\\/index.php\\\/2023\\\/04\\\/17\\\/pierwsze-koszenie-traw-przed-majowka\\\/#primaryimage\"},\"image\":{\"@id\":\"https:\\\/\\\/gorzow.news\\\/index.php\\\/2023\\\/04\\\/17\\\/pierwsze-koszenie-traw-przed-majowka\\\/#primaryimage\"},\"thumbnailUrl\":\"https:\\\/\\\/gorzow.news\\\/wp-content\\\/uploads\\\/2023\\\/04\\\/cropped-akt-fotob-4179.jpg\",\"datePublished\":\"2023-04-17T07:50:48+00:00\",\"dateModified\":\"2023-04-17T07:50:49+00:00\",\"author\":{\"@id\":\"https:\\\/\\\/gorzow.news\\\/#\\\/schema\\\/person\\\/a1e5ab43166369f2ce236a1cd90995bb\"},\"description\":\"W Gorzowie rozpocz\u0119\u0142y si\u0119 pierwsze koszenia traw. Na pocz\u0105tek odbywaj\u0105 si\u0119 one na pojedynczych, wytypowanych lokalizacjach.\",\"breadcrumb\":{\"@id\":\"https:\\\/\\\/gorzow.news\\\/index.php\\\/2023\\\/04\\\/17\\\/pierwsze-koszenie-traw-przed-majowka\\\/#breadcrumb\"},\"inLanguage\":\"pl-PL\",\"potentialAction\":[{\"@type\":\"ReadAction\",\"target\":[\"https:\\\/\\\/gorzow.news\\\/index.php\\\/2023\\\/04\\\/17\\\/pierwsze-koszenie-traw-przed-majowka\\\/\"]}]},{\"@type\":\"ImageObject\",\"inLanguage\":\"pl-PL\",\"@id\":\"https:\\\/\\\/gorzow.news\\\/index.php\\\/2023\\\/04\\\/17\\\/pierwsze-koszenie-traw-przed-majowka\\\/#primaryimage\",\"url\":\"https:\\\/\\\/gorzow.news\\\/wp-content\\\/uploads\\\/2023\\\/04\\\/cropped-akt-fotob-4179.jpg\",\"contentUrl\":\"https:\\\/\\\/gorzow.news\\\/wp-content\\\/uploads\\\/2023\\\/04\\\/cropped-akt-fotob-4179.jpg\",\"width\":1192,\"height\":751,\"caption\":\"fot. Pixabay\"},{\"@type\":\"BreadcrumbList\",\"@id\":\"https:\\\/\\\/gorzow.news\\\/index.php\\\/2023\\\/04\\\/17\\\/pierwsze-koszenie-traw-przed-majowka\\\/#breadcrumb\",\"itemListElement\":[{\"@type\":\"ListItem\",\"position\":1,\"name\":\"Home\",\"item\":\"https:\\\/\\\/gorzow.news\\\/\"},{\"@type\":\"ListItem\",\"position\":2,\"name\":\"Pierwsze koszenie traw przed maj\u00f3wk\u0105\"}]},{\"@type\":\"WebSite\",\"@id\":\"https:\\\/\\\/gorzow.news\\\/#website\",\"url\":\"https:\\\/\\\/gorzow.news\\\/\",\"name\":\"Gorz\u00f3w News\",\"description\":\"Sp\u00f3jrz inaczej na miato i region...\",\"potentialAction\":[{\"@type\":\"SearchAction\",\"target\":{\"@type\":\"EntryPoint\",\"urlTemplate\":\"https:\\\/\\\/gorzow.news\\\/?s={search_term_string}\"},\"query-input\":{\"@type\":\"PropertyValueSpecification\",\"valueRequired\":true,\"valueName\":\"search_term_string\"}}],\"inLanguage\":\"pl-PL\"},{\"@type\":\"Person\",\"@id\":\"https:\\\/\\\/gorzow.news\\\/#\\\/schema\\\/person\\\/a1e5ab43166369f2ce236a1cd90995bb\",\"name\":\"maciej\",\"image\":{\"@type\":\"ImageObject\",\"inLanguage\":\"pl-PL\",\"@id\":\"https:\\\/\\\/secure.gravatar.com\\\/avatar\\\/530a674d56ba60cfa0ef21d74e8e8d123a51bb7aa6580465b5c2ab2c2e980a19?s=96&r=g&d=https:\\\/\\\/gorzow.news\\\/wp-content\\\/plugins\\\/userswp\\\/assets\\\/images\\\/no_profile.png\",\"url\":\"https:\\\/\\\/secure.gravatar.com\\\/avatar\\\/530a674d56ba60cfa0ef21d74e8e8d123a51bb7aa6580465b5c2ab2c2e980a19?s=96&r=g&d=https:\\\/\\\/gorzow.news\\\/wp-content\\\/plugins\\\/userswp\\\/assets\\\/images\\\/no_profile.png\",\"contentUrl\":\"https:\\\/\\\/secure.gravatar.com\\\/avatar\\\/530a674d56ba60cfa0ef21d74e8e8d123a51bb7aa6580465b5c2ab2c2e980a19?s=96&r=g&d=https:\\\/\\\/gorzow.news\\\/wp-content\\\/plugins\\\/userswp\\\/assets\\\/images\\\/no_profile.png\",\"caption\":\"maciej\"},\"url\":\"https:\\\/\\\/gorzow.news\\\/index.php\\\/profile\\\/maciej\\\/\"}]}<\/script>\n<!-- \/ Yoast SEO plugin. -->","yoast_head_json":{"title":"Pierwsze koszenie traw przed maj\u00f3wk\u0105 - Gorz\u00f3w News","description":"W Gorzowie rozpocz\u0119\u0142y si\u0119 pierwsze koszenia traw. Na pocz\u0105tek odbywaj\u0105 si\u0119 one na pojedynczych, wytypowanych lokalizacjach.","robots":{"index":"index","follow":"follow","max-snippet":"max-snippet:-1","max-image-preview":"max-image-preview:large","max-video-preview":"max-video-preview:-1"},"canonical":"https:\/\/gorzow.news\/index.php\/2023\/04\/17\/pierwsze-koszenie-traw-przed-majowka\/","og_locale":"pl_PL","og_type":"article","og_title":"Pierwsze koszenie traw przed maj\u00f3wk\u0105 - Gorz\u00f3w News","og_description":"W Gorzowie rozpocz\u0119\u0142y si\u0119 pierwsze koszenia traw. Na pocz\u0105tek odbywaj\u0105 si\u0119 one na pojedynczych, wytypowanych lokalizacjach.","og_url":"https:\/\/gorzow.news\/index.php\/2023\/04\/17\/pierwsze-koszenie-traw-przed-majowka\/","og_site_name":"Gorz\u00f3w News","article_publisher":"https:\/\/www.facebook.com\/gorzowskinews","article_published_time":"2023-04-17T07:50:48+00:00","article_modified_time":"2023-04-17T07:50:49+00:00","og_image":[{"width":1192,"height":751,"url":"https:\/\/gorzow.news\/wp-content\/uploads\/2023\/04\/cropped-akt-fotob-4179.jpg","type":"image\/jpeg"}],"author":"maciej","twitter_card":"summary_large_image","twitter_misc":{"Napisane przez":"maciej","Szacowany czas czytania":"1 minuta"},"schema":{"@context":"https:\/\/schema.org","@graph":[{"@type":"Article","@id":"https:\/\/gorzow.news\/index.php\/2023\/04\/17\/pierwsze-koszenie-traw-przed-majowka\/#article","isPartOf":{"@id":"https:\/\/gorzow.news\/index.php\/2023\/04\/17\/pierwsze-koszenie-traw-przed-majowka\/"},"author":{"name":"maciej","@id":"https:\/\/gorzow.news\/#\/schema\/person\/a1e5ab43166369f2ce236a1cd90995bb"},"headline":"Pierwsze koszenie traw przed maj\u00f3wk\u0105","datePublished":"2023-04-17T07:50:48+00:00","dateModified":"2023-04-17T07:50:49+00:00","mainEntityOfPage":{"@id":"https:\/\/gorzow.news\/index.php\/2023\/04\/17\/pierwsze-koszenie-traw-przed-majowka\/"},"wordCount":127,"commentCount":0,"image":{"@id":"https:\/\/gorzow.news\/index.php\/2023\/04\/17\/pierwsze-koszenie-traw-przed-majowka\/#primaryimage"},"thumbnailUrl":"https:\/\/gorzow.news\/wp-content\/uploads\/2023\/04\/cropped-akt-fotob-4179.jpg","keywords":["koszenie traw"],"articleSection":["W skr\u00f3cie","Wiadomo\u015bci"],"inLanguage":"pl-PL","potentialAction":[{"@type":"CommentAction","name":"Comment","target":["https:\/\/gorzow.news\/index.php\/2023\/04\/17\/pierwsze-koszenie-traw-przed-majowka\/#respond"]}]},{"@type":"WebPage","@id":"https:\/\/gorzow.news\/index.php\/2023\/04\/17\/pierwsze-koszenie-traw-przed-majowka\/","url":"https:\/\/gorzow.news\/index.php\/2023\/04\/17\/pierwsze-koszenie-traw-przed-majowka\/","name":"Pierwsze koszenie traw przed maj\u00f3wk\u0105 - Gorz\u00f3w News","isPartOf":{"@id":"https:\/\/gorzow.news\/#website"},"primaryImageOfPage":{"@id":"https:\/\/gorzow.news\/index.php\/2023\/04\/17\/pierwsze-koszenie-traw-przed-majowka\/#primaryimage"},"image":{"@id":"https:\/\/gorzow.news\/index.php\/2023\/04\/17\/pierwsze-koszenie-traw-przed-majowka\/#primaryimage"},"thumbnailUrl":"https:\/\/gorzow.news\/wp-content\/uploads\/2023\/04\/cropped-akt-fotob-4179.jpg","datePublished":"2023-04-17T07:50:48+00:00","dateModified":"2023-04-17T07:50:49+00:00","author":{"@id":"https:\/\/gorzow.news\/#\/schema\/person\/a1e5ab43166369f2ce236a1cd90995bb"},"description":"W Gorzowie rozpocz\u0119\u0142y si\u0119 pierwsze koszenia traw. Na pocz\u0105tek odbywaj\u0105 si\u0119 one na pojedynczych, wytypowanych lokalizacjach.","breadcrumb":{"@id":"https:\/\/gorzow.news\/index.php\/2023\/04\/17\/pierwsze-koszenie-traw-przed-majowka\/#breadcrumb"},"inLanguage":"pl-PL","potentialAction":[{"@type":"ReadAction","target":["https:\/\/gorzow.news\/index.php\/2023\/04\/17\/pierwsze-koszenie-traw-przed-majowka\/"]}]},{"@type":"ImageObject","inLanguage":"pl-PL","@id":"https:\/\/gorzow.news\/index.php\/2023\/04\/17\/pierwsze-koszenie-traw-przed-majowka\/#primaryimage","url":"https:\/\/gorzow.news\/wp-content\/uploads\/2023\/04\/cropped-akt-fotob-4179.jpg","contentUrl":"https:\/\/gorzow.news\/wp-content\/uploads\/2023\/04\/cropped-akt-fotob-4179.jpg","width":1192,"height":751,"caption":"fot. Pixabay"},{"@type":"BreadcrumbList","@id":"https:\/\/gorzow.news\/index.php\/2023\/04\/17\/pierwsze-koszenie-traw-przed-majowka\/#breadcrumb","itemListElement":[{"@type":"ListItem","position":1,"name":"Home","item":"https:\/\/gorzow.news\/"},{"@type":"ListItem","position":2,"name":"Pierwsze koszenie traw przed maj\u00f3wk\u0105"}]},{"@type":"WebSite","@id":"https:\/\/gorzow.news\/#website","url":"https:\/\/gorzow.news\/","name":"Gorz\u00f3w News","description":"Sp\u00f3jrz inaczej na miato i region...","potentialAction":[{"@type":"SearchAction","target":{"@type":"EntryPoint","urlTemplate":"https:\/\/gorzow.news\/?s={search_term_string}"},"query-input":{"@type":"PropertyValueSpecification","valueRequired":true,"valueName":"search_term_string"}}],"inLanguage":"pl-PL"},{"@type":"Person","@id":"https:\/\/gorzow.news\/#\/schema\/person\/a1e5ab43166369f2ce236a1cd90995bb","name":"maciej","image":{"@type":"ImageObject","inLanguage":"pl-PL","@id":"https:\/\/secure.gravatar.com\/avatar\/530a674d56ba60cfa0ef21d74e8e8d123a51bb7aa6580465b5c2ab2c2e980a19?s=96&r=g&d=https:\/\/gorzow.news\/wp-content\/plugins\/userswp\/assets\/images\/no_profile.png","url":"https:\/\/secure.gravatar.com\/avatar\/530a674d56ba60cfa0ef21d74e8e8d123a51bb7aa6580465b5c2ab2c2e980a19?s=96&r=g&d=https:\/\/gorzow.news\/wp-content\/plugins\/userswp\/assets\/images\/no_profile.png","contentUrl":"https:\/\/secure.gravatar.com\/avatar\/530a674d56ba60cfa0ef21d74e8e8d123a51bb7aa6580465b5c2ab2c2e980a19?s=96&r=g&d=https:\/\/gorzow.news\/wp-content\/plugins\/userswp\/assets\/images\/no_profile.png","caption":"maciej"},"url":"https:\/\/gorzow.news\/index.php\/profile\/maciej\/"}]}},"_links":{"self":[{"href":"https:\/\/gorzow.news\/index.php\/wp-json\/wp\/v2\/posts\/12317","targetHints":{"allow":["GET"]}}],"collection":[{"href":"https:\/\/gorzow.news\/index.php\/wp-json\/wp\/v2\/posts"}],"about":[{"href":"https:\/\/gorzow.news\/index.php\/wp-json\/wp\/v2\/types\/post"}],"author":[{"embeddable":true,"href":"https:\/\/gorzow.news\/index.php\/wp-json\/wp\/v2\/users\/1"}],"replies":[{"embeddable":true,"href":"https:\/\/gorzow.news\/index.php\/wp-json\/wp\/v2\/comments?post=12317"}],"version-history":[{"count":0,"href":"https:\/\/gorzow.news\/index.php\/wp-json\/wp\/v2\/posts\/12317\/revisions"}],"wp:featuredmedia":[{"embeddable":true,"href":"https:\/\/gorzow.news\/index.php\/wp-json\/wp\/v2\/media\/12318"}],"wp:attachment":[{"href":"https:\/\/gorzow.news\/index.php\/wp-json\/wp\/v2\/media?parent=12317"}],"wp:term":[{"taxonomy":"category","embeddable":true,"href":"https:\/\/gorzow.news\/index.php\/wp-json\/wp\/v2\/categories?post=12317"},{"taxonomy":"post_tag","embeddable":true,"href":"https:\/\/gorzow.news\/index.php\/wp-json\/wp\/v2\/tags?post=12317"}],"curies":[{"name":"wp","href":"https:\/\/api.w.org\/{rel}","templated":true}]}}