{"id":12076,"date":"2023-03-24T09:06:56","date_gmt":"2023-03-24T08:06:56","guid":{"rendered":"https:\/\/gorzow.news\/?p=12076"},"modified":"2023-03-24T09:06:59","modified_gmt":"2023-03-24T08:06:59","slug":"ozywmy-centrum-miasta-spory-lokal-na-rogu-hawelanskiej-i-sikorskiego-do-wynajecia-w-miejskim-przetargu","status":"publish","type":"post","link":"https:\/\/gorzow.news\/index.php\/2023\/03\/24\/ozywmy-centrum-miasta-spory-lokal-na-rogu-hawelanskiej-i-sikorskiego-do-wynajecia-w-miejskim-przetargu\/","title":{"rendered":"O\u017cywmy centrum miasta! Spory lokal na rogu Hawela\u0144skiej i Sikorskiego do wynaj\u0119cia w miejskim przetargu"},"content":{"rendered":"\n<p><strong>Jeszcze w lutym mie\u015bci\u0142a si\u0119 tu drogeria Natura. Teraz lokal zosta\u0142 zwolniony i w kwietniu zostanie przeprowadzony przetarg na jego wynajem. Mowa o lokalu po\u0142o\u017conym przy ul. Sikorskiego 133. Sk\u0142ada si\u0119 on z siedmiu pomieszcze\u0144 o \u0142\u0105cznej powierzchni 200 mkw. z przeznaczeniem na dzia\u0142alno\u015b\u0107 gospodarcz\u0105. Do s\u0105siedniego wolnego od kilku miesi\u0119cy lokalu niebawem wprowadzi si\u0119 kawiarnia Niebo w mie\u015bcie, kt\u00f3ra przeniesie swoj\u0105 kawiarni\u0119 z ul. Obotryckiej.<\/strong><\/p>\n\n\n\n<p>W lutym pisali\u015bmy w tek\u015bcie &#8211; <strong><a href=\"https:\/\/gorzow.news\/index.php\/2023\/02\/27\/przybywa-pustych-lokali-w-scislym-centrum-miasta\/\">Przybywa pustych lokali w \u015bcis\u0142ym centrum miasta<\/a><\/strong> o tym jak przedsi\u0119biorcy uciekaj\u0105 z okolic Starego Rynku. Czy znajdzie si\u0119 odwa\u017cna osoba, kt\u00f3ra zdecyduje si\u0119 na wynajem i prowadzenie biznesu w tym miejscu? Wynajem lokalu bezpo\u015brednio od miasta mo\u017ce okaza\u0107 si\u0119 strza\u0142em w dziesi\u0105tk\u0119, bo cena wywo\u0142awcza wydaje si\u0119 by\u0107 racjonalna w por\u00f3wnaniu do cen wielu innych lokali bezpo\u015brednio od prywatnych w\u0142a\u015bcicieli.<\/p>\n\n\n\n<p>Pami\u0119ta\u0107 nale\u017cy te\u017c o remoncie deptaka w ul. Hawela\u0144skiej, kt\u00f3ry ma si\u0119 za chwil\u0119 rozpocz\u0105\u0107 (<strong><a href=\"https:\/\/gorzow.news\/index.php\/2023\/03\/17\/przetarg-na-deptak-rozstrzygniety-tym-razem-inwestycja-ruszy\/\">tutaj wi\u0119cej o tej inwestycji<\/a><\/strong>). Jednak w tym przypadku nie ma mowy z utrudnieniem doj\u015bcia do lokalu, bowiem wej\u015bcie do niego usytuowane jest od strony Starego Rynku.<\/p>\n\n\n\n<p>Lokal sk\u0142ada si\u0119 z siedmiu pomieszcze\u0144, w tym sze\u015bciu na parterze i jednego w piwnicy. \u0141\u0105czna powierzchnia to 200 mkw. z czego 158 mkw. na parterze. Wyposa\u017cony jest w instalacje: elektryczn\u0105, wodno-kanalizacyjn\u0105, centralne ogrzewanie i ciep\u0142\u0105 wod\u0119 z sieci. W lokalu znajduje si\u0119 klimatyzacja w sali sprzeda\u017cy. Jest tu te\u017c WC. Miejscy urz\u0119dnicy og\u00f3lny stan lokalu okre\u015blaj\u0105 jako \u015bredni.<\/p>\n\n\n\n<p>Cena wywo\u0142awcza czynszu wynosi 12 z\u0142 netto za ka\u017cdy metr kwadratowy, co \u0142\u0105cznie daje 2.410 z\u0142. I tyle te\u017c wynosi wadium w post\u0119powaniu przetargowym, kt\u00f3re zostanie przeprowadzone 13 kwietnia o godz. 10:00 w Urz\u0119dzie Miasta. Co wa\u017cne, aby wzi\u0105\u0107 udzia\u0142 w przetargu trzeba wp\u0142aci\u0107 wadium najp\u00f3\u017aniej na siedem dni przed dat\u0105 przetargu (tj. do 6 kwietnia)!<\/p>\n\n\n\n<p>Wi\u0119cej informacji znajdziecie w og\u0142oszeniu <strong><a href=\"https:\/\/bip.wrota.lubuskie.pl\/umgorzow\/system\/obj\/47054_ogloszenie_przetarg_13.04.2023r..pdf\" target=\"_blank\" rel=\"noreferrer noopener\">tutaj<\/a><\/strong>!<\/p>\n\n\n\n<p><strong>Przeczytaj te\u017c:<\/strong><br>&#8211; <a href=\"https:\/\/gorzow.news\/index.php\/2023\/03\/17\/gorzow-power-center-znamy-kolejnych-najemcow-zobacz-tez-film-z-wizualizacja-najwiekszego-parku-handlowego\/\">Gorz\u00f3w Power Center: Znamy kolejnych najemc\u00f3w! Zobacz te\u017c film z wizualizacj\u0105 najwi\u0119kszego parku handlowego!<\/a><br>&#8211; <a href=\"https:\/\/gorzow.news\/index.php\/2023\/03\/16\/myjnia-przy-n-parku-juz-gotowa-otwarcie-lada-moment-zdjecia\/\">Myjnia przy N-Parku ju\u017c gotowa. Otwarcie lada moment! (zdj\u0119cia)<\/a><br>&#8211; <a href=\"https:\/\/gorzow.news\/index.php\/2023\/03\/10\/o-budowie-selgrosa-w-gorzowie-wiemy-od-trzech-lat-kiedy-wreszcie-ruszy-budowa\/\">O budowie Selgrosa w Gorzowie wiemy od trzech lat! Kiedy wreszcie ruszy budowa?<\/a><br>&#8211; <a href=\"https:\/\/gorzow.news\/index.php\/2023\/03\/08\/zimowa-aura-na-budowie-vendo-park-rosnie-w-oczach-zdjecia\/\">Zimowa aura na budowie! Vendo Park ro\u015bnie w oczach! (zdj\u0119cia)<\/a><\/p>\n\n\n\n<figure class=\"wp-block-image size-large\"><img loading=\"lazy\" decoding=\"async\" width=\"1024\" height=\"484\" src=\"https:\/\/gorzow.news\/wp-content\/uploads\/2023\/03\/IMG_20230322_111416-1024x484.jpg\" alt=\"\" class=\"wp-image-12078\" srcset=\"https:\/\/gorzow.news\/wp-content\/uploads\/2023\/03\/IMG_20230322_111416-1024x484.jpg 1024w, https:\/\/gorzow.news\/wp-content\/uploads\/2023\/03\/IMG_20230322_111416-300x142.jpg 300w, https:\/\/gorzow.news\/wp-content\/uploads\/2023\/03\/IMG_20230322_111416-768x363.jpg 768w, https:\/\/gorzow.news\/wp-content\/uploads\/2023\/03\/IMG_20230322_111416-1536x727.jpg 1536w, https:\/\/gorzow.news\/wp-content\/uploads\/2023\/03\/IMG_20230322_111416-696x329.jpg 696w, https:\/\/gorzow.news\/wp-content\/uploads\/2023\/03\/IMG_20230322_111416-1068x505.jpg 1068w, https:\/\/gorzow.news\/wp-content\/uploads\/2023\/03\/IMG_20230322_111416.jpg 1600w\" sizes=\"auto, (max-width: 1024px) 100vw, 1024px\" \/><\/figure>\n","protected":false},"excerpt":{"rendered":"<p>Jeszcze w lutym mie\u015bci\u0142a si\u0119 tu drogeria Natura. Teraz lokal zosta\u0142 zwolniony i w kwietniu zostanie przeprowadzony przetarg na jego wynajem. Mowa o lokalu po\u0142o\u017conym przy ul. Sikorskiego 133. Sk\u0142ada si\u0119 on z siedmiu pomieszcze\u0144 o \u0142\u0105cznej powierzchni 200 mkw. z przeznaczeniem na dzia\u0142alno\u015b\u0107 gospodarcz\u0105. Do s\u0105siedniego wolnego od kilku miesi\u0119cy lokalu niebawem wprowadzi si\u0119 kawiarnia Niebo w mie\u015bcie, kt\u00f3ra przeniesie swoj\u0105 kawiarni\u0119 z ul. Obotryckiej.<\/p>\n","protected":false},"author":1,"featured_media":12077,"comment_status":"open","ping_status":"open","sticky":false,"template":"","format":"standard","meta":{"footnotes":"","_links_to":"","_links_to_target":""},"categories":[2009,591,589],"tags":[469,2131,643,959,180],"class_list":{"0":"post-12076","1":"post","2":"type-post","3":"status-publish","4":"format-standard","5":"has-post-thumbnail","7":"category-centrum-srodmiescie","8":"category-nieruchomosci2","9":"category-wiadomosci","10":"tag-hawelanska","11":"tag-miejski-lokal","12":"tag-niebo-w-miescie","13":"tag-przetarg","14":"tag-sikorskiego"},"yoast_head":"<!-- This site is optimized with the Yoast SEO plugin v27.3 - https:\/\/yoast.com\/product\/yoast-seo-wordpress\/ -->\n<title>O\u017cywmy centrum miasta! Spory lokal na rogu Hawela\u0144skiej i Sikorskiego do wynaj\u0119cia w miejskim przetargu - Gorz\u00f3w News<\/title>\n<meta name=\"description\" content=\"Jeszcze w lutym mie\u015bci\u0142a si\u0119 tu drogeria Natura. Teraz lokal zosta\u0142 zwolniony i w kwietniu zostanie przeprowadzony przetarg na jego wynajem. Mowa\" \/>\n<meta name=\"robots\" content=\"index, follow, max-snippet:-1, max-image-preview:large, max-video-preview:-1\" \/>\n<link rel=\"canonical\" href=\"https:\/\/gorzow.news\/index.php\/2023\/03\/24\/ozywmy-centrum-miasta-spory-lokal-na-rogu-hawelanskiej-i-sikorskiego-do-wynajecia-w-miejskim-przetargu\/\" \/>\n<meta property=\"og:locale\" content=\"pl_PL\" \/>\n<meta property=\"og:type\" content=\"article\" \/>\n<meta property=\"og:title\" content=\"O\u017cywmy centrum miasta! Spory lokal na rogu Hawela\u0144skiej i Sikorskiego do wynaj\u0119cia w miejskim przetargu - Gorz\u00f3w News\" \/>\n<meta property=\"og:description\" content=\"Jeszcze w lutym mie\u015bci\u0142a si\u0119 tu drogeria Natura. Teraz lokal zosta\u0142 zwolniony i w kwietniu zostanie przeprowadzony przetarg na jego wynajem. Mowa\" \/>\n<meta property=\"og:url\" content=\"https:\/\/gorzow.news\/index.php\/2023\/03\/24\/ozywmy-centrum-miasta-spory-lokal-na-rogu-hawelanskiej-i-sikorskiego-do-wynajecia-w-miejskim-przetargu\/\" \/>\n<meta property=\"og:site_name\" content=\"Gorz\u00f3w News\" \/>\n<meta property=\"article:publisher\" content=\"https:\/\/www.facebook.com\/gorzowskinews\" \/>\n<meta property=\"article:published_time\" content=\"2023-03-24T08:06:56+00:00\" \/>\n<meta property=\"article:modified_time\" content=\"2023-03-24T08:06:59+00:00\" \/>\n<meta property=\"og:image\" content=\"https:\/\/gorzow.news\/wp-content\/uploads\/2023\/03\/IMG_20230322_111334.jpg\" \/>\n\t<meta property=\"og:image:width\" content=\"1600\" \/>\n\t<meta property=\"og:image:height\" content=\"757\" \/>\n\t<meta property=\"og:image:type\" content=\"image\/jpeg\" \/>\n<meta name=\"author\" content=\"maciej\" \/>\n<meta name=\"twitter:card\" content=\"summary_large_image\" \/>\n<meta name=\"twitter:label1\" content=\"Napisane przez\" \/>\n\t<meta name=\"twitter:data1\" content=\"maciej\" \/>\n\t<meta name=\"twitter:label2\" content=\"Szacowany czas czytania\" \/>\n\t<meta name=\"twitter:data2\" content=\"3 minuty\" \/>\n<script type=\"application\/ld+json\" class=\"yoast-schema-graph\">{\"@context\":\"https:\\\/\\\/schema.org\",\"@graph\":[{\"@type\":\"Article\",\"@id\":\"https:\\\/\\\/gorzow.news\\\/index.php\\\/2023\\\/03\\\/24\\\/ozywmy-centrum-miasta-spory-lokal-na-rogu-hawelanskiej-i-sikorskiego-do-wynajecia-w-miejskim-przetargu\\\/#article\",\"isPartOf\":{\"@id\":\"https:\\\/\\\/gorzow.news\\\/index.php\\\/2023\\\/03\\\/24\\\/ozywmy-centrum-miasta-spory-lokal-na-rogu-hawelanskiej-i-sikorskiego-do-wynajecia-w-miejskim-przetargu\\\/\"},\"author\":{\"name\":\"maciej\",\"@id\":\"https:\\\/\\\/gorzow.news\\\/#\\\/schema\\\/person\\\/a1e5ab43166369f2ce236a1cd90995bb\"},\"headline\":\"O\u017cywmy centrum miasta! Spory lokal na rogu Hawela\u0144skiej i Sikorskiego do wynaj\u0119cia w miejskim przetargu\",\"datePublished\":\"2023-03-24T08:06:56+00:00\",\"dateModified\":\"2023-03-24T08:06:59+00:00\",\"mainEntityOfPage\":{\"@id\":\"https:\\\/\\\/gorzow.news\\\/index.php\\\/2023\\\/03\\\/24\\\/ozywmy-centrum-miasta-spory-lokal-na-rogu-hawelanskiej-i-sikorskiego-do-wynajecia-w-miejskim-przetargu\\\/\"},\"wordCount\":412,\"commentCount\":1,\"image\":{\"@id\":\"https:\\\/\\\/gorzow.news\\\/index.php\\\/2023\\\/03\\\/24\\\/ozywmy-centrum-miasta-spory-lokal-na-rogu-hawelanskiej-i-sikorskiego-do-wynajecia-w-miejskim-przetargu\\\/#primaryimage\"},\"thumbnailUrl\":\"https:\\\/\\\/gorzow.news\\\/wp-content\\\/uploads\\\/2023\\\/03\\\/IMG_20230322_111334.jpg\",\"keywords\":[\"Hawela\u0144ska\",\"miejski lokal\",\"Niebo w mie\u015bcie\",\"przetarg\",\"Sikorskiego\"],\"articleSection\":[\"Centrum \\\/ \u015ar\u00f3dmie\u015bcie\",\"Nieruchomo\u015bci2\",\"Wiadomo\u015bci\"],\"inLanguage\":\"pl-PL\",\"potentialAction\":[{\"@type\":\"CommentAction\",\"name\":\"Comment\",\"target\":[\"https:\\\/\\\/gorzow.news\\\/index.php\\\/2023\\\/03\\\/24\\\/ozywmy-centrum-miasta-spory-lokal-na-rogu-hawelanskiej-i-sikorskiego-do-wynajecia-w-miejskim-przetargu\\\/#respond\"]}]},{\"@type\":\"WebPage\",\"@id\":\"https:\\\/\\\/gorzow.news\\\/index.php\\\/2023\\\/03\\\/24\\\/ozywmy-centrum-miasta-spory-lokal-na-rogu-hawelanskiej-i-sikorskiego-do-wynajecia-w-miejskim-przetargu\\\/\",\"url\":\"https:\\\/\\\/gorzow.news\\\/index.php\\\/2023\\\/03\\\/24\\\/ozywmy-centrum-miasta-spory-lokal-na-rogu-hawelanskiej-i-sikorskiego-do-wynajecia-w-miejskim-przetargu\\\/\",\"name\":\"O\u017cywmy centrum miasta! Spory lokal na rogu Hawela\u0144skiej i Sikorskiego do wynaj\u0119cia w miejskim przetargu - Gorz\u00f3w News\",\"isPartOf\":{\"@id\":\"https:\\\/\\\/gorzow.news\\\/#website\"},\"primaryImageOfPage\":{\"@id\":\"https:\\\/\\\/gorzow.news\\\/index.php\\\/2023\\\/03\\\/24\\\/ozywmy-centrum-miasta-spory-lokal-na-rogu-hawelanskiej-i-sikorskiego-do-wynajecia-w-miejskim-przetargu\\\/#primaryimage\"},\"image\":{\"@id\":\"https:\\\/\\\/gorzow.news\\\/index.php\\\/2023\\\/03\\\/24\\\/ozywmy-centrum-miasta-spory-lokal-na-rogu-hawelanskiej-i-sikorskiego-do-wynajecia-w-miejskim-przetargu\\\/#primaryimage\"},\"thumbnailUrl\":\"https:\\\/\\\/gorzow.news\\\/wp-content\\\/uploads\\\/2023\\\/03\\\/IMG_20230322_111334.jpg\",\"datePublished\":\"2023-03-24T08:06:56+00:00\",\"dateModified\":\"2023-03-24T08:06:59+00:00\",\"author\":{\"@id\":\"https:\\\/\\\/gorzow.news\\\/#\\\/schema\\\/person\\\/a1e5ab43166369f2ce236a1cd90995bb\"},\"description\":\"Jeszcze w lutym mie\u015bci\u0142a si\u0119 tu drogeria Natura. Teraz lokal zosta\u0142 zwolniony i w kwietniu zostanie przeprowadzony przetarg na jego wynajem. Mowa o lokalu po\u0142o\u017conym przy ul. Sikorskiego 133. Sk\u0142ada si\u0119 on z siedmiu pomieszcze\u0144 o \u0142\u0105cznej powierzchni 200 mkw. z przeznaczeniem na dzia\u0142alno\u015b\u0107 gospodarcz\u0105. Do s\u0105siedniego wolnego od kilku miesi\u0119cy lokalu niebawem wprowadzi si\u0119 kawiarnia Niebo, kt\u00f3ra przeniesie swoj\u0105 kawiarni\u0119 z ul. Obotryckiej.\",\"breadcrumb\":{\"@id\":\"https:\\\/\\\/gorzow.news\\\/index.php\\\/2023\\\/03\\\/24\\\/ozywmy-centrum-miasta-spory-lokal-na-rogu-hawelanskiej-i-sikorskiego-do-wynajecia-w-miejskim-przetargu\\\/#breadcrumb\"},\"inLanguage\":\"pl-PL\",\"potentialAction\":[{\"@type\":\"ReadAction\",\"target\":[\"https:\\\/\\\/gorzow.news\\\/index.php\\\/2023\\\/03\\\/24\\\/ozywmy-centrum-miasta-spory-lokal-na-rogu-hawelanskiej-i-sikorskiego-do-wynajecia-w-miejskim-przetargu\\\/\"]}]},{\"@type\":\"ImageObject\",\"inLanguage\":\"pl-PL\",\"@id\":\"https:\\\/\\\/gorzow.news\\\/index.php\\\/2023\\\/03\\\/24\\\/ozywmy-centrum-miasta-spory-lokal-na-rogu-hawelanskiej-i-sikorskiego-do-wynajecia-w-miejskim-przetargu\\\/#primaryimage\",\"url\":\"https:\\\/\\\/gorzow.news\\\/wp-content\\\/uploads\\\/2023\\\/03\\\/IMG_20230322_111334.jpg\",\"contentUrl\":\"https:\\\/\\\/gorzow.news\\\/wp-content\\\/uploads\\\/2023\\\/03\\\/IMG_20230322_111334.jpg\",\"width\":1600,\"height\":757},{\"@type\":\"BreadcrumbList\",\"@id\":\"https:\\\/\\\/gorzow.news\\\/index.php\\\/2023\\\/03\\\/24\\\/ozywmy-centrum-miasta-spory-lokal-na-rogu-hawelanskiej-i-sikorskiego-do-wynajecia-w-miejskim-przetargu\\\/#breadcrumb\",\"itemListElement\":[{\"@type\":\"ListItem\",\"position\":1,\"name\":\"Home\",\"item\":\"https:\\\/\\\/gorzow.news\\\/\"},{\"@type\":\"ListItem\",\"position\":2,\"name\":\"O\u017cywmy centrum miasta! Spory lokal na rogu Hawela\u0144skiej i Sikorskiego do wynaj\u0119cia w miejskim przetargu\"}]},{\"@type\":\"WebSite\",\"@id\":\"https:\\\/\\\/gorzow.news\\\/#website\",\"url\":\"https:\\\/\\\/gorzow.news\\\/\",\"name\":\"Gorz\u00f3w News\",\"description\":\"Sp\u00f3jrz inaczej na miato i region...\",\"potentialAction\":[{\"@type\":\"SearchAction\",\"target\":{\"@type\":\"EntryPoint\",\"urlTemplate\":\"https:\\\/\\\/gorzow.news\\\/?s={search_term_string}\"},\"query-input\":{\"@type\":\"PropertyValueSpecification\",\"valueRequired\":true,\"valueName\":\"search_term_string\"}}],\"inLanguage\":\"pl-PL\"},{\"@type\":\"Person\",\"@id\":\"https:\\\/\\\/gorzow.news\\\/#\\\/schema\\\/person\\\/a1e5ab43166369f2ce236a1cd90995bb\",\"name\":\"maciej\",\"image\":{\"@type\":\"ImageObject\",\"inLanguage\":\"pl-PL\",\"@id\":\"https:\\\/\\\/secure.gravatar.com\\\/avatar\\\/530a674d56ba60cfa0ef21d74e8e8d123a51bb7aa6580465b5c2ab2c2e980a19?s=96&r=g&d=https:\\\/\\\/gorzow.news\\\/wp-content\\\/plugins\\\/userswp\\\/assets\\\/images\\\/no_profile.png\",\"url\":\"https:\\\/\\\/secure.gravatar.com\\\/avatar\\\/530a674d56ba60cfa0ef21d74e8e8d123a51bb7aa6580465b5c2ab2c2e980a19?s=96&r=g&d=https:\\\/\\\/gorzow.news\\\/wp-content\\\/plugins\\\/userswp\\\/assets\\\/images\\\/no_profile.png\",\"contentUrl\":\"https:\\\/\\\/secure.gravatar.com\\\/avatar\\\/530a674d56ba60cfa0ef21d74e8e8d123a51bb7aa6580465b5c2ab2c2e980a19?s=96&r=g&d=https:\\\/\\\/gorzow.news\\\/wp-content\\\/plugins\\\/userswp\\\/assets\\\/images\\\/no_profile.png\",\"caption\":\"maciej\"},\"url\":\"https:\\\/\\\/gorzow.news\\\/index.php\\\/profile\\\/maciej\\\/\"}]}<\/script>\n<!-- \/ Yoast SEO plugin. -->","yoast_head_json":{"title":"O\u017cywmy centrum miasta! Spory lokal na rogu Hawela\u0144skiej i Sikorskiego do wynaj\u0119cia w miejskim przetargu - Gorz\u00f3w News","description":"Jeszcze w lutym mie\u015bci\u0142a si\u0119 tu drogeria Natura. Teraz lokal zosta\u0142 zwolniony i w kwietniu zostanie przeprowadzony przetarg na jego wynajem. Mowa","robots":{"index":"index","follow":"follow","max-snippet":"max-snippet:-1","max-image-preview":"max-image-preview:large","max-video-preview":"max-video-preview:-1"},"canonical":"https:\/\/gorzow.news\/index.php\/2023\/03\/24\/ozywmy-centrum-miasta-spory-lokal-na-rogu-hawelanskiej-i-sikorskiego-do-wynajecia-w-miejskim-przetargu\/","og_locale":"pl_PL","og_type":"article","og_title":"O\u017cywmy centrum miasta! Spory lokal na rogu Hawela\u0144skiej i Sikorskiego do wynaj\u0119cia w miejskim przetargu - Gorz\u00f3w News","og_description":"Jeszcze w lutym mie\u015bci\u0142a si\u0119 tu drogeria Natura. Teraz lokal zosta\u0142 zwolniony i w kwietniu zostanie przeprowadzony przetarg na jego wynajem. Mowa","og_url":"https:\/\/gorzow.news\/index.php\/2023\/03\/24\/ozywmy-centrum-miasta-spory-lokal-na-rogu-hawelanskiej-i-sikorskiego-do-wynajecia-w-miejskim-przetargu\/","og_site_name":"Gorz\u00f3w News","article_publisher":"https:\/\/www.facebook.com\/gorzowskinews","article_published_time":"2023-03-24T08:06:56+00:00","article_modified_time":"2023-03-24T08:06:59+00:00","og_image":[{"width":1600,"height":757,"url":"https:\/\/gorzow.news\/wp-content\/uploads\/2023\/03\/IMG_20230322_111334.jpg","type":"image\/jpeg"}],"author":"maciej","twitter_card":"summary_large_image","twitter_misc":{"Napisane przez":"maciej","Szacowany czas czytania":"3 minuty"},"schema":{"@context":"https:\/\/schema.org","@graph":[{"@type":"Article","@id":"https:\/\/gorzow.news\/index.php\/2023\/03\/24\/ozywmy-centrum-miasta-spory-lokal-na-rogu-hawelanskiej-i-sikorskiego-do-wynajecia-w-miejskim-przetargu\/#article","isPartOf":{"@id":"https:\/\/gorzow.news\/index.php\/2023\/03\/24\/ozywmy-centrum-miasta-spory-lokal-na-rogu-hawelanskiej-i-sikorskiego-do-wynajecia-w-miejskim-przetargu\/"},"author":{"name":"maciej","@id":"https:\/\/gorzow.news\/#\/schema\/person\/a1e5ab43166369f2ce236a1cd90995bb"},"headline":"O\u017cywmy centrum miasta! Spory lokal na rogu Hawela\u0144skiej i Sikorskiego do wynaj\u0119cia w miejskim przetargu","datePublished":"2023-03-24T08:06:56+00:00","dateModified":"2023-03-24T08:06:59+00:00","mainEntityOfPage":{"@id":"https:\/\/gorzow.news\/index.php\/2023\/03\/24\/ozywmy-centrum-miasta-spory-lokal-na-rogu-hawelanskiej-i-sikorskiego-do-wynajecia-w-miejskim-przetargu\/"},"wordCount":412,"commentCount":1,"image":{"@id":"https:\/\/gorzow.news\/index.php\/2023\/03\/24\/ozywmy-centrum-miasta-spory-lokal-na-rogu-hawelanskiej-i-sikorskiego-do-wynajecia-w-miejskim-przetargu\/#primaryimage"},"thumbnailUrl":"https:\/\/gorzow.news\/wp-content\/uploads\/2023\/03\/IMG_20230322_111334.jpg","keywords":["Hawela\u0144ska","miejski lokal","Niebo w mie\u015bcie","przetarg","Sikorskiego"],"articleSection":["Centrum \/ \u015ar\u00f3dmie\u015bcie","Nieruchomo\u015bci2","Wiadomo\u015bci"],"inLanguage":"pl-PL","potentialAction":[{"@type":"CommentAction","name":"Comment","target":["https:\/\/gorzow.news\/index.php\/2023\/03\/24\/ozywmy-centrum-miasta-spory-lokal-na-rogu-hawelanskiej-i-sikorskiego-do-wynajecia-w-miejskim-przetargu\/#respond"]}]},{"@type":"WebPage","@id":"https:\/\/gorzow.news\/index.php\/2023\/03\/24\/ozywmy-centrum-miasta-spory-lokal-na-rogu-hawelanskiej-i-sikorskiego-do-wynajecia-w-miejskim-przetargu\/","url":"https:\/\/gorzow.news\/index.php\/2023\/03\/24\/ozywmy-centrum-miasta-spory-lokal-na-rogu-hawelanskiej-i-sikorskiego-do-wynajecia-w-miejskim-przetargu\/","name":"O\u017cywmy centrum miasta! Spory lokal na rogu Hawela\u0144skiej i Sikorskiego do wynaj\u0119cia w miejskim przetargu - Gorz\u00f3w News","isPartOf":{"@id":"https:\/\/gorzow.news\/#website"},"primaryImageOfPage":{"@id":"https:\/\/gorzow.news\/index.php\/2023\/03\/24\/ozywmy-centrum-miasta-spory-lokal-na-rogu-hawelanskiej-i-sikorskiego-do-wynajecia-w-miejskim-przetargu\/#primaryimage"},"image":{"@id":"https:\/\/gorzow.news\/index.php\/2023\/03\/24\/ozywmy-centrum-miasta-spory-lokal-na-rogu-hawelanskiej-i-sikorskiego-do-wynajecia-w-miejskim-przetargu\/#primaryimage"},"thumbnailUrl":"https:\/\/gorzow.news\/wp-content\/uploads\/2023\/03\/IMG_20230322_111334.jpg","datePublished":"2023-03-24T08:06:56+00:00","dateModified":"2023-03-24T08:06:59+00:00","author":{"@id":"https:\/\/gorzow.news\/#\/schema\/person\/a1e5ab43166369f2ce236a1cd90995bb"},"description":"Jeszcze w lutym mie\u015bci\u0142a si\u0119 tu drogeria Natura. Teraz lokal zosta\u0142 zwolniony i w kwietniu zostanie przeprowadzony przetarg na jego wynajem. Mowa o lokalu po\u0142o\u017conym przy ul. Sikorskiego 133. Sk\u0142ada si\u0119 on z siedmiu pomieszcze\u0144 o \u0142\u0105cznej powierzchni 200 mkw. z przeznaczeniem na dzia\u0142alno\u015b\u0107 gospodarcz\u0105. Do s\u0105siedniego wolnego od kilku miesi\u0119cy lokalu niebawem wprowadzi si\u0119 kawiarnia Niebo, kt\u00f3ra przeniesie swoj\u0105 kawiarni\u0119 z ul. Obotryckiej.","breadcrumb":{"@id":"https:\/\/gorzow.news\/index.php\/2023\/03\/24\/ozywmy-centrum-miasta-spory-lokal-na-rogu-hawelanskiej-i-sikorskiego-do-wynajecia-w-miejskim-przetargu\/#breadcrumb"},"inLanguage":"pl-PL","potentialAction":[{"@type":"ReadAction","target":["https:\/\/gorzow.news\/index.php\/2023\/03\/24\/ozywmy-centrum-miasta-spory-lokal-na-rogu-hawelanskiej-i-sikorskiego-do-wynajecia-w-miejskim-przetargu\/"]}]},{"@type":"ImageObject","inLanguage":"pl-PL","@id":"https:\/\/gorzow.news\/index.php\/2023\/03\/24\/ozywmy-centrum-miasta-spory-lokal-na-rogu-hawelanskiej-i-sikorskiego-do-wynajecia-w-miejskim-przetargu\/#primaryimage","url":"https:\/\/gorzow.news\/wp-content\/uploads\/2023\/03\/IMG_20230322_111334.jpg","contentUrl":"https:\/\/gorzow.news\/wp-content\/uploads\/2023\/03\/IMG_20230322_111334.jpg","width":1600,"height":757},{"@type":"BreadcrumbList","@id":"https:\/\/gorzow.news\/index.php\/2023\/03\/24\/ozywmy-centrum-miasta-spory-lokal-na-rogu-hawelanskiej-i-sikorskiego-do-wynajecia-w-miejskim-przetargu\/#breadcrumb","itemListElement":[{"@type":"ListItem","position":1,"name":"Home","item":"https:\/\/gorzow.news\/"},{"@type":"ListItem","position":2,"name":"O\u017cywmy centrum miasta! Spory lokal na rogu Hawela\u0144skiej i Sikorskiego do wynaj\u0119cia w miejskim przetargu"}]},{"@type":"WebSite","@id":"https:\/\/gorzow.news\/#website","url":"https:\/\/gorzow.news\/","name":"Gorz\u00f3w News","description":"Sp\u00f3jrz inaczej na miato i region...","potentialAction":[{"@type":"SearchAction","target":{"@type":"EntryPoint","urlTemplate":"https:\/\/gorzow.news\/?s={search_term_string}"},"query-input":{"@type":"PropertyValueSpecification","valueRequired":true,"valueName":"search_term_string"}}],"inLanguage":"pl-PL"},{"@type":"Person","@id":"https:\/\/gorzow.news\/#\/schema\/person\/a1e5ab43166369f2ce236a1cd90995bb","name":"maciej","image":{"@type":"ImageObject","inLanguage":"pl-PL","@id":"https:\/\/secure.gravatar.com\/avatar\/530a674d56ba60cfa0ef21d74e8e8d123a51bb7aa6580465b5c2ab2c2e980a19?s=96&r=g&d=https:\/\/gorzow.news\/wp-content\/plugins\/userswp\/assets\/images\/no_profile.png","url":"https:\/\/secure.gravatar.com\/avatar\/530a674d56ba60cfa0ef21d74e8e8d123a51bb7aa6580465b5c2ab2c2e980a19?s=96&r=g&d=https:\/\/gorzow.news\/wp-content\/plugins\/userswp\/assets\/images\/no_profile.png","contentUrl":"https:\/\/secure.gravatar.com\/avatar\/530a674d56ba60cfa0ef21d74e8e8d123a51bb7aa6580465b5c2ab2c2e980a19?s=96&r=g&d=https:\/\/gorzow.news\/wp-content\/plugins\/userswp\/assets\/images\/no_profile.png","caption":"maciej"},"url":"https:\/\/gorzow.news\/index.php\/profile\/maciej\/"}]}},"_links":{"self":[{"href":"https:\/\/gorzow.news\/index.php\/wp-json\/wp\/v2\/posts\/12076","targetHints":{"allow":["GET"]}}],"collection":[{"href":"https:\/\/gorzow.news\/index.php\/wp-json\/wp\/v2\/posts"}],"about":[{"href":"https:\/\/gorzow.news\/index.php\/wp-json\/wp\/v2\/types\/post"}],"author":[{"embeddable":true,"href":"https:\/\/gorzow.news\/index.php\/wp-json\/wp\/v2\/users\/1"}],"replies":[{"embeddable":true,"href":"https:\/\/gorzow.news\/index.php\/wp-json\/wp\/v2\/comments?post=12076"}],"version-history":[{"count":0,"href":"https:\/\/gorzow.news\/index.php\/wp-json\/wp\/v2\/posts\/12076\/revisions"}],"wp:featuredmedia":[{"embeddable":true,"href":"https:\/\/gorzow.news\/index.php\/wp-json\/wp\/v2\/media\/12077"}],"wp:attachment":[{"href":"https:\/\/gorzow.news\/index.php\/wp-json\/wp\/v2\/media?parent=12076"}],"wp:term":[{"taxonomy":"category","embeddable":true,"href":"https:\/\/gorzow.news\/index.php\/wp-json\/wp\/v2\/categories?post=12076"},{"taxonomy":"post_tag","embeddable":true,"href":"https:\/\/gorzow.news\/index.php\/wp-json\/wp\/v2\/tags?post=12076"}],"curies":[{"name":"wp","href":"https:\/\/api.w.org\/{rel}","templated":true}]}}