{"id":1206,"date":"2021-06-11T18:33:33","date_gmt":"2021-06-11T16:33:33","guid":{"rendered":"https:\/\/gorzow.news\/?p=1206"},"modified":"2022-04-15T13:56:52","modified_gmt":"2022-04-15T11:56:52","slug":"trwa-montaz-ogolnodostepnych-punktow-ladowania-samochodow","status":"publish","type":"post","link":"https:\/\/gorzow.news\/index.php\/2021\/06\/11\/trwa-montaz-ogolnodostepnych-punktow-ladowania-samochodow\/","title":{"rendered":"Trwa monta\u017c og\u00f3lnodost\u0119pnych punkt\u00f3w \u0142adowania samochod\u00f3w"},"content":{"rendered":"\n<p><strong>Ilo\u015b\u0107 samochod\u00f3w elektrycznych na naszych drogach ro\u015bnie. Do tej pory w Gorzowie by\u0142y tylko cztery miejsca, gdzie mo\u017cna by\u0142o takie auta na\u0142adowa\u0107. Enea Operator stawia kolejnych siedemna\u015bcie!<\/strong><\/p>\n\n\n\n<p>Dwa nowe punkty \u0142adowania zosta\u0142y w\u0142a\u015bnie postawione w okolicy szpitala. &#8211; Jeden w pobli\u017cu g\u0142\u00f3wnego wej\u015bcia do lecznicy, drugi &#8211; na parkingu od strony Szpitalnego Oddzia\u0142u Ratunkowego &#8211; poinformowa\u0142 w mediach spo\u0142eczno\u015bciowych <strong>Robert Surowiec<\/strong>, wiceprezes Wielospecjalistycznego Szpitala Wojew\u00f3dzkiego.<\/p>\n\n\n\n<p>Stawiane przez Enea Operator stacje wyposa\u017cone s\u0105 w dwa gniazda (z\u0142\u0105cze Type 2), ka\u017cde o mocy 22 kW.<\/p>\n\n\n\n<p>Kolejne punkty powstan\u0105 miedzy innymi przy placu Jana Paw\u0142a i ulicach: Woskowej, Szarych Szereg\u00f3w, Dowbora-Mu\u015bnickiego, Kazimierza Wielkiego, Zamenhofa, Sybirak\u00f3w i Niemcewicza.<\/p>\n\n\n\n<figure class=\"wp-block-image size-large\"><img loading=\"lazy\" decoding=\"async\" width=\"960\" height=\"694\" src=\"https:\/\/gorzow.news\/wp-content\/uploads\/2021\/06\/punkt2.jpg\" alt=\"\" class=\"wp-image-1208\" srcset=\"https:\/\/gorzow.news\/wp-content\/uploads\/2021\/06\/punkt2.jpg?v=1623429040 960w, https:\/\/gorzow.news\/wp-content\/uploads\/2021\/06\/punkt2-300x217.jpg?v=1623429040 300w, https:\/\/gorzow.news\/wp-content\/uploads\/2021\/06\/punkt2-768x555.jpg?v=1623429040 768w, https:\/\/gorzow.news\/wp-content\/uploads\/2021\/06\/punkt2-696x503.jpg?v=1623429040 696w\" sizes=\"auto, (max-width: 960px) 100vw, 960px\" \/><\/figure>\n","protected":false},"excerpt":{"rendered":"<p>Ilo\u015b\u0107 samochod\u00f3w elektrycznych na naszych drogach ro\u015bnie. Do tej pory w Gorzowie by\u0142y tylko cztery miejsca, gdzie mo\u017cna by\u0142o takie auta na\u0142adowa\u0107. Enea Operator stawia kolejnych siedemna\u015bcie!<\/p>\n","protected":false},"author":1,"featured_media":1207,"comment_status":"open","ping_status":"open","sticky":false,"template":"","format":"standard","meta":{"footnotes":"","_links_to":"","_links_to_target":""},"categories":[74,589],"tags":[248,250,251,249],"class_list":{"0":"post-1206","1":"post","2":"type-post","3":"status-publish","4":"format-standard","5":"has-post-thumbnail","7":"category-warto-wiedziec","8":"category-wiadomosci","9":"tag-enea-operator","11":"tag-robert-surowiec","12":"tag-szpital"},"yoast_head":"<!-- This site is optimized with the Yoast SEO plugin v27.3 - https:\/\/yoast.com\/product\/yoast-seo-wordpress\/ -->\n<title>Trwa monta\u017c og\u00f3lnodost\u0119pnych punkt\u00f3w \u0142adowania samochod\u00f3w - Gorz\u00f3w News<\/title>\n<meta name=\"robots\" content=\"index, follow, max-snippet:-1, max-image-preview:large, max-video-preview:-1\" \/>\n<link rel=\"canonical\" href=\"https:\/\/gorzow.news\/index.php\/2021\/06\/11\/trwa-montaz-ogolnodostepnych-punktow-ladowania-samochodow\/\" \/>\n<meta property=\"og:locale\" content=\"pl_PL\" \/>\n<meta property=\"og:type\" content=\"article\" \/>\n<meta property=\"og:title\" content=\"Trwa monta\u017c og\u00f3lnodost\u0119pnych punkt\u00f3w \u0142adowania samochod\u00f3w - Gorz\u00f3w News\" \/>\n<meta property=\"og:description\" content=\"Ilo\u015b\u0107 samochod\u00f3w elektrycznych na naszych drogach ro\u015bnie. Do tej pory w Gorzowie by\u0142y tylko cztery miejsca, gdzie mo\u017cna by\u0142o takie auta na\u0142ado\" \/>\n<meta property=\"og:url\" content=\"https:\/\/gorzow.news\/index.php\/2021\/06\/11\/trwa-montaz-ogolnodostepnych-punktow-ladowania-samochodow\/\" \/>\n<meta property=\"og:site_name\" content=\"Gorz\u00f3w News\" \/>\n<meta property=\"article:publisher\" content=\"https:\/\/www.facebook.com\/gorzowskinews\" \/>\n<meta property=\"article:published_time\" content=\"2021-06-11T16:33:33+00:00\" \/>\n<meta property=\"article:modified_time\" content=\"2022-04-15T11:56:52+00:00\" \/>\n<meta property=\"og:image\" content=\"https:\/\/gorzow.news\/wp-content\/uploads\/2021\/06\/punkt1.jpg\" \/>\n\t<meta property=\"og:image:width\" content=\"960\" \/>\n\t<meta property=\"og:image:height\" content=\"642\" \/>\n\t<meta property=\"og:image:type\" content=\"image\/jpeg\" \/>\n<meta name=\"author\" content=\"maciej\" \/>\n<meta name=\"twitter:card\" content=\"summary_large_image\" \/>\n<meta name=\"twitter:label1\" content=\"Napisane przez\" \/>\n\t<meta name=\"twitter:data1\" content=\"maciej\" \/>\n\t<meta name=\"twitter:label2\" content=\"Szacowany czas czytania\" \/>\n\t<meta name=\"twitter:data2\" content=\"1 minuta\" \/>\n<script type=\"application\/ld+json\" class=\"yoast-schema-graph\">{\"@context\":\"https:\\\/\\\/schema.org\",\"@graph\":[{\"@type\":\"Article\",\"@id\":\"https:\\\/\\\/gorzow.news\\\/index.php\\\/2021\\\/06\\\/11\\\/trwa-montaz-ogolnodostepnych-punktow-ladowania-samochodow\\\/#article\",\"isPartOf\":{\"@id\":\"https:\\\/\\\/gorzow.news\\\/index.php\\\/2021\\\/06\\\/11\\\/trwa-montaz-ogolnodostepnych-punktow-ladowania-samochodow\\\/\"},\"author\":{\"name\":\"maciej\",\"@id\":\"https:\\\/\\\/gorzow.news\\\/#\\\/schema\\\/person\\\/a1e5ab43166369f2ce236a1cd90995bb\"},\"headline\":\"Trwa monta\u017c og\u00f3lnodost\u0119pnych punkt\u00f3w \u0142adowania samochod\u00f3w\",\"datePublished\":\"2021-06-11T16:33:33+00:00\",\"dateModified\":\"2022-04-15T11:56:52+00:00\",\"mainEntityOfPage\":{\"@id\":\"https:\\\/\\\/gorzow.news\\\/index.php\\\/2021\\\/06\\\/11\\\/trwa-montaz-ogolnodostepnych-punktow-ladowania-samochodow\\\/\"},\"wordCount\":136,\"commentCount\":0,\"image\":{\"@id\":\"https:\\\/\\\/gorzow.news\\\/index.php\\\/2021\\\/06\\\/11\\\/trwa-montaz-ogolnodostepnych-punktow-ladowania-samochodow\\\/#primaryimage\"},\"thumbnailUrl\":\"https:\\\/\\\/gorzow.news\\\/wp-content\\\/uploads\\\/2021\\\/06\\\/punkt1.jpg?v=1623429038\",\"keywords\":[\"Enea Operator\",\"punkty \u0142adowania\",\"Robert Surowiec\",\"szpital\"],\"articleSection\":[\"Warto wiedzie\u0107\",\"Wiadomo\u015bci\"],\"inLanguage\":\"pl-PL\",\"potentialAction\":[{\"@type\":\"CommentAction\",\"name\":\"Comment\",\"target\":[\"https:\\\/\\\/gorzow.news\\\/index.php\\\/2021\\\/06\\\/11\\\/trwa-montaz-ogolnodostepnych-punktow-ladowania-samochodow\\\/#respond\"]}]},{\"@type\":\"WebPage\",\"@id\":\"https:\\\/\\\/gorzow.news\\\/index.php\\\/2021\\\/06\\\/11\\\/trwa-montaz-ogolnodostepnych-punktow-ladowania-samochodow\\\/\",\"url\":\"https:\\\/\\\/gorzow.news\\\/index.php\\\/2021\\\/06\\\/11\\\/trwa-montaz-ogolnodostepnych-punktow-ladowania-samochodow\\\/\",\"name\":\"Trwa monta\u017c og\u00f3lnodost\u0119pnych punkt\u00f3w \u0142adowania samochod\u00f3w - Gorz\u00f3w News\",\"isPartOf\":{\"@id\":\"https:\\\/\\\/gorzow.news\\\/#website\"},\"primaryImageOfPage\":{\"@id\":\"https:\\\/\\\/gorzow.news\\\/index.php\\\/2021\\\/06\\\/11\\\/trwa-montaz-ogolnodostepnych-punktow-ladowania-samochodow\\\/#primaryimage\"},\"image\":{\"@id\":\"https:\\\/\\\/gorzow.news\\\/index.php\\\/2021\\\/06\\\/11\\\/trwa-montaz-ogolnodostepnych-punktow-ladowania-samochodow\\\/#primaryimage\"},\"thumbnailUrl\":\"https:\\\/\\\/gorzow.news\\\/wp-content\\\/uploads\\\/2021\\\/06\\\/punkt1.jpg?v=1623429038\",\"datePublished\":\"2021-06-11T16:33:33+00:00\",\"dateModified\":\"2022-04-15T11:56:52+00:00\",\"author\":{\"@id\":\"https:\\\/\\\/gorzow.news\\\/#\\\/schema\\\/person\\\/a1e5ab43166369f2ce236a1cd90995bb\"},\"breadcrumb\":{\"@id\":\"https:\\\/\\\/gorzow.news\\\/index.php\\\/2021\\\/06\\\/11\\\/trwa-montaz-ogolnodostepnych-punktow-ladowania-samochodow\\\/#breadcrumb\"},\"inLanguage\":\"pl-PL\",\"potentialAction\":[{\"@type\":\"ReadAction\",\"target\":[\"https:\\\/\\\/gorzow.news\\\/index.php\\\/2021\\\/06\\\/11\\\/trwa-montaz-ogolnodostepnych-punktow-ladowania-samochodow\\\/\"]}]},{\"@type\":\"ImageObject\",\"inLanguage\":\"pl-PL\",\"@id\":\"https:\\\/\\\/gorzow.news\\\/index.php\\\/2021\\\/06\\\/11\\\/trwa-montaz-ogolnodostepnych-punktow-ladowania-samochodow\\\/#primaryimage\",\"url\":\"https:\\\/\\\/gorzow.news\\\/wp-content\\\/uploads\\\/2021\\\/06\\\/punkt1.jpg?v=1623429038\",\"contentUrl\":\"https:\\\/\\\/gorzow.news\\\/wp-content\\\/uploads\\\/2021\\\/06\\\/punkt1.jpg?v=1623429038\",\"width\":960,\"height\":642},{\"@type\":\"BreadcrumbList\",\"@id\":\"https:\\\/\\\/gorzow.news\\\/index.php\\\/2021\\\/06\\\/11\\\/trwa-montaz-ogolnodostepnych-punktow-ladowania-samochodow\\\/#breadcrumb\",\"itemListElement\":[{\"@type\":\"ListItem\",\"position\":1,\"name\":\"Home\",\"item\":\"https:\\\/\\\/gorzow.news\\\/\"},{\"@type\":\"ListItem\",\"position\":2,\"name\":\"Trwa monta\u017c og\u00f3lnodost\u0119pnych punkt\u00f3w \u0142adowania samochod\u00f3w\"}]},{\"@type\":\"WebSite\",\"@id\":\"https:\\\/\\\/gorzow.news\\\/#website\",\"url\":\"https:\\\/\\\/gorzow.news\\\/\",\"name\":\"Gorz\u00f3w News\",\"description\":\"Sp\u00f3jrz inaczej na miato i region...\",\"potentialAction\":[{\"@type\":\"SearchAction\",\"target\":{\"@type\":\"EntryPoint\",\"urlTemplate\":\"https:\\\/\\\/gorzow.news\\\/?s={search_term_string}\"},\"query-input\":{\"@type\":\"PropertyValueSpecification\",\"valueRequired\":true,\"valueName\":\"search_term_string\"}}],\"inLanguage\":\"pl-PL\"},{\"@type\":\"Person\",\"@id\":\"https:\\\/\\\/gorzow.news\\\/#\\\/schema\\\/person\\\/a1e5ab43166369f2ce236a1cd90995bb\",\"name\":\"maciej\",\"image\":{\"@type\":\"ImageObject\",\"inLanguage\":\"pl-PL\",\"@id\":\"https:\\\/\\\/secure.gravatar.com\\\/avatar\\\/530a674d56ba60cfa0ef21d74e8e8d123a51bb7aa6580465b5c2ab2c2e980a19?s=96&r=g&d=https:\\\/\\\/gorzow.news\\\/wp-content\\\/plugins\\\/userswp\\\/assets\\\/images\\\/no_profile.png\",\"url\":\"https:\\\/\\\/secure.gravatar.com\\\/avatar\\\/530a674d56ba60cfa0ef21d74e8e8d123a51bb7aa6580465b5c2ab2c2e980a19?s=96&r=g&d=https:\\\/\\\/gorzow.news\\\/wp-content\\\/plugins\\\/userswp\\\/assets\\\/images\\\/no_profile.png\",\"contentUrl\":\"https:\\\/\\\/secure.gravatar.com\\\/avatar\\\/530a674d56ba60cfa0ef21d74e8e8d123a51bb7aa6580465b5c2ab2c2e980a19?s=96&r=g&d=https:\\\/\\\/gorzow.news\\\/wp-content\\\/plugins\\\/userswp\\\/assets\\\/images\\\/no_profile.png\",\"caption\":\"maciej\"},\"url\":\"https:\\\/\\\/gorzow.news\\\/index.php\\\/profile\\\/maciej\\\/\"}]}<\/script>\n<!-- \/ Yoast SEO plugin. -->","yoast_head_json":{"title":"Trwa monta\u017c og\u00f3lnodost\u0119pnych punkt\u00f3w \u0142adowania samochod\u00f3w - Gorz\u00f3w News","robots":{"index":"index","follow":"follow","max-snippet":"max-snippet:-1","max-image-preview":"max-image-preview:large","max-video-preview":"max-video-preview:-1"},"canonical":"https:\/\/gorzow.news\/index.php\/2021\/06\/11\/trwa-montaz-ogolnodostepnych-punktow-ladowania-samochodow\/","og_locale":"pl_PL","og_type":"article","og_title":"Trwa monta\u017c og\u00f3lnodost\u0119pnych punkt\u00f3w \u0142adowania samochod\u00f3w - Gorz\u00f3w News","og_description":"Ilo\u015b\u0107 samochod\u00f3w elektrycznych na naszych drogach ro\u015bnie. Do tej pory w Gorzowie by\u0142y tylko cztery miejsca, gdzie mo\u017cna by\u0142o takie auta na\u0142ado","og_url":"https:\/\/gorzow.news\/index.php\/2021\/06\/11\/trwa-montaz-ogolnodostepnych-punktow-ladowania-samochodow\/","og_site_name":"Gorz\u00f3w News","article_publisher":"https:\/\/www.facebook.com\/gorzowskinews","article_published_time":"2021-06-11T16:33:33+00:00","article_modified_time":"2022-04-15T11:56:52+00:00","og_image":[{"width":960,"height":642,"url":"https:\/\/gorzow.news\/wp-content\/uploads\/2021\/06\/punkt1.jpg","type":"image\/jpeg"}],"author":"maciej","twitter_card":"summary_large_image","twitter_misc":{"Napisane przez":"maciej","Szacowany czas czytania":"1 minuta"},"schema":{"@context":"https:\/\/schema.org","@graph":[{"@type":"Article","@id":"https:\/\/gorzow.news\/index.php\/2021\/06\/11\/trwa-montaz-ogolnodostepnych-punktow-ladowania-samochodow\/#article","isPartOf":{"@id":"https:\/\/gorzow.news\/index.php\/2021\/06\/11\/trwa-montaz-ogolnodostepnych-punktow-ladowania-samochodow\/"},"author":{"name":"maciej","@id":"https:\/\/gorzow.news\/#\/schema\/person\/a1e5ab43166369f2ce236a1cd90995bb"},"headline":"Trwa monta\u017c og\u00f3lnodost\u0119pnych punkt\u00f3w \u0142adowania samochod\u00f3w","datePublished":"2021-06-11T16:33:33+00:00","dateModified":"2022-04-15T11:56:52+00:00","mainEntityOfPage":{"@id":"https:\/\/gorzow.news\/index.php\/2021\/06\/11\/trwa-montaz-ogolnodostepnych-punktow-ladowania-samochodow\/"},"wordCount":136,"commentCount":0,"image":{"@id":"https:\/\/gorzow.news\/index.php\/2021\/06\/11\/trwa-montaz-ogolnodostepnych-punktow-ladowania-samochodow\/#primaryimage"},"thumbnailUrl":"https:\/\/gorzow.news\/wp-content\/uploads\/2021\/06\/punkt1.jpg?v=1623429038","keywords":["Enea Operator","punkty \u0142adowania","Robert Surowiec","szpital"],"articleSection":["Warto wiedzie\u0107","Wiadomo\u015bci"],"inLanguage":"pl-PL","potentialAction":[{"@type":"CommentAction","name":"Comment","target":["https:\/\/gorzow.news\/index.php\/2021\/06\/11\/trwa-montaz-ogolnodostepnych-punktow-ladowania-samochodow\/#respond"]}]},{"@type":"WebPage","@id":"https:\/\/gorzow.news\/index.php\/2021\/06\/11\/trwa-montaz-ogolnodostepnych-punktow-ladowania-samochodow\/","url":"https:\/\/gorzow.news\/index.php\/2021\/06\/11\/trwa-montaz-ogolnodostepnych-punktow-ladowania-samochodow\/","name":"Trwa monta\u017c og\u00f3lnodost\u0119pnych punkt\u00f3w \u0142adowania samochod\u00f3w - Gorz\u00f3w News","isPartOf":{"@id":"https:\/\/gorzow.news\/#website"},"primaryImageOfPage":{"@id":"https:\/\/gorzow.news\/index.php\/2021\/06\/11\/trwa-montaz-ogolnodostepnych-punktow-ladowania-samochodow\/#primaryimage"},"image":{"@id":"https:\/\/gorzow.news\/index.php\/2021\/06\/11\/trwa-montaz-ogolnodostepnych-punktow-ladowania-samochodow\/#primaryimage"},"thumbnailUrl":"https:\/\/gorzow.news\/wp-content\/uploads\/2021\/06\/punkt1.jpg?v=1623429038","datePublished":"2021-06-11T16:33:33+00:00","dateModified":"2022-04-15T11:56:52+00:00","author":{"@id":"https:\/\/gorzow.news\/#\/schema\/person\/a1e5ab43166369f2ce236a1cd90995bb"},"breadcrumb":{"@id":"https:\/\/gorzow.news\/index.php\/2021\/06\/11\/trwa-montaz-ogolnodostepnych-punktow-ladowania-samochodow\/#breadcrumb"},"inLanguage":"pl-PL","potentialAction":[{"@type":"ReadAction","target":["https:\/\/gorzow.news\/index.php\/2021\/06\/11\/trwa-montaz-ogolnodostepnych-punktow-ladowania-samochodow\/"]}]},{"@type":"ImageObject","inLanguage":"pl-PL","@id":"https:\/\/gorzow.news\/index.php\/2021\/06\/11\/trwa-montaz-ogolnodostepnych-punktow-ladowania-samochodow\/#primaryimage","url":"https:\/\/gorzow.news\/wp-content\/uploads\/2021\/06\/punkt1.jpg?v=1623429038","contentUrl":"https:\/\/gorzow.news\/wp-content\/uploads\/2021\/06\/punkt1.jpg?v=1623429038","width":960,"height":642},{"@type":"BreadcrumbList","@id":"https:\/\/gorzow.news\/index.php\/2021\/06\/11\/trwa-montaz-ogolnodostepnych-punktow-ladowania-samochodow\/#breadcrumb","itemListElement":[{"@type":"ListItem","position":1,"name":"Home","item":"https:\/\/gorzow.news\/"},{"@type":"ListItem","position":2,"name":"Trwa monta\u017c og\u00f3lnodost\u0119pnych punkt\u00f3w \u0142adowania samochod\u00f3w"}]},{"@type":"WebSite","@id":"https:\/\/gorzow.news\/#website","url":"https:\/\/gorzow.news\/","name":"Gorz\u00f3w News","description":"Sp\u00f3jrz inaczej na miato i region...","potentialAction":[{"@type":"SearchAction","target":{"@type":"EntryPoint","urlTemplate":"https:\/\/gorzow.news\/?s={search_term_string}"},"query-input":{"@type":"PropertyValueSpecification","valueRequired":true,"valueName":"search_term_string"}}],"inLanguage":"pl-PL"},{"@type":"Person","@id":"https:\/\/gorzow.news\/#\/schema\/person\/a1e5ab43166369f2ce236a1cd90995bb","name":"maciej","image":{"@type":"ImageObject","inLanguage":"pl-PL","@id":"https:\/\/secure.gravatar.com\/avatar\/530a674d56ba60cfa0ef21d74e8e8d123a51bb7aa6580465b5c2ab2c2e980a19?s=96&r=g&d=https:\/\/gorzow.news\/wp-content\/plugins\/userswp\/assets\/images\/no_profile.png","url":"https:\/\/secure.gravatar.com\/avatar\/530a674d56ba60cfa0ef21d74e8e8d123a51bb7aa6580465b5c2ab2c2e980a19?s=96&r=g&d=https:\/\/gorzow.news\/wp-content\/plugins\/userswp\/assets\/images\/no_profile.png","contentUrl":"https:\/\/secure.gravatar.com\/avatar\/530a674d56ba60cfa0ef21d74e8e8d123a51bb7aa6580465b5c2ab2c2e980a19?s=96&r=g&d=https:\/\/gorzow.news\/wp-content\/plugins\/userswp\/assets\/images\/no_profile.png","caption":"maciej"},"url":"https:\/\/gorzow.news\/index.php\/profile\/maciej\/"}]}},"_links":{"self":[{"href":"https:\/\/gorzow.news\/index.php\/wp-json\/wp\/v2\/posts\/1206","targetHints":{"allow":["GET"]}}],"collection":[{"href":"https:\/\/gorzow.news\/index.php\/wp-json\/wp\/v2\/posts"}],"about":[{"href":"https:\/\/gorzow.news\/index.php\/wp-json\/wp\/v2\/types\/post"}],"author":[{"embeddable":true,"href":"https:\/\/gorzow.news\/index.php\/wp-json\/wp\/v2\/users\/1"}],"replies":[{"embeddable":true,"href":"https:\/\/gorzow.news\/index.php\/wp-json\/wp\/v2\/comments?post=1206"}],"version-history":[{"count":0,"href":"https:\/\/gorzow.news\/index.php\/wp-json\/wp\/v2\/posts\/1206\/revisions"}],"wp:featuredmedia":[{"embeddable":true,"href":"https:\/\/gorzow.news\/index.php\/wp-json\/wp\/v2\/media\/1207"}],"wp:attachment":[{"href":"https:\/\/gorzow.news\/index.php\/wp-json\/wp\/v2\/media?parent=1206"}],"wp:term":[{"taxonomy":"category","embeddable":true,"href":"https:\/\/gorzow.news\/index.php\/wp-json\/wp\/v2\/categories?post=1206"},{"taxonomy":"post_tag","embeddable":true,"href":"https:\/\/gorzow.news\/index.php\/wp-json\/wp\/v2\/tags?post=1206"}],"curies":[{"name":"wp","href":"https:\/\/api.w.org\/{rel}","templated":true}]}}