{"id":12059,"date":"2023-03-23T08:45:31","date_gmt":"2023-03-23T07:45:31","guid":{"rendered":"https:\/\/gorzow.news\/?p=12059"},"modified":"2023-03-23T08:45:32","modified_gmt":"2023-03-23T07:45:32","slug":"kosynierow-gdynskich-i-slowianska-eurovia-podpisala-umowe-czas-na-pierwsze-prace-objazdy-mzk","status":"publish","type":"post","link":"https:\/\/gorzow.news\/index.php\/2023\/03\/23\/kosynierow-gdynskich-i-slowianska-eurovia-podpisala-umowe-czas-na-pierwsze-prace-objazdy-mzk\/","title":{"rendered":"Kosynier\u00f3w Gdy\u0144skich i S\u0142owia\u0144ska: Eurovia podpisa\u0142a umow\u0119. Czas na pierwsze prace! Objazdy MZK!"},"content":{"rendered":"\n<p><strong>To ju\u017c pewne &#8211; firma Eurovia wykona now\u0105 konstrukcj\u0119 nawierzchni drogi i chodnik\u00f3w ul. Kosynier\u00f3w Gdy\u0144skich, przebudow\u0119 skrzy\u017cowania ulic S\u0142owia\u0144skiej, Roosevelta, \u017bwirowej i Kosynier\u00f3w Gdy\u0144skich oraz wybuduje nowe rondo przy ul. S\u0142owia\u0144skiej i Fredry. Nowa nawierzchnia pojawi si\u0119 r\u00f3wnie\u017c na ulicy S\u0142owia\u0144skiej (\u0142\u0105cznik za PWiK) oraz na odcinkach pomi\u0119dzy przebudowywanymi skrzy\u017cowaniami &#8211; a\u017c do miejsca, w kt\u00f3rym znajduje si\u0119 k\u0142adka dla pieszych, w kierunku Cmentarza Komunalnego.<\/strong><\/p>\n\n\n\n<p>&#8211; To w jakim stanie jest ul. Kosynier\u00f3w wie ka\u017cdy kierowca. Ten remont jest niezb\u0119dny i oczekiwany przez mieszka\u0144c\u00f3w. Realizacja prac b\u0119dzie du\u017cym wyzwaniem logistycznym. Przy ul. Kosynier\u00f3w prowadzone b\u0119d\u0105 r\u00f3wnolegle dwie inwestycje \u2013 wymiana wodoci\u0105gu PWiK realizowana przez firm\u0119 WUPRIN\u017b oraz wymiana nawierzchni, kt\u00f3r\u0105 zrealizuje firma EUROVIA. To optymalne rozwi\u0105zanie, kt\u00f3re wypracowali\u015bmy korzystaj\u0105c z do\u015bwiadcze\u0144 bud\u00f3w realizowanych w Gorzowie w ostatnich latach. Licz\u0119 na dobr\u0105 wsp\u00f3\u0142prac\u0119 obu wykonawc\u00f3w \u2013 powiedzia\u0142 <strong>Dariusz Mleczak<\/strong>, prezes Gorzowskich Inwestycji Miejskich.<\/p>\n\n\n\n<p>Pierwszym zadaniem, kt\u00f3re do realizacji wskaza\u0142 wykonawca (Eurovia), b\u0119dzie wymiana nawierzchni drogi i chodnika na odcinku ul. S\u0142owia\u0144skiej. To odcinek za Przedsi\u0119biorstwem Wodoci\u0105g\u00f3w i Kanalizacji, kt\u00f3ry w p\u00f3\u017aniejszym etapie realizacji inwestycji mo\u017ce by\u0107 wykorzystywany jako alternatywne skomunikowanie z ul. Kosynier\u00f3w Gdy\u0144skich. Jeszcze w trakcie jej realizacji, ruszy budowa ronda na skrzy\u017cowaniu ulic S\u0142owia\u0144skiej i Fredry.<\/p>\n\n\n\n<p>Inwestycja b\u0119dzie kosztowa\u0142a ponad 27 mln z\u0142otych. Na jej realizacj\u0119 wykonawca ma 16 miesi\u0119cy. Zadanie otrzyma\u0142o promes\u0119 wsparcia, w kwocie ponad 26 mln z\u0142, z programu Rz\u0105dowy Fundusz Polski \u0141ad: Program Inwestycji Strategicznych.<\/p>\n\n\n\n<p>R\u00f3wnolegle Przedsi\u0119biorstwo Wodoci\u0105g\u00f3w i Kanalizacji rozpocznie przebudow\u0119 wodoci\u0105gu na odcinku od IV LO do ul. Mo\u015bcickiego. W zwi\u0105zku z czym prace b\u0119d\u0105 prowadzone na kilku frontach r\u00f3wnocze\u015bnie. Inwestycja b\u0119dzie etapowana tak, by ograniczy\u0107 utrudnienia w ruchu i zapewni\u0107 odpowiedni kierunek rob\u00f3t wykonawcom.<\/p>\n\n\n\n<p>Realizacja zakresu prac PWiK potrwa do ko\u0144ca pa\u017adziernika br. Prace wykona firma Wuprin\u017c S.A. z Poznania, za ponad 7 mln z\u0142otych. Inwestycja obejmuje wymian\u0119 sieci wodoci\u0105gowych, wraz z przy\u0142\u0105czami, od wysoko\u015bci ronda, przy IV Liceum Og\u00f3lnokszta\u0142c\u0105cym, w ul. Kosynier\u00f3w Gdy\u0144skich, do wysoko\u015bci ul. S\u0142owia\u0144skiej (bocznej) oraz przebudow\u0119 37 studni kanalizacji sanitarnej. \u0141\u0105czna d\u0142ugo\u015b\u0107 wszystkich wymienianych przewod\u00f3w wodoci\u0105gowych przekroczy dwa kilometry. Wymiany doczeka si\u0119 r\u00f3wnie\u017c jedna z g\u0142\u00f3wnych sieci wodoci\u0105gowych o d\u0142ugo\u015bci ponad kilometra. Dzi\u0119ki temu poprawie ulegnie funkcjonowanie przesy\u0142u wody w du\u017cej cz\u0119\u015bci miasta.<\/p>\n\n\n\n<p>Modernizacja sieci zlokalizowana zostanie w jednej po\u0142owie pasa drogowego. Prace zgodnie z czasow\u0105 organizacj\u0105 ruchu podzielono na sze\u015b\u0107 etap\u00f3w. W ka\u017cdym z nich uj\u0119to przebudow\u0119 studni w ca\u0142ej jezdni ul. Kosynier\u00f3w Gdy\u0144skich, a tak\u017ce na obszarze przebudowy skrzy\u017cowania ulic S\u0142owia\u0144skiej, Kosynier\u00f3w Gdy\u0144skich, Roosevelta i \u017bwirowej. Dodatkowo w rejonie skrzy\u017cowania Kosynier\u00f3w \u2013 Roosevelta, metod\u0105 krakingu (czyli w stary ruroci\u0105g zostanie wprowadzona nowa rura z tworzywa sztucznego), wyremontowana zostanie sie\u0107 wodoci\u0105gowa.<\/p>\n\n\n\n<p>I etap &#8211; wykonanie sieci wodoci\u0105gowej na odcinku od w\u0142\u0105czenia w ul. Kosynier\u00f3w Gdy\u0144skich 9 na wysoko\u015bci budynku nr 100) do w\u0142\u0105czenia w ul. W\u0142adys\u0142awa \u0141okietka (na wysoko\u015bci budynku nr 2) oraz odcinek od wysoko\u015bci IV LO (ul. Kosynier\u00f3w Gdy\u0144skich 8) do wysoko\u015bci ul. 30-go Stycznia,<\/p>\n\n\n\n<p>II etap \u2013 wykonanie sieci wodoci\u0105gowej w ul. Kosynier\u00f3w Gdy\u0144skich, na odcinku od wysoko\u015bci ul. 30-go Stycznia do wysoko\u015bci ul. Edwarda Borowskiego,<\/p>\n\n\n\n<p>III etap \u2013 wykonanie sieci wodoci\u0105gowej w ul. Kosynier\u00f3w Gdy\u0144skich, na odcinku od wysoko\u015bci Edwarda Borowskiego do wysoko\u015bci ul. Jagiello\u0144czyka,<\/p>\n\n\n\n<p>IV etap \u2013 wykonanie sieci wodoci\u0105gowej w ul. Kosynier\u00f3w Gdy\u0144skich, od wysoko\u015bci ul. Jagiello\u0144czyka do w\u0119z\u0142a zasuw przy skrzy\u017cowaniu z ul. Mo\u015bcickiego,<\/p>\n\n\n\n<p>V etap \u2013 wykonanie sieci wodoci\u0105gowej od wysoko\u015bci ul. S\u0142owia\u0144skiej (bocznej) do w\u0119z\u0142a zasuw przy skrzy\u017cowaniu z ul. Mo\u015bcickiego,<\/p>\n\n\n\n<p>VI etap &#8211; wykonanie sieci wodoci\u0105gowej od w\u0119z\u0142a przy skrzy\u017cowaniu z ul. Mo\u015bcickiego w kierunku ul. Mickiewicza.<\/p>\n\n\n\n<p>Dopuszcza si\u0119 r\u00f3wnoleg\u0142\u0105 realizacj\u0119 etap\u00f3w tj. z obu stron remontowanego odcinka ulicy, np. etap I i V.<\/p>\n\n\n\n<p>Sukcesywnie, w miar\u0119 post\u0119pu prac wykonawcy nowego wodoci\u0105gu na ulicy Kosynier\u00f3w Gdy\u0144skich, swoje prace prowadzi\u0107 b\u0119dzie firma Eurovia. W jej zakresie jest wykonanie nowej nawierzchni drogi oraz zjazd\u00f3w, a tak\u017ce przebudowa poszczeg\u00f3lnych odcink\u00f3w chodnika i przej\u015b\u0107 dla pieszych. W ten spos\u00f3b, po po\u0142\u0105czeniu z tymi, kt\u00f3re s\u0105 w dobrym stanie technicznym, powstanie sp\u00f3jny i bezpieczny uk\u0142ad komunikacyjny dla pieszych.<\/p>\n\n\n\n<p>Remontu doczekaj\u0105 si\u0119 r\u00f3wnie\u017c zatoki autobusowe, a dwie nowe powstan\u0105 przy ul. \u017bwirowej i jedna przy ul. S\u0142owia\u0144skiej. Na odcinku od ronda przy IV LO do ul. 30 Stycznia wybudowany zostanie odcinek kanalizacji deszczowej. Skrzy\u017cowania zyskaj\u0105 nowe o\u015bwietlenie, przebudowana zostanie r\u00f3wnie\u017c sygnalizacja \u015bwietlna. Przebudowa skrzy\u017cowania ulic S\u0142owia\u0144skiej, Roosevelta, \u017bwirowej i Kosynier\u00f3w Gdy\u0144skich polega\u0107 b\u0119dzie na rozbudowie trzech wlot\u00f3w (dodatkowe pasy ruchu) oraz przebudowie sygnalizacji \u015bwietlnej.<\/p>\n\n\n\n<p>Na projektowanych w ul. Kosynier\u00f3w Gdy\u0144skich przej\u015bciach dla pieszych zaplanowane zosta\u0142y wyspy uspokajaj\u0105ce ruch.<\/p>\n\n\n\n<p>Zgodnie z projektem, przebudowana zostanie r\u00f3wnie\u017c \u015bcie\u017cka rowerowa przy ul. \u017bwirowej oraz nowym rondzie ul. S\u0142owia\u0144skiej, co ujednolici ju\u017c istniej\u0105c\u0105 infrastruktur\u0119 dla rowerzyst\u00f3w.<\/p>\n\n\n\n<p>Prace budowlane prowadzone przy ul Kosynier\u00f3w Gdy\u0144skich spowoduj\u0105 konieczno\u015b\u0107 zmiany tras linii autobusowych.<\/p>\n\n\n\n<p>Planowane trasy linii autobusowych MZK:<\/p>\n\n\n\n<p>&#8211; etapy 1, 2, 3 \u2013 linie: 100, 101, 104, 111, 124, 134, 136, 511 od skrzy\u017cowania ulic Kosynier\u00f3w Gdy\u0144skich i Borowskiego jad\u0105 ulic\u0105 Borowskiego (linia 510 od skrzy\u017cowania ulic Borowskiego i Armii Polskiej), Armii Polskiej (przystanek tymczasowy w rejonie posesji nr 14-15), \u0141okietka i od ronda Kosynier\u00f3w Gdy\u0144skich powr\u00f3t na sta\u0142e trasy;<\/p>\n\n\n\n<p>&#8211; etap 4 &#8211; linia 111 od skrzy\u017cowania ulic: S\u0142owia\u0144ska, \u017bwirowa, Roosevelta, Kosynier\u00f3w Gdy\u0144skich jedzie ulic\u0105 Roosevelta do ul. Mieszka I, dalej ul. Mieszka I (przystanki autobusowo-tramwajowe), Borowskiego (przystanek dla linii nocnych z ewentualn\u0105 zmian\u0105 lokalizacji \u2013 przeniesienie sprzed posesji nr 31 przed posesj\u0119 nr 29), Armii Polskiej (przystanek jak w etapach 1, 2, 3), \u0141okietka i od ronda Kosynier\u00f3w Gdy\u0144skich powr\u00f3t na sta\u0142e trasy.<\/p>\n\n\n\n<p>Linie: 104 i 134 od skrzy\u017cowania al. ks. Andrzejewskiego i ul. Mieszka I jedzie ul. Mieszka I (przystanki autobusowo-tramwajowe), Borowskiego (przystanek dla linii nocnych), Armii Polskiej (przystanek jak w etapach 1, 2, 3) \u0141okietka i od ronda Kosynier\u00f3w Gdy\u0144skich powr\u00f3t na sta\u0142e trasy.<\/p>\n\n\n\n<p>Linie: 100, 101, 124, 511 od skrzy\u017cowania ulic Matejki i Kosynier\u00f3w Gdy\u0144skich jedzie ul. Kosynier\u00f3w Gdy\u0144skich do ul. Mickiewicza, nast\u0119pnie Mickiewicza, dalej ul. Mieszka I (przystanki autobusowo-tramwajowe), Borowskiego (przystanek dla linii nocnych), (linia 510 od skrzy\u017cowania ulic Borowskiego i Armii Polskiej), Armii Polskiej (przystanek jak w etapach 1, 2, 3), \u0141okietka i od ronda Kosynier\u00f3w Gdy\u0144skich powr\u00f3t na sta\u0142e trasy;<\/p>\n\n\n\n<p>&#8211; etap 5 \u2013 linie: 100, 101, 104, 111, 124, 134, 136 i 511 do skrzy\u017cowania ulic Mieszka I i Borowskiego jak w etapie 4, dalej Borowskiego (przystanek dla linii nocnych) i od skrzy\u017cowania ulic Borowskiego i Kosynier\u00f3w Gdy\u0144skich powr\u00f3t na sta\u0142e trasy. Linia 510 kursuje na tym etapie sta\u0142\u0105 tras\u0105;<\/p>\n\n\n\n<p>&#8211; etap 6A \u2013 linie: 104, 111, 134 jak w etapie 5, linie 100, 101, 124, 510, 511 kursuj\u0105 sta\u0142ymi trasami;<\/p>\n\n\n\n<p>&#8211; etap 6B \u2013 linie: 104, 111, 134 jad\u0105 do skrzy\u017cowania ulic Mickiewicza i Mieszka I, jak w etapach 4, 5 i 6A, nast\u0119pnie ulic\u0105 Mickiewicza do skrzy\u017cowania z ulic\u0105 Kosynier\u00f3w Gdy\u0144skich, gdzie nast\u0105pi powr\u00f3t na sta\u0142e trasy. Linie: 100, 101, 124, 510, 511 kursuj\u0105 sta\u0142ymi trasami.<\/p>\n\n\n\n<p><strong>O inwestycji przeczytasz tak\u017ce tutaj:<\/strong><br>&#8211; <a href=\"https:\/\/gorzow.news\/index.php\/2023\/02\/21\/trwaja-przygotowania-do-budowy-ronda-na-wysokosci-skrzyzowania-slowianskiej-z-fredry-zdjecia\/\">Trwaj\u0105 przygotowania do budowy ronda na wysoko\u015bci skrzy\u017cowania S\u0142owia\u0144skiej z Fredry (zdj\u0119cia)<\/a><br>&#8211; <a href=\"https:\/\/gorzow.news\/index.php\/2023\/02\/10\/przetarg-na-kosynierow-gdynskich-rozstrzygniety\/\">Przetarg na Kosynier\u00f3w Gdy\u0144skich rozstrzygni\u0119ty<\/a><br>&#8211; <a href=\"https:\/\/gorzow.news\/index.php\/2023\/01\/30\/kosynierow-gdynskich-i-slowianska-dwie-firmy-zglosily-sie-w-przetargu\/\">Kosynier\u00f3w Gdy\u0144skich i S\u0142owia\u0144ska: Dwie firmy zg\u0142osi\u0142y si\u0119 w przetargu<\/a><br>&#8211; <a href=\"https:\/\/gorzow.news\/index.php\/2023\/01\/02\/przetarg-na-remont-kosynierow-gdynskich-i-rondo-kolo-slowianki-ogloszony-jak-beda-wygladaly-skrzyzowania-projekty\/\">Przetarg na remont Kosynier\u00f3w Gdy\u0144skich i rondo ko\u0142o S\u0142owianki og\u0142oszony. Jak b\u0119d\u0105 wygl\u0105da\u0142y skrzy\u017cowania? (projekty)<\/a><\/p>\n\n\n\n<p><strong>Przeczytaj te\u017c:<\/strong><br>&#8211; <a href=\"https:\/\/gorzow.news\/index.php\/2023\/03\/17\/przetarg-na-deptak-rozstrzygniety-tym-razem-inwestycja-ruszy\/\">Przetarg na deptak rozstrzygni\u0119ty. Tym razem inwestycja ruszy?<\/a><br>&#8211; <a href=\"https:\/\/gorzow.news\/index.php\/2023\/03\/08\/polnocna-obwodnica-gorzowa-jest-przetarg-na-budowe-pierwszego-etapu\/\">P\u00f3\u0142nocna Obwodnica Gorzowa: Jest przetarg na budow\u0119 pierwszego etapu<\/a><br>&#8211; <a href=\"https:\/\/gorzow.news\/index.php\/2023\/03\/06\/co-z-granitowymi-plytami-z-chodnika-przy-drzymaly-sprawdzilismy-zdjecia\/\">Co z granitowymi p\u0142ytami z chodnika przy Drzyma\u0142y? Sprawdzili\u015bmy! (zdj\u0119cia)<\/a><\/p>\n\n\n\r\n                <style type=\"text\/css\">\r\n                    \r\n                    #tdi_1  .td-doubleSlider-2 .td-item1 {\r\n                        background: url(https:\/\/gorzow.news\/wp-content\/uploads\/2023\/03\/Przebudowa-nawierzchni-ul.-Slowianskiej.png) 0 0 no-repeat;\r\n                    }\r\n                    #tdi_1  .td-doubleSlider-2 .td-item2 {\r\n                        background: url(https:\/\/gorzow.news\/wp-content\/uploads\/2023\/03\/Przebudowa-skrzyzowania-ul.-Slowianskiej_Roosevelta_Zwirowa_Kos.-Gdynskich.png) 0 0 no-repeat;\r\n                    }\r\n                    #tdi_1  .td-doubleSlider-2 .td-item3 {\r\n                        background: url(https:\/\/gorzow.news\/wp-content\/uploads\/2023\/03\/Remont-i-przebudowa-ul.-Kos.-Gdynskich_01.png) 0 0 no-repeat;\r\n                    }\r\n                    #tdi_1  .td-doubleSlider-2 .td-item4 {\r\n                        background: url(https:\/\/gorzow.news\/wp-content\/uploads\/2023\/03\/Remont-i-przebudowa-ul.-Kos.-Gdynskich_02.png) 0 0 no-repeat;\r\n                    }\r\n                <\/style>\r\n\r\n                <div id=\"tdi_1\" class=\"td-gallery td-slide-on-2-columns\">\r\n                    <div class=\"post_td_gallery\">\r\n                        <div class=\"td-gallery-slide-top\">\r\n                           <div class=\"td-gallery-title\">Przebudowa i remont nawierzchni ul. Kosynier\u00f3w Gdy\u0144skich i S\u0142owia\u0144skiej<\/div>\r\n\r\n                            <div class=\"td-gallery-controls-wrapper\">\r\n                                <div class=\"td-gallery-slide-count\"><span class=\"td-gallery-slide-item-focus\">1<\/span> z 4<\/div>\r\n                                <div class=\"td-gallery-slide-prev-next-but\">\r\n                                    <i class = \"td-icon-left doubleSliderPrevButton\"><\/i>\r\n                                    <i class = \"td-icon-right doubleSliderNextButton\"><\/i>\r\n                                <\/div>\r\n                            <\/div>\r\n                        <\/div>\r\n\r\n                        <div class = \"td-doubleSlider-1 \">\r\n                            <div class = \"td-slider\">\r\n                                \r\n                    <div class = \"td-slide-item td-item1\">\r\n                        <figure class=\"td-slide-galery-figure td-slide-popup-gallery\">\r\n                            <a class=\"slide-gallery-image-link\" href=\"https:\/\/gorzow.news\/wp-content\/uploads\/2023\/03\/Przebudowa-nawierzchni-ul.-Slowianskiej.png\" title=\"\"  data-caption=\"\"  data-description=\"\">\r\n                                <img decoding=\"async\" src=\"https:\/\/gorzow.news\/wp-content\/uploads\/2023\/03\/Przebudowa-nawierzchni-ul.-Slowianskiej.png\" srcset=\"https:\/\/gorzow.news\/wp-content\/uploads\/2023\/03\/Przebudowa-nawierzchni-ul.-Slowianskiej.png 9744w, https:\/\/gorzow.news\/wp-content\/uploads\/2023\/03\/Przebudowa-nawierzchni-ul.-Slowianskiej-300x76.png 300w, https:\/\/gorzow.news\/wp-content\/uploads\/2023\/03\/Przebudowa-nawierzchni-ul.-Slowianskiej-1024x261.png 1024w, https:\/\/gorzow.news\/wp-content\/uploads\/2023\/03\/Przebudowa-nawierzchni-ul.-Slowianskiej-768x196.png 768w, https:\/\/gorzow.news\/wp-content\/uploads\/2023\/03\/Przebudowa-nawierzchni-ul.-Slowianskiej-1536x391.png 1536w, https:\/\/gorzow.news\/wp-content\/uploads\/2023\/03\/Przebudowa-nawierzchni-ul.-Slowianskiej-2048x521.png 2048w, https:\/\/gorzow.news\/wp-content\/uploads\/2023\/03\/Przebudowa-nawierzchni-ul.-Slowianskiej-696x177.png 696w, https:\/\/gorzow.news\/wp-content\/uploads\/2023\/03\/Przebudowa-nawierzchni-ul.-Slowianskiej-1068x272.png 1068w, https:\/\/gorzow.news\/wp-content\/uploads\/2023\/03\/Przebudowa-nawierzchni-ul.-Slowianskiej-1920x489.png 1920w\" sizes=\"(max-width: 9744px) 100vw, 9744px\" alt=\"\">\r\n                            <\/a>\r\n                            \r\n                        <\/figure>\r\n                    <\/div>\r\n                    <div class = \"td-slide-item td-item2\">\r\n                        <figure class=\"td-slide-galery-figure td-slide-popup-gallery\">\r\n                            <a class=\"slide-gallery-image-link\" href=\"https:\/\/gorzow.news\/wp-content\/uploads\/2023\/03\/Przebudowa-skrzyzowania-ul.-Slowianskiej_Roosevelta_Zwirowa_Kos.-Gdynskich.png\" title=\"\"  data-caption=\"\"  data-description=\"\">\r\n                                <img decoding=\"async\" src=\"https:\/\/gorzow.news\/wp-content\/uploads\/2023\/03\/Przebudowa-skrzyzowania-ul.-Slowianskiej_Roosevelta_Zwirowa_Kos.-Gdynskich.png\" srcset=\"https:\/\/gorzow.news\/wp-content\/uploads\/2023\/03\/Przebudowa-skrzyzowania-ul.-Slowianskiej_Roosevelta_Zwirowa_Kos.-Gdynskich.png 5906w, https:\/\/gorzow.news\/wp-content\/uploads\/2023\/03\/Przebudowa-skrzyzowania-ul.-Slowianskiej_Roosevelta_Zwirowa_Kos.-Gdynskich-300x126.png 300w, https:\/\/gorzow.news\/wp-content\/uploads\/2023\/03\/Przebudowa-skrzyzowania-ul.-Slowianskiej_Roosevelta_Zwirowa_Kos.-Gdynskich-1024x430.png 1024w, https:\/\/gorzow.news\/wp-content\/uploads\/2023\/03\/Przebudowa-skrzyzowania-ul.-Slowianskiej_Roosevelta_Zwirowa_Kos.-Gdynskich-768x323.png 768w, https:\/\/gorzow.news\/wp-content\/uploads\/2023\/03\/Przebudowa-skrzyzowania-ul.-Slowianskiej_Roosevelta_Zwirowa_Kos.-Gdynskich-1536x645.png 1536w, https:\/\/gorzow.news\/wp-content\/uploads\/2023\/03\/Przebudowa-skrzyzowania-ul.-Slowianskiej_Roosevelta_Zwirowa_Kos.-Gdynskich-2048x860.png 2048w, https:\/\/gorzow.news\/wp-content\/uploads\/2023\/03\/Przebudowa-skrzyzowania-ul.-Slowianskiej_Roosevelta_Zwirowa_Kos.-Gdynskich-696x292.png 696w, https:\/\/gorzow.news\/wp-content\/uploads\/2023\/03\/Przebudowa-skrzyzowania-ul.-Slowianskiej_Roosevelta_Zwirowa_Kos.-Gdynskich-1068x449.png 1068w, https:\/\/gorzow.news\/wp-content\/uploads\/2023\/03\/Przebudowa-skrzyzowania-ul.-Slowianskiej_Roosevelta_Zwirowa_Kos.-Gdynskich-1920x807.png 1920w\" sizes=\"(max-width: 5906px) 100vw, 5906px\" alt=\"\">\r\n                            <\/a>\r\n                            \r\n                        <\/figure>\r\n                    <\/div>\r\n                    <div class = \"td-slide-item td-item3\">\r\n                        <figure class=\"td-slide-galery-figure td-slide-popup-gallery\">\r\n                            <a class=\"slide-gallery-image-link\" href=\"https:\/\/gorzow.news\/wp-content\/uploads\/2023\/03\/Remont-i-przebudowa-ul.-Kos.-Gdynskich_01.png\" title=\"\"  data-caption=\"\"  data-description=\"\">\r\n                                <img decoding=\"async\" src=\"https:\/\/gorzow.news\/wp-content\/uploads\/2023\/03\/Remont-i-przebudowa-ul.-Kos.-Gdynskich_01.png\" srcset=\"https:\/\/gorzow.news\/wp-content\/uploads\/2023\/03\/Remont-i-przebudowa-ul.-Kos.-Gdynskich_01.png 11810w, https:\/\/gorzow.news\/wp-content\/uploads\/2023\/03\/Remont-i-przebudowa-ul.-Kos.-Gdynskich_01-300x45.png 300w, https:\/\/gorzow.news\/wp-content\/uploads\/2023\/03\/Remont-i-przebudowa-ul.-Kos.-Gdynskich_01-1024x152.png 1024w, https:\/\/gorzow.news\/wp-content\/uploads\/2023\/03\/Remont-i-przebudowa-ul.-Kos.-Gdynskich_01-768x114.png 768w, https:\/\/gorzow.news\/wp-content\/uploads\/2023\/03\/Remont-i-przebudowa-ul.-Kos.-Gdynskich_01-1536x228.png 1536w, https:\/\/gorzow.news\/wp-content\/uploads\/2023\/03\/Remont-i-przebudowa-ul.-Kos.-Gdynskich_01-2048x304.png 2048w, https:\/\/gorzow.news\/wp-content\/uploads\/2023\/03\/Remont-i-przebudowa-ul.-Kos.-Gdynskich_01-696x103.png 696w, https:\/\/gorzow.news\/wp-content\/uploads\/2023\/03\/Remont-i-przebudowa-ul.-Kos.-Gdynskich_01-1068x159.png 1068w, https:\/\/gorzow.news\/wp-content\/uploads\/2023\/03\/Remont-i-przebudowa-ul.-Kos.-Gdynskich_01-1920x285.png 1920w\" sizes=\"(max-width: 11810px) 100vw, 11810px\" alt=\"\">\r\n                            <\/a>\r\n                            \r\n                        <\/figure>\r\n                    <\/div>\r\n                    <div class = \"td-slide-item td-item4\">\r\n                        <figure class=\"td-slide-galery-figure td-slide-popup-gallery\">\r\n                            <a class=\"slide-gallery-image-link\" href=\"https:\/\/gorzow.news\/wp-content\/uploads\/2023\/03\/Remont-i-przebudowa-ul.-Kos.-Gdynskich_02.png\" title=\"\"  data-caption=\"\"  data-description=\"\">\r\n                                <img decoding=\"async\" src=\"https:\/\/gorzow.news\/wp-content\/uploads\/2023\/03\/Remont-i-przebudowa-ul.-Kos.-Gdynskich_02.png\" srcset=\"https:\/\/gorzow.news\/wp-content\/uploads\/2023\/03\/Remont-i-przebudowa-ul.-Kos.-Gdynskich_02.png 2481w, https:\/\/gorzow.news\/wp-content\/uploads\/2023\/03\/Remont-i-przebudowa-ul.-Kos.-Gdynskich_02-300x212.png 300w, https:\/\/gorzow.news\/wp-content\/uploads\/2023\/03\/Remont-i-przebudowa-ul.-Kos.-Gdynskich_02-1024x724.png 1024w, https:\/\/gorzow.news\/wp-content\/uploads\/2023\/03\/Remont-i-przebudowa-ul.-Kos.-Gdynskich_02-768x543.png 768w, https:\/\/gorzow.news\/wp-content\/uploads\/2023\/03\/Remont-i-przebudowa-ul.-Kos.-Gdynskich_02-1536x1086.png 1536w, https:\/\/gorzow.news\/wp-content\/uploads\/2023\/03\/Remont-i-przebudowa-ul.-Kos.-Gdynskich_02-2048x1448.png 2048w, https:\/\/gorzow.news\/wp-content\/uploads\/2023\/03\/Remont-i-przebudowa-ul.-Kos.-Gdynskich_02-696x492.png 696w, https:\/\/gorzow.news\/wp-content\/uploads\/2023\/03\/Remont-i-przebudowa-ul.-Kos.-Gdynskich_02-1068x755.png 1068w, https:\/\/gorzow.news\/wp-content\/uploads\/2023\/03\/Remont-i-przebudowa-ul.-Kos.-Gdynskich_02-1920x1357.png 1920w\" sizes=\"(max-width: 2481px) 100vw, 2481px\" alt=\"\">\r\n                            <\/a>\r\n                            \r\n                        <\/figure>\r\n                    <\/div>\r\n                            <\/div>\r\n                        <\/div>\r\n\r\n                        <div class = \"td-doubleSlider-2\">\r\n                            <div class = \"td-slider\">\r\n                                \r\n                    <div class = \"td-button td-item1\">\r\n                        <div class = \"td-border\"><\/div>\r\n                    <\/div>\r\n                    <div class = \"td-button td-item2\">\r\n                        <div class = \"td-border\"><\/div>\r\n                    <\/div>\r\n                    <div class = \"td-button td-item3\">\r\n                        <div class = \"td-border\"><\/div>\r\n                    <\/div>\r\n                    <div class = \"td-button td-item4\">\r\n                        <div class = \"td-border\"><\/div>\r\n                    <\/div>\r\n                            <\/div>\r\n                        <\/div>\r\n\r\n                    <\/div>\r\n\r\n                <\/div>\r\n                ","protected":false},"excerpt":{"rendered":"<p>To ju\u017c pewne &#8211; firma Eurovia wykona now\u0105 konstrukcj\u0119 nawierzchni drogi i chodnik\u00f3w ul. Kosynier\u00f3w Gdy\u0144skich, przebudow\u0119 skrzy\u017cowania ulic S\u0142owia\u0144skiej, Roosevelta, \u017bwirowej i Kosynier\u00f3w Gdy\u0144skich oraz wybuduje nowe rondo przy ul. S\u0142owia\u0144skiej i Fredry. Nowa nawierzchnia pojawi si\u0119 r\u00f3wnie\u017c na ulicy S\u0142owia\u0144skiej (\u0142\u0105cznik za PWiK) oraz na odcinkach pomi\u0119dzy przebudowywanymi skrzy\u017cowaniami &#8211; a\u017c do miejsca, w kt\u00f3rym znajduje si\u0119 k\u0142adka dla pieszych, w kierunku Cmentarza Komunalnego.<\/p>\n","protected":false},"author":1,"featured_media":12064,"comment_status":"open","ping_status":"open","sticky":false,"template":"","format":"standard","meta":{"footnotes":"","_links_to":"","_links_to_target":""},"categories":[2009,594,2012,589],"tags":[1844,371,282,2129,92],"class_list":{"0":"post-12059","1":"post","2":"type-post","3":"status-publish","4":"format-standard","5":"has-post-thumbnail","7":"category-centrum-srodmiescie","8":"category-info-ulice","9":"category-staszica","10":"category-wiadomosci","11":"tag-dariusz-mleczak","13":"tag-kosynierow-gdynskich","14":"tag-przedsiebiorstwo-wodociagow-i-kanalizacji","15":"tag-slowianska"},"yoast_head":"<!-- This site is optimized with the Yoast SEO plugin v27.3 - https:\/\/yoast.com\/product\/yoast-seo-wordpress\/ -->\n<title>Kosynier\u00f3w Gdy\u0144skich i S\u0142owia\u0144ska: Eurovia podpisa\u0142a umow\u0119. Czas na pierwsze prace! Objazdy MZK! - Gorz\u00f3w News<\/title>\n<meta name=\"description\" content=\"To ju\u017c pewne - firma Eurovia wykona now\u0105 konstrukcj\u0119 nawierzchni drogi i chodnik\u00f3w ul. Kosynier\u00f3w Gdy\u0144skich, przebudow\u0119 skrzy\u017cowania ulic S\u0142o\" \/>\n<meta name=\"robots\" content=\"index, follow, max-snippet:-1, max-image-preview:large, max-video-preview:-1\" \/>\n<link rel=\"canonical\" href=\"https:\/\/gorzow.news\/index.php\/2023\/03\/23\/kosynierow-gdynskich-i-slowianska-eurovia-podpisala-umowe-czas-na-pierwsze-prace-objazdy-mzk\/\" \/>\n<meta property=\"og:locale\" content=\"pl_PL\" \/>\n<meta property=\"og:type\" content=\"article\" \/>\n<meta property=\"og:title\" content=\"Kosynier\u00f3w Gdy\u0144skich i S\u0142owia\u0144ska: Eurovia podpisa\u0142a umow\u0119. Czas na pierwsze prace! Objazdy MZK! - Gorz\u00f3w News\" \/>\n<meta property=\"og:description\" content=\"To ju\u017c pewne - firma Eurovia wykona now\u0105 konstrukcj\u0119 nawierzchni drogi i chodnik\u00f3w ul. Kosynier\u00f3w Gdy\u0144skich, przebudow\u0119 skrzy\u017cowania ulic S\u0142o\" \/>\n<meta property=\"og:url\" content=\"https:\/\/gorzow.news\/index.php\/2023\/03\/23\/kosynierow-gdynskich-i-slowianska-eurovia-podpisala-umowe-czas-na-pierwsze-prace-objazdy-mzk\/\" \/>\n<meta property=\"og:site_name\" content=\"Gorz\u00f3w News\" \/>\n<meta property=\"article:publisher\" content=\"https:\/\/www.facebook.com\/gorzowskinews\" \/>\n<meta property=\"article:published_time\" content=\"2023-03-23T07:45:31+00:00\" \/>\n<meta property=\"article:modified_time\" content=\"2023-03-23T07:45:32+00:00\" \/>\n<meta property=\"og:image\" content=\"https:\/\/gorzow.news\/wp-content\/uploads\/2023\/03\/20220630-IMG_6510-lukasz.kulczynski-2-1536x1024-1.jpg\" \/>\n\t<meta property=\"og:image:width\" content=\"1536\" \/>\n\t<meta property=\"og:image:height\" content=\"726\" \/>\n\t<meta property=\"og:image:type\" content=\"image\/jpeg\" \/>\n<meta name=\"author\" content=\"maciej\" \/>\n<meta name=\"twitter:card\" content=\"summary_large_image\" \/>\n<meta name=\"twitter:label1\" content=\"Napisane przez\" \/>\n\t<meta name=\"twitter:data1\" content=\"maciej\" \/>\n\t<meta name=\"twitter:label2\" content=\"Szacowany czas czytania\" \/>\n\t<meta name=\"twitter:data2\" content=\"8 minut\" \/>\n<script type=\"application\/ld+json\" class=\"yoast-schema-graph\">{\"@context\":\"https:\\\/\\\/schema.org\",\"@graph\":[{\"@type\":\"Article\",\"@id\":\"https:\\\/\\\/gorzow.news\\\/index.php\\\/2023\\\/03\\\/23\\\/kosynierow-gdynskich-i-slowianska-eurovia-podpisala-umowe-czas-na-pierwsze-prace-objazdy-mzk\\\/#article\",\"isPartOf\":{\"@id\":\"https:\\\/\\\/gorzow.news\\\/index.php\\\/2023\\\/03\\\/23\\\/kosynierow-gdynskich-i-slowianska-eurovia-podpisala-umowe-czas-na-pierwsze-prace-objazdy-mzk\\\/\"},\"author\":{\"name\":\"maciej\",\"@id\":\"https:\\\/\\\/gorzow.news\\\/#\\\/schema\\\/person\\\/a1e5ab43166369f2ce236a1cd90995bb\"},\"headline\":\"Kosynier\u00f3w Gdy\u0144skich i S\u0142owia\u0144ska: Eurovia podpisa\u0142a umow\u0119. Czas na pierwsze prace! Objazdy MZK!\",\"datePublished\":\"2023-03-23T07:45:31+00:00\",\"dateModified\":\"2023-03-23T07:45:32+00:00\",\"mainEntityOfPage\":{\"@id\":\"https:\\\/\\\/gorzow.news\\\/index.php\\\/2023\\\/03\\\/23\\\/kosynierow-gdynskich-i-slowianska-eurovia-podpisala-umowe-czas-na-pierwsze-prace-objazdy-mzk\\\/\"},\"wordCount\":1430,\"commentCount\":2,\"image\":{\"@id\":\"https:\\\/\\\/gorzow.news\\\/index.php\\\/2023\\\/03\\\/23\\\/kosynierow-gdynskich-i-slowianska-eurovia-podpisala-umowe-czas-na-pierwsze-prace-objazdy-mzk\\\/#primaryimage\"},\"thumbnailUrl\":\"https:\\\/\\\/gorzow.news\\\/wp-content\\\/uploads\\\/2023\\\/03\\\/20220630-IMG_6510-lukasz.kulczynski-2-1536x1024-1.jpg\",\"keywords\":[\"Dariusz Mleczak\",\"Eurovia Polska\",\"Kosynier\u00f3w Gdy\u0144skich\",\"Przedsi\u0119biorstwo Wodoci\u0105g\u00f3w i Kanalizacji\",\"S\u0142owia\u0144ska\"],\"articleSection\":[\"Centrum \\\/ \u015ar\u00f3dmie\u015bcie\",\"INFOulice\",\"Staszica\",\"Wiadomo\u015bci\"],\"inLanguage\":\"pl-PL\",\"potentialAction\":[{\"@type\":\"CommentAction\",\"name\":\"Comment\",\"target\":[\"https:\\\/\\\/gorzow.news\\\/index.php\\\/2023\\\/03\\\/23\\\/kosynierow-gdynskich-i-slowianska-eurovia-podpisala-umowe-czas-na-pierwsze-prace-objazdy-mzk\\\/#respond\"]}]},{\"@type\":\"WebPage\",\"@id\":\"https:\\\/\\\/gorzow.news\\\/index.php\\\/2023\\\/03\\\/23\\\/kosynierow-gdynskich-i-slowianska-eurovia-podpisala-umowe-czas-na-pierwsze-prace-objazdy-mzk\\\/\",\"url\":\"https:\\\/\\\/gorzow.news\\\/index.php\\\/2023\\\/03\\\/23\\\/kosynierow-gdynskich-i-slowianska-eurovia-podpisala-umowe-czas-na-pierwsze-prace-objazdy-mzk\\\/\",\"name\":\"Kosynier\u00f3w Gdy\u0144skich i S\u0142owia\u0144ska: Eurovia podpisa\u0142a umow\u0119. Czas na pierwsze prace! Objazdy MZK! - Gorz\u00f3w News\",\"isPartOf\":{\"@id\":\"https:\\\/\\\/gorzow.news\\\/#website\"},\"primaryImageOfPage\":{\"@id\":\"https:\\\/\\\/gorzow.news\\\/index.php\\\/2023\\\/03\\\/23\\\/kosynierow-gdynskich-i-slowianska-eurovia-podpisala-umowe-czas-na-pierwsze-prace-objazdy-mzk\\\/#primaryimage\"},\"image\":{\"@id\":\"https:\\\/\\\/gorzow.news\\\/index.php\\\/2023\\\/03\\\/23\\\/kosynierow-gdynskich-i-slowianska-eurovia-podpisala-umowe-czas-na-pierwsze-prace-objazdy-mzk\\\/#primaryimage\"},\"thumbnailUrl\":\"https:\\\/\\\/gorzow.news\\\/wp-content\\\/uploads\\\/2023\\\/03\\\/20220630-IMG_6510-lukasz.kulczynski-2-1536x1024-1.jpg\",\"datePublished\":\"2023-03-23T07:45:31+00:00\",\"dateModified\":\"2023-03-23T07:45:32+00:00\",\"author\":{\"@id\":\"https:\\\/\\\/gorzow.news\\\/#\\\/schema\\\/person\\\/a1e5ab43166369f2ce236a1cd90995bb\"},\"description\":\"To ju\u017c pewne - firma Eurovia wykona now\u0105 konstrukcj\u0119 nawierzchni drogi i chodnik\u00f3w ul. Kosynier\u00f3w Gdy\u0144skich, przebudow\u0119 skrzy\u017cowania ulic S\u0142owia\u0144skiej, Roosevelta, \u017bwirowej i Kosynier\u00f3w Gdy\u0144skich oraz wybuduje nowe rondo przy ul. S\u0142owia\u0144skiej i Fredry. Nowa nawierzchnia pojawi si\u0119 r\u00f3wnie\u017c na ulicy S\u0142owia\u0144skiej (\u0142\u0105cznik za PWiK) oraz na odcinkach pomi\u0119dzy przebudowywanymi skrzy\u017cowaniami - a\u017c do miejsca, w kt\u00f3rym znajduje si\u0119 k\u0142adka dla pieszych, w kierunku Cmentarza Komunalnego.\",\"breadcrumb\":{\"@id\":\"https:\\\/\\\/gorzow.news\\\/index.php\\\/2023\\\/03\\\/23\\\/kosynierow-gdynskich-i-slowianska-eurovia-podpisala-umowe-czas-na-pierwsze-prace-objazdy-mzk\\\/#breadcrumb\"},\"inLanguage\":\"pl-PL\",\"potentialAction\":[{\"@type\":\"ReadAction\",\"target\":[\"https:\\\/\\\/gorzow.news\\\/index.php\\\/2023\\\/03\\\/23\\\/kosynierow-gdynskich-i-slowianska-eurovia-podpisala-umowe-czas-na-pierwsze-prace-objazdy-mzk\\\/\"]}]},{\"@type\":\"ImageObject\",\"inLanguage\":\"pl-PL\",\"@id\":\"https:\\\/\\\/gorzow.news\\\/index.php\\\/2023\\\/03\\\/23\\\/kosynierow-gdynskich-i-slowianska-eurovia-podpisala-umowe-czas-na-pierwsze-prace-objazdy-mzk\\\/#primaryimage\",\"url\":\"https:\\\/\\\/gorzow.news\\\/wp-content\\\/uploads\\\/2023\\\/03\\\/20220630-IMG_6510-lukasz.kulczynski-2-1536x1024-1.jpg\",\"contentUrl\":\"https:\\\/\\\/gorzow.news\\\/wp-content\\\/uploads\\\/2023\\\/03\\\/20220630-IMG_6510-lukasz.kulczynski-2-1536x1024-1.jpg\",\"width\":1536,\"height\":726,\"caption\":\"Ju\u017c za chwil\u0119 ruszy najwi\u0119kszy remont drogowy zaplanowany na ten rok. fot. \u0141ukasz Kulczy\u0144ski\"},{\"@type\":\"BreadcrumbList\",\"@id\":\"https:\\\/\\\/gorzow.news\\\/index.php\\\/2023\\\/03\\\/23\\\/kosynierow-gdynskich-i-slowianska-eurovia-podpisala-umowe-czas-na-pierwsze-prace-objazdy-mzk\\\/#breadcrumb\",\"itemListElement\":[{\"@type\":\"ListItem\",\"position\":1,\"name\":\"Home\",\"item\":\"https:\\\/\\\/gorzow.news\\\/\"},{\"@type\":\"ListItem\",\"position\":2,\"name\":\"Kosynier\u00f3w Gdy\u0144skich i S\u0142owia\u0144ska: Eurovia podpisa\u0142a umow\u0119. Czas na pierwsze prace! Objazdy MZK!\"}]},{\"@type\":\"WebSite\",\"@id\":\"https:\\\/\\\/gorzow.news\\\/#website\",\"url\":\"https:\\\/\\\/gorzow.news\\\/\",\"name\":\"Gorz\u00f3w News\",\"description\":\"Sp\u00f3jrz inaczej na miato i region...\",\"potentialAction\":[{\"@type\":\"SearchAction\",\"target\":{\"@type\":\"EntryPoint\",\"urlTemplate\":\"https:\\\/\\\/gorzow.news\\\/?s={search_term_string}\"},\"query-input\":{\"@type\":\"PropertyValueSpecification\",\"valueRequired\":true,\"valueName\":\"search_term_string\"}}],\"inLanguage\":\"pl-PL\"},{\"@type\":\"Person\",\"@id\":\"https:\\\/\\\/gorzow.news\\\/#\\\/schema\\\/person\\\/a1e5ab43166369f2ce236a1cd90995bb\",\"name\":\"maciej\",\"image\":{\"@type\":\"ImageObject\",\"inLanguage\":\"pl-PL\",\"@id\":\"https:\\\/\\\/secure.gravatar.com\\\/avatar\\\/530a674d56ba60cfa0ef21d74e8e8d123a51bb7aa6580465b5c2ab2c2e980a19?s=96&r=g&d=https:\\\/\\\/gorzow.news\\\/wp-content\\\/plugins\\\/userswp\\\/assets\\\/images\\\/no_profile.png\",\"url\":\"https:\\\/\\\/secure.gravatar.com\\\/avatar\\\/530a674d56ba60cfa0ef21d74e8e8d123a51bb7aa6580465b5c2ab2c2e980a19?s=96&r=g&d=https:\\\/\\\/gorzow.news\\\/wp-content\\\/plugins\\\/userswp\\\/assets\\\/images\\\/no_profile.png\",\"contentUrl\":\"https:\\\/\\\/secure.gravatar.com\\\/avatar\\\/530a674d56ba60cfa0ef21d74e8e8d123a51bb7aa6580465b5c2ab2c2e980a19?s=96&r=g&d=https:\\\/\\\/gorzow.news\\\/wp-content\\\/plugins\\\/userswp\\\/assets\\\/images\\\/no_profile.png\",\"caption\":\"maciej\"},\"url\":\"https:\\\/\\\/gorzow.news\\\/index.php\\\/profile\\\/maciej\\\/\"}]}<\/script>\n<!-- \/ Yoast SEO plugin. -->","yoast_head_json":{"title":"Kosynier\u00f3w Gdy\u0144skich i S\u0142owia\u0144ska: Eurovia podpisa\u0142a umow\u0119. Czas na pierwsze prace! Objazdy MZK! - Gorz\u00f3w News","description":"To ju\u017c pewne - firma Eurovia wykona now\u0105 konstrukcj\u0119 nawierzchni drogi i chodnik\u00f3w ul. Kosynier\u00f3w Gdy\u0144skich, przebudow\u0119 skrzy\u017cowania ulic S\u0142o","robots":{"index":"index","follow":"follow","max-snippet":"max-snippet:-1","max-image-preview":"max-image-preview:large","max-video-preview":"max-video-preview:-1"},"canonical":"https:\/\/gorzow.news\/index.php\/2023\/03\/23\/kosynierow-gdynskich-i-slowianska-eurovia-podpisala-umowe-czas-na-pierwsze-prace-objazdy-mzk\/","og_locale":"pl_PL","og_type":"article","og_title":"Kosynier\u00f3w Gdy\u0144skich i S\u0142owia\u0144ska: Eurovia podpisa\u0142a umow\u0119. Czas na pierwsze prace! Objazdy MZK! - Gorz\u00f3w News","og_description":"To ju\u017c pewne - firma Eurovia wykona now\u0105 konstrukcj\u0119 nawierzchni drogi i chodnik\u00f3w ul. Kosynier\u00f3w Gdy\u0144skich, przebudow\u0119 skrzy\u017cowania ulic S\u0142o","og_url":"https:\/\/gorzow.news\/index.php\/2023\/03\/23\/kosynierow-gdynskich-i-slowianska-eurovia-podpisala-umowe-czas-na-pierwsze-prace-objazdy-mzk\/","og_site_name":"Gorz\u00f3w News","article_publisher":"https:\/\/www.facebook.com\/gorzowskinews","article_published_time":"2023-03-23T07:45:31+00:00","article_modified_time":"2023-03-23T07:45:32+00:00","og_image":[{"width":1536,"height":726,"url":"https:\/\/gorzow.news\/wp-content\/uploads\/2023\/03\/20220630-IMG_6510-lukasz.kulczynski-2-1536x1024-1.jpg","type":"image\/jpeg"}],"author":"maciej","twitter_card":"summary_large_image","twitter_misc":{"Napisane przez":"maciej","Szacowany czas czytania":"8 minut"},"schema":{"@context":"https:\/\/schema.org","@graph":[{"@type":"Article","@id":"https:\/\/gorzow.news\/index.php\/2023\/03\/23\/kosynierow-gdynskich-i-slowianska-eurovia-podpisala-umowe-czas-na-pierwsze-prace-objazdy-mzk\/#article","isPartOf":{"@id":"https:\/\/gorzow.news\/index.php\/2023\/03\/23\/kosynierow-gdynskich-i-slowianska-eurovia-podpisala-umowe-czas-na-pierwsze-prace-objazdy-mzk\/"},"author":{"name":"maciej","@id":"https:\/\/gorzow.news\/#\/schema\/person\/a1e5ab43166369f2ce236a1cd90995bb"},"headline":"Kosynier\u00f3w Gdy\u0144skich i S\u0142owia\u0144ska: Eurovia podpisa\u0142a umow\u0119. Czas na pierwsze prace! Objazdy MZK!","datePublished":"2023-03-23T07:45:31+00:00","dateModified":"2023-03-23T07:45:32+00:00","mainEntityOfPage":{"@id":"https:\/\/gorzow.news\/index.php\/2023\/03\/23\/kosynierow-gdynskich-i-slowianska-eurovia-podpisala-umowe-czas-na-pierwsze-prace-objazdy-mzk\/"},"wordCount":1430,"commentCount":2,"image":{"@id":"https:\/\/gorzow.news\/index.php\/2023\/03\/23\/kosynierow-gdynskich-i-slowianska-eurovia-podpisala-umowe-czas-na-pierwsze-prace-objazdy-mzk\/#primaryimage"},"thumbnailUrl":"https:\/\/gorzow.news\/wp-content\/uploads\/2023\/03\/20220630-IMG_6510-lukasz.kulczynski-2-1536x1024-1.jpg","keywords":["Dariusz Mleczak","Eurovia Polska","Kosynier\u00f3w Gdy\u0144skich","Przedsi\u0119biorstwo Wodoci\u0105g\u00f3w i Kanalizacji","S\u0142owia\u0144ska"],"articleSection":["Centrum \/ \u015ar\u00f3dmie\u015bcie","INFOulice","Staszica","Wiadomo\u015bci"],"inLanguage":"pl-PL","potentialAction":[{"@type":"CommentAction","name":"Comment","target":["https:\/\/gorzow.news\/index.php\/2023\/03\/23\/kosynierow-gdynskich-i-slowianska-eurovia-podpisala-umowe-czas-na-pierwsze-prace-objazdy-mzk\/#respond"]}]},{"@type":"WebPage","@id":"https:\/\/gorzow.news\/index.php\/2023\/03\/23\/kosynierow-gdynskich-i-slowianska-eurovia-podpisala-umowe-czas-na-pierwsze-prace-objazdy-mzk\/","url":"https:\/\/gorzow.news\/index.php\/2023\/03\/23\/kosynierow-gdynskich-i-slowianska-eurovia-podpisala-umowe-czas-na-pierwsze-prace-objazdy-mzk\/","name":"Kosynier\u00f3w Gdy\u0144skich i S\u0142owia\u0144ska: Eurovia podpisa\u0142a umow\u0119. Czas na pierwsze prace! Objazdy MZK! - Gorz\u00f3w News","isPartOf":{"@id":"https:\/\/gorzow.news\/#website"},"primaryImageOfPage":{"@id":"https:\/\/gorzow.news\/index.php\/2023\/03\/23\/kosynierow-gdynskich-i-slowianska-eurovia-podpisala-umowe-czas-na-pierwsze-prace-objazdy-mzk\/#primaryimage"},"image":{"@id":"https:\/\/gorzow.news\/index.php\/2023\/03\/23\/kosynierow-gdynskich-i-slowianska-eurovia-podpisala-umowe-czas-na-pierwsze-prace-objazdy-mzk\/#primaryimage"},"thumbnailUrl":"https:\/\/gorzow.news\/wp-content\/uploads\/2023\/03\/20220630-IMG_6510-lukasz.kulczynski-2-1536x1024-1.jpg","datePublished":"2023-03-23T07:45:31+00:00","dateModified":"2023-03-23T07:45:32+00:00","author":{"@id":"https:\/\/gorzow.news\/#\/schema\/person\/a1e5ab43166369f2ce236a1cd90995bb"},"description":"To ju\u017c pewne - firma Eurovia wykona now\u0105 konstrukcj\u0119 nawierzchni drogi i chodnik\u00f3w ul. Kosynier\u00f3w Gdy\u0144skich, przebudow\u0119 skrzy\u017cowania ulic S\u0142owia\u0144skiej, Roosevelta, \u017bwirowej i Kosynier\u00f3w Gdy\u0144skich oraz wybuduje nowe rondo przy ul. S\u0142owia\u0144skiej i Fredry. Nowa nawierzchnia pojawi si\u0119 r\u00f3wnie\u017c na ulicy S\u0142owia\u0144skiej (\u0142\u0105cznik za PWiK) oraz na odcinkach pomi\u0119dzy przebudowywanymi skrzy\u017cowaniami - a\u017c do miejsca, w kt\u00f3rym znajduje si\u0119 k\u0142adka dla pieszych, w kierunku Cmentarza Komunalnego.","breadcrumb":{"@id":"https:\/\/gorzow.news\/index.php\/2023\/03\/23\/kosynierow-gdynskich-i-slowianska-eurovia-podpisala-umowe-czas-na-pierwsze-prace-objazdy-mzk\/#breadcrumb"},"inLanguage":"pl-PL","potentialAction":[{"@type":"ReadAction","target":["https:\/\/gorzow.news\/index.php\/2023\/03\/23\/kosynierow-gdynskich-i-slowianska-eurovia-podpisala-umowe-czas-na-pierwsze-prace-objazdy-mzk\/"]}]},{"@type":"ImageObject","inLanguage":"pl-PL","@id":"https:\/\/gorzow.news\/index.php\/2023\/03\/23\/kosynierow-gdynskich-i-slowianska-eurovia-podpisala-umowe-czas-na-pierwsze-prace-objazdy-mzk\/#primaryimage","url":"https:\/\/gorzow.news\/wp-content\/uploads\/2023\/03\/20220630-IMG_6510-lukasz.kulczynski-2-1536x1024-1.jpg","contentUrl":"https:\/\/gorzow.news\/wp-content\/uploads\/2023\/03\/20220630-IMG_6510-lukasz.kulczynski-2-1536x1024-1.jpg","width":1536,"height":726,"caption":"Ju\u017c za chwil\u0119 ruszy najwi\u0119kszy remont drogowy zaplanowany na ten rok. fot. \u0141ukasz Kulczy\u0144ski"},{"@type":"BreadcrumbList","@id":"https:\/\/gorzow.news\/index.php\/2023\/03\/23\/kosynierow-gdynskich-i-slowianska-eurovia-podpisala-umowe-czas-na-pierwsze-prace-objazdy-mzk\/#breadcrumb","itemListElement":[{"@type":"ListItem","position":1,"name":"Home","item":"https:\/\/gorzow.news\/"},{"@type":"ListItem","position":2,"name":"Kosynier\u00f3w Gdy\u0144skich i S\u0142owia\u0144ska: Eurovia podpisa\u0142a umow\u0119. Czas na pierwsze prace! Objazdy MZK!"}]},{"@type":"WebSite","@id":"https:\/\/gorzow.news\/#website","url":"https:\/\/gorzow.news\/","name":"Gorz\u00f3w News","description":"Sp\u00f3jrz inaczej na miato i region...","potentialAction":[{"@type":"SearchAction","target":{"@type":"EntryPoint","urlTemplate":"https:\/\/gorzow.news\/?s={search_term_string}"},"query-input":{"@type":"PropertyValueSpecification","valueRequired":true,"valueName":"search_term_string"}}],"inLanguage":"pl-PL"},{"@type":"Person","@id":"https:\/\/gorzow.news\/#\/schema\/person\/a1e5ab43166369f2ce236a1cd90995bb","name":"maciej","image":{"@type":"ImageObject","inLanguage":"pl-PL","@id":"https:\/\/secure.gravatar.com\/avatar\/530a674d56ba60cfa0ef21d74e8e8d123a51bb7aa6580465b5c2ab2c2e980a19?s=96&r=g&d=https:\/\/gorzow.news\/wp-content\/plugins\/userswp\/assets\/images\/no_profile.png","url":"https:\/\/secure.gravatar.com\/avatar\/530a674d56ba60cfa0ef21d74e8e8d123a51bb7aa6580465b5c2ab2c2e980a19?s=96&r=g&d=https:\/\/gorzow.news\/wp-content\/plugins\/userswp\/assets\/images\/no_profile.png","contentUrl":"https:\/\/secure.gravatar.com\/avatar\/530a674d56ba60cfa0ef21d74e8e8d123a51bb7aa6580465b5c2ab2c2e980a19?s=96&r=g&d=https:\/\/gorzow.news\/wp-content\/plugins\/userswp\/assets\/images\/no_profile.png","caption":"maciej"},"url":"https:\/\/gorzow.news\/index.php\/profile\/maciej\/"}]}},"_links":{"self":[{"href":"https:\/\/gorzow.news\/index.php\/wp-json\/wp\/v2\/posts\/12059","targetHints":{"allow":["GET"]}}],"collection":[{"href":"https:\/\/gorzow.news\/index.php\/wp-json\/wp\/v2\/posts"}],"about":[{"href":"https:\/\/gorzow.news\/index.php\/wp-json\/wp\/v2\/types\/post"}],"author":[{"embeddable":true,"href":"https:\/\/gorzow.news\/index.php\/wp-json\/wp\/v2\/users\/1"}],"replies":[{"embeddable":true,"href":"https:\/\/gorzow.news\/index.php\/wp-json\/wp\/v2\/comments?post=12059"}],"version-history":[{"count":0,"href":"https:\/\/gorzow.news\/index.php\/wp-json\/wp\/v2\/posts\/12059\/revisions"}],"wp:featuredmedia":[{"embeddable":true,"href":"https:\/\/gorzow.news\/index.php\/wp-json\/wp\/v2\/media\/12064"}],"wp:attachment":[{"href":"https:\/\/gorzow.news\/index.php\/wp-json\/wp\/v2\/media?parent=12059"}],"wp:term":[{"taxonomy":"category","embeddable":true,"href":"https:\/\/gorzow.news\/index.php\/wp-json\/wp\/v2\/categories?post=12059"},{"taxonomy":"post_tag","embeddable":true,"href":"https:\/\/gorzow.news\/index.php\/wp-json\/wp\/v2\/tags?post=12059"}],"curies":[{"name":"wp","href":"https:\/\/api.w.org\/{rel}","templated":true}]}}