{"id":12035,"date":"2023-03-17T08:54:00","date_gmt":"2023-03-17T07:54:00","guid":{"rendered":"https:\/\/gorzow.news\/?p=12035"},"modified":"2023-03-20T08:54:19","modified_gmt":"2023-03-20T07:54:19","slug":"przetarg-na-deptak-rozstrzygniety-tym-razem-inwestycja-ruszy","status":"publish","type":"post","link":"https:\/\/gorzow.news\/index.php\/2023\/03\/17\/przetarg-na-deptak-rozstrzygniety-tym-razem-inwestycja-ruszy\/","title":{"rendered":"Przetarg na deptak rozstrzygni\u0119ty. Tym razem inwestycja ruszy?"},"content":{"rendered":"\n<p><strong>Przetarg na modernizacj\u0119 deptaku przy ul. Hawela\u0144skiej wraz z ulic\u0105 Hawela\u0144sk\u0105\/We\u0142niany Rynek rozstrzygni\u0119ty.<\/strong><\/p>\n\n\n\n<p>W post\u0119powaniu przetargowym udzia\u0142 wzi\u0119\u0142y trzy firmy \u2013 z Mi\u0119dzyrzecza, \u015awidnicy i Gorzowa. Oferta wykonawcy, kt\u00f3ry zaoferowa\u0142 najni\u017csz\u0105 cen\u0119, zosta\u0142a odrzucona, poniewa\u017c nie spe\u0142nia\u0142a wymog\u00f3w formalnych, zgodnych z Prawem Zam\u00f3wie\u0144 Publicznych. Wybrano zatem ofert\u0119 firmy Steinbudex-JM Jerzy Majorek ze \u015awidnicy, kt\u00f3ra zaoferowa\u0142a wykonie modernizacji deptaku przy ul. Hawela\u0144skiej wraz z ulicami Hawela\u0144sk\u0105 i We\u0142niany Rynek za kwot\u0119 ponad 6,3 mln z\u0142otych.<\/p>\n\n\n\n<p>Je\u015bli wszystkie formalno\u015bci ze strony wykonawcy zostan\u0105 dope\u0142nione w spos\u00f3b nale\u017cyty, podpisanie umowy b\u0119dzie mo\u017cliwe na prze\u0142omie marca i kwietnia. Inwestycja otrzyma\u0142a wsp\u00f3\u0142finansowanie z Rz\u0105dowego Funduszu Wspierania Inwestycji Lokalnych w kwocie ponad 5,6 mln z\u0142otych. Wykonawca na realizacj\u0119 zadania b\u0119dzie mia\u0142 13 miesi\u0119cy od dnia podpisania umowy.<\/p>\n\n\n\n<p>Planowane prace b\u0119d\u0105 polega\u0142y na wymianie nawierzchni, likwidacji barier architektonicznych, nasadzeniu nowych drzew, a tak\u017ce umiejscowieniu element\u00f3w ma\u0142ej architektury. W projekcie uj\u0119to r\u00f3wnie\u017c przebudow\u0119 istniej\u0105cego o\u015bwietlenia drogowego, odwodnienie terenu oraz wykonanie zjazd\u00f3w.<\/p>\n\n\n\n<p>Nowa nawierzchnia deptaku przy ulicy Hawela\u0144skiej, kolorystycznie ma nawi\u0105zywa\u0107 do ul. Sikorskiego. Wydzielona jezdnia znajdzie si\u0119 jedynie na pocz\u0105tkowym odcinku ul. We\u0142niany Rynek (ok. 30 m od strony ul. Sikorskiego), natomiast na pozosta\u0142ych odcinkach ruch samochodowy odbywa\u0107 si\u0119 b\u0119dzie w obszarze ci\u0105g\u00f3w pieszo-jezdnych.\u202f\u202fPrzy Studni Czarownic powstanie zapora drogowa, kt\u00f3ra umo\u017cliwi kontrolowanie wjazdu samochod\u00f3w na deptak We\u0142nianego Rynku.\u202f\u202f<\/p>\n\n\n\n<p>Zgodnie z projektem prace podzielono na 2 etapy.<\/p>\n\n\n\n<p>Zakres nr 1 \u2013 ul. Hawela\u0144ska od Sikorskiego do We\u0142nianego Rynku<\/p>\n\n\n\n<p>Prace realizowane b\u0119d\u0105 etapami tak, by przez ca\u0142y okres inwestycji zachowa\u0107 ruch pieszych na deptaku, w tym doj\u015bcie do budynk\u00f3w mieszkalnych i lokali us\u0142ugowych.<\/p>\n\n\n\n<p>Zakres nr 2 \u2013 ul. We\u0142niany Rynek od ul. Sikorskiego do ul. Hawela\u0144skiej (przy Studni Czarownic).<\/p>\n\n\n\n<p>Zakres prac wymaga\u0107 b\u0119dzie zamkni\u0119cia, dla ruchu ko\u0142owego ulicy We\u0142niany Rynek na przebudowywanym odcinku. Zachowany zostanie natomiast ruch pieszych \u2013 dlatego chodniki realizowane b\u0119d\u0105 w podetapach. \u202fNa odcinku ul. Hawela\u0144skiej od Jagie\u0142\u0142y do Studni Czarownic wprowadzony zostanie ruch dwukierunkowy, w celu zapewnienia np. dojazdu dla zaopatrzenia czy mieszka\u0144c\u00f3w do deptaka na Hawela\u0144skiej czy We\u0142nianym Rynku.<\/p>\n\n\n\n<p><strong>O zakresie inwestycji i zmianach w tej cz\u0119\u015bci miasta przeczytasz w naszych tekstach:<\/strong><br>\u2013 <a href=\"https:\/\/gorzow.news\/index.php\/2023\/03\/10\/hawelanska-i-welniany-rynek-czwarte-podejscie-i-trzy-firmy-zlozyly-oferty-czy-tym-razem-sie-uda\/\">Hawela\u0144ska i We\u0142niany Rynek: Czwarte podej\u015bcie i trzy firmy z\u0142o\u017cy\u0142y oferty. Czy tym razem si\u0119 uda?<\/a><br>\u2013 <a href=\"https:\/\/gorzow.news\/index.php\/2023\/01\/24\/remont-hawelanskiej-i-welnianego-rynku-kolejny-raz-sie-oddala\/\">Remont Hawela\u0144skiej i We\u0142nianego Rynku kolejny raz si\u0119 oddala!<\/a><br>\u2013 <a href=\"https:\/\/gorzow.news\/index.php\/2023\/01\/16\/jest-wykonawca-welnianego-rynku-i-hawelanskiej-zaplacimy-wiecej-oby-sie-oplacilo\/\">Jest wykonawca We\u0142nianego Rynku i Hawela\u0144skiej! Zap\u0142acimy wi\u0119cej. Oby si\u0119 op\u0142aci\u0142o!<\/a><br>\u2013 <a href=\"https:\/\/gorzow.news\/index.php\/2022\/12\/19\/modernizacja-hawelanskiej-i-welnianego-rynku-trzy-firmy-zglosily-sie-w-przetargu\/\">Modernizacja Hawela\u0144skiej i We\u0142nianego Rynku: Trzy firmy zg\u0142osi\u0142y si\u0119 w przetargu!<\/a><br>\u2013 <a href=\"https:\/\/gorzow.news\/index.php\/2022\/12\/13\/za-tydzien-poznamy-wykonawce-modernizacji-hawelanskiej-i-welnianego-rynku\/\">Za tydzie\u0144 poznamy wykonawc\u0119 modernizacji Hawela\u0144skiej i We\u0142nianego Rynku?<\/a><br>\u2013 <a href=\"https:\/\/gorzow.news\/index.php\/2022\/09\/01\/na-hawelanskiej-i-welnianym-rynku-maja-zostac-posadzone-nowe-drzewa-plan-nasadzen\/\">Na Hawela\u0144skiej i We\u0142nianym Rynku maj\u0105 zosta\u0107 posadzone nowe drzewa (plan nasadze\u0144)<\/a><br>\u2013 <a href=\"https:\/\/gorzow.news\/index.php\/2022\/08\/23\/miasto-zrobi-trzecie-podejscie-do-modernizacji-deptaka-przy-hawelanskiej\/\">Miasto zrobi trzecie podej\u015bcie do modernizacji deptaka przy Hawela\u0144skiej<\/a><\/p>\n\n\n\n<p><strong>Przeczytaj te\u017c:<\/strong><br>&#8211; <a href=\"https:\/\/gorzow.news\/index.php\/2023\/03\/08\/polnocna-obwodnica-gorzowa-jest-przetarg-na-budowe-pierwszego-etapu\/\">P\u00f3\u0142nocna Obwodnica Gorzowa: Jest przetarg na budow\u0119 pierwszego etapu<\/a><br>&#8211; <a href=\"https:\/\/gorzow.news\/index.php\/2023\/03\/06\/co-z-granitowymi-plytami-z-chodnika-przy-drzymaly-sprawdzilismy-zdjecia\/\">Co z granitowymi p\u0142ytami z chodnika przy Drzyma\u0142y? Sprawdzili\u015bmy! (zdj\u0119cia)<\/a><br>&#8211; <a href=\"https:\/\/gorzow.news\/index.php\/2023\/02\/22\/zerkamy-na-nowy-chodnik-przy-drzymaly-inwestycja-wykonana-w-ramach-programu-tuptus-zdjecia\/\">Zerkamy na nowy chodnik przy Drzyma\u0142y. Inwestycja wykonana w ramach programu Tuptu\u015b (zdj\u0119cia)<\/a><br>&#8211; <a href=\"https:\/\/gorzow.news\/index.php\/2023\/02\/22\/przetarg-na-przebudowe-ul-dworcowej-i-wezel-przesiadkowy-ogloszony-jak-zmieni-sie-ta-czesc-miasta-zdjecia\/\">Przetarg na przebudow\u0119 ul. Dworcowej i w\u0119ze\u0142 przesiadkowy og\u0142oszony! Jak zmieni si\u0119 ta cz\u0119\u015b\u0107 miasta? (zdj\u0119cia)<\/a><br>&#8211; <a href=\"https:\/\/gorzow.news\/index.php\/2023\/02\/21\/trwaja-przygotowania-do-budowy-ronda-na-wysokosci-skrzyzowania-slowianskiej-z-fredry-zdjecia\/\">Trwaj\u0105 przygotowania do budowy ronda na wysoko\u015bci skrzy\u017cowania S\u0142owia\u0144skiej z Fredry (zdj\u0119cia)<\/a><\/p>\n","protected":false},"excerpt":{"rendered":"<p>Przetarg na modernizacj\u0119 deptaku przy ul. Hawela\u0144skiej wraz z ulic\u0105 Hawela\u0144sk\u0105\/We\u0142niany Rynek rozstrzygni\u0119ty.<\/p>\n","protected":false},"author":1,"featured_media":12036,"comment_status":"open","ping_status":"open","sticky":false,"template":"","format":"standard","meta":{"footnotes":"","_links_to":"","_links_to_target":""},"categories":[2009,594,589],"tags":[852,469,2101,181],"class_list":{"0":"post-12035","1":"post","2":"type-post","3":"status-publish","4":"format-standard","5":"has-post-thumbnail","7":"category-centrum-srodmiescie","8":"category-info-ulice","9":"category-wiadomosci","10":"tag-deptak","11":"tag-hawelanska","12":"tag-ppuh-steinbudex-jm-jerzy-majorek","13":"tag-welniany-rynek"},"yoast_head":"<!-- This site is optimized with the Yoast SEO plugin v27.3 - https:\/\/yoast.com\/product\/yoast-seo-wordpress\/ -->\n<title>Przetarg na deptak rozstrzygni\u0119ty. Tym razem inwestycja ruszy? - Gorz\u00f3w News<\/title>\n<meta name=\"description\" content=\"Przetarg na modernizacj\u0119 deptaku przy ul. Hawela\u0144skiej wraz z ulic\u0105 Hawela\u0144sk\u0105\/We\u0142niany Rynek rozstrzygni\u0119ty.\" \/>\n<meta name=\"robots\" content=\"index, follow, max-snippet:-1, max-image-preview:large, max-video-preview:-1\" \/>\n<link rel=\"canonical\" href=\"https:\/\/gorzow.news\/index.php\/2023\/03\/17\/przetarg-na-deptak-rozstrzygniety-tym-razem-inwestycja-ruszy\/\" \/>\n<meta property=\"og:locale\" content=\"pl_PL\" \/>\n<meta property=\"og:type\" content=\"article\" \/>\n<meta property=\"og:title\" content=\"Przetarg na deptak rozstrzygni\u0119ty. Tym razem inwestycja ruszy? - Gorz\u00f3w News\" \/>\n<meta property=\"og:description\" content=\"Przetarg na modernizacj\u0119 deptaku przy ul. Hawela\u0144skiej wraz z ulic\u0105 Hawela\u0144sk\u0105\/We\u0142niany Rynek rozstrzygni\u0119ty.\" \/>\n<meta property=\"og:url\" content=\"https:\/\/gorzow.news\/index.php\/2023\/03\/17\/przetarg-na-deptak-rozstrzygniety-tym-razem-inwestycja-ruszy\/\" \/>\n<meta property=\"og:site_name\" content=\"Gorz\u00f3w News\" \/>\n<meta property=\"article:publisher\" content=\"https:\/\/www.facebook.com\/gorzowskinews\" \/>\n<meta property=\"article:published_time\" content=\"2023-03-17T07:54:00+00:00\" \/>\n<meta property=\"article:modified_time\" content=\"2023-03-20T07:54:19+00:00\" \/>\n<meta property=\"og:image\" content=\"https:\/\/gorzow.news\/wp-content\/uploads\/2023\/03\/20230202-IMG_3247-Lukasz-Kulczynski-1536x1024-1.jpg\" \/>\n\t<meta property=\"og:image:width\" content=\"1536\" \/>\n\t<meta property=\"og:image:height\" content=\"726\" \/>\n\t<meta property=\"og:image:type\" content=\"image\/jpeg\" \/>\n<meta name=\"author\" content=\"maciej\" \/>\n<meta name=\"twitter:card\" content=\"summary_large_image\" \/>\n<meta name=\"twitter:label1\" content=\"Napisane przez\" \/>\n\t<meta name=\"twitter:data1\" content=\"maciej\" \/>\n\t<meta name=\"twitter:label2\" content=\"Szacowany czas czytania\" \/>\n\t<meta name=\"twitter:data2\" content=\"3 minuty\" \/>\n<script type=\"application\/ld+json\" class=\"yoast-schema-graph\">{\"@context\":\"https:\\\/\\\/schema.org\",\"@graph\":[{\"@type\":\"Article\",\"@id\":\"https:\\\/\\\/gorzow.news\\\/index.php\\\/2023\\\/03\\\/17\\\/przetarg-na-deptak-rozstrzygniety-tym-razem-inwestycja-ruszy\\\/#article\",\"isPartOf\":{\"@id\":\"https:\\\/\\\/gorzow.news\\\/index.php\\\/2023\\\/03\\\/17\\\/przetarg-na-deptak-rozstrzygniety-tym-razem-inwestycja-ruszy\\\/\"},\"author\":{\"name\":\"maciej\",\"@id\":\"https:\\\/\\\/gorzow.news\\\/#\\\/schema\\\/person\\\/a1e5ab43166369f2ce236a1cd90995bb\"},\"headline\":\"Przetarg na deptak rozstrzygni\u0119ty. Tym razem inwestycja ruszy?\",\"datePublished\":\"2023-03-17T07:54:00+00:00\",\"dateModified\":\"2023-03-20T07:54:19+00:00\",\"mainEntityOfPage\":{\"@id\":\"https:\\\/\\\/gorzow.news\\\/index.php\\\/2023\\\/03\\\/17\\\/przetarg-na-deptak-rozstrzygniety-tym-razem-inwestycja-ruszy\\\/\"},\"wordCount\":597,\"commentCount\":0,\"image\":{\"@id\":\"https:\\\/\\\/gorzow.news\\\/index.php\\\/2023\\\/03\\\/17\\\/przetarg-na-deptak-rozstrzygniety-tym-razem-inwestycja-ruszy\\\/#primaryimage\"},\"thumbnailUrl\":\"https:\\\/\\\/gorzow.news\\\/wp-content\\\/uploads\\\/2023\\\/03\\\/20230202-IMG_3247-Lukasz-Kulczynski-1536x1024-1.jpg\",\"keywords\":[\"deptak\",\"Hawela\u0144ska\",\"PPUH Steinbudex-JM Jerzy Majorek\",\"We\u0142niany Rynek\"],\"articleSection\":[\"Centrum \\\/ \u015ar\u00f3dmie\u015bcie\",\"INFOulice\",\"Wiadomo\u015bci\"],\"inLanguage\":\"pl-PL\",\"potentialAction\":[{\"@type\":\"CommentAction\",\"name\":\"Comment\",\"target\":[\"https:\\\/\\\/gorzow.news\\\/index.php\\\/2023\\\/03\\\/17\\\/przetarg-na-deptak-rozstrzygniety-tym-razem-inwestycja-ruszy\\\/#respond\"]}]},{\"@type\":\"WebPage\",\"@id\":\"https:\\\/\\\/gorzow.news\\\/index.php\\\/2023\\\/03\\\/17\\\/przetarg-na-deptak-rozstrzygniety-tym-razem-inwestycja-ruszy\\\/\",\"url\":\"https:\\\/\\\/gorzow.news\\\/index.php\\\/2023\\\/03\\\/17\\\/przetarg-na-deptak-rozstrzygniety-tym-razem-inwestycja-ruszy\\\/\",\"name\":\"Przetarg na deptak rozstrzygni\u0119ty. Tym razem inwestycja ruszy? - Gorz\u00f3w News\",\"isPartOf\":{\"@id\":\"https:\\\/\\\/gorzow.news\\\/#website\"},\"primaryImageOfPage\":{\"@id\":\"https:\\\/\\\/gorzow.news\\\/index.php\\\/2023\\\/03\\\/17\\\/przetarg-na-deptak-rozstrzygniety-tym-razem-inwestycja-ruszy\\\/#primaryimage\"},\"image\":{\"@id\":\"https:\\\/\\\/gorzow.news\\\/index.php\\\/2023\\\/03\\\/17\\\/przetarg-na-deptak-rozstrzygniety-tym-razem-inwestycja-ruszy\\\/#primaryimage\"},\"thumbnailUrl\":\"https:\\\/\\\/gorzow.news\\\/wp-content\\\/uploads\\\/2023\\\/03\\\/20230202-IMG_3247-Lukasz-Kulczynski-1536x1024-1.jpg\",\"datePublished\":\"2023-03-17T07:54:00+00:00\",\"dateModified\":\"2023-03-20T07:54:19+00:00\",\"author\":{\"@id\":\"https:\\\/\\\/gorzow.news\\\/#\\\/schema\\\/person\\\/a1e5ab43166369f2ce236a1cd90995bb\"},\"description\":\"Przetarg na modernizacj\u0119 deptaku przy ul. Hawela\u0144skiej wraz z ulic\u0105 Hawela\u0144sk\u0105\\\/We\u0142niany Rynek rozstrzygni\u0119ty.\",\"breadcrumb\":{\"@id\":\"https:\\\/\\\/gorzow.news\\\/index.php\\\/2023\\\/03\\\/17\\\/przetarg-na-deptak-rozstrzygniety-tym-razem-inwestycja-ruszy\\\/#breadcrumb\"},\"inLanguage\":\"pl-PL\",\"potentialAction\":[{\"@type\":\"ReadAction\",\"target\":[\"https:\\\/\\\/gorzow.news\\\/index.php\\\/2023\\\/03\\\/17\\\/przetarg-na-deptak-rozstrzygniety-tym-razem-inwestycja-ruszy\\\/\"]}]},{\"@type\":\"ImageObject\",\"inLanguage\":\"pl-PL\",\"@id\":\"https:\\\/\\\/gorzow.news\\\/index.php\\\/2023\\\/03\\\/17\\\/przetarg-na-deptak-rozstrzygniety-tym-razem-inwestycja-ruszy\\\/#primaryimage\",\"url\":\"https:\\\/\\\/gorzow.news\\\/wp-content\\\/uploads\\\/2023\\\/03\\\/20230202-IMG_3247-Lukasz-Kulczynski-1536x1024-1.jpg\",\"contentUrl\":\"https:\\\/\\\/gorzow.news\\\/wp-content\\\/uploads\\\/2023\\\/03\\\/20230202-IMG_3247-Lukasz-Kulczynski-1536x1024-1.jpg\",\"width\":1536,\"height\":726,\"caption\":\"Liczymy, \u017ce prac\u0119 w tym miejscu wreszcie rusz\u0105! fot. \u0141ukasz Kulczy\u0144ski\"},{\"@type\":\"BreadcrumbList\",\"@id\":\"https:\\\/\\\/gorzow.news\\\/index.php\\\/2023\\\/03\\\/17\\\/przetarg-na-deptak-rozstrzygniety-tym-razem-inwestycja-ruszy\\\/#breadcrumb\",\"itemListElement\":[{\"@type\":\"ListItem\",\"position\":1,\"name\":\"Home\",\"item\":\"https:\\\/\\\/gorzow.news\\\/\"},{\"@type\":\"ListItem\",\"position\":2,\"name\":\"Przetarg na deptak rozstrzygni\u0119ty. Tym razem inwestycja ruszy?\"}]},{\"@type\":\"WebSite\",\"@id\":\"https:\\\/\\\/gorzow.news\\\/#website\",\"url\":\"https:\\\/\\\/gorzow.news\\\/\",\"name\":\"Gorz\u00f3w News\",\"description\":\"Sp\u00f3jrz inaczej na miato i region...\",\"potentialAction\":[{\"@type\":\"SearchAction\",\"target\":{\"@type\":\"EntryPoint\",\"urlTemplate\":\"https:\\\/\\\/gorzow.news\\\/?s={search_term_string}\"},\"query-input\":{\"@type\":\"PropertyValueSpecification\",\"valueRequired\":true,\"valueName\":\"search_term_string\"}}],\"inLanguage\":\"pl-PL\"},{\"@type\":\"Person\",\"@id\":\"https:\\\/\\\/gorzow.news\\\/#\\\/schema\\\/person\\\/a1e5ab43166369f2ce236a1cd90995bb\",\"name\":\"maciej\",\"image\":{\"@type\":\"ImageObject\",\"inLanguage\":\"pl-PL\",\"@id\":\"https:\\\/\\\/secure.gravatar.com\\\/avatar\\\/530a674d56ba60cfa0ef21d74e8e8d123a51bb7aa6580465b5c2ab2c2e980a19?s=96&r=g&d=https:\\\/\\\/gorzow.news\\\/wp-content\\\/plugins\\\/userswp\\\/assets\\\/images\\\/no_profile.png\",\"url\":\"https:\\\/\\\/secure.gravatar.com\\\/avatar\\\/530a674d56ba60cfa0ef21d74e8e8d123a51bb7aa6580465b5c2ab2c2e980a19?s=96&r=g&d=https:\\\/\\\/gorzow.news\\\/wp-content\\\/plugins\\\/userswp\\\/assets\\\/images\\\/no_profile.png\",\"contentUrl\":\"https:\\\/\\\/secure.gravatar.com\\\/avatar\\\/530a674d56ba60cfa0ef21d74e8e8d123a51bb7aa6580465b5c2ab2c2e980a19?s=96&r=g&d=https:\\\/\\\/gorzow.news\\\/wp-content\\\/plugins\\\/userswp\\\/assets\\\/images\\\/no_profile.png\",\"caption\":\"maciej\"},\"url\":\"https:\\\/\\\/gorzow.news\\\/index.php\\\/profile\\\/maciej\\\/\"}]}<\/script>\n<!-- \/ Yoast SEO plugin. -->","yoast_head_json":{"title":"Przetarg na deptak rozstrzygni\u0119ty. Tym razem inwestycja ruszy? - Gorz\u00f3w News","description":"Przetarg na modernizacj\u0119 deptaku przy ul. Hawela\u0144skiej wraz z ulic\u0105 Hawela\u0144sk\u0105\/We\u0142niany Rynek rozstrzygni\u0119ty.","robots":{"index":"index","follow":"follow","max-snippet":"max-snippet:-1","max-image-preview":"max-image-preview:large","max-video-preview":"max-video-preview:-1"},"canonical":"https:\/\/gorzow.news\/index.php\/2023\/03\/17\/przetarg-na-deptak-rozstrzygniety-tym-razem-inwestycja-ruszy\/","og_locale":"pl_PL","og_type":"article","og_title":"Przetarg na deptak rozstrzygni\u0119ty. Tym razem inwestycja ruszy? - Gorz\u00f3w News","og_description":"Przetarg na modernizacj\u0119 deptaku przy ul. Hawela\u0144skiej wraz z ulic\u0105 Hawela\u0144sk\u0105\/We\u0142niany Rynek rozstrzygni\u0119ty.","og_url":"https:\/\/gorzow.news\/index.php\/2023\/03\/17\/przetarg-na-deptak-rozstrzygniety-tym-razem-inwestycja-ruszy\/","og_site_name":"Gorz\u00f3w News","article_publisher":"https:\/\/www.facebook.com\/gorzowskinews","article_published_time":"2023-03-17T07:54:00+00:00","article_modified_time":"2023-03-20T07:54:19+00:00","og_image":[{"width":1536,"height":726,"url":"https:\/\/gorzow.news\/wp-content\/uploads\/2023\/03\/20230202-IMG_3247-Lukasz-Kulczynski-1536x1024-1.jpg","type":"image\/jpeg"}],"author":"maciej","twitter_card":"summary_large_image","twitter_misc":{"Napisane przez":"maciej","Szacowany czas czytania":"3 minuty"},"schema":{"@context":"https:\/\/schema.org","@graph":[{"@type":"Article","@id":"https:\/\/gorzow.news\/index.php\/2023\/03\/17\/przetarg-na-deptak-rozstrzygniety-tym-razem-inwestycja-ruszy\/#article","isPartOf":{"@id":"https:\/\/gorzow.news\/index.php\/2023\/03\/17\/przetarg-na-deptak-rozstrzygniety-tym-razem-inwestycja-ruszy\/"},"author":{"name":"maciej","@id":"https:\/\/gorzow.news\/#\/schema\/person\/a1e5ab43166369f2ce236a1cd90995bb"},"headline":"Przetarg na deptak rozstrzygni\u0119ty. Tym razem inwestycja ruszy?","datePublished":"2023-03-17T07:54:00+00:00","dateModified":"2023-03-20T07:54:19+00:00","mainEntityOfPage":{"@id":"https:\/\/gorzow.news\/index.php\/2023\/03\/17\/przetarg-na-deptak-rozstrzygniety-tym-razem-inwestycja-ruszy\/"},"wordCount":597,"commentCount":0,"image":{"@id":"https:\/\/gorzow.news\/index.php\/2023\/03\/17\/przetarg-na-deptak-rozstrzygniety-tym-razem-inwestycja-ruszy\/#primaryimage"},"thumbnailUrl":"https:\/\/gorzow.news\/wp-content\/uploads\/2023\/03\/20230202-IMG_3247-Lukasz-Kulczynski-1536x1024-1.jpg","keywords":["deptak","Hawela\u0144ska","PPUH Steinbudex-JM Jerzy Majorek","We\u0142niany Rynek"],"articleSection":["Centrum \/ \u015ar\u00f3dmie\u015bcie","INFOulice","Wiadomo\u015bci"],"inLanguage":"pl-PL","potentialAction":[{"@type":"CommentAction","name":"Comment","target":["https:\/\/gorzow.news\/index.php\/2023\/03\/17\/przetarg-na-deptak-rozstrzygniety-tym-razem-inwestycja-ruszy\/#respond"]}]},{"@type":"WebPage","@id":"https:\/\/gorzow.news\/index.php\/2023\/03\/17\/przetarg-na-deptak-rozstrzygniety-tym-razem-inwestycja-ruszy\/","url":"https:\/\/gorzow.news\/index.php\/2023\/03\/17\/przetarg-na-deptak-rozstrzygniety-tym-razem-inwestycja-ruszy\/","name":"Przetarg na deptak rozstrzygni\u0119ty. Tym razem inwestycja ruszy? - Gorz\u00f3w News","isPartOf":{"@id":"https:\/\/gorzow.news\/#website"},"primaryImageOfPage":{"@id":"https:\/\/gorzow.news\/index.php\/2023\/03\/17\/przetarg-na-deptak-rozstrzygniety-tym-razem-inwestycja-ruszy\/#primaryimage"},"image":{"@id":"https:\/\/gorzow.news\/index.php\/2023\/03\/17\/przetarg-na-deptak-rozstrzygniety-tym-razem-inwestycja-ruszy\/#primaryimage"},"thumbnailUrl":"https:\/\/gorzow.news\/wp-content\/uploads\/2023\/03\/20230202-IMG_3247-Lukasz-Kulczynski-1536x1024-1.jpg","datePublished":"2023-03-17T07:54:00+00:00","dateModified":"2023-03-20T07:54:19+00:00","author":{"@id":"https:\/\/gorzow.news\/#\/schema\/person\/a1e5ab43166369f2ce236a1cd90995bb"},"description":"Przetarg na modernizacj\u0119 deptaku przy ul. Hawela\u0144skiej wraz z ulic\u0105 Hawela\u0144sk\u0105\/We\u0142niany Rynek rozstrzygni\u0119ty.","breadcrumb":{"@id":"https:\/\/gorzow.news\/index.php\/2023\/03\/17\/przetarg-na-deptak-rozstrzygniety-tym-razem-inwestycja-ruszy\/#breadcrumb"},"inLanguage":"pl-PL","potentialAction":[{"@type":"ReadAction","target":["https:\/\/gorzow.news\/index.php\/2023\/03\/17\/przetarg-na-deptak-rozstrzygniety-tym-razem-inwestycja-ruszy\/"]}]},{"@type":"ImageObject","inLanguage":"pl-PL","@id":"https:\/\/gorzow.news\/index.php\/2023\/03\/17\/przetarg-na-deptak-rozstrzygniety-tym-razem-inwestycja-ruszy\/#primaryimage","url":"https:\/\/gorzow.news\/wp-content\/uploads\/2023\/03\/20230202-IMG_3247-Lukasz-Kulczynski-1536x1024-1.jpg","contentUrl":"https:\/\/gorzow.news\/wp-content\/uploads\/2023\/03\/20230202-IMG_3247-Lukasz-Kulczynski-1536x1024-1.jpg","width":1536,"height":726,"caption":"Liczymy, \u017ce prac\u0119 w tym miejscu wreszcie rusz\u0105! fot. \u0141ukasz Kulczy\u0144ski"},{"@type":"BreadcrumbList","@id":"https:\/\/gorzow.news\/index.php\/2023\/03\/17\/przetarg-na-deptak-rozstrzygniety-tym-razem-inwestycja-ruszy\/#breadcrumb","itemListElement":[{"@type":"ListItem","position":1,"name":"Home","item":"https:\/\/gorzow.news\/"},{"@type":"ListItem","position":2,"name":"Przetarg na deptak rozstrzygni\u0119ty. Tym razem inwestycja ruszy?"}]},{"@type":"WebSite","@id":"https:\/\/gorzow.news\/#website","url":"https:\/\/gorzow.news\/","name":"Gorz\u00f3w News","description":"Sp\u00f3jrz inaczej na miato i region...","potentialAction":[{"@type":"SearchAction","target":{"@type":"EntryPoint","urlTemplate":"https:\/\/gorzow.news\/?s={search_term_string}"},"query-input":{"@type":"PropertyValueSpecification","valueRequired":true,"valueName":"search_term_string"}}],"inLanguage":"pl-PL"},{"@type":"Person","@id":"https:\/\/gorzow.news\/#\/schema\/person\/a1e5ab43166369f2ce236a1cd90995bb","name":"maciej","image":{"@type":"ImageObject","inLanguage":"pl-PL","@id":"https:\/\/secure.gravatar.com\/avatar\/530a674d56ba60cfa0ef21d74e8e8d123a51bb7aa6580465b5c2ab2c2e980a19?s=96&r=g&d=https:\/\/gorzow.news\/wp-content\/plugins\/userswp\/assets\/images\/no_profile.png","url":"https:\/\/secure.gravatar.com\/avatar\/530a674d56ba60cfa0ef21d74e8e8d123a51bb7aa6580465b5c2ab2c2e980a19?s=96&r=g&d=https:\/\/gorzow.news\/wp-content\/plugins\/userswp\/assets\/images\/no_profile.png","contentUrl":"https:\/\/secure.gravatar.com\/avatar\/530a674d56ba60cfa0ef21d74e8e8d123a51bb7aa6580465b5c2ab2c2e980a19?s=96&r=g&d=https:\/\/gorzow.news\/wp-content\/plugins\/userswp\/assets\/images\/no_profile.png","caption":"maciej"},"url":"https:\/\/gorzow.news\/index.php\/profile\/maciej\/"}]}},"_links":{"self":[{"href":"https:\/\/gorzow.news\/index.php\/wp-json\/wp\/v2\/posts\/12035","targetHints":{"allow":["GET"]}}],"collection":[{"href":"https:\/\/gorzow.news\/index.php\/wp-json\/wp\/v2\/posts"}],"about":[{"href":"https:\/\/gorzow.news\/index.php\/wp-json\/wp\/v2\/types\/post"}],"author":[{"embeddable":true,"href":"https:\/\/gorzow.news\/index.php\/wp-json\/wp\/v2\/users\/1"}],"replies":[{"embeddable":true,"href":"https:\/\/gorzow.news\/index.php\/wp-json\/wp\/v2\/comments?post=12035"}],"version-history":[{"count":0,"href":"https:\/\/gorzow.news\/index.php\/wp-json\/wp\/v2\/posts\/12035\/revisions"}],"wp:featuredmedia":[{"embeddable":true,"href":"https:\/\/gorzow.news\/index.php\/wp-json\/wp\/v2\/media\/12036"}],"wp:attachment":[{"href":"https:\/\/gorzow.news\/index.php\/wp-json\/wp\/v2\/media?parent=12035"}],"wp:term":[{"taxonomy":"category","embeddable":true,"href":"https:\/\/gorzow.news\/index.php\/wp-json\/wp\/v2\/categories?post=12035"},{"taxonomy":"post_tag","embeddable":true,"href":"https:\/\/gorzow.news\/index.php\/wp-json\/wp\/v2\/tags?post=12035"}],"curies":[{"name":"wp","href":"https:\/\/api.w.org\/{rel}","templated":true}]}}