{"id":11970,"date":"2023-03-14T08:06:32","date_gmt":"2023-03-14T07:06:32","guid":{"rendered":"https:\/\/gorzow.news\/?p=11970"},"modified":"2023-03-14T08:06:35","modified_gmt":"2023-03-14T07:06:35","slug":"kiedy-powstanie-sala-koncertowa-mck-przy-budynku-po-przemyslowce-znamy-date-opoznienie-gigantyczne-zdjecia","status":"publish","type":"post","link":"https:\/\/gorzow.news\/index.php\/2023\/03\/14\/kiedy-powstanie-sala-koncertowa-mck-przy-budynku-po-przemyslowce-znamy-date-opoznienie-gigantyczne-zdjecia\/","title":{"rendered":"Kiedy powstanie sala koncertowa MCK przy budynku po Przemys\u0142\u00f3wce? Znamy dat\u0119! Op\u00f3\u017anienie gigantyczne! (zdj\u0119cia)"},"content":{"rendered":"\n<p><strong>To ju\u017c p\u00f3\u0142 roku op\u00f3\u017anienia przy przebudowie obiekt\u00f3w po by\u0142ej Przemys\u0142\u00f3wce w centrum miasta! Ko\u0144ca inwestycji jednak nie wida\u0107. Czytelnicy od miesi\u0119cy alarmuj\u0105 nas, \u017ce na placu budowy nie dzieje si\u0119 nic, albo prawie nic\u2026 Sprawdzili\u015bmy, czym spowodowany jest kolejny brak prac i na kiedy zosta\u0142 przesuni\u0119ty termin oddania biurowca i przede wszystkim sali koncertowej Miejskiego Centru Kultury.<\/strong><\/p>\n\n\n\n<p>W wyremontowanym wysokim budynku maj\u0105 si\u0119 mie\u015bci\u0107 biura Gorzowskiego Centrum Pomocy Rodzinie, Wydzia\u0142u Spraw Spo\u0142ecznych, Wydzia\u0142u Edukacji i Wydzia\u0142u Kultury. Na pozosta\u0142e pi\u0119tra przenie\u015b\u0107 ma si\u0119 Miejskie Centrum Kultury. Niski budynek mia\u0142 natomiast zosta\u0107 przebudowany na potrzeby sali koncertowej dla MCK. Prace przy wysokim budynku do dzi\u015b nie zosta\u0142y jednak uko\u0144czone. Niski natomiast mia\u0142o zosta\u0107 przebudowany, jednak\u2026 zosta\u0142 w ca\u0142o\u015bci wyburzony. Wszystkiemu winni maj\u0105 by\u0107 architekci, kt\u00f3rzy pope\u0142nili wiele b\u0142\u0119d\u00f3w na etapie projektowania inwestycji. Miasto ju\u017c kilka miesi\u0119cy temu zapowiedzia\u0142o z\u0142o\u017cenie przeciwko nim sprawy w s\u0105dzie.<\/p>\n\n\n\n<p>Przebudowa Przemys\u0142\u00f3wki na potrzeby Arsena\u0142u Kultury rozpocz\u0119\u0142a si\u0119 w kwietniu 2021 roku. Inwestycja mia\u0142a zosta\u0107 uko\u0144czona w pa\u017adzierniku 2022 roku. Gdy chwile przed up\u0142yni\u0119ciem terminu pytali\u015bmy w Urz\u0119dzie Miasta o nowy termin zako\u0144czenia us\u0142yszeli\u015bmy w\u00f3wczas od <strong>Iwony Olek<\/strong>, zast\u0119pcy prezydenta Gorzowa.: \u2013 Prace konstrukcyjne wzmacniaj\u0105ce stropy trwaj\u0105 i zostan\u0105 zako\u0144czone do ko\u0144ca 2022 roku. Realizacja tych prac, dotychczas przebiega zgodnie z planem. Nowy, planowany termin zako\u0144czenia inwestycji to koniec 2023 roku. <\/p>\n\n\n\n<p>Od tej wypowiedzi min\u0119\u0142o p\u00f3\u0142 roku, a por\u00f3wnuj\u0105c zdj\u0119cia z miejsca inwestycji trudno dopatrzy\u0107 si\u0119 znacz\u0105cych post\u0119p\u00f3w w pracach. Co gorsze\u2026 Ju\u017c dzi\u015b wiadomo, \u017ce zak\u0142adanego nowego terminu uko\u0144czenia budowy do ko\u0144ca 2023 roku nie uda si\u0119 dotrzyma\u0107\u2026<\/p>\n\n\n\n<p>&#8211; Planowanie zako\u0144czenia prac jest przewidywane na koniec 2024 roku &#8211; powiedzia\u0142 nam w ubieg\u0142ym tygodniu <strong>Wies\u0142aw Ciepiela<\/strong>, rzecznik prasowy Urz\u0119du Miasta.<\/p>\n\n\n\n<p>Oznacza, to \u017ce inwestycja b\u0119dzie mia\u0142a przynajmniej 26 miesi\u0119cy op\u00f3\u017anienia!<\/p>\n\n\n\n<p><strong>Sk\u0105d a\u017c takie problemy?<\/strong><\/p>\n\n\n\n<p>&#8211; Ze wzgl\u0119du na trudne warunki atmosferyczne, obecnie prace koncentruj\u0105 si\u0119 na wymianie gruntu przy klubokawiarni od strony po\u0142udniowej (ul. We\u0142niany Rynek). Prace nad budow\u0105 sali koncertowej rozpoczn\u0105 si\u0119 wiosn\u0105 br. W projekcie zmieni\u0142 si\u0119 spos\u00f3b posadowienia budynku MCK, a to spowodowa\u0142o konieczno\u015b\u0107 zastosowania nowych rozwi\u0105za\u0144 konstrukcyjnych i architektonicznych. Czynno\u015bci te mia\u0142y wp\u0142yw na zmian\u0119 terminu zako\u0144czenia inwestycji. W dokumentacji zmieniono tak\u017ce spos\u00f3b wentylacji mechanicznej oraz zastosowano nowocze\u015bniejsze rozwi\u0105zania w bran\u017cy elektrycznej &#8211; wyja\u015bnia Ciepiela.<\/p>\n\n\n\n<p>Inwestycja ma unijne wsparcie z Regionalnego Programu Operacyjnego \u2013 Lubuskie 2020. Miastu przyznano 9,4 mln z\u0142. Ca\u0142a przebudowa wraz z wcze\u015bniejszymi pracami i zakupem dzia\u0142ki mia\u0142a kosztowa\u0107 prawie 37 mln z\u0142otych. Dodatkowe prace projektowe i budowlane musz\u0105 jednak zwi\u0119kszy\u0107 t\u0105 kwot\u0119\u2026 O ile? Tego dzi\u015b nie wiadomo.<\/p>\n\n\n\r\n                <style type=\"text\/css\">\r\n                    \r\n                    #tdi_1  .td-doubleSlider-2 .td-item1 {\r\n                        background: url(https:\/\/gorzow.news\/wp-content\/uploads\/2023\/03\/IMG_20230305_160654_1.jpg) 0 0 no-repeat;\r\n                    }\r\n                    #tdi_1  .td-doubleSlider-2 .td-item2 {\r\n                        background: url(https:\/\/gorzow.news\/wp-content\/uploads\/2023\/03\/IMG_20230305_160729_2.jpg) 0 0 no-repeat;\r\n                    }\r\n                    #tdi_1  .td-doubleSlider-2 .td-item3 {\r\n                        background: url(https:\/\/gorzow.news\/wp-content\/uploads\/2023\/03\/IMG_20230305_160800_1-1.jpg) 0 0 no-repeat;\r\n                    }\r\n                    #tdi_1  .td-doubleSlider-2 .td-item4 {\r\n                        background: url(https:\/\/gorzow.news\/wp-content\/uploads\/2023\/03\/IMG_20230305_160805.jpg) 0 0 no-repeat;\r\n                    }\r\n                    #tdi_1  .td-doubleSlider-2 .td-item5 {\r\n                        background: url(https:\/\/gorzow.news\/wp-content\/uploads\/2023\/03\/IMG_20230305_160815_1.jpg) 0 0 no-repeat;\r\n                    }\r\n                    #tdi_1  .td-doubleSlider-2 .td-item6 {\r\n                        background: url(https:\/\/gorzow.news\/wp-content\/uploads\/2023\/03\/IMG_20230305_160618.jpg) 0 0 no-repeat;\r\n                    }\r\n                    #tdi_1  .td-doubleSlider-2 .td-item7 {\r\n                        background: url(https:\/\/gorzow.news\/wp-content\/uploads\/2023\/03\/IMG_20230305_160944.jpg) 0 0 no-repeat;\r\n                    }\r\n                    #tdi_1  .td-doubleSlider-2 .td-item8 {\r\n                        background: url(https:\/\/gorzow.news\/wp-content\/uploads\/2023\/03\/IMG_20230305_160951_1.jpg) 0 0 no-repeat;\r\n                    }\r\n                    #tdi_1  .td-doubleSlider-2 .td-item9 {\r\n                        background: url(https:\/\/gorzow.news\/wp-content\/uploads\/2023\/03\/IMG_20230305_161012.jpg) 0 0 no-repeat;\r\n                    }\r\n                <\/style>\r\n\r\n                <div id=\"tdi_1\" class=\"td-gallery td-slide-on-2-columns\">\r\n                    <div class=\"post_td_gallery\">\r\n                        <div class=\"td-gallery-slide-top\">\r\n                           <div class=\"td-gallery-title\">Przebudowa budynk\u00f3w po by\u0142ej Przemys\u0142\u00f3wce - marzec 2023 roku<\/div>\r\n\r\n                            <div class=\"td-gallery-controls-wrapper\">\r\n                                <div class=\"td-gallery-slide-count\"><span class=\"td-gallery-slide-item-focus\">1<\/span> z 9<\/div>\r\n                                <div class=\"td-gallery-slide-prev-next-but\">\r\n                                    <i class = \"td-icon-left doubleSliderPrevButton\"><\/i>\r\n                                    <i class = \"td-icon-right doubleSliderNextButton\"><\/i>\r\n                                <\/div>\r\n                            <\/div>\r\n                        <\/div>\r\n\r\n                        <div class = \"td-doubleSlider-1 \">\r\n                            <div class = \"td-slider\">\r\n                                \r\n                    <div class = \"td-slide-item td-item1\">\r\n                        <figure class=\"td-slide-galery-figure td-slide-popup-gallery\">\r\n                            <a class=\"slide-gallery-image-link\" href=\"https:\/\/gorzow.news\/wp-content\/uploads\/2023\/03\/IMG_20230305_160654_1.jpg\" title=\"\"  data-caption=\"\"  data-description=\"\">\r\n                                <img decoding=\"async\" src=\"https:\/\/gorzow.news\/wp-content\/uploads\/2023\/03\/IMG_20230305_160654_1.jpg\" srcset=\"https:\/\/gorzow.news\/wp-content\/uploads\/2023\/03\/IMG_20230305_160654_1.jpg 1600w, https:\/\/gorzow.news\/wp-content\/uploads\/2023\/03\/IMG_20230305_160654_1-300x142.jpg 300w, https:\/\/gorzow.news\/wp-content\/uploads\/2023\/03\/IMG_20230305_160654_1-1024x484.jpg 1024w, https:\/\/gorzow.news\/wp-content\/uploads\/2023\/03\/IMG_20230305_160654_1-768x363.jpg 768w, https:\/\/gorzow.news\/wp-content\/uploads\/2023\/03\/IMG_20230305_160654_1-1536x727.jpg 1536w, https:\/\/gorzow.news\/wp-content\/uploads\/2023\/03\/IMG_20230305_160654_1-696x329.jpg 696w, https:\/\/gorzow.news\/wp-content\/uploads\/2023\/03\/IMG_20230305_160654_1-1068x505.jpg 1068w\" sizes=\"(max-width: 1600px) 100vw, 1600px\" alt=\"\">\r\n                            <\/a>\r\n                            \r\n                        <\/figure>\r\n                    <\/div>\r\n                    <div class = \"td-slide-item td-item2\">\r\n                        <figure class=\"td-slide-galery-figure td-slide-popup-gallery\">\r\n                            <a class=\"slide-gallery-image-link\" href=\"https:\/\/gorzow.news\/wp-content\/uploads\/2023\/03\/IMG_20230305_160729_2.jpg\" title=\"\"  data-caption=\"\"  data-description=\"\">\r\n                                <img decoding=\"async\" src=\"https:\/\/gorzow.news\/wp-content\/uploads\/2023\/03\/IMG_20230305_160729_2.jpg\" srcset=\"https:\/\/gorzow.news\/wp-content\/uploads\/2023\/03\/IMG_20230305_160729_2.jpg 1600w, https:\/\/gorzow.news\/wp-content\/uploads\/2023\/03\/IMG_20230305_160729_2-300x142.jpg 300w, https:\/\/gorzow.news\/wp-content\/uploads\/2023\/03\/IMG_20230305_160729_2-1024x484.jpg 1024w, https:\/\/gorzow.news\/wp-content\/uploads\/2023\/03\/IMG_20230305_160729_2-768x363.jpg 768w, https:\/\/gorzow.news\/wp-content\/uploads\/2023\/03\/IMG_20230305_160729_2-1536x727.jpg 1536w, https:\/\/gorzow.news\/wp-content\/uploads\/2023\/03\/IMG_20230305_160729_2-696x329.jpg 696w, https:\/\/gorzow.news\/wp-content\/uploads\/2023\/03\/IMG_20230305_160729_2-1068x505.jpg 1068w\" sizes=\"(max-width: 1600px) 100vw, 1600px\" alt=\"\">\r\n                            <\/a>\r\n                            \r\n                        <\/figure>\r\n                    <\/div>\r\n                    <div class = \"td-slide-item td-item3\">\r\n                        <figure class=\"td-slide-galery-figure td-slide-popup-gallery\">\r\n                            <a class=\"slide-gallery-image-link\" href=\"https:\/\/gorzow.news\/wp-content\/uploads\/2023\/03\/IMG_20230305_160800_1-1.jpg\" title=\"\"  data-caption=\"\"  data-description=\"\">\r\n                                <img decoding=\"async\" src=\"https:\/\/gorzow.news\/wp-content\/uploads\/2023\/03\/IMG_20230305_160800_1-1.jpg\" srcset=\"https:\/\/gorzow.news\/wp-content\/uploads\/2023\/03\/IMG_20230305_160800_1-1.jpg 1600w, https:\/\/gorzow.news\/wp-content\/uploads\/2023\/03\/IMG_20230305_160800_1-1-300x142.jpg 300w, https:\/\/gorzow.news\/wp-content\/uploads\/2023\/03\/IMG_20230305_160800_1-1-1024x484.jpg 1024w, https:\/\/gorzow.news\/wp-content\/uploads\/2023\/03\/IMG_20230305_160800_1-1-768x363.jpg 768w, https:\/\/gorzow.news\/wp-content\/uploads\/2023\/03\/IMG_20230305_160800_1-1-1536x727.jpg 1536w, https:\/\/gorzow.news\/wp-content\/uploads\/2023\/03\/IMG_20230305_160800_1-1-696x329.jpg 696w, https:\/\/gorzow.news\/wp-content\/uploads\/2023\/03\/IMG_20230305_160800_1-1-1068x505.jpg 1068w\" sizes=\"(max-width: 1600px) 100vw, 1600px\" alt=\"\">\r\n                            <\/a>\r\n                            \r\n                        <\/figure>\r\n                    <\/div>\r\n                    <div class = \"td-slide-item td-item4\">\r\n                        <figure class=\"td-slide-galery-figure td-slide-popup-gallery\">\r\n                            <a class=\"slide-gallery-image-link\" href=\"https:\/\/gorzow.news\/wp-content\/uploads\/2023\/03\/IMG_20230305_160805.jpg\" title=\"\"  data-caption=\"\"  data-description=\"\">\r\n                                <img decoding=\"async\" src=\"https:\/\/gorzow.news\/wp-content\/uploads\/2023\/03\/IMG_20230305_160805.jpg\" srcset=\"https:\/\/gorzow.news\/wp-content\/uploads\/2023\/03\/IMG_20230305_160805.jpg 1600w, https:\/\/gorzow.news\/wp-content\/uploads\/2023\/03\/IMG_20230305_160805-300x142.jpg 300w, https:\/\/gorzow.news\/wp-content\/uploads\/2023\/03\/IMG_20230305_160805-1024x484.jpg 1024w, https:\/\/gorzow.news\/wp-content\/uploads\/2023\/03\/IMG_20230305_160805-768x363.jpg 768w, https:\/\/gorzow.news\/wp-content\/uploads\/2023\/03\/IMG_20230305_160805-1536x727.jpg 1536w, https:\/\/gorzow.news\/wp-content\/uploads\/2023\/03\/IMG_20230305_160805-696x329.jpg 696w, https:\/\/gorzow.news\/wp-content\/uploads\/2023\/03\/IMG_20230305_160805-1068x505.jpg 1068w\" sizes=\"(max-width: 1600px) 100vw, 1600px\" alt=\"\">\r\n                            <\/a>\r\n                            \r\n                        <\/figure>\r\n                    <\/div>\r\n                    <div class = \"td-slide-item td-item5\">\r\n                        <figure class=\"td-slide-galery-figure td-slide-popup-gallery\">\r\n                            <a class=\"slide-gallery-image-link\" href=\"https:\/\/gorzow.news\/wp-content\/uploads\/2023\/03\/IMG_20230305_160815_1.jpg\" title=\"\"  data-caption=\"\"  data-description=\"\">\r\n                                <img decoding=\"async\" src=\"https:\/\/gorzow.news\/wp-content\/uploads\/2023\/03\/IMG_20230305_160815_1.jpg\" srcset=\"https:\/\/gorzow.news\/wp-content\/uploads\/2023\/03\/IMG_20230305_160815_1.jpg 1600w, https:\/\/gorzow.news\/wp-content\/uploads\/2023\/03\/IMG_20230305_160815_1-300x142.jpg 300w, https:\/\/gorzow.news\/wp-content\/uploads\/2023\/03\/IMG_20230305_160815_1-1024x484.jpg 1024w, https:\/\/gorzow.news\/wp-content\/uploads\/2023\/03\/IMG_20230305_160815_1-768x363.jpg 768w, https:\/\/gorzow.news\/wp-content\/uploads\/2023\/03\/IMG_20230305_160815_1-1536x727.jpg 1536w, https:\/\/gorzow.news\/wp-content\/uploads\/2023\/03\/IMG_20230305_160815_1-696x329.jpg 696w, https:\/\/gorzow.news\/wp-content\/uploads\/2023\/03\/IMG_20230305_160815_1-1068x505.jpg 1068w\" sizes=\"(max-width: 1600px) 100vw, 1600px\" alt=\"\">\r\n                            <\/a>\r\n                            \r\n                        <\/figure>\r\n                    <\/div>\r\n                    <div class = \"td-slide-item td-item6\">\r\n                        <figure class=\"td-slide-galery-figure td-slide-popup-gallery\">\r\n                            <a class=\"slide-gallery-image-link\" href=\"https:\/\/gorzow.news\/wp-content\/uploads\/2023\/03\/IMG_20230305_160618.jpg\" title=\"\"  data-caption=\"\"  data-description=\"\">\r\n                                <img decoding=\"async\" src=\"https:\/\/gorzow.news\/wp-content\/uploads\/2023\/03\/IMG_20230305_160618.jpg\" srcset=\"https:\/\/gorzow.news\/wp-content\/uploads\/2023\/03\/IMG_20230305_160618.jpg 1600w, https:\/\/gorzow.news\/wp-content\/uploads\/2023\/03\/IMG_20230305_160618-300x142.jpg 300w, https:\/\/gorzow.news\/wp-content\/uploads\/2023\/03\/IMG_20230305_160618-1024x484.jpg 1024w, https:\/\/gorzow.news\/wp-content\/uploads\/2023\/03\/IMG_20230305_160618-768x363.jpg 768w, https:\/\/gorzow.news\/wp-content\/uploads\/2023\/03\/IMG_20230305_160618-1536x727.jpg 1536w, https:\/\/gorzow.news\/wp-content\/uploads\/2023\/03\/IMG_20230305_160618-696x329.jpg 696w, https:\/\/gorzow.news\/wp-content\/uploads\/2023\/03\/IMG_20230305_160618-1068x505.jpg 1068w\" sizes=\"(max-width: 1600px) 100vw, 1600px\" alt=\"\">\r\n                            <\/a>\r\n                            \r\n                        <\/figure>\r\n                    <\/div>\r\n                    <div class = \"td-slide-item td-item7\">\r\n                        <figure class=\"td-slide-galery-figure td-slide-popup-gallery\">\r\n                            <a class=\"slide-gallery-image-link\" href=\"https:\/\/gorzow.news\/wp-content\/uploads\/2023\/03\/IMG_20230305_160944.jpg\" title=\"\"  data-caption=\"\"  data-description=\"\">\r\n                                <img decoding=\"async\" src=\"https:\/\/gorzow.news\/wp-content\/uploads\/2023\/03\/IMG_20230305_160944.jpg\" srcset=\"https:\/\/gorzow.news\/wp-content\/uploads\/2023\/03\/IMG_20230305_160944.jpg 1600w, https:\/\/gorzow.news\/wp-content\/uploads\/2023\/03\/IMG_20230305_160944-300x142.jpg 300w, https:\/\/gorzow.news\/wp-content\/uploads\/2023\/03\/IMG_20230305_160944-1024x484.jpg 1024w, https:\/\/gorzow.news\/wp-content\/uploads\/2023\/03\/IMG_20230305_160944-768x363.jpg 768w, https:\/\/gorzow.news\/wp-content\/uploads\/2023\/03\/IMG_20230305_160944-1536x727.jpg 1536w, https:\/\/gorzow.news\/wp-content\/uploads\/2023\/03\/IMG_20230305_160944-696x329.jpg 696w, https:\/\/gorzow.news\/wp-content\/uploads\/2023\/03\/IMG_20230305_160944-1068x505.jpg 1068w\" sizes=\"(max-width: 1600px) 100vw, 1600px\" alt=\"\">\r\n                            <\/a>\r\n                            \r\n                        <\/figure>\r\n                    <\/div>\r\n                    <div class = \"td-slide-item td-item8\">\r\n                        <figure class=\"td-slide-galery-figure td-slide-popup-gallery\">\r\n                            <a class=\"slide-gallery-image-link\" href=\"https:\/\/gorzow.news\/wp-content\/uploads\/2023\/03\/IMG_20230305_160951_1.jpg\" title=\"\"  data-caption=\"\"  data-description=\"\">\r\n                                <img decoding=\"async\" src=\"https:\/\/gorzow.news\/wp-content\/uploads\/2023\/03\/IMG_20230305_160951_1.jpg\" srcset=\"https:\/\/gorzow.news\/wp-content\/uploads\/2023\/03\/IMG_20230305_160951_1.jpg 1600w, https:\/\/gorzow.news\/wp-content\/uploads\/2023\/03\/IMG_20230305_160951_1-300x142.jpg 300w, https:\/\/gorzow.news\/wp-content\/uploads\/2023\/03\/IMG_20230305_160951_1-1024x484.jpg 1024w, https:\/\/gorzow.news\/wp-content\/uploads\/2023\/03\/IMG_20230305_160951_1-768x363.jpg 768w, https:\/\/gorzow.news\/wp-content\/uploads\/2023\/03\/IMG_20230305_160951_1-1536x727.jpg 1536w, https:\/\/gorzow.news\/wp-content\/uploads\/2023\/03\/IMG_20230305_160951_1-696x329.jpg 696w, https:\/\/gorzow.news\/wp-content\/uploads\/2023\/03\/IMG_20230305_160951_1-1068x505.jpg 1068w\" sizes=\"(max-width: 1600px) 100vw, 1600px\" alt=\"\">\r\n                            <\/a>\r\n                            \r\n                        <\/figure>\r\n                    <\/div>\r\n                    <div class = \"td-slide-item td-item9\">\r\n                        <figure class=\"td-slide-galery-figure td-slide-popup-gallery\">\r\n                            <a class=\"slide-gallery-image-link\" href=\"https:\/\/gorzow.news\/wp-content\/uploads\/2023\/03\/IMG_20230305_161012.jpg\" title=\"\"  data-caption=\"\"  data-description=\"\">\r\n                                <img decoding=\"async\" src=\"https:\/\/gorzow.news\/wp-content\/uploads\/2023\/03\/IMG_20230305_161012.jpg\" srcset=\"https:\/\/gorzow.news\/wp-content\/uploads\/2023\/03\/IMG_20230305_161012.jpg 1600w, https:\/\/gorzow.news\/wp-content\/uploads\/2023\/03\/IMG_20230305_161012-300x142.jpg 300w, https:\/\/gorzow.news\/wp-content\/uploads\/2023\/03\/IMG_20230305_161012-1024x484.jpg 1024w, https:\/\/gorzow.news\/wp-content\/uploads\/2023\/03\/IMG_20230305_161012-768x363.jpg 768w, https:\/\/gorzow.news\/wp-content\/uploads\/2023\/03\/IMG_20230305_161012-1536x727.jpg 1536w, https:\/\/gorzow.news\/wp-content\/uploads\/2023\/03\/IMG_20230305_161012-696x329.jpg 696w, https:\/\/gorzow.news\/wp-content\/uploads\/2023\/03\/IMG_20230305_161012-1068x505.jpg 1068w\" sizes=\"(max-width: 1600px) 100vw, 1600px\" alt=\"\">\r\n                            <\/a>\r\n                            \r\n                        <\/figure>\r\n                    <\/div>\r\n                            <\/div>\r\n                        <\/div>\r\n\r\n                        <div class = \"td-doubleSlider-2\">\r\n                            <div class = \"td-slider\">\r\n                                \r\n                    <div class = \"td-button td-item1\">\r\n                        <div class = \"td-border\"><\/div>\r\n                    <\/div>\r\n                    <div class = \"td-button td-item2\">\r\n                        <div class = \"td-border\"><\/div>\r\n                    <\/div>\r\n                    <div class = \"td-button td-item3\">\r\n                        <div class = \"td-border\"><\/div>\r\n                    <\/div>\r\n                    <div class = \"td-button td-item4\">\r\n                        <div class = \"td-border\"><\/div>\r\n                    <\/div>\r\n                    <div class = \"td-button td-item5\">\r\n                        <div class = \"td-border\"><\/div>\r\n                    <\/div>\r\n                    <div class = \"td-button td-item6\">\r\n                        <div class = \"td-border\"><\/div>\r\n                    <\/div>\r\n                    <div class = \"td-button td-item7\">\r\n                        <div class = \"td-border\"><\/div>\r\n                    <\/div>\r\n                    <div class = \"td-button td-item8\">\r\n                        <div class = \"td-border\"><\/div>\r\n                    <\/div>\r\n                    <div class = \"td-button td-item9\">\r\n                        <div class = \"td-border\"><\/div>\r\n                    <\/div>\r\n                            <\/div>\r\n                        <\/div>\r\n\r\n                    <\/div>\r\n\r\n                <\/div>\r\n                \n\n\n<p><strong>O tej inwestycji pisali\u015bmy ju\u017c wielokrotnie:<\/strong><br>&#8211; <a href=\"https:\/\/gorzow.news\/index.php\/2022\/12\/27\/budynki-po-przemyslowce-od-miesiecy-przebudowa-stoi-sprawa-trafi-do-sadu-zdjecia\/\">Budynki po Przemys\u0142\u00f3wce: Od miesi\u0119cy przebudowa stoi! Sprawa trafi do s\u0105du! (zdj\u0119cia)<\/a><br>&#8211; <a href=\"https:\/\/gorzow.news\/index.php\/2022\/10\/05\/przebudowa-przemyslowki-miala-wlasnie-sie-konczyc-jest-nowy-termin-poczekamy\/\">Przebudowa Przemys\u0142\u00f3wki mia\u0142a w\u0142a\u015bnie si\u0119 ko\u0144czy\u0107! Jest nowy termin! Poczekamy\u2026<\/a><br>&#8211; <a href=\"https:\/\/gorzow.news\/index.php\/2022\/09\/02\/co-z-przebudowa-przemyslowki-za-dwa-miesiace-sala-koncertowa-mck-miala-byc-gotowa-zdjecia\/\">Co z przebudow\u0105 Przemys\u0142\u00f3wki? Za dwa miesi\u0105ce sala koncertowa MCK mia\u0142a by\u0107 gotowa\u2026! (zdj\u0119cia)<\/a><br>&#8211; <a href=\"https:\/\/gorzow.news\/index.php\/2022\/07\/07\/czarne-chmury-nad-przemyslowka-znamy-przyczyne-przestoju-i-ogromnego-opoznienia-zdjecia\/\">Czarne chmury nad Przemys\u0142\u00f3wk\u0105! Znamy przyczyn\u0119 przestoju i ogromnego op\u00f3\u017anienia! (zdj\u0119cia)<\/a><br>&#8211; <a href=\"https:\/\/gorzow.news\/index.php\/2022\/05\/11\/budynek-przemyslowki-z-nowa-elewacja-tak-wyglada-jak-wygladal-na-wizualizacjach-ocencie-zdjecia\/\">Budynek Przemys\u0142\u00f3wki z now\u0105 elewacj\u0105! Tak wygl\u0105da! Jak wygl\u0105da\u0142 na wizualizacjach? Oce\u0144cie! (zdj\u0119cia)<\/a><br>&#8211; <a href=\"https:\/\/gorzow.news\/index.php\/2022\/04\/20\/remont-przemyslowki-nie-ma-szans-na-dotrzymanie-terminu-w-tym-roku-mck-tu-sie-nie-przeniesie-zdjecia\/\">Remont Przemys\u0142\u00f3wki: Nie ma szans na dotrzymanie terminu! W tym roku MCK tu si\u0119 nie przeniesie! (zdj\u0119cia)<\/a><br>&#8211; <a href=\"https:\/\/gorzow.news\/index.php\/2022\/01\/21\/przed-wejsciem-do-bylej-przemyslowki-wycieto-wszystkie-drzewa-zdjecia\/\">Przed wej\u015bciem do by\u0142ej Przemys\u0142\u00f3wki wyci\u0119to wszystkie drzewa! (zdj\u0119cia)<\/a><br>&#8211; <a href=\"https:\/\/gorzow.news\/index.php\/2022\/01\/14\/dolny-budynek-przemyslowki-w-calosci-zostal-zburzony-tak-to-mialo-wygladac-zdjecia\/\">Dolny budynek Przemys\u0142\u00f3wki w ca\u0142o\u015bci zosta\u0142 zburzony! Tak to mia\u0142o wygl\u0105da\u0107? (zdj\u0119cia)<\/a><br>&#8211; <a href=\"https:\/\/gorzow.news\/index.php\/2021\/12\/21\/polowa-elewacji-przemyslowki-gotowa-urzednicy-przeprowadza-sie-tu-rok-pozniej-zdjecia\/\">Po\u0142owa elewacji Przemys\u0142\u00f3wki gotowa! Urz\u0119dnicy przeprowadz\u0105 si\u0119 tu rok p\u00f3\u017aniej! (zdj\u0119cia)<\/a><br>&#8211; <a href=\"https:\/\/gorzow.news\/index.php\/2021\/10\/27\/budynek-przemyslowki-bez-balkonow-zdjecia\/\">Budynek Przemys\u0142\u00f3wki bez balkon\u00f3w! (zdj\u0119cia)<\/a><br>&#8211; <a href=\"https:\/\/gorzow.news\/index.php\/2021\/10\/19\/trwa-docieplanie-przemyslowki-jak-bedzie-wygladal-budynek-zdjecia\/\">Trwa docieplanie Przemys\u0142\u00f3wki. Jak b\u0119dzie wygl\u0105da\u0142 budynek? (zdj\u0119cia)<\/a><br>&#8211; <a href=\"https:\/\/gorzow.news\/index.php\/2021\/09\/13\/rozpoczyna-sie-remont-elewacji-biurowca-bylej-przemyslowki-zdjecia\/\">Rozpoczyna si\u0119 remont elewacji biurowca by\u0142ej Przemys\u0142\u00f3wki (zdj\u0119cia)<\/a><br>&#8211; <a href=\"https:\/\/gorzow.news\/index.php\/2021\/08\/28\/dolnej-czesci-przemyslowki-juz-prawie-nie-ma-zdjecia\/\">Dolnej cz\u0119\u015bci Przemys\u0142\u00f3wki ju\u017c prawie nie ma! (zdj\u0119cia)<\/a><br>&#8211; <a href=\"https:\/\/gorzow.news\/index.php\/2021\/08\/02\/trwa-wyburzanie-dolnej-czesci-przemyslowki-za-rok-ma-tu-byc-miejskie-centrum-kultury-zdjecia\/\">Trwa wyburzanie dolnej cz\u0119\u015bci Przemys\u0142\u00f3wki! Za rok ma tu by\u0107 Miejskie Centrum Kultury! (zdj\u0119cia)<\/a><\/p>\n","protected":false},"excerpt":{"rendered":"<p>To ju\u017c p\u00f3\u0142 roku op\u00f3\u017anienia przy przebudowie obiekt\u00f3w po by\u0142ej Przemys\u0142\u00f3wce w centrum miasta! Ko\u0144ca inwestycji jednak nie wida\u0107. Czytelnicy od miesi\u0119cy alarmuj\u0105 nas, \u017ce na placu budowy nie dzieje si\u0119 nic, albo prawie nic\u2026 Sprawdzili\u015bmy, czym spowodowany jest kolejny brak prac i na kiedy zosta\u0142 przesuni\u0119ty termin oddania biurowca i przede wszystkim sali koncertowej Miejskiego Centru Kultury.<\/p>\n","protected":false},"author":1,"featured_media":11971,"comment_status":"open","ping_status":"open","sticky":false,"template":"","format":"standard","meta":{"footnotes":"","_links_to":"","_links_to_target":""},"categories":[2009,593,589],"tags":[816,245,477,640,181,718],"class_list":{"0":"post-11970","1":"post","2":"type-post","3":"status-publish","4":"format-standard","5":"has-post-thumbnail","7":"category-centrum-srodmiescie","8":"category-inwestycje-miejskie","9":"category-wiadomosci","10":"tag-iwona-olek","11":"tag-mck","12":"tag-przemyslowka","13":"tag-sala-koncertowa","14":"tag-welniany-rynek","15":"tag-wieslaw-ciepiela"},"yoast_head":"<!-- This site is optimized with the Yoast SEO plugin v27.3 - https:\/\/yoast.com\/product\/yoast-seo-wordpress\/ -->\n<title>Kiedy powstanie sala koncertowa MCK przy budynku po Przemys\u0142\u00f3wce? Znamy dat\u0119! Op\u00f3\u017anienie gigantyczne! (zdj\u0119cia) - Gorz\u00f3w News<\/title>\n<meta name=\"description\" content=\"To ju\u017c p\u00f3\u0142 roku op\u00f3\u017anienia przy przebudowie obiekt\u00f3w po by\u0142ej Przemys\u0142\u00f3wce w centrum miasta! Ko\u0144ca inwestycji jednak nie wida\u0107. Czytelnicy\" \/>\n<meta name=\"robots\" content=\"index, follow, max-snippet:-1, max-image-preview:large, max-video-preview:-1\" \/>\n<link rel=\"canonical\" href=\"https:\/\/gorzow.news\/index.php\/2023\/03\/14\/kiedy-powstanie-sala-koncertowa-mck-przy-budynku-po-przemyslowce-znamy-date-opoznienie-gigantyczne-zdjecia\/\" \/>\n<meta property=\"og:locale\" content=\"pl_PL\" \/>\n<meta property=\"og:type\" content=\"article\" \/>\n<meta property=\"og:title\" content=\"Kiedy powstanie sala koncertowa MCK przy budynku po Przemys\u0142\u00f3wce? Znamy dat\u0119! Op\u00f3\u017anienie gigantyczne! (zdj\u0119cia) - Gorz\u00f3w News\" \/>\n<meta property=\"og:description\" content=\"To ju\u017c p\u00f3\u0142 roku op\u00f3\u017anienia przy przebudowie obiekt\u00f3w po by\u0142ej Przemys\u0142\u00f3wce w centrum miasta! Ko\u0144ca inwestycji jednak nie wida\u0107. Czytelnicy\" \/>\n<meta property=\"og:url\" content=\"https:\/\/gorzow.news\/index.php\/2023\/03\/14\/kiedy-powstanie-sala-koncertowa-mck-przy-budynku-po-przemyslowce-znamy-date-opoznienie-gigantyczne-zdjecia\/\" \/>\n<meta property=\"og:site_name\" content=\"Gorz\u00f3w News\" \/>\n<meta property=\"article:publisher\" content=\"https:\/\/www.facebook.com\/gorzowskinews\" \/>\n<meta property=\"article:published_time\" content=\"2023-03-14T07:06:32+00:00\" \/>\n<meta property=\"article:modified_time\" content=\"2023-03-14T07:06:35+00:00\" \/>\n<meta property=\"og:image\" content=\"https:\/\/gorzow.news\/wp-content\/uploads\/2023\/03\/IMG_20230305_160800_1.jpg\" \/>\n\t<meta property=\"og:image:width\" content=\"1600\" \/>\n\t<meta property=\"og:image:height\" content=\"757\" \/>\n\t<meta property=\"og:image:type\" content=\"image\/jpeg\" \/>\n<meta name=\"author\" content=\"maciej\" \/>\n<meta name=\"twitter:card\" content=\"summary_large_image\" \/>\n<meta name=\"twitter:label1\" content=\"Napisane przez\" \/>\n\t<meta name=\"twitter:data1\" content=\"maciej\" \/>\n\t<meta name=\"twitter:label2\" content=\"Szacowany czas czytania\" \/>\n\t<meta name=\"twitter:data2\" content=\"4 minuty\" \/>\n<script type=\"application\/ld+json\" class=\"yoast-schema-graph\">{\"@context\":\"https:\\\/\\\/schema.org\",\"@graph\":[{\"@type\":\"Article\",\"@id\":\"https:\\\/\\\/gorzow.news\\\/index.php\\\/2023\\\/03\\\/14\\\/kiedy-powstanie-sala-koncertowa-mck-przy-budynku-po-przemyslowce-znamy-date-opoznienie-gigantyczne-zdjecia\\\/#article\",\"isPartOf\":{\"@id\":\"https:\\\/\\\/gorzow.news\\\/index.php\\\/2023\\\/03\\\/14\\\/kiedy-powstanie-sala-koncertowa-mck-przy-budynku-po-przemyslowce-znamy-date-opoznienie-gigantyczne-zdjecia\\\/\"},\"author\":{\"name\":\"maciej\",\"@id\":\"https:\\\/\\\/gorzow.news\\\/#\\\/schema\\\/person\\\/a1e5ab43166369f2ce236a1cd90995bb\"},\"headline\":\"Kiedy powstanie sala koncertowa MCK przy budynku po Przemys\u0142\u00f3wce? Znamy dat\u0119! Op\u00f3\u017anienie gigantyczne! (zdj\u0119cia)\",\"datePublished\":\"2023-03-14T07:06:32+00:00\",\"dateModified\":\"2023-03-14T07:06:35+00:00\",\"mainEntityOfPage\":{\"@id\":\"https:\\\/\\\/gorzow.news\\\/index.php\\\/2023\\\/03\\\/14\\\/kiedy-powstanie-sala-koncertowa-mck-przy-budynku-po-przemyslowce-znamy-date-opoznienie-gigantyczne-zdjecia\\\/\"},\"wordCount\":755,\"commentCount\":1,\"image\":{\"@id\":\"https:\\\/\\\/gorzow.news\\\/index.php\\\/2023\\\/03\\\/14\\\/kiedy-powstanie-sala-koncertowa-mck-przy-budynku-po-przemyslowce-znamy-date-opoznienie-gigantyczne-zdjecia\\\/#primaryimage\"},\"thumbnailUrl\":\"https:\\\/\\\/gorzow.news\\\/wp-content\\\/uploads\\\/2023\\\/03\\\/IMG_20230305_160800_1.jpg\",\"keywords\":[\"Iwona Olek\",\"MCK\",\"Przemys\u0142\u00f3wka\",\"sala koncertowa\",\"We\u0142niany Rynek\",\"Wies\u0142aw Ciepiela\"],\"articleSection\":[\"Centrum \\\/ \u015ar\u00f3dmie\u015bcie\",\"Inwestycje miejskie\",\"Wiadomo\u015bci\"],\"inLanguage\":\"pl-PL\",\"potentialAction\":[{\"@type\":\"CommentAction\",\"name\":\"Comment\",\"target\":[\"https:\\\/\\\/gorzow.news\\\/index.php\\\/2023\\\/03\\\/14\\\/kiedy-powstanie-sala-koncertowa-mck-przy-budynku-po-przemyslowce-znamy-date-opoznienie-gigantyczne-zdjecia\\\/#respond\"]}]},{\"@type\":\"WebPage\",\"@id\":\"https:\\\/\\\/gorzow.news\\\/index.php\\\/2023\\\/03\\\/14\\\/kiedy-powstanie-sala-koncertowa-mck-przy-budynku-po-przemyslowce-znamy-date-opoznienie-gigantyczne-zdjecia\\\/\",\"url\":\"https:\\\/\\\/gorzow.news\\\/index.php\\\/2023\\\/03\\\/14\\\/kiedy-powstanie-sala-koncertowa-mck-przy-budynku-po-przemyslowce-znamy-date-opoznienie-gigantyczne-zdjecia\\\/\",\"name\":\"Kiedy powstanie sala koncertowa MCK przy budynku po Przemys\u0142\u00f3wce? Znamy dat\u0119! Op\u00f3\u017anienie gigantyczne! (zdj\u0119cia) - Gorz\u00f3w News\",\"isPartOf\":{\"@id\":\"https:\\\/\\\/gorzow.news\\\/#website\"},\"primaryImageOfPage\":{\"@id\":\"https:\\\/\\\/gorzow.news\\\/index.php\\\/2023\\\/03\\\/14\\\/kiedy-powstanie-sala-koncertowa-mck-przy-budynku-po-przemyslowce-znamy-date-opoznienie-gigantyczne-zdjecia\\\/#primaryimage\"},\"image\":{\"@id\":\"https:\\\/\\\/gorzow.news\\\/index.php\\\/2023\\\/03\\\/14\\\/kiedy-powstanie-sala-koncertowa-mck-przy-budynku-po-przemyslowce-znamy-date-opoznienie-gigantyczne-zdjecia\\\/#primaryimage\"},\"thumbnailUrl\":\"https:\\\/\\\/gorzow.news\\\/wp-content\\\/uploads\\\/2023\\\/03\\\/IMG_20230305_160800_1.jpg\",\"datePublished\":\"2023-03-14T07:06:32+00:00\",\"dateModified\":\"2023-03-14T07:06:35+00:00\",\"author\":{\"@id\":\"https:\\\/\\\/gorzow.news\\\/#\\\/schema\\\/person\\\/a1e5ab43166369f2ce236a1cd90995bb\"},\"description\":\"To ju\u017c p\u00f3\u0142 roku op\u00f3\u017anienia przy przebudowie obiekt\u00f3w po by\u0142ej Przemys\u0142\u00f3wce w centrum miasta! Ko\u0144ca inwestycji jednak nie wida\u0107. Czytelnicy od miesi\u0119cy alarmuj\u0105 nas, \u017ce na placu budowy nie dzieje si\u0119 nic, albo prawie nic\u2026 Sprawdzili\u015bmy, czym spowodowany jest kolejny brak prac i na kiedy zosta\u0142 przesuni\u0119ty termin oddania biurowca i przede wszystkim sali koncertowej Miejskiego Centru Kultury.\",\"breadcrumb\":{\"@id\":\"https:\\\/\\\/gorzow.news\\\/index.php\\\/2023\\\/03\\\/14\\\/kiedy-powstanie-sala-koncertowa-mck-przy-budynku-po-przemyslowce-znamy-date-opoznienie-gigantyczne-zdjecia\\\/#breadcrumb\"},\"inLanguage\":\"pl-PL\",\"potentialAction\":[{\"@type\":\"ReadAction\",\"target\":[\"https:\\\/\\\/gorzow.news\\\/index.php\\\/2023\\\/03\\\/14\\\/kiedy-powstanie-sala-koncertowa-mck-przy-budynku-po-przemyslowce-znamy-date-opoznienie-gigantyczne-zdjecia\\\/\"]}]},{\"@type\":\"ImageObject\",\"inLanguage\":\"pl-PL\",\"@id\":\"https:\\\/\\\/gorzow.news\\\/index.php\\\/2023\\\/03\\\/14\\\/kiedy-powstanie-sala-koncertowa-mck-przy-budynku-po-przemyslowce-znamy-date-opoznienie-gigantyczne-zdjecia\\\/#primaryimage\",\"url\":\"https:\\\/\\\/gorzow.news\\\/wp-content\\\/uploads\\\/2023\\\/03\\\/IMG_20230305_160800_1.jpg\",\"contentUrl\":\"https:\\\/\\\/gorzow.news\\\/wp-content\\\/uploads\\\/2023\\\/03\\\/IMG_20230305_160800_1.jpg\",\"width\":1600,\"height\":757,\"caption\":\"Trwa wymiana gruntu przy budynku by\u0142ej Przemys\u0142\u00f3wki od strony We\u0142nianego Rynku.\"},{\"@type\":\"BreadcrumbList\",\"@id\":\"https:\\\/\\\/gorzow.news\\\/index.php\\\/2023\\\/03\\\/14\\\/kiedy-powstanie-sala-koncertowa-mck-przy-budynku-po-przemyslowce-znamy-date-opoznienie-gigantyczne-zdjecia\\\/#breadcrumb\",\"itemListElement\":[{\"@type\":\"ListItem\",\"position\":1,\"name\":\"Home\",\"item\":\"https:\\\/\\\/gorzow.news\\\/\"},{\"@type\":\"ListItem\",\"position\":2,\"name\":\"Kiedy powstanie sala koncertowa MCK przy budynku po Przemys\u0142\u00f3wce? Znamy dat\u0119! Op\u00f3\u017anienie gigantyczne! (zdj\u0119cia)\"}]},{\"@type\":\"WebSite\",\"@id\":\"https:\\\/\\\/gorzow.news\\\/#website\",\"url\":\"https:\\\/\\\/gorzow.news\\\/\",\"name\":\"Gorz\u00f3w News\",\"description\":\"Sp\u00f3jrz inaczej na miato i region...\",\"potentialAction\":[{\"@type\":\"SearchAction\",\"target\":{\"@type\":\"EntryPoint\",\"urlTemplate\":\"https:\\\/\\\/gorzow.news\\\/?s={search_term_string}\"},\"query-input\":{\"@type\":\"PropertyValueSpecification\",\"valueRequired\":true,\"valueName\":\"search_term_string\"}}],\"inLanguage\":\"pl-PL\"},{\"@type\":\"Person\",\"@id\":\"https:\\\/\\\/gorzow.news\\\/#\\\/schema\\\/person\\\/a1e5ab43166369f2ce236a1cd90995bb\",\"name\":\"maciej\",\"image\":{\"@type\":\"ImageObject\",\"inLanguage\":\"pl-PL\",\"@id\":\"https:\\\/\\\/secure.gravatar.com\\\/avatar\\\/530a674d56ba60cfa0ef21d74e8e8d123a51bb7aa6580465b5c2ab2c2e980a19?s=96&r=g&d=https:\\\/\\\/gorzow.news\\\/wp-content\\\/plugins\\\/userswp\\\/assets\\\/images\\\/no_profile.png\",\"url\":\"https:\\\/\\\/secure.gravatar.com\\\/avatar\\\/530a674d56ba60cfa0ef21d74e8e8d123a51bb7aa6580465b5c2ab2c2e980a19?s=96&r=g&d=https:\\\/\\\/gorzow.news\\\/wp-content\\\/plugins\\\/userswp\\\/assets\\\/images\\\/no_profile.png\",\"contentUrl\":\"https:\\\/\\\/secure.gravatar.com\\\/avatar\\\/530a674d56ba60cfa0ef21d74e8e8d123a51bb7aa6580465b5c2ab2c2e980a19?s=96&r=g&d=https:\\\/\\\/gorzow.news\\\/wp-content\\\/plugins\\\/userswp\\\/assets\\\/images\\\/no_profile.png\",\"caption\":\"maciej\"},\"url\":\"https:\\\/\\\/gorzow.news\\\/index.php\\\/profile\\\/maciej\\\/\"}]}<\/script>\n<!-- \/ Yoast SEO plugin. -->","yoast_head_json":{"title":"Kiedy powstanie sala koncertowa MCK przy budynku po Przemys\u0142\u00f3wce? Znamy dat\u0119! Op\u00f3\u017anienie gigantyczne! (zdj\u0119cia) - Gorz\u00f3w News","description":"To ju\u017c p\u00f3\u0142 roku op\u00f3\u017anienia przy przebudowie obiekt\u00f3w po by\u0142ej Przemys\u0142\u00f3wce w centrum miasta! Ko\u0144ca inwestycji jednak nie wida\u0107. Czytelnicy","robots":{"index":"index","follow":"follow","max-snippet":"max-snippet:-1","max-image-preview":"max-image-preview:large","max-video-preview":"max-video-preview:-1"},"canonical":"https:\/\/gorzow.news\/index.php\/2023\/03\/14\/kiedy-powstanie-sala-koncertowa-mck-przy-budynku-po-przemyslowce-znamy-date-opoznienie-gigantyczne-zdjecia\/","og_locale":"pl_PL","og_type":"article","og_title":"Kiedy powstanie sala koncertowa MCK przy budynku po Przemys\u0142\u00f3wce? Znamy dat\u0119! Op\u00f3\u017anienie gigantyczne! (zdj\u0119cia) - Gorz\u00f3w News","og_description":"To ju\u017c p\u00f3\u0142 roku op\u00f3\u017anienia przy przebudowie obiekt\u00f3w po by\u0142ej Przemys\u0142\u00f3wce w centrum miasta! Ko\u0144ca inwestycji jednak nie wida\u0107. Czytelnicy","og_url":"https:\/\/gorzow.news\/index.php\/2023\/03\/14\/kiedy-powstanie-sala-koncertowa-mck-przy-budynku-po-przemyslowce-znamy-date-opoznienie-gigantyczne-zdjecia\/","og_site_name":"Gorz\u00f3w News","article_publisher":"https:\/\/www.facebook.com\/gorzowskinews","article_published_time":"2023-03-14T07:06:32+00:00","article_modified_time":"2023-03-14T07:06:35+00:00","og_image":[{"width":1600,"height":757,"url":"https:\/\/gorzow.news\/wp-content\/uploads\/2023\/03\/IMG_20230305_160800_1.jpg","type":"image\/jpeg"}],"author":"maciej","twitter_card":"summary_large_image","twitter_misc":{"Napisane przez":"maciej","Szacowany czas czytania":"4 minuty"},"schema":{"@context":"https:\/\/schema.org","@graph":[{"@type":"Article","@id":"https:\/\/gorzow.news\/index.php\/2023\/03\/14\/kiedy-powstanie-sala-koncertowa-mck-przy-budynku-po-przemyslowce-znamy-date-opoznienie-gigantyczne-zdjecia\/#article","isPartOf":{"@id":"https:\/\/gorzow.news\/index.php\/2023\/03\/14\/kiedy-powstanie-sala-koncertowa-mck-przy-budynku-po-przemyslowce-znamy-date-opoznienie-gigantyczne-zdjecia\/"},"author":{"name":"maciej","@id":"https:\/\/gorzow.news\/#\/schema\/person\/a1e5ab43166369f2ce236a1cd90995bb"},"headline":"Kiedy powstanie sala koncertowa MCK przy budynku po Przemys\u0142\u00f3wce? Znamy dat\u0119! Op\u00f3\u017anienie gigantyczne! (zdj\u0119cia)","datePublished":"2023-03-14T07:06:32+00:00","dateModified":"2023-03-14T07:06:35+00:00","mainEntityOfPage":{"@id":"https:\/\/gorzow.news\/index.php\/2023\/03\/14\/kiedy-powstanie-sala-koncertowa-mck-przy-budynku-po-przemyslowce-znamy-date-opoznienie-gigantyczne-zdjecia\/"},"wordCount":755,"commentCount":1,"image":{"@id":"https:\/\/gorzow.news\/index.php\/2023\/03\/14\/kiedy-powstanie-sala-koncertowa-mck-przy-budynku-po-przemyslowce-znamy-date-opoznienie-gigantyczne-zdjecia\/#primaryimage"},"thumbnailUrl":"https:\/\/gorzow.news\/wp-content\/uploads\/2023\/03\/IMG_20230305_160800_1.jpg","keywords":["Iwona Olek","MCK","Przemys\u0142\u00f3wka","sala koncertowa","We\u0142niany Rynek","Wies\u0142aw Ciepiela"],"articleSection":["Centrum \/ \u015ar\u00f3dmie\u015bcie","Inwestycje miejskie","Wiadomo\u015bci"],"inLanguage":"pl-PL","potentialAction":[{"@type":"CommentAction","name":"Comment","target":["https:\/\/gorzow.news\/index.php\/2023\/03\/14\/kiedy-powstanie-sala-koncertowa-mck-przy-budynku-po-przemyslowce-znamy-date-opoznienie-gigantyczne-zdjecia\/#respond"]}]},{"@type":"WebPage","@id":"https:\/\/gorzow.news\/index.php\/2023\/03\/14\/kiedy-powstanie-sala-koncertowa-mck-przy-budynku-po-przemyslowce-znamy-date-opoznienie-gigantyczne-zdjecia\/","url":"https:\/\/gorzow.news\/index.php\/2023\/03\/14\/kiedy-powstanie-sala-koncertowa-mck-przy-budynku-po-przemyslowce-znamy-date-opoznienie-gigantyczne-zdjecia\/","name":"Kiedy powstanie sala koncertowa MCK przy budynku po Przemys\u0142\u00f3wce? Znamy dat\u0119! Op\u00f3\u017anienie gigantyczne! (zdj\u0119cia) - Gorz\u00f3w News","isPartOf":{"@id":"https:\/\/gorzow.news\/#website"},"primaryImageOfPage":{"@id":"https:\/\/gorzow.news\/index.php\/2023\/03\/14\/kiedy-powstanie-sala-koncertowa-mck-przy-budynku-po-przemyslowce-znamy-date-opoznienie-gigantyczne-zdjecia\/#primaryimage"},"image":{"@id":"https:\/\/gorzow.news\/index.php\/2023\/03\/14\/kiedy-powstanie-sala-koncertowa-mck-przy-budynku-po-przemyslowce-znamy-date-opoznienie-gigantyczne-zdjecia\/#primaryimage"},"thumbnailUrl":"https:\/\/gorzow.news\/wp-content\/uploads\/2023\/03\/IMG_20230305_160800_1.jpg","datePublished":"2023-03-14T07:06:32+00:00","dateModified":"2023-03-14T07:06:35+00:00","author":{"@id":"https:\/\/gorzow.news\/#\/schema\/person\/a1e5ab43166369f2ce236a1cd90995bb"},"description":"To ju\u017c p\u00f3\u0142 roku op\u00f3\u017anienia przy przebudowie obiekt\u00f3w po by\u0142ej Przemys\u0142\u00f3wce w centrum miasta! Ko\u0144ca inwestycji jednak nie wida\u0107. Czytelnicy od miesi\u0119cy alarmuj\u0105 nas, \u017ce na placu budowy nie dzieje si\u0119 nic, albo prawie nic\u2026 Sprawdzili\u015bmy, czym spowodowany jest kolejny brak prac i na kiedy zosta\u0142 przesuni\u0119ty termin oddania biurowca i przede wszystkim sali koncertowej Miejskiego Centru Kultury.","breadcrumb":{"@id":"https:\/\/gorzow.news\/index.php\/2023\/03\/14\/kiedy-powstanie-sala-koncertowa-mck-przy-budynku-po-przemyslowce-znamy-date-opoznienie-gigantyczne-zdjecia\/#breadcrumb"},"inLanguage":"pl-PL","potentialAction":[{"@type":"ReadAction","target":["https:\/\/gorzow.news\/index.php\/2023\/03\/14\/kiedy-powstanie-sala-koncertowa-mck-przy-budynku-po-przemyslowce-znamy-date-opoznienie-gigantyczne-zdjecia\/"]}]},{"@type":"ImageObject","inLanguage":"pl-PL","@id":"https:\/\/gorzow.news\/index.php\/2023\/03\/14\/kiedy-powstanie-sala-koncertowa-mck-przy-budynku-po-przemyslowce-znamy-date-opoznienie-gigantyczne-zdjecia\/#primaryimage","url":"https:\/\/gorzow.news\/wp-content\/uploads\/2023\/03\/IMG_20230305_160800_1.jpg","contentUrl":"https:\/\/gorzow.news\/wp-content\/uploads\/2023\/03\/IMG_20230305_160800_1.jpg","width":1600,"height":757,"caption":"Trwa wymiana gruntu przy budynku by\u0142ej Przemys\u0142\u00f3wki od strony We\u0142nianego Rynku."},{"@type":"BreadcrumbList","@id":"https:\/\/gorzow.news\/index.php\/2023\/03\/14\/kiedy-powstanie-sala-koncertowa-mck-przy-budynku-po-przemyslowce-znamy-date-opoznienie-gigantyczne-zdjecia\/#breadcrumb","itemListElement":[{"@type":"ListItem","position":1,"name":"Home","item":"https:\/\/gorzow.news\/"},{"@type":"ListItem","position":2,"name":"Kiedy powstanie sala koncertowa MCK przy budynku po Przemys\u0142\u00f3wce? Znamy dat\u0119! Op\u00f3\u017anienie gigantyczne! (zdj\u0119cia)"}]},{"@type":"WebSite","@id":"https:\/\/gorzow.news\/#website","url":"https:\/\/gorzow.news\/","name":"Gorz\u00f3w News","description":"Sp\u00f3jrz inaczej na miato i region...","potentialAction":[{"@type":"SearchAction","target":{"@type":"EntryPoint","urlTemplate":"https:\/\/gorzow.news\/?s={search_term_string}"},"query-input":{"@type":"PropertyValueSpecification","valueRequired":true,"valueName":"search_term_string"}}],"inLanguage":"pl-PL"},{"@type":"Person","@id":"https:\/\/gorzow.news\/#\/schema\/person\/a1e5ab43166369f2ce236a1cd90995bb","name":"maciej","image":{"@type":"ImageObject","inLanguage":"pl-PL","@id":"https:\/\/secure.gravatar.com\/avatar\/530a674d56ba60cfa0ef21d74e8e8d123a51bb7aa6580465b5c2ab2c2e980a19?s=96&r=g&d=https:\/\/gorzow.news\/wp-content\/plugins\/userswp\/assets\/images\/no_profile.png","url":"https:\/\/secure.gravatar.com\/avatar\/530a674d56ba60cfa0ef21d74e8e8d123a51bb7aa6580465b5c2ab2c2e980a19?s=96&r=g&d=https:\/\/gorzow.news\/wp-content\/plugins\/userswp\/assets\/images\/no_profile.png","contentUrl":"https:\/\/secure.gravatar.com\/avatar\/530a674d56ba60cfa0ef21d74e8e8d123a51bb7aa6580465b5c2ab2c2e980a19?s=96&r=g&d=https:\/\/gorzow.news\/wp-content\/plugins\/userswp\/assets\/images\/no_profile.png","caption":"maciej"},"url":"https:\/\/gorzow.news\/index.php\/profile\/maciej\/"}]}},"_links":{"self":[{"href":"https:\/\/gorzow.news\/index.php\/wp-json\/wp\/v2\/posts\/11970","targetHints":{"allow":["GET"]}}],"collection":[{"href":"https:\/\/gorzow.news\/index.php\/wp-json\/wp\/v2\/posts"}],"about":[{"href":"https:\/\/gorzow.news\/index.php\/wp-json\/wp\/v2\/types\/post"}],"author":[{"embeddable":true,"href":"https:\/\/gorzow.news\/index.php\/wp-json\/wp\/v2\/users\/1"}],"replies":[{"embeddable":true,"href":"https:\/\/gorzow.news\/index.php\/wp-json\/wp\/v2\/comments?post=11970"}],"version-history":[{"count":0,"href":"https:\/\/gorzow.news\/index.php\/wp-json\/wp\/v2\/posts\/11970\/revisions"}],"wp:featuredmedia":[{"embeddable":true,"href":"https:\/\/gorzow.news\/index.php\/wp-json\/wp\/v2\/media\/11971"}],"wp:attachment":[{"href":"https:\/\/gorzow.news\/index.php\/wp-json\/wp\/v2\/media?parent=11970"}],"wp:term":[{"taxonomy":"category","embeddable":true,"href":"https:\/\/gorzow.news\/index.php\/wp-json\/wp\/v2\/categories?post=11970"},{"taxonomy":"post_tag","embeddable":true,"href":"https:\/\/gorzow.news\/index.php\/wp-json\/wp\/v2\/tags?post=11970"}],"curies":[{"name":"wp","href":"https:\/\/api.w.org\/{rel}","templated":true}]}}