{"id":11951,"date":"2023-03-08T08:46:00","date_gmt":"2023-03-08T07:46:00","guid":{"rendered":"https:\/\/gorzow.news\/?p=11951"},"modified":"2023-03-08T09:48:06","modified_gmt":"2023-03-08T08:48:06","slug":"polnocna-obwodnica-gorzowa-jest-przetarg-na-budowe-pierwszego-etapu","status":"publish","type":"post","link":"https:\/\/gorzow.news\/index.php\/2023\/03\/08\/polnocna-obwodnica-gorzowa-jest-przetarg-na-budowe-pierwszego-etapu\/","title":{"rendered":"P\u00f3\u0142nocna Obwodnica Gorzowa: Jest przetarg na budow\u0119 pierwszego etapu"},"content":{"rendered":"\n<p><strong>Sp\u00f3\u0142ka Gorzowskie Inwestycje Miejskie og\u0142osi\u0142a przetarg na budow\u0119 I etapu P\u00f3\u0142nocnej Obwodnicy Gorzowa. Po\u0142\u0105czy ona ze sob\u0105 dwa osiedla \u2013 G\u00f3rczyn i Piaski. Niemal p\u00f3\u0142kilometrowy odcinek drogi o dw\u00f3ch jezdniach, z kt\u00f3rych ka\u017cda b\u0119dzie dwupasmowa, zostanie w\u0142\u0105czony w istniej\u0105ce rondo przy ul. S. Wyszy\u0144skiego i dalej poprowadzony w kierunku zachodnim \u2013 do skrzy\u017cowania z ul. K. Wielkiego, gdzie zaplanowano budow\u0119 nowego ronda.<\/strong><\/p>\n\n\n\n<p>Inwestycja zosta\u0142a rozszerzona o zarezerwowanie terenu pod budow\u0119 linii tramwajowej, do realizacji w przysz\u0142o\u015bci, w ramach innego zadania inwestycyjnego. Wy\u0142oniony w ramach przetargu wykonawca zrealizuje zadanie w formule \u201ezaprojektuj i wybuduj\u201d. Oznacza to, \u017ce sporz\u0105dzi dokumentacj\u0119 projektow\u0105 i formalno\u015bci niezb\u0119dne do prowadzenia rob\u00f3t budowlanych oraz je zrealizuje. Zgodnie z umow\u0105 wykonawca na realizacj\u0119 I etapu budowy P\u00f3\u0142nocnej obwodnicy Gorzowa b\u0119dzie mia\u0142 25 miesi\u0119cy.<\/p>\n\n\n\n<figure class=\"wp-block-image size-large\"><img loading=\"lazy\" decoding=\"async\" width=\"1024\" height=\"484\" src=\"https:\/\/gorzow.news\/wp-content\/uploads\/2023\/03\/PROJEKT-PFU-1-2048x1027-1-1024x484.jpg\" alt=\"\" class=\"wp-image-11953\" srcset=\"https:\/\/gorzow.news\/wp-content\/uploads\/2023\/03\/PROJEKT-PFU-1-2048x1027-1-1024x484.jpg 1024w, https:\/\/gorzow.news\/wp-content\/uploads\/2023\/03\/PROJEKT-PFU-1-2048x1027-1-300x142.jpg 300w, https:\/\/gorzow.news\/wp-content\/uploads\/2023\/03\/PROJEKT-PFU-1-2048x1027-1-768x363.jpg 768w, https:\/\/gorzow.news\/wp-content\/uploads\/2023\/03\/PROJEKT-PFU-1-2048x1027-1-1536x726.jpg 1536w, https:\/\/gorzow.news\/wp-content\/uploads\/2023\/03\/PROJEKT-PFU-1-2048x1027-1-696x329.jpg 696w, https:\/\/gorzow.news\/wp-content\/uploads\/2023\/03\/PROJEKT-PFU-1-2048x1027-1-1068x505.jpg 1068w, https:\/\/gorzow.news\/wp-content\/uploads\/2023\/03\/PROJEKT-PFU-1-2048x1027-1-1920x908.jpg 1920w, https:\/\/gorzow.news\/wp-content\/uploads\/2023\/03\/PROJEKT-PFU-1-2048x1027-1.jpg 1937w\" sizes=\"auto, (max-width: 1024px) 100vw, 1024px\" \/><figcaption class=\"wp-element-caption\">I etap budowy P\u00f3\u0142nocnej Obwodnicy Gorzowa<\/figcaption><\/figure>\n\n\n\n<p><strong>Zakres prac w ramach I etapu:<\/strong><br>&#8211; rozbudowa\/przebudowa skrzy\u017cowania ul. S. Wyszy\u0144skiego, G\u00f3rczy\u0144ska zwi\u0105zana z w\u0142\u0105czeniem nowego odcinka\u2013 skrzy\u017cowanie typu rondo,<br>&#8211; budowa skrzy\u017cowania nowego odcinka drogi z ul. K. Wielkiego i Owocowej \u2013 skrzy\u017cowanie typu rondo,<br>&#8211; budowa przepustu z blach falistych na przeci\u0119ciu drogi i cieku wodnego rz. K\u0142odawka na d\u0142ugo\u015bci ok. 75m,<br>&#8211; rozbudowa\/przebudowa odcinka ul. K. Wielkiego i uk\u0142adu skrzy\u017cowania ul. K. Wielkiego i ul. Z. Kuratowskiej \u2013 skrzy\u017cowanie zwyk\u0142e wyniesione,<br>&#8211; przebudowa ul. Owocowej na po\u0142\u0105czeniu z wlotem ronda przy ul. K. Wielkiego;<br>&#8211; budowa zatok autobusowych wraz z wiatami przystankowymi i peronami autobusowymi,<br>&#8211; budowa zatok postojowych dla pojazd\u00f3w osobowych,<br>&#8211; budowa zjazd\u00f3w z dr\u00f3g publicznych,<br>&#8211; budowa i przebudowa \u015bcie\u017cek rowerowych,<br>&#8211; budowa i przebudowa chodnik\u00f3w,<br>&#8211; budowa skweru w rejonie skrzy\u017cowania ul. K. Wielkiego i Z. Kuratowskiej,<br>&#8211; budowa systemu odwodnienia utwardzonych element\u00f3w pasa drogowego (jezdnie, zatoki)<br>&#8211; budowa zbiornika retencyjnego otwartego z przelewem i wylotem do rzeki K\u0142odawka,<br>&#8211; likwidacja kolizji z istniej\u0105c\u0105 sieci\u0105 kanalizacji deszczowej w ul. S. Wyszy\u0144skiego wraz z budow\u0105 nowego wylotu do rzeki K\u0142odawka,<br>&#8211; budowa o\u015bwietlenia drogowego,<br>&#8211; budowa kana\u0142u technologicznego,<br>&#8211; rozbi\u00f3rka istniej\u0105cego zagospodarowania pas\u00f3w drogowych: konstrukcji nawierzchni jezdni, zjazd\u00f3w, chodnik\u00f3w o\u015bwietlenia drogowego oraz dzia\u0142ek przejmowanych pod pasy drogowe tym: koliduj\u0105cych obiekt\u00f3w budowlanych budynk\u00f3w jedno i dwukondygnacyjnych, ogrodze\u0144, nawierzchni utwardzonych itp.,<br>&#8211; przebudowa koliduj\u0105cych sieci uzbrojenia terenu,<br>&#8211; usuni\u0119cie koliduj\u0105cych drzew i krzew\u00f3w,<br>&#8211; nasadzenia drzew i krzew\u00f3w,<br>&#8211; tereny zielone \u2013 humusowanie z obsianiem mieszank\u0105 nasion traw,<br>&#8211; elementy bezpiecze\u0144stwa ruchu w tym barier drogowych, balustrad itp.<br>&#8211; sta\u0142a organizacja ruchu \u2013 oznakowanie pionowe i oznakowanie poziome,<br>&#8211; dostawa i monta\u017c element\u00f3w ma\u0142ej architektury w tym: \u0142awek parkowych, koszy na \u015bmieci, stojak\u00f3w rowerowych.<\/p>\n\n\n\n<p>Zadanie w ramach naboru z Rz\u0105dowego Funduszu Polski \u0141ad: Programu Inwestycji Strategicznych \u2013 edycja 2, otrzyma\u0142o wst\u0119pn\u0105 promes\u0119, kwalifikuj\u0105c\u0105 do otrzymania promesy inwestycyjnej zapewniaj\u0105cej o dofinansowaniu w ramach Rz\u0105dowego Funduszu Polski \u0141ad: Programu Inwestycji Strategicznych, na kwot\u0119 dofinansowania do kwoty 35 mln z\u0142otych.<\/p>\n\n\n\n<p>Drugi etap prac obejmie odcinek od Kazimierza Wielkiego do \u017bwirowej, a trzeci od \u017bwirowej do My\u015bliborskiej. Ca\u0142a obwodnica b\u0119dzie mia\u0142a oko\u0142o 4 km d\u0142ugo\u015bci.<\/p>\n\n\n\n<p>Na zg\u0142oszenia firm w przetargu miejscy urz\u0119dnicy czekaj\u0105 do 21 marca.<\/p>\n\n\n\n<p><strong>O P\u00f3\u0142nocnej Obwodnicy Gorzowa pisali\u015bmy tak\u017ce tutaj:<\/strong><br>&#8211; <a href=\"https:\/\/gorzow.news\/index.php\/2022\/10\/18\/polnocna-obwodnica-miejsce-dla-linii-tramwajowej-ma-byc-czas-na-aktualizacje-koncepcji-rozwoju-tramwajow\/\">P\u00f3\u0142nocna obwodnica: Miejsce dla linii tramwajowej ma by\u0107! Czas na aktualizacj\u0119 koncepcji rozwoju tramwaj\u00f3w!<\/a><br>&#8211; <a href=\"https:\/\/gorzow.news\/index.php\/2022\/10\/07\/polnocna-obwodnica-bez-pasa-dla-linii-tramwajowej\/\">P\u00f3\u0142nocna obwodnica bez pasa dla linii tramwajowej\u2026!<\/a><br>&#8211; <a href=\"https:\/\/gorzow.news\/index.php\/2022\/10\/06\/polnocna-obwodnica-gorzowa-wszystkie-informacje-w-jednym-miejscu\/\">P\u00f3\u0142nocna obwodnica Gorzowa: Wszystkie informacje w jednym miejscu!<\/a><br>&#8211; <a href=\"https:\/\/gorzow.news\/index.php\/2022\/09\/23\/polnocna-obwodnica-mozesz-zadac-pytania\/\">P\u00f3\u0142nocna Obwodnica: Mo\u017cesz zada\u0107 pytania!<\/a><\/p>\n\n\n\n<p><strong>Przeczytaj te\u017c:<\/strong><br>&#8211; <a href=\"https:\/\/gorzow.news\/index.php\/2023\/03\/06\/co-z-granitowymi-plytami-z-chodnika-przy-drzymaly-sprawdzilismy-zdjecia\/\">Co z granitowymi p\u0142ytami z chodnika przy Drzyma\u0142y? Sprawdzili\u015bmy! (zdj\u0119cia)<\/a><br>&#8211; <a href=\"https:\/\/gorzow.news\/index.php\/2023\/02\/22\/zerkamy-na-nowy-chodnik-przy-drzymaly-inwestycja-wykonana-w-ramach-programu-tuptus-zdjecia\/\">Zerkamy na nowy chodnik przy Drzyma\u0142y. Inwestycja wykonana w ramach programu Tuptu\u015b (zdj\u0119cia)<\/a><br>&#8211; <a href=\"https:\/\/gorzow.news\/index.php\/2023\/02\/22\/przetarg-na-przebudowe-ul-dworcowej-i-wezel-przesiadkowy-ogloszony-jak-zmieni-sie-ta-czesc-miasta-zdjecia\/\">Przetarg na przebudow\u0119 ul. Dworcowej i w\u0119ze\u0142 przesiadkowy og\u0142oszony! Jak zmieni si\u0119 ta cz\u0119\u015b\u0107 miasta? (zdj\u0119cia)<\/a><br>&#8211; <a href=\"https:\/\/gorzow.news\/index.php\/2023\/02\/21\/trwaja-przygotowania-do-budowy-ronda-na-wysokosci-skrzyzowania-slowianskiej-z-fredry-zdjecia\/\">Trwaj\u0105 przygotowania do budowy ronda na wysoko\u015bci skrzy\u017cowania S\u0142owia\u0144skiej z Fredry (zdj\u0119cia)<\/a><\/p>\n","protected":false},"excerpt":{"rendered":"<p>Sp\u00f3\u0142ka Gorzowskie Inwestycje Miejskie og\u0142osi\u0142a przetarg na budow\u0119 I etapu P\u00f3\u0142nocnej Obwodnicy Gorzowa. Po\u0142\u0105czy ona ze sob\u0105 dwa osiedla \u2013 G\u00f3rczyn i Piaski. Niemal p\u00f3\u0142kilometrowy odcinek drogi o dw\u00f3ch jezdniach, z kt\u00f3rych ka\u017cda b\u0119dzie dwupasmowa, zostanie w\u0142\u0105czony w istniej\u0105ce rondo przy ul. S. Wyszy\u0144skiego i dalej poprowadzony w kierunku zachodnim \u2013 do skrzy\u017cowania z ul. K. Wielkiego, gdzie zaplanowano budow\u0119 nowego ronda.<\/p>\n","protected":false},"author":1,"featured_media":11952,"comment_status":"open","ping_status":"open","sticky":false,"template":"","format":"standard","meta":{"footnotes":"","_links_to":"","_links_to_target":""},"categories":[2011,2016,594,2010,589],"tags":[649,724,625,247,650,1300,219,1000],"class_list":{"0":"post-11951","1":"post","2":"type-post","3":"status-publish","4":"format-standard","5":"has-post-thumbnail","7":"category-chwalecice","8":"category-gorczyn","9":"category-info-ulice","10":"category-piaski","11":"category-wiadomosci","12":"tag-gorczyn","13":"tag-gorzowskie-inwestycje-miejskie","14":"tag-kazimierza-wielkiego","15":"tag-mysliborska","16":"tag-piaski","17":"tag-polnocna-obwodnica","19":"tag-zwirowa"},"yoast_head":"<!-- This site is optimized with the Yoast SEO plugin v27.3 - https:\/\/yoast.com\/product\/yoast-seo-wordpress\/ -->\n<title>P\u00f3\u0142nocna Obwodnica Gorzowa: Jest przetarg na budow\u0119 pierwszego etapu - Gorz\u00f3w News<\/title>\n<meta name=\"robots\" content=\"index, follow, max-snippet:-1, max-image-preview:large, max-video-preview:-1\" \/>\n<link rel=\"canonical\" href=\"https:\/\/gorzow.news\/index.php\/2023\/03\/08\/polnocna-obwodnica-gorzowa-jest-przetarg-na-budowe-pierwszego-etapu\/\" \/>\n<meta property=\"og:locale\" content=\"pl_PL\" \/>\n<meta property=\"og:type\" content=\"article\" \/>\n<meta property=\"og:title\" content=\"P\u00f3\u0142nocna Obwodnica Gorzowa: Jest przetarg na budow\u0119 pierwszego etapu - Gorz\u00f3w News\" \/>\n<meta property=\"og:description\" content=\"Sp\u00f3\u0142ka Gorzowskie Inwestycje Miejskie og\u0142osi\u0142a przetarg na budow\u0119 I etapu P\u00f3\u0142nocnej Obwodnicy Gorzowa. Po\u0142\u0105czy ona ze sob\u0105 dwa osiedla \u2013 G\" \/>\n<meta property=\"og:url\" content=\"https:\/\/gorzow.news\/index.php\/2023\/03\/08\/polnocna-obwodnica-gorzowa-jest-przetarg-na-budowe-pierwszego-etapu\/\" \/>\n<meta property=\"og:site_name\" content=\"Gorz\u00f3w News\" \/>\n<meta property=\"article:publisher\" content=\"https:\/\/www.facebook.com\/gorzowskinews\" \/>\n<meta property=\"article:published_time\" content=\"2023-03-08T07:46:00+00:00\" \/>\n<meta property=\"article:modified_time\" content=\"2023-03-08T08:48:06+00:00\" \/>\n<meta property=\"og:image\" content=\"https:\/\/gorzow.news\/wp-content\/uploads\/2023\/03\/cropped-akt-fotob-3926.jpg\" \/>\n\t<meta property=\"og:image:width\" content=\"1192\" \/>\n\t<meta property=\"og:image:height\" content=\"563\" \/>\n\t<meta property=\"og:image:type\" content=\"image\/jpeg\" \/>\n<meta name=\"author\" content=\"maciej\" \/>\n<meta name=\"twitter:card\" content=\"summary_large_image\" \/>\n<meta name=\"twitter:label1\" content=\"Napisane przez\" \/>\n\t<meta name=\"twitter:data1\" content=\"maciej\" \/>\n\t<meta name=\"twitter:label2\" content=\"Szacowany czas czytania\" \/>\n\t<meta name=\"twitter:data2\" content=\"4 minuty\" \/>\n<script type=\"application\/ld+json\" class=\"yoast-schema-graph\">{\"@context\":\"https:\\\/\\\/schema.org\",\"@graph\":[{\"@type\":\"Article\",\"@id\":\"https:\\\/\\\/gorzow.news\\\/index.php\\\/2023\\\/03\\\/08\\\/polnocna-obwodnica-gorzowa-jest-przetarg-na-budowe-pierwszego-etapu\\\/#article\",\"isPartOf\":{\"@id\":\"https:\\\/\\\/gorzow.news\\\/index.php\\\/2023\\\/03\\\/08\\\/polnocna-obwodnica-gorzowa-jest-przetarg-na-budowe-pierwszego-etapu\\\/\"},\"author\":{\"name\":\"maciej\",\"@id\":\"https:\\\/\\\/gorzow.news\\\/#\\\/schema\\\/person\\\/a1e5ab43166369f2ce236a1cd90995bb\"},\"headline\":\"P\u00f3\u0142nocna Obwodnica Gorzowa: Jest przetarg na budow\u0119 pierwszego etapu\",\"datePublished\":\"2023-03-08T07:46:00+00:00\",\"dateModified\":\"2023-03-08T08:48:06+00:00\",\"mainEntityOfPage\":{\"@id\":\"https:\\\/\\\/gorzow.news\\\/index.php\\\/2023\\\/03\\\/08\\\/polnocna-obwodnica-gorzowa-jest-przetarg-na-budowe-pierwszego-etapu\\\/\"},\"wordCount\":707,\"commentCount\":1,\"image\":{\"@id\":\"https:\\\/\\\/gorzow.news\\\/index.php\\\/2023\\\/03\\\/08\\\/polnocna-obwodnica-gorzowa-jest-przetarg-na-budowe-pierwszego-etapu\\\/#primaryimage\"},\"thumbnailUrl\":\"https:\\\/\\\/gorzow.news\\\/wp-content\\\/uploads\\\/2023\\\/03\\\/cropped-akt-fotob-3926.jpg\",\"keywords\":[\"G\u00f3rczyn\",\"Gorzowskie Inwestycje Miejskie\",\"Kazimierza Wielkiego\",\"My\u015bliborska\",\"Piaski\",\"P\u00f3\u0142nocna Obwodnica\",\"Wyszy\u0144skiego\",\"\u017bwirowa\"],\"articleSection\":[\"Chwal\u0119cice\",\"G\u00f3rczyn\",\"INFOulice\",\"Piaski\",\"Wiadomo\u015bci\"],\"inLanguage\":\"pl-PL\",\"potentialAction\":[{\"@type\":\"CommentAction\",\"name\":\"Comment\",\"target\":[\"https:\\\/\\\/gorzow.news\\\/index.php\\\/2023\\\/03\\\/08\\\/polnocna-obwodnica-gorzowa-jest-przetarg-na-budowe-pierwszego-etapu\\\/#respond\"]}]},{\"@type\":\"WebPage\",\"@id\":\"https:\\\/\\\/gorzow.news\\\/index.php\\\/2023\\\/03\\\/08\\\/polnocna-obwodnica-gorzowa-jest-przetarg-na-budowe-pierwszego-etapu\\\/\",\"url\":\"https:\\\/\\\/gorzow.news\\\/index.php\\\/2023\\\/03\\\/08\\\/polnocna-obwodnica-gorzowa-jest-przetarg-na-budowe-pierwszego-etapu\\\/\",\"name\":\"P\u00f3\u0142nocna Obwodnica Gorzowa: Jest przetarg na budow\u0119 pierwszego etapu - Gorz\u00f3w News\",\"isPartOf\":{\"@id\":\"https:\\\/\\\/gorzow.news\\\/#website\"},\"primaryImageOfPage\":{\"@id\":\"https:\\\/\\\/gorzow.news\\\/index.php\\\/2023\\\/03\\\/08\\\/polnocna-obwodnica-gorzowa-jest-przetarg-na-budowe-pierwszego-etapu\\\/#primaryimage\"},\"image\":{\"@id\":\"https:\\\/\\\/gorzow.news\\\/index.php\\\/2023\\\/03\\\/08\\\/polnocna-obwodnica-gorzowa-jest-przetarg-na-budowe-pierwszego-etapu\\\/#primaryimage\"},\"thumbnailUrl\":\"https:\\\/\\\/gorzow.news\\\/wp-content\\\/uploads\\\/2023\\\/03\\\/cropped-akt-fotob-3926.jpg\",\"datePublished\":\"2023-03-08T07:46:00+00:00\",\"dateModified\":\"2023-03-08T08:48:06+00:00\",\"author\":{\"@id\":\"https:\\\/\\\/gorzow.news\\\/#\\\/schema\\\/person\\\/a1e5ab43166369f2ce236a1cd90995bb\"},\"breadcrumb\":{\"@id\":\"https:\\\/\\\/gorzow.news\\\/index.php\\\/2023\\\/03\\\/08\\\/polnocna-obwodnica-gorzowa-jest-przetarg-na-budowe-pierwszego-etapu\\\/#breadcrumb\"},\"inLanguage\":\"pl-PL\",\"potentialAction\":[{\"@type\":\"ReadAction\",\"target\":[\"https:\\\/\\\/gorzow.news\\\/index.php\\\/2023\\\/03\\\/08\\\/polnocna-obwodnica-gorzowa-jest-przetarg-na-budowe-pierwszego-etapu\\\/\"]}]},{\"@type\":\"ImageObject\",\"inLanguage\":\"pl-PL\",\"@id\":\"https:\\\/\\\/gorzow.news\\\/index.php\\\/2023\\\/03\\\/08\\\/polnocna-obwodnica-gorzowa-jest-przetarg-na-budowe-pierwszego-etapu\\\/#primaryimage\",\"url\":\"https:\\\/\\\/gorzow.news\\\/wp-content\\\/uploads\\\/2023\\\/03\\\/cropped-akt-fotob-3926.jpg\",\"contentUrl\":\"https:\\\/\\\/gorzow.news\\\/wp-content\\\/uploads\\\/2023\\\/03\\\/cropped-akt-fotob-3926.jpg\",\"width\":1192,\"height\":563,\"caption\":\"P\u00f3\u0142nocna Obwodnica Gorzowa rozpocznie si\u0119 na wysoko\u015bci ronda przy ul. Wyszy\u0144skiego i po\u0142\u0105czy osiedla G\u00f3rczyn i Piaski.\"},{\"@type\":\"BreadcrumbList\",\"@id\":\"https:\\\/\\\/gorzow.news\\\/index.php\\\/2023\\\/03\\\/08\\\/polnocna-obwodnica-gorzowa-jest-przetarg-na-budowe-pierwszego-etapu\\\/#breadcrumb\",\"itemListElement\":[{\"@type\":\"ListItem\",\"position\":1,\"name\":\"Home\",\"item\":\"https:\\\/\\\/gorzow.news\\\/\"},{\"@type\":\"ListItem\",\"position\":2,\"name\":\"P\u00f3\u0142nocna Obwodnica Gorzowa: Jest przetarg na budow\u0119 pierwszego etapu\"}]},{\"@type\":\"WebSite\",\"@id\":\"https:\\\/\\\/gorzow.news\\\/#website\",\"url\":\"https:\\\/\\\/gorzow.news\\\/\",\"name\":\"Gorz\u00f3w News\",\"description\":\"Sp\u00f3jrz inaczej na miato i region...\",\"potentialAction\":[{\"@type\":\"SearchAction\",\"target\":{\"@type\":\"EntryPoint\",\"urlTemplate\":\"https:\\\/\\\/gorzow.news\\\/?s={search_term_string}\"},\"query-input\":{\"@type\":\"PropertyValueSpecification\",\"valueRequired\":true,\"valueName\":\"search_term_string\"}}],\"inLanguage\":\"pl-PL\"},{\"@type\":\"Person\",\"@id\":\"https:\\\/\\\/gorzow.news\\\/#\\\/schema\\\/person\\\/a1e5ab43166369f2ce236a1cd90995bb\",\"name\":\"maciej\",\"image\":{\"@type\":\"ImageObject\",\"inLanguage\":\"pl-PL\",\"@id\":\"https:\\\/\\\/secure.gravatar.com\\\/avatar\\\/530a674d56ba60cfa0ef21d74e8e8d123a51bb7aa6580465b5c2ab2c2e980a19?s=96&r=g&d=https:\\\/\\\/gorzow.news\\\/wp-content\\\/plugins\\\/userswp\\\/assets\\\/images\\\/no_profile.png\",\"url\":\"https:\\\/\\\/secure.gravatar.com\\\/avatar\\\/530a674d56ba60cfa0ef21d74e8e8d123a51bb7aa6580465b5c2ab2c2e980a19?s=96&r=g&d=https:\\\/\\\/gorzow.news\\\/wp-content\\\/plugins\\\/userswp\\\/assets\\\/images\\\/no_profile.png\",\"contentUrl\":\"https:\\\/\\\/secure.gravatar.com\\\/avatar\\\/530a674d56ba60cfa0ef21d74e8e8d123a51bb7aa6580465b5c2ab2c2e980a19?s=96&r=g&d=https:\\\/\\\/gorzow.news\\\/wp-content\\\/plugins\\\/userswp\\\/assets\\\/images\\\/no_profile.png\",\"caption\":\"maciej\"},\"url\":\"https:\\\/\\\/gorzow.news\\\/index.php\\\/profile\\\/maciej\\\/\"}]}<\/script>\n<!-- \/ Yoast SEO plugin. -->","yoast_head_json":{"title":"P\u00f3\u0142nocna Obwodnica Gorzowa: Jest przetarg na budow\u0119 pierwszego etapu - Gorz\u00f3w News","robots":{"index":"index","follow":"follow","max-snippet":"max-snippet:-1","max-image-preview":"max-image-preview:large","max-video-preview":"max-video-preview:-1"},"canonical":"https:\/\/gorzow.news\/index.php\/2023\/03\/08\/polnocna-obwodnica-gorzowa-jest-przetarg-na-budowe-pierwszego-etapu\/","og_locale":"pl_PL","og_type":"article","og_title":"P\u00f3\u0142nocna Obwodnica Gorzowa: Jest przetarg na budow\u0119 pierwszego etapu - Gorz\u00f3w News","og_description":"Sp\u00f3\u0142ka Gorzowskie Inwestycje Miejskie og\u0142osi\u0142a przetarg na budow\u0119 I etapu P\u00f3\u0142nocnej Obwodnicy Gorzowa. Po\u0142\u0105czy ona ze sob\u0105 dwa osiedla \u2013 G","og_url":"https:\/\/gorzow.news\/index.php\/2023\/03\/08\/polnocna-obwodnica-gorzowa-jest-przetarg-na-budowe-pierwszego-etapu\/","og_site_name":"Gorz\u00f3w News","article_publisher":"https:\/\/www.facebook.com\/gorzowskinews","article_published_time":"2023-03-08T07:46:00+00:00","article_modified_time":"2023-03-08T08:48:06+00:00","og_image":[{"width":1192,"height":563,"url":"https:\/\/gorzow.news\/wp-content\/uploads\/2023\/03\/cropped-akt-fotob-3926.jpg","type":"image\/jpeg"}],"author":"maciej","twitter_card":"summary_large_image","twitter_misc":{"Napisane przez":"maciej","Szacowany czas czytania":"4 minuty"},"schema":{"@context":"https:\/\/schema.org","@graph":[{"@type":"Article","@id":"https:\/\/gorzow.news\/index.php\/2023\/03\/08\/polnocna-obwodnica-gorzowa-jest-przetarg-na-budowe-pierwszego-etapu\/#article","isPartOf":{"@id":"https:\/\/gorzow.news\/index.php\/2023\/03\/08\/polnocna-obwodnica-gorzowa-jest-przetarg-na-budowe-pierwszego-etapu\/"},"author":{"name":"maciej","@id":"https:\/\/gorzow.news\/#\/schema\/person\/a1e5ab43166369f2ce236a1cd90995bb"},"headline":"P\u00f3\u0142nocna Obwodnica Gorzowa: Jest przetarg na budow\u0119 pierwszego etapu","datePublished":"2023-03-08T07:46:00+00:00","dateModified":"2023-03-08T08:48:06+00:00","mainEntityOfPage":{"@id":"https:\/\/gorzow.news\/index.php\/2023\/03\/08\/polnocna-obwodnica-gorzowa-jest-przetarg-na-budowe-pierwszego-etapu\/"},"wordCount":707,"commentCount":1,"image":{"@id":"https:\/\/gorzow.news\/index.php\/2023\/03\/08\/polnocna-obwodnica-gorzowa-jest-przetarg-na-budowe-pierwszego-etapu\/#primaryimage"},"thumbnailUrl":"https:\/\/gorzow.news\/wp-content\/uploads\/2023\/03\/cropped-akt-fotob-3926.jpg","keywords":["G\u00f3rczyn","Gorzowskie Inwestycje Miejskie","Kazimierza Wielkiego","My\u015bliborska","Piaski","P\u00f3\u0142nocna Obwodnica","Wyszy\u0144skiego","\u017bwirowa"],"articleSection":["Chwal\u0119cice","G\u00f3rczyn","INFOulice","Piaski","Wiadomo\u015bci"],"inLanguage":"pl-PL","potentialAction":[{"@type":"CommentAction","name":"Comment","target":["https:\/\/gorzow.news\/index.php\/2023\/03\/08\/polnocna-obwodnica-gorzowa-jest-przetarg-na-budowe-pierwszego-etapu\/#respond"]}]},{"@type":"WebPage","@id":"https:\/\/gorzow.news\/index.php\/2023\/03\/08\/polnocna-obwodnica-gorzowa-jest-przetarg-na-budowe-pierwszego-etapu\/","url":"https:\/\/gorzow.news\/index.php\/2023\/03\/08\/polnocna-obwodnica-gorzowa-jest-przetarg-na-budowe-pierwszego-etapu\/","name":"P\u00f3\u0142nocna Obwodnica Gorzowa: Jest przetarg na budow\u0119 pierwszego etapu - Gorz\u00f3w News","isPartOf":{"@id":"https:\/\/gorzow.news\/#website"},"primaryImageOfPage":{"@id":"https:\/\/gorzow.news\/index.php\/2023\/03\/08\/polnocna-obwodnica-gorzowa-jest-przetarg-na-budowe-pierwszego-etapu\/#primaryimage"},"image":{"@id":"https:\/\/gorzow.news\/index.php\/2023\/03\/08\/polnocna-obwodnica-gorzowa-jest-przetarg-na-budowe-pierwszego-etapu\/#primaryimage"},"thumbnailUrl":"https:\/\/gorzow.news\/wp-content\/uploads\/2023\/03\/cropped-akt-fotob-3926.jpg","datePublished":"2023-03-08T07:46:00+00:00","dateModified":"2023-03-08T08:48:06+00:00","author":{"@id":"https:\/\/gorzow.news\/#\/schema\/person\/a1e5ab43166369f2ce236a1cd90995bb"},"breadcrumb":{"@id":"https:\/\/gorzow.news\/index.php\/2023\/03\/08\/polnocna-obwodnica-gorzowa-jest-przetarg-na-budowe-pierwszego-etapu\/#breadcrumb"},"inLanguage":"pl-PL","potentialAction":[{"@type":"ReadAction","target":["https:\/\/gorzow.news\/index.php\/2023\/03\/08\/polnocna-obwodnica-gorzowa-jest-przetarg-na-budowe-pierwszego-etapu\/"]}]},{"@type":"ImageObject","inLanguage":"pl-PL","@id":"https:\/\/gorzow.news\/index.php\/2023\/03\/08\/polnocna-obwodnica-gorzowa-jest-przetarg-na-budowe-pierwszego-etapu\/#primaryimage","url":"https:\/\/gorzow.news\/wp-content\/uploads\/2023\/03\/cropped-akt-fotob-3926.jpg","contentUrl":"https:\/\/gorzow.news\/wp-content\/uploads\/2023\/03\/cropped-akt-fotob-3926.jpg","width":1192,"height":563,"caption":"P\u00f3\u0142nocna Obwodnica Gorzowa rozpocznie si\u0119 na wysoko\u015bci ronda przy ul. Wyszy\u0144skiego i po\u0142\u0105czy osiedla G\u00f3rczyn i Piaski."},{"@type":"BreadcrumbList","@id":"https:\/\/gorzow.news\/index.php\/2023\/03\/08\/polnocna-obwodnica-gorzowa-jest-przetarg-na-budowe-pierwszego-etapu\/#breadcrumb","itemListElement":[{"@type":"ListItem","position":1,"name":"Home","item":"https:\/\/gorzow.news\/"},{"@type":"ListItem","position":2,"name":"P\u00f3\u0142nocna Obwodnica Gorzowa: Jest przetarg na budow\u0119 pierwszego etapu"}]},{"@type":"WebSite","@id":"https:\/\/gorzow.news\/#website","url":"https:\/\/gorzow.news\/","name":"Gorz\u00f3w News","description":"Sp\u00f3jrz inaczej na miato i region...","potentialAction":[{"@type":"SearchAction","target":{"@type":"EntryPoint","urlTemplate":"https:\/\/gorzow.news\/?s={search_term_string}"},"query-input":{"@type":"PropertyValueSpecification","valueRequired":true,"valueName":"search_term_string"}}],"inLanguage":"pl-PL"},{"@type":"Person","@id":"https:\/\/gorzow.news\/#\/schema\/person\/a1e5ab43166369f2ce236a1cd90995bb","name":"maciej","image":{"@type":"ImageObject","inLanguage":"pl-PL","@id":"https:\/\/secure.gravatar.com\/avatar\/530a674d56ba60cfa0ef21d74e8e8d123a51bb7aa6580465b5c2ab2c2e980a19?s=96&r=g&d=https:\/\/gorzow.news\/wp-content\/plugins\/userswp\/assets\/images\/no_profile.png","url":"https:\/\/secure.gravatar.com\/avatar\/530a674d56ba60cfa0ef21d74e8e8d123a51bb7aa6580465b5c2ab2c2e980a19?s=96&r=g&d=https:\/\/gorzow.news\/wp-content\/plugins\/userswp\/assets\/images\/no_profile.png","contentUrl":"https:\/\/secure.gravatar.com\/avatar\/530a674d56ba60cfa0ef21d74e8e8d123a51bb7aa6580465b5c2ab2c2e980a19?s=96&r=g&d=https:\/\/gorzow.news\/wp-content\/plugins\/userswp\/assets\/images\/no_profile.png","caption":"maciej"},"url":"https:\/\/gorzow.news\/index.php\/profile\/maciej\/"}]}},"_links":{"self":[{"href":"https:\/\/gorzow.news\/index.php\/wp-json\/wp\/v2\/posts\/11951","targetHints":{"allow":["GET"]}}],"collection":[{"href":"https:\/\/gorzow.news\/index.php\/wp-json\/wp\/v2\/posts"}],"about":[{"href":"https:\/\/gorzow.news\/index.php\/wp-json\/wp\/v2\/types\/post"}],"author":[{"embeddable":true,"href":"https:\/\/gorzow.news\/index.php\/wp-json\/wp\/v2\/users\/1"}],"replies":[{"embeddable":true,"href":"https:\/\/gorzow.news\/index.php\/wp-json\/wp\/v2\/comments?post=11951"}],"version-history":[{"count":0,"href":"https:\/\/gorzow.news\/index.php\/wp-json\/wp\/v2\/posts\/11951\/revisions"}],"wp:featuredmedia":[{"embeddable":true,"href":"https:\/\/gorzow.news\/index.php\/wp-json\/wp\/v2\/media\/11952"}],"wp:attachment":[{"href":"https:\/\/gorzow.news\/index.php\/wp-json\/wp\/v2\/media?parent=11951"}],"wp:term":[{"taxonomy":"category","embeddable":true,"href":"https:\/\/gorzow.news\/index.php\/wp-json\/wp\/v2\/categories?post=11951"},{"taxonomy":"post_tag","embeddable":true,"href":"https:\/\/gorzow.news\/index.php\/wp-json\/wp\/v2\/tags?post=11951"}],"curies":[{"name":"wp","href":"https:\/\/api.w.org\/{rel}","templated":true}]}}