{"id":11738,"date":"2023-02-19T22:58:20","date_gmt":"2023-02-19T21:58:20","guid":{"rendered":"https:\/\/gorzow.news\/?p=11738"},"modified":"2023-02-19T22:58:57","modified_gmt":"2023-02-19T21:58:57","slug":"koncert-muniek-i-przyjaciele-w-teatrze-osterwy","status":"publish","type":"post","link":"https:\/\/gorzow.news\/index.php\/2023\/02\/19\/koncert-muniek-i-przyjaciele-w-teatrze-osterwy\/","title":{"rendered":"Koncert: Muniek i Przyjaciele w Teatrze Osterwy"},"content":{"rendered":"\n<p><strong>Muniek i Przyjaciele to akustyczna ods\u0142ona koncert\u00f3w w wykonaniu Zygmunta \u201eMu\u0144ka\u201d Staszczyka, lidera formacji T. Love. W koncertach towarzysz\u0105 Mu\u0144kowi: Cezariusz Kosman \u2013 gitara akustyczna oraz Janek \u201cJahlove\u201d P\u0119czak \u2013 gitara akustyczna.<\/strong><\/p>\n\n\n\n<p>Muniek i Przyjaciele wyruszyli w tras\u0119 jesieni\u0105 roku 2018. Pocz\u0105tkowo, projekt ten mia\u0142 by\u0107 tylko chwilow\u0105 odskoczni\u0105 od g\u0142o\u015bnego, rockowego grania. Muniek chcia\u0142 pogra\u0107 z mniejszym aparatem wykonawczym, w nieco mniejszych, kameralnych salach. Ogromny sukces tego pocz\u0105tkowo skromnego przedsi\u0119wzi\u0119cia spowodowa\u0142 jednak, \u017ce 5 marca 2021 roku odby\u0142a si\u0119 premiera p\u0142yty live. Jest to album dokumentuj\u0105cy ponad 60 koncert\u00f3w, podczas kt\u00f3rych zesp\u00f3\u0142 objecha\u0142 ca\u0142\u0105 Polsk\u0119, wyst\u0119puj\u0105c zar\u00f3wno w ma\u0142ych klubowych salach, w teatrach, na Stadionie Narodowym oraz na scenach krajowych letnich festiwali.<\/p>\n\n\n\n<p>Program koncert\u00f3w jest wypadkow\u0105 r\u00f3\u017cnych projekt\u00f3w artystycznych Mu\u0144ka, zar\u00f3wno z repertuaru zespo\u0142u T.Love, jak i dzia\u0142a\u0144 solowych wokalisty, zawiera te\u017c przeboje z najnowszej solowej p\u0142yty Artysty \u201eSyn miasta\u201d.<\/p>\n\n\n\n<p>Zygmunt Staszczyk, wsp\u00f3\u0142za\u0142o\u017cyciel i lider formacji T.Love, urodzi\u0142 si\u0119 w 1963 roku w Cz\u0119stochowie. Tam uko\u0144czy\u0142 IV LO. Kilka lat p\u00f3\u017aniej zosta\u0142 absolwentem polonistyki Uniwersytetu Warszawskiego. Pocz\u0105tkowo dzia\u0142a\u0142 w zespole Atak, przekszta\u0142conym w Opozycj\u0119.<\/p>\n\n\n\n<p>W 1982 roku wraz z Januszem Knorowskim, Dariuszem Zaj\u0105cem i Jackiem Wudeckim za\u0142o\u017cy\u0142 zesp\u00f3l T.Love. Do 1987 roku grupa funkcjonowa\u0142a pod nazw\u0105 Teenage Love Alternative. Najwi\u0119ksze przeboje z tego okresu to \u201eGara\u017c\u201d (1984), \u201eIV LO\u201d (1985) i \u201eAutobusy i tramwaje\u201d (1988).<\/p>\n\n\n\n<p>W 1989 roku Staszczyk wyjecha\u0142 do Anglii, a zesp\u00f3\u0142 zawiesi\u0142 dzia\u0142alno\u015b\u0107. Do Polski wr\u00f3ci\u0142 w 1991 roku, reaktywowa\u0142 zesp\u00f3\u0142, w kt\u00f3rym ze starego sk\u0142adu pozosta\u0142 tylko on sam. Kolejne albumy z nowymi muzykami przynosz\u0105 zespo\u0142owi ogromn\u0105 popularno\u015b\u0107: \u201ePocisk Mi\u0142o\u015bci\u201d (1991) z utworem Warszawa, \u201eDzieci rewolucji\u201d (1992) \u2013 z utworem King, I Love you (1994) \u201ePrymityw\u201d (1994), \u201eCh\u0142opaki nie p\u0142acz\u0105\u201d (1997), \u201eAntyidol\u201d (1999), \u201eModel 01\u201d (2001) z utworami Nie, nie, nie, Ajrisz, \u201eOld is Gold\u201d z piosenk\u0105 Lucy Phere. Ostatni jak dot\u0105d studyjny album T.Love pt. \u201eT.Love\u201d ukaza\u0142 si\u0119 w 2016 roku. Po zagraniu ogromnej po\u017cegnalnej trasy koncertowej, z ko\u0144cem 2017 roku zesp\u00f3\u0142 T.Love na kilka lat zawiesi\u0142 dzia\u0142alno\u015b\u0107. W pa\u017adzierniku 2019 roku zosta\u0142 wydany solowy album Mu\u0144ka Staszczyka \u201eSyn miasta\u201d ze znakomicie przyj\u0119t\u0105 piosenk\u0105 pt. \u201ePola\u201d. Tego samego roku pojawi\u0142a si\u0119 znakomita biografia Mu\u0144ka pt. \u201eKing\u201d, autorstwa Rafa\u0142a Ksi\u0119\u017cyka.<\/p>\n\n\n\n<p>Teatr im. Juliusza Osterwy<br>ul. Teatralna 9<br>25 lutego 2023, godz. 20:00<br>Bilety: 100 z\u0142 do nabycia w kasie MCK<\/p>\n","protected":false},"excerpt":{"rendered":"<p>Muniek i Przyjaciele to akustyczna ods\u0142ona koncert\u00f3w w wykonaniu Zygmunta \u201eMu\u0144ka\u201d Staszczyka, lidera formacji T. Love. W koncertach towarzysz\u0105 Mu\u0144kowi: Cezariusz Kosman \u2013 gitara akustyczna oraz Janek \u201cJahlove\u201d P\u0119czak \u2013 gitara akustyczna.<\/p>\n","protected":false},"author":1,"featured_media":11739,"comment_status":"open","ping_status":"open","sticky":false,"template":"","format":"standard","meta":{"footnotes":"","_links_to":"","_links_to_target":""},"categories":[595],"tags":[245,2061,2062,227,687],"class_list":{"0":"post-11738","1":"post","2":"type-post","3":"status-publish","4":"format-standard","5":"has-post-thumbnail","7":"category-rozrywka","8":"tag-mck","9":"tag-muniek","10":"tag-t-love","11":"tag-teatralna","12":"tag-teatru-im-j-osterwy"},"yoast_head":"<!-- This site is optimized with the Yoast SEO plugin v27.3 - https:\/\/yoast.com\/product\/yoast-seo-wordpress\/ -->\n<title>Koncert: Muniek i Przyjaciele w Teatrze Osterwy - Gorz\u00f3w News<\/title>\n<meta name=\"description\" content=\"Muniek i Przyjaciele to akustyczna ods\u0142ona koncert\u00f3w w wykonaniu Zygmunta \u201eMu\u0144ka\u201d Staszczyka, lidera formacji T. Love. W koncertach towarzysz\u0105\" \/>\n<meta name=\"robots\" content=\"index, follow, max-snippet:-1, max-image-preview:large, max-video-preview:-1\" \/>\n<link rel=\"canonical\" href=\"https:\/\/gorzow.news\/index.php\/2023\/02\/19\/koncert-muniek-i-przyjaciele-w-teatrze-osterwy\/\" \/>\n<meta property=\"og:locale\" content=\"pl_PL\" \/>\n<meta property=\"og:type\" content=\"article\" \/>\n<meta property=\"og:title\" content=\"Koncert: Muniek i Przyjaciele w Teatrze Osterwy - Gorz\u00f3w News\" \/>\n<meta property=\"og:description\" content=\"Muniek i Przyjaciele to akustyczna ods\u0142ona koncert\u00f3w w wykonaniu Zygmunta \u201eMu\u0144ka\u201d Staszczyka, lidera formacji T. Love. W koncertach towarzysz\u0105\" \/>\n<meta property=\"og:url\" content=\"https:\/\/gorzow.news\/index.php\/2023\/02\/19\/koncert-muniek-i-przyjaciele-w-teatrze-osterwy\/\" \/>\n<meta property=\"og:site_name\" content=\"Gorz\u00f3w News\" \/>\n<meta property=\"article:publisher\" content=\"https:\/\/www.facebook.com\/gorzowskinews\" \/>\n<meta property=\"article:published_time\" content=\"2023-02-19T21:58:20+00:00\" \/>\n<meta property=\"article:modified_time\" content=\"2023-02-19T21:58:57+00:00\" \/>\n<meta property=\"og:image\" content=\"https:\/\/gorzow.news\/wp-content\/uploads\/2023\/02\/2023.02.25_muniek_post.jpg\" \/>\n\t<meta property=\"og:image:width\" content=\"1080\" \/>\n\t<meta property=\"og:image:height\" content=\"513\" \/>\n\t<meta property=\"og:image:type\" content=\"image\/jpeg\" \/>\n<meta name=\"author\" content=\"maciej\" \/>\n<meta name=\"twitter:card\" content=\"summary_large_image\" \/>\n<meta name=\"twitter:label1\" content=\"Napisane przez\" \/>\n\t<meta name=\"twitter:data1\" content=\"maciej\" \/>\n\t<meta name=\"twitter:label2\" content=\"Szacowany czas czytania\" \/>\n\t<meta name=\"twitter:data2\" content=\"3 minuty\" \/>\n<script type=\"application\/ld+json\" class=\"yoast-schema-graph\">{\"@context\":\"https:\\\/\\\/schema.org\",\"@graph\":[{\"@type\":\"Article\",\"@id\":\"https:\\\/\\\/gorzow.news\\\/index.php\\\/2023\\\/02\\\/19\\\/koncert-muniek-i-przyjaciele-w-teatrze-osterwy\\\/#article\",\"isPartOf\":{\"@id\":\"https:\\\/\\\/gorzow.news\\\/index.php\\\/2023\\\/02\\\/19\\\/koncert-muniek-i-przyjaciele-w-teatrze-osterwy\\\/\"},\"author\":{\"name\":\"maciej\",\"@id\":\"https:\\\/\\\/gorzow.news\\\/#\\\/schema\\\/person\\\/a1e5ab43166369f2ce236a1cd90995bb\"},\"headline\":\"Koncert: Muniek i Przyjaciele w Teatrze Osterwy\",\"datePublished\":\"2023-02-19T21:58:20+00:00\",\"dateModified\":\"2023-02-19T21:58:57+00:00\",\"mainEntityOfPage\":{\"@id\":\"https:\\\/\\\/gorzow.news\\\/index.php\\\/2023\\\/02\\\/19\\\/koncert-muniek-i-przyjaciele-w-teatrze-osterwy\\\/\"},\"wordCount\":419,\"commentCount\":0,\"image\":{\"@id\":\"https:\\\/\\\/gorzow.news\\\/index.php\\\/2023\\\/02\\\/19\\\/koncert-muniek-i-przyjaciele-w-teatrze-osterwy\\\/#primaryimage\"},\"thumbnailUrl\":\"https:\\\/\\\/gorzow.news\\\/wp-content\\\/uploads\\\/2023\\\/02\\\/2023.02.25_muniek_post.jpg\",\"keywords\":[\"MCK\",\"Muniek\",\"T.Love\",\"Teatralna\",\"Teatru im. J. Osterwy\"],\"articleSection\":[\"Rozrywka\"],\"inLanguage\":\"pl-PL\",\"potentialAction\":[{\"@type\":\"CommentAction\",\"name\":\"Comment\",\"target\":[\"https:\\\/\\\/gorzow.news\\\/index.php\\\/2023\\\/02\\\/19\\\/koncert-muniek-i-przyjaciele-w-teatrze-osterwy\\\/#respond\"]}]},{\"@type\":\"WebPage\",\"@id\":\"https:\\\/\\\/gorzow.news\\\/index.php\\\/2023\\\/02\\\/19\\\/koncert-muniek-i-przyjaciele-w-teatrze-osterwy\\\/\",\"url\":\"https:\\\/\\\/gorzow.news\\\/index.php\\\/2023\\\/02\\\/19\\\/koncert-muniek-i-przyjaciele-w-teatrze-osterwy\\\/\",\"name\":\"Koncert: Muniek i Przyjaciele w Teatrze Osterwy - Gorz\u00f3w News\",\"isPartOf\":{\"@id\":\"https:\\\/\\\/gorzow.news\\\/#website\"},\"primaryImageOfPage\":{\"@id\":\"https:\\\/\\\/gorzow.news\\\/index.php\\\/2023\\\/02\\\/19\\\/koncert-muniek-i-przyjaciele-w-teatrze-osterwy\\\/#primaryimage\"},\"image\":{\"@id\":\"https:\\\/\\\/gorzow.news\\\/index.php\\\/2023\\\/02\\\/19\\\/koncert-muniek-i-przyjaciele-w-teatrze-osterwy\\\/#primaryimage\"},\"thumbnailUrl\":\"https:\\\/\\\/gorzow.news\\\/wp-content\\\/uploads\\\/2023\\\/02\\\/2023.02.25_muniek_post.jpg\",\"datePublished\":\"2023-02-19T21:58:20+00:00\",\"dateModified\":\"2023-02-19T21:58:57+00:00\",\"author\":{\"@id\":\"https:\\\/\\\/gorzow.news\\\/#\\\/schema\\\/person\\\/a1e5ab43166369f2ce236a1cd90995bb\"},\"description\":\"Muniek i Przyjaciele to akustyczna ods\u0142ona koncert\u00f3w w wykonaniu Zygmunta \u201eMu\u0144ka\u201d Staszczyka, lidera formacji T. Love. W koncertach towarzysz\u0105 Mu\u0144kowi: Cezariusz Kosman \u2013 gitara akustyczna oraz Janek \u201cJahlove\u201d P\u0119czak \u2013 gitara akustyczna.\",\"breadcrumb\":{\"@id\":\"https:\\\/\\\/gorzow.news\\\/index.php\\\/2023\\\/02\\\/19\\\/koncert-muniek-i-przyjaciele-w-teatrze-osterwy\\\/#breadcrumb\"},\"inLanguage\":\"pl-PL\",\"potentialAction\":[{\"@type\":\"ReadAction\",\"target\":[\"https:\\\/\\\/gorzow.news\\\/index.php\\\/2023\\\/02\\\/19\\\/koncert-muniek-i-przyjaciele-w-teatrze-osterwy\\\/\"]}]},{\"@type\":\"ImageObject\",\"inLanguage\":\"pl-PL\",\"@id\":\"https:\\\/\\\/gorzow.news\\\/index.php\\\/2023\\\/02\\\/19\\\/koncert-muniek-i-przyjaciele-w-teatrze-osterwy\\\/#primaryimage\",\"url\":\"https:\\\/\\\/gorzow.news\\\/wp-content\\\/uploads\\\/2023\\\/02\\\/2023.02.25_muniek_post.jpg\",\"contentUrl\":\"https:\\\/\\\/gorzow.news\\\/wp-content\\\/uploads\\\/2023\\\/02\\\/2023.02.25_muniek_post.jpg\",\"width\":1080,\"height\":513},{\"@type\":\"BreadcrumbList\",\"@id\":\"https:\\\/\\\/gorzow.news\\\/index.php\\\/2023\\\/02\\\/19\\\/koncert-muniek-i-przyjaciele-w-teatrze-osterwy\\\/#breadcrumb\",\"itemListElement\":[{\"@type\":\"ListItem\",\"position\":1,\"name\":\"Home\",\"item\":\"https:\\\/\\\/gorzow.news\\\/\"},{\"@type\":\"ListItem\",\"position\":2,\"name\":\"Koncert: Muniek i Przyjaciele w Teatrze Osterwy\"}]},{\"@type\":\"WebSite\",\"@id\":\"https:\\\/\\\/gorzow.news\\\/#website\",\"url\":\"https:\\\/\\\/gorzow.news\\\/\",\"name\":\"Gorz\u00f3w News\",\"description\":\"Sp\u00f3jrz inaczej na miato i region...\",\"potentialAction\":[{\"@type\":\"SearchAction\",\"target\":{\"@type\":\"EntryPoint\",\"urlTemplate\":\"https:\\\/\\\/gorzow.news\\\/?s={search_term_string}\"},\"query-input\":{\"@type\":\"PropertyValueSpecification\",\"valueRequired\":true,\"valueName\":\"search_term_string\"}}],\"inLanguage\":\"pl-PL\"},{\"@type\":\"Person\",\"@id\":\"https:\\\/\\\/gorzow.news\\\/#\\\/schema\\\/person\\\/a1e5ab43166369f2ce236a1cd90995bb\",\"name\":\"maciej\",\"image\":{\"@type\":\"ImageObject\",\"inLanguage\":\"pl-PL\",\"@id\":\"https:\\\/\\\/secure.gravatar.com\\\/avatar\\\/530a674d56ba60cfa0ef21d74e8e8d123a51bb7aa6580465b5c2ab2c2e980a19?s=96&r=g&d=https:\\\/\\\/gorzow.news\\\/wp-content\\\/plugins\\\/userswp\\\/assets\\\/images\\\/no_profile.png\",\"url\":\"https:\\\/\\\/secure.gravatar.com\\\/avatar\\\/530a674d56ba60cfa0ef21d74e8e8d123a51bb7aa6580465b5c2ab2c2e980a19?s=96&r=g&d=https:\\\/\\\/gorzow.news\\\/wp-content\\\/plugins\\\/userswp\\\/assets\\\/images\\\/no_profile.png\",\"contentUrl\":\"https:\\\/\\\/secure.gravatar.com\\\/avatar\\\/530a674d56ba60cfa0ef21d74e8e8d123a51bb7aa6580465b5c2ab2c2e980a19?s=96&r=g&d=https:\\\/\\\/gorzow.news\\\/wp-content\\\/plugins\\\/userswp\\\/assets\\\/images\\\/no_profile.png\",\"caption\":\"maciej\"},\"url\":\"https:\\\/\\\/gorzow.news\\\/index.php\\\/profile\\\/maciej\\\/\"}]}<\/script>\n<!-- \/ Yoast SEO plugin. -->","yoast_head_json":{"title":"Koncert: Muniek i Przyjaciele w Teatrze Osterwy - Gorz\u00f3w News","description":"Muniek i Przyjaciele to akustyczna ods\u0142ona koncert\u00f3w w wykonaniu Zygmunta \u201eMu\u0144ka\u201d Staszczyka, lidera formacji T. Love. W koncertach towarzysz\u0105","robots":{"index":"index","follow":"follow","max-snippet":"max-snippet:-1","max-image-preview":"max-image-preview:large","max-video-preview":"max-video-preview:-1"},"canonical":"https:\/\/gorzow.news\/index.php\/2023\/02\/19\/koncert-muniek-i-przyjaciele-w-teatrze-osterwy\/","og_locale":"pl_PL","og_type":"article","og_title":"Koncert: Muniek i Przyjaciele w Teatrze Osterwy - Gorz\u00f3w News","og_description":"Muniek i Przyjaciele to akustyczna ods\u0142ona koncert\u00f3w w wykonaniu Zygmunta \u201eMu\u0144ka\u201d Staszczyka, lidera formacji T. Love. W koncertach towarzysz\u0105","og_url":"https:\/\/gorzow.news\/index.php\/2023\/02\/19\/koncert-muniek-i-przyjaciele-w-teatrze-osterwy\/","og_site_name":"Gorz\u00f3w News","article_publisher":"https:\/\/www.facebook.com\/gorzowskinews","article_published_time":"2023-02-19T21:58:20+00:00","article_modified_time":"2023-02-19T21:58:57+00:00","og_image":[{"width":1080,"height":513,"url":"https:\/\/gorzow.news\/wp-content\/uploads\/2023\/02\/2023.02.25_muniek_post.jpg","type":"image\/jpeg"}],"author":"maciej","twitter_card":"summary_large_image","twitter_misc":{"Napisane przez":"maciej","Szacowany czas czytania":"3 minuty"},"schema":{"@context":"https:\/\/schema.org","@graph":[{"@type":"Article","@id":"https:\/\/gorzow.news\/index.php\/2023\/02\/19\/koncert-muniek-i-przyjaciele-w-teatrze-osterwy\/#article","isPartOf":{"@id":"https:\/\/gorzow.news\/index.php\/2023\/02\/19\/koncert-muniek-i-przyjaciele-w-teatrze-osterwy\/"},"author":{"name":"maciej","@id":"https:\/\/gorzow.news\/#\/schema\/person\/a1e5ab43166369f2ce236a1cd90995bb"},"headline":"Koncert: Muniek i Przyjaciele w Teatrze Osterwy","datePublished":"2023-02-19T21:58:20+00:00","dateModified":"2023-02-19T21:58:57+00:00","mainEntityOfPage":{"@id":"https:\/\/gorzow.news\/index.php\/2023\/02\/19\/koncert-muniek-i-przyjaciele-w-teatrze-osterwy\/"},"wordCount":419,"commentCount":0,"image":{"@id":"https:\/\/gorzow.news\/index.php\/2023\/02\/19\/koncert-muniek-i-przyjaciele-w-teatrze-osterwy\/#primaryimage"},"thumbnailUrl":"https:\/\/gorzow.news\/wp-content\/uploads\/2023\/02\/2023.02.25_muniek_post.jpg","keywords":["MCK","Muniek","T.Love","Teatralna","Teatru im. J. Osterwy"],"articleSection":["Rozrywka"],"inLanguage":"pl-PL","potentialAction":[{"@type":"CommentAction","name":"Comment","target":["https:\/\/gorzow.news\/index.php\/2023\/02\/19\/koncert-muniek-i-przyjaciele-w-teatrze-osterwy\/#respond"]}]},{"@type":"WebPage","@id":"https:\/\/gorzow.news\/index.php\/2023\/02\/19\/koncert-muniek-i-przyjaciele-w-teatrze-osterwy\/","url":"https:\/\/gorzow.news\/index.php\/2023\/02\/19\/koncert-muniek-i-przyjaciele-w-teatrze-osterwy\/","name":"Koncert: Muniek i Przyjaciele w Teatrze Osterwy - Gorz\u00f3w News","isPartOf":{"@id":"https:\/\/gorzow.news\/#website"},"primaryImageOfPage":{"@id":"https:\/\/gorzow.news\/index.php\/2023\/02\/19\/koncert-muniek-i-przyjaciele-w-teatrze-osterwy\/#primaryimage"},"image":{"@id":"https:\/\/gorzow.news\/index.php\/2023\/02\/19\/koncert-muniek-i-przyjaciele-w-teatrze-osterwy\/#primaryimage"},"thumbnailUrl":"https:\/\/gorzow.news\/wp-content\/uploads\/2023\/02\/2023.02.25_muniek_post.jpg","datePublished":"2023-02-19T21:58:20+00:00","dateModified":"2023-02-19T21:58:57+00:00","author":{"@id":"https:\/\/gorzow.news\/#\/schema\/person\/a1e5ab43166369f2ce236a1cd90995bb"},"description":"Muniek i Przyjaciele to akustyczna ods\u0142ona koncert\u00f3w w wykonaniu Zygmunta \u201eMu\u0144ka\u201d Staszczyka, lidera formacji T. Love. W koncertach towarzysz\u0105 Mu\u0144kowi: Cezariusz Kosman \u2013 gitara akustyczna oraz Janek \u201cJahlove\u201d P\u0119czak \u2013 gitara akustyczna.","breadcrumb":{"@id":"https:\/\/gorzow.news\/index.php\/2023\/02\/19\/koncert-muniek-i-przyjaciele-w-teatrze-osterwy\/#breadcrumb"},"inLanguage":"pl-PL","potentialAction":[{"@type":"ReadAction","target":["https:\/\/gorzow.news\/index.php\/2023\/02\/19\/koncert-muniek-i-przyjaciele-w-teatrze-osterwy\/"]}]},{"@type":"ImageObject","inLanguage":"pl-PL","@id":"https:\/\/gorzow.news\/index.php\/2023\/02\/19\/koncert-muniek-i-przyjaciele-w-teatrze-osterwy\/#primaryimage","url":"https:\/\/gorzow.news\/wp-content\/uploads\/2023\/02\/2023.02.25_muniek_post.jpg","contentUrl":"https:\/\/gorzow.news\/wp-content\/uploads\/2023\/02\/2023.02.25_muniek_post.jpg","width":1080,"height":513},{"@type":"BreadcrumbList","@id":"https:\/\/gorzow.news\/index.php\/2023\/02\/19\/koncert-muniek-i-przyjaciele-w-teatrze-osterwy\/#breadcrumb","itemListElement":[{"@type":"ListItem","position":1,"name":"Home","item":"https:\/\/gorzow.news\/"},{"@type":"ListItem","position":2,"name":"Koncert: Muniek i Przyjaciele w Teatrze Osterwy"}]},{"@type":"WebSite","@id":"https:\/\/gorzow.news\/#website","url":"https:\/\/gorzow.news\/","name":"Gorz\u00f3w News","description":"Sp\u00f3jrz inaczej na miato i region...","potentialAction":[{"@type":"SearchAction","target":{"@type":"EntryPoint","urlTemplate":"https:\/\/gorzow.news\/?s={search_term_string}"},"query-input":{"@type":"PropertyValueSpecification","valueRequired":true,"valueName":"search_term_string"}}],"inLanguage":"pl-PL"},{"@type":"Person","@id":"https:\/\/gorzow.news\/#\/schema\/person\/a1e5ab43166369f2ce236a1cd90995bb","name":"maciej","image":{"@type":"ImageObject","inLanguage":"pl-PL","@id":"https:\/\/secure.gravatar.com\/avatar\/530a674d56ba60cfa0ef21d74e8e8d123a51bb7aa6580465b5c2ab2c2e980a19?s=96&r=g&d=https:\/\/gorzow.news\/wp-content\/plugins\/userswp\/assets\/images\/no_profile.png","url":"https:\/\/secure.gravatar.com\/avatar\/530a674d56ba60cfa0ef21d74e8e8d123a51bb7aa6580465b5c2ab2c2e980a19?s=96&r=g&d=https:\/\/gorzow.news\/wp-content\/plugins\/userswp\/assets\/images\/no_profile.png","contentUrl":"https:\/\/secure.gravatar.com\/avatar\/530a674d56ba60cfa0ef21d74e8e8d123a51bb7aa6580465b5c2ab2c2e980a19?s=96&r=g&d=https:\/\/gorzow.news\/wp-content\/plugins\/userswp\/assets\/images\/no_profile.png","caption":"maciej"},"url":"https:\/\/gorzow.news\/index.php\/profile\/maciej\/"}]}},"_links":{"self":[{"href":"https:\/\/gorzow.news\/index.php\/wp-json\/wp\/v2\/posts\/11738","targetHints":{"allow":["GET"]}}],"collection":[{"href":"https:\/\/gorzow.news\/index.php\/wp-json\/wp\/v2\/posts"}],"about":[{"href":"https:\/\/gorzow.news\/index.php\/wp-json\/wp\/v2\/types\/post"}],"author":[{"embeddable":true,"href":"https:\/\/gorzow.news\/index.php\/wp-json\/wp\/v2\/users\/1"}],"replies":[{"embeddable":true,"href":"https:\/\/gorzow.news\/index.php\/wp-json\/wp\/v2\/comments?post=11738"}],"version-history":[{"count":0,"href":"https:\/\/gorzow.news\/index.php\/wp-json\/wp\/v2\/posts\/11738\/revisions"}],"wp:featuredmedia":[{"embeddable":true,"href":"https:\/\/gorzow.news\/index.php\/wp-json\/wp\/v2\/media\/11739"}],"wp:attachment":[{"href":"https:\/\/gorzow.news\/index.php\/wp-json\/wp\/v2\/media?parent=11738"}],"wp:term":[{"taxonomy":"category","embeddable":true,"href":"https:\/\/gorzow.news\/index.php\/wp-json\/wp\/v2\/categories?post=11738"},{"taxonomy":"post_tag","embeddable":true,"href":"https:\/\/gorzow.news\/index.php\/wp-json\/wp\/v2\/tags?post=11738"}],"curies":[{"name":"wp","href":"https:\/\/api.w.org\/{rel}","templated":true}]}}