{"id":11672,"date":"2023-02-15T11:35:05","date_gmt":"2023-02-15T10:35:05","guid":{"rendered":"https:\/\/gorzow.news\/?p=11672"},"modified":"2023-03-04T13:39:35","modified_gmt":"2023-03-04T12:39:35","slug":"ogrodki-gastronomiczne-zima-sa-zamkniete-mimo-to-zajmuja-miejsca-parkingowe","status":"publish","type":"post","link":"https:\/\/gorzow.news\/index.php\/2023\/02\/15\/ogrodki-gastronomiczne-zima-sa-zamkniete-mimo-to-zajmuja-miejsca-parkingowe\/","title":{"rendered":"Ogr\u00f3dki gastronomiczne zim\u0105 s\u0105 zamkni\u0119te! Mimo to zajmuj\u0105 miejsca parkingowe&#8230;"},"content":{"rendered":"\n<p><strong>Od lat w centrum miasta s\u0105 ogromne problemy z miejscami parkingowymi. Mimo, to zamkni\u0119te od jesieni ogr\u00f3dki gastronomiczne zajmuj\u0105 ogromne cz\u0119\u015bci parking\u00f3w. &#8211; Od kiedy pami\u0119tam lokale gastronomiczne wiosn\u0105 ustawia\u0142y i jesieni\u0105 sk\u0142ada\u0142y tymczasowe ogr\u00f3dki na miejscach parkingowych. Godzi\u0142em si\u0119 z ich funkcjonowaniem w porze letniej kosztem miejsc parkingowych. Nie jestem jednak wstanie zrozumie\u0107, dlaczego one nadal tutaj stoj\u0105 od jesieni, gdy nie jest w nich prowadzona dzia\u0142alno\u015b\u0107 &#8211; napisa\u0142 na nasz\u0105 skrzynk\u0119 redakcyjn\u0105 czytelnik Krzysztof.<\/strong><\/p>\n\n\n\n<p>Problem z ustawionymi ogr\u00f3dkami gastronomicznymi zim\u0105 w miejscu parking\u00f3w trwa od 2020 roku. To wtedy w trakcie pandemii i przymusowego lockdownu miejscy urz\u0119dnicy postanowili, \u017ce w drodze pomocy przedsi\u0119biorcom stanowczo zmniejsz\u0105 koszty za zaj\u0119cie pasa drogowego do kwoty 1 grosza za metr kwadratowy. Co ciekawe kwota ta nadal jest aktualna i sprawia, \u017ce w\u0142a\u015bcicielowi takiego ogr\u00f3dka gastronomicznego zwyczajnie nie op\u0142aca si\u0119 go sk\u0142ada\u0107 na okres jesienno-zimowy, poniewa\u017c koszt jaki musi zap\u0142aci\u0107 miesi\u0119cznie za przyk\u0142adowo powierzchnie 100 metr\u00f3w kwadratowych wynosi zaledwie 1 z\u0142.<\/p>\n\n\n\n<p><strong>Urz\u0119dnicy problem dostrzegli. B\u0119d\u0105 zmiany!<\/strong><\/p>\n\n\n\n<p>Postanowiono, \u017ce dla nowych decyzji zezwalaj\u0105cych na stawianie ogr\u00f3dk\u00f3w gastronomicznych b\u0119dzie zastrze\u017cenie, z kt\u00f3rego jasno b\u0119dzie wynika\u0142o, \u017ce restauratorzy, aby p\u0142aci\u0107 grosze za zaj\u0119cie parkingu b\u0119d\u0105 realnie musieli prowadzi\u0107 w nim dzia\u0142alno\u015b\u0107. Je\u015bli ogr\u00f3dek b\u0119dzie zamkni\u0119ty w okresie jesienno-zimowym, to jego w\u0142a\u015bciciel b\u0119dzie zobligowany do jego demonta\u017cu. Obecne zezwolenia na dzia\u0142alno\u015b\u0107 ogr\u00f3dk\u00f3w przez okres ca\u0142ego roku maj\u0105 zosta\u0107 przed\u0142u\u017cone jedynie na okres wiosenno-letni.<\/p>\n\n\n\n<p><strong>Miejsca parkingowe przynosz\u0105 wielokrotnie wi\u0119ksze przychody!<\/strong><\/p>\n\n\n\n<p>Oczywi\u015bcie centrum miasta rz\u0105dzi si\u0119 swoimi prawami. I powinno tutaj t\u0119tni\u0107 \u017cycie towarzyskie. St\u0105d parkingi ust\u0119puj\u0105 miejsca pod ogr\u00f3dki gastronomiczne, cho\u0107 przynosz\u0105 bezpo\u015brednio zdecydowanie mniejsze pieni\u0105dze miastu. I o ile s\u0105 one otwarte mo\u017cna to zrozumie\u0107. Jednak, gdy w okresie jesienno-zimowym stoj\u0105 one zamkni\u0119te, to warto pami\u0119ta\u0107, \u017ce op\u0142ata za ka\u017cd\u0105 godzin\u0119 parkowania auta na jednym miejscu parkingowym wynosi 4 z\u0142. Tyle co\u2026 wynajem 400 mkw. ogr\u00f3dka gastronomicznego przez okres miesi\u0105ca\u2026<\/p>\n\n\n\n<p><strong>Przeczytaj te\u017c:<\/strong><br>&#8211; <a href=\"https:\/\/gorzow.news\/index.php\/2023\/02\/01\/przy-przemyslowej-mial-byc-wiekszy-parking-od-ponad-pol-roku-nic-sie-tu-jednak-nie-dzieje\/\">Przy Przemys\u0142owej mia\u0142 by\u0107 wi\u0119kszy parking. Od ponad p\u00f3\u0142 roku nic si\u0119 tu jednak nie dzieje\u2026<\/a><br>&#8211; <a href=\"https:\/\/gorzow.news\/index.php\/2022\/12\/13\/azurowy-parking-przy-dunikowskiego-gotowy-zgodnie-z-planem\/\">A\u017curowy parking przy Dunikowskiego gotowy zgodnie z planem<\/a><br>&#8211; <a href=\"https:\/\/gorzow.news\/index.php\/2022\/09\/21\/na-gorczynie-gotowy-parking-na-europejskim-chodniki-i-zatoczka-zdjecia\/\">Na G\u00f3rczynie gotowy parking, na Europejskim chodniki i zatoczka (zdj\u0119cia)<\/a><br>&#8211; <a href=\"https:\/\/gorzow.news\/index.php\/2022\/06\/01\/idzie-lato-czas-na-ogrodki-gastronomiczne-ktore-sa-juz-otwarte-sprawdzilismy-wykaz-zdjecia\/\">Kolejny wakacyjny weekend! Gdzie mo\u017cna wybra\u0107 si\u0119 do ogr\u00f3dka gastronomicznego? (wykaz, zdj\u0119cia)<\/a><\/p>\n\n\n\n<figure class=\"wp-block-image size-large\"><img loading=\"lazy\" decoding=\"async\" width=\"1024\" height=\"484\" src=\"https:\/\/gorzow.news\/wp-content\/uploads\/2023\/02\/IMG_20230128_154632-1024x484.jpg\" alt=\"\" class=\"wp-image-11675\" srcset=\"https:\/\/gorzow.news\/wp-content\/uploads\/2023\/02\/IMG_20230128_154632-1024x484.jpg 1024w, https:\/\/gorzow.news\/wp-content\/uploads\/2023\/02\/IMG_20230128_154632-300x142.jpg 300w, https:\/\/gorzow.news\/wp-content\/uploads\/2023\/02\/IMG_20230128_154632-768x363.jpg 768w, https:\/\/gorzow.news\/wp-content\/uploads\/2023\/02\/IMG_20230128_154632-1536x727.jpg 1536w, https:\/\/gorzow.news\/wp-content\/uploads\/2023\/02\/IMG_20230128_154632-696x329.jpg 696w, https:\/\/gorzow.news\/wp-content\/uploads\/2023\/02\/IMG_20230128_154632-1068x505.jpg 1068w, https:\/\/gorzow.news\/wp-content\/uploads\/2023\/02\/IMG_20230128_154632.jpg 1600w\" sizes=\"auto, (max-width: 1024px) 100vw, 1024px\" \/><\/figure>\n\n\n\n<figure class=\"wp-block-image size-large\"><img loading=\"lazy\" decoding=\"async\" width=\"1024\" height=\"484\" src=\"https:\/\/gorzow.news\/wp-content\/uploads\/2023\/02\/IMG_20230116_152027-1024x484.jpg\" alt=\"\" class=\"wp-image-11674\" srcset=\"https:\/\/gorzow.news\/wp-content\/uploads\/2023\/02\/IMG_20230116_152027-1024x484.jpg 1024w, https:\/\/gorzow.news\/wp-content\/uploads\/2023\/02\/IMG_20230116_152027-300x142.jpg 300w, https:\/\/gorzow.news\/wp-content\/uploads\/2023\/02\/IMG_20230116_152027-768x363.jpg 768w, https:\/\/gorzow.news\/wp-content\/uploads\/2023\/02\/IMG_20230116_152027-1536x727.jpg 1536w, https:\/\/gorzow.news\/wp-content\/uploads\/2023\/02\/IMG_20230116_152027-696x329.jpg 696w, https:\/\/gorzow.news\/wp-content\/uploads\/2023\/02\/IMG_20230116_152027-1068x505.jpg 1068w, https:\/\/gorzow.news\/wp-content\/uploads\/2023\/02\/IMG_20230116_152027.jpg 1600w\" sizes=\"auto, (max-width: 1024px) 100vw, 1024px\" \/><\/figure>\n","protected":false},"excerpt":{"rendered":"<p>Od lat w centrum miasta s\u0105 ogromne problemy z miejscami parkingowymi. Mimo, to zamkni\u0119te od jesieni ogr\u00f3dki gastronomiczne zajmuj\u0105 ogromne cz\u0119\u015bci parking\u00f3w. &#8211; Od kiedy pami\u0119tam lokale gastronomiczne wiosn\u0105 ustawia\u0142y i jesieni\u0105 sk\u0142ada\u0142y tymczasowe ogr\u00f3dki na miejscach parkingowych. Godzi\u0142em si\u0119 z ich funkcjonowaniem w porze letniej kosztem miejsc parkingowych. Nie jestem jednak wstanie zrozumie\u0107, dlaczego one nadal tutaj stoj\u0105 od jesieni, gdy nie jest w nich prowadzona dzia\u0142alno\u015b\u0107 &#8211; napisa\u0142 na nasz\u0105 skrzynk\u0119 redakcyjn\u0105 czytelnik Krzysztof.<\/p>\n","protected":false},"author":1,"featured_media":11673,"comment_status":"open","ping_status":"open","sticky":false,"template":"","format":"standard","meta":{"footnotes":"","_links_to":"","_links_to_target":""},"categories":[2009,597,589],"tags":[549,909],"class_list":{"0":"post-11672","1":"post","2":"type-post","3":"status-publish","4":"format-standard","5":"has-post-thumbnail","7":"category-centrum-srodmiescie","8":"category-fakty-opinie","9":"category-wiadomosci","10":"tag-ogrodki-gastronomiczne","11":"tag-parkingi"},"yoast_head":"<!-- This site is optimized with the Yoast SEO plugin v27.3 - https:\/\/yoast.com\/product\/yoast-seo-wordpress\/ -->\n<title>Ogr\u00f3dki gastronomiczne zim\u0105 s\u0105 zamkni\u0119te! Mimo to zajmuj\u0105 miejsca parkingowe... - Gorz\u00f3w News<\/title>\n<meta name=\"description\" content=\"Od lat w centrum miasta s\u0105 ogromne problemy z miejscami parkingowymi. Mimo, to zamkni\u0119te od jesieni ogr\u00f3dki gastronomiczne zajmuj\u0105 ogromne cz\u0119\u015bc\" \/>\n<meta name=\"robots\" content=\"index, follow, max-snippet:-1, max-image-preview:large, max-video-preview:-1\" \/>\n<link rel=\"canonical\" href=\"https:\/\/gorzow.news\/index.php\/2023\/02\/15\/ogrodki-gastronomiczne-zima-sa-zamkniete-mimo-to-zajmuja-miejsca-parkingowe\/\" \/>\n<meta property=\"og:locale\" content=\"pl_PL\" \/>\n<meta property=\"og:type\" content=\"article\" \/>\n<meta property=\"og:title\" content=\"Ogr\u00f3dki gastronomiczne zim\u0105 s\u0105 zamkni\u0119te! Mimo to zajmuj\u0105 miejsca parkingowe... - Gorz\u00f3w News\" \/>\n<meta property=\"og:description\" content=\"Od lat w centrum miasta s\u0105 ogromne problemy z miejscami parkingowymi. Mimo, to zamkni\u0119te od jesieni ogr\u00f3dki gastronomiczne zajmuj\u0105 ogromne cz\u0119\u015bc\" \/>\n<meta property=\"og:url\" content=\"https:\/\/gorzow.news\/index.php\/2023\/02\/15\/ogrodki-gastronomiczne-zima-sa-zamkniete-mimo-to-zajmuja-miejsca-parkingowe\/\" \/>\n<meta property=\"og:site_name\" content=\"Gorz\u00f3w News\" \/>\n<meta property=\"article:publisher\" content=\"https:\/\/www.facebook.com\/gorzowskinews\" \/>\n<meta property=\"article:published_time\" content=\"2023-02-15T10:35:05+00:00\" \/>\n<meta property=\"article:modified_time\" content=\"2023-03-04T12:39:35+00:00\" \/>\n<meta property=\"og:image\" content=\"https:\/\/gorzow.news\/wp-content\/uploads\/2023\/02\/IMG_20230116_151917_1.jpg\" \/>\n\t<meta property=\"og:image:width\" content=\"1600\" \/>\n\t<meta property=\"og:image:height\" content=\"760\" \/>\n\t<meta property=\"og:image:type\" content=\"image\/jpeg\" \/>\n<meta name=\"author\" content=\"maciej\" \/>\n<meta name=\"twitter:card\" content=\"summary_large_image\" \/>\n<meta name=\"twitter:label1\" content=\"Napisane przez\" \/>\n\t<meta name=\"twitter:data1\" content=\"maciej\" \/>\n<script type=\"application\/ld+json\" class=\"yoast-schema-graph\">{\"@context\":\"https:\\\/\\\/schema.org\",\"@graph\":[{\"@type\":\"Article\",\"@id\":\"https:\\\/\\\/gorzow.news\\\/index.php\\\/2023\\\/02\\\/15\\\/ogrodki-gastronomiczne-zima-sa-zamkniete-mimo-to-zajmuja-miejsca-parkingowe\\\/#article\",\"isPartOf\":{\"@id\":\"https:\\\/\\\/gorzow.news\\\/index.php\\\/2023\\\/02\\\/15\\\/ogrodki-gastronomiczne-zima-sa-zamkniete-mimo-to-zajmuja-miejsca-parkingowe\\\/\"},\"author\":{\"name\":\"maciej\",\"@id\":\"https:\\\/\\\/gorzow.news\\\/#\\\/schema\\\/person\\\/a1e5ab43166369f2ce236a1cd90995bb\"},\"headline\":\"Ogr\u00f3dki gastronomiczne zim\u0105 s\u0105 zamkni\u0119te! Mimo to zajmuj\u0105 miejsca parkingowe&#8230;\",\"datePublished\":\"2023-02-15T10:35:05+00:00\",\"dateModified\":\"2023-03-04T12:39:35+00:00\",\"mainEntityOfPage\":{\"@id\":\"https:\\\/\\\/gorzow.news\\\/index.php\\\/2023\\\/02\\\/15\\\/ogrodki-gastronomiczne-zima-sa-zamkniete-mimo-to-zajmuja-miejsca-parkingowe\\\/\"},\"wordCount\":438,\"commentCount\":0,\"image\":{\"@id\":\"https:\\\/\\\/gorzow.news\\\/index.php\\\/2023\\\/02\\\/15\\\/ogrodki-gastronomiczne-zima-sa-zamkniete-mimo-to-zajmuja-miejsca-parkingowe\\\/#primaryimage\"},\"thumbnailUrl\":\"https:\\\/\\\/gorzow.news\\\/wp-content\\\/uploads\\\/2023\\\/02\\\/IMG_20230116_151917_1.jpg\",\"keywords\":[\"ogr\u00f3dki gastronomiczne\",\"parkingi\"],\"articleSection\":[\"Centrum \\\/ \u015ar\u00f3dmie\u015bcie\",\"Fakty i opinie\",\"Wiadomo\u015bci\"],\"inLanguage\":\"pl-PL\",\"potentialAction\":[{\"@type\":\"CommentAction\",\"name\":\"Comment\",\"target\":[\"https:\\\/\\\/gorzow.news\\\/index.php\\\/2023\\\/02\\\/15\\\/ogrodki-gastronomiczne-zima-sa-zamkniete-mimo-to-zajmuja-miejsca-parkingowe\\\/#respond\"]}]},{\"@type\":\"WebPage\",\"@id\":\"https:\\\/\\\/gorzow.news\\\/index.php\\\/2023\\\/02\\\/15\\\/ogrodki-gastronomiczne-zima-sa-zamkniete-mimo-to-zajmuja-miejsca-parkingowe\\\/\",\"url\":\"https:\\\/\\\/gorzow.news\\\/index.php\\\/2023\\\/02\\\/15\\\/ogrodki-gastronomiczne-zima-sa-zamkniete-mimo-to-zajmuja-miejsca-parkingowe\\\/\",\"name\":\"Ogr\u00f3dki gastronomiczne zim\u0105 s\u0105 zamkni\u0119te! Mimo to zajmuj\u0105 miejsca parkingowe... - Gorz\u00f3w News\",\"isPartOf\":{\"@id\":\"https:\\\/\\\/gorzow.news\\\/#website\"},\"primaryImageOfPage\":{\"@id\":\"https:\\\/\\\/gorzow.news\\\/index.php\\\/2023\\\/02\\\/15\\\/ogrodki-gastronomiczne-zima-sa-zamkniete-mimo-to-zajmuja-miejsca-parkingowe\\\/#primaryimage\"},\"image\":{\"@id\":\"https:\\\/\\\/gorzow.news\\\/index.php\\\/2023\\\/02\\\/15\\\/ogrodki-gastronomiczne-zima-sa-zamkniete-mimo-to-zajmuja-miejsca-parkingowe\\\/#primaryimage\"},\"thumbnailUrl\":\"https:\\\/\\\/gorzow.news\\\/wp-content\\\/uploads\\\/2023\\\/02\\\/IMG_20230116_151917_1.jpg\",\"datePublished\":\"2023-02-15T10:35:05+00:00\",\"dateModified\":\"2023-03-04T12:39:35+00:00\",\"author\":{\"@id\":\"https:\\\/\\\/gorzow.news\\\/#\\\/schema\\\/person\\\/a1e5ab43166369f2ce236a1cd90995bb\"},\"description\":\"Od lat w centrum miasta s\u0105 ogromne problemy z miejscami parkingowymi. Mimo, to zamkni\u0119te od jesieni ogr\u00f3dki gastronomiczne zajmuj\u0105 ogromne cz\u0119\u015bci parking\u00f3w. - Od kiedy pami\u0119tam lokale gastronomiczne wiosn\u0105 ustawia\u0142y i jesieni\u0105 sk\u0142ada\u0142y tymczasowe ogr\u00f3dki na miejscach parkingowych. Godzi\u0142em si\u0119 z ich funkcjonowaniem w porze letniej kosztem miejsc parkingowych. Nie jestem jednak wstanie zrozumie\u0107, dlaczego one nadal tutaj stoj\u0105 od jesieni, gdy nie jest w nich prowadzona dzia\u0142alno\u015b\u0107 - napisa\u0142 na nasz\u0105 skrzynk\u0119 redakcyjn\u0105 czytelnik Krzysztof.\",\"breadcrumb\":{\"@id\":\"https:\\\/\\\/gorzow.news\\\/index.php\\\/2023\\\/02\\\/15\\\/ogrodki-gastronomiczne-zima-sa-zamkniete-mimo-to-zajmuja-miejsca-parkingowe\\\/#breadcrumb\"},\"inLanguage\":\"pl-PL\",\"potentialAction\":[{\"@type\":\"ReadAction\",\"target\":[\"https:\\\/\\\/gorzow.news\\\/index.php\\\/2023\\\/02\\\/15\\\/ogrodki-gastronomiczne-zima-sa-zamkniete-mimo-to-zajmuja-miejsca-parkingowe\\\/\"]}]},{\"@type\":\"ImageObject\",\"inLanguage\":\"pl-PL\",\"@id\":\"https:\\\/\\\/gorzow.news\\\/index.php\\\/2023\\\/02\\\/15\\\/ogrodki-gastronomiczne-zima-sa-zamkniete-mimo-to-zajmuja-miejsca-parkingowe\\\/#primaryimage\",\"url\":\"https:\\\/\\\/gorzow.news\\\/wp-content\\\/uploads\\\/2023\\\/02\\\/IMG_20230116_151917_1.jpg\",\"contentUrl\":\"https:\\\/\\\/gorzow.news\\\/wp-content\\\/uploads\\\/2023\\\/02\\\/IMG_20230116_151917_1.jpg\",\"width\":1600,\"height\":760,\"caption\":\"Nieczynny w okresie zimowym ogr\u00f3dek gastronomiczny jednego z lokali przy ul. Mostowej zajmuje zdecydowan\u0105 wi\u0119kszo\u015b\u0107 parkingu.\"},{\"@type\":\"BreadcrumbList\",\"@id\":\"https:\\\/\\\/gorzow.news\\\/index.php\\\/2023\\\/02\\\/15\\\/ogrodki-gastronomiczne-zima-sa-zamkniete-mimo-to-zajmuja-miejsca-parkingowe\\\/#breadcrumb\",\"itemListElement\":[{\"@type\":\"ListItem\",\"position\":1,\"name\":\"Home\",\"item\":\"https:\\\/\\\/gorzow.news\\\/\"},{\"@type\":\"ListItem\",\"position\":2,\"name\":\"Ogr\u00f3dki gastronomiczne zim\u0105 s\u0105 zamkni\u0119te! Mimo to zajmuj\u0105 miejsca parkingowe&#8230;\"}]},{\"@type\":\"WebSite\",\"@id\":\"https:\\\/\\\/gorzow.news\\\/#website\",\"url\":\"https:\\\/\\\/gorzow.news\\\/\",\"name\":\"Gorz\u00f3w News\",\"description\":\"Sp\u00f3jrz inaczej na miato i region...\",\"potentialAction\":[{\"@type\":\"SearchAction\",\"target\":{\"@type\":\"EntryPoint\",\"urlTemplate\":\"https:\\\/\\\/gorzow.news\\\/?s={search_term_string}\"},\"query-input\":{\"@type\":\"PropertyValueSpecification\",\"valueRequired\":true,\"valueName\":\"search_term_string\"}}],\"inLanguage\":\"pl-PL\"},{\"@type\":\"Person\",\"@id\":\"https:\\\/\\\/gorzow.news\\\/#\\\/schema\\\/person\\\/a1e5ab43166369f2ce236a1cd90995bb\",\"name\":\"maciej\",\"image\":{\"@type\":\"ImageObject\",\"inLanguage\":\"pl-PL\",\"@id\":\"https:\\\/\\\/secure.gravatar.com\\\/avatar\\\/530a674d56ba60cfa0ef21d74e8e8d123a51bb7aa6580465b5c2ab2c2e980a19?s=96&r=g&d=https:\\\/\\\/gorzow.news\\\/wp-content\\\/plugins\\\/userswp\\\/assets\\\/images\\\/no_profile.png\",\"url\":\"https:\\\/\\\/secure.gravatar.com\\\/avatar\\\/530a674d56ba60cfa0ef21d74e8e8d123a51bb7aa6580465b5c2ab2c2e980a19?s=96&r=g&d=https:\\\/\\\/gorzow.news\\\/wp-content\\\/plugins\\\/userswp\\\/assets\\\/images\\\/no_profile.png\",\"contentUrl\":\"https:\\\/\\\/secure.gravatar.com\\\/avatar\\\/530a674d56ba60cfa0ef21d74e8e8d123a51bb7aa6580465b5c2ab2c2e980a19?s=96&r=g&d=https:\\\/\\\/gorzow.news\\\/wp-content\\\/plugins\\\/userswp\\\/assets\\\/images\\\/no_profile.png\",\"caption\":\"maciej\"},\"url\":\"https:\\\/\\\/gorzow.news\\\/index.php\\\/profile\\\/maciej\\\/\"}]}<\/script>\n<!-- \/ Yoast SEO plugin. -->","yoast_head_json":{"title":"Ogr\u00f3dki gastronomiczne zim\u0105 s\u0105 zamkni\u0119te! Mimo to zajmuj\u0105 miejsca parkingowe... - Gorz\u00f3w News","description":"Od lat w centrum miasta s\u0105 ogromne problemy z miejscami parkingowymi. Mimo, to zamkni\u0119te od jesieni ogr\u00f3dki gastronomiczne zajmuj\u0105 ogromne cz\u0119\u015bc","robots":{"index":"index","follow":"follow","max-snippet":"max-snippet:-1","max-image-preview":"max-image-preview:large","max-video-preview":"max-video-preview:-1"},"canonical":"https:\/\/gorzow.news\/index.php\/2023\/02\/15\/ogrodki-gastronomiczne-zima-sa-zamkniete-mimo-to-zajmuja-miejsca-parkingowe\/","og_locale":"pl_PL","og_type":"article","og_title":"Ogr\u00f3dki gastronomiczne zim\u0105 s\u0105 zamkni\u0119te! Mimo to zajmuj\u0105 miejsca parkingowe... - Gorz\u00f3w News","og_description":"Od lat w centrum miasta s\u0105 ogromne problemy z miejscami parkingowymi. Mimo, to zamkni\u0119te od jesieni ogr\u00f3dki gastronomiczne zajmuj\u0105 ogromne cz\u0119\u015bc","og_url":"https:\/\/gorzow.news\/index.php\/2023\/02\/15\/ogrodki-gastronomiczne-zima-sa-zamkniete-mimo-to-zajmuja-miejsca-parkingowe\/","og_site_name":"Gorz\u00f3w News","article_publisher":"https:\/\/www.facebook.com\/gorzowskinews","article_published_time":"2023-02-15T10:35:05+00:00","article_modified_time":"2023-03-04T12:39:35+00:00","og_image":[{"width":1600,"height":760,"url":"https:\/\/gorzow.news\/wp-content\/uploads\/2023\/02\/IMG_20230116_151917_1.jpg","type":"image\/jpeg"}],"author":"maciej","twitter_card":"summary_large_image","twitter_misc":{"Napisane przez":"maciej"},"schema":{"@context":"https:\/\/schema.org","@graph":[{"@type":"Article","@id":"https:\/\/gorzow.news\/index.php\/2023\/02\/15\/ogrodki-gastronomiczne-zima-sa-zamkniete-mimo-to-zajmuja-miejsca-parkingowe\/#article","isPartOf":{"@id":"https:\/\/gorzow.news\/index.php\/2023\/02\/15\/ogrodki-gastronomiczne-zima-sa-zamkniete-mimo-to-zajmuja-miejsca-parkingowe\/"},"author":{"name":"maciej","@id":"https:\/\/gorzow.news\/#\/schema\/person\/a1e5ab43166369f2ce236a1cd90995bb"},"headline":"Ogr\u00f3dki gastronomiczne zim\u0105 s\u0105 zamkni\u0119te! Mimo to zajmuj\u0105 miejsca parkingowe&#8230;","datePublished":"2023-02-15T10:35:05+00:00","dateModified":"2023-03-04T12:39:35+00:00","mainEntityOfPage":{"@id":"https:\/\/gorzow.news\/index.php\/2023\/02\/15\/ogrodki-gastronomiczne-zima-sa-zamkniete-mimo-to-zajmuja-miejsca-parkingowe\/"},"wordCount":438,"commentCount":0,"image":{"@id":"https:\/\/gorzow.news\/index.php\/2023\/02\/15\/ogrodki-gastronomiczne-zima-sa-zamkniete-mimo-to-zajmuja-miejsca-parkingowe\/#primaryimage"},"thumbnailUrl":"https:\/\/gorzow.news\/wp-content\/uploads\/2023\/02\/IMG_20230116_151917_1.jpg","keywords":["ogr\u00f3dki gastronomiczne","parkingi"],"articleSection":["Centrum \/ \u015ar\u00f3dmie\u015bcie","Fakty i opinie","Wiadomo\u015bci"],"inLanguage":"pl-PL","potentialAction":[{"@type":"CommentAction","name":"Comment","target":["https:\/\/gorzow.news\/index.php\/2023\/02\/15\/ogrodki-gastronomiczne-zima-sa-zamkniete-mimo-to-zajmuja-miejsca-parkingowe\/#respond"]}]},{"@type":"WebPage","@id":"https:\/\/gorzow.news\/index.php\/2023\/02\/15\/ogrodki-gastronomiczne-zima-sa-zamkniete-mimo-to-zajmuja-miejsca-parkingowe\/","url":"https:\/\/gorzow.news\/index.php\/2023\/02\/15\/ogrodki-gastronomiczne-zima-sa-zamkniete-mimo-to-zajmuja-miejsca-parkingowe\/","name":"Ogr\u00f3dki gastronomiczne zim\u0105 s\u0105 zamkni\u0119te! Mimo to zajmuj\u0105 miejsca parkingowe... - Gorz\u00f3w News","isPartOf":{"@id":"https:\/\/gorzow.news\/#website"},"primaryImageOfPage":{"@id":"https:\/\/gorzow.news\/index.php\/2023\/02\/15\/ogrodki-gastronomiczne-zima-sa-zamkniete-mimo-to-zajmuja-miejsca-parkingowe\/#primaryimage"},"image":{"@id":"https:\/\/gorzow.news\/index.php\/2023\/02\/15\/ogrodki-gastronomiczne-zima-sa-zamkniete-mimo-to-zajmuja-miejsca-parkingowe\/#primaryimage"},"thumbnailUrl":"https:\/\/gorzow.news\/wp-content\/uploads\/2023\/02\/IMG_20230116_151917_1.jpg","datePublished":"2023-02-15T10:35:05+00:00","dateModified":"2023-03-04T12:39:35+00:00","author":{"@id":"https:\/\/gorzow.news\/#\/schema\/person\/a1e5ab43166369f2ce236a1cd90995bb"},"description":"Od lat w centrum miasta s\u0105 ogromne problemy z miejscami parkingowymi. Mimo, to zamkni\u0119te od jesieni ogr\u00f3dki gastronomiczne zajmuj\u0105 ogromne cz\u0119\u015bci parking\u00f3w. - Od kiedy pami\u0119tam lokale gastronomiczne wiosn\u0105 ustawia\u0142y i jesieni\u0105 sk\u0142ada\u0142y tymczasowe ogr\u00f3dki na miejscach parkingowych. Godzi\u0142em si\u0119 z ich funkcjonowaniem w porze letniej kosztem miejsc parkingowych. Nie jestem jednak wstanie zrozumie\u0107, dlaczego one nadal tutaj stoj\u0105 od jesieni, gdy nie jest w nich prowadzona dzia\u0142alno\u015b\u0107 - napisa\u0142 na nasz\u0105 skrzynk\u0119 redakcyjn\u0105 czytelnik Krzysztof.","breadcrumb":{"@id":"https:\/\/gorzow.news\/index.php\/2023\/02\/15\/ogrodki-gastronomiczne-zima-sa-zamkniete-mimo-to-zajmuja-miejsca-parkingowe\/#breadcrumb"},"inLanguage":"pl-PL","potentialAction":[{"@type":"ReadAction","target":["https:\/\/gorzow.news\/index.php\/2023\/02\/15\/ogrodki-gastronomiczne-zima-sa-zamkniete-mimo-to-zajmuja-miejsca-parkingowe\/"]}]},{"@type":"ImageObject","inLanguage":"pl-PL","@id":"https:\/\/gorzow.news\/index.php\/2023\/02\/15\/ogrodki-gastronomiczne-zima-sa-zamkniete-mimo-to-zajmuja-miejsca-parkingowe\/#primaryimage","url":"https:\/\/gorzow.news\/wp-content\/uploads\/2023\/02\/IMG_20230116_151917_1.jpg","contentUrl":"https:\/\/gorzow.news\/wp-content\/uploads\/2023\/02\/IMG_20230116_151917_1.jpg","width":1600,"height":760,"caption":"Nieczynny w okresie zimowym ogr\u00f3dek gastronomiczny jednego z lokali przy ul. Mostowej zajmuje zdecydowan\u0105 wi\u0119kszo\u015b\u0107 parkingu."},{"@type":"BreadcrumbList","@id":"https:\/\/gorzow.news\/index.php\/2023\/02\/15\/ogrodki-gastronomiczne-zima-sa-zamkniete-mimo-to-zajmuja-miejsca-parkingowe\/#breadcrumb","itemListElement":[{"@type":"ListItem","position":1,"name":"Home","item":"https:\/\/gorzow.news\/"},{"@type":"ListItem","position":2,"name":"Ogr\u00f3dki gastronomiczne zim\u0105 s\u0105 zamkni\u0119te! Mimo to zajmuj\u0105 miejsca parkingowe&#8230;"}]},{"@type":"WebSite","@id":"https:\/\/gorzow.news\/#website","url":"https:\/\/gorzow.news\/","name":"Gorz\u00f3w News","description":"Sp\u00f3jrz inaczej na miato i region...","potentialAction":[{"@type":"SearchAction","target":{"@type":"EntryPoint","urlTemplate":"https:\/\/gorzow.news\/?s={search_term_string}"},"query-input":{"@type":"PropertyValueSpecification","valueRequired":true,"valueName":"search_term_string"}}],"inLanguage":"pl-PL"},{"@type":"Person","@id":"https:\/\/gorzow.news\/#\/schema\/person\/a1e5ab43166369f2ce236a1cd90995bb","name":"maciej","image":{"@type":"ImageObject","inLanguage":"pl-PL","@id":"https:\/\/secure.gravatar.com\/avatar\/530a674d56ba60cfa0ef21d74e8e8d123a51bb7aa6580465b5c2ab2c2e980a19?s=96&r=g&d=https:\/\/gorzow.news\/wp-content\/plugins\/userswp\/assets\/images\/no_profile.png","url":"https:\/\/secure.gravatar.com\/avatar\/530a674d56ba60cfa0ef21d74e8e8d123a51bb7aa6580465b5c2ab2c2e980a19?s=96&r=g&d=https:\/\/gorzow.news\/wp-content\/plugins\/userswp\/assets\/images\/no_profile.png","contentUrl":"https:\/\/secure.gravatar.com\/avatar\/530a674d56ba60cfa0ef21d74e8e8d123a51bb7aa6580465b5c2ab2c2e980a19?s=96&r=g&d=https:\/\/gorzow.news\/wp-content\/plugins\/userswp\/assets\/images\/no_profile.png","caption":"maciej"},"url":"https:\/\/gorzow.news\/index.php\/profile\/maciej\/"}]}},"_links":{"self":[{"href":"https:\/\/gorzow.news\/index.php\/wp-json\/wp\/v2\/posts\/11672","targetHints":{"allow":["GET"]}}],"collection":[{"href":"https:\/\/gorzow.news\/index.php\/wp-json\/wp\/v2\/posts"}],"about":[{"href":"https:\/\/gorzow.news\/index.php\/wp-json\/wp\/v2\/types\/post"}],"author":[{"embeddable":true,"href":"https:\/\/gorzow.news\/index.php\/wp-json\/wp\/v2\/users\/1"}],"replies":[{"embeddable":true,"href":"https:\/\/gorzow.news\/index.php\/wp-json\/wp\/v2\/comments?post=11672"}],"version-history":[{"count":0,"href":"https:\/\/gorzow.news\/index.php\/wp-json\/wp\/v2\/posts\/11672\/revisions"}],"wp:featuredmedia":[{"embeddable":true,"href":"https:\/\/gorzow.news\/index.php\/wp-json\/wp\/v2\/media\/11673"}],"wp:attachment":[{"href":"https:\/\/gorzow.news\/index.php\/wp-json\/wp\/v2\/media?parent=11672"}],"wp:term":[{"taxonomy":"category","embeddable":true,"href":"https:\/\/gorzow.news\/index.php\/wp-json\/wp\/v2\/categories?post=11672"},{"taxonomy":"post_tag","embeddable":true,"href":"https:\/\/gorzow.news\/index.php\/wp-json\/wp\/v2\/tags?post=11672"}],"curies":[{"name":"wp","href":"https:\/\/api.w.org\/{rel}","templated":true}]}}