{"id":11625,"date":"2023-02-13T08:05:16","date_gmt":"2023-02-13T07:05:16","guid":{"rendered":"https:\/\/gorzow.news\/?p=11625"},"modified":"2023-03-04T13:40:12","modified_gmt":"2023-03-04T12:40:12","slug":"prace-przy-budowie-vendo-parku-przyspieszyly-jest-kolejny-najemca-i-data-otwarcia-zdjecia","status":"publish","type":"post","link":"https:\/\/gorzow.news\/index.php\/2023\/02\/13\/prace-przy-budowie-vendo-parku-przyspieszyly-jest-kolejny-najemca-i-data-otwarcia-zdjecia\/","title":{"rendered":"Prace przy budowie Vendo Parku przyspieszy\u0142y! Jest kolejny najemca i data otwarcia! (zdj\u0119cia)"},"content":{"rendered":"\n<p><strong>Park handlowy Vendo Park powstaje przy ul. My\u015bliborskiej na dw\u00f3ch dzia\u0142kach mi\u0119dzy sklepem Agata Meble i supermarketem Netto. Pierwsze prace budowlane ruszy\u0142y tutaj ju\u017c w listopadzie 2022 roku, jednak na dobre przyspieszy\u0142y one dopiero w ostatnich tygodniach. Dzi\u015b wida\u0107 ju\u017c g\u0142\u00f3wne betonowe s\u0142upy powstaj\u0105cego obiektu. Ca\u0142y czas trwa komercjalizacja obiektu. Podpisana zosta\u0142 w\u0142a\u015bnie umowa z trzecim najemc\u0105. Okre\u015blono r\u00f3wnie\u017c dat\u0119 otwarcia parku handlowego.<\/strong><\/p>\n\n\n\n<p>O kolejnych najemcach powstaj\u0105cego obiektu informowali\u015bmy jako pierwsi na \u0142amach GORZ\u00d3W.NEWS. Do sklep\u00f3w Sinsay i Action do\u0142\u0105czy\u0142 ostatnio Dealz. &#8211; W Vendo Parku w Gorzowie umowy na wynajem powierzchni zosta\u0142y podpisane z markami Dealz, Action oraz Sinsay. Pozosta\u0142e umowy s\u0105 finalizowane &#8211; powiedzia\u0142 nam <strong>Jacek Weso\u0142owski<\/strong>, dyrektor zarz\u0105dzaj\u0105cy w Trei Real Estate Poland.<\/p>\n\n\n\n<p>Podpisanie umowy przez Dealz oznacza, \u017ce w Gorzowie trwa prawdziwa ofensywa tej brytyjskiej marki. W ci\u0105gu najbli\u017cszych miesi\u0119cy zostan\u0105 bowiem otwarte sklepy tej marki w trzech nowych lokalizacjach &#8211; w Galerii Askana, parku handlowym Niepodleg\u0142o\u015bci i w\u0142a\u015bnie Vendo Parku. Od pa\u017adziernika 2021 roku w Gorzowie zakupy w Dealz mo\u017cna robi\u0107 przy ul. Chemicznej w N-Parku.<\/p>\n\n\n\n<p>Dealz to mi\u0119dzynarodowa sie\u0107 sklep\u00f3w b\u0119d\u0105ca cz\u0119\u015bci\u0105 Pepco Group. Pierwszy sklep w Polsce otwarty zosta\u0142 w lutym 2018 roku w Swarz\u0119dzu k. Poznania. Dzi\u015b jest ich ju\u017c ponad 180.<\/p>\n\n\n\n<p>&#8211; Szeroki asortyment ponad 3.000 produkt\u00f3w znanych marek zapewnia wyj\u0105tkowy wyb\u00f3r artyku\u0142\u00f3w: spo\u017cywczych, drogeryjnych, do dekoracji i wyposa\u017cenia domu, zabawek, narz\u0119dzi i produkt\u00f3w dla zwierz\u0105t. W Dealz wierzymy, \u017ce ka\u017cdy zas\u0142uguje na produkty wysokiej jako\u015bci w korzystnych cenach &#8211; czytamy na stronie internetowej sieci.<\/p>\n\n\n\n<p>Vendo Park powstaje na dw\u00f3ch dzia\u0142kach o numerach 185\/9 i 362 o \u0142\u0105cznej powierzchni 7.475 mkw. Na terenie parku handlowego znajd\u0105 si\u0119 cztery sklepy. Powierzchnia najmu w parku handlowym wyniesie 3.240 mkw.<\/p>\n\n\n\n<p>&#8211; Otwarcie obiektu zaplanowane jest na koniec czerwca tego roku &#8211; przekaza\u0142 nam Weso\u0142owski.<\/p>\n\n\n\n<p><strong>O nowych sklepach Dealz pisali\u015bmy tutaj:<\/strong><br>&#8211; <a href=\"https:\/\/gorzow.news\/index.php\/2023\/02\/09\/jest-kolejny-najemca-w-ph-niepodleglosci-to-brytyjska-sieciowka-zdjecia\/\">Jest kolejny najemca w PH Niepodleg\u0142o\u015bci! To brytyjska sieci\u00f3wka! (zdj\u0119cia)<\/a><br>&#8211; <a href=\"https:\/\/gorzow.news\/index.php\/2022\/12\/15\/polubiliscie-dealz-bedzie-drugi-sklep-tej-sieciowki-gdzie-i-kiedy\/\">Polubili\u015bcie Dealz? B\u0119dzie drugi sklep tej sieci\u00f3wki! Gdzie i kiedy?<\/a><\/p>\n\n\n\n<p><strong>O budowie Vendo Parku przeczytasz tak\u017ce tutaj:<\/strong><br>&#8211; <a href=\"https:\/\/gorzow.news\/index.php\/2023\/01\/16\/vendo-park-prace-fundamentowe-jest-drugi-najemca-to-sklep-cieszacy-sie-popularnoscia-zdjecia\/\">Vendo Park: Prace fundamentowe. Jest drugi najemca. To sklep ciesz\u0105cy si\u0119 popularno\u015bci\u0105! (zdj\u0119cia)<\/a><br>&#8211; <a href=\"https:\/\/gorzow.news\/index.php\/2022\/11\/30\/budowa-vendo-parku-przy-mysliborskiej-rozpoczeta-jakie-sklepy-kiedy-otwarcie-zdjecia\/\">Budowa Vendo Parku przy My\u015bliborskiej rozpocz\u0119ta! Jakie sklepy? Kiedy otwarcie? (zdj\u0119cia)<\/a><br>&#8211; <a href=\"https:\/\/gorzow.news\/index.php\/2022\/09\/19\/drzewa-na-dzialkach-pod-vendo-park-juz-wyciete-obok-budowa-netto-zbliza-sie-do-konca-zdjecia\/\">Drzewa na dzia\u0142kach pod Vendo Park ju\u017c wyci\u0119te! Obok budowa Netto zbli\u017ca si\u0119 do ko\u0144ca! (zdj\u0119cia)<\/a><br>&#8211; <a href=\"https:\/\/gorzow.news\/index.php\/2022\/08\/17\/przy-mysliborskiej-powstanie-vendo-park-ile-i-jakie-sklepy-zdjecia\/\">Przy My\u015bliborskiej powstanie Vendo Park! Ile i jakie sklepy? (zdj\u0119cia)<\/a><\/p>\n\n\n\n<p><strong>Przeczytaj te\u017c:<\/strong><br>&#8211; <a href=\"https:\/\/gorzow.news\/index.php\/2023\/01\/19\/demolka-przy-gorczynskiej-z-pawilonu-po-tesco-zostala-juz-tylko-konstrukcja-mamy-mnostwo-zdjec\/\">Demolka przy G\u00f3rczy\u0144skiej! Z pawilonu po Tesco zosta\u0142a ju\u017c tylko konstrukcja! Mamy mn\u00f3stwo zdj\u0119\u0107!<\/a><br>&#8211; <a href=\"https:\/\/gorzow.news\/index.php\/2023\/01\/18\/osiedle-europejskie-budnex-ukonczyl-ostatni-trzeci-budynek-uslugowy-zdjecia-wykaz-wszystkich-najemcow\/\">Osiedle Europejskie: Budnex uko\u0144czy\u0142 ostatni, trzeci budynek us\u0142ugowy (zdj\u0119cia, wykaz wszystkich najemc\u00f3w w trzech pawilonach)<\/a><br>&#8211; <a href=\"https:\/\/gorzow.news\/index.php\/2023\/01\/13\/park-handlowy-podmiejska-kolejna-biedronka-rosnie-w-oczach-zdjecia-wizualizacje\/\">Park handlowy Podmiejska: Kolejna Biedronka ro\u015bnie w oczach! (zdj\u0119cia, wizualizacje)<\/a><br>&#8211; <a href=\"https:\/\/gorzow.news\/index.php\/2023\/01\/11\/wiemy-jak-ma-wygladac-park-handlowy-s1-gorzow-w-pawilonie-po-tesco-sprawdzilismy-tez-jak-duzy-bedzie-tu-carrefour-wizualizacje\/\">Wiemy jak ma wygl\u0105da\u0107 park handlowy S1 Gorz\u00f3w w pawilonie po Tesco! Sprawdzili\u015bmy te\u017c, jak du\u017cy b\u0119dzie tu Carrefour! (wizualizacje)<\/a><br>&#8211; <a href=\"https:\/\/gorzow.news\/index.php\/2023\/01\/02\/gorzow-power-center-ruszyla-wycinka-i-porzadkowanie-na-obszarze-ponad-14-hektarow-dzialek-pod-inwestycje-zdjecia\/\">Gorz\u00f3w Power Center: Ruszy\u0142a wycinka i porz\u0105dkowanie na obszarze ponad 14 hektar\u00f3w dzia\u0142ek pod inwestycj\u0119! (zdj\u0119cia)<\/a><\/p>\n\n\n\r\n                <style type=\"text\/css\">\r\n                    \r\n                    #tdi_1  .td-doubleSlider-2 .td-item1 {\r\n                        background: url(https:\/\/gorzow.news\/wp-content\/uploads\/2023\/02\/IMG_20230212_140751.jpg) 0 0 no-repeat;\r\n                    }\r\n                    #tdi_1  .td-doubleSlider-2 .td-item2 {\r\n                        background: url(https:\/\/gorzow.news\/wp-content\/uploads\/2023\/02\/IMG_20230212_140811.jpg) 0 0 no-repeat;\r\n                    }\r\n                    #tdi_1  .td-doubleSlider-2 .td-item3 {\r\n                        background: url(https:\/\/gorzow.news\/wp-content\/uploads\/2023\/02\/IMG_20230212_140818_2.jpg) 0 0 no-repeat;\r\n                    }\r\n                    #tdi_1  .td-doubleSlider-2 .td-item4 {\r\n                        background: url(https:\/\/gorzow.news\/wp-content\/uploads\/2023\/02\/IMG_20230212_140908.jpg) 0 0 no-repeat;\r\n                    }\r\n                    #tdi_1  .td-doubleSlider-2 .td-item5 {\r\n                        background: url(https:\/\/gorzow.news\/wp-content\/uploads\/2023\/02\/IMG_20230212_140917_2.jpg) 0 0 no-repeat;\r\n                    }\r\n                    #tdi_1  .td-doubleSlider-2 .td-item6 {\r\n                        background: url(https:\/\/gorzow.news\/wp-content\/uploads\/2023\/02\/IMG_20230212_140950_2.jpg) 0 0 no-repeat;\r\n                    }\r\n                    #tdi_1  .td-doubleSlider-2 .td-item7 {\r\n                        background: url(https:\/\/gorzow.news\/wp-content\/uploads\/2023\/02\/IMG_20230212_141001.jpg) 0 0 no-repeat;\r\n                    }\r\n                    #tdi_1  .td-doubleSlider-2 .td-item8 {\r\n                        background: url(https:\/\/gorzow.news\/wp-content\/uploads\/2023\/02\/IMG_20230212_141047_1.jpg) 0 0 no-repeat;\r\n                    }\r\n                    #tdi_1  .td-doubleSlider-2 .td-item9 {\r\n                        background: url(https:\/\/gorzow.news\/wp-content\/uploads\/2023\/02\/IMG_20230212_141342_1.jpg) 0 0 no-repeat;\r\n                    }\r\n                    #tdi_1  .td-doubleSlider-2 .td-item10 {\r\n                        background: url(https:\/\/gorzow.news\/wp-content\/uploads\/2023\/02\/IMG_20230212_141349.jpg) 0 0 no-repeat;\r\n                    }\r\n                    #tdi_1  .td-doubleSlider-2 .td-item11 {\r\n                        background: url(https:\/\/gorzow.news\/wp-content\/uploads\/2023\/02\/IMG_20230212_141406.jpg) 0 0 no-repeat;\r\n                    }\r\n                    #tdi_1  .td-doubleSlider-2 .td-item12 {\r\n                        background: url(https:\/\/gorzow.news\/wp-content\/uploads\/2023\/02\/IMG_20230212_141440_1.jpg) 0 0 no-repeat;\r\n                    }\r\n                    #tdi_1  .td-doubleSlider-2 .td-item13 {\r\n                        background: url(https:\/\/gorzow.news\/wp-content\/uploads\/2023\/02\/IMG_20230212_141507-1.jpg) 0 0 no-repeat;\r\n                    }\r\n                    #tdi_1  .td-doubleSlider-2 .td-item14 {\r\n                        background: url(https:\/\/gorzow.news\/wp-content\/uploads\/2023\/02\/IMG_20230212_141535_2.jpg) 0 0 no-repeat;\r\n                    }\r\n                    #tdi_1  .td-doubleSlider-2 .td-item15 {\r\n                        background: url(https:\/\/gorzow.news\/wp-content\/uploads\/2023\/02\/IMG_20230212_141632_1.jpg) 0 0 no-repeat;\r\n                    }\r\n                <\/style>\r\n\r\n                <div id=\"tdi_1\" class=\"td-gallery td-slide-on-2-columns\">\r\n                    <div class=\"post_td_gallery\">\r\n                        <div class=\"td-gallery-slide-top\">\r\n                           <div class=\"td-gallery-title\">Budowa Vendo Parku przy ul. My\u015bliborskiej - luty 2023 r.<\/div>\r\n\r\n                            <div class=\"td-gallery-controls-wrapper\">\r\n                                <div class=\"td-gallery-slide-count\"><span class=\"td-gallery-slide-item-focus\">1<\/span> z 15<\/div>\r\n                                <div class=\"td-gallery-slide-prev-next-but\">\r\n                                    <i class = \"td-icon-left doubleSliderPrevButton\"><\/i>\r\n                                    <i class = \"td-icon-right doubleSliderNextButton\"><\/i>\r\n                                <\/div>\r\n                            <\/div>\r\n                        <\/div>\r\n\r\n                        <div class = \"td-doubleSlider-1 \">\r\n                            <div class = \"td-slider\">\r\n                                \r\n                    <div class = \"td-slide-item td-item1\">\r\n                        <figure class=\"td-slide-galery-figure td-slide-popup-gallery\">\r\n                            <a class=\"slide-gallery-image-link\" href=\"https:\/\/gorzow.news\/wp-content\/uploads\/2023\/02\/IMG_20230212_140751.jpg\" title=\"\"  data-caption=\"\"  data-description=\"\">\r\n                                <img decoding=\"async\" src=\"https:\/\/gorzow.news\/wp-content\/uploads\/2023\/02\/IMG_20230212_140751.jpg\" srcset=\"https:\/\/gorzow.news\/wp-content\/uploads\/2023\/02\/IMG_20230212_140751.jpg 1600w, https:\/\/gorzow.news\/wp-content\/uploads\/2023\/02\/IMG_20230212_140751-300x142.jpg 300w, https:\/\/gorzow.news\/wp-content\/uploads\/2023\/02\/IMG_20230212_140751-1024x484.jpg 1024w, https:\/\/gorzow.news\/wp-content\/uploads\/2023\/02\/IMG_20230212_140751-768x363.jpg 768w, https:\/\/gorzow.news\/wp-content\/uploads\/2023\/02\/IMG_20230212_140751-1536x727.jpg 1536w, https:\/\/gorzow.news\/wp-content\/uploads\/2023\/02\/IMG_20230212_140751-696x329.jpg 696w, https:\/\/gorzow.news\/wp-content\/uploads\/2023\/02\/IMG_20230212_140751-1068x505.jpg 1068w\" sizes=\"(max-width: 1600px) 100vw, 1600px\" alt=\"\">\r\n                            <\/a>\r\n                            \r\n                        <\/figure>\r\n                    <\/div>\r\n                    <div class = \"td-slide-item td-item2\">\r\n                        <figure class=\"td-slide-galery-figure td-slide-popup-gallery\">\r\n                            <a class=\"slide-gallery-image-link\" href=\"https:\/\/gorzow.news\/wp-content\/uploads\/2023\/02\/IMG_20230212_140811.jpg\" title=\"\"  data-caption=\"\"  data-description=\"\">\r\n                                <img decoding=\"async\" src=\"https:\/\/gorzow.news\/wp-content\/uploads\/2023\/02\/IMG_20230212_140811.jpg\" srcset=\"https:\/\/gorzow.news\/wp-content\/uploads\/2023\/02\/IMG_20230212_140811.jpg 1600w, https:\/\/gorzow.news\/wp-content\/uploads\/2023\/02\/IMG_20230212_140811-300x142.jpg 300w, https:\/\/gorzow.news\/wp-content\/uploads\/2023\/02\/IMG_20230212_140811-1024x484.jpg 1024w, https:\/\/gorzow.news\/wp-content\/uploads\/2023\/02\/IMG_20230212_140811-768x363.jpg 768w, https:\/\/gorzow.news\/wp-content\/uploads\/2023\/02\/IMG_20230212_140811-1536x727.jpg 1536w, https:\/\/gorzow.news\/wp-content\/uploads\/2023\/02\/IMG_20230212_140811-696x329.jpg 696w, https:\/\/gorzow.news\/wp-content\/uploads\/2023\/02\/IMG_20230212_140811-1068x505.jpg 1068w\" sizes=\"(max-width: 1600px) 100vw, 1600px\" alt=\"\">\r\n                            <\/a>\r\n                            \r\n                        <\/figure>\r\n                    <\/div>\r\n                    <div class = \"td-slide-item td-item3\">\r\n                        <figure class=\"td-slide-galery-figure td-slide-popup-gallery\">\r\n                            <a class=\"slide-gallery-image-link\" href=\"https:\/\/gorzow.news\/wp-content\/uploads\/2023\/02\/IMG_20230212_140818_2.jpg\" title=\"\"  data-caption=\"\"  data-description=\"\">\r\n                                <img decoding=\"async\" src=\"https:\/\/gorzow.news\/wp-content\/uploads\/2023\/02\/IMG_20230212_140818_2.jpg\" srcset=\"https:\/\/gorzow.news\/wp-content\/uploads\/2023\/02\/IMG_20230212_140818_2.jpg 1600w, https:\/\/gorzow.news\/wp-content\/uploads\/2023\/02\/IMG_20230212_140818_2-300x142.jpg 300w, https:\/\/gorzow.news\/wp-content\/uploads\/2023\/02\/IMG_20230212_140818_2-1024x484.jpg 1024w, https:\/\/gorzow.news\/wp-content\/uploads\/2023\/02\/IMG_20230212_140818_2-768x363.jpg 768w, https:\/\/gorzow.news\/wp-content\/uploads\/2023\/02\/IMG_20230212_140818_2-1536x727.jpg 1536w, https:\/\/gorzow.news\/wp-content\/uploads\/2023\/02\/IMG_20230212_140818_2-696x329.jpg 696w, https:\/\/gorzow.news\/wp-content\/uploads\/2023\/02\/IMG_20230212_140818_2-1068x505.jpg 1068w\" sizes=\"(max-width: 1600px) 100vw, 1600px\" alt=\"\">\r\n                            <\/a>\r\n                            \r\n                        <\/figure>\r\n                    <\/div>\r\n                    <div class = \"td-slide-item td-item4\">\r\n                        <figure class=\"td-slide-galery-figure td-slide-popup-gallery\">\r\n                            <a class=\"slide-gallery-image-link\" href=\"https:\/\/gorzow.news\/wp-content\/uploads\/2023\/02\/IMG_20230212_140908.jpg\" title=\"\"  data-caption=\"\"  data-description=\"\">\r\n                                <img decoding=\"async\" src=\"https:\/\/gorzow.news\/wp-content\/uploads\/2023\/02\/IMG_20230212_140908.jpg\" srcset=\"https:\/\/gorzow.news\/wp-content\/uploads\/2023\/02\/IMG_20230212_140908.jpg 1600w, https:\/\/gorzow.news\/wp-content\/uploads\/2023\/02\/IMG_20230212_140908-300x142.jpg 300w, https:\/\/gorzow.news\/wp-content\/uploads\/2023\/02\/IMG_20230212_140908-1024x484.jpg 1024w, https:\/\/gorzow.news\/wp-content\/uploads\/2023\/02\/IMG_20230212_140908-768x363.jpg 768w, https:\/\/gorzow.news\/wp-content\/uploads\/2023\/02\/IMG_20230212_140908-1536x727.jpg 1536w, https:\/\/gorzow.news\/wp-content\/uploads\/2023\/02\/IMG_20230212_140908-696x329.jpg 696w, https:\/\/gorzow.news\/wp-content\/uploads\/2023\/02\/IMG_20230212_140908-1068x505.jpg 1068w\" sizes=\"(max-width: 1600px) 100vw, 1600px\" alt=\"\">\r\n                            <\/a>\r\n                            \r\n                        <\/figure>\r\n                    <\/div>\r\n                    <div class = \"td-slide-item td-item5\">\r\n                        <figure class=\"td-slide-galery-figure td-slide-popup-gallery\">\r\n                            <a class=\"slide-gallery-image-link\" href=\"https:\/\/gorzow.news\/wp-content\/uploads\/2023\/02\/IMG_20230212_140917_2.jpg\" title=\"\"  data-caption=\"\"  data-description=\"\">\r\n                                <img decoding=\"async\" src=\"https:\/\/gorzow.news\/wp-content\/uploads\/2023\/02\/IMG_20230212_140917_2.jpg\" srcset=\"https:\/\/gorzow.news\/wp-content\/uploads\/2023\/02\/IMG_20230212_140917_2.jpg 1600w, https:\/\/gorzow.news\/wp-content\/uploads\/2023\/02\/IMG_20230212_140917_2-300x142.jpg 300w, https:\/\/gorzow.news\/wp-content\/uploads\/2023\/02\/IMG_20230212_140917_2-1024x484.jpg 1024w, https:\/\/gorzow.news\/wp-content\/uploads\/2023\/02\/IMG_20230212_140917_2-768x363.jpg 768w, https:\/\/gorzow.news\/wp-content\/uploads\/2023\/02\/IMG_20230212_140917_2-1536x727.jpg 1536w, https:\/\/gorzow.news\/wp-content\/uploads\/2023\/02\/IMG_20230212_140917_2-696x329.jpg 696w, https:\/\/gorzow.news\/wp-content\/uploads\/2023\/02\/IMG_20230212_140917_2-1068x505.jpg 1068w\" sizes=\"(max-width: 1600px) 100vw, 1600px\" alt=\"\">\r\n                            <\/a>\r\n                            \r\n                        <\/figure>\r\n                    <\/div>\r\n                    <div class = \"td-slide-item td-item6\">\r\n                        <figure class=\"td-slide-galery-figure td-slide-popup-gallery\">\r\n                            <a class=\"slide-gallery-image-link\" href=\"https:\/\/gorzow.news\/wp-content\/uploads\/2023\/02\/IMG_20230212_140950_2.jpg\" title=\"\"  data-caption=\"\"  data-description=\"\">\r\n                                <img decoding=\"async\" src=\"https:\/\/gorzow.news\/wp-content\/uploads\/2023\/02\/IMG_20230212_140950_2.jpg\" srcset=\"https:\/\/gorzow.news\/wp-content\/uploads\/2023\/02\/IMG_20230212_140950_2.jpg 1600w, https:\/\/gorzow.news\/wp-content\/uploads\/2023\/02\/IMG_20230212_140950_2-300x142.jpg 300w, https:\/\/gorzow.news\/wp-content\/uploads\/2023\/02\/IMG_20230212_140950_2-1024x484.jpg 1024w, https:\/\/gorzow.news\/wp-content\/uploads\/2023\/02\/IMG_20230212_140950_2-768x363.jpg 768w, https:\/\/gorzow.news\/wp-content\/uploads\/2023\/02\/IMG_20230212_140950_2-1536x727.jpg 1536w, https:\/\/gorzow.news\/wp-content\/uploads\/2023\/02\/IMG_20230212_140950_2-696x329.jpg 696w, https:\/\/gorzow.news\/wp-content\/uploads\/2023\/02\/IMG_20230212_140950_2-1068x505.jpg 1068w\" sizes=\"(max-width: 1600px) 100vw, 1600px\" alt=\"\">\r\n                            <\/a>\r\n                            \r\n                        <\/figure>\r\n                    <\/div>\r\n                    <div class = \"td-slide-item td-item7\">\r\n                        <figure class=\"td-slide-galery-figure td-slide-popup-gallery\">\r\n                            <a class=\"slide-gallery-image-link\" href=\"https:\/\/gorzow.news\/wp-content\/uploads\/2023\/02\/IMG_20230212_141001.jpg\" title=\"\"  data-caption=\"\"  data-description=\"\">\r\n                                <img decoding=\"async\" src=\"https:\/\/gorzow.news\/wp-content\/uploads\/2023\/02\/IMG_20230212_141001.jpg\" srcset=\"https:\/\/gorzow.news\/wp-content\/uploads\/2023\/02\/IMG_20230212_141001.jpg 1600w, https:\/\/gorzow.news\/wp-content\/uploads\/2023\/02\/IMG_20230212_141001-300x142.jpg 300w, https:\/\/gorzow.news\/wp-content\/uploads\/2023\/02\/IMG_20230212_141001-1024x484.jpg 1024w, https:\/\/gorzow.news\/wp-content\/uploads\/2023\/02\/IMG_20230212_141001-768x363.jpg 768w, https:\/\/gorzow.news\/wp-content\/uploads\/2023\/02\/IMG_20230212_141001-1536x727.jpg 1536w, https:\/\/gorzow.news\/wp-content\/uploads\/2023\/02\/IMG_20230212_141001-696x329.jpg 696w, https:\/\/gorzow.news\/wp-content\/uploads\/2023\/02\/IMG_20230212_141001-1068x505.jpg 1068w\" sizes=\"(max-width: 1600px) 100vw, 1600px\" alt=\"\">\r\n                            <\/a>\r\n                            \r\n                        <\/figure>\r\n                    <\/div>\r\n                    <div class = \"td-slide-item td-item8\">\r\n                        <figure class=\"td-slide-galery-figure td-slide-popup-gallery\">\r\n                            <a class=\"slide-gallery-image-link\" href=\"https:\/\/gorzow.news\/wp-content\/uploads\/2023\/02\/IMG_20230212_141047_1.jpg\" title=\"\"  data-caption=\"\"  data-description=\"\">\r\n                                <img decoding=\"async\" src=\"https:\/\/gorzow.news\/wp-content\/uploads\/2023\/02\/IMG_20230212_141047_1.jpg\" srcset=\"https:\/\/gorzow.news\/wp-content\/uploads\/2023\/02\/IMG_20230212_141047_1.jpg 1600w, https:\/\/gorzow.news\/wp-content\/uploads\/2023\/02\/IMG_20230212_141047_1-300x142.jpg 300w, https:\/\/gorzow.news\/wp-content\/uploads\/2023\/02\/IMG_20230212_141047_1-1024x484.jpg 1024w, https:\/\/gorzow.news\/wp-content\/uploads\/2023\/02\/IMG_20230212_141047_1-768x363.jpg 768w, https:\/\/gorzow.news\/wp-content\/uploads\/2023\/02\/IMG_20230212_141047_1-1536x727.jpg 1536w, https:\/\/gorzow.news\/wp-content\/uploads\/2023\/02\/IMG_20230212_141047_1-696x329.jpg 696w, https:\/\/gorzow.news\/wp-content\/uploads\/2023\/02\/IMG_20230212_141047_1-1068x505.jpg 1068w\" sizes=\"(max-width: 1600px) 100vw, 1600px\" alt=\"\">\r\n                            <\/a>\r\n                            \r\n                        <\/figure>\r\n                    <\/div>\r\n                    <div class = \"td-slide-item td-item9\">\r\n                        <figure class=\"td-slide-galery-figure td-slide-popup-gallery\">\r\n                            <a class=\"slide-gallery-image-link\" href=\"https:\/\/gorzow.news\/wp-content\/uploads\/2023\/02\/IMG_20230212_141342_1.jpg\" title=\"\"  data-caption=\"\"  data-description=\"\">\r\n                                <img decoding=\"async\" src=\"https:\/\/gorzow.news\/wp-content\/uploads\/2023\/02\/IMG_20230212_141342_1.jpg\" srcset=\"https:\/\/gorzow.news\/wp-content\/uploads\/2023\/02\/IMG_20230212_141342_1.jpg 1600w, https:\/\/gorzow.news\/wp-content\/uploads\/2023\/02\/IMG_20230212_141342_1-300x142.jpg 300w, https:\/\/gorzow.news\/wp-content\/uploads\/2023\/02\/IMG_20230212_141342_1-1024x484.jpg 1024w, https:\/\/gorzow.news\/wp-content\/uploads\/2023\/02\/IMG_20230212_141342_1-768x363.jpg 768w, https:\/\/gorzow.news\/wp-content\/uploads\/2023\/02\/IMG_20230212_141342_1-1536x727.jpg 1536w, https:\/\/gorzow.news\/wp-content\/uploads\/2023\/02\/IMG_20230212_141342_1-696x329.jpg 696w, https:\/\/gorzow.news\/wp-content\/uploads\/2023\/02\/IMG_20230212_141342_1-1068x505.jpg 1068w\" sizes=\"(max-width: 1600px) 100vw, 1600px\" alt=\"\">\r\n                            <\/a>\r\n                            \r\n                        <\/figure>\r\n                    <\/div>\r\n                    <div class = \"td-slide-item td-item10\">\r\n                        <figure class=\"td-slide-galery-figure td-slide-popup-gallery\">\r\n                            <a class=\"slide-gallery-image-link\" href=\"https:\/\/gorzow.news\/wp-content\/uploads\/2023\/02\/IMG_20230212_141349.jpg\" title=\"\"  data-caption=\"\"  data-description=\"\">\r\n                                <img decoding=\"async\" src=\"https:\/\/gorzow.news\/wp-content\/uploads\/2023\/02\/IMG_20230212_141349.jpg\" srcset=\"https:\/\/gorzow.news\/wp-content\/uploads\/2023\/02\/IMG_20230212_141349.jpg 1600w, https:\/\/gorzow.news\/wp-content\/uploads\/2023\/02\/IMG_20230212_141349-300x142.jpg 300w, https:\/\/gorzow.news\/wp-content\/uploads\/2023\/02\/IMG_20230212_141349-1024x484.jpg 1024w, https:\/\/gorzow.news\/wp-content\/uploads\/2023\/02\/IMG_20230212_141349-768x363.jpg 768w, https:\/\/gorzow.news\/wp-content\/uploads\/2023\/02\/IMG_20230212_141349-1536x727.jpg 1536w, https:\/\/gorzow.news\/wp-content\/uploads\/2023\/02\/IMG_20230212_141349-696x329.jpg 696w, https:\/\/gorzow.news\/wp-content\/uploads\/2023\/02\/IMG_20230212_141349-1068x505.jpg 1068w\" sizes=\"(max-width: 1600px) 100vw, 1600px\" alt=\"\">\r\n                            <\/a>\r\n                            \r\n                        <\/figure>\r\n                    <\/div>\r\n                    <div class = \"td-slide-item td-item11\">\r\n                        <figure class=\"td-slide-galery-figure td-slide-popup-gallery\">\r\n                            <a class=\"slide-gallery-image-link\" href=\"https:\/\/gorzow.news\/wp-content\/uploads\/2023\/02\/IMG_20230212_141406.jpg\" title=\"\"  data-caption=\"\"  data-description=\"\">\r\n                                <img decoding=\"async\" src=\"https:\/\/gorzow.news\/wp-content\/uploads\/2023\/02\/IMG_20230212_141406.jpg\" srcset=\"https:\/\/gorzow.news\/wp-content\/uploads\/2023\/02\/IMG_20230212_141406.jpg 1600w, https:\/\/gorzow.news\/wp-content\/uploads\/2023\/02\/IMG_20230212_141406-300x142.jpg 300w, https:\/\/gorzow.news\/wp-content\/uploads\/2023\/02\/IMG_20230212_141406-1024x484.jpg 1024w, https:\/\/gorzow.news\/wp-content\/uploads\/2023\/02\/IMG_20230212_141406-768x363.jpg 768w, https:\/\/gorzow.news\/wp-content\/uploads\/2023\/02\/IMG_20230212_141406-1536x727.jpg 1536w, https:\/\/gorzow.news\/wp-content\/uploads\/2023\/02\/IMG_20230212_141406-696x329.jpg 696w, https:\/\/gorzow.news\/wp-content\/uploads\/2023\/02\/IMG_20230212_141406-1068x505.jpg 1068w\" sizes=\"(max-width: 1600px) 100vw, 1600px\" alt=\"\">\r\n                            <\/a>\r\n                            \r\n                        <\/figure>\r\n                    <\/div>\r\n                    <div class = \"td-slide-item td-item12\">\r\n                        <figure class=\"td-slide-galery-figure td-slide-popup-gallery\">\r\n                            <a class=\"slide-gallery-image-link\" href=\"https:\/\/gorzow.news\/wp-content\/uploads\/2023\/02\/IMG_20230212_141440_1.jpg\" title=\"\"  data-caption=\"\"  data-description=\"\">\r\n                                <img decoding=\"async\" src=\"https:\/\/gorzow.news\/wp-content\/uploads\/2023\/02\/IMG_20230212_141440_1.jpg\" srcset=\"https:\/\/gorzow.news\/wp-content\/uploads\/2023\/02\/IMG_20230212_141440_1.jpg 1600w, https:\/\/gorzow.news\/wp-content\/uploads\/2023\/02\/IMG_20230212_141440_1-300x142.jpg 300w, https:\/\/gorzow.news\/wp-content\/uploads\/2023\/02\/IMG_20230212_141440_1-1024x484.jpg 1024w, https:\/\/gorzow.news\/wp-content\/uploads\/2023\/02\/IMG_20230212_141440_1-768x363.jpg 768w, https:\/\/gorzow.news\/wp-content\/uploads\/2023\/02\/IMG_20230212_141440_1-1536x727.jpg 1536w, https:\/\/gorzow.news\/wp-content\/uploads\/2023\/02\/IMG_20230212_141440_1-696x329.jpg 696w, https:\/\/gorzow.news\/wp-content\/uploads\/2023\/02\/IMG_20230212_141440_1-1068x505.jpg 1068w\" sizes=\"(max-width: 1600px) 100vw, 1600px\" alt=\"\">\r\n                            <\/a>\r\n                            \r\n                        <\/figure>\r\n                    <\/div>\r\n                    <div class = \"td-slide-item td-item13\">\r\n                        <figure class=\"td-slide-galery-figure td-slide-popup-gallery\">\r\n                            <a class=\"slide-gallery-image-link\" href=\"https:\/\/gorzow.news\/wp-content\/uploads\/2023\/02\/IMG_20230212_141507-1.jpg\" title=\"\"  data-caption=\"\"  data-description=\"\">\r\n                                <img decoding=\"async\" src=\"https:\/\/gorzow.news\/wp-content\/uploads\/2023\/02\/IMG_20230212_141507-1.jpg\" srcset=\"https:\/\/gorzow.news\/wp-content\/uploads\/2023\/02\/IMG_20230212_141507-1.jpg 1600w, https:\/\/gorzow.news\/wp-content\/uploads\/2023\/02\/IMG_20230212_141507-1-300x142.jpg 300w, https:\/\/gorzow.news\/wp-content\/uploads\/2023\/02\/IMG_20230212_141507-1-1024x484.jpg 1024w, https:\/\/gorzow.news\/wp-content\/uploads\/2023\/02\/IMG_20230212_141507-1-768x363.jpg 768w, https:\/\/gorzow.news\/wp-content\/uploads\/2023\/02\/IMG_20230212_141507-1-1536x727.jpg 1536w, https:\/\/gorzow.news\/wp-content\/uploads\/2023\/02\/IMG_20230212_141507-1-696x329.jpg 696w, https:\/\/gorzow.news\/wp-content\/uploads\/2023\/02\/IMG_20230212_141507-1-1068x505.jpg 1068w\" sizes=\"(max-width: 1600px) 100vw, 1600px\" alt=\"\">\r\n                            <\/a>\r\n                            \r\n                        <\/figure>\r\n                    <\/div>\r\n                    <div class = \"td-slide-item td-item14\">\r\n                        <figure class=\"td-slide-galery-figure td-slide-popup-gallery\">\r\n                            <a class=\"slide-gallery-image-link\" href=\"https:\/\/gorzow.news\/wp-content\/uploads\/2023\/02\/IMG_20230212_141535_2.jpg\" title=\"\"  data-caption=\"\"  data-description=\"\">\r\n                                <img decoding=\"async\" src=\"https:\/\/gorzow.news\/wp-content\/uploads\/2023\/02\/IMG_20230212_141535_2.jpg\" srcset=\"https:\/\/gorzow.news\/wp-content\/uploads\/2023\/02\/IMG_20230212_141535_2.jpg 1600w, https:\/\/gorzow.news\/wp-content\/uploads\/2023\/02\/IMG_20230212_141535_2-300x142.jpg 300w, https:\/\/gorzow.news\/wp-content\/uploads\/2023\/02\/IMG_20230212_141535_2-1024x484.jpg 1024w, https:\/\/gorzow.news\/wp-content\/uploads\/2023\/02\/IMG_20230212_141535_2-768x363.jpg 768w, https:\/\/gorzow.news\/wp-content\/uploads\/2023\/02\/IMG_20230212_141535_2-1536x727.jpg 1536w, https:\/\/gorzow.news\/wp-content\/uploads\/2023\/02\/IMG_20230212_141535_2-696x329.jpg 696w, https:\/\/gorzow.news\/wp-content\/uploads\/2023\/02\/IMG_20230212_141535_2-1068x505.jpg 1068w\" sizes=\"(max-width: 1600px) 100vw, 1600px\" alt=\"\">\r\n                            <\/a>\r\n                            \r\n                        <\/figure>\r\n                    <\/div>\r\n                    <div class = \"td-slide-item td-item15\">\r\n                        <figure class=\"td-slide-galery-figure td-slide-popup-gallery\">\r\n                            <a class=\"slide-gallery-image-link\" href=\"https:\/\/gorzow.news\/wp-content\/uploads\/2023\/02\/IMG_20230212_141632_1.jpg\" title=\"\"  data-caption=\"\"  data-description=\"\">\r\n                                <img decoding=\"async\" src=\"https:\/\/gorzow.news\/wp-content\/uploads\/2023\/02\/IMG_20230212_141632_1.jpg\" srcset=\"https:\/\/gorzow.news\/wp-content\/uploads\/2023\/02\/IMG_20230212_141632_1.jpg 1600w, https:\/\/gorzow.news\/wp-content\/uploads\/2023\/02\/IMG_20230212_141632_1-300x142.jpg 300w, https:\/\/gorzow.news\/wp-content\/uploads\/2023\/02\/IMG_20230212_141632_1-1024x484.jpg 1024w, https:\/\/gorzow.news\/wp-content\/uploads\/2023\/02\/IMG_20230212_141632_1-768x363.jpg 768w, https:\/\/gorzow.news\/wp-content\/uploads\/2023\/02\/IMG_20230212_141632_1-1536x727.jpg 1536w, https:\/\/gorzow.news\/wp-content\/uploads\/2023\/02\/IMG_20230212_141632_1-696x329.jpg 696w, https:\/\/gorzow.news\/wp-content\/uploads\/2023\/02\/IMG_20230212_141632_1-1068x505.jpg 1068w\" sizes=\"(max-width: 1600px) 100vw, 1600px\" alt=\"\">\r\n                            <\/a>\r\n                            \r\n                        <\/figure>\r\n                    <\/div>\r\n                            <\/div>\r\n                        <\/div>\r\n\r\n                        <div class = \"td-doubleSlider-2\">\r\n                            <div class = \"td-slider\">\r\n                                \r\n                    <div class = \"td-button td-item1\">\r\n                        <div class = \"td-border\"><\/div>\r\n                    <\/div>\r\n                    <div class = \"td-button td-item2\">\r\n                        <div class = \"td-border\"><\/div>\r\n                    <\/div>\r\n                    <div class = \"td-button td-item3\">\r\n                        <div class = \"td-border\"><\/div>\r\n                    <\/div>\r\n                    <div class = \"td-button td-item4\">\r\n                        <div class = \"td-border\"><\/div>\r\n                    <\/div>\r\n                    <div class = \"td-button td-item5\">\r\n                        <div class = \"td-border\"><\/div>\r\n                    <\/div>\r\n                    <div class = \"td-button td-item6\">\r\n                        <div class = \"td-border\"><\/div>\r\n                    <\/div>\r\n                    <div class = \"td-button td-item7\">\r\n                        <div class = \"td-border\"><\/div>\r\n                    <\/div>\r\n                    <div class = \"td-button td-item8\">\r\n                        <div class = \"td-border\"><\/div>\r\n                    <\/div>\r\n                    <div class = \"td-button td-item9\">\r\n                        <div class = \"td-border\"><\/div>\r\n                    <\/div>\r\n                    <div class = \"td-button td-item10\">\r\n                        <div class = \"td-border\"><\/div>\r\n                    <\/div>\r\n                    <div class = \"td-button td-item11\">\r\n                        <div class = \"td-border\"><\/div>\r\n                    <\/div>\r\n                    <div class = \"td-button td-item12\">\r\n                        <div class = \"td-border\"><\/div>\r\n                    <\/div>\r\n                    <div class = \"td-button td-item13\">\r\n                        <div class = \"td-border\"><\/div>\r\n                    <\/div>\r\n                    <div class = \"td-button td-item14\">\r\n                        <div class = \"td-border\"><\/div>\r\n                    <\/div>\r\n                    <div class = \"td-button td-item15\">\r\n                        <div class = \"td-border\"><\/div>\r\n                    <\/div>\r\n                            <\/div>\r\n                        <\/div>\r\n\r\n                    <\/div>\r\n\r\n                <\/div>\r\n                ","protected":false},"excerpt":{"rendered":"<p>Park handlowy Vendo Park powstaje przy ul. My\u015bliborskiej na dw\u00f3ch dzia\u0142kach mi\u0119dzy sklepem Agata Meble i supermarketem Netto. Pierwsze prace budowlane ruszy\u0142y tutaj ju\u017c w listopadzie 2022 roku, jednak na dobre przyspieszy\u0142y one dopiero w ostatnich tygodniach. Dzi\u015b wida\u0107 ju\u017c g\u0142\u00f3wne betonowe s\u0142upy powstaj\u0105cego obiektu. Ca\u0142y czas trwa komercjalizacja obiektu. Podpisana zosta\u0142 w\u0142a\u015bnie umowa z trzecim najemc\u0105. Okre\u015blono r\u00f3wnie\u017c dat\u0119 otwarcia parku handlowego.<\/p>\n","protected":false},"author":1,"featured_media":11626,"comment_status":"open","ping_status":"open","sticky":false,"template":"","format":"standard","meta":{"footnotes":"","_links_to":"","_links_to_target":""},"categories":[2013,1624,589],"tags":[804,721,646,96,1629,247,126,113,281,110,132,1630,1631],"class_list":{"0":"post-11625","1":"post","2":"type-post","3":"status-publish","4":"format-standard","5":"has-post-thumbnail","7":"category-europejskie","8":"category-inwestycje-handlowe","9":"category-wiadomosci","10":"tag-action","11":"tag-agata-meble","12":"tag-dealz","13":"tag-galeria-askana","14":"tag-jacek-wesolowski","15":"tag-mysliborska","16":"tag-n-park","17":"tag-netto","18":"tag-osiedle-europejskie","19":"tag-park-handlowy","20":"tag-sinsay","21":"tag-trei-real-estate-poland","22":"tag-vendo-park"},"yoast_head":"<!-- This site is optimized with the Yoast SEO plugin v27.3 - https:\/\/yoast.com\/product\/yoast-seo-wordpress\/ -->\n<title>Prace przy budowie Vendo Parku przyspieszy\u0142y! Jest kolejny najemca i data otwarcia! (zdj\u0119cia) - Gorz\u00f3w News<\/title>\n<meta name=\"description\" content=\"Park handlowy Vendo Park powstaje przy ul. My\u015bliborskiej na dw\u00f3ch dzia\u0142kach mi\u0119dzy sklepem Agata Meble i supermarketem Netto. Pierwsze prace budow\" \/>\n<meta name=\"robots\" content=\"index, follow, max-snippet:-1, max-image-preview:large, max-video-preview:-1\" \/>\n<link rel=\"canonical\" href=\"https:\/\/gorzow.news\/index.php\/2023\/02\/13\/prace-przy-budowie-vendo-parku-przyspieszyly-jest-kolejny-najemca-i-data-otwarcia-zdjecia\/\" \/>\n<meta property=\"og:locale\" content=\"pl_PL\" \/>\n<meta property=\"og:type\" content=\"article\" \/>\n<meta property=\"og:title\" content=\"Prace przy budowie Vendo Parku przyspieszy\u0142y! Jest kolejny najemca i data otwarcia! (zdj\u0119cia) - Gorz\u00f3w News\" \/>\n<meta property=\"og:description\" content=\"Park handlowy Vendo Park powstaje przy ul. My\u015bliborskiej na dw\u00f3ch dzia\u0142kach mi\u0119dzy sklepem Agata Meble i supermarketem Netto. Pierwsze prace budow\" \/>\n<meta property=\"og:url\" content=\"https:\/\/gorzow.news\/index.php\/2023\/02\/13\/prace-przy-budowie-vendo-parku-przyspieszyly-jest-kolejny-najemca-i-data-otwarcia-zdjecia\/\" \/>\n<meta property=\"og:site_name\" content=\"Gorz\u00f3w News\" \/>\n<meta property=\"article:publisher\" content=\"https:\/\/www.facebook.com\/gorzowskinews\" \/>\n<meta property=\"article:published_time\" content=\"2023-02-13T07:05:16+00:00\" \/>\n<meta property=\"article:modified_time\" content=\"2023-03-04T12:40:12+00:00\" \/>\n<meta property=\"og:image\" content=\"https:\/\/gorzow.news\/wp-content\/uploads\/2023\/02\/IMG_20230212_141507.jpg\" \/>\n\t<meta property=\"og:image:width\" content=\"1600\" \/>\n\t<meta property=\"og:image:height\" content=\"757\" \/>\n\t<meta property=\"og:image:type\" content=\"image\/jpeg\" \/>\n<meta name=\"author\" content=\"maciej\" \/>\n<meta name=\"twitter:card\" content=\"summary_large_image\" \/>\n<meta name=\"twitter:label1\" content=\"Napisane przez\" \/>\n\t<meta name=\"twitter:data1\" content=\"maciej\" \/>\n\t<meta name=\"twitter:label2\" content=\"Szacowany czas czytania\" \/>\n\t<meta name=\"twitter:data2\" content=\"3 minuty\" \/>\n<script type=\"application\/ld+json\" class=\"yoast-schema-graph\">{\"@context\":\"https:\\\/\\\/schema.org\",\"@graph\":[{\"@type\":\"Article\",\"@id\":\"https:\\\/\\\/gorzow.news\\\/index.php\\\/2023\\\/02\\\/13\\\/prace-przy-budowie-vendo-parku-przyspieszyly-jest-kolejny-najemca-i-data-otwarcia-zdjecia\\\/#article\",\"isPartOf\":{\"@id\":\"https:\\\/\\\/gorzow.news\\\/index.php\\\/2023\\\/02\\\/13\\\/prace-przy-budowie-vendo-parku-przyspieszyly-jest-kolejny-najemca-i-data-otwarcia-zdjecia\\\/\"},\"author\":{\"name\":\"maciej\",\"@id\":\"https:\\\/\\\/gorzow.news\\\/#\\\/schema\\\/person\\\/a1e5ab43166369f2ce236a1cd90995bb\"},\"headline\":\"Prace przy budowie Vendo Parku przyspieszy\u0142y! Jest kolejny najemca i data otwarcia! (zdj\u0119cia)\",\"datePublished\":\"2023-02-13T07:05:16+00:00\",\"dateModified\":\"2023-03-04T12:40:12+00:00\",\"mainEntityOfPage\":{\"@id\":\"https:\\\/\\\/gorzow.news\\\/index.php\\\/2023\\\/02\\\/13\\\/prace-przy-budowie-vendo-parku-przyspieszyly-jest-kolejny-najemca-i-data-otwarcia-zdjecia\\\/\"},\"wordCount\":585,\"commentCount\":0,\"image\":{\"@id\":\"https:\\\/\\\/gorzow.news\\\/index.php\\\/2023\\\/02\\\/13\\\/prace-przy-budowie-vendo-parku-przyspieszyly-jest-kolejny-najemca-i-data-otwarcia-zdjecia\\\/#primaryimage\"},\"thumbnailUrl\":\"https:\\\/\\\/gorzow.news\\\/wp-content\\\/uploads\\\/2023\\\/02\\\/IMG_20230212_141507.jpg\",\"keywords\":[\"Action\",\"Agata Meble\",\"Dealz\",\"Galeria Askana\",\"Jacek Weso\u0142owski\",\"My\u015bliborska\",\"N-Park\",\"Netto\",\"Osiedle Europejskie\",\"park handlowy\",\"Sinsay\",\"Trei Real Estate Poland\",\"Vendo Park\"],\"articleSection\":[\"Europejskie\",\"Inwestycje handlowe\",\"Wiadomo\u015bci\"],\"inLanguage\":\"pl-PL\",\"potentialAction\":[{\"@type\":\"CommentAction\",\"name\":\"Comment\",\"target\":[\"https:\\\/\\\/gorzow.news\\\/index.php\\\/2023\\\/02\\\/13\\\/prace-przy-budowie-vendo-parku-przyspieszyly-jest-kolejny-najemca-i-data-otwarcia-zdjecia\\\/#respond\"]}]},{\"@type\":\"WebPage\",\"@id\":\"https:\\\/\\\/gorzow.news\\\/index.php\\\/2023\\\/02\\\/13\\\/prace-przy-budowie-vendo-parku-przyspieszyly-jest-kolejny-najemca-i-data-otwarcia-zdjecia\\\/\",\"url\":\"https:\\\/\\\/gorzow.news\\\/index.php\\\/2023\\\/02\\\/13\\\/prace-przy-budowie-vendo-parku-przyspieszyly-jest-kolejny-najemca-i-data-otwarcia-zdjecia\\\/\",\"name\":\"Prace przy budowie Vendo Parku przyspieszy\u0142y! Jest kolejny najemca i data otwarcia! (zdj\u0119cia) - Gorz\u00f3w News\",\"isPartOf\":{\"@id\":\"https:\\\/\\\/gorzow.news\\\/#website\"},\"primaryImageOfPage\":{\"@id\":\"https:\\\/\\\/gorzow.news\\\/index.php\\\/2023\\\/02\\\/13\\\/prace-przy-budowie-vendo-parku-przyspieszyly-jest-kolejny-najemca-i-data-otwarcia-zdjecia\\\/#primaryimage\"},\"image\":{\"@id\":\"https:\\\/\\\/gorzow.news\\\/index.php\\\/2023\\\/02\\\/13\\\/prace-przy-budowie-vendo-parku-przyspieszyly-jest-kolejny-najemca-i-data-otwarcia-zdjecia\\\/#primaryimage\"},\"thumbnailUrl\":\"https:\\\/\\\/gorzow.news\\\/wp-content\\\/uploads\\\/2023\\\/02\\\/IMG_20230212_141507.jpg\",\"datePublished\":\"2023-02-13T07:05:16+00:00\",\"dateModified\":\"2023-03-04T12:40:12+00:00\",\"author\":{\"@id\":\"https:\\\/\\\/gorzow.news\\\/#\\\/schema\\\/person\\\/a1e5ab43166369f2ce236a1cd90995bb\"},\"description\":\"Park handlowy Vendo Park powstaje przy ul. My\u015bliborskiej na dw\u00f3ch dzia\u0142kach mi\u0119dzy sklepem Agata Meble i supermarketem Netto. Pierwsze prace budowlane ruszy\u0142y tutaj ju\u017c w listopadzie 2022 roku, jednak na dobre przyspieszy\u0142y one dopiero w ostatnich tygodniach. Dzi\u015b wida\u0107 ju\u017c g\u0142\u00f3wne betonowe s\u0142upy powstaj\u0105cego obiektu. Ca\u0142y czas trwa komercjalizacja obiektu. Podpisana zosta\u0142 w\u0142a\u015bnie umowa z trzecim najemc\u0105. Okre\u015blono r\u00f3wnie\u017c dat\u0119 otwarcia parku handlowego.\",\"breadcrumb\":{\"@id\":\"https:\\\/\\\/gorzow.news\\\/index.php\\\/2023\\\/02\\\/13\\\/prace-przy-budowie-vendo-parku-przyspieszyly-jest-kolejny-najemca-i-data-otwarcia-zdjecia\\\/#breadcrumb\"},\"inLanguage\":\"pl-PL\",\"potentialAction\":[{\"@type\":\"ReadAction\",\"target\":[\"https:\\\/\\\/gorzow.news\\\/index.php\\\/2023\\\/02\\\/13\\\/prace-przy-budowie-vendo-parku-przyspieszyly-jest-kolejny-najemca-i-data-otwarcia-zdjecia\\\/\"]}]},{\"@type\":\"ImageObject\",\"inLanguage\":\"pl-PL\",\"@id\":\"https:\\\/\\\/gorzow.news\\\/index.php\\\/2023\\\/02\\\/13\\\/prace-przy-budowie-vendo-parku-przyspieszyly-jest-kolejny-najemca-i-data-otwarcia-zdjecia\\\/#primaryimage\",\"url\":\"https:\\\/\\\/gorzow.news\\\/wp-content\\\/uploads\\\/2023\\\/02\\\/IMG_20230212_141507.jpg\",\"contentUrl\":\"https:\\\/\\\/gorzow.news\\\/wp-content\\\/uploads\\\/2023\\\/02\\\/IMG_20230212_141507.jpg\",\"width\":1600,\"height\":757,\"caption\":\"Wida\u0107 pierwszy zarys powstaj\u0105cego przy ul. My\u015bliborskiej Vendo Parku.\"},{\"@type\":\"BreadcrumbList\",\"@id\":\"https:\\\/\\\/gorzow.news\\\/index.php\\\/2023\\\/02\\\/13\\\/prace-przy-budowie-vendo-parku-przyspieszyly-jest-kolejny-najemca-i-data-otwarcia-zdjecia\\\/#breadcrumb\",\"itemListElement\":[{\"@type\":\"ListItem\",\"position\":1,\"name\":\"Home\",\"item\":\"https:\\\/\\\/gorzow.news\\\/\"},{\"@type\":\"ListItem\",\"position\":2,\"name\":\"Prace przy budowie Vendo Parku przyspieszy\u0142y! Jest kolejny najemca i data otwarcia! (zdj\u0119cia)\"}]},{\"@type\":\"WebSite\",\"@id\":\"https:\\\/\\\/gorzow.news\\\/#website\",\"url\":\"https:\\\/\\\/gorzow.news\\\/\",\"name\":\"Gorz\u00f3w News\",\"description\":\"Sp\u00f3jrz inaczej na miato i region...\",\"potentialAction\":[{\"@type\":\"SearchAction\",\"target\":{\"@type\":\"EntryPoint\",\"urlTemplate\":\"https:\\\/\\\/gorzow.news\\\/?s={search_term_string}\"},\"query-input\":{\"@type\":\"PropertyValueSpecification\",\"valueRequired\":true,\"valueName\":\"search_term_string\"}}],\"inLanguage\":\"pl-PL\"},{\"@type\":\"Person\",\"@id\":\"https:\\\/\\\/gorzow.news\\\/#\\\/schema\\\/person\\\/a1e5ab43166369f2ce236a1cd90995bb\",\"name\":\"maciej\",\"image\":{\"@type\":\"ImageObject\",\"inLanguage\":\"pl-PL\",\"@id\":\"https:\\\/\\\/secure.gravatar.com\\\/avatar\\\/530a674d56ba60cfa0ef21d74e8e8d123a51bb7aa6580465b5c2ab2c2e980a19?s=96&r=g&d=https:\\\/\\\/gorzow.news\\\/wp-content\\\/plugins\\\/userswp\\\/assets\\\/images\\\/no_profile.png\",\"url\":\"https:\\\/\\\/secure.gravatar.com\\\/avatar\\\/530a674d56ba60cfa0ef21d74e8e8d123a51bb7aa6580465b5c2ab2c2e980a19?s=96&r=g&d=https:\\\/\\\/gorzow.news\\\/wp-content\\\/plugins\\\/userswp\\\/assets\\\/images\\\/no_profile.png\",\"contentUrl\":\"https:\\\/\\\/secure.gravatar.com\\\/avatar\\\/530a674d56ba60cfa0ef21d74e8e8d123a51bb7aa6580465b5c2ab2c2e980a19?s=96&r=g&d=https:\\\/\\\/gorzow.news\\\/wp-content\\\/plugins\\\/userswp\\\/assets\\\/images\\\/no_profile.png\",\"caption\":\"maciej\"},\"url\":\"https:\\\/\\\/gorzow.news\\\/index.php\\\/profile\\\/maciej\\\/\"}]}<\/script>\n<!-- \/ Yoast SEO plugin. -->","yoast_head_json":{"title":"Prace przy budowie Vendo Parku przyspieszy\u0142y! Jest kolejny najemca i data otwarcia! (zdj\u0119cia) - Gorz\u00f3w News","description":"Park handlowy Vendo Park powstaje przy ul. My\u015bliborskiej na dw\u00f3ch dzia\u0142kach mi\u0119dzy sklepem Agata Meble i supermarketem Netto. Pierwsze prace budow","robots":{"index":"index","follow":"follow","max-snippet":"max-snippet:-1","max-image-preview":"max-image-preview:large","max-video-preview":"max-video-preview:-1"},"canonical":"https:\/\/gorzow.news\/index.php\/2023\/02\/13\/prace-przy-budowie-vendo-parku-przyspieszyly-jest-kolejny-najemca-i-data-otwarcia-zdjecia\/","og_locale":"pl_PL","og_type":"article","og_title":"Prace przy budowie Vendo Parku przyspieszy\u0142y! Jest kolejny najemca i data otwarcia! (zdj\u0119cia) - Gorz\u00f3w News","og_description":"Park handlowy Vendo Park powstaje przy ul. My\u015bliborskiej na dw\u00f3ch dzia\u0142kach mi\u0119dzy sklepem Agata Meble i supermarketem Netto. Pierwsze prace budow","og_url":"https:\/\/gorzow.news\/index.php\/2023\/02\/13\/prace-przy-budowie-vendo-parku-przyspieszyly-jest-kolejny-najemca-i-data-otwarcia-zdjecia\/","og_site_name":"Gorz\u00f3w News","article_publisher":"https:\/\/www.facebook.com\/gorzowskinews","article_published_time":"2023-02-13T07:05:16+00:00","article_modified_time":"2023-03-04T12:40:12+00:00","og_image":[{"width":1600,"height":757,"url":"https:\/\/gorzow.news\/wp-content\/uploads\/2023\/02\/IMG_20230212_141507.jpg","type":"image\/jpeg"}],"author":"maciej","twitter_card":"summary_large_image","twitter_misc":{"Napisane przez":"maciej","Szacowany czas czytania":"3 minuty"},"schema":{"@context":"https:\/\/schema.org","@graph":[{"@type":"Article","@id":"https:\/\/gorzow.news\/index.php\/2023\/02\/13\/prace-przy-budowie-vendo-parku-przyspieszyly-jest-kolejny-najemca-i-data-otwarcia-zdjecia\/#article","isPartOf":{"@id":"https:\/\/gorzow.news\/index.php\/2023\/02\/13\/prace-przy-budowie-vendo-parku-przyspieszyly-jest-kolejny-najemca-i-data-otwarcia-zdjecia\/"},"author":{"name":"maciej","@id":"https:\/\/gorzow.news\/#\/schema\/person\/a1e5ab43166369f2ce236a1cd90995bb"},"headline":"Prace przy budowie Vendo Parku przyspieszy\u0142y! Jest kolejny najemca i data otwarcia! (zdj\u0119cia)","datePublished":"2023-02-13T07:05:16+00:00","dateModified":"2023-03-04T12:40:12+00:00","mainEntityOfPage":{"@id":"https:\/\/gorzow.news\/index.php\/2023\/02\/13\/prace-przy-budowie-vendo-parku-przyspieszyly-jest-kolejny-najemca-i-data-otwarcia-zdjecia\/"},"wordCount":585,"commentCount":0,"image":{"@id":"https:\/\/gorzow.news\/index.php\/2023\/02\/13\/prace-przy-budowie-vendo-parku-przyspieszyly-jest-kolejny-najemca-i-data-otwarcia-zdjecia\/#primaryimage"},"thumbnailUrl":"https:\/\/gorzow.news\/wp-content\/uploads\/2023\/02\/IMG_20230212_141507.jpg","keywords":["Action","Agata Meble","Dealz","Galeria Askana","Jacek Weso\u0142owski","My\u015bliborska","N-Park","Netto","Osiedle Europejskie","park handlowy","Sinsay","Trei Real Estate Poland","Vendo Park"],"articleSection":["Europejskie","Inwestycje handlowe","Wiadomo\u015bci"],"inLanguage":"pl-PL","potentialAction":[{"@type":"CommentAction","name":"Comment","target":["https:\/\/gorzow.news\/index.php\/2023\/02\/13\/prace-przy-budowie-vendo-parku-przyspieszyly-jest-kolejny-najemca-i-data-otwarcia-zdjecia\/#respond"]}]},{"@type":"WebPage","@id":"https:\/\/gorzow.news\/index.php\/2023\/02\/13\/prace-przy-budowie-vendo-parku-przyspieszyly-jest-kolejny-najemca-i-data-otwarcia-zdjecia\/","url":"https:\/\/gorzow.news\/index.php\/2023\/02\/13\/prace-przy-budowie-vendo-parku-przyspieszyly-jest-kolejny-najemca-i-data-otwarcia-zdjecia\/","name":"Prace przy budowie Vendo Parku przyspieszy\u0142y! Jest kolejny najemca i data otwarcia! (zdj\u0119cia) - Gorz\u00f3w News","isPartOf":{"@id":"https:\/\/gorzow.news\/#website"},"primaryImageOfPage":{"@id":"https:\/\/gorzow.news\/index.php\/2023\/02\/13\/prace-przy-budowie-vendo-parku-przyspieszyly-jest-kolejny-najemca-i-data-otwarcia-zdjecia\/#primaryimage"},"image":{"@id":"https:\/\/gorzow.news\/index.php\/2023\/02\/13\/prace-przy-budowie-vendo-parku-przyspieszyly-jest-kolejny-najemca-i-data-otwarcia-zdjecia\/#primaryimage"},"thumbnailUrl":"https:\/\/gorzow.news\/wp-content\/uploads\/2023\/02\/IMG_20230212_141507.jpg","datePublished":"2023-02-13T07:05:16+00:00","dateModified":"2023-03-04T12:40:12+00:00","author":{"@id":"https:\/\/gorzow.news\/#\/schema\/person\/a1e5ab43166369f2ce236a1cd90995bb"},"description":"Park handlowy Vendo Park powstaje przy ul. My\u015bliborskiej na dw\u00f3ch dzia\u0142kach mi\u0119dzy sklepem Agata Meble i supermarketem Netto. Pierwsze prace budowlane ruszy\u0142y tutaj ju\u017c w listopadzie 2022 roku, jednak na dobre przyspieszy\u0142y one dopiero w ostatnich tygodniach. Dzi\u015b wida\u0107 ju\u017c g\u0142\u00f3wne betonowe s\u0142upy powstaj\u0105cego obiektu. Ca\u0142y czas trwa komercjalizacja obiektu. Podpisana zosta\u0142 w\u0142a\u015bnie umowa z trzecim najemc\u0105. Okre\u015blono r\u00f3wnie\u017c dat\u0119 otwarcia parku handlowego.","breadcrumb":{"@id":"https:\/\/gorzow.news\/index.php\/2023\/02\/13\/prace-przy-budowie-vendo-parku-przyspieszyly-jest-kolejny-najemca-i-data-otwarcia-zdjecia\/#breadcrumb"},"inLanguage":"pl-PL","potentialAction":[{"@type":"ReadAction","target":["https:\/\/gorzow.news\/index.php\/2023\/02\/13\/prace-przy-budowie-vendo-parku-przyspieszyly-jest-kolejny-najemca-i-data-otwarcia-zdjecia\/"]}]},{"@type":"ImageObject","inLanguage":"pl-PL","@id":"https:\/\/gorzow.news\/index.php\/2023\/02\/13\/prace-przy-budowie-vendo-parku-przyspieszyly-jest-kolejny-najemca-i-data-otwarcia-zdjecia\/#primaryimage","url":"https:\/\/gorzow.news\/wp-content\/uploads\/2023\/02\/IMG_20230212_141507.jpg","contentUrl":"https:\/\/gorzow.news\/wp-content\/uploads\/2023\/02\/IMG_20230212_141507.jpg","width":1600,"height":757,"caption":"Wida\u0107 pierwszy zarys powstaj\u0105cego przy ul. My\u015bliborskiej Vendo Parku."},{"@type":"BreadcrumbList","@id":"https:\/\/gorzow.news\/index.php\/2023\/02\/13\/prace-przy-budowie-vendo-parku-przyspieszyly-jest-kolejny-najemca-i-data-otwarcia-zdjecia\/#breadcrumb","itemListElement":[{"@type":"ListItem","position":1,"name":"Home","item":"https:\/\/gorzow.news\/"},{"@type":"ListItem","position":2,"name":"Prace przy budowie Vendo Parku przyspieszy\u0142y! Jest kolejny najemca i data otwarcia! (zdj\u0119cia)"}]},{"@type":"WebSite","@id":"https:\/\/gorzow.news\/#website","url":"https:\/\/gorzow.news\/","name":"Gorz\u00f3w News","description":"Sp\u00f3jrz inaczej na miato i region...","potentialAction":[{"@type":"SearchAction","target":{"@type":"EntryPoint","urlTemplate":"https:\/\/gorzow.news\/?s={search_term_string}"},"query-input":{"@type":"PropertyValueSpecification","valueRequired":true,"valueName":"search_term_string"}}],"inLanguage":"pl-PL"},{"@type":"Person","@id":"https:\/\/gorzow.news\/#\/schema\/person\/a1e5ab43166369f2ce236a1cd90995bb","name":"maciej","image":{"@type":"ImageObject","inLanguage":"pl-PL","@id":"https:\/\/secure.gravatar.com\/avatar\/530a674d56ba60cfa0ef21d74e8e8d123a51bb7aa6580465b5c2ab2c2e980a19?s=96&r=g&d=https:\/\/gorzow.news\/wp-content\/plugins\/userswp\/assets\/images\/no_profile.png","url":"https:\/\/secure.gravatar.com\/avatar\/530a674d56ba60cfa0ef21d74e8e8d123a51bb7aa6580465b5c2ab2c2e980a19?s=96&r=g&d=https:\/\/gorzow.news\/wp-content\/plugins\/userswp\/assets\/images\/no_profile.png","contentUrl":"https:\/\/secure.gravatar.com\/avatar\/530a674d56ba60cfa0ef21d74e8e8d123a51bb7aa6580465b5c2ab2c2e980a19?s=96&r=g&d=https:\/\/gorzow.news\/wp-content\/plugins\/userswp\/assets\/images\/no_profile.png","caption":"maciej"},"url":"https:\/\/gorzow.news\/index.php\/profile\/maciej\/"}]}},"_links":{"self":[{"href":"https:\/\/gorzow.news\/index.php\/wp-json\/wp\/v2\/posts\/11625","targetHints":{"allow":["GET"]}}],"collection":[{"href":"https:\/\/gorzow.news\/index.php\/wp-json\/wp\/v2\/posts"}],"about":[{"href":"https:\/\/gorzow.news\/index.php\/wp-json\/wp\/v2\/types\/post"}],"author":[{"embeddable":true,"href":"https:\/\/gorzow.news\/index.php\/wp-json\/wp\/v2\/users\/1"}],"replies":[{"embeddable":true,"href":"https:\/\/gorzow.news\/index.php\/wp-json\/wp\/v2\/comments?post=11625"}],"version-history":[{"count":0,"href":"https:\/\/gorzow.news\/index.php\/wp-json\/wp\/v2\/posts\/11625\/revisions"}],"wp:featuredmedia":[{"embeddable":true,"href":"https:\/\/gorzow.news\/index.php\/wp-json\/wp\/v2\/media\/11626"}],"wp:attachment":[{"href":"https:\/\/gorzow.news\/index.php\/wp-json\/wp\/v2\/media?parent=11625"}],"wp:term":[{"taxonomy":"category","embeddable":true,"href":"https:\/\/gorzow.news\/index.php\/wp-json\/wp\/v2\/categories?post=11625"},{"taxonomy":"post_tag","embeddable":true,"href":"https:\/\/gorzow.news\/index.php\/wp-json\/wp\/v2\/tags?post=11625"}],"curies":[{"name":"wp","href":"https:\/\/api.w.org\/{rel}","templated":true}]}}