{"id":11567,"date":"2023-02-06T09:17:11","date_gmt":"2023-02-06T08:17:11","guid":{"rendered":"https:\/\/gorzow.news\/?p=11567"},"modified":"2023-03-04T13:46:25","modified_gmt":"2023-03-04T12:46:25","slug":"ogromny-biurowiec-wystawiony-na-sprzedaz-kiedys-mial-tu-byc-akademik","status":"publish","type":"post","link":"https:\/\/gorzow.news\/index.php\/2023\/02\/06\/ogromny-biurowiec-wystawiony-na-sprzedaz-kiedys-mial-tu-byc-akademik\/","title":{"rendered":"Ogromny biurowiec wystawiony na sprzeda\u017c! Kiedy\u015b mia\u0142 tu by\u0107 akademik!"},"content":{"rendered":"\n<p><strong>W latach osiemdziesi\u0105tych XX wieku ruszy\u0142a jeszcze w polu budowa ogromnego na gorzowskie warunki akademika. Inwestycja w pewnym momencie zosta\u0142a jednak wstrzymana na 10 lat. A sam budynek otrzyma\u0142 w\u00f3wczas w\u015br\u00f3d mieszka\u0144c\u00f3w nazw\u0119 &#8222;Szkieletor&#8221;, ze wzgl\u0119du na brak zewn\u0119trznych \u015bcian. Ostatecznie zosta\u0142 uko\u0144czony pod koniec lat 90. XX wieku, jako biurowiec ju\u017c na rozrastaj\u0105cym si\u0119 osiedlu Manhattan. Zmieni\u0142a si\u0119 r\u00f3wnie\u017c jego potoczna nazwa. Od momentu otwarcia m\u00f3wiono o nim &#8222;Watral&#8221; od nazwiska cukiernika, kt\u00f3ry w biurowcu mia\u0142 swoj\u0105 siedzib\u0119. Dzi\u015b budynek jest wystawiony na sprzeda\u017c za niebagateln\u0105 kwot\u0119 30 mln z\u0142. netto.<\/strong><\/p>\n\n\n\n<p>Nieruchomo\u015b\u0107 oficjalnie pod nazw\u0105 MANHATTAN BUSINESS CENTER o 12 kondygnacjach naziemnych, dzielonych mi\u0119dzy powierzchnie handlowe i biurowe oraz o podziemiu z 33 miejscami postojowymi zosta\u0142 w ostatnim czasie wystawiony na sprzeda\u017c.<\/p>\n\n\n\n<p>Powierzchnia u\u017cytkowa budynku to blisko 10.304 mkw., natomiast \u0142\u0105czna powierzchnia wynajmowana to blisko 9.243 mkw. plus miejsca parkingowe w podziemiu.<\/p>\n\n\n\n<p>&#8211; Obiekt wyposa\u017cony jest we wszelkie instalacje techniczne niezb\u0119dne do prawid\u0142owego funkcjonowania w tym: instalacj\u0119 grzewcz\u0105 zasilan\u0105 przez elektrociep\u0142owni\u0119, sie\u0107 \u015bwiat\u0142owodow\u0105 trzech niezale\u017cnych operator\u00f3w, sie\u0107 telefoniczn\u0105, monitoring oraz instalacj\u0119 przeciwpo\u017carow\u0105. W budynku funkcjonuje tak\u017ce recepcja z ochron\u0105 ca\u0142odobow\u0105. Za obs\u0142ug\u0119 komunikacji mi\u0119dzykondygnacyjnej odpowiadaj\u0105 trzy niezale\u017cne windy cichobie\u017cne, funkcjonuj\u0105ce mi\u0119dzy poziomem 0 a najwy\u017cszym pi\u0119trem oraz dwie klatki schodowe zlokalizowane w dw\u00f3ch kra\u0144cach budynku &#8211; czytamy w og\u0142oszeniu.<\/p>\n\n\n\n<figure class=\"wp-block-image size-large\"><img loading=\"lazy\" decoding=\"async\" width=\"1024\" height=\"700\" src=\"https:\/\/gorzow.news\/wp-content\/uploads\/2023\/02\/szkieletor-1024x700.jpg\" alt=\"\" class=\"wp-image-11568\" srcset=\"https:\/\/gorzow.news\/wp-content\/uploads\/2023\/02\/szkieletor-1024x700.jpg 1024w, https:\/\/gorzow.news\/wp-content\/uploads\/2023\/02\/szkieletor-300x205.jpg 300w, https:\/\/gorzow.news\/wp-content\/uploads\/2023\/02\/szkieletor-768x525.jpg 768w, https:\/\/gorzow.news\/wp-content\/uploads\/2023\/02\/szkieletor-1536x1050.jpg 1536w, https:\/\/gorzow.news\/wp-content\/uploads\/2023\/02\/szkieletor-218x150.jpg 218w, https:\/\/gorzow.news\/wp-content\/uploads\/2023\/02\/szkieletor-696x476.jpg 696w, https:\/\/gorzow.news\/wp-content\/uploads\/2023\/02\/szkieletor-1068x730.jpg 1068w, https:\/\/gorzow.news\/wp-content\/uploads\/2023\/02\/szkieletor.jpg 1821w\" sizes=\"auto, (max-width: 1024px) 100vw, 1024px\" \/><figcaption class=\"wp-element-caption\">Rok 1988, biurowiec w trakcie budowy. fot. Kazimierz Ligocki<\/figcaption><\/figure>\n\n\n\n<p>Obiekt po\u0142o\u017cony jest na ternie stanowi\u0105cym cztery dzia\u0142ki gruntu o \u0142\u0105cznej powierzchni 11.268 mkw. Du\u017ca cz\u0119\u015b\u0107 nieruchomo\u015bci gruntowej przeznaczona zosta\u0142a na zewn\u0119trzne miejsca parkingowe dla firm prowadz\u0105cych dzia\u0142alno\u015b\u0107 wewn\u0105trz obiektu i ich klient\u00f3w.<\/p>\n\n\n\n<p>&#8211; Bezpo\u015brednie s\u0105siedztwo stanowi\u0105 takie obiekty jak: Galeria Handlowa Feeria, nowo powstaj\u0105cy park handlowy S1 Gorz\u00f3w, w kt\u00f3rym zlokalizowany b\u0119dzie m.in. hipermarket Carrefour, jedno z najwi\u0119kszych i najsilniej rozwijaj\u0105cych si\u0119 osiedli mieszkaniowych w mie\u015bcie &#8211; os. Manhattan (z pe\u0142nym zapleczem handlowo us\u0142ugowym wyposa\u017conym m.in. w markety popularnych sieci handlowych jak Biedronka, Lidl, Netto, Aldi czy marketu budowlanego Castorama), jeden z najpopularniejszych ogrod\u00f3w rekreacyjnych &#8211; tzw. park G\u00f3rczy\u0144ski oraz autobusowy w\u0119ze\u0142 komunikacyjny MZK Gorz\u00f3w &#8211; zachwala okolic\u0119 po\u015brednik oferuj\u0105cy nieruchomo\u015b\u0107 na sprzeda\u017c.<\/p>\n\n\n\n<p>Kwota jak\u0105 obecny w\u0142a\u015bciciel chce otrzyma\u0107 za budynek, to 30 mln. z\u0142. netto.<\/p>\n\n\n\n<p><strong>Przeczytaj te\u017c:<\/strong><br>&#8211; <a href=\"https:\/\/gorzow.news\/index.php\/2022\/11\/04\/budynek-po-kinie-slonce-wraz-z-przylegla-dzialka-ponownie-na-sprzedaz\/\">Budynek po kinie S\u0142o\u0144ce wraz z przyleg\u0142\u0105 dzia\u0142k\u0105 ponownie na sprzeda\u017c<\/a><br>&#8211; <a href=\"https:\/\/gorzow.news\/index.php\/2022\/08\/11\/stary-dom-towarowy-zamkniety-co-tu-bedzie-zdjecia\/\">Stary Dom Towarowy zamkni\u0119ty! Co tu b\u0119dzie? (zdj\u0119cia)<\/a><br>&#8211; <a href=\"https:\/\/gorzow.news\/index.php\/2021\/07\/15\/zabytkowy-budynek-cesarskiego-urzedu-pocztowego-na-sprzedaz-cena-blisko-18-mln-zl\/\">Zabytkowy budynek Cesarskiego Urz\u0119du Pocztowego na sprzeda\u017c! Cena? Blisko 18 mln z\u0142!<\/a><\/p>\n","protected":false},"excerpt":{"rendered":"<p>W latach osiemdziesi\u0105tych XX wieku ruszy\u0142a jeszcze w polu budowa ogromnego na gorzowskie warunki akademika. Inwestycja w pewnym momencie zosta\u0142a jednak wstrzymana na 10 lat. A sam budynek otrzyma\u0142 w\u00f3wczas w\u015br\u00f3d mieszka\u0144c\u00f3w nazw\u0119 &#8222;Szkieletor&#8221;, ze wzgl\u0119du na brak zewn\u0119trznych \u015bcian. Ostatecznie zosta\u0142 uko\u0144czony pod koniec lat 90. XX wieku, jako biurowiec ju\u017c na rozrastaj\u0105cym si\u0119 osiedlu Manhattan. Zmieni\u0142a si\u0119 r\u00f3wnie\u017c jego potoczna nazwa. Od momentu otwarcia m\u00f3wiono o nim &#8222;Watral&#8221; od nazwiska cukiernika, kt\u00f3ry w biurowcu mia\u0142 swoj\u0105 siedzib\u0119. Dzi\u015b budynek jest wystawiony na sprzeda\u017c za niebagateln\u0105 kwot\u0119 30 mln z\u0142. netto.<\/p>\n","protected":false},"author":1,"featured_media":11569,"comment_status":"open","ping_status":"open","sticky":false,"template":"","format":"standard","meta":{"footnotes":"","_links_to":"","_links_to_target":""},"categories":[2015,591,589],"tags":[2029,1639,2028,2026,2027],"class_list":{"0":"post-11567","1":"post","2":"type-post","3":"status-publish","4":"format-standard","5":"has-post-thumbnail","7":"category-manhattan","8":"category-nieruchomosci2","10":"tag-biurowiec","11":"tag-manhattan","12":"tag-manhattan-business-center","13":"tag-szkieletor","14":"tag-watral"},"yoast_head":"<!-- This site is optimized with the Yoast SEO plugin v27.3 - https:\/\/yoast.com\/product\/yoast-seo-wordpress\/ -->\n<title>Ogromny biurowiec wystawiony na sprzeda\u017c! Kiedy\u015b mia\u0142 tu by\u0107 akademik! - Gorz\u00f3w News<\/title>\n<meta name=\"description\" content=\"W latach osiemdziesi\u0105tych XX wieku ruszy\u0142a jeszcze w polu budowa ogromnego na gorzowskie warunki akademika. Inwestycja w pewnym momencie zosta\u0142a je\" \/>\n<meta name=\"robots\" content=\"index, follow, max-snippet:-1, max-image-preview:large, max-video-preview:-1\" \/>\n<link rel=\"canonical\" href=\"https:\/\/gorzow.news\/index.php\/2023\/02\/06\/ogromny-biurowiec-wystawiony-na-sprzedaz-kiedys-mial-tu-byc-akademik\/\" \/>\n<meta property=\"og:locale\" content=\"pl_PL\" \/>\n<meta property=\"og:type\" content=\"article\" \/>\n<meta property=\"og:title\" content=\"Ogromny biurowiec wystawiony na sprzeda\u017c! Kiedy\u015b mia\u0142 tu by\u0107 akademik! - Gorz\u00f3w News\" \/>\n<meta property=\"og:description\" content=\"W latach osiemdziesi\u0105tych XX wieku ruszy\u0142a jeszcze w polu budowa ogromnego na gorzowskie warunki akademika. Inwestycja w pewnym momencie zosta\u0142a je\" \/>\n<meta property=\"og:url\" content=\"https:\/\/gorzow.news\/index.php\/2023\/02\/06\/ogromny-biurowiec-wystawiony-na-sprzedaz-kiedys-mial-tu-byc-akademik\/\" \/>\n<meta property=\"og:site_name\" content=\"Gorz\u00f3w News\" \/>\n<meta property=\"article:publisher\" content=\"https:\/\/www.facebook.com\/gorzowskinews\" \/>\n<meta property=\"article:published_time\" content=\"2023-02-06T08:17:11+00:00\" \/>\n<meta property=\"article:modified_time\" content=\"2023-03-04T12:46:25+00:00\" \/>\n<meta property=\"og:image\" content=\"https:\/\/gorzow.news\/wp-content\/uploads\/2023\/02\/watral.jpg\" \/>\n\t<meta property=\"og:image:width\" content=\"1276\" \/>\n\t<meta property=\"og:image:height\" content=\"606\" \/>\n\t<meta property=\"og:image:type\" content=\"image\/jpeg\" \/>\n<meta name=\"author\" content=\"maciej\" \/>\n<meta name=\"twitter:card\" content=\"summary_large_image\" \/>\n<meta name=\"twitter:label1\" content=\"Napisane przez\" \/>\n\t<meta name=\"twitter:data1\" content=\"maciej\" \/>\n\t<meta name=\"twitter:label2\" content=\"Szacowany czas czytania\" \/>\n\t<meta name=\"twitter:data2\" content=\"3 minuty\" \/>\n<script type=\"application\/ld+json\" class=\"yoast-schema-graph\">{\"@context\":\"https:\\\/\\\/schema.org\",\"@graph\":[{\"@type\":\"Article\",\"@id\":\"https:\\\/\\\/gorzow.news\\\/index.php\\\/2023\\\/02\\\/06\\\/ogromny-biurowiec-wystawiony-na-sprzedaz-kiedys-mial-tu-byc-akademik\\\/#article\",\"isPartOf\":{\"@id\":\"https:\\\/\\\/gorzow.news\\\/index.php\\\/2023\\\/02\\\/06\\\/ogromny-biurowiec-wystawiony-na-sprzedaz-kiedys-mial-tu-byc-akademik\\\/\"},\"author\":{\"name\":\"maciej\",\"@id\":\"https:\\\/\\\/gorzow.news\\\/#\\\/schema\\\/person\\\/a1e5ab43166369f2ce236a1cd90995bb\"},\"headline\":\"Ogromny biurowiec wystawiony na sprzeda\u017c! Kiedy\u015b mia\u0142 tu by\u0107 akademik!\",\"datePublished\":\"2023-02-06T08:17:11+00:00\",\"dateModified\":\"2023-03-04T12:46:25+00:00\",\"mainEntityOfPage\":{\"@id\":\"https:\\\/\\\/gorzow.news\\\/index.php\\\/2023\\\/02\\\/06\\\/ogromny-biurowiec-wystawiony-na-sprzedaz-kiedys-mial-tu-byc-akademik\\\/\"},\"wordCount\":461,\"commentCount\":0,\"image\":{\"@id\":\"https:\\\/\\\/gorzow.news\\\/index.php\\\/2023\\\/02\\\/06\\\/ogromny-biurowiec-wystawiony-na-sprzedaz-kiedys-mial-tu-byc-akademik\\\/#primaryimage\"},\"thumbnailUrl\":\"https:\\\/\\\/gorzow.news\\\/wp-content\\\/uploads\\\/2023\\\/02\\\/watral.jpg\",\"keywords\":[\"biurowiec\",\"Manhattan\",\"MANHATTAN BUSINESS CENTER\",\"Szkieletor\",\"Watral\"],\"articleSection\":[\"Manhattan\",\"Nieruchomo\u015bci2\",\"Wiadomo\u015bci\"],\"inLanguage\":\"pl-PL\",\"potentialAction\":[{\"@type\":\"CommentAction\",\"name\":\"Comment\",\"target\":[\"https:\\\/\\\/gorzow.news\\\/index.php\\\/2023\\\/02\\\/06\\\/ogromny-biurowiec-wystawiony-na-sprzedaz-kiedys-mial-tu-byc-akademik\\\/#respond\"]}]},{\"@type\":\"WebPage\",\"@id\":\"https:\\\/\\\/gorzow.news\\\/index.php\\\/2023\\\/02\\\/06\\\/ogromny-biurowiec-wystawiony-na-sprzedaz-kiedys-mial-tu-byc-akademik\\\/\",\"url\":\"https:\\\/\\\/gorzow.news\\\/index.php\\\/2023\\\/02\\\/06\\\/ogromny-biurowiec-wystawiony-na-sprzedaz-kiedys-mial-tu-byc-akademik\\\/\",\"name\":\"Ogromny biurowiec wystawiony na sprzeda\u017c! Kiedy\u015b mia\u0142 tu by\u0107 akademik! - Gorz\u00f3w News\",\"isPartOf\":{\"@id\":\"https:\\\/\\\/gorzow.news\\\/#website\"},\"primaryImageOfPage\":{\"@id\":\"https:\\\/\\\/gorzow.news\\\/index.php\\\/2023\\\/02\\\/06\\\/ogromny-biurowiec-wystawiony-na-sprzedaz-kiedys-mial-tu-byc-akademik\\\/#primaryimage\"},\"image\":{\"@id\":\"https:\\\/\\\/gorzow.news\\\/index.php\\\/2023\\\/02\\\/06\\\/ogromny-biurowiec-wystawiony-na-sprzedaz-kiedys-mial-tu-byc-akademik\\\/#primaryimage\"},\"thumbnailUrl\":\"https:\\\/\\\/gorzow.news\\\/wp-content\\\/uploads\\\/2023\\\/02\\\/watral.jpg\",\"datePublished\":\"2023-02-06T08:17:11+00:00\",\"dateModified\":\"2023-03-04T12:46:25+00:00\",\"author\":{\"@id\":\"https:\\\/\\\/gorzow.news\\\/#\\\/schema\\\/person\\\/a1e5ab43166369f2ce236a1cd90995bb\"},\"description\":\"W latach osiemdziesi\u0105tych XX wieku ruszy\u0142a jeszcze w polu budowa ogromnego na gorzowskie warunki akademika. Inwestycja w pewnym momencie zosta\u0142a jednak wstrzymana na 10 lat. A sam budynek otrzyma\u0142 w\u00f3wczas w\u015br\u00f3d mieszka\u0144c\u00f3w nazw\u0119 \\\"Szkieletor\\\", ze wzgl\u0119du na brak zewn\u0119trznych \u015bcian. Ostatecznie zosta\u0142 uko\u0144czony pod koniec lat 90. XX wieku, jako biurowiec ju\u017c na rozrastaj\u0105cym si\u0119 osiedlu Manhattan. Zmieni\u0142a si\u0119 r\u00f3wnie\u017c jego potoczna nazwa. Od momentu otwarcia m\u00f3wiono o nim \\\"Watral\\\" od nazwiska cukiernika, kt\u00f3ry w biurowcu mia\u0142 swoj\u0105 siedzib\u0119. Dzi\u015b budynek jest wystawiony na sprzeda\u017c za niebagateln\u0105 kwot\u0119 30 mln z\u0142. netto.\",\"breadcrumb\":{\"@id\":\"https:\\\/\\\/gorzow.news\\\/index.php\\\/2023\\\/02\\\/06\\\/ogromny-biurowiec-wystawiony-na-sprzedaz-kiedys-mial-tu-byc-akademik\\\/#breadcrumb\"},\"inLanguage\":\"pl-PL\",\"potentialAction\":[{\"@type\":\"ReadAction\",\"target\":[\"https:\\\/\\\/gorzow.news\\\/index.php\\\/2023\\\/02\\\/06\\\/ogromny-biurowiec-wystawiony-na-sprzedaz-kiedys-mial-tu-byc-akademik\\\/\"]}]},{\"@type\":\"ImageObject\",\"inLanguage\":\"pl-PL\",\"@id\":\"https:\\\/\\\/gorzow.news\\\/index.php\\\/2023\\\/02\\\/06\\\/ogromny-biurowiec-wystawiony-na-sprzedaz-kiedys-mial-tu-byc-akademik\\\/#primaryimage\",\"url\":\"https:\\\/\\\/gorzow.news\\\/wp-content\\\/uploads\\\/2023\\\/02\\\/watral.jpg\",\"contentUrl\":\"https:\\\/\\\/gorzow.news\\\/wp-content\\\/uploads\\\/2023\\\/02\\\/watral.jpg\",\"width\":1276,\"height\":606,\"caption\":\"Biurowiec MANHATTAN BUSINESS CENTER zosta\u0142 wystawiono na sprzeda\u017c za 30 mln z\u0142. netto. fot. MODER Nieruchomo\u015bci\"},{\"@type\":\"BreadcrumbList\",\"@id\":\"https:\\\/\\\/gorzow.news\\\/index.php\\\/2023\\\/02\\\/06\\\/ogromny-biurowiec-wystawiony-na-sprzedaz-kiedys-mial-tu-byc-akademik\\\/#breadcrumb\",\"itemListElement\":[{\"@type\":\"ListItem\",\"position\":1,\"name\":\"Home\",\"item\":\"https:\\\/\\\/gorzow.news\\\/\"},{\"@type\":\"ListItem\",\"position\":2,\"name\":\"Ogromny biurowiec wystawiony na sprzeda\u017c! Kiedy\u015b mia\u0142 tu by\u0107 akademik!\"}]},{\"@type\":\"WebSite\",\"@id\":\"https:\\\/\\\/gorzow.news\\\/#website\",\"url\":\"https:\\\/\\\/gorzow.news\\\/\",\"name\":\"Gorz\u00f3w News\",\"description\":\"Sp\u00f3jrz inaczej na miato i region...\",\"potentialAction\":[{\"@type\":\"SearchAction\",\"target\":{\"@type\":\"EntryPoint\",\"urlTemplate\":\"https:\\\/\\\/gorzow.news\\\/?s={search_term_string}\"},\"query-input\":{\"@type\":\"PropertyValueSpecification\",\"valueRequired\":true,\"valueName\":\"search_term_string\"}}],\"inLanguage\":\"pl-PL\"},{\"@type\":\"Person\",\"@id\":\"https:\\\/\\\/gorzow.news\\\/#\\\/schema\\\/person\\\/a1e5ab43166369f2ce236a1cd90995bb\",\"name\":\"maciej\",\"image\":{\"@type\":\"ImageObject\",\"inLanguage\":\"pl-PL\",\"@id\":\"https:\\\/\\\/secure.gravatar.com\\\/avatar\\\/530a674d56ba60cfa0ef21d74e8e8d123a51bb7aa6580465b5c2ab2c2e980a19?s=96&r=g&d=https:\\\/\\\/gorzow.news\\\/wp-content\\\/plugins\\\/userswp\\\/assets\\\/images\\\/no_profile.png\",\"url\":\"https:\\\/\\\/secure.gravatar.com\\\/avatar\\\/530a674d56ba60cfa0ef21d74e8e8d123a51bb7aa6580465b5c2ab2c2e980a19?s=96&r=g&d=https:\\\/\\\/gorzow.news\\\/wp-content\\\/plugins\\\/userswp\\\/assets\\\/images\\\/no_profile.png\",\"contentUrl\":\"https:\\\/\\\/secure.gravatar.com\\\/avatar\\\/530a674d56ba60cfa0ef21d74e8e8d123a51bb7aa6580465b5c2ab2c2e980a19?s=96&r=g&d=https:\\\/\\\/gorzow.news\\\/wp-content\\\/plugins\\\/userswp\\\/assets\\\/images\\\/no_profile.png\",\"caption\":\"maciej\"},\"url\":\"https:\\\/\\\/gorzow.news\\\/index.php\\\/profile\\\/maciej\\\/\"}]}<\/script>\n<!-- \/ Yoast SEO plugin. -->","yoast_head_json":{"title":"Ogromny biurowiec wystawiony na sprzeda\u017c! Kiedy\u015b mia\u0142 tu by\u0107 akademik! - Gorz\u00f3w News","description":"W latach osiemdziesi\u0105tych XX wieku ruszy\u0142a jeszcze w polu budowa ogromnego na gorzowskie warunki akademika. Inwestycja w pewnym momencie zosta\u0142a je","robots":{"index":"index","follow":"follow","max-snippet":"max-snippet:-1","max-image-preview":"max-image-preview:large","max-video-preview":"max-video-preview:-1"},"canonical":"https:\/\/gorzow.news\/index.php\/2023\/02\/06\/ogromny-biurowiec-wystawiony-na-sprzedaz-kiedys-mial-tu-byc-akademik\/","og_locale":"pl_PL","og_type":"article","og_title":"Ogromny biurowiec wystawiony na sprzeda\u017c! Kiedy\u015b mia\u0142 tu by\u0107 akademik! - Gorz\u00f3w News","og_description":"W latach osiemdziesi\u0105tych XX wieku ruszy\u0142a jeszcze w polu budowa ogromnego na gorzowskie warunki akademika. Inwestycja w pewnym momencie zosta\u0142a je","og_url":"https:\/\/gorzow.news\/index.php\/2023\/02\/06\/ogromny-biurowiec-wystawiony-na-sprzedaz-kiedys-mial-tu-byc-akademik\/","og_site_name":"Gorz\u00f3w News","article_publisher":"https:\/\/www.facebook.com\/gorzowskinews","article_published_time":"2023-02-06T08:17:11+00:00","article_modified_time":"2023-03-04T12:46:25+00:00","og_image":[{"width":1276,"height":606,"url":"https:\/\/gorzow.news\/wp-content\/uploads\/2023\/02\/watral.jpg","type":"image\/jpeg"}],"author":"maciej","twitter_card":"summary_large_image","twitter_misc":{"Napisane przez":"maciej","Szacowany czas czytania":"3 minuty"},"schema":{"@context":"https:\/\/schema.org","@graph":[{"@type":"Article","@id":"https:\/\/gorzow.news\/index.php\/2023\/02\/06\/ogromny-biurowiec-wystawiony-na-sprzedaz-kiedys-mial-tu-byc-akademik\/#article","isPartOf":{"@id":"https:\/\/gorzow.news\/index.php\/2023\/02\/06\/ogromny-biurowiec-wystawiony-na-sprzedaz-kiedys-mial-tu-byc-akademik\/"},"author":{"name":"maciej","@id":"https:\/\/gorzow.news\/#\/schema\/person\/a1e5ab43166369f2ce236a1cd90995bb"},"headline":"Ogromny biurowiec wystawiony na sprzeda\u017c! Kiedy\u015b mia\u0142 tu by\u0107 akademik!","datePublished":"2023-02-06T08:17:11+00:00","dateModified":"2023-03-04T12:46:25+00:00","mainEntityOfPage":{"@id":"https:\/\/gorzow.news\/index.php\/2023\/02\/06\/ogromny-biurowiec-wystawiony-na-sprzedaz-kiedys-mial-tu-byc-akademik\/"},"wordCount":461,"commentCount":0,"image":{"@id":"https:\/\/gorzow.news\/index.php\/2023\/02\/06\/ogromny-biurowiec-wystawiony-na-sprzedaz-kiedys-mial-tu-byc-akademik\/#primaryimage"},"thumbnailUrl":"https:\/\/gorzow.news\/wp-content\/uploads\/2023\/02\/watral.jpg","keywords":["biurowiec","Manhattan","MANHATTAN BUSINESS CENTER","Szkieletor","Watral"],"articleSection":["Manhattan","Nieruchomo\u015bci2","Wiadomo\u015bci"],"inLanguage":"pl-PL","potentialAction":[{"@type":"CommentAction","name":"Comment","target":["https:\/\/gorzow.news\/index.php\/2023\/02\/06\/ogromny-biurowiec-wystawiony-na-sprzedaz-kiedys-mial-tu-byc-akademik\/#respond"]}]},{"@type":"WebPage","@id":"https:\/\/gorzow.news\/index.php\/2023\/02\/06\/ogromny-biurowiec-wystawiony-na-sprzedaz-kiedys-mial-tu-byc-akademik\/","url":"https:\/\/gorzow.news\/index.php\/2023\/02\/06\/ogromny-biurowiec-wystawiony-na-sprzedaz-kiedys-mial-tu-byc-akademik\/","name":"Ogromny biurowiec wystawiony na sprzeda\u017c! Kiedy\u015b mia\u0142 tu by\u0107 akademik! - Gorz\u00f3w News","isPartOf":{"@id":"https:\/\/gorzow.news\/#website"},"primaryImageOfPage":{"@id":"https:\/\/gorzow.news\/index.php\/2023\/02\/06\/ogromny-biurowiec-wystawiony-na-sprzedaz-kiedys-mial-tu-byc-akademik\/#primaryimage"},"image":{"@id":"https:\/\/gorzow.news\/index.php\/2023\/02\/06\/ogromny-biurowiec-wystawiony-na-sprzedaz-kiedys-mial-tu-byc-akademik\/#primaryimage"},"thumbnailUrl":"https:\/\/gorzow.news\/wp-content\/uploads\/2023\/02\/watral.jpg","datePublished":"2023-02-06T08:17:11+00:00","dateModified":"2023-03-04T12:46:25+00:00","author":{"@id":"https:\/\/gorzow.news\/#\/schema\/person\/a1e5ab43166369f2ce236a1cd90995bb"},"description":"W latach osiemdziesi\u0105tych XX wieku ruszy\u0142a jeszcze w polu budowa ogromnego na gorzowskie warunki akademika. Inwestycja w pewnym momencie zosta\u0142a jednak wstrzymana na 10 lat. A sam budynek otrzyma\u0142 w\u00f3wczas w\u015br\u00f3d mieszka\u0144c\u00f3w nazw\u0119 \"Szkieletor\", ze wzgl\u0119du na brak zewn\u0119trznych \u015bcian. Ostatecznie zosta\u0142 uko\u0144czony pod koniec lat 90. XX wieku, jako biurowiec ju\u017c na rozrastaj\u0105cym si\u0119 osiedlu Manhattan. Zmieni\u0142a si\u0119 r\u00f3wnie\u017c jego potoczna nazwa. Od momentu otwarcia m\u00f3wiono o nim \"Watral\" od nazwiska cukiernika, kt\u00f3ry w biurowcu mia\u0142 swoj\u0105 siedzib\u0119. Dzi\u015b budynek jest wystawiony na sprzeda\u017c za niebagateln\u0105 kwot\u0119 30 mln z\u0142. netto.","breadcrumb":{"@id":"https:\/\/gorzow.news\/index.php\/2023\/02\/06\/ogromny-biurowiec-wystawiony-na-sprzedaz-kiedys-mial-tu-byc-akademik\/#breadcrumb"},"inLanguage":"pl-PL","potentialAction":[{"@type":"ReadAction","target":["https:\/\/gorzow.news\/index.php\/2023\/02\/06\/ogromny-biurowiec-wystawiony-na-sprzedaz-kiedys-mial-tu-byc-akademik\/"]}]},{"@type":"ImageObject","inLanguage":"pl-PL","@id":"https:\/\/gorzow.news\/index.php\/2023\/02\/06\/ogromny-biurowiec-wystawiony-na-sprzedaz-kiedys-mial-tu-byc-akademik\/#primaryimage","url":"https:\/\/gorzow.news\/wp-content\/uploads\/2023\/02\/watral.jpg","contentUrl":"https:\/\/gorzow.news\/wp-content\/uploads\/2023\/02\/watral.jpg","width":1276,"height":606,"caption":"Biurowiec MANHATTAN BUSINESS CENTER zosta\u0142 wystawiono na sprzeda\u017c za 30 mln z\u0142. netto. fot. MODER Nieruchomo\u015bci"},{"@type":"BreadcrumbList","@id":"https:\/\/gorzow.news\/index.php\/2023\/02\/06\/ogromny-biurowiec-wystawiony-na-sprzedaz-kiedys-mial-tu-byc-akademik\/#breadcrumb","itemListElement":[{"@type":"ListItem","position":1,"name":"Home","item":"https:\/\/gorzow.news\/"},{"@type":"ListItem","position":2,"name":"Ogromny biurowiec wystawiony na sprzeda\u017c! Kiedy\u015b mia\u0142 tu by\u0107 akademik!"}]},{"@type":"WebSite","@id":"https:\/\/gorzow.news\/#website","url":"https:\/\/gorzow.news\/","name":"Gorz\u00f3w News","description":"Sp\u00f3jrz inaczej na miato i region...","potentialAction":[{"@type":"SearchAction","target":{"@type":"EntryPoint","urlTemplate":"https:\/\/gorzow.news\/?s={search_term_string}"},"query-input":{"@type":"PropertyValueSpecification","valueRequired":true,"valueName":"search_term_string"}}],"inLanguage":"pl-PL"},{"@type":"Person","@id":"https:\/\/gorzow.news\/#\/schema\/person\/a1e5ab43166369f2ce236a1cd90995bb","name":"maciej","image":{"@type":"ImageObject","inLanguage":"pl-PL","@id":"https:\/\/secure.gravatar.com\/avatar\/530a674d56ba60cfa0ef21d74e8e8d123a51bb7aa6580465b5c2ab2c2e980a19?s=96&r=g&d=https:\/\/gorzow.news\/wp-content\/plugins\/userswp\/assets\/images\/no_profile.png","url":"https:\/\/secure.gravatar.com\/avatar\/530a674d56ba60cfa0ef21d74e8e8d123a51bb7aa6580465b5c2ab2c2e980a19?s=96&r=g&d=https:\/\/gorzow.news\/wp-content\/plugins\/userswp\/assets\/images\/no_profile.png","contentUrl":"https:\/\/secure.gravatar.com\/avatar\/530a674d56ba60cfa0ef21d74e8e8d123a51bb7aa6580465b5c2ab2c2e980a19?s=96&r=g&d=https:\/\/gorzow.news\/wp-content\/plugins\/userswp\/assets\/images\/no_profile.png","caption":"maciej"},"url":"https:\/\/gorzow.news\/index.php\/profile\/maciej\/"}]}},"_links":{"self":[{"href":"https:\/\/gorzow.news\/index.php\/wp-json\/wp\/v2\/posts\/11567","targetHints":{"allow":["GET"]}}],"collection":[{"href":"https:\/\/gorzow.news\/index.php\/wp-json\/wp\/v2\/posts"}],"about":[{"href":"https:\/\/gorzow.news\/index.php\/wp-json\/wp\/v2\/types\/post"}],"author":[{"embeddable":true,"href":"https:\/\/gorzow.news\/index.php\/wp-json\/wp\/v2\/users\/1"}],"replies":[{"embeddable":true,"href":"https:\/\/gorzow.news\/index.php\/wp-json\/wp\/v2\/comments?post=11567"}],"version-history":[{"count":0,"href":"https:\/\/gorzow.news\/index.php\/wp-json\/wp\/v2\/posts\/11567\/revisions"}],"wp:featuredmedia":[{"embeddable":true,"href":"https:\/\/gorzow.news\/index.php\/wp-json\/wp\/v2\/media\/11569"}],"wp:attachment":[{"href":"https:\/\/gorzow.news\/index.php\/wp-json\/wp\/v2\/media?parent=11567"}],"wp:term":[{"taxonomy":"category","embeddable":true,"href":"https:\/\/gorzow.news\/index.php\/wp-json\/wp\/v2\/categories?post=11567"},{"taxonomy":"post_tag","embeddable":true,"href":"https:\/\/gorzow.news\/index.php\/wp-json\/wp\/v2\/tags?post=11567"}],"curies":[{"name":"wp","href":"https:\/\/api.w.org\/{rel}","templated":true}]}}