{"id":11494,"date":"2023-02-01T11:40:05","date_gmt":"2023-02-01T10:40:05","guid":{"rendered":"https:\/\/gorzow.news\/?p=11494"},"modified":"2023-03-04T13:48:24","modified_gmt":"2023-03-04T12:48:24","slug":"przy-przemyslowej-mial-byc-wiekszy-parking-od-ponad-pol-roku-nic-sie-tu-jednak-nie-dzieje","status":"publish","type":"post","link":"https:\/\/gorzow.news\/index.php\/2023\/02\/01\/przy-przemyslowej-mial-byc-wiekszy-parking-od-ponad-pol-roku-nic-sie-tu-jednak-nie-dzieje\/","title":{"rendered":"Przy Przemys\u0142owej mia\u0142 by\u0107 wi\u0119kszy parking. Od ponad p\u00f3\u0142 roku nic si\u0119 tu jednak nie dzieje\u2026"},"content":{"rendered":"\n<p><strong>W ci\u0105gu kilku miesi\u0119cy ubieg\u0142ego roku (od marca do lipca) rozebrano budynek biurowy wraz z portierni\u0105 zlokalizowany przy skrzy\u017cowaniu ulic Przemys\u0142owej z Targow\u0105. Budynek od lat by\u0142 pustostanem. Ju\u017c w\u00f3wczas zaplanowano w tym miejscu powi\u0119kszenie parkingu. Od p\u00f3\u0142 roku na ogrodzonej dzia\u0142ce nic jednak nie zosta\u0142o wi\u0119cej zrobione. Kiedy rusz\u0105 prace?<\/strong><\/p>\n\n\n\n<p>Budynek przy skrzy\u017cowaniu ul. Przemys\u0142owej z Targow\u0105 sta\u0142 na dzia\u0142ce o nr 1854 o powierzchni 909 mkw. Po wyburzeniach wykonawca wywi\u00f3z\u0142 gruz i wst\u0119pnie wysprz\u0105ta\u0142 dzia\u0142k\u0119, kt\u00f3ra nale\u017cy do miasta. Pracami wyburzeniowymi na zlecenie w\u0142a\u015bnie miasta zaj\u0119\u0142a si\u0119 sp\u00f3\u0142ka Commercial Bulding Investments, czyli ta sama, kt\u00f3ra przebudowa\u0142a tu\u017c obok by\u0142\u0105 hal\u0119 Zak\u0142ad\u00f3w Mechanicznych Ursus. Dzi\u015b w hali mie\u015bci si\u0119 pasa\u017c handlowy wraz z cz\u0119\u015bci\u0105 biurow\u0105.<\/p>\n\n\n\n<figure class=\"wp-block-image size-large\"><img loading=\"lazy\" decoding=\"async\" width=\"1024\" height=\"512\" src=\"https:\/\/gorzow.news\/wp-content\/uploads\/2022\/08\/przemyslowa-parking-1024x512.jpg\" alt=\"\" class=\"wp-image-8858\" srcset=\"https:\/\/gorzow.news\/wp-content\/uploads\/2022\/08\/przemyslowa-parking-1024x512.jpg?v=1659447069 1024w, https:\/\/gorzow.news\/wp-content\/uploads\/2022\/08\/przemyslowa-parking-300x150.jpg?v=1659447069 300w, https:\/\/gorzow.news\/wp-content\/uploads\/2022\/08\/przemyslowa-parking-768x384.jpg?v=1659447069 768w, https:\/\/gorzow.news\/wp-content\/uploads\/2022\/08\/przemyslowa-parking-696x348.jpg?v=1659447069 696w, https:\/\/gorzow.news\/wp-content\/uploads\/2022\/08\/przemyslowa-parking-1068x534.jpg?v=1659447069 1068w, https:\/\/gorzow.news\/wp-content\/uploads\/2022\/08\/przemyslowa-parking.jpg?v=1659447069 1104w\" sizes=\"auto, (max-width: 1024px) 100vw, 1024px\" \/><figcaption class=\"wp-element-caption\">Dzia\u0142ka na kt\u00f3rej maj\u0105 powsta\u0107 nowe miejsca parkingowe.<\/figcaption><\/figure>\n\n\n\n<p>Z informacji, do kt\u00f3rych dotarli\u015bmy w sierpniu 2022 roku wynika\u0142o, \u017ce na dzia\u0142ce zostanie wybudowany dodatkowy parking dla klient\u00f3w targowiska, kt\u00f3re odbywa si\u0119 tu cztery dni w tygodniu i klient\u00f3w pasa\u017cu handlowego Targowa 7. Od tego czasu min\u0119\u0142o jednak p\u00f3l roku, a na ogrodzonej dzia\u0142ce nic wi\u0119cej si\u0119 ju\u017c nie dzia\u0142o.<\/p>\n\n\n\n<figure class=\"wp-block-image size-large\"><img loading=\"lazy\" decoding=\"async\" width=\"1024\" height=\"484\" src=\"https:\/\/gorzow.news\/wp-content\/uploads\/2022\/08\/IMG_20220427_171801_1-1024x484.jpg\" alt=\"\" class=\"wp-image-8847\" srcset=\"https:\/\/gorzow.news\/wp-content\/uploads\/2022\/08\/IMG_20220427_171801_1-1024x484.jpg?v=1659443390 1024w, https:\/\/gorzow.news\/wp-content\/uploads\/2022\/08\/IMG_20220427_171801_1-300x142.jpg?v=1659443390 300w, https:\/\/gorzow.news\/wp-content\/uploads\/2022\/08\/IMG_20220427_171801_1-768x363.jpg?v=1659443390 768w, https:\/\/gorzow.news\/wp-content\/uploads\/2022\/08\/IMG_20220427_171801_1-1536x727.jpg?v=1659443390 1536w, https:\/\/gorzow.news\/wp-content\/uploads\/2022\/08\/IMG_20220427_171801_1-696x329.jpg?v=1659443390 696w, https:\/\/gorzow.news\/wp-content\/uploads\/2022\/08\/IMG_20220427_171801_1-1068x505.jpg?v=1659443390 1068w, https:\/\/gorzow.news\/wp-content\/uploads\/2022\/08\/IMG_20220427_171801_1.jpg?v=1659443390 1600w\" sizes=\"auto, (max-width: 1024px) 100vw, 1024px\" \/><figcaption class=\"wp-element-caption\">Tak wygl\u0105da\u0142 budynek na dzia\u0142ce przy rogu ul. Przemys\u0142owej i Targowej w kwietniu 2022 roku.<\/figcaption><\/figure>\n\n\n\n<p>O plany odno\u015bnie dzia\u0142ki zapytali\u015bmy wi\u0119c w Urz\u0119dzie Miasta. O to co us\u0142yszeli\u015bmy: &#8211; Dzia\u0142ka gruntu o powierzchni 909 mkw. zosta\u0142a wydzier\u017cawiona sp\u00f3\u0142ce GOREM Property Sp. z o.o. z przeznaczeniem na roboty budowlane zwi\u0105zane z budow\u0105 parkingu. Zgodnie z zawart\u0105 umow\u0105 dzier\u017cawy &#8211; parking powinien zosta\u0107 wybudowany do 30 kwietnia 2023 roku &#8211; powiedzia\u0142a nam <strong>Stanis\u0142awa Sztuka<\/strong>, dyrektor Wydzia\u0142u Gospodarki Nieruchomo\u015bciami i Maj\u0105tku.<\/p>\n\n\n\n<p><strong>Przeczytaj te\u017c:<\/strong><br>&#8211; <a href=\"https:\/\/gorzow.news\/index.php\/2023\/01\/27\/budowa-hali-widowiskowo-sportowej-ile-ostatecznie-bedzie-kosztowac-i-kiedy-zostanie-ukonczona\/\">Budowa hali widowiskowo-sportowej: Ile ostatecznie b\u0119dzie kosztowa\u0107 i kiedy zostanie uko\u0144czona?<\/a><br>&#8211; <a href=\"https:\/\/gorzow.news\/index.php\/2023\/01\/16\/tymczasowe-miejsca-postojowe-dla-autobusow-przy-jancarza-gotowe-zdjecia\/\">Tymczasowe miejsca postojowe dla autobus\u00f3w przy Jancarza gotowe (zdj\u0119cia)<\/a><br>&#8211; <a href=\"https:\/\/gorzow.news\/index.php\/2023\/01\/10\/centrum-przesiadkowe-przetarg-w-lutym-pkp-wraca-do-rozmow-w-sprawie-przebudowy-dworca\/\">Centrum przesiadkowe: Przetarg w lutym. PKP wraca do rozm\u00f3w w sprawie przebudowy dworca!<\/a><br>&#8211; <a href=\"https:\/\/gorzow.news\/index.php\/2022\/12\/28\/przebudowa-poszpitalnych-budynkow-pod-internet-i-poradnie-trwa-od-miesiaca-jak-postepy-zdjecia\/\">Przebudowa poszpitalnych budynk\u00f3w pod internet i poradnie trwa od miesi\u0105ca! Jak post\u0119py? (zdj\u0119cia)<\/a><\/p>\n\n\n\r\n                <style type=\"text\/css\">\r\n                    \r\n                    #tdi_1  .td-doubleSlider-2 .td-item1 {\r\n                        background: url(https:\/\/gorzow.news\/wp-content\/uploads\/2023\/01\/IMG_20230107_140537_1.jpg?v=1675194959) 0 0 no-repeat;\r\n                    }\r\n                    #tdi_1  .td-doubleSlider-2 .td-item2 {\r\n                        background: url(https:\/\/gorzow.news\/wp-content\/uploads\/2023\/01\/IMG_20230107_140357_1.jpg?v=1675194954) 0 0 no-repeat;\r\n                    }\r\n                    #tdi_1  .td-doubleSlider-2 .td-item3 {\r\n                        background: url(https:\/\/gorzow.news\/wp-content\/uploads\/2023\/01\/IMG_20230107_140507-1.jpg?v=1675194956) 0 0 no-repeat;\r\n                    }\r\n                <\/style>\r\n\r\n                <div id=\"tdi_1\" class=\"td-gallery td-slide-on-2-columns\">\r\n                    <div class=\"post_td_gallery\">\r\n                        <div class=\"td-gallery-slide-top\">\r\n                           <div class=\"td-gallery-title\">Dzia\u0142ka na rogu ul. Przemys\u0142owej i Targowej na kt\u00f3rej powsta\u0107 ma parking - stycze\u0144 2023 r.<\/div>\r\n\r\n                            <div class=\"td-gallery-controls-wrapper\">\r\n                                <div class=\"td-gallery-slide-count\"><span class=\"td-gallery-slide-item-focus\">1<\/span> z 3<\/div>\r\n                                <div class=\"td-gallery-slide-prev-next-but\">\r\n                                    <i class = \"td-icon-left doubleSliderPrevButton\"><\/i>\r\n                                    <i class = \"td-icon-right doubleSliderNextButton\"><\/i>\r\n                                <\/div>\r\n                            <\/div>\r\n                        <\/div>\r\n\r\n                        <div class = \"td-doubleSlider-1 \">\r\n                            <div class = \"td-slider\">\r\n                                \r\n                    <div class = \"td-slide-item td-item1\">\r\n                        <figure class=\"td-slide-galery-figure td-slide-popup-gallery\">\r\n                            <a class=\"slide-gallery-image-link\" href=\"https:\/\/gorzow.news\/wp-content\/uploads\/2023\/01\/IMG_20230107_140537_1.jpg?v=1675194959\" title=\"\"  data-caption=\"\"  data-description=\"\">\r\n                                <img decoding=\"async\" src=\"https:\/\/gorzow.news\/wp-content\/uploads\/2023\/01\/IMG_20230107_140537_1.jpg?v=1675194959\" srcset=\"https:\/\/gorzow.news\/wp-content\/uploads\/2023\/01\/IMG_20230107_140537_1.jpg?v=1675194959 1600w, https:\/\/gorzow.news\/wp-content\/uploads\/2023\/01\/IMG_20230107_140537_1-300x142.jpg?v=1675194959 300w, https:\/\/gorzow.news\/wp-content\/uploads\/2023\/01\/IMG_20230107_140537_1-1024x484.jpg?v=1675194959 1024w, https:\/\/gorzow.news\/wp-content\/uploads\/2023\/01\/IMG_20230107_140537_1-768x363.jpg?v=1675194959 768w, https:\/\/gorzow.news\/wp-content\/uploads\/2023\/01\/IMG_20230107_140537_1-1536x727.jpg?v=1675194959 1536w, https:\/\/gorzow.news\/wp-content\/uploads\/2023\/01\/IMG_20230107_140537_1-696x329.jpg?v=1675194959 696w, https:\/\/gorzow.news\/wp-content\/uploads\/2023\/01\/IMG_20230107_140537_1-1068x505.jpg?v=1675194959 1068w\" sizes=\"(max-width: 1600px) 100vw, 1600px\" alt=\"\">\r\n                            <\/a>\r\n                            \r\n                        <\/figure>\r\n                    <\/div>\r\n                    <div class = \"td-slide-item td-item2\">\r\n                        <figure class=\"td-slide-galery-figure td-slide-popup-gallery\">\r\n                            <a class=\"slide-gallery-image-link\" href=\"https:\/\/gorzow.news\/wp-content\/uploads\/2023\/01\/IMG_20230107_140357_1.jpg?v=1675194954\" title=\"\"  data-caption=\"\"  data-description=\"\">\r\n                                <img decoding=\"async\" src=\"https:\/\/gorzow.news\/wp-content\/uploads\/2023\/01\/IMG_20230107_140357_1.jpg?v=1675194954\" srcset=\"https:\/\/gorzow.news\/wp-content\/uploads\/2023\/01\/IMG_20230107_140357_1.jpg?v=1675194954 1600w, https:\/\/gorzow.news\/wp-content\/uploads\/2023\/01\/IMG_20230107_140357_1-300x142.jpg?v=1675194954 300w, https:\/\/gorzow.news\/wp-content\/uploads\/2023\/01\/IMG_20230107_140357_1-1024x484.jpg?v=1675194954 1024w, https:\/\/gorzow.news\/wp-content\/uploads\/2023\/01\/IMG_20230107_140357_1-768x363.jpg?v=1675194954 768w, https:\/\/gorzow.news\/wp-content\/uploads\/2023\/01\/IMG_20230107_140357_1-1536x727.jpg?v=1675194954 1536w, https:\/\/gorzow.news\/wp-content\/uploads\/2023\/01\/IMG_20230107_140357_1-696x329.jpg?v=1675194954 696w, https:\/\/gorzow.news\/wp-content\/uploads\/2023\/01\/IMG_20230107_140357_1-1068x505.jpg?v=1675194954 1068w\" sizes=\"(max-width: 1600px) 100vw, 1600px\" alt=\"\">\r\n                            <\/a>\r\n                            \r\n                        <\/figure>\r\n                    <\/div>\r\n                    <div class = \"td-slide-item td-item3\">\r\n                        <figure class=\"td-slide-galery-figure td-slide-popup-gallery\">\r\n                            <a class=\"slide-gallery-image-link\" href=\"https:\/\/gorzow.news\/wp-content\/uploads\/2023\/01\/IMG_20230107_140507-1.jpg?v=1675194956\" title=\"\"  data-caption=\"\"  data-description=\"\">\r\n                                <img decoding=\"async\" src=\"https:\/\/gorzow.news\/wp-content\/uploads\/2023\/01\/IMG_20230107_140507-1.jpg?v=1675194956\" srcset=\"https:\/\/gorzow.news\/wp-content\/uploads\/2023\/01\/IMG_20230107_140507-1.jpg?v=1675194956 1600w, https:\/\/gorzow.news\/wp-content\/uploads\/2023\/01\/IMG_20230107_140507-1-300x142.jpg?v=1675194956 300w, https:\/\/gorzow.news\/wp-content\/uploads\/2023\/01\/IMG_20230107_140507-1-1024x484.jpg?v=1675194956 1024w, https:\/\/gorzow.news\/wp-content\/uploads\/2023\/01\/IMG_20230107_140507-1-768x363.jpg?v=1675194956 768w, https:\/\/gorzow.news\/wp-content\/uploads\/2023\/01\/IMG_20230107_140507-1-1536x727.jpg?v=1675194956 1536w, https:\/\/gorzow.news\/wp-content\/uploads\/2023\/01\/IMG_20230107_140507-1-696x329.jpg?v=1675194956 696w, https:\/\/gorzow.news\/wp-content\/uploads\/2023\/01\/IMG_20230107_140507-1-1068x505.jpg?v=1675194956 1068w\" sizes=\"(max-width: 1600px) 100vw, 1600px\" alt=\"\">\r\n                            <\/a>\r\n                            \r\n                        <\/figure>\r\n                    <\/div>\r\n                            <\/div>\r\n                        <\/div>\r\n\r\n                        <div class = \"td-doubleSlider-2\">\r\n                            <div class = \"td-slider\">\r\n                                \r\n                    <div class = \"td-button td-item1\">\r\n                        <div class = \"td-border\"><\/div>\r\n                    <\/div>\r\n                    <div class = \"td-button td-item2\">\r\n                        <div class = \"td-border\"><\/div>\r\n                    <\/div>\r\n                    <div class = \"td-button td-item3\">\r\n                        <div class = \"td-border\"><\/div>\r\n                    <\/div>\r\n                            <\/div>\r\n                        <\/div>\r\n\r\n                    <\/div>\r\n\r\n                <\/div>\r\n                ","protected":false},"excerpt":{"rendered":"<p>W ci\u0105gu kilku miesi\u0119cy ubieg\u0142ego roku (od marca do lipca) rozebrano budynek biurowy wraz z portierni\u0105 zlokalizowany przy skrzy\u017cowaniu ulic Przemys\u0142owej z Targow\u0105. Budynek od lat by\u0142 pustostanem. Ju\u017c w\u00f3wczas zaplanowano w tym miejscu powi\u0119kszenie parkingu. Od p\u00f3\u0142 roku na ogrodzonej dzia\u0142ce nic jednak nie zosta\u0142o wi\u0119cej zrobione. Kiedy rusz\u0105 prace?<\/p>\n","protected":false},"author":1,"featured_media":11495,"comment_status":"open","ping_status":"open","sticky":false,"template":"","format":"standard","meta":{"footnotes":"","_links_to":"","_links_to_target":""},"categories":[597,589,2007],"tags":[1216,186,949,223,203,887,1998],"class_list":{"0":"post-11494","1":"post","2":"type-post","3":"status-publish","4":"format-standard","5":"has-post-thumbnail","7":"category-fakty-opinie","8":"category-wiadomosci","9":"category-zamoscie","10":"tag-grupa-gorem","11":"tag-parking","12":"tag-przemyslowa","13":"tag-stanislawa-sztuka","14":"tag-targowa","15":"tag-targowa-7","16":"tag-targowisko"},"yoast_head":"<!-- This site is optimized with the Yoast SEO plugin v27.3 - https:\/\/yoast.com\/product\/yoast-seo-wordpress\/ -->\n<title>Przy Przemys\u0142owej mia\u0142 by\u0107 wi\u0119kszy parking. Od ponad p\u00f3\u0142 roku nic si\u0119 tu jednak nie dzieje\u2026 - Gorz\u00f3w News<\/title>\n<meta name=\"description\" content=\"W ci\u0105gu kilku miesi\u0119cy ubieg\u0142ego roku (od marca do lipca) rozebrano budynek biurowy wraz z portierni\u0105 zlokalizowany przy skrzy\u017cowaniu ulic Przemy\" \/>\n<meta name=\"robots\" content=\"index, follow, max-snippet:-1, max-image-preview:large, max-video-preview:-1\" \/>\n<link rel=\"canonical\" href=\"https:\/\/gorzow.news\/index.php\/2023\/02\/01\/przy-przemyslowej-mial-byc-wiekszy-parking-od-ponad-pol-roku-nic-sie-tu-jednak-nie-dzieje\/\" \/>\n<meta property=\"og:locale\" content=\"pl_PL\" \/>\n<meta property=\"og:type\" content=\"article\" \/>\n<meta property=\"og:title\" content=\"Przy Przemys\u0142owej mia\u0142 by\u0107 wi\u0119kszy parking. Od ponad p\u00f3\u0142 roku nic si\u0119 tu jednak nie dzieje\u2026 - Gorz\u00f3w News\" \/>\n<meta property=\"og:description\" content=\"W ci\u0105gu kilku miesi\u0119cy ubieg\u0142ego roku (od marca do lipca) rozebrano budynek biurowy wraz z portierni\u0105 zlokalizowany przy skrzy\u017cowaniu ulic Przemy\" \/>\n<meta property=\"og:url\" content=\"https:\/\/gorzow.news\/index.php\/2023\/02\/01\/przy-przemyslowej-mial-byc-wiekszy-parking-od-ponad-pol-roku-nic-sie-tu-jednak-nie-dzieje\/\" \/>\n<meta property=\"og:site_name\" content=\"Gorz\u00f3w News\" \/>\n<meta property=\"article:publisher\" content=\"https:\/\/www.facebook.com\/gorzowskinews\" \/>\n<meta property=\"article:published_time\" content=\"2023-02-01T10:40:05+00:00\" \/>\n<meta property=\"article:modified_time\" content=\"2023-03-04T12:48:24+00:00\" \/>\n<meta property=\"og:image\" content=\"https:\/\/gorzow.news\/wp-content\/uploads\/2023\/01\/IMG_20230107_140507.jpg\" \/>\n\t<meta property=\"og:image:width\" content=\"1600\" \/>\n\t<meta property=\"og:image:height\" content=\"757\" \/>\n\t<meta property=\"og:image:type\" content=\"image\/jpeg\" \/>\n<meta name=\"author\" content=\"maciej\" \/>\n<meta name=\"twitter:card\" content=\"summary_large_image\" \/>\n<meta name=\"twitter:label1\" content=\"Napisane przez\" \/>\n\t<meta name=\"twitter:data1\" content=\"maciej\" \/>\n\t<meta name=\"twitter:label2\" content=\"Szacowany czas czytania\" \/>\n\t<meta name=\"twitter:data2\" content=\"3 minuty\" \/>\n<script type=\"application\/ld+json\" class=\"yoast-schema-graph\">{\"@context\":\"https:\\\/\\\/schema.org\",\"@graph\":[{\"@type\":\"Article\",\"@id\":\"https:\\\/\\\/gorzow.news\\\/index.php\\\/2023\\\/02\\\/01\\\/przy-przemyslowej-mial-byc-wiekszy-parking-od-ponad-pol-roku-nic-sie-tu-jednak-nie-dzieje\\\/#article\",\"isPartOf\":{\"@id\":\"https:\\\/\\\/gorzow.news\\\/index.php\\\/2023\\\/02\\\/01\\\/przy-przemyslowej-mial-byc-wiekszy-parking-od-ponad-pol-roku-nic-sie-tu-jednak-nie-dzieje\\\/\"},\"author\":{\"name\":\"maciej\",\"@id\":\"https:\\\/\\\/gorzow.news\\\/#\\\/schema\\\/person\\\/a1e5ab43166369f2ce236a1cd90995bb\"},\"headline\":\"Przy Przemys\u0142owej mia\u0142 by\u0107 wi\u0119kszy parking. Od ponad p\u00f3\u0142 roku nic si\u0119 tu jednak nie dzieje\u2026\",\"datePublished\":\"2023-02-01T10:40:05+00:00\",\"dateModified\":\"2023-03-04T12:48:24+00:00\",\"mainEntityOfPage\":{\"@id\":\"https:\\\/\\\/gorzow.news\\\/index.php\\\/2023\\\/02\\\/01\\\/przy-przemyslowej-mial-byc-wiekszy-parking-od-ponad-pol-roku-nic-sie-tu-jednak-nie-dzieje\\\/\"},\"wordCount\":419,\"commentCount\":0,\"image\":{\"@id\":\"https:\\\/\\\/gorzow.news\\\/index.php\\\/2023\\\/02\\\/01\\\/przy-przemyslowej-mial-byc-wiekszy-parking-od-ponad-pol-roku-nic-sie-tu-jednak-nie-dzieje\\\/#primaryimage\"},\"thumbnailUrl\":\"https:\\\/\\\/gorzow.news\\\/wp-content\\\/uploads\\\/2023\\\/01\\\/IMG_20230107_140507.jpg\",\"keywords\":[\"Grupa GOREM\",\"parking\",\"Przemys\u0142owa\",\"Stanis\u0142awa Sztuka\",\"Targowa\",\"Targowa 7\",\"targowisko\"],\"articleSection\":[\"Fakty i opinie\",\"Wiadomo\u015bci\",\"Zamo\u015bcie\"],\"inLanguage\":\"pl-PL\",\"potentialAction\":[{\"@type\":\"CommentAction\",\"name\":\"Comment\",\"target\":[\"https:\\\/\\\/gorzow.news\\\/index.php\\\/2023\\\/02\\\/01\\\/przy-przemyslowej-mial-byc-wiekszy-parking-od-ponad-pol-roku-nic-sie-tu-jednak-nie-dzieje\\\/#respond\"]}]},{\"@type\":\"WebPage\",\"@id\":\"https:\\\/\\\/gorzow.news\\\/index.php\\\/2023\\\/02\\\/01\\\/przy-przemyslowej-mial-byc-wiekszy-parking-od-ponad-pol-roku-nic-sie-tu-jednak-nie-dzieje\\\/\",\"url\":\"https:\\\/\\\/gorzow.news\\\/index.php\\\/2023\\\/02\\\/01\\\/przy-przemyslowej-mial-byc-wiekszy-parking-od-ponad-pol-roku-nic-sie-tu-jednak-nie-dzieje\\\/\",\"name\":\"Przy Przemys\u0142owej mia\u0142 by\u0107 wi\u0119kszy parking. Od ponad p\u00f3\u0142 roku nic si\u0119 tu jednak nie dzieje\u2026 - Gorz\u00f3w News\",\"isPartOf\":{\"@id\":\"https:\\\/\\\/gorzow.news\\\/#website\"},\"primaryImageOfPage\":{\"@id\":\"https:\\\/\\\/gorzow.news\\\/index.php\\\/2023\\\/02\\\/01\\\/przy-przemyslowej-mial-byc-wiekszy-parking-od-ponad-pol-roku-nic-sie-tu-jednak-nie-dzieje\\\/#primaryimage\"},\"image\":{\"@id\":\"https:\\\/\\\/gorzow.news\\\/index.php\\\/2023\\\/02\\\/01\\\/przy-przemyslowej-mial-byc-wiekszy-parking-od-ponad-pol-roku-nic-sie-tu-jednak-nie-dzieje\\\/#primaryimage\"},\"thumbnailUrl\":\"https:\\\/\\\/gorzow.news\\\/wp-content\\\/uploads\\\/2023\\\/01\\\/IMG_20230107_140507.jpg\",\"datePublished\":\"2023-02-01T10:40:05+00:00\",\"dateModified\":\"2023-03-04T12:48:24+00:00\",\"author\":{\"@id\":\"https:\\\/\\\/gorzow.news\\\/#\\\/schema\\\/person\\\/a1e5ab43166369f2ce236a1cd90995bb\"},\"description\":\"W ci\u0105gu kilku miesi\u0119cy ubieg\u0142ego roku (od marca do lipca) rozebrano budynek biurowy wraz z portierni\u0105 zlokalizowany przy skrzy\u017cowaniu ulic Przemys\u0142owej z Targow\u0105. Budynek od lat by\u0142 pustostanem. Ju\u017c w\u00f3wczas zaplanowano w tym miejscu powi\u0119kszenie parkingu. Od p\u00f3\u0142 roku na ogrodzonej dzia\u0142ce nic jednak nie zosta\u0142o wi\u0119cej zrobione. Kiedy rusz\u0105 prace?\",\"breadcrumb\":{\"@id\":\"https:\\\/\\\/gorzow.news\\\/index.php\\\/2023\\\/02\\\/01\\\/przy-przemyslowej-mial-byc-wiekszy-parking-od-ponad-pol-roku-nic-sie-tu-jednak-nie-dzieje\\\/#breadcrumb\"},\"inLanguage\":\"pl-PL\",\"potentialAction\":[{\"@type\":\"ReadAction\",\"target\":[\"https:\\\/\\\/gorzow.news\\\/index.php\\\/2023\\\/02\\\/01\\\/przy-przemyslowej-mial-byc-wiekszy-parking-od-ponad-pol-roku-nic-sie-tu-jednak-nie-dzieje\\\/\"]}]},{\"@type\":\"ImageObject\",\"inLanguage\":\"pl-PL\",\"@id\":\"https:\\\/\\\/gorzow.news\\\/index.php\\\/2023\\\/02\\\/01\\\/przy-przemyslowej-mial-byc-wiekszy-parking-od-ponad-pol-roku-nic-sie-tu-jednak-nie-dzieje\\\/#primaryimage\",\"url\":\"https:\\\/\\\/gorzow.news\\\/wp-content\\\/uploads\\\/2023\\\/01\\\/IMG_20230107_140507.jpg\",\"contentUrl\":\"https:\\\/\\\/gorzow.news\\\/wp-content\\\/uploads\\\/2023\\\/01\\\/IMG_20230107_140507.jpg\",\"width\":1600,\"height\":757,\"caption\":\"W tym miejscu do ko\u0144ca kwietnia tego roku maj\u0105 powsta\u0107 nowe miejsca parkingowe.\"},{\"@type\":\"BreadcrumbList\",\"@id\":\"https:\\\/\\\/gorzow.news\\\/index.php\\\/2023\\\/02\\\/01\\\/przy-przemyslowej-mial-byc-wiekszy-parking-od-ponad-pol-roku-nic-sie-tu-jednak-nie-dzieje\\\/#breadcrumb\",\"itemListElement\":[{\"@type\":\"ListItem\",\"position\":1,\"name\":\"Home\",\"item\":\"https:\\\/\\\/gorzow.news\\\/\"},{\"@type\":\"ListItem\",\"position\":2,\"name\":\"Przy Przemys\u0142owej mia\u0142 by\u0107 wi\u0119kszy parking. Od ponad p\u00f3\u0142 roku nic si\u0119 tu jednak nie dzieje\u2026\"}]},{\"@type\":\"WebSite\",\"@id\":\"https:\\\/\\\/gorzow.news\\\/#website\",\"url\":\"https:\\\/\\\/gorzow.news\\\/\",\"name\":\"Gorz\u00f3w News\",\"description\":\"Sp\u00f3jrz inaczej na miato i region...\",\"potentialAction\":[{\"@type\":\"SearchAction\",\"target\":{\"@type\":\"EntryPoint\",\"urlTemplate\":\"https:\\\/\\\/gorzow.news\\\/?s={search_term_string}\"},\"query-input\":{\"@type\":\"PropertyValueSpecification\",\"valueRequired\":true,\"valueName\":\"search_term_string\"}}],\"inLanguage\":\"pl-PL\"},{\"@type\":\"Person\",\"@id\":\"https:\\\/\\\/gorzow.news\\\/#\\\/schema\\\/person\\\/a1e5ab43166369f2ce236a1cd90995bb\",\"name\":\"maciej\",\"image\":{\"@type\":\"ImageObject\",\"inLanguage\":\"pl-PL\",\"@id\":\"https:\\\/\\\/secure.gravatar.com\\\/avatar\\\/530a674d56ba60cfa0ef21d74e8e8d123a51bb7aa6580465b5c2ab2c2e980a19?s=96&r=g&d=https:\\\/\\\/gorzow.news\\\/wp-content\\\/plugins\\\/userswp\\\/assets\\\/images\\\/no_profile.png\",\"url\":\"https:\\\/\\\/secure.gravatar.com\\\/avatar\\\/530a674d56ba60cfa0ef21d74e8e8d123a51bb7aa6580465b5c2ab2c2e980a19?s=96&r=g&d=https:\\\/\\\/gorzow.news\\\/wp-content\\\/plugins\\\/userswp\\\/assets\\\/images\\\/no_profile.png\",\"contentUrl\":\"https:\\\/\\\/secure.gravatar.com\\\/avatar\\\/530a674d56ba60cfa0ef21d74e8e8d123a51bb7aa6580465b5c2ab2c2e980a19?s=96&r=g&d=https:\\\/\\\/gorzow.news\\\/wp-content\\\/plugins\\\/userswp\\\/assets\\\/images\\\/no_profile.png\",\"caption\":\"maciej\"},\"url\":\"https:\\\/\\\/gorzow.news\\\/index.php\\\/profile\\\/maciej\\\/\"}]}<\/script>\n<!-- \/ Yoast SEO plugin. -->","yoast_head_json":{"title":"Przy Przemys\u0142owej mia\u0142 by\u0107 wi\u0119kszy parking. Od ponad p\u00f3\u0142 roku nic si\u0119 tu jednak nie dzieje\u2026 - Gorz\u00f3w News","description":"W ci\u0105gu kilku miesi\u0119cy ubieg\u0142ego roku (od marca do lipca) rozebrano budynek biurowy wraz z portierni\u0105 zlokalizowany przy skrzy\u017cowaniu ulic Przemy","robots":{"index":"index","follow":"follow","max-snippet":"max-snippet:-1","max-image-preview":"max-image-preview:large","max-video-preview":"max-video-preview:-1"},"canonical":"https:\/\/gorzow.news\/index.php\/2023\/02\/01\/przy-przemyslowej-mial-byc-wiekszy-parking-od-ponad-pol-roku-nic-sie-tu-jednak-nie-dzieje\/","og_locale":"pl_PL","og_type":"article","og_title":"Przy Przemys\u0142owej mia\u0142 by\u0107 wi\u0119kszy parking. Od ponad p\u00f3\u0142 roku nic si\u0119 tu jednak nie dzieje\u2026 - Gorz\u00f3w News","og_description":"W ci\u0105gu kilku miesi\u0119cy ubieg\u0142ego roku (od marca do lipca) rozebrano budynek biurowy wraz z portierni\u0105 zlokalizowany przy skrzy\u017cowaniu ulic Przemy","og_url":"https:\/\/gorzow.news\/index.php\/2023\/02\/01\/przy-przemyslowej-mial-byc-wiekszy-parking-od-ponad-pol-roku-nic-sie-tu-jednak-nie-dzieje\/","og_site_name":"Gorz\u00f3w News","article_publisher":"https:\/\/www.facebook.com\/gorzowskinews","article_published_time":"2023-02-01T10:40:05+00:00","article_modified_time":"2023-03-04T12:48:24+00:00","og_image":[{"width":1600,"height":757,"url":"https:\/\/gorzow.news\/wp-content\/uploads\/2023\/01\/IMG_20230107_140507.jpg","type":"image\/jpeg"}],"author":"maciej","twitter_card":"summary_large_image","twitter_misc":{"Napisane przez":"maciej","Szacowany czas czytania":"3 minuty"},"schema":{"@context":"https:\/\/schema.org","@graph":[{"@type":"Article","@id":"https:\/\/gorzow.news\/index.php\/2023\/02\/01\/przy-przemyslowej-mial-byc-wiekszy-parking-od-ponad-pol-roku-nic-sie-tu-jednak-nie-dzieje\/#article","isPartOf":{"@id":"https:\/\/gorzow.news\/index.php\/2023\/02\/01\/przy-przemyslowej-mial-byc-wiekszy-parking-od-ponad-pol-roku-nic-sie-tu-jednak-nie-dzieje\/"},"author":{"name":"maciej","@id":"https:\/\/gorzow.news\/#\/schema\/person\/a1e5ab43166369f2ce236a1cd90995bb"},"headline":"Przy Przemys\u0142owej mia\u0142 by\u0107 wi\u0119kszy parking. Od ponad p\u00f3\u0142 roku nic si\u0119 tu jednak nie dzieje\u2026","datePublished":"2023-02-01T10:40:05+00:00","dateModified":"2023-03-04T12:48:24+00:00","mainEntityOfPage":{"@id":"https:\/\/gorzow.news\/index.php\/2023\/02\/01\/przy-przemyslowej-mial-byc-wiekszy-parking-od-ponad-pol-roku-nic-sie-tu-jednak-nie-dzieje\/"},"wordCount":419,"commentCount":0,"image":{"@id":"https:\/\/gorzow.news\/index.php\/2023\/02\/01\/przy-przemyslowej-mial-byc-wiekszy-parking-od-ponad-pol-roku-nic-sie-tu-jednak-nie-dzieje\/#primaryimage"},"thumbnailUrl":"https:\/\/gorzow.news\/wp-content\/uploads\/2023\/01\/IMG_20230107_140507.jpg","keywords":["Grupa GOREM","parking","Przemys\u0142owa","Stanis\u0142awa Sztuka","Targowa","Targowa 7","targowisko"],"articleSection":["Fakty i opinie","Wiadomo\u015bci","Zamo\u015bcie"],"inLanguage":"pl-PL","potentialAction":[{"@type":"CommentAction","name":"Comment","target":["https:\/\/gorzow.news\/index.php\/2023\/02\/01\/przy-przemyslowej-mial-byc-wiekszy-parking-od-ponad-pol-roku-nic-sie-tu-jednak-nie-dzieje\/#respond"]}]},{"@type":"WebPage","@id":"https:\/\/gorzow.news\/index.php\/2023\/02\/01\/przy-przemyslowej-mial-byc-wiekszy-parking-od-ponad-pol-roku-nic-sie-tu-jednak-nie-dzieje\/","url":"https:\/\/gorzow.news\/index.php\/2023\/02\/01\/przy-przemyslowej-mial-byc-wiekszy-parking-od-ponad-pol-roku-nic-sie-tu-jednak-nie-dzieje\/","name":"Przy Przemys\u0142owej mia\u0142 by\u0107 wi\u0119kszy parking. Od ponad p\u00f3\u0142 roku nic si\u0119 tu jednak nie dzieje\u2026 - Gorz\u00f3w News","isPartOf":{"@id":"https:\/\/gorzow.news\/#website"},"primaryImageOfPage":{"@id":"https:\/\/gorzow.news\/index.php\/2023\/02\/01\/przy-przemyslowej-mial-byc-wiekszy-parking-od-ponad-pol-roku-nic-sie-tu-jednak-nie-dzieje\/#primaryimage"},"image":{"@id":"https:\/\/gorzow.news\/index.php\/2023\/02\/01\/przy-przemyslowej-mial-byc-wiekszy-parking-od-ponad-pol-roku-nic-sie-tu-jednak-nie-dzieje\/#primaryimage"},"thumbnailUrl":"https:\/\/gorzow.news\/wp-content\/uploads\/2023\/01\/IMG_20230107_140507.jpg","datePublished":"2023-02-01T10:40:05+00:00","dateModified":"2023-03-04T12:48:24+00:00","author":{"@id":"https:\/\/gorzow.news\/#\/schema\/person\/a1e5ab43166369f2ce236a1cd90995bb"},"description":"W ci\u0105gu kilku miesi\u0119cy ubieg\u0142ego roku (od marca do lipca) rozebrano budynek biurowy wraz z portierni\u0105 zlokalizowany przy skrzy\u017cowaniu ulic Przemys\u0142owej z Targow\u0105. Budynek od lat by\u0142 pustostanem. Ju\u017c w\u00f3wczas zaplanowano w tym miejscu powi\u0119kszenie parkingu. Od p\u00f3\u0142 roku na ogrodzonej dzia\u0142ce nic jednak nie zosta\u0142o wi\u0119cej zrobione. Kiedy rusz\u0105 prace?","breadcrumb":{"@id":"https:\/\/gorzow.news\/index.php\/2023\/02\/01\/przy-przemyslowej-mial-byc-wiekszy-parking-od-ponad-pol-roku-nic-sie-tu-jednak-nie-dzieje\/#breadcrumb"},"inLanguage":"pl-PL","potentialAction":[{"@type":"ReadAction","target":["https:\/\/gorzow.news\/index.php\/2023\/02\/01\/przy-przemyslowej-mial-byc-wiekszy-parking-od-ponad-pol-roku-nic-sie-tu-jednak-nie-dzieje\/"]}]},{"@type":"ImageObject","inLanguage":"pl-PL","@id":"https:\/\/gorzow.news\/index.php\/2023\/02\/01\/przy-przemyslowej-mial-byc-wiekszy-parking-od-ponad-pol-roku-nic-sie-tu-jednak-nie-dzieje\/#primaryimage","url":"https:\/\/gorzow.news\/wp-content\/uploads\/2023\/01\/IMG_20230107_140507.jpg","contentUrl":"https:\/\/gorzow.news\/wp-content\/uploads\/2023\/01\/IMG_20230107_140507.jpg","width":1600,"height":757,"caption":"W tym miejscu do ko\u0144ca kwietnia tego roku maj\u0105 powsta\u0107 nowe miejsca parkingowe."},{"@type":"BreadcrumbList","@id":"https:\/\/gorzow.news\/index.php\/2023\/02\/01\/przy-przemyslowej-mial-byc-wiekszy-parking-od-ponad-pol-roku-nic-sie-tu-jednak-nie-dzieje\/#breadcrumb","itemListElement":[{"@type":"ListItem","position":1,"name":"Home","item":"https:\/\/gorzow.news\/"},{"@type":"ListItem","position":2,"name":"Przy Przemys\u0142owej mia\u0142 by\u0107 wi\u0119kszy parking. Od ponad p\u00f3\u0142 roku nic si\u0119 tu jednak nie dzieje\u2026"}]},{"@type":"WebSite","@id":"https:\/\/gorzow.news\/#website","url":"https:\/\/gorzow.news\/","name":"Gorz\u00f3w News","description":"Sp\u00f3jrz inaczej na miato i region...","potentialAction":[{"@type":"SearchAction","target":{"@type":"EntryPoint","urlTemplate":"https:\/\/gorzow.news\/?s={search_term_string}"},"query-input":{"@type":"PropertyValueSpecification","valueRequired":true,"valueName":"search_term_string"}}],"inLanguage":"pl-PL"},{"@type":"Person","@id":"https:\/\/gorzow.news\/#\/schema\/person\/a1e5ab43166369f2ce236a1cd90995bb","name":"maciej","image":{"@type":"ImageObject","inLanguage":"pl-PL","@id":"https:\/\/secure.gravatar.com\/avatar\/530a674d56ba60cfa0ef21d74e8e8d123a51bb7aa6580465b5c2ab2c2e980a19?s=96&r=g&d=https:\/\/gorzow.news\/wp-content\/plugins\/userswp\/assets\/images\/no_profile.png","url":"https:\/\/secure.gravatar.com\/avatar\/530a674d56ba60cfa0ef21d74e8e8d123a51bb7aa6580465b5c2ab2c2e980a19?s=96&r=g&d=https:\/\/gorzow.news\/wp-content\/plugins\/userswp\/assets\/images\/no_profile.png","contentUrl":"https:\/\/secure.gravatar.com\/avatar\/530a674d56ba60cfa0ef21d74e8e8d123a51bb7aa6580465b5c2ab2c2e980a19?s=96&r=g&d=https:\/\/gorzow.news\/wp-content\/plugins\/userswp\/assets\/images\/no_profile.png","caption":"maciej"},"url":"https:\/\/gorzow.news\/index.php\/profile\/maciej\/"}]}},"_links":{"self":[{"href":"https:\/\/gorzow.news\/index.php\/wp-json\/wp\/v2\/posts\/11494","targetHints":{"allow":["GET"]}}],"collection":[{"href":"https:\/\/gorzow.news\/index.php\/wp-json\/wp\/v2\/posts"}],"about":[{"href":"https:\/\/gorzow.news\/index.php\/wp-json\/wp\/v2\/types\/post"}],"author":[{"embeddable":true,"href":"https:\/\/gorzow.news\/index.php\/wp-json\/wp\/v2\/users\/1"}],"replies":[{"embeddable":true,"href":"https:\/\/gorzow.news\/index.php\/wp-json\/wp\/v2\/comments?post=11494"}],"version-history":[{"count":0,"href":"https:\/\/gorzow.news\/index.php\/wp-json\/wp\/v2\/posts\/11494\/revisions"}],"wp:featuredmedia":[{"embeddable":true,"href":"https:\/\/gorzow.news\/index.php\/wp-json\/wp\/v2\/media\/11495"}],"wp:attachment":[{"href":"https:\/\/gorzow.news\/index.php\/wp-json\/wp\/v2\/media?parent=11494"}],"wp:term":[{"taxonomy":"category","embeddable":true,"href":"https:\/\/gorzow.news\/index.php\/wp-json\/wp\/v2\/categories?post=11494"},{"taxonomy":"post_tag","embeddable":true,"href":"https:\/\/gorzow.news\/index.php\/wp-json\/wp\/v2\/tags?post=11494"}],"curies":[{"name":"wp","href":"https:\/\/api.w.org\/{rel}","templated":true}]}}